{"id":74406,"date":"2024-02-12T16:53:45","date_gmt":"2024-02-12T14:53:45","guid":{"rendered":"https:\/\/www.mes-allocs.fr\/guides\/?p=74406"},"modified":"2026-04-22T10:55:15","modified_gmt":"2026-04-22T09:55:15","slug":"delai-reponse-demande-conge-sabbatique","status":"publish","type":"post","link":"https:\/\/www.mes-allocs.fr\/guides\/conge-sabbatique\/conge-sabbatique-demande\/delai-reponse-demande-conge-sabbatique\/","title":{"rendered":"Quel est le d\u00e9lai de r\u00e9ponse \u00e0 la demande d&rsquo;un cong\u00e9 sabbatique ?"},"content":{"rendered":"<p><img loading=\"lazy\" decoding=\"async\" class=\"alignnone wp-image-74412 size-full\" title=\"delai reponse demande conge sabbatique\" src=\"https:\/\/www.mes-allocs.fr\/guides\/wp-content\/uploads\/2024\/02\/delai-reponse-demande-conge-sabbatique1-e1707749873762.jpg\" alt=\"delai reponse demande conge sabbatique\" width=\"1280\" height=\"441\" srcset=\"https:\/\/www.mes-allocs.fr\/guides\/wp-content\/uploads\/2024\/02\/delai-reponse-demande-conge-sabbatique1-e1707749873762.jpg 1280w, https:\/\/www.mes-allocs.fr\/guides\/wp-content\/uploads\/2024\/02\/delai-reponse-demande-conge-sabbatique1-e1707749873762-300x103.jpg 300w, https:\/\/www.mes-allocs.fr\/guides\/wp-content\/uploads\/2024\/02\/delai-reponse-demande-conge-sabbatique1-e1707749873762-1024x353.jpg 1024w, https:\/\/www.mes-allocs.fr\/guides\/wp-content\/uploads\/2024\/02\/delai-reponse-demande-conge-sabbatique1-e1707749873762-768x265.jpg 768w, https:\/\/www.mes-allocs.fr\/guides\/wp-content\/uploads\/2024\/02\/delai-reponse-demande-conge-sabbatique1-e1707749873762-600x207.jpg 600w\" sizes=\"auto, (max-width: 1280px) 100vw, 1280px\" \/><\/p>\n<p><strong>Dans le monde professionnel d&rsquo;aujourd&rsquo;hui, o\u00f9 l&rsquo;\u00e9quilibre entre vie personnelle et vie professionnelle est devenu un enjeu crucial, la question du d\u00e9lai de r\u00e9ponse pour une demande de cong\u00e9 sabbatique prend une importance particuli\u00e8re. Cet article se penchera sur l&rsquo;importance du d\u00e9lai de r\u00e9ponse pour une demande de <a href=\"https:\/\/www.mes-allocs.fr\/guides\/conge-sabbatique\/\">cong\u00e9 sabbatique<\/a>.\u00a0<\/strong><\/p>\n<div class='cta-block'><div class='text'>Simulez votre toutes vos aides en 2 min.<\/div><a href='https:\/\/www.mes-allocs.fr\/ab-app?origin=guides\/wp-json\/wp\/v2\/posts\/74406' class='app-button fit'>Simulation gratuite<\/a><\/div>\n<h1>Quel est le d\u00e9lai r\u00e9ponse demande cong\u00e9 sabbatique ?<\/h1>\n<h2><strong>Quelle est l&rsquo;importance du d\u00e9lai de r\u00e9ponse ?<\/strong><\/h2>\n<p>Le d\u00e9lai de r\u00e9ponse rev\u00eat une importance cruciale pour les demandes de cong\u00e9 sabbatique, car il permet aux employ\u00e9s de planifier efficacement leur d\u00e9part et leur retour, tout en favorisant un climat de confiance et de transparence au sein de l&rsquo;entreprise. Un d\u00e9lai de r\u00e9ponse rapide d\u00e9montre \u00e9galement le respect de l&#8217;employeur envers les aspirations professionnelles et personnelles de ses employ\u00e9s, renfor\u00e7ant ainsi l&rsquo;engagement et la fid\u00e9lit\u00e9 au sein de l&rsquo;organisation.<\/p>\n<h2><strong>Les facteurs influen\u00e7ant le d\u00e9lai de r\u00e9ponse\u00a0<\/strong><\/h2>\n<ul>\n<li>La charge de travail actuelle : la charge de travail globale de l&rsquo;entreprise peut influencer la capacit\u00e9 \u00e0 traiter rapidement les demandes de cong\u00e9 sabbatique, surtout si elle est \u00e9lev\u00e9e et que les ressources sont limit\u00e9es.<\/li>\n<li>Les politiques internes de l&rsquo;entreprise : les politiques sp\u00e9cifiques de l&rsquo;entreprise concernant les demandes de cong\u00e9 sabbatique peuvent d\u00e9finir des d\u00e9lais de r\u00e9ponse standard ou des proc\u00e9dures \u00e0 suivre, ce qui peut affecter la rapidit\u00e9 avec laquelle les demandes sont trait\u00e9es.<\/li>\n<li>Les besoins de planification du d\u00e9partement ou de l&rsquo;\u00e9quipe : si le d\u00e9partement ou l&rsquo;\u00e9quipe de l&#8217;employ\u00e9 demandeur d\u00e9pend fortement de ses contributions, cela peut n\u00e9cessiter une planification plus approfondie pour minimiser l&rsquo;impact de son absence.<\/li>\n<li>Les consid\u00e9rations li\u00e9es aux ressources humaines : les ressources humaines peuvent jouer un r\u00f4le crucial dans le processus de traitement des demandes de cong\u00e9 sabbatique, en veillant \u00e0 ce que les politiques et les r\u00e9glementations en mati\u00e8re de cong\u00e9s soient respect\u00e9es, ce qui peut affecter les d\u00e9lais de r\u00e9ponse.<\/li>\n<\/ul>\n<p>L&#8217;employeur informe le salari\u00e9 de son accord sur la date de d\u00e9part choisie, de tout report de cette date ou du refus d&rsquo;accorder le cong\u00e9. En cas d&rsquo;absence de r\u00e9ponse de l&#8217;employeur dans <strong>un d\u00e9lai de 30 jours<\/strong> \u00e0 compter de la pr\u00e9sentation de la demande, le cong\u00e9 sabbatique est accord\u00e9 automatiquement. Les conditions pour l&rsquo;accord, le report ou le refus varient en fonction de la taille de l&rsquo;entreprise.<\/p>\n<div class='cta-block'><div class='text'>Simulez votre toutes vos aides en 2 min.<\/div><a href='https:\/\/www.mes-allocs.fr\/ab-app?origin=guides\/wp-json\/wp\/v2\/posts\/74406' class='app-button fit'>Simulation gratuite<\/a><\/div>\n<p><iframe loading=\"lazy\" title=\"Le cong\u00e9 sabbatique\" width=\"500\" height=\"281\" src=\"https:\/\/www.youtube.com\/embed\/LVb9xmVd30o?feature=oembed\" frameborder=\"0\" allow=\"accelerometer; autoplay; clipboard-write; encrypted-media; gyroscope; picture-in-picture; web-share\" referrerpolicy=\"strict-origin-when-cross-origin\" allowfullscreen><\/iframe><\/p>\n<h1>Les d\u00e9marches \u00e0 entreprendre en cas de refus de cong\u00e9 sabbatique<\/h1>\n<h2><strong>La communication ouverte avec l&#8217;employeur\u00a0<\/strong><\/h2>\n<p>En premier lieu, il est essentiel d&rsquo;entamer une communication constructive et respectueuse avec l&#8217;employeur. Cela peut se faire lors d&rsquo;une r\u00e9union en personne ou par le biais d&rsquo;une correspondance \u00e9crite, en fonction des pratiques de l&rsquo;entreprise. L&rsquo;objectif de cette communication est de comprendre les raisons du refus du cong\u00e9 sabbatique. Il est important pour le salari\u00e9 d&rsquo;exprimer ses motivations et ses besoins, tout en restant ouvert \u00e0 \u00e9couter les pr\u00e9occupations de l&#8217;employeur. Cette d\u00e9marche permet de favoriser un dialogue ouvert et transparent, ce qui peut contribuer \u00e0 trouver des solutions alternatives satisfaisantes pour les deux parties.<\/p>\n<p><strong>Les recherches de solutions alternatives\u00a0<\/strong><\/p>\n<p>En parall\u00e8le, il est crucial d&rsquo;explorer activement des solutions alternatives avec l&#8217;employeur. Cela peut inclure la recherche de compromis ou d&rsquo;am\u00e9nagements sp\u00e9cifiques qui r\u00e9pondent aux besoins de l&rsquo;entreprise tout en permettant au salari\u00e9 de r\u00e9aliser ses projets.<\/p>\n<p><strong>Par exemple<\/strong>, il pourrait \u00eatre envisag\u00e9 de modifier les dates du cong\u00e9 sabbatique, de r\u00e9duire sa dur\u00e9e ou d&rsquo;explorer d&rsquo;autres formes de cong\u00e9s ou d&rsquo;am\u00e9nagements du temps de travail. La collaboration entre le salari\u00e9 et l&#8217;employeur est essentielle pour trouver des solutions qui conviennent \u00e0 tous et pr\u00e9servent les int\u00e9r\u00eats de l&rsquo;entreprise tout en respectant les droits du salari\u00e9.<\/p>\n<p>Voici un tableau r\u00e9sumant les d\u00e9marches et recours en cas de refus de cong\u00e9 sabbatique :<\/p>\n\n<div class=\"wpdt-c row wpDataTableContainerSimpleTable wpDataTables wpDataTablesWrapper\n\"\n    >\n    <table id=\"wpdtSimpleTable-522\"\n           class=\"wpdtSimpleTable wpDataTable\"\n           data-column=\"2\"\n           data-rows=\"6\"\n           data-wpID=\"522\"\n           data-responsive=\"0\"\n           data-has-header=\"1\">\n\n                    <thead>        <tr class=\"wpdt-cell-row \" >\n                            <th class=\"wpdt-cell wpdt-bc-F3F9FE wpdt-bold\"\n                                    data-cell-id=\"A1\"\n                data-col-index=\"0\"\n                data-row-index=\"0\"\n                style=\" width:49.910554561717%;                padding:10px;\"\n                >\n                                Cong\u00e9 sabbatique                <\/th>\n                                            <th class=\"wpdt-cell wpdt-bc-F3F9FE wpdt-bold\"\n                                    data-cell-id=\"B1\"\n                data-col-index=\"1\"\n                data-row-index=\"0\"\n                style=\" width:50.089445438283%;                padding:10px;\"\n                >\n                                Cong\u00e9 sans solde                <\/th>\n                                        <\/tr>\n                    <tbody>        <tr class=\"wpdt-cell-row \" >\n                            <td class=\"wpdt-cell \"\n                                    data-cell-id=\"A2\"\n                data-col-index=\"0\"\n                data-row-index=\"1\"\n                style=\"                padding:10px;\"\n                >\n                                Anciennet\u00e9 dans l'entreprise requise                <\/td>\n                                            <td class=\"wpdt-cell \"\n                                    data-cell-id=\"B2\"\n                data-col-index=\"1\"\n                data-row-index=\"1\"\n                style=\"                padding:10px;\"\n                >\n                                Pas d'anciennet\u00e9 requise                <\/td>\n                                        <\/tr>\n                            <tr class=\"wpdt-cell-row \" >\n                            <td class=\"wpdt-cell \"\n                                    data-cell-id=\"A3\"\n                data-col-index=\"0\"\n                data-row-index=\"2\"\n                style=\"                padding:10px;\"\n                >\n                                6 ann\u00e9es d'activit\u00e9 professionnelle requises                <\/td>\n                                            <td class=\"wpdt-cell \"\n                                    data-cell-id=\"B3\"\n                data-col-index=\"1\"\n                data-row-index=\"2\"\n                style=\"                padding:10px;\"\n                >\n                                Pas d'ann\u00e9es d'activit\u00e9 professionnelle requises                <\/td>\n                                        <\/tr>\n                            <tr class=\"wpdt-cell-row \" >\n                            <td class=\"wpdt-cell \"\n                                    data-cell-id=\"A4\"\n                data-col-index=\"0\"\n                data-row-index=\"3\"\n                style=\"                padding:10px;\"\n                >\n                                Pas de r\u00e9mun\u00e9ration                <\/td>\n                                            <td class=\"wpdt-cell \"\n                                    data-cell-id=\"B4\"\n                data-col-index=\"1\"\n                data-row-index=\"3\"\n                style=\"                padding:10px;\"\n                >\n                                Pas de r\u00e9mun\u00e9ration                <\/td>\n                                        <\/tr>\n                            <tr class=\"wpdt-cell-row \" >\n                            <td class=\"wpdt-cell \"\n                                    data-cell-id=\"A5\"\n                data-col-index=\"0\"\n                data-row-index=\"4\"\n                style=\"                padding:10px;\"\n                >\n                                R\u00e9glement\u00e9 par le code du travail                <\/td>\n                                            <td class=\"wpdt-cell \"\n                                    data-cell-id=\"B5\"\n                data-col-index=\"1\"\n                data-row-index=\"4\"\n                style=\"                padding:10px;\"\n                >\n                                Pas r\u00e9glement\u00e9 par le code du travail                <\/td>\n                                        <\/tr>\n                            <tr class=\"wpdt-cell-row \" >\n                            <td class=\"wpdt-cell \"\n                                    data-cell-id=\"A6\"\n                data-col-index=\"0\"\n                data-row-index=\"5\"\n                style=\"                padding:10px;\"\n                >\n                                Accord de l'employeur n\u00e9cessaire                <\/td>\n                                            <td class=\"wpdt-cell \"\n                                    data-cell-id=\"B6\"\n                data-col-index=\"1\"\n                data-row-index=\"5\"\n                style=\"                padding:10px;\"\n                >\n                                Accord de l'employeur n\u00e9cessaire                <\/td>\n                                        <\/tr>\n                    <\/table>\n<\/div><style id='wpdt-custom-style-522'>\ntable#wpdtSimpleTable-522{ table-layout: fixed !important; }\n.wpdt-bc-F3F9FE { background-color: #F3F9FE !important;}\n<\/style>\n\n<div class='cta-block'><div class='text'>Simulez votre toutes vos aides en 2 min.<\/div><a href='https:\/\/www.mes-allocs.fr\/ab-app?origin=guides\/wp-json\/wp\/v2\/posts\/74406' class='app-button fit'>Simulation gratuite<\/a><\/div>\n","protected":false},"excerpt":{"rendered":"<p>Dans le monde professionnel d&rsquo;aujourd&rsquo;hui, o\u00f9 l&rsquo;\u00e9quilibre entre vie personnelle et vie professionnelle est devenu un enjeu crucial, la question du d\u00e9lai de r\u00e9ponse pour une demande de cong\u00e9 sabbatique prend une importance particuli\u00e8re. Cet article se penchera sur l&rsquo;importance du d\u00e9lai de r\u00e9ponse pour une demande de cong\u00e9 sabbatique.\u00a0 Quel est le d\u00e9lai r\u00e9ponse [&hellip;]<\/p>\n","protected":false},"author":26,"featured_media":74411,"comment_status":"open","ping_status":"open","sticky":false,"template":"","format":"standard","meta":{"amp_status":"","footnotes":""},"categories":[15121,16757],"tags":[],"class_list":["post-74406","post","type-post","status-publish","format-standard","has-post-thumbnail","hentry","category-conge-sabbatique","category-conge-sabbatique-demande"],"yoast_head":"<!-- This site is optimized with the Yoast SEO plugin v14.9 - https:\/\/yoast.com\/wordpress\/plugins\/seo\/ -->\n<title>Quel est le d\u00e9lai de r\u00e9ponse \u00e0 la demande d&#039;un cong\u00e9 sabbatique ?<\/title>\n<meta name=\"description\" content=\"La question du d\u00e9lai de r\u00e9ponse pour une demande de cong\u00e9 sabbatique prend une importance particuli\u00e8re. Mes Allocs vous en dit plus.\" \/>\n<meta name=\"robots\" content=\"index, follow, max-snippet:-1, max-image-preview:large, max-video-preview:-1\" \/>\n<link rel=\"canonical\" href=\"https:\/\/www.mes-allocs.fr\/guides\/conge-sabbatique\/conge-sabbatique-demande\/delai-reponse-demande-conge-sabbatique\/\" \/>\n<meta property=\"og:locale\" content=\"fr_FR\" \/>\n<meta property=\"og:type\" content=\"article\" \/>\n<meta property=\"og:title\" content=\"Quel est le d\u00e9lai de r\u00e9ponse \u00e0 la demande d&#039;un cong\u00e9 sabbatique ?\" \/>\n<meta property=\"og:description\" content=\"La question du d\u00e9lai de r\u00e9ponse pour une demande de cong\u00e9 sabbatique prend une importance particuli\u00e8re. Mes Allocs vous en dit plus.\" \/>\n<meta property=\"og:url\" content=\"https:\/\/www.mes-allocs.fr\/guides\/conge-sabbatique\/conge-sabbatique-demande\/delai-reponse-demande-conge-sabbatique\/\" \/>\n<meta property=\"og:site_name\" content=\"Mes-Allocs.fr\" \/>\n<meta property=\"article:published_time\" content=\"2024-02-12T14:53:45+00:00\" \/>\n<meta property=\"article:modified_time\" content=\"2026-04-22T09:55:15+00:00\" \/>\n<meta property=\"og:image\" content=\"https:\/\/www.mes-allocs.fr\/guides\/wp-content\/uploads\/2024\/02\/delai-reponse-demande-conge-sabbatique.jpg?wsr\" \/>\n\t<meta property=\"og:image:width\" content=\"744\" \/>\n\t<meta property=\"og:image:height\" content=\"722\" \/>\n<meta name=\"twitter:card\" content=\"summary_large_image\" \/>\n<script type=\"application\/ld+json\" class=\"yoast-schema-graph\">{\"@context\":\"https:\/\/schema.org\",\"@graph\":[{\"@type\":\"WebSite\",\"@id\":\"https:\/\/www.mes-allocs.fr\/guides\/#website\",\"url\":\"https:\/\/www.mes-allocs.fr\/guides\/\",\"name\":\"Mes-Allocs.fr\",\"description\":\"\",\"potentialAction\":[{\"@type\":\"SearchAction\",\"target\":\"https:\/\/www.mes-allocs.fr\/guides\/?s={search_term_string}\",\"query-input\":\"required name=search_term_string\"}],\"inLanguage\":\"fr-FR\"},{\"@type\":\"ImageObject\",\"@id\":\"https:\/\/www.mes-allocs.fr\/guides\/conge-sabbatique\/conge-sabbatique-demande\/delai-reponse-demande-conge-sabbatique\/#primaryimage\",\"inLanguage\":\"fr-FR\",\"url\":\"https:\/\/www.mes-allocs.fr\/guides\/wp-content\/uploads\/2024\/02\/delai-reponse-demande-conge-sabbatique.jpg?wsr\",\"width\":744,\"height\":722,\"caption\":\"delai reponse demande conge sabbatique\"},{\"@type\":\"WebPage\",\"@id\":\"https:\/\/www.mes-allocs.fr\/guides\/conge-sabbatique\/conge-sabbatique-demande\/delai-reponse-demande-conge-sabbatique\/#webpage\",\"url\":\"https:\/\/www.mes-allocs.fr\/guides\/conge-sabbatique\/conge-sabbatique-demande\/delai-reponse-demande-conge-sabbatique\/\",\"name\":\"Quel est le d\\u00e9lai de r\\u00e9ponse \\u00e0 la demande d'un cong\\u00e9 sabbatique ?\",\"isPartOf\":{\"@id\":\"https:\/\/www.mes-allocs.fr\/guides\/#website\"},\"primaryImageOfPage\":{\"@id\":\"https:\/\/www.mes-allocs.fr\/guides\/conge-sabbatique\/conge-sabbatique-demande\/delai-reponse-demande-conge-sabbatique\/#primaryimage\"},\"datePublished\":\"2024-02-12T14:53:45+00:00\",\"dateModified\":\"2026-04-22T09:55:15+00:00\",\"author\":{\"@id\":\"https:\/\/www.mes-allocs.fr\/guides\/#\/schema\/person\/9c38f3be41a0ddcd1e3fde5a3df713bf\"},\"description\":\"La question du d\\u00e9lai de r\\u00e9ponse pour une demande de cong\\u00e9 sabbatique prend une importance particuli\\u00e8re. Mes Allocs vous en dit plus.\",\"inLanguage\":\"fr-FR\"},{\"@type\":\"Person\",\"@id\":\"https:\/\/www.mes-allocs.fr\/guides\/#\/schema\/person\/9c38f3be41a0ddcd1e3fde5a3df713bf\",\"name\":\"Sessime Ananou\",\"image\":{\"@type\":\"ImageObject\",\"@id\":\"https:\/\/www.mes-allocs.fr\/guides\/#personlogo\",\"inLanguage\":\"fr-FR\",\"url\":\"https:\/\/www.mes-allocs.fr\/guides\/wp-content\/uploads\/2023\/08\/IMG_8173-150x150.jpg\",\"caption\":\"Sessime Ananou\"},\"description\":\"Sessime est r\\u00e9dactrice chez Mes Allocs, sp\\u00e9cialis\\u00e9e sur le pouvoir d'achat. Elle rejoint l'\\u00e9quipe Mes Allocs en ao\\u00fbt 2023 afin de simplifier l'acc\\u00e8s \\u00e0 l'information sur les aides en g\\u00e9n\\u00e9ral.\"}]}<\/script>\n<!-- \/ Yoast SEO plugin. -->","amp_validity":null,"acf":{"faq":{"1":{"question":"Est-ce que l'employeur peut refuser un cong\u00e9 sabbatique ?","answer":"Oui, l'employeur peut refuser un cong\u00e9 sabbatique, sauf si cela contrevient \u00e0 des dispositions sp\u00e9cifiques \u00e9nonc\u00e9es dans le contrat de travail, la convention collective ou la politique de l'entreprise.   "},"2":{"question":"Quel d\u00e9lai pour demander un cong\u00e9 sabbatique ?","answer":"Le d\u00e9lai pour demander un cong\u00e9 sabbatique peut varier selon les politiques de l'entreprise, mais il est recommand\u00e9 de faire la demande plusieurs mois \u00e0 l'avance, id\u00e9alement six mois \u00e0 un an avant la date pr\u00e9vue de d\u00e9part."},"3":{"question":"Quel est le d\u00e9lai pour demander un cong\u00e9 sans solde ?","answer":"Le d\u00e9lai pour demander un cong\u00e9 sans solde d\u00e9pend des politiques de l'entreprise et des dispositions l\u00e9gales en vigueur dans votre pays. En g\u00e9n\u00e9ral, il est recommand\u00e9 de faire la demande le plus t\u00f4t possible, g\u00e9n\u00e9ralement plusieurs semaines \u00e0 l'avance, pour permettre \u00e0 l'employeur de planifier et de prendre une d\u00e9cision \u00e9clair\u00e9e."},"4":{"question":"Qui paie le cong\u00e9 sabbatique ?","answer":"Le cong\u00e9 sabbatique est g\u00e9n\u00e9ralement non r\u00e9mun\u00e9r\u00e9, ce qui signifie que l'employ\u00e9 ne per\u00e7oit pas de salaire pendant cette p\u00e9riode. Cependant, certains employeurs peuvent offrir des options de cong\u00e9 sabbatique r\u00e9mun\u00e9r\u00e9 ou des dispositions pour que l'employ\u00e9 utilise ses cong\u00e9s pay\u00e9s accumul\u00e9s pendant cette p\u00e9riode."},"5":{"question":"Puis-je travailler pendant un cong\u00e9 sabbatique ?","answer":"En g\u00e9n\u00e9ral, le but d'un cong\u00e9 sabbatique est de prendre une pause prolong\u00e9e du travail pour se reposer, se ressourcer, voyager ou poursuivre des int\u00e9r\u00eats personnels ou professionnels. Cependant, certains employeurs peuvent autoriser des arrangements sp\u00e9cifiques, tels que le travail \u00e0 temps partiel ou le travail \u00e0 distance pendant le cong\u00e9 sabbatique. Il est important de clarifier cette possibilit\u00e9 avec votre employeur avant de prendre un cong\u00e9 sabbatique."},"6":{"question":"Quelle est la diff\u00e9rence entre un cong\u00e9 sans solde et un cong\u00e9 sabbatique ?","answer":"La principale diff\u00e9rence entre un cong\u00e9 sans solde et un cong\u00e9 sabbatique r\u00e9side dans leur nature : le cong\u00e9 sans solde est une pause non r\u00e9mun\u00e9r\u00e9e souvent de courte dur\u00e9e, tandis que le cong\u00e9 sabbatique est une p\u00e9riode plus longue, \u00e9galement non r\u00e9mun\u00e9r\u00e9e, ax\u00e9e sur le d\u00e9veloppement personnel ou professionnel."},"7":{"question":"","answer":""},"8":{"question":"","answer":""},"9":{"question":"","answer":""},"10":{"question":"","answer":""},"11":{"question":"","answer":""},"12":{"question":"","answer":""},"13":{"question":"","answer":""},"14":{"question":"","answer":""},"15":{"question":"","answer":""},"16":{"question":"","answer":""}}},"_links":{"self":[{"href":"https:\/\/www.mes-allocs.fr\/guides\/wp-json\/wp\/v2\/posts\/74406","targetHints":{"allow":["GET"]}}],"collection":[{"href":"https:\/\/www.mes-allocs.fr\/guides\/wp-json\/wp\/v2\/posts"}],"about":[{"href":"https:\/\/www.mes-allocs.fr\/guides\/wp-json\/wp\/v2\/types\/post"}],"author":[{"embeddable":true,"href":"https:\/\/www.mes-allocs.fr\/guides\/wp-json\/wp\/v2\/users\/26"}],"replies":[{"embeddable":true,"href":"https:\/\/www.mes-allocs.fr\/guides\/wp-json\/wp\/v2\/comments?post=74406"}],"version-history":[{"count":7,"href":"https:\/\/www.mes-allocs.fr\/guides\/wp-json\/wp\/v2\/posts\/74406\/revisions"}],"predecessor-version":[{"id":96658,"href":"https:\/\/www.mes-allocs.fr\/guides\/wp-json\/wp\/v2\/posts\/74406\/revisions\/96658"}],"wp:featuredmedia":[{"embeddable":true,"href":"https:\/\/www.mes-allocs.fr\/guides\/wp-json\/wp\/v2\/media\/74411"}],"wp:attachment":[{"href":"https:\/\/www.mes-allocs.fr\/guides\/wp-json\/wp\/v2\/media?parent=74406"}],"wp:term":[{"taxonomy":"category","embeddable":true,"href":"https:\/\/www.mes-allocs.fr\/guides\/wp-json\/wp\/v2\/categories?post=74406"},{"taxonomy":"post_tag","embeddable":true,"href":"https:\/\/www.mes-allocs.fr\/guides\/wp-json\/wp\/v2\/tags?post=74406"}],"curies":[{"name":"wp","href":"https:\/\/api.w.org\/{rel}","templated":true}]}}