{"id":74368,"date":"2024-02-09T17:39:38","date_gmt":"2024-02-09T15:39:38","guid":{"rendered":"https:\/\/www.mes-allocs.fr\/guides\/?p=74368"},"modified":"2026-04-22T10:55:17","modified_gmt":"2026-04-22T09:55:17","slug":"ma-prime-adapt-montant","status":"publish","type":"post","link":"https:\/\/www.mes-allocs.fr\/guides\/aide-renovation\/ma-prime-adapt\/ma-prime-adapt-montant\/","title":{"rendered":"Quel est le montant de Ma Prime Adapt&rsquo; en 2025 ?"},"content":{"rendered":"<p><img loading=\"lazy\" decoding=\"async\" class=\"alignnone wp-image-74369 size-full\" title=\"Ma prime adapt montant\" src=\"https:\/\/www.mes-allocs.fr\/guides\/wp-content\/uploads\/2024\/02\/senior-citizens-1461424_1280-e1707492948452.jpg\" alt=\"Ma prime adapt montant\" width=\"1280\" height=\"419\" srcset=\"https:\/\/www.mes-allocs.fr\/guides\/wp-content\/uploads\/2024\/02\/senior-citizens-1461424_1280-e1707492948452.jpg 1280w, https:\/\/www.mes-allocs.fr\/guides\/wp-content\/uploads\/2024\/02\/senior-citizens-1461424_1280-e1707492948452-300x98.jpg 300w, https:\/\/www.mes-allocs.fr\/guides\/wp-content\/uploads\/2024\/02\/senior-citizens-1461424_1280-e1707492948452-1024x335.jpg 1024w, https:\/\/www.mes-allocs.fr\/guides\/wp-content\/uploads\/2024\/02\/senior-citizens-1461424_1280-e1707492948452-768x251.jpg 768w, https:\/\/www.mes-allocs.fr\/guides\/wp-content\/uploads\/2024\/02\/senior-citizens-1461424_1280-e1707492948452-600x196.jpg 600w\" sizes=\"auto, (max-width: 1280px) 100vw, 1280px\" \/><\/p>\n<p>En France, de nombreuses aides \u00e0 la r\u00e9novation sont mises en place. <a href=\"https:\/\/www.mes-allocs.fr\/guides\/aide-renovation\/ma-prime-adapt\/\">Ma Prime Adapt<\/a>, une initiative introduite dans le cadre du projet de loi de finances 2023, vise \u00e0 adapter 500 000 logements d&rsquo;ici 2027. Cette aide cible sp\u00e9cifiquement les personnes \u00e2g\u00e9es et celles en situation de handicap, et est assortie de crit\u00e8res de ressources pour \u00eatre \u00e9ligible. D\u00e9couvrez le <strong>montant de l&rsquo;aide Ma Prime Adapt&rsquo;<\/strong> !<\/p>\n<div class='cta-block'><div class='text'>Simulez toutes vos Aides en 2 min.<\/div><a href='https:\/\/www.mes-allocs.fr\/ab-app?origin=guides\/wp-json\/wp\/v2\/posts\/74368' class='app-button fit'>Simulation gratuite<\/a><\/div>\n<h1><strong>Qu\u2019est-ce que Ma Prime Adapat ?\u00a0<\/strong><\/h1>\n<p><span style=\"font-weight: 400;\">Pour faciliter le maintien \u00e0 domicile malgr\u00e9 des probl\u00e8mes de mobilit\u00e9 ou d&rsquo;autonomie, divers am\u00e9nagements peuvent \u00eatre envisag\u00e9s en fonction des besoins de chaque individu. <\/span><span style=\"font-weight: 400;\">L&rsquo;Agence Nationale de l&rsquo;Habitat (Anah) propose plusieurs programmes sp\u00e9cifiques \u00e0 cet effet.<\/span><\/p>\n<p><span style=\"font-weight: 400;\">Depuis le 1er janvier 2024, une nouvelle forme d&rsquo;aide financi\u00e8re est mise en place : MaPrimeAdapt&rsquo;. <strong>Destin\u00e9e aux personnes \u00e2g\u00e9es et aux personnes en situation de handicap, cette subvention couvre jusqu&rsquo;\u00e0 70 % des co\u00fbts des travaux d&rsquo;adaptation du logement.<\/strong> Elle remplace ainsi un autre programme de l&rsquo;Anah, le programme Habiter facile, qui sera d\u00e9sormais abandonn\u00e9.<\/span><\/p>\n<h1><strong>Quel est le montant de Ma Prime Adapt ?<\/strong><\/h1>\n<p><span style=\"font-weight: 400;\">MaPrimeAdapt\u2019 a \u00e9t\u00e9 con\u00e7ue sur le m\u00eame mod\u00e8le que l\u2019aide Ma Prime Renov\u2019, destin\u00e9e \u00e0 financer des travaux d\u2019am\u00e9lioration \u00e9nerg\u00e9tique.<\/span><\/p>\n<p><span style=\"font-weight: 400;\"><strong>Cette subvention peut couvrir entre 50 et 70 % du co\u00fbt des travaux d\u2019adaptation de votre logement, dans la limite de 22 000 \u20ac.<\/strong> Elle est octroy\u00e9e par l\u2019Anah (Agence nationale de l\u2019habitat).<\/span><\/p>\n<p><span style=\"font-weight: 400;\">Le montant de MaPrimeAdapt\u2019 d\u00e9pend de plusieurs crit\u00e8res, notamment votre niveau de ressources. En effet, le calcul se base sur :<\/span><\/p>\n<ul>\n<li style=\"font-weight: 400;\" aria-level=\"1\"><strong>Votre revenu fiscal de r\u00e9f\u00e9rence (RFR) mentionn\u00e9 sur votre dernier avis d\u2019imposition<\/strong><\/li>\n<li style=\"font-weight: 400;\" aria-level=\"1\"><strong>Votre lieu de r\u00e9sidence (\u00cele-de-France ou hors \u00cele-de-France)<\/strong><\/li>\n<li style=\"font-weight: 400;\" aria-level=\"1\"><strong>Le nombre de personnes vivant dans votre foyer<\/strong><\/li>\n<\/ul>\n<p><span style=\"font-weight: 400;\">Voici les bar\u00e8mes et montants applicables en 2025 :<\/span><\/p>\n<p><strong>Si vous r\u00e9sidez en \u00cele-de-France :\u00a0<\/strong><\/p>\n\n<div class=\"wpdt-c row wpDataTableContainerSimpleTable wpDataTables wpDataTablesWrapper\n\"\n    >\n    <table id=\"wpdtSimpleTable-527\"\n           class=\"wpdtSimpleTable wpDataTable\"\n           data-column=\"4\"\n           data-rows=\"5\"\n           data-wpID=\"527\"\n           data-responsive=\"0\"\n           data-has-header=\"1\">\n\n                    <thead>        <tr class=\"wpdt-cell-row \" >\n                            <th class=\"wpdt-cell \"\n                                    data-cell-id=\"A1\"\n                data-col-index=\"0\"\n                data-row-index=\"0\"\n                style=\" width:25%;                padding:10px;\"\n                >\n                                Nombre de personnes\u00a0                <\/th>\n                                            <th class=\"wpdt-cell \"\n                                    data-cell-id=\"B1\"\n                data-col-index=\"1\"\n                data-row-index=\"0\"\n                style=\" width:25%;                padding:10px;\"\n                >\n                                Ressources annuelles                <\/th>\n                                            <th class=\"wpdt-cell \"\n                                    data-cell-id=\"C1\"\n                data-col-index=\"2\"\n                data-row-index=\"0\"\n                style=\" width:25%;                padding:10px;\"\n                >\n                                Montant des travaux pris en charge                <\/th>\n                                            <th class=\"wpdt-cell \"\n                                    data-cell-id=\"D1\"\n                data-col-index=\"3\"\n                data-row-index=\"0\"\n                style=\" width:25%;                padding:10px;\"\n                >\n                                Plafond maximal de l\u2019aide                <\/th>\n                                        <\/tr>\n                    <tbody>        <tr class=\"wpdt-cell-row \" >\n                            <td class=\"wpdt-cell \"\n                                    data-cell-id=\"A2\"\n                data-col-index=\"0\"\n                data-row-index=\"1\"\n                style=\"                padding:10px;\"\n                >\n                                1 personne                <\/td>\n                                            <td class=\"wpdt-cell \"\n                                    data-cell-id=\"B2\"\n                data-col-index=\"1\"\n                data-row-index=\"1\"\n                style=\"                padding:10px;\"\n                >\n                                Inf\u00e9rieures \u00e0 22.461 \u20ac                <\/td>\n                                            <td class=\"wpdt-cell \"\n                                    data-cell-id=\"C2\"\n                data-col-index=\"2\"\n                data-row-index=\"1\"\n                style=\"                padding:10px;\"\n                >\n                                70 %                <\/td>\n                                            <td class=\"wpdt-cell \"\n                                    data-cell-id=\"D2\"\n                data-col-index=\"3\"\n                data-row-index=\"1\"\n                style=\"                padding:10px;\"\n                >\n                                22.000 \u20ac                <\/td>\n                                        <\/tr>\n                            <tr class=\"wpdt-cell-row \" >\n                            <td class=\"wpdt-cell  wpdt-empty-cell \"\n                                    data-cell-id=\"A3\"\n                data-col-index=\"0\"\n                data-row-index=\"2\"\n                style=\"                padding:10px;\"\n                >\n                                                <\/td>\n                                            <td class=\"wpdt-cell \"\n                                    data-cell-id=\"B3\"\n                data-col-index=\"1\"\n                data-row-index=\"2\"\n                style=\"                padding:10px;\"\n                >\n                                Entre 22.462 \u20ac et 27.343 \u20ac                <\/td>\n                                            <td class=\"wpdt-cell \"\n                                    data-cell-id=\"C3\"\n                data-col-index=\"2\"\n                data-row-index=\"2\"\n                style=\"                padding:10px;\"\n                >\n                                50 %                <\/td>\n                                            <td class=\"wpdt-cell \"\n                                    data-cell-id=\"D3\"\n                data-col-index=\"3\"\n                data-row-index=\"2\"\n                style=\"                padding:10px;\"\n                >\n                                22.000 \u20ac                <\/td>\n                                        <\/tr>\n                            <tr class=\"wpdt-cell-row \" >\n                            <td class=\"wpdt-cell \"\n                                    data-cell-id=\"A4\"\n                data-col-index=\"0\"\n                data-row-index=\"3\"\n                style=\"                padding:10px;\"\n                >\n                                2 personnes                <\/td>\n                                            <td class=\"wpdt-cell \"\n                                    data-cell-id=\"B4\"\n                data-col-index=\"1\"\n                data-row-index=\"3\"\n                style=\"                padding:10px;\"\n                >\n                                Inf\u00e9rieures \u00e0\u00a0 32.967 \u20ac                <\/td>\n                                            <td class=\"wpdt-cell \"\n                                    data-cell-id=\"C4\"\n                data-col-index=\"2\"\n                data-row-index=\"3\"\n                style=\"                padding:10px;\"\n                >\n                                70 %                <\/td>\n                                            <td class=\"wpdt-cell \"\n                                    data-cell-id=\"D4\"\n                data-col-index=\"3\"\n                data-row-index=\"3\"\n                style=\"                padding:10px;\"\n                >\n                                22.000 \u20ac                <\/td>\n                                        <\/tr>\n                            <tr class=\"wpdt-cell-row \" >\n                            <td class=\"wpdt-cell  wpdt-empty-cell \"\n                                    data-cell-id=\"A5\"\n                data-col-index=\"0\"\n                data-row-index=\"4\"\n                style=\"                padding:10px;\"\n                >\n                                                <\/td>\n                                            <td class=\"wpdt-cell \"\n                                    data-cell-id=\"B5\"\n                data-col-index=\"1\"\n                data-row-index=\"4\"\n                style=\"                padding:10px;\"\n                >\n                                Entre 32.968 \u20ac et 40.130 \u20ac                <\/td>\n                                            <td class=\"wpdt-cell \"\n                                    data-cell-id=\"C5\"\n                data-col-index=\"2\"\n                data-row-index=\"4\"\n                style=\"                padding:10px;\"\n                >\n                                50 %                <\/td>\n                                            <td class=\"wpdt-cell \"\n                                    data-cell-id=\"D5\"\n                data-col-index=\"3\"\n                data-row-index=\"4\"\n                style=\"                padding:10px;\"\n                >\n                                22.000 \u20ac                <\/td>\n                                        <\/tr>\n                    <\/table>\n<\/div><style id='wpdt-custom-style-527'>\ntable#wpdtSimpleTable-527{ table-layout: fixed !important; }\n<\/style>\n\n<p><strong>Si vous r\u00e9sidez hors \u00cele-de-France :\u00a0<\/strong><\/p>\n\n<div class=\"wpdt-c row wpDataTableContainerSimpleTable wpDataTables wpDataTablesWrapper\n\"\n    >\n    <table id=\"wpdtSimpleTable-526\"\n           class=\"wpdtSimpleTable wpDataTable\"\n           data-column=\"3\"\n           data-rows=\"7\"\n           data-wpID=\"526\"\n           data-responsive=\"0\"\n           data-has-header=\"1\">\n\n                    <thead>        <tr class=\"wpdt-cell-row \" >\n                            <th class=\"wpdt-cell wpdt-bold wpdt-bc-F3F9FE\"\n                                    data-cell-id=\"A1\"\n                data-col-index=\"0\"\n                data-row-index=\"0\"\n                style=\" width:33.333333333333%;                padding:10px;\"\n                >\n                                Nombre de personnes composant le m\u00e9nage                <\/th>\n                                            <th class=\"wpdt-cell wpdt-bold wpdt-bc-F3F9FE\"\n                                    data-cell-id=\"B1\"\n                data-col-index=\"1\"\n                data-row-index=\"0\"\n                style=\" width:33.333333333333%;                padding:10px;\"\n                >\n                                Plafonds de ressources pour les m\u00e9nages aux revenus tr\u00e8s modestes                <\/th>\n                                            <th class=\"wpdt-cell wpdt-bold wpdt-bc-F3F9FE\"\n                                    data-cell-id=\"C1\"\n                data-col-index=\"2\"\n                data-row-index=\"0\"\n                style=\" width:33.333333333333%;                padding:10px;\"\n                >\n                                Plafonds de ressources pour les m\u00e9nages aux revenus modestes                <\/th>\n                                        <\/tr>\n                    <tbody>        <tr class=\"wpdt-cell-row \" >\n                            <td class=\"wpdt-cell \"\n                                    data-cell-id=\"A2\"\n                data-col-index=\"0\"\n                data-row-index=\"1\"\n                style=\"                padding:10px;\"\n                >\n                                1                <\/td>\n                                            <td class=\"wpdt-cell \"\n                                    data-cell-id=\"B2\"\n                data-col-index=\"1\"\n                data-row-index=\"1\"\n                style=\"                padding:10px;\"\n                >\n                                24\u2009031 \u20ac                <\/td>\n                                            <td class=\"wpdt-cell \"\n                                    data-cell-id=\"C2\"\n                data-col-index=\"2\"\n                data-row-index=\"1\"\n                style=\"                padding:10px;\"\n                >\n                                29\u2009253 \u20ac                <\/td>\n                                        <\/tr>\n                            <tr class=\"wpdt-cell-row \" >\n                            <td class=\"wpdt-cell \"\n                                    data-cell-id=\"A3\"\n                data-col-index=\"0\"\n                data-row-index=\"2\"\n                style=\"                padding:10px;\"\n                >\n                                2                <\/td>\n                                            <td class=\"wpdt-cell \"\n                                    data-cell-id=\"B3\"\n                data-col-index=\"1\"\n                data-row-index=\"2\"\n                style=\"                padding:10px;\"\n                >\n                                 35\u2009270 \u20ac                <\/td>\n                                            <td class=\"wpdt-cell \"\n                                    data-cell-id=\"C3\"\n                data-col-index=\"2\"\n                data-row-index=\"2\"\n                style=\"                padding:10px;\"\n                >\n                                42\u2009933 \u20ac                <\/td>\n                                        <\/tr>\n                            <tr class=\"wpdt-cell-row \" >\n                            <td class=\"wpdt-cell \"\n                                    data-cell-id=\"A4\"\n                data-col-index=\"0\"\n                data-row-index=\"3\"\n                style=\"                padding:10px;\"\n                >\n                                3                <\/td>\n                                            <td class=\"wpdt-cell \"\n                                    data-cell-id=\"B4\"\n                data-col-index=\"1\"\n                data-row-index=\"3\"\n                style=\"                padding:10px;\"\n                >\n                                 42\u2009357 \u20ac                <\/td>\n                                            <td class=\"wpdt-cell \"\n                                    data-cell-id=\"C4\"\n                data-col-index=\"2\"\n                data-row-index=\"3\"\n                style=\"                padding:10px;\"\n                >\n                                51\u2009564 \u20ac                <\/td>\n                                        <\/tr>\n                            <tr class=\"wpdt-cell-row \" >\n                            <td class=\"wpdt-cell \"\n                                    data-cell-id=\"A5\"\n                data-col-index=\"0\"\n                data-row-index=\"4\"\n                style=\"                padding:10px;\"\n                >\n                                4                <\/td>\n                                            <td class=\"wpdt-cell \"\n                                    data-cell-id=\"B5\"\n                data-col-index=\"1\"\n                data-row-index=\"4\"\n                style=\"                padding:10px;\"\n                >\n                                49\u2009455 \u20ac                <\/td>\n                                            <td class=\"wpdt-cell \"\n                                    data-cell-id=\"C5\"\n                data-col-index=\"2\"\n                data-row-index=\"4\"\n                style=\"                padding:10px;\"\n                >\n                                60\u2009208 \u20ac                <\/td>\n                                        <\/tr>\n                            <tr class=\"wpdt-cell-row \" >\n                            <td class=\"wpdt-cell \"\n                                    data-cell-id=\"A6\"\n                data-col-index=\"0\"\n                data-row-index=\"5\"\n                style=\"                padding:10px;\"\n                >\n                                5                <\/td>\n                                            <td class=\"wpdt-cell \"\n                                    data-cell-id=\"B6\"\n                data-col-index=\"1\"\n                data-row-index=\"5\"\n                style=\"                padding:10px;\"\n                >\n                                56\u2009580 \u20ac                <\/td>\n                                            <td class=\"wpdt-cell \"\n                                    data-cell-id=\"C6\"\n                data-col-index=\"2\"\n                data-row-index=\"5\"\n                style=\"                padding:10px;\"\n                >\n                                68\u2009877 \u20ac                <\/td>\n                                        <\/tr>\n                            <tr class=\"wpdt-cell-row \" >\n                            <td class=\"wpdt-cell \"\n                                    data-cell-id=\"A7\"\n                data-col-index=\"0\"\n                data-row-index=\"6\"\n                style=\"                padding:10px;\"\n                >\n                                par personne suppl\u00e9mentaire                <\/td>\n                                            <td class=\"wpdt-cell \"\n                                    data-cell-id=\"B7\"\n                data-col-index=\"1\"\n                data-row-index=\"6\"\n                style=\"                padding:10px;\"\n                >\n                                +\u20097\u2009116 \u20ac                <\/td>\n                                            <td class=\"wpdt-cell \"\n                                    data-cell-id=\"C7\"\n                data-col-index=\"2\"\n                data-row-index=\"6\"\n                style=\"                padding:10px;\"\n                >\n                                +\u20098\u2009663 \u20ac                <\/td>\n                                        <\/tr>\n                    <\/table>\n<\/div><style id='wpdt-custom-style-526'>\ntable#wpdtSimpleTable-526{ table-layout: fixed !important; }\n.wpdt-bc-F3F9FE { background-color: #F3F9FE !important;}\n<\/style>\n\n<p>Vous souhaitez connaitre le montant auquel vous avez droit ? Faites une <a href=\"https:\/\/www.mes-allocs.fr\/guides\/aide-renovation\/ma-prime-adapt\/simulation-de-ma-prime-adapt\/\">simulation Ma Prime Adapt&rsquo;<\/a> en ligne !<\/p>\n<h1><strong>Qui peut en b\u00e9n\u00e9ficier et sous quelles conditions ?\u00a0<\/strong><\/h1>\n<p><span style=\"font-weight: 400;\">Comme mentionn\u00e9 pr\u00e9c\u00e9demment, la nouvelle aide de l&rsquo;Anah vise les individus confront\u00e9s \u00e0 des probl\u00e8mes d&rsquo;autonomie et\/ou de mobilit\u00e9 li\u00e9s \u00e0 l&rsquo;\u00e2ge ou \u00e0 un handicap.<\/span><\/p>\n<p><span style=\"font-weight: 400;\">Pour b\u00e9n\u00e9ficier de MaPrimeAdapt&rsquo;, vous devez vous trouver dans l&rsquo;une des trois situations suivantes :<\/span><\/p>\n<ul>\n<li style=\"font-weight: 400;\" aria-level=\"1\"><strong>\u00catre en situation de handicap<\/strong><\/li>\n<li style=\"font-weight: 400;\" aria-level=\"1\"><strong>Avoir 70 ans ou plus<\/strong><\/li>\n<li style=\"font-weight: 400;\" aria-level=\"1\"><strong>Avoir entre 60 et 69 ans et \u00eatre en situation de perte d&rsquo;autonomie selon le GIR (GIR 1 \u00e0 6)<\/strong><\/li>\n<\/ul>\n<p><span style=\"font-weight: 400;\">En outre, vous devez remplir toutes<strong> les conditions suivantes<\/strong> :<\/span><\/p>\n<ul>\n<li style=\"font-weight: 400;\" aria-level=\"1\"><span style=\"font-weight: 400;\">R\u00e9sider en France (m\u00e9tropole et Outre-mer)<\/span><\/li>\n<li style=\"font-weight: 400;\" aria-level=\"1\"><span style=\"font-weight: 400;\">\u00catre propri\u00e9taire de votre logement ou locataire dans le parc priv\u00e9<\/span><\/li>\n<li style=\"font-weight: 400;\" aria-level=\"1\"><span style=\"font-weight: 400;\">Avoir des revenus class\u00e9s dans la cat\u00e9gorie de ressources \u00ab\u00a0modestes\u00a0\u00bb ou \u00ab\u00a0tr\u00e8s modestes\u00a0\u00bb (consultez les bar\u00e8mes et montants en vigueur)<\/span><\/li>\n<li style=\"font-weight: 400;\" aria-level=\"1\"><span style=\"font-weight: 400;\">Entreprendre des travaux d&rsquo;am\u00e9nagement de votre logement \u00e9ligibles \u00e0 cette aide (voir ci-dessous)<\/span><\/li>\n<li style=\"font-weight: 400;\" aria-level=\"1\"><span style=\"font-weight: 400;\">Effectuer votre demande d&rsquo;aide aupr\u00e8s de l&rsquo;Anah en fournissant plusieurs devis (consultez toutes les \u00e9tapes de la d\u00e9marche)<\/span><\/li>\n<\/ul>\n<p><span style=\"font-weight: 400;\">De plus, les propri\u00e9taires bailleurs peuvent \u00e9galement b\u00e9n\u00e9ficier de MaPrimeAdapt&rsquo; si :<\/span><\/p>\n<ul>\n<li style=\"font-weight: 400;\" aria-level=\"1\"><strong>Le logement concern\u00e9 par les travaux a plus de 15 ans<\/strong><\/li>\n<li style=\"font-weight: 400;\" aria-level=\"1\"><strong>Les revenus respectent les conditions de ressources \u00e9nonc\u00e9es ci-dessus<\/strong><\/li>\n<li style=\"font-weight: 400;\" aria-level=\"1\"><strong>Les travaux d&rsquo;am\u00e9nagement effectu\u00e9s sont \u00e9ligibles \u00e0 cette aide<\/strong><\/li>\n<\/ul>\n<p><iframe loading=\"lazy\" src=\"\/\/www.youtube.com\/embed\/3Uf0lFAyLIQ\" width=\"560\" height=\"314\" allowfullscreen=\"allowfullscreen\"><\/iframe><\/p>\n<h1><strong>Quels sont les travaux \u00e9ligibles \u00e0 Ma Prime Adapt ?\u00a0<\/strong><\/h1>\n<p><span style=\"font-weight: 400;\">Lors de votre demande de MaPrimeAdapt&rsquo;, un accompagnateur AMO (Assistant \u00e0 ma\u00eetrise d&rsquo;ouvrage) r\u00e9alisera gratuitement un diagnostic logement autonomie. Les travaux couverts par l&rsquo;aide seront ensuite d\u00e9finis en fonction de vos besoins sp\u00e9cifiques.<\/span><\/p>\n<p><span style=\"font-weight: 400;\">Voici quelques exemples de travaux pouvant \u00eatre financ\u00e9s par le dispositif MaPrimeAdapt&rsquo; :<\/span><\/p>\n<p><strong>Pour la salle de bains :<\/strong><\/p>\n<ul>\n<li style=\"font-weight: 400;\" aria-level=\"1\"><span style=\"font-weight: 400;\">Remplacement d&rsquo;une baignoire par une douche de plain-pied<\/span><\/li>\n<li style=\"font-weight: 400;\" aria-level=\"1\"><span style=\"font-weight: 400;\">Installation d&rsquo;un lavabo PMR ou d&rsquo;un WC sur\u00e9lev\u00e9<\/span><\/li>\n<li style=\"font-weight: 400;\" aria-level=\"1\"><span style=\"font-weight: 400;\">Pose d&rsquo;une baignoire avec porte<\/span><\/li>\n<li style=\"font-weight: 400;\" aria-level=\"1\"><span style=\"font-weight: 400;\">Installation de barres d&rsquo;appui ou de mains courantes<\/span><\/li>\n<\/ul>\n<p><strong>Pour l&rsquo;acc\u00e8s \u00e0 l&rsquo;\u00e9tage :<\/strong><\/p>\n<ul>\n<li style=\"font-weight: 400;\" aria-level=\"1\"><span style=\"font-weight: 400;\">Installation d&rsquo;un monte-escalier (debout ou avec fauteuil)<\/span><\/li>\n<li style=\"font-weight: 400;\" aria-level=\"1\"><span style=\"font-weight: 400;\">Installation d&rsquo;un ascenseur<\/span><\/li>\n<li style=\"font-weight: 400;\" aria-level=\"1\"><span style=\"font-weight: 400;\">Pose d&rsquo;une rampe d&rsquo;acc\u00e8s<\/span><\/li>\n<li style=\"font-weight: 400;\" aria-level=\"1\"><span style=\"font-weight: 400;\">Installation d&rsquo;une plateforme \u00e9l\u00e9vatrice PMR<\/span><\/li>\n<\/ul>\n<p><strong>Pour les d\u00e9placements dans le logement :<\/strong><\/p>\n<ul>\n<li style=\"font-weight: 400;\" aria-level=\"1\"><span style=\"font-weight: 400;\">Adaptation des rev\u00eatements (par exemple : installation d&rsquo;un rev\u00eatement anti-chute)<\/span><\/li>\n<li style=\"font-weight: 400;\" aria-level=\"1\"><span style=\"font-weight: 400;\">Mise en place de chemins lumineux ou d&rsquo;un \u00e9clairage intelligent<\/span><\/li>\n<li style=\"font-weight: 400;\" aria-level=\"1\"><span style=\"font-weight: 400;\">Elargissement des portes pour permettre le passage en fauteuil roulant<\/span><\/li>\n<li style=\"font-weight: 400;\" aria-level=\"1\"><span style=\"font-weight: 400;\">Installation d&rsquo;\u00e9quipements facilitant l&rsquo;acc\u00e8s direct au logement<\/span><\/li>\n<\/ul>\n<p><strong>Pour faciliter l&rsquo;utilisation des appareils quotidiens :<\/strong><\/p>\n<ul>\n<li style=\"font-weight: 400;\" aria-level=\"1\"><span style=\"font-weight: 400;\">Pose de volets roulants \u00e9lectriques<\/span><\/li>\n<li style=\"font-weight: 400;\" aria-level=\"1\"><span style=\"font-weight: 400;\">Am\u00e9nagement d&rsquo;une cuisine adapt\u00e9e<\/span><\/li>\n<\/ul>\n<h1><strong>Les \u00e9tapes de la d\u00e9marche\u00a0<\/strong><\/h1>\n<p><span style=\"font-weight: 400;\">Pour obtenir MaPrimeAdapt\u2019, vous devez suivre une s\u00e9rie d&rsquo;\u00e9tapes indispensables en vous adressant \u00e0 l&rsquo;Anah.<\/span><\/p>\n<p><strong>Voici le d\u00e9roulement complet de la proc\u00e9dure :<\/strong><\/p>\n<ul>\n<li style=\"font-weight: 400;\" aria-level=\"1\"><span style=\"font-weight: 400;\">Entrer en contact avec un conseiller France R\u00e9nov\u2019 : Pour trouver un conseiller pr\u00e8s de chez vous, consultez ce lien et saisissez votre code postal.<\/span><\/li>\n<li style=\"font-weight: 400;\" aria-level=\"1\"><span style=\"font-weight: 400;\">B\u00e9n\u00e9ficier de l&rsquo;assistance d&rsquo;un Assistant \u00e0 ma\u00eetrise d&rsquo;ouvrage (AMO) agr\u00e9\u00e9 ou habilit\u00e9 par l&rsquo;Anah pour r\u00e9aliser un diagnostic personnalis\u00e9 et \u00e9tablir un plan de financement. Si vous n&rsquo;\u00eates pas d\u00e9j\u00e0 en relation avec un AMO sp\u00e9cialis\u00e9 dans l&rsquo;autonomie, l&rsquo;Anah vous en proposera un lors de la constitution de votre dossier.<\/span><\/li>\n<li style=\"font-weight: 400;\" aria-level=\"1\"><span style=\"font-weight: 400;\">Soumettre votre demande de subvention en ligne ou par voie postale, accompagn\u00e9e du devis des travaux d&rsquo;adaptation \u00e0 l&rsquo;autonomie. Un espace sp\u00e9cifique sera mis \u00e0 disposition en ligne \u00e0 partir de janvier 2024.<\/span><\/li>\n<li style=\"font-weight: 400;\" aria-level=\"1\"><span style=\"font-weight: 400;\">Faire effectuer les travaux d&rsquo;adaptation du logement par un professionnel qualifi\u00e9.<\/span><\/li>\n<\/ul>\n<p><span style=\"font-weight: 400;\">Transmettre la facture des travaux r\u00e9alis\u00e9s via la plateforme d\u00e9di\u00e9e ou en format papier.<\/span><\/p>\n<p><span style=\"font-weight: 400;\">Apr\u00e8s avoir suivi ces \u00e9tapes, vous recevrez le paiement de votre subvention MaPrimeAdapt\u2019.<\/span><\/p>\n<div class='cta-block'><div class='text'>Simulez toutes vos Aides en 2 min.<\/div><a href='https:\/\/www.mes-allocs.fr\/ab-app?origin=guides\/wp-json\/wp\/v2\/posts\/74368' class='app-button fit'>Simulation gratuite<\/a><\/div>\n","protected":false},"excerpt":{"rendered":"<p>En France, de nombreuses aides \u00e0 la r\u00e9novation sont mises en place. Ma Prime Adapt, une initiative introduite dans le cadre du projet de loi de finances 2023, vise \u00e0 adapter 500 000 logements d&rsquo;ici 2027. Cette aide cible sp\u00e9cifiquement les personnes \u00e2g\u00e9es et celles en situation de handicap, et est assortie de crit\u00e8res de [&hellip;]<\/p>\n","protected":false},"author":27,"featured_media":74370,"comment_status":"open","ping_status":"open","sticky":false,"template":"","format":"standard","meta":{"amp_status":"","footnotes":""},"categories":[8154,32596],"tags":[],"class_list":["post-74368","post","type-post","status-publish","format-standard","has-post-thumbnail","hentry","category-aide-renovation","category-ma-prime-adapt"],"yoast_head":"<!-- This site is optimized with the Yoast SEO plugin v14.9 - https:\/\/yoast.com\/wordpress\/plugins\/seo\/ -->\n<title>Quel est le montant de Ma Prime Adapt&#039; en 2025 ? | Mes-Allocs.fr<\/title>\n<meta name=\"description\" content=\"Ma Prime Adapt est une aide destin\u00e9e aux travaux d&#039;adaptation du logement pour les personnes \u00e2g\u00e9es. On vous explique quel est son montant !\" \/>\n<meta name=\"robots\" content=\"index, follow, max-snippet:-1, max-image-preview:large, max-video-preview:-1\" \/>\n<link rel=\"canonical\" href=\"https:\/\/www.mes-allocs.fr\/guides\/aide-renovation\/ma-prime-adapt\/ma-prime-adapt-montant\/\" \/>\n<meta property=\"og:locale\" content=\"fr_FR\" \/>\n<meta property=\"og:type\" content=\"article\" \/>\n<meta property=\"og:title\" content=\"Quel est le montant de Ma Prime Adapt&#039; en 2025 ? | Mes-Allocs.fr\" \/>\n<meta property=\"og:description\" content=\"Ma Prime Adapt est une aide destin\u00e9e aux travaux d&#039;adaptation du logement pour les personnes \u00e2g\u00e9es. On vous explique quel est son montant !\" \/>\n<meta property=\"og:url\" content=\"https:\/\/www.mes-allocs.fr\/guides\/aide-renovation\/ma-prime-adapt\/ma-prime-adapt-montant\/\" \/>\n<meta property=\"og:site_name\" content=\"Mes-Allocs.fr\" \/>\n<meta property=\"article:published_time\" content=\"2024-02-09T15:39:38+00:00\" \/>\n<meta property=\"article:modified_time\" content=\"2026-04-22T09:55:17+00:00\" \/>\n<meta property=\"og:image\" content=\"https:\/\/www.mes-allocs.fr\/guides\/wp-content\/uploads\/2024\/02\/hands-4344711_1280.jpg?wsr\" \/>\n\t<meta property=\"og:image:width\" content=\"1280\" \/>\n\t<meta property=\"og:image:height\" content=\"853\" \/>\n<meta name=\"twitter:card\" content=\"summary_large_image\" \/>\n<script type=\"application\/ld+json\" class=\"yoast-schema-graph\">{\"@context\":\"https:\/\/schema.org\",\"@graph\":[{\"@type\":\"WebSite\",\"@id\":\"https:\/\/www.mes-allocs.fr\/guides\/#website\",\"url\":\"https:\/\/www.mes-allocs.fr\/guides\/\",\"name\":\"Mes-Allocs.fr\",\"description\":\"\",\"potentialAction\":[{\"@type\":\"SearchAction\",\"target\":\"https:\/\/www.mes-allocs.fr\/guides\/?s={search_term_string}\",\"query-input\":\"required name=search_term_string\"}],\"inLanguage\":\"fr-FR\"},{\"@type\":\"ImageObject\",\"@id\":\"https:\/\/www.mes-allocs.fr\/guides\/aide-renovation\/ma-prime-adapt\/ma-prime-adapt-montant\/#primaryimage\",\"inLanguage\":\"fr-FR\",\"url\":\"https:\/\/www.mes-allocs.fr\/guides\/wp-content\/uploads\/2024\/02\/hands-4344711_1280.jpg?wsr\",\"width\":1280,\"height\":853,\"caption\":\"Ma prime adapt montant\"},{\"@type\":\"WebPage\",\"@id\":\"https:\/\/www.mes-allocs.fr\/guides\/aide-renovation\/ma-prime-adapt\/ma-prime-adapt-montant\/#webpage\",\"url\":\"https:\/\/www.mes-allocs.fr\/guides\/aide-renovation\/ma-prime-adapt\/ma-prime-adapt-montant\/\",\"name\":\"Quel est le montant de Ma Prime Adapt' en 2025 ? | Mes-Allocs.fr\",\"isPartOf\":{\"@id\":\"https:\/\/www.mes-allocs.fr\/guides\/#website\"},\"primaryImageOfPage\":{\"@id\":\"https:\/\/www.mes-allocs.fr\/guides\/aide-renovation\/ma-prime-adapt\/ma-prime-adapt-montant\/#primaryimage\"},\"datePublished\":\"2024-02-09T15:39:38+00:00\",\"dateModified\":\"2026-04-22T09:55:17+00:00\",\"author\":{\"@id\":\"https:\/\/www.mes-allocs.fr\/guides\/#\/schema\/person\/7a9b61e7b715d477066a9f941c0440c7\"},\"description\":\"Ma Prime Adapt est une aide destin\\u00e9e aux travaux d'adaptation du logement pour les personnes \\u00e2g\\u00e9es. On vous explique quel est son montant !\",\"inLanguage\":\"fr-FR\"},{\"@type\":\"Person\",\"@id\":\"https:\/\/www.mes-allocs.fr\/guides\/#\/schema\/person\/7a9b61e7b715d477066a9f941c0440c7\",\"name\":\"L\\u00e9o Martin\",\"image\":{\"@type\":\"ImageObject\",\"@id\":\"https:\/\/www.mes-allocs.fr\/guides\/#personlogo\",\"inLanguage\":\"fr-FR\",\"url\":\"https:\/\/www.mes-allocs.fr\/guides\/wp-content\/uploads\/2023\/12\/1635317753781-e1701432075572-150x150.jpg\",\"caption\":\"L\\u00e9o Martin\"},\"description\":\"L\\u00e9o est r\\u00e9dacteur au sein de l'\\u00e9quipe Mes Allocs, sp\\u00e9cialis\\u00e9 sur les th\\u00e9matiques pouvoir d'achat et aides. Il rejoint Mes Allocs apr\\u00e8s une premi\\u00e8re exp\\u00e9rience en tant que journaliste chez La Gazette Cagnoise et Nice Presse.\",\"sameAs\":[\"https:\/\/www.linkedin.com\/in\/lo-martin-3429bb224\"]}]}<\/script>\n<!-- \/ Yoast SEO plugin. -->","amp_validity":null,"acf":{"faq":{"1":{"question":"\u00c0 quoi sert Ma Prime Adapt ?","answer":"Ma Prime Adapt est une aide destin\u00e9e aux seniors et aux personnes \u00e2g\u00e9es en situation de handicap. Cette aide vise \u00e0 financer des travaux d'adaptation du logement afin de permettre au grand nombre de vivre \u00e0 domicile le plus longtemps possible gr\u00e2ce aux am\u00e9nagements.\r\n\r\n"},"2":{"question":"Quel est le montant de cette aide ?","answer":"Ma Prime Adapt peut financer 50 % ou 70 % de vos travaux en fonction de vos ressources. Par ailleurs, ces aides sont cumulables avec les aides locales et les aides \u00e0 la r\u00e9novation \u00e9nerg\u00e9tique.\r\n\r\n"},"3":{"question":"Comment faire la demande ?","answer":"Pour b\u00e9n\u00e9ficier de Ma Prime Adapt, vous devez appeler un conseiller France Renov\u2019 pour pr\u00e9ciser mon projet. Ensuite, France Renov\u2019 vous met en relation avec un artisan, qui fera un diagnostic des projets. Une fois le diagnostic r\u00e9alis\u00e9 vous devez d\u00e9poser votre demande de subvention en ligne ou par papier. Une fois les travaux r\u00e9alis\u00e9s, vous toucherez la subvention."},"4":{"question":"Quels sont les travaux possibles avec Ma Prime Adapt ?","answer":"Les travaux d'adaptation concernent plusieurs \u00e9l\u00e9ments de la maison. Il est possible d\u2019avoir par exemple, le remplacement de la baignoire par une douche de plain-pied. L\u2019installation d\u2019un monte-escalier \u00e9lectrique ou encore la pose de mains courantes. etc."},"5":{"question":"Qui peut b\u00e9n\u00e9ficier de cette aide ?","answer":"Vous devez r\u00e9pondre \u00e0 plusieurs crit\u00e8res comme \u00eatre \u00e2g\u00e9 de 70 ans, \u00eatre propri\u00e9taire, avoir des revenus modestes etc...\r\n\r\n"},"6":{"question":"","answer":""},"7":{"question":"","answer":""},"8":{"question":"","answer":""},"9":{"question":"","answer":""},"10":{"question":"","answer":""},"11":{"question":"","answer":""},"12":{"question":"","answer":""},"13":{"question":"","answer":""},"14":{"question":"","answer":""},"15":{"question":"","answer":""},"16":{"question":"","answer":""}}},"_links":{"self":[{"href":"https:\/\/www.mes-allocs.fr\/guides\/wp-json\/wp\/v2\/posts\/74368","targetHints":{"allow":["GET"]}}],"collection":[{"href":"https:\/\/www.mes-allocs.fr\/guides\/wp-json\/wp\/v2\/posts"}],"about":[{"href":"https:\/\/www.mes-allocs.fr\/guides\/wp-json\/wp\/v2\/types\/post"}],"author":[{"embeddable":true,"href":"https:\/\/www.mes-allocs.fr\/guides\/wp-json\/wp\/v2\/users\/27"}],"replies":[{"embeddable":true,"href":"https:\/\/www.mes-allocs.fr\/guides\/wp-json\/wp\/v2\/comments?post=74368"}],"version-history":[{"count":11,"href":"https:\/\/www.mes-allocs.fr\/guides\/wp-json\/wp\/v2\/posts\/74368\/revisions"}],"predecessor-version":[{"id":110988,"href":"https:\/\/www.mes-allocs.fr\/guides\/wp-json\/wp\/v2\/posts\/74368\/revisions\/110988"}],"wp:featuredmedia":[{"embeddable":true,"href":"https:\/\/www.mes-allocs.fr\/guides\/wp-json\/wp\/v2\/media\/74370"}],"wp:attachment":[{"href":"https:\/\/www.mes-allocs.fr\/guides\/wp-json\/wp\/v2\/media?parent=74368"}],"wp:term":[{"taxonomy":"category","embeddable":true,"href":"https:\/\/www.mes-allocs.fr\/guides\/wp-json\/wp\/v2\/categories?post=74368"},{"taxonomy":"post_tag","embeddable":true,"href":"https:\/\/www.mes-allocs.fr\/guides\/wp-json\/wp\/v2\/tags?post=74368"}],"curies":[{"name":"wp","href":"https:\/\/api.w.org\/{rel}","templated":true}]}}