{"id":74300,"date":"2024-02-06T12:04:08","date_gmt":"2024-02-06T10:04:08","guid":{"rendered":"https:\/\/www.mes-allocs.fr\/guides\/?p=74300"},"modified":"2026-04-22T10:55:18","modified_gmt":"2026-04-22T09:55:18","slug":"smic-charge","status":"publish","type":"post","link":"https:\/\/www.mes-allocs.fr\/guides\/smic\/smic-charge\/","title":{"rendered":"Quelles sont les charges patronales sur un salaire au SMIC ?"},"content":{"rendered":"<p><img loading=\"lazy\" decoding=\"async\" class=\"alignnone wp-image-74301 size-full\" title=\"Smic horaire charg\u00e9\" src=\"https:\/\/www.mes-allocs.fr\/guides\/wp-content\/uploads\/2024\/02\/bookkeeping-615384_1280-e1707213612644.jpg\" alt=\"Smic horaire charg\u00e9\" width=\"1280\" height=\"419\" srcset=\"https:\/\/www.mes-allocs.fr\/guides\/wp-content\/uploads\/2024\/02\/bookkeeping-615384_1280-e1707213612644.jpg 1280w, https:\/\/www.mes-allocs.fr\/guides\/wp-content\/uploads\/2024\/02\/bookkeeping-615384_1280-e1707213612644-300x98.jpg 300w, https:\/\/www.mes-allocs.fr\/guides\/wp-content\/uploads\/2024\/02\/bookkeeping-615384_1280-e1707213612644-1024x335.jpg 1024w, https:\/\/www.mes-allocs.fr\/guides\/wp-content\/uploads\/2024\/02\/bookkeeping-615384_1280-e1707213612644-768x251.jpg 768w, https:\/\/www.mes-allocs.fr\/guides\/wp-content\/uploads\/2024\/02\/bookkeeping-615384_1280-e1707213612644-600x196.jpg 600w\" sizes=\"auto, (max-width: 1280px) 100vw, 1280px\" \/><\/p>\n<p>[Mis \u00e0 jour le 24\/02\/2026] D\u2019un point de vue financier, il est essentiel de comprendre que le co\u00fbt global d\u2019un salari\u00e9 r\u00e9mun\u00e9r\u00e9 au <a href=\"https:\/\/www.mes-allocs.fr\/guides\/smic\/\">SMIC<\/a> va bien au-del\u00e0 du simple montant du SMIC brut. En plus du salaire de base, des cotisations sociales viennent s\u2019ajouter, repr\u00e9sentant une part importante du co\u00fbt total. Par ailleurs, certaines primes et avantages en nature, bien que ne figurant pas dans le calcul du SMIC, peuvent \u00eatre accord\u00e9s en fonction des conditions de travail, de l\u2019anciennet\u00e9 ou encore des performances du salari\u00e9. Mes Allocs vous explique tout sur les <strong>charges patronales sur un salaire au SMIC<\/strong>.<\/p>\n<div class='cta-block'><div class='text'>Simulez toutes vos Aides en 2 min.<\/div><a href='https:\/\/www.mes-allocs.fr\/ab-app?origin=guides\/wp-json\/wp\/v2\/posts\/74300' class='app-button fit'>Simulation gratuite<\/a><\/div>\n<h1><strong>D\u00e9finition et calcul du SMIC charg\u00e9\u00a0<\/strong><\/h1>\n<h2><strong>Qu\u2019est-ce que le Smic charg\u00e9 ?\u00a0<\/strong><\/h2>\n<p><span style=\"font-weight: 400;\">Pour mieux appr\u00e9hender la r\u00e9partition des charges sociales (employeur et salariales), clarifions et distinguons les concepts de salaire net, brut et \u00ab\u00a0charg\u00e9\u00a0\u00bb.<\/span><\/p>\n<p><span style=\"font-weight: 400;\">Le salaire brut d\u00e9signe les montants re\u00e7us par l&#8217;employ\u00e9, augment\u00e9s de la part salariale. Pour passer du salaire brut au salaire net (le montant net \u00e0 recevoir indiqu\u00e9 sur les bulletins de salaire), il est n\u00e9cessaire de d\u00e9duire les charges salariales pr\u00e9lev\u00e9es \u00e0 la source.<\/span><\/p>\n<p><strong>Le salaire \u00ab\u00a0charg\u00e9\u00a0\u00bb se r\u00e9f\u00e8re au salaire brut augment\u00e9 des charges patronales et des co\u00fbts indirects assum\u00e9s par l&rsquo;entreprise.<\/strong><\/p>\n<p><span style=\"font-weight: 400;\">Pour simplifier, voici les calculs correspondants :<\/span><\/p>\n<p><strong>Salaire brut = montant per\u00e7u par le salari\u00e9 + charges salariales<\/strong><\/p>\n<p><strong>Salaire charg\u00e9 = salaire brut + cotisations patronales + co\u00fbts indirects assum\u00e9s par l&rsquo;entreprise<\/strong><\/p>\n<h2><strong>Calcul du SMIC charg\u00e9\u00a0<\/strong><\/h2>\n<p><span style=\"font-weight: 400;\">\u00c0 partir du 1er janvier 2026, le salaire minimum interprofessionnel de croissance (SMIC) mensuel net, bas\u00e9 sur 35 heures de travail par semaine, s&rsquo;\u00e9l\u00e8ve \u00e0 1 443,11 \u20ac net et \u00e0 1 823,03 \u20ac brut.<\/span><\/p>\n<p><span style=\"font-weight: 400;\">Le taux horaire brut du SMIC est donc fix\u00e9 \u00e0 12,02 \u20ac depuis le d\u00e9but de l&rsquo;ann\u00e9e 2026.<\/span><\/p>\n<h1><strong>Le co\u00fbt d&rsquo;un salari\u00e9 et taux de charge patronale<\/strong><\/h1>\n<h2><strong>Combien co\u00fbte un salari\u00e9 au SMIC ?\u00a0<\/strong><\/h2>\n<p><span style=\"font-weight: 400;\">Ce calcul ne prend pas en consid\u00e9ration tous les co\u00fbts associ\u00e9s \u00e0 l&#8217;embauche d&rsquo;un salari\u00e9 r\u00e9mun\u00e9r\u00e9 au salaire minimum. En plus des cotisations patronales obligatoires, il est \u00e9galement n\u00e9cessaire de prendre en compte d&rsquo;\u00e9ventuels compl\u00e9ments de salaire pour obtenir une vision plus exhaustive des co\u00fbts. <\/span><span style=\"font-weight: 400;\"><strong>Selon les cas, ces cotisations varient entre 22% et 42% du salaire brut<\/strong>. Cela n&rsquo;est donc pas anodin pour l&#8217;employeur.<\/span><\/p>\n<p><span style=\"font-weight: 400;\">Pour int\u00e9grer l&rsquo;ensemble des d\u00e9penses, il est essentiel de consid\u00e9rer, par exemple, les frais li\u00e9s \u00e0 l&rsquo;am\u00e9nagement du poste de travail (tels que l&rsquo;achat de mobilier ou d&rsquo;un ordinateur) ainsi que d&rsquo;autres d\u00e9penses non incluses dans le salaire net :<\/span><\/p>\n<ul>\n<li style=\"font-weight: 400;\" aria-level=\"1\"><span style=\"font-weight: 400;\">Indemnit\u00e9s de cong\u00e9s pay\u00e9s<\/span><\/li>\n<li style=\"font-weight: 400;\" aria-level=\"1\"><span style=\"font-weight: 400;\">Remboursement partiel des frais de transport en commun (50 %)<\/span><\/li>\n<li style=\"font-weight: 400;\" aria-level=\"1\"><span style=\"font-weight: 400;\">Avantages comme les tickets restaurant<\/span><\/li>\n<li style=\"font-weight: 400;\" aria-level=\"1\"><span style=\"font-weight: 400;\">Prime d&rsquo;int\u00e9ressement \u00e9ventuelle, etc.<\/span><\/li>\n<\/ul>\n<p><span style=\"font-weight: 400;\">Prenons l&rsquo;exemple d&rsquo;un salaire brut de 2 000 \u20ac. Apr\u00e8s d\u00e9duction des charges salariales,<strong> le salaire net s&rsquo;\u00e9l\u00e8ve \u00e0 1 540 \u20ac, et cela entra\u00eene des charges patronales de 840 \u20ac.<\/strong> La somme totale que l&#8217;employeur d\u00e9bourse pour ce salari\u00e9, soit 2840\u20ac, correspond \u00e0 ce qu&rsquo;on appelle le \u00ab\u00a0super brut\u00a0\u00bb.<\/span><\/p>\n<p><span style=\"font-weight: 400;\">Le super brut repr\u00e9sente g\u00e9n\u00e9ralement 182% du salaire net touch\u00e9 par l&#8217;employ\u00e9, sauf en cas d&rsquo;application de dispositifs sp\u00e9cifiques tels que la r\u00e9duction des charges sur les bas salaires ou le Cr\u00e9dit d&rsquo;Imp\u00f4t Comp\u00e9titivit\u00e9 Emploi (CICE).<\/span><\/p>\n<h2><strong>Comment r\u00e9duire le co\u00fbt d\u2019un salari\u00e9 ?\u00a0<\/strong><\/h2>\n<p><span style=\"font-weight: 400;\">Le <\/span><b>calcul du co\u00fbt d\u2019un salari\u00e9<\/b><span style=\"font-weight: 400;\"> ne peut pas faire l\u2019objet d\u2019une grande modulation, le salaire brut minimum \u00e9tant fix\u00e9 par <\/span><b>la loi ou la convention collective<\/b><span style=\"font-weight: 400;\">, et les <\/span><b>charges sociales salariales et patronales<\/b><span style=\"font-weight: 400;\"> par la loi.\u00a0<\/span><\/p>\n<p><span style=\"font-weight: 400;\">Ainsi, le co\u00fbt d&rsquo;un salari\u00e9 au SMIC diff\u00e8re du co\u00fbt d\u2019un salari\u00e9 soumis au salaire minimum conventionnel pr\u00e9vu par la convention collective.\u00a0<\/span><\/p>\n<p><span style=\"font-weight: 400;\">Toutefois, l\u2019\u00c9tat a mis en place des dispositifs d\u2019<\/span><b>aide \u00e0 l\u2019embauche<\/b><span style=\"font-weight: 400;\"> afin d\u2019encourager et de faciliter l\u2019embauche des salari\u00e9s par les entreprises. L\u2019employeur peut \u00e9galement pr\u00e9tendre \u00e0 un <\/span><b>all\u00e8gement des cotisations sociales employeurs<\/b><span style=\"font-weight: 400;\">, ou \u00e0 une <\/span><b>exon\u00e9ration des cotisations sociales employeurs<\/b><span style=\"font-weight: 400;\"> en fonction de la situation de l&rsquo;entreprise.\u00a0<\/span><\/p>\n<h2><strong>Taux de charge patronale\u00a0<\/strong><\/h2>\n<p><span style=\"font-weight: 400;\"><strong>Le pourcentage des charges sociales patronales varie entre 25% et 42% du salaire brut, ce qui \u00e9quivaut \u00e0 environ 54% du salaire net.<\/strong> Par exemple, pour un salaire brut de 1 282 \u20ac, les charges sociales patronales s&rsquo;\u00e9l\u00e8vent \u00e0 538 \u20ac(repr\u00e9sentant 42% du salaire brut et environ 54% d&rsquo;un salaire net de 1 000 \u20ac).<\/span><\/p>\n<p><span style=\"font-weight: 400;\">Dans le cas o\u00f9 le salari\u00e9 b\u00e9n\u00e9ficie du Cr\u00e9dit d\u2019Imp\u00f4t Comp\u00e9titivit\u00e9 Emploi (CICE) ou si le salaire n&rsquo;exc\u00e8de pas 3 612 \u20ac, le taux des charges patronales est fix\u00e9 \u00e0 36% du salaire brut, \u00e9quivalant \u00e0 environ 46% du salaire net.<\/span><\/p>\n<p><span style=\"font-weight: 400;\">Les cotisations patronales repr\u00e9sentent des taxes ou des imp\u00f4ts \u00e0 caract\u00e8re social que l&#8217;employeur verse aux organismes de protection sociale. Elles ne sont pas d\u00e9duites du salaire des salari\u00e9s car elles sont \u00e0 la charge de l&#8217;employeur. Bien qu&rsquo;elles apparaissent sur la fiche de paie, l&#8217;employeur ne peut d\u00e9duire que les charges salariales du salaire brut.<\/span><\/p>\n<p><span style=\"font-weight: 400;\">Il est important de noter que le pourcentage des charges patronales est g\u00e9n\u00e9ralement plus \u00e9lev\u00e9 que celui des charges salariales.<\/span><\/p>\n<p><span style=\"font-weight: 400;\">Voici une liste des <strong>principales charges patronales<\/strong> auxquelles l&#8217;employeur doit s&rsquo;acquitter :<\/span><\/p>\n<ul>\n<li style=\"font-weight: 400;\" aria-level=\"1\"><span style=\"font-weight: 400;\">Assurance maladie, maternit\u00e9, invalidit\u00e9, d\u00e9c\u00e8s<\/span><\/li>\n<li style=\"font-weight: 400;\" aria-level=\"1\"><span style=\"font-weight: 400;\">Assurance vieillesse<\/span><\/li>\n<li style=\"font-weight: 400;\" aria-level=\"1\"><span style=\"font-weight: 400;\">Allocations familiales<\/span><\/li>\n<li style=\"font-weight: 400;\" aria-level=\"1\"><span style=\"font-weight: 400;\">Cotisations accidents du travail et maladies professionnelles<\/span><\/li>\n<li style=\"font-weight: 400;\" aria-level=\"1\"><span style=\"font-weight: 400;\">Contribution au Fonds National d&rsquo;Aide au Logement (FNAL)<\/span><\/li>\n<li style=\"font-weight: 400;\" aria-level=\"1\"><span style=\"font-weight: 400;\">Versement mobilit\u00e9<\/span><\/li>\n<li style=\"font-weight: 400;\" aria-level=\"1\"><span style=\"font-weight: 400;\">Contribution Solidarit\u00e9 Autonomie (CSA)<\/span><\/li>\n<li style=\"font-weight: 400;\" aria-level=\"1\"><span style=\"font-weight: 400;\">Contribution au dialogue social<\/span><\/li>\n<li style=\"font-weight: 400;\" aria-level=\"1\"><span style=\"font-weight: 400;\">Cotisation AGS (Garantie des Salaires)<\/span><\/li>\n<li style=\"font-weight: 400;\" aria-level=\"1\"><span style=\"font-weight: 400;\">Contribution d&rsquo;assurance ch\u00f4mage<\/span><\/li>\n<li style=\"font-weight: 400;\" aria-level=\"1\"><span style=\"font-weight: 400;\">Cotisation de retraite compl\u00e9mentaire (AGIRC-ARRCO)<\/span><\/li>\n<li style=\"font-weight: 400;\" aria-level=\"1\"><span style=\"font-weight: 400;\">Contribution d&rsquo;\u00e9quilibre g\u00e9n\u00e9ral (CEG)<\/span><\/li>\n<li style=\"font-weight: 400;\" aria-level=\"1\"><span style=\"font-weight: 400;\">Contribution d&rsquo;\u00e9quilibre technique (CET), uniquement pour les salari\u00e9s dont les revenus d\u00e9passent le plafond de la s\u00e9curit\u00e9 sociale<\/span><\/li>\n<li style=\"font-weight: 400;\" aria-level=\"1\"><span style=\"font-weight: 400;\">Cotisation APEC (Association pour l&rsquo;Emploi des Cadres)<\/span><\/li>\n<li style=\"font-weight: 400;\" aria-level=\"1\"><span style=\"font-weight: 400;\">Cotisation de pr\u00e9voyance des cadres<\/span><\/li>\n<li style=\"font-weight: 400;\" aria-level=\"1\"><span style=\"font-weight: 400;\">Forfait social<\/span><\/li>\n<li style=\"font-weight: 400;\" aria-level=\"1\"><span style=\"font-weight: 400;\">Taxe d&rsquo;apprentissage<\/span><\/li>\n<li style=\"font-weight: 400;\" aria-level=\"1\"><span style=\"font-weight: 400;\">Contribution \u00e0 la formation professionnelle<\/span><\/li>\n<li style=\"font-weight: 400;\" aria-level=\"1\"><span style=\"font-weight: 400;\">Participation \u00e0 l&rsquo;effort de construction (PEEC) pour les entreprises comptant au moins 50 salari\u00e9s<\/span><\/li>\n<li style=\"font-weight: 400;\" aria-level=\"1\"><span style=\"font-weight: 400;\">Contribution au Compte Personnel de Formation (CPF) pour les contrats \u00e0 dur\u00e9e d\u00e9termin\u00e9e (CDD)<\/span><\/li>\n<\/ul>\n<h2><b>All\u00e8gements de charges sur le Smic\u00a0<\/b><\/h2>\n<p><span style=\"font-weight: 400;\">Les employeurs peuvent b\u00e9n\u00e9ficier d&rsquo;une<\/span><b> r\u00e9duction des cotisations patronales<\/b><span style=\"font-weight: 400;\">, appel\u00e9e aussi <\/span><b>z\u00e9ro cotisation Urssaf<\/b><span style=\"font-weight: 400;\">. Cet all\u00e8gement s&rsquo;applique aux salaires inf\u00e9rieurs \u00e0 <\/span><b>1,6 fois le SMIC brut<\/b><span style=\"font-weight: 400;\">, soit 2 882,88 \u20ac brut mensuel en 2026.<\/span><\/p>\n<p><span style=\"font-weight: 400;\">Tous les salari\u00e9s en entreprise sont concern\u00e9s, y compris en temps partiel et en alternance. Les particuliers employeurs sont exclus.<\/span><\/p>\n<p><span style=\"font-weight: 400;\">La r\u00e9duction s&rsquo;applique aux cotisations suivantes :<\/span><\/p>\n<ul>\n<li style=\"font-weight: 400;\" aria-level=\"1\"><span style=\"font-weight: 400;\">S\u00e9curit\u00e9 sociale (maladie, maternit\u00e9, invalidit\u00e9, d\u00e9c\u00e8s, vieillesse).<\/span><\/li>\n<li style=\"font-weight: 400;\" aria-level=\"1\"><span style=\"font-weight: 400;\">Allocations familiales et Fonds national d&rsquo;aide au logement (Fnal).<\/span><\/li>\n<li style=\"font-weight: 400;\" aria-level=\"1\"><span style=\"font-weight: 400;\">Contribution solidarit\u00e9 autonomie (CSA).<\/span><\/li>\n<li style=\"font-weight: 400;\" aria-level=\"1\"><span style=\"font-weight: 400;\">Retraite compl\u00e9mentaire obligatoire et assurance ch\u00f4mage.<\/span><\/li>\n<li style=\"font-weight: 400;\" aria-level=\"1\"><span style=\"font-weight: 400;\">Accidents du travail (limit\u00e9 \u00e0 0,55 % du salaire).<\/span><\/li>\n<\/ul>\n<p><span style=\"font-weight: 400;\">L\u2019Urssaf fournit automatiquement les taux et coefficients pour le calcul de la r\u00e9duction.<\/span><\/p>\n<p><iframe loading=\"lazy\" title=\"Le SMIC\" width=\"500\" height=\"281\" src=\"https:\/\/www.youtube.com\/embed\/VhMq81FWISA?feature=oembed\" frameborder=\"0\" allow=\"accelerometer; autoplay; clipboard-write; encrypted-media; gyroscope; picture-in-picture; web-share\" referrerpolicy=\"strict-origin-when-cross-origin\" allowfullscreen><\/iframe><\/p>\n<h1>Montant et calcul du Smic net<\/h1>\n<h2><b>Montant du SMIC net en 2026<\/b><\/h2>\n<p><span style=\"font-weight: 400;\">Voici le montant du <a href=\"https:\/\/www.mes-allocs.fr\/guides\/smic\/smic-net\/\">Smic net<\/a> en 2026:<\/span><\/p>\n<p><span style=\"font-weight: 400;\">\n<div class=\"wpdt-c row wpDataTableContainerSimpleTable wpDataTables wpDataTablesWrapper\n\"\n    >\n    <table id=\"wpdtSimpleTable-520\"\n           class=\"wpdtSimpleTable wpDataTable\"\n           data-column=\"2\"\n           data-rows=\"4\"\n           data-wpID=\"520\"\n           data-responsive=\"0\"\n           data-has-header=\"1\">\n\n                    <thead>        <tr class=\"wpdt-cell-row \" >\n                            <th class=\"wpdt-cell wpdt-bold wpdt-bc-F3F9FE\"\n                                    data-cell-id=\"A1\"\n                data-col-index=\"0\"\n                data-row-index=\"0\"\n                style=\" width:50%;                padding:10px;\"\n                >\n                                SMIC net 2026                <\/th>\n                                            <th class=\"wpdt-cell wpdt-bold wpdt-bc-F3F9FE\"\n                                    data-cell-id=\"B1\"\n                data-col-index=\"1\"\n                data-row-index=\"0\"\n                style=\" width:50%;                padding:10px;\"\n                >\n                                Montant du SMIC net                <\/th>\n                                        <\/tr>\n                    <tbody>        <tr class=\"wpdt-cell-row \" >\n                            <td class=\"wpdt-cell \"\n                                    data-cell-id=\"A2\"\n                data-col-index=\"0\"\n                data-row-index=\"1\"\n                style=\"                padding:10px;\"\n                >\n                                SMIC horaire                <\/td>\n                                            <td class=\"wpdt-cell \"\n                                    data-cell-id=\"B2\"\n                data-col-index=\"1\"\n                data-row-index=\"1\"\n                style=\"                padding:10px;\"\n                >\n                                9,52 \u20ac                <\/td>\n                                        <\/tr>\n                            <tr class=\"wpdt-cell-row \" >\n                            <td class=\"wpdt-cell \"\n                                    data-cell-id=\"A3\"\n                data-col-index=\"0\"\n                data-row-index=\"2\"\n                style=\"                padding:10px;\"\n                >\n                                SMIC mensuel                <\/td>\n                                            <td class=\"wpdt-cell \"\n                                    data-cell-id=\"B3\"\n                data-col-index=\"1\"\n                data-row-index=\"2\"\n                style=\"                padding:10px;\"\n                >\n                                1 443,11 \u20ac                <\/td>\n                                        <\/tr>\n                            <tr class=\"wpdt-cell-row \" >\n                            <td class=\"wpdt-cell \"\n                                    data-cell-id=\"A4\"\n                data-col-index=\"0\"\n                data-row-index=\"3\"\n                style=\"                padding:10px;\"\n                >\n                                SMIC annuel                <\/td>\n                                            <td class=\"wpdt-cell \"\n                                    data-cell-id=\"B4\"\n                data-col-index=\"1\"\n                data-row-index=\"3\"\n                style=\"                padding:10px;\"\n                >\n                                17 317,32 \u20ac                <\/td>\n                                        <\/tr>\n                    <\/table>\n<\/div><style id='wpdt-custom-style-520'>\ntable#wpdtSimpleTable-520{ table-layout: fixed !important; }\n.wpdt-bc-F3F9FE { background-color: #F3F9FE !important;}\n<\/style>\n<\/span><\/p>\n<p><span style=\"font-weight: 400;\">Le salaire minimum mensuel est bas\u00e9 sur un temps de travail de 35 heures par semaine, concernant ainsi les salari\u00e9s \u00e0 plein temps. \u00c0 partir du 1er janvier 2026, ce salaire minimum mensuel s&rsquo;\u00e9l\u00e8ve \u00e0 1 823,03 \u20ac brut. Apr\u00e8s d\u00e9duction des charges fiscales et sociales,<\/span><span style=\"font-weight: 400;\"> le montant net du salaire minimum mensuel est de 1 443,11 \u20ac net.<\/span><\/p>\n<h2><strong>Calcul du SMIC net\u00a0<\/strong><\/h2>\n<p><span style=\"font-weight: 400;\">Pour calculer le salaire minimum interprofessionnel de croissance (SMIC) net mensuel, vous multipliez le taux horaire du SMIC net par le nombre d\u2019heures hebdomadaires travaill\u00e9es, puis vous multipliez le r\u00e9sultat par 52 semaines (nombre de semaines dans une ann\u00e9e), et enfin, vous divisez le tout par 12 mois dans une ann\u00e9e. La formule de calcul du Smic brut mensuel est donc la suivante :<\/span><\/p>\n<p><b>SMIC horaire net X (nombre d\u2019heures hebdomadaire X 52) \/ 12<\/b><\/p>\n<p><span style=\"font-weight: 400;\">Cette formule permet de calculer le montant du SMIC brut mensuel aussi bien pour un travail \u00e0 temps plein que pour un travail \u00e0 temps partiel.\u00a0<\/span><\/p>\n<div class='cta-block'><div class='text'>Simulez toutes vos Aides en 2 min.<\/div><a href='https:\/\/www.mes-allocs.fr\/ab-app?origin=guides\/wp-json\/wp\/v2\/posts\/74300' class='app-button fit'>Simulation gratuite<\/a><\/div>\n<h1><b>SMIC Brut 2026 et salaire minimum\u00a0<\/b><\/h1>\n<h2><b>Montant du SMIC brut en 2026<\/b><\/h2>\n<p><span style=\"font-weight: 400;\">En 2026, voici le montant du <a href=\"https:\/\/www.mes-allocs.fr\/guides\/smic\/smic-brut\/\">SMIC brut<\/a> :<\/span><\/p>\n<p><span style=\"font-weight: 400;\">\n<div class=\"wpdt-c row wpDataTableContainerSimpleTable wpDataTables wpDataTablesWrapper\n\"\n    >\n    <table id=\"wpdtSimpleTable-521\"\n           class=\"wpdtSimpleTable wpDataTable\"\n           data-column=\"2\"\n           data-rows=\"4\"\n           data-wpID=\"521\"\n           data-responsive=\"0\"\n           data-has-header=\"1\">\n\n                    <thead>        <tr class=\"wpdt-cell-row \" >\n                            <th class=\"wpdt-cell wpdt-bold wpdt-bc-F3F9FE\"\n                                    data-cell-id=\"A1\"\n                data-col-index=\"0\"\n                data-row-index=\"0\"\n                style=\" width:50%;                padding:10px;\"\n                >\n                                SMIC brut 2026                <\/th>\n                                            <th class=\"wpdt-cell wpdt-bold wpdt-bc-F3F9FE\"\n                                    data-cell-id=\"B1\"\n                data-col-index=\"1\"\n                data-row-index=\"0\"\n                style=\" width:50%;                padding:10px;\"\n                >\n                                Montant du SMIC brut                <\/th>\n                                        <\/tr>\n                    <tbody>        <tr class=\"wpdt-cell-row \" style=\"height:68px;\">\n                            <td class=\"wpdt-cell \"\n                                    data-cell-id=\"A2\"\n                data-col-index=\"0\"\n                data-row-index=\"1\"\n                style=\"                padding:10px;\"\n                >\n                                Montant horaire brut                <\/td>\n                                            <td class=\"wpdt-cell \"\n                                    data-cell-id=\"B2\"\n                data-col-index=\"1\"\n                data-row-index=\"1\"\n                style=\"                padding:10px;\"\n                >\n                                12,02 \u20ac                <\/td>\n                                        <\/tr>\n                            <tr class=\"wpdt-cell-row \" style=\"height:76px;\">\n                            <td class=\"wpdt-cell \"\n                                    data-cell-id=\"A3\"\n                data-col-index=\"0\"\n                data-row-index=\"2\"\n                style=\"                padding:10px;\"\n                >\n                                Montant brut mensuel                <\/td>\n                                            <td class=\"wpdt-cell \"\n                                    data-cell-id=\"B3\"\n                data-col-index=\"1\"\n                data-row-index=\"2\"\n                style=\"                padding:10px;\"\n                >\n                                1 823,03 \u20ac                <\/td>\n                                        <\/tr>\n                            <tr class=\"wpdt-cell-row \" >\n                            <td class=\"wpdt-cell \"\n                                    data-cell-id=\"A4\"\n                data-col-index=\"0\"\n                data-row-index=\"3\"\n                style=\"                padding:10px;\"\n                >\n                                Montant annuel brut                <\/td>\n                                            <td class=\"wpdt-cell \"\n                                    data-cell-id=\"B4\"\n                data-col-index=\"1\"\n                data-row-index=\"3\"\n                style=\"                padding:10px;\"\n                >\n                                21 876,36 \u20ac                <\/td>\n                                        <\/tr>\n                    <\/table>\n<\/div><style id='wpdt-custom-style-521'>\ntable#wpdtSimpleTable-521{ table-layout: fixed !important; }\n.wpdt-bc-F3F9FE { background-color: #F3F9FE !important;}\n<\/style>\n<\/span><\/p>\n<h2><b>Calcul du SMIC brut<\/b><\/h2>\n<p><span style=\"font-weight: 400;\">Certains \u00e9l\u00e9ments de r\u00e9mun\u00e9ration ne sont pas pris en compte dans le calcul du SMIC brut :\u00a0<\/span><\/p>\n<ul>\n<li style=\"font-weight: 400;\" aria-level=\"1\"><span style=\"font-weight: 400;\">la majoration des heures suppl\u00e9mentaires,\u00a0<\/span><\/li>\n<li style=\"font-weight: 400;\" aria-level=\"1\"><span style=\"font-weight: 400;\">le remboursement de frais tel que les frais de transport,\u00a0<\/span><\/li>\n<li style=\"font-weight: 400;\" aria-level=\"1\"><span style=\"font-weight: 400;\">les primes d&rsquo;int\u00e9ressement et de participation,<\/span><\/li>\n<li style=\"font-weight: 400;\" aria-level=\"1\"><span style=\"font-weight: 400;\">les primes d&rsquo;anciennet\u00e9, d&rsquo;assiduit\u00e9, ou li\u00e9es \u00e0 des conditions de travail particuli\u00e8res (par exemple, prime de froid),\u00a0<\/span><\/li>\n<li style=\"font-weight: 400;\" aria-level=\"1\"><span style=\"font-weight: 400;\">les primes de vacances ou de fin d&rsquo;ann\u00e9e, sauf si ces primes sont vers\u00e9es mensuellement par des acomptes.<\/span><\/li>\n<\/ul>\n<p><span style=\"font-weight: 400;\">Le SMIC brut mensuel se calcule en multipliant le taux horaire du Smic brut par le nombre d&rsquo;heures hebdomadaires travaill\u00e9es, puis en multipliant le r\u00e9sultat par 52 (nombre de semaines dans une ann\u00e9e) avant de le diviser par 12 (nombre de mois dans une ann\u00e9e).<\/span><\/p>\n<p><span style=\"font-weight: 400;\">La formule g\u00e9n\u00e9rale du SMIC brut mensuel est la suivante : <\/span><b>Smic horaire brut X (nombre d\u2019heures hebdomadaires X 52) \/ 12<\/b><\/p>\n<p><span style=\"font-weight: 400;\">Cette formule s\u2019applique aussi bien aux contrats \u00e0 temps plein qu\u2019\u00e0 temps partiel.<\/span><\/p>\n<p><b>Exemples de formules de calcul du SMIC brut 2026 selon les cas :\u00a0<\/b><\/p>\n<ul>\n<li style=\"font-weight: 400;\" aria-level=\"1\"><b>Temps plein (35h\/semaine) :<\/b><span style=\"font-weight: 400;\"> SMIC horaire brut x (35 x 52) \/ 12<\/span><\/li>\n<li style=\"font-weight: 400;\" aria-level=\"1\"><b>39h\/semaine avec majoration de 10 % au-del\u00e0 de 35h :<\/b><span style=\"font-weight: 400;\"> [(SMIC horaire brut x 35) + (SMIC horaire brut x 1.1 x 4)] x 52 \/ 12<\/span><\/li>\n<li style=\"font-weight: 400;\" aria-level=\"1\"><b>39h\/semaine avec majoration de 25 % au-del\u00e0 de 35h :<\/b><span style=\"font-weight: 400;\"> [(SMIC horaire brut x 35) + (SMIC horaire brut x 1.25 x 4)] x 52 \/ 12<\/span><\/li>\n<\/ul>\n<p><b>Temps partiel 28h\/semaine<\/b><span style=\"font-weight: 400;\"> : SMIC horaire brut x (28 x 52) \/ 12<\/span><\/p>\n<div class='cta-block'><div class='text'>Simulez toutes vos Aides en 2 min.<\/div><a href='https:\/\/www.mes-allocs.fr\/ab-app?origin=guides\/wp-json\/wp\/v2\/posts\/74300' class='app-button fit'>Simulation gratuite<\/a><\/div>\n","protected":false},"excerpt":{"rendered":"<p>[Mis \u00e0 jour le 24\/02\/2026] D\u2019un point de vue financier, il est essentiel de comprendre que le co\u00fbt global d\u2019un salari\u00e9 r\u00e9mun\u00e9r\u00e9 au SMIC va bien au-del\u00e0 du simple montant du SMIC brut. En plus du salaire de base, des cotisations sociales viennent s\u2019ajouter, repr\u00e9sentant une part importante du co\u00fbt total. Par ailleurs, certaines primes [&hellip;]<\/p>\n","protected":false},"author":27,"featured_media":74302,"comment_status":"open","ping_status":"open","sticky":false,"template":"","format":"standard","meta":{"amp_status":"","footnotes":""},"categories":[31211],"tags":[],"class_list":["post-74300","post","type-post","status-publish","format-standard","has-post-thumbnail","hentry","category-smic"],"yoast_head":"<!-- This site is optimized with the Yoast SEO plugin v14.9 - https:\/\/yoast.com\/wordpress\/plugins\/seo\/ -->\n<title>Quelles sont les charges patronales sur un salaire au SMIC ?<\/title>\n<meta name=\"description\" content=\"Le salaire &quot;charg\u00e9&quot; se r\u00e9f\u00e8re au salaire brut augment\u00e9 des charges patronales et des co\u00fbts indirects assum\u00e9s par l&#039;entreprise.\" \/>\n<meta name=\"robots\" content=\"index, follow, max-snippet:-1, max-image-preview:large, max-video-preview:-1\" \/>\n<link rel=\"canonical\" href=\"https:\/\/www.mes-allocs.fr\/guides\/smic\/smic-charge\/\" \/>\n<meta property=\"og:locale\" content=\"fr_FR\" \/>\n<meta property=\"og:type\" content=\"article\" \/>\n<meta property=\"og:title\" content=\"Quelles sont les charges patronales sur un salaire au SMIC ?\" \/>\n<meta property=\"og:description\" content=\"Le salaire &quot;charg\u00e9&quot; se r\u00e9f\u00e8re au salaire brut augment\u00e9 des charges patronales et des co\u00fbts indirects assum\u00e9s par l&#039;entreprise.\" \/>\n<meta property=\"og:url\" content=\"https:\/\/www.mes-allocs.fr\/guides\/smic\/smic-charge\/\" \/>\n<meta property=\"og:site_name\" content=\"Mes-Allocs.fr\" \/>\n<meta property=\"article:published_time\" content=\"2024-02-06T10:04:08+00:00\" \/>\n<meta property=\"article:modified_time\" content=\"2026-04-22T09:55:18+00:00\" \/>\n<meta property=\"og:image\" content=\"https:\/\/www.mes-allocs.fr\/guides\/wp-content\/uploads\/2024\/02\/calculator-385506_1280.jpg?wsr\" \/>\n\t<meta property=\"og:image:width\" content=\"1280\" \/>\n\t<meta property=\"og:image:height\" content=\"754\" \/>\n<meta name=\"twitter:card\" content=\"summary_large_image\" \/>\n<script type=\"application\/ld+json\" class=\"yoast-schema-graph\">{\"@context\":\"https:\/\/schema.org\",\"@graph\":[{\"@type\":\"WebSite\",\"@id\":\"https:\/\/www.mes-allocs.fr\/guides\/#website\",\"url\":\"https:\/\/www.mes-allocs.fr\/guides\/\",\"name\":\"Mes-Allocs.fr\",\"description\":\"\",\"potentialAction\":[{\"@type\":\"SearchAction\",\"target\":\"https:\/\/www.mes-allocs.fr\/guides\/?s={search_term_string}\",\"query-input\":\"required name=search_term_string\"}],\"inLanguage\":\"fr-FR\"},{\"@type\":\"ImageObject\",\"@id\":\"https:\/\/www.mes-allocs.fr\/guides\/smic\/smic-charge\/#primaryimage\",\"inLanguage\":\"fr-FR\",\"url\":\"https:\/\/www.mes-allocs.fr\/guides\/wp-content\/uploads\/2024\/02\/calculator-385506_1280.jpg?wsr\",\"width\":1280,\"height\":754,\"caption\":\"Smic horaire charg\\u00e9\"},{\"@type\":\"WebPage\",\"@id\":\"https:\/\/www.mes-allocs.fr\/guides\/smic\/smic-charge\/#webpage\",\"url\":\"https:\/\/www.mes-allocs.fr\/guides\/smic\/smic-charge\/\",\"name\":\"Quelles sont les charges patronales sur un salaire au SMIC ?\",\"isPartOf\":{\"@id\":\"https:\/\/www.mes-allocs.fr\/guides\/#website\"},\"primaryImageOfPage\":{\"@id\":\"https:\/\/www.mes-allocs.fr\/guides\/smic\/smic-charge\/#primaryimage\"},\"datePublished\":\"2024-02-06T10:04:08+00:00\",\"dateModified\":\"2026-04-22T09:55:18+00:00\",\"author\":{\"@id\":\"https:\/\/www.mes-allocs.fr\/guides\/#\/schema\/person\/7a9b61e7b715d477066a9f941c0440c7\"},\"description\":\"Le salaire \\\"charg\\u00e9\\\" se r\\u00e9f\\u00e8re au salaire brut augment\\u00e9 des charges patronales et des co\\u00fbts indirects assum\\u00e9s par l'entreprise.\",\"inLanguage\":\"fr-FR\"},{\"@type\":\"Person\",\"@id\":\"https:\/\/www.mes-allocs.fr\/guides\/#\/schema\/person\/7a9b61e7b715d477066a9f941c0440c7\",\"name\":\"L\\u00e9o Martin\",\"image\":{\"@type\":\"ImageObject\",\"@id\":\"https:\/\/www.mes-allocs.fr\/guides\/#personlogo\",\"inLanguage\":\"fr-FR\",\"url\":\"https:\/\/www.mes-allocs.fr\/guides\/wp-content\/uploads\/2023\/12\/1635317753781-e1701432075572-150x150.jpg\",\"caption\":\"L\\u00e9o Martin\"},\"description\":\"L\\u00e9o est r\\u00e9dacteur au sein de l'\\u00e9quipe Mes Allocs, sp\\u00e9cialis\\u00e9 sur les th\\u00e9matiques pouvoir d'achat et aides. Il rejoint Mes Allocs apr\\u00e8s une premi\\u00e8re exp\\u00e9rience en tant que journaliste chez La Gazette Cagnoise et Nice Presse.\",\"sameAs\":[\"https:\/\/www.linkedin.com\/in\/lo-martin-3429bb224\"]}]}<\/script>\n<!-- \/ Yoast SEO plugin. -->","amp_validity":null,"acf":{"faq":{"1":{"question":"Qu'est-ce que le SMIC charg\u00e9 ? ","answer":"Le salaire \"charg\u00e9\" se r\u00e9f\u00e8re au salaire brut augment\u00e9 des charges patronales et des co\u00fbts indirects assum\u00e9s par l'entreprise."},"2":{"question":"Quel est le taux de charge patronale ? ","answer":"Le pourcentage des charges sociales patronales varie entre 25% et 42% du salaire brut, ce qui \u00e9quivaut \u00e0 environ 54% du salaire net."},"3":{"question":"Combien co\u00fbte un salari\u00e9 au SMIC ? ","answer":"Prenons l'exemple d'un salaire brut de 2000 \u20ac. Apr\u00e8s d\u00e9duction des charges salariales, le salaire net s'\u00e9l\u00e8ve \u00e0 1 540 \u20ac, et cela entra\u00eene des charges patronales de 840 \u20ac. La somme totale que l'employeur d\u00e9bourse pour ce salari\u00e9, soit 2 840 \u20ac, correspond \u00e0 ce qu'on appelle le \"super brut\".\r\n"},"4":{"question":"Comment r\u00e9duire le co\u00fbt d\u2019un salari\u00e9 ? ","answer":"L\u2019\u00c9tat a mis en place des dispositifs d\u2019aide \u00e0 l\u2019embauche afin d\u2019encourager et de faciliter l\u2019embauche des salari\u00e9s par les entreprises. L\u2019employeur peut \u00e9galement pr\u00e9tendre \u00e0 un all\u00e8gement des cotisations sociales employeurs, ou \u00e0 une exon\u00e9ration des cotisations sociales employeurs en fonction de la situation de l'entreprise. \r\n"},"5":{"question":"Quelles sont les charges patronales pour un salaire de 2000 \u20ac ?","answer":"Pour un salaire brut de 2\u202f000\u202f\u20ac, les charges patronales repr\u00e9sentent environ 40\u202f% \u00e0 45\u202f% du salaire brut, soit environ 2\u202f840\u202f\u20ac."},"6":{"question":"Comment calculer la cotisation de l'employeur en 2026 ?","answer":"En 2026, pour calculer ce que doit payer un employeur, on applique une r\u00e9duction sur les cotisations sociales pour les salaires jusqu\u2019\u00e0 3 fois le SMIC. Cette r\u00e9duction varie entre 2 % et environ 40 % selon la taille de l\u2019entreprise, et le calcul prend en compte le salaire r\u00e9el, les heures suppl\u00e9mentaires et les absences."},"7":{"question":"","answer":""},"8":{"question":"","answer":""},"9":{"question":"","answer":""},"10":{"question":"","answer":""},"11":{"question":"","answer":""},"12":{"question":"","answer":""},"13":{"question":"","answer":""},"14":{"question":"","answer":""},"15":{"question":"","answer":""},"16":{"question":"","answer":""}}},"_links":{"self":[{"href":"https:\/\/www.mes-allocs.fr\/guides\/wp-json\/wp\/v2\/posts\/74300","targetHints":{"allow":["GET"]}}],"collection":[{"href":"https:\/\/www.mes-allocs.fr\/guides\/wp-json\/wp\/v2\/posts"}],"about":[{"href":"https:\/\/www.mes-allocs.fr\/guides\/wp-json\/wp\/v2\/types\/post"}],"author":[{"embeddable":true,"href":"https:\/\/www.mes-allocs.fr\/guides\/wp-json\/wp\/v2\/users\/27"}],"replies":[{"embeddable":true,"href":"https:\/\/www.mes-allocs.fr\/guides\/wp-json\/wp\/v2\/comments?post=74300"}],"version-history":[{"count":19,"href":"https:\/\/www.mes-allocs.fr\/guides\/wp-json\/wp\/v2\/posts\/74300\/revisions"}],"predecessor-version":[{"id":109794,"href":"https:\/\/www.mes-allocs.fr\/guides\/wp-json\/wp\/v2\/posts\/74300\/revisions\/109794"}],"wp:featuredmedia":[{"embeddable":true,"href":"https:\/\/www.mes-allocs.fr\/guides\/wp-json\/wp\/v2\/media\/74302"}],"wp:attachment":[{"href":"https:\/\/www.mes-allocs.fr\/guides\/wp-json\/wp\/v2\/media?parent=74300"}],"wp:term":[{"taxonomy":"category","embeddable":true,"href":"https:\/\/www.mes-allocs.fr\/guides\/wp-json\/wp\/v2\/categories?post=74300"},{"taxonomy":"post_tag","embeddable":true,"href":"https:\/\/www.mes-allocs.fr\/guides\/wp-json\/wp\/v2\/tags?post=74300"}],"curies":[{"name":"wp","href":"https:\/\/api.w.org\/{rel}","templated":true}]}}