{"id":74255,"date":"2024-02-02T19:39:25","date_gmt":"2024-02-02T17:39:25","guid":{"rendered":"https:\/\/www.mes-allocs.fr\/guides\/?p=74255"},"modified":"2025-03-21T18:37:43","modified_gmt":"2025-03-21T16:37:43","slug":"modele-demande-conge-sabbatique","status":"publish","type":"post","link":"https:\/\/www.mes-allocs.fr\/guides\/conge-sabbatique\/conge-sabbatique-demande\/modele-demande-conge-sabbatique\/","title":{"rendered":"Mod\u00e8le de demande de cong\u00e9 sabbatique"},"content":{"rendered":"<p><img loading=\"lazy\" decoding=\"async\" class=\"alignnone wp-image-74258 size-full\" title=\"exemple de demande de conge sabbatique\" src=\"https:\/\/www.mes-allocs.fr\/guides\/wp-content\/uploads\/2024\/02\/exemple-de-demande-de-conge-sabbatique-e1706891291165.jpg\" alt=\"exemple de demande de conge sabbatique\" width=\"1280\" height=\"284\" srcset=\"https:\/\/www.mes-allocs.fr\/guides\/wp-content\/uploads\/2024\/02\/exemple-de-demande-de-conge-sabbatique-e1706891291165.jpg 1280w, https:\/\/www.mes-allocs.fr\/guides\/wp-content\/uploads\/2024\/02\/exemple-de-demande-de-conge-sabbatique-e1706891291165-300x67.jpg 300w, https:\/\/www.mes-allocs.fr\/guides\/wp-content\/uploads\/2024\/02\/exemple-de-demande-de-conge-sabbatique-e1706891291165-1024x227.jpg 1024w, https:\/\/www.mes-allocs.fr\/guides\/wp-content\/uploads\/2024\/02\/exemple-de-demande-de-conge-sabbatique-e1706891291165-768x170.jpg 768w, https:\/\/www.mes-allocs.fr\/guides\/wp-content\/uploads\/2024\/02\/exemple-de-demande-de-conge-sabbatique-e1706891291165-600x133.jpg 600w\" sizes=\"auto, (max-width: 1280px) 100vw, 1280px\" \/><\/p>\n<p><strong>Le <a href=\"https:\/\/www.mes-allocs.fr\/guides\/conge-sabbatique\/\">cong\u00e9 sabbatique<\/a> est une p\u00e9riode de temps pendant laquelle un salari\u00e9 peut s&rsquo;absenter de son travail pour se consacrer \u00e0 des projets personnels, \u00e0 l&rsquo;exploration de nouvelles opportunit\u00e9s ou simplement pour prendre du recul et se ressourcer. Voici un mod\u00e8le de demande de cong\u00e9 sabbatique.<\/strong><\/p>\n<div class='cta-block'><div class='text'>Simulez votre toutes vos aides en 2 min.<\/div><a href='https:\/\/www.mes-allocs.fr\/ab-app?origin=guides\/wp-json\/wp\/v2\/posts\/74255' class='app-button fit'>Simulation gratuite<\/a><\/div>\n<h1><strong>Mod\u00e8le de demande de cong\u00e9 sabbatique pour les salari\u00e9s<\/strong><\/h1>\n<h2><strong>La structure g\u00e9n\u00e9rale de la lettre de demande<\/strong><\/h2>\n<ol>\n<li>En-t\u00eate : vos coordonn\u00e9es et celles de votre employeur, ainsi que la date.<\/li>\n<li>Objet : mentionnez clairement qu&rsquo;il s&rsquo;agit d&rsquo;une demande de cong\u00e9 sabbatique.<\/li>\n<li>Introduction : exprimez poliment votre intention de prendre un cong\u00e9 sabbatique.<\/li>\n<li>Corps de la lettre : d\u00e9veloppez les raisons de votre demande, la dur\u00e9e souhait\u00e9e du cong\u00e9 et toute autre information pertinente.<\/li>\n<li>Conclusion : exprimez votre gratitude et votre disponibilit\u00e9 pour discuter de la demande.<\/li>\n<\/ol>\n<h2><strong>Exemple de formulation pour la demande<\/strong><\/h2>\n<p>[Pr\u00e9nom Nom]<\/p>\n<p>[Adresse]<\/p>\n<p>[Code Postal, Ville]<\/p>\n<p>[T\u00e9l\u00e9phone]<\/p>\n<p>[Email]<\/p>\n<p>&nbsp;<\/p>\n<p>[Date]<\/p>\n<p>[Pr\u00e9nom Nom de l&rsquo;Employeur]<\/p>\n<p>[Poste]<\/p>\n<p>[Nom de l&rsquo;Entreprise]<\/p>\n<p>[Adresse de l&rsquo;Entreprise]<\/p>\n<p>[Code Postal, Ville]<\/p>\n<p>Objet : Demande de Cong\u00e9 Sabbatique<\/p>\n<p>Cher\/Ch\u00e8re [Pr\u00e9nom\/Nom de l&rsquo;Employeur],<\/p>\n<p>Je vous \u00e9cris pour formuler une demande de cong\u00e9 sabbatique dans le cadre de mes droits en tant que salari\u00e9 de [Nom de l&rsquo;Entreprise]. Apr\u00e8s avoir m\u00fbrement r\u00e9fl\u00e9chi et \u00e9valu\u00e9 ma situation, j&rsquo;ai pris la d\u00e9cision de prendre un cong\u00e9 sabbatique afin de [expliquer bri\u00e8vement les raisons, comme le d\u00e9veloppement personnel, la prise de recul, etc.].<\/p>\n<p>Je souhaiterais b\u00e9n\u00e9ficier d&rsquo;un cong\u00e9 sabbatique d&rsquo;une dur\u00e9e de [pr\u00e9ciser la dur\u00e9e, par exemple six mois] \u00e0 partir du [date de d\u00e9part envisag\u00e9e]. Durant cette p\u00e9riode, je m&rsquo;engage \u00e0 rester disponible pour toute communication importante concernant mon travail et \u00e0 assurer une transition en douceur avant mon d\u00e9part.<\/p>\n<p>Je suis conscient(e) des \u00e9ventuelles cons\u00e9quences que ma demande pourrait avoir sur l&rsquo;organisation de l&rsquo;\u00e9quipe et je suis pr\u00eat(e) \u00e0 collaborer \u00e9troitement avec vous pour assurer une transition harmonieuse.<\/p>\n<p>Je reste \u00e0 votre disposition pour discuter de ma demande et pour trouver des solutions alternatives si n\u00e9cessaire.<\/p>\n<p>Je vous remercie par avance pour votre compr\u00e9hension et votre soutien.<\/p>\n<p>Cordialement,<\/p>\n<p>&nbsp;<\/p>\n<p>[Signature]<\/p>\n<p>[Pr\u00e9nom Nom]<\/p>\n<p>&nbsp;<\/p>\n<div class='cta-block'><div class='text'>Simulez votre toutes vos aides en 2 min.<\/div><a href='https:\/\/www.mes-allocs.fr\/ab-app?origin=guides\/wp-json\/wp\/v2\/posts\/74255' class='app-button fit'>Simulation gratuite<\/a><\/div>\n<h1><strong>Mod\u00e8le de demande de cong\u00e9 sabbatique pour les fonctionnaires<\/strong><\/h1>\n<h2><strong>Les diff\u00e9rences par rapport aux demandes dans le secteur priv\u00e9<\/strong><\/h2>\n<p>Dans le secteur public, les demandes de cong\u00e9 sabbatique peuvent parfois \u00eatre soumises \u00e0 des r\u00e8gles et proc\u00e9dures sp\u00e9cifiques, qui peuvent diff\u00e9rer de celles du secteur priv\u00e9. Par exemple, il peut y avoir des exigences suppl\u00e9mentaires en mati\u00e8re de documentation ou des d\u00e9lais de pr\u00e9avis diff\u00e9rents. De plus, les motifs acceptables pour un cong\u00e9 sabbatique peuvent \u00eatre d\u00e9finis de mani\u00e8re plus pr\u00e9cise ou restrictive dans le secteur public.<\/p>\n<h2><strong>Exemple de lettre de demande adapt\u00e9e aux fonctionnaires<\/strong><\/h2>\n<p>[Pr\u00e9nom Nom]<\/p>\n<p>[Adresse]<\/p>\n<p>[Code Postal, Ville]<\/p>\n<p>[T\u00e9l\u00e9phone]<\/p>\n<p>[Email]<\/p>\n<p>[Date]<\/p>\n<p>&nbsp;<\/p>\n<p>[Pr\u00e9nom Nom de l&rsquo;Autorit\u00e9 Comp\u00e9tente]<\/p>\n<p>[Fonction]<\/p>\n<p>[Nom de l&rsquo;Organisme Public]<\/p>\n<p>[Adresse de l&rsquo;Organisme]<\/p>\n<p>[Code Postal, Ville]<\/p>\n<p>&nbsp;<\/p>\n<p>Objet : Demande de Cong\u00e9 Sabbatique<\/p>\n<p>Madame\/Monsieur [Pr\u00e9nom\/Nom de l&rsquo;Autorit\u00e9 Comp\u00e9tente],<\/p>\n<p>Je me permets de vous adresser la pr\u00e9sente pour vous informer de ma volont\u00e9 de solliciter un cong\u00e9 sabbatique conform\u00e9ment aux dispositions r\u00e9glementaires en vigueur pour les fonctionnaires.<\/p>\n<p>Apr\u00e8s une r\u00e9flexion approfondie et une \u00e9valuation de ma situation professionnelle et personnelle, j&rsquo;estime qu&rsquo;un cong\u00e9 sabbatique serait b\u00e9n\u00e9fique pour mon d\u00e9veloppement personnel ainsi que pour r\u00e9pondre \u00e0 des besoins sp\u00e9cifiques.<\/p>\n<p>Je souhaiterais b\u00e9n\u00e9ficier d&rsquo;un cong\u00e9 sabbatique d&rsquo;une dur\u00e9e de [pr\u00e9ciser la dur\u00e9e] \u00e0 partir du [date de d\u00e9part envisag\u00e9e]. Durant cette p\u00e9riode, je m&rsquo;engage \u00e0 respecter toutes les obligations et conditions requises par la r\u00e9glementation en mati\u00e8re de cong\u00e9 sabbatique pour les fonctionnaires.<\/p>\n<p>Je reste \u00e0 votre disposition pour fournir toute information compl\u00e9mentaire ou pour discuter de ma demande dans le cadre des proc\u00e9dures \u00e9tablies.<\/p>\n<p>Je vous remercie par avance pour l&rsquo;attention que vous porterez \u00e0 ma demande et je vous prie d&rsquo;agr\u00e9er, Madame\/Monsieur [Pr\u00e9nom\/Nom de l&rsquo;Autorit\u00e9 Comp\u00e9tente], l&rsquo;expression de mes salutations respectueuses.<\/p>\n<p>Cordialement,<\/p>\n<p>&nbsp;<\/p>\n<p>[Signature]<\/p>\n<p>[Pr\u00e9nom Nom]<\/p>\n<p><iframe loading=\"lazy\" title=\"Le cong\u00e9 sabbatique\" width=\"500\" height=\"281\" src=\"https:\/\/www.youtube.com\/embed\/LVb9xmVd30o?feature=oembed\" frameborder=\"0\" allow=\"accelerometer; autoplay; clipboard-write; encrypted-media; gyroscope; picture-in-picture; web-share\" referrerpolicy=\"strict-origin-when-cross-origin\" allowfullscreen><\/iframe><\/p>\n<h1>Quelles sont les conditions et exigences pour prendre un cong\u00e9 sabbatique pour travailler ailleurs ?<\/h1>\n<h2>Quelles sont les conditions g\u00e9n\u00e9rales pour obtenir un cong\u00e9 sabbatique ?<\/h2>\n<p>Voici un exemple de tableau pr\u00e9sentant les conditions requises pour obtenir un cong\u00e9 sabbatique :<\/p>\n\n<div class=\"wpdt-c row wpDataTableContainerSimpleTable wpDataTables wpDataTablesWrapper\n\"\n    >\n    <table id=\"wpdtSimpleTable-523\"\n           class=\"wpdtSimpleTable wpDataTable\"\n           data-column=\"2\"\n           data-rows=\"4\"\n           data-wpID=\"523\"\n           data-responsive=\"0\"\n           data-has-header=\"1\">\n\n                    <thead>        <tr class=\"wpdt-cell-row \" >\n                            <th class=\"wpdt-cell wpdt-bc-F3F9FE wpdt-bold\"\n                                    data-cell-id=\"A1\"\n                data-col-index=\"0\"\n                data-row-index=\"0\"\n                style=\" width:46.529080675422%;                padding:10px;\"\n                >\n                                Conditions requises pour le cong\u00e9 sabbatique                <\/th>\n                                            <th class=\"wpdt-cell wpdt-bc-F3F9FE wpdt-bold\"\n                                    data-cell-id=\"B1\"\n                data-col-index=\"1\"\n                data-row-index=\"0\"\n                style=\" width:53.470919324578%;                padding:10px;\"\n                >\n                                Description                <\/th>\n                                        <\/tr>\n                    <tbody>        <tr class=\"wpdt-cell-row \" >\n                            <td class=\"wpdt-cell \"\n                                    data-cell-id=\"A2\"\n                data-col-index=\"0\"\n                data-row-index=\"1\"\n                style=\"                padding:10px;\"\n                >\n                                Anciennet\u00e9 dans l'entreprise                <\/td>\n                                            <td class=\"wpdt-cell \"\n                                    data-cell-id=\"B2\"\n                data-col-index=\"1\"\n                data-row-index=\"1\"\n                style=\"                padding:10px;\"\n                >\n                                Une certaine p\u00e9riode d'anciennet\u00e9 peut \u00eatre exig\u00e9e avant de pouvoir b\u00e9n\u00e9ficier d'un cong\u00e9 sabbatique.                <\/td>\n                                        <\/tr>\n                            <tr class=\"wpdt-cell-row \" >\n                            <td class=\"wpdt-cell \"\n                                    data-cell-id=\"A3\"\n                data-col-index=\"0\"\n                data-row-index=\"2\"\n                style=\"                padding:10px;\"\n                >\n                                Accord de l'employeur                <\/td>\n                                            <td class=\"wpdt-cell \"\n                                    data-cell-id=\"B3\"\n                data-col-index=\"1\"\n                data-row-index=\"2\"\n                style=\"                padding:10px;\"\n                >\n                                L'approbation de l'employeur est g\u00e9n\u00e9ralement n\u00e9cessaire pour obtenir un cong\u00e9 sabbatique.                <\/td>\n                                        <\/tr>\n                            <tr class=\"wpdt-cell-row \" >\n                            <td class=\"wpdt-cell \"\n                                    data-cell-id=\"A4\"\n                data-col-index=\"0\"\n                data-row-index=\"3\"\n                style=\"                padding:10px;\"\n                >\n                                Motivation l\u00e9gitime                <\/td>\n                                            <td class=\"wpdt-cell \"\n                                    data-cell-id=\"B4\"\n                data-col-index=\"1\"\n                data-row-index=\"3\"\n                style=\"                padding:10px;\"\n                >\n                                Vous devez justifier votre demande de cong\u00e9 sabbatique par des raisons l\u00e9gitimes telles que des projets personnels, des voyages ou des \u00e9tudes.                <\/td>\n                                        <\/tr>\n                    <\/table>\n<\/div><style id='wpdt-custom-style-523'>\ntable#wpdtSimpleTable-523{ table-layout: fixed !important; }\n.wpdt-bc-F3F9FE { background-color: #F3F9FE !important;}\n<\/style>\n\n<h2>Est-il n\u00e9cessaire d&rsquo;avoir une offre d&#8217;emploi ailleurs avant de demander un cong\u00e9 sabbatique ?<\/h2>\n<p>Non, il n&rsquo;est g\u00e9n\u00e9ralement pas n\u00e9cessaire d&rsquo;avoir une offre d&#8217;emploi ailleurs avant de demander un cong\u00e9 sabbatique. Le cong\u00e9 sabbatique est souvent accord\u00e9 pour permettre au salari\u00e9 de prendre du temps pour des projets personnels, de voyager, de se former ou de se reposer, sans n\u00e9cessairement avoir une autre opportunit\u00e9 professionnelle en vue.<\/p>\n<p>Cependant, il est important de v\u00e9rifier les politiques sp\u00e9cifiques de l&rsquo;entreprise ou les dispositions l\u00e9gales relatives au cong\u00e9 sabbatique dans votre r\u00e9gion, car celles-ci peuvent varier. Certaines entreprises peuvent avoir des exigences particuli\u00e8res ou des conditions pour l&rsquo;octroi d&rsquo;un cong\u00e9 sabbatique, telles que la dur\u00e9e de service minimum ou la n\u00e9cessit\u00e9 de pr\u00e9senter un projet clair pour la p\u00e9riode de cong\u00e9.<\/p>\n<div class='cta-block'><div class='text'>Simulez votre toutes vos aides en 2 min.<\/div><a href='https:\/\/www.mes-allocs.fr\/ab-app?origin=guides\/wp-json\/wp\/v2\/posts\/74255' class='app-button fit'>Simulation gratuite<\/a><\/div>\n","protected":false},"excerpt":{"rendered":"<p>Le cong\u00e9 sabbatique est une p\u00e9riode de temps pendant laquelle un salari\u00e9 peut s&rsquo;absenter de son travail pour se consacrer \u00e0 des projets personnels, \u00e0 l&rsquo;exploration de nouvelles opportunit\u00e9s ou simplement pour prendre du recul et se ressourcer. Voici un mod\u00e8le de demande de cong\u00e9 sabbatique. Mod\u00e8le de demande de cong\u00e9 sabbatique pour les salari\u00e9s [&hellip;]<\/p>\n","protected":false},"author":26,"featured_media":74259,"comment_status":"closed","ping_status":"open","sticky":false,"template":"","format":"standard","meta":{"amp_status":"","footnotes":""},"categories":[15121,16757],"tags":[],"class_list":["post-74255","post","type-post","status-publish","format-standard","has-post-thumbnail","hentry","category-conge-sabbatique","category-conge-sabbatique-demande"],"yoast_head":"<!-- This site is optimized with the Yoast SEO plugin v14.9 - https:\/\/yoast.com\/wordpress\/plugins\/seo\/ -->\n<title>Mod\u00e8le de demande de cong\u00e9 sabbatique | Mes-Allocs.fr<\/title>\n<meta name=\"description\" content=\"Le cong\u00e9 sabbatique est une p\u00e9riode de temps pendant laquelle un salari\u00e9 peut s&#039;absenter. Voici un mod\u00e8le de demande de cong\u00e9 sabbatique.\" \/>\n<meta name=\"robots\" content=\"index, follow, max-snippet:-1, max-image-preview:large, max-video-preview:-1\" \/>\n<link rel=\"canonical\" href=\"https:\/\/www.mes-allocs.fr\/guides\/conge-sabbatique\/conge-sabbatique-demande\/modele-demande-conge-sabbatique\/\" \/>\n<meta property=\"og:locale\" content=\"fr_FR\" \/>\n<meta property=\"og:type\" content=\"article\" \/>\n<meta property=\"og:title\" content=\"Mod\u00e8le de demande de cong\u00e9 sabbatique | Mes-Allocs.fr\" \/>\n<meta property=\"og:description\" content=\"Le cong\u00e9 sabbatique est une p\u00e9riode de temps pendant laquelle un salari\u00e9 peut s&#039;absenter. Voici un mod\u00e8le de demande de cong\u00e9 sabbatique.\" \/>\n<meta property=\"og:url\" content=\"https:\/\/www.mes-allocs.fr\/guides\/conge-sabbatique\/conge-sabbatique-demande\/modele-demande-conge-sabbatique\/\" \/>\n<meta property=\"og:site_name\" content=\"Mes-Allocs.fr\" \/>\n<meta property=\"article:published_time\" content=\"2024-02-02T17:39:25+00:00\" \/>\n<meta property=\"article:modified_time\" content=\"2025-03-21T16:37:43+00:00\" \/>\n<meta property=\"og:image\" content=\"https:\/\/www.mes-allocs.fr\/guides\/wp-content\/uploads\/2024\/02\/exemple-de-demande-de-conge-sabbatique-1.jpg?wsr\" \/>\n\t<meta property=\"og:image:width\" content=\"749\" \/>\n\t<meta property=\"og:image:height\" content=\"677\" \/>\n<meta name=\"twitter:card\" content=\"summary_large_image\" \/>\n<script type=\"application\/ld+json\" class=\"yoast-schema-graph\">{\"@context\":\"https:\/\/schema.org\",\"@graph\":[{\"@type\":\"WebSite\",\"@id\":\"https:\/\/www.mes-allocs.fr\/guides\/#website\",\"url\":\"https:\/\/www.mes-allocs.fr\/guides\/\",\"name\":\"Mes-Allocs.fr\",\"description\":\"\",\"potentialAction\":[{\"@type\":\"SearchAction\",\"target\":\"https:\/\/www.mes-allocs.fr\/guides\/?s={search_term_string}\",\"query-input\":\"required name=search_term_string\"}],\"inLanguage\":\"fr-FR\"},{\"@type\":\"ImageObject\",\"@id\":\"https:\/\/www.mes-allocs.fr\/guides\/conge-sabbatique\/conge-sabbatique-demande\/modele-demande-conge-sabbatique\/#primaryimage\",\"inLanguage\":\"fr-FR\",\"url\":\"https:\/\/www.mes-allocs.fr\/guides\/wp-content\/uploads\/2024\/02\/exemple-de-demande-de-conge-sabbatique-1.jpg?wsr\",\"width\":749,\"height\":677,\"caption\":\"exemple de demande de conge sabbatique\"},{\"@type\":\"WebPage\",\"@id\":\"https:\/\/www.mes-allocs.fr\/guides\/conge-sabbatique\/conge-sabbatique-demande\/modele-demande-conge-sabbatique\/#webpage\",\"url\":\"https:\/\/www.mes-allocs.fr\/guides\/conge-sabbatique\/conge-sabbatique-demande\/modele-demande-conge-sabbatique\/\",\"name\":\"Mod\\u00e8le de demande de cong\\u00e9 sabbatique | Mes-Allocs.fr\",\"isPartOf\":{\"@id\":\"https:\/\/www.mes-allocs.fr\/guides\/#website\"},\"primaryImageOfPage\":{\"@id\":\"https:\/\/www.mes-allocs.fr\/guides\/conge-sabbatique\/conge-sabbatique-demande\/modele-demande-conge-sabbatique\/#primaryimage\"},\"datePublished\":\"2024-02-02T17:39:25+00:00\",\"dateModified\":\"2025-03-21T16:37:43+00:00\",\"author\":{\"@id\":\"https:\/\/www.mes-allocs.fr\/guides\/#\/schema\/person\/9c38f3be41a0ddcd1e3fde5a3df713bf\"},\"description\":\"Le cong\\u00e9 sabbatique est une p\\u00e9riode de temps pendant laquelle un salari\\u00e9 peut s'absenter. Voici un mod\\u00e8le de demande de cong\\u00e9 sabbatique.\",\"inLanguage\":\"fr-FR\"},{\"@type\":\"Person\",\"@id\":\"https:\/\/www.mes-allocs.fr\/guides\/#\/schema\/person\/9c38f3be41a0ddcd1e3fde5a3df713bf\",\"name\":\"Sessime Ananou\",\"image\":{\"@type\":\"ImageObject\",\"@id\":\"https:\/\/www.mes-allocs.fr\/guides\/#personlogo\",\"inLanguage\":\"fr-FR\",\"url\":\"https:\/\/www.mes-allocs.fr\/guides\/wp-content\/uploads\/2023\/08\/IMG_8173-150x150.jpg\",\"caption\":\"Sessime Ananou\"},\"description\":\"Sessime est r\\u00e9dactrice chez Mes Allocs, sp\\u00e9cialis\\u00e9e sur le pouvoir d'achat. Elle rejoint l'\\u00e9quipe Mes Allocs en ao\\u00fbt 2023 afin de simplifier l'acc\\u00e8s \\u00e0 l'information sur les aides en g\\u00e9n\\u00e9ral.\"}]}<\/script>\n<!-- \/ Yoast SEO plugin. -->","amp_validity":null,"acf":{"faq":{"1":{"question":"Est-ce que le salari\u00e9 est garanti de retrouver son emploi \u00e0 la fin de son cong\u00e9 sabbatique ?","answer":"En g\u00e9n\u00e9ral, l'employeur est tenu de r\u00e9int\u00e9grer le salari\u00e9 \u00e0 son poste \u00e0 la fin de son cong\u00e9 sabbatique, mais cela d\u00e9pend des dispositions l\u00e9gales et contractuelles."},"2":{"question":"Peut-on demander une prolongation de cong\u00e9 sabbatique ?","answer":"Oui, il est g\u00e9n\u00e9ralement possible de demander une prolongation de cong\u00e9 sabbatique, mais cela d\u00e9pend des politiques de l'entreprise."},"3":{"question":"Quelles sont les cons\u00e9quences du non-respect des d\u00e9lais pour faire une demande de cong\u00e9 sabbatique ?","answer":"Le non-respect des d\u00e9lais peut entra\u00eener un refus de la demande de cong\u00e9 sabbatique ou des complications dans l'organisation du travail."},"4":{"question":"Est-ce que le salari\u00e9 peut travailler ailleurs pendant son cong\u00e9 sabbatique ?","answer":"Cela d\u00e9pend des politiques de l'entreprise et de la l\u00e9gislation locale. Dans certains cas, le salari\u00e9 peut travailler ailleurs, mais il peut y avoir des restriction"},"5":{"question":"Est-ce que le salari\u00e9 conserve ses avantages sociaux pendant son cong\u00e9 sabbatique ?","answer":"Dans de nombreux cas, le salari\u00e9 conserve ses avantages sociaux pendant son cong\u00e9 sabbatique, mais cela d\u00e9pend des politiques de l'entreprise."},"6":{"question":"Est-ce que le salari\u00e9 est r\u00e9mun\u00e9r\u00e9 pendant son cong\u00e9 sabbatique ?","answer":"En g\u00e9n\u00e9ral, le cong\u00e9 sabbatique n'est pas r\u00e9mun\u00e9r\u00e9, sauf disposition contraire pr\u00e9vue par l'entreprise ou la l\u00e9gislation."},"7":{"question":"","answer":""},"8":{"question":"","answer":""},"9":{"question":"","answer":""},"10":{"question":"","answer":""},"11":{"question":"","answer":""},"12":{"question":"","answer":""},"13":{"question":"","answer":""},"14":{"question":"","answer":""},"15":{"question":"","answer":""},"16":{"question":"","answer":""}}},"_links":{"self":[{"href":"https:\/\/www.mes-allocs.fr\/guides\/wp-json\/wp\/v2\/posts\/74255","targetHints":{"allow":["GET"]}}],"collection":[{"href":"https:\/\/www.mes-allocs.fr\/guides\/wp-json\/wp\/v2\/posts"}],"about":[{"href":"https:\/\/www.mes-allocs.fr\/guides\/wp-json\/wp\/v2\/types\/post"}],"author":[{"embeddable":true,"href":"https:\/\/www.mes-allocs.fr\/guides\/wp-json\/wp\/v2\/users\/26"}],"replies":[{"embeddable":true,"href":"https:\/\/www.mes-allocs.fr\/guides\/wp-json\/wp\/v2\/comments?post=74255"}],"version-history":[{"count":6,"href":"https:\/\/www.mes-allocs.fr\/guides\/wp-json\/wp\/v2\/posts\/74255\/revisions"}],"predecessor-version":[{"id":96659,"href":"https:\/\/www.mes-allocs.fr\/guides\/wp-json\/wp\/v2\/posts\/74255\/revisions\/96659"}],"wp:featuredmedia":[{"embeddable":true,"href":"https:\/\/www.mes-allocs.fr\/guides\/wp-json\/wp\/v2\/media\/74259"}],"wp:attachment":[{"href":"https:\/\/www.mes-allocs.fr\/guides\/wp-json\/wp\/v2\/media?parent=74255"}],"wp:term":[{"taxonomy":"category","embeddable":true,"href":"https:\/\/www.mes-allocs.fr\/guides\/wp-json\/wp\/v2\/categories?post=74255"},{"taxonomy":"post_tag","embeddable":true,"href":"https:\/\/www.mes-allocs.fr\/guides\/wp-json\/wp\/v2\/tags?post=74255"}],"curies":[{"name":"wp","href":"https:\/\/api.w.org\/{rel}","templated":true}]}}