{"id":74227,"date":"2024-02-02T11:37:56","date_gmt":"2024-02-02T09:37:56","guid":{"rendered":"https:\/\/www.mes-allocs.fr\/guides\/?p=74227"},"modified":"2025-02-18T16:32:36","modified_gmt":"2025-02-18T14:32:36","slug":"prime-velo-travail","status":"publish","type":"post","link":"https:\/\/www.mes-allocs.fr\/guides\/aide-velo-electrique\/prime-velo-travail\/","title":{"rendered":"Prime pour aller travailler en v\u00e9lo"},"content":{"rendered":"<p><img loading=\"lazy\" decoding=\"async\" class=\"alignnone wp-image-74229 size-full\" title=\"Prime pour aller travailler en v\u00e9lo\" src=\"https:\/\/www.mes-allocs.fr\/guides\/wp-content\/uploads\/2024\/02\/nature-4868678_1280-e1706866350643.jpg\" alt=\"Prime pour aller travailler en v\u00e9lo\" width=\"1280\" height=\"521\" srcset=\"https:\/\/www.mes-allocs.fr\/guides\/wp-content\/uploads\/2024\/02\/nature-4868678_1280-e1706866350643.jpg 1280w, https:\/\/www.mes-allocs.fr\/guides\/wp-content\/uploads\/2024\/02\/nature-4868678_1280-e1706866350643-300x122.jpg 300w, https:\/\/www.mes-allocs.fr\/guides\/wp-content\/uploads\/2024\/02\/nature-4868678_1280-e1706866350643-1024x417.jpg 1024w, https:\/\/www.mes-allocs.fr\/guides\/wp-content\/uploads\/2024\/02\/nature-4868678_1280-e1706866350643-768x313.jpg 768w, https:\/\/www.mes-allocs.fr\/guides\/wp-content\/uploads\/2024\/02\/nature-4868678_1280-e1706866350643-600x244.jpg 600w\" sizes=\"auto, (max-width: 1280px) 100vw, 1280px\" \/><\/p>\n<p><strong>Vous souhaitez privil\u00e9gier les d\u00e9placements \u00e0 v\u00e9lo ? L&rsquo;Etat vous accompagne dans votre transition, en vous faisant b\u00e9n\u00e9ficier d&rsquo;une <a href=\"https:\/\/www.mes-allocs.fr\/guides\/prime-velo-electrique\/\">prime v\u00e9lo \u00e9lectrique<\/a>.\u00a0 Mais ce n&rsquo;est pas tout. Dans le cadre de vos trajets domicile-travail, votre <\/strong><strong>employeur a la possibilit\u00e9 de prendre en charge vos frais de d\u00e9placement si vous optez pour des moyens de transport alternatifs comme le v\u00e9lo. Cette prise en charge, d\u00e9sign\u00e9e sous le nom de forfait mobilit\u00e9s durables, n&rsquo;est pas obligatoire. D\u00e9couvrez-en plus sur la prime v\u00e9lo dans le cadre de votre travail.\u00a0<\/strong><\/p>\n<div class='cta-block'><div class='text'>Simulez toutes vos Aides en 2 min.<\/div><a href='https:\/\/www.mes-allocs.fr\/ab-app?origin=guides\/wp-json\/wp\/v2\/posts\/74227' class='app-button fit'>Simulation gratuite<\/a><\/div>\n<p><iframe loading=\"lazy\" title=\"L&#039;aide au v\u00e9lo \u00e9lectrique\" width=\"500\" height=\"281\" src=\"https:\/\/www.youtube.com\/embed\/QH5GqTFaqwE?feature=oembed\" frameborder=\"0\" allow=\"accelerometer; autoplay; clipboard-write; encrypted-media; gyroscope; picture-in-picture; web-share\" referrerpolicy=\"strict-origin-when-cross-origin\" allowfullscreen><\/iframe><\/p>\n<h1><strong>Le forfait mobilit\u00e9 durable\u00a0<\/strong><\/h1>\n<h2><strong>Qu\u2019est-ce que c\u2019est le forfait mobilit\u00e9 durable ?\u00a0<\/strong><\/h2>\n<p><span style=\"font-weight: 400;\">Le forfait mobilit\u00e9s durables a \u00e9t\u00e9 instaur\u00e9 pour remplacer l&rsquo;<strong>indemnit\u00e9 kilom\u00e9trique v\u00e9lo<\/strong>, permettant ainsi aux employeurs de participer aux frais de d\u00e9placement \u00e0 v\u00e9lo de leurs employ\u00e9s entre leur domicile et leur lieu de travail. Effectif depuis le 11 mai 2020, cette <strong>prime pour aller au travail en v\u00e9lo<\/strong> offre une allocation vers\u00e9e par l&rsquo;entreprise, mais il convient de souligner qu&rsquo;il n&rsquo;est pas obligatoire pour les employeurs. Ils sont libres de d\u00e9cider s&rsquo;ils souhaitent prendre en charge les frais li\u00e9s aux trajets domicile-travail \u00e0 v\u00e9lo de leurs salari\u00e9s, d\u00e9terminant eux-m\u00eames le montant de l&rsquo;allocation et les modalit\u00e9s d&rsquo;attribution. Des accords de branche ou d&rsquo;entreprise peuvent \u00e9galement s&rsquo;appliquer, et la consultation du Comit\u00e9 Social et \u00c9conomique peut \u00eatre envisag\u00e9e.<\/span><\/p>\n<p><span style=\"font-weight: 400;\">Si une entreprise d\u00e9cide d&rsquo;instaurer un forfait mobilit\u00e9s durables, <strong>il doit \u00eatre accessible \u00e0 tous les employ\u00e9s r\u00e9pondant aux crit\u00e8res, y compris ceux \u00e0 temps partiel<\/strong>. La prise en charge est \u00e9quivalente pour les salari\u00e9s \u00e0 temps partiel effectuant une dur\u00e9e de travail au moins \u00e9gale \u00e0 la moiti\u00e9 de la dur\u00e9e l\u00e9gale de 35 heures hebdomadaires. Pour ceux travaillant moins d&rsquo;un mi-temps, l&rsquo;allocation est proportionnelle aux heures travaill\u00e9es.<\/span><\/p>\n<p><span style=\"font-weight: 400;\">Le forfait mobilit\u00e9s durables englobe divers modes de transport durable, tels que les scooters et trottinettes \u00e9lectriques en location ou libre-service, le covoiturage, l&rsquo;autopartage (uniquement pour les moteurs non thermiques), ainsi que les transports publics (hormis les abonnements). <strong>Avec un plafond de 600 \u20ac par an, ce forfait est exon\u00e9r\u00e9 d&rsquo;imp\u00f4ts et de cotisations sociales.<\/strong> L&rsquo;entreprise peut \u00e9galement choisir de compl\u00e9ter ce montant en prenant en charge l&rsquo;abonnement de transport en commun. <\/span><\/p>\n<p><span style=\"font-weight: 400;\">Le versement de l&rsquo;allocation n\u00e9cessite la fourniture d&rsquo;un justificatif de paiement annuel, et une attestation sur l&rsquo;honneur d\u00e9clarant l&rsquo;utilisation du v\u00e9lo pour les trajets professionnels peut \u00e9galement \u00eatre demand\u00e9e. <\/span><\/p>\n<p><span style=\"font-weight: 400;\">Il est \u00e0 noter que pour les d\u00e9placements en dehors du trajet habituel entre le lieu de r\u00e9sidence et le lieu de travail, l&rsquo;indemnit\u00e9 kilom\u00e9trique reste applicable.<\/span><\/p>\n<h2><strong>Mise en place dans une entreprise\u00a0<\/strong><\/h2>\n<p><span style=\"font-weight: 400;\">En l&rsquo;absence d&rsquo;accord collectif, l&#8217;employeur a la libert\u00e9 de d\u00e9terminer lui-m\u00eame le montant et les modalit\u00e9s de prise en charge des frais de d\u00e9placement via le forfait mobilit\u00e9s durables.<strong> Cette d\u00e9cision n\u00e9cessite une consultation du comit\u00e9 social et \u00e9conomique (CSE).<\/strong><\/span><\/p>\n<p><span style=\"font-weight: 400;\">En revanche, la pr\u00e9sence d&rsquo;un accord collectif, que ce soit au niveau de l&rsquo;entreprise ou de la branche, pr\u00e9voit le forfait mobilit\u00e9s durables. <strong>Cet accord d\u00e9termine le montant de l&rsquo;allocation et les m\u00e9thodes d&rsquo;attribution par l&#8217;employeur \u00e0 ses salari\u00e9s.<\/strong><\/span><\/p>\n<h2><strong>Cette aide est-elle cumulable avec d\u2019autres aides ?\u00a0<\/strong><\/h2>\n<p><span style=\"font-weight: 400;\">Le forfait mobilit\u00e9s durables peut \u00eatre cumul\u00e9 avec d&rsquo;autres dispositifs tels que la prise en charge des abonnements de transports publics, ainsi que la prise en charge des frais de carburant et de l&rsquo;alimentation des v\u00e9hicules \u00e9lectriques.<strong> Ce cumul est autoris\u00e9 dans la limite globale de 800 \u20ac par an et par salari\u00e9.<\/strong><\/span><\/p>\n<p><span style=\"font-weight: 400;\">\u00c0 titre d&rsquo;exemple, si un salari\u00e9 combine le forfait mobilit\u00e9s durables avec le remboursement des frais li\u00e9s aux transports en commun, tels que les abonnements de m\u00e9tro ou de train, la limite d&rsquo;exon\u00e9ration de ces frais cumul\u00e9s est fix\u00e9e \u00e0 800 \u20ac par an et par salari\u00e9.<\/span><\/p>\n<p><span style=\"font-weight: 400;\">Par ailleurs, <strong>les employeurs qui versent d\u00e9j\u00e0 l&rsquo;indemnit\u00e9 kilom\u00e9trique v\u00e9lo (IKV) peuvent maintenir ce versement, le consid\u00e9rant alors comme assimil\u00e9 au versement du forfait mobilit\u00e9s durables.<\/strong><\/span><\/p>\n<h1><strong>Qu\u2019est-ce que la prime V\u00e9lo ?\u00a0<\/strong><\/h1>\n<p><span style=\"font-weight: 400;\">La <strong>prime v\u00e9lo<\/strong>, \u00e9galement connue sous le nom de \u00ab\u00a0bonus v\u00e9lo \u00e0 assistance \u00e9cologique\u00a0\u00bb, constitue une incitation suppl\u00e9mentaire du gouvernement fran\u00e7ais visant \u00e0<strong> encourager l&rsquo;utilisation du v\u00e9lo \u00e9lectrique pour les d\u00e9placements professionnels.<\/strong> Ce bonus \u00e9cologique est cumulable avec d&rsquo;autres dispositifs, mais il est r\u00e9serv\u00e9 aux individus ayant d\u00e9j\u00e0 b\u00e9n\u00e9fici\u00e9 d&rsquo;une aide similaire de la part d&rsquo;une collectivit\u00e9 territoriale ou d&rsquo;un groupement de collectivit\u00e9s.<\/span><\/p>\n<p><span style=\"font-weight: 400;\">Le montant de la prime v\u00e9lo est plafonn\u00e9 par le gouvernement, \u00e9quivalant \u00e0 la somme <strong>de l&rsquo;aide per\u00e7ue par la collectivit\u00e9 territoriale pour un objet similaire, avec une limite de 200 \u20ac<\/strong>. Il convient de noter que les v\u00e9los cargo et les remorques \u00e9lectriques pour v\u00e9los entrent \u00e9galement dans le champ d&rsquo;application de cette mesure, avec un plafond d\u00e9termin\u00e9 en fonction du co\u00fbt d&rsquo;acquisition, <strong>plafonn\u00e9 \u00e0 40 % du prix d&rsquo;achat ou \u00e0 1 000 \u20ac.<\/strong><\/span><\/p>\n<p><span style=\"font-weight: 400;\">La demande d\u2019aide doit \u00eatre effectu\u00e9e via un formulaire sp\u00e9cifique. Vous pouvez le retrouver sur le site de l&rsquo;Agence de services et de paiement (ASP) dans les six mois qui suivent la date de facturation du v\u00e9lo.<\/span><\/p>\n<p><span style=\"font-weight: 400;\">Une fois que vous l&rsquo;avez rempli, vous devez transmettre le formulaire \u00e0 la direction r\u00e9gionale de l&rsquo;ASP.<\/span><\/p>\n<p><span style=\"font-weight: 400;\">Il doit comporter les <\/span><b>pi\u00e8ces justificatives<\/b><span style=\"font-weight: 400;\"> suivantes :<\/span><\/p>\n<ul>\n<li style=\"font-weight: 400;\" aria-level=\"1\"><span style=\"font-weight: 400;\">copie de la carte d&rsquo;identit\u00e9, du passeport ou du titre de s\u00e9jour, en cours de validit\u00e9<\/span><\/li>\n<li style=\"font-weight: 400;\" aria-level=\"1\"><span style=\"font-weight: 400;\">copie d&rsquo;un justificatif de domicile de moins de trois mois<\/span><\/li>\n<li style=\"font-weight: 400;\" aria-level=\"1\"><span style=\"font-weight: 400;\">copie de la facture d&rsquo;achat du v\u00e9lo<\/span><\/li>\n<li style=\"font-weight: 400;\" aria-level=\"1\"><span style=\"font-weight: 400;\">copie de l&rsquo;avis d&rsquo;imposition de l&rsquo;ann\u00e9e pr\u00e9c\u00e9dant l&rsquo;achat (pour un achat effectu\u00e9 en 2021, il s&rsquo;agit de l&rsquo;avis d&rsquo;imposition 2020 sur les revenus 2019)<\/span><\/li>\n<li style=\"font-weight: 400;\" aria-level=\"1\"><span style=\"font-weight: 400;\">copie de la preuve de paiement de l&rsquo;aide attribu\u00e9e par la collectivit\u00e9 locale pour l&rsquo;achat du v\u00e9lo<\/span><\/li>\n<li style=\"font-weight: 400;\" aria-level=\"1\"><span style=\"font-weight: 400;\">relev\u00e9 d&rsquo;identit\u00e9 bancaire du b\u00e9n\u00e9ficiaire.<\/span><\/li>\n<li style=\"font-weight: 400;\" aria-level=\"1\"><span style=\"font-weight: 400;\">un justificatif de votre situation de handicap<\/span><\/li>\n<\/ul>\n<p><span style=\"font-weight: 400;\">Chaque individu peut b\u00e9n\u00e9ficier de la prime v\u00e9lo une seule fois, ind\u00e9pendamment du nombre de v\u00e9los acquis. Pour obtenir des informations d\u00e9taill\u00e9es, veuillez consulter notre article d\u00e9di\u00e9 \u00e0 la prime v\u00e9lo.<\/span><\/p>\n<h1><strong>Qu\u2019est-ce que la prime \u00e0 la conversion sp\u00e9ciale v\u00e9lo ?<\/strong><\/h1>\n<p><span style=\"font-weight: 400;\">La prime \u00e0 la conversion s&rsquo;\u00e9largit d\u00e9sormais \u00e0 l&rsquo;acquisition d&rsquo;un v\u00e9lo, <strong>avec une limite d&rsquo;une seule aide par personne.<\/strong> L&rsquo;objectif est d&rsquo;encourager les automobilistes \u00e0 remplacer leurs anciens v\u00e9hicules \u00e0 moteur thermique par des v\u00e9los \u00e0 assistance \u00e9lectrique. Sous l&rsquo;impulsion de la ministre de la Transition \u00e9cologique, cette prime n&rsquo;est plus exclusivement d\u00e9di\u00e9e \u00e0 l&rsquo;achat de voitures \u00e9lectriques.<\/span><\/p>\n<p><span style=\"font-weight: 400;\">Certaines conditions doivent \u00eatre remplies pour b\u00e9n\u00e9ficier de la prime \u00e0 la conversion, notamment :<\/span><\/p>\n<ul>\n<li style=\"font-weight: 400;\" aria-level=\"1\"><span style=\"font-weight: 400;\">\u00catre majeur.<\/span><\/li>\n<li style=\"font-weight: 400;\" aria-level=\"1\"><span style=\"font-weight: 400;\">Justifier d&rsquo;un lieu de r\u00e9sidence en France.<\/span><\/li>\n<li style=\"font-weight: 400;\" aria-level=\"1\"><span style=\"font-weight: 400;\">Mettre hors service un v\u00e9hicule thermique (voiture ou camionnette) en vue de sa destruction.<\/span><\/li>\n<li style=\"font-weight: 400;\" aria-level=\"1\"><span style=\"font-weight: 400;\">Acqu\u00e9rir ou louer (pour une dur\u00e9e minimale de deux ans) un v\u00e9lo \u00e0 assistance \u00e9lectrique sans batterie au plomb.<\/span><\/li>\n<\/ul>\n<p><span style=\"font-weight: 400;\"><strong>Le demandeur de la prime doit \u00eatre le propri\u00e9taire du v\u00e9hicule destin\u00e9 \u00e0 la destruction depuis au moins un an.<\/strong> Ce v\u00e9hicule ne doit pas \u00eatre grev\u00e9 et doit \u00eatre immatricul\u00e9 en France. Des crit\u00e8res sp\u00e9cifiques s&rsquo;appliquent en fonction du type de motorisation, avec une date d&rsquo;immatriculation \u00e0 ne pas d\u00e9passer (1\u1d49\u02b3 janvier 2006 pour un moteur essence et 1\u1d49\u02b3 janvier 2011 pour un moteur diesel). Le v\u00e9hicule doit \u00eatre remis \u00e0 un centre agr\u00e9\u00e9, qui proc\u00e9dera \u00e0 sa destruction dans les trois mois pr\u00e9c\u00e9dant ou les six mois suivant l&rsquo;acquisition du v\u00e9lo. <strong>Le montant de la prime peut atteindre jusqu&rsquo;\u00e0 40 % du co\u00fbt d&rsquo;acquisition, avec un plafond fix\u00e9 \u00e0 1 500 \u20ac.<\/strong><\/span><\/p>\n<p><span style=\"font-weight: 400;\">Concernant le v\u00e9lo \u00e9lectrique, il doit \u00eatre \u00e9quip\u00e9 d&rsquo;un moteur auxiliaire dont la puissance nominale continue ne d\u00e9passe pas 0,25 kilowatt. L&rsquo;alimentation du v\u00e9lo doit se r\u00e9duire lorsque le cycliste atteint la vitesse de 25 km\/h ou lorsqu&rsquo;il cesse de p\u00e9daler.<\/span><\/p>\n<p><span style=\"font-weight: 400;\">Le v\u00e9lo dont vous faite l&rsquo;acquisition doit \u00e9galement respecter certains crit\u00e8res pour vous permettre de b\u00e9n\u00e9ficier de cette prime. Il doit :<\/span><\/p>\n<ul>\n<li style=\"font-weight: 400;\" aria-level=\"1\"><span style=\"font-weight: 400;\">\u00eatre neuf ou d&rsquo;occasion ;<\/span><\/li>\n<li style=\"font-weight: 400;\" aria-level=\"1\"><span style=\"font-weight: 400;\">\u00eatre un v\u00e9lo \u00e0 assistance \u00e9lectrique ;<\/span><\/li>\n<li style=\"font-weight: 400;\" aria-level=\"1\"><span style=\"font-weight: 400;\">ne pas utiliser une batterie au plomb ;<\/span><\/li>\n<li style=\"font-weight: 400;\" aria-level=\"1\"><span style=\"font-weight: 400;\">poss\u00e9der un identifiant unique (inscrit sur le cadre du v\u00e9lo) ;<\/span><\/li>\n<li style=\"font-weight: 400;\" aria-level=\"1\"><span style=\"font-weight: 400;\">avoir \u00e9t\u00e9 acquis entre le 15 aout 2022 et le 31 d\u00e9cembre 2023 ;<\/span><\/li>\n<li style=\"font-weight: 400;\" aria-level=\"1\"><span style=\"font-weight: 400;\">en cas de location : avoir \u00e9t\u00e9 lou\u00e9 pour une dur\u00e9e de 2 ans ou plus.<\/span><\/li>\n<\/ul>\n<p>Sachez \u00e9galement que des <a href=\"https:\/\/www.mes-allocs.fr\/guides\/prime-velo-electrique\/prime-velo-region\/\">aides r\u00e9gionales<\/a> sont mises en place pour vous aider dans l&rsquo;achat de votre v\u00e9lo \u00e9lectrique.<\/p>\n<div class='cta-block'><div class='text'>Simulez toutes vos Aides en 2 min.<\/div><a href='https:\/\/www.mes-allocs.fr\/ab-app?origin=guides\/wp-json\/wp\/v2\/posts\/74227' class='app-button fit'>Simulation gratuite<\/a><\/div>\n","protected":false},"excerpt":{"rendered":"<p>Vous souhaitez privil\u00e9gier les d\u00e9placements \u00e0 v\u00e9lo ? L&rsquo;Etat vous accompagne dans votre transition, en vous faisant b\u00e9n\u00e9ficier d&rsquo;une prime v\u00e9lo \u00e9lectrique.\u00a0 Mais ce n&rsquo;est pas tout. Dans le cadre de vos trajets domicile-travail, votre employeur a la possibilit\u00e9 de prendre en charge vos frais de d\u00e9placement si vous optez pour des moyens de transport [&hellip;]<\/p>\n","protected":false},"author":27,"featured_media":74228,"comment_status":"closed","ping_status":"open","sticky":false,"template":"","format":"standard","meta":{"amp_status":"","footnotes":""},"categories":[43598],"tags":[],"class_list":["post-74227","post","type-post","status-publish","format-standard","has-post-thumbnail","hentry","category-aide-velo-electrique"],"yoast_head":"<!-- This site is optimized with the Yoast SEO plugin v14.9 - https:\/\/yoast.com\/wordpress\/plugins\/seo\/ -->\n<title>Prime pour aller travailler en v\u00e9lo | Mes-Allocs.fr<\/title>\n<meta name=\"description\" content=\"Profitez d&#039;une prime v\u00e9lo dans le cadre de vos trajets domicile-travail. Mes Allocs vous d\u00e9taille les conditions.\" \/>\n<meta name=\"robots\" content=\"index, follow, max-snippet:-1, max-image-preview:large, max-video-preview:-1\" \/>\n<link rel=\"canonical\" href=\"https:\/\/www.mes-allocs.fr\/guides\/aide-velo-electrique\/prime-velo-travail\/\" \/>\n<meta property=\"og:locale\" content=\"fr_FR\" \/>\n<meta property=\"og:type\" content=\"article\" \/>\n<meta property=\"og:title\" content=\"Prime pour aller travailler en v\u00e9lo | Mes-Allocs.fr\" \/>\n<meta property=\"og:description\" content=\"Profitez d&#039;une prime v\u00e9lo dans le cadre de vos trajets domicile-travail. Mes Allocs vous d\u00e9taille les conditions.\" \/>\n<meta property=\"og:url\" content=\"https:\/\/www.mes-allocs.fr\/guides\/aide-velo-electrique\/prime-velo-travail\/\" \/>\n<meta property=\"og:site_name\" content=\"Mes-Allocs.fr\" \/>\n<meta property=\"article:published_time\" content=\"2024-02-02T09:37:56+00:00\" \/>\n<meta property=\"article:modified_time\" content=\"2025-02-18T14:32:36+00:00\" \/>\n<meta property=\"og:image\" content=\"https:\/\/www.mes-allocs.fr\/guides\/wp-content\/uploads\/2024\/02\/bicycle-5527857_1280.jpg?wsr\" \/>\n\t<meta property=\"og:image:width\" content=\"1280\" \/>\n\t<meta property=\"og:image:height\" content=\"950\" \/>\n<meta name=\"twitter:card\" content=\"summary_large_image\" \/>\n<script type=\"application\/ld+json\" class=\"yoast-schema-graph\">{\"@context\":\"https:\/\/schema.org\",\"@graph\":[{\"@type\":\"WebSite\",\"@id\":\"https:\/\/www.mes-allocs.fr\/guides\/#website\",\"url\":\"https:\/\/www.mes-allocs.fr\/guides\/\",\"name\":\"Mes-Allocs.fr\",\"description\":\"\",\"potentialAction\":[{\"@type\":\"SearchAction\",\"target\":\"https:\/\/www.mes-allocs.fr\/guides\/?s={search_term_string}\",\"query-input\":\"required name=search_term_string\"}],\"inLanguage\":\"fr-FR\"},{\"@type\":\"ImageObject\",\"@id\":\"https:\/\/www.mes-allocs.fr\/guides\/aide-velo-electrique\/prime-velo-travail\/#primaryimage\",\"inLanguage\":\"fr-FR\",\"url\":\"https:\/\/www.mes-allocs.fr\/guides\/wp-content\/uploads\/2024\/02\/bicycle-5527857_1280.jpg?wsr\",\"width\":1280,\"height\":950,\"caption\":\"prime v\\u00e9lo travail\"},{\"@type\":\"WebPage\",\"@id\":\"https:\/\/www.mes-allocs.fr\/guides\/aide-velo-electrique\/prime-velo-travail\/#webpage\",\"url\":\"https:\/\/www.mes-allocs.fr\/guides\/aide-velo-electrique\/prime-velo-travail\/\",\"name\":\"Prime pour aller travailler en v\\u00e9lo | Mes-Allocs.fr\",\"isPartOf\":{\"@id\":\"https:\/\/www.mes-allocs.fr\/guides\/#website\"},\"primaryImageOfPage\":{\"@id\":\"https:\/\/www.mes-allocs.fr\/guides\/aide-velo-electrique\/prime-velo-travail\/#primaryimage\"},\"datePublished\":\"2024-02-02T09:37:56+00:00\",\"dateModified\":\"2025-02-18T14:32:36+00:00\",\"author\":{\"@id\":\"https:\/\/www.mes-allocs.fr\/guides\/#\/schema\/person\/7a9b61e7b715d477066a9f941c0440c7\"},\"description\":\"Profitez d'une prime v\\u00e9lo dans le cadre de vos trajets domicile-travail. Mes Allocs vous d\\u00e9taille les conditions.\",\"inLanguage\":\"fr-FR\"},{\"@type\":\"Person\",\"@id\":\"https:\/\/www.mes-allocs.fr\/guides\/#\/schema\/person\/7a9b61e7b715d477066a9f941c0440c7\",\"name\":\"L\\u00e9o Martin\",\"image\":{\"@type\":\"ImageObject\",\"@id\":\"https:\/\/www.mes-allocs.fr\/guides\/#personlogo\",\"inLanguage\":\"fr-FR\",\"url\":\"https:\/\/www.mes-allocs.fr\/guides\/wp-content\/uploads\/2023\/12\/1635317753781-e1701432075572-150x150.jpg\",\"caption\":\"L\\u00e9o Martin\"},\"description\":\"L\\u00e9o est r\\u00e9dacteur au sein de l'\\u00e9quipe Mes Allocs, sp\\u00e9cialis\\u00e9 sur les th\\u00e9matiques pouvoir d'achat et aides. Il rejoint Mes Allocs apr\\u00e8s une premi\\u00e8re exp\\u00e9rience en tant que journaliste chez La Gazette Cagnoise et Nice Presse.\",\"sameAs\":[\"https:\/\/www.linkedin.com\/in\/lo-martin-3429bb224\"]}]}<\/script>\n<!-- \/ Yoast SEO plugin. -->","amp_validity":null,"acf":{"faq":{"1":{"question":"Qui a droit \u00e0 la prime v\u00e9lo electrique ?","answer":"Pour b\u00e9n\u00e9ficier de la prime, vous devez respecter les conditions suivantes : \r\n-\u00catre majeur\r\n-\u00catre domicili\u00e9 en France\r\n-Avoir un revenu fiscal de r\u00e9f\u00e9rence par part inf\u00e9rieur ou \u00e9gal \u00e0 14 089\u20ac"},"2":{"question":"Quel est le montant de l'aide de la r\u00e9gion Ile-de-France ?","answer":"La prime \u00e0 l'achat accord\u00e9e par la r\u00e9gion \u00cele-de-France peut aller jusqu'\u00e0 600\u20ac. Elle concerne les v\u00e9los classiques et \u00e0 assistance \u00e9lectrique."},"3":{"question":"Combien de fois b\u00e9n\u00e9ficier du bonus pour l'achat d'un v\u00e9lo \u00e9lectrique ?","answer":"Vous ne pouvez b\u00e9n\u00e9ficier du bonus pour l'achat d'un v\u00e9lo \u00e9lectrique qu'une seule fois."},"4":{"question":"Comment choisir un v\u00e9lo \u00e9lectrique ?","answer":"Cela d\u00e9pend de votre budget, de la taille de votre m\u00e9nage, de votre lieu de travail, etc. Si avez une grande famille, optez plut\u00f4t pour un v\u00e9lo cargo \u00e9lectrique."},"5":{"question":"Comment b\u00e9n\u00e9ficier de la prime \u00e0 la conversion sp\u00e9cial v\u00e9lo ? ","answer":"Le demandeur de la prime doit \u00eatre le propri\u00e9taire du v\u00e9hicule destin\u00e9 \u00e0 la destruction depuis au moins un an."},"6":{"question":"","answer":""},"7":{"question":"","answer":""},"8":{"question":"","answer":""},"9":{"question":"","answer":""},"10":{"question":"","answer":""},"11":{"question":"","answer":""},"12":{"question":"","answer":""},"13":{"question":"","answer":""},"14":{"question":"","answer":""},"15":{"question":"","answer":""},"16":{"question":"","answer":""}}},"_links":{"self":[{"href":"https:\/\/www.mes-allocs.fr\/guides\/wp-json\/wp\/v2\/posts\/74227","targetHints":{"allow":["GET"]}}],"collection":[{"href":"https:\/\/www.mes-allocs.fr\/guides\/wp-json\/wp\/v2\/posts"}],"about":[{"href":"https:\/\/www.mes-allocs.fr\/guides\/wp-json\/wp\/v2\/types\/post"}],"author":[{"embeddable":true,"href":"https:\/\/www.mes-allocs.fr\/guides\/wp-json\/wp\/v2\/users\/27"}],"replies":[{"embeddable":true,"href":"https:\/\/www.mes-allocs.fr\/guides\/wp-json\/wp\/v2\/comments?post=74227"}],"version-history":[{"count":6,"href":"https:\/\/www.mes-allocs.fr\/guides\/wp-json\/wp\/v2\/posts\/74227\/revisions"}],"predecessor-version":[{"id":74738,"href":"https:\/\/www.mes-allocs.fr\/guides\/wp-json\/wp\/v2\/posts\/74227\/revisions\/74738"}],"wp:featuredmedia":[{"embeddable":true,"href":"https:\/\/www.mes-allocs.fr\/guides\/wp-json\/wp\/v2\/media\/74228"}],"wp:attachment":[{"href":"https:\/\/www.mes-allocs.fr\/guides\/wp-json\/wp\/v2\/media?parent=74227"}],"wp:term":[{"taxonomy":"category","embeddable":true,"href":"https:\/\/www.mes-allocs.fr\/guides\/wp-json\/wp\/v2\/categories?post=74227"},{"taxonomy":"post_tag","embeddable":true,"href":"https:\/\/www.mes-allocs.fr\/guides\/wp-json\/wp\/v2\/tags?post=74227"}],"curies":[{"name":"wp","href":"https:\/\/api.w.org\/{rel}","templated":true}]}}