{"id":74222,"date":"2024-02-02T18:03:49","date_gmt":"2024-02-02T16:03:49","guid":{"rendered":"https:\/\/www.mes-allocs.fr\/guides\/?p=74222"},"modified":"2025-03-21T18:38:52","modified_gmt":"2025-03-21T16:38:52","slug":"delai-demande-conge-sabbatique","status":"publish","type":"post","link":"https:\/\/www.mes-allocs.fr\/guides\/conge-sabbatique\/conge-sabbatique-demande\/delai-demande-conge-sabbatique\/","title":{"rendered":"Quel est le d\u00e9lai \u00e0 respecter pour faire une demande de cong\u00e9 sabbatique ?"},"content":{"rendered":"<p><img loading=\"lazy\" decoding=\"async\" class=\"alignnone wp-image-74252 size-full\" title=\"delai demande conge sabbatique\" src=\"https:\/\/www.mes-allocs.fr\/guides\/wp-content\/uploads\/2024\/02\/delai-demande-conge-sabbatique-e1706887727184.jpg\" alt=\"delai demande conge sabbatique\" width=\"1280\" height=\"281\" srcset=\"https:\/\/www.mes-allocs.fr\/guides\/wp-content\/uploads\/2024\/02\/delai-demande-conge-sabbatique-e1706887727184.jpg 1280w, https:\/\/www.mes-allocs.fr\/guides\/wp-content\/uploads\/2024\/02\/delai-demande-conge-sabbatique-e1706887727184-300x66.jpg 300w, https:\/\/www.mes-allocs.fr\/guides\/wp-content\/uploads\/2024\/02\/delai-demande-conge-sabbatique-e1706887727184-1024x225.jpg 1024w, https:\/\/www.mes-allocs.fr\/guides\/wp-content\/uploads\/2024\/02\/delai-demande-conge-sabbatique-e1706887727184-768x169.jpg 768w, https:\/\/www.mes-allocs.fr\/guides\/wp-content\/uploads\/2024\/02\/delai-demande-conge-sabbatique-e1706887727184-600x132.jpg 600w\" sizes=\"auto, (max-width: 1280px) 100vw, 1280px\" \/><\/p>\n<p><strong>Le<a href=\"https:\/\/www.mes-allocs.fr\/guides\/conge-sabbatique\/\"> cong\u00e9 sabbatique<\/a> offre aux salari\u00e9s l&rsquo;opportunit\u00e9 de s&rsquo;absenter de leur travail pendant une p\u00e9riode prolong\u00e9e afin de se consacrer \u00e0 des projets personnels, \u00e0 des voyages ou \u00e0 d&rsquo;autres activit\u00e9s. Cependant, il est crucial de respecter les d\u00e9lais requis pour faire une demande de cong\u00e9 sabbatique. Cette d\u00e9marche n\u00e9cessite une planification ad\u00e9quate pour assurer une gestion efficace des ressources humaines au sein de l&rsquo;entreprise..<\/strong><\/p>\n<div class='cta-block'><div class='text'>Simulez votre toutes vos aides en 2 min.<\/div><a href='https:\/\/www.mes-allocs.fr\/ab-app?origin=guides\/wp-json\/wp\/v2\/posts\/74222' class='app-button fit'>Simulation gratuite<\/a><\/div>\n<h1><strong>Quel est le d\u00e9lai \u00e0 respecter pour faire une demande de cong\u00e9 sabbatique ?<\/strong><\/h1>\n<h2><strong>Le cadre l\u00e9gal et r\u00e9glementaire du cong\u00e9 sabbatique<\/strong><\/h2>\n<p>Le cong\u00e9 sabbatique est encadr\u00e9 par des dispositions l\u00e9gales et r\u00e9glementaires visant \u00e0 garantir les droits des salari\u00e9s et \u00e0 d\u00e9finir les obligations des employeurs en mati\u00e8re de gestion des cong\u00e9s. Voici un aper\u00e7u du cadre l\u00e9gal et r\u00e9glementaire concernant le cong\u00e9 sabbatique :<\/p>\n<ul>\n<li><strong>Code du travail :<\/strong> le Code du travail \u00e9nonce les principes g\u00e9n\u00e9raux relatifs aux cong\u00e9s et aux absences des salari\u00e9s. Il d\u00e9finit les modalit\u00e9s d&rsquo;octroi du cong\u00e9 sabbatique, notamment en ce qui concerne les conditions d&rsquo;anciennet\u00e9 requises, la dur\u00e9e maximale du cong\u00e9 et les droits et obligations des parties.<\/li>\n<li><strong>Accords collectifs :<\/strong> les conventions collectives et les accords d&rsquo;entreprise peuvent pr\u00e9voir des dispositions sp\u00e9cifiques concernant le cong\u00e9 sabbatique, telles que les conditions d&rsquo;\u00e9ligibilit\u00e9, les modalit\u00e9s de demande et de traitement des demandes, ainsi que les garanties offertes aux salari\u00e9s pendant leur cong\u00e9.<\/li>\n<li><strong>Charte interne de l&rsquo;entreprise :<\/strong> certains employeurs peuvent avoir une charte interne ou un r\u00e8glement int\u00e9rieur qui pr\u00e9cise les conditions d&rsquo;octroi et de gestion du cong\u00e9 sabbatique au sein de l&rsquo;entreprise. Cette charte peut compl\u00e9ter les dispositions l\u00e9gales et r\u00e9glementaires applicables.<\/li>\n<li><strong>Accords d&rsquo;entreprise :<\/strong> dans certaines entreprises, des accords d&rsquo;entreprise peuvent \u00eatre conclus entre l&#8217;employeur et les repr\u00e9sentants des salari\u00e9s pour r\u00e9gir les conditions d&rsquo;octroi et de gestion du cong\u00e9 sabbatique, en fonction des sp\u00e9cificit\u00e9s de l&rsquo;entreprise et des besoins des salari\u00e9s.<\/li>\n<li><strong>Pratiques de gestion des ressources humaines :<\/strong> en plus des dispositions l\u00e9gales et r\u00e9glementaires, les pratiques de gestion des ressources humaines au sein de l&rsquo;entreprise peuvent influencer la mani\u00e8re dont le cong\u00e9 sabbatique est accord\u00e9 et g\u00e9r\u00e9. Cela peut inclure des politiques internes, des proc\u00e9dures de demande et de traitement des demandes, ainsi que des mesures pour assurer la continuit\u00e9 du travail pendant l&rsquo;absence du salari\u00e9.<\/li>\n<\/ul>\n<p>En r\u00e9sum\u00e9, le cadre l\u00e9gal et r\u00e9glementaire entourant le cong\u00e9 sabbatique vise \u00e0 concilier les int\u00e9r\u00eats des salari\u00e9s et des employeurs, en garantissant aux salari\u00e9s le droit de prendre un cong\u00e9 pour se consacrer \u00e0 des projets personnels tout en pr\u00e9servant les int\u00e9r\u00eats et le bon fonctionnement de l&rsquo;entreprise. <strong>Il est important pour les salari\u00e9s et les employeurs de se familiariser avec ces dispositions afin de comprendre les droits et obligations li\u00e9s au cong\u00e9 sabbatique.<\/strong><\/p>\n<h2>Les d\u00e9tails sur le d\u00e9lai requis<\/h2>\n<p>Le processus de demande de cong\u00e9 sabbatique requiert du salari\u00e9 qu&rsquo;il informe son employeur de son intention de prendre ce cong\u00e9 au moins<strong> 3 mois<\/strong> avant la date envisag\u00e9e pour le d\u00e9part. Cette notification doit \u00eatre officiellement adress\u00e9e \u00e0 l&#8217;employeur par tout moyen permettant de justifier la date de la demande de cong\u00e9, tel qu&rsquo;une lettre recommand\u00e9e ou un courrier \u00e9lectronique recommand\u00e9.<\/p>\n<p>Ce d\u00e9lai de <strong>pr\u00e9avis de 3 mois<\/strong> est crucial pour permettre \u00e0 l&#8217;employeur d&rsquo;organiser ad\u00e9quatement le travail en l&rsquo;absence du salari\u00e9 et de prendre les mesures n\u00e9cessaires pour assurer la continuit\u00e9 des activit\u00e9s de l&rsquo;entreprise pendant cette p\u00e9riode. De plus, ce laps de temps donne \u00e0 l&#8217;employeur la possibilit\u00e9 de discuter avec le salari\u00e9 des modalit\u00e9s de son cong\u00e9 sabbatique et d&rsquo;examiner les implications \u00e9ventuelles pour l&rsquo;organisation du travail et l&rsquo;\u00e9quipe.<\/p>\n<div class='cta-block'><div class='text'>Simulez votre toutes vos aides en 2 min.<\/div><a href='https:\/\/www.mes-allocs.fr\/ab-app?origin=guides\/wp-json\/wp\/v2\/posts\/74222' class='app-button fit'>Simulation gratuite<\/a><\/div>\n<p><iframe loading=\"lazy\" title=\"Le cong\u00e9 sabbatique\" width=\"500\" height=\"281\" src=\"https:\/\/www.youtube.com\/embed\/LVb9xmVd30o?feature=oembed\" frameborder=\"0\" allow=\"accelerometer; autoplay; clipboard-write; encrypted-media; gyroscope; picture-in-picture; web-share\" referrerpolicy=\"strict-origin-when-cross-origin\" allowfullscreen><\/iframe><\/p>\n<h1><strong>Quelles sont les cons\u00e9quences du non-respect des d\u00e9lais pour faire une demande de cong\u00e9 sabbatique ?<\/strong><\/h1>\n<h2><strong>Les cons\u00e9quences du non-respect des d\u00e9lais pour faire une demande de cong\u00e9 sabbatique <\/strong><\/h2>\n<p>Les cons\u00e9quences du non-respect des d\u00e9lais pour faire une demande de cong\u00e9 sabbatique peuvent \u00eatre significatives pour le salari\u00e9 ainsi que pour l&#8217;employeur.<\/p>\n<ul>\n<li>Pour le salari\u00e9 :<\/li>\n<\/ul>\n<p><strong>Risque de refus<\/strong> : si le d\u00e9lai de pr\u00e9avis n&rsquo;est pas respect\u00e9, l&#8217;employeur peut \u00eatre en droit de refuser la demande de cong\u00e9 sabbatique. Cela peut compromettre les projets personnels ou professionnels du salari\u00e9.<\/p>\n<p><strong>Difficult\u00e9s d&rsquo;organisation<\/strong> : un retard dans la demande peut entra\u00eener des complications dans l&rsquo;organisation personnelle du salari\u00e9, notamment en ce qui concerne la planification des activit\u00e9s pendant le cong\u00e9 sabbatique.<\/p>\n<p><strong>Impact sur la relation employeur-employ\u00e9<\/strong> : le non-respect des d\u00e9lais peut cr\u00e9er des tensions au sein de la relation entre le salari\u00e9 et l&#8217;employeur, en raison du manque de communication ou de l&rsquo;impr\u00e9voyance du salari\u00e9.<\/p>\n<ul>\n<li>Pour l&#8217;employeur :<\/li>\n<\/ul>\n<p><strong>Perturbations dans l&rsquo;organisation du travail<\/strong> : un retard dans la demande de cong\u00e9 sabbatique peut entra\u00eener des perturbations dans l&rsquo;organisation du travail de l&rsquo;entreprise, notamment en ce qui concerne la planification des effectifs et la r\u00e9partition des t\u00e2ches.<\/p>\n<p><strong>Difficult\u00e9s de remplacement<\/strong> : un pr\u00e9avis insuffisant peut rendre difficile le remplacement temporaire de l&#8217;employ\u00e9 pendant son cong\u00e9 sabbatique, ce qui peut affecter la continuit\u00e9 des activit\u00e9s de l&rsquo;entreprise.<\/p>\n<p><strong>Risque de litige<\/strong> : le non-respect des d\u00e9lais peut entra\u00eener des litiges entre l&#8217;employ\u00e9 et l&#8217;employeur, notamment si l&#8217;employ\u00e9 estime que le refus de sa demande de cong\u00e9 sabbatique est injustifi\u00e9.<\/p>\n<p>En somme, le non-respect des d\u00e9lais pour faire une demande de cong\u00e9 sabbatique peut avoir des r\u00e9percussions importantes sur les deux parties, tant sur le plan pratique que sur le plan relationnel. Il est donc essentiel pour les salari\u00e9s et les employeurs de veiller \u00e0 respecter les d\u00e9lais et les proc\u00e9dures \u00e9tablis pour la gestion des cong\u00e9s sabbatiques.<\/p>\n<h2>Les cons\u00e9quences d&rsquo;un d\u00e9faut de r\u00e9ponse de l&#8217;employeur suite \u00e0 une demande de cong\u00e9 sabbatique<\/h2>\n<p>L&#8217;employeur communique sa d\u00e9cision au salari\u00e9 dans les cas suivants :<\/p>\n<ol>\n<li>Accord sur la date de d\u00e9part choisie par le salari\u00e9.<\/li>\n<li>Report de la date de d\u00e9part initialement choisie.<\/li>\n<li>Refus d&rsquo;accorder le cong\u00e9 sabbatique.<\/li>\n<\/ol>\n<p><strong>Si l&#8217;employeur ne r\u00e9pond pas dans un d\u00e9lai de 30 jours \u00e0 compter de la pr\u00e9sentation de la demande, le cong\u00e9 sabbatique est automatiquement accord\u00e9.<\/strong><\/p>\n<p>Les conditions pour l&rsquo;accord, le report ou le refus de l&#8217;employeur varient en fonction de la taille de l&rsquo;entreprise.<\/p>\n<div class='cta-block'><div class='text'>Simulez votre toutes vos aides en 2 min.<\/div><a href='https:\/\/www.mes-allocs.fr\/ab-app?origin=guides\/wp-json\/wp\/v2\/posts\/74222' class='app-button fit'>Simulation gratuite<\/a><\/div>\n","protected":false},"excerpt":{"rendered":"<p>Le cong\u00e9 sabbatique offre aux salari\u00e9s l&rsquo;opportunit\u00e9 de s&rsquo;absenter de leur travail pendant une p\u00e9riode prolong\u00e9e afin de se consacrer \u00e0 des projets personnels, \u00e0 des voyages ou \u00e0 d&rsquo;autres activit\u00e9s. Cependant, il est crucial de respecter les d\u00e9lais requis pour faire une demande de cong\u00e9 sabbatique. Cette d\u00e9marche n\u00e9cessite une planification ad\u00e9quate pour assurer [&hellip;]<\/p>\n","protected":false},"author":26,"featured_media":74251,"comment_status":"closed","ping_status":"open","sticky":false,"template":"","format":"standard","meta":{"amp_status":"","footnotes":""},"categories":[15121,16757],"tags":[],"class_list":["post-74222","post","type-post","status-publish","format-standard","has-post-thumbnail","hentry","category-conge-sabbatique","category-conge-sabbatique-demande"],"yoast_head":"<!-- This site is optimized with the Yoast SEO plugin v14.9 - https:\/\/yoast.com\/wordpress\/plugins\/seo\/ -->\n<title>Quel d\u00e9lai respecter pour faire une demande de cong\u00e9 sabbatique ?<\/title>\n<meta name=\"description\" content=\"Le cong\u00e9 sabbatique offre aux salari\u00e9s l&#039;opportunit\u00e9 de s&#039;absenter de leur travail. Cependant, il est crucial de respecter les d\u00e9lais requis.\" \/>\n<meta name=\"robots\" content=\"index, follow, max-snippet:-1, max-image-preview:large, max-video-preview:-1\" \/>\n<link rel=\"canonical\" href=\"https:\/\/www.mes-allocs.fr\/guides\/conge-sabbatique\/conge-sabbatique-demande\/delai-demande-conge-sabbatique\/\" \/>\n<meta property=\"og:locale\" content=\"fr_FR\" \/>\n<meta property=\"og:type\" content=\"article\" \/>\n<meta property=\"og:title\" content=\"Quel d\u00e9lai respecter pour faire une demande de cong\u00e9 sabbatique ?\" \/>\n<meta property=\"og:description\" content=\"Le cong\u00e9 sabbatique offre aux salari\u00e9s l&#039;opportunit\u00e9 de s&#039;absenter de leur travail. Cependant, il est crucial de respecter les d\u00e9lais requis.\" \/>\n<meta property=\"og:url\" content=\"https:\/\/www.mes-allocs.fr\/guides\/conge-sabbatique\/conge-sabbatique-demande\/delai-demande-conge-sabbatique\/\" \/>\n<meta property=\"og:site_name\" content=\"Mes-Allocs.fr\" \/>\n<meta property=\"article:published_time\" content=\"2024-02-02T16:03:49+00:00\" \/>\n<meta property=\"article:modified_time\" content=\"2025-03-21T16:38:52+00:00\" \/>\n<meta property=\"og:image\" content=\"https:\/\/www.mes-allocs.fr\/guides\/wp-content\/uploads\/2024\/02\/delai-demande-conge-sabbatique-1.jpg?wsr\" \/>\n\t<meta property=\"og:image:width\" content=\"744\" \/>\n\t<meta property=\"og:image:height\" content=\"722\" \/>\n<meta name=\"twitter:card\" content=\"summary_large_image\" \/>\n<script type=\"application\/ld+json\" class=\"yoast-schema-graph\">{\"@context\":\"https:\/\/schema.org\",\"@graph\":[{\"@type\":\"WebSite\",\"@id\":\"https:\/\/www.mes-allocs.fr\/guides\/#website\",\"url\":\"https:\/\/www.mes-allocs.fr\/guides\/\",\"name\":\"Mes-Allocs.fr\",\"description\":\"\",\"potentialAction\":[{\"@type\":\"SearchAction\",\"target\":\"https:\/\/www.mes-allocs.fr\/guides\/?s={search_term_string}\",\"query-input\":\"required name=search_term_string\"}],\"inLanguage\":\"fr-FR\"},{\"@type\":\"ImageObject\",\"@id\":\"https:\/\/www.mes-allocs.fr\/guides\/conge-sabbatique\/conge-sabbatique-demande\/delai-demande-conge-sabbatique\/#primaryimage\",\"inLanguage\":\"fr-FR\",\"url\":\"https:\/\/www.mes-allocs.fr\/guides\/wp-content\/uploads\/2024\/02\/delai-demande-conge-sabbatique-1.jpg?wsr\",\"width\":744,\"height\":722,\"caption\":\"delai demande conge sabbatique\"},{\"@type\":\"WebPage\",\"@id\":\"https:\/\/www.mes-allocs.fr\/guides\/conge-sabbatique\/conge-sabbatique-demande\/delai-demande-conge-sabbatique\/#webpage\",\"url\":\"https:\/\/www.mes-allocs.fr\/guides\/conge-sabbatique\/conge-sabbatique-demande\/delai-demande-conge-sabbatique\/\",\"name\":\"Quel d\\u00e9lai respecter pour faire une demande de cong\\u00e9 sabbatique ?\",\"isPartOf\":{\"@id\":\"https:\/\/www.mes-allocs.fr\/guides\/#website\"},\"primaryImageOfPage\":{\"@id\":\"https:\/\/www.mes-allocs.fr\/guides\/conge-sabbatique\/conge-sabbatique-demande\/delai-demande-conge-sabbatique\/#primaryimage\"},\"datePublished\":\"2024-02-02T16:03:49+00:00\",\"dateModified\":\"2025-03-21T16:38:52+00:00\",\"author\":{\"@id\":\"https:\/\/www.mes-allocs.fr\/guides\/#\/schema\/person\/9c38f3be41a0ddcd1e3fde5a3df713bf\"},\"description\":\"Le cong\\u00e9 sabbatique offre aux salari\\u00e9s l'opportunit\\u00e9 de s'absenter de leur travail. Cependant, il est crucial de respecter les d\\u00e9lais requis.\",\"inLanguage\":\"fr-FR\"},{\"@type\":\"Person\",\"@id\":\"https:\/\/www.mes-allocs.fr\/guides\/#\/schema\/person\/9c38f3be41a0ddcd1e3fde5a3df713bf\",\"name\":\"Sessime Ananou\",\"image\":{\"@type\":\"ImageObject\",\"@id\":\"https:\/\/www.mes-allocs.fr\/guides\/#personlogo\",\"inLanguage\":\"fr-FR\",\"url\":\"https:\/\/www.mes-allocs.fr\/guides\/wp-content\/uploads\/2023\/08\/IMG_8173-150x150.jpg\",\"caption\":\"Sessime Ananou\"},\"description\":\"Sessime est r\\u00e9dactrice chez Mes Allocs, sp\\u00e9cialis\\u00e9e sur le pouvoir d'achat. Elle rejoint l'\\u00e9quipe Mes Allocs en ao\\u00fbt 2023 afin de simplifier l'acc\\u00e8s \\u00e0 l'information sur les aides en g\\u00e9n\\u00e9ral.\"}]}<\/script>\n<!-- \/ Yoast SEO plugin. -->","amp_validity":null,"acf":{"faq":{"1":{"question":"Quels sont les avantages de respecter les d\u00e9lais pour faire une demande de cong\u00e9 sabbatique ?","answer":"Respecter les d\u00e9lais permet de faciliter le processus de demande, d'assurer une gestion efficace des ressources humaines et de minimiser les complications pour l'employ\u00e9 et l'employeur."},"2":{"question":"Quels sont les avantages suppl\u00e9mentaires pour les personnes b\u00e9n\u00e9ficiant de l'AAH en raison de leur maladie ?","answer":"En plus de l'allocation financi\u00e8re, les b\u00e9n\u00e9ficiaires de l'AAH peuvent \u00e9galement avoir acc\u00e8s \u00e0 d'autres avantages sociaux, tels que la prise en charge de certains frais m\u00e9dicaux ou le b\u00e9n\u00e9fice de tarifs r\u00e9duits dans certains domaines."},"3":{"question":"Les d\u00e9lais pour faire une demande de cong\u00e9 sabbatique sont-ils fix\u00e9s par la loi ?","answer":"Les d\u00e9lais peuvent \u00eatre r\u00e9gis par la loi ou d\u00e9termin\u00e9s par les politiques internes de l'entreprise."},"4":{"question":"Quel est le d\u00e9lai minimum recommand\u00e9 pour informer l'employeur de son intention de prendre un cong\u00e9 sabbatique ?","answer":"Le d\u00e9lai recommand\u00e9 est g\u00e9n\u00e9ralement de plusieurs mois \u00e0 l'avance, afin de permettre \u00e0 l'employeur de planifier et d'organiser le remplacement temporaire du salari\u00e9."},"5":{"question":"Quelles sont les implications pour l'employ\u00e9 en cas de non-respect des d\u00e9lais pour faire une demande de cong\u00e9 sabbatique ?","answer":"Le non-respect des d\u00e9lais peut entra\u00eener le refus de la demande de cong\u00e9 sabbatique ou des complications dans l'organisation du travail pour l'employeur."},"6":{"question":"Quel est le d\u00e9lai minimum recommand\u00e9 pour informer l'employeur de son intention de prendre un cong\u00e9 sabbatique ?","answer":"Le d\u00e9lai recommand\u00e9 est g\u00e9n\u00e9ralement de plusieurs mois \u00e0 l'avance, afin de permettre \u00e0 l'employeur de planifier et d'organiser le remplacement temporaire du salari\u00e9."},"7":{"question":"","answer":""},"8":{"question":"","answer":""},"9":{"question":"","answer":""},"10":{"question":"","answer":""},"11":{"question":"","answer":""},"12":{"question":"","answer":""},"13":{"question":"","answer":""},"14":{"question":"","answer":""},"15":{"question":"","answer":""},"16":{"question":"","answer":""}}},"_links":{"self":[{"href":"https:\/\/www.mes-allocs.fr\/guides\/wp-json\/wp\/v2\/posts\/74222","targetHints":{"allow":["GET"]}}],"collection":[{"href":"https:\/\/www.mes-allocs.fr\/guides\/wp-json\/wp\/v2\/posts"}],"about":[{"href":"https:\/\/www.mes-allocs.fr\/guides\/wp-json\/wp\/v2\/types\/post"}],"author":[{"embeddable":true,"href":"https:\/\/www.mes-allocs.fr\/guides\/wp-json\/wp\/v2\/users\/26"}],"replies":[{"embeddable":true,"href":"https:\/\/www.mes-allocs.fr\/guides\/wp-json\/wp\/v2\/comments?post=74222"}],"version-history":[{"count":9,"href":"https:\/\/www.mes-allocs.fr\/guides\/wp-json\/wp\/v2\/posts\/74222\/revisions"}],"predecessor-version":[{"id":96665,"href":"https:\/\/www.mes-allocs.fr\/guides\/wp-json\/wp\/v2\/posts\/74222\/revisions\/96665"}],"wp:featuredmedia":[{"embeddable":true,"href":"https:\/\/www.mes-allocs.fr\/guides\/wp-json\/wp\/v2\/media\/74251"}],"wp:attachment":[{"href":"https:\/\/www.mes-allocs.fr\/guides\/wp-json\/wp\/v2\/media?parent=74222"}],"wp:term":[{"taxonomy":"category","embeddable":true,"href":"https:\/\/www.mes-allocs.fr\/guides\/wp-json\/wp\/v2\/categories?post=74222"},{"taxonomy":"post_tag","embeddable":true,"href":"https:\/\/www.mes-allocs.fr\/guides\/wp-json\/wp\/v2\/tags?post=74222"}],"curies":[{"name":"wp","href":"https:\/\/api.w.org\/{rel}","templated":true}]}}