{"id":74209,"date":"2024-02-02T11:38:26","date_gmt":"2024-02-02T09:38:26","guid":{"rendered":"https:\/\/www.mes-allocs.fr\/guides\/?p=74209"},"modified":"2025-02-26T12:33:28","modified_gmt":"2025-02-26T10:33:28","slug":"aide-velo-electrique-paca","status":"publish","type":"post","link":"https:\/\/www.mes-allocs.fr\/guides\/aide-velo-electrique\/aide-velo-region\/aide-velo-electrique-paca\/","title":{"rendered":"Aide v\u00e9lo \u00e9lectrique PACA : conditions, montants, d\u00e9marches"},"content":{"rendered":"<p style=\"text-align: left;\"><img loading=\"lazy\" decoding=\"async\" class=\"alignnone wp-image-74216 size-full\" title=\"Aide v\u00e9lo \u00e9lectrique PACA\" src=\"https:\/\/www.mes-allocs.fr\/guides\/wp-content\/uploads\/2024\/02\/cycles-4242434_1280-e1706808284465.jpg\" alt=\"Aide v\u00e9lo \u00e9lectrique PACA\" width=\"1280\" height=\"400\" srcset=\"https:\/\/www.mes-allocs.fr\/guides\/wp-content\/uploads\/2024\/02\/cycles-4242434_1280-e1706808284465.jpg 1280w, https:\/\/www.mes-allocs.fr\/guides\/wp-content\/uploads\/2024\/02\/cycles-4242434_1280-e1706808284465-300x94.jpg 300w, https:\/\/www.mes-allocs.fr\/guides\/wp-content\/uploads\/2024\/02\/cycles-4242434_1280-e1706808284465-1024x320.jpg 1024w, https:\/\/www.mes-allocs.fr\/guides\/wp-content\/uploads\/2024\/02\/cycles-4242434_1280-e1706808284465-768x240.jpg 768w, https:\/\/www.mes-allocs.fr\/guides\/wp-content\/uploads\/2024\/02\/cycles-4242434_1280-e1706808284465-600x188.jpg 600w\" sizes=\"auto, (max-width: 1280px) 100vw, 1280px\" \/><\/p>\n<p><strong>Les <a href=\"https:\/\/www.mes-allocs.fr\/guides\/prime-velo-electrique\/prime-velo-region\/\">aides r\u00e9gionales pour l\u2019achat d\u2019un v\u00e9lo \u00e9lectrique<\/a> sont souvent tr\u00e8s avantageuses. La r\u00e9gion PACA ne propose aucune aide pour cet achat, mais selon votre ville de r\u00e9sidence des subventions sont disponibles pour vous aider \u00e0 r\u00e9aliser cet investissement. On vous d\u00e9taille les primes pour les v\u00e9los \u00e9lectriques en r\u00e9gion PACA.<\/strong><\/p>\n<div class='cta-block'><div class='text'>Simulez toutes vos Aides en 2 min.<\/div><a href='https:\/\/www.mes-allocs.fr\/ab-app?origin=guides\/wp-json\/wp\/v2\/posts\/74209' class='app-button fit'>Simulation gratuite<\/a><\/div>\n<h1><b>Aide \u00e0 l\u2019achat d\u2019un v\u00e9lo \u00e9lectrique dans la r\u00e9gion PACA<\/b><\/h1>\n<p><span style=\"font-weight: 400;\">La r\u00e9gion PACA ne propose pas \u00e0 ses habitants d&rsquo;aide pour l\u2019achat d\u2019un v\u00e9lo \u00e9lectrique. Mes Allocs vous renseigne sur les aides disponibles dans votre d\u00e9partement ou votre ville de r\u00e9sidence.\u00a0<\/span><\/p>\n<h2><b>Aide v\u00e9lo Toulon M\u00e9tropole Provence M\u00e9diterran\u00e9e\u00a0\u00a0<\/b><\/h2>\n<p><span style=\"font-weight: 400;\">Dans le cadre de sa politique de mobilit\u00e9 en faveur des modes doux de d\u00e9placement, la M\u00e9tropole TPM s\u2019engage, aupr\u00e8s des particuliers et \u00e0 hauteur de 25%, pour l\u2019achat d\u2019un <strong>v\u00e9lo \u00e0 Assistance \u00c9lectrique<\/strong> (VAE).<\/span><\/p>\n<p><span style=\"font-weight: 400;\">La M\u00e9tropole TPM participe, conform\u00e9ment aux objectifs du Plan de D\u00e9placements Urbains approuv\u00e9 en 2006, \u00e0 la r\u00e9duction des \u00e9missions de gaz \u00e0 effet de serre en limitant l\u2019usage de la voiture particuli\u00e8re.<\/span><\/p>\n<p><span style=\"font-weight: 400;\">Ainsi, dans le cadre d\u2019une politique de d\u00e9veloppement durable pour inciter les habitants du territoire TPM \u00e0 utiliser le v\u00e9lo dans leurs d\u00e9placements quotidiens et participer \u00e0 la r\u00e9duction des d\u00e9placements effectu\u00e9s en voiture, TPM a institu\u00e9 un dispositif d\u2019aide \u00e0 l\u2019achat d\u2019un V\u00e9lo \u00e0 Assistance \u00c9lectrique (VAE).<\/span><\/p>\n<p><strong>La <a href=\"https:\/\/www.mes-allocs.fr\/guides\/prime-velo-electrique\/aide-velo-electrique-var\/\">prime v\u00e9lo \u00e9lectrique dans le Var<\/a> est de maximum 250 \u20ac, cette aide est cumulable avec l\u2019aide de l\u2019Etat.\u00a0<\/strong><\/p>\n<p><span style=\"font-weight: 400;\">Vous pouvez d\u00e9poser votre demande en ligne sur le site de la m\u00e9tropole.\u00a0<\/span><\/p>\n<h2><strong>Aide v\u00e9lo M\u00e9tropole Nice c\u00f4te d\u2019Azur\u00a0<\/strong><\/h2>\n<p><span style=\"font-weight: 400;\">La M\u00e9tropole encourage l&rsquo;adoption de modes de d\u00e9placement durables en mettant en place un programme de subventions destin\u00e9 aux r\u00e9sidents principaux du territoire m\u00e9tropolitain souhaitant acqu\u00e9rir un v\u00e9lo \u00e0 propulsion humaine.<\/span><\/p>\n<p><strong>Cette aide repr\u00e9sente 50% du prix d&rsquo;achat en euros toutes taxes comprises, avec un plafond fix\u00e9 \u00e0 100 \u20ac.<\/strong><\/p>\n<p><span style=\"font-weight: 400;\">Votre participation \u00e0 ce programme contribuera activement \u00e0 la pr\u00e9servation de l&rsquo;environnement et de la sant\u00e9 publique en r\u00e9duisant les \u00e9missions de gaz \u00e0 effet de serre et en limitant les nuisances sonores, conform\u00e9ment aux objectifs de la M\u00e9tropole Nice C\u00f4te d&rsquo;Azur.<\/span><\/p>\n<p><span style=\"font-weight: 400;\">Il est important de noter que les v\u00e9los destin\u00e9s aux enfants ne sont pas \u00e9ligibles \u00e0 cette subvention, et cette aide m\u00e9tropolitaine ne peut \u00eatre cumul\u00e9e avec celle accord\u00e9e pour l&rsquo;acquisition de deux-roues \u00e9lectriques.<\/span><\/p>\n<p><span style=\"font-weight: 400;\">Pour que le dossier soit consid\u00e9r\u00e9 comme complet, veuillez inclure les \u00e9l\u00e9ments suivants :<\/span><\/p>\n<ul>\n<li style=\"font-weight: 400;\" aria-level=\"1\"><span style=\"font-weight: 400;\">La convention originale sign\u00e9e avec la mention manuscrite \u00ab\u00a0lu et approuv\u00e9\u00a0\u00bb (document t\u00e9l\u00e9chargeable \u00e0 l\u2019\u00e9tape 4 de l\u2019inscription).<\/span><\/li>\n<li style=\"font-weight: 400;\" aria-level=\"1\"><span style=\"font-weight: 400;\">L&rsquo;attestation sur l\u2019honneur (original manuscrit) engageant \u00e0 ne pas revendre le v\u00e9lo subventionn\u00e9 sous peine de restitution de la subvention \u00e0 la M\u00e9tropole Nice C\u00f4te d\u2019Azur, et \u00e0 fournir la preuve, sur demande du service m\u00e9tropolitain, de la possession du v\u00e9lo (document t\u00e9l\u00e9chargeable \u00e0 l\u2019\u00e9tape 4 de l\u2019inscription).<\/span><\/li>\n<li style=\"font-weight: 400;\" aria-level=\"1\"><span style=\"font-weight: 400;\">Une copie de la facture d\u2019achat acquitt\u00e9e du v\u00e9lo indiquant le mod\u00e8le.<\/span><\/li>\n<li style=\"font-weight: 400;\" aria-level=\"1\"><span style=\"font-weight: 400;\">Le dernier avis d\u2019imposition sur le revenu complet et connu.<\/span><\/li>\n<li style=\"font-weight: 400;\" aria-level=\"1\"><span style=\"font-weight: 400;\">L&rsquo;attestation d\u2019h\u00e9bergement (original manuscrit) en cas de r\u00e9sidence chez une tierce personne, justifiant le domicile du b\u00e9n\u00e9ficiaire mentionn\u00e9 sur les documents pr\u00e9c\u00e9dents.<\/span><\/li>\n<li style=\"font-weight: 400;\" aria-level=\"1\"><span style=\"font-weight: 400;\">Une copie de la pi\u00e8ce d\u2019identit\u00e9 (recto-verso).<\/span><\/li>\n<li style=\"font-weight: 400;\" aria-level=\"1\"><span style=\"font-weight: 400;\">Le relev\u00e9 d\u2019identit\u00e9 bancaire.<\/span><\/li>\n<\/ul>\n<p><span style=\"font-weight: 400;\">Veuillez noter que toutes les pi\u00e8ces justificatives doivent comporter une seule et m\u00eame adresse. L&rsquo;administration se r\u00e9serve le droit de demander des pi\u00e8ces compl\u00e9mentaires.<\/span><\/p>\n<p><strong>Proc\u00e9dure :<\/strong><\/p>\n<ul>\n<li style=\"font-weight: 400;\" aria-level=\"1\"><span style=\"font-weight: 400;\">V\u00e9rifiez votre \u00e9ligibilit\u00e9, inscrivez-vous et soumettez les documents requis sur subventions-aides.nicecotedazur.org.<\/span><\/li>\n<li style=\"font-weight: 400;\" aria-level=\"1\"><span style=\"font-weight: 400;\">La premi\u00e8re \u00e9tape consiste \u00e0 \u00ab\u00a0cr\u00e9er un compte\u00a0\u00bb en cr\u00e9ant un identifiant et un mot de passe.<\/span><\/li>\n<li style=\"font-weight: 400;\" aria-level=\"1\"><span style=\"font-weight: 400;\">Suivez l&rsquo;\u00e9volution de votre dossier sur la plateforme de d\u00e9p\u00f4t en utilisant votre identifiant et votre mot de passe.<\/span><\/li>\n<li style=\"font-weight: 400;\" aria-level=\"1\"><span style=\"font-weight: 400;\">Assurez-vous que tous les documents du dossier portent les m\u00eames nom et pr\u00e9nom que ceux figurant sur la facture. La falsification de documents peut entra\u00eener des poursuites.<\/span><\/li>\n<li style=\"font-weight: 400;\" aria-level=\"1\"><span style=\"font-weight: 400;\">Le versement de la subvention intervient dans un d\u00e9lai de 3 mois lorsque tous les \u00e9l\u00e9ments du dossier sont conformes \u00e0 la demande.<\/span><\/li>\n<\/ul>\n<p><iframe loading=\"lazy\" title=\"L&#039;aide au v\u00e9lo \u00e9lectrique\" width=\"500\" height=\"281\" src=\"https:\/\/www.youtube.com\/embed\/QH5GqTFaqwE?feature=oembed\" frameborder=\"0\" allow=\"accelerometer; autoplay; clipboard-write; encrypted-media; gyroscope; picture-in-picture; web-share\" referrerpolicy=\"strict-origin-when-cross-origin\" allowfullscreen><\/iframe><\/p>\n<h1><strong>Les aides des communaut\u00e9s de communes\u00a0 \u00a0<\/strong><\/h1>\n<h2><strong>Communaut\u00e9 de communes du Grand Avignon\u00a0<\/strong><\/h2>\n<p><span style=\"font-weight: 400;\">Le Plan de D\u00e9placements Urbains du Grand Avignon s&rsquo;inscrit dans une perspective de mobilit\u00e9 plus durable, favorisant les d\u00e9placements \u00e0 v\u00e9lo. Afin de promouvoir cette pratique, une aide \u00e0 l&rsquo;achat de V\u00e9lo \u00e0 Assistance \u00c9lectrique peut \u00eatre accord\u00e9e aux r\u00e9sidents des communes de la communaut\u00e9 du Grand Avignon !<\/span><\/p>\n<p><strong>Il s\u2019agit d\u2019une aide financi\u00e8re de 200 \u20ac.<\/strong><\/p>\n<p><span style=\"font-weight: 400;\">Pour \u00eatre \u00e9ligible, il faut r\u00e9sider dans l&rsquo;une des communes de la communaut\u00e9 du Grand-Avignon.<\/span><\/p>\n<p><span style=\"font-weight: 400;\">Documents \u00e0 fournir :<\/span><\/p>\n<ul>\n<li style=\"font-weight: 400;\" aria-level=\"1\"><span style=\"font-weight: 400;\">Justificatif de domicile.<\/span><\/li>\n<li style=\"font-weight: 400;\" aria-level=\"1\"><span style=\"font-weight: 400;\">Carte nationale d&rsquo;identit\u00e9.<\/span><\/li>\n<li style=\"font-weight: 400;\" aria-level=\"1\"><span style=\"font-weight: 400;\">Relev\u00e9 d&rsquo;identit\u00e9 bancaire (RIB).<\/span><\/li>\n<\/ul>\n<ul>\n<li style=\"font-weight: 400;\" aria-level=\"1\"><span style=\"font-weight: 400;\">Facture acquitt\u00e9e datant de moins de 6 mois.<\/span><\/li>\n<li style=\"font-weight: 400;\" aria-level=\"1\"><span style=\"font-weight: 400;\">Attestation sur l&rsquo;honneur garantissant la non-revente du v\u00e9lo pendant une dur\u00e9e d&rsquo;une ann\u00e9e\u00a0<\/span><\/li>\n<li style=\"font-weight: 400;\" aria-level=\"1\"><span style=\"font-weight: 400;\">Certificat d&rsquo;homologation conforme \u00e0 la norme europ\u00e9enne EN 15194.<\/span><\/li>\n<\/ul>\n<p><span style=\"font-weight: 400;\">Pour validation, veuillez envoyer le dossier par courrier \u00e0 l&rsquo;adresse suivante :<\/span><\/p>\n<p><span style=\"font-weight: 400;\">Service Mobilit\u00e9 du Grand Avignon, 320 chemin des Meinajari\u00e8s BP 1259 Agroparc &#8211; 84911 Avignon Cedex 9<\/span><\/p>\n<h2><strong>Communaut\u00e9 d&rsquo;agglom\u00e9ration Sophia Antipolis\u00a0<\/strong><\/h2>\n<p><span style=\"font-weight: 400;\">La Communaut\u00e9 d\u2019Agglom\u00e9ration Sophia Antipolis (C.A.S.A) poursuit son engagement en faveur de l&rsquo;utilisation quotidienne du v\u00e9lo en mettant en place une aide \u00e0 la r\u00e9paration de v\u00e9los et une aide \u00e0 l&rsquo;achat. Pionni\u00e8re dans les Alpes Maritimes, la C.A.S.A. reconduit ce dispositif \u00e0 succ\u00e8s en 2021, visant \u00e0 encourager les r\u00e9sidents du territoire \u00e0 acqu\u00e9rir des v\u00e9los classiques ou \u00e0 assistance \u00e9lectrique (VAE).<\/span><\/p>\n<p><span style=\"font-weight: 400;\">Pour tout achat d&rsquo;un v\u00e9lo ou VAE neuf, vous pouvez b\u00e9n\u00e9ficier d&rsquo;une subvention de 25 % du prix d&rsquo;achat TTC, dans les limites suivantes :<\/span><\/p>\n<ul>\n<li style=\"font-weight: 400;\" aria-level=\"1\"><strong>300 \u20ac par pi\u00e8ce pour les quotients familiaux inf\u00e9rieurs \u00e0 1 200 \u20ac ;<\/strong><\/li>\n<li style=\"font-weight: 400;\" aria-level=\"1\"><strong>200 \u20ac par pi\u00e8ce pour les quotients familiaux compris entre 1 200 \u20ac et 1 600 \u20ac ;<\/strong><\/li>\n<li style=\"font-weight: 400;\" aria-level=\"1\"><strong>100 \u20ac par pi\u00e8ce pour les quotients familiaux compris entre 1 600 \u20ac et 2 000 \u20ac.<\/strong><\/li>\n<\/ul>\n<h2><strong>Communaut\u00e9 d&rsquo;agglom\u00e9ration Les Sorgues Du Comtat\u00a0<\/strong><\/h2>\n<p><span style=\"font-weight: 400;\">La subvention vise l&rsquo;acquisition d&rsquo;un unique v\u00e9lo \u00e0 assistance \u00e9lectrique neuf \u00e0 usage personnel. <strong>La prime, d&rsquo;un montant de 20% du prix TTC, est plafonn\u00e9e \u00e0 120 \u20ac et sera vers\u00e9e une seule fois par demandeur.<\/strong><\/span><\/p>\n<p><span style=\"font-weight: 400;\">Documents \u00e0 fournir :<\/span><\/p>\n<ul>\n<li style=\"font-weight: 400;\" aria-level=\"1\"><span style=\"font-weight: 400;\">Pi\u00e8ce d&rsquo;identit\u00e9 officielle<\/span><\/li>\n<li style=\"font-weight: 400;\" aria-level=\"1\"><span style=\"font-weight: 400;\">Justificatif de domicile<\/span><\/li>\n<\/ul>\n<ul>\n<li style=\"font-weight: 400;\" aria-level=\"1\"><span style=\"font-weight: 400;\">Copie de la facture d&rsquo;achat du v\u00e9lo \u00e9lectrique au nom du demandeur et acquitt\u00e9e<\/span><\/li>\n<li style=\"font-weight: 400;\" aria-level=\"1\"><span style=\"font-weight: 400;\">Un RIB<\/span><\/li>\n<li style=\"font-weight: 400;\" aria-level=\"1\"><span style=\"font-weight: 400;\">Attestation sur l&rsquo;honneur du demandeur (document t\u00e9l\u00e9chargeable)<\/span><\/li>\n<li style=\"font-weight: 400;\" aria-level=\"1\"><span style=\"font-weight: 400;\">Copie du certificat d&rsquo;homologation du v\u00e9lo \u00e0 assistance \u00e9lectrique aux normes europ\u00e9ennes.<\/span><\/li>\n<\/ul>\n<p><span style=\"font-weight: 400;\">Le dossier complet doit \u00eatre retourn\u00e9 au service des <\/span><span style=\"font-weight: 400;\">finances :<\/span><\/p>\n<p><span style=\"font-weight: 400;\">Par courrier \u00e0 l\u2019adresse suivante :<\/span><\/p>\n<p><span style=\"font-weight: 400;\">Communaut\u00e9 de Communes Les Sorgues du Comtat, Service Finances, 340, Boulevard d\u2019Avignon, CS 6075, <\/span><span style=\"font-weight: 400;\">84 170 Monteux ou par mail : service.compta@sorgues-du-comtat.com<\/span><\/p>\n<h2><strong>Riviera Fran\u00e7aise\u00a0<\/strong><\/h2>\n<p><span style=\"font-weight: 400;\">Une subvention de 150 \u20ac est disponible pour soutenir l&rsquo;achat d&rsquo;un V\u00e9lo \u00e0 Assistance \u00c9lectrique (VAE). Cette aide peut \u00eatre cumul\u00e9e avec celles propos\u00e9es par les communes de Menton, Beausoleil, La Turbie et Fontan, offrant ainsi <strong>une subvention totale de 150 \u20ac par commune.<\/strong><\/span><\/p>\n<p><span style=\"font-weight: 400;\">Ces initiatives visent \u00e0 promouvoir la mobilit\u00e9 douce et \u00e9lectrique, encourageant ainsi l&rsquo;adoption d&rsquo;un mode de d\u00e9placement propre, non polluant et sans nuisance sonore.<\/span><\/p>\n<p><span style=\"font-weight: 400;\">Conditions pour b\u00e9n\u00e9ficier de l&rsquo;aide \u00e0 l&rsquo;achat d&rsquo;un V\u00e9lo \u00e0 Assistance \u00c9lectrique (VAE) de la Communaut\u00e9 de la Riviera fran\u00e7aise :<\/span><\/p>\n<ul>\n<li style=\"font-weight: 400;\" aria-level=\"1\"><span style=\"font-weight: 400;\">R\u00e9sider dans l&rsquo;une des 15 communes de la Communaut\u00e9 de la Riviera fran\u00e7aise.<\/span><\/li>\n<li style=\"font-weight: 400;\" aria-level=\"1\"><span style=\"font-weight: 400;\">Acheter un VAE conforme aux sp\u00e9cifications (min. 0,25 kW et 25 km\/h).<\/span><\/li>\n<\/ul>\n<p><strong>Documents requis pour la demande :<\/strong><\/p>\n<ul>\n<li style=\"font-weight: 400;\" aria-level=\"1\"><span style=\"font-weight: 400;\">Justificatif de domicile.<\/span><\/li>\n<li style=\"font-weight: 400;\" aria-level=\"1\"><span style=\"font-weight: 400;\">Relev\u00e9 d&rsquo;identit\u00e9 bancaire (RIB).<\/span><\/li>\n<li style=\"font-weight: 400;\" aria-level=\"1\"><span style=\"font-weight: 400;\">Carte nationale d&rsquo;identit\u00e9.<\/span><\/li>\n<li style=\"font-weight: 400;\" aria-level=\"1\"><span style=\"font-weight: 400;\">Certificat d&rsquo;homologation, facture d&rsquo;achat et taxe d&rsquo;habitation.<\/span><\/li>\n<\/ul>\n<p><span style=\"font-weight: 400;\">T\u00e9l\u00e9charger la convention d&rsquo;aide \u00e0 l&rsquo;achat. Renvoyer la convention compl\u00e9t\u00e9e avec les pi\u00e8ces justificatives par voie postale \u00e0 l&rsquo;adresse suivante : Communaut\u00e9 de la Riviera Fran\u00e7aise, 16 rue Villarey, 06500 Menton.<\/span><\/p>\n<p><span style=\"font-weight: 400;\">Pour les habitants de Menton, l&rsquo;instruction du dossier est conjointe avec celle de la Communaut\u00e9 de la Riviera fran\u00e7aise. Pour toute question, veuillez contacter le Service des transports au 04 92 41 89 23 ou \u00e0 transport@carf.fr.<\/span><\/p>\n<h1><strong>Les aides des mairies dans la r\u00e9gion PACA\u00a0<\/strong><\/h1>\n<h2><strong>Mairie de la Farl\u00e8de\u00a0<\/strong><\/h2>\n<p><span style=\"font-weight: 400;\">Le Contrat de R\u00e9ussite Solidaire repr\u00e9sente un instrument destin\u00e9 \u00e0 soutenir les jeunes dans la concr\u00e9tisation de leurs projets, qu\u2019ils soient d\u2019ordre professionnel ou personnel. Le CCAS offre un accompagnement personnalis\u00e9 visant \u00e0 aider le jeune \u00e0 \u00e9laborer et \u00e0 r\u00e9ussir son projet, tout en lui octroyant une bourse.<\/span><\/p>\n<p><span style=\"font-weight: 400;\">Pour \u00eatre \u00e9ligible \u00e0 cette aide, vous devez r\u00e9pondre \u00e0 deux crit\u00e8res. <strong>Les jeunes farl\u00e9dois \u00e2g\u00e9s de 16 \u00e0 25 ans, disposant de faibles ressources financi\u00e8res, peuvent b\u00e9n\u00e9ficier de cette aide financi\u00e8re.<\/strong> Les obligations pour le b\u00e9n\u00e9ficiaire sont identiques \u00e0 celles de la Bourse au permis de conduire, impliquant la participation \u00e0 un projet d\u2019int\u00e9r\u00eat collectif au sein d\u2019un organisme dot\u00e9 de la personnalit\u00e9 morale.<\/span><\/p>\n<h2><strong>Mairie de Mandelieu la Napoule\u00a0<\/strong><\/h2>\n<p><span style=\"font-weight: 400;\">Dans le cadre du Plan V\u00e9lo, une initiative lanc\u00e9e en 2019 et inscrite dans le programme de mandat, diverses mesures ont \u00e9t\u00e9 d\u00e9ploy\u00e9es pour favoriser les d\u00e9placements doux, incluant la cr\u00e9ation de pistes cyclables, l&rsquo;installation d&rsquo;abris-v\u00e9lo, et la mise en place de formations \u00e0 la pratique responsable du v\u00e9lo.<\/span><\/p>\n<p><span style=\"font-weight: 400;\">Parmi ces initiatives, les responsables municipaux ont rapidement \u00e9voqu\u00e9 la possibilit\u00e9 d&rsquo;offrir une aide \u00e0 l&rsquo;achat de v\u00e9los \u00e0 assistance \u00e9lectrique (VAE).<\/span><\/p>\n<p><strong>Le Conseil Municipal a approuv\u00e9 la mise en \u0153uvre d&rsquo;une prime de 150 \u20ac pour l&rsquo;achat d&rsquo;un VAE neuf, destin\u00e9e aux personnes dont le revenu fiscal par part d\u00e9passe le plafond \u00e9tabli par l&rsquo;\u00c9tat pour une aide compl\u00e9mentaire.<\/strong><\/p>\n<p><strong>Pour les revenus inf\u00e9rieurs, une aide de 100 \u20ac sera octroy\u00e9e, tenant compte \u00e9galement d&rsquo;une aide compl\u00e9mentaire de 100 \u20ac.<\/strong><\/p>\n<p><span style=\"font-weight: 400;\">Il est important de noter que cette prime est uniquement accord\u00e9e aux r\u00e9sidents domicili\u00e9s dans la commune depuis au moins un an, et ce, sur pr\u00e9sentation d&rsquo;une facture d&rsquo;achat d&rsquo;un v\u00e9lo conforme aux normes europ\u00e9ennes.<\/span><\/p>\n<p><strong>Certains documents sont requis :\u00a0<\/strong><\/p>\n<ul>\n<li style=\"font-weight: 400;\" aria-level=\"1\"><span style=\"font-weight: 400;\">Carte nationale d&rsquo;identit\u00e9<\/span><\/li>\n<li style=\"font-weight: 400;\" aria-level=\"1\"><span style=\"font-weight: 400;\">Relev\u00e9 d&rsquo;identit\u00e9 bancaire (RIB)<\/span><\/li>\n<li style=\"font-weight: 400;\" aria-level=\"1\"><span style=\"font-weight: 400;\">Justificatif de domicile<\/span><\/li>\n<\/ul>\n<ul>\n<li style=\"font-weight: 400;\" aria-level=\"1\"><span style=\"font-weight: 400;\">La convention originale sign\u00e9e avec la mention manuscrite \u00ab\u00a0lu et approuv\u00e9\u00a0\u00bb<\/span><\/li>\n<li style=\"font-weight: 400;\" aria-level=\"1\"><span style=\"font-weight: 400;\">Copie de la facture d&rsquo;achat du v\u00e9lo acquitt\u00e9e, indiquant le mod\u00e8le<\/span><\/li>\n<li style=\"font-weight: 400;\" aria-level=\"1\"><span style=\"font-weight: 400;\">Dernier avis d&rsquo;imposition sur le revenu complet et connu<\/span><\/li>\n<\/ul>\n<p><span style=\"font-weight: 400;\">Dans le cas d&rsquo;un b\u00e9n\u00e9ficiaire mineur :<\/span><\/p>\n<p><span style=\"font-weight: 400;\">Les m\u00eames documents que ceux mentionn\u00e9s ci-dessus doivent \u00eatre fournis au nom et pr\u00e9nom du mineur b\u00e9n\u00e9ficiaire.<\/span><\/p>\n<p><span style=\"font-weight: 400;\">En outre, le repr\u00e9sentant l\u00e9gal doit :<\/span><\/p>\n<ul>\n<li style=\"font-weight: 400;\" aria-level=\"1\"><span style=\"font-weight: 400;\">Fournir une attestation d&rsquo;h\u00e9bergement (original manuscrit) justifiant le domicile du b\u00e9n\u00e9ficiaire mineur mentionn\u00e9 sur les documents pr\u00e9c\u00e9dents<\/span><\/li>\n<li style=\"font-weight: 400;\" aria-level=\"1\"><span style=\"font-weight: 400;\">Fournir une attestation sur l&rsquo;honneur (original manuscrit) confirmant la qualit\u00e9 de repr\u00e9sentant l\u00e9gal du mineur<\/span><\/li>\n<\/ul>\n<p><span style=\"font-weight: 400;\">Le dossier doit \u00eatre compl\u00e9t\u00e9 et d\u00e9pos\u00e9 \u00e0 l&rsquo;H\u00f4tel de Ville.<\/span><\/p>\n<h2><strong>Mairie de Saint-Martin de Crau\u00a0<\/strong><\/h2>\n<p><span style=\"font-weight: 400;\">La pr\u00e9sente subvention est destin\u00e9e \u00e0 l&rsquo;achat d&rsquo;un seul v\u00e9lo \u00e0 assistance \u00e9lectrique neuf \u00e0 usage personnel, effectu\u00e9 au cours de l&rsquo;ann\u00e9e 2021. Elle prend la forme d&rsquo;une prime \u00e9quivalente \u00e0 15% de la facture TTC, <strong>plafonn\u00e9e \u00e0 150 euros par v\u00e9lo \u00e0 assistance \u00e9lectrique.<\/strong>\u00a0<\/span><\/p>\n<p><span style=\"font-weight: 400;\">Diverses pi\u00e8ces sont n\u00e9cessaires pour satisfaire aux crit\u00e8res d&rsquo;admissibilit\u00e9 \u00e0 la subvention, comprenant :<\/span><\/p>\n<ul>\n<li style=\"font-weight: 400;\" aria-level=\"1\"><span style=\"font-weight: 400;\">Le formulaire de demande de subvention accompagn\u00e9 du questionnaire compl\u00e9t\u00e9<\/span><\/li>\n<li style=\"font-weight: 400;\" aria-level=\"1\"><span style=\"font-weight: 400;\">Une attestation sur l&rsquo;honneur<\/span><\/li>\n<li style=\"font-weight: 400;\" aria-level=\"1\"><span style=\"font-weight: 400;\">La copie du certificat d&rsquo;homologation du v\u00e9lo \u00e0 assistance \u00e9lectrique<\/span><\/li>\n<li style=\"font-weight: 400;\" aria-level=\"1\"><span style=\"font-weight: 400;\">La copie de la facture d&rsquo;achat au nom de l&rsquo;utilisateur<\/span><\/li>\n<li style=\"font-weight: 400;\" aria-level=\"1\"><span style=\"font-weight: 400;\">La copie d&rsquo;un justificatif de domicile (datant de moins de trois mois, au m\u00eame nom et \u00e0 la m\u00eame adresse que ceux figurant sur la facture)<\/span><\/li>\n<li style=\"font-weight: 400;\" aria-level=\"1\"><span style=\"font-weight: 400;\">Un Relev\u00e9 d&rsquo;Identit\u00e9 Bancaire (RIB)<\/span><\/li>\n<\/ul>\n<p><span style=\"font-weight: 400;\">Le dossier complet doit \u00eatre d\u00e9pos\u00e9 \u00e0 l&rsquo;adresse suivante : Services Techniques Administratifs, Rue Alphonse Daudet, 13310 Saint-Martin-de-Crau.<\/span><\/p>\n<h2><strong>Mairie de Mougins\u00a0<\/strong><\/h2>\n<p><span style=\"font-weight: 400;\">La Commune de Mougins, dans le cadre de son engagement en faveur du D\u00e9veloppement Durable, propose depuis 2015 un programme de subventions visant \u00e0 soutenir financi\u00e8rement les r\u00e9sidents de Mougins dans l&rsquo;acquisition d&rsquo;un V\u00e9lo \u00e0 Assistance \u00c9lectrique (V.A.E).<\/span><\/p>\n<p><strong>Le montant de la subvention repr\u00e9sente 25% du prix d&rsquo;achat TTC du V.A.E, dans la limite de 300 \u20ac par \u00e9quipement neuf acquis pendant la p\u00e9riode couverte par le dispositif.<\/strong><\/p>\n<p><span style=\"font-weight: 400;\">Toute personne physique \u00e2g\u00e9e d&rsquo;au moins 16 ans, r\u00e9sidant \u00e0 Mougins et faisant l&rsquo;achat d&rsquo;un V\u00e9lo \u00e0 Assistance \u00c9lectrique homologu\u00e9, neuf et ce, en son nom propre ou en tant que repr\u00e9sentant l\u00e9gal d&rsquo;un mineur, est \u00e9ligible \u00e0 cette subvention.<\/span><\/p>\n<p><span style=\"font-weight: 400;\">Autres documents requis :<\/span><\/p>\n<ul>\n<li style=\"font-weight: 400;\" aria-level=\"1\"><span style=\"font-weight: 400;\">Convention d\u00fbment compl\u00e9t\u00e9e et sign\u00e9e<\/span><\/li>\n<li style=\"font-weight: 400;\" aria-level=\"1\"><span style=\"font-weight: 400;\">Questionnaire de mobilit\u00e9 compl\u00e9t\u00e9<\/span><\/li>\n<li style=\"font-weight: 400;\" aria-level=\"1\"><span style=\"font-weight: 400;\">Justificatif de domicile de moins de 3 mois (dernier avis d&rsquo;imposition, facture de t\u00e9l\u00e9phone, d&rsquo;abonnement internet, d&rsquo;eau, d&rsquo;\u00e9lectricit\u00e9) au nom du b\u00e9n\u00e9ficiaire ou, s&rsquo;il est mineur, de son repr\u00e9sentant l\u00e9gal<\/span><\/li>\n<li style=\"font-weight: 400;\" aria-level=\"1\"><span style=\"font-weight: 400;\">Pi\u00e8ce d&rsquo;identit\u00e9 (Carte Nationale d&rsquo;Identit\u00e9 ou passeport) du b\u00e9n\u00e9ficiaire<\/span><\/li>\n<li style=\"font-weight: 400;\" aria-level=\"1\"><span style=\"font-weight: 400;\">Si le b\u00e9n\u00e9ficiaire est mineur, pi\u00e8ce d&rsquo;identit\u00e9 (Carte Nationale d&rsquo;Identit\u00e9 ou passeport) de son repr\u00e9sentant l\u00e9gal<\/span><\/li>\n<li style=\"font-weight: 400;\" aria-level=\"1\"><span style=\"font-weight: 400;\">Facture d&rsquo;achat subventionn\u00e9e (au nom et \u00e0 l&rsquo;adresse du b\u00e9n\u00e9ficiaire), sp\u00e9cifiant le type de batterie et le mode de r\u00e8glement<\/span><\/li>\n<li style=\"font-weight: 400;\" aria-level=\"1\"><span style=\"font-weight: 400;\">Certificat d&rsquo;homologation du V\u00e9lo \u00e0 Assistance \u00c9lectrique nominatif et en fran\u00e7ais (les notices techniques ne sont pas accept\u00e9es)<\/span><\/li>\n<li style=\"font-weight: 400;\" aria-level=\"1\"><span style=\"font-weight: 400;\">Relev\u00e9 d&rsquo;Identit\u00e9 Bancaire au nom du b\u00e9n\u00e9ficiaire ou, s&rsquo;il est mineur, de son repr\u00e9sentant l\u00e9gal<\/span><\/li>\n<\/ul>\n<p><span style=\"font-weight: 400;\">T\u00e9l\u00e9chargez et compl\u00e9tez la \u00ab\u00a0Convention &#8211; subvention V\u00e9lo \u00e0 Assistance Electrique\u00a0\u00bb (convention + attestation sur l&rsquo;honneur), ainsi que le \u00ab\u00a0Questionnaire Mobilit\u00e9\u00a0\u00bb.<\/span><\/p>\n<div class='cta-block'><div class='text'>Simulez toutes vos Aides en 2 min.<\/div><a href='https:\/\/www.mes-allocs.fr\/ab-app?origin=guides\/wp-json\/wp\/v2\/posts\/74209' class='app-button fit'>Simulation gratuite<\/a><\/div>\n","protected":false},"excerpt":{"rendered":"<p>Les aides r\u00e9gionales pour l\u2019achat d\u2019un v\u00e9lo \u00e9lectrique sont souvent tr\u00e8s avantageuses. La r\u00e9gion PACA ne propose aucune aide pour cet achat, mais selon votre ville de r\u00e9sidence des subventions sont disponibles pour vous aider \u00e0 r\u00e9aliser cet investissement. On vous d\u00e9taille les primes pour les v\u00e9los \u00e9lectriques en r\u00e9gion PACA. Aide \u00e0 l\u2019achat d\u2019un [&hellip;]<\/p>\n","protected":false},"author":27,"featured_media":74217,"comment_status":"closed","ping_status":"open","sticky":false,"template":"","format":"standard","meta":{"amp_status":"","footnotes":""},"categories":[43598,13817],"tags":[],"class_list":["post-74209","post","type-post","status-publish","format-standard","has-post-thumbnail","hentry","category-aide-velo-electrique","category-aide-velo-region"],"yoast_head":"<!-- This site is optimized with the Yoast SEO plugin v14.9 - https:\/\/yoast.com\/wordpress\/plugins\/seo\/ -->\n<title>Aide v\u00e9lo \u00e9lectrique PACA : conditions, montants, d\u00e9marches | Mes-Allocs.fr<\/title>\n<meta name=\"description\" content=\"D\u00e9couvrez les aides disponibles pour l&#039;achat d&#039;un v\u00e9lo \u00e9lectrique dans la r\u00e9gion PACA. Mes Allocs vous informe.\" \/>\n<meta name=\"robots\" content=\"index, follow, max-snippet:-1, max-image-preview:large, max-video-preview:-1\" \/>\n<link rel=\"canonical\" href=\"https:\/\/www.mes-allocs.fr\/guides\/aide-velo-electrique\/aide-velo-region\/aide-velo-electrique-paca\/\" \/>\n<meta property=\"og:locale\" content=\"fr_FR\" \/>\n<meta property=\"og:type\" content=\"article\" \/>\n<meta property=\"og:title\" content=\"Aide v\u00e9lo \u00e9lectrique PACA : conditions, montants, d\u00e9marches | Mes-Allocs.fr\" \/>\n<meta property=\"og:description\" content=\"D\u00e9couvrez les aides disponibles pour l&#039;achat d&#039;un v\u00e9lo \u00e9lectrique dans la r\u00e9gion PACA. Mes Allocs vous informe.\" \/>\n<meta property=\"og:url\" content=\"https:\/\/www.mes-allocs.fr\/guides\/aide-velo-electrique\/aide-velo-region\/aide-velo-electrique-paca\/\" \/>\n<meta property=\"og:site_name\" content=\"Mes-Allocs.fr\" \/>\n<meta property=\"article:published_time\" content=\"2024-02-02T09:38:26+00:00\" \/>\n<meta property=\"article:modified_time\" content=\"2025-02-26T10:33:28+00:00\" \/>\n<meta property=\"og:image\" content=\"https:\/\/www.mes-allocs.fr\/guides\/wp-content\/uploads\/2024\/02\/grace-1231278_1280.jpg?wsr\" \/>\n\t<meta property=\"og:image:width\" content=\"1280\" \/>\n\t<meta property=\"og:image:height\" content=\"960\" \/>\n<meta name=\"twitter:card\" content=\"summary_large_image\" \/>\n<script type=\"application\/ld+json\" class=\"yoast-schema-graph\">{\"@context\":\"https:\/\/schema.org\",\"@graph\":[{\"@type\":\"WebSite\",\"@id\":\"https:\/\/www.mes-allocs.fr\/guides\/#website\",\"url\":\"https:\/\/www.mes-allocs.fr\/guides\/\",\"name\":\"Mes-Allocs.fr\",\"description\":\"\",\"potentialAction\":[{\"@type\":\"SearchAction\",\"target\":\"https:\/\/www.mes-allocs.fr\/guides\/?s={search_term_string}\",\"query-input\":\"required name=search_term_string\"}],\"inLanguage\":\"fr-FR\"},{\"@type\":\"ImageObject\",\"@id\":\"https:\/\/www.mes-allocs.fr\/guides\/aide-velo-electrique\/aide-velo-region\/aide-velo-electrique-paca\/#primaryimage\",\"inLanguage\":\"fr-FR\",\"url\":\"https:\/\/www.mes-allocs.fr\/guides\/wp-content\/uploads\/2024\/02\/grace-1231278_1280.jpg?wsr\",\"width\":1280,\"height\":960,\"caption\":\"Aide v\\u00e9lo \\u00e9lectrique PACA\"},{\"@type\":\"WebPage\",\"@id\":\"https:\/\/www.mes-allocs.fr\/guides\/aide-velo-electrique\/aide-velo-region\/aide-velo-electrique-paca\/#webpage\",\"url\":\"https:\/\/www.mes-allocs.fr\/guides\/aide-velo-electrique\/aide-velo-region\/aide-velo-electrique-paca\/\",\"name\":\"Aide v\\u00e9lo \\u00e9lectrique PACA : conditions, montants, d\\u00e9marches | Mes-Allocs.fr\",\"isPartOf\":{\"@id\":\"https:\/\/www.mes-allocs.fr\/guides\/#website\"},\"primaryImageOfPage\":{\"@id\":\"https:\/\/www.mes-allocs.fr\/guides\/aide-velo-electrique\/aide-velo-region\/aide-velo-electrique-paca\/#primaryimage\"},\"datePublished\":\"2024-02-02T09:38:26+00:00\",\"dateModified\":\"2025-02-26T10:33:28+00:00\",\"author\":{\"@id\":\"https:\/\/www.mes-allocs.fr\/guides\/#\/schema\/person\/7a9b61e7b715d477066a9f941c0440c7\"},\"description\":\"D\\u00e9couvrez les aides disponibles pour l'achat d'un v\\u00e9lo \\u00e9lectrique dans la r\\u00e9gion PACA. Mes Allocs vous informe.\",\"inLanguage\":\"fr-FR\"},{\"@type\":\"Person\",\"@id\":\"https:\/\/www.mes-allocs.fr\/guides\/#\/schema\/person\/7a9b61e7b715d477066a9f941c0440c7\",\"name\":\"L\\u00e9o Martin\",\"image\":{\"@type\":\"ImageObject\",\"@id\":\"https:\/\/www.mes-allocs.fr\/guides\/#personlogo\",\"inLanguage\":\"fr-FR\",\"url\":\"https:\/\/www.mes-allocs.fr\/guides\/wp-content\/uploads\/2023\/12\/1635317753781-e1701432075572-150x150.jpg\",\"caption\":\"L\\u00e9o Martin\"},\"description\":\"L\\u00e9o est r\\u00e9dacteur au sein de l'\\u00e9quipe Mes Allocs, sp\\u00e9cialis\\u00e9 sur les th\\u00e9matiques pouvoir d'achat et aides. Il rejoint Mes Allocs apr\\u00e8s une premi\\u00e8re exp\\u00e9rience en tant que journaliste chez La Gazette Cagnoise et Nice Presse.\",\"sameAs\":[\"https:\/\/www.linkedin.com\/in\/lo-martin-3429bb224\"]}]}<\/script>\n<!-- \/ Yoast SEO plugin. -->","amp_validity":null,"acf":{"faq":{"1":{"question":"Les aides sont-elles cumulables avec l'aide de l'\u00c9tat ?","answer":"La plupart de ces aides sont cumulables avec l'aide de l'\u00c9tat. Il est pr\u00e9f\u00e9rable de vous tourner vers votre collectivit\u00e9 afin d'en avoir la confirmation.\r\n"},"2":{"question":"Quel est le montant de l'aide fourni par la M\u00e9tropole de Toulon ?","answer":"L\u2019aide financi\u00e8re propos\u00e9e par le d\u00e9partement du var est de maximum 250 \u20ac.\r\n"},"3":{"question":"Quel est le montant de l'aide fourni par la M\u00e9tropole de Nice ?","answer":"Cette aide repr\u00e9sente 50% du prix d'achat en euros toutes taxes comprises, avec un plafond fix\u00e9 \u00e0 100 \u20ac.\r\n"},"4":{"question":"Quel est le montant de l'aide fourni par la Riviera Fran\u00e7aise ?","answer":"Une subvention de 150 \u20ac est disponible pour soutenir l'achat d'un V\u00e9lo \u00e0 Assistance \u00c9lectrique (VAE). "},"5":{"question":"Quel est le montant de l'aide fourni par la mairie de Mandelieu la Napoule ?","answer":"Pour les revenus inf\u00e9rieurs, une aide de 100 \u20ac sera octroy\u00e9e, tenant compte \u00e9galement d'une aide compl\u00e9mentaire de 100 \u20ac."},"6":{"question":"Quel est le montant de l'aide fourni par la mairie de Saint Martin de Crau ?","answer":"La pr\u00e9sente subvention est destin\u00e9e \u00e0 l'achat d'un seul v\u00e9lo \u00e0 assistance \u00e9lectrique neuf \u00e0 usage personnel, effectu\u00e9 au cours de l'ann\u00e9e 2021. Elle prend la forme d'une prime \u00e9quivalente \u00e0 15% de la facture TTC, plafonn\u00e9e \u00e0 150 euros par v\u00e9lo \u00e0 assistance \u00e9lectrique."},"7":{"question":"","answer":""},"8":{"question":"","answer":""},"9":{"question":"","answer":""},"10":{"question":"","answer":""},"11":{"question":"","answer":""},"12":{"question":"","answer":""},"13":{"question":"","answer":""},"14":{"question":"","answer":""},"15":{"question":"","answer":""},"16":{"question":"","answer":""}}},"_links":{"self":[{"href":"https:\/\/www.mes-allocs.fr\/guides\/wp-json\/wp\/v2\/posts\/74209","targetHints":{"allow":["GET"]}}],"collection":[{"href":"https:\/\/www.mes-allocs.fr\/guides\/wp-json\/wp\/v2\/posts"}],"about":[{"href":"https:\/\/www.mes-allocs.fr\/guides\/wp-json\/wp\/v2\/types\/post"}],"author":[{"embeddable":true,"href":"https:\/\/www.mes-allocs.fr\/guides\/wp-json\/wp\/v2\/users\/27"}],"replies":[{"embeddable":true,"href":"https:\/\/www.mes-allocs.fr\/guides\/wp-json\/wp\/v2\/comments?post=74209"}],"version-history":[{"count":7,"href":"https:\/\/www.mes-allocs.fr\/guides\/wp-json\/wp\/v2\/posts\/74209\/revisions"}],"predecessor-version":[{"id":93873,"href":"https:\/\/www.mes-allocs.fr\/guides\/wp-json\/wp\/v2\/posts\/74209\/revisions\/93873"}],"wp:featuredmedia":[{"embeddable":true,"href":"https:\/\/www.mes-allocs.fr\/guides\/wp-json\/wp\/v2\/media\/74217"}],"wp:attachment":[{"href":"https:\/\/www.mes-allocs.fr\/guides\/wp-json\/wp\/v2\/media?parent=74209"}],"wp:term":[{"taxonomy":"category","embeddable":true,"href":"https:\/\/www.mes-allocs.fr\/guides\/wp-json\/wp\/v2\/categories?post=74209"},{"taxonomy":"post_tag","embeddable":true,"href":"https:\/\/www.mes-allocs.fr\/guides\/wp-json\/wp\/v2\/tags?post=74209"}],"curies":[{"name":"wp","href":"https:\/\/api.w.org\/{rel}","templated":true}]}}