{"id":74191,"date":"2024-02-01T16:09:08","date_gmt":"2024-02-01T14:09:08","guid":{"rendered":"https:\/\/www.mes-allocs.fr\/guides\/?p=74191"},"modified":"2025-02-18T16:33:21","modified_gmt":"2025-02-18T14:33:21","slug":"aide-velo-electrique-auvergne-rhone-alpes","status":"publish","type":"post","link":"https:\/\/www.mes-allocs.fr\/guides\/aide-velo-electrique\/aide-velo-region\/aide-velo-electrique-auvergne-rhone-alpes\/","title":{"rendered":"Aide v\u00e9lo \u00e9lectrique Auvergne Rh\u00f4ne-Alpes : conditions, montants, d\u00e9marches\u00a0"},"content":{"rendered":"<p><img loading=\"lazy\" decoding=\"async\" class=\"alignnone wp-image-74192 size-full\" title=\"Aide v\u00e9lo \u00e9lectrique Auvergne Rh\u00f4ne Alpes\" src=\"https:\/\/www.mes-allocs.fr\/guides\/wp-content\/uploads\/2024\/02\/cycles-4871865_1280-e1706795984639.jpg\" alt=\"Aide v\u00e9lo \u00e9lectrique Auvergne Rh\u00f4ne Alpes\" width=\"1280\" height=\"390\" srcset=\"https:\/\/www.mes-allocs.fr\/guides\/wp-content\/uploads\/2024\/02\/cycles-4871865_1280-e1706795984639.jpg 1280w, https:\/\/www.mes-allocs.fr\/guides\/wp-content\/uploads\/2024\/02\/cycles-4871865_1280-e1706795984639-300x91.jpg 300w, https:\/\/www.mes-allocs.fr\/guides\/wp-content\/uploads\/2024\/02\/cycles-4871865_1280-e1706795984639-1024x312.jpg 1024w, https:\/\/www.mes-allocs.fr\/guides\/wp-content\/uploads\/2024\/02\/cycles-4871865_1280-e1706795984639-768x234.jpg 768w, https:\/\/www.mes-allocs.fr\/guides\/wp-content\/uploads\/2024\/02\/cycles-4871865_1280-e1706795984639-600x183.jpg 600w\" sizes=\"auto, (max-width: 1280px) 100vw, 1280px\" \/><\/p>\n<p><b>L&rsquo;achat d&rsquo;un v\u00e9lo \u00e9lectrique est un investissement cons\u00e9quent. C&rsquo;est pourquoi, des <a href=\"https:\/\/www.mes-allocs.fr\/guides\/prime-velo-electrique\/prime-velo-region\/\">aides r\u00e9gionales pour l&rsquo;achat d&rsquo;un v\u00e9lo \u00e9lectrique<\/a> sont mises en place. Une aide v\u00e9lo \u00e9lectrique est d&rsquo;ailleurs propos\u00e9e en r\u00e9gion Auvergne Rh\u00f4ne-Alpes. D\u00e9couvrez le montant de cette subvention, les conditions d&rsquo;\u00e9ligibilit\u00e9 et les d\u00e9marches administratives \u00e0 entamer.\u00a0<\/b><\/p>\n<div class='cta-block'><div class='text'>Simulez toutes vos Aides en 2 min.<\/div><a href='https:\/\/www.mes-allocs.fr\/ab-app?origin=guides\/wp-json\/wp\/v2\/posts\/74191' class='app-button fit'>Simulation gratuite<\/a><\/div>\n<p><iframe loading=\"lazy\" title=\"L&#039;aide au v\u00e9lo \u00e9lectrique\" width=\"500\" height=\"281\" src=\"https:\/\/www.youtube.com\/embed\/QH5GqTFaqwE?feature=oembed\" frameborder=\"0\" allow=\"accelerometer; autoplay; clipboard-write; encrypted-media; gyroscope; picture-in-picture; web-share\" referrerpolicy=\"strict-origin-when-cross-origin\" allowfullscreen><\/iframe><\/p>\n<h1><b>Aide \u00e0 l\u2019achat d\u2019un v\u00e9lo \u00e9lectrique en Auvergne Rh\u00f4ne-Alpes<\/b><\/h1>\n<p><span style=\"font-weight: 400;\">La r\u00e9gion Auvergne Rh\u00f4ne-Alpes ne propose pas \u00e0 ses habitants d&rsquo;aide pour l\u2019achat d\u2019un v\u00e9lo \u00e9lectrique. N\u00e9anmoins, des <strong>aides tr\u00e8s avantageuses<\/strong> sont disponibles selon la ville dans laquelle vous vivez.\u00a0<\/span><\/p>\n<h2><b>Aide v\u00e9lo \u00e9lectrique de la M\u00e9tropole de Lyon\u00a0<\/b><\/h2>\n<p><span style=\"font-weight: 400;\">Pour encourager la pratique du v\u00e9lo, la M\u00e9tropole de Lyon attribue une <strong>aide financi\u00e8re<\/strong> pour un v\u00e9lo \u00e0 assistance \u00e9lectrique, un v\u00e9lo-cargo ou un v\u00e9lo pliant.<\/span><\/p>\n<h3>Les conditions \u00e0 remplir<\/h3>\n<p><span style=\"font-weight: 400;\">Conditions d\u2019\u00e9ligibilit\u00e9\u00a0<\/span><\/p>\n<ul>\n<li style=\"font-weight: 400;\" aria-level=\"1\"><span style=\"font-weight: 400;\">R\u00e9sider dans l&rsquo;une des 59 communes de la M\u00e9tropole de Lyon<\/span><\/li>\n<li style=\"font-weight: 400;\" aria-level=\"1\"><span style=\"font-weight: 400;\">Acheter en votre nom propre ou pour un mineur de plus de 16 ans dont vous \u00eates le repr\u00e9sentant l\u00e9gal, un v\u00e9lo \u00e9ligible, neuf ou d&rsquo;occasion<\/span><\/li>\n<li style=\"font-weight: 400;\" aria-level=\"1\"><span style=\"font-weight: 400;\">Acheter ce v\u00e9lo chez un commer\u00e7ant, une association ou un atelier situ\u00e9 sur le territoire de la M\u00e9tropole de Lyon (l&rsquo;adresse doit \u00eatre indiqu\u00e9e sur la facture)<\/span><\/li>\n<li style=\"font-weight: 400;\" aria-level=\"1\"><span style=\"font-weight: 400;\">Le b\u00e9n\u00e9ficiaire ne peut \u00eatre une personne morale<\/span><\/li>\n<\/ul>\n<p><span style=\"font-weight: 400;\">Vous pouvez d\u00e9poser votre demande en remplissant un formulaire en ligne sur le site de la m\u00e9tropole.\u00a0<\/span><\/p>\n<p><strong>En revanche, il n&rsquo;y a pas d&rsquo;aide pour les achats effectu\u00e9s sur internet.<\/strong><\/p>\n<h3>Les types de v\u00e9los concern\u00e9s<\/h3>\n<p><span style=\"font-weight: 400;\">La M\u00e9tropole de Lyon propose une aide \u00e0 l&rsquo;achat pour plusieurs types de v\u00e9los. Voici les t<\/span><span style=\"font-weight: 400;\">ypes de v\u00e9los \u00e9ligibles :<\/span><\/p>\n<ul>\n<li style=\"font-weight: 400;\" aria-level=\"1\"><span style=\"font-weight: 400;\">V\u00e9los \u00e0 assistance \u00e9lectrique (VAE) ou dispositifs transformant un v\u00e9lo classique en VAE, conformes \u00e0 la r\u00e9glementation (puissance nominale maximale de 0,25 kW, interruption \u00e0 25 km\/h).<\/span><\/li>\n<li style=\"font-weight: 400;\" aria-level=\"1\"><span style=\"font-weight: 400;\">V\u00e9los pliants.<\/span><\/li>\n<li style=\"font-weight: 400;\" aria-level=\"1\"><span style=\"font-weight: 400;\">V\u00e9los-cargos, familiaux, adapt\u00e9s pour les personnes \u00e0 mobilit\u00e9 r\u00e9duite ou en situation de handicap (biporteurs, triporteurs, tandems parent-enfant).<\/span><\/li>\n<\/ul>\n<p><strong>Conditions pour b\u00e9n\u00e9ficier de l&rsquo;aide :<\/strong><\/p>\n<ul>\n<li style=\"font-weight: 400;\" aria-level=\"1\"><strong>Le prix d&rsquo;achat total du VAE ne doit pas d\u00e9passer 3 000 \u20ac TTC.<\/strong><\/li>\n<li style=\"font-weight: 400;\" aria-level=\"1\"><strong>Le prix d&rsquo;achat total du v\u00e9lo pliant ne doit pas d\u00e9passer 3 000 \u20ac TTC.<\/strong><\/li>\n<li style=\"font-weight: 400;\" aria-level=\"1\"><strong>L&rsquo;aide est attribu\u00e9e pour l&rsquo;achat de v\u00e9los neufs ou d&rsquo;occasion.<\/strong><\/li>\n<li style=\"font-weight: 400;\" aria-level=\"1\"><span style=\"font-weight: 400;\">L&rsquo;achat doit \u00eatre effectu\u00e9 chez un commer\u00e7ant professionnel ou un atelier associatif implant\u00e9 sur le territoire de la M\u00e9tropole de Lyon.<\/span><\/li>\n<\/ul>\n<p><span style=\"font-weight: 400;\">Ateliers associatifs \u00e9ligibles :<\/span><\/p>\n<ul>\n<li style=\"font-weight: 400;\" aria-level=\"1\"><span style=\"font-weight: 400;\">La p\u2019tite rustine (Bron)<\/span><\/li>\n<li style=\"font-weight: 400;\" aria-level=\"1\"><span style=\"font-weight: 400;\">\u00c9tablicyclette (Lyon 6e)<\/span><\/li>\n<li style=\"font-weight: 400;\" aria-level=\"1\"><span style=\"font-weight: 400;\">L\u2019atelier du chat perch\u00e9 (Lyon 7e)<\/span><\/li>\n<li style=\"font-weight: 400;\" aria-level=\"1\"><span style=\"font-weight: 400;\">Change de cha\u00eene (Lyon 9e)<\/span><\/li>\n<li style=\"font-weight: 400;\" aria-level=\"1\"><span style=\"font-weight: 400;\">Tricycle (Pierre-B\u00e9nite)<\/span><\/li>\n<li style=\"font-weight: 400;\" aria-level=\"1\"><span style=\"font-weight: 400;\">Maison du v\u00e9lo et des modes doux (Saint-Priest)<\/span><\/li>\n<li style=\"font-weight: 400;\" aria-level=\"1\"><span style=\"font-weight: 400;\">Les bikers (Villeurbanne)<\/span><\/li>\n<li style=\"font-weight: 400;\" aria-level=\"1\"><span style=\"font-weight: 400;\">Le cyclub (Villeurbanne)<\/span><\/li>\n<li style=\"font-weight: 400;\" aria-level=\"1\"><span style=\"font-weight: 400;\">Janus France (Oullins\/V\u00e9nissieux)<\/span><\/li>\n<li style=\"font-weight: 400;\" aria-level=\"1\"><span style=\"font-weight: 400;\">Tout autre atelier associatif d\u2019autor\u00e9paration v\u00e9lo nouvellement cr\u00e9\u00e9 et connu des services de la M\u00e9tropole de Lyon.<\/span><\/li>\n<\/ul>\n<p><span style=\"font-weight: 400;\">Mat\u00e9riel d&rsquo;occasion : l<\/span><span style=\"font-weight: 400;\">&lsquo;aide est \u00e9galement accord\u00e9e pour l&rsquo;achat de mat\u00e9riel d\u2019occasion aupr\u00e8s d\u2019ateliers ou de structures de l\u2019\u00e9conomie sociale et solidaire.<\/span><\/p>\n<p><span style=\"font-weight: 400;\">L&rsquo;<a href=\"https:\/\/www.mes-allocs.fr\/guides\/prime-velo-electrique\/prime-achat-velo-electrique-lyon\/\">aide de la m\u00e9tropole de Lyon<\/a> vise \u00e0 encourager l&rsquo;utilisation de modes de transport plus durables et \u00e0 soutenir l&rsquo;\u00e9conomie locale.<\/span><\/p>\n<h2><strong>Communaut\u00e9 de communes du Vallons Lyonnais\u00a0<\/strong><\/h2>\n<p><span style=\"font-weight: 400;\">Afin de promouvoir l&rsquo;usage du v\u00e9lo sur son territoire et encourager les d\u00e9placements en modes doux, la CCVL (Communaut\u00e9 de Communes des Vallons du Lyonnais) met en \u0153uvre une politique v\u00e9lo dynamique. En parall\u00e8le du d\u00e9veloppement d&rsquo;infrastructures d\u00e9di\u00e9es, la CCVL propose une aide \u00e0 l&rsquo;achat de V\u00e9los \u00e0 Assistance \u00c9lectrique (VAE) neufs.<\/span><\/p>\n<p><strong>L\u2019aide financi\u00e8re peut aller jusqu\u2019\u00e0 200 \u20ac.<\/strong><\/p>\n<p><span style=\"font-weight: 400;\">Pour \u00eatre \u00e9ligible, il faut :\u00a0<\/span><\/p>\n<ul>\n<li style=\"font-weight: 400;\" aria-level=\"1\"><span style=\"font-weight: 400;\">Les b\u00e9n\u00e9ficiaires sont les particuliers r\u00e9sidant sur le territoire de la CCVL.<\/span><\/li>\n<li style=\"font-weight: 400;\" aria-level=\"1\"><span style=\"font-weight: 400;\">L&rsquo;aide est limit\u00e9e \u00e0 une attribution par foyer et par an.<\/span><\/li>\n<\/ul>\n<p><span style=\"font-weight: 400;\">Autres documents requis :<\/span><\/p>\n<ul>\n<li style=\"font-weight: 400;\" aria-level=\"1\"><span style=\"font-weight: 400;\">L&rsquo;aide est exclusivement d\u00e9di\u00e9e aux VAE neufs achet\u00e9s apr\u00e8s le 7 mai 2021.<\/span><\/li>\n<li style=\"font-weight: 400;\" aria-level=\"1\"><span style=\"font-weight: 400;\">Les achats doivent \u00eatre effectu\u00e9s chez un vendeur professionnel situ\u00e9 dans le d\u00e9partement du Rh\u00f4ne (69).<\/span><\/li>\n<li style=\"font-weight: 400;\" aria-level=\"1\"><span style=\"font-weight: 400;\">Les VAE doivent \u00eatre acquis en magasin ou en boutique, les achats en ligne ou par correspondance ne sont pas \u00e9ligibles.<\/span><\/li>\n<li style=\"font-weight: 400;\" aria-level=\"1\"><span style=\"font-weight: 400;\">Les demandes doivent \u00eatre soumises dans un d\u00e9lai maximal de trois mois apr\u00e8s la date d&rsquo;acquisition du v\u00e9lo, avec la date de la facture comme r\u00e9f\u00e9rence.<\/span><\/li>\n<\/ul>\n<p><span style=\"font-weight: 400;\">Les demandes sont \u00e0 envoyer par <strong>mail \u00e0 transition.energetique@ccvl.fr.<\/strong><\/span><\/p>\n<ul>\n<li style=\"font-weight: 400;\" aria-level=\"1\"><span style=\"font-weight: 400;\">Chaque dossier doit inclure les pi\u00e8ces suivantes :<\/span>\n<ul>\n<li style=\"font-weight: 400;\" aria-level=\"2\"><span style=\"font-weight: 400;\">Formulaire de demande compl\u00e9t\u00e9 et sign\u00e9.<\/span><\/li>\n<li style=\"font-weight: 400;\" aria-level=\"2\"><span style=\"font-weight: 400;\">Copie d&rsquo;une pi\u00e8ce d&rsquo;identit\u00e9 du b\u00e9n\u00e9ficiaire.<\/span><\/li>\n<li style=\"font-weight: 400;\" aria-level=\"2\"><span style=\"font-weight: 400;\">Justificatif de domicile r\u00e9cent.<\/span><\/li>\n<li style=\"font-weight: 400;\" aria-level=\"2\"><span style=\"font-weight: 400;\">Copie de la facture d&rsquo;achat du VAE (nominative et certifi\u00e9e acquitt\u00e9e).<\/span><\/li>\n<li style=\"font-weight: 400;\" aria-level=\"2\"><span style=\"font-weight: 400;\">Relev\u00e9 d&rsquo;Identit\u00e9 Bancaire (RIB) du b\u00e9n\u00e9ficiaire.<\/span><\/li>\n<li style=\"font-weight: 400;\" aria-level=\"2\"><span style=\"font-weight: 400;\">Num\u00e9ro Bicycode (num\u00e9ro d&rsquo;identification du v\u00e9lo, obligatoire).<\/span><\/li>\n<\/ul>\n<\/li>\n<\/ul>\n<p><span style=\"font-weight: 400;\">Remarques importantes :<\/span><\/p>\n<ul>\n<li style=\"font-weight: 400;\" aria-level=\"1\"><span style=\"font-weight: 400;\">Seuls les dossiers complets seront trait\u00e9s.<\/span><\/li>\n<li style=\"font-weight: 400;\" aria-level=\"1\"><span style=\"font-weight: 400;\">Les demandes seront accept\u00e9es dans la limite du budget allou\u00e9 par la CCVL et seront trait\u00e9es par ordre d&rsquo;arriv\u00e9e.<\/span><\/li>\n<li style=\"font-weight: 400;\" aria-level=\"1\"><span style=\"font-weight: 400;\">La date de r\u00e9ception compl\u00e8te du dossier par la CCVL sera prise en compte pour le calcul des soutiens.<\/span><\/li>\n<li style=\"font-weight: 400;\" aria-level=\"1\"><span style=\"font-weight: 400;\">Les b\u00e9n\u00e9ficiaires seront inform\u00e9s des r\u00e9sultats par voie d\u00e9mat\u00e9rialis\u00e9e, avec un versement effectu\u00e9 par mandat administratif en cas d&rsquo;approbation.<\/span><\/li>\n<\/ul>\n<h1><b>Les aides pour un v\u00e9lo \u00e9lectrique propos\u00e9 par les mairies\u00a0<\/b><\/h1>\n<h2><strong>Mairie de Marignier\u00a0<\/strong><\/h2>\n<p><span style=\"font-weight: 400;\">La commune de Marignier souhaite favoriser l\u2019usage des mobilit\u00e9s douces et encourager les pratiques d\u2019inter modalit\u00e9s. Pour cela, elle s\u2019est engag\u00e9e dans une politique d\u2019investissement en faveur d\u2019infrastructures destin\u00e9es \u00e0 favoriser ces usagers.<\/span><\/p>\n<p><span style=\"font-weight: 400;\">Pour \u00eatre \u00e9ligible, il faut r\u00e9sider dans la commune.\u00a0<\/span><\/p>\n<p><span style=\"font-weight: 400;\">Pour b\u00e9n\u00e9ficier de l&rsquo;aide, t\u00e9l\u00e9chargez l&rsquo;attestation sur l&rsquo;honneur et la convention \u00e0 compl\u00e9ter et \u00e0 retourner en mairie avec les pi\u00e8ces demand\u00e9es.<\/span><\/p>\n<p><strong>L\u2019aide financi\u00e8re peut aller jusqu\u2019\u00e0 200 \u20ac.<\/strong><\/p>\n<h2><strong>Mairie Romagnat\u00a0<\/strong><\/h2>\n<p><span style=\"font-weight: 400;\">La Mairie de Romagnat met \u00e9galement en place une aide pour les v\u00e9los \u00e9lectriques. Pour en b\u00e9n\u00e9ficier il faut r\u00e9sider dans la commune.\u00a0<\/span><\/p>\n<p><strong>L&rsquo;aide financi\u00e8re peut aller jusqu&rsquo;\u00e0 100 \u20ac.<\/strong><\/p>\n<p><span style=\"font-weight: 400;\">Plusieurs pi\u00e8ces administratives seront \u00e0 joindre comme : <\/span><\/p>\n<ul>\n<li><span style=\"font-weight: 400;\">R\u00e9sider dans la commune<\/span><\/li>\n<li><span style=\"font-weight: 400;\">Relev\u00e9 d&rsquo;identit\u00e9 bancaire (RIB)<\/span><\/li>\n<li><span style=\"font-weight: 400;\">Carte nationale d&rsquo;identit\u00e9<\/span><\/li>\n<li><span style=\"font-weight: 400;\">Le formulaire de demande d\u00fbment compl\u00e9t\u00e9 et sign\u00e9 ;<\/span><\/li>\n<li><span style=\"font-weight: 400;\">L\u2019engagement par une attestation sur l\u2019honneur, pour la dur\u00e9e de la convention, \u00e0 ne percevoir qu\u2019une seule subvention et \u00e0 ne pas revendre le v\u00e9hicule \u00e9lectrique aid\u00e9 dans un d\u00e9lai de 2 ans sous peine de restituer la subvention \u00e0 la commune ;<\/span><\/li>\n<li><span style=\"font-weight: 400;\">le r\u00e8glement d\u00fbment dat\u00e9 et sign\u00e9 ;<\/span><\/li>\n<li><span style=\"font-weight: 400;\">la copie du certificat d\u2019homologation du v\u00e9lo \u00e0 assistance \u00e9lectrique ;<\/span><\/li>\n<li><span style=\"font-weight: 400;\">la copie de la facture d\u2019achat du v\u00e9lo \u00e0 assistance \u00e9lectrique, au nom propre du titulaire de la subvention. La facture doit \u00eatre post\u00e9rieure \u00e0 la mise en place du dispositif de subvention et doit comporter le tampon dateur et le tampon fournisseur ;<\/span><\/li>\n<li><span style=\"font-weight: 400;\">le dernier avis de la taxe d\u2019habitation ;<\/span><\/li>\n<li><span style=\"font-weight: 400;\">une quittance de loyer ou une facture d\u2019\u00e9lectricit\u00e9, de gaz ou d\u2019eau potable de moins de trois mois, au m\u00eame nom et adresse que ceux figurant sur la facture du v\u00e9lo.<\/span><\/li>\n<\/ul>\n<p><span style=\"font-weight: 400;\">Pour en b\u00e9n\u00e9ficier, le dossier de demande doit \u00eatre compl\u00e9t\u00e9 puis d\u00e9pos\u00e9 avec l\u2019ensemble des pi\u00e8ces demand\u00e9es en mairie. Il est ensuite instruit dans un d\u00e9lai de quatre semaines.<\/span><\/p>\n<h2><strong>Mairie d\u2019Aix les Bains\u00a0<\/strong><\/h2>\n<p><span style=\"font-weight: 400;\">La Ville d&rsquo;Aix-les-Bains et Grand Lac proposent individuellement une aide aux particuliers sous la forme d&rsquo;un bon d&rsquo;achat pour l&rsquo;acquisition d&rsquo;un v\u00e9lo \u00e0 assistance \u00e9lectrique (V.A.E.). De plus, la V\u00e9lostation V\u00e9lod\u00e9a offre la possibilit\u00e9 de louer des v\u00e9los \u00e9lectriques \u00e0 des tarifs incitatifs pour des dur\u00e9es courtes et moyennes.<\/span><\/p>\n<p><span style=\"font-weight: 400;\">Cette aide est r\u00e9serv\u00e9 uniquement :\u00a0<\/span><\/p>\n<ul>\n<li style=\"font-weight: 400;\" aria-level=\"1\"><span style=\"font-weight: 400;\">R\u00e9sidents d&rsquo;Aix-les-Bains.<\/span><\/li>\n<li style=\"font-weight: 400;\" aria-level=\"1\"><span style=\"font-weight: 400;\">Limit\u00e9e \u00e0 une participation par v\u00e9lo, par personne et par foyer.<\/span><\/li>\n<li style=\"font-weight: 400;\" aria-level=\"1\"><span style=\"font-weight: 400;\">L&rsquo;aide n&rsquo;est pas r\u00e9troactive : l&rsquo;achat du V.A.E. avant l&rsquo;obtention des bons ne permettra pas de les utiliser.<\/span><\/li>\n<li style=\"font-weight: 400;\" aria-level=\"1\"><span style=\"font-weight: 400;\">Le bon d&rsquo;achat, valable pendant 2 mois, peut \u00eatre utilis\u00e9 aupr\u00e8s des v\u00e9locistes partenaires de l&rsquo;op\u00e9ration (consultables sur le site de Grand Lac).<\/span><\/li>\n<li style=\"font-weight: 400;\" aria-level=\"1\"><span style=\"font-weight: 400;\">Les demandes sont trait\u00e9es par ordre d&rsquo;arriv\u00e9e et sont sujettes \u00e0 l&rsquo;\u00e9puisement des cr\u00e9dits allou\u00e9s au budget de l&rsquo;ann\u00e9e en cours.<\/span><\/li>\n<\/ul>\n<p><span style=\"font-weight: 400;\">Autres documents requis :<\/span><\/p>\n<ul>\n<li style=\"font-weight: 400;\" aria-level=\"1\"><span style=\"font-weight: 400;\">Pi\u00e8ce d&rsquo;identit\u00e9.<\/span><\/li>\n<li style=\"font-weight: 400;\" aria-level=\"1\"><span style=\"font-weight: 400;\">Justificatif de domicile datant de moins de 3 mois.<\/span><\/li>\n<li style=\"font-weight: 400;\" aria-level=\"1\"><span style=\"font-weight: 400;\">Formulaire imprim\u00e9, d\u00fbment compl\u00e9t\u00e9 et sign\u00e9 (en 2 exemplaires).<\/span><\/li>\n<\/ul>\n<p><span style=\"font-weight: 400;\">L&rsquo;attribution des bons se r\u00e9alise exclusivement sur rendez-vous. Les permanences \u00e0 Aix-les-Bains se tiennent \u00e0 la V\u00e9lostation V\u00e9lod\u00e9a, situ\u00e9e \u00e0 proximit\u00e9 de la gare SNCF, au 315 boulevard Wilson.<\/span><\/p>\n<p><span style=\"font-weight: 400;\">Dans l&rsquo;objectif d&rsquo;encourager l&rsquo;achat de v\u00e9los \u00e9lectriques,<strong> la Ville d\u2019Aix-les-Bains offre un bon d&rsquo;achat d&rsquo;une valeur de 250 \u20ac.<\/strong><\/span><\/p>\n<h2><strong>Mairie de Combloux\u00a0<\/strong><\/h2>\n<p><span style=\"font-weight: 400;\">La municipalit\u00e9 de Combloux vise \u00e0 encourager l&rsquo;adoption des modes de d\u00e9placement doux en s&rsquo;engageant dans une politique globale en faveur de ces utilisateurs.<\/span><\/p>\n<p><span style=\"font-weight: 400;\">Les r\u00e9sidents de la commune de Combloux \u00e2g\u00e9s de 16 ans ou plus, et pouvant justifier de leur r\u00e9sidence principale, peuvent b\u00e9n\u00e9ficier d&rsquo;une aide pour l&rsquo;achat d&rsquo;un v\u00e9lo \u00e0 assistance \u00e9lectrique. Cette aide est accessible sans condition de revenu pour le b\u00e9n\u00e9ficiaire.<\/span><\/p>\n<p><span style=\"font-weight: 400;\">Pour obtenir cette subvention, l&rsquo;acqu\u00e9reur du v\u00e9lo, pour son propre usage ou pour un <\/span><span style=\"font-weight: 400;\">mineur dont il est le repr\u00e9sentant l\u00e9gal, doit fournir les documents suivants :<\/span><\/p>\n<ul>\n<li style=\"font-weight: 400;\" aria-level=\"1\"><span style=\"font-weight: 400;\">Formulaire de demande de subvention et attestation sur l&rsquo;honneur compl\u00e9t\u00e9s et sign\u00e9s.<\/span><\/li>\n<li style=\"font-weight: 400;\" aria-level=\"1\"><span style=\"font-weight: 400;\">Copie recto-verso d&rsquo;une pi\u00e8ce d&rsquo;identit\u00e9 du demandeur.<\/span><\/li>\n<li style=\"font-weight: 400;\" aria-level=\"1\"><span style=\"font-weight: 400;\">Facture d&rsquo;achat dat\u00e9e du v\u00e9lo \u00e0 assistance \u00e9lectrique neuf, au nom, pr\u00e9nom et adresse du demandeur.<\/span><\/li>\n<li style=\"font-weight: 400;\" aria-level=\"1\"><span style=\"font-weight: 400;\">Certificat d&rsquo;homologation du v\u00e9lo.<\/span><\/li>\n<li style=\"font-weight: 400;\" aria-level=\"1\"><span style=\"font-weight: 400;\">Copie du dernier avis d&rsquo;imposition et justificatif de domicile r\u00e9cent (hors t\u00e9l\u00e9phonie) au m\u00eame nom et \u00e0 la m\u00eame adresse que ceux figurant sur la facture.<\/span><\/li>\n<li style=\"font-weight: 400;\" aria-level=\"1\"><span style=\"font-weight: 400;\">Relev\u00e9 d&rsquo;Identit\u00e9 Bancaire pour le versement de la subvention.<\/span><\/li>\n<\/ul>\n<p><span style=\"font-weight: 400;\">Le dossier complet doit \u00eatre d\u00e9pos\u00e9 \u00e0 la Mairie de Combloux &#8211; Service d\u00e9veloppement 132, route de la Mairie &#8211; 74 920 COMBLOUX T\u00e9l. : 04 50 58 60 32<\/span><\/p>\n<p><span style=\"font-weight: 400;\">Apr\u00e8s v\u00e9rification du dossier, <strong>la subvention forfaitaire de 200 \u20ac<\/strong> sera vers\u00e9e directement \u00e0 l&rsquo;acheteur. Chaque foyer fiscal peut b\u00e9n\u00e9ficier de cette aide une seule fois entre 2021 et 2026. La commune de Combloux s&rsquo;engage \u00e0 respecter l&rsquo;enveloppe budg\u00e9taire allou\u00e9e \u00e0 cette op\u00e9ration. Cette subvention peut \u00eatre cumul\u00e9e avec d&rsquo;autres aides existantes, dans la mesure o\u00f9 le reste \u00e0 charge est sup\u00e9rieur \u00e0 20% du prix d&rsquo;achat TTC.<\/span><\/p>\n<h2><strong>Mairie de Cournon d\u2019Auvergne\u00a0<\/strong><\/h2>\n<p><span style=\"font-weight: 400;\">La municipalit\u00e9 souhaite promouvoir l&rsquo;utilisation du v\u00e9lo dans le cadre de sa politique de d\u00e9veloppement durable en instaurant une subvention pour l&rsquo;achat de V\u00e9los \u00e0 Assistance \u00c9lectrique (VAE).<\/span><\/p>\n<p><strong>Il s\u2019agit d\u2019une aide financi\u00e8re qui peut aller jusqu\u2019\u00e0 200 \u20ac.<\/strong><\/p>\n<p><span style=\"font-weight: 400;\">Pour b\u00e9n\u00e9ficier de cette subvention, les int\u00e9ress\u00e9s doivent remplir les conditions suivantes :<\/span><\/p>\n<p><span style=\"font-weight: 400;\">Pour constituer votre dossier, veuillez fournir les documents suivants :<\/span><\/p>\n<ul>\n<li style=\"font-weight: 400;\" aria-level=\"1\"><span style=\"font-weight: 400;\">Relev\u00e9 d&rsquo;identit\u00e9 bancaire (RIB).<\/span><\/li>\n<li style=\"font-weight: 400;\" aria-level=\"1\"><span style=\"font-weight: 400;\">Justificatif de domicile.<\/span><\/li>\n<\/ul>\n<p><span style=\"font-weight: 400;\">De plus, veuillez inclure dans votre dossier l&rsquo;original ou une copie de la facture d&rsquo;achat, concernant tout V\u00e9lo \u00e0 Assistance \u00c9lectrique acquis \u00e0 partir du 3 f\u00e9vrier 2021, date de mise en vigueur du dispositif. Ajoutez \u00e9galement l&rsquo;attestation du quotient familial d\u00e9livr\u00e9e par le service scolaire, ou votre dernier avis d&rsquo;imposition ou de non-imposition.<\/span><\/p>\n<p><span style=\"font-weight: 400;\">Pour soumettre votre dossier, veuillez suivre l&rsquo;une des proc\u00e9dures suivantes :<\/span><\/p>\n<ul>\n<li style=\"font-weight: 400;\" aria-level=\"1\"><span style=\"font-weight: 400;\">Par courrier \u00e0 l\u2019adresse suivante : Mairie de Cournon-d\u2019Auvergne, Service Finances, Place de la Mairie, 63800 COURNON-D\u2019AUVERGNE.<\/span><\/li>\n<li style=\"font-weight: 400;\" aria-level=\"1\"><span style=\"font-weight: 400;\">Par e-mail \u00e0 l\u2019adresse suivante : finances@cournon-auvergne.fr.<\/span><\/li>\n<\/ul>\n<p><span style=\"font-weight: 400;\">L&rsquo;instruction de votre dossier sera effectu\u00e9e dans un d\u00e9lai maximal d&rsquo;un mois \u00e0 compter de la r\u00e9ception du dossier complet. Si votre \u00e9ligibilit\u00e9 est confirm\u00e9e, un mandat sera \u00e9mis sur le compte bancaire que vous aurez mentionn\u00e9 dans votre demande.<\/span><\/p>\n<h2><strong>Mairie La-Motte-Servolex<\/strong><\/h2>\n<p><span style=\"font-weight: 400;\">La municipalit\u00e9 propose une subvention de 20% du montant, <strong>plafonn\u00e9e \u00e0 150 \u20ac pour l&rsquo;achat d&rsquo;un v\u00e9lo \u00e9lectrique ou d&rsquo;un v\u00e9lo pliant.<\/strong><\/span><\/p>\n<p><span style=\"font-weight: 400;\">Pour \u00eatre \u00e9ligible \u00e0 cette subvention, il est n\u00e9cessaire de r\u00e9sider dans la commune.<\/span><\/p>\n<p><span style=\"font-weight: 400;\">Lors de la demande de subvention, veuillez fournir les documents suivants :<\/span><\/p>\n<ul>\n<li style=\"font-weight: 400;\" aria-level=\"1\"><span style=\"font-weight: 400;\">Justificatif de domicile.<\/span><\/li>\n<li style=\"font-weight: 400;\" aria-level=\"1\"><span style=\"font-weight: 400;\">Relev\u00e9 d&rsquo;identit\u00e9 bancaire (RIB).<\/span><\/li>\n<li style=\"font-weight: 400;\" aria-level=\"1\"><span style=\"font-weight: 400;\">Carte nationale d&rsquo;identit\u00e9.<\/span><\/li>\n<li style=\"font-weight: 400;\" aria-level=\"1\"><span style=\"font-weight: 400;\">Facture du v\u00e9lo.<\/span><\/li>\n<\/ul>\n<p><span style=\"font-weight: 400;\">Pour effectuer une demande de subvention, veuillez remplir le formulaire en ligne intitul\u00e9 \u00ab\u00a0Deux roues \u00e9lectriques et v\u00e9los pliants\u00a0\u00bb.<\/span><\/p>\n<h2><strong>Mairie de Dardilly\u00a0<\/strong><\/h2>\n<p><span style=\"font-weight: 400;\">La municipalit\u00e9 de Dardilly propose une subvention pour l&rsquo;achat de votre v\u00e9lo \u00e9lectrique.<\/span><\/p>\n<p><strong>L\u2019aide financi\u00e8re peut aller jusqu\u2019\u00e0 250 \u20ac.<\/strong><\/p>\n<p><span style=\"font-weight: 400;\">Pour b\u00e9n\u00e9ficier de cette subvention, il est n\u00e9cessaire de r\u00e9sider dans la commune.<\/span><\/p>\n<p><span style=\"font-weight: 400;\">Lors de votre demande, veuillez fournir les documents suivants :<\/span><\/p>\n<ul>\n<li style=\"font-weight: 400;\" aria-level=\"1\"><span style=\"font-weight: 400;\">Relev\u00e9 d&rsquo;identit\u00e9 bancaire (RIB).<\/span><\/li>\n<li style=\"font-weight: 400;\" aria-level=\"1\"><span style=\"font-weight: 400;\">Certificat d\u2019homologation du v\u00e9lo \u00e0 assistance \u00e9lectrique.<\/span><\/li>\n<li style=\"font-weight: 400;\" aria-level=\"1\"><span style=\"font-weight: 400;\">Facture d\u2019achat du v\u00e9lo \u00e0 assistance \u00e9lectrique, acquitt\u00e9e, \u00e0 votre nom propre.<\/span><\/li>\n<\/ul>\n<p><span style=\"font-weight: 400;\">D\u00e9marches<\/span><\/p>\n<p><span style=\"font-weight: 400;\">Pour faire une demande de subvention, veuillez remplir le formulaire correspondant et le renvoyer \u00e0 la mairie de Dardilly \u00e0 l&rsquo;adresse suivante :<\/span><\/p>\n<p><span style=\"font-weight: 400;\">Place Bay\u00e8re \u2013 69574 DARDILLY Cedex<\/span><\/p>\n<p><span style=\"font-weight: 400;\">T\u00e9l. 04 78 66 14 50 \u2013 Fax : 04 78 47 58 76 &#8211; contact@mairie-dardilly.fr<\/span><\/p>\n<h2><strong>Mairie d\u2019Aurillac\u00a0<\/strong><\/h2>\n<p><span style=\"font-weight: 400;\">Vous envisagez l&rsquo;achat d&rsquo;un v\u00e9lo \u00e9lectrique ? Pour vous accompagner dans ce projet, la CABA lance une initiative de soutien \u00e0 l&rsquo;acquisition de v\u00e9los \u00e9lectriques. <strong>Cette subvention repr\u00e9sente 25% du co\u00fbt d&rsquo;achat, avec un plafond fix\u00e9 \u00e0 300 \u20ac.<\/strong><\/span><\/p>\n<p><span style=\"font-weight: 400;\">Pour \u00eatre \u00e9ligible, il faut remplir les crit\u00e8res suivants :<\/span><\/p>\n<ul>\n<li style=\"font-weight: 400;\" aria-level=\"1\"><span style=\"font-weight: 400;\">\u00catre une personne physique majeure.<\/span><\/li>\n<li style=\"font-weight: 400;\" aria-level=\"1\"><span style=\"font-weight: 400;\">R\u00e9sider sur le territoire de la CABA (une seule subvention par foyer, non renouvelable sur une p\u00e9riode de 5 ans).<\/span><\/li>\n<li style=\"font-weight: 400;\" aria-level=\"1\"><span style=\"font-weight: 400;\">Avoir lou\u00e9 un v\u00e9lo \u00e9lectrique aupr\u00e8s de la Stabus pendant au moins 3 mois cons\u00e9cutifs.<\/span><\/li>\n<\/ul>\n<p><span style=\"font-weight: 400;\">Pour faire votre demande, veuillez compl\u00e9ter, dater et signer le formulaire, puis l&rsquo;envoyer soit par courrier \u00e0 l&rsquo;adresse suivante :<\/span><\/p>\n<ul>\n<li>Le Pr\u00e9sident de la CABA, 3 place des Carmes, CS 80501, 15005 Aurillac Cedex, soit en le d\u00e9posant \u00e0 l&rsquo;accueil de la CABA, 3 place des Carmes, 15000 AURILLAC.<\/li>\n<\/ul>\n<div class='cta-block'><div class='text'>Simulez toutes vos Aides en 2 min.<\/div><a href='https:\/\/www.mes-allocs.fr\/ab-app?origin=guides\/wp-json\/wp\/v2\/posts\/74191' class='app-button fit'>Simulation gratuite<\/a><\/div>\n","protected":false},"excerpt":{"rendered":"<p>L&rsquo;achat d&rsquo;un v\u00e9lo \u00e9lectrique est un investissement cons\u00e9quent. C&rsquo;est pourquoi, des aides r\u00e9gionales pour l&rsquo;achat d&rsquo;un v\u00e9lo \u00e9lectrique sont mises en place. Une aide v\u00e9lo \u00e9lectrique est d&rsquo;ailleurs propos\u00e9e en r\u00e9gion Auvergne Rh\u00f4ne-Alpes. D\u00e9couvrez le montant de cette subvention, les conditions d&rsquo;\u00e9ligibilit\u00e9 et les d\u00e9marches administratives \u00e0 entamer.\u00a0 Aide \u00e0 l\u2019achat d\u2019un v\u00e9lo \u00e9lectrique en [&hellip;]<\/p>\n","protected":false},"author":27,"featured_media":74193,"comment_status":"closed","ping_status":"open","sticky":false,"template":"","format":"standard","meta":{"amp_status":"","footnotes":""},"categories":[43598,13817],"tags":[],"class_list":["post-74191","post","type-post","status-publish","format-standard","has-post-thumbnail","hentry","category-aide-velo-electrique","category-aide-velo-region"],"yoast_head":"<!-- This site is optimized with the Yoast SEO plugin v14.9 - https:\/\/yoast.com\/wordpress\/plugins\/seo\/ -->\n<title>Aide v\u00e9lo \u00e9lectrique Auvergne Rh\u00f4ne-Alpes : conditions, montants, d\u00e9marches\u00a0<\/title>\n<meta name=\"description\" content=\"Vous habitez en Auvergne-Rh\u00f4ne-Alpes et avez pour projet d\u2019acqu\u00e9rir un v\u00e9lo \u00e9lectrique ? D\u00e9couvrez toutes les aides financi\u00e8res.\" \/>\n<meta name=\"robots\" content=\"index, follow, max-snippet:-1, max-image-preview:large, max-video-preview:-1\" \/>\n<link rel=\"canonical\" href=\"https:\/\/www.mes-allocs.fr\/guides\/aide-velo-electrique\/aide-velo-region\/aide-velo-electrique-auvergne-rhone-alpes\/\" \/>\n<meta property=\"og:locale\" content=\"fr_FR\" \/>\n<meta property=\"og:type\" content=\"article\" \/>\n<meta property=\"og:title\" content=\"Aide v\u00e9lo \u00e9lectrique Auvergne Rh\u00f4ne-Alpes : conditions, montants, d\u00e9marches\u00a0\" \/>\n<meta property=\"og:description\" content=\"Vous habitez en Auvergne-Rh\u00f4ne-Alpes et avez pour projet d\u2019acqu\u00e9rir un v\u00e9lo \u00e9lectrique ? D\u00e9couvrez toutes les aides financi\u00e8res.\" \/>\n<meta property=\"og:url\" content=\"https:\/\/www.mes-allocs.fr\/guides\/aide-velo-electrique\/aide-velo-region\/aide-velo-electrique-auvergne-rhone-alpes\/\" \/>\n<meta property=\"og:site_name\" content=\"Mes-Allocs.fr\" \/>\n<meta property=\"article:published_time\" content=\"2024-02-01T14:09:08+00:00\" \/>\n<meta property=\"article:modified_time\" content=\"2025-02-18T14:33:21+00:00\" \/>\n<meta property=\"og:image\" content=\"https:\/\/www.mes-allocs.fr\/guides\/wp-content\/uploads\/2024\/02\/bike-3601694_1280.jpg?wsr\" \/>\n\t<meta property=\"og:image:width\" content=\"1280\" \/>\n\t<meta property=\"og:image:height\" content=\"853\" \/>\n<meta name=\"twitter:card\" content=\"summary_large_image\" \/>\n<script type=\"application\/ld+json\" class=\"yoast-schema-graph\">{\"@context\":\"https:\/\/schema.org\",\"@graph\":[{\"@type\":\"WebSite\",\"@id\":\"https:\/\/www.mes-allocs.fr\/guides\/#website\",\"url\":\"https:\/\/www.mes-allocs.fr\/guides\/\",\"name\":\"Mes-Allocs.fr\",\"description\":\"\",\"potentialAction\":[{\"@type\":\"SearchAction\",\"target\":\"https:\/\/www.mes-allocs.fr\/guides\/?s={search_term_string}\",\"query-input\":\"required name=search_term_string\"}],\"inLanguage\":\"fr-FR\"},{\"@type\":\"ImageObject\",\"@id\":\"https:\/\/www.mes-allocs.fr\/guides\/aide-velo-electrique\/aide-velo-region\/aide-velo-electrique-auvergne-rhone-alpes\/#primaryimage\",\"inLanguage\":\"fr-FR\",\"url\":\"https:\/\/www.mes-allocs.fr\/guides\/wp-content\/uploads\/2024\/02\/bike-3601694_1280.jpg?wsr\",\"width\":1280,\"height\":853,\"caption\":\"Aide v\\u00e9lo \\u00e9lectrique Auvergne Rh\\u00f4ne Alpes\"},{\"@type\":\"WebPage\",\"@id\":\"https:\/\/www.mes-allocs.fr\/guides\/aide-velo-electrique\/aide-velo-region\/aide-velo-electrique-auvergne-rhone-alpes\/#webpage\",\"url\":\"https:\/\/www.mes-allocs.fr\/guides\/aide-velo-electrique\/aide-velo-region\/aide-velo-electrique-auvergne-rhone-alpes\/\",\"name\":\"Aide v\\u00e9lo \\u00e9lectrique Auvergne Rh\\u00f4ne-Alpes : conditions, montants, d\\u00e9marches\\u00a0\",\"isPartOf\":{\"@id\":\"https:\/\/www.mes-allocs.fr\/guides\/#website\"},\"primaryImageOfPage\":{\"@id\":\"https:\/\/www.mes-allocs.fr\/guides\/aide-velo-electrique\/aide-velo-region\/aide-velo-electrique-auvergne-rhone-alpes\/#primaryimage\"},\"datePublished\":\"2024-02-01T14:09:08+00:00\",\"dateModified\":\"2025-02-18T14:33:21+00:00\",\"author\":{\"@id\":\"https:\/\/www.mes-allocs.fr\/guides\/#\/schema\/person\/7a9b61e7b715d477066a9f941c0440c7\"},\"description\":\"Vous habitez en Auvergne-Rh\\u00f4ne-Alpes et avez pour projet d\\u2019acqu\\u00e9rir un v\\u00e9lo \\u00e9lectrique ? D\\u00e9couvrez toutes les aides financi\\u00e8res.\",\"inLanguage\":\"fr-FR\"},{\"@type\":\"Person\",\"@id\":\"https:\/\/www.mes-allocs.fr\/guides\/#\/schema\/person\/7a9b61e7b715d477066a9f941c0440c7\",\"name\":\"L\\u00e9o Martin\",\"image\":{\"@type\":\"ImageObject\",\"@id\":\"https:\/\/www.mes-allocs.fr\/guides\/#personlogo\",\"inLanguage\":\"fr-FR\",\"url\":\"https:\/\/www.mes-allocs.fr\/guides\/wp-content\/uploads\/2023\/12\/1635317753781-e1701432075572-150x150.jpg\",\"caption\":\"L\\u00e9o Martin\"},\"description\":\"L\\u00e9o est r\\u00e9dacteur au sein de l'\\u00e9quipe Mes Allocs, sp\\u00e9cialis\\u00e9 sur les th\\u00e9matiques pouvoir d'achat et aides. Il rejoint Mes Allocs apr\\u00e8s une premi\\u00e8re exp\\u00e9rience en tant que journaliste chez La Gazette Cagnoise et Nice Presse.\",\"sameAs\":[\"https:\/\/www.linkedin.com\/in\/lo-martin-3429bb224\"]}]}<\/script>\n<!-- \/ Yoast SEO plugin. -->","amp_validity":null,"acf":{"faq":{"1":{"question":"La r\u00e9gion Auvergne Rh\u00f4ne Alpes propose-t-elle une aide ?","answer":"Non, aucune aide n'est propos\u00e9e par la r\u00e9gion directement. Vous devez vous tourner vers votre d\u00e9partement ou votre commune.\r\n"},"2":{"question":"Les aides de l'Auvergne Rh\u00f4ne Alpes sont-elles cumulables avec l'aide de l'\u00c9tat ?","answer":"La plupart de ces aides sont cumulables avec l'aide de l'\u00c9tat. Il est pr\u00e9f\u00e9rable de vous tourner vers votre collectivit\u00e9 afin d'en avoir la confirmation.\r\n"},"3":{"question":"La M\u00e9tropole de Lyon propose-t-elle une aide ? ","answer":"La M\u00e9tropole de Lyon propose une aide de 100 \u20ac."},"4":{"question":"Quelle est l'aide de Cournon d'Auvergne ? ","answer":"Il s'agit d'une aide de 200 \u20ac."},"5":{"question":"Quelle est l'aide de la communauat\u00e9 de communes du Vallon Lyonnais ? ","answer":"Il s'agit d'une aide de 200 \u20ac pour les achats de v\u00e9lo \u00e9lectriques. "},"6":{"question":"","answer":""},"7":{"question":"","answer":""},"8":{"question":"","answer":""},"9":{"question":"","answer":""},"10":{"question":"","answer":""},"11":{"question":"","answer":""},"12":{"question":"","answer":""},"13":{"question":"","answer":""},"14":{"question":"","answer":""},"15":{"question":"","answer":""},"16":{"question":"","answer":""}}},"_links":{"self":[{"href":"https:\/\/www.mes-allocs.fr\/guides\/wp-json\/wp\/v2\/posts\/74191","targetHints":{"allow":["GET"]}}],"collection":[{"href":"https:\/\/www.mes-allocs.fr\/guides\/wp-json\/wp\/v2\/posts"}],"about":[{"href":"https:\/\/www.mes-allocs.fr\/guides\/wp-json\/wp\/v2\/types\/post"}],"author":[{"embeddable":true,"href":"https:\/\/www.mes-allocs.fr\/guides\/wp-json\/wp\/v2\/users\/27"}],"replies":[{"embeddable":true,"href":"https:\/\/www.mes-allocs.fr\/guides\/wp-json\/wp\/v2\/comments?post=74191"}],"version-history":[{"count":6,"href":"https:\/\/www.mes-allocs.fr\/guides\/wp-json\/wp\/v2\/posts\/74191\/revisions"}],"predecessor-version":[{"id":74721,"href":"https:\/\/www.mes-allocs.fr\/guides\/wp-json\/wp\/v2\/posts\/74191\/revisions\/74721"}],"wp:featuredmedia":[{"embeddable":true,"href":"https:\/\/www.mes-allocs.fr\/guides\/wp-json\/wp\/v2\/media\/74193"}],"wp:attachment":[{"href":"https:\/\/www.mes-allocs.fr\/guides\/wp-json\/wp\/v2\/media?parent=74191"}],"wp:term":[{"taxonomy":"category","embeddable":true,"href":"https:\/\/www.mes-allocs.fr\/guides\/wp-json\/wp\/v2\/categories?post=74191"},{"taxonomy":"post_tag","embeddable":true,"href":"https:\/\/www.mes-allocs.fr\/guides\/wp-json\/wp\/v2\/tags?post=74191"}],"curies":[{"name":"wp","href":"https:\/\/api.w.org\/{rel}","templated":true}]}}