{"id":74178,"date":"2024-02-01T12:03:34","date_gmt":"2024-02-01T10:03:34","guid":{"rendered":"https:\/\/www.mes-allocs.fr\/guides\/?p=74178"},"modified":"2025-02-26T12:30:22","modified_gmt":"2025-02-26T10:30:22","slug":"aide-velo-electrique-grand-est","status":"publish","type":"post","link":"https:\/\/www.mes-allocs.fr\/guides\/aide-velo-electrique\/aide-velo-region\/aide-velo-electrique-grand-est\/","title":{"rendered":"Aide v\u00e9lo \u00e9lectrique Grand Est : conditions, montants, d\u00e9marches"},"content":{"rendered":"<p><img loading=\"lazy\" decoding=\"async\" class=\"alignnone wp-image-74179 size-full\" title=\"Aide v\u00e9lo \u00e9lectrique Grand Est\" src=\"https:\/\/www.mes-allocs.fr\/guides\/wp-content\/uploads\/2024\/02\/cycling-3527226_1280-e1706780827538.jpg\" alt=\"Aide v\u00e9lo \u00e9lectrique Grand Est\" width=\"1280\" height=\"441\" srcset=\"https:\/\/www.mes-allocs.fr\/guides\/wp-content\/uploads\/2024\/02\/cycling-3527226_1280-e1706780827538.jpg 1280w, https:\/\/www.mes-allocs.fr\/guides\/wp-content\/uploads\/2024\/02\/cycling-3527226_1280-e1706780827538-300x103.jpg 300w, https:\/\/www.mes-allocs.fr\/guides\/wp-content\/uploads\/2024\/02\/cycling-3527226_1280-e1706780827538-1024x353.jpg 1024w, https:\/\/www.mes-allocs.fr\/guides\/wp-content\/uploads\/2024\/02\/cycling-3527226_1280-e1706780827538-768x265.jpg 768w, https:\/\/www.mes-allocs.fr\/guides\/wp-content\/uploads\/2024\/02\/cycling-3527226_1280-e1706780827538-600x207.jpg 600w\" sizes=\"auto, (max-width: 1280px) 100vw, 1280px\" \/><\/p>\n<p><strong>Les <a href=\"https:\/\/www.mes-allocs.fr\/guides\/prime-velo-electrique\/aide-velo-region\/\">aides r\u00e9gionales \u00e0 l\u2019achat d\u2019un v\u00e9lo \u00e9lectrique<\/a> sont multiples. Elles vous permettent d&rsquo;adopter, \u00e0 moindres co\u00fbts, un mode de transport plus \u00e9cologique. D\u00e9couvrez toutes les aides v\u00e9los \u00e9lectriques dans le Grand Est.\u00a0<\/strong><\/p>\n<div class='cta-block'><div class='text'>Simulez toutes vos Aides en 2 min.<\/div><a href='https:\/\/www.mes-allocs.fr\/ab-app?origin=guides\/wp-json\/wp\/v2\/posts\/74178' class='app-button fit'>Simulation gratuite<\/a><\/div>\n<p><iframe loading=\"lazy\" title=\"L&#039;aide au v\u00e9lo \u00e9lectrique\" width=\"500\" height=\"281\" src=\"https:\/\/www.youtube.com\/embed\/QH5GqTFaqwE?feature=oembed\" frameborder=\"0\" allow=\"accelerometer; autoplay; clipboard-write; encrypted-media; gyroscope; picture-in-picture; web-share\" referrerpolicy=\"strict-origin-when-cross-origin\" allowfullscreen><\/iframe><\/p>\n<h1><b>Aide \u00e0 l\u2019achat d\u2019un v\u00e9lo \u00e9lectrique en r\u00e9gion Grand Est<\/b><\/h1>\n<p><span style=\"font-weight: 400;\">La R\u00e9gion Grand Est propose <strong>une aide financi\u00e8re de 200 \u20ac<\/strong> pour l&rsquo;achat ou la transformation de votre v\u00e9lo en v\u00e9lo \u00e0 assistance \u00e9lectrique.<\/span><\/p>\n<h2>Les conditions d&rsquo;\u00e9ligibilit\u00e9<\/h2>\n<p><span style=\"font-weight: 400;\">Pour \u00eatre \u00e9ligible \u00e0 la <strong>prime v\u00e9lo \u00e9lectrique<\/strong>, il faut :\u00a0<\/span><\/p>\n<ul>\n<li style=\"font-weight: 400;\" aria-level=\"1\"><span style=\"font-weight: 400;\">R\u00e9sider dans une commune faisant partie du territoire de la r\u00e9gion Grand Est.<\/span><\/li>\n<li style=\"font-weight: 400;\" aria-level=\"1\"><span style=\"font-weight: 400;\">\u00catre \u00e2g\u00e9 d&rsquo;au moins 18 ans.<\/span><\/li>\n<li style=\"font-weight: 400;\" aria-level=\"1\"><span style=\"font-weight: 400;\">Fournir la preuve que le v\u00e9lo r\u00e9pond \u00e0 toutes les caract\u00e9ristiques requises.<\/span><\/li>\n<\/ul>\n<h2>Les d\u00e9marches<\/h2>\n<p><span style=\"font-weight: 400;\">Certains documents vous sont demand\u00e9s lorsque vous faites votre dossier :\u00a0<\/span><\/p>\n<ul>\n<li style=\"font-weight: 400;\" aria-level=\"1\"><span style=\"font-weight: 400;\">Justificatif de domicile<\/span><\/li>\n<li style=\"font-weight: 400;\" aria-level=\"1\"><span style=\"font-weight: 400;\">Carte nationale d&rsquo;identit\u00e9<\/span><\/li>\n<li style=\"font-weight: 400;\" aria-level=\"1\"><span style=\"font-weight: 400;\">Relev\u00e9 d&rsquo;identit\u00e9 bancaire (RIB)<\/span><\/li>\n<li style=\"font-weight: 400;\" aria-level=\"1\"><span style=\"font-weight: 400;\">Autres documents, tels que devis ou facture d&rsquo;achat du v\u00e9lo ou d&rsquo;installation d&rsquo;un kit, facture acquitt\u00e9e, copie du certificat d&rsquo;homologation du v\u00e9lo, notice technique ou attestation de conformit\u00e9 \u00e0 la norme NF EN 15194.<\/span><\/li>\n<\/ul>\n<p><span style=\"font-weight: 400;\">Le d\u00e9p\u00f4t du dossier peut \u00eatre effectu\u00e9 sur le site Internet de la R\u00e9gion Grand Est. <\/span><span style=\"font-weight: 400;\">Le d\u00e9lai de versement de l&rsquo;aide est d&rsquo;environ 6 semaines.<\/span><\/p>\n<p><strong>La subvention r\u00e9gionale de 200 \u20ac est limit\u00e9e \u00e0 une aide par foyer et est cumulable avec les aides des collectivit\u00e9s locales ainsi qu&rsquo;avec la prime v\u00e9lo de l&rsquo;\u00c9tat.<\/strong><\/p>\n<h1><strong>Les aides de l&rsquo;Eurom\u00e9tropole de Strasbourg\u00a0<\/strong><\/h1>\n<p><span style=\"font-weight: 400;\">Le <strong>v\u00e9lo \u00e0 assistance \u00e9lectrique<\/strong> (VAE) repr\u00e9sente une option judicieuse pour l&rsquo;\u00e9volution des d\u00e9placements quotidiens de tous les habitants de l&rsquo;Eurom\u00e9tropole de Strasbourg, en particulier ceux r\u00e9sidant dans les premi\u00e8res et secondes couronnes. Une <a href=\"https:\/\/www.mes-allocs.fr\/guides\/prime-velo-electrique\/prime-velo-region\/aide-velo-electrique-strasbourg\/\">aide strasbourgeoise pour l&rsquo;achat d&rsquo;un v\u00e9lo \u00e9lectrique<\/a><\/span><span style=\"font-weight: 400;\">\u00a0est accord\u00e9e, \u00e0 hauteur de<strong> 500 \u20ac<\/strong>.<\/span><\/p>\n<p><span style=\"font-weight: 400;\">Il faut effectuer la d\u00e9marche en ligne sur le site d\u00e9di\u00e9 de l\u2019Eurom\u00e9tropole de Strasbourg.\u00a0<\/span><\/p>\n<p><span style=\"font-weight: 400;\">Pour \u00eatre \u00e9ligible, il faut :\u00a0<\/span><\/p>\n<ul>\n<li style=\"font-weight: 400;\" aria-level=\"1\"><span style=\"font-weight: 400;\">R\u00e9sider dans l&rsquo;une des 33 communes de l&rsquo;Eurom\u00e9tropole de Strasbourg (en tant que r\u00e9sidence principale).<\/span><\/li>\n<li style=\"font-weight: 400;\" aria-level=\"1\"><span style=\"font-weight: 400;\">Effectuer l&rsquo;achat aupr\u00e8s d&rsquo;un distributeur-r\u00e9parateur agr\u00e9\u00e9 V\u00e9loptimiste.<\/span><\/li>\n<li style=\"font-weight: 400;\" aria-level=\"1\"><span style=\"font-weight: 400;\">Ne pas avoir acquis l&rsquo;\u00e9quipement (VAE ou kit de motorisation) avant le 1er janvier 2021.<\/span><\/li>\n<\/ul>\n<p><span style=\"font-weight: 400;\">Certains documents sont demand\u00e9s comme :\u00a0<\/span><\/p>\n<ul>\n<li style=\"font-weight: 400;\" aria-level=\"1\"><span style=\"font-weight: 400;\">Justificatif de domicile<\/span><\/li>\n<li style=\"font-weight: 400;\" aria-level=\"1\"><span style=\"font-weight: 400;\">Carte nationale d&rsquo;identit\u00e9<\/span><\/li>\n<li style=\"font-weight: 400;\" aria-level=\"1\"><span style=\"font-weight: 400;\">Relev\u00e9 d&rsquo;identit\u00e9 bancaire (RIB)<\/span><\/li>\n<\/ul>\n<ul>\n<li style=\"font-weight: 400;\" aria-level=\"1\"><span style=\"font-weight: 400;\">Copie du certificat d&rsquo;homologation de l&rsquo;\u00e9quipement et notice technique ou attestation de conformit\u00e9 \u00e0 la norme NF EN 15194.<\/span><\/li>\n<li style=\"font-weight: 400;\" aria-level=\"1\"><span style=\"font-weight: 400;\">Copie de la facture d&rsquo;achat acquitt\u00e9e du dispositif ou du v\u00e9lo \u00e9ligible \u00e0 l&rsquo;aide.<\/span><\/li>\n<\/ul>\n<p><span style=\"font-weight: 400;\">Par ailleurs, <strong>il existe deux autres types d\u2019aides<\/strong> :\u00a0<\/span><\/p>\n<ul>\n<li style=\"font-weight: 400;\" aria-level=\"1\"><span style=\"font-weight: 400;\">Pour un v\u00e9lo cargo \u00e0 assistance \u00e9lectrique neuf (VCE), le montant de la subvention est de 500 euros sans crit\u00e8re de ressources.<\/span><\/li>\n<li style=\"font-weight: 400;\" aria-level=\"1\"><span style=\"font-weight: 400;\">Pour la motorisation d&rsquo;un v\u00e9lo classique, le montant de la subvention est de 150 euros sans crit\u00e8re de ressources.<\/span><\/li>\n<\/ul>\n<h1><strong>Les aides Ardenne M\u00e9tropole\u00a0<\/strong><\/h1>\n<p><span style=\"font-weight: 400;\">La <strong>Communaut\u00e9 d&rsquo;Agglom\u00e9ration Ardenne M\u00e9tropole<\/strong> instaure une subvention destin\u00e9e \u00e0 l&rsquo;<strong>acquisition d&rsquo;un v\u00e9lo neuf ou remis \u00e0 neuf<\/strong>, r\u00e9serv\u00e9e aux r\u00e9sidents des communes signataires de la convention. Cette aide est sp\u00e9cifiquement allou\u00e9e pour les <strong>d\u00e9placements domicile-travail<\/strong>, couramment appel\u00e9s \u00ab v\u00e9lotaf \u00bb.<\/span><\/p>\n<p><span style=\"font-weight: 400;\">Pour \u00eatre \u00e9ligible, il faut :\u00a0<\/span><\/p>\n<ul>\n<li style=\"font-weight: 400;\" aria-level=\"1\"><span style=\"font-weight: 400;\">\u00catre majeur ou mineur \u00e0 partir de 11 ans (l&rsquo;\u00e2ge requis pour obtenir le dipl\u00f4me \u00ab savoir rouler \u00e0 v\u00e9lo \u00bb),\u00a0<\/span><\/li>\n<li style=\"font-weight: 400;\" aria-level=\"1\"><span style=\"font-weight: 400;\">r\u00e9sider dans l&rsquo;une des communes membres d&rsquo;Ardenne M\u00e9tropole ayant sign\u00e9 une convention avec cette derni\u00e8re, effectuer l&rsquo;achat exclusivement aupr\u00e8s d&rsquo;un vendeur partenaire de l&rsquo;op\u00e9ration \u00ab Agglo V\u00e9lo \u00bb\u00a0<\/span><\/li>\n<li style=\"font-weight: 400;\" aria-level=\"1\"><span style=\"font-weight: 400;\">\u00a0s&rsquo;engager \u00e0 ne pas revendre le v\u00e9lo pendant une p\u00e9riode de 3 ans sont les crit\u00e8res d&rsquo;\u00e9ligibilit\u00e9.\u00a0<\/span><\/li>\n<\/ul>\n<p><span style=\"font-weight: 400;\">Les d\u00e9marches consistent \u00e0 t\u00e9l\u00e9charger et remplir le formulaire de demande de subvention, puis \u00e0 envoyer une preuve d&rsquo;achat et ledit formulaire \u00e0 l&rsquo;adresse mail mobilites@ardenne-metropole.fr ou par voie postale \u00e0 Ardenne M\u00e9tropole \u2013 Op\u00e9ration AGGLO VELO, 49 Avenue L\u00e9on Bourgeois \u2013 08000 Charleville-M\u00e9zi\u00e8res.<\/span><\/p>\n<p><strong>Concernant les modalit\u00e9s et le versement, pour tout achat d&rsquo;un v\u00e9lo \u00e0 assistance \u00e9lectrique ou non, neuf ou d&rsquo;occasion chez l&rsquo;un des v\u00e9locistes partenaires, une aide de 33% plafonn\u00e9e \u00e0 200 \u20ac est accord\u00e9e. Pour un v\u00e9lo \u00ab con\u00e7u et assembl\u00e9 en France \u00bb, l&rsquo;aide est major\u00e9e \u00e0 40% et le plafond relev\u00e9 \u00e0 300 \u20ac.<\/strong><\/p>\n<p><span style=\"font-weight: 400;\">La prime peut \u00eatre attribu\u00e9e une fois \u00e0 chaque membre du foyer sur une p\u00e9riode de 6 ans. Les personnes morales ne sont pas \u00e9ligibles \u00e0 la prime, mais b\u00e9n\u00e9ficient d&rsquo;un dispositif sp\u00e9cifique.<\/span><\/p>\n<h1><strong>Les aides \u00e0 l&rsquo;achat de la Communaut\u00e9 urbaine Grand Reims\u00a0<\/strong><\/h1>\n<p><span style=\"font-weight: 400;\">La Communaut\u00e9 Urbaine Grand Reims propose une aide financi\u00e8re destin\u00e9e \u00e0 faciliter l&rsquo;acquisition d&rsquo;un v\u00e9lo \u00e0 assistance \u00e9lectrique par ses r\u00e9sidents.<\/span><\/p>\n<p><span style=\"font-weight: 400;\">Sont \u00e9ligibles les <strong>v\u00e9los \u00e0 assistance \u00e9lectrique neufs<\/strong> ou <strong>d&rsquo;occasion<\/strong>, qu&rsquo;ils soient <strong>classiques<\/strong>, de type <strong>cargo<\/strong>, <strong>pliant<\/strong>\u00a0ou <strong>adapt\u00e9<\/strong>, et r\u00e9pondant \u00e0 un usage quotidien.<\/span><\/p>\n<p><span style=\"font-weight: 400;\">L&rsquo;aide \u00e0 l&rsquo;achat est r\u00e9serv\u00e9e aux personnes physiques majeures justifiant de leur r\u00e9sidence principale dans l&rsquo;une des communes de la Communaut\u00e9 urbaine du Grand Reims.<\/span><\/p>\n<p><strong>L\u2019aide financi\u00e8re peut aller jusqu\u2019\u00e0 500 \u20ac.<\/strong><\/p>\n<p><span style=\"font-weight: 400;\">La demande doit \u00eatre d\u00e9pos\u00e9e aupr\u00e8s de la Communaut\u00e9 urbaine du Grand Reims, situ\u00e9e au 3 Rue Eug\u00e8ne Desteuque, 51100 Reims, ou en contactant le 03 26 77 78 79.<\/span><\/p>\n<p><span style=\"font-weight: 400;\">Certains documents sont requis comme :\u00a0<\/span><\/p>\n<ul>\n<li style=\"font-weight: 400;\" aria-level=\"1\"><span style=\"font-weight: 400;\">Carte nationale d&rsquo;identit\u00e9<\/span><\/li>\n<li style=\"font-weight: 400;\" aria-level=\"1\"><span style=\"font-weight: 400;\">Justificatif de domicile<\/span><\/li>\n<li style=\"font-weight: 400;\" aria-level=\"1\"><span style=\"font-weight: 400;\">Relev\u00e9 d&rsquo;identit\u00e9 bancaire (RIB)<\/span><\/li>\n<li style=\"font-weight: 400;\" aria-level=\"1\"><span style=\"font-weight: 400;\">Facture du v\u00e9lo \u00e0 assistance \u00e9lectrique (VAE), indiquant le mod\u00e8le, le nom et les coordonn\u00e9es de l&rsquo;acheteur et du vendeur, la date d&rsquo;achat et le num\u00e9ro de facture.<\/span><\/li>\n<li style=\"font-weight: 400;\" aria-level=\"1\"><span style=\"font-weight: 400;\">Attestation sur l&rsquo;honneur jointe au r\u00e8glement, ainsi que le r\u00e8glement d\u00fbment rempli et sign\u00e9.<\/span><\/li>\n<\/ul>\n<h1>Les aides de l&rsquo;agglom\u00e9ration <span class=\"misspelling correction\" title=\"Faute de frappe possible trouv\u00e9e.\" data-type=\"misspelling\" data-suggestions=\"[{&quot;value&quot;:&quot;\u00c9pinal&quot;},{&quot;value&quot;:&quot;Spinal&quot;},{&quot;value&quot;:&quot;\u00c9pina&quot;},{&quot;value&quot;:&quot;\u00c9pinai&quot;},{&quot;value&quot;:&quot;\u00c9pinas&quot;},{&quot;value&quot;:&quot;\u00c9pin\u00e2t&quot;},{&quot;value&quot;:&quot;\u00c9pinac&quot;}]\" data-rule=\"FR_SPELLING_RULE\" data-word=\"Epinal\">\u00c9pinal<\/span><\/h1>\n<p><span style=\"font-weight: 400;\">Dans le dessein de promouvoir la pratique du v\u00e9lo, la Communaut\u00e9 d\u2019Agglom\u00e9ration d\u2019\u00c9pinal offre une aide financi\u00e8re, sous forme de <strong>prime<\/strong>, pour l&rsquo;acquisition d&rsquo;un v\u00e9lo \u00e0 assistance \u00e9lectrique (VAE). Pour \u00eatre \u00e9ligible, il faut :\u00a0<\/span><\/p>\n<ul>\n<li style=\"font-weight: 400;\" aria-level=\"1\"><span style=\"font-weight: 400;\">Avoir 18 ans ou plus<\/span><\/li>\n<li style=\"font-weight: 400;\" aria-level=\"1\"><span style=\"font-weight: 400;\">Habiter sur le territoire de la Communaut\u00e9 d\u2019Agglom\u00e9ration d\u2019\u00c9pinal<\/span><\/li>\n<li style=\"font-weight: 400;\" aria-level=\"1\"><span style=\"font-weight: 400;\">Plusieurs personnes au sein d\u2019un m\u00eame foyer peuvent b\u00e9n\u00e9ficier de cette subvention d\u00e8s lors qu\u2019elles ont 18 ans ou plus. \u00c0 noter que chaque dossier doit \u00eatre au nom de la personne majeure<\/span><\/li>\n<\/ul>\n<p><span style=\"font-weight: 400;\">Apr\u00e8s avoir pris connaissance du r\u00e8glement d\u2019octroi de la prime, les demandeurs peuvent soumettre leur demande en ligne ou remplir le dossier t\u00e9l\u00e9chargeable, puis le d\u00e9poser au si\u00e8ge de la Communaut\u00e9 d\u2019Agglom\u00e9ration d\u2019\u00c9pinal, \u00e0 la Maison de l\u2019Habitat et du Territoire, 1 avenue Dutac \u00e0 \u00c9pinal.<\/span><\/p>\n<p><span style=\"font-weight: 400;\">Modalit\u00e9s et versement :<\/span><\/p>\n<ul>\n<li style=\"font-weight: 400;\" aria-level=\"1\"><strong>Pour l&rsquo;achat d&rsquo;un VAE : prime \u00e9quivalente \u00e0 20% du co\u00fbt d&rsquo;achat, plafonn\u00e9e \u00e0 200\u20ac.<\/strong><\/li>\n<li style=\"font-weight: 400;\" aria-level=\"1\"><strong>Pour l&rsquo;achat d&rsquo;un VAE cargo : prime \u00e9quivalente \u00e0 20% du co\u00fbt d&rsquo;achat, plafonn\u00e9e \u00e0 300\u20ac.<\/strong><\/li>\n<li style=\"font-weight: 400;\" aria-level=\"1\"><strong>Pour l&rsquo;achat et l&rsquo;installation d&rsquo;un kit d&rsquo;\u00e9lectrification : prime \u00e9quivalente \u00e0 20% du co\u00fbt d&rsquo;achat, plafonn\u00e9e \u00e0 200\u20ac.<\/strong><\/li>\n<li style=\"font-weight: 400;\" aria-level=\"1\"><span style=\"font-weight: 400;\"><strong>Pour l&rsquo;achat d&rsquo;un v\u00e9lo sans assistance \u00e9lectrique : prime \u00e9quivalente \u00e0 20% du co\u00fbt d&rsquo;achat, plafonn\u00e9e \u00e0 100\u20ac.<\/strong> <\/span><\/li>\n<\/ul>\n<p><span style=\"font-weight: 400;\">Le versement de la prime se fera apr\u00e8s l&rsquo;examen complet du dossier par la commission communautaire, dans la limite des cr\u00e9dits allou\u00e9s \u00e0 cet effet.<\/span><\/p>\n<div class='cta-block'><div class='text'>Simulez toutes vos Aides en 2 min.<\/div><a href='https:\/\/www.mes-allocs.fr\/ab-app?origin=guides\/wp-json\/wp\/v2\/posts\/74178' class='app-button fit'>Simulation gratuite<\/a><\/div>\n<h1><b>Les aides des communaut\u00e9s de communes\u00a0<\/b><\/h1>\n<p><span style=\"font-weight: 400;\">Certaines communaut\u00e9s de communes de la r\u00e9gion Grand Est proposent \u00e9galement des aides pour l\u2019achat d\u2019un v\u00e9lo \u00e9lectrique.\u00a0<\/span><\/p>\n<h2><strong>Communaut\u00e9 de communes des Portes de Romilly sur Seine\u00a0<\/strong><\/h2>\n<p><span style=\"font-weight: 400;\">La Communaut\u00e9 de Communes des Portes de Romilly-sur-Seine (CCPRS) <strong>accorde une subvention de 100\u20ac pour l&rsquo;achat d&rsquo;un V\u00e9lo \u00e0 Assistance \u00c9lectrique (VAE).<\/strong><\/span><\/p>\n<p><span style=\"font-weight: 400;\">Pour \u00eatre \u00e9ligible \u00e0 cette offre, vous devez :\u00a0<\/span><\/p>\n<ul>\n<li style=\"font-weight: 400;\" aria-level=\"1\"><span style=\"font-weight: 400;\">R\u00e9sider dans l&rsquo;une des six communes membres de la CCPRS (Crancey, G\u00e9lannes, Maizi\u00e8res-la-Grande-Paroisse, Pars-l\u00e8s-Romilly, Romilly-sur-Seine, Saint-Hilaire-sous-Romilly).<\/span><\/li>\n<li style=\"font-weight: 400;\" aria-level=\"1\"><span style=\"font-weight: 400;\">\u00catre \u00e2g\u00e9 de plus de 18 ans.<\/span><\/li>\n<li style=\"font-weight: 400;\" aria-level=\"1\"><span style=\"font-weight: 400;\">Ne pas avoir b\u00e9n\u00e9fici\u00e9 de cette aide, ni aucun autre membre du foyer au cours de l&rsquo;ann\u00e9e en cours.<\/span><\/li>\n<li style=\"font-weight: 400;\" aria-level=\"1\"><span style=\"font-weight: 400;\">Acqu\u00e9rir le V\u00e9lo \u00e0 Assistance \u00c9lectrique (VAE) aupr\u00e8s d&rsquo;un fournisseur situ\u00e9 sur le territoire de la CCPRS.<\/span><\/li>\n<li style=\"font-weight: 400;\" aria-level=\"1\"><span style=\"font-weight: 400;\">S&rsquo;engager \u00e0 ne pas vendre le v\u00e9lo dans l&rsquo;ann\u00e9e qui suit son achat.<\/span><\/li>\n<\/ul>\n<p><span style=\"font-weight: 400;\">Les documents \u00e0 fournir lorsque vous faites votre dossier sont :\u00a0<\/span><\/p>\n<ul>\n<li style=\"font-weight: 400;\" aria-level=\"1\"><span style=\"font-weight: 400;\">Justificatif de domicile.<\/span><\/li>\n<li style=\"font-weight: 400;\" aria-level=\"1\"><span style=\"font-weight: 400;\">Pi\u00e8ce d&rsquo;identit\u00e9 officielle.<\/span><\/li>\n<li style=\"font-weight: 400;\" aria-level=\"1\"><span style=\"font-weight: 400;\">Relev\u00e9 d&rsquo;identit\u00e9 bancaire (RIB).<\/span><\/li>\n<li style=\"font-weight: 400;\" aria-level=\"1\"><span style=\"font-weight: 400;\">Facture d&rsquo;achat du v\u00e9lo.<\/span><\/li>\n<li style=\"font-weight: 400;\" aria-level=\"1\"><span style=\"font-weight: 400;\">Copie du certificat d&rsquo;homologation du v\u00e9lo et de la notice technique ou attestation de conformit\u00e9 \u00e0 la norme NF EN 15194.<\/span><\/li>\n<li style=\"font-weight: 400;\" aria-level=\"1\"><span style=\"font-weight: 400;\">Certificat de gravage du v\u00e9lo. (En cas de pr\u00e9-\u00e9ligibilit\u00e9, le devis peut remplacer la facture.)<\/span><\/li>\n<\/ul>\n<p><span style=\"font-weight: 400;\">La demande doit \u00eatre d\u00e9pos\u00e9e au plus tard trois mois apr\u00e8s l&rsquo;achat du v\u00e9lo en remplissant le formulaire disponible sur le site de la CCPRS<\/span><\/p>\n<p><span style=\"font-weight: 400;\"><strong>Le montant de l&rsquo;aide est fix\u00e9 \u00e0 100\u20ac par foyer et par an,<\/strong> sans condition de ressources. Le versement de l&rsquo;aide intervient environ 6 semaines apr\u00e8s la prise en compte du dossier.<\/span><\/p>\n<h2><strong>Communaut\u00e9 de communes de la r\u00e9gion Molsheim-Mutzig<\/strong><\/h2>\n<p><span style=\"font-weight: 400;\">La Communaut\u00e9 de Communes a pris la d\u00e9cision de subventionner l&rsquo;achat d&rsquo;un v\u00e9lo \u00e0 assistance \u00e9lectrique, une aide qui peut \u00eatre cumul\u00e9e avec celle vers\u00e9e par l&rsquo;\u00c9tat. <strong>L\u2019aide peut aller jusqu\u2019\u00e0 200 \u20ac<\/strong>.<\/span><\/p>\n<p><span style=\"font-weight: 400;\">Pour \u00eatre \u00e9ligible, vous devez :\u00a0<\/span><\/p>\n<ul>\n<li style=\"font-weight: 400;\" aria-level=\"1\"><span style=\"font-weight: 400;\">\u00catre une personne majeure ou mineure de plus de 14 ans r\u00e9sidant sur le territoire, sans conditions de ressources.<\/span><\/li>\n<li style=\"font-weight: 400;\" aria-level=\"1\"><span style=\"font-weight: 400;\">Une seule demande par personne est autoris\u00e9e.<\/span><\/li>\n<li style=\"font-weight: 400;\" aria-level=\"1\"><span style=\"font-weight: 400;\">Plusieurs demandes peuvent \u00eatre effectu\u00e9es par foyer.<\/span><\/li>\n<\/ul>\n<p><span style=\"font-weight: 400;\">Certains documents doivent \u00eatre fournis comme :\u00a0<\/span><\/p>\n<ul>\n<li style=\"font-weight: 400;\" aria-level=\"1\"><span style=\"font-weight: 400;\">Relev\u00e9 d&rsquo;identit\u00e9 bancaire (RIB).<\/span><\/li>\n<li style=\"font-weight: 400;\" aria-level=\"1\"><span style=\"font-weight: 400;\">Carte nationale d&rsquo;identit\u00e9.<\/span><\/li>\n<li style=\"font-weight: 400;\" aria-level=\"1\"><span style=\"font-weight: 400;\">Justificatif de domicile.<\/span><\/li>\n<\/ul>\n<ul>\n<li style=\"font-weight: 400;\" aria-level=\"1\"><span style=\"font-weight: 400;\">Facture d&rsquo;achat nominative, \u00e9tablie apr\u00e8s le 1er janvier 2020.<\/span><\/li>\n<li style=\"font-weight: 400;\" aria-level=\"1\"><span style=\"font-weight: 400;\">Photocopie de la carte d&rsquo;identit\u00e9 pour les b\u00e9n\u00e9ficiaires mineurs.<\/span><\/li>\n<\/ul>\n<p><span style=\"font-weight: 400;\">L&rsquo;ensemble des pi\u00e8ces doit \u00eatre d\u00e9pos\u00e9 ou envoy\u00e9 (par courrier ou par e-mail) \u00e0 la Communaut\u00e9 de Communes de la R\u00e9gion de Molsheim-Mutzig.<\/span><\/p>\n<h2><strong>Communaut\u00e9 de communes des Cr\u00eates Pr\u00e9ardennaise\u00a0<\/strong><\/h2>\n<p><span style=\"font-weight: 400;\">La Communaut\u00e9 de communes des Cr\u00eates Pr\u00e9ardennaises s&rsquo;engage dans la sensibilisation de ses habitants \u00e0 la transition \u00e9nerg\u00e9tique et aux mobilit\u00e9s alternatives en offrant une aide financi\u00e8re pour faciliter l&rsquo;achat de v\u00e9los \u00e9lectriques.<\/span><\/p>\n<p><span style=\"font-weight: 400;\">Pour \u00eatre \u00e9ligible, il faut :\u00a0<\/span><\/p>\n<ul>\n<li style=\"font-weight: 400;\" aria-level=\"1\"><span style=\"font-weight: 400;\">R\u00e9sider dans la Communaut\u00e9 de communes des Cr\u00eates Pr\u00e9ardennaises.<\/span><\/li>\n<li style=\"font-weight: 400;\" aria-level=\"1\"><span style=\"font-weight: 400;\">Le v\u00e9lo doit \u00eatre un cycle \u00e0 p\u00e9dalage assist\u00e9 au sens de l&rsquo;article R.311-1 du code de la route.<\/span><\/li>\n<li style=\"font-weight: 400;\" aria-level=\"1\"><span style=\"font-weight: 400;\">\u00catre acquis par une personne physique majeure ayant un domicile sur la CCCPA et une cotisation d&rsquo;imp\u00f4t sur le revenu de l&rsquo;ann\u00e9e pr\u00e9c\u00e9dant l&rsquo;acquisition du cycle nulle.<\/span><\/li>\n<li style=\"font-weight: 400;\" aria-level=\"1\"><span style=\"font-weight: 400;\">Le v\u00e9lo doit \u00eatre neuf.<\/span><\/li>\n<li style=\"font-weight: 400;\" aria-level=\"1\"><span style=\"font-weight: 400;\">Ne pas utiliser de batterie au plomb.<\/span><\/li>\n<li style=\"font-weight: 400;\" aria-level=\"1\"><span style=\"font-weight: 400;\">Ne pas \u00eatre c\u00e9d\u00e9 par l&rsquo;acqu\u00e9reur dans l&rsquo;ann\u00e9e suivant son acquisition.<\/span><\/li>\n<\/ul>\n<p><span style=\"font-weight: 400;\">Plusieurs documents sont \u00e0 fournir lorsque avant de d\u00e9poser votre dossier :\u00a0<\/span><\/p>\n<ul>\n<li style=\"font-weight: 400;\" aria-level=\"1\"><span style=\"font-weight: 400;\">Justificatif de domicile.<\/span><\/li>\n<li style=\"font-weight: 400;\" aria-level=\"1\"><span style=\"font-weight: 400;\">Relev\u00e9 d&rsquo;identit\u00e9 bancaire (RIB).<\/span><\/li>\n<li style=\"font-weight: 400;\" aria-level=\"1\"><span style=\"font-weight: 400;\">Carte nationale d&rsquo;identit\u00e9.<\/span><\/li>\n<li style=\"font-weight: 400;\" aria-level=\"1\"><span style=\"font-weight: 400;\">Dernier avis d&rsquo;imposition.<\/span><\/li>\n<li style=\"font-weight: 400;\" aria-level=\"1\"><span style=\"font-weight: 400;\">Copie d&rsquo;un justificatif de domicile de moins de trois mois (facture d&rsquo;eau, d&rsquo;\u00e9lectricit\u00e9, de gaz, ou de t\u00e9l\u00e9phone, y compris de t\u00e9l\u00e9phone mobile).<\/span><\/li>\n<li style=\"font-weight: 400;\" aria-level=\"1\"><span style=\"font-weight: 400;\">Copie de la facture d&rsquo;achat du cycle, mentionnant le nom, pr\u00e9nom, adresse, r\u00e9f\u00e9rences, prix du cycle, et la date d&rsquo;acquisition (post\u00e9rieure ou \u00e9gale au 1er octobre 2018).<\/span><\/li>\n<\/ul>\n<p><span style=\"font-weight: 400;\">La demande d&rsquo;aide doit \u00eatre soumise \u00e0 la CCCPA dans les six mois suivant la date de facturation du cycle, avec le cachet de la poste faisant foi.<\/span><\/p>\n<p><span style=\"font-weight: 400;\">Le montant de l&rsquo;aide est \u00e9tabli comme suit : <strong>10% du co\u00fbt d&rsquo;acquisition toutes taxes comprises (hors options et accessoires), plafonn\u00e9 \u00e0 100 euros. Une seule aide par personne physique est autoris\u00e9e, quel que soit le nombre de cycles \u00e0 p\u00e9dalage assist\u00e9s neufs acquis.<\/strong> En cas de non-respect des conditions, le b\u00e9n\u00e9ficiaire restitue le montant de l&rsquo;aide dans les trois mois suivant la cession.<\/span><\/p>\n<h2><strong>Communaut\u00e9 de communes Pays de Saint-Odile\u00a0<\/strong><\/h2>\n<p><span style=\"font-weight: 400;\">Le programme intercommunal d&rsquo;incitation \u00e0 l&rsquo;acquisition de v\u00e9los vise \u00e0 promouvoir l&rsquo;utilisation de ce moyen de transport par les r\u00e9sidents, offrant une solution de mobilit\u00e9 efficace, \u00e9conomique, b\u00e9n\u00e9fique pour la sant\u00e9 et respectueuse de l&rsquo;environnement.<\/span><\/p>\n<p><span style=\"font-weight: 400;\">Vous \u00eates \u00e9ligible :<\/span><\/p>\n<ul>\n<li style=\"font-weight: 400;\" aria-level=\"1\"><span style=\"font-weight: 400;\">A partir de 10 ans pour la prime v\u00e9lo urbain,<\/span><\/li>\n<li style=\"font-weight: 400;\" aria-level=\"1\"><span style=\"font-weight: 400;\">A partir de 10 ans pour la prime v\u00e9lo-cargo ou tricycle \u00e9quip\u00e9 d\u2019une assistance \u00e9lectrique, adapt\u00e9 \u00e0 une personne en situation de handicap,<\/span><\/li>\n<li style=\"font-weight: 400;\" aria-level=\"1\"><span style=\"font-weight: 400;\">A partir de 18 ans pour la prime v\u00e9lo \u00e0 assistance \u00e9lectrique.<\/span><\/li>\n<\/ul>\n<p><span style=\"font-weight: 400;\">Le dossier est \u00e0 d\u00e9poser \u00e0 la Communaut\u00e9 de Commune dans l&rsquo;une des mairies des 6 villes la composant.<\/span><\/p>\n<p><span style=\"font-weight: 400;\">Dans le but de promouvoir l&rsquo;utilisation quotidienne du v\u00e9lo, le programme d&rsquo;aide \u00e0 l&rsquo;achat de v\u00e9los englobe trois cat\u00e9gories de cycles adapt\u00e9s aux d\u00e9placements utilitaires et aux divers profils des r\u00e9sidents :<\/span><\/p>\n<ul>\n<li style=\"font-weight: 400;\" aria-level=\"1\"><span style=\"font-weight: 400;\">Les v\u00e9los classiques (v\u00e9los de ville, VTC, v\u00e9los pliables, etc.) destin\u00e9s aux d\u00e9placements de proximit\u00e9, domicile-travail et scolaires. L&rsquo;aide repr\u00e9sente 20% du co\u00fbt d&rsquo;achat TTC d&rsquo;un v\u00e9lo urbain neuf, <strong>plafonn\u00e9e \u00e0 60 \u20ac.<\/strong><\/span><\/li>\n<li style=\"font-weight: 400;\" aria-level=\"1\"><span style=\"font-weight: 400;\">Les v\u00e9los \u00e0 assistance \u00e9lectrique (VAE) favorisant la pratique du v\u00e9lo en rendant les d\u00e9placements plus accessibles, r\u00e9duisant l&rsquo;effort requis et augmentant significativement la distance parcourue. L&rsquo;aide est de 10% du co\u00fbt d&rsquo;achat TTC d&rsquo;un VAE neuf, <strong>plafonn\u00e9e \u00e0 120 \u20ac.<\/strong><\/span><\/li>\n<li style=\"font-weight: 400;\" aria-level=\"1\"><span style=\"font-weight: 400;\">Les v\u00e9los cargos et les tricycles facilitant le transport d&rsquo;enfants ou de marchandises, avec les tricycles offrant \u00e9galement une autonomie de d\u00e9placement \u00e0 certaines personnes en situation de handicap. Cela inclut les v\u00e9los biporteurs, triporteurs et les tandems parent-enfant ou pour personnes en situation de handicap. L&rsquo;aide est de 10% du co\u00fbt d&rsquo;achat TTC d&rsquo;un VAE neuf, <strong>plafonn\u00e9e \u00e0 180 \u20ac.<\/strong> Dans tous les cas, l&rsquo;aide concerne un v\u00e9lo neuf homologu\u00e9, comprenant les \u00e9quipements de s\u00e9curit\u00e9 obligatoires (\u00e9clairage, signalisation sonore, freins).<\/span><\/li>\n<\/ul>\n<h2><strong>Communaut\u00e9 de commune de Moselle et Madon\u00a0<\/strong><\/h2>\n<p><span style=\"font-weight: 400;\">La Communaut\u00e9 de Communes Moselle et Madon soutient la mobilit\u00e9 durable en contribuant financi\u00e8rement \u00e0 l&rsquo;acquisition de votre v\u00e9lo ou de mat\u00e9riel, avec<strong> une aide pouvant aller de 50 \u00e0 200 \u20ac.<\/strong><\/span><\/p>\n<p><span style=\"font-weight: 400;\">Cette aide est accessible uniquement sur la communaut\u00e9 de communes<\/span><\/p>\n<p><span style=\"font-weight: 400;\">Vous devez fournir 3 documents :\u00a0<\/span><\/p>\n<ul>\n<li style=\"font-weight: 400;\" aria-level=\"1\"><span style=\"font-weight: 400;\">Justificatif de domicile<\/span><\/li>\n<li style=\"font-weight: 400;\" aria-level=\"1\"><span style=\"font-weight: 400;\">Relev\u00e9 d&rsquo;identit\u00e9 bancaire (RIB)<\/span><\/li>\n<\/ul>\n<ul>\n<li style=\"font-weight: 400;\" aria-level=\"1\"><span style=\"font-weight: 400;\">Factures de l&rsquo;achat du v\u00e9lo<\/span><\/li>\n<\/ul>\n<p><span style=\"font-weight: 400;\">Pour d\u00e9poser votre dossier, vous devez vous rendre \u00e0 la Communaut\u00e9 de communes Moselle et Madon, 145 rue du Breuil \u2013 54230 Neuves-Maisons<\/span><\/p>\n<h2><strong>Communaut\u00e9 de communes du Bassin de Pompey\u00a0<\/strong><\/h2>\n<p><span style=\"font-weight: 400;\">\u00c0 partir de septembre 2020, dans le but de promouvoir l&rsquo;utilisation du v\u00e9lo pour les d\u00e9placements quotidiens, le Bassin de Pompey met en place un programme de subvention pour les v\u00e9los urbains, les v\u00e9los \u00e0 assistance \u00e9lectrique, les v\u00e9los utilitaires et familiaux, ainsi que l&rsquo;\u00e9quipement encourageant une pratique r\u00e9guli\u00e8re du v\u00e9lo.<\/span><\/p>\n<p><strong>L&rsquo;aide peut aller jusqu\u2019\u00e0 300 \u20ac.<\/strong><\/p>\n<p><span style=\"font-weight: 400;\">Les personnes \u00e2g\u00e9es de plus de 18 ans r\u00e9sidant ou travaillant dans l&rsquo;une des 13 communes du Bassin de Pompey sont \u00e9ligibles \u00e0 cette aide. En revanche, les professionnels sont exclus de ce dispositif d&rsquo;aide.<\/span><\/p>\n<p><span style=\"font-weight: 400;\">Les documents \u00e0 fournir sont :\u00a0<\/span><\/p>\n<ul>\n<li style=\"font-weight: 400;\" aria-level=\"1\"><span style=\"font-weight: 400;\">Justificatif de domicile<\/span><\/li>\n<li style=\"font-weight: 400;\" aria-level=\"1\"><span style=\"font-weight: 400;\">Carte nationale d&rsquo;identit\u00e9<\/span><\/li>\n<li style=\"font-weight: 400;\" aria-level=\"1\"><span style=\"font-weight: 400;\">Relev\u00e9 d&rsquo;identit\u00e9 bancaire (RIB)<\/span><\/li>\n<li style=\"font-weight: 400;\" aria-level=\"1\"><span style=\"font-weight: 400;\">Autres documents : copie de la facture d&rsquo;achat, formulaire de demande, questionnaire sur la mobilit\u00e9, copie du certificat d&rsquo;homologation.<\/span><\/li>\n<\/ul>\n<p><span style=\"font-weight: 400;\">Le formulaire doit \u00eatre retourn\u00e9 par courrier \u00e9lectronique \u00e0 l&rsquo;adresse suivante : cpetit@bassinpompey.fr ou par voie postale \u00e0 l&rsquo;adresse : Communaut\u00e9 de Communes du Bassin de Pompey, Prime v\u00e9lo, Rue des Quatre \u00c9l\u00e9ments, 54340 POMPEY.<\/span><\/p>\n<h2><strong>Communaut\u00e9 de communes ouest Vosgien\u00a0<\/strong><\/h2>\n<p><span style=\"font-weight: 400;\">La communaut\u00e9 de communes a mis en place une subvention permettant \u00e0 ses r\u00e9sidents de s&rsquo;\u00e9quiper d&rsquo;un v\u00e9lo \u00e9lectrique. <strong>L\u2019aide financi\u00e8re peut aller jusqu\u2019\u00e0 900 \u20ac.<\/strong><\/span><\/p>\n<p><span style=\"font-weight: 400;\">Pour \u00eatre \u00e9ligible, vous devez :\u00a0<\/span><\/p>\n<ul>\n<li style=\"font-weight: 400;\" aria-level=\"1\"><span style=\"font-weight: 400;\">R\u00e9sider principalement sur le territoire de la CCOV.<\/span><\/li>\n<li style=\"font-weight: 400;\" aria-level=\"1\"><span style=\"font-weight: 400;\">\u00catre majeur.<\/span><\/li>\n<li style=\"font-weight: 400;\" aria-level=\"1\"><span style=\"font-weight: 400;\">Avoir un revenu fiscal de r\u00e9f\u00e9rence par part inf\u00e9rieur ou \u00e9gal \u00e0 13 489 \u20ac (selon l&rsquo;avis d&rsquo;imposition de l&rsquo;ann\u00e9e pr\u00e9c\u00e9dant l&rsquo;achat du VAE).<\/span><\/li>\n<\/ul>\n<p><strong>Comment avoir cette aide ?<\/strong><\/p>\n<ul>\n<li style=\"font-weight: 400;\" aria-level=\"1\"><span style=\"font-weight: 400;\">Vous devez solliciter l&rsquo;aide de la CCOV et attendre l&rsquo;accord de subvention avant d&rsquo;acqu\u00e9rir le VAE.<\/span><\/li>\n<li style=\"font-weight: 400;\" aria-level=\"1\"><span style=\"font-weight: 400;\">Demander, sur devis, ou dans les 3 mois suivant l&rsquo;achat du VAE, l&rsquo;aide de la R\u00e9gion Grand Est.\u00a0<\/span><\/li>\n<li style=\"font-weight: 400;\" aria-level=\"1\"><span style=\"font-weight: 400;\">Solliciter, dans les 6 mois suivant l&rsquo;achat du VAE, l&rsquo;aide de l&rsquo;\u00c9tat, connue sous le nom de \u00ab\u00a0bonus v\u00e9lo\u00a0\u00bb.<\/span><\/li>\n<\/ul>\n<p><strong>Comment d\u00e9poser une demande de subvention aupr\u00e8s de la CCOV ?<\/strong><\/p>\n<ul>\n<li style=\"font-weight: 400;\" aria-level=\"1\"><span style=\"font-weight: 400;\">Remplir un formulaire de demande de subvention.<\/span><\/li>\n<li style=\"font-weight: 400;\" aria-level=\"1\"><span style=\"font-weight: 400;\">Fournir une convention de subvention en deux exemplaires.<\/span><\/li>\n<li style=\"font-weight: 400;\" aria-level=\"1\"><span style=\"font-weight: 400;\">Pr\u00e9senter une attestation sur l&rsquo;honneur.<\/span><\/li>\n<\/ul>\n<p><span style=\"font-weight: 400;\">Le dossier complet de demande de subvention peut \u00eatre soit :<\/span><\/p>\n<ul>\n<li style=\"font-weight: 400;\" aria-level=\"1\"><span style=\"font-weight: 400;\">Envoy\u00e9 par courrier au si\u00e8ge de la CCOV.<\/span><\/li>\n<li style=\"font-weight: 400;\" aria-level=\"1\"><span style=\"font-weight: 400;\">D\u00e9pos\u00e9 au si\u00e8ge de la CCOV ou \u00e0 l&rsquo;antenne de Ch\u00e2tenois.<\/span><\/li>\n<\/ul>\n<p><span style=\"font-weight: 400;\">Attention : Le demandeur doit attendre l&rsquo;accord de subvention de la CCOV avant d&rsquo;acqu\u00e9rir le VAE.<\/span><\/p>\n<h2><strong>Communaut\u00e9 de communes Terre d\u2019eau\u00a0<\/strong><\/h2>\n<p><span style=\"font-weight: 400;\">Pour b\u00e9n\u00e9ficier de cette aide allant jusqu\u2019\u00e0 200 \u20ac, vous devez prendre contact directement aupr\u00e8s des mairies des communes partenaires ou directement au si\u00e8ge de la communaut\u00e9 de communes.<\/span><\/p>\n<p><span style=\"font-weight: 400;\"><strong>Le montant de la subvention peut atteindre 200 \u20ac<\/strong>, cette offre est contrainte au budget \u00e0 louer \u00e0 la communaut\u00e9 de communes chaque ann\u00e9e et est donc limit\u00e9 dans le temps.<\/span><\/p>\n<h2><strong>Communaut\u00e9 de commune du Pays Haut\u00a0<\/strong><\/h2>\n<p><span style=\"font-weight: 400;\">La CCPHVA encourage les modes de d\u00e9placement alternatifs \u00e0 la voiture en offrant un <\/span><span style=\"font-weight: 400;\">coup de pouce aux habitants de la communaut\u00e9 de communes. Cette aide est accessible \u00e0 tous les r\u00e9sidents de la communaut\u00e9 de communes.<\/span><\/p>\n<p><span style=\"font-weight: 400;\">Plusieurs documents sont \u00e0 fournir comme :\u00a0<\/span><\/p>\n<ul>\n<li><span style=\"font-weight: 400;\">Carte nationale d&rsquo;identit\u00e9.<\/span><\/li>\n<li><span style=\"font-weight: 400;\">Dernier avis d&rsquo;imposition.<\/span><\/li>\n<li><span style=\"font-weight: 400;\">Formulaire de demande d&rsquo;aide d\u00fbment compl\u00e9t\u00e9 et sign\u00e9, engageant le b\u00e9n\u00e9ficiaire.<\/span><\/li>\n<li><span style=\"font-weight: 400;\">Copie de la facture d&rsquo;achat du VAE (mentionnant marque et mod\u00e8le) au nom du b\u00e9n\u00e9ficiaire.<\/span><\/li>\n<li><span style=\"font-weight: 400;\">Copie du certificat d&rsquo;homologation du VAE (mentionnant marque et mod\u00e8le).<\/span><\/li>\n<li><span style=\"font-weight: 400;\">Copie d&rsquo;un justificatif de domicile datant de moins de 3 mois.<\/span><\/li>\n<li><span style=\"font-weight: 400;\">Copie d&rsquo;une pi\u00e8ce d&rsquo;identit\u00e9.<\/span><\/li>\n<li><span style=\"font-weight: 400;\">Relev\u00e9 d&rsquo;identit\u00e9 bancaire du compte \u00e0 cr\u00e9diter, au nom du b\u00e9n\u00e9ficiaire.<\/span><\/li>\n<li><span style=\"font-weight: 400;\">Attestation sur l&rsquo;honneur sign\u00e9e par le demandeur.<\/span><\/li>\n<li><span style=\"font-weight: 400;\">Bicycode + photo (code inscrit sur le cadre du v\u00e9lo, coupl\u00e9 \u00e0 une base de donn\u00e9es nationale d\u00e9clar\u00e9e \u00e0 la CNIL).<\/span><\/li>\n<\/ul>\n<p><span style=\"font-weight: 400;\">Le retrait et le d\u00e9p\u00f4t des dossiers de demande se font \u00e0 l&rsquo;adresse suivante : Communaut\u00e9 de Communes Pays Haut Val d\u2019Alzette, 390 rue du Laboratoire, 57390 AUDUN-LE-TICHE, ou par contact t\u00e9l\u00e9phonique au 07.50.55.58.09 \/ e-mail : eric.dasilva@ccphva.com.\u00a0<\/span><\/p>\n<p><strong>Le montant de l&rsquo;aide financi\u00e8re est fix\u00e9 \u00e0 15% du co\u00fbt d&rsquo;achat du v\u00e9lo neuf (en \u20ac TTC), plafonn\u00e9 \u00e0 150 \u20ac.<\/strong><\/p>\n<h2><strong>Communaut\u00e9 de communes de Cattenom et Environs<\/strong><\/h2>\n<p><span style=\"font-weight: 400;\">La Communaut\u00e9 de Communes de Cattenom et Environs offre une aide financi\u00e8re pour l&rsquo;acquisition d&rsquo;un v\u00e9lo \u00e0 assistance \u00e9lectrique \u00e0 partir du 1er juillet 2021, dans le cadre de sa politique environnementale. Cette aide est ouvert \u00e0 toutes les personnes majeures r\u00e9sidant sur le territoire communautaire, sans condition de ressources.<\/span><\/p>\n<p><span style=\"font-weight: 400;\">Documents \u00e0 fournir :<\/span><\/p>\n<ul>\n<li style=\"font-weight: 400;\" aria-level=\"1\"><span style=\"font-weight: 400;\">Carte nationale d&rsquo;identit\u00e9.<\/span><\/li>\n<li style=\"font-weight: 400;\" aria-level=\"1\"><span style=\"font-weight: 400;\">Dernier avis d&rsquo;imposition.<\/span><\/li>\n<\/ul>\n<ul>\n<li style=\"font-weight: 400;\" aria-level=\"1\"><span style=\"font-weight: 400;\">Copie du certificat d\u2019homologation du v\u00e9lo \u00e0 assistance \u00e9lectrique.<\/span><\/li>\n<li style=\"font-weight: 400;\" aria-level=\"1\"><span style=\"font-weight: 400;\">Copie de la facture d\u2019achat acquitt\u00e9e du v\u00e9lo \u00e9ligible \u00e0 l\u2019aide, comportant le nom et l\u2019adresse du demandeur.<\/span><\/li>\n<li style=\"font-weight: 400;\" aria-level=\"1\"><span style=\"font-weight: 400;\">Justificatif de domicile\u00a0<\/span><\/li>\n<li style=\"font-weight: 400;\" aria-level=\"1\"><span style=\"font-weight: 400;\">Attestation sur l\u2019honneur jointe au formulaire de demande, d\u00fbment compl\u00e9t\u00e9e et sign\u00e9e.<\/span><\/li>\n<li style=\"font-weight: 400;\" aria-level=\"1\"><span style=\"font-weight: 400;\">Relev\u00e9 d\u2019identit\u00e9 bancaire du demandeur.<\/span><\/li>\n<li style=\"font-weight: 400;\" aria-level=\"1\"><span style=\"font-weight: 400;\">R\u00e8glement d\u2019attribution de l\u2019aide dat\u00e9 et sign\u00e9, portant la mention \u00ab lu et approuv\u00e9 \u00bb. L\u2019aide ne peut \u00eatre octroy\u00e9e qu\u2019une seule fois pour l\u2019achat d\u2019un seul mat\u00e9riel \u00e9ligible et pour un m\u00eame b\u00e9n\u00e9ficiaire, qui ne peut \u00eatre une personne morale.<\/span><\/li>\n<\/ul>\n<p><span style=\"font-weight: 400;\">Pour formuler votre demande d\u2019aide \u00e0 l\u2019acquisition d\u2019un V\u00e9lo \u00e0 Assistance \u00c9lectrique, vous pouvez envoyer le dossier compl\u00e9t\u00e9 par mail \u00e0 accueil@cc-ce.com ou par voie postale \u00e0 la Maison Communautaire (2 Avenue du G\u00e9n\u00e9ral de Gaulle, 57570 CATTENOM).<\/span><\/p>\n<p><strong>L\u2019aide \u00e0 l\u2019acquisition d\u2019un v\u00e9lo \u00e0 assistance \u00e9lectrique est de 30% du co\u00fbt du v\u00e9lo, plafonn\u00e9 \u00e0 300 \u20ac.<\/strong><\/p>\n<h2><strong>Communaut\u00e9 de communes du Pays Orne Moselle\u00a0<\/strong><\/h2>\n<p><span style=\"font-weight: 400;\">La Communaut\u00e9 de Communes Pays Orne Moselle propose une aide financi\u00e8re pour l&rsquo;achat d&rsquo;un v\u00e9lo \u00e0 assistance \u00e9lectrique (VAE) aux habitants des 12 communes du territoire, sous certaines conditions et dans la limite d&rsquo;une aide par foyer. Voici les informations d\u00e9taill\u00e9es :<\/span><\/p>\n<p><strong>Pour \u00eatre \u00e9ligible, vous devez :<\/strong><\/p>\n<ul>\n<li style=\"font-weight: 400;\" aria-level=\"1\"><span style=\"font-weight: 400;\">R\u00e9sider dans l\u2019une des 12 communes du territoire.<\/span><\/li>\n<li style=\"font-weight: 400;\" aria-level=\"1\"><span style=\"font-weight: 400;\">Pr\u00e9senter un revenu fiscal de r\u00e9f\u00e9rence inf\u00e9rieur \u00e0 13 489 \u20ac.<\/span><\/li>\n<li style=\"font-weight: 400;\" aria-level=\"1\"><span style=\"font-weight: 400;\">Limite d&rsquo;une seule aide non renouvelable par foyer.<\/span><\/li>\n<\/ul>\n<p><strong>Documents \u00e0 fournir :<\/strong><\/p>\n<ul>\n<li style=\"font-weight: 400;\" aria-level=\"1\"><span style=\"font-weight: 400;\">Formulaire compl\u00e9t\u00e9 et sign\u00e9.<\/span><\/li>\n<li style=\"font-weight: 400;\" aria-level=\"1\"><span style=\"font-weight: 400;\">Copie d\u2019une pi\u00e8ce d\u2019identit\u00e9.<\/span><\/li>\n<li style=\"font-weight: 400;\" aria-level=\"1\"><span style=\"font-weight: 400;\">R\u00e8glement dat\u00e9, sign\u00e9, et avec la mention \u00ab lu et approuv\u00e9 \u00bb.<\/span><\/li>\n<li style=\"font-weight: 400;\" aria-level=\"1\"><span style=\"font-weight: 400;\">Copie de la facture acquitt\u00e9e (post\u00e9rieure au 1er mai 2022).<\/span><\/li>\n<li style=\"font-weight: 400;\" aria-level=\"1\"><span style=\"font-weight: 400;\">Copie d\u2019un justificatif de domicile de moins de 3 mois.<\/span><\/li>\n<li style=\"font-weight: 400;\" aria-level=\"1\"><span style=\"font-weight: 400;\">Relev\u00e9 d\u2019Identit\u00e9 Bancaire.<\/span><\/li>\n<li style=\"font-weight: 400;\" aria-level=\"1\"><span style=\"font-weight: 400;\">Attestation sur l\u2019honneur compl\u00e9t\u00e9e, dat\u00e9e et sign\u00e9e.<\/span><\/li>\n<li style=\"font-weight: 400;\" aria-level=\"1\"><span style=\"font-weight: 400;\">Questionnaire mobilit\u00e9 compl\u00e9t\u00e9.<\/span><\/li>\n<li style=\"font-weight: 400;\" aria-level=\"1\"><span style=\"font-weight: 400;\">Attestation de marquage du v\u00e9lo (Bicycode).<\/span><\/li>\n<li style=\"font-weight: 400;\" aria-level=\"1\"><span style=\"font-weight: 400;\">Pour un v\u00e9lo sans assistance \u00e9lectrique : copie du dernier avis d\u2019imposition.<\/span><\/li>\n<li style=\"font-weight: 400;\" aria-level=\"1\"><span style=\"font-weight: 400;\">Pour un VAE : Copie du certificat d\u2019homologation du VAE, la notice technique ou l\u2019attestation de respect de la norme NF EN 15194.<\/span><\/li>\n<li style=\"font-weight: 400;\" aria-level=\"1\"><span style=\"font-weight: 400;\">Pour un VAE : Copie du courrier d\u2019octroi d\u2019une aide par l\u2019\u00c9tat dans le cadre du dispositif \u00ab bonus \u00e9cologique \u00bb.<\/span><\/li>\n<\/ul>\n<p><span style=\"font-weight: 400;\">Le dossier complet est \u00e0 envoyer par mail \u00e0 ccpom@ccpom.fr ou par courrier au si\u00e8ge de la CCPOM \u2013 1, rue Alexandrine 57 120 ROMBAS.<\/span><\/p>\n<p><span style=\"font-weight: 400;\">Pour plus d\u2019informations, contactez le Service \u00ab Mobilit\u00e9 \u00bb de la CCPOM au 03 87 58 32 32 ou ccpom@ccpom.fr.<\/span><\/p>\n<p><strong>Le montant de l\u2019aide d\u00e9pend du co\u00fbt total du v\u00e9lo, du montant de l\u2019aide accord\u00e9e par la commune, et de la pr\u00e9sence ou non d\u2019une assistance \u00e9lectrique. Les montants sont les suivants :<\/strong><\/p>\n<ul>\n<li style=\"font-weight: 400;\" aria-level=\"1\"><strong>V\u00e9lo traditionnel, cargo ou pliant sans assistance \u00e9lectrique neuf ou d\u2019occasion : 20 % du montant plafonn\u00e9 \u00e0 200 \u20ac.<\/strong><\/li>\n<li style=\"font-weight: 400;\" aria-level=\"1\"><strong>V\u00e9lo traditionnel, pliant ou cargo avec assistance \u00e9lectrique neuf ou d\u2019occasion : 20 % du montant plafonn\u00e9 \u00e0 150 \u20ac.<\/strong><\/li>\n<\/ul>\n<p><span style=\"font-weight: 400;\">L\u2019aide est attribu\u00e9e dans la limite des cr\u00e9dits accord\u00e9s pour l\u2019ann\u00e9e en cours. Une seule aide sera octroy\u00e9e par foyer, quelle que soit la dur\u00e9e du dispositif. Les primes sont attribu\u00e9es par ordre d\u2019arriv\u00e9e des dossiers complets, dans la limite des cr\u00e9dits budg\u00e9taires. En cas d&rsquo;\u00e9puisement des cr\u00e9dits, les demandes non satisfaites seront examin\u00e9es de nouveau l&rsquo;ann\u00e9e suivante.<\/span><\/p>\n<div class='cta-block'><div class='text'>Simulez toutes vos Aides en 2 min.<\/div><a href='https:\/\/www.mes-allocs.fr\/ab-app?origin=guides\/wp-json\/wp\/v2\/posts\/74178' class='app-button fit'>Simulation gratuite<\/a><\/div>\n","protected":false},"excerpt":{"rendered":"<p>Les aides r\u00e9gionales \u00e0 l\u2019achat d\u2019un v\u00e9lo \u00e9lectrique sont multiples. Elles vous permettent d&rsquo;adopter, \u00e0 moindres co\u00fbts, un mode de transport plus \u00e9cologique. D\u00e9couvrez toutes les aides v\u00e9los \u00e9lectriques dans le Grand Est.\u00a0 Aide \u00e0 l\u2019achat d\u2019un v\u00e9lo \u00e9lectrique en r\u00e9gion Grand Est La R\u00e9gion Grand Est propose une aide financi\u00e8re de 200 \u20ac pour [&hellip;]<\/p>\n","protected":false},"author":27,"featured_media":74180,"comment_status":"closed","ping_status":"open","sticky":false,"template":"","format":"standard","meta":{"amp_status":"","footnotes":""},"categories":[43598,13817],"tags":[],"class_list":["post-74178","post","type-post","status-publish","format-standard","has-post-thumbnail","hentry","category-aide-velo-electrique","category-aide-velo-region"],"yoast_head":"<!-- This site is optimized with the Yoast SEO plugin v14.9 - https:\/\/yoast.com\/wordpress\/plugins\/seo\/ -->\n<title>Aide v\u00e9lo \u00e9lectrique Grand Est : conditions, montants, d\u00e9marches<\/title>\n<meta name=\"description\" content=\"Vous habitez dans la r\u00e9gion Grand Est et avez pour projet d\u2019acqu\u00e9rir un v\u00e9lo \u00e9lectrique ? D\u00e9couvrez les aides disponibles.\" \/>\n<meta name=\"robots\" content=\"index, follow, max-snippet:-1, max-image-preview:large, max-video-preview:-1\" \/>\n<link rel=\"canonical\" href=\"https:\/\/www.mes-allocs.fr\/guides\/aide-velo-electrique\/aide-velo-region\/aide-velo-electrique-grand-est\/\" \/>\n<meta property=\"og:locale\" content=\"fr_FR\" \/>\n<meta property=\"og:type\" content=\"article\" \/>\n<meta property=\"og:title\" content=\"Aide v\u00e9lo \u00e9lectrique Grand Est : conditions, montants, d\u00e9marches\" \/>\n<meta property=\"og:description\" content=\"Vous habitez dans la r\u00e9gion Grand Est et avez pour projet d\u2019acqu\u00e9rir un v\u00e9lo \u00e9lectrique ? D\u00e9couvrez les aides disponibles.\" \/>\n<meta property=\"og:url\" content=\"https:\/\/www.mes-allocs.fr\/guides\/aide-velo-electrique\/aide-velo-region\/aide-velo-electrique-grand-est\/\" \/>\n<meta property=\"og:site_name\" content=\"Mes-Allocs.fr\" \/>\n<meta property=\"article:published_time\" content=\"2024-02-01T10:03:34+00:00\" \/>\n<meta property=\"article:modified_time\" content=\"2025-02-26T10:30:22+00:00\" \/>\n<meta property=\"og:image\" content=\"https:\/\/www.mes-allocs.fr\/guides\/wp-content\/uploads\/2024\/02\/modern-802751_1280-1.jpg?wsr\" \/>\n\t<meta property=\"og:image:width\" content=\"1280\" \/>\n\t<meta property=\"og:image:height\" content=\"853\" \/>\n<meta name=\"twitter:card\" content=\"summary_large_image\" \/>\n<script type=\"application\/ld+json\" class=\"yoast-schema-graph\">{\"@context\":\"https:\/\/schema.org\",\"@graph\":[{\"@type\":\"WebSite\",\"@id\":\"https:\/\/www.mes-allocs.fr\/guides\/#website\",\"url\":\"https:\/\/www.mes-allocs.fr\/guides\/\",\"name\":\"Mes-Allocs.fr\",\"description\":\"\",\"potentialAction\":[{\"@type\":\"SearchAction\",\"target\":\"https:\/\/www.mes-allocs.fr\/guides\/?s={search_term_string}\",\"query-input\":\"required name=search_term_string\"}],\"inLanguage\":\"fr-FR\"},{\"@type\":\"ImageObject\",\"@id\":\"https:\/\/www.mes-allocs.fr\/guides\/aide-velo-electrique\/aide-velo-region\/aide-velo-electrique-grand-est\/#primaryimage\",\"inLanguage\":\"fr-FR\",\"url\":\"https:\/\/www.mes-allocs.fr\/guides\/wp-content\/uploads\/2024\/02\/modern-802751_1280-1.jpg?wsr\",\"width\":1280,\"height\":853,\"caption\":\"Aide v\\u00e9lo \\u00e9lectrique Grand Est\"},{\"@type\":\"WebPage\",\"@id\":\"https:\/\/www.mes-allocs.fr\/guides\/aide-velo-electrique\/aide-velo-region\/aide-velo-electrique-grand-est\/#webpage\",\"url\":\"https:\/\/www.mes-allocs.fr\/guides\/aide-velo-electrique\/aide-velo-region\/aide-velo-electrique-grand-est\/\",\"name\":\"Aide v\\u00e9lo \\u00e9lectrique Grand Est : conditions, montants, d\\u00e9marches\",\"isPartOf\":{\"@id\":\"https:\/\/www.mes-allocs.fr\/guides\/#website\"},\"primaryImageOfPage\":{\"@id\":\"https:\/\/www.mes-allocs.fr\/guides\/aide-velo-electrique\/aide-velo-region\/aide-velo-electrique-grand-est\/#primaryimage\"},\"datePublished\":\"2024-02-01T10:03:34+00:00\",\"dateModified\":\"2025-02-26T10:30:22+00:00\",\"author\":{\"@id\":\"https:\/\/www.mes-allocs.fr\/guides\/#\/schema\/person\/7a9b61e7b715d477066a9f941c0440c7\"},\"description\":\"Vous habitez dans la r\\u00e9gion Grand Est et avez pour projet d\\u2019acqu\\u00e9rir un v\\u00e9lo \\u00e9lectrique ? D\\u00e9couvrez les aides disponibles.\",\"inLanguage\":\"fr-FR\"},{\"@type\":\"Person\",\"@id\":\"https:\/\/www.mes-allocs.fr\/guides\/#\/schema\/person\/7a9b61e7b715d477066a9f941c0440c7\",\"name\":\"L\\u00e9o Martin\",\"image\":{\"@type\":\"ImageObject\",\"@id\":\"https:\/\/www.mes-allocs.fr\/guides\/#personlogo\",\"inLanguage\":\"fr-FR\",\"url\":\"https:\/\/www.mes-allocs.fr\/guides\/wp-content\/uploads\/2023\/12\/1635317753781-e1701432075572-150x150.jpg\",\"caption\":\"L\\u00e9o Martin\"},\"description\":\"L\\u00e9o est r\\u00e9dacteur au sein de l'\\u00e9quipe Mes Allocs, sp\\u00e9cialis\\u00e9 sur les th\\u00e9matiques pouvoir d'achat et aides. Il rejoint Mes Allocs apr\\u00e8s une premi\\u00e8re exp\\u00e9rience en tant que journaliste chez La Gazette Cagnoise et Nice Presse.\",\"sameAs\":[\"https:\/\/www.linkedin.com\/in\/lo-martin-3429bb224\"]}]}<\/script>\n<!-- \/ Yoast SEO plugin. -->","amp_validity":null,"acf":{"faq":{"1":{"question":"La r\u00e9gion Grand Est propose-t-elle une aide ?","answer":"La R\u00e9gion Grand Est propose une aide financi\u00e8re de 200 \u20ac pour l'achat ou la transformation de votre v\u00e9lo en v\u00e9lo \u00e0 assistance \u00e9lectrique.\r\n"},"2":{"question":"Les aides de la r\u00e9gion Grand Ets sont-elles cumulables avec l'aide de l'\u00c9tat ?","answer":"La plupart de ces aides sont cumulables avec l'aide de l'\u00c9tat. Il est pr\u00e9f\u00e9rable de vous tourner vers votre collectivit\u00e9 afin d'en avoir la confirmation.\r\n"},"3":{"question":"Quel est le montant de l'aide fourni par l'Eurom\u00e9tropole de Strasbourg ?","answer":"L'Eurom\u00e9tropole de Strasbourg fournit une aide de 500 \u20ac. "},"4":{"question":"Quel est le montant de l'aide fourni par Ardenne M\u00e9tropole ?","answer":"Pour tout achat d'un v\u00e9lo \u00e0 assistance \u00e9lectrique ou non, neuf ou d'occasion chez l'un des v\u00e9locistes partenaires, une aide de 33% plafonn\u00e9e \u00e0 200 \u20ac est accord\u00e9e. Pour un v\u00e9lo \u00ab con\u00e7u et assembl\u00e9 en France \u00bb, l'aide est major\u00e9e \u00e0 40% et le plafond relev\u00e9 \u00e0 300 \u20ac.\r\n"},"5":{"question":"Quel est le montant de l'aide fourni par la Communaut\u00e9 urbaine Grand Reims ?","answer":"La Communaut\u00e9 Urbaine Grand Reims propose une aide financi\u00e8re destin\u00e9e \u00e0 faciliter l'acquisition d'un v\u00e9lo \u00e0 assistance \u00e9lectrique par ses r\u00e9sidents. L\u2019aide financi\u00e8re peut aller jusqu\u2019\u00e0 500 \u20ac.\r\n"},"6":{"question":"Quel est le montant de l'aide fourni par l'Agglom\u00e9ration d'Epinal ?","answer":"Pour l'achat d'un VAE : prime \u00e9quivalente \u00e0 20% du co\u00fbt d'achat, plafonn\u00e9e \u00e0 200\u20ac. Pour l'achat d'un VAE cargo : prime \u00e9quivalente \u00e0 20% du co\u00fbt d'achat, plafonn\u00e9e \u00e0 300 \u20ac. Pour l'achat et l'installation d'un kit d'\u00e9lectrification : prime \u00e9quivalente \u00e0 20% du co\u00fbt d'achat, plafonn\u00e9e \u00e0 200 \u20ac. Pour l'achat d'un v\u00e9lo sans assistance \u00e9lectrique : prime \u00e9quivalente \u00e0 20% du co\u00fbt d'achat, plafonn\u00e9e \u00e0 100\u20ac. \r\n"},"7":{"question":"","answer":""},"8":{"question":"","answer":""},"9":{"question":"","answer":""},"10":{"question":"","answer":""},"11":{"question":"","answer":""},"12":{"question":"","answer":""},"13":{"question":"","answer":""},"14":{"question":"","answer":""},"15":{"question":"","answer":""},"16":{"question":"","answer":""}}},"_links":{"self":[{"href":"https:\/\/www.mes-allocs.fr\/guides\/wp-json\/wp\/v2\/posts\/74178","targetHints":{"allow":["GET"]}}],"collection":[{"href":"https:\/\/www.mes-allocs.fr\/guides\/wp-json\/wp\/v2\/posts"}],"about":[{"href":"https:\/\/www.mes-allocs.fr\/guides\/wp-json\/wp\/v2\/types\/post"}],"author":[{"embeddable":true,"href":"https:\/\/www.mes-allocs.fr\/guides\/wp-json\/wp\/v2\/users\/27"}],"replies":[{"embeddable":true,"href":"https:\/\/www.mes-allocs.fr\/guides\/wp-json\/wp\/v2\/comments?post=74178"}],"version-history":[{"count":5,"href":"https:\/\/www.mes-allocs.fr\/guides\/wp-json\/wp\/v2\/posts\/74178\/revisions"}],"predecessor-version":[{"id":93871,"href":"https:\/\/www.mes-allocs.fr\/guides\/wp-json\/wp\/v2\/posts\/74178\/revisions\/93871"}],"wp:featuredmedia":[{"embeddable":true,"href":"https:\/\/www.mes-allocs.fr\/guides\/wp-json\/wp\/v2\/media\/74180"}],"wp:attachment":[{"href":"https:\/\/www.mes-allocs.fr\/guides\/wp-json\/wp\/v2\/media?parent=74178"}],"wp:term":[{"taxonomy":"category","embeddable":true,"href":"https:\/\/www.mes-allocs.fr\/guides\/wp-json\/wp\/v2\/categories?post=74178"},{"taxonomy":"post_tag","embeddable":true,"href":"https:\/\/www.mes-allocs.fr\/guides\/wp-json\/wp\/v2\/tags?post=74178"}],"curies":[{"name":"wp","href":"https:\/\/api.w.org\/{rel}","templated":true}]}}