{"id":74168,"date":"2024-02-01T11:25:39","date_gmt":"2024-02-01T09:25:39","guid":{"rendered":"https:\/\/www.mes-allocs.fr\/guides\/?p=74168"},"modified":"2025-03-21T18:40:15","modified_gmt":"2025-03-21T16:40:15","slug":"prendre-un-conge-sabbatique-pour-travailler-ailleurs","status":"publish","type":"post","link":"https:\/\/www.mes-allocs.fr\/guides\/conge-sabbatique\/conge-sabbatique-travail\/prendre-un-conge-sabbatique-pour-travailler-ailleurs\/","title":{"rendered":"Est-il possible de prendre un cong\u00e9 sabbatique pour travailler ailleurs ?"},"content":{"rendered":"<p><img loading=\"lazy\" decoding=\"async\" class=\"alignnone wp-image-74175 size-full\" title=\"prendre un conge sabbatique pour travailler ailleurs\" src=\"https:\/\/www.mes-allocs.fr\/guides\/wp-content\/uploads\/2024\/02\/prendre-un-conge-sabbatique-pour-travailler-ailleurs-e1706779706939.jpg\" alt=\"prendre un conge sabbatique pour travailler ailleurs\" width=\"1280\" height=\"256\" srcset=\"https:\/\/www.mes-allocs.fr\/guides\/wp-content\/uploads\/2024\/02\/prendre-un-conge-sabbatique-pour-travailler-ailleurs-e1706779706939.jpg 1280w, https:\/\/www.mes-allocs.fr\/guides\/wp-content\/uploads\/2024\/02\/prendre-un-conge-sabbatique-pour-travailler-ailleurs-e1706779706939-300x60.jpg 300w, https:\/\/www.mes-allocs.fr\/guides\/wp-content\/uploads\/2024\/02\/prendre-un-conge-sabbatique-pour-travailler-ailleurs-e1706779706939-1024x205.jpg 1024w, https:\/\/www.mes-allocs.fr\/guides\/wp-content\/uploads\/2024\/02\/prendre-un-conge-sabbatique-pour-travailler-ailleurs-e1706779706939-768x154.jpg 768w, https:\/\/www.mes-allocs.fr\/guides\/wp-content\/uploads\/2024\/02\/prendre-un-conge-sabbatique-pour-travailler-ailleurs-e1706779706939-600x120.jpg 600w\" sizes=\"auto, (max-width: 1280px) 100vw, 1280px\" \/><\/p>\n<p><strong>Prendre un <a href=\"https:\/\/www.mes-allocs.fr\/guides\/conge-sabbatique\/\">cong\u00e9 sabbatique<\/a> pour travailler ailleurs peut \u00eatre une option attrayante pour ceux qui souhaitent explorer de nouvelles opportunit\u00e9s professionnelles ou personnelles. Cette d\u00e9marche n\u00e9cessite une planification minutieuse et une compr\u00e9hension des implications l\u00e9gales et organisationnelles. Mes Allocs vous explique tout.<\/strong><\/p>\n<div class='cta-block'><div class='text'>Simulez votre toutes vos aides en 2 min.<\/div><a href='https:\/\/www.mes-allocs.fr\/ab-app?origin=guides\/wp-json\/wp\/v2\/posts\/74168' class='app-button fit'>Simulation gratuite<\/a><\/div>\n<h1>Quelles sont les conditions et exigences pour prendre un cong\u00e9 sabbatique pour travailler ailleurs ?<\/h1>\n<h2>Quelles sont les conditions g\u00e9n\u00e9rales pour obtenir un cong\u00e9 sabbatique ?<\/h2>\n<ol>\n<li><strong>Anciennet\u00e9 requise :<\/strong> de nombreuses entreprises exigent que les employ\u00e9s aient accumul\u00e9 un certain nombre d&rsquo;ann\u00e9es de service pour \u00eatre \u00e9ligibles \u00e0 un cong\u00e9 sabbatique. Ce seuil peut varier selon les politiques internes de chaque entreprise.<\/li>\n<li><strong>Processus de demande :<\/strong> les employ\u00e9s doivent g\u00e9n\u00e9ralement soumettre une demande formelle de cong\u00e9 sabbatique \u00e0 leur employeur. Cette demande doit souvent \u00eatre faite plusieurs mois \u00e0 l&rsquo;avance pour permettre \u00e0 l&#8217;employeur de planifier en cons\u00e9quence.<\/li>\n<li><strong>Justification du cong\u00e9 :<\/strong> les employ\u00e9s doivent fournir une justification valable pour leur cong\u00e9 sabbatique, d\u00e9montrant comment il contribuera \u00e0 leur d\u00e9veloppement personnel ou professionnel, ainsi qu&rsquo;\u00e0 celui de l&rsquo;entreprise.<\/li>\n<li><strong>Accord de l&#8217;employeur :<\/strong> enfin, l&rsquo;obtention d&rsquo;un cong\u00e9 sabbatique est soumise \u00e0 l&rsquo;approbation de l&#8217;employeur. Celui-ci \u00e9valuera les besoins op\u00e9rationnels de l&rsquo;entreprise et l&rsquo;impact potentiel du cong\u00e9 sur le fonctionnement quotidien.<\/li>\n<\/ol>\n<p>Voici un exemple de tableau pr\u00e9sentant les conditions requises pour obtenir un cong\u00e9 sabbatique :<\/p>\n\n<div class=\"wpdt-c row wpDataTableContainerSimpleTable wpDataTables wpDataTablesWrapper\n\"\n    >\n    <table id=\"wpdtSimpleTable-523\"\n           class=\"wpdtSimpleTable wpDataTable\"\n           data-column=\"2\"\n           data-rows=\"4\"\n           data-wpID=\"523\"\n           data-responsive=\"0\"\n           data-has-header=\"1\">\n\n                    <thead>        <tr class=\"wpdt-cell-row \" >\n                            <th class=\"wpdt-cell wpdt-bc-F3F9FE wpdt-bold\"\n                                    data-cell-id=\"A1\"\n                data-col-index=\"0\"\n                data-row-index=\"0\"\n                style=\" width:46.529080675422%;                padding:10px;\"\n                >\n                                Conditions requises pour le cong\u00e9 sabbatique                <\/th>\n                                            <th class=\"wpdt-cell wpdt-bc-F3F9FE wpdt-bold\"\n                                    data-cell-id=\"B1\"\n                data-col-index=\"1\"\n                data-row-index=\"0\"\n                style=\" width:53.470919324578%;                padding:10px;\"\n                >\n                                Description                <\/th>\n                                        <\/tr>\n                    <tbody>        <tr class=\"wpdt-cell-row \" >\n                            <td class=\"wpdt-cell \"\n                                    data-cell-id=\"A2\"\n                data-col-index=\"0\"\n                data-row-index=\"1\"\n                style=\"                padding:10px;\"\n                >\n                                Anciennet\u00e9 dans l'entreprise                <\/td>\n                                            <td class=\"wpdt-cell \"\n                                    data-cell-id=\"B2\"\n                data-col-index=\"1\"\n                data-row-index=\"1\"\n                style=\"                padding:10px;\"\n                >\n                                Une certaine p\u00e9riode d'anciennet\u00e9 peut \u00eatre exig\u00e9e avant de pouvoir b\u00e9n\u00e9ficier d'un cong\u00e9 sabbatique.                <\/td>\n                                        <\/tr>\n                            <tr class=\"wpdt-cell-row \" >\n                            <td class=\"wpdt-cell \"\n                                    data-cell-id=\"A3\"\n                data-col-index=\"0\"\n                data-row-index=\"2\"\n                style=\"                padding:10px;\"\n                >\n                                Accord de l'employeur                <\/td>\n                                            <td class=\"wpdt-cell \"\n                                    data-cell-id=\"B3\"\n                data-col-index=\"1\"\n                data-row-index=\"2\"\n                style=\"                padding:10px;\"\n                >\n                                L'approbation de l'employeur est g\u00e9n\u00e9ralement n\u00e9cessaire pour obtenir un cong\u00e9 sabbatique.                <\/td>\n                                        <\/tr>\n                            <tr class=\"wpdt-cell-row \" >\n                            <td class=\"wpdt-cell \"\n                                    data-cell-id=\"A4\"\n                data-col-index=\"0\"\n                data-row-index=\"3\"\n                style=\"                padding:10px;\"\n                >\n                                Motivation l\u00e9gitime                <\/td>\n                                            <td class=\"wpdt-cell \"\n                                    data-cell-id=\"B4\"\n                data-col-index=\"1\"\n                data-row-index=\"3\"\n                style=\"                padding:10px;\"\n                >\n                                Vous devez justifier votre demande de cong\u00e9 sabbatique par des raisons l\u00e9gitimes telles que des projets personnels, des voyages ou des \u00e9tudes.                <\/td>\n                                        <\/tr>\n                    <\/table>\n<\/div><style id='wpdt-custom-style-523'>\ntable#wpdtSimpleTable-523{ table-layout: fixed !important; }\n.wpdt-bc-F3F9FE { background-color: #F3F9FE !important;}\n<\/style>\n\n<h2>Est-il n\u00e9cessaire d&rsquo;avoir une offre d&#8217;emploi ailleurs avant de demander un cong\u00e9 sabbatique ?<\/h2>\n<p><strong>Non obligatoire :<\/strong> il n&rsquo;est g\u00e9n\u00e9ralement pas n\u00e9cessaire d&rsquo;avoir une offre d&#8217;emploi sp\u00e9cifique ailleurs avant de demander un cong\u00e9 sabbatique. Cependant, cela peut renforcer la justification de la demande aupr\u00e8s de l&#8217;employeur.<\/p>\n<p><strong>Justification de la demande :<\/strong> les employ\u00e9s doivent expliquer clairement dans leur demande de cong\u00e9 sabbatique comment ils envisagent d&rsquo;utiliser ce temps et comment cela contribuera \u00e0 leur d\u00e9veloppement professionnel ou personnel, m\u00eame s&rsquo;ils n&rsquo;ont pas encore d&rsquo;offre d&#8217;emploi concr\u00e8te.<\/p>\n<p><strong>Exploration de nouvelles opportunit\u00e9s :<\/strong> certains employ\u00e9s peuvent envisager un cong\u00e9 sabbatique pour explorer de nouvelles opportunit\u00e9s professionnelles, mais ils devront d\u00e9montrer leur s\u00e9rieux et leur pr\u00e9paration dans leur demande<\/p>\n<div class='cta-block'><div class='text'>Simulez votre toutes vos aides en 2 min.<\/div><a href='https:\/\/www.mes-allocs.fr\/ab-app?origin=guides\/wp-json\/wp\/v2\/posts\/74168' class='app-button fit'>Simulation gratuite<\/a><\/div>\n<h1>Le processus de demande et d&rsquo;approbation<\/h1>\n<h2>Quelle est la proc\u00e9dure \u00e0 suivre pour demander un cong\u00e9 sabbatique pour travailler ailleurs ?<\/h2>\n<ol>\n<li><strong>P\u00e9paration de la demande :<\/strong> l&#8217;employ\u00e9 doit pr\u00e9parer une demande formelle de cong\u00e9 sabbatique, indiquant la dur\u00e9e pr\u00e9vue du cong\u00e9 et les raisons pour lesquelles il souhaite travailler ailleurs pendant cette p\u00e9riode.<\/li>\n<li><strong>Soumission de la demande :<\/strong> la demande doit \u00eatre soumise \u00e0 la direction ou au service des ressources humaines de l&rsquo;entreprise conform\u00e9ment aux proc\u00e9dures internes \u00e9tablies. Elle peut \u00eatre accompagn\u00e9e de documents suppl\u00e9mentaires, tels qu&rsquo;une lettre de motivation ou un plan d&rsquo;action.<\/li>\n<li><strong>Attente de l&rsquo;approbation :<\/strong> une fois la demande soumise, l&#8217;employ\u00e9 doit attendre que l&#8217;employeur examine et prenne une d\u00e9cision. Ce processus peut prendre un certain temps, selon les politiques de l&rsquo;entreprise et les d\u00e9lais de traitement des demandes.<\/li>\n<\/ol>\n<p>Voici un exemple de tableau pr\u00e9sentant les conditions requises pour obtenir un cong\u00e9 sabbatique :<\/p>\n\n<div class=\"wpdt-c row wpDataTableContainerSimpleTable wpDataTables wpDataTablesWrapper\n\"\n    >\n    <table id=\"wpdtSimpleTable-523\"\n           class=\"wpdtSimpleTable wpDataTable\"\n           data-column=\"2\"\n           data-rows=\"4\"\n           data-wpID=\"523\"\n           data-responsive=\"0\"\n           data-has-header=\"1\">\n\n                    <thead>        <tr class=\"wpdt-cell-row \" >\n                            <th class=\"wpdt-cell wpdt-bc-F3F9FE wpdt-bold\"\n                                    data-cell-id=\"A1\"\n                data-col-index=\"0\"\n                data-row-index=\"0\"\n                style=\" width:46.529080675422%;                padding:10px;\"\n                >\n                                Conditions requises pour le cong\u00e9 sabbatique                <\/th>\n                                            <th class=\"wpdt-cell wpdt-bc-F3F9FE wpdt-bold\"\n                                    data-cell-id=\"B1\"\n                data-col-index=\"1\"\n                data-row-index=\"0\"\n                style=\" width:53.470919324578%;                padding:10px;\"\n                >\n                                Description                <\/th>\n                                        <\/tr>\n                    <tbody>        <tr class=\"wpdt-cell-row \" >\n                            <td class=\"wpdt-cell \"\n                                    data-cell-id=\"A2\"\n                data-col-index=\"0\"\n                data-row-index=\"1\"\n                style=\"                padding:10px;\"\n                >\n                                Anciennet\u00e9 dans l'entreprise                <\/td>\n                                            <td class=\"wpdt-cell \"\n                                    data-cell-id=\"B2\"\n                data-col-index=\"1\"\n                data-row-index=\"1\"\n                style=\"                padding:10px;\"\n                >\n                                Une certaine p\u00e9riode d'anciennet\u00e9 peut \u00eatre exig\u00e9e avant de pouvoir b\u00e9n\u00e9ficier d'un cong\u00e9 sabbatique.                <\/td>\n                                        <\/tr>\n                            <tr class=\"wpdt-cell-row \" >\n                            <td class=\"wpdt-cell \"\n                                    data-cell-id=\"A3\"\n                data-col-index=\"0\"\n                data-row-index=\"2\"\n                style=\"                padding:10px;\"\n                >\n                                Accord de l'employeur                <\/td>\n                                            <td class=\"wpdt-cell \"\n                                    data-cell-id=\"B3\"\n                data-col-index=\"1\"\n                data-row-index=\"2\"\n                style=\"                padding:10px;\"\n                >\n                                L'approbation de l'employeur est g\u00e9n\u00e9ralement n\u00e9cessaire pour obtenir un cong\u00e9 sabbatique.                <\/td>\n                                        <\/tr>\n                            <tr class=\"wpdt-cell-row \" >\n                            <td class=\"wpdt-cell \"\n                                    data-cell-id=\"A4\"\n                data-col-index=\"0\"\n                data-row-index=\"3\"\n                style=\"                padding:10px;\"\n                >\n                                Motivation l\u00e9gitime                <\/td>\n                                            <td class=\"wpdt-cell \"\n                                    data-cell-id=\"B4\"\n                data-col-index=\"1\"\n                data-row-index=\"3\"\n                style=\"                padding:10px;\"\n                >\n                                Vous devez justifier votre demande de cong\u00e9 sabbatique par des raisons l\u00e9gitimes telles que des projets personnels, des voyages ou des \u00e9tudes.                <\/td>\n                                        <\/tr>\n                    <\/table>\n<\/div><style id='wpdt-custom-style-523'>\ntable#wpdtSimpleTable-523{ table-layout: fixed !important; }\n.wpdt-bc-F3F9FE { background-color: #F3F9FE !important;}\n<\/style>\n\n<h2>Comment l&#8217;employeur \u00e9value-t-il et approuve-t-il une demande de cong\u00e9 sabbatique pour travailler ailleurs ?<\/h2>\n<ol>\n<li><strong>Analyse de la demande :<\/strong> l&#8217;employeur examinera la demande pour \u00e9valuer sa l\u00e9gitimit\u00e9 et sa conformit\u00e9 aux politiques de l&rsquo;entreprise. Il examinera \u00e9galement l&rsquo;impact potentiel du cong\u00e9 sur les op\u00e9rations de l&rsquo;entreprise.<\/li>\n<li><strong>\u00c9valuation des besoins op\u00e9rationnels :<\/strong> l&#8217;employeur tiendra compte des besoins op\u00e9rationnels de l&rsquo;entreprise et \u00e9valuera si le d\u00e9part temporaire de l&#8217;employ\u00e9 aura un impact sur la capacit\u00e9 de l&rsquo;entreprise \u00e0 fonctionner efficacement.<\/li>\n<li><strong>Prise de d\u00e9cision :<\/strong> sur la base de ces facteurs, l&#8217;employeur prendra une d\u00e9cision concernant la demande de cong\u00e9 sabbatique. Cette d\u00e9cision sera communiqu\u00e9e \u00e0 l&#8217;employ\u00e9, avec des explications claires si la demande est approuv\u00e9e ou refus\u00e9e.<\/li>\n<\/ol>\n<p><iframe loading=\"lazy\" title=\"Le cong\u00e9 sabbatique\" width=\"500\" height=\"281\" src=\"https:\/\/www.youtube.com\/embed\/LVb9xmVd30o?feature=oembed\" frameborder=\"0\" allow=\"accelerometer; autoplay; clipboard-write; encrypted-media; gyroscope; picture-in-picture; web-share\" referrerpolicy=\"strict-origin-when-cross-origin\" allowfullscreen><\/iframe><\/p>\n<h1>Quelles sont les cons\u00e9quences sur l&#8217;emploi actuel et la r\u00e9int\u00e9gration ?<\/h1>\n<h2><strong>Quels sont les droits et obligations de l&#8217;employ\u00e9 pendant son cong\u00e9 sabbatique ?<\/strong><\/h2>\n<ol>\n<li><strong>Droits pendant le cong\u00e9 :<\/strong> pendant le cong\u00e9 sabbatique, l&#8217;employ\u00e9 conserve g\u00e9n\u00e9ralement certains droits, tels que le maintien de son contrat de travail et de ses avantages sociaux, sous r\u00e9serve des dispositions l\u00e9gales et des politiques internes de l&rsquo;entreprise.<\/li>\n<li><strong>Obligations de l&#8217;employ\u00e9 :<\/strong> l&#8217;employ\u00e9 peut \u00eatre tenu de respecter certaines obligations pendant son cong\u00e9, telles que communiquer r\u00e9guli\u00e8rement avec l&#8217;employeur, respecter les r\u00e8gles de confidentialit\u00e9 et informer l&rsquo;entreprise de tout changement significatif dans sa situation.<\/li>\n<\/ol>\n<h2><strong>Comment se d\u00e9roule la r\u00e9int\u00e9gration dans l&rsquo;entreprise apr\u00e8s un cong\u00e9 sabbatique pour travailler ailleurs ?<\/strong><\/h2>\n<ol>\n<li><strong>Communication pr\u00e9alable :<\/strong> avant la fin du cong\u00e9 sabbatique, l&#8217;employ\u00e9 doit informer l&#8217;employeur de son intention de r\u00e9int\u00e9grer l&rsquo;entreprise. Cette communication permet \u00e0 l&#8217;employeur de planifier ad\u00e9quatement la r\u00e9int\u00e9gration.<\/li>\n<li><strong>R\u00e9union de r\u00e9int\u00e9gration : <\/strong>\u00e0\u00a0son retour, l&#8217;employ\u00e9 peut \u00eatre invit\u00e9 \u00e0 participer \u00e0 une r\u00e9union de r\u00e9int\u00e9gration avec les responsables des ressources humaines et\/ou ses superviseurs directs. Cette r\u00e9union peut inclure la discussion des attentes mutuelles, des changements survenus pendant l&rsquo;absence et des plans de retour au travail.<\/li>\n<li><strong>Ajustement progressif :<\/strong> pour faciliter la transition, l&#8217;employ\u00e9 peut b\u00e9n\u00e9ficier d&rsquo;un ajustement progressif \u00e0 son retour, tel qu&rsquo;une p\u00e9riode de r\u00e9adaptation ou une charge de travail r\u00e9duite initialement.<\/li>\n<li><strong>Suivi et soutien :<\/strong> l&#8217;employeur peut offrir un suivi et un soutien suppl\u00e9mentaires \u00e0 l&#8217;employ\u00e9 pour l&rsquo;aider \u00e0 r\u00e9int\u00e9grer efficacement son r\u00f4le et \u00e0 s&rsquo;adapter \u00e0 tout changement survenu pendant son absence.<\/li>\n<\/ol>\n<div class='cta-block'><div class='text'>Simulez votre toutes vos aides en 2 min.<\/div><a href='https:\/\/www.mes-allocs.fr\/ab-app?origin=guides\/wp-json\/wp\/v2\/posts\/74168' class='app-button fit'>Simulation gratuite<\/a><\/div>\n","protected":false},"excerpt":{"rendered":"<p>Prendre un cong\u00e9 sabbatique pour travailler ailleurs peut \u00eatre une option attrayante pour ceux qui souhaitent explorer de nouvelles opportunit\u00e9s professionnelles ou personnelles. Cette d\u00e9marche n\u00e9cessite une planification minutieuse et une compr\u00e9hension des implications l\u00e9gales et organisationnelles. Mes Allocs vous explique tout. Quelles sont les conditions et exigences pour prendre un cong\u00e9 sabbatique pour travailler [&hellip;]<\/p>\n","protected":false},"author":26,"featured_media":74174,"comment_status":"closed","ping_status":"open","sticky":false,"template":"","format":"standard","meta":{"amp_status":"","footnotes":""},"categories":[15121,31126],"tags":[],"class_list":["post-74168","post","type-post","status-publish","format-standard","has-post-thumbnail","hentry","category-conge-sabbatique","category-conge-sabbatique-travail"],"yoast_head":"<!-- This site is optimized with the Yoast SEO plugin v14.9 - https:\/\/yoast.com\/wordpress\/plugins\/seo\/ -->\n<title>Prendre un cong\u00e9 sabbatique pour travailler ailleurs : est-ce possible ?<\/title>\n<meta name=\"description\" content=\"Prendre un cong\u00e9 sabbatique pour travailler ailleurs est une option attrayante pour ceux qui souhaitent explorer de nouvelles opportunit\u00e9s.\" \/>\n<meta name=\"robots\" content=\"index, follow, max-snippet:-1, max-image-preview:large, max-video-preview:-1\" \/>\n<link rel=\"canonical\" href=\"https:\/\/www.mes-allocs.fr\/guides\/conge-sabbatique\/conge-sabbatique-travail\/prendre-un-conge-sabbatique-pour-travailler-ailleurs\/\" \/>\n<meta property=\"og:locale\" content=\"fr_FR\" \/>\n<meta property=\"og:type\" content=\"article\" \/>\n<meta property=\"og:title\" content=\"Prendre un cong\u00e9 sabbatique pour travailler ailleurs : est-ce possible ?\" \/>\n<meta property=\"og:description\" content=\"Prendre un cong\u00e9 sabbatique pour travailler ailleurs est une option attrayante pour ceux qui souhaitent explorer de nouvelles opportunit\u00e9s.\" \/>\n<meta property=\"og:url\" content=\"https:\/\/www.mes-allocs.fr\/guides\/conge-sabbatique\/conge-sabbatique-travail\/prendre-un-conge-sabbatique-pour-travailler-ailleurs\/\" \/>\n<meta property=\"og:site_name\" content=\"Mes-Allocs.fr\" \/>\n<meta property=\"article:published_time\" content=\"2024-02-01T09:25:39+00:00\" \/>\n<meta property=\"article:modified_time\" content=\"2025-03-21T16:40:15+00:00\" \/>\n<meta property=\"og:image\" content=\"https:\/\/www.mes-allocs.fr\/guides\/wp-content\/uploads\/2024\/02\/prendre-un-conge-sabbatique-pour-travailler-ailleurs1-.jpg?wsr\" \/>\n\t<meta property=\"og:image:width\" content=\"707\" \/>\n\t<meta property=\"og:image:height\" content=\"695\" \/>\n<meta name=\"twitter:card\" content=\"summary_large_image\" \/>\n<script type=\"application\/ld+json\" class=\"yoast-schema-graph\">{\"@context\":\"https:\/\/schema.org\",\"@graph\":[{\"@type\":\"WebSite\",\"@id\":\"https:\/\/www.mes-allocs.fr\/guides\/#website\",\"url\":\"https:\/\/www.mes-allocs.fr\/guides\/\",\"name\":\"Mes-Allocs.fr\",\"description\":\"\",\"potentialAction\":[{\"@type\":\"SearchAction\",\"target\":\"https:\/\/www.mes-allocs.fr\/guides\/?s={search_term_string}\",\"query-input\":\"required name=search_term_string\"}],\"inLanguage\":\"fr-FR\"},{\"@type\":\"ImageObject\",\"@id\":\"https:\/\/www.mes-allocs.fr\/guides\/conge-sabbatique\/conge-sabbatique-travail\/prendre-un-conge-sabbatique-pour-travailler-ailleurs\/#primaryimage\",\"inLanguage\":\"fr-FR\",\"url\":\"https:\/\/www.mes-allocs.fr\/guides\/wp-content\/uploads\/2024\/02\/prendre-un-conge-sabbatique-pour-travailler-ailleurs1-.jpg?wsr\",\"width\":707,\"height\":695,\"caption\":\"assurance habitation degat des eaux\"},{\"@type\":\"WebPage\",\"@id\":\"https:\/\/www.mes-allocs.fr\/guides\/conge-sabbatique\/conge-sabbatique-travail\/prendre-un-conge-sabbatique-pour-travailler-ailleurs\/#webpage\",\"url\":\"https:\/\/www.mes-allocs.fr\/guides\/conge-sabbatique\/conge-sabbatique-travail\/prendre-un-conge-sabbatique-pour-travailler-ailleurs\/\",\"name\":\"Prendre un cong\\u00e9 sabbatique pour travailler ailleurs : est-ce possible ?\",\"isPartOf\":{\"@id\":\"https:\/\/www.mes-allocs.fr\/guides\/#website\"},\"primaryImageOfPage\":{\"@id\":\"https:\/\/www.mes-allocs.fr\/guides\/conge-sabbatique\/conge-sabbatique-travail\/prendre-un-conge-sabbatique-pour-travailler-ailleurs\/#primaryimage\"},\"datePublished\":\"2024-02-01T09:25:39+00:00\",\"dateModified\":\"2025-03-21T16:40:15+00:00\",\"author\":{\"@id\":\"https:\/\/www.mes-allocs.fr\/guides\/#\/schema\/person\/9c38f3be41a0ddcd1e3fde5a3df713bf\"},\"description\":\"Prendre un cong\\u00e9 sabbatique pour travailler ailleurs est une option attrayante pour ceux qui souhaitent explorer de nouvelles opportunit\\u00e9s.\",\"inLanguage\":\"fr-FR\"},{\"@type\":\"Person\",\"@id\":\"https:\/\/www.mes-allocs.fr\/guides\/#\/schema\/person\/9c38f3be41a0ddcd1e3fde5a3df713bf\",\"name\":\"Sessime Ananou\",\"image\":{\"@type\":\"ImageObject\",\"@id\":\"https:\/\/www.mes-allocs.fr\/guides\/#personlogo\",\"inLanguage\":\"fr-FR\",\"url\":\"https:\/\/www.mes-allocs.fr\/guides\/wp-content\/uploads\/2023\/08\/IMG_8173-150x150.jpg\",\"caption\":\"Sessime Ananou\"},\"description\":\"Sessime est r\\u00e9dactrice chez Mes Allocs, sp\\u00e9cialis\\u00e9e sur le pouvoir d'achat. Elle rejoint l'\\u00e9quipe Mes Allocs en ao\\u00fbt 2023 afin de simplifier l'acc\\u00e8s \\u00e0 l'information sur les aides en g\\u00e9n\\u00e9ral.\"}]}<\/script>\n<!-- \/ Yoast SEO plugin. -->","amp_validity":null,"acf":{"faq":{"1":{"question":"Quelles sont les conditions g\u00e9n\u00e9rales pour obtenir un cong\u00e9 sabbatique ?","answer":"Les conditions varient selon les politiques de l'entreprise, mais g\u00e9n\u00e9ralement, un certain nombre d'ann\u00e9es de service sont requis et la demande doit \u00eatre faite \u00e0 l'avance."},"2":{"question":"Est-il n\u00e9cessaire d'avoir une offre d'emploi ailleurs avant de demander un cong\u00e9 sabbatique ?","answer":"Non n\u00e9cessairement, mais avoir une offre d'emploi peut renforcer la justification de la demande aupr\u00e8s de l'employeur."},"3":{"question":"Quelle est la proc\u00e9dure \u00e0 suivre pour demander un cong\u00e9 sabbatique pour travailler ailleurs ?","answer":"L'employ\u00e9 doit g\u00e9n\u00e9ralement soumettre une demande formelle \u00e0 son employeur, en pr\u00e9cisant la dur\u00e9e et le but du cong\u00e9, ainsi que les d\u00e9tails concernant le travail pr\u00e9vu ailleurs."},"4":{"question":"Comment l'employeur \u00e9value-t-il et approuve-t-il une demande de cong\u00e9 sabbatique pour travailler ailleurs ?","answer":"L'employeur examine les besoins op\u00e9rationnels de l'entreprise, la performance pass\u00e9e de l'employ\u00e9 et l'impact potentiel du cong\u00e9 sur l'organisation avant d'approuver ou de refuser la demande."},"5":{"question":"Quels sont les droits et obligations de l'employ\u00e9 pendant son cong\u00e9 sabbatique ?","answer":"Les droits et obligations d\u00e9pendent des politiques de l'entreprise et des lois du travail locales, mais g\u00e9n\u00e9ralement, l'employ\u00e9 conserve son emploi et certains avantages sociaux pendant la p\u00e9riode de cong\u00e9."},"6":{"question":"Existe-t-il des politiques ou des programmes sp\u00e9cifiques de l'entreprise pour soutenir les employ\u00e9s souhaitant travailler ailleurs temporairement ?","answer":"Certaines entreprises offrent des politiques de mobilit\u00e9 interne ou des programmes de d\u00e9tachement pour faciliter les transitions temporaires vers d'autres postes ou sites."},"7":{"question":"","answer":""},"8":{"question":"","answer":""},"9":{"question":"","answer":""},"10":{"question":"","answer":""},"11":{"question":"","answer":""},"12":{"question":"","answer":""},"13":{"question":"","answer":""},"14":{"question":"","answer":""},"15":{"question":"","answer":""},"16":{"question":"","answer":""}}},"_links":{"self":[{"href":"https:\/\/www.mes-allocs.fr\/guides\/wp-json\/wp\/v2\/posts\/74168","targetHints":{"allow":["GET"]}}],"collection":[{"href":"https:\/\/www.mes-allocs.fr\/guides\/wp-json\/wp\/v2\/posts"}],"about":[{"href":"https:\/\/www.mes-allocs.fr\/guides\/wp-json\/wp\/v2\/types\/post"}],"author":[{"embeddable":true,"href":"https:\/\/www.mes-allocs.fr\/guides\/wp-json\/wp\/v2\/users\/26"}],"replies":[{"embeddable":true,"href":"https:\/\/www.mes-allocs.fr\/guides\/wp-json\/wp\/v2\/comments?post=74168"}],"version-history":[{"count":4,"href":"https:\/\/www.mes-allocs.fr\/guides\/wp-json\/wp\/v2\/posts\/74168\/revisions"}],"predecessor-version":[{"id":96672,"href":"https:\/\/www.mes-allocs.fr\/guides\/wp-json\/wp\/v2\/posts\/74168\/revisions\/96672"}],"wp:featuredmedia":[{"embeddable":true,"href":"https:\/\/www.mes-allocs.fr\/guides\/wp-json\/wp\/v2\/media\/74174"}],"wp:attachment":[{"href":"https:\/\/www.mes-allocs.fr\/guides\/wp-json\/wp\/v2\/media?parent=74168"}],"wp:term":[{"taxonomy":"category","embeddable":true,"href":"https:\/\/www.mes-allocs.fr\/guides\/wp-json\/wp\/v2\/categories?post=74168"},{"taxonomy":"post_tag","embeddable":true,"href":"https:\/\/www.mes-allocs.fr\/guides\/wp-json\/wp\/v2\/tags?post=74168"}],"curies":[{"name":"wp","href":"https:\/\/api.w.org\/{rel}","templated":true}]}}