{"id":74162,"date":"2024-02-01T10:38:30","date_gmt":"2024-02-01T08:38:30","guid":{"rendered":"https:\/\/www.mes-allocs.fr\/guides\/?p=74162"},"modified":"2025-03-21T18:40:03","modified_gmt":"2025-03-21T16:40:03","slug":"conge-sabbatique-travail","status":"publish","type":"post","link":"https:\/\/www.mes-allocs.fr\/guides\/conge-sabbatique\/conge-sabbatique-travail\/","title":{"rendered":"Cong\u00e9 sabbatique : concilier travail et pause professionnelle"},"content":{"rendered":"<p><img loading=\"lazy\" decoding=\"async\" class=\"alignnone wp-image-74165 size-full\" title=\"conge sabbatique travail\" src=\"https:\/\/www.mes-allocs.fr\/guides\/wp-content\/uploads\/2024\/02\/conge-sabbatique-travail-e1706740683439.jpg\" alt=\"conge sabbatique travail\" width=\"1280\" height=\"358\" \/><\/p>\n<p><strong>Le <a href=\"https:\/\/www.mes-allocs.fr\/guides\/conge-sabbatique\/\">cong\u00e9 sabbatique<\/a>, une p\u00e9riode de pause professionnelle permettant de se ressourcer, de se former ou de r\u00e9aliser des projets personnels, repr\u00e9sente une option attractive pour de nombreux travailleurs. Toutefois, sa mise en \u0153uvre soul\u00e8ve des questions sur la mani\u00e8re de concilier travail et pause professionnelle, ainsi que sur les conditions et les modalit\u00e9s d&rsquo;obtention.\u00a0<\/strong><\/p>\n<div class='cta-block'><div class='text'>Simulez votre toutes vos aides en 2 min.<\/div><a href='https:\/\/www.mes-allocs.fr\/ab-app?origin=guides\/wp-json\/wp\/v2\/posts\/74162' class='app-button fit'>Simulation gratuite<\/a><\/div>\n<h1>Concilier travail et pause professionnelle pendant le cong\u00e9 sabbatique<\/h1>\n<h2>\u00a0La planification et les objectifs<\/h2>\n<p>La r\u00e9ussite d&rsquo;un cong\u00e9 sabbatique repose souvent sur une planification minutieuse et la d\u00e9finition claire d&rsquo;objectifs. Voici quelques \u00e9tapes \u00e0 consid\u00e9rer lors de la planification d&rsquo;un cong\u00e9 sabbatique :<\/p>\n<ol>\n<li><strong>Clarifier ses motivations :<\/strong> avant de prendre un cong\u00e9 sabbatique, il est essentiel de d\u00e9finir ses motivations personnelles et professionnelles pour cette pause.<\/li>\n<li><strong>\u00c9tablir des objectifs :<\/strong> identifiez les objectifs que vous souhaitez atteindre pendant votre cong\u00e9 sabbatique, que ce soit voyager, se former, d\u00e9velopper des comp\u00e9tences, ou r\u00e9aliser des projets personnels.<\/li>\n<li><strong>Planifier la dur\u00e9e :<\/strong> d\u00e9terminez la dur\u00e9e de votre cong\u00e9 sabbatique en fonction de vos objectifs et de vos contraintes financi\u00e8res et professionnelles.<\/li>\n<li><strong>\u00c9tablir un budget :<\/strong> faites une estimation r\u00e9aliste des d\u00e9penses li\u00e9es \u00e0 votre cong\u00e9 sabbatique et assurez-vous d&rsquo;avoir les ressources financi\u00e8res n\u00e9cessaires pour couvrir vos besoins pendant cette p\u00e9riode.<\/li>\n<li><strong>Pr\u00e9parer votre retour :<\/strong> anticipez votre retour au travail en planifiant votre r\u00e9int\u00e9gration professionnelle et en envisageant des solutions pour faciliter la transition.<\/li>\n<\/ol>\n<h2>La communication avec l&#8217;employeur<\/h2>\n<p>La communication avec votre employeur est un aspect crucial pour concilier travail et cong\u00e9 sabbatique. Voici quelques conseils pour une communication efficace :<\/p>\n<ol>\n<li><strong>Informez votre employeur t\u00f4t :<\/strong> pr\u00e9venez votre employeur de votre intention de prendre un cong\u00e9 sabbatique d\u00e8s que possible, en respectant les d\u00e9lais pr\u00e9vus par la loi ou votre contrat de travail.<\/li>\n<li><strong>Expliquez vos motivations :<\/strong> soyez transparent sur les raisons de votre cong\u00e9 sabbatique et mettez en avant les b\u00e9n\u00e9fices potentiels pour vous et l&rsquo;entreprise.<\/li>\n<li><strong>Proposez des solutions :<\/strong> si votre absence peut avoir un impact sur l&rsquo;organisation du travail, proposez des solutions pour minimiser les perturbations et assurer la continuit\u00e9 des activit\u00e9s.<\/li>\n<li><strong>Restez en contact :<\/strong> maintenez une communication r\u00e9guli\u00e8re avec votre employeur pendant votre cong\u00e9 sabbatique pour tenir inform\u00e9 de vos projets et de votre disponibilit\u00e9 \u00e9ventuelle.<\/li>\n<\/ol>\n<p>En planifiant soigneusement votre cong\u00e9 sabbatique et en entretenant une communication ouverte avec votre employeur, vous pouvez concilier travail et pause professionnelle de mani\u00e8re efficace et b\u00e9n\u00e9fique pour toutes les parties concern\u00e9es.<\/p>\n<div class='cta-block'><div class='text'>Simulez votre toutes vos aides en 2 min.<\/div><a href='https:\/\/www.mes-allocs.fr\/ab-app?origin=guides\/wp-json\/wp\/v2\/posts\/74162' class='app-button fit'>Simulation gratuite<\/a><\/div>\n<h1>D\u00e9finition et objectifs du cong\u00e9 sabbatique<\/h1>\n<h2><strong>Qu&rsquo;est-ce qu&rsquo;un cong\u00e9 sabbatique ?<\/strong><\/h2>\n<p>Le cong\u00e9 sabbatique e<strong>st une p\u00e9riode de pause dans la carri\u00e8re professionnelle d&rsquo;un individu, pendant laquelle il suspend temporairement son travail habituel tout en conservant son lien d&#8217;emploi avec son employeur<\/strong>. Contrairement aux cong\u00e9s traditionnels, le cong\u00e9 sabbatique n&rsquo;est souvent pas r\u00e9mun\u00e9r\u00e9 et peut durer plusieurs semaines, mois, voire ann\u00e9es, selon les politiques de l&rsquo;entreprise et les accords entre l&#8217;employeur et le salari\u00e9.<\/p>\n<h2>Quels sont les m<strong>otivations pour prendre un cong\u00e9 sabbatique ?\u00a0<\/strong><\/h2>\n<p>Les motivations pour prendre un cong\u00e9 sabbatique sont diverses et varient en fonction des besoins et des aspirations individuelles. Voici quelques raisons courantes qui poussent les travailleurs \u00e0 envisager un cong\u00e9 sabbatique :<\/p>\n<ul>\n<li>Besoin de faire une pause pour se ressourcer physiquement et mentalement.<\/li>\n<li>Volont\u00e9 de voyager et de d\u00e9couvrir de nouvelles cultures.<\/li>\n<li>D\u00e9sir de se former ou de se perfectionner dans un domaine sp\u00e9cifique.<\/li>\n<li>Envie de se consacrer \u00e0 des projets personnels longtemps repouss\u00e9s.<\/li>\n<li>Besoin de prendre du recul et de r\u00e9fl\u00e9chir \u00e0 son parcours professionnel et personnel.<\/li>\n<li>Aspiration \u00e0 vivre une exp\u00e9rience professionnelle ou personnelle enrichissante et inspirante.<\/li>\n<\/ul>\n<p>En somme, le cong\u00e9 sabbatique offre une opportunit\u00e9 de se d\u00e9connecter de la routine quotidienne du travail pour se consacrer \u00e0 des activit\u00e9s qui nourrissent l&rsquo;\u00e9panouissement personnel et professionnel.<\/p>\n<h1>Quelles sont les conditions et modalit\u00e9s d&rsquo;obtention du cong\u00e9 sabbatique ?<\/h1>\n<h2>Les conditions requises<\/h2>\n<p>Voici un exemple de tableau pr\u00e9sentant les conditions requises pour obtenir un cong\u00e9 sabbatique :<\/p>\n\n<div class=\"wpdt-c row wpDataTableContainerSimpleTable wpDataTables wpDataTablesWrapper\n\"\n    >\n    <table id=\"wpdtSimpleTable-523\"\n           class=\"wpdtSimpleTable wpDataTable\"\n           data-column=\"2\"\n           data-rows=\"4\"\n           data-wpID=\"523\"\n           data-responsive=\"0\"\n           data-has-header=\"1\">\n\n                    <thead>        <tr class=\"wpdt-cell-row \" >\n                            <th class=\"wpdt-cell wpdt-bc-F3F9FE wpdt-bold\"\n                                    data-cell-id=\"A1\"\n                data-col-index=\"0\"\n                data-row-index=\"0\"\n                style=\" width:46.529080675422%;                padding:10px;\"\n                >\n                                Conditions requises pour le cong\u00e9 sabbatique                <\/th>\n                                            <th class=\"wpdt-cell wpdt-bc-F3F9FE wpdt-bold\"\n                                    data-cell-id=\"B1\"\n                data-col-index=\"1\"\n                data-row-index=\"0\"\n                style=\" width:53.470919324578%;                padding:10px;\"\n                >\n                                Description                <\/th>\n                                        <\/tr>\n                    <tbody>        <tr class=\"wpdt-cell-row \" >\n                            <td class=\"wpdt-cell \"\n                                    data-cell-id=\"A2\"\n                data-col-index=\"0\"\n                data-row-index=\"1\"\n                style=\"                padding:10px;\"\n                >\n                                Anciennet\u00e9 dans l'entreprise                <\/td>\n                                            <td class=\"wpdt-cell \"\n                                    data-cell-id=\"B2\"\n                data-col-index=\"1\"\n                data-row-index=\"1\"\n                style=\"                padding:10px;\"\n                >\n                                Une certaine p\u00e9riode d'anciennet\u00e9 peut \u00eatre exig\u00e9e avant de pouvoir b\u00e9n\u00e9ficier d'un cong\u00e9 sabbatique.                <\/td>\n                                        <\/tr>\n                            <tr class=\"wpdt-cell-row \" >\n                            <td class=\"wpdt-cell \"\n                                    data-cell-id=\"A3\"\n                data-col-index=\"0\"\n                data-row-index=\"2\"\n                style=\"                padding:10px;\"\n                >\n                                Accord de l'employeur                <\/td>\n                                            <td class=\"wpdt-cell \"\n                                    data-cell-id=\"B3\"\n                data-col-index=\"1\"\n                data-row-index=\"2\"\n                style=\"                padding:10px;\"\n                >\n                                L'approbation de l'employeur est g\u00e9n\u00e9ralement n\u00e9cessaire pour obtenir un cong\u00e9 sabbatique.                <\/td>\n                                        <\/tr>\n                            <tr class=\"wpdt-cell-row \" >\n                            <td class=\"wpdt-cell \"\n                                    data-cell-id=\"A4\"\n                data-col-index=\"0\"\n                data-row-index=\"3\"\n                style=\"                padding:10px;\"\n                >\n                                Motivation l\u00e9gitime                <\/td>\n                                            <td class=\"wpdt-cell \"\n                                    data-cell-id=\"B4\"\n                data-col-index=\"1\"\n                data-row-index=\"3\"\n                style=\"                padding:10px;\"\n                >\n                                Vous devez justifier votre demande de cong\u00e9 sabbatique par des raisons l\u00e9gitimes telles que des projets personnels, des voyages ou des \u00e9tudes.                <\/td>\n                                        <\/tr>\n                    <\/table>\n<\/div><style id='wpdt-custom-style-523'>\ntable#wpdtSimpleTable-523{ table-layout: fixed !important; }\n.wpdt-bc-F3F9FE { background-color: #F3F9FE !important;}\n<\/style>\n\n<h2>Le processus de demande et d&rsquo;approbation<\/h2>\n<p>Le processus de demande et d&rsquo;approbation d&rsquo;un cong\u00e9 sabbatique peut varier selon les entreprises, mais il implique g\u00e9n\u00e9ralement les \u00e9tapes suivantes :<\/p>\n<ol>\n<li><strong>Formuler sa demande :<\/strong> adressez une demande \u00e9crite \u00e0 votre employeur, en pr\u00e9cisant la dur\u00e9e et les dates de votre cong\u00e9 sabbatique, ainsi que les raisons de votre demande.<\/li>\n<li><strong>Entretien avec l&#8217;employeur :<\/strong> dans certains cas, vous pouvez \u00eatre convoqu\u00e9 \u00e0 un entretien avec votre employeur pour discuter de votre demande et \u00e9valuer son impact sur l&rsquo;entreprise.<\/li>\n<li><strong>D\u00e9lai de r\u00e9ponse :<\/strong> attendez la r\u00e9ponse de votre employeur \u00e0 votre demande de cong\u00e9 sabbatique. Certains employeurs peuvent prendre du temps pour \u00e9valuer votre demande et donner leur accord.<\/li>\n<li><strong>Notification de d\u00e9cision :<\/strong> une fois que votre employeur a pris sa d\u00e9cision, vous serez inform\u00e9 de l&rsquo;approbation ou du refus de votre demande de cong\u00e9 sabbatique.<\/li>\n<\/ol>\n<p>En respectant les conditions requises et en suivant le processus de demande et d&rsquo;approbation \u00e9tabli par votre entreprise, vous pouvez augmenter vos chances d&rsquo;obtenir un cong\u00e9 sabbatique et de concilier travail et pause professionnelle selon vos besoins et objectifs.<\/p>\n<p><iframe loading=\"lazy\" title=\"Le cong\u00e9 sabbatique\" width=\"500\" height=\"281\" src=\"https:\/\/www.youtube.com\/embed\/LVb9xmVd30o?feature=oembed\" frameborder=\"0\" allow=\"accelerometer; autoplay; clipboard-write; encrypted-media; gyroscope; picture-in-picture; web-share\" referrerpolicy=\"strict-origin-when-cross-origin\" allowfullscreen><\/iframe><\/p>\n<h1>Quelles sont les alternatives au cong\u00e9 sabbatique ?<\/h1>\n<h2>Les autres options de pause professionnelle<\/h2>\n<p>Voici quelques autres options de pause professionnelle :<\/p>\n<ol>\n<li>Cong\u00e9 sabbatique r\u00e9mun\u00e9r\u00e9 : similaire au cong\u00e9 sabbatique classique, mais avec maintien partiel ou total de la r\u00e9mun\u00e9ration pendant la p\u00e9riode de pause, g\u00e9n\u00e9ralement sous certaines conditions ou en \u00e9change de services rendus \u00e0 l&rsquo;entreprise \u00e0 l&rsquo;issue du cong\u00e9.<\/li>\n<li>Cong\u00e9 de reconversion professionnelle : une p\u00e9riode de pause accord\u00e9e par l&#8217;employeur pour permettre \u00e0 un employ\u00e9 de suivre une formation ou de se reconvertir professionnellement vers un domaine diff\u00e9rent.<\/li>\n<li>Cong\u00e9 de solidarit\u00e9 internationale : un cong\u00e9 permettant \u00e0 un salari\u00e9 de s&rsquo;engager dans des missions humanitaires ou de d\u00e9veloppement \u00e0 l&rsquo;\u00e9tranger, souvent organis\u00e9 en partenariat avec des organisations non gouvernementales (ONG) ou des associations.<\/li>\n<li>Cong\u00e9 sabbatique parental : une p\u00e9riode de pause accord\u00e9e aux parents pour s&rsquo;occuper de leurs enfants pendant une p\u00e9riode critique de leur vie (par exemple, la petite enfance), avec maintien partiel ou total de la r\u00e9mun\u00e9ration.<\/li>\n<\/ol>\n<p>Ces options offrent aux travailleurs la possibilit\u00e9 de prendre une pause professionnelle pour diff\u00e9rentes raisons et dans diff\u00e9rents contextes, en fonction de leurs besoins et de leurs objectifs personnels et professionnels.<\/p>\n<h2>Les solutions de flexibilit\u00e9 au travail<\/h2>\n<ul>\n<li><strong>T\u00e9l\u00e9travail<\/strong> : travailler \u00e0 distance depuis un lieu autre que le bureau, offrant une flexibilit\u00e9 dans les horaires et la localisation.<\/li>\n<li><strong>Horaires flexibles<\/strong> : am\u00e9nagement des horaires de travail pour permettre une meilleure conciliation entre vie professionnelle et personnelle.<\/li>\n<li><strong>Travail \u00e0 temps partiel<\/strong> : r\u00e9duction du nombre d&rsquo;heures travaill\u00e9es par semaine ou par mois pour lib\u00e9rer du temps pour d&rsquo;autres activit\u00e9s.<\/li>\n<li><strong>Job sharing<\/strong> : partage d&rsquo;un poste entre deux employ\u00e9s, permettant \u00e0 chacun de travailler \u00e0 temps partiel tout en couvrant les responsabilit\u00e9s du poste.<\/li>\n<li><strong>Cong\u00e9s pay\u00e9s suppl\u00e9mentaires<\/strong> : accord\u00e9s par l&#8217;employeur en plus des cong\u00e9s annuels l\u00e9gaux pour permettre aux employ\u00e9s de prendre des pauses prolong\u00e9es.<\/li>\n<\/ul>\n<p>Ces alternatives offrent aux individus des options vari\u00e9es pour prendre une pause professionnelle ou b\u00e9n\u00e9ficier d&rsquo;une plus grande flexibilit\u00e9 dans leur travail, adapt\u00e9es \u00e0 leurs besoins et \u00e0 leur situation professionnelle.<\/p>\n<div class='cta-block'><div class='text'>Simulez votre toutes vos aides en 2 min.<\/div><a href='https:\/\/www.mes-allocs.fr\/ab-app?origin=guides\/wp-json\/wp\/v2\/posts\/74162' class='app-button fit'>Simulation gratuite<\/a><\/div>\n","protected":false},"excerpt":{"rendered":"<p>Le cong\u00e9 sabbatique, une p\u00e9riode de pause professionnelle permettant de se ressourcer, de se former ou de r\u00e9aliser des projets personnels, repr\u00e9sente une option attractive pour de nombreux travailleurs. Toutefois, sa mise en \u0153uvre soul\u00e8ve des questions sur la mani\u00e8re de concilier travail et pause professionnelle, ainsi que sur les conditions et les modalit\u00e9s d&rsquo;obtention.\u00a0 [&hellip;]<\/p>\n","protected":false},"author":26,"featured_media":0,"comment_status":"closed","ping_status":"open","sticky":false,"template":"","format":"standard","meta":{"amp_status":"","footnotes":""},"categories":[15121],"tags":[],"class_list":["post-74162","post","type-post","status-publish","format-standard","hentry","category-conge-sabbatique"],"yoast_head":"<!-- This site is optimized with the Yoast SEO plugin v14.9 - https:\/\/yoast.com\/wordpress\/plugins\/seo\/ -->\n<title>Cong\u00e9 sabbatique : concilier travail et pause professionnelle<\/title>\n<meta name=\"description\" content=\"Un cong\u00e9 sabbatique est une p\u00e9riode de pause professionnelle. Mais des questions sur comment concilier travail et cong\u00e9 sabbatique se posent.\" \/>\n<meta name=\"robots\" content=\"index, follow, max-snippet:-1, max-image-preview:large, max-video-preview:-1\" \/>\n<link rel=\"canonical\" href=\"https:\/\/www.mes-allocs.fr\/guides\/conge-sabbatique\/conge-sabbatique-travail\/\" \/>\n<meta property=\"og:locale\" content=\"fr_FR\" \/>\n<meta property=\"og:type\" content=\"article\" \/>\n<meta property=\"og:title\" content=\"Cong\u00e9 sabbatique : concilier travail et pause professionnelle\" \/>\n<meta property=\"og:description\" content=\"Un cong\u00e9 sabbatique est une p\u00e9riode de pause professionnelle. Mais des questions sur comment concilier travail et cong\u00e9 sabbatique se posent.\" \/>\n<meta property=\"og:url\" content=\"https:\/\/www.mes-allocs.fr\/guides\/conge-sabbatique\/conge-sabbatique-travail\/\" \/>\n<meta property=\"og:site_name\" content=\"Mes-Allocs.fr\" \/>\n<meta property=\"article:published_time\" content=\"2024-02-01T08:38:30+00:00\" \/>\n<meta property=\"article:modified_time\" content=\"2025-03-21T16:40:03+00:00\" \/>\n<meta property=\"og:image\" content=\"https:\/\/www.mes-allocs.fr\/guides\/wp-content\/uploads\/2024\/02\/conge-sabbatique-travail-e1706740683439.jpg\" \/>\n<meta name=\"twitter:card\" content=\"summary_large_image\" \/>\n<script type=\"application\/ld+json\" class=\"yoast-schema-graph\">{\"@context\":\"https:\/\/schema.org\",\"@graph\":[{\"@type\":\"WebSite\",\"@id\":\"https:\/\/www.mes-allocs.fr\/guides\/#website\",\"url\":\"https:\/\/www.mes-allocs.fr\/guides\/\",\"name\":\"Mes-Allocs.fr\",\"description\":\"\",\"potentialAction\":[{\"@type\":\"SearchAction\",\"target\":\"https:\/\/www.mes-allocs.fr\/guides\/?s={search_term_string}\",\"query-input\":\"required name=search_term_string\"}],\"inLanguage\":\"fr-FR\"},{\"@type\":\"ImageObject\",\"@id\":\"https:\/\/www.mes-allocs.fr\/guides\/conge-sabbatique\/conge-sabbatique-travail\/#primaryimage\",\"inLanguage\":\"fr-FR\",\"url\":\"https:\/\/www.mes-allocs.fr\/guides\/wp-content\/uploads\/2024\/02\/conge-sabbatique-travail-e1706740683439.jpg\"},{\"@type\":\"WebPage\",\"@id\":\"https:\/\/www.mes-allocs.fr\/guides\/conge-sabbatique\/conge-sabbatique-travail\/#webpage\",\"url\":\"https:\/\/www.mes-allocs.fr\/guides\/conge-sabbatique\/conge-sabbatique-travail\/\",\"name\":\"Cong\\u00e9 sabbatique : concilier travail et pause professionnelle\",\"isPartOf\":{\"@id\":\"https:\/\/www.mes-allocs.fr\/guides\/#website\"},\"primaryImageOfPage\":{\"@id\":\"https:\/\/www.mes-allocs.fr\/guides\/conge-sabbatique\/conge-sabbatique-travail\/#primaryimage\"},\"datePublished\":\"2024-02-01T08:38:30+00:00\",\"dateModified\":\"2025-03-21T16:40:03+00:00\",\"author\":{\"@id\":\"https:\/\/www.mes-allocs.fr\/guides\/#\/schema\/person\/9c38f3be41a0ddcd1e3fde5a3df713bf\"},\"description\":\"Un cong\\u00e9 sabbatique est une p\\u00e9riode de pause professionnelle. Mais des questions sur comment concilier travail et cong\\u00e9 sabbatique se posent.\",\"inLanguage\":\"fr-FR\"},{\"@type\":\"Person\",\"@id\":\"https:\/\/www.mes-allocs.fr\/guides\/#\/schema\/person\/9c38f3be41a0ddcd1e3fde5a3df713bf\",\"name\":\"Sessime Ananou\",\"image\":{\"@type\":\"ImageObject\",\"@id\":\"https:\/\/www.mes-allocs.fr\/guides\/#personlogo\",\"inLanguage\":\"fr-FR\",\"url\":\"https:\/\/www.mes-allocs.fr\/guides\/wp-content\/uploads\/2023\/08\/IMG_8173-150x150.jpg\",\"caption\":\"Sessime Ananou\"},\"description\":\"Sessime est r\\u00e9dactrice chez Mes Allocs, sp\\u00e9cialis\\u00e9e sur le pouvoir d'achat. Elle rejoint l'\\u00e9quipe Mes Allocs en ao\\u00fbt 2023 afin de simplifier l'acc\\u00e8s \\u00e0 l'information sur les aides en g\\u00e9n\\u00e9ral.\"}]}<\/script>\n<!-- \/ Yoast SEO plugin. -->","amp_validity":null,"acf":{"faq":{"1":{"question":"Qu'est-ce qu'un cong\u00e9 sabbatique ?","answer":"Le cong\u00e9 sabbatique est une p\u00e9riode de pause dans la carri\u00e8re professionnelle d'un individu, souvent non r\u00e9mun\u00e9r\u00e9e, pendant laquelle il conserve son emploi."},"2":{"question":"Quelles sont les motivations pour prendre un cong\u00e9 sabbatique ?","answer":"Les motivations peuvent varier, mais elles incluent g\u00e9n\u00e9ralement le besoin de se ressourcer, de voyager, de se former, de se consacrer \u00e0 des projets personnels, ou encore de s'engager dans des actions humanitaires."},"3":{"question":"Quelles sont les conditions pour b\u00e9n\u00e9ficier d'un cong\u00e9 sabbatique ?","answer":"Les conditions d\u00e9pendent des politiques internes de l'entreprise et peuvent inclure une anciennet\u00e9 minimale, un accord pr\u00e9alable de l'employeur, et parfois des justifications pour la demande de cong\u00e9."},"4":{"question":"Comment concilier travail et pause professionnelle pendant le cong\u00e9 sabbatique ?","answer":"Il est essentiel de planifier soigneusement la p\u00e9riode de cong\u00e9 sabbatique en d\u00e9finissant des objectifs clairs, en organisant ses finances, en pr\u00e9voyant une transition en douceur avant et apr\u00e8s le cong\u00e9, et en maintenant une communication ouverte avec l'employeur."},"5":{"question":"Quels sont les avantages et les inconv\u00e9nients du cong\u00e9 sabbatique ?","answer":"Les avantages incluent la possibilit\u00e9 de se recentrer, de d\u00e9velopper de nouvelles comp\u00e9tences, et d'explorer de nouvelles opportunit\u00e9s. Les inconv\u00e9nients peuvent inclure une perte de revenu, des difficult\u00e9s de r\u00e9int\u00e9gration, et une incertitude quant \u00e0 l'avenir professionnel."},"6":{"question":"Quels sont les droits et les obligations pendant le cong\u00e9 sabbatique ?","answer":"Les droits et obligations d\u00e9pendent des dispositions l\u00e9gales et des accords entre l'employeur et le salari\u00e9, mais g\u00e9n\u00e9ralement, le salari\u00e9 conserve son statut et certains avantages sociaux pendant le cong\u00e9, tout en respectant les engagements contractuels."},"7":{"question":"","answer":""},"8":{"question":"","answer":""},"9":{"question":"","answer":""},"10":{"question":"","answer":""},"11":{"question":"","answer":""},"12":{"question":"","answer":""},"13":{"question":"","answer":""},"14":{"question":"","answer":""},"15":{"question":"","answer":""},"16":{"question":"","answer":""}}},"_links":{"self":[{"href":"https:\/\/www.mes-allocs.fr\/guides\/wp-json\/wp\/v2\/posts\/74162","targetHints":{"allow":["GET"]}}],"collection":[{"href":"https:\/\/www.mes-allocs.fr\/guides\/wp-json\/wp\/v2\/posts"}],"about":[{"href":"https:\/\/www.mes-allocs.fr\/guides\/wp-json\/wp\/v2\/types\/post"}],"author":[{"embeddable":true,"href":"https:\/\/www.mes-allocs.fr\/guides\/wp-json\/wp\/v2\/users\/26"}],"replies":[{"embeddable":true,"href":"https:\/\/www.mes-allocs.fr\/guides\/wp-json\/wp\/v2\/comments?post=74162"}],"version-history":[{"count":3,"href":"https:\/\/www.mes-allocs.fr\/guides\/wp-json\/wp\/v2\/posts\/74162\/revisions"}],"predecessor-version":[{"id":96671,"href":"https:\/\/www.mes-allocs.fr\/guides\/wp-json\/wp\/v2\/posts\/74162\/revisions\/96671"}],"wp:attachment":[{"href":"https:\/\/www.mes-allocs.fr\/guides\/wp-json\/wp\/v2\/media?parent=74162"}],"wp:term":[{"taxonomy":"category","embeddable":true,"href":"https:\/\/www.mes-allocs.fr\/guides\/wp-json\/wp\/v2\/categories?post=74162"},{"taxonomy":"post_tag","embeddable":true,"href":"https:\/\/www.mes-allocs.fr\/guides\/wp-json\/wp\/v2\/tags?post=74162"}],"curies":[{"name":"wp","href":"https:\/\/api.w.org\/{rel}","templated":true}]}}