{"id":74147,"date":"2024-02-12T11:02:48","date_gmt":"2024-02-12T09:02:48","guid":{"rendered":"https:\/\/www.mes-allocs.fr\/guides\/?p=74147"},"modified":"2026-04-22T10:55:16","modified_gmt":"2026-04-22T09:55:16","slug":"100-sante-optique","status":"publish","type":"post","link":"https:\/\/www.mes-allocs.fr\/guides\/ameli\/100-sante-optique\/","title":{"rendered":"100% Sant\u00e9 Optique : mieux comprendre l&rsquo;offre d&rsquo;Ameli"},"content":{"rendered":"<p><img loading=\"lazy\" decoding=\"async\" class=\"aligncenter size-full wp-image-74150\" title=\"100 sant\u00e9 optique\" src=\"https:\/\/www.mes-allocs.fr\/guides\/wp-content\/uploads\/2024\/01\/Banner-1-7-1.png\" alt=\"100 sant\u00e9 optique\" width=\"1500\" height=\"400\" srcset=\"https:\/\/www.mes-allocs.fr\/guides\/wp-content\/uploads\/2024\/01\/Banner-1-7-1.png 1500w, https:\/\/www.mes-allocs.fr\/guides\/wp-content\/uploads\/2024\/01\/Banner-1-7-1-300x80.png 300w, https:\/\/www.mes-allocs.fr\/guides\/wp-content\/uploads\/2024\/01\/Banner-1-7-1-1024x273.png 1024w, https:\/\/www.mes-allocs.fr\/guides\/wp-content\/uploads\/2024\/01\/Banner-1-7-1-768x205.png 768w, https:\/\/www.mes-allocs.fr\/guides\/wp-content\/uploads\/2024\/01\/Banner-1-7-1-600x160.png 600w\" sizes=\"auto, (max-width: 1500px) 100vw, 1500px\" \/><\/p>\n<p><strong><span style=\"vertical-align: inherit;\"><span style=\"vertical-align: inherit;\"><span style=\"vertical-align: inherit;\"><span style=\"vertical-align: inherit;\"><span style=\"vertical-align: inherit;\"><span style=\"vertical-align: inherit;\"><span style=\"vertical-align: inherit;\"><span style=\"vertical-align: inherit;\"><span style=\"vertical-align: inherit;\"><span style=\"vertical-align: inherit;\"><span style=\"vertical-align: inherit;\"><span style=\"vertical-align: inherit;\">L&rsquo;offre \u00ab\u00a0100 % Sant\u00e9\u00a0\u00bb optique d&rsquo;<\/span><\/span><\/span><\/span><\/span><\/span><\/span><\/span><\/span><\/span><\/span><\/span><a href=\"https:\/\/www.mes-allocs.fr\/guides\/ameli\/\"><span style=\"vertical-align: inherit;\"><span style=\"vertical-align: inherit;\"><span style=\"vertical-align: inherit;\"><span style=\"vertical-align: inherit;\"><span style=\"vertical-align: inherit;\"><span style=\"vertical-align: inherit;\"><span style=\"vertical-align: inherit;\"><span style=\"vertical-align: inherit;\"><span style=\"vertical-align: inherit;\"><span style=\"vertical-align: inherit;\"><span style=\"vertical-align: inherit;\">Ameli<\/span><\/span><\/span><\/span><\/span><\/span><\/span><\/span><\/span><\/span><\/span><\/a><span style=\"vertical-align: inherit;\"><span style=\"vertical-align: inherit;\"><span style=\"vertical-align: inherit;\"><span style=\"vertical-align: inherit;\"><span style=\"vertical-align: inherit;\"><span style=\"vertical-align: inherit;\"> \u00a0propose une vari\u00e9t\u00e9 de montures color\u00e9es et de verres traitant toutes les corrections visuelles, incluant des options esth\u00e9tiques, tous rembours\u00e9s \u00e0 100% depuis 2020.<\/span><\/span><\/span><\/span><\/span><\/span><\/strong><\/p>\n<p><span style=\"vertical-align: inherit;\"><span style=\"vertical-align: inherit;\"><span style=\"vertical-align: inherit;\"><span style=\"vertical-align: inherit;\"><span style=\"vertical-align: inherit;\"><span style=\"vertical-align: inherit;\"><span style=\"vertical-align: inherit;\"><span style=\"vertical-align: inherit;\"><span style=\"vertical-align: inherit;\"><span style=\"vertical-align: inherit;\"><span style=\"vertical-align: inherit;\"><span style=\"vertical-align: inherit;\"><span style=\"vertical-align: inherit;\"><span style=\"vertical-align: inherit;\"><span style=\"vertical-align: inherit;\"><span style=\"vertical-align: inherit;\"><span style=\"vertical-align: inherit;\"><span style=\"vertical-align: inherit;\"><span style=\"vertical-align: inherit;\"><span style=\"vertical-align: inherit;\"><span style=\"vertical-align: inherit;\"><span style=\"vertical-align: inherit;\"><span style=\"vertical-align: inherit;\"><div class='cta-block'><div class='text'>Simulez vos aides en 2 min.<\/div><a href='https:\/\/www.mes-allocs.fr\/ab-app?origin=guides\/wp-json\/wp\/v2\/posts\/74147' class='app-button fit'>Simulation gratuite<\/a><\/div><\/span><\/span><\/span><\/span><\/span><\/span><\/span><\/span><\/span><\/span><\/span><\/span><\/span><\/span><\/span><\/span><\/span><\/span><\/span><\/span><\/span><\/span><\/span><\/p>\n<h1><span style=\"vertical-align: inherit;\"><span style=\"vertical-align: inherit;\"><span style=\"vertical-align: inherit;\"><span style=\"vertical-align: inherit;\"><span style=\"vertical-align: inherit;\"><span style=\"vertical-align: inherit;\"><span style=\"vertical-align: inherit;\"><span style=\"vertical-align: inherit;\"><span style=\"vertical-align: inherit;\"><span style=\"vertical-align: inherit;\"><span style=\"vertical-align: inherit;\"><span style=\"vertical-align: inherit;\"><span style=\"vertical-align: inherit;\"><span style=\"vertical-align: inherit;\"><span style=\"vertical-align: inherit;\"><span style=\"vertical-align: inherit;\"><span style=\"vertical-align: inherit;\"><span style=\"vertical-align: inherit;\"><span style=\"vertical-align: inherit;\"><span style=\"vertical-align: inherit;\"><span style=\"vertical-align: inherit;\"><span style=\"vertical-align: inherit;\"><span style=\"vertical-align: inherit;\"><span style=\"vertical-align: inherit;\"><span style=\"vertical-align: inherit;\"><span style=\"vertical-align: inherit;\">Qu&rsquo;est-ce que le 100% Sant\u00e9 Optique ?\u00a0<\/span><\/span><\/span><\/span><\/span><\/span><\/span><\/span><\/span><\/span><\/span><\/span><\/span><\/span><\/span><\/span><\/span><\/span><\/span><\/span><\/span><\/span><\/span><\/span><\/span><\/span><\/h1>\n<h2><span style=\"vertical-align: inherit;\"><span style=\"vertical-align: inherit;\"><span style=\"vertical-align: inherit;\"><span style=\"vertical-align: inherit;\"><span style=\"vertical-align: inherit;\"><span style=\"vertical-align: inherit;\"><span style=\"vertical-align: inherit;\"><span style=\"vertical-align: inherit;\">Le 100% sant\u00e9<\/span><\/span><\/span><\/span><\/span><\/span><\/span><\/span><\/h2>\n<p><span style=\"vertical-align: inherit;\"><span style=\"vertical-align: inherit;\"><span style=\"vertical-align: inherit;\"><span style=\"vertical-align: inherit;\">De nombreux Fran\u00e7ais renoncent \u00e0 des soins essentiels tels que des lunettes, des proth\u00e8ses dentaires ou des aides auditives. <\/span><\/span><\/span><span style=\"vertical-align: inherit;\"><span style=\"vertical-align: inherit;\"><span style=\"vertical-align: inherit;\">C&rsquo;est pourquoi le Pr\u00e9sident de la R\u00e9publique s&rsquo;est engag\u00e9 \u00e0 assurer un acc\u00e8s universel aux soins de qualit\u00e9, enti\u00e8rement pris en charge par la S\u00e9curit\u00e9 sociale et les compl\u00e9mentaires sant\u00e9, notamment dans les domaines de l&rsquo;optique, de l&rsquo;audiologie. <\/span><span style=\"vertical-align: inherit;\">et du dentaire.<\/span><\/span><\/span><\/span><\/p>\n<p><span style=\"vertical-align: inherit;\"><span style=\"vertical-align: inherit;\"><span style=\"vertical-align: inherit;\"><span style=\"vertical-align: inherit;\">La r\u00e9forme 100% Sant\u00e9 propose une gamme compl\u00e8te de soins et d&rsquo;\u00e9quipements de qualit\u00e9, <\/span><\/span><\/span><\/span><strong><span style=\"vertical-align: inherit;\"><span style=\"vertical-align: inherit;\"><span style=\"vertical-align: inherit;\"><span style=\"vertical-align: inherit;\">enti\u00e8rement rembours\u00e9s<\/span><\/span><\/span><\/span><\/strong><span style=\"vertical-align: inherit;\"><span style=\"vertical-align: inherit;\"><span style=\"vertical-align: inherit;\"><span style=\"vertical-align: inherit;\"> , couvrant les domaines de l&rsquo;audiologie, de l&rsquo;optique et du dentaire. <\/span><\/span><\/span><span style=\"vertical-align: inherit;\"><span style=\"vertical-align: inherit;\"><span style=\"vertical-align: inherit;\">Accessible \u00e0 tous les Fran\u00e7ais B\u00e9n\u00e9ficie d&rsquo;une compl\u00e9mentaire sant\u00e9 responsable ou de la <\/span><\/span><a href=\"https:\/\/www.mes-allocs.fr\/guides\/aides-sante\/complementaire-sante-solidaire-2\/\"><span style=\"vertical-align: inherit;\"><span style=\"vertical-align: inherit;\">Compl\u00e9mentaire sant\u00e9 solidaire<\/span><\/span><\/a><span style=\"vertical-align: inherit;\"><span style=\"vertical-align: inherit;\"> depuis le 1er janvier 2021, les paniers 100% Sant\u00e9, \u00e9labor\u00e9s en concertation avec les professionnels de sant\u00e9, l&rsquo;\u00c9tat, l&rsquo;Assurance Maladie, les compl\u00e9mentaires sant\u00e9 et les fabricants, proposent un choix \u00e9tendu d&rsquo;\u00e9quipements de qualit\u00e9 r\u00e9pondant aux besoins de chacun.<\/span><\/span><\/span><\/span><\/p>\n<p><span style=\"vertical-align: inherit;\"><span style=\"vertical-align: inherit;\"><span style=\"vertical-align: inherit;\"><span style=\"vertical-align: inherit;\">Pr\u00e8s de 95% des contrats actuels sur le march\u00e9 sont responsables, offrant une couverture compl\u00e9mentaire minimale et ne fixant pas les cotisations en fonction de l&rsquo;\u00e9tat de sant\u00e9 des assur\u00e9s. <\/span><\/span><\/span><span style=\"vertical-align: inherit;\"><span style=\"vertical-align: inherit;\"><span style=\"vertical-align: inherit;\">En cas de doute, il est recommand\u00e9 de v\u00e9rifier aupr\u00e8s de votre compl\u00e9mentaire sant\u00e9.<\/span><\/span><\/span><\/span><\/p>\n<h2><span style=\"vertical-align: inherit;\"><span style=\"vertical-align: inherit;\"><span style=\"vertical-align: inherit;\"><span style=\"vertical-align: inherit;\"><span style=\"vertical-align: inherit;\"><span style=\"vertical-align: inherit;\"><span style=\"vertical-align: inherit;\"><span style=\"vertical-align: inherit;\">Le 100% Sant\u00e9 Optique<\/span><\/span><\/span><\/span><\/span><\/span><\/span><\/span><\/h2>\n<p><span style=\"vertical-align: inherit;\"><span style=\"vertical-align: inherit;\"><span style=\"vertical-align: inherit;\"><span style=\"vertical-align: inherit;\">La r\u00e9forme 100% Sant\u00e9 optique vise \u00e0 <\/span><\/span><\/span><\/span><strong><span style=\"vertical-align: inherit;\"><span style=\"vertical-align: inherit;\"><span style=\"vertical-align: inherit;\"><span style=\"vertical-align: inherit;\">assurer un acc\u00e8s \u00e9quitable aux lunettes de qualit\u00e9<\/span><\/span><\/span><\/span><\/strong><span style=\"vertical-align: inherit;\"><span style=\"vertical-align: inherit;\"><span style=\"vertical-align: inherit;\"><span style=\"vertical-align: inherit;\"> , sans frais suppl\u00e9mentaires.<\/span><\/span><\/span><\/span><\/p>\n<p><span style=\"vertical-align: inherit;\"><span style=\"vertical-align: inherit;\"><span style=\"vertical-align: inherit;\"><span style=\"vertical-align: inherit;\">Elle oblige chaque opticien \u00e0 exposer au moins 34 montures de lunettes pour adultes et 20 montures pour enfants, accompagn\u00e9es d&rsquo;une offre de verres correcteurs comprenant un traitement anti-reflet et un ami en fonction de la correction, enti\u00e8rement pris en charge par la S\u00e9curit\u00e9 sociale et votre compl\u00e9mentaire sant\u00e9 responsable.<\/span><\/span><\/span><\/span><\/p>\n<p><span style=\"vertical-align: inherit;\"><span style=\"vertical-align: inherit;\"><span style=\"vertical-align: inherit;\"><span style=\"vertical-align: inherit;\">Avant la r\u00e9forme, le co\u00fbt moyen d&rsquo;une paire de lunettes \u00e9tait de 290 \u20ac, avec un reste \u00e0 charge pour l&rsquo;assur\u00e9. <\/span><\/span><\/span><span style=\"vertical-align: inherit;\"><span style=\"vertical-align: inherit;\"><span style=\"vertical-align: inherit;\">Depuis 2020, en optant pour des montures et des verres de l&rsquo;offre 100% Sant\u00e9, l&rsquo;assur\u00e9 b\u00e9n\u00e9ficie d&rsquo;un remboursement total de l&rsquo;Assurance Maladie et de sa compl\u00e9mentaire sant\u00e9. <\/span><\/span><\/span><span style=\"vertical-align: inherit;\"><span style=\"vertical-align: inherit;\"><span style=\"vertical-align: inherit;\">En cas de choix mixte (verres 100% Sant\u00e9, monture hors 100% Sant\u00e9), les verres sont rembours\u00e9s int\u00e9gralement et la monture dans les limites du contrat, avec \u00e9ventuellement un reste \u00e0 charge.\u00a0<\/span><\/span><\/span><\/span><\/p>\n<p><iframe loading=\"lazy\" title=\"L&#039;Assurance Maladie\" width=\"500\" height=\"281\" src=\"https:\/\/www.youtube.com\/embed\/MdiYHpnlAvg?feature=oembed\" frameborder=\"0\" allow=\"accelerometer; autoplay; clipboard-write; encrypted-media; gyroscope; picture-in-picture; web-share\" referrerpolicy=\"strict-origin-when-cross-origin\" allowfullscreen><\/iframe><\/p>\n<h1><span style=\"vertical-align: inherit;\"><span style=\"vertical-align: inherit;\"><span style=\"vertical-align: inherit;\"><span style=\"vertical-align: inherit;\"><span style=\"vertical-align: inherit;\"><span style=\"vertical-align: inherit;\"><span style=\"vertical-align: inherit;\"><span style=\"vertical-align: inherit;\"><span style=\"vertical-align: inherit;\"><span style=\"vertical-align: inherit;\"><span style=\"vertical-align: inherit;\"><span style=\"vertical-align: inherit;\">Qui est concern\u00e9 par le 100% Sant\u00e9 Optique en 2025 ?<\/span><\/span><\/span><\/span><\/span><\/span><\/span><\/span><\/span><\/span><\/span><\/span><\/h1>\n<h2><span style=\"vertical-align: inherit;\"><span style=\"vertical-align: inherit;\"><span style=\"vertical-align: inherit;\"><span style=\"vertical-align: inherit;\"><span style=\"vertical-align: inherit;\"><span style=\"vertical-align: inherit;\"><span style=\"vertical-align: inherit;\"><span style=\"vertical-align: inherit;\">Quelles sont les conditions d&rsquo;\u00e9ligibilit\u00e9 pour b\u00e9n\u00e9ficier du 100% sant\u00e9 Optique en 2025 ?<\/span><\/span><\/span><\/span><\/span><\/span><\/span><\/span><\/h2>\n<p><span style=\"vertical-align: inherit;\"><span style=\"vertical-align: inherit;\"><span style=\"vertical-align: inherit;\"><span style=\"vertical-align: inherit;\">L&rsquo;offre 100% Sant\u00e9 Optique est ouverte \u00e0 toute personne ayant une sant\u00e9 compl\u00e9mentaire responsable ou b\u00e9n\u00e9ficiant de la <\/span><\/span><a href=\"https:\/\/www.mes-allocs.fr\/guides\/aides-sante\/cmu-c\/\"><span style=\"vertical-align: inherit;\"><span style=\"vertical-align: inherit;\">CMU-c<\/span><\/span><\/a><span style=\"vertical-align: inherit;\"><span style=\"vertical-align: inherit;\"> . <\/span><\/span><\/span><span style=\"vertical-align: inherit;\"><span style=\"vertical-align: inherit;\"><span style=\"vertical-align: inherit;\">Cependant, son adh\u00e9sion demeure facultative, pr\u00e9servant ainsi la libert\u00e9 de chacun de s\u00e9lectionner les \u00e9quipements qui r\u00e9pondent \u00e0 ses pr\u00e9f\u00e9rences.<\/span><\/span><\/span><\/span><\/p>\n<p><span style=\"vertical-align: inherit;\"><span style=\"vertical-align: inherit;\"><span style=\"vertical-align: inherit;\"><span style=\"vertical-align: inherit;\">Exemple : Supposons que Pierre dispose d&rsquo;une compl\u00e9mentaire sant\u00e9 responsable et qu&rsquo;il souhaite profiter de l&rsquo;offre 100% Sant\u00e9 Optique pour obtenir une paire de lunettes. <\/span><\/span><\/span><span style=\"vertical-align: inherit;\"><span style=\"vertical-align: inherit;\"><span style=\"vertical-align: inherit;\">Il est libre de choisir cette option, mais s&rsquo;il pr\u00e9f\u00e8re une monture ou des verres en dehors de l&rsquo;offre 100% Sant\u00e9, il peut \u00e9galement opter pour cette alternative tout en b\u00e9n\u00e9ficiant des remboursements pr\u00e9vus par son contrat de compl\u00e9mentaire sant\u00e9 responsable.<\/span><\/span><\/span><\/span><\/p>\n<h2><span style=\"vertical-align: inherit;\"><span style=\"vertical-align: inherit;\"><span style=\"vertical-align: inherit;\"><span style=\"vertical-align: inherit;\"><span style=\"vertical-align: inherit;\"><span style=\"vertical-align: inherit;\"><span style=\"vertical-align: inherit;\"><span style=\"vertical-align: inherit;\">Qu&rsquo;est-ce que couvre le 100% Sant\u00e9 Optique ?<\/span><\/span><\/span><\/span><\/span><\/span><\/span><\/span><\/h2>\n<p><span style=\"vertical-align: inherit;\"><span style=\"vertical-align: inherit;\"><span style=\"vertical-align: inherit;\"><span style=\"vertical-align: inherit;\">Chaque opticien constitue son propre panier 100% Sant\u00e9 en s\u00e9lectionnant une diversit\u00e9 de montures, comprenant au moins 17 mod\u00e8les pour adultes en 2 couleurs diff\u00e9rentes et au moins 10 mod\u00e8les pour enfants en 2 couleurs diff\u00e9rentes. <\/span><\/span><\/span><span style=\"vertical-align: inherit;\"><span style=\"vertical-align: inherit;\"><span style=\"vertical-align: inherit;\">Les verres inclus dans l&rsquo;offre sont performants (antireflet, anti-rayure, amincis classe A) et traitent toutes les corrections visuelles.<\/span><\/span><\/span><\/span><\/p>\n<p><span style=\"vertical-align: inherit;\"><span style=\"vertical-align: inherit;\"><span style=\"vertical-align: inherit;\"><span style=\"vertical-align: inherit;\">Les assur\u00e9s ont toujours la possibilit\u00e9 de choisir des verres et des montures en dehors de l&rsquo;offre 100% Sant\u00e9. <\/span><\/span><\/span><span style=\"vertical-align: inherit;\"><span style=\"vertical-align: inherit;\"><span style=\"vertical-align: inherit;\">Ils peuvent \u00e9galement composer leur propre en s\u00e9lectionnant des montures 100% Sant\u00e9 avec des verres dont les prix sont fix\u00e9s librement par l&rsquo;opticien, ou inversement.<\/span><\/span><\/span><\/span><\/p>\n<p><span style=\"vertical-align: inherit;\"><span style=\"vertical-align: inherit;\"><span style=\"vertical-align: inherit;\"><span style=\"vertical-align: inherit;\">Pour b\u00e9n\u00e9ficier de l&rsquo;offre 100% Sant\u00e9 optique, la prescription m\u00e9dicale reste n\u00e9cessaire et la prise en charge des \u00e9quipements est soumise \u00e0 des p\u00e9riodes minimales de renouvellement. <\/span><\/span><\/span><span style=\"vertical-align: inherit;\"><span style=\"vertical-align: inherit;\"><span style=\"vertical-align: inherit;\">Les adultes et les enfants de 16 ans ou plus peuvent renouveler la prise en charge tous les deux ans, tandis que les enfants de moins de 16 ans peuvent le faire chaque ann\u00e9e, voire tous les 6 mois pour ceux de 6 ans et moins. <\/span><\/span><\/span><span style=\"vertical-align: inherit;\"><span style=\"vertical-align: inherit;\"><span style=\"vertical-align: inherit;\">Des d\u00e9rogations sont possibles en cas d&rsquo;\u00e9volution de la vue ou de pathologies sp\u00e9cifiques, avec une ordonnance de l&rsquo;ophtalmologiste.<\/span><\/span><\/span><\/span><\/p>\n<p><span style=\"vertical-align: inherit;\"><span style=\"vertical-align: inherit;\"><span style=\"vertical-align: inherit;\"><span style=\"vertical-align: inherit;\">Le renouvellement de la prescription peut se faire soit par un m\u00e9decin (ophtalmologiste, autre), soit \u00eatre adapt\u00e9 par un opticien dans un d\u00e9lai de 5 ans pour les personnes entre 16 et 42 ans, dans un d\u00e9lai de 3 ans pour les personnes de plus de 42 ans, ou dans un d\u00e9lai de 1 an pour les enfants de moins de 16 ans apr\u00e8s la derni\u00e8re prescription ophtalmologique.<\/span><\/span><\/span><\/span><\/p>\n<h2><span style=\"vertical-align: inherit;\"><span style=\"vertical-align: inherit;\"><span style=\"vertical-align: inherit;\"><span style=\"vertical-align: inherit;\"><span style=\"vertical-align: inherit;\"><span style=\"vertical-align: inherit;\"><span style=\"vertical-align: inherit;\"><span style=\"vertical-align: inherit;\">Comment b\u00e9n\u00e9ficier du 100% sant\u00e9 optique en 2025 ?<\/span><\/span><\/span><\/span><\/span><\/span><\/span><\/span><\/h2>\n<p><span style=\"vertical-align: inherit;\"><span style=\"vertical-align: inherit;\"><span style=\"vertical-align: inherit;\"><span style=\"vertical-align: inherit;\"><span style=\"vertical-align: inherit;\"><span style=\"vertical-align: inherit;\"><span style=\"vertical-align: inherit;\"><span style=\"vertical-align: inherit;\">L&rsquo;<\/span><\/span><\/span><\/span><\/span><\/span><\/span><\/span><span style=\"vertical-align: inherit;\"><span style=\"vertical-align: inherit;\"><span style=\"vertical-align: inherit;\"><span style=\"vertical-align: inherit;\"> acc\u00e8s \u00e0 l&rsquo;offre 100% sant\u00e9 optique n\u00e9cessite une prescription m\u00e9dicale d\u00e9livr\u00e9e par un opticien.<\/span><\/span><\/span><\/span><\/p>\n<p><span style=\"vertical-align: inherit;\"><span style=\"vertical-align: inherit;\"><span style=\"vertical-align: inherit;\"><span style=\"vertical-align: inherit;\">En ce qui concerne les remboursements, la couverture des \u00e9quipements optiques est soumise \u00e0 une p\u00e9riode minimale avant laquelle un nouveau remboursement n&rsquo;est pas possible, \u00e0 savoir :<\/span><\/span><\/span><\/span><\/p>\n<ul>\n<li><span style=\"vertical-align: inherit;\"><span style=\"vertical-align: inherit;\"><span style=\"vertical-align: inherit;\"><span style=\"vertical-align: inherit;\">Pour les adultes et les enfants de 16 ans ou plus : cette prise en charge est renouvelable tous les deux ans.<\/span><\/span><\/span><\/span><\/li>\n<li><span style=\"vertical-align: inherit;\"><span style=\"vertical-align: inherit;\"><span style=\"vertical-align: inherit;\"><span style=\"vertical-align: inherit;\">Pour les moins de 16 ans : elle peut \u00eatre renouvel\u00e9e chaque ann\u00e9e.<\/span><\/span><\/span><\/span><\/li>\n<li><span style=\"vertical-align: inherit;\"><span style=\"vertical-align: inherit;\"><span style=\"vertical-align: inherit;\"><span style=\"vertical-align: inherit;\">Pour les enfants de 6 ans et moins : elle peut \u00eatre renouvel\u00e9e tous les 6 mois.<\/span><\/span><\/span><\/span><\/li>\n<\/ul>\n<p><span style=\"vertical-align: inherit;\"><span style=\"vertical-align: inherit;\"><span style=\"vertical-align: inherit;\"><span style=\"vertical-align: inherit;\">En cas d&rsquo;\u00e9volution de la vision du patient ou de pathologies sp\u00e9cifiques, des d\u00e9rogations peuvent \u00eatre accord\u00e9es dans certaines situations avec une ordonnance de l&rsquo;ophtalmologiste, permettant \u00e0 l&rsquo;opticien de renouveler l&rsquo;\u00e9quipement complet ou les verres correcteurs selon les cas.<\/span><\/span><\/span><\/span><\/p>\n<p><span style=\"vertical-align: inherit;\"><span style=\"vertical-align: inherit;\"><span style=\"vertical-align: inherit;\"><span style=\"vertical-align: inherit;\">Le renouvellement de la prescription peut \u00eatre effectu\u00e9 :<\/span><\/span><\/span><\/span><\/p>\n<ul>\n<li><span style=\"vertical-align: inherit;\"><span style=\"vertical-align: inherit;\"><span style=\"vertical-align: inherit;\"><span style=\"vertical-align: inherit;\">soit par un m\u00e9decin (ophtalmologiste ou autre)<\/span><\/span><\/span><\/span><\/li>\n<li><span style=\"vertical-align: inherit;\"><span style=\"vertical-align: inherit;\"><span style=\"vertical-align: inherit;\"><span style=\"vertical-align: inherit;\">soit ajust\u00e9 par un opticien<\/span><\/span><\/span><\/span>\n<ul>\n<li><span style=\"vertical-align: inherit;\"><span style=\"vertical-align: inherit;\"><span style=\"vertical-align: inherit;\"><span style=\"vertical-align: inherit;\">dans un d\u00e9lai de 3 ans pour les personnes de plus de 42 ans<\/span><\/span><\/span><\/span><\/li>\n<li><span style=\"vertical-align: inherit;\"><span style=\"vertical-align: inherit;\"><span style=\"vertical-align: inherit;\"><span style=\"vertical-align: inherit;\">dans un d\u00e9lai de 5 ans pour les personnes entre 16 et 42 ans<\/span><\/span><\/span><\/span><\/li>\n<li><span style=\"vertical-align: inherit;\"><span style=\"vertical-align: inherit;\"><span style=\"vertical-align: inherit;\"><span style=\"vertical-align: inherit;\">dans un d\u00e9lai de 1 an pour les enfants de moins de 16 ans apr\u00e8s la derni\u00e8re prescription ophtalmologique<\/span><\/span><\/span><\/span><\/li>\n<\/ul>\n<\/li>\n<\/ul>\n<p><span style=\"vertical-align: inherit;\"><span style=\"vertical-align: inherit;\"><span style=\"vertical-align: inherit;\"><span style=\"vertical-align: inherit;\"><span style=\"vertical-align: inherit;\"><span style=\"vertical-align: inherit;\"><span style=\"vertical-align: inherit;\"><span style=\"vertical-align: inherit;\"><span style=\"vertical-align: inherit;\"><span style=\"vertical-align: inherit;\"><span style=\"vertical-align: inherit;\"><span style=\"vertical-align: inherit;\"><span style=\"vertical-align: inherit;\"><span style=\"vertical-align: inherit;\"><span style=\"vertical-align: inherit;\"><span style=\"vertical-align: inherit;\"><span style=\"vertical-align: inherit;\"><span style=\"vertical-align: inherit;\"><span style=\"vertical-align: inherit;\"><span style=\"vertical-align: inherit;\"><span style=\"vertical-align: inherit;\"><span style=\"vertical-align: inherit;\"><span style=\"vertical-align: inherit;\"><span style=\"vertical-align: inherit;\"><span style=\"vertical-align: inherit;\"><span style=\"vertical-align: inherit;\"><div class='cta-block'><div class='text'>Simulez vos aides en 2 min.<\/div><a href='https:\/\/www.mes-allocs.fr\/ab-app?origin=guides\/wp-json\/wp\/v2\/posts\/74147' class='app-button fit'>Simulation gratuite<\/a><\/div><\/span><\/span><\/span><\/span><\/span><\/span><\/span><\/span><\/span><\/span><\/span><\/span><\/span><\/span><\/span><\/span><\/span><\/span><\/span><\/span><\/span><\/span><\/span><\/span><\/span><\/span><\/p>\n<h1><span style=\"vertical-align: inherit;\"><span style=\"vertical-align: inherit;\"><span style=\"vertical-align: inherit;\"><span style=\"vertical-align: inherit;\"><span style=\"vertical-align: inherit;\"><span style=\"vertical-align: inherit;\"><span style=\"vertical-align: inherit;\"><span style=\"vertical-align: inherit;\">Comprendre les paniers du 100% Sant\u00e9 Optique en 2025<\/span><\/span><\/span><\/span><\/span><\/span><\/span><\/span><\/h1>\n<h2><span style=\"font-size: 16px; font-weight: 400;\"><span style=\"vertical-align: inherit;\"><span style=\"vertical-align: inherit;\"><span style=\"vertical-align: inherit;\"><span style=\"vertical-align: inherit;\">L&rsquo;offre 100% Sant\u00e9 en optique se divise en deux paniers distincts : le panier A, enti\u00e8rement rembours\u00e9 \u00e0 100%, et le panier B, dont le remboursement d\u00e9pend des termes du contrat avec votre mutuelle.<\/span><\/span><\/span><\/span><\/span><\/h2>\n<h2><span style=\"vertical-align: inherit;\"><span style=\"vertical-align: inherit;\"><span style=\"vertical-align: inherit;\"><span style=\"vertical-align: inherit;\">Panier A<\/span><\/span><\/span><\/span><\/h2>\n<p><span style=\"vertical-align: inherit;\"><span style=\"vertical-align: inherit;\"><span style=\"vertical-align: inherit;\"><span style=\"vertical-align: inherit;\">Dans le panier A, la monture et les verres, impos\u00e9s en prix et indice d&rsquo;amincissement, sont pris en charge \u00e0 60% par la S\u00e9curit\u00e9 Sociale et \u00e0 40% par la mutuelle. <\/span><\/span><\/span><span style=\"vertical-align: inherit;\"><span style=\"vertical-align: inherit;\"><span style=\"vertical-align: inherit;\">Pour obtenir le remboursement des teintes de verre, l&rsquo;ordonnance du m\u00e9decin prescripteur doit le pr\u00e9ciser, de m\u00eame pour l&rsquo;indication de deux paires de lunettes pour la vision de pr\u00e8s et de loin.<\/span><\/span><\/span><\/span><\/p>\n<p><span style=\"vertical-align: inherit;\"><span style=\"vertical-align: inherit;\"><span style=\"vertical-align: inherit;\"><span style=\"vertical-align: inherit;\">La r\u00e9forme permet ainsi d&rsquo;obtenir un \u00e9quipement optique \u00e0 0 euro parmi un large choix de montures et des verres impos\u00e9s en fonction de la correction dans le panier A.<\/span><\/span><\/span><\/span><\/p>\n<p><span style=\"vertical-align: inherit;\"><span style=\"vertical-align: inherit;\"><span style=\"vertical-align: inherit;\"><span style=\"vertical-align: inherit;\">Les montants de remboursement du 100% Sant\u00e9 en optique pour le panier A sont les suivants :<\/span><\/span><\/span><\/span><\/p>\n<ul>\n<li><span style=\"vertical-align: inherit;\"><span style=\"vertical-align: inherit;\"><span style=\"vertical-align: inherit;\"><span style=\"vertical-align: inherit;\">Montant : 30\u20ac maximum<\/span><\/span><\/span><\/span><\/li>\n<li><span style=\"vertical-align: inherit;\"><span style=\"vertical-align: inherit;\"><span style=\"vertical-align: inherit;\"><span style=\"vertical-align: inherit;\">Verres unifocaux : de 65\u20ac \u00e0 235\u20ac<\/span><\/span><\/span><\/span><\/li>\n<li><span style=\"vertical-align: inherit;\"><span style=\"vertical-align: inherit;\"><span style=\"vertical-align: inherit;\"><span style=\"vertical-align: inherit;\">Verres progressifs : de 150\u20ac \u00e0 340\u20ac<\/span><\/span><\/span><\/span><\/li>\n<\/ul>\n<h2><span style=\"vertical-align: inherit;\"><span style=\"vertical-align: inherit;\"><span style=\"vertical-align: inherit;\"><span style=\"vertical-align: inherit;\">Panier B<\/span><\/span><\/span><\/span><\/h2>\n<p><span style=\"vertical-align: inherit;\"><span style=\"vertical-align: inherit;\"><span style=\"vertical-align: inherit;\"><span style=\"vertical-align: inherit;\">Le panier B propose une monture et des lunettes \u00e0 prix et caract\u00e9ristiques libres, rembours\u00e9s \u00e0 0,05\u20ac par la S\u00e9curit\u00e9 Sociale et le reste par votre mutuelle (selon les conditions de prise en charge). <\/span><\/span><\/span><span style=\"vertical-align: inherit;\"><span style=\"vertical-align: inherit;\"><span style=\"vertical-align: inherit;\">Vous avez la libert\u00e9 de choisir n&rsquo;importe quelle monture ou type de lunettes, mais la mutuelle rembourse jusqu&rsquo;\u00e0 100\u20ac pour la monture.<\/span><\/span><\/span><\/span><\/p>\n<p><span style=\"vertical-align: inherit;\"><span style=\"vertical-align: inherit;\"><span style=\"vertical-align: inherit;\"><span style=\"vertical-align: inherit;\">Vous avez \u00e9galement la possibilit\u00e9 d&rsquo;acheter les lunettes de votre choix au prix souhait\u00e9 avec un \u00e9ventuel reste \u00e0 charger dans le panier B.<\/span><\/span><\/span><\/span><\/p>\n<h2><strong><span style=\"vertical-align: inherit;\"><span style=\"vertical-align: inherit;\"><span style=\"vertical-align: inherit;\"><span style=\"vertical-align: inherit;\">M\u00e9lange du panier A et du panier B<\/span><\/span><\/span><\/span><\/strong><\/h2>\n<p><span style=\"vertical-align: inherit;\"><span style=\"vertical-align: inherit;\"><span style=\"vertical-align: inherit;\"><span style=\"vertical-align: inherit;\">Les paniers A et B peuvent \u00eatre m\u00e9lang\u00e9s, ce qui signifie que vous pouvez choisir des verres du panier A avec une monture du panier B, et vice versa. <\/span><\/span><\/span><span style=\"vertical-align: inherit;\"><span style=\"vertical-align: inherit;\"><span style=\"vertical-align: inherit;\">Dans ce cas, le remboursement sera effectu\u00e9 en fonction du panier A ou B de chaque \u00e9l\u00e9ment.<\/span><\/span><\/span><\/span><\/p>\n<p><span style=\"vertical-align: inherit;\"><span style=\"vertical-align: inherit;\"><span style=\"vertical-align: inherit;\"><span style=\"vertical-align: inherit;\">Exemples :<\/span><\/span><\/span><\/span><\/p>\n<ul>\n<li><span style=\"vertical-align: inherit;\"><span style=\"vertical-align: inherit;\"><span style=\"vertical-align: inherit;\"><span style=\"vertical-align: inherit;\">Une monture du panier A avec des verres du panier A sera enti\u00e8rement rembours\u00e9e.<\/span><\/span><\/span><\/span><\/li>\n<li><span style=\"vertical-align: inherit;\"><span style=\"vertical-align: inherit;\"><span style=\"vertical-align: inherit;\"><span style=\"vertical-align: inherit;\">Une monture du panier B avec des verres du panier B sera rembours\u00e9e selon les termes du contrat de compl\u00e9mentaire sant\u00e9, avec un remboursement maximal de 100\u20ac pour la monture.<\/span><\/span><\/span><\/span><\/li>\n<li><span style=\"vertical-align: inherit;\"><span style=\"vertical-align: inherit;\"><span style=\"vertical-align: inherit;\"><span style=\"vertical-align: inherit;\">Une monture du panier A avec des verres du panier B sera rembours\u00e9e \u00e0 100% pour la monture et les verres seront rembours\u00e9s selon les modalit\u00e9s du contrat de sant\u00e9 compl\u00e9mentaire.<\/span><\/span><\/span><\/span><\/li>\n<\/ul>\n<p><span style=\"vertical-align: inherit;\"><span style=\"vertical-align: inherit;\"><span style=\"vertical-align: inherit;\"><span style=\"vertical-align: inherit;\"><span style=\"vertical-align: inherit;\"><span style=\"vertical-align: inherit;\"><span style=\"vertical-align: inherit;\"><span style=\"vertical-align: inherit;\"><span style=\"vertical-align: inherit;\"><span style=\"vertical-align: inherit;\"><span style=\"vertical-align: inherit;\"><span style=\"vertical-align: inherit;\"><span style=\"vertical-align: inherit;\"><span style=\"vertical-align: inherit;\"><span style=\"vertical-align: inherit;\"><span style=\"vertical-align: inherit;\"><span style=\"vertical-align: inherit;\"><span style=\"vertical-align: inherit;\"><span style=\"vertical-align: inherit;\"><span style=\"vertical-align: inherit;\"><span style=\"vertical-align: inherit;\"><span style=\"vertical-align: inherit;\"><span style=\"vertical-align: inherit;\"><span style=\"vertical-align: inherit;\"><span style=\"vertical-align: inherit;\"><span style=\"vertical-align: inherit;\"><div class='cta-block'><div class='text'>Simulez vos aides en 2 min.<\/div><a href='https:\/\/www.mes-allocs.fr\/ab-app?origin=guides\/wp-json\/wp\/v2\/posts\/74147' class='app-button fit'>Simulation gratuite<\/a><\/div><\/span><\/span><\/span><\/span><\/span><\/span><\/span><\/span><\/span><\/span><\/span><\/span><\/span><\/span><\/span><\/span><\/span><\/span><\/span><\/span><\/span><\/span><\/span><\/span><\/span><\/span><\/p>\n","protected":false},"excerpt":{"rendered":"<p>L&rsquo;offre \u00ab\u00a0100 % Sant\u00e9\u00a0\u00bb optique d&rsquo;Ameli \u00a0propose une vari\u00e9t\u00e9 de montures color\u00e9es et de verres traitant toutes les corrections visuelles, incluant des options esth\u00e9tiques, tous rembours\u00e9s \u00e0 100% depuis 2020. Qu&rsquo;est-ce que le 100% Sant\u00e9 Optique ?\u00a0 Le 100% sant\u00e9 De nombreux Fran\u00e7ais renoncent \u00e0 des soins essentiels tels que des lunettes, des proth\u00e8ses dentaires [&hellip;]<\/p>\n","protected":false},"author":28,"featured_media":74150,"comment_status":"open","ping_status":"open","sticky":false,"template":"","format":"standard","meta":{"amp_status":"","footnotes":""},"categories":[31073],"tags":[],"class_list":["post-74147","post","type-post","status-publish","format-standard","has-post-thumbnail","hentry","category-ameli"],"yoast_head":"<!-- This site is optimized with the Yoast SEO plugin v14.9 - https:\/\/yoast.com\/wordpress\/plugins\/seo\/ -->\n<title>100% Sant\u00e9 Optique : mieux comprendre l&#039;offre d&#039;Ameli | Mes-Allocs.fr<\/title>\n<meta name=\"description\" content=\"Dans cet article Mes Allocs vous explique tout sur l&#039;offre 100% Sant\u00e9 Optique propos\u00e9 par l&#039;Assurance Maladie Ameli.\" \/>\n<meta name=\"robots\" content=\"index, follow, max-snippet:-1, max-image-preview:large, max-video-preview:-1\" \/>\n<link rel=\"canonical\" href=\"https:\/\/www.mes-allocs.fr\/guides\/ameli\/100-sante-optique\/\" \/>\n<meta property=\"og:locale\" content=\"fr_FR\" \/>\n<meta property=\"og:type\" content=\"article\" \/>\n<meta property=\"og:title\" content=\"100% Sant\u00e9 Optique : mieux comprendre l&#039;offre d&#039;Ameli | Mes-Allocs.fr\" \/>\n<meta property=\"og:description\" content=\"Dans cet article Mes Allocs vous explique tout sur l&#039;offre 100% Sant\u00e9 Optique propos\u00e9 par l&#039;Assurance Maladie Ameli.\" \/>\n<meta property=\"og:url\" content=\"https:\/\/www.mes-allocs.fr\/guides\/ameli\/100-sante-optique\/\" \/>\n<meta property=\"og:site_name\" content=\"Mes-Allocs.fr\" \/>\n<meta property=\"article:published_time\" content=\"2024-02-12T09:02:48+00:00\" \/>\n<meta property=\"article:modified_time\" content=\"2026-04-22T09:55:16+00:00\" \/>\n<meta property=\"og:image\" content=\"https:\/\/www.mes-allocs.fr\/guides\/wp-content\/uploads\/2024\/01\/Banner-1-7-1.png?wsr\" \/>\n\t<meta property=\"og:image:width\" content=\"1500\" \/>\n\t<meta property=\"og:image:height\" content=\"400\" \/>\n<meta name=\"twitter:card\" content=\"summary_large_image\" \/>\n<script type=\"application\/ld+json\" class=\"yoast-schema-graph\">{\"@context\":\"https:\/\/schema.org\",\"@graph\":[{\"@type\":\"WebSite\",\"@id\":\"https:\/\/www.mes-allocs.fr\/guides\/#website\",\"url\":\"https:\/\/www.mes-allocs.fr\/guides\/\",\"name\":\"Mes-Allocs.fr\",\"description\":\"\",\"potentialAction\":[{\"@type\":\"SearchAction\",\"target\":\"https:\/\/www.mes-allocs.fr\/guides\/?s={search_term_string}\",\"query-input\":\"required name=search_term_string\"}],\"inLanguage\":\"fr-FR\"},{\"@type\":\"ImageObject\",\"@id\":\"https:\/\/www.mes-allocs.fr\/guides\/ameli\/100-sante-optique\/#primaryimage\",\"inLanguage\":\"fr-FR\",\"url\":\"https:\/\/www.mes-allocs.fr\/guides\/wp-content\/uploads\/2024\/01\/Banner-1-7-1.png?wsr\",\"width\":1500,\"height\":400,\"caption\":\"100 sant\\u00e9 optique\"},{\"@type\":\"WebPage\",\"@id\":\"https:\/\/www.mes-allocs.fr\/guides\/ameli\/100-sante-optique\/#webpage\",\"url\":\"https:\/\/www.mes-allocs.fr\/guides\/ameli\/100-sante-optique\/\",\"name\":\"100% Sant\\u00e9 Optique : mieux comprendre l'offre d'Ameli | Mes-Allocs.fr\",\"isPartOf\":{\"@id\":\"https:\/\/www.mes-allocs.fr\/guides\/#website\"},\"primaryImageOfPage\":{\"@id\":\"https:\/\/www.mes-allocs.fr\/guides\/ameli\/100-sante-optique\/#primaryimage\"},\"datePublished\":\"2024-02-12T09:02:48+00:00\",\"dateModified\":\"2026-04-22T09:55:16+00:00\",\"author\":{\"@id\":\"https:\/\/www.mes-allocs.fr\/guides\/#\/schema\/person\/e506e10a355aa02ef75c736bcb442d65\"},\"description\":\"Dans cet article Mes Allocs vous explique tout sur l'offre 100% Sant\\u00e9 Optique propos\\u00e9 par l'Assurance Maladie Ameli.\",\"inLanguage\":\"fr-FR\"},{\"@type\":\"Person\",\"@id\":\"https:\/\/www.mes-allocs.fr\/guides\/#\/schema\/person\/e506e10a355aa02ef75c736bcb442d65\",\"name\":\"Janelle Legros\",\"image\":{\"@type\":\"ImageObject\",\"@id\":\"https:\/\/www.mes-allocs.fr\/guides\/#personlogo\",\"inLanguage\":\"fr-FR\",\"url\":\"https:\/\/www.mes-allocs.fr\/guides\/wp-content\/uploads\/2024\/01\/c7a29860-f8e7-4078-8a51-6cd71447d7e9.jpeg\",\"caption\":\"Janelle Legros\"},\"description\":\"Janelle est r\\u00e9dactrice web et charg\\u00e9e de communication pour Mes Allocs. Sp\\u00e9cialiste des d\\u00e9marches administratives, elle rejoint l'\\u00e9quipe Mes Allocs apr\\u00e8s une premi\\u00e8re exp\\u00e9rience en journalisme.\",\"sameAs\":[\"https:\/\/www.linkedin.com\/in\/janelle-legros\/\"]}]}<\/script>\n<!-- \/ Yoast SEO plugin. -->","amp_validity":null,"acf":{"faq":{"1":{"question":"Qui peut b\u00e9n\u00e9ficier du 100% Sant\u00e9 Optique ? ","answer":"L'offre 100 % Sant\u00e9 est destin\u00e9e \u00e0 toutes les personnes ayant une compl\u00e9mentaire sant\u00e9 responsable ou b\u00e9n\u00e9ficiant de la CMU-c. "},"2":{"question":" Les lunettes sont-elles enti\u00e8rement rembours\u00e9es ?","answer":"Selon la monture et les verres choisis, l'offre 100% Sant\u00e9 optique peut couvrir int\u00e9gralement les frais d'un renouvellement de lunettes sur prescription m\u00e9dicale."},"3":{"question":"Les lunettes rembours\u00e9es dans le 100% Sant\u00e9 Optique sont-elles de mauvaise qualit\u00e9 ?","answer":"Non, les montures et verres respectant les normes de qualit\u00e9 requises pour r\u00e9pondre aux besoins des patients font partie du panier 100 % Sant\u00e9, assurant un remboursement complet. "},"4":{"question":"L'opticien peut-il imposer une d\u00e9cision ?","answer":"Non, vous conservez la libert\u00e9 de choisir entre l'offre 100% Sant\u00e9 et d'autres options. "},"5":{"question":"Est-ce que tous les opticiens font le 100% sant\u00e9 optique ?","answer":"Oui, tous les opticiens en France sont tenus de fournir deux devis distincts \u00e0 chaque patient : le premier concerne les \u00e9quipements optiques \u00e9ligibles au 100% sant\u00e9 optique, comprenant les montures et les verres de classe A, enti\u00e8rement rembours\u00e9s \u00e0 100%."},"6":{"question":" Comment puis-je v\u00e9rifier si je suis b\u00e9n\u00e9ficiaire du 100% sant\u00e9 optique ?","answer":"Pour obtenir votre attestation de droits, veuillez acc\u00e9der \u00e0 la section \"Mes d\u00e9marches en 2 clics\" de votre compte Ameli. Vous pouvez \u00e9galement faire appel \u00e0 un expert Mes Allocs pour faire le point sur toutes les aides auxquelles vous avez droit."},"7":{"question":"","answer":""},"8":{"question":"","answer":""},"9":{"question":"","answer":""},"10":{"question":"","answer":""},"11":{"question":"","answer":""},"12":{"question":"","answer":""},"13":{"question":"","answer":""},"14":{"question":"","answer":""},"15":{"question":"","answer":""},"16":{"question":"","answer":""}}},"_links":{"self":[{"href":"https:\/\/www.mes-allocs.fr\/guides\/wp-json\/wp\/v2\/posts\/74147","targetHints":{"allow":["GET"]}}],"collection":[{"href":"https:\/\/www.mes-allocs.fr\/guides\/wp-json\/wp\/v2\/posts"}],"about":[{"href":"https:\/\/www.mes-allocs.fr\/guides\/wp-json\/wp\/v2\/types\/post"}],"author":[{"embeddable":true,"href":"https:\/\/www.mes-allocs.fr\/guides\/wp-json\/wp\/v2\/users\/28"}],"replies":[{"embeddable":true,"href":"https:\/\/www.mes-allocs.fr\/guides\/wp-json\/wp\/v2\/comments?post=74147"}],"version-history":[{"count":8,"href":"https:\/\/www.mes-allocs.fr\/guides\/wp-json\/wp\/v2\/posts\/74147\/revisions"}],"predecessor-version":[{"id":97116,"href":"https:\/\/www.mes-allocs.fr\/guides\/wp-json\/wp\/v2\/posts\/74147\/revisions\/97116"}],"wp:featuredmedia":[{"embeddable":true,"href":"https:\/\/www.mes-allocs.fr\/guides\/wp-json\/wp\/v2\/media\/74150"}],"wp:attachment":[{"href":"https:\/\/www.mes-allocs.fr\/guides\/wp-json\/wp\/v2\/media?parent=74147"}],"wp:term":[{"taxonomy":"category","embeddable":true,"href":"https:\/\/www.mes-allocs.fr\/guides\/wp-json\/wp\/v2\/categories?post=74147"},{"taxonomy":"post_tag","embeddable":true,"href":"https:\/\/www.mes-allocs.fr\/guides\/wp-json\/wp\/v2\/tags?post=74147"}],"curies":[{"name":"wp","href":"https:\/\/api.w.org\/{rel}","templated":true}]}}