{"id":74142,"date":"2024-02-01T00:04:26","date_gmt":"2024-01-31T22:04:26","guid":{"rendered":"https:\/\/www.mes-allocs.fr\/guides\/?p=74142"},"modified":"2025-03-21T18:39:41","modified_gmt":"2025-03-21T16:39:41","slug":"refus-de-conge-sabbatique-demarches-et-recours","status":"publish","type":"post","link":"https:\/\/www.mes-allocs.fr\/guides\/conge-sabbatique\/refus-de-conge-sabbatique-demarches-et-recours\/","title":{"rendered":"Refus de cong\u00e9 sabbatique : d\u00e9marches et recours"},"content":{"rendered":"<p><img loading=\"lazy\" decoding=\"async\" class=\"alignnone wp-image-74160 size-full\" title=\"refus conge sabbatique\" src=\"https:\/\/www.mes-allocs.fr\/guides\/wp-content\/uploads\/2024\/01\/refus-conge-sabbatique-2--e1706729089577.jpg\" alt=\"refus conge sabbatique\" width=\"1280\" height=\"275\" srcset=\"https:\/\/www.mes-allocs.fr\/guides\/wp-content\/uploads\/2024\/01\/refus-conge-sabbatique-2--e1706729089577.jpg 1280w, https:\/\/www.mes-allocs.fr\/guides\/wp-content\/uploads\/2024\/01\/refus-conge-sabbatique-2--e1706729089577-300x64.jpg 300w, https:\/\/www.mes-allocs.fr\/guides\/wp-content\/uploads\/2024\/01\/refus-conge-sabbatique-2--e1706729089577-1024x220.jpg 1024w, https:\/\/www.mes-allocs.fr\/guides\/wp-content\/uploads\/2024\/01\/refus-conge-sabbatique-2--e1706729089577-768x165.jpg 768w, https:\/\/www.mes-allocs.fr\/guides\/wp-content\/uploads\/2024\/01\/refus-conge-sabbatique-2--e1706729089577-600x129.jpg 600w\" sizes=\"auto, (max-width: 1280px) 100vw, 1280px\" \/><strong>Face \u00e0 un refus de<a href=\"https:\/\/www.mes-allocs.fr\/guides\/conge-sabbatique\/\"> cong\u00e9 sabbatique<\/a> de la part de l&#8217;employeur, il est essentiel de conna\u00eetre les d\u00e9marches \u00e0 entreprendre et les recours disponibles. Cette situation peut susciter des interrogations quant aux motifs du refus, aux droits du salari\u00e9 et aux voies de contestation. Mes Allocs vous aide \u00e0 comprendre les d\u00e9marches \u00e0 suivre et les recours possibles en cas de refus de cong\u00e9 sabbatique.<\/strong><\/p>\n<div class='cta-block'><div class='text'>Simulez votre toutes vos aides en 2 min.<\/div><a href='https:\/\/www.mes-allocs.fr\/ab-app?origin=guides\/wp-json\/wp\/v2\/posts\/74142' class='app-button fit'>Simulation gratuite<\/a><\/div>\n<h1>Quels sont les motifs courants de refus de cong\u00e9 sabbatique ?<\/h1>\n<h2>Exigences op\u00e9rationnelles de l&rsquo;entrepris<\/h2>\n<p>Les exigences op\u00e9rationnelles de l&rsquo;entreprise font r\u00e9f\u00e9rence aux besoins sp\u00e9cifiques de fonctionnement de l&rsquo;entreprise pour assurer sa continuit\u00e9 et son bon fonctionnement. Voici quelques points \u00e0 consid\u00e9rer :<\/p>\n<p><strong>Charge de travail :<\/strong> l&rsquo;entreprise peut refuser un cong\u00e9 sabbatique si le d\u00e9part du salari\u00e9 pendant une p\u00e9riode sp\u00e9cifique entra\u00eenerait une surcharge de travail pour les autres employ\u00e9s ou perturberait la r\u00e9alisation des projets en cours.<\/p>\n<p><strong>Disponibilit\u00e9 du personnel :<\/strong> certains secteurs, comme les services d&rsquo;urgence ou les industries \u00e0 forte saisonnalit\u00e9, n\u00e9cessitent une disponibilit\u00e9 constante du personnel pour r\u00e9pondre aux demandes des clients ou pour assurer la production.<\/p>\n<p><strong>Remplacement du salari\u00e9 :<\/strong> si le d\u00e9part du salari\u00e9 en cong\u00e9 sabbatique n\u00e9cessite un remplacement temporaire, l&rsquo;entreprise peut refuser la demande si elle estime qu&rsquo;il serait difficile de trouver un rempla\u00e7ant qualifi\u00e9 ou si le co\u00fbt associ\u00e9 est trop \u00e9lev\u00e9.<\/p>\n<p><strong>Projets strat\u00e9giques :<\/strong> l&rsquo;entreprise peut avoir des projets strat\u00e9giques en cours ou des \u00e9ch\u00e9ances importantes \u00e0 respecter, et le d\u00e9part d&rsquo;un salari\u00e9 cl\u00e9 pendant cette p\u00e9riode pourrait compromettre la r\u00e9alisation de ces objectifs.<\/p>\n<p><strong>Politiques internes :<\/strong> certaines entreprises ont des politiques internes strictes en mati\u00e8re de cong\u00e9s sabbatiques, d\u00e9finissant les p\u00e9riodes pendant lesquelles les demandes peuvent \u00eatre accept\u00e9es en fonction des besoins op\u00e9rationnels.<\/p>\n<p>En somme, l&rsquo;entreprise doit \u00e9valuer attentivement l&rsquo;impact du cong\u00e9 sabbatique demand\u00e9 sur ses op\u00e9rations et sa capacit\u00e9 \u00e0 fonctionner efficacement en l&rsquo;absence du salari\u00e9 avant de prendre une d\u00e9cision de refus.<\/p>\n<h2>L&rsquo;impact sur l&rsquo;organisation du travail<\/h2>\n<p>Le refus d&rsquo;un cong\u00e9 sabbatique peut \u00eatre motiv\u00e9 par l&rsquo;impact potentiel sur l&rsquo;organisation du travail au sein de l&rsquo;entreprise. En effet, la d\u00e9cision de lib\u00e9rer un employ\u00e9 pour une p\u00e9riode prolong\u00e9e peut avoir des r\u00e9percussions sur la r\u00e9partition des t\u00e2ches et la coordination des activit\u00e9s.<\/p>\n<p>Dans un contexte o\u00f9 les ressources humaines sont d\u00e9j\u00e0 sollicit\u00e9es, l&rsquo;absence d&rsquo;un collaborateur cl\u00e9 pourrait entra\u00eener un d\u00e9s\u00e9quilibre dans la charge de travail, n\u00e9cessitant une r\u00e9organisation des \u00e9quipes pour maintenir la productivit\u00e9. De plus, si le salari\u00e9 en cong\u00e9 sabbatique occupe une position strat\u00e9gique ou d\u00e9tient des comp\u00e9tences sp\u00e9cifiques, son absence pourrait compromettre la bonne marche des op\u00e9rations, notamment dans la gestion de projets ou les relations avec les clients.<\/p>\n<p>Par ailleurs, l&rsquo;impact sur l&rsquo;organisation du travail peut \u00eatre exacerb\u00e9 si le d\u00e9part en cong\u00e9 sabbatique co\u00efncide avec une p\u00e9riode critique pour l&rsquo;entreprise, comme le lancement d&rsquo;un nouveau produit, la r\u00e9alisation d&rsquo;un projet majeur ou une p\u00e9riode de forte activit\u00e9 commerciale.<\/p>\n<p>Dans ces circonstances, la pr\u00e9sence continue de tous les membres de l&rsquo;\u00e9quipe peut \u00eatre jug\u00e9e indispensable pour r\u00e9pondre aux exigences op\u00e9rationnelles et garantir la satisfaction des clients. Ainsi, le refus d&rsquo;un cong\u00e9 sabbatique peut \u00eatre justifi\u00e9 par la n\u00e9cessit\u00e9 de maintenir la stabilit\u00e9 et l&rsquo;efficacit\u00e9 de l&rsquo;organisation du travail, en pr\u00e9servant la continuit\u00e9 des activit\u00e9s et en assurant la qualit\u00e9 des services rendus.<\/p>\n<div class='cta-block'><div class='text'>Simulez votre toutes vos aides en 2 min.<\/div><a href='https:\/\/www.mes-allocs.fr\/ab-app?origin=guides\/wp-json\/wp\/v2\/posts\/74142' class='app-button fit'>Simulation gratuite<\/a><\/div>\n<h1>Quelles sont les d\u00e9marches \u00e0 entreprendre en cas de refus de cong\u00e9 sabbatique ?<\/h1>\n<h2>La communication avec l&#8217;employeur<\/h2>\n<p>Lorsqu&rsquo;un cong\u00e9 sabbatique est refus\u00e9, il est essentiel d&rsquo;entamer une communication ouverte et respectueuse avec l&#8217;employeur. Cette communication peut se d\u00e9rouler lors d&rsquo;une r\u00e9union en personne ou par le biais d&rsquo;une correspondance \u00e9crite, selon ce qui est le plus appropri\u00e9 dans le contexte de l&rsquo;entreprise.<\/p>\n<p>L&rsquo;objectif de cette communication est de comprendre les raisons du refus, d&rsquo;exprimer ses propres motivations pour le cong\u00e9 sabbatique et de chercher des solutions potentielles. Il est important d&rsquo;adopter une attitude professionnelle et constructive tout au long de cette d\u00e9marche afin de maintenir de bonnes relations avec l&#8217;employeur.<\/p>\n<h2>La demande de justification du refus<\/h2>\n<p>Si le cong\u00e9 sabbatique est refus\u00e9, il est l\u00e9gitime de demander \u00e0 l&#8217;employeur une justification claire et d\u00e9taill\u00e9e de cette d\u00e9cision. Cette demande peut \u00eatre effectu\u00e9e par \u00e9crit, en pr\u00e9cisant que le salari\u00e9 souhaite comprendre les raisons sp\u00e9cifiques du refus afin de pouvoir envisager des solutions alternatives ou d&rsquo;apporter des clarifications si n\u00e9cessaire.<\/p>\n<p>La demande de justification peut \u00e9galement inclure une demande de rencontre avec l&#8217;employeur pour discuter plus en d\u00e9tail des motifs du refus et explorer d&rsquo;\u00e9ventuelles options de r\u00e9solution. En demandant une justification du refus, le salari\u00e9 montre son engagement \u00e0 trouver une solution \u00e9quilibr\u00e9e tout en s&rsquo;assurant que ses droits sont respect\u00e9s.<\/p>\n<h2>La recherche de solutions alternatives<\/h2>\n<p>En cas de refus de cong\u00e9 sabbatique, il est important d&rsquo;explorer activement des solutions alternatives avec l&#8217;employeur. Cela peut inclure la recherche de compromis ou d&rsquo;am\u00e9nagements sp\u00e9cifiques qui r\u00e9pondent aux besoins de l&rsquo;entreprise tout en permettant au salari\u00e9 de r\u00e9aliser ses projets.<\/p>\n<p>Les solutions alternatives peuvent prendre diff\u00e9rentes formes, telles que la modification des dates de cong\u00e9, la r\u00e9duction de la dur\u00e9e du cong\u00e9, le recours \u00e0 des cong\u00e9s pay\u00e9s ou \u00e0 des jours de repos accumul\u00e9s, ou encore le passage \u00e0 un temps partiel temporaire. La collaboration entre l&#8217;employeur et le salari\u00e9 est essentielle pour trouver des solutions qui conviennent \u00e0 toutes les parties tout en pr\u00e9servant les int\u00e9r\u00eats de l&rsquo;entreprise et en respectant les droits du salari\u00e9.<\/p>\n<p>Voici un tableau r\u00e9sumant les d\u00e9marches et recours en cas de refus de cong\u00e9 sabbatique :<\/p>\n\n<div class=\"wpdt-c row wpDataTableContainerSimpleTable wpDataTables wpDataTablesWrapper\n\"\n    >\n    <table id=\"wpdtSimpleTable-522\"\n           class=\"wpdtSimpleTable wpDataTable\"\n           data-column=\"2\"\n           data-rows=\"6\"\n           data-wpID=\"522\"\n           data-responsive=\"0\"\n           data-has-header=\"1\">\n\n                    <thead>        <tr class=\"wpdt-cell-row \" >\n                            <th class=\"wpdt-cell wpdt-bc-F3F9FE wpdt-bold\"\n                                    data-cell-id=\"A1\"\n                data-col-index=\"0\"\n                data-row-index=\"0\"\n                style=\" width:49.910554561717%;                padding:10px;\"\n                >\n                                Cong\u00e9 sabbatique                <\/th>\n                                            <th class=\"wpdt-cell wpdt-bc-F3F9FE wpdt-bold\"\n                                    data-cell-id=\"B1\"\n                data-col-index=\"1\"\n                data-row-index=\"0\"\n                style=\" width:50.089445438283%;                padding:10px;\"\n                >\n                                Cong\u00e9 sans solde                <\/th>\n                                        <\/tr>\n                    <tbody>        <tr class=\"wpdt-cell-row \" >\n                            <td class=\"wpdt-cell \"\n                                    data-cell-id=\"A2\"\n                data-col-index=\"0\"\n                data-row-index=\"1\"\n                style=\"                padding:10px;\"\n                >\n                                Anciennet\u00e9 dans l'entreprise requise                <\/td>\n                                            <td class=\"wpdt-cell \"\n                                    data-cell-id=\"B2\"\n                data-col-index=\"1\"\n                data-row-index=\"1\"\n                style=\"                padding:10px;\"\n                >\n                                Pas d'anciennet\u00e9 requise                <\/td>\n                                        <\/tr>\n                            <tr class=\"wpdt-cell-row \" >\n                            <td class=\"wpdt-cell \"\n                                    data-cell-id=\"A3\"\n                data-col-index=\"0\"\n                data-row-index=\"2\"\n                style=\"                padding:10px;\"\n                >\n                                6 ann\u00e9es d'activit\u00e9 professionnelle requises                <\/td>\n                                            <td class=\"wpdt-cell \"\n                                    data-cell-id=\"B3\"\n                data-col-index=\"1\"\n                data-row-index=\"2\"\n                style=\"                padding:10px;\"\n                >\n                                Pas d'ann\u00e9es d'activit\u00e9 professionnelle requises                <\/td>\n                                        <\/tr>\n                            <tr class=\"wpdt-cell-row \" >\n                            <td class=\"wpdt-cell \"\n                                    data-cell-id=\"A4\"\n                data-col-index=\"0\"\n                data-row-index=\"3\"\n                style=\"                padding:10px;\"\n                >\n                                Pas de r\u00e9mun\u00e9ration                <\/td>\n                                            <td class=\"wpdt-cell \"\n                                    data-cell-id=\"B4\"\n                data-col-index=\"1\"\n                data-row-index=\"3\"\n                style=\"                padding:10px;\"\n                >\n                                Pas de r\u00e9mun\u00e9ration                <\/td>\n                                        <\/tr>\n                            <tr class=\"wpdt-cell-row \" >\n                            <td class=\"wpdt-cell \"\n                                    data-cell-id=\"A5\"\n                data-col-index=\"0\"\n                data-row-index=\"4\"\n                style=\"                padding:10px;\"\n                >\n                                R\u00e9glement\u00e9 par le code du travail                <\/td>\n                                            <td class=\"wpdt-cell \"\n                                    data-cell-id=\"B5\"\n                data-col-index=\"1\"\n                data-row-index=\"4\"\n                style=\"                padding:10px;\"\n                >\n                                Pas r\u00e9glement\u00e9 par le code du travail                <\/td>\n                                        <\/tr>\n                            <tr class=\"wpdt-cell-row \" >\n                            <td class=\"wpdt-cell \"\n                                    data-cell-id=\"A6\"\n                data-col-index=\"0\"\n                data-row-index=\"5\"\n                style=\"                padding:10px;\"\n                >\n                                Accord de l'employeur n\u00e9cessaire                <\/td>\n                                            <td class=\"wpdt-cell \"\n                                    data-cell-id=\"B6\"\n                data-col-index=\"1\"\n                data-row-index=\"5\"\n                style=\"                padding:10px;\"\n                >\n                                Accord de l'employeur n\u00e9cessaire                <\/td>\n                                        <\/tr>\n                    <\/table>\n<\/div><style id='wpdt-custom-style-522'>\ntable#wpdtSimpleTable-522{ table-layout: fixed !important; }\n.wpdt-bc-F3F9FE { background-color: #F3F9FE !important;}\n<\/style>\n\n<p><iframe loading=\"lazy\" title=\"Le cong\u00e9 sabbatique\" width=\"500\" height=\"281\" src=\"https:\/\/www.youtube.com\/embed\/LVb9xmVd30o?feature=oembed\" frameborder=\"0\" allow=\"accelerometer; autoplay; clipboard-write; encrypted-media; gyroscope; picture-in-picture; web-share\" referrerpolicy=\"strict-origin-when-cross-origin\" allowfullscreen><\/iframe><\/p>\n<h1>Quel recours disponibles en cas de refus injustifi\u00e9 de cong\u00e9 sabbatique ?<\/h1>\n<h2>La contestation aupr\u00e8s de l&#8217;employeur<\/h2>\n<p>Lorsqu&rsquo;un salari\u00e9 se voit refuser un cong\u00e9 sabbatique par son employeur, il peut entamer une d\u00e9marche de contestation en s&rsquo;adressant directement \u00e0 ce dernier. Voici quelques \u00e9tapes \u00e0 suivre dans ce processus :<\/p>\n<p><strong>Analyse des motifs de refus<\/strong> : le salari\u00e9 devrait d&rsquo;abord comprendre les raisons invoqu\u00e9es par l&#8217;employeur pour refuser le cong\u00e9 sabbatique. Il peut s&rsquo;agir d&rsquo;exigences op\u00e9rationnelles de l&rsquo;entreprise ou d&rsquo;un impact sur l&rsquo;organisation du travail.<\/p>\n<p><strong>Entretien avec l&#8217;employeur<\/strong> : le salari\u00e9 peut demander un entretien avec son employeur pour discuter des motifs du refus et exprimer son point de vue. Cela peut permettre de clarifier la situation et de trouver des solutions alternatives.<\/p>\n<p><strong>Pr\u00e9sentation d&rsquo;arguments<\/strong> : pendant l&rsquo;entretien, le salari\u00e9 peut pr\u00e9senter des arguments justifiant sa demande de cong\u00e9 sabbatique, notamment en mettant en avant ses motivations personnelles et professionnelles, ainsi que les b\u00e9n\u00e9fices potentiels pour l&rsquo;entreprise.<\/p>\n<p><strong>Proposition de compromis<\/strong> : si certaines pr\u00e9occupations de l&#8217;employeur peuvent \u00eatre adress\u00e9es, le salari\u00e9 peut proposer des compromis ou des solutions alternatives qui r\u00e9pondent aux besoins des deux parties.<\/p>\n<p><strong>Documentation<\/strong> : il est conseill\u00e9 de documenter tous les \u00e9changes avec l&#8217;employeur, y compris les demandes de cong\u00e9 sabbatique et les r\u00e9ponses re\u00e7ues. Cela peut \u00eatre utile en cas de litige ult\u00e9rieur.<\/p>\n<p>En contestant le refus de cong\u00e9 sabbatique de mani\u00e8re respectueuse et constructive, le salari\u00e9 montre son engagement tout en cherchant \u00e0 trouver une solution qui convienne \u00e0 toutes les parties.<\/p>\n<h2>M\u00e9diation et conciliation<\/h2>\n<p>i la communication directe avec l&#8217;employeur n&rsquo;a pas abouti ou si les deux parties rencontrent des difficult\u00e9s \u00e0 trouver un terrain d&rsquo;entente, le recours \u00e0 la m\u00e9diation ou \u00e0 la conciliation peut \u00eatre une option :<\/p>\n<ul>\n<li><strong>M\u00e9diation<\/strong> : un m\u00e9diateur neutre et impartial peut intervenir pour faciliter le dialogue entre le salari\u00e9 et l&#8217;employeur. Le m\u00e9diateur aide les parties \u00e0 explorer les points de d\u00e9saccord, \u00e0 identifier les int\u00e9r\u00eats sous-jacents et \u00e0 trouver des solutions mutuellement acceptables. La m\u00e9diation se d\u00e9roule g\u00e9n\u00e9ralement dans un cadre confidentiel et volontaire.<\/li>\n<li><strong>Conciliation<\/strong> : dans certains cas, un tiers impartial, souvent un repr\u00e9sentant syndical ou un conseiller du travail, peut agir en tant que conciliateur. Son r\u00f4le est de faciliter les discussions et de proposer des compromis afin de r\u00e9soudre le conflit entre le salari\u00e9 et l&#8217;employeur. Comme pour la m\u00e9diation, la conciliation vise \u00e0 parvenir \u00e0 un accord amiable sans recourir \u00e0 des proc\u00e9dures judiciaires.<\/li>\n<\/ul>\n<p>La m\u00e9diation et la conciliation offrent aux deux parties l&rsquo;opportunit\u00e9 de r\u00e9soudre leurs diff\u00e9rends de mani\u00e8re informelle, rapide et moins co\u00fbteuse que les proc\u00e9dures juridiques. Cependant, leur succ\u00e8s d\u00e9pend de la volont\u00e9 des parties de coop\u00e9rer et de trouver des solutions mutuellement acceptables. Si aucune r\u00e9solution n&rsquo;est trouv\u00e9e par ces moyens, le salari\u00e9 peut envisager des recours juridiques plus formels.<\/p>\n<h2>Le recours juridiques et saisine des autorit\u00e9s comp\u00e9tentes<\/h2>\n<p>Si les tentatives de r\u00e9solution \u00e0 l&rsquo;amiable \u00e9chouent, le salari\u00e9 peut envisager des recours juridiques plus formels. Voici quelques \u00e9tapes \u00e0 consid\u00e9rer :<\/p>\n<p><strong>Consultation d&rsquo;un avocat<\/strong> : avant d&rsquo;engager des d\u00e9marches juridiques, il est recommand\u00e9 de consulter un avocat sp\u00e9cialis\u00e9 en droit du travail. L&rsquo;avocat pourra \u00e9valuer la situation, examiner les documents pertinents et conseiller sur les options disponibles.<\/p>\n<p><strong>R\u00e9daction d&rsquo;une lettre de contestation<\/strong> : si le refus de cong\u00e9 sabbatique est per\u00e7u comme injustifi\u00e9, le salari\u00e9 peut r\u00e9diger une lettre formelle adress\u00e9e \u00e0 l&#8217;employeur, exposant les motifs de contestation et demandant une r\u00e9vision de la d\u00e9cision. Cette lettre devrait \u00eatre claire, factuelle et professionnelle.<\/p>\n<p><strong>Saisine des autorit\u00e9s comp\u00e9tentes<\/strong> : en cas de refus persistant et injustifi\u00e9, le salari\u00e9 peut envisager de saisir les autorit\u00e9s comp\u00e9tentes, telles que l&rsquo;inspection du travail ou les prud&rsquo;hommes. Ces instances peuvent \u00eatre contact\u00e9es pour obtenir des conseils, d\u00e9poser une plainte ou engager des proc\u00e9dures juridiques appropri\u00e9es.<\/p>\n<p><strong>Engagement d&rsquo;une action en justice<\/strong> : si toutes les autres voies de r\u00e9solution \u00e9chouent, le salari\u00e9 peut choisir d&rsquo;engager une action en justice contre l&#8217;employeur. Cette d\u00e9marche implique g\u00e9n\u00e9ralement la pr\u00e9sentation de preuves et d&rsquo;arguments devant un tribunal comp\u00e9tent, qui prendra une d\u00e9cision finale sur la l\u00e9galit\u00e9 du refus de cong\u00e9 sabbatique.<\/p>\n<p>Il est important de noter que les proc\u00e9dures juridiques peuvent \u00eatre longues, co\u00fbteuses et stressantes. Il est donc essentiel de peser soigneusement les options et de rechercher un r\u00e8glement juste et \u00e9quitable pour toutes les parties impliqu\u00e9es.<\/p>\n<div class='cta-block'><div class='text'>Simulez votre toutes vos aides en 2 min.<\/div><a href='https:\/\/www.mes-allocs.fr\/ab-app?origin=guides\/wp-json\/wp\/v2\/posts\/74142' class='app-button fit'>Simulation gratuite<\/a><\/div>\n","protected":false},"excerpt":{"rendered":"<p>Face \u00e0 un refus de cong\u00e9 sabbatique de la part de l&#8217;employeur, il est essentiel de conna\u00eetre les d\u00e9marches \u00e0 entreprendre et les recours disponibles. Cette situation peut susciter des interrogations quant aux motifs du refus, aux droits du salari\u00e9 et aux voies de contestation. Mes Allocs vous aide \u00e0 comprendre les d\u00e9marches \u00e0 suivre [&hellip;]<\/p>\n","protected":false},"author":26,"featured_media":0,"comment_status":"closed","ping_status":"open","sticky":false,"template":"","format":"standard","meta":{"amp_status":"","footnotes":""},"categories":[15121],"tags":[],"class_list":["post-74142","post","type-post","status-publish","format-standard","hentry","category-conge-sabbatique"],"yoast_head":"<!-- This site is optimized with the Yoast SEO plugin v14.9 - https:\/\/yoast.com\/wordpress\/plugins\/seo\/ -->\n<title>Refus de cong\u00e9 sabbatique : d\u00e9marches et recours | Mes-Allocs.fr<\/title>\n<meta name=\"description\" content=\"Face \u00e0 un refus de cong\u00e9 sabbatique, il est essentiel de conna\u00eetre les d\u00e9marches \u00e0 entreprendre et les recours disponibles.\" \/>\n<meta name=\"robots\" content=\"index, follow, max-snippet:-1, max-image-preview:large, max-video-preview:-1\" \/>\n<link rel=\"canonical\" href=\"https:\/\/www.mes-allocs.fr\/guides\/conge-sabbatique\/refus-de-conge-sabbatique-demarches-et-recours\/\" \/>\n<meta property=\"og:locale\" content=\"fr_FR\" \/>\n<meta property=\"og:type\" content=\"article\" \/>\n<meta property=\"og:title\" content=\"Refus de cong\u00e9 sabbatique : d\u00e9marches et recours | Mes-Allocs.fr\" \/>\n<meta property=\"og:description\" content=\"Face \u00e0 un refus de cong\u00e9 sabbatique, il est essentiel de conna\u00eetre les d\u00e9marches \u00e0 entreprendre et les recours disponibles.\" \/>\n<meta property=\"og:url\" content=\"https:\/\/www.mes-allocs.fr\/guides\/conge-sabbatique\/refus-de-conge-sabbatique-demarches-et-recours\/\" \/>\n<meta property=\"og:site_name\" content=\"Mes-Allocs.fr\" \/>\n<meta property=\"article:published_time\" content=\"2024-01-31T22:04:26+00:00\" \/>\n<meta property=\"article:modified_time\" content=\"2025-03-21T16:39:41+00:00\" \/>\n<meta property=\"og:image\" content=\"https:\/\/www.mes-allocs.fr\/guides\/wp-content\/uploads\/2024\/01\/refus-conge-sabbatique-2--e1706729089577.jpg\" \/>\n<meta name=\"twitter:card\" content=\"summary_large_image\" \/>\n<script type=\"application\/ld+json\" class=\"yoast-schema-graph\">{\"@context\":\"https:\/\/schema.org\",\"@graph\":[{\"@type\":\"WebSite\",\"@id\":\"https:\/\/www.mes-allocs.fr\/guides\/#website\",\"url\":\"https:\/\/www.mes-allocs.fr\/guides\/\",\"name\":\"Mes-Allocs.fr\",\"description\":\"\",\"potentialAction\":[{\"@type\":\"SearchAction\",\"target\":\"https:\/\/www.mes-allocs.fr\/guides\/?s={search_term_string}\",\"query-input\":\"required name=search_term_string\"}],\"inLanguage\":\"fr-FR\"},{\"@type\":\"ImageObject\",\"@id\":\"https:\/\/www.mes-allocs.fr\/guides\/conge-sabbatique\/refus-de-conge-sabbatique-demarches-et-recours\/#primaryimage\",\"inLanguage\":\"fr-FR\",\"url\":\"https:\/\/www.mes-allocs.fr\/guides\/wp-content\/uploads\/2024\/01\/refus-conge-sabbatique-2--e1706729089577.jpg?wsr\",\"width\":1280,\"height\":275,\"caption\":\"refus conge sabbatique\"},{\"@type\":\"WebPage\",\"@id\":\"https:\/\/www.mes-allocs.fr\/guides\/conge-sabbatique\/refus-de-conge-sabbatique-demarches-et-recours\/#webpage\",\"url\":\"https:\/\/www.mes-allocs.fr\/guides\/conge-sabbatique\/refus-de-conge-sabbatique-demarches-et-recours\/\",\"name\":\"Refus de cong\\u00e9 sabbatique : d\\u00e9marches et recours | Mes-Allocs.fr\",\"isPartOf\":{\"@id\":\"https:\/\/www.mes-allocs.fr\/guides\/#website\"},\"primaryImageOfPage\":{\"@id\":\"https:\/\/www.mes-allocs.fr\/guides\/conge-sabbatique\/refus-de-conge-sabbatique-demarches-et-recours\/#primaryimage\"},\"datePublished\":\"2024-01-31T22:04:26+00:00\",\"dateModified\":\"2025-03-21T16:39:41+00:00\",\"author\":{\"@id\":\"https:\/\/www.mes-allocs.fr\/guides\/#\/schema\/person\/9c38f3be41a0ddcd1e3fde5a3df713bf\"},\"description\":\"Face \\u00e0 un refus de cong\\u00e9 sabbatique, il est essentiel de conna\\u00eetre les d\\u00e9marches \\u00e0 entreprendre et les recours disponibles.\",\"inLanguage\":\"fr-FR\"},{\"@type\":\"Person\",\"@id\":\"https:\/\/www.mes-allocs.fr\/guides\/#\/schema\/person\/9c38f3be41a0ddcd1e3fde5a3df713bf\",\"name\":\"Sessime Ananou\",\"image\":{\"@type\":\"ImageObject\",\"@id\":\"https:\/\/www.mes-allocs.fr\/guides\/#personlogo\",\"inLanguage\":\"fr-FR\",\"url\":\"https:\/\/www.mes-allocs.fr\/guides\/wp-content\/uploads\/2023\/08\/IMG_8173-150x150.jpg\",\"caption\":\"Sessime Ananou\"},\"description\":\"Sessime est r\\u00e9dactrice chez Mes Allocs, sp\\u00e9cialis\\u00e9e sur le pouvoir d'achat. Elle rejoint l'\\u00e9quipe Mes Allocs en ao\\u00fbt 2023 afin de simplifier l'acc\\u00e8s \\u00e0 l'information sur les aides en g\\u00e9n\\u00e9ral.\"}]}<\/script>\n<!-- \/ Yoast SEO plugin. -->","amp_validity":null,"acf":{"faq":{"1":{"question":"Pourquoi mon employeur peut-il refuser ma demande de cong\u00e9 sabbatique ?","answer":"Votre employeur peut refuser votre demande de cong\u00e9 sabbatique pour diverses raisons, notamment si cela perturbe le bon fonctionnement de l'entreprise ou si le nombre de demandes d\u00e9passe les possibilit\u00e9s d'organisation."},"2":{"question":"Quels sont les recours si mon employeur refuse ma demande de cong\u00e9 sabbatique ?","answer":"Si votre demande est refus\u00e9e, vous pouvez d'abord discuter avec votre employeur pour comprendre les raisons du refus. Si vous estimez que le refus est injustifi\u00e9, vous pouvez envisager des recours internes dans l'entreprise ou m\u00eame des recours juridiques, selon les circonstances."},"3":{"question":"Puis-je contester le refus de mon employeur de mani\u00e8re informelle ?","answer":"Oui, il est souvent recommand\u00e9 de commencer par une discussion informelle avec votre employeur pour clarifier les raisons du refus et voir s'il est possible de trouver un terrain d'entente."},"4":{"question":"Mon employeur doit-il me fournir une justification \u00e9crite du refus de cong\u00e9 sabbatique ?","answer":"En g\u00e9n\u00e9ral, il est pr\u00e9f\u00e9rable que votre employeur vous donne une explication \u00e9crite du refus de votre demande de cong\u00e9 sabbatique, surtout si vous envisagez de contester cette d\u00e9cision."},"5":{"question":"Quels sont les recours formels disponibles en cas de refus de cong\u00e9 sabbatique ?","answer":"Si la discussion informelle ne donne pas de r\u00e9sultats satisfaisants, vous pouvez envisager de faire une r\u00e9clamation formelle aupr\u00e8s de votre employeur conform\u00e9ment aux politiques internes de l'entreprise ou de rechercher des conseils juridiques.   "},"6":{"question":"Y a-t-il des instances externes vers lesquelles je peux me tourner en cas de refus injustifi\u00e9 de cong\u00e9 sabbatique ?","answer":"Oui, vous pouvez contacter des organismes externes tels que les syndicats, les associations de travailleurs ou les autorit\u00e9s du travail pour obtenir des conseils et de l'aide en cas de refus injustifi\u00e9 de cong\u00e9 sabbatique."},"7":{"question":"","answer":""},"8":{"question":"","answer":""},"9":{"question":"","answer":""},"10":{"question":"","answer":""},"11":{"question":"","answer":""},"12":{"question":"","answer":""},"13":{"question":"","answer":""},"14":{"question":"","answer":""},"15":{"question":"","answer":""},"16":{"question":"","answer":""}}},"_links":{"self":[{"href":"https:\/\/www.mes-allocs.fr\/guides\/wp-json\/wp\/v2\/posts\/74142","targetHints":{"allow":["GET"]}}],"collection":[{"href":"https:\/\/www.mes-allocs.fr\/guides\/wp-json\/wp\/v2\/posts"}],"about":[{"href":"https:\/\/www.mes-allocs.fr\/guides\/wp-json\/wp\/v2\/types\/post"}],"author":[{"embeddable":true,"href":"https:\/\/www.mes-allocs.fr\/guides\/wp-json\/wp\/v2\/users\/26"}],"replies":[{"embeddable":true,"href":"https:\/\/www.mes-allocs.fr\/guides\/wp-json\/wp\/v2\/comments?post=74142"}],"version-history":[{"count":5,"href":"https:\/\/www.mes-allocs.fr\/guides\/wp-json\/wp\/v2\/posts\/74142\/revisions"}],"predecessor-version":[{"id":96669,"href":"https:\/\/www.mes-allocs.fr\/guides\/wp-json\/wp\/v2\/posts\/74142\/revisions\/96669"}],"wp:attachment":[{"href":"https:\/\/www.mes-allocs.fr\/guides\/wp-json\/wp\/v2\/media?parent=74142"}],"wp:term":[{"taxonomy":"category","embeddable":true,"href":"https:\/\/www.mes-allocs.fr\/guides\/wp-json\/wp\/v2\/categories?post=74142"},{"taxonomy":"post_tag","embeddable":true,"href":"https:\/\/www.mes-allocs.fr\/guides\/wp-json\/wp\/v2\/tags?post=74142"}],"curies":[{"name":"wp","href":"https:\/\/api.w.org\/{rel}","templated":true}]}}