{"id":74129,"date":"2024-01-31T19:27:58","date_gmt":"2024-01-31T17:27:58","guid":{"rendered":"https:\/\/www.mes-allocs.fr\/guides\/?p=74129"},"modified":"2025-03-21T18:38:40","modified_gmt":"2025-03-21T16:38:40","slug":"delai-de-prevenance-pour-le-retour-de-conge-sabbatique","status":"publish","type":"post","link":"https:\/\/www.mes-allocs.fr\/guides\/conge-sabbatique\/conge-sabbatique-retour\/delai-de-prevenance-pour-le-retour-de-conge-sabbatique\/","title":{"rendered":"Le d\u00e9lai de pr\u00e9venance pour le retour de cong\u00e9 sabbatique"},"content":{"rendered":"<p><img loading=\"lazy\" decoding=\"async\" class=\"alignnone wp-image-74136 size-full\" title=\"delai de prevenance retour conge sabbatique\" src=\"https:\/\/www.mes-allocs.fr\/guides\/wp-content\/uploads\/2024\/01\/delai-de-prevenance-retour-conge-sabbatique-e1706721780646.jpg\" alt=\"delai de prevenance retour conge sabbatique\" width=\"1280\" height=\"304\" srcset=\"https:\/\/www.mes-allocs.fr\/guides\/wp-content\/uploads\/2024\/01\/delai-de-prevenance-retour-conge-sabbatique-e1706721780646.jpg 1280w, https:\/\/www.mes-allocs.fr\/guides\/wp-content\/uploads\/2024\/01\/delai-de-prevenance-retour-conge-sabbatique-e1706721780646-300x71.jpg 300w, https:\/\/www.mes-allocs.fr\/guides\/wp-content\/uploads\/2024\/01\/delai-de-prevenance-retour-conge-sabbatique-e1706721780646-1024x243.jpg 1024w, https:\/\/www.mes-allocs.fr\/guides\/wp-content\/uploads\/2024\/01\/delai-de-prevenance-retour-conge-sabbatique-e1706721780646-768x182.jpg 768w, https:\/\/www.mes-allocs.fr\/guides\/wp-content\/uploads\/2024\/01\/delai-de-prevenance-retour-conge-sabbatique-e1706721780646-600x143.jpg 600w\" sizes=\"auto, (max-width: 1280px) 100vw, 1280px\" \/><\/p>\n<p><strong>Le d\u00e9lai de pr\u00e9venance pour le retour de <a href=\"https:\/\/www.mes-allocs.fr\/guides\/conge-sabbatique\/\">cong\u00e9 sabbatique<\/a> est un \u00e9l\u00e9ment crucial \u00e0 prendre en compte pour assurer une transition efficace entre le cong\u00e9 et le retour au travail. Ce d\u00e9lai, souvent r\u00e9glement\u00e9 par la loi ou d\u00e9fini par les politiques internes de l&rsquo;entreprise, vise \u00e0 faciliter la r\u00e9int\u00e9gration de l&#8217;employ\u00e9 tout en permettant \u00e0 l&#8217;employeur d&rsquo;organiser ad\u00e9quatement le retour au sein de l&rsquo;\u00e9quipe. Mes Allocs vous explique tout.\u00a0<\/strong><\/p>\n<div class='cta-block'><div class='text'>Simulez votre toutes vos aides en 2 min.<\/div><a href='https:\/\/www.mes-allocs.fr\/ab-app?origin=guides\/wp-json\/wp\/v2\/posts\/74129' class='app-button fit'>Simulation gratuite<\/a><\/div>\n<h1><strong>D\u00e9finition du d\u00e9lai de pr\u00e9venance pour le retour de cong\u00e9 sabbatique<\/strong><\/h1>\n<h2><strong>Explication du concept<\/strong><\/h2>\n<p>Le d\u00e9lai de pr\u00e9venance pour le retour de cong\u00e9 sabbatique d\u00e9signe la p\u00e9riode de temps pendant laquelle un employ\u00e9 doit informer son employeur de son intention de reprendre le travail apr\u00e8s avoir b\u00e9n\u00e9fici\u00e9 d&rsquo;un cong\u00e9 sabbatique. Ce d\u00e9lai peut \u00eatre d\u00e9fini par la loi, les conventions collectives ou les politiques internes de l&rsquo;entreprise et vise \u00e0 assurer une transition fluide entre le cong\u00e9 et la reprise des activit\u00e9s professionnelles.<\/p>\n<h2><strong>Quel est l&rsquo;importance de respecter ce d\u00e9lai ?\u00a0<\/strong><\/h2>\n<p>Le respect du d\u00e9lai de pr\u00e9venance rev\u00eat une importance capitale pour plusieurs raisons. Tout d&rsquo;abord, cela permet \u00e0 l&#8217;employeur d&rsquo;organiser efficacement le retour de l&#8217;employ\u00e9 au sein de l&rsquo;entreprise en ajustant les plannings, en r\u00e9allouant les t\u00e2ches et en assurant une continuit\u00e9 des activit\u00e9s. Ensuite, cela permet \u00e0 l&#8217;employ\u00e9 de s&rsquo;assurer que son poste et ses responsabilit\u00e9s seront pr\u00eats \u00e0 son retour, \u00e9vitant ainsi toute confusion ou malentendu.<strong> Respecter ce d\u00e9lai d\u00e9montre \u00e9galement un engagement envers l&rsquo;entreprise et facilite la gestion des ressources humaines<\/strong>.<\/p>\n<div class='cta-block'><div class='text'>Simulez votre toutes vos aides en 2 min.<\/div><a href='https:\/\/www.mes-allocs.fr\/ab-app?origin=guides\/wp-json\/wp\/v2\/posts\/74129' class='app-button fit'>Simulation gratuite<\/a><\/div>\n<h1><strong>Quels sont les facteurs influen\u00e7ant le d\u00e9lai de pr\u00e9venance ?\u00a0<\/strong><\/h1>\n<h2><strong>Les dispositions l\u00e9gales et r\u00e9glementaires<\/strong><\/h2>\n<p>es dispositions l\u00e9gales et r\u00e9glementaires relatives au d\u00e9lai de pr\u00e9venance pour le retour de cong\u00e9 sabbatique varient d&rsquo;un pays \u00e0 l&rsquo;autre. En g\u00e9n\u00e9ral, les lois du travail \u00e9tablissent des r\u00e8gles concernant le pr\u00e9avis que les employ\u00e9s doivent donner \u00e0 leur employeur avant de reprendre leur activit\u00e9 professionnelle.<\/p>\n<p>Ces d\u00e9lais peuvent \u00eatre sp\u00e9cifi\u00e9s dans le code du travail ou dans des accords sectoriels. Ils visent \u00e0 permettre \u00e0 l&#8217;employeur de mieux planifier la reprise du travail et \u00e0 assurer une transition efficace pour l&#8217;employ\u00e9. Il est important de se r\u00e9f\u00e9rer aux lois locales et aux conventions collectives pour conna\u00eetre les d\u00e9lais de pr\u00e9venance applicables dans chaque situation.<\/p>\n<h2><strong>Les politiques internes de l&rsquo;entreprise<\/strong><\/h2>\n<p>En plus des exigences l\u00e9gales, les entreprises peuvent \u00e9tablir leurs propres politiques internes concernant les d\u00e9lais de pr\u00e9venance pour le retour de cong\u00e9 sabbatique. Ces politiques peuvent \u00eatre d\u00e9finies dans les conventions collectives, les contrats de travail ou les manuels de l&#8217;employ\u00e9. Elles peuvent pr\u00e9ciser des d\u00e9lais sp\u00e9cifiques \u00e0 respecter ainsi que les proc\u00e9dures \u00e0 suivre pour informer l&#8217;employeur de l&rsquo;intention de reprendre le travail.<\/p>\n<p>Ces politiques peuvent varier d&rsquo;une entreprise \u00e0 l&rsquo;autre et peuvent \u00eatre adapt\u00e9es en fonction des besoins organisationnels et des pratiques en vigueur.<\/p>\n<p><iframe loading=\"lazy\" title=\"Le cong\u00e9 sabbatique\" width=\"500\" height=\"281\" src=\"https:\/\/www.youtube.com\/embed\/LVb9xmVd30o?feature=oembed\" frameborder=\"0\" allow=\"accelerometer; autoplay; clipboard-write; encrypted-media; gyroscope; picture-in-picture; web-share\" referrerpolicy=\"strict-origin-when-cross-origin\" allowfullscreen><\/iframe><\/p>\n<h1>La gestion du d\u00e9lai de pr\u00e9venance<\/h1>\n<h2>La communication avec l&#8217;employeur<\/h2>\n<p>Lorsque vous envisagez de reprendre le travail apr\u00e8s un cong\u00e9 sabbatique, il est crucial d&rsquo;entretenir une communication ouverte et transparente avec votre employeur. Voici quelques points cl\u00e9s \u00e0 consid\u00e9rer lors de cette communication :<\/p>\n<ol>\n<li><strong>Notification pr\u00e9coce :<\/strong> informez votre employeur de votre intention de retourner au travail d\u00e8s que vous prenez votre d\u00e9cision. Cela donne \u00e0 votre employeur le temps n\u00e9cessaire pour organiser votre r\u00e9int\u00e9gration et ajuster les horaires de travail si n\u00e9cessaire.<\/li>\n<li><strong>Clart\u00e9 sur vos attentes :<\/strong> exprimez clairement vos attentes concernant votre retour au travail, y compris vos disponibilit\u00e9s, les \u00e9ventuels besoins d&rsquo;am\u00e9nagements (horaires flexibles, t\u00e9l\u00e9travail, etc.) et toute autre information pertinente.<\/li>\n<li><strong>Discussion sur les changements \u00e9ventuels :<\/strong> si votre cong\u00e9 sabbatique a influenc\u00e9 vos objectifs professionnels ou vos pr\u00e9f\u00e9rences en mati\u00e8re de travail, discutez-en avec votre employeur. Cela peut inclure des changements dans vos responsabilit\u00e9s, des projets sur lesquels vous souhaitez travailler, ou des besoins en formation suppl\u00e9mentaire.<\/li>\n<li><strong>Prise en compte des politiques internes :<\/strong> familiarisez-vous avec les politiques de l&rsquo;entreprise concernant les retours de cong\u00e9 sabbatique et respectez les proc\u00e9dures \u00e9tablies pour faciliter le processus de r\u00e9int\u00e9gration.<\/li>\n<\/ol>\n<p>Une communication ouverte et proactive avec votre employeur contribuera \u00e0 un retour r\u00e9ussi au travail apr\u00e8s votre cong\u00e9 sabbatique.<\/p>\n<h2>La flexibilit\u00e9 et n\u00e9gociation<\/h2>\n<p>La flexibilit\u00e9 et la n\u00e9gociation sont essentielles lors du retour d&rsquo;un cong\u00e9 sabbatique. Voici quelques conseils pour aborder ces aspects avec votre employeur :<\/p>\n<p><strong>Proposition de solutions alternatives :<\/strong> si vous rencontrez des difficult\u00e9s pour reprendre votre poste dans les m\u00eames conditions qu&rsquo;avant votre cong\u00e9 sabbatique, proposez des solutions alternatives. Cela peut inclure des ajustements d&rsquo;horaires, du t\u00e9l\u00e9travail partiel ou des p\u00e9riodes de transition progressive pour faciliter votre r\u00e9int\u00e9gration.<\/p>\n<p><strong>\u00c9coute active :<\/strong> soyez ouvert \u00e0 la discussion et \u00e0 la collaboration avec votre employeur. \u00c9coutez ses pr\u00e9occupations et soyez pr\u00eat \u00e0 trouver des compromis qui r\u00e9pondent aux besoins des deux parties.<\/p>\n<p><strong>Argumentation bas\u00e9e sur la valeur :<\/strong> mettez en avant les b\u00e9n\u00e9fices pour l&rsquo;entreprise de votre retour et des arrangements propos\u00e9s. Soulignez comment ces solutions peuvent contribuer \u00e0 votre productivit\u00e9 et \u00e0 votre engagement professionnel.<\/p>\n<p><strong>Flexibilit\u00e9 dans les d\u00e9lais :<\/strong> si votre employeur exprime des pr\u00e9occupations concernant le timing de votre retour, soyez pr\u00eat \u00e0 discuter de diff\u00e9rentes options. Proposez des d\u00e9lais r\u00e9alistes qui tiennent compte \u00e0 la fois de vos besoins et de ceux de l&rsquo;entreprise.<\/p>\n<p><strong>R\u00e9solution constructive des conflits :<\/strong> en cas de d\u00e9saccord, cherchez des solutions constructives et explorez les compromis possibles. Restez ouvert au dialogue et faites preuve de flexibilit\u00e9 pour trouver des arrangements qui conviennent \u00e0 toutes les parties.<\/p>\n<p>En adoptant une approche flexible et collaborative, vous augmentez vos chances de parvenir \u00e0 un accord mutuellement b\u00e9n\u00e9fique avec votre employeur pour votre retour apr\u00e8s un cong\u00e9 sabbatique.<\/p>\n<h2>Les dolutions alternatives en cas d&rsquo;impr\u00e9vus<\/h2>\n<p>Lorsque des impr\u00e9vus surviennent concernant votre retour de cong\u00e9 sabbatique, il est essentiel d&rsquo;envisager des solutions alternatives pour g\u00e9rer la situation. Vous pouvez rechercher du soutien interne aupr\u00e8s de vos coll\u00e8gues, de votre superviseur ou du service des ressources humaines pour identifier des solutions ou aborder les probl\u00e8mes de mani\u00e8re constructive. Proposez un am\u00e9nagement progressif de vos horaires si vous rencontrez des difficult\u00e9s \u00e0 reprendre vos fonctions \u00e0 temps plein imm\u00e9diatement.<\/p>\n<p><strong>Le t\u00e9l\u00e9travail temporaire peut \u00e9galement \u00eatre une option pour maintenir votre engagement professionnel tout en offrant une certaine souplesse<\/strong>. Explorez des arrangements de travail alternatifs tels que le travail par projet ou le partage de poste, et discutez avec votre employeur de la possibilit\u00e9 de prendre un cong\u00e9 suppl\u00e9mentaire ou non pay\u00e9 si les impr\u00e9vus n\u00e9cessitent plus de temps pour \u00eatre r\u00e9solus. En collaborant avec votre employeur et en restant ouvert \u00e0 des solutions flexibles, vous pouvez trouver des arrangements qui r\u00e9pondent aux besoins de toutes les parties impliqu\u00e9es.<\/p>\n<div class='cta-block'><div class='text'>Simulez votre toutes vos aides en 2 min.<\/div><a href='https:\/\/www.mes-allocs.fr\/ab-app?origin=guides\/wp-json\/wp\/v2\/posts\/74129' class='app-button fit'>Simulation gratuite<\/a><\/div>\n","protected":false},"excerpt":{"rendered":"<p>Le d\u00e9lai de pr\u00e9venance pour le retour de cong\u00e9 sabbatique est un \u00e9l\u00e9ment crucial \u00e0 prendre en compte pour assurer une transition efficace entre le cong\u00e9 et le retour au travail. Ce d\u00e9lai, souvent r\u00e9glement\u00e9 par la loi ou d\u00e9fini par les politiques internes de l&rsquo;entreprise, vise \u00e0 faciliter la r\u00e9int\u00e9gration de l&#8217;employ\u00e9 tout en [&hellip;]<\/p>\n","protected":false},"author":26,"featured_media":0,"comment_status":"closed","ping_status":"open","sticky":false,"template":"","format":"standard","meta":{"amp_status":"","footnotes":""},"categories":[15121,31092],"tags":[],"class_list":["post-74129","post","type-post","status-publish","format-standard","hentry","category-conge-sabbatique","category-conge-sabbatique-retour"],"yoast_head":"<!-- This site is optimized with the Yoast SEO plugin v14.9 - https:\/\/yoast.com\/wordpress\/plugins\/seo\/ -->\n<title>Le d\u00e9lai de pr\u00e9venance pour le retour de cong\u00e9 sabbatique | Mes-Allocs.fr<\/title>\n<meta name=\"description\" content=\"Le d\u00e9lai de pr\u00e9venance pour le retour de cong\u00e9 sabbatique est un \u00e9l\u00e9ment crucial \u00e0 prendre en compte pour assurer une transition.\" \/>\n<meta name=\"robots\" content=\"index, follow, max-snippet:-1, max-image-preview:large, max-video-preview:-1\" \/>\n<link rel=\"canonical\" href=\"https:\/\/www.mes-allocs.fr\/guides\/conge-sabbatique\/conge-sabbatique-retour\/delai-de-prevenance-pour-le-retour-de-conge-sabbatique\/\" \/>\n<meta property=\"og:locale\" content=\"fr_FR\" \/>\n<meta property=\"og:type\" content=\"article\" \/>\n<meta property=\"og:title\" content=\"Le d\u00e9lai de pr\u00e9venance pour le retour de cong\u00e9 sabbatique | Mes-Allocs.fr\" \/>\n<meta property=\"og:description\" content=\"Le d\u00e9lai de pr\u00e9venance pour le retour de cong\u00e9 sabbatique est un \u00e9l\u00e9ment crucial \u00e0 prendre en compte pour assurer une transition.\" \/>\n<meta property=\"og:url\" content=\"https:\/\/www.mes-allocs.fr\/guides\/conge-sabbatique\/conge-sabbatique-retour\/delai-de-prevenance-pour-le-retour-de-conge-sabbatique\/\" \/>\n<meta property=\"og:site_name\" content=\"Mes-Allocs.fr\" \/>\n<meta property=\"article:published_time\" content=\"2024-01-31T17:27:58+00:00\" \/>\n<meta property=\"article:modified_time\" content=\"2025-03-21T16:38:40+00:00\" \/>\n<meta property=\"og:image\" content=\"https:\/\/www.mes-allocs.fr\/guides\/wp-content\/uploads\/2024\/01\/delai-de-prevenance-retour-conge-sabbatique-e1706721780646.jpg\" \/>\n<meta name=\"twitter:card\" content=\"summary_large_image\" \/>\n<script type=\"application\/ld+json\" class=\"yoast-schema-graph\">{\"@context\":\"https:\/\/schema.org\",\"@graph\":[{\"@type\":\"WebSite\",\"@id\":\"https:\/\/www.mes-allocs.fr\/guides\/#website\",\"url\":\"https:\/\/www.mes-allocs.fr\/guides\/\",\"name\":\"Mes-Allocs.fr\",\"description\":\"\",\"potentialAction\":[{\"@type\":\"SearchAction\",\"target\":\"https:\/\/www.mes-allocs.fr\/guides\/?s={search_term_string}\",\"query-input\":\"required name=search_term_string\"}],\"inLanguage\":\"fr-FR\"},{\"@type\":\"ImageObject\",\"@id\":\"https:\/\/www.mes-allocs.fr\/guides\/conge-sabbatique\/conge-sabbatique-retour\/delai-de-prevenance-pour-le-retour-de-conge-sabbatique\/#primaryimage\",\"inLanguage\":\"fr-FR\",\"url\":\"https:\/\/www.mes-allocs.fr\/guides\/wp-content\/uploads\/2024\/01\/delai-de-prevenance-retour-conge-sabbatique-e1706721780646.jpg?wsr\",\"width\":1280,\"height\":304,\"caption\":\"delai de prevenance retour conge sabbatique\"},{\"@type\":\"WebPage\",\"@id\":\"https:\/\/www.mes-allocs.fr\/guides\/conge-sabbatique\/conge-sabbatique-retour\/delai-de-prevenance-pour-le-retour-de-conge-sabbatique\/#webpage\",\"url\":\"https:\/\/www.mes-allocs.fr\/guides\/conge-sabbatique\/conge-sabbatique-retour\/delai-de-prevenance-pour-le-retour-de-conge-sabbatique\/\",\"name\":\"Le d\\u00e9lai de pr\\u00e9venance pour le retour de cong\\u00e9 sabbatique | Mes-Allocs.fr\",\"isPartOf\":{\"@id\":\"https:\/\/www.mes-allocs.fr\/guides\/#website\"},\"primaryImageOfPage\":{\"@id\":\"https:\/\/www.mes-allocs.fr\/guides\/conge-sabbatique\/conge-sabbatique-retour\/delai-de-prevenance-pour-le-retour-de-conge-sabbatique\/#primaryimage\"},\"datePublished\":\"2024-01-31T17:27:58+00:00\",\"dateModified\":\"2025-03-21T16:38:40+00:00\",\"author\":{\"@id\":\"https:\/\/www.mes-allocs.fr\/guides\/#\/schema\/person\/9c38f3be41a0ddcd1e3fde5a3df713bf\"},\"description\":\"Le d\\u00e9lai de pr\\u00e9venance pour le retour de cong\\u00e9 sabbatique est un \\u00e9l\\u00e9ment crucial \\u00e0 prendre en compte pour assurer une transition.\",\"inLanguage\":\"fr-FR\"},{\"@type\":\"Person\",\"@id\":\"https:\/\/www.mes-allocs.fr\/guides\/#\/schema\/person\/9c38f3be41a0ddcd1e3fde5a3df713bf\",\"name\":\"Sessime Ananou\",\"image\":{\"@type\":\"ImageObject\",\"@id\":\"https:\/\/www.mes-allocs.fr\/guides\/#personlogo\",\"inLanguage\":\"fr-FR\",\"url\":\"https:\/\/www.mes-allocs.fr\/guides\/wp-content\/uploads\/2023\/08\/IMG_8173-150x150.jpg\",\"caption\":\"Sessime Ananou\"},\"description\":\"Sessime est r\\u00e9dactrice chez Mes Allocs, sp\\u00e9cialis\\u00e9e sur le pouvoir d'achat. Elle rejoint l'\\u00e9quipe Mes Allocs en ao\\u00fbt 2023 afin de simplifier l'acc\\u00e8s \\u00e0 l'information sur les aides en g\\u00e9n\\u00e9ral.\"}]}<\/script>\n<!-- \/ Yoast SEO plugin. -->","amp_validity":null,"acf":{"faq":{"1":{"question":"Que se passe-t-il si je ne respecte pas le d\u00e9lai de pr\u00e9venance ?","answer":"Ne pas respecter le d\u00e9lai de pr\u00e9venance peut entra\u00eener des complications pour l'employeur, comme des difficult\u00e9s \u00e0 r\u00e9organiser les effectifs ou \u00e0 couvrir les t\u00e2ches de travail, et peut potentiellement avoir des r\u00e9percussions sur la relation employeur-employ\u00e9."},"2":{"question":"Quelles sont les raisons courantes d'un retour anticip\u00e9 de cong\u00e9 sabbatique ?","answer":"Les raisons peuvent \u00eatre personnelles, telles que des \u00e9v\u00e9nements familiaux impr\u00e9vus, ou professionnelles, comme un changement dans les circonstances de l'entreprise."},"3":{"question":"Quels sont les avantages d'un pr\u00e9avis suffisant pour le retour de cong\u00e9 sabbatique ?","answer":"Un pr\u00e9avis ad\u00e9quat permet \u00e0 l'employeur de planifier efficacement la r\u00e9int\u00e9gration de l'employ\u00e9, de prendre les dispositions n\u00e9cessaires pour son retour et de garantir une transition en douceur.   "},"4":{"question":"Comment devrais-je informer mon employeur d'un retour anticip\u00e9 ?","answer":"Il est pr\u00e9f\u00e9rable de communiquer ouvertement et rapidement avec votre employeur pour discuter des circonstances du retour anticip\u00e9 et pour obtenir des conseils sur les d\u00e9marches \u00e0 suivre."},"5":{"question":"Quelle est la dur\u00e9e typique du d\u00e9lai de pr\u00e9venance ?","answer":"La dur\u00e9e du d\u00e9lai de pr\u00e9venance peut varier en fonction des politiques de l'entreprise et des dispositions l\u00e9gales, mais g\u00e9n\u00e9ralement, il est recommand\u00e9 de fournir un pr\u00e9avis raisonnable, souvent de quelques semaines \u00e0 quelques mois."},"6":{"question":"Qu'est-ce que le d\u00e9lai de pr\u00e9venance pour le retour de cong\u00e9 sabbatique ?","answer":"Le d\u00e9lai de pr\u00e9venance fait r\u00e9f\u00e9rence \u00e0 la p\u00e9riode de temps pendant laquelle un employ\u00e9 doit informer son employeur de son intention de reprendre le travail apr\u00e8s un cong\u00e9 sabbatique."},"7":{"question":"","answer":""},"8":{"question":"","answer":""},"9":{"question":"","answer":""},"10":{"question":"","answer":""},"11":{"question":"","answer":""},"12":{"question":"","answer":""},"13":{"question":"","answer":""},"14":{"question":"","answer":""},"15":{"question":"","answer":""},"16":{"question":"","answer":""}}},"_links":{"self":[{"href":"https:\/\/www.mes-allocs.fr\/guides\/wp-json\/wp\/v2\/posts\/74129","targetHints":{"allow":["GET"]}}],"collection":[{"href":"https:\/\/www.mes-allocs.fr\/guides\/wp-json\/wp\/v2\/posts"}],"about":[{"href":"https:\/\/www.mes-allocs.fr\/guides\/wp-json\/wp\/v2\/types\/post"}],"author":[{"embeddable":true,"href":"https:\/\/www.mes-allocs.fr\/guides\/wp-json\/wp\/v2\/users\/26"}],"replies":[{"embeddable":true,"href":"https:\/\/www.mes-allocs.fr\/guides\/wp-json\/wp\/v2\/comments?post=74129"}],"version-history":[{"count":6,"href":"https:\/\/www.mes-allocs.fr\/guides\/wp-json\/wp\/v2\/posts\/74129\/revisions"}],"predecessor-version":[{"id":96664,"href":"https:\/\/www.mes-allocs.fr\/guides\/wp-json\/wp\/v2\/posts\/74129\/revisions\/96664"}],"wp:attachment":[{"href":"https:\/\/www.mes-allocs.fr\/guides\/wp-json\/wp\/v2\/media?parent=74129"}],"wp:term":[{"taxonomy":"category","embeddable":true,"href":"https:\/\/www.mes-allocs.fr\/guides\/wp-json\/wp\/v2\/categories?post=74129"},{"taxonomy":"post_tag","embeddable":true,"href":"https:\/\/www.mes-allocs.fr\/guides\/wp-json\/wp\/v2\/tags?post=74129"}],"curies":[{"name":"wp","href":"https:\/\/api.w.org\/{rel}","templated":true}]}}