{"id":74124,"date":"2024-01-31T19:00:29","date_gmt":"2024-01-31T17:00:29","guid":{"rendered":"https:\/\/www.mes-allocs.fr\/guides\/?p=74124"},"modified":"2025-03-21T18:38:28","modified_gmt":"2025-03-21T16:38:28","slug":"retour-anticipe-de-conge-sabbatique","status":"publish","type":"post","link":"https:\/\/www.mes-allocs.fr\/guides\/conge-sabbatique\/conge-sabbatique-retour\/retour-anticipe-de-conge-sabbatique\/","title":{"rendered":"Le retour anticip\u00e9 de cong\u00e9 sabbatique"},"content":{"rendered":"<p><img loading=\"lazy\" decoding=\"async\" class=\"alignnone wp-image-74130 size-full\" title=\"conge sabbatique retour anticipe\" src=\"https:\/\/www.mes-allocs.fr\/guides\/wp-content\/uploads\/2024\/01\/conge-sabbatique-retour-anticipe-e1706720723731.jpg\" alt=\"conge sabbatique retour anticipe\" width=\"1280\" height=\"326\" srcset=\"https:\/\/www.mes-allocs.fr\/guides\/wp-content\/uploads\/2024\/01\/conge-sabbatique-retour-anticipe-e1706720723731.jpg 1280w, https:\/\/www.mes-allocs.fr\/guides\/wp-content\/uploads\/2024\/01\/conge-sabbatique-retour-anticipe-e1706720723731-300x76.jpg 300w, https:\/\/www.mes-allocs.fr\/guides\/wp-content\/uploads\/2024\/01\/conge-sabbatique-retour-anticipe-e1706720723731-1024x261.jpg 1024w, https:\/\/www.mes-allocs.fr\/guides\/wp-content\/uploads\/2024\/01\/conge-sabbatique-retour-anticipe-e1706720723731-768x196.jpg 768w, https:\/\/www.mes-allocs.fr\/guides\/wp-content\/uploads\/2024\/01\/conge-sabbatique-retour-anticipe-e1706720723731-600x153.jpg 600w\" sizes=\"auto, (max-width: 1280px) 100vw, 1280px\" \/><\/p>\n<p><strong>Le retour anticip\u00e9 de <a href=\"https:\/\/www.mes-allocs.fr\/guides\/conge-sabbatique\/\">cong\u00e9 sabbatique,<\/a> bien que moins fr\u00e9quent, peut survenir pour diverses raisons, qu&rsquo;elles soient personnelles ou professionnelles. Cette d\u00e9cision peut n\u00e9cessiter une pr\u00e9paration particuli\u00e8re pour garantir une transition r\u00e9ussie.Dans cet article, nous explorerons les consid\u00e9rations importantes et les \u00e9tapes \u00e0 suivre dans cette situation.<\/strong><\/p>\n<div class='cta-block'><div class='text'>Simulez votre toutes vos aides en 2 min.<\/div><a href='https:\/\/www.mes-allocs.fr\/ab-app?origin=guides\/wp-json\/wp\/v2\/posts\/74124' class='app-button fit'>Simulation gratuite<\/a><\/div>\n<h1>Quelles sont les causes du retour anticip\u00e9<\/h1>\n<h2>Les raisons personnelles<\/h2>\n<p><strong>Les probl\u00e8mes de sant\u00e9<\/strong> : une d\u00e9t\u00e9rioration de la sant\u00e9 personnelle ou celle d&rsquo;un proche peut n\u00e9cessiter un retour anticip\u00e9 pour assurer les soins n\u00e9cessaires.<\/p>\n<p><strong>Les probl\u00e8mes familiaux<\/strong> : des \u00e9v\u00e9nements familiaux impr\u00e9vus, tels que des probl\u00e8mes de garde d&rsquo;enfants ou des situations d&rsquo;urgence, peuvent contraindre le salari\u00e9 \u00e0 \u00e9courter son cong\u00e9 sabbatique.<\/p>\n<p><strong>Les besoins personnels<\/strong> : des circonstances personnelles changeantes, comme un d\u00e9m\u00e9nagement impr\u00e9vu ou des engagements inattendus, peuvent \u00e9galement motiver un retour pr\u00e9matur\u00e9.<\/p>\n<h2>Les raisons professionnelles<\/h2>\n<p><strong>Les opportunit\u00e9s professionnelles<\/strong> : une offre d&#8217;emploi int\u00e9ressante ou des perspectives de carri\u00e8re inattendues peuvent inciter le salari\u00e9 \u00e0 interrompre son cong\u00e9 sabbatique pour saisir ces opportunit\u00e9s.<\/p>\n<p><strong>La restructuration de l&rsquo;entreprise<\/strong> : des changements organisationnels ou des besoins op\u00e9rationnels impr\u00e9vus peuvent n\u00e9cessiter la pr\u00e9sence imm\u00e9diate du salari\u00e9, l&rsquo;amenant \u00e0 revenir plus t\u00f4t que pr\u00e9vu.<\/p>\n<p><strong>Les contraintes financi\u00e8res<\/strong> : des difficult\u00e9s financi\u00e8res personnelles ou familiales peuvent rendre n\u00e9cessaire un retour anticip\u00e9 pour reprendre une activit\u00e9 r\u00e9mun\u00e9r\u00e9e.<\/p>\n<div class='cta-block'><div class='text'>Simulez votre toutes vos aides en 2 min.<\/div><a href='https:\/\/www.mes-allocs.fr\/ab-app?origin=guides\/wp-json\/wp\/v2\/posts\/74124' class='app-button fit'>Simulation gratuite<\/a><\/div>\n<h1>Quelles sont les cons\u00e9quences et implications ?<\/h1>\n<h2>Sur le plan professionnel<\/h2>\n<p>Sur le plan professionnel, le retour anticip\u00e9 d&rsquo;un cong\u00e9 sabbatique peut avoir plusieurs cons\u00e9quences et implications :<\/p>\n<p><strong>Interruption des projets en cours :<\/strong> le retour anticip\u00e9 peut entra\u00eener l&rsquo;interruption pr\u00e9matur\u00e9e des projets sur lesquels le salari\u00e9 travaillait avant son cong\u00e9, ce qui peut perturber la continuit\u00e9 et la r\u00e9alisation des objectifs professionnels.<\/p>\n<p><strong>R\u00e9organisation n\u00e9cessaire :<\/strong> l&rsquo;entreprise peut \u00eatre contrainte de r\u00e9organiser les affectations de t\u00e2ches et de r\u00e9adapter ses plans en fonction du retour anticip\u00e9 du salari\u00e9, ce qui peut n\u00e9cessiter des ajustements au niveau de l&rsquo;\u00e9quipe et des projets en cours.<\/p>\n<p><strong>Impact sur l&rsquo;image professionnelle :<\/strong> un retour anticip\u00e9 peut \u00eatre per\u00e7u n\u00e9gativement par l&#8217;employeur ou les coll\u00e8gues, surtout s&rsquo;il est motiv\u00e9 par des raisons personnelles plut\u00f4t que des circonstances professionnelles. Cela peut potentiellement affecter la perception de la performance et de l&rsquo;engagement professionnel du salari\u00e9.<\/p>\n<h2>Sur le plan personnel<\/h2>\n<p>Sur le plan personnel, le retour anticip\u00e9 d&rsquo;un cong\u00e9 sabbatique peut avoir diverses implications :<\/p>\n<ul>\n<li><strong>Changement de plans personnels :<\/strong> le retour anticip\u00e9 peut entra\u00eener un ajustement des plans personnels du salari\u00e9, notamment en ce qui concerne les projets familiaux, les voyages ou d&rsquo;autres engagements personnels pr\u00e9vus pendant la p\u00e9riode de cong\u00e9.<\/li>\n<li><strong>Impact sur la sant\u00e9 mentale :<\/strong> un retour pr\u00e9matur\u00e9 peut parfois \u00eatre source de stress ou de d\u00e9ception pour le salari\u00e9, surtout s&rsquo;il est motiv\u00e9 par des raisons difficiles telles que des probl\u00e8mes familiaux ou des obligations financi\u00e8res.<\/li>\n<li><strong>Reprise plus rapide du rythme de vie quotidienne :<\/strong> le retour anticip\u00e9 signifie souvent un retour plus rapide au rythme de vie quotidienne, ce qui peut \u00eatre \u00e0 la fois positif et difficile selon les circonstances personnelles du salari\u00e9.<\/li>\n<li><strong>Gestion des transitions :<\/strong> le salari\u00e9 peut avoir besoin de temps pour s&rsquo;adapter au retour \u00e0 sa routine professionnelle et aux interactions sociales au travail apr\u00e8s avoir anticip\u00e9 son cong\u00e9 sabbatique. Cela peut n\u00e9cessiter un certain temps d&rsquo;adaptation et de soutien de la part de l&rsquo;entreprise et des coll\u00e8gues.<\/li>\n<\/ul>\n<p><iframe loading=\"lazy\" title=\"Le cong\u00e9 sabbatique\" width=\"500\" height=\"281\" src=\"https:\/\/www.youtube.com\/embed\/LVb9xmVd30o?feature=oembed\" frameborder=\"0\" allow=\"accelerometer; autoplay; clipboard-write; encrypted-media; gyroscope; picture-in-picture; web-share\" referrerpolicy=\"strict-origin-when-cross-origin\" allowfullscreen><\/iframe><\/p>\n<h1>Les d\u00e9marches \u00e0 entreprendre en cas de retour anticip\u00e9 d&rsquo;un cong\u00e9 sabbatique<\/h1>\n<div class=\"flex-shrink-0 flex flex-col relative items-end\">\n<div>\n<div class=\"pt-0.5\">\n<div class=\"gizmo-shadow-stroke flex h-6 w-6 items-center justify-center overflow-hidden rounded-full\">\n<h2 class=\"relative flex\">La communication avec l&#8217;employeur<\/h2>\n<p>Lors d&rsquo;un retour anticip\u00e9 de cong\u00e9 sabbatique, il est essentiel d&rsquo;engager une communication transparente et ouverte avec l&#8217;employeur :<\/p>\n<ul>\n<li><strong>Notifier l&#8217;employeur :<\/strong> informer l&#8217;employeur d\u00e8s que possible de la d\u00e9cision de revenir plus t\u00f4t que pr\u00e9vu. Cela permet \u00e0 l&rsquo;entreprise de mieux anticiper les ajustements n\u00e9cessaires et de planifier la r\u00e9int\u00e9gration.<\/li>\n<li><strong>Expliquer les raisons :<\/strong> fournir des explications claires et honn\u00eates sur les raisons du retour anticip\u00e9. Que ce soit pour des motifs personnels ou professionnels, communiquer ouvertement permet de maintenir une relation de confiance avec l&#8217;employeur.<\/li>\n<li><strong>Proposer un plan de transition :<\/strong> si possible, proposer un plan de transition pour faciliter le retour et minimiser les perturbations pour l&rsquo;\u00e9quipe et l&rsquo;organisation. Cela peut inclure des suggestions sur la r\u00e9partition des t\u00e2ches, la formation des rempla\u00e7ants potentiels ou tout autre aspect pertinent.<\/li>\n<li><strong>\u00c9couter les besoins de l&rsquo;entreprise :<\/strong> \u00eatre r\u00e9ceptif aux besoins et aux pr\u00e9occupations de l&rsquo;entreprise concernant le retour anticip\u00e9. Collaborer avec l&#8217;employeur pour trouver des solutions qui r\u00e9pondent aux int\u00e9r\u00eats des deux parties et permettent une r\u00e9int\u00e9gration r\u00e9ussie.<\/li>\n<\/ul>\n<p>Une communication claire et professionnelle avec l&#8217;employeur est essentielle pour assurer une transition harmonieuse et minimiser les impacts n\u00e9gatifs sur le travail et les relations professionnelles.<\/p>\n<h2>La gestion des formalit\u00e9s administratives<\/h2>\n<p>La gestion des formalit\u00e9s administratives lors d&rsquo;un retour anticip\u00e9 de cong\u00e9 sabbatique implique plusieurs \u00e9tapes importantes. Tout d&rsquo;abord, il est essentiel de se familiariser avec les politiques et proc\u00e9dures de l&rsquo;entreprise concernant les cong\u00e9s et les retours anticip\u00e9s. Ensuite, il convient de notifier le service des ressources humaines de la d\u00e9cision de revenir plus t\u00f4t que pr\u00e9vu et de remplir toute la documentation requise.<\/p>\n<p>Cela peut inclure la soumission d&rsquo;une demande de retour anticip\u00e9, la mise \u00e0 jour des informations personnelles et contractuelles, ainsi que la r\u00e9vision des droits et des obligations li\u00e9s \u00e0 la r\u00e9int\u00e9gration. Il est \u00e9galement important de s&rsquo;assurer que toutes les formalit\u00e9s li\u00e9es aux cong\u00e9s et aux avantages sociaux sont en ordre, notamment en ce qui concerne les assurances, les r\u00e9gimes de retraite et les cong\u00e9s pay\u00e9s accumul\u00e9s pendant le cong\u00e9 sabbatique.<\/p>\n<p>Enfin, il est recommand\u00e9 de planifier une r\u00e9union avec le service des ressources humaines pour clarifier toute question ou pr\u00e9occupation concernant le retour anticip\u00e9 et pour obtenir des conseils sur les prochaines \u00e9tapes \u00e0 suivre. En g\u00e9rant efficacement les formalit\u00e9s administratives, le retour anticip\u00e9 de cong\u00e9 sabbatique peut se d\u00e9rouler de mani\u00e8re fluide et professionnelle.<\/p>\n<\/div>\n<\/div>\n<\/div>\n<\/div>\n<div class='cta-block'><div class='text'>Simulez votre toutes vos aides en 2 min.<\/div><a href='https:\/\/www.mes-allocs.fr\/ab-app?origin=guides\/wp-json\/wp\/v2\/posts\/74124' class='app-button fit'>Simulation gratuite<\/a><\/div>\n","protected":false},"excerpt":{"rendered":"<p>Le retour anticip\u00e9 de cong\u00e9 sabbatique, bien que moins fr\u00e9quent, peut survenir pour diverses raisons, qu&rsquo;elles soient personnelles ou professionnelles. Cette d\u00e9cision peut n\u00e9cessiter une pr\u00e9paration particuli\u00e8re pour garantir une transition r\u00e9ussie.Dans cet article, nous explorerons les consid\u00e9rations importantes et les \u00e9tapes \u00e0 suivre dans cette situation. Quelles sont les causes du retour anticip\u00e9 Les [&hellip;]<\/p>\n","protected":false},"author":26,"featured_media":0,"comment_status":"closed","ping_status":"open","sticky":false,"template":"","format":"standard","meta":{"amp_status":"","footnotes":""},"categories":[15121,31092],"tags":[],"class_list":["post-74124","post","type-post","status-publish","format-standard","hentry","category-conge-sabbatique","category-conge-sabbatique-retour"],"yoast_head":"<!-- This site is optimized with the Yoast SEO plugin v14.9 - https:\/\/yoast.com\/wordpress\/plugins\/seo\/ -->\n<title>Le retour anticip\u00e9 de cong\u00e9 sabbatique | Mes-Allocs.fr<\/title>\n<meta name=\"description\" content=\"Le retour anticip\u00e9 de cong\u00e9 sabbatique peut survenir pour diverses raisons, qu&#039;elles soient personnelles ou professionnelles.\" \/>\n<meta name=\"robots\" content=\"index, follow, max-snippet:-1, max-image-preview:large, max-video-preview:-1\" \/>\n<link rel=\"canonical\" href=\"https:\/\/www.mes-allocs.fr\/guides\/conge-sabbatique\/conge-sabbatique-retour\/retour-anticipe-de-conge-sabbatique\/\" \/>\n<meta property=\"og:locale\" content=\"fr_FR\" \/>\n<meta property=\"og:type\" content=\"article\" \/>\n<meta property=\"og:title\" content=\"Le retour anticip\u00e9 de cong\u00e9 sabbatique | Mes-Allocs.fr\" \/>\n<meta property=\"og:description\" content=\"Le retour anticip\u00e9 de cong\u00e9 sabbatique peut survenir pour diverses raisons, qu&#039;elles soient personnelles ou professionnelles.\" \/>\n<meta property=\"og:url\" content=\"https:\/\/www.mes-allocs.fr\/guides\/conge-sabbatique\/conge-sabbatique-retour\/retour-anticipe-de-conge-sabbatique\/\" \/>\n<meta property=\"og:site_name\" content=\"Mes-Allocs.fr\" \/>\n<meta property=\"article:published_time\" content=\"2024-01-31T17:00:29+00:00\" \/>\n<meta property=\"article:modified_time\" content=\"2025-03-21T16:38:28+00:00\" \/>\n<meta property=\"og:image\" content=\"https:\/\/www.mes-allocs.fr\/guides\/wp-content\/uploads\/2024\/01\/conge-sabbatique-retour-anticipe-e1706720723731.jpg\" \/>\n<meta name=\"twitter:card\" content=\"summary_large_image\" \/>\n<script type=\"application\/ld+json\" class=\"yoast-schema-graph\">{\"@context\":\"https:\/\/schema.org\",\"@graph\":[{\"@type\":\"WebSite\",\"@id\":\"https:\/\/www.mes-allocs.fr\/guides\/#website\",\"url\":\"https:\/\/www.mes-allocs.fr\/guides\/\",\"name\":\"Mes-Allocs.fr\",\"description\":\"\",\"potentialAction\":[{\"@type\":\"SearchAction\",\"target\":\"https:\/\/www.mes-allocs.fr\/guides\/?s={search_term_string}\",\"query-input\":\"required name=search_term_string\"}],\"inLanguage\":\"fr-FR\"},{\"@type\":\"ImageObject\",\"@id\":\"https:\/\/www.mes-allocs.fr\/guides\/conge-sabbatique\/conge-sabbatique-retour\/retour-anticipe-de-conge-sabbatique\/#primaryimage\",\"inLanguage\":\"fr-FR\",\"url\":\"https:\/\/www.mes-allocs.fr\/guides\/wp-content\/uploads\/2024\/01\/conge-sabbatique-retour-anticipe-e1706720723731.jpg?wsr\",\"width\":1280,\"height\":326,\"caption\":\"conge sabbatique retour anticipe\"},{\"@type\":\"WebPage\",\"@id\":\"https:\/\/www.mes-allocs.fr\/guides\/conge-sabbatique\/conge-sabbatique-retour\/retour-anticipe-de-conge-sabbatique\/#webpage\",\"url\":\"https:\/\/www.mes-allocs.fr\/guides\/conge-sabbatique\/conge-sabbatique-retour\/retour-anticipe-de-conge-sabbatique\/\",\"name\":\"Le retour anticip\\u00e9 de cong\\u00e9 sabbatique | Mes-Allocs.fr\",\"isPartOf\":{\"@id\":\"https:\/\/www.mes-allocs.fr\/guides\/#website\"},\"primaryImageOfPage\":{\"@id\":\"https:\/\/www.mes-allocs.fr\/guides\/conge-sabbatique\/conge-sabbatique-retour\/retour-anticipe-de-conge-sabbatique\/#primaryimage\"},\"datePublished\":\"2024-01-31T17:00:29+00:00\",\"dateModified\":\"2025-03-21T16:38:28+00:00\",\"author\":{\"@id\":\"https:\/\/www.mes-allocs.fr\/guides\/#\/schema\/person\/9c38f3be41a0ddcd1e3fde5a3df713bf\"},\"description\":\"Le retour anticip\\u00e9 de cong\\u00e9 sabbatique peut survenir pour diverses raisons, qu'elles soient personnelles ou professionnelles.\",\"inLanguage\":\"fr-FR\"},{\"@type\":\"Person\",\"@id\":\"https:\/\/www.mes-allocs.fr\/guides\/#\/schema\/person\/9c38f3be41a0ddcd1e3fde5a3df713bf\",\"name\":\"Sessime Ananou\",\"image\":{\"@type\":\"ImageObject\",\"@id\":\"https:\/\/www.mes-allocs.fr\/guides\/#personlogo\",\"inLanguage\":\"fr-FR\",\"url\":\"https:\/\/www.mes-allocs.fr\/guides\/wp-content\/uploads\/2023\/08\/IMG_8173-150x150.jpg\",\"caption\":\"Sessime Ananou\"},\"description\":\"Sessime est r\\u00e9dactrice chez Mes Allocs, sp\\u00e9cialis\\u00e9e sur le pouvoir d'achat. Elle rejoint l'\\u00e9quipe Mes Allocs en ao\\u00fbt 2023 afin de simplifier l'acc\\u00e8s \\u00e0 l'information sur les aides en g\\u00e9n\\u00e9ral.\"}]}<\/script>\n<!-- \/ Yoast SEO plugin. -->","amp_validity":null,"acf":{"faq":{"1":{"question":"Qu'est-ce qu'un retour anticip\u00e9 de cong\u00e9 sabbatique ?","answer":"Un retour anticip\u00e9 de cong\u00e9 sabbatique fait r\u00e9f\u00e9rence au fait de revenir au travail avant la fin pr\u00e9vue de la p\u00e9riode de cong\u00e9 sabbatique."},"2":{"question":"Quelles sont les raisons courantes d'un retour anticip\u00e9 de cong\u00e9 sabbatique ?","answer":"Les raisons peuvent \u00eatre personnelles, telles que des \u00e9v\u00e9nements familiaux impr\u00e9vus, ou professionnelles, comme un changement dans les circonstances de l'entreprise.   "},"3":{"question":"Quelles sont les implications d'un retour anticip\u00e9 sur le plan professionnel ?","answer":"Cela peut n\u00e9cessiter une r\u00e9int\u00e9gration rapide dans les t\u00e2ches et responsabilit\u00e9s professionnelles, ainsi que des ajustements dans les plans de travail et les projets en cours."},"4":{"question":"Comment devrais-je informer mon employeur d'un retour anticip\u00e9 ?","answer":"Il est pr\u00e9f\u00e9rable de communiquer ouvertement et rapidement avec votre employeur pour discuter des circonstances du retour anticip\u00e9 et pour obtenir des conseils sur les d\u00e9marches \u00e0 suivre."},"5":{"question":"Quelles formalit\u00e9s administratives sont n\u00e9cessaires pour un retour anticip\u00e9 ?","answer":"Vous devrez probablement informer le service des ressources humaines de votre d\u00e9cision, remplir toute la documentation requise et mettre \u00e0 jour vos informations personnelles et contractuelles."},"6":{"question":"Comment puis-je m'assurer une transition en douceur lors d'un retour anticip\u00e9 ?","answer":"En communiquant efficacement avec votre \u00e9quipe et votre superviseur, en r\u00e9int\u00e9grant progressivement vos responsabilit\u00e9s professionnelles et en demandant \u00e9ventuellement un soutien suppl\u00e9mentaire si n\u00e9cessaire."},"7":{"question":"","answer":""},"8":{"question":"","answer":""},"9":{"question":"","answer":""},"10":{"question":"","answer":""},"11":{"question":"","answer":""},"12":{"question":"","answer":""},"13":{"question":"","answer":""},"14":{"question":"","answer":""},"15":{"question":"","answer":""},"16":{"question":"","answer":""}}},"_links":{"self":[{"href":"https:\/\/www.mes-allocs.fr\/guides\/wp-json\/wp\/v2\/posts\/74124","targetHints":{"allow":["GET"]}}],"collection":[{"href":"https:\/\/www.mes-allocs.fr\/guides\/wp-json\/wp\/v2\/posts"}],"about":[{"href":"https:\/\/www.mes-allocs.fr\/guides\/wp-json\/wp\/v2\/types\/post"}],"author":[{"embeddable":true,"href":"https:\/\/www.mes-allocs.fr\/guides\/wp-json\/wp\/v2\/users\/26"}],"replies":[{"embeddable":true,"href":"https:\/\/www.mes-allocs.fr\/guides\/wp-json\/wp\/v2\/comments?post=74124"}],"version-history":[{"count":6,"href":"https:\/\/www.mes-allocs.fr\/guides\/wp-json\/wp\/v2\/posts\/74124\/revisions"}],"predecessor-version":[{"id":96663,"href":"https:\/\/www.mes-allocs.fr\/guides\/wp-json\/wp\/v2\/posts\/74124\/revisions\/96663"}],"wp:attachment":[{"href":"https:\/\/www.mes-allocs.fr\/guides\/wp-json\/wp\/v2\/media?parent=74124"}],"wp:term":[{"taxonomy":"category","embeddable":true,"href":"https:\/\/www.mes-allocs.fr\/guides\/wp-json\/wp\/v2\/categories?post=74124"},{"taxonomy":"post_tag","embeddable":true,"href":"https:\/\/www.mes-allocs.fr\/guides\/wp-json\/wp\/v2\/tags?post=74124"}],"curies":[{"name":"wp","href":"https:\/\/api.w.org\/{rel}","templated":true}]}}