{"id":74121,"date":"2024-02-12T11:00:55","date_gmt":"2024-02-12T09:00:55","guid":{"rendered":"https:\/\/www.mes-allocs.fr\/guides\/?p=74121"},"modified":"2026-04-22T10:55:16","modified_gmt":"2026-04-22T09:55:16","slug":"100-sante-dentaire","status":"publish","type":"post","link":"https:\/\/www.mes-allocs.fr\/guides\/ameli\/100-sante-dentaire\/","title":{"rendered":"100% Sant\u00e9 Dentaire : comprendre l&rsquo;offre d&rsquo;Ameli"},"content":{"rendered":"<p><img loading=\"lazy\" decoding=\"async\" class=\"aligncenter wp-image-74126 size-full\" title=\"100 sant\u00e9 dentaire\" src=\"https:\/\/www.mes-allocs.fr\/guides\/wp-content\/uploads\/2024\/01\/Banner-1-7.png\" alt=\"100 sant\u00e9 dentaire\" width=\"1500\" height=\"400\" srcset=\"https:\/\/www.mes-allocs.fr\/guides\/wp-content\/uploads\/2024\/01\/Banner-1-7.png 1500w, https:\/\/www.mes-allocs.fr\/guides\/wp-content\/uploads\/2024\/01\/Banner-1-7-300x80.png 300w, https:\/\/www.mes-allocs.fr\/guides\/wp-content\/uploads\/2024\/01\/Banner-1-7-1024x273.png 1024w, https:\/\/www.mes-allocs.fr\/guides\/wp-content\/uploads\/2024\/01\/Banner-1-7-768x205.png 768w, https:\/\/www.mes-allocs.fr\/guides\/wp-content\/uploads\/2024\/01\/Banner-1-7-600x160.png 600w\" sizes=\"auto, (max-width: 1500px) 100vw, 1500px\" \/><\/p>\n<p><span style=\"vertical-align: inherit;\"><strong><span style=\"vertical-align: inherit;\"><span style=\"vertical-align: inherit;\"><span style=\"vertical-align: inherit;\"><span style=\"vertical-align: inherit;\"><span style=\"vertical-align: inherit;\">L&rsquo;offre \u00ab\u00a0100 % Sant\u00e9\u00a0\u00bb dentaire d&rsquo;<\/span><\/span><\/span><\/span><\/span><\/strong><\/span><strong><a href=\"https:\/\/www.mes-allocs.fr\/guides\/ameli\/\"><span style=\"vertical-align: inherit;\"><span style=\"vertical-align: inherit;\"><span style=\"vertical-align: inherit;\"><span style=\"vertical-align: inherit;\"><span style=\"vertical-align: inherit;\">Ameli<\/span><\/span><\/span><\/span><\/span><\/a><\/strong> <strong><span style=\"vertical-align: inherit;\"><span style=\"vertical-align: inherit;\"><span style=\"vertical-align: inherit;\"><span style=\"vertical-align: inherit;\"><span style=\"vertical-align: inherit;\"> garantit un remboursement int\u00e9gral par l&rsquo;Assurance Maladie et votre compl\u00e9mentaire sant\u00e9 sur les ponts et les couronnes dentaires. <\/span><span style=\"vertical-align: inherit;\">Depuis le 1er janvier 2021, elle englobe \u00e9galement les dentiers (proth\u00e8ses amovibles).<\/span><\/span><\/span><\/span><\/span><\/strong><\/p>\n<p><span style=\"vertical-align: inherit;\"><span style=\"vertical-align: inherit;\"><span style=\"vertical-align: inherit;\"><span style=\"vertical-align: inherit;\"><span style=\"vertical-align: inherit;\"><span style=\"vertical-align: inherit;\"><span style=\"vertical-align: inherit;\"><span style=\"vertical-align: inherit;\"><span style=\"vertical-align: inherit;\"><span style=\"vertical-align: inherit;\"><span style=\"vertical-align: inherit;\"><span style=\"vertical-align: inherit;\"><span style=\"vertical-align: inherit;\"><span style=\"vertical-align: inherit;\"><span style=\"vertical-align: inherit;\"><span style=\"vertical-align: inherit;\"><span style=\"vertical-align: inherit;\"><div class='cta-block'><div class='text'>Simulez vos aides en 2 min.<\/div><a href='https:\/\/www.mes-allocs.fr\/ab-app?origin=guides\/wp-json\/wp\/v2\/posts\/74121' class='app-button fit'>Simulation gratuite<\/a><\/div><\/span><\/span><\/span><\/span><\/span><\/span><\/span><\/span><\/span><\/span><\/span><\/span><\/span><\/span><\/span><\/span><\/span><\/p>\n<h1><span style=\"vertical-align: inherit;\"><span style=\"vertical-align: inherit;\"><span style=\"vertical-align: inherit;\"><span style=\"vertical-align: inherit;\"><span style=\"vertical-align: inherit;\"><span style=\"vertical-align: inherit;\"><span style=\"vertical-align: inherit;\"><span style=\"vertical-align: inherit;\"><span style=\"vertical-align: inherit;\"><span style=\"vertical-align: inherit;\"><span style=\"vertical-align: inherit;\"><span style=\"vertical-align: inherit;\"><span style=\"vertical-align: inherit;\"><span style=\"vertical-align: inherit;\"><span style=\"vertical-align: inherit;\"><span style=\"vertical-align: inherit;\"><span style=\"vertical-align: inherit;\"><span style=\"vertical-align: inherit;\"><span style=\"vertical-align: inherit;\"><span style=\"vertical-align: inherit;\">Qu&rsquo;est ce que le 100% Sant\u00e9 Dentaire ?\u00a0<\/span><\/span><\/span><\/span><\/span><\/span><\/span><\/span><\/span><\/span><\/span><\/span><\/span><\/span><\/span><\/span><\/span><\/span><\/span><\/span><\/h1>\n<h2><span style=\"vertical-align: inherit;\"><span style=\"vertical-align: inherit;\">Le 100%Sant\u00e9<\/span><\/span><\/h2>\n<p><span style=\"vertical-align: inherit;\"><span style=\"vertical-align: inherit;\">Trop de Fran\u00e7ais renoncent \u00e0 des soins essentiels comme des lunettes, des proth\u00e8ses dentaires ou des aides auditives. <\/span><span style=\"vertical-align: inherit;\">C&rsquo;est pourquoi le Pr\u00e9sident de la R\u00e9publique a pris l&rsquo;engagement d&rsquo;assurer un acc\u00e8s universel aux soins de qualit\u00e9, enti\u00e8rement pris en charge par la S\u00e9curit\u00e9 sociale et les compl\u00e9mentaires sant\u00e9, notamment dans les domaines de l&rsquo;optique, de l &lsquo;audiologie et du dentaire.<\/span><\/span><\/p>\n<p><span style=\"vertical-align: inherit;\"><span style=\"vertical-align: inherit;\">La r\u00e9forme 100% Sant\u00e9 propose une <\/span><\/span><strong><span style=\"vertical-align: inherit;\"><span style=\"vertical-align: inherit;\">gamme compl\u00e8te de soins et d&rsquo;\u00e9quipements de qualit\u00e9, enti\u00e8rement rembours\u00e9s<\/span><\/span><\/strong><span style=\"vertical-align: inherit;\"><span style=\"vertical-align: inherit;\"> , couvrant les domaines de l&rsquo;audiologie, de l&rsquo;optique et du dentaire. <\/span><span style=\"vertical-align: inherit;\">Cette offre est accessible \u00e0 tous les Fran\u00e7ais b\u00e9n\u00e9ficiant d&rsquo;une compl\u00e9mentaire sant\u00e9 responsable ou de la Compl\u00e9mentaire sant\u00e9 solidaire \u00e0 partir du 1er janvier 2021.<\/span><\/span><\/p>\n<p><span style=\"vertical-align: inherit;\"><span style=\"vertical-align: inherit;\">Les paniers 100% Sant\u00e9, \u00e9labor\u00e9s en concertation avec les professionnels de sant\u00e9, l&rsquo;\u00c9tat, l&rsquo;Assurance Maladie, les compl\u00e9mentaires sant\u00e9 et les fabricants, proposent un choix \u00e9tendu d&rsquo;\u00e9quipements de qualit\u00e9 r\u00e9pondant aux besoins de chacun. <\/span><span style=\"vertical-align: inherit;\">Pr\u00e8s de 95% des contrats actuels sur le march\u00e9 sont responsables, offrant une couverture compl\u00e9mentaire minimale et ne fixant pas les cotisations en fonction de l&rsquo;\u00e9tat de sant\u00e9 des assur\u00e9s. <\/span><span style=\"vertical-align: inherit;\">En cas de doute, il est recommand\u00e9 de v\u00e9rifier aupr\u00e8s de votre compl\u00e9mentaire sant\u00e9.<\/span><\/span><\/p>\n<h2><span style=\"vertical-align: inherit;\"><span style=\"vertical-align: inherit;\">Le 100% Sant\u00e9 Dentaire<\/span><\/span><\/h2>\n<p><span style=\"vertical-align: inherit;\"><span style=\"vertical-align: inherit;\">Le dispositif du 100 % sant\u00e9 dentaire assure un <\/span><\/span><strong><span style=\"vertical-align: inherit;\"><span style=\"vertical-align: inherit;\">remboursement int\u00e9gral<\/span><\/span><\/strong><span style=\"vertical-align: inherit;\"><span style=\"vertical-align: inherit;\"> , sans reste \u00e0 charge, pour divers \u00e9quipements dentaires tels que les ponts et les couronnes. <\/span><span style=\"vertical-align: inherit;\">Lanc\u00e9e en 2019, cette mesure s&rsquo;inscrit dans la r\u00e9forme globale du 100 % sant\u00e9, englobant \u00e9galement les domaines des soins optiques et des proth\u00e8ses auditives.<\/span><\/span><\/p>\n<p><span style=\"vertical-align: inherit;\"><span style=\"vertical-align: inherit;\">Appliqu\u00e9e progressivement, cette initiative vise \u00e0 r\u00e9duire les co\u00fbts li\u00e9s aux soins m\u00e9dicaux, \u00e9liminant ainsi les d\u00e9passements d&rsquo;honoraires. <\/span><span style=\"vertical-align: inherit;\">Avant cette r\u00e9forme, le co\u00fbt moyen d&rsquo;une couronne en c\u00e9ramique atteignait environ 550 \u20ac, avec un reste \u00e0 charge d&rsquo;environ 190 \u20ac pour le patient malgr\u00e9 les remboursements de la S\u00e9curit\u00e9 sociale et de la mutuelle.<\/span><\/span><\/p>\n<p><span style=\"vertical-align: inherit;\"><span style=\"vertical-align: inherit;\">D\u00e9sormais, gr\u00e2ce au 100 % sant\u00e9 dentaire, la plupart des proth\u00e8ses dentaires, comme les couronnes c\u00e9ramiques et les dentiers, sont enti\u00e8rement prises en charge par l&rsquo;Assurance maladie et la compl\u00e9mentaire sant\u00e9.<\/span><\/span><\/p>\n<p><iframe loading=\"lazy\" title=\"L&#039;Assurance Maladie\" width=\"500\" height=\"281\" src=\"https:\/\/www.youtube.com\/embed\/MdiYHpnlAvg?feature=oembed\" frameborder=\"0\" allow=\"accelerometer; autoplay; clipboard-write; encrypted-media; gyroscope; picture-in-picture; web-share\" referrerpolicy=\"strict-origin-when-cross-origin\" allowfullscreen><\/iframe><\/p>\n<h1><span style=\"vertical-align: inherit;\"><span style=\"vertical-align: inherit;\"><span style=\"vertical-align: inherit;\"><span style=\"vertical-align: inherit;\"><span style=\"vertical-align: inherit;\"><span style=\"vertical-align: inherit;\">Qui est concern\u00e9 par le 100% Sant\u00e9 Dentaire en 2025 ?<\/span><\/span><\/span><\/span><\/span><\/span><\/h1>\n<h2><span style=\"vertical-align: inherit;\"><span style=\"vertical-align: inherit;\">Quelles sont les conditions d&rsquo;\u00e9ligibilit\u00e9 pour b\u00e9n\u00e9ficier du 100% sant\u00e9 dentaire en 2025 ?<\/span><\/span><\/h2>\n<p><span style=\"vertical-align: inherit;\"><span style=\"vertical-align: inherit;\">Pour b\u00e9n\u00e9ficier du 100% sant\u00e9 dentaire, l&rsquo;une des deux conditions suivantes doit \u00eatre remplie :<\/span><\/span><\/p>\n<ol>\n<li><span style=\"vertical-align: inherit;\"><span style=\"vertical-align: inherit;\">Poss\u00e9der un contrat responsable avec sa mutuelle, couvrant pr\u00e8s de 95 % des contrats et comprenant des plafonds de prise en charge et des planchers.Exemple : Marie poss\u00e8de une mutuelle sant\u00e9 depuis plusieurs ann\u00e9es. <\/span><span style=\"vertical-align: inherit;\">Son contrat est class\u00e9 comme responsable, avec des plafonds de prise en charge et des planchers d\u00e9finis. <\/span><span style=\"vertical-align: inherit;\">Gr\u00e2ce \u00e0 ce contrat, elle peut b\u00e9n\u00e9ficier du 100% sant\u00e9 dentaire.<\/span><\/span><\/li>\n<li><span style=\"vertical-align: inherit;\"><span style=\"vertical-align: inherit;\">\u00catre \u00e9ligible \u00e0 la Compl\u00e9mentaire sant\u00e9 solidaire ( <\/span><\/span><a href=\"https:\/\/www.mes-allocs.fr\/guides\/aides-sante\/complementaire-sante-solidaire-2\/\"><span style=\"vertical-align: inherit;\"><span style=\"vertical-align: inherit;\">CSS<\/span><\/span><\/a><span style=\"vertical-align: inherit;\"><span style=\"vertical-align: inherit;\"> ).Exemple : Paul, actuellement sans emploi et ayant des revenus modestes, remplit les crit\u00e8res d&rsquo;\u00e9ligibilit\u00e9 pour la Compl\u00e9mentaire sant\u00e9 solidaire (CSS). <\/span><span style=\"vertical-align: inherit;\">En tant que b\u00e9n\u00e9ficiaire de la CSS, il est \u00e9galement \u00e9ligible au 100% sant\u00e9 dentaire.<\/span><\/span><\/li>\n<\/ol>\n<p><span style=\"vertical-align: inherit;\"><span style=\"vertical-align: inherit;\">La majorit\u00e9 des Fran\u00e7ais sont donc concern\u00e9s par cette mesure.<\/span><\/span><\/p>\n<h2><span style=\"vertical-align: inherit;\"><span style=\"vertical-align: inherit;\">Qu&rsquo;est-ce que couvre le 100% Sant\u00e9 Dentaire ?<\/span><\/span><\/h2>\n<p><span style=\"vertical-align: inherit;\"><span style=\"vertical-align: inherit;\">Gr\u00e2ce \u00e0 l&rsquo;initiative du 100% sant\u00e9 dentaire, la majorit\u00e9 des proth\u00e8ses dentaires, soit plus de cinquante \u00e9quipements, sont d\u00e9sormais rembours\u00e9es sans aucun frais pr\u00e9alable pour les Fran\u00e7ais. <\/span><span style=\"vertical-align: inherit;\">Depuis le 1er janvier 2021, le dentier fait \u00e9galement partie int\u00e9grante du panier de soins 100% sant\u00e9 dentaire.<\/span><\/span><\/p>\n<p><span style=\"vertical-align: inherit;\"><span style=\"vertical-align: inherit;\">Pour b\u00e9n\u00e9ficier de ce dispositif, il est imp\u00e9ratif que le co\u00fbt des soins n&rsquo;exc\u00e8de pas le plafond d\u00e9fini par la S\u00e9curit\u00e9 sociale. <\/span><span style=\"vertical-align: inherit;\">Tout d\u00e9passement au-del\u00e0 de cette limite impos\u00e9e par l&rsquo;Assurance maladie et la mutuelle entra\u00eene des frais suppl\u00e9mentaires \u00e0 la charge de l&rsquo;assur\u00e9, pouvant \u00eatre significatifs.<\/span><\/span><\/p>\n<p><span style=\"vertical-align: inherit;\"><span style=\"vertical-align: inherit;\">Il existe trois cat\u00e9gories de paniers de <\/span><\/span><a href=\"https:\/\/www.mes-allocs.fr\/guides\/aides-sociales\/lettre-de-demande-daide-financiere-pour-des-soins-dentaires\/\"><span style=\"vertical-align: inherit;\"><span style=\"vertical-align: inherit;\">soins dentaires<\/span><\/span><\/a><span style=\"vertical-align: inherit;\"><span style=\"vertical-align: inherit;\"> :<\/span><\/span><\/p>\n<ol>\n<li><span style=\"vertical-align: inherit;\"><span style=\"vertical-align: inherit;\">Le panier 100% sant\u00e9 garantit un repos \u00e0 charge nul.<\/span><\/span><\/li>\n<li><span style=\"vertical-align: inherit;\"><span style=\"vertical-align: inherit;\">Le panier aux tarifs mod\u00e9r\u00e9s inclut certaines proth\u00e8ses avec des prix encadr\u00e9s. <\/span><span style=\"vertical-align: inherit;\">Le reste \u00e0 charge d\u00e9pend des garanties de la mutuelle.<\/span><\/span><\/li>\n<li><span style=\"vertical-align: inherit;\"><span style=\"vertical-align: inherit;\">Le panier aux tarifs libres indique l\u2019absence de plafonnement.<\/span><\/span><\/li>\n<\/ol>\n<p><span style=\"vertical-align: inherit;\"><span style=\"vertical-align: inherit;\">L&rsquo;offre 100% sant\u00e9 dentaire couvre diverses proth\u00e8ses, notamment :<\/span><\/span><\/p>\n<ul>\n<li><span style=\"vertical-align: inherit;\"><span style=\"vertical-align: inherit;\">les couronnes c\u00e9ramiques-m\u00e9talliques<\/span><\/span><\/li>\n<li><span style=\"vertical-align: inherit;\"><span style=\"vertical-align: inherit;\">les couronnes c\u00e9ramiques monobloc<\/span><\/span><\/li>\n<li><span style=\"vertical-align: inherit;\"><span style=\"vertical-align: inherit;\">les couronnes m\u00e9talliques<\/span><\/span><\/li>\n<li><span style=\"vertical-align: inherit;\"><span style=\"vertical-align: inherit;\">les ponts c\u00e9ramiques-m\u00e9talliques<\/span><\/span><\/li>\n<li><span style=\"vertical-align: inherit;\"><span style=\"vertical-align: inherit;\">les ponts enti\u00e8rement m\u00e9talliques<\/span><\/span><\/li>\n<li><span style=\"vertical-align: inherit;\"><span style=\"vertical-align: inherit;\">les dentiers en r\u00e9sine (proth\u00e8ses amovibles)<\/span><\/span><\/li>\n<li><span style=\"vertical-align: inherit;\"><span style=\"vertical-align: inherit;\">les r\u00e9parations ou les changements d&rsquo;\u00e9l\u00e9ments des dentiers<\/span><\/span><\/li>\n<\/ul>\n<p><span style=\"vertical-align: inherit;\"><span style=\"vertical-align: inherit;\">Les mat\u00e9riaux utilis\u00e9s sont s\u00e9lectionn\u00e9s en fonction de leur qualit\u00e9 esth\u00e9tique et fonctionnelle, adapt\u00e9s \u00e0 la localisation sp\u00e9cifique de chaque dent.<\/span><\/span><\/p>\n<h2><span style=\"vertical-align: inherit;\"><span style=\"vertical-align: inherit;\">Comment b\u00e9n\u00e9ficier du 100% sant\u00e9 dentaire en 2025 ?<\/span><\/span><\/h2>\n<p><span style=\"vertical-align: inherit;\"><span style=\"vertical-align: inherit;\">L&rsquo;offre 100 % Sant\u00e9 dentaire est accessible chez tous les dentistes. <\/span><span style=\"vertical-align: inherit;\">Lors de votre consultation, votre dentiste \u00e9tablira un devis d\u00e9taill\u00e9, sp\u00e9cifiant les traitements n\u00e9cessaires.<\/span><\/span><\/p>\n<p><span style=\"vertical-align: inherit;\"><span style=\"vertical-align: inherit;\">Chaque acte mentionn\u00e9 dans le devis correspond \u00e0 l&rsquo;un des trois paniers de soins d\u00e9finis par la r\u00e9forme 100 % Sant\u00e9 pour les proth\u00e8ses dentaires :<\/span><\/span><\/p>\n<ol>\n<li><strong><span style=\"vertical-align: inherit;\"><span style=\"vertical-align: inherit;\">Le panier 100 % Sant\u00e9 :<\/span><\/span><\/strong><span style=\"vertical-align: inherit;\"><span style=\"vertical-align: inherit;\"> Les couronnes, les ponts et les dentiers sont enti\u00e8rement rembours\u00e9s si votre contrat de mutuelle le pr\u00e9voit (contrat responsable).<\/span><\/span><\/li>\n<li><strong><span style=\"vertical-align: inherit;\"><span style=\"vertical-align: inherit;\">Le panier aux tarifs ma\u00eetris\u00e9s :<\/span><\/span><\/strong><span style=\"vertical-align: inherit;\"><span style=\"vertical-align: inherit;\"> Il inclut des couronnes, des ponts et des dentiers dont les prix sont plafonn\u00e9s. <\/span><span style=\"vertical-align: inherit;\">Selon les conditions de votre contrat de mutuelle, un reste \u00e0 charge mod\u00e9r\u00e9e peut s&rsquo;appliquer.<\/span><\/span><\/li>\n<li><strong><span style=\"vertical-align: inherit;\"><span style=\"vertical-align: inherit;\">Le panier aux tarifs libres :<\/span><\/span><\/strong><span style=\"vertical-align: inherit;\"><span style=\"vertical-align: inherit;\"> Le reste \u00e0 charge peut \u00eatre plus \u00e9lev\u00e9 selon votre contrat de mutuelle.<\/span><\/span><\/li>\n<\/ol>\n<p><span style=\"vertical-align: inherit;\"><span style=\"vertical-align: inherit;\">Le devis de votre dentiste doit pr\u00e9ciser le traitement propos\u00e9 ainsi que l&rsquo;alternative dans le panier 100 % Sant\u00e9 ou, si cela n&rsquo;est pas techniquement possible, dans le panier aux tarifs ma\u00eetris\u00e9s. <\/span><span style=\"vertical-align: inherit;\">Vous pouvez ensuite transmettre ce devis \u00e0 votre mutuelle pour conna\u00eetre le montant de votre remboursement.<\/span><\/span><\/p>\n<p><span style=\"vertical-align: inherit;\"><span style=\"vertical-align: inherit;\">Avant la r\u00e9forme, le co\u00fbt moyen d&rsquo;une couronne en c\u00e9ramique s&rsquo;\u00e9levait \u00e0 550 \u20ac. <\/span><span style=\"vertical-align: inherit;\">Apr\u00e8s les remboursements de 355 \u20ac par l&rsquo;Assurance Maladie et la mutuelle, il reste environ 195 \u20ac \u00e0 la charge de l&rsquo;assur\u00e9. <\/span><span style=\"vertical-align: inherit;\">Depuis le 1er janvier 2021, avec la r\u00e9forme 100 % Sant\u00e9, les tarifs des proth\u00e8ses dentaires sont inclus dans le panier 100 % Sant\u00e9, avec un reste \u00e0 charge nul pour l&rsquo;assur\u00e9.<\/span><\/span><\/p>\n<p><span style=\"vertical-align: inherit;\"><span style=\"vertical-align: inherit;\"><span style=\"vertical-align: inherit;\"><span style=\"vertical-align: inherit;\"><span style=\"vertical-align: inherit;\"><span style=\"vertical-align: inherit;\"><span style=\"vertical-align: inherit;\"><span style=\"vertical-align: inherit;\"><span style=\"vertical-align: inherit;\"><span style=\"vertical-align: inherit;\"><span style=\"vertical-align: inherit;\"><span style=\"vertical-align: inherit;\"><span style=\"vertical-align: inherit;\"><span style=\"vertical-align: inherit;\"><span style=\"vertical-align: inherit;\"><span style=\"vertical-align: inherit;\"><span style=\"vertical-align: inherit;\"><span style=\"vertical-align: inherit;\"><span style=\"vertical-align: inherit;\"><span style=\"vertical-align: inherit;\"><div class='cta-block'><div class='text'>Simulez vos aides en 2 min.<\/div><a href='https:\/\/www.mes-allocs.fr\/ab-app?origin=guides\/wp-json\/wp\/v2\/posts\/74121' class='app-button fit'>Simulation gratuite<\/a><\/div><\/span><\/span><\/span><\/span><\/span><\/span><\/span><\/span><\/span><\/span><\/span><\/span><\/span><\/span><\/span><\/span><\/span><\/span><\/span><\/span><\/p>\n<h1><span style=\"vertical-align: inherit;\"><span style=\"vertical-align: inherit;\">Qu&rsquo;est-ce que le devis obligatoire ?<\/span><\/span><\/h1>\n<p><span style=\"vertical-align: inherit;\"><span style=\"vertical-align: inherit;\">Depuis le 1er janvier 2020, les dentistes conventionn\u00e9s sont tenus d&rsquo;inclure syst\u00e9matiquement dans leurs devis un plan de traitement \u00ab 100 % Sant\u00e9 \u00bb lorsqu&rsquo;il est disponible. <\/span><span style=\"vertical-align: inherit;\">Apr\u00e8s un examen m\u00e9dical, le dentiste propose un plan de traitement d\u00e9taill\u00e9 dans un devis type, sp\u00e9cifiant les actes pr\u00e9vus et les mat\u00e9riaux utilis\u00e9s. <\/span><span style=\"vertical-align: inherit;\">Si des actes laissent un reste \u00e0 charge pour le patient apr\u00e8s les remboursements de l&rsquo;Assurance Maladie et de la mutuelle, le dentiste doit obligatoirement indiquer dans la section \u00ab\u00a0information alternative th\u00e9rapeutique\u00a0\u00bb du devis les actes r\u00e9alisables sans reste \u00e0 charge (panier \u00ab\u00a0100 %Sant\u00e9\u00a0\u00bb).<\/span><\/span><\/p>\n<p><span style=\"vertical-align: inherit;\"><span style=\"vertical-align: inherit;\">En l&rsquo;absence d&rsquo;offre \u00ab 100 % Sant\u00e9 \u00bb, le dentiste doit d\u00e9finir sur le devis les actes r\u00e9alisables avec un reste \u00e0 charge ma\u00eetris\u00e9, s&rsquo;ils existent. <\/span><span style=\"vertical-align: inherit;\">Cette information permet au patient de prendre une d\u00e9cision \u00e9clair\u00e9e en connaissant les diff\u00e9rentes options disponibles pour sa situation.<\/span><\/span><\/p>\n<p><span style=\"vertical-align: inherit;\"><span style=\"vertical-align: inherit;\">Chaque patient conserve la libert\u00e9 de choisir l&rsquo;alternative th\u00e9rapeutique qui lui convient. <\/span><span style=\"vertical-align: inherit;\">Il doit se renseigner sur les conditions de remboursement pr\u00e9vues par son contrat de mutuelle sant\u00e9 pour les paniers aux tarifs ma\u00eetris\u00e9s et libres.<\/span><\/span><\/p>\n<p><span style=\"vertical-align: inherit;\"><span style=\"vertical-align: inherit;\">Il est important de noter que le dentiste doit informer le patient des soins propos\u00e9s dans le cadre du \u00ab\u00a0100 % Sant\u00e9\u00a0\u00bb et\/ou aux tarifs ma\u00eetris\u00e9s dans son devis, mais il n&rsquo;est pas oblig\u00e9 de r\u00e9aliser lui-m\u00eame ces actes. <\/span><span style=\"vertical-align: inherit;\">Il peut recommander son patient \u00e0 un autre dentiste, tout en fournissant cette information \u00e0 son patient.<\/span><\/span><\/p>\n<p><span style=\"vertical-align: inherit;\"><span style=\"vertical-align: inherit;\">Une fois le devis obtenu, il suffit de le transmettre \u00e0 la sant\u00e9 compl\u00e9mentaire. <\/span><span style=\"vertical-align: inherit;\">Si la proth\u00e8se dentaire est dans le panier reste \u00e0 charge z\u00e9ro, aucun paiement direct n&rsquo;est requis.<\/span><\/span><\/p>\n<p><span style=\"vertical-align: inherit;\"><span style=\"vertical-align: inherit;\"><span style=\"vertical-align: inherit;\"><span style=\"vertical-align: inherit;\"><span style=\"vertical-align: inherit;\"><span style=\"vertical-align: inherit;\"><span style=\"vertical-align: inherit;\"><span style=\"vertical-align: inherit;\"><span style=\"vertical-align: inherit;\"><span style=\"vertical-align: inherit;\"><span style=\"vertical-align: inherit;\"><span style=\"vertical-align: inherit;\"><span style=\"vertical-align: inherit;\"><span style=\"vertical-align: inherit;\"><span style=\"vertical-align: inherit;\"><span style=\"vertical-align: inherit;\"><span style=\"vertical-align: inherit;\"><span style=\"vertical-align: inherit;\"><span style=\"vertical-align: inherit;\"><span style=\"vertical-align: inherit;\"><div class='cta-block'><div class='text'>Simulez vos aides en 2 min.<\/div><a href='https:\/\/www.mes-allocs.fr\/ab-app?origin=guides\/wp-json\/wp\/v2\/posts\/74121' class='app-button fit'>Simulation gratuite<\/a><\/div><\/span><\/span><\/span><\/span><\/span><\/span><\/span><\/span><\/span><\/span><\/span><\/span><\/span><\/span><\/span><\/span><\/span><\/span><\/span><\/span><\/p>\n","protected":false},"excerpt":{"rendered":"<p>L&rsquo;offre \u00ab\u00a0100 % Sant\u00e9\u00a0\u00bb dentaire d&rsquo;Ameli garantit un remboursement int\u00e9gral par l&rsquo;Assurance Maladie et votre compl\u00e9mentaire sant\u00e9 sur les ponts et les couronnes dentaires. Depuis le 1er janvier 2021, elle englobe \u00e9galement les dentiers (proth\u00e8ses amovibles). Qu&rsquo;est ce que le 100% Sant\u00e9 Dentaire ?\u00a0 Le 100%Sant\u00e9 Trop de Fran\u00e7ais renoncent \u00e0 des soins essentiels comme [&hellip;]<\/p>\n","protected":false},"author":28,"featured_media":105649,"comment_status":"open","ping_status":"open","sticky":false,"template":"","format":"standard","meta":{"amp_status":"","footnotes":""},"categories":[31073],"tags":[],"class_list":["post-74121","post","type-post","status-publish","format-standard","has-post-thumbnail","hentry","category-ameli"],"yoast_head":"<!-- This site is optimized with the Yoast SEO plugin v14.9 - https:\/\/yoast.com\/wordpress\/plugins\/seo\/ -->\n<title>100% Sant\u00e9 Dentaire : comprendre l&#039;offre d&#039;Ameli | Mes-Allocs.fr<\/title>\n<meta name=\"description\" content=\"Dans cet article Mes Allocs vous explique tout sur l&#039;offre 100% Sant\u00e9 Dentaire propos\u00e9 par l&#039;Assurance Maladie Ameli.\" \/>\n<meta name=\"robots\" content=\"index, follow, max-snippet:-1, max-image-preview:large, max-video-preview:-1\" \/>\n<link rel=\"canonical\" href=\"https:\/\/www.mes-allocs.fr\/guides\/ameli\/100-sante-dentaire\/\" \/>\n<meta property=\"og:locale\" content=\"fr_FR\" \/>\n<meta property=\"og:type\" content=\"article\" \/>\n<meta property=\"og:title\" content=\"100% Sant\u00e9 Dentaire : comprendre l&#039;offre d&#039;Ameli | Mes-Allocs.fr\" \/>\n<meta property=\"og:description\" content=\"Dans cet article Mes Allocs vous explique tout sur l&#039;offre 100% Sant\u00e9 Dentaire propos\u00e9 par l&#039;Assurance Maladie Ameli.\" \/>\n<meta property=\"og:url\" content=\"https:\/\/www.mes-allocs.fr\/guides\/ameli\/100-sante-dentaire\/\" \/>\n<meta property=\"og:site_name\" content=\"Mes-Allocs.fr\" \/>\n<meta property=\"article:published_time\" content=\"2024-02-12T09:00:55+00:00\" \/>\n<meta property=\"article:modified_time\" content=\"2026-04-22T09:55:16+00:00\" \/>\n<meta property=\"og:image\" content=\"https:\/\/www.mes-allocs.fr\/guides\/wp-content\/uploads\/2024\/02\/100-sante-dentaire.jpg?wsr\" \/>\n\t<meta property=\"og:image:width\" content=\"1024\" \/>\n\t<meta property=\"og:image:height\" content=\"678\" \/>\n<meta name=\"twitter:card\" content=\"summary_large_image\" \/>\n<script type=\"application\/ld+json\" class=\"yoast-schema-graph\">{\"@context\":\"https:\/\/schema.org\",\"@graph\":[{\"@type\":\"WebSite\",\"@id\":\"https:\/\/www.mes-allocs.fr\/guides\/#website\",\"url\":\"https:\/\/www.mes-allocs.fr\/guides\/\",\"name\":\"Mes-Allocs.fr\",\"description\":\"\",\"potentialAction\":[{\"@type\":\"SearchAction\",\"target\":\"https:\/\/www.mes-allocs.fr\/guides\/?s={search_term_string}\",\"query-input\":\"required name=search_term_string\"}],\"inLanguage\":\"fr-FR\"},{\"@type\":\"ImageObject\",\"@id\":\"https:\/\/www.mes-allocs.fr\/guides\/ameli\/100-sante-dentaire\/#primaryimage\",\"inLanguage\":\"fr-FR\",\"url\":\"https:\/\/www.mes-allocs.fr\/guides\/wp-content\/uploads\/2024\/02\/100-sante-dentaire.jpg?wsr\",\"width\":1024,\"height\":678,\"caption\":\"sante dentaire\"},{\"@type\":\"WebPage\",\"@id\":\"https:\/\/www.mes-allocs.fr\/guides\/ameli\/100-sante-dentaire\/#webpage\",\"url\":\"https:\/\/www.mes-allocs.fr\/guides\/ameli\/100-sante-dentaire\/\",\"name\":\"100% Sant\\u00e9 Dentaire : comprendre l'offre d'Ameli | Mes-Allocs.fr\",\"isPartOf\":{\"@id\":\"https:\/\/www.mes-allocs.fr\/guides\/#website\"},\"primaryImageOfPage\":{\"@id\":\"https:\/\/www.mes-allocs.fr\/guides\/ameli\/100-sante-dentaire\/#primaryimage\"},\"datePublished\":\"2024-02-12T09:00:55+00:00\",\"dateModified\":\"2026-04-22T09:55:16+00:00\",\"author\":{\"@id\":\"https:\/\/www.mes-allocs.fr\/guides\/#\/schema\/person\/e506e10a355aa02ef75c736bcb442d65\"},\"description\":\"Dans cet article Mes Allocs vous explique tout sur l'offre 100% Sant\\u00e9 Dentaire propos\\u00e9 par l'Assurance Maladie Ameli.\",\"inLanguage\":\"fr-FR\"},{\"@type\":\"Person\",\"@id\":\"https:\/\/www.mes-allocs.fr\/guides\/#\/schema\/person\/e506e10a355aa02ef75c736bcb442d65\",\"name\":\"Janelle Legros\",\"image\":{\"@type\":\"ImageObject\",\"@id\":\"https:\/\/www.mes-allocs.fr\/guides\/#personlogo\",\"inLanguage\":\"fr-FR\",\"url\":\"https:\/\/www.mes-allocs.fr\/guides\/wp-content\/uploads\/2024\/01\/c7a29860-f8e7-4078-8a51-6cd71447d7e9.jpeg\",\"caption\":\"Janelle Legros\"},\"description\":\"Janelle est r\\u00e9dactrice web et charg\\u00e9e de communication pour Mes Allocs. Sp\\u00e9cialiste des d\\u00e9marches administratives, elle rejoint l'\\u00e9quipe Mes Allocs apr\\u00e8s une premi\\u00e8re exp\\u00e9rience en journalisme.\",\"sameAs\":[\"https:\/\/www.linkedin.com\/in\/janelle-legros\/\"]}]}<\/script>\n<!-- \/ Yoast SEO plugin. -->","amp_validity":null,"acf":{"faq":{"1":{"question":"Qui peut b\u00e9n\u00e9ficier du 100% Sant\u00e9 Dentaire ? ","answer":"Tout le monde peut b\u00e9n\u00e9ficier du 100% sant\u00e9 dentaire, il vous suffit d'\u00eatre souscrit \u00e0 un contrat de compl\u00e9mentaire sant\u00e9 qualifi\u00e9 de \"responsable\" pour acc\u00e9der aux services de soins 100 % Sant\u00e9. "},"2":{"question":"Les remboursements sont-ils les m\u00eames pour tous les types de soins dentaires ?","answer":"Non, seuls les couronnes, bridges et dentiers inclus dans le panier 100 % Sant\u00e9 b\u00e9n\u00e9ficient d'un remboursement int\u00e9gral. Pour d'autres types de proth\u00e8ses dentaires, il est n\u00e9cessaire de v\u00e9rifier aupr\u00e8s de sa mutuelle le montant du remboursement."},"3":{"question":"Les proth\u00e8ses dentaires rembours\u00e9es dans le 100 % Sant\u00e9 Dentaire sont-elles de mauvaise qualit\u00e9 ?","answer":"Non, les proth\u00e8ses respectant les normes de qualit\u00e9 requises pour r\u00e9pondre aux besoins des patients font partie du panier 100 % Sant\u00e9, assurant un remboursement complet. Le montant du remboursement d\u00e9pend des mat\u00e9riaux utilis\u00e9s et de la visibilit\u00e9 de la dent concern\u00e9e."},"4":{"question":"Le dentiste peut-il imposer une d\u00e9cision ?","answer":"Non, vous conservez la libert\u00e9 de choisir entre l'offre 100 % Sant\u00e9 et d'autres options. Peu importe votre d\u00e9cision, votre dentiste doit vous fournir un devis indiquant les soins inclus dans l'offre 100 % Sant\u00e9, b\u00e9n\u00e9ficiant d'un remboursement complet."},"5":{"question":"Est-ce que tous les dentistes font le 100% sant\u00e9 dentaire ?","answer":"Chaque dentiste en France est tenu de proposer un plan de traitement \u00e9ligible au 100% sant\u00e9 dentaire. Lors de la consultation, le chirurgien-dentiste est oblig\u00e9 de vous pr\u00e9senter la r\u00e9forme du 100% sant\u00e9 pour vous permettre de b\u00e9n\u00e9ficier de soins dentaires sans frais."},"6":{"question":"Quelle est la diff\u00e9rence entre la CPAM et Ameli ?","answer":"Ameli d\u00e9signe le site internet de l'Assurance Maladie et CPAM est l'acronyme de \"caisse primaire d'assurance maladie\". Il s'agit du nom attribu\u00e9 aux agences d\u00e9partementales de l'Assurance Maladie."},"7":{"question":"Qui peut b\u00e9n\u00e9ficier du 100% sant\u00e9 dentaire ?","answer":"L'offre 100 % Sant\u00e9 Dentaire est accessible \u00e0 toute personne b\u00e9n\u00e9ficiant d'une compl\u00e9mentaire sant\u00e9 responsable ou de la CMU-c. "},"8":{"question":"","answer":""},"9":{"question":"","answer":""},"10":{"question":"","answer":""},"11":{"question":"","answer":""},"12":{"question":"","answer":""},"13":{"question":"","answer":""},"14":{"question":"","answer":""},"15":{"question":"","answer":""},"16":{"question":"","answer":""}}},"_links":{"self":[{"href":"https:\/\/www.mes-allocs.fr\/guides\/wp-json\/wp\/v2\/posts\/74121","targetHints":{"allow":["GET"]}}],"collection":[{"href":"https:\/\/www.mes-allocs.fr\/guides\/wp-json\/wp\/v2\/posts"}],"about":[{"href":"https:\/\/www.mes-allocs.fr\/guides\/wp-json\/wp\/v2\/types\/post"}],"author":[{"embeddable":true,"href":"https:\/\/www.mes-allocs.fr\/guides\/wp-json\/wp\/v2\/users\/28"}],"replies":[{"embeddable":true,"href":"https:\/\/www.mes-allocs.fr\/guides\/wp-json\/wp\/v2\/comments?post=74121"}],"version-history":[{"count":7,"href":"https:\/\/www.mes-allocs.fr\/guides\/wp-json\/wp\/v2\/posts\/74121\/revisions"}],"predecessor-version":[{"id":97117,"href":"https:\/\/www.mes-allocs.fr\/guides\/wp-json\/wp\/v2\/posts\/74121\/revisions\/97117"}],"wp:featuredmedia":[{"embeddable":true,"href":"https:\/\/www.mes-allocs.fr\/guides\/wp-json\/wp\/v2\/media\/105649"}],"wp:attachment":[{"href":"https:\/\/www.mes-allocs.fr\/guides\/wp-json\/wp\/v2\/media?parent=74121"}],"wp:term":[{"taxonomy":"category","embeddable":true,"href":"https:\/\/www.mes-allocs.fr\/guides\/wp-json\/wp\/v2\/categories?post=74121"},{"taxonomy":"post_tag","embeddable":true,"href":"https:\/\/www.mes-allocs.fr\/guides\/wp-json\/wp\/v2\/tags?post=74121"}],"curies":[{"name":"wp","href":"https:\/\/api.w.org\/{rel}","templated":true}]}}