{"id":74112,"date":"2024-01-31T18:24:55","date_gmt":"2024-01-31T16:24:55","guid":{"rendered":"https:\/\/www.mes-allocs.fr\/guides\/?p=74112"},"modified":"2025-03-21T18:38:15","modified_gmt":"2025-03-21T16:38:15","slug":"retour-de-conge-sabbatique","status":"publish","type":"post","link":"https:\/\/www.mes-allocs.fr\/guides\/conge-sabbatique\/retour-de-conge-sabbatique\/","title":{"rendered":"Le retour de cong\u00e9 sabbatique : r\u00e9int\u00e9gration et transitions professionnelles"},"content":{"rendered":"<p><img loading=\"lazy\" decoding=\"async\" class=\"alignnone wp-image-74115 size-full\" title=\"conge sabbatique retour\" src=\"https:\/\/www.mes-allocs.fr\/guides\/wp-content\/uploads\/2024\/01\/conge-sabbatique-retour-e1706716306608.jpg\" alt=\"conge sabbatique retour\" width=\"1280\" height=\"358\" srcset=\"https:\/\/www.mes-allocs.fr\/guides\/wp-content\/uploads\/2024\/01\/conge-sabbatique-retour-e1706716306608.jpg 1280w, https:\/\/www.mes-allocs.fr\/guides\/wp-content\/uploads\/2024\/01\/conge-sabbatique-retour-e1706716306608-300x84.jpg 300w, https:\/\/www.mes-allocs.fr\/guides\/wp-content\/uploads\/2024\/01\/conge-sabbatique-retour-e1706716306608-1024x286.jpg 1024w, https:\/\/www.mes-allocs.fr\/guides\/wp-content\/uploads\/2024\/01\/conge-sabbatique-retour-e1706716306608-768x215.jpg 768w, https:\/\/www.mes-allocs.fr\/guides\/wp-content\/uploads\/2024\/01\/conge-sabbatique-retour-e1706716306608-600x168.jpg 600w\" sizes=\"auto, (max-width: 1280px) 100vw, 1280px\" \/><\/p>\n<p><strong>Le retour de<a href=\"https:\/\/www.mes-allocs.fr\/guides\/conge-sabbatique\/\"> cong\u00e9 sabbatique<\/a> constitue une \u00e9tape cruciale tant pour le salari\u00e9 que pour l&rsquo;entreprise. Apr\u00e8s une p\u00e9riode d&rsquo;absence d\u00e9di\u00e9e \u00e0 des projets personnels ou professionnels, il est essentiel de bien g\u00e9rer la r\u00e9int\u00e9gration et de planifier les transitions professionnelles. Cette phase marque souvent un nouveau d\u00e9part et peut influencer la carri\u00e8re future du salari\u00e9. Dans cette perspective, nous explorerons les d\u00e9fis, les strat\u00e9gies et les bonnes pratiques li\u00e9s au retour de cong\u00e9 sabbatique.<\/strong><\/p>\n<div class='cta-block'><div class='text'>Simulez votre toutes vos aides en 2 min.<\/div><a href='https:\/\/www.mes-allocs.fr\/ab-app?origin=guides\/wp-json\/wp\/v2\/posts\/74112' class='app-button fit'>Simulation gratuite<\/a><\/div>\n<h1>R\u00e9int\u00e9gration professionnelle apr\u00e8s le cong\u00e9 sabbatique<\/h1>\n<h2>La pr\u00e9paration avant le retour<\/h2>\n<p>Avant de revenir de son cong\u00e9 sabbatique, un salari\u00e9 devrait prendre plusieurs mesures pour faciliter sa r\u00e9int\u00e9gration professionnelle. Tout d&rsquo;abord, il est essentiel de <strong>rester inform\u00e9 des \u00e9volutions r\u00e9centes dans son domaine de travail.<\/strong> Cela peut impliquer la lecture de publications professionnelles, la participation \u00e0 des formations en ligne pertinentes, ou m\u00eame le maintien de contacts avec des coll\u00e8gues ou des r\u00e9seaux professionnels. Ensuite, le salari\u00e9 devrait envisager de mettre \u00e0 jour ses comp\u00e9tences si n\u00e9cessaire.<\/p>\n<p>Cela peut se faire par le biais de cours de formation, de certifications ou de programmes de d\u00e9veloppement professionnel. De plus, il est important de <strong>communiquer ouvertement avec son employeur sur son retour imminent<\/strong>. Cette communication peut aider \u00e0 planifier la r\u00e9int\u00e9gration et \u00e0 aligner les attentes des deux parties. Enfin, le salari\u00e9 pourrait \u00e9galement envisager de planifier la transition avec son \u00e9quipe ou ses coll\u00e8gues, en s&rsquo;assurant que les projets en cours sont bien g\u00e9r\u00e9s pendant son absence et en facilitant une reprise fluide de ses responsabilit\u00e9s \u00e0 son retour.<\/p>\n<p><iframe loading=\"lazy\" title=\"Le cong\u00e9 sabbatique\" width=\"500\" height=\"281\" src=\"https:\/\/www.youtube.com\/embed\/LVb9xmVd30o?feature=oembed\" frameborder=\"0\" allow=\"accelerometer; autoplay; clipboard-write; encrypted-media; gyroscope; picture-in-picture; web-share\" referrerpolicy=\"strict-origin-when-cross-origin\" allowfullscreen><\/iframe><\/p>\n<h2>L&rsquo;accueil et soutien de l&rsquo;entreprise<\/h2>\n<p>L&rsquo;accueil et le soutien de l&rsquo;entreprise jouent un r\u00f4le crucial dans la r\u00e9int\u00e9gration r\u00e9ussie d&rsquo;un salari\u00e9 apr\u00e8s un cong\u00e9 sabbatique. Id\u00e9alement, l&rsquo;entreprise devrait mettre en place un processus d&rsquo;accueil structur\u00e9 pour faciliter le retour du salari\u00e9. Cela pourrait inclure une r\u00e9union de retour o\u00f9 le salari\u00e9 est inform\u00e9 des d\u00e9veloppements survenus pendant son absence, des changements organisationnels, des nouveaux projets et des attentes de l&rsquo;\u00e9quipe.<\/p>\n<p>De plus, l&rsquo;entreprise pourrait assigner un coll\u00e8gue ou un mentor pour aider le salari\u00e9 \u00e0 se r\u00e9acclimater \u00e0 son environnement de travail et \u00e0 r\u00e9pondre \u00e0 ses questions. Un plan d&rsquo;int\u00e9gration personnalis\u00e9 peut \u00e9galement \u00eatre b\u00e9n\u00e9fique, en identifiant les objectifs \u00e0 court et \u00e0 long terme du salari\u00e9 et en \u00e9tablissant un processus pour les atteindre. Enfin, un soutien continu de la part de la direction et de l&rsquo;\u00e9quipe peut contribuer \u00e0 assurer une transition harmonieuse et \u00e0 favoriser le bien-\u00eatre du salari\u00e9 pendant cette p\u00e9riode de changement.<\/p>\n<div class='cta-block'><div class='text'>Simulez votre toutes vos aides en 2 min.<\/div><a href='https:\/\/www.mes-allocs.fr\/ab-app?origin=guides\/wp-json\/wp\/v2\/posts\/74112' class='app-button fit'>Simulation gratuite<\/a><\/div>\n<h1>La gestion des transitions professionnelles<\/h1>\n<h2>La r\u00e9orientation de carri\u00e8re<\/h2>\n<p>La r\u00e9orientation de carri\u00e8re apr\u00e8s un cong\u00e9 sabbatique peut impliquer plusieurs \u00e9tapes :<\/p>\n<ol>\n<li><strong>\u00c9valuation des aspirations professionnelles :<\/strong> le salari\u00e9 peut commencer par r\u00e9fl\u00e9chir \u00e0 ses int\u00e9r\u00eats, ses valeurs et ses objectifs professionnels \u00e0 long terme pour d\u00e9terminer s&rsquo;il souhaite poursuivre dans la m\u00eame voie ou explorer de nouvelles opportunit\u00e9s.<\/li>\n<li><strong>Identification des comp\u00e9tences transf\u00e9rables :<\/strong> pendant le cong\u00e9 sabbatique, le salari\u00e9 peut avoir acquis de nouvelles comp\u00e9tences ou d\u00e9velopp\u00e9 des talents dans des domaines non professionnels. Il peut alors envisager comment ces comp\u00e9tences peuvent \u00eatre transf\u00e9r\u00e9es \u00e0 d&rsquo;autres secteurs ou fonctions professionnelles.<\/li>\n<li><strong>Exploration de nouvelles opportunit\u00e9s :<\/strong> le retour au travail peut \u00eatre l&rsquo;occasion d&rsquo;explorer de nouveaux domaines d&rsquo;int\u00e9r\u00eat ou de se lancer dans des projets professionnels passionnants qui correspondent mieux aux aspirations du salari\u00e9.<\/li>\n<li><strong>Mise en place d&rsquo;un plan d&rsquo;action :<\/strong> une fois les objectifs professionnels clarifi\u00e9s, le salari\u00e9 peut \u00e9laborer un plan d&rsquo;action concret pour atteindre ses nouveaux objectifs, y compris la formation suppl\u00e9mentaire, le r\u00e9seautage professionnel et la recherche d&rsquo;opportunit\u00e9s de carri\u00e8re.<\/li>\n<li><strong>Suivi et ajustement :<\/strong> il est important de suivre r\u00e9guli\u00e8rement les progr\u00e8s r\u00e9alis\u00e9s par rapport aux objectifs de r\u00e9orientation de carri\u00e8re et d&rsquo;\u00eatre pr\u00eat \u00e0 ajuster le plan d&rsquo;action en fonction des nouvelles informations ou des opportunit\u00e9s qui se pr\u00e9sentent.<\/li>\n<\/ol>\n<h2>L&rsquo;adaptation au changement<\/h2>\n<p>L&rsquo;adaptation au changement apr\u00e8s un cong\u00e9 sabbatique peut \u00eatre une \u00e9tape d\u00e9licate, mais elle est essentielle pour r\u00e9ussir dans son retour au travail. Pour faciliter cette transition, voici quelques conseils pratiques :<\/p>\n<ul>\n<li><strong>Engager le dialogue :<\/strong> organisez des r\u00e9unions informelles avec vos coll\u00e8gues et votre direction pour discuter des changements survenus pendant votre absence. Comprendre comment vous pouvez vous int\u00e9grer efficacement dans la nouvelle dynamique de l&rsquo;\u00e9quipe.<\/li>\n<li><strong>Se former :<\/strong> identifiez les nouvelles comp\u00e9tences ou technologies n\u00e9cessaires pour r\u00e9ussir dans votre r\u00f4le. Cherchez des opportunit\u00e9s de formation offertes par l&rsquo;entreprise ou des ressources externes pour combler les lacunes \u00e9ventuelles.<\/li>\n<li><strong>Faire preuve de flexibilit\u00e9 :<\/strong> soyez ouvert aux changements et aux nouvelles id\u00e9es. Acceptez que certaines des anciennes fa\u00e7ons de faire peuvent ne plus \u00eatre pertinentes. Montrez-vous flexible dans votre approche du travail et pr\u00eat \u00e0 vous adapter aux nouvelles m\u00e9thodes.<\/li>\n<li><strong>Trouver un mentor :<\/strong> cherchez un coll\u00e8gue ou un superviseur exp\u00e9riment\u00e9 qui peut servir de mentor. Ils peuvent fournir des conseils pr\u00e9cieux pour naviguer dans les nouveaux d\u00e9fis professionnels et vous aider \u00e0 vous acclimater \u00e0 votre retour.<\/li>\n<li><strong>\u00c9tablir des objectifs clairs :<\/strong> d\u00e9finissez des objectifs professionnels r\u00e9alistes et r\u00e9alisables pour cette nouvelle phase de votre carri\u00e8re. Tenez compte des nouvelles r\u00e9alit\u00e9s de l&rsquo;entreprise et de vos propres aspirations professionnelles en \u00e9tablissant des objectifs concrets \u00e0 atteindre.<\/li>\n<\/ul>\n<p>En mettant en pratique ces strat\u00e9gies et en restant r\u00e9solument engag\u00e9 dans votre d\u00e9veloppement professionnel, vous pouvez surmonter avec succ\u00e8s les d\u00e9fis de l&rsquo;adaptation au changement et prosp\u00e9rer dans votre r\u00f4le apr\u00e8s votre cong\u00e9 sabbatique.<\/p>\n<h2>L&rsquo;\u00e9quilibre entre vie professionnelle et personnelle<\/h2>\n<p>Maintenir un \u00e9quilibre entre vie professionnelle et personnelle est crucial pour garantir un bien-\u00eatre global et une satisfaction dans tous les aspects de sa vie. Apr\u00e8s un cong\u00e9 sabbatique, cette \u00e9quation peut \u00eatre d&rsquo;autant plus d\u00e9licate \u00e0 \u00e9quilibrer. Il est essentiel de d\u00e9finir des limites claires entre le travail et la vie personnelle. Cela peut inclure l&rsquo;\u00e9tablissement d&rsquo;horaires de travail r\u00e9guliers et la s\u00e9paration physique des espaces d\u00e9di\u00e9s au travail et aux loisirs. Prioriser les activit\u00e9s selon leur importance peut \u00e9galement aider \u00e0 focaliser sur ce qui compte vraiment, que ce soit dans la sph\u00e8re professionnelle ou personnelle. En identifiant les t\u00e2ches les plus cruciales et en leur accordant la priorit\u00e9, il devient plus facile de planifier son emploi du temps de mani\u00e8re \u00e9quilibr\u00e9e.<\/p>\n<p>Une autre strat\u00e9gie essentielle est de pratiquer l&rsquo;auto-soin r\u00e9guli\u00e8rement. <strong>Prendre du temps pour soi-m\u00eame<\/strong> est indispensable pour recharger ses batteries et maintenir un niveau optimal de bien-\u00eatre. Cela peut se traduire par des activit\u00e9s telles que l&rsquo;exercice physique, la m\u00e9ditation, la lecture ou toute autre forme de loisirs qui procure du plaisir. Enfin, une communication ouverte et efficace avec les coll\u00e8gues et les sup\u00e9rieurs peut contribuer \u00e0 r\u00e9duire le stress li\u00e9 au travail et \u00e0 trouver des solutions adapt\u00e9es aux besoins de chacun. En suivant ces principes et en adoptant une approche proactive de l&rsquo;\u00e9quilibre entre vie professionnelle et personnelle, il est possible de naviguer avec succ\u00e8s dans les transitions professionnelles et de maintenir une qualit\u00e9 de vie optimale.<\/p>\n<div class='cta-block'><div class='text'>Simulez votre toutes vos aides en 2 min.<\/div><a href='https:\/\/www.mes-allocs.fr\/ab-app?origin=guides\/wp-json\/wp\/v2\/posts\/74112' class='app-button fit'>Simulation gratuite<\/a><\/div>\n","protected":false},"excerpt":{"rendered":"<p>Le retour de cong\u00e9 sabbatique constitue une \u00e9tape cruciale tant pour le salari\u00e9 que pour l&rsquo;entreprise. Apr\u00e8s une p\u00e9riode d&rsquo;absence d\u00e9di\u00e9e \u00e0 des projets personnels ou professionnels, il est essentiel de bien g\u00e9rer la r\u00e9int\u00e9gration et de planifier les transitions professionnelles. Cette phase marque souvent un nouveau d\u00e9part et peut influencer la carri\u00e8re future du [&hellip;]<\/p>\n","protected":false},"author":26,"featured_media":74116,"comment_status":"closed","ping_status":"open","sticky":false,"template":"","format":"standard","meta":{"amp_status":"","footnotes":""},"categories":[15121],"tags":[],"class_list":["post-74112","post","type-post","status-publish","format-standard","has-post-thumbnail","hentry","category-conge-sabbatique"],"yoast_head":"<!-- This site is optimized with the Yoast SEO plugin v14.9 - https:\/\/yoast.com\/wordpress\/plugins\/seo\/ -->\n<title>Retour de cong\u00e9 sabbatique : comment \u00e7a se passe ? | Mes-Allocs.fr<\/title>\n<meta name=\"description\" content=\"Le retour de cong\u00e9 sabbatique est une \u00e9tape cruciale pour le salari\u00e9 et pour l&#039;entreprise. Il est essentiel de bien g\u00e9rer la r\u00e9int\u00e9gration\" \/>\n<meta name=\"robots\" content=\"index, follow, max-snippet:-1, max-image-preview:large, max-video-preview:-1\" \/>\n<link rel=\"canonical\" href=\"https:\/\/www.mes-allocs.fr\/guides\/conge-sabbatique\/retour-de-conge-sabbatique\/\" \/>\n<meta property=\"og:locale\" content=\"fr_FR\" \/>\n<meta property=\"og:type\" content=\"article\" \/>\n<meta property=\"og:title\" content=\"Retour de cong\u00e9 sabbatique : comment \u00e7a se passe ? | Mes-Allocs.fr\" \/>\n<meta property=\"og:description\" content=\"Le retour de cong\u00e9 sabbatique est une \u00e9tape cruciale pour le salari\u00e9 et pour l&#039;entreprise. Il est essentiel de bien g\u00e9rer la r\u00e9int\u00e9gration\" \/>\n<meta property=\"og:url\" content=\"https:\/\/www.mes-allocs.fr\/guides\/conge-sabbatique\/retour-de-conge-sabbatique\/\" \/>\n<meta property=\"og:site_name\" content=\"Mes-Allocs.fr\" \/>\n<meta property=\"article:published_time\" content=\"2024-01-31T16:24:55+00:00\" \/>\n<meta property=\"article:modified_time\" content=\"2025-03-21T16:38:15+00:00\" \/>\n<meta property=\"og:image\" content=\"https:\/\/www.mes-allocs.fr\/guides\/wp-content\/uploads\/2024\/01\/conge-sabbatique-retour-2.jpg?wsr\" \/>\n\t<meta property=\"og:image:width\" content=\"726\" \/>\n\t<meta property=\"og:image:height\" content=\"754\" \/>\n<meta name=\"twitter:card\" content=\"summary_large_image\" \/>\n<script type=\"application\/ld+json\" class=\"yoast-schema-graph\">{\"@context\":\"https:\/\/schema.org\",\"@graph\":[{\"@type\":\"WebSite\",\"@id\":\"https:\/\/www.mes-allocs.fr\/guides\/#website\",\"url\":\"https:\/\/www.mes-allocs.fr\/guides\/\",\"name\":\"Mes-Allocs.fr\",\"description\":\"\",\"potentialAction\":[{\"@type\":\"SearchAction\",\"target\":\"https:\/\/www.mes-allocs.fr\/guides\/?s={search_term_string}\",\"query-input\":\"required name=search_term_string\"}],\"inLanguage\":\"fr-FR\"},{\"@type\":\"ImageObject\",\"@id\":\"https:\/\/www.mes-allocs.fr\/guides\/conge-sabbatique\/retour-de-conge-sabbatique\/#primaryimage\",\"inLanguage\":\"fr-FR\",\"url\":\"https:\/\/www.mes-allocs.fr\/guides\/wp-content\/uploads\/2024\/01\/conge-sabbatique-retour-2.jpg?wsr\",\"width\":726,\"height\":754,\"caption\":\"conge sabbatique retour\"},{\"@type\":\"WebPage\",\"@id\":\"https:\/\/www.mes-allocs.fr\/guides\/conge-sabbatique\/retour-de-conge-sabbatique\/#webpage\",\"url\":\"https:\/\/www.mes-allocs.fr\/guides\/conge-sabbatique\/retour-de-conge-sabbatique\/\",\"name\":\"Retour de cong\\u00e9 sabbatique : comment \\u00e7a se passe ? | Mes-Allocs.fr\",\"isPartOf\":{\"@id\":\"https:\/\/www.mes-allocs.fr\/guides\/#website\"},\"primaryImageOfPage\":{\"@id\":\"https:\/\/www.mes-allocs.fr\/guides\/conge-sabbatique\/retour-de-conge-sabbatique\/#primaryimage\"},\"datePublished\":\"2024-01-31T16:24:55+00:00\",\"dateModified\":\"2025-03-21T16:38:15+00:00\",\"author\":{\"@id\":\"https:\/\/www.mes-allocs.fr\/guides\/#\/schema\/person\/9c38f3be41a0ddcd1e3fde5a3df713bf\"},\"description\":\"Le retour de cong\\u00e9 sabbatique est une \\u00e9tape cruciale pour le salari\\u00e9 et pour l'entreprise. Il est essentiel de bien g\\u00e9rer la r\\u00e9int\\u00e9gration\",\"inLanguage\":\"fr-FR\"},{\"@type\":\"Person\",\"@id\":\"https:\/\/www.mes-allocs.fr\/guides\/#\/schema\/person\/9c38f3be41a0ddcd1e3fde5a3df713bf\",\"name\":\"Sessime Ananou\",\"image\":{\"@type\":\"ImageObject\",\"@id\":\"https:\/\/www.mes-allocs.fr\/guides\/#personlogo\",\"inLanguage\":\"fr-FR\",\"url\":\"https:\/\/www.mes-allocs.fr\/guides\/wp-content\/uploads\/2023\/08\/IMG_8173-150x150.jpg\",\"caption\":\"Sessime Ananou\"},\"description\":\"Sessime est r\\u00e9dactrice chez Mes Allocs, sp\\u00e9cialis\\u00e9e sur le pouvoir d'achat. Elle rejoint l'\\u00e9quipe Mes Allocs en ao\\u00fbt 2023 afin de simplifier l'acc\\u00e8s \\u00e0 l'information sur les aides en g\\u00e9n\\u00e9ral.\"}]}<\/script>\n<!-- \/ Yoast SEO plugin. -->","amp_validity":null,"acf":{"faq":{"1":{"question":"Quelles sont les \u00e9tapes importantes \u00e0 consid\u00e9rer pour pr\u00e9parer son retour de cong\u00e9 sabbatique ?","answer":"Il est essentiel de planifier son retour en avance, de communiquer avec son employeur sur ses intentions et de se pr\u00e9parer mentalement \u00e0 la r\u00e9int\u00e9gration dans l'environnement de travail."},"2":{"question":"Comment l'entreprise peut-elle soutenir efficacement le processus de r\u00e9int\u00e9gration des salari\u00e9s apr\u00e8s un cong\u00e9 sabbatique ?","answer":"L'entreprise peut offrir un accueil chaleureux, organiser des sessions de formation pour mettre \u00e0 jour les comp\u00e9tences et assigner un mentor pour aider \u00e0 la transition."},"3":{"question":"Quels sont les d\u00e9fis les plus courants rencontr\u00e9s par les salari\u00e9s lors de leur retour de cong\u00e9 sabbatique ?","answer":"Parmi les d\u00e9fis figurent souvent l'adaptation aux changements dans l'entreprise, la r\u00e9int\u00e9gration dans l'\u00e9quipe et la gestion du stress li\u00e9 au retour \u00e0 la routine professionnelle."},"4":{"question":"Comment g\u00e9rer efficacement les transitions professionnelles apr\u00e8s un cong\u00e9 sabbatique ?","answer":"Il est important de rester ouvert aux nouvelles opportunit\u00e9s, d'explorer de nouveaux domaines d'int\u00e9r\u00eat et de maintenir un \u00e9quilibre entre vie professionnelle et personnelle."},"5":{"question":"Quels conseils pouvez-vous donner pour faciliter la communication avec l'\u00e9quipe et la direction pendant la p\u00e9riode de r\u00e9int\u00e9gration ?","answer":"Il est recommand\u00e9 de communiquer de mani\u00e8re transparente sur ses attentes, de demander des feedbacks r\u00e9guliers et de participer activement aux r\u00e9unions d'\u00e9quipe pour renforcer les liens."},"6":{"question":"Comment g\u00e9rer le stress et l'anxi\u00e9t\u00e9 li\u00e9s au retour de cong\u00e9 sabbatique ?","answer":"Il est important de pratiquer des techniques de gestion du stress telles que la m\u00e9ditation, le yoga ou la respiration profonde, et de rechercher un soutien professionnel si n\u00e9cessaire."},"7":{"question":"","answer":""},"8":{"question":"","answer":""},"9":{"question":"","answer":""},"10":{"question":"","answer":""},"11":{"question":"","answer":""},"12":{"question":"","answer":""},"13":{"question":"","answer":""},"14":{"question":"","answer":""},"15":{"question":"","answer":""},"16":{"question":"","answer":""}}},"_links":{"self":[{"href":"https:\/\/www.mes-allocs.fr\/guides\/wp-json\/wp\/v2\/posts\/74112","targetHints":{"allow":["GET"]}}],"collection":[{"href":"https:\/\/www.mes-allocs.fr\/guides\/wp-json\/wp\/v2\/posts"}],"about":[{"href":"https:\/\/www.mes-allocs.fr\/guides\/wp-json\/wp\/v2\/types\/post"}],"author":[{"embeddable":true,"href":"https:\/\/www.mes-allocs.fr\/guides\/wp-json\/wp\/v2\/users\/26"}],"replies":[{"embeddable":true,"href":"https:\/\/www.mes-allocs.fr\/guides\/wp-json\/wp\/v2\/comments?post=74112"}],"version-history":[{"count":6,"href":"https:\/\/www.mes-allocs.fr\/guides\/wp-json\/wp\/v2\/posts\/74112\/revisions"}],"predecessor-version":[{"id":96662,"href":"https:\/\/www.mes-allocs.fr\/guides\/wp-json\/wp\/v2\/posts\/74112\/revisions\/96662"}],"wp:featuredmedia":[{"embeddable":true,"href":"https:\/\/www.mes-allocs.fr\/guides\/wp-json\/wp\/v2\/media\/74116"}],"wp:attachment":[{"href":"https:\/\/www.mes-allocs.fr\/guides\/wp-json\/wp\/v2\/media?parent=74112"}],"wp:term":[{"taxonomy":"category","embeddable":true,"href":"https:\/\/www.mes-allocs.fr\/guides\/wp-json\/wp\/v2\/categories?post=74112"},{"taxonomy":"post_tag","embeddable":true,"href":"https:\/\/www.mes-allocs.fr\/guides\/wp-json\/wp\/v2\/tags?post=74112"}],"curies":[{"name":"wp","href":"https:\/\/api.w.org\/{rel}","templated":true}]}}