{"id":74109,"date":"2024-02-12T10:59:21","date_gmt":"2024-02-12T08:59:21","guid":{"rendered":"https:\/\/www.mes-allocs.fr\/guides\/?p=74109"},"modified":"2026-04-22T10:55:16","modified_gmt":"2026-04-22T09:55:16","slug":"carnet-sante-numerique","status":"publish","type":"post","link":"https:\/\/www.mes-allocs.fr\/guides\/ameli\/carnet-sante-numerique\/","title":{"rendered":"Qu&rsquo;est ce que le carnet de sant\u00e9 num\u00e9rique d&rsquo;Ameli ?"},"content":{"rendered":"<p><img loading=\"lazy\" decoding=\"async\" class=\"aligncenter wp-image-74111 size-full\" title=\"carnet sant\u00e9 num\u00e9rique \" src=\"https:\/\/www.mes-allocs.fr\/guides\/wp-content\/uploads\/2024\/01\/Banner-1-6-1.png\" alt=\"carnet sant\u00e9 num\u00e9rique \" width=\"1500\" height=\"400\" srcset=\"https:\/\/www.mes-allocs.fr\/guides\/wp-content\/uploads\/2024\/01\/Banner-1-6-1.png 1500w, https:\/\/www.mes-allocs.fr\/guides\/wp-content\/uploads\/2024\/01\/Banner-1-6-1-300x80.png 300w, https:\/\/www.mes-allocs.fr\/guides\/wp-content\/uploads\/2024\/01\/Banner-1-6-1-1024x273.png 1024w, https:\/\/www.mes-allocs.fr\/guides\/wp-content\/uploads\/2024\/01\/Banner-1-6-1-768x205.png 768w, https:\/\/www.mes-allocs.fr\/guides\/wp-content\/uploads\/2024\/01\/Banner-1-6-1-600x160.png 600w\" sizes=\"auto, (max-width: 1500px) 100vw, 1500px\" \/><\/p>\n<p><strong><span style=\"vertical-align: inherit;\"><span style=\"vertical-align: inherit;\"><span style=\"vertical-align: inherit;\"><span style=\"vertical-align: inherit;\">L&rsquo;espace sant\u00e9, une initiative conjointe de l&rsquo;Assurance Maladie <\/span><\/span><\/span><\/span><\/strong><span style=\"vertical-align: inherit;\"><strong><a href=\"https:\/\/www.mes-allocs.fr\/guides\/ameli\/\"><span style=\"vertical-align: inherit;\"><span style=\"vertical-align: inherit;\"><span style=\"vertical-align: inherit;\">Ameli<\/span><\/span><\/span><\/a><\/strong><strong><span style=\"vertical-align: inherit;\"><span style=\"vertical-align: inherit;\"><span style=\"vertical-align: inherit;\"> \u00a0et du minist\u00e8re de la Sant\u00e9, constitue un espace num\u00e9rique personnel et s\u00e9curis\u00e9 destin\u00e9 \u00e0 \u00e9voluer en tant que carnet de sant\u00e9 num\u00e9rique pour tous les assur\u00e9s. <\/span><\/span><\/span><\/strong><strong><span style=\"vertical-align: inherit;\"><span style=\"vertical-align: inherit;\"><span style=\"vertical-align: inherit;\">Cet outil permet \u00e0 chacun de jouer un r\u00f4le actif dans le suivi et la pr\u00e9servation de sa sant\u00e9.<\/span><\/span><\/span><\/strong><\/span><\/p>\n<p><span style=\"vertical-align: inherit;\"><span style=\"vertical-align: inherit;\"><span style=\"vertical-align: inherit;\"><span style=\"vertical-align: inherit;\"><span style=\"vertical-align: inherit;\"><span style=\"vertical-align: inherit;\"><span style=\"vertical-align: inherit;\"><span style=\"vertical-align: inherit;\"><span style=\"vertical-align: inherit;\"><span style=\"vertical-align: inherit;\"><span style=\"vertical-align: inherit;\"><span style=\"vertical-align: inherit;\"><span style=\"vertical-align: inherit;\"><span style=\"vertical-align: inherit;\"><span style=\"vertical-align: inherit;\"><div class='cta-block'><div class='text'>Simulez vos aides en 2 min.<\/div><a href='https:\/\/www.mes-allocs.fr\/ab-app?origin=guides\/wp-json\/wp\/v2\/posts\/74109' class='app-button fit'>Simulation gratuite<\/a><\/div><\/span><\/span><\/span><\/span><\/span><\/span><\/span><\/span><\/span><\/span><\/span><\/span><\/span><\/span><\/span><\/p>\n<h1><span style=\"vertical-align: inherit;\"><span style=\"vertical-align: inherit;\"><span style=\"vertical-align: inherit;\"><span style=\"vertical-align: inherit;\"><span style=\"vertical-align: inherit;\"><span style=\"vertical-align: inherit;\"><span style=\"vertical-align: inherit;\"><span style=\"vertical-align: inherit;\"><span style=\"vertical-align: inherit;\"><span style=\"vertical-align: inherit;\"><span style=\"vertical-align: inherit;\"><span style=\"vertical-align: inherit;\"><span style=\"vertical-align: inherit;\"><span style=\"vertical-align: inherit;\"><span style=\"vertical-align: inherit;\"><span style=\"vertical-align: inherit;\"><span style=\"vertical-align: inherit;\"><span style=\"vertical-align: inherit;\">Le Carnet de Sant\u00e9 num\u00e9rique d&rsquo;Ameli, c&rsquo;est quoi ?\u00a0<\/span><\/span><\/span><\/span><\/span><\/span><\/span><\/span><\/span><\/span><\/span><\/span><\/span><\/span><\/span><\/span><\/span><\/span><\/h1>\n<h2><span style=\"vertical-align: inherit;\"><span style=\"vertical-align: inherit;\"><span style=\"vertical-align: inherit;\"><span style=\"vertical-align: inherit;\">Pourquoi a t il \u00e9t\u00e9 mis en place ?<\/span><\/span><\/span><\/span><\/h2>\n<p><span style=\"vertical-align: inherit;\"><span style=\"vertical-align: inherit;\"><span style=\"vertical-align: inherit;\"><span style=\"vertical-align: inherit;\">L&rsquo;av\u00e8nement du num\u00e9rique simplifie aujourd&rsquo;hui divers aspects de la vie quotidienne, y compris dans le domaine de la sant\u00e9. <\/span><\/span><\/span><span style=\"vertical-align: inherit;\"><span style=\"vertical-align: inherit;\"><span style=\"vertical-align: inherit;\">La prise de rendez-vous m\u00e9dical peut s&rsquo;effectuer via des applications, la t\u00e9l\u00e9consultation offre une alternative pratique et des dispositifs de t\u00e9l\u00e9surveillance permettent un suivi m\u00e9dical \u00e0 distance. <\/span><\/span><\/span><span style=\"vertical-align: inherit;\"><span style=\"vertical-align: inherit;\"><span style=\"vertical-align: inherit;\">Face \u00e0 cette \u00e9volution, Ameli et le minist\u00e8re de la Sant\u00e9 offrent \u00e0 chaque assur\u00e9 un espace personnel sur Mon espace sant\u00e9. <\/span><\/span><\/span><span style=\"vertical-align: inherit;\"><span style=\"vertical-align: inherit;\"><span style=\"vertical-align: inherit;\">Cette plateforme vise \u00e0 assurer une <\/span><\/span><\/span><\/span><strong><span style=\"vertical-align: inherit;\"><span style=\"vertical-align: inherit;\"><span style=\"vertical-align: inherit;\"><span style=\"vertical-align: inherit;\">transition vers la sant\u00e9 num\u00e9rique<\/span><\/span><\/span><\/span><\/strong><span style=\"vertical-align: inherit;\"><span style=\"vertical-align: inherit;\"><span style=\"vertical-align: inherit;\"><span style=\"vertical-align: inherit;\"> en toute confiance, tout en respectant le secret m\u00e9dical.<\/span><\/span><\/span><\/span><\/p>\n<h2><span style=\"vertical-align: inherit;\"><span style=\"vertical-align: inherit;\"><span style=\"vertical-align: inherit;\"><span style=\"vertical-align: inherit;\">D\u00e9finition du carnet de sant\u00e9 num\u00e9rique d&rsquo;Ameli<\/span><\/span><\/span><\/span><\/h2>\n<p><span style=\"vertical-align: inherit;\"><span style=\"vertical-align: inherit;\"><span style=\"vertical-align: inherit;\"><span style=\"vertical-align: inherit;\">Mon espace sant\u00e9 se pr\u00e9sente comme un service num\u00e9rique fiable, offrant \u00e0 chacun la ma\u00eetrise de ses donn\u00e9es de sant\u00e9. <\/span><\/span><\/span><span style=\"vertical-align: inherit;\"><span style=\"vertical-align: inherit;\"><span style=\"vertical-align: inherit;\">Il permet de stocker et de partager en toute s\u00e9curit\u00e9 les documents et informations essentiels pour le suivi m\u00e9dical avec les professionnels de sant\u00e9. <\/span><\/span><\/span><span style=\"vertical-align: inherit;\"><span style=\"vertical-align: inherit;\"><span style=\"vertical-align: inherit;\">Au-del\u00e0 du dossier m\u00e9dical, cette plateforme propose une messagerie s\u00e9curis\u00e9e, un catalogue de services et d&rsquo;applications de sant\u00e9 r\u00e9f\u00e9renc\u00e9s par les services publics et \u00e0 terme, un agenda m\u00e9dical. <\/span><\/span><\/span><span style=\"vertical-align: inherit;\"><span style=\"vertical-align: inherit;\"><span style=\"vertical-align: inherit;\">Ces fonctionnalit\u00e9s <\/span><\/span><\/span><\/span><strong><span style=\"vertical-align: inherit;\"><span style=\"vertical-align: inherit;\"><span style=\"vertical-align: inherit;\"><span style=\"vertical-align: inherit;\">simplifient le suivi m\u00e9dical quotidien<\/span><\/span><\/span><\/span><\/strong><span style=\"vertical-align: inherit;\"><span style=\"vertical-align: inherit;\"><span style=\"vertical-align: inherit;\"><span style=\"vertical-align: inherit;\"> , offrant notamment l&rsquo;acc\u00e8s \u00e0 des :<\/span><\/span><\/span><\/span><\/p>\n<ul>\n<li><span style=\"vertical-align: inherit;\"><span style=\"vertical-align: inherit;\"><span style=\"vertical-align: inherit;\"><span style=\"vertical-align: inherit;\">consultation<\/span><\/span><\/span><\/span><\/li>\n<li><span style=\"vertical-align: inherit;\"><span style=\"vertical-align: inherit;\"><span style=\"vertical-align: inherit;\"><span style=\"vertical-align: inherit;\">ordonnances<\/span><\/span><\/span><\/span><\/li>\n<li><span style=\"vertical-align: inherit;\"><span style=\"vertical-align: inherit;\"><span style=\"vertical-align: inherit;\"><span style=\"vertical-align: inherit;\">r\u00e9sultats d&rsquo;analyses<\/span><\/span><\/span><\/span><\/li>\n<li><span style=\"vertical-align: inherit;\"><span style=\"vertical-align: inherit;\"><span style=\"vertical-align: inherit;\"><span style=\"vertical-align: inherit;\">comptes rendus d&rsquo;imagerie<\/span><\/span><\/span><\/span><\/li>\n<li><span style=\"vertical-align: inherit;\"><span style=\"vertical-align: inherit;\"><span style=\"vertical-align: inherit;\"><span style=\"vertical-align: inherit;\">attestations de vaccination<\/span><\/span><\/span><\/span><\/li>\n<li><span style=\"vertical-align: inherit;\"><span style=\"vertical-align: inherit;\"><span style=\"vertical-align: inherit;\"><span style=\"vertical-align: inherit;\">r\u00e9sultats de d\u00e9pistage Covid-19<\/span><\/span><\/span><\/span><\/li>\n<li><span style=\"vertical-align: inherit;\"><span style=\"vertical-align: inherit;\"><span style=\"vertical-align: inherit;\"><span style=\"vertical-align: inherit;\">l&rsquo;historique des soins aliment\u00e9s par l&rsquo;Assurance Maladie<\/span><\/span><\/span><\/span><\/li>\n<\/ul>\n<p><span style=\"vertical-align: inherit;\"><span style=\"vertical-align: inherit;\"><span style=\"vertical-align: inherit;\"><span style=\"vertical-align: inherit;\"><span style=\"vertical-align: inherit;\"><span style=\"vertical-align: inherit;\"><span style=\"vertical-align: inherit;\"><span style=\"vertical-align: inherit;\"><span style=\"vertical-align: inherit;\"><span style=\"vertical-align: inherit;\"><span style=\"vertical-align: inherit;\"><span style=\"vertical-align: inherit;\"><span style=\"vertical-align: inherit;\"><span style=\"vertical-align: inherit;\"><span style=\"vertical-align: inherit;\"><span style=\"vertical-align: inherit;\"><span style=\"vertical-align: inherit;\"><span style=\"vertical-align: inherit;\"><div class='cta-block'><div class='text'>Simulez vos aides en 2 min.<\/div><a href='https:\/\/www.mes-allocs.fr\/ab-app?origin=guides\/wp-json\/wp\/v2\/posts\/74109' class='app-button fit'>Simulation gratuite<\/a><\/div><\/span><\/span><\/span><\/span><\/span><\/span><\/span><\/span><\/span><\/span><\/span><\/span><\/span><\/span><\/span><\/span><\/span><\/span><\/p>\n<h1><span style=\"vertical-align: inherit;\"><span style=\"vertical-align: inherit;\"><span style=\"vertical-align: inherit;\"><span style=\"vertical-align: inherit;\"><span style=\"vertical-align: inherit;\"><span style=\"vertical-align: inherit;\"><span style=\"vertical-align: inherit;\"><span style=\"vertical-align: inherit;\"><span style=\"vertical-align: inherit;\"><span style=\"vertical-align: inherit;\"><span style=\"vertical-align: inherit;\"><span style=\"vertical-align: inherit;\"><span style=\"vertical-align: inherit;\"><span style=\"vertical-align: inherit;\"><span style=\"vertical-align: inherit;\"><span style=\"vertical-align: inherit;\"><span style=\"vertical-align: inherit;\"><span style=\"vertical-align: inherit;\">Quelles sont les fonctionnalit\u00e9s du carnet de sant\u00e9 num\u00e9rique d&rsquo;Ameli ?\u00a0\u00a0<\/span><\/span><\/span><\/span><\/span><\/span><\/span><\/span><\/span><\/span><\/span><\/span><\/span><\/span><\/span><\/span><\/span><\/span><\/h1>\n<h2><span style=\"vertical-align: inherit;\"><span style=\"vertical-align: inherit;\"><span style=\"vertical-align: inherit;\"><span style=\"vertical-align: inherit;\"><span style=\"vertical-align: inherit;\"><span style=\"vertical-align: inherit;\"><span style=\"vertical-align: inherit;\"><span style=\"vertical-align: inherit;\"><span style=\"vertical-align: inherit;\"><span style=\"vertical-align: inherit;\"><span style=\"vertical-align: inherit;\"><span style=\"vertical-align: inherit;\"><span style=\"vertical-align: inherit;\"><span style=\"vertical-align: inherit;\"><span style=\"vertical-align: inherit;\"><span style=\"vertical-align: inherit;\"><span style=\"vertical-align: inherit;\"><span style=\"vertical-align: inherit;\">Dossier m\u00e9dical\u00a0\u00a0<\/span><\/span><\/span><\/span><\/span><\/span><\/span><\/span><\/span><\/span><\/span><\/span><\/span><\/span><\/span><\/span><\/span><\/span><\/h2>\n<p><span style=\"vertical-align: inherit;\"><span style=\"vertical-align: inherit;\"><span style=\"vertical-align: inherit;\"><span style=\"vertical-align: inherit;\">Le dossier m\u00e9dical regroupe de mani\u00e8re s\u00e9curis\u00e9e et accessible toutes les informations de sant\u00e9 d&rsquo;un patient, telles que :<\/span><\/span><\/span><\/span><\/p>\n<ul>\n<li><span style=\"vertical-align: inherit;\"><span style=\"vertical-align: inherit;\"><span style=\"vertical-align: inherit;\"><span style=\"vertical-align: inherit;\">traitements<\/span><\/span><\/span><\/span><\/li>\n<li><span style=\"vertical-align: inherit;\"><span style=\"vertical-align: inherit;\"><span style=\"vertical-align: inherit;\"><span style=\"vertical-align: inherit;\">r\u00e9sultats d&rsquo;examens<\/span><\/span><\/span><\/span><\/li>\n<li><span style=\"vertical-align: inherit;\"><span style=\"vertical-align: inherit;\"><span style=\"vertical-align: inherit;\"><span style=\"vertical-align: inherit;\">radiographies<\/span><\/span><\/span><\/span><\/li>\n<li><span style=\"vertical-align: inherit;\"><span style=\"vertical-align: inherit;\"><span style=\"vertical-align: inherit;\"><span style=\"vertical-align: inherit;\">ordonnances<\/span><\/span><\/span><\/span><\/li>\n<li><span style=\"vertical-align: inherit;\"><span style=\"vertical-align: inherit;\"><span style=\"vertical-align: inherit;\"><span style=\"vertical-align: inherit;\">carnet de vaccination<\/span><\/span><\/span><\/span><\/li>\n<\/ul>\n<p><span style=\"vertical-align: inherit;\"> <span style=\"vertical-align: inherit;\"><span style=\"vertical-align: inherit;\"><span style=\"vertical-align: inherit;\">Il offre la possibilit\u00e9 d&rsquo;ajouter librement des documents pertinents. <\/span><\/span><\/span><span style=\"vertical-align: inherit;\"><span style=\"vertical-align: inherit;\"><span style=\"vertical-align: inherit;\">Le m\u00e9decin traitant, ainsi que d&rsquo;autres professionnels de sant\u00e9 et structures m\u00e9dicosociales, peuvent \u00e9galement contribuer \u00e0 son alimentation.<\/span><\/span><\/span><\/span><\/p>\n<p><span style=\"vertical-align: inherit;\"><span style=\"vertical-align: inherit;\"><span style=\"vertical-align: inherit;\"><span style=\"vertical-align: inherit;\">L&rsquo;utilisateur peut enrichir son profil m\u00e9dical avec des donn\u00e9es personnelles comme ses allergies, familiales et enregistrer ses mesures m\u00e9dicales. <\/span><\/span><\/span><span style=\"vertical-align: inherit;\"><span style=\"vertical-align: inherit;\"><span style=\"vertical-align: inherit;\">Ce dossier peut \u00eatre partag\u00e9 avec les professionnels de sant\u00e9 choisis, favorisant un suivi m\u00e9dical optimal et \u00e9ventuellement des examens redondants, notamment en cas de prise en charge par un professionnel diff\u00e9rent en cas d&rsquo;urgence ou lors de d\u00e9placements.<\/span><\/span><\/span><\/span><\/p>\n<p><span style=\"vertical-align: inherit;\"><span style=\"vertical-align: inherit;\"><span style=\"vertical-align: inherit;\"><span style=\"vertical-align: inherit;\">Le respect du secret m\u00e9dical est scrupuleusement assur\u00e9 et la s\u00e9curit\u00e9 des donn\u00e9es de sant\u00e9 est garantie par l&rsquo;Assurance Maladie Ameli. <\/span><\/span><\/span><span style=\"vertical-align: inherit;\"><span style=\"vertical-align: inherit;\"><span style=\"vertical-align: inherit;\">L&rsquo;acc\u00e8s aux documents est d\u00e9cid\u00e9 par le patient, qui peut masquer des \u00e9l\u00e9ments ou bloquer l&rsquo;acc\u00e8s pour certains professionnels de la sant\u00e9. <\/span><\/span><\/span><span style=\"vertical-align: inherit;\"><span style=\"vertical-align: inherit;\"><span style=\"vertical-align: inherit;\">Les donn\u00e9es sont h\u00e9berg\u00e9es en France sur des serveurs r\u00e9pondant aux normes de s\u00e9curit\u00e9 les plus \u00e9lev\u00e9es.<\/span><\/span><\/span><\/span><\/p>\n<p><span style=\"vertical-align: inherit;\"><span style=\"vertical-align: inherit;\"><span style=\"vertical-align: inherit;\"><span style=\"vertical-align: inherit;\">L&rsquo;espace offre \u00e9galement la possibilit\u00e9 de d\u00e9signer une personne de confiance, dont l&rsquo;\u00e9quipe m\u00e9dicale pourra consulter les avis en cas d&rsquo;incapacit\u00e9 d&rsquo;expression du patient.<\/span><\/span><\/span><\/span><\/p>\n<h2><span style=\"vertical-align: inherit;\"><span style=\"vertical-align: inherit;\"><span style=\"vertical-align: inherit;\"><span style=\"vertical-align: inherit;\">Ordonnance num\u00e9rique<\/span><\/span><\/span><\/span><\/h2>\n<p><span style=\"vertical-align: inherit;\"><span style=\"vertical-align: inherit;\">Si vous avez \u00e9gar\u00e9, endommag\u00e9 ou simplement oubli\u00e9 votre ordonnance, Mon espace sant\u00e9 vous offre la possibilit\u00e9 de <\/span><\/span><strong><span style=\"vertical-align: inherit;\"><span style=\"vertical-align: inherit;\">retrouver vos prescriptions<\/span><\/span><\/strong><span style=\"vertical-align: inherit;\"><span style=\"vertical-align: inherit;\"> \u00e0 tout moment sous forme num\u00e9rique. <\/span><span style=\"vertical-align: inherit;\">Pratique, l&rsquo;application mobile \u00ab\u00a0Mon espace sant\u00e9\u00a0\u00bb vous permet \u00e9galement de les consulter directement sur votre t\u00e9l\u00e9phone.<\/span><\/span><\/p>\n<p><span style=\"vertical-align: inherit;\"><span style=\"vertical-align: inherit;\">Le processus est simple : l&rsquo;ordonnance papier, r\u00e9dig\u00e9e par votre m\u00e9decin, est enregistr\u00e9e dans votre dossier m\u00e9dical num\u00e9rique sur Mon espace sant\u00e9, \u00e0 condition que vous ayez cr\u00e9\u00e9 un compte et que le m\u00e9decin soit \u00e9quip\u00e9. <\/span><span style=\"vertical-align: inherit;\">Cette ordonnance papier est d\u00e9sormais munie d&rsquo;un QR code, facilitant sa lecture chez votre pharmacien, et bient\u00f4t par d&rsquo;autres professionnels de sant\u00e9 tels que les infirmiers, les laboratoires, etc., \u00e9quip\u00e9s pour ce format.<\/span><\/span><\/p>\n<p><span style=\"vertical-align: inherit;\"><span style=\"vertical-align: inherit;\">Vous conservez le contr\u00f4le sur votre sant\u00e9 et ce nouveau format d&rsquo;ordonnance n&rsquo;affecte en rien vos remboursements de frais m\u00e9dicaux. <\/span><span style=\"vertical-align: inherit;\">Vous demeurez libre de choisir vos professionnels de sant\u00e9 et si ces derniers ne sont pas \u00e9quip\u00e9s, l&rsquo;ordonnance papier classique reste valable.<\/span><\/span><\/p>\n<p><span style=\"vertical-align: inherit;\"><span style=\"vertical-align: inherit;\">En outre, avec l&rsquo;ordonnance num\u00e9rique, les prescripteurs, tels que votre m\u00e9decin, peuvent acc\u00e9der \u00e0 l&rsquo;ex\u00e9cution de votre ordonnance, sauf opposition de votre part pendant la consultation. <\/span><span style=\"vertical-align: inherit;\">Votre choix est clairement indiqu\u00e9 sur l&rsquo;ordonnance remise lors de la consultation et est \u00e9galement enregistr\u00e9 dans la base de donn\u00e9es des ordonnances.<\/span><\/span><\/p>\n<h2><span style=\"vertical-align: inherit;\"><span style=\"vertical-align: inherit;\"><span style=\"vertical-align: inherit;\"><span style=\"vertical-align: inherit;\"><span style=\"vertical-align: inherit;\"><span style=\"vertical-align: inherit;\"><span style=\"vertical-align: inherit;\"><span style=\"vertical-align: inherit;\"><span style=\"vertical-align: inherit;\"><span style=\"vertical-align: inherit;\"><span style=\"vertical-align: inherit;\"><span style=\"vertical-align: inherit;\"><span style=\"vertical-align: inherit;\"><span style=\"vertical-align: inherit;\"><span style=\"vertical-align: inherit;\"><span style=\"vertical-align: inherit;\"><span style=\"vertical-align: inherit;\"><span style=\"vertical-align: inherit;\">Messagerie s\u00e9curis\u00e9e<\/span><\/span><\/span><\/span><\/span><\/span><\/span><\/span><\/span><\/span><\/span><\/span><\/span><\/span><\/span><\/span><\/span><\/span><\/h2>\n<p><span style=\"vertical-align: inherit;\"><span style=\"vertical-align: inherit;\">La messagerie s\u00e9curis\u00e9e, int\u00e9gr\u00e9e \u00e0 Mon espace sant\u00e9, offre un espace confidentiel pour les \u00e9changes de documents et messages li\u00e9s \u00e0 la sant\u00e9 entre le patient et les professionnels de sant\u00e9, m\u00e9dicosociaux et sociaux. <\/span><span style=\"vertical-align: inherit;\">Elle respecte scrupuleusement le secret m\u00e9dical.<\/span><\/span><\/p>\n<p><span style=\"vertical-align: inherit;\"><span style=\"vertical-align: inherit;\">Les professionnels de la sant\u00e9 peuvent utiliser cette messagerie pour contacter le patient et lui transmettre des informations m\u00e9dicales importantes. <\/span><span style=\"vertical-align: inherit;\">Elle facilite \u00e9galement l&rsquo;\u00e9change de documents administratifs avec les \u00e9tablissements de sant\u00e9, pr\u00e9parant ainsi l&rsquo;entr\u00e9e ou la sortie d&rsquo;hospitalisation du patient.<\/span><\/span><\/p>\n<p><span style=\"vertical-align: inherit;\"><span style=\"vertical-align: inherit;\">Il est \u00e0 noter que des courriels li\u00e9s \u00e0 Mon espace sant\u00e9 peuvent \u00eatre re\u00e7us, identifiables par l&rsquo;adresse <\/span><\/span><strong><a target=\"_new\" rel=\"noopener\"><span style=\"vertical-align: inherit;\"><span style=\"vertical-align: inherit;\">ne-pas-repondre@monespacesante.fr<\/span><\/span><\/a><\/strong><span style=\"vertical-align: inherit;\"><span style=\"vertical-align: inherit;\"> , fournissant des informations essentielles pour une utilisation optimale du service.<\/span><\/span><\/p>\n<h2><span style=\"vertical-align: inherit;\"><span style=\"vertical-align: inherit;\"><span style=\"vertical-align: inherit;\"><span style=\"vertical-align: inherit;\">Catalogue de services\u00a0\u00a0<\/span><\/span><\/span><\/span><\/h2>\n<p><span style=\"vertical-align: inherit;\"><span style=\"vertical-align: inherit;\">Mon espace sant\u00e9 offre un catalogue de services visant \u00e0 faciliter la recherche d&rsquo;outils de sant\u00e9 de qualit\u00e9 pour ses utilisateurs. <\/span><span style=\"vertical-align: inherit;\">Ce catalogue englobe des sites web et des applications offrant diverses fonctionnalit\u00e9s, telles que la prise de rendez-vous m\u00e9dicaux, le suivi des param\u00e8tres de sant\u00e9 quotidien, la gestion des maladies chroniques, ou encore l&rsquo;acc\u00e8s \u00e0 des portails patients d&rsquo;\u00e9tablissements de sant\u00e9.<\/span><\/span><\/p>\n<p><span style=\"vertical-align: inherit;\"><span style=\"vertical-align: inherit;\">Face \u00e0 la diversit\u00e9 des services en ligne et applications mobiles, la d\u00e9marche novatrice de Mon espace sant\u00e9 vise \u00e0 aider chacun \u00e0 identifier des services fiables et de confiance pour prendre en charge sa sant\u00e9. <\/span><span style=\"vertical-align: inherit;\">Ces services num\u00e9riques, qu&rsquo;ils soient publics ou priv\u00e9s, gratuits ou payants, sont rigoureusement s\u00e9lectionn\u00e9s en fonction de plus de 150 crit\u00e8res, couvrant des aspects techniques, de s\u00e9curit\u00e9 et d&rsquo;\u00e9thique. <\/span><span style=\"vertical-align: inherit;\">Sur le plan juridique, ils sont \u00e9valu\u00e9s conform\u00e9ment au respect du r\u00e8glement g\u00e9n\u00e9ral sur la protection des donn\u00e9es (RGPD) et de la loi \u00ab Informatique et libert\u00e9s \u00bb.<\/span><\/span><\/p>\n<p><span style=\"vertical-align: inherit;\"><span style=\"vertical-align: inherit;\">Actuellement, <\/span><\/span><strong><span style=\"vertical-align: inherit;\"><span style=\"vertical-align: inherit;\">24 services de confiance sont r\u00e9f\u00e9renc\u00e9s<\/span><\/span><\/strong><span style=\"vertical-align: inherit;\"><span style=\"vertical-align: inherit;\"> , accessibles aux 66,3 millions d&rsquo;utilisateurs de Mon espace sant\u00e9. <\/span><span style=\"vertical-align: inherit;\">Pour d\u00e9couvrir ces services, il suffit de se rendre sur Mon espace sant\u00e9, dans la rubrique \u00ab\u00a0Catalogue de services\u00a0\u00bb. <\/span><span style=\"vertical-align: inherit;\">\u00c0 terme, ces services r\u00e9f\u00e9renc\u00e9s offriront aux utilisateurs la possibilit\u00e9 d&rsquo;\u00e9changer leurs donn\u00e9es de mani\u00e8re fluide et s\u00e9curis\u00e9e avec Mon espace sant\u00e9.<\/span><\/span><\/p>\n<h2><span style=\"vertical-align: inherit;\"><span style=\"vertical-align: inherit;\"><span style=\"vertical-align: inherit;\"><span style=\"vertical-align: inherit;\">Agenda (\u00e0 venir)<\/span><\/span><\/span><\/span><\/h2>\n<p><span style=\"vertical-align: inherit;\"><span style=\"vertical-align: inherit;\">Au sein de Mon espace sant\u00e9, l&rsquo;agenda offrira aux patients la possibilit\u00e9 de centraliser tous leurs rendez-vous m\u00e9dicaux. <\/span><span style=\"vertical-align: inherit;\">Cette fonctionnalit\u00e9 permettra de suivre l&rsquo;historique des rendez-vous, facilitant ainsi l&rsquo;organisation et in\u00e9vitablement tout oubli lors de la planification des prochains rendez-vous. <\/span><span style=\"vertical-align: inherit;\">De plus, l&rsquo;agenda sera \u00e9quip\u00e9 d&rsquo;alertes pour les rappels de d\u00e9pistage ou de vaccination, assurant une gestion proactive de la sant\u00e9 du patient.<\/span><\/span><\/p>\n<p><iframe loading=\"lazy\" title=\"L&#039;Assurance Maladie\" width=\"500\" height=\"281\" src=\"https:\/\/www.youtube.com\/embed\/MdiYHpnlAvg?feature=oembed\" frameborder=\"0\" allow=\"accelerometer; autoplay; clipboard-write; encrypted-media; gyroscope; picture-in-picture; web-share\" referrerpolicy=\"strict-origin-when-cross-origin\" allowfullscreen><\/iframe><\/p>\n<h1><span style=\"vertical-align: inherit;\"><span style=\"vertical-align: inherit;\"><span style=\"vertical-align: inherit;\"><span style=\"vertical-align: inherit;\">Comment cr\u00e9er un carnet de sant\u00e9 num\u00e9rique Ameli ?<\/span><\/span><\/span><\/span><\/h1>\n<p><span style=\"vertical-align: inherit;\"><span style=\"vertical-align: inherit;\">D\u00e8s la naissance, ce nouveau service est accessible gratuitement \u00e0 tous, qu&rsquo;ils soient salari\u00e9s, travailleurs ind\u00e9pendants, \u00e9tudiants, agriculteurs ou autres, quel que soit leur r\u00e9gime d&rsquo;assurance maladie. <\/span><span style=\"vertical-align: inherit;\">Pour en b\u00e9n\u00e9ficier, il suffit d&rsquo;activer son espace personnel. <\/span><span style=\"vertical-align: inherit;\">Chaque assur\u00e9 re\u00e7oit un code confidentiel par e-mail ou par courrier, valable pendant 6 semaines, pour activer son profil ou s&rsquo;y opposer. <\/span><span style=\"vertical-align: inherit;\">Au-del\u00e0 de ce d\u00e9lai, si aucune opposition n&rsquo;est formul\u00e9e, l&rsquo;espace personnel est automatiquement cr\u00e9\u00e9.<\/span><\/span><\/p>\n<p><span style=\"vertical-align: inherit;\"><span style=\"vertical-align: inherit;\">La proc\u00e9dure d&rsquo;activation est simple et peut \u00eatre effectu\u00e9e en quelques clics depuis un ordinateur, une tablette ou un smartphone. <\/span><span style=\"vertical-align: inherit;\">Une fois l&rsquo;espace personnel activ\u00e9, l&rsquo;assur\u00e9 peut se connecter \u00e0 son espace avec ses identifiants Mon espace sant\u00e9 ou via FranceConnect en utilisant les identifiants des sites tels que ameli.fr, impots.gouv.fr, l&rsquo;Identit\u00e9 num\u00e9rique de La Poste, Mobileconnect et moi ou <\/span><\/span><a href=\"https:\/\/www.mes-allocs.fr\/guides\/prime-d-activite\/prime-d-activite-msa\/\"><span style=\"vertical-align: inherit;\"><span style=\"vertical-align: inherit;\">MSA<\/span><\/span><\/a><span style=\"vertical-align: inherit;\"><span style=\"vertical-align: inherit;\"> .fr.<\/span><\/span><\/p>\n<p><span style=\"vertical-align: inherit;\"><span style=\"vertical-align: inherit;\">Chacun conserve la libert\u00e9 de s&rsquo;opposer \u00e0 la cr\u00e9ation de son espace personnel ou de le fermer \u00e0 tout moment. <\/span><span style=\"vertical-align: inherit;\">Ainsi, cet outil num\u00e9rique offre une flexibilit\u00e9 totale pour g\u00e9rer et suivre sa sant\u00e9 de mani\u00e8re personnalis\u00e9e.<\/span><\/span><\/p>\n<h1><span style=\"vertical-align: inherit;\"><span style=\"vertical-align: inherit;\"><span style=\"vertical-align: inherit;\"><span style=\"vertical-align: inherit;\">Quels sont les avantages du carnet de sant\u00e9 num\u00e9rique Ameli ?<\/span><\/span><\/span><\/span><\/h1>\n<h2><span style=\"vertical-align: inherit;\"><span style=\"vertical-align: inherit;\"><span style=\"vertical-align: inherit;\"><span style=\"vertical-align: inherit;\">Pour les enfants<\/span><\/span><\/span><\/span><\/h2>\n<p><span style=\"vertical-align: inherit;\"><span style=\"vertical-align: inherit;\">Mon espace sant\u00e9 offre la possibilit\u00e9 de regrouper tous les documents de sant\u00e9 de votre enfant en un seul endroit, assurant ainsi une centralisation pratique et s\u00e9curis\u00e9e.<\/span><\/span><\/p>\n<p><span style=\"vertical-align: inherit;\"><span style=\"vertical-align: inherit;\">Cela inclut ses :<\/span><\/span><\/p>\n<ul>\n<li><span style=\"vertical-align: inherit;\"><span style=\"vertical-align: inherit;\">ordonnances<\/span><\/span><\/li>\n<li><span style=\"vertical-align: inherit;\"><span style=\"vertical-align: inherit;\">r\u00e9sultats d&rsquo;analyses<\/span><\/span><\/li>\n<li><span style=\"vertical-align: inherit;\"><span style=\"vertical-align: inherit;\">comptes rendus de radiologie<\/span><\/span><\/li>\n<li><span style=\"vertical-align: inherit;\"><span style=\"vertical-align: inherit;\">certificats m\u00e9dicaux<\/span><\/span><\/li>\n<li><span style=\"vertical-align: inherit;\"><span style=\"vertical-align: inherit;\">documents \u00e9mis par la protection maternelle et infantile (PMI), la cr\u00e8che ou la m\u00e9decine scolaire.<\/span><\/span><\/li>\n<\/ul>\n<p><span style=\"vertical-align: inherit;\"><span style=\"vertical-align: inherit;\">La plateforme garantit la s\u00e9curit\u00e9 de ces documents tout en permettant aux professionnels de sant\u00e9 suivant votre enfant d&rsquo;y acc\u00e9der.<\/span><\/span><\/p>\n<p><span style=\"vertical-align: inherit;\"><span style=\"vertical-align: inherit;\">Pour une gestion personnalis\u00e9e, vous avez la possibilit\u00e9 de bloquer l&rsquo;acc\u00e8s \u00e0 certains professionnels de sant\u00e9 ou de masquer certains documents via la rubrique \u00ab\u00a0param\u00e8tres\u00a0\u00bb. <\/span><span style=\"vertical-align: inherit;\">Ajouter un document est simple : il vous suffit de le photographier et de l&rsquo;ajouter via l&rsquo;application Mon espace sant\u00e9. <\/span><span style=\"vertical-align: inherit;\">Les m\u00e9decins et autres professionnels de la sant\u00e9 peuvent \u00e9galement contribuer \u00e0 enrichir des documents pour enrichir le dossier m\u00e9dical de votre enfant.<\/span><\/span><\/p>\n<p><span style=\"vertical-align: inherit;\"><span style=\"vertical-align: inherit;\">Le calendrier de vaccination personnalis\u00e9, adapt\u00e9 \u00e0 la date de naissance de votre enfant, garantit qu&rsquo;aucun vaccin ni rappel ne soit oubli\u00e9. <\/span><span style=\"vertical-align: inherit;\">Vous et le m\u00e9decin de votre enfant pouvez \u00e9galement tenir \u00e0 jour son carnet de vaccination. <\/span><span style=\"vertical-align: inherit;\">En renseignant les mesures de croissance telles que le poids, la taille et le p\u00e9rim\u00e8tre cr\u00e2nien, vous disposez des courbes de croissance de votre enfant, que vous pouvez partager facilement avec les professionnels de sant\u00e9 concern\u00e9s.<\/span><\/span><\/p>\n<p><span style=\"vertical-align: inherit;\"><span style=\"vertical-align: inherit;\">En outre, Mon espace sant\u00e9 offre la pratique de partager la gestion du profil de votre enfant avec un autre repr\u00e9sentant l\u00e9gal, comme le deuxi\u00e8me parent ou le tuteur l\u00e9gal, via la rubrique \u00ab Partage de profil \u00bb dans les param\u00e8tres du compte. <\/span><span style=\"vertical-align: inherit;\">Cela favorise une gestion collaborative du suivi m\u00e9dical de l&rsquo;enfant.<\/span><\/span><\/p>\n<h2><span style=\"vertical-align: inherit;\"><span style=\"vertical-align: inherit;\"><span style=\"vertical-align: inherit;\"><span style=\"vertical-align: inherit;\">Pour les <\/span><\/span><a href=\"https:\/\/www.mes-allocs.fr\/guides\/aides-sociales\/aide-financiere-grossesse\/\"><span style=\"vertical-align: inherit;\"><span style=\"vertical-align: inherit;\">femmes enceintes<\/span><\/span><\/a><\/span><\/span><\/h2>\n<p><span style=\"vertical-align: inherit;\"><span style=\"vertical-align: inherit;\">Durant la grossesse, les rendez-vous m\u00e9dicaux sont fr\u00e9quents et g\u00e9n\u00e8rent de nombreux documents de sant\u00e9. <\/span><span style=\"vertical-align: inherit;\">Mon espace sant\u00e9 offre la possibilit\u00e9 de centraliser tous ces documents en un seul endroit, facilitant ainsi leur conservation et leur partage avec les professionnels de sant\u00e9 choisis. <\/span><span style=\"vertical-align: inherit;\">La plateforme propose \u00e9galement une messagerie s\u00e9curis\u00e9e permettant des \u00e9changes simples et confidentiels avec les professionnels de la sant\u00e9.<\/span><\/span><\/p>\n<p><span style=\"vertical-align: inherit;\"><span style=\"vertical-align: inherit;\"><span style=\"vertical-align: inherit;\"><span style=\"vertical-align: inherit;\"><span style=\"vertical-align: inherit;\"><span style=\"vertical-align: inherit;\"><span style=\"vertical-align: inherit;\"><span style=\"vertical-align: inherit;\"><span style=\"vertical-align: inherit;\"><span style=\"vertical-align: inherit;\"><span style=\"vertical-align: inherit;\"><span style=\"vertical-align: inherit;\"><span style=\"vertical-align: inherit;\"><span style=\"vertical-align: inherit;\"><span style=\"vertical-align: inherit;\"><span style=\"vertical-align: inherit;\"><span style=\"vertical-align: inherit;\"><span style=\"vertical-align: inherit;\"><div class='cta-block'><div class='text'>Simulez vos aides en 2 min.<\/div><a href='https:\/\/www.mes-allocs.fr\/ab-app?origin=guides\/wp-json\/wp\/v2\/posts\/74109' class='app-button fit'>Simulation gratuite<\/a><\/div><\/span><\/span><\/span><\/span><\/span><\/span><\/span><\/span><\/span><\/span><\/span><\/span><\/span><\/span><\/span><\/span><\/span><\/span><\/p>\n","protected":false},"excerpt":{"rendered":"<p>L&rsquo;espace sant\u00e9, une initiative conjointe de l&rsquo;Assurance Maladie Ameli \u00a0et du minist\u00e8re de la Sant\u00e9, constitue un espace num\u00e9rique personnel et s\u00e9curis\u00e9 destin\u00e9 \u00e0 \u00e9voluer en tant que carnet de sant\u00e9 num\u00e9rique pour tous les assur\u00e9s. Cet outil permet \u00e0 chacun de jouer un r\u00f4le actif dans le suivi et la pr\u00e9servation de sa sant\u00e9. [&hellip;]<\/p>\n","protected":false},"author":28,"featured_media":105619,"comment_status":"open","ping_status":"open","sticky":false,"template":"","format":"standard","meta":{"amp_status":"","footnotes":""},"categories":[31073],"tags":[],"class_list":["post-74109","post","type-post","status-publish","format-standard","has-post-thumbnail","hentry","category-ameli"],"yoast_head":"<!-- This site is optimized with the Yoast SEO plugin v14.9 - https:\/\/yoast.com\/wordpress\/plugins\/seo\/ -->\n<title>Qu&#039;est ce que le carnet de sant\u00e9 num\u00e9rique d&#039;Ameli ? | Mes-Allocs.fr<\/title>\n<meta name=\"description\" content=\"Le carnet de sant\u00e9 num\u00e9rique s\u00e9curis\u00e9 Ameli permet aux assur\u00e9s de jouer un r\u00f4le actif dans le suivi de leur sant\u00e9.\" \/>\n<meta name=\"robots\" content=\"index, follow, max-snippet:-1, max-image-preview:large, max-video-preview:-1\" \/>\n<link rel=\"canonical\" href=\"https:\/\/www.mes-allocs.fr\/guides\/ameli\/carnet-sante-numerique\/\" \/>\n<meta property=\"og:locale\" content=\"fr_FR\" \/>\n<meta property=\"og:type\" content=\"article\" \/>\n<meta property=\"og:title\" content=\"Qu&#039;est ce que le carnet de sant\u00e9 num\u00e9rique d&#039;Ameli ? | Mes-Allocs.fr\" \/>\n<meta property=\"og:description\" content=\"Le carnet de sant\u00e9 num\u00e9rique s\u00e9curis\u00e9 Ameli permet aux assur\u00e9s de jouer un r\u00f4le actif dans le suivi de leur sant\u00e9.\" \/>\n<meta property=\"og:url\" content=\"https:\/\/www.mes-allocs.fr\/guides\/ameli\/carnet-sante-numerique\/\" \/>\n<meta property=\"og:site_name\" content=\"Mes-Allocs.fr\" \/>\n<meta property=\"article:published_time\" content=\"2024-02-12T08:59:21+00:00\" \/>\n<meta property=\"article:modified_time\" content=\"2026-04-22T09:55:16+00:00\" \/>\n<meta property=\"og:image\" content=\"https:\/\/www.mes-allocs.fr\/guides\/wp-content\/uploads\/2024\/02\/espace-ameli.jpg?wsr\" \/>\n\t<meta property=\"og:image:width\" content=\"1024\" \/>\n\t<meta property=\"og:image:height\" content=\"683\" \/>\n<meta name=\"twitter:card\" content=\"summary_large_image\" \/>\n<script type=\"application\/ld+json\" class=\"yoast-schema-graph\">{\"@context\":\"https:\/\/schema.org\",\"@graph\":[{\"@type\":\"WebSite\",\"@id\":\"https:\/\/www.mes-allocs.fr\/guides\/#website\",\"url\":\"https:\/\/www.mes-allocs.fr\/guides\/\",\"name\":\"Mes-Allocs.fr\",\"description\":\"\",\"potentialAction\":[{\"@type\":\"SearchAction\",\"target\":\"https:\/\/www.mes-allocs.fr\/guides\/?s={search_term_string}\",\"query-input\":\"required name=search_term_string\"}],\"inLanguage\":\"fr-FR\"},{\"@type\":\"ImageObject\",\"@id\":\"https:\/\/www.mes-allocs.fr\/guides\/ameli\/carnet-sante-numerique\/#primaryimage\",\"inLanguage\":\"fr-FR\",\"url\":\"https:\/\/www.mes-allocs.fr\/guides\/wp-content\/uploads\/2024\/02\/espace-ameli.jpg?wsr\",\"width\":1024,\"height\":683,\"caption\":\"espace ameli\"},{\"@type\":\"WebPage\",\"@id\":\"https:\/\/www.mes-allocs.fr\/guides\/ameli\/carnet-sante-numerique\/#webpage\",\"url\":\"https:\/\/www.mes-allocs.fr\/guides\/ameli\/carnet-sante-numerique\/\",\"name\":\"Qu'est ce que le carnet de sant\\u00e9 num\\u00e9rique d'Ameli ? | Mes-Allocs.fr\",\"isPartOf\":{\"@id\":\"https:\/\/www.mes-allocs.fr\/guides\/#website\"},\"primaryImageOfPage\":{\"@id\":\"https:\/\/www.mes-allocs.fr\/guides\/ameli\/carnet-sante-numerique\/#primaryimage\"},\"datePublished\":\"2024-02-12T08:59:21+00:00\",\"dateModified\":\"2026-04-22T09:55:16+00:00\",\"author\":{\"@id\":\"https:\/\/www.mes-allocs.fr\/guides\/#\/schema\/person\/e506e10a355aa02ef75c736bcb442d65\"},\"description\":\"Le carnet de sant\\u00e9 num\\u00e9rique s\\u00e9curis\\u00e9 Ameli permet aux assur\\u00e9s de jouer un r\\u00f4le actif dans le suivi de leur sant\\u00e9.\",\"inLanguage\":\"fr-FR\"},{\"@type\":\"Person\",\"@id\":\"https:\/\/www.mes-allocs.fr\/guides\/#\/schema\/person\/e506e10a355aa02ef75c736bcb442d65\",\"name\":\"Janelle Legros\",\"image\":{\"@type\":\"ImageObject\",\"@id\":\"https:\/\/www.mes-allocs.fr\/guides\/#personlogo\",\"inLanguage\":\"fr-FR\",\"url\":\"https:\/\/www.mes-allocs.fr\/guides\/wp-content\/uploads\/2024\/01\/c7a29860-f8e7-4078-8a51-6cd71447d7e9.jpeg\",\"caption\":\"Janelle Legros\"},\"description\":\"Janelle est r\\u00e9dactrice web et charg\\u00e9e de communication pour Mes Allocs. Sp\\u00e9cialiste des d\\u00e9marches administratives, elle rejoint l'\\u00e9quipe Mes Allocs apr\\u00e8s une premi\\u00e8re exp\\u00e9rience en journalisme.\",\"sameAs\":[\"https:\/\/www.linkedin.com\/in\/janelle-legros\/\"]}]}<\/script>\n<!-- \/ Yoast SEO plugin. -->","amp_validity":null,"acf":{"faq":{"1":{"question":"Quelle est la diff\u00e9rence entre la CPAM et Ameli ?","answer":"Ameli d\u00e9signe le site internet de l'Assurance Maladie et CPAM est l'acronyme de \"caisse primaire d'assurance maladie\". Il s'agit du nom attribu\u00e9 aux agences d\u00e9partementales de l'Assurance Maladie."},"2":{"question":"Est-il obligatoire d'avoir un compte Ameli ?","answer":"Non, il n'est pas obligatoire de cr\u00e9er un compte Ameli. Vous pouvez \u00e9galement effectuer vos d\u00e9marches en agences."},"3":{"question":"Qui peut acc\u00e9der \u00e0 mon espace sant\u00e9 Ameli ?","answer":"Vous ma\u00eetrisez l'acc\u00e8s \u00e0 vos documents dans Mon espace sant\u00e9. Vous autorisez uniquement les professionnels de sant\u00e9 de votre choix et recevez une notification \u00e0 chaque connexion."},"4":{"question":"Pourquoi cr\u00e9er un carnet de sant\u00e9 num\u00e9rique Ameli ?","answer":"Gr\u00e2ce \u00e0 Mon espace sant\u00e9, vous avez la possibilit\u00e9 de stocker de mani\u00e8re permanente tous vos documents de sant\u00e9, tels que les ordonnances, les r\u00e9sultats d'analyses, les comptes rendus de radiologie et postop\u00e9ratoires, offrant ainsi une solution pratique, particuli\u00e8rement b\u00e9n\u00e9fique en cas de maladie chronique."},"5":{"question":"Comment cr\u00e9er un carnet de sant\u00e9 num\u00e9rique Ameli ?","answer":"Pour cr\u00e9er un carnet de sant\u00e9 num\u00e9rique Ameli, il vous suffit d'aller sur la page d'accueil d'Ameli et de cliquer sur \u00ab Cr\u00e9er votre DMP \u00bb.\r\n"},"6":{"question":"","answer":""},"7":{"question":"","answer":""},"8":{"question":"","answer":""},"9":{"question":"","answer":""},"10":{"question":"","answer":""},"11":{"question":"","answer":""},"12":{"question":"","answer":""},"13":{"question":"","answer":""},"14":{"question":"","answer":""},"15":{"question":"","answer":""},"16":{"question":"","answer":""}}},"_links":{"self":[{"href":"https:\/\/www.mes-allocs.fr\/guides\/wp-json\/wp\/v2\/posts\/74109","targetHints":{"allow":["GET"]}}],"collection":[{"href":"https:\/\/www.mes-allocs.fr\/guides\/wp-json\/wp\/v2\/posts"}],"about":[{"href":"https:\/\/www.mes-allocs.fr\/guides\/wp-json\/wp\/v2\/types\/post"}],"author":[{"embeddable":true,"href":"https:\/\/www.mes-allocs.fr\/guides\/wp-json\/wp\/v2\/users\/28"}],"replies":[{"embeddable":true,"href":"https:\/\/www.mes-allocs.fr\/guides\/wp-json\/wp\/v2\/comments?post=74109"}],"version-history":[{"count":10,"href":"https:\/\/www.mes-allocs.fr\/guides\/wp-json\/wp\/v2\/posts\/74109\/revisions"}],"predecessor-version":[{"id":97114,"href":"https:\/\/www.mes-allocs.fr\/guides\/wp-json\/wp\/v2\/posts\/74109\/revisions\/97114"}],"wp:featuredmedia":[{"embeddable":true,"href":"https:\/\/www.mes-allocs.fr\/guides\/wp-json\/wp\/v2\/media\/105619"}],"wp:attachment":[{"href":"https:\/\/www.mes-allocs.fr\/guides\/wp-json\/wp\/v2\/media?parent=74109"}],"wp:term":[{"taxonomy":"category","embeddable":true,"href":"https:\/\/www.mes-allocs.fr\/guides\/wp-json\/wp\/v2\/categories?post=74109"},{"taxonomy":"post_tag","embeddable":true,"href":"https:\/\/www.mes-allocs.fr\/guides\/wp-json\/wp\/v2\/tags?post=74109"}],"curies":[{"name":"wp","href":"https:\/\/api.w.org\/{rel}","templated":true}]}}