{"id":74098,"date":"2024-01-31T16:10:26","date_gmt":"2024-01-31T14:10:26","guid":{"rendered":"https:\/\/www.mes-allocs.fr\/guides\/?p=74098"},"modified":"2025-02-26T12:32:56","modified_gmt":"2025-02-26T10:32:56","slug":"aide-velo-electrique-var","status":"publish","type":"post","link":"https:\/\/www.mes-allocs.fr\/guides\/aide-velo-electrique\/aide-velo-region\/aide-velo-electrique-var\/","title":{"rendered":"Aide v\u00e9lo \u00e9lectrique Var : conditions, montants, d\u00e9marches"},"content":{"rendered":"<p><img loading=\"lazy\" decoding=\"async\" class=\"alignnone wp-image-74101 size-full\" title=\"Prime v\u00e9lo \u00e9lectrique Var\" src=\"https:\/\/www.mes-allocs.fr\/guides\/wp-content\/uploads\/2024\/01\/grace-1231282_1280-e1706709987363.jpg\" alt=\"Prime v\u00e9lo \u00e9lectrique Var\" width=\"1280\" height=\"412\" srcset=\"https:\/\/www.mes-allocs.fr\/guides\/wp-content\/uploads\/2024\/01\/grace-1231282_1280-e1706709987363.jpg 1280w, https:\/\/www.mes-allocs.fr\/guides\/wp-content\/uploads\/2024\/01\/grace-1231282_1280-e1706709987363-300x97.jpg 300w, https:\/\/www.mes-allocs.fr\/guides\/wp-content\/uploads\/2024\/01\/grace-1231282_1280-e1706709987363-1024x330.jpg 1024w, https:\/\/www.mes-allocs.fr\/guides\/wp-content\/uploads\/2024\/01\/grace-1231282_1280-e1706709987363-768x247.jpg 768w, https:\/\/www.mes-allocs.fr\/guides\/wp-content\/uploads\/2024\/01\/grace-1231282_1280-e1706709987363-600x193.jpg 600w\" sizes=\"auto, (max-width: 1280px) 100vw, 1280px\" \/><\/p>\n<p><b>Vous habitez dans le Var et avez pour projet d\u2019acqu\u00e9rir <\/b><b>un v\u00e9lo \u00e9lectrique<\/b><b> ? Sachez que les <a href=\"https:\/\/www.mes-allocs.fr\/guides\/prime-velo-electrique\/prime-velo-region\/\">aides r\u00e9gionales pour les v\u00e9los \u00e9lectriques<\/a> sont tr\u00e8s avantageuses, et que vous pourriez b\u00e9n\u00e9ficier d&rsquo;une aide v\u00e9lo \u00e9lectrique dans la r\u00e9gion du Var en fonction de votre lieu de r\u00e9sidence.<\/b><\/p>\n<div class='cta-block'><div class='text'>Simulez toutes vos Aides en 2 min.<\/div><a href='https:\/\/www.mes-allocs.fr\/ab-app?origin=guides\/wp-json\/wp\/v2\/posts\/74098' class='app-button fit'>Simulation gratuite<\/a><\/div>\n<p><iframe loading=\"lazy\" title=\"L&#039;aide au v\u00e9lo \u00e9lectrique\" width=\"500\" height=\"281\" src=\"https:\/\/www.youtube.com\/embed\/QH5GqTFaqwE?feature=oembed\" frameborder=\"0\" allow=\"accelerometer; autoplay; clipboard-write; encrypted-media; gyroscope; picture-in-picture; web-share\" referrerpolicy=\"strict-origin-when-cross-origin\" allowfullscreen><\/iframe><\/p>\n<h1><b>Aide \u00e0 l\u2019achat d\u2019un v\u00e9lo \u00e9lectrique dans le VAR\u00a0<\/b><\/h1>\n<p><span style=\"font-weight: 400;\">Le <strong>d\u00e9partement du Var<\/strong> ne propose pas \u00e0 ses habitants d&rsquo;aide pour l\u2019achat d\u2019un v\u00e9lo \u00e9lectrique. Mes Allocs vous renseigne sur les aides disponibles selon votre lieu d&rsquo;habitation.\u00a0<\/span><\/p>\n<h2><b>Aide v\u00e9lo Toulon M\u00e9tropole Provence M\u00e9diterran\u00e9e\u00a0\u00a0<\/b><\/h2>\n<p><span style=\"font-weight: 400;\">Dans le cadre de sa politique de mobilit\u00e9 en faveur des <strong>modes doux de d\u00e9placement<\/strong>, la M\u00e9tropole TPM s\u2019engage, aupr\u00e8s des particuliers et \u00e0 hauteur de 25%, pour l\u2019achat d\u2019un <strong>v\u00e9lo \u00e0 Assistance \u00c9lectrique<\/strong> (VAE).<\/span><\/p>\n<p><span style=\"font-weight: 400;\">La M\u00e9tropole TPM participe, conform\u00e9ment aux objectifs du Plan de D\u00e9placements Urbains approuv\u00e9 en 2006, \u00e0 la r\u00e9duction des \u00e9missions de gaz \u00e0 effet de serre en limitant l\u2019usage de la voiture particuli\u00e8re.<\/span><\/p>\n<p><span style=\"font-weight: 400;\">Ainsi, dans le cadre d\u2019une politique de d\u00e9veloppement durable pour inciter les habitants du territoire TPM \u00e0 utiliser le v\u00e9lo dans leurs d\u00e9placements quotidiens et participer \u00e0 la r\u00e9duction des d\u00e9placements effectu\u00e9s en voiture, TPM a institu\u00e9 un <strong>dispositif d\u2019aide \u00e0 l\u2019achat d\u2019un V\u00e9lo \u00e0 Assistance \u00c9lectrique<\/strong> (VAE).<\/span><\/p>\n<p><span style=\"font-weight: 400;\">L\u2019aide financi\u00e8re propos\u00e9e par le d\u00e9partement du var est de <strong>maximum 250 \u20ac,<\/strong> cette aide est cumulable avec l&rsquo;aide de l&rsquo;Etat.\u00a0<\/span><\/p>\n<p><span style=\"font-weight: 400;\">Vous pouvez d\u00e9poser votre demande en ligne sur le site de la m\u00e9tropole.\u00a0<\/span><\/p>\n<h2><b>Aide Mairie de la Farl\u00e8de\u00a0<\/b><\/h2>\n<p><span style=\"font-weight: 400;\">Le<strong> Contrat de R\u00e9ussite Solidaire<\/strong> repr\u00e9sente un instrument destin\u00e9 \u00e0 soutenir les jeunes dans la concr\u00e9tisation de leurs projets, qu&rsquo;ils soient d&rsquo;ordre professionnel ou personnel. Le CCAS offre un accompagnement personnalis\u00e9 visant \u00e0 aider le jeune \u00e0 \u00e9laborer et \u00e0 r\u00e9ussir son projet, tout en lui octroyant une bourse.<\/span><\/p>\n<p><span style=\"font-weight: 400;\">Pour \u00eatre \u00e9ligible \u00e0 cette aide, vous devez r\u00e9pondre \u00e0 deux crit\u00e8res<\/span><span style=\"font-weight: 400;\">. <\/span><span style=\"font-weight: 400;\">Les jeunes farl\u00e9dois \u00e2g\u00e9s de 16 \u00e0 25 ans, disposant de faibles ressources financi\u00e8res, peuvent b\u00e9n\u00e9ficier de cette aide financi\u00e8re. Les obligations pour le b\u00e9n\u00e9ficiaire sont identiques \u00e0 celles de la Bourse au permis de conduire, impliquant la participation \u00e0 un projet d&rsquo;int\u00e9r\u00eat collectif au sein d&rsquo;un organisme dot\u00e9 de la personnalit\u00e9 morale.<\/span><\/p>\n<div class='cta-block'><div class='text'>Simulez toutes vos Aides en 2 min.<\/div><a href='https:\/\/www.mes-allocs.fr\/ab-app?origin=guides\/wp-json\/wp\/v2\/posts\/74098' class='app-button fit'>Simulation gratuite<\/a><\/div>\n","protected":false},"excerpt":{"rendered":"<p>Vous habitez dans le Var et avez pour projet d\u2019acqu\u00e9rir un v\u00e9lo \u00e9lectrique ? Sachez que les aides r\u00e9gionales pour les v\u00e9los \u00e9lectriques sont tr\u00e8s avantageuses, et que vous pourriez b\u00e9n\u00e9ficier d&rsquo;une aide v\u00e9lo \u00e9lectrique dans la r\u00e9gion du Var en fonction de votre lieu de r\u00e9sidence. Aide \u00e0 l\u2019achat d\u2019un v\u00e9lo \u00e9lectrique dans le [&hellip;]<\/p>\n","protected":false},"author":27,"featured_media":74102,"comment_status":"closed","ping_status":"open","sticky":false,"template":"","format":"standard","meta":{"amp_status":"","footnotes":""},"categories":[43598,13817],"tags":[],"class_list":["post-74098","post","type-post","status-publish","format-standard","has-post-thumbnail","hentry","category-aide-velo-electrique","category-aide-velo-region"],"yoast_head":"<!-- This site is optimized with the Yoast SEO plugin v14.9 - https:\/\/yoast.com\/wordpress\/plugins\/seo\/ -->\n<title>Aide v\u00e9lo \u00e9lectrique Var : conditions, montants, d\u00e9marches | Mes-Allocs.fr<\/title>\n<meta name=\"description\" content=\"Vous habitez dans le Var et avez pour projet d\u2019acqu\u00e9rir un v\u00e9lo \u00e9lectrique ? Sachez que plusieurs aides sont disponibles pour vous aider.\" \/>\n<meta name=\"robots\" content=\"index, follow, max-snippet:-1, max-image-preview:large, max-video-preview:-1\" \/>\n<link rel=\"canonical\" href=\"https:\/\/www.mes-allocs.fr\/guides\/aide-velo-electrique\/aide-velo-region\/aide-velo-electrique-var\/\" \/>\n<meta property=\"og:locale\" content=\"fr_FR\" \/>\n<meta property=\"og:type\" content=\"article\" \/>\n<meta property=\"og:title\" content=\"Aide v\u00e9lo \u00e9lectrique Var : conditions, montants, d\u00e9marches | Mes-Allocs.fr\" \/>\n<meta property=\"og:description\" content=\"Vous habitez dans le Var et avez pour projet d\u2019acqu\u00e9rir un v\u00e9lo \u00e9lectrique ? Sachez que plusieurs aides sont disponibles pour vous aider.\" \/>\n<meta property=\"og:url\" content=\"https:\/\/www.mes-allocs.fr\/guides\/aide-velo-electrique\/aide-velo-region\/aide-velo-electrique-var\/\" \/>\n<meta property=\"og:site_name\" content=\"Mes-Allocs.fr\" \/>\n<meta property=\"article:published_time\" content=\"2024-01-31T14:10:26+00:00\" \/>\n<meta property=\"article:modified_time\" content=\"2025-02-26T10:32:56+00:00\" \/>\n<meta property=\"og:image\" content=\"https:\/\/www.mes-allocs.fr\/guides\/wp-content\/uploads\/2024\/01\/bicycle-5336239_1280.jpg?wsr\" \/>\n\t<meta property=\"og:image:width\" content=\"1280\" \/>\n\t<meta property=\"og:image:height\" content=\"853\" \/>\n<meta name=\"twitter:card\" content=\"summary_large_image\" \/>\n<script type=\"application\/ld+json\" class=\"yoast-schema-graph\">{\"@context\":\"https:\/\/schema.org\",\"@graph\":[{\"@type\":\"WebSite\",\"@id\":\"https:\/\/www.mes-allocs.fr\/guides\/#website\",\"url\":\"https:\/\/www.mes-allocs.fr\/guides\/\",\"name\":\"Mes-Allocs.fr\",\"description\":\"\",\"potentialAction\":[{\"@type\":\"SearchAction\",\"target\":\"https:\/\/www.mes-allocs.fr\/guides\/?s={search_term_string}\",\"query-input\":\"required name=search_term_string\"}],\"inLanguage\":\"fr-FR\"},{\"@type\":\"ImageObject\",\"@id\":\"https:\/\/www.mes-allocs.fr\/guides\/aide-velo-electrique\/aide-velo-region\/aide-velo-electrique-var\/#primaryimage\",\"inLanguage\":\"fr-FR\",\"url\":\"https:\/\/www.mes-allocs.fr\/guides\/wp-content\/uploads\/2024\/01\/bicycle-5336239_1280.jpg?wsr\",\"width\":1280,\"height\":853,\"caption\":\"aide v\\u00e9lo \\u00e9lectrique Var\"},{\"@type\":\"WebPage\",\"@id\":\"https:\/\/www.mes-allocs.fr\/guides\/aide-velo-electrique\/aide-velo-region\/aide-velo-electrique-var\/#webpage\",\"url\":\"https:\/\/www.mes-allocs.fr\/guides\/aide-velo-electrique\/aide-velo-region\/aide-velo-electrique-var\/\",\"name\":\"Aide v\\u00e9lo \\u00e9lectrique Var : conditions, montants, d\\u00e9marches | Mes-Allocs.fr\",\"isPartOf\":{\"@id\":\"https:\/\/www.mes-allocs.fr\/guides\/#website\"},\"primaryImageOfPage\":{\"@id\":\"https:\/\/www.mes-allocs.fr\/guides\/aide-velo-electrique\/aide-velo-region\/aide-velo-electrique-var\/#primaryimage\"},\"datePublished\":\"2024-01-31T14:10:26+00:00\",\"dateModified\":\"2025-02-26T10:32:56+00:00\",\"author\":{\"@id\":\"https:\/\/www.mes-allocs.fr\/guides\/#\/schema\/person\/7a9b61e7b715d477066a9f941c0440c7\"},\"description\":\"Vous habitez dans le Var et avez pour projet d\\u2019acqu\\u00e9rir un v\\u00e9lo \\u00e9lectrique ? Sachez que plusieurs aides sont disponibles pour vous aider.\",\"inLanguage\":\"fr-FR\"},{\"@type\":\"Person\",\"@id\":\"https:\/\/www.mes-allocs.fr\/guides\/#\/schema\/person\/7a9b61e7b715d477066a9f941c0440c7\",\"name\":\"L\\u00e9o Martin\",\"image\":{\"@type\":\"ImageObject\",\"@id\":\"https:\/\/www.mes-allocs.fr\/guides\/#personlogo\",\"inLanguage\":\"fr-FR\",\"url\":\"https:\/\/www.mes-allocs.fr\/guides\/wp-content\/uploads\/2023\/12\/1635317753781-e1701432075572-150x150.jpg\",\"caption\":\"L\\u00e9o Martin\"},\"description\":\"L\\u00e9o est r\\u00e9dacteur au sein de l'\\u00e9quipe Mes Allocs, sp\\u00e9cialis\\u00e9 sur les th\\u00e9matiques pouvoir d'achat et aides. Il rejoint Mes Allocs apr\\u00e8s une premi\\u00e8re exp\\u00e9rience en tant que journaliste chez La Gazette Cagnoise et Nice Presse.\",\"sameAs\":[\"https:\/\/www.linkedin.com\/in\/lo-martin-3429bb224\"]}]}<\/script>\n<!-- \/ Yoast SEO plugin. -->","amp_validity":null,"acf":{"faq":{"1":{"question":"Le Var propose-t-elle une aide ?","answer":"Non, aucune aide n'est propos\u00e9e par la r\u00e9gion directement. Vous devez vous tourner vers votre commune.\r\n  "},"2":{"question":"Les aides sont-elles cumulables avec l'aide de l'\u00c9tat ?","answer":"La plupart de ces aides sont cumulables avec l'aide de l'\u00c9tat. Il est pr\u00e9f\u00e9rable de vous tourner vers votre collectivit\u00e9 afin d'en avoir la confirmation.\r\n"},"3":{"question":"Quel est le montant de l'aide fourni par la M\u00e9tropole de Toulon ?","answer":"L\u2019aide financi\u00e8re propos\u00e9e par le d\u00e9partement du var est de maximum 250 \u20ac.\r\n"},"4":{"question":"","answer":""},"5":{"question":"","answer":""},"6":{"question":"","answer":""},"7":{"question":"","answer":""},"8":{"question":"","answer":""},"9":{"question":"","answer":""},"10":{"question":"","answer":""},"11":{"question":"","answer":""},"12":{"question":"","answer":""},"13":{"question":"","answer":""},"14":{"question":"","answer":""},"15":{"question":"","answer":""},"16":{"question":"","answer":""}}},"_links":{"self":[{"href":"https:\/\/www.mes-allocs.fr\/guides\/wp-json\/wp\/v2\/posts\/74098","targetHints":{"allow":["GET"]}}],"collection":[{"href":"https:\/\/www.mes-allocs.fr\/guides\/wp-json\/wp\/v2\/posts"}],"about":[{"href":"https:\/\/www.mes-allocs.fr\/guides\/wp-json\/wp\/v2\/types\/post"}],"author":[{"embeddable":true,"href":"https:\/\/www.mes-allocs.fr\/guides\/wp-json\/wp\/v2\/users\/27"}],"replies":[{"embeddable":true,"href":"https:\/\/www.mes-allocs.fr\/guides\/wp-json\/wp\/v2\/comments?post=74098"}],"version-history":[{"count":7,"href":"https:\/\/www.mes-allocs.fr\/guides\/wp-json\/wp\/v2\/posts\/74098\/revisions"}],"predecessor-version":[{"id":91023,"href":"https:\/\/www.mes-allocs.fr\/guides\/wp-json\/wp\/v2\/posts\/74098\/revisions\/91023"}],"wp:featuredmedia":[{"embeddable":true,"href":"https:\/\/www.mes-allocs.fr\/guides\/wp-json\/wp\/v2\/media\/74102"}],"wp:attachment":[{"href":"https:\/\/www.mes-allocs.fr\/guides\/wp-json\/wp\/v2\/media?parent=74098"}],"wp:term":[{"taxonomy":"category","embeddable":true,"href":"https:\/\/www.mes-allocs.fr\/guides\/wp-json\/wp\/v2\/categories?post=74098"},{"taxonomy":"post_tag","embeddable":true,"href":"https:\/\/www.mes-allocs.fr\/guides\/wp-json\/wp\/v2\/tags?post=74098"}],"curies":[{"name":"wp","href":"https:\/\/api.w.org\/{rel}","templated":true}]}}