{"id":74086,"date":"2024-01-31T15:26:00","date_gmt":"2024-01-31T13:26:00","guid":{"rendered":"https:\/\/www.mes-allocs.fr\/guides\/?p=74086"},"modified":"2025-02-18T16:32:46","modified_gmt":"2025-02-18T14:32:46","slug":"aide-velo-electrique-bretagne","status":"publish","type":"post","link":"https:\/\/www.mes-allocs.fr\/guides\/aide-velo-electrique\/aide-velo-region\/aide-velo-electrique-bretagne\/","title":{"rendered":"Aide v\u00e9lo \u00e9lectrique bretagne : conditions, montants, d\u00e9marches"},"content":{"rendered":"<p><img loading=\"lazy\" decoding=\"async\" class=\"alignnone wp-image-74088 size-full\" title=\"Prime v\u00e9lo \u00e9lectrique bretagne\" src=\"https:\/\/www.mes-allocs.fr\/guides\/wp-content\/uploads\/2024\/01\/modern-802752_1280-e1706706644308.jpg\" alt=\"Prime v\u00e9lo \u00e9lectrique bretagne \" width=\"1280\" height=\"441\" srcset=\"https:\/\/www.mes-allocs.fr\/guides\/wp-content\/uploads\/2024\/01\/modern-802752_1280-e1706706644308.jpg 1280w, https:\/\/www.mes-allocs.fr\/guides\/wp-content\/uploads\/2024\/01\/modern-802752_1280-e1706706644308-300x103.jpg 300w, https:\/\/www.mes-allocs.fr\/guides\/wp-content\/uploads\/2024\/01\/modern-802752_1280-e1706706644308-1024x353.jpg 1024w, https:\/\/www.mes-allocs.fr\/guides\/wp-content\/uploads\/2024\/01\/modern-802752_1280-e1706706644308-768x265.jpg 768w, https:\/\/www.mes-allocs.fr\/guides\/wp-content\/uploads\/2024\/01\/modern-802752_1280-e1706706644308-600x207.jpg 600w\" sizes=\"auto, (max-width: 1280px) 100vw, 1280px\" \/><\/p>\n<p><strong>De nombreuses r\u00e9gions soutiennent les citoyens dans leur <a href=\"https:\/\/www.mes-allocs.fr\/guides\/prime-velo-electrique\/aide-velo-region\/\">achat de v\u00e9lo \u00e9lectrique<\/a>. La r\u00e9gion Bretagne ne propose pas de subvention \u00e0 l&rsquo;achat d&rsquo;un v\u00e9lo \u00e9lectrique, mais il existe des aides v\u00e9lo \u00e9lectrique en Bretagne. C&rsquo;est le cas par exemple dans l&rsquo;agglom\u00e9ration de Lorient.<\/strong><\/p>\n<div class='cta-block'><div class='text'>Simulez toutes vos Aides en 2 min.<\/div><a href='https:\/\/www.mes-allocs.fr\/ab-app?origin=guides\/wp-json\/wp\/v2\/posts\/74086' class='app-button fit'>Simulation gratuite<\/a><\/div>\n<p><iframe loading=\"lazy\" title=\"L&#039;aide au v\u00e9lo \u00e9lectrique\" width=\"500\" height=\"281\" src=\"https:\/\/www.youtube.com\/embed\/QH5GqTFaqwE?feature=oembed\" frameborder=\"0\" allow=\"accelerometer; autoplay; clipboard-write; encrypted-media; gyroscope; picture-in-picture; web-share\" referrerpolicy=\"strict-origin-when-cross-origin\" allowfullscreen><\/iframe><\/p>\n<h1><b>Aide \u00e0 l\u2019achat d\u2019un v\u00e9lo \u00e9lectrique en Bretagne\u00a0<\/b><\/h1>\n<p><span style=\"font-weight: 400;\">La <strong>r\u00e9gion Bretagne<\/strong> ne propose pas d&rsquo;aides \u00e0 ses habitants pour l\u2019achat d\u2019un v\u00e9lo \u00e9lectrique. N\u00e9anmoins, des aides sont disponibles comme c&rsquo;est le cas dans l&rsquo;agglom\u00e9ration de Lorient. <\/span><span style=\"font-weight: 400;\">Cette aide, exclusivement destin\u00e9e aux <strong>r\u00e9sidents de Lorient Agglom\u00e9ration<\/strong>, constitue une assistance intercommunale qui peut \u00eatre combin\u00e9e avec d&rsquo;autres aides communales \u00e9ventuelles ayant le m\u00eame objectif. De plus, elle peut \u00eatre compl\u00e9t\u00e9e par le programme \u00ab\u00a0<a href=\"https:\/\/www.mes-allocs.fr\/guides\/prime-velo-electrique\/\">bonus v\u00e9lo<\/a>\u00a0\u00bb du gouvernement, sp\u00e9cifiquement pour les v\u00e9los \u00e0 assistance \u00e9lectrique, sous r\u00e9serve de respecter les conditions de ressources requises.<\/span><\/p>\n<h2><b>Aide v\u00e9lo \u00e9lectrique de la r\u00e9gion Bretagne<\/b><\/h2>\n<p><span style=\"font-weight: 400;\">Actuellement, la r\u00e9gion Bretagne n\u2019accorde pas directement d\u2019aide pour l\u2019achat d\u2019un v\u00e9lo \u00e0 assistance \u00e9lectrique. Vous pouvez cependant b\u00e9n\u00e9ficier d\u2019une aide si vous habitez dans l&rsquo;agglom\u00e9ration de Lorient ou si vous r\u00e9sidez dans une commune attribuant une aide.<\/span><\/p>\n<p><span style=\"font-weight: 400;\">Afin de promouvoir l&rsquo;utilisation du v\u00e9lo, Lorient Agglom\u00e9ration lance une initiative novatrice consistant en une <strong>aide financi\u00e8re de 100 \u20ac \u00e0 250 \u20ac<\/strong> pour l&rsquo;achat de v\u00e9los, sans condition de ressources. Cette op\u00e9ration exp\u00e9rimentale s&rsquo;inscrit dans le cadre de la volont\u00e9 de renforcer et d&rsquo;acc\u00e9l\u00e9rer la mise en place du sch\u00e9ma des itin\u00e9raires cyclables actuellement en cours de r\u00e9vision sur le territoire.<\/span><\/p>\n<p><span style=\"font-weight: 400;\">Dans le but de favoriser l&rsquo;usage du v\u00e9lo pour les d\u00e9placements quotidiens, induire un changement durable des habitudes de d\u00e9placement et contribuer \u00e0 la pr\u00e9servation de la qualit\u00e9 de l&rsquo;air, Lorient Agglom\u00e9ration met en place une aide financi\u00e8re <strong>sans conditions de ressources<\/strong> pour l&rsquo;acquisition de v\u00e9los pliants, de v\u00e9los cargo, et\/ou de v\u00e9los \u00e0 assistance \u00e9lectrique.<\/span><\/p>\n<ul>\n<li style=\"font-weight: 400;\" aria-level=\"1\"><span style=\"font-weight: 400;\">Pour les v\u00e9los \u00e0 assistance \u00e9lectrique (y compris les v\u00e9los pliants), l&rsquo;aide repr\u00e9sente 20% du montant de l&rsquo;achat, avec un plafond de 200 \u20ac.<\/span><\/li>\n<li style=\"font-weight: 400;\" aria-level=\"1\"><span style=\"font-weight: 400;\">Pour les v\u00e9los cargo, avec ou sans assistance \u00e9lectrique, l&rsquo;aide est \u00e9galement fix\u00e9e \u00e0 20% du montant de l&rsquo;achat, avec un maximum de 250 \u20ac.<\/span><\/li>\n<li style=\"font-weight: 400;\" aria-level=\"1\"><span style=\"font-weight: 400;\">Pour les v\u00e9los pliants sans assistance \u00e9lectrique, la subvention s&rsquo;\u00e9l\u00e8ve \u00e0 20% du prix d&rsquo;achat, avec un plafond de 100 \u20ac.<\/span><\/li>\n<li style=\"font-weight: 400;\" aria-level=\"1\"><span style=\"font-weight: 400;\">Les v\u00e9los \u00e0 assistance \u00e9lectrique doivent \u00eatre d\u00e9pourvus de batterie au plomb et \u00e9quip\u00e9s d&rsquo;un moteur auxiliaire \u00e9lectrique d&rsquo;une puissance nominale continue maximale de 0,25 kilowatt.<\/span><\/li>\n<\/ul>\n<h2><b>Conditions d\u2019\u00e9ligibilit\u00e9<\/b><\/h2>\n<p><span style=\"font-weight: 400;\">Pour \u00eatre \u00e9ligible \u00e0 cette aide pour les v\u00e9los \u00e9lectriques vous devez respecter certaines conditions et fournir des pi\u00e8ces justificatives.<\/span><\/p>\n<p><span style=\"font-weight: 400;\">Liste des pi\u00e8ces \u00e0 fournir :<\/span><\/p>\n<ul>\n<li style=\"font-weight: 400;\" aria-level=\"1\"><span style=\"font-weight: 400;\">Relev\u00e9 d&rsquo;identit\u00e9 bancaire (RIB)<\/span><\/li>\n<li style=\"font-weight: 400;\" aria-level=\"1\"><span style=\"font-weight: 400;\">Carte nationale d&rsquo;identit\u00e9<\/span><\/li>\n<li style=\"font-weight: 400;\" aria-level=\"1\"><span style=\"font-weight: 400;\">Justificatif de domicile<\/span><\/li>\n<\/ul>\n<p><span style=\"font-weight: 400;\">Autres documents requis :<\/span><\/p>\n<ul>\n<li style=\"font-weight: 400;\" aria-level=\"1\"><span style=\"font-weight: 400;\">Facture d&rsquo;achat du v\u00e9lo, \u00e9mise par un professionnel, dat\u00e9e de moins de 3 mois, mentionnant le nom, pr\u00e9nom et adresse de l&rsquo;acheteur, le montant de l&rsquo;achat (\u00e0 l&rsquo;exclusion des \u00e9quipements non obligatoires) et la nature du v\u00e9lo.<\/span><\/li>\n<li style=\"font-weight: 400;\" aria-level=\"1\"><span style=\"font-weight: 400;\">Si le v\u00e9lo est un v\u00e9lo \u00e0 assistance \u00e9lectrique (VAE) : copie du certificat d&rsquo;homologation, num\u00e9ro d&rsquo;identification, puissance nominale du moteur \u00e9lectrique, technologie de la batterie et pr\u00e9sence d&rsquo;un afficheur indiquant au minimum l&rsquo;\u00e9tat de charge de la batterie.<\/span><\/li>\n<\/ul>\n<h2><b>Montant de l\u2019aide \u00e0 l\u2019achat d\u2019un v\u00e9lo \u00e9lectrique<\/b><\/h2>\n<p><span style=\"font-weight: 400;\">Pour encourager l\u2019usage du v\u00e9lo, Lorient Agglom\u00e9ration met en place une aide sans conditions de ressources de 100 \u20ac \u00e0 250 \u20ac pour l\u2019achat de v\u00e9los.\u00a0<\/span><\/p>\n<p><span style=\"font-weight: 400;\">Le formulaire compl\u00e9t\u00e9 ainsi que l\u2019ensemble des pi\u00e8ces jointes obligatoires doivent \u00eatre transmis par voie postale \u00e0 : Lorient Agglom\u00e9ration &#8211; Direction des transports et d\u00e9placements \u2013 CS 20001 \u2013 56314 Lorient<\/span><\/p>\n<h1><b>Aide \u00e0 l\u2019achat d\u2019un v\u00e9lo \u00e9lectrique en Bretagne romantique<\/b><\/h1>\n<p><span style=\"font-weight: 400;\">Dans le but d&rsquo;encourager les r\u00e9sidents de la Bretagne romantique \u00e0 adopter de nouvelles pratiques de d\u00e9placement, la Communaut\u00e9 de communes propose une<strong> subvention de 100 \u20ac<\/strong> pour l&rsquo;acquisition d&rsquo;un v\u00e9lo \u00e9lectrique, \u00e0 laquelle s&rsquo;ajoute une prime de 100 \u20ac du gouvernement.<\/span><\/p>\n<p><span style=\"font-weight: 400;\">Pour b\u00e9n\u00e9ficier de la prime v\u00e9lo, il est imp\u00e9ratif de r\u00e9sider sur<strong> l\u2019une des 25 communes du territoire de la Bretagne romantique<\/strong>.<\/span><\/p>\n<h2><b>Quelles sont les conditions d\u2019\u00e9ligibilit\u00e9 pour la prime v\u00e9lo \u00e9lectrique en Bretagne romantique ?\u00a0<\/b><\/h2>\n<p><span style=\"font-weight: 400;\">Pour b\u00e9n\u00e9ficier de cette aide, il y a plusieurs conditions d\u2019\u00e9ligibilit\u00e9 \u00e0 respecter :\u00a0<\/span><\/p>\n<ul>\n<li style=\"font-weight: 400;\" aria-level=\"1\"><span style=\"font-weight: 400;\">Le v\u00e9lo \u00e0 assistance \u00e9lectrique (VAE) \u00e9ligible doit \u00eatre neuf,\u00a0<\/span><\/li>\n<li style=\"font-weight: 400;\" aria-level=\"1\"><span style=\"font-weight: 400;\">exclure l&rsquo;utilisation de batterie au plomb,\u00a0<\/span><\/li>\n<li style=\"font-weight: 400;\" aria-level=\"1\"><span style=\"font-weight: 400;\">ne pas \u00eatre c\u00e9d\u00e9 par l&rsquo;acheteur dans l&rsquo;ann\u00e9e suivant son acquisition.<\/span><\/li>\n<li style=\"font-weight: 400;\" aria-level=\"1\"><span style=\"font-weight: 400;\">\u00a0Les b\u00e9n\u00e9ficiaires potentiels sont des individus majeurs, et les entit\u00e9s juridiques ne sont pas admissibles au programme.\u00a0<\/span><\/li>\n<li style=\"font-weight: 400;\" aria-level=\"1\"><span style=\"font-weight: 400;\">Chaque demandeur peut uniquement b\u00e9n\u00e9ficier de l&rsquo;aide une fois, limit\u00e9e \u00e0 un soutien par foyer.\u00a0<\/span><\/li>\n<li style=\"font-weight: 400;\" aria-level=\"1\"><span style=\"font-weight: 400;\">Le requ\u00e9rant doit d\u00e9montrer l&rsquo;absence totale de cotisation d&rsquo;imp\u00f4t sur le revenu l&rsquo;ann\u00e9e pr\u00e9c\u00e9dant l&rsquo;achat du v\u00e9lo et doit r\u00e9sider principalement dans l&rsquo;une des 25 communes de la Communaut\u00e9 de Communes Bretagne romantique.<\/span><\/li>\n<li style=\"font-weight: 400;\" aria-level=\"1\"><span style=\"font-weight: 400;\">La demande d&rsquo;aide doit \u00eatre soumise dans les 6 mois suivant la date de facturation du v\u00e9lo.<\/span><\/li>\n<\/ul>\n<h2><b>Modalit\u00e9s et versement<\/b><\/h2>\n<p><span style=\"font-weight: 400;\">La Communaut\u00e9 de communes Bretagne romantique offre une subvention de 100 \u20ac, \u00e0 laquelle s&rsquo;ajoute une aide de l&rsquo;\u00c9tat du m\u00eame montant, totalisant ainsi une assistance financi\u00e8re pouvant atteindre 200 \u20ac. Cependant, la somme totale des deux aides ne peut exc\u00e9der le montant le plus bas parmi les deux crit\u00e8res suivants : 20 % du co\u00fbt d&rsquo;achat du v\u00e9lo \u00e0 assistance \u00e9lectrique, toutes taxes comprises, hors options et accessoires, ou 200 euros.<\/span><\/p>\n<p><span style=\"font-weight: 400;\">Il est n\u00e9cessaire de remplir int\u00e9gralement le formulaire, de l&rsquo;imprimer, de le signer, puis de l&rsquo;envoyer, accompagn\u00e9 des pi\u00e8ces justificatives :<\/span><\/p>\n<p><span style=\"font-weight: 400;\">\u00a0Par voie postale \u00e0 l&rsquo;adresse suivante : Communaut\u00e9 de communes Bretagne romantique Service Environnement \u2013 Mobilit\u00e9 22 rue des Coteaux 35190 LA CHAPELLE AUX FILTZMEENS<\/span><\/p>\n<p><span style=\"font-weight: 400;\">Par courriel \u00e0 l&rsquo;adresse : <\/span><span style=\"font-weight: 400;\">accueil@bretagneromantique.fr<\/span><\/p>\n<p>&nbsp;<\/p>\n<div class='cta-block'><div class='text'>Simulez toutes vos Aides en 2 min.<\/div><a href='https:\/\/www.mes-allocs.fr\/ab-app?origin=guides\/wp-json\/wp\/v2\/posts\/74086' class='app-button fit'>Simulation gratuite<\/a><\/div>\n","protected":false},"excerpt":{"rendered":"<p>De nombreuses r\u00e9gions soutiennent les citoyens dans leur achat de v\u00e9lo \u00e9lectrique. La r\u00e9gion Bretagne ne propose pas de subvention \u00e0 l&rsquo;achat d&rsquo;un v\u00e9lo \u00e9lectrique, mais il existe des aides v\u00e9lo \u00e9lectrique en Bretagne. C&rsquo;est le cas par exemple dans l&rsquo;agglom\u00e9ration de Lorient. Aide \u00e0 l\u2019achat d\u2019un v\u00e9lo \u00e9lectrique en Bretagne\u00a0 La r\u00e9gion Bretagne ne [&hellip;]<\/p>\n","protected":false},"author":27,"featured_media":74089,"comment_status":"closed","ping_status":"open","sticky":false,"template":"","format":"standard","meta":{"amp_status":"","footnotes":""},"categories":[43598,13817],"tags":[],"class_list":["post-74086","post","type-post","status-publish","format-standard","has-post-thumbnail","hentry","category-aide-velo-electrique","category-aide-velo-region"],"yoast_head":"<!-- This site is optimized with the Yoast SEO plugin v14.9 - https:\/\/yoast.com\/wordpress\/plugins\/seo\/ -->\n<title>Aide v\u00e9lo \u00e9lectrique bretagne : conditions, montants, d\u00e9marches<\/title>\n<meta name=\"description\" content=\"Vous habitez en Bretagne et avez pour projet d\u2019acqu\u00e9rir un v\u00e9lo \u00e9lectrique ? Sachez que plusieurs aides sont disponibles pour vous aider.\" \/>\n<meta name=\"robots\" content=\"index, follow, max-snippet:-1, max-image-preview:large, max-video-preview:-1\" \/>\n<link rel=\"canonical\" href=\"https:\/\/www.mes-allocs.fr\/guides\/aide-velo-electrique\/aide-velo-region\/aide-velo-electrique-bretagne\/\" \/>\n<meta property=\"og:locale\" content=\"fr_FR\" \/>\n<meta property=\"og:type\" content=\"article\" \/>\n<meta property=\"og:title\" content=\"Aide v\u00e9lo \u00e9lectrique bretagne : conditions, montants, d\u00e9marches\" \/>\n<meta property=\"og:description\" content=\"Vous habitez en Bretagne et avez pour projet d\u2019acqu\u00e9rir un v\u00e9lo \u00e9lectrique ? Sachez que plusieurs aides sont disponibles pour vous aider.\" \/>\n<meta property=\"og:url\" content=\"https:\/\/www.mes-allocs.fr\/guides\/aide-velo-electrique\/aide-velo-region\/aide-velo-electrique-bretagne\/\" \/>\n<meta property=\"og:site_name\" content=\"Mes-Allocs.fr\" \/>\n<meta property=\"article:published_time\" content=\"2024-01-31T13:26:00+00:00\" \/>\n<meta property=\"article:modified_time\" content=\"2025-02-18T14:32:46+00:00\" \/>\n<meta property=\"og:image\" content=\"https:\/\/www.mes-allocs.fr\/guides\/wp-content\/uploads\/2024\/01\/modern-802751_1280.jpg?wsr\" \/>\n\t<meta property=\"og:image:width\" content=\"1280\" \/>\n\t<meta property=\"og:image:height\" content=\"853\" \/>\n<meta name=\"twitter:card\" content=\"summary_large_image\" \/>\n<script type=\"application\/ld+json\" class=\"yoast-schema-graph\">{\"@context\":\"https:\/\/schema.org\",\"@graph\":[{\"@type\":\"WebSite\",\"@id\":\"https:\/\/www.mes-allocs.fr\/guides\/#website\",\"url\":\"https:\/\/www.mes-allocs.fr\/guides\/\",\"name\":\"Mes-Allocs.fr\",\"description\":\"\",\"potentialAction\":[{\"@type\":\"SearchAction\",\"target\":\"https:\/\/www.mes-allocs.fr\/guides\/?s={search_term_string}\",\"query-input\":\"required name=search_term_string\"}],\"inLanguage\":\"fr-FR\"},{\"@type\":\"ImageObject\",\"@id\":\"https:\/\/www.mes-allocs.fr\/guides\/aide-velo-electrique\/aide-velo-region\/aide-velo-electrique-bretagne\/#primaryimage\",\"inLanguage\":\"fr-FR\",\"url\":\"https:\/\/www.mes-allocs.fr\/guides\/wp-content\/uploads\/2024\/01\/modern-802751_1280.jpg?wsr\",\"width\":1280,\"height\":853,\"caption\":\"aide v\\u00e9lo \\u00e9lectrique bretagne\"},{\"@type\":\"WebPage\",\"@id\":\"https:\/\/www.mes-allocs.fr\/guides\/aide-velo-electrique\/aide-velo-region\/aide-velo-electrique-bretagne\/#webpage\",\"url\":\"https:\/\/www.mes-allocs.fr\/guides\/aide-velo-electrique\/aide-velo-region\/aide-velo-electrique-bretagne\/\",\"name\":\"Aide v\\u00e9lo \\u00e9lectrique bretagne : conditions, montants, d\\u00e9marches\",\"isPartOf\":{\"@id\":\"https:\/\/www.mes-allocs.fr\/guides\/#website\"},\"primaryImageOfPage\":{\"@id\":\"https:\/\/www.mes-allocs.fr\/guides\/aide-velo-electrique\/aide-velo-region\/aide-velo-electrique-bretagne\/#primaryimage\"},\"datePublished\":\"2024-01-31T13:26:00+00:00\",\"dateModified\":\"2025-02-18T14:32:46+00:00\",\"author\":{\"@id\":\"https:\/\/www.mes-allocs.fr\/guides\/#\/schema\/person\/7a9b61e7b715d477066a9f941c0440c7\"},\"description\":\"Vous habitez en Bretagne et avez pour projet d\\u2019acqu\\u00e9rir un v\\u00e9lo \\u00e9lectrique ? Sachez que plusieurs aides sont disponibles pour vous aider.\",\"inLanguage\":\"fr-FR\"},{\"@type\":\"Person\",\"@id\":\"https:\/\/www.mes-allocs.fr\/guides\/#\/schema\/person\/7a9b61e7b715d477066a9f941c0440c7\",\"name\":\"L\\u00e9o Martin\",\"image\":{\"@type\":\"ImageObject\",\"@id\":\"https:\/\/www.mes-allocs.fr\/guides\/#personlogo\",\"inLanguage\":\"fr-FR\",\"url\":\"https:\/\/www.mes-allocs.fr\/guides\/wp-content\/uploads\/2023\/12\/1635317753781-e1701432075572-150x150.jpg\",\"caption\":\"L\\u00e9o Martin\"},\"description\":\"L\\u00e9o est r\\u00e9dacteur au sein de l'\\u00e9quipe Mes Allocs, sp\\u00e9cialis\\u00e9 sur les th\\u00e9matiques pouvoir d'achat et aides. Il rejoint Mes Allocs apr\\u00e8s une premi\\u00e8re exp\\u00e9rience en tant que journaliste chez La Gazette Cagnoise et Nice Presse.\",\"sameAs\":[\"https:\/\/www.linkedin.com\/in\/lo-martin-3429bb224\"]}]}<\/script>\n<!-- \/ Yoast SEO plugin. -->","amp_validity":null,"acf":{"faq":{"1":{"question":"La r\u00e9gion Bretagne propose-t-elle une aide ?","answer":"Non, aucune aide n'est propos\u00e9e par la r\u00e9gion directement. Vous devez vous tourner vers votre d\u00e9partement ou votre commune.\r\n\r\n"},"2":{"question":"Les aides de la Bretagne sont-elles cumulables avec l'aide de l'\u00c9tat ?","answer":"La plupart de ces aides sont cumulables avec l'aide de l'\u00c9tat. Il est pr\u00e9f\u00e9rable de vous tourner vers votre collectivit\u00e9 afin d'en avoir la confirmation.\r\n\r\n"},"3":{"question":"Quel est le montant de l'aide fourni par Lorient agglom\u00e9ration ? ","answer":"Lorient Agglom\u00e9ration lance une initiative novatrice consistant en une aide financi\u00e8re de 100 \u20ac \u00e0 250 \u20ac pour l'achat de v\u00e9los, sans condition de ressources."},"4":{"question":"Quel est le montant de l'aide fourni par la communaut\u00e9 de commune de la Bretagne romantique ? ","answer":"La Communaut\u00e9 de communes propose une subvention de 100 \u20ac pour l'acquisition d'un v\u00e9lo \u00e9lectrique, \u00e0 laquelle s'ajoute une prime de 100 \u20ac du gouvernement.\r\n"},"5":{"question":"Quels sont les modalit\u00e9s de paiement ? ","answer":"La somme totale des deux aides ne peut exc\u00e9der le montant le plus bas parmi les deux crit\u00e8res suivants : 20 % du co\u00fbt d'achat du v\u00e9lo \u00e0 assistance \u00e9lectrique, toutes taxes comprises, hors options et accessoires, ou 200 euros.\r\n"},"6":{"question":"","answer":""},"7":{"question":"","answer":""},"8":{"question":"","answer":""},"9":{"question":"","answer":""},"10":{"question":"","answer":""},"11":{"question":"","answer":""},"12":{"question":"","answer":""},"13":{"question":"","answer":""},"14":{"question":"","answer":""},"15":{"question":"","answer":""},"16":{"question":"","answer":""}}},"_links":{"self":[{"href":"https:\/\/www.mes-allocs.fr\/guides\/wp-json\/wp\/v2\/posts\/74086","targetHints":{"allow":["GET"]}}],"collection":[{"href":"https:\/\/www.mes-allocs.fr\/guides\/wp-json\/wp\/v2\/posts"}],"about":[{"href":"https:\/\/www.mes-allocs.fr\/guides\/wp-json\/wp\/v2\/types\/post"}],"author":[{"embeddable":true,"href":"https:\/\/www.mes-allocs.fr\/guides\/wp-json\/wp\/v2\/users\/27"}],"replies":[{"embeddable":true,"href":"https:\/\/www.mes-allocs.fr\/guides\/wp-json\/wp\/v2\/comments?post=74086"}],"version-history":[{"count":5,"href":"https:\/\/www.mes-allocs.fr\/guides\/wp-json\/wp\/v2\/posts\/74086\/revisions"}],"predecessor-version":[{"id":74736,"href":"https:\/\/www.mes-allocs.fr\/guides\/wp-json\/wp\/v2\/posts\/74086\/revisions\/74736"}],"wp:featuredmedia":[{"embeddable":true,"href":"https:\/\/www.mes-allocs.fr\/guides\/wp-json\/wp\/v2\/media\/74089"}],"wp:attachment":[{"href":"https:\/\/www.mes-allocs.fr\/guides\/wp-json\/wp\/v2\/media?parent=74086"}],"wp:term":[{"taxonomy":"category","embeddable":true,"href":"https:\/\/www.mes-allocs.fr\/guides\/wp-json\/wp\/v2\/categories?post=74086"},{"taxonomy":"post_tag","embeddable":true,"href":"https:\/\/www.mes-allocs.fr\/guides\/wp-json\/wp\/v2\/tags?post=74086"}],"curies":[{"name":"wp","href":"https:\/\/api.w.org\/{rel}","templated":true}]}}