{"id":74001,"date":"2024-02-14T09:46:15","date_gmt":"2024-02-14T07:46:15","guid":{"rendered":"https:\/\/www.mes-allocs.fr\/guides\/?p=74001"},"modified":"2026-04-22T10:55:14","modified_gmt":"2026-04-22T09:55:14","slug":"simulation-cej","status":"publish","type":"post","link":"https:\/\/www.mes-allocs.fr\/guides\/contrat-engagement-jeune\/simulation-cej\/","title":{"rendered":"Simulation CEJ en 2026 : estimez votre montant en 2 min"},"content":{"rendered":"<p><img loading=\"lazy\" decoding=\"async\" class=\"aligncenter size-full wp-image-74005\" title=\"simulation CEJ\" src=\"https:\/\/www.mes-allocs.fr\/guides\/wp-content\/uploads\/2024\/01\/Banner-1-4.png\" alt=\"simulation CEJ\" width=\"1500\" height=\"400\" srcset=\"https:\/\/www.mes-allocs.fr\/guides\/wp-content\/uploads\/2024\/01\/Banner-1-4.png 1500w, https:\/\/www.mes-allocs.fr\/guides\/wp-content\/uploads\/2024\/01\/Banner-1-4-300x80.png 300w, https:\/\/www.mes-allocs.fr\/guides\/wp-content\/uploads\/2024\/01\/Banner-1-4-1024x273.png 1024w, https:\/\/www.mes-allocs.fr\/guides\/wp-content\/uploads\/2024\/01\/Banner-1-4-768x205.png 768w, https:\/\/www.mes-allocs.fr\/guides\/wp-content\/uploads\/2024\/01\/Banner-1-4-600x160.png 600w\" sizes=\"auto, (max-width: 1500px) 100vw, 1500px\" \/><\/p>\n<p><span style=\"vertical-align: inherit;\"><span style=\"vertical-align: inherit;\"><span style=\"vertical-align: inherit;\"><span style=\"vertical-align: inherit;\"><span style=\"vertical-align: inherit;\"><span style=\"vertical-align: inherit;\"><span style=\"vertical-align: inherit;\"><span style=\"vertical-align: inherit;\">[Mis \u00e0 jour le 02\/01\/2026] Le dispositif de <\/span><\/span><\/span><\/span><\/span><\/span><\/span><\/span><a href=\"https:\/\/www.mes-allocs.fr\/guides\/contrat-engagement-jeune\/\"><span style=\"vertical-align: inherit;\"><span style=\"vertical-align: inherit;\"><span style=\"vertical-align: inherit;\"><span style=\"vertical-align: inherit;\"><span style=\"vertical-align: inherit;\"><span style=\"vertical-align: inherit;\"><span style=\"vertical-align: inherit;\"><span style=\"vertical-align: inherit;\">Contrat d&rsquo;Engagement Jeune<\/span><\/span><\/span><\/span><\/span><\/span><\/span><\/span><\/a><span style=\"vertical-align: inherit;\"><span style=\"vertical-align: inherit;\"><span style=\"vertical-align: inherit;\"><span style=\"vertical-align: inherit;\"><span style=\"vertical-align: inherit;\"><span style=\"vertical-align: inherit;\"><span style=\"vertical-align: inherit;\"><span style=\"vertical-align: inherit;\"> vise \u00e0 soutenir les individus \u00e2g\u00e9s de 16 \u00e0 25 ans confront\u00e9s \u00e0 des difficult\u00e9s \u00e9conomiques. <\/span><\/span><\/span><\/span><\/span><\/span><\/span><span style=\"vertical-align: inherit;\"><span style=\"vertical-align: inherit;\"><span style=\"vertical-align: inherit;\"><span style=\"vertical-align: inherit;\"><span style=\"vertical-align: inherit;\"><span style=\"vertical-align: inherit;\"><span style=\"vertical-align: inherit;\">Il propose un encadrement approfondi visant \u00e0 faciliter l&rsquo;acc\u00e8s \u00e0 un emploi durable ou \u00e0 un contrat d&rsquo;apprentissage, tout en pr\u00e9voyant \u00e9galement une allocation financi\u00e8re. Effectuez une simulation CEJ pour estimer le montant de votre allocation.\u00a0<\/span><\/span><\/span><\/span><\/span><\/span><\/span><\/span><\/p>\n<div class='cta-block'><div class='text'>Simulez votre \u00e9ligibilit\u00e9 au CEJ en 2 min. Gratuit.<\/div><a href='https:\/\/www.mes-allocs.fr\/ab-app?origin=guides\/wp-json\/wp\/v2\/posts\/74001' class='app-button fit'>Simulation gratuite<\/a><\/div>\n<h1><span style=\"vertical-align: inherit;\"><span style=\"vertical-align: inherit;\"><span style=\"vertical-align: inherit;\"><span style=\"vertical-align: inherit;\"><span style=\"vertical-align: inherit;\"><span style=\"vertical-align: inherit;\"><span style=\"vertical-align: inherit;\"><span style=\"vertical-align: inherit;\"><span style=\"vertical-align: inherit;\"><span style=\"vertical-align: inherit;\">Simulation de l&rsquo;allocation CEJ 2026<\/span><\/span><\/span><\/span><\/span><\/span><\/span><\/span><\/span><\/span><span style=\"vertical-align: inherit;\"><span style=\"vertical-align: inherit;\"><span style=\"vertical-align: inherit;\"><span style=\"vertical-align: inherit;\"><span style=\"vertical-align: inherit;\"><span style=\"vertical-align: inherit;\"><span style=\"vertical-align: inherit;\"><span style=\"vertical-align: inherit;\"><span style=\"vertical-align: inherit;\"><span style=\"vertical-align: inherit;\">\u00a0: obtenez une estimation de vos droits<\/span><\/span><\/span><\/span><\/span><\/span><\/span><\/span><\/span><\/span><\/h1>\n<h2><strong><span style=\"vertical-align: inherit;\"><span style=\"vertical-align: inherit;\"><span style=\"vertical-align: inherit;\"><span style=\"vertical-align: inherit;\"><span style=\"vertical-align: inherit;\"><span style=\"vertical-align: inherit;\"><span style=\"vertical-align: inherit;\"><span style=\"vertical-align: inherit;\"><span style=\"vertical-align: inherit;\"><span style=\"vertical-align: inherit;\">Simulation CEJ : comment \u00e7a marche ?<\/span><\/span><\/span><\/span><\/span><\/span><\/span><\/span><\/span><\/span><\/strong><\/h2>\n<p><span style=\"vertical-align: inherit;\"><span style=\"vertical-align: inherit;\"><span style=\"vertical-align: inherit;\"><span style=\"vertical-align: inherit;\">D\u00e9couvrez \u00e0 quel point il est facile et rapide d&rsquo;obtenir une\u00a0 <\/span><\/span><\/span><\/span><span style=\"vertical-align: inherit;\"><span style=\"vertical-align: inherit;\"><span style=\"vertical-align: inherit;\"><span style=\"vertical-align: inherit;\"><span style=\"vertical-align: inherit;\"><span style=\"vertical-align: inherit;\"><span style=\"vertical-align: inherit;\"><span style=\"vertical-align: inherit;\">simulation<\/span><\/span><\/span><\/span><\/span><\/span><\/span><\/span><span style=\"vertical-align: inherit;\"><span style=\"vertical-align: inherit;\"><span style=\"vertical-align: inherit;\"><span style=\"vertical-align: inherit;\"> d\u00e9taill\u00e9e de votre <a href=\"https:\/\/www.mes-allocs.fr\/guides\/contrat-engagement-jeune\/allocation-cej\/\"><strong>Allocation CEJ<\/strong><\/a> en moins de deux minutes gr\u00e2ce \u00e0 notre simulateur gratuit d\u00e9di\u00e9. <\/span><\/span><\/span><span style=\"vertical-align: inherit;\"><span style=\"vertical-align: inherit;\"><span style=\"vertical-align: inherit;\">Il vous suffit de fournir quelques d\u00e9tails sur votre situation personnelle pour b\u00e9n\u00e9ficier de cette estimation personnalis\u00e9e.<\/span><\/span><\/span><\/span><\/p>\n<p><span style=\"vertical-align: inherit;\"><span style=\"vertical-align: inherit;\"><span style=\"vertical-align: inherit;\"><span style=\"vertical-align: inherit;\">L&rsquo;approche est simplifi\u00e9e : indiquez votre \u00e2ge, votre nationalit\u00e9 et votre profession actuelle. <\/span><\/span><\/span><span style=\"vertical-align: inherit;\"><span style=\"vertical-align: inherit;\"><span style=\"vertical-align: inherit;\">Selon votre activit\u00e9 professionnelle, quelques informations suppl\u00e9mentaires pourraient \u00eatre n\u00e9cessaires. <\/span><\/span><\/span><span style=\"vertical-align: inherit;\"><span style=\"vertical-align: inherit;\"><span style=\"vertical-align: inherit;\">Ensuite, compl\u00e9tez les d\u00e9tails relatifs \u00e0 votre situation familiale.<\/span><\/span><\/span><\/span><\/p>\n<p><span style=\"vertical-align: inherit;\"><span style=\"vertical-align: inherit;\"><span style=\"vertical-align: inherit;\"><span style=\"vertical-align: inherit;\">La prise en compte de votre situation familiale est cruciale pour vous offrir une estimation des plus pr\u00e9cises. <\/span><\/span><\/span><span style=\"vertical-align: inherit;\"><span style=\"vertical-align: inherit;\"><span style=\"vertical-align: inherit;\">De surcro\u00eet, si vous partagez votre vie avec un conjoint ou avez des enfants, il est important de noter que ceux-ci pourraient \u00e9galement \u00eatre \u00e9ligibles \u00e0 des aides financi\u00e8res. <\/span><\/span><\/span><span style=\"vertical-align: inherit;\"><span style=\"vertical-align: inherit;\"><span style=\"vertical-align: inherit;\">Le simulateur tient compte de ces nuances pour vous fournir une vision compl\u00e8te de votre droit \u00e0 l&rsquo;Allocation CEJ.<\/span><\/span><\/span><\/span><\/p>\n<h2><strong><span style=\"vertical-align: inherit;\"><span style=\"vertical-align: inherit;\"><span style=\"vertical-align: inherit;\"><span style=\"vertical-align: inherit;\"><span style=\"vertical-align: inherit;\"><span style=\"vertical-align: inherit;\"><span style=\"vertical-align: inherit;\"><span style=\"vertical-align: inherit;\"><span style=\"vertical-align: inherit;\"><span style=\"vertical-align: inherit;\">Quelles sont les conditions \u00e0 respecter pour percevoir l&rsquo;allocation CEJ en 2026 ?<\/span><\/span><\/span><\/span><\/span><\/span><\/span><\/span><\/span><\/span><\/strong><\/h2>\n<p><span style=\"vertical-align: inherit;\"><span style=\"vertical-align: inherit;\"><span style=\"vertical-align: inherit;\"><span style=\"vertical-align: inherit;\"><span style=\"vertical-align: inherit;\"><span style=\"vertical-align: inherit;\"><span style=\"vertical-align: inherit;\"><span style=\"vertical-align: inherit;\">Les crit\u00e8res suivants doivent \u00eatre respect\u00e9s pour \u00eatre \u00e9ligibles \u00e0 l&rsquo;attribution de l&rsquo;allocation CEJ :<\/span><\/span><\/span><\/span><\/span><\/span><\/span><\/span><\/p>\n<ul>\n<li>Avoir entre 16 et 25 ans inclus, ou entre 16 et 29 ans inclus si vous \u00eates reconnu travailleur handicap\u00e9\n<ul>\n<li><span style=\"vertical-align: inherit;\"><span style=\"vertical-align: inherit;\"><span style=\"vertical-align: inherit;\"><span style=\"vertical-align: inherit;\">Exemple : Un individu de 27 ans, en situation de handicap, peut \u00eatre \u00e9ligible \u00e0 l&rsquo;Allocation CEJ en raison de son handicap, m\u00eame s&rsquo;il d\u00e9passe la limite d&rsquo;\u00e2ge standard de 25 ans.<\/span><\/span><\/span><\/span><\/li>\n<\/ul>\n<\/li>\n<li><span style=\"vertical-align: inherit;\"><span style=\"vertical-align: inherit;\"><span style=\"vertical-align: inherit;\"><span style=\"vertical-align: inherit;\"><span style=\"vertical-align: inherit;\"><span style=\"vertical-align: inherit;\"><span style=\"vertical-align: inherit;\"><span style=\"vertical-align: inherit;\">Ne pas \u00eatre engag\u00e9(e) dans des \u00e9tudes ou une formation<\/span><\/span><\/span><\/span><\/span><\/span><\/span><\/span>\n<ul>\n<li><span style=\"vertical-align: inherit;\"><span style=\"vertical-align: inherit;\"><span style=\"vertical-align: inherit;\"><span style=\"vertical-align: inherit;\">Exemple : Un jeune de 20 ans qui a d\u00e9cid\u00e9 de ne pas poursuivre ses \u00e9tudes apr\u00e8s le lyc\u00e9e et qui n&rsquo;est pas actuellement inscrit dans une formation professionnelle peut \u00eatre admissible \u00e0 l&rsquo;Allocation CEJ.<\/span><\/span><\/span><\/span><\/li>\n<\/ul>\n<\/li>\n<li>\u00catre accompagn\u00e9(e) par France Travail ou une mission locale dans le cadre d\u2019un CEJ<\/li>\n<li><span style=\"vertical-align: inherit;\"><span style=\"vertical-align: inherit;\"><span style=\"vertical-align: inherit;\"><span style=\"vertical-align: inherit;\"><span style=\"vertical-align: inherit;\"><span style=\"vertical-align: inherit;\"><span style=\"vertical-align: inherit;\"><span style=\"vertical-align: inherit;\">\u00catre sans emploi ou occuper un emploi pr\u00e9caire<\/span><\/span><\/span><\/span><\/span><\/span><\/span><\/span>\n<ul>\n<li><span style=\"vertical-align: inherit;\"><span style=\"vertical-align: inherit;\"><span style=\"vertical-align: inherit;\"><span style=\"vertical-align: inherit;\">Exemple : Une personne de 24 ans qui est inscrite comme demandeur d&#8217;emploi aupr\u00e8s de France Travail et occupe un emploi pr\u00e9caire peut remplir les conditions n\u00e9cessaires pour b\u00e9n\u00e9ficier de l&rsquo;Allocation CEJ.<\/span><\/span><\/span><\/span><\/li>\n<\/ul>\n<\/li>\n<li><span style=\"vertical-align: inherit;\"><span style=\"vertical-align: inherit;\"><span style=\"vertical-align: inherit;\"><span style=\"vertical-align: inherit;\"><span style=\"vertical-align: inherit;\"><span style=\"vertical-align: inherit;\"><span style=\"vertical-align: inherit;\"><span style=\"vertical-align: inherit;\">Avoir un quotient familial inf\u00e9rieur \u00e0 la premi\u00e8re tranche d&rsquo;imposition (fix\u00e9e \u00e0 29 315 \u20ac depuis le\u00a0 1er avril 2025)<\/span><\/span><\/span><\/span><\/span><\/span><\/span><\/span>\n<ul>\n<li><span style=\"vertical-align: inherit;\"><span style=\"vertical-align: inherit;\"><span style=\"vertical-align: inherit;\"><span style=\"vertical-align: inherit;\">Exemple : Une famille compos\u00e9e d&rsquo;un jeune de 22 ans sans emploi, dont le quotient familial est inf\u00e9rieur \u00e0 29 315 \u20ac en 2026, peut \u00eatre \u00e9ligible \u00e0 l&rsquo;Allocation CEJ, pourvu que les autres crit\u00e8res soient \u00e9galement respect\u00e9s.<\/span><\/span><\/span><\/span><\/li>\n<\/ul>\n<\/li>\n<\/ul>\n<p><iframe loading=\"lazy\" title=\"Le Contrat d&#039;Engagement Jeune (CEJ)\" width=\"500\" height=\"375\" src=\"https:\/\/www.youtube.com\/embed\/f_Hf5LBMHeQ?feature=oembed\" frameborder=\"0\" allow=\"accelerometer; autoplay; clipboard-write; encrypted-media; gyroscope; picture-in-picture; web-share\" referrerpolicy=\"strict-origin-when-cross-origin\" allowfullscreen><\/iframe><\/p>\n<h1><span style=\"vertical-align: inherit;\"><span style=\"vertical-align: inherit;\"><span style=\"vertical-align: inherit;\"><span style=\"vertical-align: inherit;\"><span style=\"vertical-align: inherit;\"><span style=\"vertical-align: inherit;\"><span style=\"vertical-align: inherit;\"><span style=\"vertical-align: inherit;\"><span style=\"vertical-align: inherit;\"><span style=\"vertical-align: inherit;\">Quelles sont les \u00e9tapes pour r\u00e9aliser une simulation d&rsquo;allocation CEJ en 2026 ?<\/span><\/span><\/span><\/span><\/span><\/span><\/span><\/span><\/span><\/span><\/h1>\n<h2><span style=\"vertical-align: inherit;\"><span style=\"vertical-align: inherit;\"><span style=\"vertical-align: inherit;\"><span style=\"vertical-align: inherit;\"><span style=\"vertical-align: inherit;\"><span style=\"vertical-align: inherit;\"><span style=\"vertical-align: inherit;\"><span style=\"vertical-align: inherit;\"><span style=\"vertical-align: inherit;\"><span style=\"vertical-align: inherit;\">Acc\u00e9der au simulateur en ligne propos\u00e9 par Mes Allocs<\/span><\/span><\/span><\/span><\/span><\/span><\/span><\/span><\/span><\/span><\/h2>\n<p><span style=\"vertical-align: inherit;\"><span style=\"vertical-align: inherit;\"><span style=\"vertical-align: inherit;\"><span style=\"vertical-align: inherit;\"><span style=\"vertical-align: inherit;\"><span style=\"vertical-align: inherit;\">Le <strong>calcul de l&rsquo;allocation CEJ<\/strong> se fait sur notre simulateur en ligne, via notre plateforme Mes Allocs.<\/span><\/span><\/span><\/span><\/span><\/span><\/p>\n<p><span style=\"vertical-align: inherit;\"><span style=\"vertical-align: inherit;\"><span style=\"vertical-align: inherit;\"><span style=\"vertical-align: inherit;\"><span style=\"vertical-align: inherit;\"><span style=\"vertical-align: inherit;\">Notre<strong> simulateur interactif<\/strong> a \u00e9t\u00e9 sp\u00e9cialement con\u00e7u pour vous offrir une exp\u00e9rience simple et rapide lors de la simulation de vos aides. <\/span><\/span><\/span><\/span><\/span><span style=\"vertical-align: inherit;\"><span style=\"vertical-align: inherit;\"><span style=\"vertical-align: inherit;\"><span style=\"vertical-align: inherit;\"><span style=\"vertical-align: inherit;\">En optant pour Mes Allocs, vous b\u00e9n\u00e9ficiez d&rsquo;une solution intuitive qui simplifie le processus complexe de calcul des allocations.<\/span><\/span><\/span><\/span><\/span><\/span><\/p>\n<p><span style=\"vertical-align: inherit;\"><span style=\"vertical-align: inherit;\"><span style=\"vertical-align: inherit;\"><span style=\"vertical-align: inherit;\"><span style=\"vertical-align: inherit;\"><span style=\"vertical-align: inherit;\">L&rsquo;avantage significatif r\u00e9side dans le gain de temps consid\u00e9rable qu&rsquo;offre Mes Allocs. <\/span><\/span><\/span><\/span><\/span><span style=\"vertical-align: inherit;\"><span style=\"vertical-align: inherit;\"><span style=\"vertical-align: inherit;\"><span style=\"vertical-align: inherit;\"><span style=\"vertical-align: inherit;\">En quelques minutes seulement, vous savez si vous remplissez les <a href=\"https:\/\/www.mes-allocs.fr\/guides\/contrat-engagement-jeune\/conditions-cej\/\">conditions d&rsquo;attribution de l&rsquo;allocation CEJ<\/a> et vous obtenez le cas \u00e9ch\u00e9ant une estimation pr\u00e9cise de votre allocation. <\/span><\/span><\/span><\/span><\/span><span style=\"vertical-align: inherit;\"><span style=\"vertical-align: inherit;\"><span style=\"vertical-align: inherit;\"><span style=\"vertical-align: inherit;\"><span style=\"vertical-align: inherit;\">La simplicit\u00e9 d&rsquo;utilisation et l&rsquo;intuitivit\u00e9 du simulateur vous permettent de comprendre facilement les r\u00e9sultats obtenus, vous guidant tout au long du processus sans traces ni confusion.<\/span><\/span><\/span><\/span><\/span><\/span><\/p>\n<h2><span style=\"vertical-align: inherit;\"><span style=\"vertical-align: inherit;\"><span style=\"vertical-align: inherit;\"><span style=\"vertical-align: inherit;\"><span style=\"vertical-align: inherit;\"><span style=\"vertical-align: inherit;\"><span style=\"vertical-align: inherit;\"><span style=\"vertical-align: inherit;\"><span style=\"vertical-align: inherit;\"><span style=\"vertical-align: inherit;\">Renseigner vos informations personnelles, familiales et professionnelles<\/span><\/span><\/span><\/span><\/span><\/span><\/span><\/span><\/span><\/span><\/h2>\n<p><span style=\"vertical-align: inherit;\"><span style=\"vertical-align: inherit;\"><span style=\"vertical-align: inherit;\"><span style=\"vertical-align: inherit;\"><span style=\"vertical-align: inherit;\"><span style=\"vertical-align: inherit;\">La simulation CEJ garantit une fiabilit\u00e9 des renseignements fournis et joue un r\u00f4le essentiel dans l&rsquo;obtention d&rsquo;une estimation pr\u00e9cise des droits \u00e0 l&rsquo;attribution CEJ. <\/span><\/span><\/span><\/span><\/span><span style=\"vertical-align: inherit;\"><span style=\"vertical-align: inherit;\"><span style=\"vertical-align: inherit;\"><span style=\"vertical-align: inherit;\"><span style=\"vertical-align: inherit;\">Mes Allocs, gr\u00e2ce \u00e0 son interface conviviale, vous permet de saisir avec facilit\u00e9 des d\u00e9tails cruciaux tels que votre \u00e2ge, votre nationalit\u00e9, votre statut familial, vos revenus, et d&rsquo;autres aspects li\u00e9s \u00e0 votre activit\u00e9 professionnelle.<\/span><\/span><\/span><\/span><\/span><\/span><\/p>\n<p><span style=\"vertical-align: inherit;\"><span style=\"vertical-align: inherit;\"><span style=\"vertical-align: inherit;\"><span style=\"vertical-align: inherit;\"><span style=\"vertical-align: inherit;\"><span style=\"vertical-align: inherit;\">La souplesse de Mes Allocs se manifeste particuli\u00e8rement lors de changements dans votre situation familiale ou professionnelle. <\/span><\/span><\/span><\/span><\/span><span style=\"vertical-align: inherit;\"><span style=\"vertical-align: inherit;\"><span style=\"vertical-align: inherit;\"><span style=\"vertical-align: inherit;\"><span style=\"vertical-align: inherit;\">En mettant \u00e0 jour les donn\u00e9es pertinentes, vous garantissez une \u00e9valuation constamment pr\u00e9cise de votre droit \u00e0 l&rsquo;Allocation CEJ, tenant compte des fluctuations naturelles de votre vie quotidienne.<\/span><\/span><\/span><\/span><\/span><\/span><\/p>\n<h2><span style=\"vertical-align: inherit;\"><span style=\"vertical-align: inherit;\"><span style=\"vertical-align: inherit;\"><span style=\"vertical-align: inherit;\"><span style=\"vertical-align: inherit;\"><span style=\"vertical-align: inherit;\"><span style=\"vertical-align: inherit;\"><span style=\"vertical-align: inherit;\"><span style=\"vertical-align: inherit;\"><span style=\"vertical-align: inherit;\">Interpr\u00e9ter les r\u00e9sultats et comprendre les droits estim\u00e9s<\/span><\/span><\/span><\/span><\/span><\/span><\/span><\/span><\/span><\/span><\/h2>\n<p><span style=\"vertical-align: inherit;\"><span style=\"vertical-align: inherit;\"><span style=\"vertical-align: inherit;\"><span style=\"vertical-align: inherit;\"><span style=\"vertical-align: inherit;\"><span style=\"vertical-align: inherit;\">Une fois que vous avez renseign\u00e9 les informations n\u00e9cessaires, notre simulateur g\u00e9n\u00e8re des r\u00e9sultats d\u00e9taill\u00e9s, mettant en lumi\u00e8re le <a href=\"https:\/\/www.mes-allocs.fr\/guides\/contrat-engagement-jeune\/montant-cej\/\">montant de l&rsquo;allocation CEJ<\/a> disponible selon votre profil. <\/span><\/span><\/span><\/span><\/span><span style=\"vertical-align: inherit;\"><span style=\"vertical-align: inherit;\"><span style=\"vertical-align: inherit;\"><span style=\"vertical-align: inherit;\"><span style=\"vertical-align: inherit;\">Ce simulateur offre non seulement des donn\u00e9es pr\u00e9cises mais vous accompagne \u00e9galement dans la compr\u00e9hension des r\u00e9sultats. <\/span><\/span><\/span><\/span><\/span><span style=\"vertical-align: inherit;\"><span style=\"vertical-align: inherit;\"><span style=\"vertical-align: inherit;\"><span style=\"vertical-align: inherit;\"><span style=\"vertical-align: inherit;\">En mettant en avant une interpr\u00e9tation claire, Mes Allocs vous permet de planifier vos finances avec une meilleure anticipation des ajustements \u00e9ventuellement n\u00e9cessaires.<\/span><\/span><\/span><\/span><\/span><\/span><\/p>\n<p><span style=\"vertical-align: inherit;\"><span style=\"vertical-align: inherit;\"><span style=\"vertical-align: inherit;\"><span style=\"vertical-align: inherit;\"><span style=\"vertical-align: inherit;\"><span style=\"vertical-align: inherit;\">Mes Allocs propose un simulateur enti\u00e8rement <strong>gratuit<\/strong>, recensant plus de 1800 aides au niveau national, r\u00e9gional et local. <\/span><\/span><\/span><\/span><\/span><span style=\"vertical-align: inherit;\"><span style=\"vertical-align: inherit;\"><span style=\"vertical-align: inherit;\"><span style=\"vertical-align: inherit;\"><span style=\"vertical-align: inherit;\">Apr\u00e8s la simulation, vous avez la possibilit\u00e9 de b\u00e9n\u00e9ficier de l&rsquo;assistance des experts de Mes Allocs pour simplifier vos demandes d&rsquo;aides. <\/span><\/span><\/span><\/span><\/span><span style=\"vertical-align: inherit;\"><span style=\"vertical-align: inherit;\"><span style=\"vertical-align: inherit;\"><span style=\"vertical-align: inherit;\"><span style=\"vertical-align: inherit;\">Cette d\u00e9marche vise \u00e0 <strong>r\u00e9duire vos d\u00e9penses quotidiennes<\/strong> li\u00e9es \u00e0 des \u00e9l\u00e9ments tels que l&rsquo;\u00e9lectricit\u00e9, le gaz, internet, le t\u00e9l\u00e9phone, les assurances et m\u00eame vos mensualit\u00e9s de cr\u00e9dit.<\/span><\/span><\/span><\/span><\/span><\/span><\/p>\n<div class='cta-block'><div class='text'>Simulez votre \u00e9ligibilit\u00e9 au CEJ en 2 min. Gratuit.<\/div><a href='https:\/\/www.mes-allocs.fr\/ab-app?origin=guides\/wp-json\/wp\/v2\/posts\/74001' class='app-button fit'>Simulation gratuite<\/a><\/div>\n<h1><strong><span style=\"vertical-align: inherit;\"><span style=\"vertical-align: inherit;\"><span style=\"vertical-align: inherit;\"><span style=\"vertical-align: inherit;\"><span style=\"vertical-align: inherit;\"><span style=\"vertical-align: inherit;\"><span style=\"vertical-align: inherit;\"><span style=\"vertical-align: inherit;\"><span style=\"vertical-align: inherit;\"><span style=\"vertical-align: inherit;\">L&rsquo;allocation CEJ est-elle cumulable ?<\/span><\/span><\/span><\/span><\/span><\/span><\/span><\/span><\/span><\/span><\/strong><\/h1>\n<h2><span style=\"vertical-align: inherit;\"><span style=\"vertical-align: inherit;\"><span style=\"vertical-align: inherit;\"><span style=\"vertical-align: inherit;\"><span style=\"vertical-align: inherit;\"><span style=\"vertical-align: inherit;\"><span style=\"vertical-align: inherit;\"><span style=\"vertical-align: inherit;\">Ressources cumulables avec l&rsquo;allocation CEJ<\/span><\/span><\/span><\/span><\/span><\/span><\/span><\/span><\/h2>\n<p><span style=\"vertical-align: inherit;\"><span style=\"vertical-align: inherit;\"><span style=\"vertical-align: inherit;\"><span style=\"vertical-align: inherit;\"><span style=\"vertical-align: inherit;\"><span style=\"vertical-align: inherit;\">L&rsquo;allocation CEJ est <a href=\"https:\/\/www.mes-allocs.fr\/guides\/contrat-engagement-jeune\/contrat-engagement-jeune-cumulable\/\">cumulable<\/a> avec diverses allocations et aides, notamment :<\/span><\/span><\/span><\/span><\/span><\/span><\/p>\n<ul>\n<li><span style=\"vertical-align: inherit;\"><span style=\"vertical-align: inherit;\"><span style=\"vertical-align: inherit;\"><span style=\"vertical-align: inherit;\"><span style=\"vertical-align: inherit;\"><span style=\"vertical-align: inherit;\">Allocation aux Adultes Handicap\u00e9s (<\/span><\/span><\/span><\/span><\/span><\/span><span style=\"vertical-align: inherit;\"><span style=\"vertical-align: inherit;\"><span style=\"vertical-align: inherit;\"><span style=\"vertical-align: inherit;\"><span style=\"vertical-align: inherit;\"><span style=\"vertical-align: inherit;\">AAH<\/span><\/span><\/span><\/span><\/span><\/span><span style=\"vertical-align: inherit;\"><span style=\"vertical-align: inherit;\"><span style=\"vertical-align: inherit;\"><span style=\"vertical-align: inherit;\"><span style=\"vertical-align: inherit;\"><span style=\"vertical-align: inherit;\">)<\/span><\/span><\/span><\/span><\/span><\/span><\/li>\n<li><span style=\"vertical-align: inherit;\"><span style=\"vertical-align: inherit;\"><span style=\"vertical-align: inherit;\"><span style=\"vertical-align: inherit;\"><span style=\"vertical-align: inherit;\"><span style=\"vertical-align: inherit;\">Allocation d&rsquo;Aide au Retour \u00e0 l&rsquo;Emploi (ARE)<\/span><\/span><\/span><\/span><\/span><\/span><\/li>\n<li><span style=\"vertical-align: inherit;\"><span style=\"vertical-align: inherit;\"><span style=\"vertical-align: inherit;\"><span style=\"vertical-align: inherit;\"><span style=\"vertical-align: inherit;\"><span style=\"vertical-align: inherit;\">Allocation de Solidarit\u00e9 Sp\u00e9cifique (<\/span><\/span><span style=\"vertical-align: inherit;\"><span style=\"vertical-align: inherit;\">ASS<\/span><\/span><span style=\"vertical-align: inherit;\"><span style=\"vertical-align: inherit;\">)<\/span><\/span><\/span><\/span><\/span><\/span><\/li>\n<li><span style=\"vertical-align: inherit;\"><span style=\"vertical-align: inherit;\"><span style=\"vertical-align: inherit;\"><span style=\"vertical-align: inherit;\"><span style=\"vertical-align: inherit;\"><span style=\"vertical-align: inherit;\">Allocation des Travailleurs Ind\u00e9pendants (ATI)<\/span><\/span><\/span><\/span><\/span><\/span><\/li>\n<li><span style=\"vertical-align: inherit;\"><span style=\"vertical-align: inherit;\"><span style=\"vertical-align: inherit;\"><span style=\"vertical-align: inherit;\"><span style=\"vertical-align: inherit;\"><span style=\"vertical-align: inherit;\">Allocation de Fin de Droits (AFD)<\/span><\/span><\/span><\/span><\/span><\/span><\/li>\n<li><span style=\"vertical-align: inherit;\"><span style=\"vertical-align: inherit;\"><span style=\"vertical-align: inherit;\"><span style=\"vertical-align: inherit;\"><span style=\"vertical-align: inherit;\"><span style=\"vertical-align: inherit;\">Allocation de Professionnalisation et de Solidarit\u00e9 (APS)<\/span><\/span><\/span><\/span><\/span><\/span><\/li>\n<li><span style=\"vertical-align: inherit;\"><span style=\"vertical-align: inherit;\"><span style=\"vertical-align: inherit;\"><span style=\"vertical-align: inherit;\"><span style=\"vertical-align: inherit;\"><span style=\"vertical-align: inherit;\">Allocation jeune Intermittent<\/span><\/span><\/span><\/span><\/span><\/span><\/li>\n<li><span style=\"vertical-align: inherit;\"><span style=\"vertical-align: inherit;\"><span style=\"vertical-align: inherit;\"><span style=\"vertical-align: inherit;\"><span style=\"vertical-align: inherit;\"><span style=\"vertical-align: inherit;\">R\u00e9mun\u00e9ration des Formations P\u00f4le Emploi (RFPE)<\/span><\/span><\/span><\/span><\/span><\/span><\/li>\n<li><span style=\"vertical-align: inherit;\"><span style=\"vertical-align: inherit;\"><span style=\"vertical-align: inherit;\"><span style=\"vertical-align: inherit;\"><span style=\"vertical-align: inherit;\"><span style=\"vertical-align: inherit;\">R\u00e9mun\u00e9ration de Fin de Formation (RFF)<\/span><\/span><\/span><\/span><\/span><\/span><\/li>\n<li><span style=\"vertical-align: inherit;\"><span style=\"vertical-align: inherit;\"><span style=\"vertical-align: inherit;\"><span style=\"vertical-align: inherit;\"><span style=\"vertical-align: inherit;\"><span style=\"vertical-align: inherit;\">R\u00e9mun\u00e9ration des stagiaires de la formation professionnelle (RSFP)<\/span><\/span><\/span><\/span><\/span><\/span><\/li>\n<li><span style=\"vertical-align: inherit;\"><span style=\"vertical-align: inherit;\"><span style=\"vertical-align: inherit;\"><span style=\"vertical-align: inherit;\"><span style=\"vertical-align: inherit;\"><span style=\"vertical-align: inherit;\">R\u00e9mun\u00e9ration obtenue dans le cadre d&rsquo;un parcours de formation dispens\u00e9 par les \u00c9coles de la Deuxi\u00e8me Chance.<\/span><\/span><\/span><\/span><\/span><\/span><\/li>\n<\/ul>\n<h2><span style=\"vertical-align: inherit;\"><span style=\"vertical-align: inherit;\"><span style=\"vertical-align: inherit;\"><span style=\"vertical-align: inherit;\"><span style=\"vertical-align: inherit;\"><span style=\"vertical-align: inherit;\"><span style=\"vertical-align: inherit;\"><span style=\"vertical-align: inherit;\">Ressources partiellement d\u00e9duites du CEJ<\/span><\/span><\/span><\/span><\/span><\/span><\/span><\/span><\/h2>\n<p><span style=\"vertical-align: inherit;\"><span style=\"vertical-align: inherit;\"><span style=\"vertical-align: inherit;\"><span style=\"vertical-align: inherit;\"><span style=\"vertical-align: inherit;\"><span style=\"vertical-align: inherit;\">Certains types de ressources sont partiellement d\u00e9duits de l&rsquo;Allocation CEJ, notamment :<\/span><\/span><\/span><\/span><\/span><\/span><\/p>\n<ul>\n<li><span style=\"vertical-align: inherit;\"><span style=\"vertical-align: inherit;\"><span style=\"vertical-align: inherit;\"><span style=\"vertical-align: inherit;\"><span style=\"vertical-align: inherit;\"><span style=\"vertical-align: inherit;\">Les revenus provenant d&rsquo;une activit\u00e9, qu&rsquo;elle soit salari\u00e9e ou non salari\u00e9e.<\/span><\/span><\/span><\/span><\/span><\/span><\/li>\n<li><span style=\"vertical-align: inherit;\"><span style=\"vertical-align: inherit;\"><span style=\"vertical-align: inherit;\"><span style=\"vertical-align: inherit;\"><span style=\"vertical-align: inherit;\"><span style=\"vertical-align: inherit;\">Les aides l\u00e9gales ou conventionnelles destin\u00e9es aux salari\u00e9s en situation d&rsquo;activit\u00e9 partielle.<\/span><\/span><\/span><\/span><\/span><\/span><\/li>\n<li><span style=\"vertical-align: inherit;\"><span style=\"vertical-align: inherit;\"><span style=\"vertical-align: inherit;\"><span style=\"vertical-align: inherit;\"><span style=\"vertical-align: inherit;\"><span style=\"vertical-align: inherit;\">Les indemnit\u00e9s re\u00e7ues lors des cong\u00e9s l\u00e9gaux de maternit\u00e9, paternit\u00e9 ou d&rsquo;adoption.<\/span><\/span><\/span><\/span><\/span><\/span><\/li>\n<li><span style=\"vertical-align: inherit;\"><span style=\"vertical-align: inherit;\"><span style=\"vertical-align: inherit;\"><span style=\"vertical-align: inherit;\"><span style=\"vertical-align: inherit;\"><span style=\"vertical-align: inherit;\">Les indemnit\u00e9s journali\u00e8res de S\u00e9curit\u00e9 sociale, tant de base que compl\u00e9mentaires, per\u00e7ues en cas d&rsquo;incapacit\u00e9 physique m\u00e9dicalement constat\u00e9e, d&rsquo;accident du travail ou de maladie professionnelle.<\/span><\/span><\/span><\/span><\/span><\/span><\/li>\n<li><span style=\"vertical-align: inherit;\"><span style=\"vertical-align: inherit;\"><span style=\"vertical-align: inherit;\"><span style=\"vertical-align: inherit;\"><span style=\"vertical-align: inherit;\"><span style=\"vertical-align: inherit;\">La r\u00e9mun\u00e9ration garantie per\u00e7ue par les travailleurs handicap\u00e9s admis dans un \u00c9tablissement ou un Service d&rsquo;Aide par le Travail.<\/span><\/span><\/span><\/span><\/span><\/span><\/li>\n<li><span style=\"vertical-align: inherit;\"><span style=\"vertical-align: inherit;\"><span style=\"vertical-align: inherit;\"><span style=\"vertical-align: inherit;\"><span style=\"vertical-align: inherit;\"><span style=\"vertical-align: inherit;\">La r\u00e9mun\u00e9ration obtenue dans le cadre d&rsquo;une action visant \u00e0 faciliter l&rsquo;adaptation \u00e0 la vie active.<\/span><\/span><\/span><\/span><\/span><\/span><\/li>\n<li><span style=\"vertical-align: inherit;\"><span style=\"vertical-align: inherit;\"><span style=\"vertical-align: inherit;\"><span style=\"vertical-align: inherit;\"><span style=\"vertical-align: inherit;\"><span style=\"vertical-align: inherit;\">Les compensations per\u00e7ues en contrepartie de la participation \u00e0 un travail favorisant l&rsquo;insertion sociale, par les individus accueillis au sein d&rsquo;organismes communautaires et dans des initiatives solidaires (comme la r\u00e9mun\u00e9ration le cadre d&rsquo;Emma\u00fcs, par exemple).<\/span><\/span><\/span><\/span><\/span><\/span><\/li>\n<\/ul>\n<h2><span style=\"vertical-align: inherit;\"><span style=\"vertical-align: inherit;\"><span style=\"vertical-align: inherit;\"><span style=\"vertical-align: inherit;\"><span style=\"vertical-align: inherit;\"><span style=\"vertical-align: inherit;\"><span style=\"vertical-align: inherit;\"><span style=\"vertical-align: inherit;\">Ressources ne pouvant pas se cumuler avec l&rsquo;allocation CEJ<\/span><\/span><\/span><\/span><\/span><\/span><\/span><\/span><\/h2>\n<p><span style=\"vertical-align: inherit;\"><span style=\"vertical-align: inherit;\"><span style=\"vertical-align: inherit;\"><span style=\"vertical-align: inherit;\"><span style=\"vertical-align: inherit;\"><span style=\"vertical-align: inherit;\">L&rsquo;allocation CEJ ne peut \u00eatre cumul\u00e9e avec les ressources suivantes :<\/span><\/span><\/span><\/span><\/span><\/span><\/p>\n<ul>\n<li><span style=\"vertical-align: inherit;\"><span style=\"vertical-align: inherit;\"><span style=\"vertical-align: inherit;\"><span style=\"vertical-align: inherit;\"><span style=\"vertical-align: inherit;\"><span style=\"vertical-align: inherit;\">Le Revenu de Solidarit\u00e9 Active, qu&rsquo;il soit per\u00e7u au nom de l&rsquo;individu ou de son conjoint.<\/span><\/span><\/span><\/span><\/span><\/span><\/li>\n<li><span style=\"vertical-align: inherit;\"><span style=\"vertical-align: inherit;\"><span style=\"vertical-align: inherit;\"><span style=\"vertical-align: inherit;\"><span style=\"vertical-align: inherit;\"><span style=\"vertical-align: inherit;\">La prime d&rsquo;activit\u00e9, si elle est attribu\u00e9e pour une activit\u00e9 reprise pendant la dur\u00e9e du Contrat d&rsquo;Engagement Jeune.<\/span><\/span><\/span><\/span><\/span><\/span><\/li>\n<li><span style=\"vertical-align: inherit;\"><span style=\"vertical-align: inherit;\"><span style=\"vertical-align: inherit;\"><span style=\"vertical-align: inherit;\"><span style=\"vertical-align: inherit;\"><span style=\"vertical-align: inherit;\">La r\u00e9mun\u00e9ration obtenue dans le cadre du Service Militaire Adapt\u00e9 (SMA).<\/span><\/span><\/span><\/span><\/span><\/span><\/li>\n<li><span style=\"vertical-align: inherit;\"><span style=\"vertical-align: inherit;\"><span style=\"vertical-align: inherit;\"><span style=\"vertical-align: inherit;\"><span style=\"vertical-align: inherit;\"><span style=\"vertical-align: inherit;\">La r\u00e9mun\u00e9ration per\u00e7ue au cours du Service Militaire Volontaire (SMV).<\/span><\/span><\/span><\/span><\/span><\/span><\/li>\n<li><span style=\"vertical-align: inherit;\"><span style=\"vertical-align: inherit;\"><span style=\"vertical-align: inherit;\"><span style=\"vertical-align: inherit;\"><span style=\"vertical-align: inherit;\"><span style=\"vertical-align: inherit;\">La r\u00e9mun\u00e9ration entra\u00eene du volontariat dans les arm\u00e9es.<\/span><\/span><\/span><\/span><\/span><\/span><\/li>\n<li><span style=\"vertical-align: inherit;\"><span style=\"vertical-align: inherit;\"><span style=\"vertical-align: inherit;\"><span style=\"vertical-align: inherit;\"><span style=\"vertical-align: inherit;\"><span style=\"vertical-align: inherit;\">L&rsquo;indemnit\u00e9 obtenue \u00e0 travers le service civique.<\/span><\/span><\/span><\/span><\/span><\/span><\/li>\n<li><span style=\"vertical-align: inherit;\"><span style=\"vertical-align: inherit;\"><span style=\"vertical-align: inherit;\"><span style=\"vertical-align: inherit;\"><span style=\"vertical-align: inherit;\"><span style=\"vertical-align: inherit;\">L&rsquo;allocation et\/ou prime de contribution aux volontaires pour l&rsquo;insertion, ainsi qu&rsquo;aux volontaires pour un contrat de service au sein d&rsquo;un \u00e9tablissement public d&rsquo;insertion de la d\u00e9fense (comme l&rsquo;\u00c9tablissement Pour l&rsquo;Insertion Dans l &lsquo;Emploi &#8211; EPIDE).<\/span><\/span><\/span><\/span><\/span><\/span><\/li>\n<li><span style=\"vertical-align: inherit;\"><span style=\"vertical-align: inherit;\"><span style=\"vertical-align: inherit;\"><span style=\"vertical-align: inherit;\"><span style=\"vertical-align: inherit;\"><span style=\"vertical-align: inherit;\">La r\u00e9mun\u00e9ration acquise dans le cadre de l&rsquo;insertion, que ce soit \u00e0 travers un Contrat \u00e0 Dur\u00e9e D\u00e9termin\u00e9e d&rsquo;Insertion (CDDI), un contrat de mission conclu avec une Entreprise de Travail Temporaire d&rsquo;Insertion (ETTI), ou encore un Contrat Unique d&rsquo;Insertion (CUI).<\/span><\/span><\/span><\/span><\/span><\/span><\/li>\n<\/ul>\n<p>&nbsp;<\/p>\n<div class='cta-block'><div class='text'>Simulez votre \u00e9ligibilit\u00e9 au CEJ en 2 min. Gratuit.<\/div><a href='https:\/\/www.mes-allocs.fr\/ab-app?origin=guides\/wp-json\/wp\/v2\/posts\/74001' class='app-button fit'>Simulation gratuite<\/a><\/div>\n","protected":false},"excerpt":{"rendered":"<p>[Mis \u00e0 jour le 02\/01\/2026] Le dispositif de Contrat d&rsquo;Engagement Jeune vise \u00e0 soutenir les individus \u00e2g\u00e9s de 16 \u00e0 25 ans confront\u00e9s \u00e0 des difficult\u00e9s \u00e9conomiques. Il propose un encadrement approfondi visant \u00e0 faciliter l&rsquo;acc\u00e8s \u00e0 un emploi durable ou \u00e0 un contrat d&rsquo;apprentissage, tout en pr\u00e9voyant \u00e9galement une allocation financi\u00e8re. Effectuez une simulation [&hellip;]<\/p>\n","protected":false},"author":28,"featured_media":73237,"comment_status":"open","ping_status":"open","sticky":false,"template":"","format":"standard","meta":{"amp_status":"","footnotes":""},"categories":[30057],"tags":[],"class_list":["post-74001","post","type-post","status-publish","format-standard","has-post-thumbnail","hentry","category-contrat-engagement-jeune"],"yoast_head":"<!-- This site is optimized with the Yoast SEO plugin v14.9 - https:\/\/yoast.com\/wordpress\/plugins\/seo\/ -->\n<title>Simulation CEJ en 2026 : estimez votre montant en 2 min | Mes-Allocs.fr<\/title>\n<meta name=\"description\" content=\"Mes Allocs vous propose une simulation CEJ pour estimer le montant de votre allocation de Contrat d&#039;Engagement Jeune.\" \/>\n<meta name=\"robots\" content=\"index, follow, max-snippet:-1, max-image-preview:large, max-video-preview:-1\" \/>\n<link rel=\"canonical\" href=\"https:\/\/www.mes-allocs.fr\/guides\/contrat-engagement-jeune\/simulation-cej\/\" \/>\n<meta property=\"og:locale\" content=\"fr_FR\" \/>\n<meta property=\"og:type\" content=\"article\" \/>\n<meta property=\"og:title\" content=\"Simulation CEJ en 2026 : estimez votre montant en 2 min | Mes-Allocs.fr\" \/>\n<meta property=\"og:description\" content=\"Mes Allocs vous propose une simulation CEJ pour estimer le montant de votre allocation de Contrat d&#039;Engagement Jeune.\" \/>\n<meta property=\"og:url\" content=\"https:\/\/www.mes-allocs.fr\/guides\/contrat-engagement-jeune\/simulation-cej\/\" \/>\n<meta property=\"og:site_name\" content=\"Mes-Allocs.fr\" \/>\n<meta property=\"article:published_time\" content=\"2024-02-14T07:46:15+00:00\" \/>\n<meta property=\"article:modified_time\" content=\"2026-04-22T09:55:14+00:00\" \/>\n<meta property=\"og:image\" content=\"https:\/\/www.mes-allocs.fr\/guides\/wp-content\/uploads\/2024\/01\/prime-dactivite-simulation2024-2.jpg?wsr\" \/>\n\t<meta property=\"og:image:width\" content=\"640\" \/>\n\t<meta property=\"og:image:height\" content=\"584\" \/>\n<meta name=\"twitter:card\" content=\"summary_large_image\" \/>\n<script type=\"application\/ld+json\" class=\"yoast-schema-graph\">{\"@context\":\"https:\/\/schema.org\",\"@graph\":[{\"@type\":\"WebSite\",\"@id\":\"https:\/\/www.mes-allocs.fr\/guides\/#website\",\"url\":\"https:\/\/www.mes-allocs.fr\/guides\/\",\"name\":\"Mes-Allocs.fr\",\"description\":\"\",\"potentialAction\":[{\"@type\":\"SearchAction\",\"target\":\"https:\/\/www.mes-allocs.fr\/guides\/?s={search_term_string}\",\"query-input\":\"required name=search_term_string\"}],\"inLanguage\":\"fr-FR\"},{\"@type\":\"ImageObject\",\"@id\":\"https:\/\/www.mes-allocs.fr\/guides\/contrat-engagement-jeune\/simulation-cej\/#primaryimage\",\"inLanguage\":\"fr-FR\",\"url\":\"https:\/\/www.mes-allocs.fr\/guides\/wp-content\/uploads\/2024\/01\/prime-dactivite-simulation2024-2.jpg?wsr\",\"width\":640,\"height\":584,\"caption\":\"simulation CEJ\"},{\"@type\":\"WebPage\",\"@id\":\"https:\/\/www.mes-allocs.fr\/guides\/contrat-engagement-jeune\/simulation-cej\/#webpage\",\"url\":\"https:\/\/www.mes-allocs.fr\/guides\/contrat-engagement-jeune\/simulation-cej\/\",\"name\":\"Simulation CEJ en 2026 : estimez votre montant en 2 min | Mes-Allocs.fr\",\"isPartOf\":{\"@id\":\"https:\/\/www.mes-allocs.fr\/guides\/#website\"},\"primaryImageOfPage\":{\"@id\":\"https:\/\/www.mes-allocs.fr\/guides\/contrat-engagement-jeune\/simulation-cej\/#primaryimage\"},\"datePublished\":\"2024-02-14T07:46:15+00:00\",\"dateModified\":\"2026-04-22T09:55:14+00:00\",\"author\":{\"@id\":\"https:\/\/www.mes-allocs.fr\/guides\/#\/schema\/person\/e506e10a355aa02ef75c736bcb442d65\"},\"description\":\"Mes Allocs vous propose une simulation CEJ pour estimer le montant de votre allocation de Contrat d'Engagement Jeune.\",\"inLanguage\":\"fr-FR\"},{\"@type\":\"Person\",\"@id\":\"https:\/\/www.mes-allocs.fr\/guides\/#\/schema\/person\/e506e10a355aa02ef75c736bcb442d65\",\"name\":\"Janelle Legros\",\"image\":{\"@type\":\"ImageObject\",\"@id\":\"https:\/\/www.mes-allocs.fr\/guides\/#personlogo\",\"inLanguage\":\"fr-FR\",\"url\":\"https:\/\/www.mes-allocs.fr\/guides\/wp-content\/uploads\/2024\/01\/c7a29860-f8e7-4078-8a51-6cd71447d7e9.jpeg\",\"caption\":\"Janelle Legros\"},\"description\":\"Janelle est r\\u00e9dactrice web et charg\\u00e9e de communication pour Mes Allocs. Sp\\u00e9cialiste des d\\u00e9marches administratives, elle rejoint l'\\u00e9quipe Mes Allocs apr\\u00e8s une premi\\u00e8re exp\\u00e9rience en journalisme.\",\"sameAs\":[\"https:\/\/www.linkedin.com\/in\/janelle-legros\/\"]}]}<\/script>\n<!-- \/ Yoast SEO plugin. -->","amp_validity":null,"acf":{"faq":{"1":{"question":"Faut-il d\u00e9clarer le Contrat d'Engagement Jeune (CEJ) \u00e0 la CAF ?","answer":"La d\u00e9claration du CEJ \u00e0 la CAF n'est pas n\u00e9cessaire, car le CEJ est non-imposable."},"2":{"question":"Qui verse l'allocation du CEJ ?","answer":"Lorsque l'accompagnement est pris en charge par une mission locale, c'est l'ASP qui assure le versement mensuel de l'allocation au jeune. Sinon, c'est France Travail. "},"3":{"question":"Qu'est-ce que le Contrat d'Engagement Jeune ?","answer":"Le Contrat d'Engagement Jeune, qui remplace la Garantie Jeunes, est destin\u00e9 aux jeunes de 16 \u00e0 25 ans. Il s'agit de jeunes qui ne sont pas \u00e9tudiants, ne suivent pas de formations qualifiantes et pr\u00e9sentent des difficult\u00e9s d\u2019acc\u00e8s \u00e0 l\u2019emploi durable. Il peut s'agir de jeunes qui per\u00e7oivent l'allocation ch\u00f4mage."},"4":{"question":"Quelle est la date de r\u00e9ception du paiement de l'Allocation CEJ ?","answer":"Le paiement de l'Allocation CEJ intervient g\u00e9n\u00e9ralement aux alentours du 15 du mois."},"5":{"question":"Quels sont les d\u00e9lais pour faire une demande de CEJ ?","answer":"Vous pouvez faire votre demande de Contrat d'Engagement Jeune \u00e0 tout moment de l'ann\u00e9e."},"6":{"question":"","answer":""},"7":{"question":"","answer":""},"8":{"question":"","answer":""},"9":{"question":"","answer":""},"10":{"question":"","answer":""},"11":{"question":"","answer":""},"12":{"question":"","answer":""},"13":{"question":"","answer":""},"14":{"question":"","answer":""},"15":{"question":"","answer":""},"16":{"question":"","answer":""}}},"_links":{"self":[{"href":"https:\/\/www.mes-allocs.fr\/guides\/wp-json\/wp\/v2\/posts\/74001","targetHints":{"allow":["GET"]}}],"collection":[{"href":"https:\/\/www.mes-allocs.fr\/guides\/wp-json\/wp\/v2\/posts"}],"about":[{"href":"https:\/\/www.mes-allocs.fr\/guides\/wp-json\/wp\/v2\/types\/post"}],"author":[{"embeddable":true,"href":"https:\/\/www.mes-allocs.fr\/guides\/wp-json\/wp\/v2\/users\/28"}],"replies":[{"embeddable":true,"href":"https:\/\/www.mes-allocs.fr\/guides\/wp-json\/wp\/v2\/comments?post=74001"}],"version-history":[{"count":16,"href":"https:\/\/www.mes-allocs.fr\/guides\/wp-json\/wp\/v2\/posts\/74001\/revisions"}],"predecessor-version":[{"id":106944,"href":"https:\/\/www.mes-allocs.fr\/guides\/wp-json\/wp\/v2\/posts\/74001\/revisions\/106944"}],"wp:featuredmedia":[{"embeddable":true,"href":"https:\/\/www.mes-allocs.fr\/guides\/wp-json\/wp\/v2\/media\/73237"}],"wp:attachment":[{"href":"https:\/\/www.mes-allocs.fr\/guides\/wp-json\/wp\/v2\/media?parent=74001"}],"wp:term":[{"taxonomy":"category","embeddable":true,"href":"https:\/\/www.mes-allocs.fr\/guides\/wp-json\/wp\/v2\/categories?post=74001"},{"taxonomy":"post_tag","embeddable":true,"href":"https:\/\/www.mes-allocs.fr\/guides\/wp-json\/wp\/v2\/tags?post=74001"}],"curies":[{"name":"wp","href":"https:\/\/api.w.org\/{rel}","templated":true}]}}