{"id":73916,"date":"2024-02-14T09:52:08","date_gmt":"2024-02-14T07:52:08","guid":{"rendered":"https:\/\/www.mes-allocs.fr\/guides\/?p=73916"},"modified":"2026-04-22T10:55:14","modified_gmt":"2026-04-22T09:55:14","slug":"demarches-cej","status":"publish","type":"post","link":"https:\/\/www.mes-allocs.fr\/guides\/contrat-engagement-jeune\/demarches-cej\/","title":{"rendered":"Quelles d\u00e9marches effectuer pour recevoir l&rsquo;allocation CEJ en 2025 ?"},"content":{"rendered":"<p><img loading=\"lazy\" decoding=\"async\" class=\"aligncenter wp-image-73943 size-full\" title=\"demarches cej\" src=\"https:\/\/www.mes-allocs.fr\/guides\/wp-content\/uploads\/2024\/01\/Banner-1-3.png\" alt=\"demarches cej\" width=\"1500\" height=\"400\" srcset=\"https:\/\/www.mes-allocs.fr\/guides\/wp-content\/uploads\/2024\/01\/Banner-1-3.png 1500w, https:\/\/www.mes-allocs.fr\/guides\/wp-content\/uploads\/2024\/01\/Banner-1-3-300x80.png 300w, https:\/\/www.mes-allocs.fr\/guides\/wp-content\/uploads\/2024\/01\/Banner-1-3-1024x273.png 1024w, https:\/\/www.mes-allocs.fr\/guides\/wp-content\/uploads\/2024\/01\/Banner-1-3-768x205.png 768w, https:\/\/www.mes-allocs.fr\/guides\/wp-content\/uploads\/2024\/01\/Banner-1-3-600x160.png 600w\" sizes=\"auto, (max-width: 1500px) 100vw, 1500px\" \/><\/p>\n<p><strong><span style=\"vertical-align: inherit;\"><span style=\"vertical-align: inherit;\"><span style=\"vertical-align: inherit;\"><span style=\"vertical-align: inherit;\"><span style=\"vertical-align: inherit;\"><span style=\"vertical-align: inherit;\"><span style=\"vertical-align: inherit;\"><span style=\"vertical-align: inherit;\"><span style=\"vertical-align: inherit;\"><span style=\"vertical-align: inherit;\"><span style=\"vertical-align: inherit;\"><span style=\"vertical-align: inherit;\"><span style=\"vertical-align: inherit;\"><span style=\"vertical-align: inherit;\"><span style=\"vertical-align: inherit;\"><span style=\"vertical-align: inherit;\"><span style=\"vertical-align: inherit;\"><span style=\"vertical-align: inherit;\"><span style=\"vertical-align: inherit;\"><span style=\"vertical-align: inherit;\"><span style=\"vertical-align: inherit;\"><span style=\"vertical-align: inherit;\"><span style=\"vertical-align: inherit;\"><span style=\"vertical-align: inherit;\"><span style=\"vertical-align: inherit;\"><span style=\"vertical-align: inherit;\"><span style=\"vertical-align: inherit;\"><span style=\"vertical-align: inherit;\"><span style=\"vertical-align: inherit;\"><span style=\"vertical-align: inherit;\"><span style=\"vertical-align: inherit;\"><span style=\"vertical-align: inherit;\"><span style=\"vertical-align: inherit;\"><span style=\"vertical-align: inherit;\">Le <a href=\"https:\/\/www.mes-allocs.fr\/guides\/contrat-engagement-jeune\/\">contrat d&rsquo;engagement jeune<\/a><\/span><\/span><\/span><\/span><\/span><\/span><\/span><\/span><\/span><\/span><\/span><\/span><\/span><\/span><\/span><\/span><\/span><\/span><\/span><\/span><\/span><\/span><\/span><\/span><\/span><\/span><\/span><\/span><\/span><\/span><\/span><\/span><\/span><\/span><span style=\"vertical-align: inherit;\"><span style=\"vertical-align: inherit;\"><span style=\"vertical-align: inherit;\"><span style=\"vertical-align: inherit;\"><span style=\"vertical-align: inherit;\"><span style=\"vertical-align: inherit;\"><span style=\"vertical-align: inherit;\"><span style=\"vertical-align: inherit;\"><span style=\"vertical-align: inherit;\"><span style=\"vertical-align: inherit;\"><span style=\"vertical-align: inherit;\"><span style=\"vertical-align: inherit;\"><span style=\"vertical-align: inherit;\"><span style=\"vertical-align: inherit;\"><span style=\"vertical-align: inherit;\"><span style=\"vertical-align: inherit;\">, con\u00e7u sp\u00e9cialement pour les jeunes \u00e2g\u00e9s de 16 \u00e0 25 ans en situation pr\u00e9caire, offre un soutien actif allant de 15 \u00e0 20 heures par semaine, visant \u00e0 faciliter l&rsquo;acc\u00e8s \u00e0 un emploi durable ou \u00e0 un contrat d&rsquo; apprentissage. <\/span><\/span><\/span><\/span><\/span><span style=\"vertical-align: inherit;\"><span style=\"vertical-align: inherit;\"><span style=\"vertical-align: inherit;\"><span style=\"vertical-align: inherit;\"><span style=\"vertical-align: inherit;\">Ce programme est compl\u00e9t\u00e9 par une allocation dont le montant varie en fonction de vos ressources. Mes Allocs vous explique les d\u00e9marches CEJ \u00e0 effectuer pour b\u00e9n\u00e9ficier de l&rsquo;aide financi\u00e8re octroy\u00e9e.\u00a0<\/span><\/span><\/span><\/span><\/span><\/span><\/span><\/span><\/span><\/span><\/span><\/span><\/span><\/span><\/span><\/span><\/strong><\/p>\n<div class='cta-block'><div class='text'>Simulez votre \u00e9ligibilit\u00e9 au CEJ en 2 min. Gratuit.<\/div><a href='https:\/\/www.mes-allocs.fr\/ab-app?origin=guides\/wp-json\/wp\/v2\/posts\/73916' class='app-button fit'>Simulation gratuite<\/a><\/div>\n<h1><span style=\"vertical-align: inherit;\"><span style=\"vertical-align: inherit;\"><span style=\"vertical-align: inherit;\"><span style=\"vertical-align: inherit;\"><span style=\"vertical-align: inherit;\"><span style=\"vertical-align: inherit;\"><span style=\"vertical-align: inherit;\"><span style=\"vertical-align: inherit;\"><span style=\"vertical-align: inherit;\"><span style=\"vertical-align: inherit;\"><span style=\"vertical-align: inherit;\"><span style=\"vertical-align: inherit;\"><span style=\"vertical-align: inherit;\"><span style=\"vertical-align: inherit;\"><span style=\"vertical-align: inherit;\"><span style=\"vertical-align: inherit;\"><span style=\"vertical-align: inherit;\"><span style=\"vertical-align: inherit;\"><span style=\"vertical-align: inherit;\"><span style=\"vertical-align: inherit;\"><span style=\"vertical-align: inherit;\"><span style=\"vertical-align: inherit;\"><span style=\"vertical-align: inherit;\"><span style=\"vertical-align: inherit;\"><span style=\"vertical-align: inherit;\"><span style=\"vertical-align: inherit;\"><span style=\"vertical-align: inherit;\"><span style=\"vertical-align: inherit;\"><span style=\"vertical-align: inherit;\"><span style=\"vertical-align: inherit;\"><span style=\"vertical-align: inherit;\"><span style=\"vertical-align: inherit;\"><span style=\"vertical-align: inherit;\"><span style=\"vertical-align: inherit;\">Qu&rsquo;est ce que le Contrat d&rsquo;Engagement Jeune ?<\/span><\/span><\/span><\/span><\/span><\/span><\/span><\/span><\/span><\/span><\/span><\/span><\/span><\/span><\/span><\/span><\/span><\/span><\/span><\/span><\/span><\/span><\/span><\/span><\/span><\/span><\/span><\/span><\/span><\/span><\/span><\/span><\/span><\/span><\/h1>\n<h2><span style=\"vertical-align: inherit;\"><span style=\"vertical-align: inherit;\"><span style=\"vertical-align: inherit;\"><span style=\"vertical-align: inherit;\"><span style=\"vertical-align: inherit;\"><span style=\"vertical-align: inherit;\"><span style=\"vertical-align: inherit;\"><span style=\"vertical-align: inherit;\"><span style=\"vertical-align: inherit;\"><span style=\"vertical-align: inherit;\"><span style=\"vertical-align: inherit;\"><span style=\"vertical-align: inherit;\"><span style=\"vertical-align: inherit;\"><span style=\"vertical-align: inherit;\"><span style=\"vertical-align: inherit;\"><span style=\"vertical-align: inherit;\"><span style=\"vertical-align: inherit;\"><span style=\"vertical-align: inherit;\"><span style=\"vertical-align: inherit;\"><span style=\"vertical-align: inherit;\"><span style=\"vertical-align: inherit;\"><span style=\"vertical-align: inherit;\"><span style=\"vertical-align: inherit;\"><span style=\"vertical-align: inherit;\"><span style=\"vertical-align: inherit;\"><span style=\"vertical-align: inherit;\"><span style=\"vertical-align: inherit;\"><span style=\"vertical-align: inherit;\"><span style=\"vertical-align: inherit;\"><span style=\"vertical-align: inherit;\"><span style=\"vertical-align: inherit;\"><span style=\"vertical-align: inherit;\"><span style=\"vertical-align: inherit;\"><span style=\"vertical-align: inherit;\">Les objectifs du CEJ<\/span><\/span><\/span><\/span><\/span><\/span><\/span><\/span><\/span><\/span><\/span><\/span><\/span><\/span><\/span><\/span><\/span><\/span><\/span><\/span><\/span><\/span><\/span><\/span><\/span><\/span><\/span><\/span><\/span><\/span><\/span><\/span><\/span><\/span><\/h2>\n<p><span style=\"vertical-align: inherit;\"><span style=\"vertical-align: inherit;\"><span style=\"vertical-align: inherit;\"><span style=\"vertical-align: inherit;\"><span style=\"vertical-align: inherit;\"><span style=\"vertical-align: inherit;\">Le Contrat d&rsquo;Engagement Jeune (CEJ) a pour objectif principal de concevoir et de mettre en \u0153uvre un <\/span><\/span><\/span><\/span><\/span><\/span><strong><span style=\"vertical-align: inherit;\"><span style=\"vertical-align: inherit;\"><span style=\"vertical-align: inherit;\"><span style=\"vertical-align: inherit;\"><span style=\"vertical-align: inherit;\"><span style=\"vertical-align: inherit;\">projet professionnel durable<\/span><\/span><\/span><\/span><\/span><\/span><\/strong><span style=\"vertical-align: inherit;\"><span style=\"vertical-align: inherit;\"><span style=\"vertical-align: inherit;\"><span style=\"vertical-align: inherit;\"><span style=\"vertical-align: inherit;\"><span style=\"vertical-align: inherit;\"> . <\/span><\/span><\/span><\/span><\/span><span style=\"vertical-align: inherit;\"><span style=\"vertical-align: inherit;\"><span style=\"vertical-align: inherit;\"><span style=\"vertical-align: inherit;\"><span style=\"vertical-align: inherit;\">Il aspire \u00e0 mettre en lumi\u00e8re vos talents et comp\u00e9tences, \u00e0 explorer les arcanes du monde professionnel en comprenant ses codes sp\u00e9cifiques, et \u00e0 tisser des liens au sein du r\u00e9seau professionnel. <\/span><\/span><\/span><\/span><\/span><span style=\"vertical-align: inherit;\"><span style=\"vertical-align: inherit;\"><span style=\"vertical-align: inherit;\"><span style=\"vertical-align: inherit;\"><span style=\"vertical-align: inherit;\">L&rsquo;ultime ambition est de faciliter une recherche d&#8217;emploi plus efficace et rapide, en vous dotant des connaissances et comp\u00e9tences n\u00e9cessaires pour exceller dans votre domaine d&rsquo;activit\u00e9.<\/span><\/span><\/span><\/span><\/span><\/span><\/p>\n<p><span style=\"vertical-align: inherit;\"><span style=\"vertical-align: inherit;\"><span style=\"vertical-align: inherit;\"><span style=\"vertical-align: inherit;\"><span style=\"vertical-align: inherit;\"><span style=\"vertical-align: inherit;\">D&rsquo;une dur\u00e9e g\u00e9n\u00e9ralement \u00e9chelonn\u00e9e de <strong>6 \u00e0 12 mois<\/strong>, le contrat offre une p\u00e9riode propice \u00e0 l&rsquo;exploration, \u00e0 l&rsquo;apprentissage et \u00e0 la consolidation des comp\u00e9tences acquises. <\/span><\/span><\/span><\/span><\/span><span style=\"vertical-align: inherit;\"><span style=\"vertical-align: inherit;\"><span style=\"vertical-align: inherit;\"><span style=\"vertical-align: inherit;\"><span style=\"vertical-align: inherit;\">La flexibilit\u00e9 du contrat autorise m\u00eame une prolongation jusqu&rsquo;\u00e0 18 mois, dans des circonstances particuli\u00e8res. <\/span><\/span><\/span><\/span><\/span><span style=\"vertical-align: inherit;\"><span style=\"vertical-align: inherit;\"><span style=\"vertical-align: inherit;\"><span style=\"vertical-align: inherit;\"><span style=\"vertical-align: inherit;\">Les opportunit\u00e9s de missions r\u00e9sultant de partenariats avec <\/span><\/span><\/span><\/span><span style=\"vertical-align: inherit;\"><span style=\"vertical-align: inherit;\"><span style=\"vertical-align: inherit;\"><span style=\"vertical-align: inherit;\">France Travail<\/span><\/span><\/span><\/span><span style=\"vertical-align: inherit;\"><span style=\"vertical-align: inherit;\"><span style=\"vertical-align: inherit;\"><span style=\"vertical-align: inherit;\">, des missions locales, et des associations engag\u00e9es dans le soutien et l&rsquo;encadrement des jeunes en qu\u00eate d&rsquo;insertion professionnelle. <\/span><\/span><\/span><\/span><\/span><span style=\"vertical-align: inherit;\"><span style=\"vertical-align: inherit;\"><span style=\"vertical-align: inherit;\"><span style=\"vertical-align: inherit;\"><span style=\"vertical-align: inherit;\">Ainsi, le CEJ se positionne comme un authentique tremplin vers la concr\u00e9tisation de projets professionnels durables, offrant une exp\u00e9rience enrichissante et des perspectives concr\u00e8tes aux participants.<\/span><\/span><\/span><\/span><\/span><\/span><\/p>\n<h2><span style=\"vertical-align: inherit;\"><span style=\"vertical-align: inherit;\"><span style=\"vertical-align: inherit;\"><span style=\"vertical-align: inherit;\"><span style=\"vertical-align: inherit;\"><span style=\"vertical-align: inherit;\"><span style=\"vertical-align: inherit;\"><span style=\"vertical-align: inherit;\"><span style=\"vertical-align: inherit;\"><span style=\"vertical-align: inherit;\"><span style=\"vertical-align: inherit;\"><span style=\"vertical-align: inherit;\"><span style=\"vertical-align: inherit;\"><span style=\"vertical-align: inherit;\"><span style=\"vertical-align: inherit;\"><span style=\"vertical-align: inherit;\"><span style=\"vertical-align: inherit;\"><span style=\"vertical-align: inherit;\"><span style=\"vertical-align: inherit;\"><span style=\"vertical-align: inherit;\"><span style=\"vertical-align: inherit;\"><span style=\"vertical-align: inherit;\"><span style=\"vertical-align: inherit;\"><span style=\"vertical-align: inherit;\"><span style=\"vertical-align: inherit;\"><span style=\"vertical-align: inherit;\"><span style=\"vertical-align: inherit;\"><span style=\"vertical-align: inherit;\"><span style=\"vertical-align: inherit;\"><span style=\"vertical-align: inherit;\"><span style=\"vertical-align: inherit;\"><span style=\"vertical-align: inherit;\">Les conditions d&rsquo;\u00e9ligibilit\u00e9 \u00e0 l&rsquo;attribution de l&rsquo;allocation CEJ en 2025\u00a0<\/span><\/span><\/span><\/span><\/span><\/span><\/span><\/span><\/span><\/span><\/span><\/span><\/span><\/span><\/span><\/span><\/span><\/span><\/span><\/span><\/span><\/span><\/span><\/span><\/span><\/span><\/span><\/span><\/span><\/span><\/span><\/span><\/h2>\n<p><span style=\"vertical-align: inherit;\"><span style=\"vertical-align: inherit;\"><span style=\"vertical-align: inherit;\"><span style=\"vertical-align: inherit;\"><span style=\"vertical-align: inherit;\"><span style=\"vertical-align: inherit;\">Les <a href=\"https:\/\/www.mes-allocs.fr\/guides\/contrat-engagement-jeune\/conditions-cej\/\">conditions<\/a> suivantes sont \u00e0 respecter afin de pouvoir pr\u00e9tendre \u00e0 l&rsquo;attribution de l&rsquo;allocation CEJ :<\/span><\/span><\/span><\/span><\/span><\/span><\/p>\n<ul>\n<li><span style=\"vertical-align: inherit;\"><span style=\"vertical-align: inherit;\"><span style=\"vertical-align: inherit;\"><span style=\"vertical-align: inherit;\"><span style=\"vertical-align: inherit;\"><span style=\"vertical-align: inherit;\">\u00catre \u00e2g\u00e9 de 16 \u00e0 25 ans r\u00e9volus (jusqu&rsquo;\u00e0 la veille des 26 ans) OU de 16 \u00e0 29 ans r\u00e9volus (jusqu&rsquo;\u00e0 la veille des 30 ans) et \u00eatre en situation de handicap<\/span><\/span><\/span><\/span><\/span><\/span><\/li>\n<li><span style=\"vertical-align: inherit;\"><span style=\"vertical-align: inherit;\"><span style=\"vertical-align: inherit;\"><span style=\"vertical-align: inherit;\"><span style=\"vertical-align: inherit;\"><span style=\"vertical-align: inherit;\">Ne pas \u00eatre engag\u00e9(e) dans des \u00e9tudes ou une formation<\/span><\/span><\/span><\/span><\/span><\/span><\/li>\n<li><span style=\"vertical-align: inherit;\"><span style=\"vertical-align: inherit;\"><span style=\"vertical-align: inherit;\"><span style=\"vertical-align: inherit;\"><span style=\"vertical-align: inherit;\"><span style=\"vertical-align: inherit;\">\u00catre demandeur d&#8217;emploi inscrit \u00e0 France Travail<\/span><\/span><\/span><\/span><\/span><\/span><\/li>\n<li><span style=\"vertical-align: inherit;\"><span style=\"vertical-align: inherit;\"><span style=\"vertical-align: inherit;\"><span style=\"vertical-align: inherit;\"><span style=\"vertical-align: inherit;\"><span style=\"vertical-align: inherit;\">\u00catre sans emploi ou dans un emploi pr\u00e9caire<\/span><\/span><\/span><\/span><\/span><\/span><\/li>\n<li><span style=\"vertical-align: inherit;\"><span style=\"vertical-align: inherit;\"><span style=\"vertical-align: inherit;\"><span style=\"vertical-align: inherit;\"><span style=\"vertical-align: inherit;\"><span style=\"vertical-align: inherit;\">Avoir un quotient familial inf\u00e9rieur \u00e0 la premi\u00e8re tranche d&rsquo;<\/span><\/span><\/span><\/span><span style=\"vertical-align: inherit;\"><span style=\"vertical-align: inherit;\"><span style=\"vertical-align: inherit;\"><span style=\"vertical-align: inherit;\">imposition<\/span><\/span><\/span><\/span><span style=\"vertical-align: inherit;\"><span style=\"vertical-align: inherit;\"><span style=\"vertical-align: inherit;\"><span style=\"vertical-align: inherit;\"> (fix\u00e9e \u00e0 <\/span><\/span><\/span><\/span><\/span><\/span><strong><span style=\"vertical-align: inherit;\"><span style=\"vertical-align: inherit;\"><span style=\"vertical-align: inherit;\"><span style=\"vertical-align: inherit;\"><span style=\"vertical-align: inherit;\"><span style=\"vertical-align: inherit;\">28 797\u20ac<\/span><\/span><\/span><\/span><\/span><\/span><\/strong><span style=\"vertical-align: inherit;\"><span style=\"vertical-align: inherit;\"><span style=\"vertical-align: inherit;\"><span style=\"vertical-align: inherit;\"><span style=\"vertical-align: inherit;\"><span style=\"vertical-align: inherit;\"> en 2025).<\/span><\/span><\/span><\/span><\/span><\/span><\/li>\n<\/ul>\n<h2><span style=\"vertical-align: inherit;\"><span style=\"vertical-align: inherit;\"><span style=\"vertical-align: inherit;\"><span style=\"vertical-align: inherit;\"><span style=\"vertical-align: inherit;\"><span style=\"vertical-align: inherit;\">Le programme du CEJ<\/span><\/span><\/span><\/span><\/span><\/span><\/h2>\n<p><span style=\"vertical-align: inherit;\"><span style=\"vertical-align: inherit;\"><span style=\"vertical-align: inherit;\"><span style=\"vertical-align: inherit;\"><span style=\"vertical-align: inherit;\"><span style=\"vertical-align: inherit;\">Les jeunes engag\u00e9s dans ce parcours d\u00e9dient <\/span><\/span><\/span><\/span><\/span><\/span><strong><span style=\"vertical-align: inherit;\"><span style=\"vertical-align: inherit;\"><span style=\"vertical-align: inherit;\"><span style=\"vertical-align: inherit;\"><span style=\"vertical-align: inherit;\"><span style=\"vertical-align: inherit;\">15 \u00e0 20 heures par semaine<\/span><\/span><\/span><\/span><\/span><\/span><\/strong><span style=\"vertical-align: inherit;\"><span style=\"vertical-align: inherit;\"><span style=\"vertical-align: inherit;\"><span style=\"vertical-align: inherit;\"><span style=\"vertical-align: inherit;\"><span style=\"vertical-align: inherit;\"> \u00e0 un accompagnement sp\u00e9cialis\u00e9 qui propose une vari\u00e9t\u00e9 d&rsquo;activit\u00e9s et notamment des <a href=\"https:\/\/www.mes-allocs.fr\/guides\/contrat-engagement-jeune\/atelier-cej\/\">ateliers<\/a> divers. <\/span><\/span><\/span><\/span><\/span><span style=\"vertical-align: inherit;\"><span style=\"vertical-align: inherit;\"><span style=\"vertical-align: inherit;\"><span style=\"vertical-align: inherit;\"><span style=\"vertical-align: inherit;\">Cela inclut :<\/span><\/span><\/span><\/span><\/span><\/span><\/p>\n<ul>\n<li><span style=\"vertical-align: inherit;\"><span style=\"vertical-align: inherit;\"><span style=\"vertical-align: inherit;\"><span style=\"vertical-align: inherit;\"><span style=\"vertical-align: inherit;\"><span style=\"vertical-align: inherit;\">La pr\u00e9paration \u00e0 l&rsquo;entr\u00e9e en apprentissage<\/span><\/span><\/span><\/span><\/span><\/span><\/li>\n<li><span style=\"vertical-align: inherit;\"><span style=\"vertical-align: inherit;\"><span style=\"vertical-align: inherit;\"><span style=\"vertical-align: inherit;\"><span style=\"vertical-align: inherit;\"><span style=\"vertical-align: inherit;\">Des formations qualifiantes ou pr\u00e9-qualifiantes dans des secteurs tels que la transition \u00e9cologique, le num\u00e9rique et la sant\u00e9<\/span><\/span><\/span><\/span><\/span><\/span><\/li>\n<li><span style=\"vertical-align: inherit;\"><span style=\"vertical-align: inherit;\"><span style=\"vertical-align: inherit;\"><span style=\"vertical-align: inherit;\"><span style=\"vertical-align: inherit;\"><span style=\"vertical-align: inherit;\">Des missions d&rsquo;int\u00e9r\u00eat g\u00e9n\u00e9ral gr\u00e2ce au service civique<\/span><\/span><\/span><\/span><\/span><\/span><\/li>\n<li><span style=\"vertical-align: inherit;\"><span style=\"vertical-align: inherit;\"><span style=\"vertical-align: inherit;\"><span style=\"vertical-align: inherit;\"><span style=\"vertical-align: inherit;\"><span style=\"vertical-align: inherit;\">Des stages ou des immersions en entreprise<\/span><\/span><\/span><\/span><\/span><\/span><\/li>\n<\/ul>\n<p><span style=\"vertical-align: inherit;\"><span style=\"vertical-align: inherit;\"><span style=\"vertical-align: inherit;\"><span style=\"vertical-align: inherit;\"><span style=\"vertical-align: inherit;\"><span style=\"vertical-align: inherit;\">L&rsquo;objectif central de ce programme est d&rsquo;offrir un <strong>soutien aux jeunes<\/strong> pour faciliter leur transition vers le monde professionnel, que ce soit par le biais de la formation ou de l&rsquo;assistance dans la recherche d&#8217;emploi.<\/span><\/span><\/span><\/span><\/span><\/span><\/p>\n<p><span style=\"vertical-align: inherit;\"><span style=\"vertical-align: inherit;\"><span style=\"vertical-align: inherit;\"><span style=\"vertical-align: inherit;\"><span style=\"vertical-align: inherit;\"><span style=\"vertical-align: inherit;\">Ce programme propose plusieurs solutions, notamment :<\/span><\/span><\/span><\/span><\/span><\/span><\/p>\n<ul>\n<li><span style=\"vertical-align: inherit;\"><span style=\"vertical-align: inherit;\"><span style=\"vertical-align: inherit;\"><span style=\"vertical-align: inherit;\"><span style=\"vertical-align: inherit;\"><span style=\"vertical-align: inherit;\">La construction d&rsquo;un projet professionnel \u00e0 travers des immersions en entreprise et des stages<\/span><\/span><\/span><\/span><\/span><\/span><\/li>\n<li><span style=\"vertical-align: inherit;\"><span style=\"vertical-align: inherit;\"><span style=\"vertical-align: inherit;\"><span style=\"vertical-align: inherit;\"><span style=\"vertical-align: inherit;\"><span style=\"vertical-align: inherit;\">Le d\u00e9veloppement des comp\u00e9tences par la mise en place d&rsquo;un parcours de formation<\/span><\/span><\/span><\/span><\/span><\/span><\/li>\n<li><span style=\"vertical-align: inherit;\"><span style=\"vertical-align: inherit;\"><span style=\"vertical-align: inherit;\"><span style=\"vertical-align: inherit;\"><span style=\"vertical-align: inherit;\"><span style=\"vertical-align: inherit;\">La remise \u00e0 niveau<\/span><\/span><\/span><\/span><\/span><\/span><\/li>\n<li><span style=\"vertical-align: inherit;\"><span style=\"vertical-align: inherit;\"><span style=\"vertical-align: inherit;\"><span style=\"vertical-align: inherit;\"><span style=\"vertical-align: inherit;\"><span style=\"vertical-align: inherit;\">Le travail sur les savoir-\u00eatre<\/span><\/span><\/span><\/span><\/span><\/span><\/li>\n<li><span style=\"vertical-align: inherit;\"><span style=\"vertical-align: inherit;\"><span style=\"vertical-align: inherit;\"><span style=\"vertical-align: inherit;\"><span style=\"vertical-align: inherit;\"><span style=\"vertical-align: inherit;\">L&rsquo;acquisition d&rsquo;exp\u00e9riences professionnelles<\/span><\/span><\/span><\/span><\/span><\/span><\/li>\n<li><span style=\"vertical-align: inherit;\"><span style=\"vertical-align: inherit;\"><span style=\"vertical-align: inherit;\"><span style=\"vertical-align: inherit;\"><span style=\"vertical-align: inherit;\"><span style=\"vertical-align: inherit;\">La pr\u00e9paration d&rsquo;une candidature notamment la r\u00e9daction de CV et de lettres de motivation<\/span><\/span><\/span><\/span><\/span><\/span><\/li>\n<li><span style=\"vertical-align: inherit;\"><span style=\"vertical-align: inherit;\"><span style=\"vertical-align: inherit;\"><span style=\"vertical-align: inherit;\"><span style=\"vertical-align: inherit;\"><span style=\"vertical-align: inherit;\">La recherche de solutions d&#8217;emploi telle que la pr\u00e9paration d&rsquo;une r\u00e9ponse \u00e0 une offre d&#8217;emploi ou \u00e0 un entretien d&#8217;embauche<\/span><\/span><\/span><\/span><\/span><\/span><\/li>\n<li><span style=\"vertical-align: inherit;\"><span style=\"vertical-align: inherit;\"><span style=\"vertical-align: inherit;\"><span style=\"vertical-align: inherit;\"><span style=\"vertical-align: inherit;\"><span style=\"vertical-align: inherit;\">La sensibilisation \u00e0 la cr\u00e9ation d&rsquo;entreprise<\/span><\/span><\/span><\/span><\/span><\/span><\/li>\n<li><span style=\"vertical-align: inherit;\"><span style=\"vertical-align: inherit;\"><span style=\"vertical-align: inherit;\"><span style=\"vertical-align: inherit;\"><span style=\"vertical-align: inherit;\"><span style=\"vertical-align: inherit;\">La pr\u00e9paration d&rsquo;un projet<\/span><\/span><\/span><\/span><\/span><\/span><\/li>\n<li><span style=\"vertical-align: inherit;\"><span style=\"vertical-align: inherit;\"><span style=\"vertical-align: inherit;\"><span style=\"vertical-align: inherit;\"><span style=\"vertical-align: inherit;\"><span style=\"vertical-align: inherit;\">L&rsquo;accompagnement dans les d\u00e9marches administratives<\/span><\/span><\/span><\/span><\/span><\/span><\/li>\n<\/ul>\n<p><span style=\"vertical-align: inherit;\"><span style=\"vertical-align: inherit;\"><span style=\"vertical-align: inherit;\"><span style=\"vertical-align: inherit;\"><span style=\"vertical-align: inherit;\"><span style=\"vertical-align: inherit;\">Par ailleurs, il vise \u00e0 renforcer la confiance et la mobilisation des jeunes, notamment en travaillant sur leur image, leur engagement et par le biais du mentorat. <\/span><\/span><\/span><\/span><\/span><span style=\"vertical-align: inherit;\"><span style=\"vertical-align: inherit;\"><span style=\"vertical-align: inherit;\"><span style=\"vertical-align: inherit;\"><span style=\"vertical-align: inherit;\">Enfin, des activit\u00e9s sont mises en place pour r\u00e9pondre \u00e0 des besoins concrets en mati\u00e8re de sant\u00e9, de mobilit\u00e9, de logement et de gestion du budget.<\/span><\/span><\/span><\/span><\/span><\/span><\/p>\n<p><iframe loading=\"lazy\" title=\"Le Contrat d&#039;Engagement Jeune (CEJ)\" width=\"500\" height=\"375\" src=\"https:\/\/www.youtube.com\/embed\/f_Hf5LBMHeQ?feature=oembed\" frameborder=\"0\" allow=\"accelerometer; autoplay; clipboard-write; encrypted-media; gyroscope; picture-in-picture; web-share\" referrerpolicy=\"strict-origin-when-cross-origin\" allowfullscreen><\/iframe><\/p>\n<h1><span style=\"vertical-align: inherit;\">Les d\u00e9marches CEJ : comment b\u00e9n\u00e9ficier de l&rsquo;allocation en 2025 ?<\/span><\/h1>\n<h2><span style=\"vertical-align: inherit;\">Aupr\u00e8s de France Travail ou de la Mission Locale<\/span><\/h2>\n<p><span style=\"vertical-align: inherit;\">Pour solliciter un Contrat d&rsquo;Engagement Jeune, il est n\u00e9cessaire de vous rendre \u00e0 la M<\/span><span style=\"vertical-align: inherit;\">ission locale<\/span><span style=\"vertical-align: inherit;\"> ou dans l&rsquo;agence France Travail la plus proche de votre domicile. Un <strong>entretien avec un conseiller<\/strong> sera conduit afin d&rsquo;\u00e9valuer la pertinence du CEJ pour votre situation. Cet entretien peut se d\u00e9rouler en personne ou \u00e0 distance. Pour formuler votre demande, vous devez visiter le site 1Jeune1Solution et compl\u00e9ter le <strong>formulaire en ligne<\/strong>. Une fois la demande soumise, un conseiller prendra contact avec vous pour la suite du processus.<\/span><\/p>\n<h2><span style=\"vertical-align: inherit;\">Gr\u00e2ce \u00e0 un expert Mes Allocs<\/span><\/h2>\n<p><span style=\"vertical-align: inherit;\">Dans le cadre de la d\u00e9marche pour obtenir un Contrat d&rsquo;Engagement Jeune (CEJ), l&rsquo;assistance d&rsquo;un expert Mes Allocs peut s&rsquo;av\u00e9rer particuli\u00e8rement avantageuse. Mes Allocs propose une <strong>aide personnalis\u00e9e<\/strong> et efficace dans le processus de demande, offrant plusieurs avantages significatifs. La rapidit\u00e9 constitue l&rsquo;un de ces atouts majeurs, avec la possibilit\u00e9 de r\u00e9aliser une simulation gratuite des droits en seulement <\/span><strong><span style=\"vertical-align: inherit;\">2 minutes<\/span><\/strong><span style=\"vertical-align: inherit;\"> , suivie d&rsquo;une prise en charge imm\u00e9diate par un expert d\u00e9di\u00e9. Cet accompagnement global vise \u00e0 identifier toutes les aides disponibles pour augmenter votre pouvoir d&rsquo;achat et r\u00e9duire vos charges.<\/span><\/p>\n<p><span style=\"vertical-align: inherit;\">Le <a href=\"https:\/\/www.mes-allocs.fr\/guides\/contrat-engagement-jeune\/simulation-cej\/\"><strong>simulateur Mes Allocs<\/strong><\/a> est enti\u00e8rement gratuit, regroupant plus de <strong>1800 aides<\/strong> au niveau national, r\u00e9gional et local. Suite \u00e0 la simulation, l&rsquo;utilisateur peut solliciter l&rsquo;assistance des experts Mes Allocs pour faciliter les d\u00e9marches de demande d&rsquo;aides et <strong>r\u00e9duire les d\u00e9penses quotidiennes<\/strong> telles que l&rsquo;\u00e9lectricit\u00e9, le gaz, internet, le t\u00e9l\u00e9phone, les assurances et les mensualit\u00e9s de cr\u00e9dit.<\/span><\/p>\n<h1><span style=\"vertical-align: inherit;\"><span style=\"vertical-align: inherit;\"><span style=\"vertical-align: inherit;\"><span style=\"vertical-align: inherit;\"><span style=\"vertical-align: inherit;\"><span style=\"vertical-align: inherit;\"><span style=\"vertical-align: inherit;\"><span style=\"vertical-align: inherit;\"><span style=\"vertical-align: inherit;\"><span style=\"vertical-align: inherit;\"><span style=\"vertical-align: inherit;\"><span style=\"vertical-align: inherit;\"><span style=\"vertical-align: inherit;\"><span style=\"vertical-align: inherit;\"><span style=\"vertical-align: inherit;\"><span style=\"vertical-align: inherit;\"><span style=\"vertical-align: inherit;\"><span style=\"vertical-align: inherit;\"><span style=\"vertical-align: inherit;\"><span style=\"vertical-align: inherit;\"><span style=\"vertical-align: inherit;\"><span style=\"vertical-align: inherit;\"><span style=\"vertical-align: inherit;\"><span style=\"vertical-align: inherit;\"><span style=\"vertical-align: inherit;\"><span style=\"vertical-align: inherit;\"><span style=\"vertical-align: inherit;\"><span style=\"vertical-align: inherit;\"><span style=\"vertical-align: inherit;\"><span style=\"vertical-align: inherit;\"><span style=\"vertical-align: inherit;\"><span style=\"vertical-align: inherit;\">Quel est le montant du CEJ en 2025 ?<\/span><\/span><\/span><\/span><\/span><\/span><\/span><\/span><\/span><\/span><\/span><\/span><\/span><\/span><\/span><\/span><\/span><\/span><\/span><\/span><\/span><\/span><\/span><\/span><\/span><\/span><\/span><\/span><\/span><\/span><\/span><\/span><\/h1>\n<p><span style=\"vertical-align: inherit;\"><span style=\"vertical-align: inherit;\"><span style=\"vertical-align: inherit;\"><span style=\"vertical-align: inherit;\">Le <a href=\"https:\/\/www.mes-allocs.fr\/guides\/contrat-engagement-jeune\/montant-cej\/\">montant forfaitaire de l&rsquo;ACEJ<\/a> (Allocation Contrat Engagement Jeune) conna\u00eet des variations en fonction de l&rsquo;<strong>\u00e2ge<\/strong>, de la <strong>situation fiscale<\/strong> et du <strong>lieu de r\u00e9sidence<\/strong>.<\/span><\/span><\/span><\/span><\/p>\n<ul>\n<li><span style=\"vertical-align: inherit;\"><span style=\"vertical-align: inherit;\"><span style=\"vertical-align: inherit;\"><span style=\"vertical-align: inherit;\">Pour les personnes \u00e2g\u00e9es de 18 \u00e0 25 ans (29 ans en cas de handicap), le montant mensuel atteint <strong>552\u20ac<\/strong> pour les non-imposables en France m\u00e9tropolitaine et 300,96\u20ac \u00e0 Mayotte.<\/span><\/span><\/span><\/span>\n<ul>\n<li><span style=\"vertical-align: inherit;\"><span style=\"vertical-align: inherit;\"><span style=\"vertical-align: inherit;\"><span style=\"vertical-align: inherit;\">Exemple : une personne de 22 ans, non imposable en France m\u00e9tropolitaine, percevrait ainsi 552<\/span><\/span><\/span><\/span><span style=\"vertical-align: inherit;\"><span style=\"vertical-align: inherit;\"><span style=\"vertical-align: inherit;\"><span style=\"vertical-align: inherit;\">\u20ac par mois.<\/span><\/span><\/span><\/span><\/li>\n<\/ul>\n<\/li>\n<li><span style=\"vertical-align: inherit;\"><span style=\"vertical-align: inherit;\"><span style=\"vertical-align: inherit;\"><span style=\"vertical-align: inherit;\">Pour les individus de 18 \u00e0 25 ans r\u00e9volus (29 ans en cas de handicap) et imposables dans la tranche 1, le montant mensuel est de <strong>331\u20ac<\/strong> en France m\u00e9tropolitaine, et de 188\u20ac \u00e0 Mayotte.<\/span><\/span><\/span><\/span>\n<ul>\n<li><span style=\"vertical-align: inherit;\"><span style=\"vertical-align: inherit;\"><span style=\"vertical-align: inherit;\"><span style=\"vertical-align: inherit;\">Exemple : une personne de 26 ans en situation de handicap, imposable dans la tranche 1 en France m\u00e9tropolitaine, recevrait 331\u20ac par mois.<\/span><\/span><\/span><\/span><\/li>\n<\/ul>\n<\/li>\n<li><span style=\"vertical-align: inherit;\"><span style=\"vertical-align: inherit;\"><span style=\"vertical-align: inherit;\"><span style=\"vertical-align: inherit;\">Pour les jeunes de 16 \u00e0 18 ans r\u00e9volus, le montant mensuel est de <strong>220\u20ac<\/strong>, qu&rsquo;ils soient non imposables ou imposables dans la tranche 1 et \u00e0 Mayotte, ce montant s&rsquo;\u00e9l\u00e8ve \u00e0 125\u20ac.<\/span><\/span><\/span><\/span>\n<ul>\n<li><span style=\"vertical-align: inherit;\"><span style=\"vertical-align: inherit;\"><span style=\"vertical-align: inherit;\"><span style=\"vertical-align: inherit;\">Exemple : un adolescent de 17 ans, non imposable \u00e0 Mayotte, recevrait une Allocation d&rsquo;Engagement Jeune de 125\u20ac par mois.<\/span><\/span><\/span><\/span><\/li>\n<\/ul>\n<\/li>\n<\/ul>\n<p><span style=\"vertical-align: inherit;\"><span style=\"vertical-align: inherit;\"><span style=\"vertical-align: inherit;\"><span style=\"vertical-align: inherit;\">Il est \u00e0 noter qu&rsquo;il existe une d\u00e9duction mensuelle des ressources per\u00e7ues le mois pr\u00e9c\u00e9dent sur ce forfait. <\/span><\/span><\/span><span style=\"vertical-align: inherit;\"><span style=\"vertical-align: inherit;\"><span style=\"vertical-align: inherit;\">Cette particularit\u00e9 assure une prise en compte dynamique des revenus pour garantir une allocation b\u00e9n\u00e9ficiant de la situation financi\u00e8re actuelle des b\u00e9n\u00e9ficiaires.<\/span><\/span><\/span><\/span><\/p>\n<p><span style=\"vertical-align: inherit;\"><span style=\"vertical-align: inherit;\"><span style=\"vertical-align: inherit;\"><span style=\"vertical-align: inherit;\">\n<div class=\"wpdt-c row wpDataTableContainerSimpleTable wpDataTables wpDataTablesWrapper\n\"\n    >\n    <table id=\"wpdtSimpleTable-498\"\n           class=\"wpdtSimpleTable wpDataTable\"\n           data-column=\"4\"\n           data-rows=\"4\"\n           data-wpID=\"498\"\n           data-responsive=\"0\"\n           data-has-header=\"1\">\n\n                    <thead>        <tr class=\"wpdt-cell-row \" >\n                            <th class=\"wpdt-cell wpdt-bc-E8E8E8\"\n                                    data-cell-id=\"A1\"\n                data-col-index=\"0\"\n                data-row-index=\"0\"\n                style=\" width:24.056603773585%;                padding:10px;\"\n                >\n                                \u00c2ge                <\/th>\n                                            <th class=\"wpdt-cell wpdt-bc-E8E8E8\"\n                                    data-cell-id=\"B1\"\n                data-col-index=\"1\"\n                data-row-index=\"0\"\n                style=\" width:44.496855345912%;                padding:10px;\"\n                >\n                                Situation fiscale                <\/th>\n                                            <th class=\"wpdt-cell wpdt-bc-E8E8E8\"\n                                    data-cell-id=\"C1\"\n                data-col-index=\"2\"\n                data-row-index=\"0\"\n                style=\" width:15.723270440252%;                padding:10px;\"\n                >\n                                Montant mensuel                <\/th>\n                                            <th class=\"wpdt-cell wpdt-bc-E8E8E8\"\n                                    data-cell-id=\"D1\"\n                data-col-index=\"3\"\n                data-row-index=\"0\"\n                style=\" width:15.723270440252%;                padding:10px;\"\n                >\n                                Mayotte                <\/th>\n                                        <\/tr>\n                    <tbody>        <tr class=\"wpdt-cell-row \" >\n                            <td class=\"wpdt-cell wpdt-wrap-text\"\n                                    data-cell-id=\"A2\"\n                data-col-index=\"0\"\n                data-row-index=\"1\"\n                style=\"                padding:10px;\"\n                >\n                                Entre 16 et 18 ans                <\/td>\n                                            <td class=\"wpdt-cell wpdt-wrap-text\"\n                                    data-cell-id=\"B2\"\n                data-col-index=\"1\"\n                data-row-index=\"1\"\n                style=\"                padding:10px;\"\n                >\n                                Vous ou votre foyer fiscal \u00eates non-imposable, ou imposable au titre de la tranche 1 d\u2019imposition                <\/td>\n                                            <td class=\"wpdt-cell \"\n                                    data-cell-id=\"C2\"\n                data-col-index=\"2\"\n                data-row-index=\"1\"\n                style=\"                padding:10px;\"\n                >\n                                220,92\u202f\u20ac                <\/td>\n                                            <td class=\"wpdt-cell wpdt-bc-E8E8E8\"\n                                    data-cell-id=\"D2\"\n                data-col-index=\"3\"\n                data-row-index=\"1\"\n                style=\"                padding:10px;\"\n                >\n                                125,92                <\/td>\n                                        <\/tr>\n                            <tr class=\"wpdt-cell-row \" >\n                            <td class=\"wpdt-cell wpdt-wrap-text\"\n                                    data-cell-id=\"A3\"\n                data-col-index=\"0\"\n                data-row-index=\"2\"\n                style=\"                padding:10px;\"\n                >\n                                Entre 18 et 25 ans r\u00e9volus (29 ans r\u00e9volus en situation de handicap)                <\/td>\n                                            <td class=\"wpdt-cell wpdt-wrap-text\"\n                                    data-cell-id=\"B3\"\n                data-col-index=\"1\"\n                data-row-index=\"2\"\n                style=\"                padding:10px;\"\n                >\n                                Vous ou votre foyer fiscal \u00eates non-imposable                <\/td>\n                                            <td class=\"wpdt-cell \"\n                                    data-cell-id=\"C3\"\n                data-col-index=\"2\"\n                data-row-index=\"2\"\n                style=\"                padding:10px;\"\n                >\n                                552,29\u202f\u20ac                <\/td>\n                                            <td class=\"wpdt-cell wpdt-bc-E8E8E8\"\n                                    data-cell-id=\"D3\"\n                data-col-index=\"3\"\n                data-row-index=\"2\"\n                style=\"                padding:10px;\"\n                >\n                                314,80\u202f\u20ac                <\/td>\n                                        <\/tr>\n                            <tr class=\"wpdt-cell-row \" >\n                            <td class=\"wpdt-cell wpdt-bc-E8E8E8\"\n                                    data-cell-id=\"A4\"\n                data-col-index=\"0\"\n                data-row-index=\"3\"\n                style=\"                padding:10px;\"\n                >\n                                Entre 18 et 25 ans r\u00e9volus (29 ans r\u00e9volus en situation de handicap)                <\/td>\n                                            <td class=\"wpdt-cell wpdt-bc-E8E8E8\"\n                                    data-cell-id=\"B4\"\n                data-col-index=\"1\"\n                data-row-index=\"3\"\n                style=\"                padding:10px;\"\n                >\n                                Vous ou votre foyer fiscal \u00eates imposable au titre de la tranche 1 d'imposition                <\/td>\n                                            <td class=\"wpdt-cell wpdt-bc-E8E8E8\"\n                                    data-cell-id=\"C4\"\n                data-col-index=\"2\"\n                data-row-index=\"3\"\n                style=\"                padding:10px;\"\n                >\n                                331,17\u202f\u20ac                <\/td>\n                                            <td class=\"wpdt-cell wpdt-bc-E8E8E8\"\n                                    data-cell-id=\"D4\"\n                data-col-index=\"3\"\n                data-row-index=\"3\"\n                style=\"                padding:10px;\"\n                >\n                                188,89\u202f\u20ac                <\/td>\n                                        <\/tr>\n                    <\/table>\n<\/div><style id='wpdt-custom-style-498'>\ntable#wpdtSimpleTable-498{ table-layout: fixed !important; }\n.wpdt-bc-E8E8E8 { background-color: #E8E8E8 !important;}\n<\/style>\n<\/span><\/span><\/span><\/span><\/p>\n<h1><span style=\"vertical-align: inherit;\"><span style=\"vertical-align: inherit;\"><span style=\"vertical-align: inherit;\"><span style=\"vertical-align: inherit;\"><span style=\"vertical-align: inherit;\"><span style=\"vertical-align: inherit;\"><span style=\"vertical-align: inherit;\"><span style=\"vertical-align: inherit;\"><span style=\"vertical-align: inherit;\"><span style=\"vertical-align: inherit;\"><span style=\"vertical-align: inherit;\"><span style=\"vertical-align: inherit;\"><span style=\"vertical-align: inherit;\"><span style=\"vertical-align: inherit;\">Quels sont les droits et devoirs du b\u00e9n\u00e9ficiaire ?<\/span><\/span><\/span><\/span><\/span><\/span><\/span><\/span><\/span><\/span><\/span><\/span><\/span><\/span><\/h1>\n<h2><span style=\"vertical-align: inherit;\"><span style=\"vertical-align: inherit;\"><span style=\"vertical-align: inherit;\"><span style=\"vertical-align: inherit;\"><span style=\"vertical-align: inherit;\"><span style=\"vertical-align: inherit;\"><span style=\"vertical-align: inherit;\"><span style=\"vertical-align: inherit;\"><span style=\"vertical-align: inherit;\"><span style=\"vertical-align: inherit;\"><span style=\"vertical-align: inherit;\"><span style=\"vertical-align: inherit;\"><span style=\"vertical-align: inherit;\"><span style=\"vertical-align: inherit;\">Les obligations du b\u00e9n\u00e9ficiaire<\/span><\/span><\/span><\/span><\/span><\/span><\/span><\/span><\/span><\/span><\/span><\/span><\/span><\/span><\/h2>\n<p><span style=\"vertical-align: inherit;\"><span style=\"vertical-align: inherit;\"><span style=\"vertical-align: inherit;\"><span style=\"vertical-align: inherit;\">Le bon fonctionnement du Contrat d&rsquo;Engagement Jeune repose principalement sur une condition fondamentale : la motivation du b\u00e9n\u00e9ficiaire et son adh\u00e9sion totale aux formations, \u00e9tapes et opportunit\u00e9s professionnelles qui lui seront pr\u00e9sent\u00e9es dans le cadre du programme. <\/span><\/span><\/span><span style=\"vertical-align: inherit;\"><span style=\"vertical-align: inherit;\"><span style=\"vertical-align: inherit;\">Une acceptation totale de ces <strong>engagements<\/strong> se r\u00e9v\u00e8le \u00eatre un imp\u00e9ratif majeur pour garantir le succ\u00e8s du programme. <\/span><\/span><\/span><span style=\"vertical-align: inherit;\"><span style=\"vertical-align: inherit;\"><span style=\"vertical-align: inherit;\">Il est important de souligner que la participation au dispositif peut \u00eatre provisoirement suspendue si le b\u00e9n\u00e9ficiaire refuse ou n\u00e9glige de respecter les engagements pris lors de son adh\u00e9sion. <\/span><\/span><\/span><span style=\"vertical-align: inherit;\"><span style=\"vertical-align: inherit;\"><span style=\"vertical-align: inherit;\">Cette exigence s&rsquo;av\u00e8re essentielle pour assurer une continuit\u00e9 fluide du programme, soulignant l&rsquo;interd\u00e9pendance entre l&rsquo;engagement individuel et la r\u00e9ussite de cette <strong>initiative d&rsquo;accompagnement vers l&#8217;emploi<\/strong>.<\/span><\/span><\/span><\/span><\/p>\n<h2><span style=\"vertical-align: inherit;\"><span style=\"vertical-align: inherit;\"><span style=\"vertical-align: inherit;\"><span style=\"vertical-align: inherit;\"><span style=\"vertical-align: inherit;\"><span style=\"vertical-align: inherit;\"><span style=\"vertical-align: inherit;\"><span style=\"vertical-align: inherit;\"><span style=\"vertical-align: inherit;\"><span style=\"vertical-align: inherit;\"><span style=\"vertical-align: inherit;\"><span style=\"vertical-align: inherit;\"><span style=\"vertical-align: inherit;\"><span style=\"vertical-align: inherit;\">Les droits du b\u00e9n\u00e9ficiaire<\/span><\/span><\/span><\/span><\/span><\/span><\/span><\/span><\/span><\/span><\/span><\/span><\/span><\/span><\/h2>\n<p><span style=\"vertical-align: inherit;\"><span style=\"vertical-align: inherit;\"><span style=\"vertical-align: inherit;\"><span style=\"vertical-align: inherit;\">Ce programme se caract\u00e9rise par son engagement \u00e0 offrir un accompagnement approfondi qui couvre l&rsquo;int\u00e9gralit\u00e9 du parcours professionnel, allant de la recherche d&#8217;emploi \u00e0 la concr\u00e9tisation d&rsquo;un Contrat \u00e0 Dur\u00e9e Ind\u00e9termin\u00e9e (CDI), d&rsquo;un Contrat \u00e0 Dur\u00e9e D\u00e9termin\u00e9e ( CDD), d&rsquo;un contrat d&rsquo;apprentissage, de formations adapt\u00e9es ou encore d&rsquo;un parcours d&rsquo;insertion. <\/span><\/span><\/span><span style=\"vertical-align: inherit;\"><span style=\"vertical-align: inherit;\"><span style=\"vertical-align: inherit;\">L&rsquo;objectif de cet accompagnement est de fournir aux participants une assistance globale pour assurer leur int\u00e9gration r\u00e9ussie dans le monde professionnel. <\/span><\/span><\/span><span style=\"vertical-align: inherit;\"><span style=\"vertical-align: inherit;\"><span style=\"vertical-align: inherit;\">De plus, chaque individu participant \u00e0 ce programme b\u00e9n\u00e9ficie d&rsquo;un <\/span><\/span><\/span><\/span><strong><span style=\"vertical-align: inherit;\"><span style=\"vertical-align: inherit;\"><span style=\"vertical-align: inherit;\"><span style=\"vertical-align: inherit;\">soutien financier mensuel<\/span><\/span><\/span><\/span><\/strong><span style=\"vertical-align: inherit;\"><span style=\"vertical-align: inherit;\"><span style=\"vertical-align: inherit;\"><span style=\"vertical-align: inherit;\">, renfor\u00e7ant ainsi le caract\u00e8re concret et pratique de cette initiative. <\/span><\/span><\/span><span style=\"vertical-align: inherit;\"><span style=\"vertical-align: inherit;\"><span style=\"vertical-align: inherit;\">Cette <a href=\"https:\/\/www.mes-allocs.fr\/guides\/contrat-engagement-jeune\/allocation-cej\/\">allocation mensuelle<\/a> repr\u00e9sente un appui financier suppl\u00e9mentaire, illustrant l&rsquo;engagement continu du programme \u00e0 soutenir les participants dans la r\u00e9alisation de leurs objectifs professionnels tout en assurant une stabilit\u00e9 financi\u00e8re.<\/span><\/span><\/span><\/span><\/p>\n<div class='cta-block'><div class='text'>Simulez votre \u00e9ligibilit\u00e9 au CEJ en 2 min. Gratuit.<\/div><a href='https:\/\/www.mes-allocs.fr\/ab-app?origin=guides\/wp-json\/wp\/v2\/posts\/73916' class='app-button fit'>Simulation gratuite<\/a><\/div>\n","protected":false},"excerpt":{"rendered":"<p>Le contrat d&rsquo;engagement jeune, con\u00e7u sp\u00e9cialement pour les jeunes \u00e2g\u00e9s de 16 \u00e0 25 ans en situation pr\u00e9caire, offre un soutien actif allant de 15 \u00e0 20 heures par semaine, visant \u00e0 faciliter l&rsquo;acc\u00e8s \u00e0 un emploi durable ou \u00e0 un contrat d&rsquo; apprentissage. Ce programme est compl\u00e9t\u00e9 par une allocation dont le montant varie [&hellip;]<\/p>\n","protected":false},"author":28,"featured_media":10754,"comment_status":"open","ping_status":"open","sticky":false,"template":"","format":"standard","meta":{"amp_status":"","footnotes":""},"categories":[30057],"tags":[],"class_list":["post-73916","post","type-post","status-publish","format-standard","has-post-thumbnail","hentry","category-contrat-engagement-jeune"],"yoast_head":"<!-- This site is optimized with the Yoast SEO plugin v14.9 - https:\/\/yoast.com\/wordpress\/plugins\/seo\/ -->\n<title>Quelles d\u00e9marches effectuer pour recevoir l&#039;allocation CEJ en 2025 ?<\/title>\n<meta name=\"description\" content=\"Faites-vous accompagner par un expert Mes Allocs dans vos d\u00e9marches CEJ (contrat engagement jeune) pour b\u00e9n\u00e9ficier de l&#039;allocation.\" \/>\n<meta name=\"robots\" content=\"index, follow, max-snippet:-1, max-image-preview:large, max-video-preview:-1\" \/>\n<link rel=\"canonical\" href=\"https:\/\/www.mes-allocs.fr\/guides\/contrat-engagement-jeune\/demarches-cej\/\" \/>\n<meta property=\"og:locale\" content=\"fr_FR\" \/>\n<meta property=\"og:type\" content=\"article\" \/>\n<meta property=\"og:title\" content=\"Quelles d\u00e9marches effectuer pour recevoir l&#039;allocation CEJ en 2025 ?\" \/>\n<meta property=\"og:description\" content=\"Faites-vous accompagner par un expert Mes Allocs dans vos d\u00e9marches CEJ (contrat engagement jeune) pour b\u00e9n\u00e9ficier de l&#039;allocation.\" \/>\n<meta property=\"og:url\" content=\"https:\/\/www.mes-allocs.fr\/guides\/contrat-engagement-jeune\/demarches-cej\/\" \/>\n<meta property=\"og:site_name\" content=\"Mes-Allocs.fr\" \/>\n<meta property=\"article:published_time\" content=\"2024-02-14T07:52:08+00:00\" \/>\n<meta property=\"article:modified_time\" content=\"2026-04-22T09:55:14+00:00\" \/>\n<meta property=\"og:image\" content=\"https:\/\/www.mes-allocs.fr\/guides\/wp-content\/uploads\/2020\/08\/Les-volontaires-en-service-civique-ont-ils-un-CPF-.jpg?wsr\" \/>\n\t<meta property=\"og:image:width\" content=\"1280\" \/>\n\t<meta property=\"og:image:height\" content=\"960\" \/>\n<meta name=\"twitter:card\" content=\"summary_large_image\" \/>\n<script type=\"application\/ld+json\" class=\"yoast-schema-graph\">{\"@context\":\"https:\/\/schema.org\",\"@graph\":[{\"@type\":\"WebSite\",\"@id\":\"https:\/\/www.mes-allocs.fr\/guides\/#website\",\"url\":\"https:\/\/www.mes-allocs.fr\/guides\/\",\"name\":\"Mes-Allocs.fr\",\"description\":\"\",\"potentialAction\":[{\"@type\":\"SearchAction\",\"target\":\"https:\/\/www.mes-allocs.fr\/guides\/?s={search_term_string}\",\"query-input\":\"required name=search_term_string\"}],\"inLanguage\":\"fr-FR\"},{\"@type\":\"ImageObject\",\"@id\":\"https:\/\/www.mes-allocs.fr\/guides\/contrat-engagement-jeune\/demarches-cej\/#primaryimage\",\"inLanguage\":\"fr-FR\",\"url\":\"https:\/\/www.mes-allocs.fr\/guides\/wp-content\/uploads\/2020\/08\/Les-volontaires-en-service-civique-ont-ils-un-CPF-.jpg?wsr\",\"width\":1280,\"height\":960,\"caption\":\"d\\u00e9marches cej\"},{\"@type\":\"WebPage\",\"@id\":\"https:\/\/www.mes-allocs.fr\/guides\/contrat-engagement-jeune\/demarches-cej\/#webpage\",\"url\":\"https:\/\/www.mes-allocs.fr\/guides\/contrat-engagement-jeune\/demarches-cej\/\",\"name\":\"Quelles d\\u00e9marches effectuer pour recevoir l'allocation CEJ en 2025 ?\",\"isPartOf\":{\"@id\":\"https:\/\/www.mes-allocs.fr\/guides\/#website\"},\"primaryImageOfPage\":{\"@id\":\"https:\/\/www.mes-allocs.fr\/guides\/contrat-engagement-jeune\/demarches-cej\/#primaryimage\"},\"datePublished\":\"2024-02-14T07:52:08+00:00\",\"dateModified\":\"2026-04-22T09:55:14+00:00\",\"author\":{\"@id\":\"https:\/\/www.mes-allocs.fr\/guides\/#\/schema\/person\/e506e10a355aa02ef75c736bcb442d65\"},\"description\":\"Faites-vous accompagner par un expert Mes Allocs dans vos d\\u00e9marches CEJ (contrat engagement jeune) pour b\\u00e9n\\u00e9ficier de l'allocation.\",\"inLanguage\":\"fr-FR\"},{\"@type\":\"Person\",\"@id\":\"https:\/\/www.mes-allocs.fr\/guides\/#\/schema\/person\/e506e10a355aa02ef75c736bcb442d65\",\"name\":\"Janelle Legros\",\"image\":{\"@type\":\"ImageObject\",\"@id\":\"https:\/\/www.mes-allocs.fr\/guides\/#personlogo\",\"inLanguage\":\"fr-FR\",\"url\":\"https:\/\/www.mes-allocs.fr\/guides\/wp-content\/uploads\/2024\/01\/c7a29860-f8e7-4078-8a51-6cd71447d7e9.jpeg\",\"caption\":\"Janelle Legros\"},\"description\":\"Janelle est r\\u00e9dactrice web et charg\\u00e9e de communication pour Mes Allocs. Sp\\u00e9cialiste des d\\u00e9marches administratives, elle rejoint l'\\u00e9quipe Mes Allocs apr\\u00e8s une premi\\u00e8re exp\\u00e9rience en journalisme.\",\"sameAs\":[\"https:\/\/www.linkedin.com\/in\/janelle-legros\/\"]}]}<\/script>\n<!-- \/ Yoast SEO plugin. -->","amp_validity":null,"acf":{"faq":{"1":{"question":"Faut-il d\u00e9clarer le Contrat d'Engagement Jeune (CEJ) \u00e0 la CAF ?","answer":"La d\u00e9claration du CEJ \u00e0 la CAF n'est pas n\u00e9cessaire, car le CEJ est non-imposable."},"2":{"question":"Qui verse l'allocation du CEJ ?","answer":"Lorsque l'accompagnement est pris en charge par une mission locale, c'est l'ASP qui assure le versement mensuel de l'allocation au jeune. Sinon, il s'agit de France Travail. "},"3":{"question":"Quelle est la date de r\u00e9ception du paiement de l'Allocation CEJ ?","answer":"Le paiement de l'Allocation CEJ intervient g\u00e9n\u00e9ralement aux alentours du 15 du mois."},"4":{"question":"Le CEJ est-il cumulable avec d'autres revenus ?","answer":"Le CEJ est cumulable avec l'AAH. Certains revenus seront d\u00e9duits ou partiellement d\u00e9fuits de l'allocation. En revanche, le RSA n'est pas cumulable."},"5":{"question":"Est-ce que le CEJ donne droit \u00e0 une allocation ?","answer":"Oui, le CEJ r\u00e9mun\u00e8re les jeunes li\u00e9s \u00e0 un contrat d'engagement. Au maximum 552\u20ac par mois, mais cela d\u00e9pend de l'\u00e2ge, de la situation familiale et du lieu de r\u00e9sidence."},"6":{"question":"Quels sont les d\u00e9lais pour faire une demande de CEJ ?","answer":"Vous pouvez faire votre demande de Contrat d'Engagement Jeune \u00e0 tout moment de l'ann\u00e9e. Contactez Mes Allocs pour acc\u00e9l\u00e9rer votre demande. "},"7":{"question":"","answer":""},"8":{"question":"","answer":""},"9":{"question":"","answer":""},"10":{"question":"","answer":""},"11":{"question":"","answer":""},"12":{"question":"","answer":""},"13":{"question":"","answer":""},"14":{"question":"","answer":""},"15":{"question":"","answer":""},"16":{"question":"","answer":""}}},"_links":{"self":[{"href":"https:\/\/www.mes-allocs.fr\/guides\/wp-json\/wp\/v2\/posts\/73916","targetHints":{"allow":["GET"]}}],"collection":[{"href":"https:\/\/www.mes-allocs.fr\/guides\/wp-json\/wp\/v2\/posts"}],"about":[{"href":"https:\/\/www.mes-allocs.fr\/guides\/wp-json\/wp\/v2\/types\/post"}],"author":[{"embeddable":true,"href":"https:\/\/www.mes-allocs.fr\/guides\/wp-json\/wp\/v2\/users\/28"}],"replies":[{"embeddable":true,"href":"https:\/\/www.mes-allocs.fr\/guides\/wp-json\/wp\/v2\/comments?post=73916"}],"version-history":[{"count":16,"href":"https:\/\/www.mes-allocs.fr\/guides\/wp-json\/wp\/v2\/posts\/73916\/revisions"}],"predecessor-version":[{"id":89031,"href":"https:\/\/www.mes-allocs.fr\/guides\/wp-json\/wp\/v2\/posts\/73916\/revisions\/89031"}],"wp:featuredmedia":[{"embeddable":true,"href":"https:\/\/www.mes-allocs.fr\/guides\/wp-json\/wp\/v2\/media\/10754"}],"wp:attachment":[{"href":"https:\/\/www.mes-allocs.fr\/guides\/wp-json\/wp\/v2\/media?parent=73916"}],"wp:term":[{"taxonomy":"category","embeddable":true,"href":"https:\/\/www.mes-allocs.fr\/guides\/wp-json\/wp\/v2\/categories?post=73916"},{"taxonomy":"post_tag","embeddable":true,"href":"https:\/\/www.mes-allocs.fr\/guides\/wp-json\/wp\/v2\/tags?post=73916"}],"curies":[{"name":"wp","href":"https:\/\/api.w.org\/{rel}","templated":true}]}}