{"id":73599,"date":"2024-02-14T09:39:40","date_gmt":"2024-02-14T07:39:40","guid":{"rendered":"https:\/\/www.mes-allocs.fr\/guides\/?p=73599"},"modified":"2026-04-22T10:55:14","modified_gmt":"2026-04-22T09:55:14","slug":"contrat-engagement-jeune-conditions","status":"publish","type":"post","link":"https:\/\/www.mes-allocs.fr\/guides\/contrat-engagement-jeune\/contrat-engagement-jeune-conditions\/","title":{"rendered":"Les conditions pour b\u00e9n\u00e9ficier du Contrat d&rsquo;Engagement Jeune en 2025"},"content":{"rendered":"<p><img loading=\"lazy\" decoding=\"async\" class=\"aligncenter wp-image-73616 size-full\" title=\"contrat engagement jeune conditions\" src=\"https:\/\/www.mes-allocs.fr\/guides\/wp-content\/uploads\/2024\/01\/Banner-1-2.png\" alt=\"contrat engagement jeune conditions\" width=\"1500\" height=\"400\" srcset=\"https:\/\/www.mes-allocs.fr\/guides\/wp-content\/uploads\/2024\/01\/Banner-1-2.png 1500w, https:\/\/www.mes-allocs.fr\/guides\/wp-content\/uploads\/2024\/01\/Banner-1-2-300x80.png 300w, https:\/\/www.mes-allocs.fr\/guides\/wp-content\/uploads\/2024\/01\/Banner-1-2-1024x273.png 1024w, https:\/\/www.mes-allocs.fr\/guides\/wp-content\/uploads\/2024\/01\/Banner-1-2-768x205.png 768w, https:\/\/www.mes-allocs.fr\/guides\/wp-content\/uploads\/2024\/01\/Banner-1-2-600x160.png 600w\" sizes=\"auto, (max-width: 1500px) 100vw, 1500px\" \/><\/p>\n<p><strong><span style=\"vertical-align: inherit;\"><span style=\"vertical-align: inherit;\"><span style=\"vertical-align: inherit;\"><span style=\"vertical-align: inherit;\"><span style=\"vertical-align: inherit;\"><span style=\"vertical-align: inherit;\"><span style=\"vertical-align: inherit;\"><span style=\"vertical-align: inherit;\"><span style=\"vertical-align: inherit;\"><span style=\"vertical-align: inherit;\"><span style=\"vertical-align: inherit;\"><span style=\"vertical-align: inherit;\"><span style=\"vertical-align: inherit;\"><span style=\"vertical-align: inherit;\"><span style=\"vertical-align: inherit;\"><span style=\"vertical-align: inherit;\"><span style=\"vertical-align: inherit;\"><span style=\"vertical-align: inherit;\"><span style=\"vertical-align: inherit;\"><span style=\"vertical-align: inherit;\"><span style=\"vertical-align: inherit;\"><span style=\"vertical-align: inherit;\"><span style=\"vertical-align: inherit;\"><span style=\"vertical-align: inherit;\"><span style=\"vertical-align: inherit;\"><span style=\"vertical-align: inherit;\">Le <a href=\"https:\/\/www.mes-allocs.fr\/guides\/contrat-engagement-jeune\/\">CEJ<\/a><\/span><\/span><\/span><\/span><\/span><\/span><\/span><\/span><\/span><\/span><\/span><\/span><\/span><\/span><\/span><\/span><\/span><\/span><\/span><\/span><\/span><\/span><\/span><\/span><\/span><\/span><span style=\"vertical-align: inherit;\"><span style=\"vertical-align: inherit;\"><span style=\"vertical-align: inherit;\"><span style=\"vertical-align: inherit;\"><span style=\"vertical-align: inherit;\"><span style=\"vertical-align: inherit;\"><span style=\"vertical-align: inherit;\"><span style=\"vertical-align: inherit;\">, destin\u00e9 aux jeunes de 16 \u00e0 25 ans en situation pr\u00e9caire, propose un accompagnement intensif de 15 \u00e0 20 heures par semaine vers un emploi ou un contrat d&rsquo;apprentissage, accompagn\u00e9 d&rsquo;une allocation variable en fonction des ressources.<\/span><\/span><\/span><\/span><\/span><span style=\"vertical-align: inherit;\"><span style=\"vertical-align: inherit;\"><span style=\"vertical-align: inherit;\"><span style=\"vertical-align: inherit;\"><span style=\"vertical-align: inherit;\">\u00a0<\/span><\/span><\/span><\/span><\/span><\/span><\/span><span style=\"vertical-align: inherit;\"><span style=\"vertical-align: inherit;\"><span style=\"vertical-align: inherit;\"><span style=\"vertical-align: inherit;\"><span style=\"vertical-align: inherit;\"><span style=\"vertical-align: inherit;\"><span style=\"vertical-align: inherit;\">D\u00e9couvrons ensemble les conditions d\u2019\u00e9ligibilit\u00e9 \u00e0 l&rsquo;allocation du contrat d&rsquo;engagement jeune.<\/span><\/span><\/span><\/span><\/span><\/span><\/span><\/span><\/strong><\/p>\n<div class='cta-block'><div class='text'>Simulez votre \u00e9ligibilit\u00e9 au CEJ en 2 min. Gratuit.<\/div><a href='https:\/\/www.mes-allocs.fr\/ab-app?origin=guides\/wp-json\/wp\/v2\/posts\/73599' class='app-button fit'>Simulation gratuite<\/a><\/div>\n<h1><span style=\"vertical-align: inherit;\"><span style=\"vertical-align: inherit;\"><span style=\"vertical-align: inherit;\"><span style=\"vertical-align: inherit;\"><span style=\"vertical-align: inherit;\"><span style=\"vertical-align: inherit;\"><span style=\"vertical-align: inherit;\"><span style=\"vertical-align: inherit;\"><span style=\"vertical-align: inherit;\"><span style=\"vertical-align: inherit;\"><span style=\"vertical-align: inherit;\"><span style=\"vertical-align: inherit;\"><span style=\"vertical-align: inherit;\"><span style=\"vertical-align: inherit;\"><span style=\"vertical-align: inherit;\"><span style=\"vertical-align: inherit;\"><span style=\"vertical-align: inherit;\"><span style=\"vertical-align: inherit;\"><span style=\"vertical-align: inherit;\"><span style=\"vertical-align: inherit;\"><span style=\"vertical-align: inherit;\"><span style=\"vertical-align: inherit;\"><span style=\"vertical-align: inherit;\"><span style=\"vertical-align: inherit;\"><span style=\"vertical-align: inherit;\"><span style=\"vertical-align: inherit;\">Quelles conditions personnelles pour percevoir l&rsquo;allocation du Contrat d&rsquo;Engagement Jeune en 2025?<\/span><\/span><\/span><\/span><\/span><\/span><\/span><\/span><\/span><\/span><\/span><\/span><\/span><\/span><\/span><\/span><\/span><\/span><\/span><\/span><\/span><\/span><\/span><\/span><\/span><\/span><\/h1>\n<h2><span style=\"vertical-align: inherit;\"><span style=\"vertical-align: inherit;\"><span style=\"vertical-align: inherit;\"><span style=\"vertical-align: inherit;\"><span style=\"vertical-align: inherit;\"><span style=\"vertical-align: inherit;\"><span style=\"vertical-align: inherit;\"><span style=\"vertical-align: inherit;\"><span style=\"vertical-align: inherit;\"><span style=\"vertical-align: inherit;\"><span style=\"vertical-align: inherit;\"><span style=\"vertical-align: inherit;\"><span style=\"vertical-align: inherit;\"><span style=\"vertical-align: inherit;\"><span style=\"vertical-align: inherit;\"><span style=\"vertical-align: inherit;\"><span style=\"vertical-align: inherit;\"><span style=\"vertical-align: inherit;\"><span style=\"vertical-align: inherit;\"><span style=\"vertical-align: inherit;\"><span style=\"vertical-align: inherit;\"><span style=\"vertical-align: inherit;\"><span style=\"vertical-align: inherit;\"><span style=\"vertical-align: inherit;\"><span style=\"vertical-align: inherit;\"><span style=\"vertical-align: inherit;\">Si vous \u00eates en situation de handicap<\/span><\/span><\/span><\/span><\/span><\/span><\/span><\/span><\/span><\/span><\/span><\/span><\/span><\/span><\/span><\/span><\/span><\/span><\/span><\/span><\/span><\/span><\/span><\/span><\/span><\/span><\/h2>\n<ul>\n<li><span style=\"vertical-align: inherit;\"><span style=\"vertical-align: inherit;\"><span style=\"vertical-align: inherit;\"><span style=\"vertical-align: inherit;\"><span style=\"vertical-align: inherit;\"><span style=\"vertical-align: inherit;\">\u00catre dans la tranche d&rsquo;\u00e2ge de 16 \u00e0 29 ans r\u00e9volus (jusqu&rsquo;\u00e0 la veille des 30 ans)<\/span><\/span><\/span><\/span><\/span><\/span><\/li>\n<li><span style=\"vertical-align: inherit;\"><span style=\"vertical-align: inherit;\"><span style=\"vertical-align: inherit;\"><span style=\"vertical-align: inherit;\"><span style=\"vertical-align: inherit;\"><span style=\"vertical-align: inherit;\">Ne pas \u00eatre impliqu\u00e9(e) dans des \u00e9tudes ou une formation<\/span><\/span><\/span><\/span><\/span><\/span><\/li>\n<li><span style=\"vertical-align: inherit;\"><span style=\"vertical-align: inherit;\"><span style=\"vertical-align: inherit;\"><span style=\"vertical-align: inherit;\"><span style=\"vertical-align: inherit;\"><span style=\"vertical-align: inherit;\">\u00catre inscrit(e) en tant que demandeur d&#8217;emploi aupr\u00e8s de France Travail<\/span><\/span><\/span><\/span><\/span><\/span><\/li>\n<li><span style=\"vertical-align: inherit;\"><span style=\"vertical-align: inherit;\"><span style=\"vertical-align: inherit;\"><span style=\"vertical-align: inherit;\"><span style=\"vertical-align: inherit;\"><span style=\"vertical-align: inherit;\">\u00catre sans emploi ou occuper un emploi pr\u00e9caire<\/span><\/span><\/span><\/span><\/span><\/span><\/li>\n<\/ul>\n<p><em><span style=\"vertical-align: inherit;\"><span style=\"vertical-align: inherit;\"><span style=\"vertical-align: inherit;\"><span style=\"vertical-align: inherit;\">Prenons l&rsquo;exemple de Sarah, \u00e2g\u00e9e de 27 ans, qui pr\u00e9sente un handicap et souhaite b\u00e9n\u00e9ficier de l&rsquo;Allocation CEJ. <\/span><\/span><\/span><span style=\"vertical-align: inherit;\"><span style=\"vertical-align: inherit;\"><span style=\"vertical-align: inherit;\">Sarah a termin\u00e9 ses \u00e9tudes il y a deux ans et n&rsquo;est actuellement pas engag\u00e9e dans un programme de formation. <\/span><\/span><\/span><span style=\"vertical-align: inherit;\"><span style=\"vertical-align: inherit;\"><span style=\"vertical-align: inherit;\">Elle s&rsquo;est inscrite en tant que demandeur d&#8217;emploi aupr\u00e8s de France Travail, et bien qu&rsquo;elle occupe un emploi pr\u00e9caire \u00e0 temps partiel, elle r\u00e9pond toujours aux crit\u00e8res d&rsquo;\u00e9ligibilit\u00e9, puisqu&rsquo;elle se situe dans la tranche d&rsquo;\u00e2ge de 16 \u00e0 29 ans r\u00e9volus, n&rsquo;est pas engag\u00e9 dans des \u00e9tudes ou une formation, est inscrite en tant que demandeur d&#8217;emploi, et occupe un emploi pr\u00e9caire. <\/span><\/span><\/span><span style=\"vertical-align: inherit;\"><span style=\"vertical-align: inherit;\"><span style=\"vertical-align: inherit;\">Ainsi, Sarah peut pr\u00e9tendre \u00e0 l&rsquo;Allocation CEJ tout en poursuivant son objectif de r\u00e9int\u00e9gration durable dans le monde professionnel.<\/span><\/span><\/span><\/span><\/em><\/p>\n<h2><span style=\"vertical-align: inherit;\"><span style=\"vertical-align: inherit;\"><span style=\"vertical-align: inherit;\"><span style=\"vertical-align: inherit;\"><span style=\"vertical-align: inherit;\"><span style=\"vertical-align: inherit;\"><span style=\"vertical-align: inherit;\"><span style=\"vertical-align: inherit;\"><span style=\"vertical-align: inherit;\"><span style=\"vertical-align: inherit;\"><span style=\"vertical-align: inherit;\"><span style=\"vertical-align: inherit;\"><span style=\"vertical-align: inherit;\"><span style=\"vertical-align: inherit;\"><span style=\"vertical-align: inherit;\"><span style=\"vertical-align: inherit;\"><span style=\"vertical-align: inherit;\"><span style=\"vertical-align: inherit;\"><span style=\"vertical-align: inherit;\"><span style=\"vertical-align: inherit;\"><span style=\"vertical-align: inherit;\"><span style=\"vertical-align: inherit;\"><span style=\"vertical-align: inherit;\"><span style=\"vertical-align: inherit;\">Si vous n&rsquo;\u00eates pas en situation de handicap<\/span><\/span><\/span><\/span><\/span><\/span><\/span><\/span><\/span><\/span><\/span><\/span><\/span><\/span><\/span><\/span><\/span><\/span><\/span><\/span><\/span><\/span><\/span><\/span><\/h2>\n<ul>\n<li><span style=\"vertical-align: inherit;\"><span style=\"vertical-align: inherit;\"><span style=\"vertical-align: inherit;\"><span style=\"vertical-align: inherit;\"><span style=\"vertical-align: inherit;\"><span style=\"vertical-align: inherit;\">\u00catre \u00e2g\u00e9 de 16 \u00e0 25 ans r\u00e9volus (jusqu&rsquo;\u00e0 la veille des 26 ans)<\/span><\/span><\/span><\/span><\/span><\/span><\/li>\n<li><span style=\"vertical-align: inherit;\"><span style=\"vertical-align: inherit;\"><span style=\"vertical-align: inherit;\"><span style=\"vertical-align: inherit;\"><span style=\"vertical-align: inherit;\"><span style=\"vertical-align: inherit;\">Ne pas \u00eatre actuellement engag\u00e9(e) dans des \u00e9tudes ou une formation<\/span><\/span><\/span><\/span><\/span><\/span><\/li>\n<li><span style=\"vertical-align: inherit;\"><span style=\"vertical-align: inherit;\"><span style=\"vertical-align: inherit;\"><span style=\"vertical-align: inherit;\"><span style=\"vertical-align: inherit;\"><span style=\"vertical-align: inherit;\">\u00catre inscrit(e) en tant que demandeur d&#8217;emploi aupr\u00e8s de France Travail<\/span><\/span><\/span><\/span><\/span><\/span><\/li>\n<li><span style=\"vertical-align: inherit;\"><span style=\"vertical-align: inherit;\"><span style=\"vertical-align: inherit;\"><span style=\"vertical-align: inherit;\"><span style=\"vertical-align: inherit;\"><span style=\"vertical-align: inherit;\">Se trouver soit sans emploi, soit occupant un emploi pr\u00e9caire<\/span><\/span><\/span><\/span><\/span><\/span><\/li>\n<\/ul>\n<p><em><span style=\"vertical-align: inherit;\"><span style=\"vertical-align: inherit;\"><span style=\"vertical-align: inherit;\"><span style=\"vertical-align: inherit;\">Prenons l&rsquo;exemple de Marc, \u00e2g\u00e9 de 24 ans, qui souhaite b\u00e9n\u00e9ficier de l&rsquo;Allocation CEJ. <\/span><\/span><\/span><span style=\"vertical-align: inherit;\"><span style=\"vertical-align: inherit;\"><span style=\"vertical-align: inherit;\">Marc a termin\u00e9 ses \u00e9tudes l&rsquo;ann\u00e9e derni\u00e8re et n&rsquo;est actuellement pas impliqu\u00e9 dans un programme de formation. <\/span><\/span><\/span><span style=\"vertical-align: inherit;\"><span style=\"vertical-align: inherit;\"><span style=\"vertical-align: inherit;\">Il s&rsquo;est inscrit en tant que demandeur d&#8217;emploi aupr\u00e8s de France Travail, et bien qu&rsquo;il occupe un emploi pr\u00e9caire \u00e0 temps partiel, il r\u00e9pond toujours aux crit\u00e8res d&rsquo;\u00e9ligibilit\u00e9. <\/span><\/span><\/span><span style=\"vertical-align: inherit;\"><span style=\"vertical-align: inherit;\"><span style=\"vertical-align: inherit;\">En effet, Marc se situe dans la tranche d&rsquo;\u00e2ge de 16 \u00e0 25 ans r\u00e9volus, n&rsquo;est pas engag\u00e9 dans des \u00e9tudes ou une formation, est inscrit en tant que demandeur d&#8217;emploi, et occupe un emploi pr\u00e9caire. <\/span><\/span><\/span><span style=\"vertical-align: inherit;\"><span style=\"vertical-align: inherit;\"><span style=\"vertical-align: inherit;\">Ainsi, Marc peut pr\u00e9tendre \u00e0 l&rsquo;Allocation CEJ pour b\u00e9n\u00e9ficier d&rsquo;un accompagnement vers une r\u00e9int\u00e9gration durable dans le monde professionnel.<\/span><\/span><\/span><\/span><\/em><\/p>\n<p><iframe loading=\"lazy\" title=\"Le Contrat d&#039;Engagement Jeune (CEJ)\" width=\"500\" height=\"375\" src=\"https:\/\/www.youtube.com\/embed\/f_Hf5LBMHeQ?feature=oembed\" frameborder=\"0\" allow=\"accelerometer; autoplay; clipboard-write; encrypted-media; gyroscope; picture-in-picture; web-share\" referrerpolicy=\"strict-origin-when-cross-origin\" allowfullscreen><\/iframe><\/p>\n<h1><span style=\"vertical-align: inherit;\"><span style=\"vertical-align: inherit;\"><span style=\"vertical-align: inherit;\"><span style=\"vertical-align: inherit;\"><span style=\"vertical-align: inherit;\"><span style=\"vertical-align: inherit;\"><span style=\"vertical-align: inherit;\"><span style=\"vertical-align: inherit;\"><span style=\"vertical-align: inherit;\"><span style=\"vertical-align: inherit;\"><span style=\"vertical-align: inherit;\"><span style=\"vertical-align: inherit;\"><span style=\"vertical-align: inherit;\"><span style=\"vertical-align: inherit;\"><span style=\"vertical-align: inherit;\"><span style=\"vertical-align: inherit;\"><span style=\"vertical-align: inherit;\"><span style=\"vertical-align: inherit;\"><span style=\"vertical-align: inherit;\"><span style=\"vertical-align: inherit;\"><span style=\"vertical-align: inherit;\"><span style=\"vertical-align: inherit;\"><span style=\"vertical-align: inherit;\"><span style=\"vertical-align: inherit;\">Quelles sont les conditions de revenus pour l&rsquo;attribution de l&rsquo;allocation du Contrat d&rsquo;Engagement Jeune en 2025 ?<\/span><\/span><\/span><\/span><\/span><\/span><\/span><\/span><\/span><\/span><\/span><\/span><\/span><\/span><\/span><\/span><\/span><\/span><\/span><\/span><\/span><\/span><\/span><\/span><\/h1>\n<p><span style=\"vertical-align: inherit;\"><span style=\"vertical-align: inherit;\"><span style=\"vertical-align: inherit;\"><span style=\"vertical-align: inherit;\"><span style=\"vertical-align: inherit;\"><span style=\"vertical-align: inherit;\">Pour b\u00e9n\u00e9ficier de l&rsquo;<a href=\"https:\/\/www.mes-allocs.fr\/guides\/contrat-engagement-jeune\/allocation-cej\/\">allocation CEJ<\/a>, il est n\u00e9cessaire d&rsquo;\u00eatre non imposable ou d&rsquo;avoir un quotient familial inf\u00e9rieur \u00e0 la premi\u00e8re tranche d&rsquo; <\/span><\/span><\/span><\/span><span style=\"vertical-align: inherit;\"><span style=\"vertical-align: inherit;\"><span style=\"vertical-align: inherit;\"><span style=\"vertical-align: inherit;\">imposition<\/span><\/span><\/span><\/span><span style=\"vertical-align: inherit;\"><span style=\"vertical-align: inherit;\"><span style=\"vertical-align: inherit;\"><span style=\"vertical-align: inherit;\">, \u00e9tablie \u00e0 <\/span><\/span><\/span><\/span><\/span><\/span><strong><span style=\"vertical-align: inherit;\"><span style=\"vertical-align: inherit;\"><span style=\"vertical-align: inherit;\"><span style=\"vertical-align: inherit;\"><span style=\"vertical-align: inherit;\"><span style=\"vertical-align: inherit;\">28 797\u20ac<\/span><\/span><\/span><\/span><\/span><\/span><\/strong><span style=\"vertical-align: inherit;\"><span style=\"vertical-align: inherit;\"><span style=\"vertical-align: inherit;\"><span style=\"vertical-align: inherit;\"><span style=\"vertical-align: inherit;\"><span style=\"vertical-align: inherit;\"> en 2025.<\/span><\/span><\/span><\/span><\/span><\/span><\/p>\n<h1><span style=\"vertical-align: inherit;\"><span style=\"vertical-align: inherit;\"><span style=\"vertical-align: inherit;\"><span style=\"vertical-align: inherit;\"><span style=\"vertical-align: inherit;\"><span style=\"vertical-align: inherit;\">Quels sont les droits et devoirs du b\u00e9n\u00e9ficiaire ?<\/span><\/span><\/span><\/span><\/span><\/span><\/h1>\n<h2><span style=\"vertical-align: inherit;\"><span style=\"vertical-align: inherit;\"><span style=\"vertical-align: inherit;\"><span style=\"vertical-align: inherit;\"><span style=\"vertical-align: inherit;\"><span style=\"vertical-align: inherit;\">Les objectifs du Contrat d&rsquo;Engagement Jeune<\/span><\/span><\/span><\/span><\/span><\/span><\/h2>\n<p><span style=\"vertical-align: inherit;\"><span style=\"vertical-align: inherit;\">Le Contrat d&rsquo;Engagement Jeune (CEJ) se fixe comme objectif fondamental la conception et la mise en place d&rsquo;un <strong>projet professionnel p\u00e9renne<\/strong>. <\/span><span style=\"vertical-align: inherit;\">Il vise \u00e0 mettre en \u00e9vidence vos talents et comp\u00e9tences, \u00e0 explorer le monde professionnel en comprenant ses rouages \u200b\u200bet ses codes sp\u00e9cifiques et \u00e0 tisser des liens au sein du r\u00e9seau professionnel. <\/span><span style=\"vertical-align: inherit;\">L&rsquo;ambition ultime est de faciliter une recherche d&#8217;emploi plus efficace et rapide, en vous armant des connaissances et des comp\u00e9tences n\u00e9cessaires pour exceller dans votre domaine d&rsquo;activit\u00e9.<\/span><\/span><\/p>\n<p><span style=\"vertical-align: inherit;\"><span style=\"vertical-align: inherit;\">La <strong>dur\u00e9e du contrat<\/strong>, g\u00e9n\u00e9ralement \u00e9chelonn\u00e9e de <strong>6 \u00e0 12 mois<\/strong>, offre une fen\u00eatre temporelle propice \u00e0 l&rsquo;exploration, \u00e0 l&rsquo;apprentissage et \u00e0 la consolidation des acquis. <\/span><span style=\"vertical-align: inherit;\">La flexibilit\u00e9 du contrat permet m\u00eame une prolongation<strong> jusqu&rsquo;\u00e0 18 mois<\/strong>, selon des circonstances particuli\u00e8res. <\/span><span style=\"vertical-align: inherit;\">Les opportunit\u00e9s de missions d\u00e9coulent de partenariats avec France Travail, des missions locales et d&rsquo;associations engag\u00e9es dans le soutien et l&rsquo;encadrement des jeunes en qu\u00eate d&rsquo;insertion professionnelle. <\/span><span style=\"vertical-align: inherit;\">Ainsi, le CEJ se pr\u00e9sente comme un v\u00e9ritable tremplin vers la r\u00e9alisation de projets professionnels durables, offrant une exp\u00e9rience enrichissante et des perspectives concr\u00e8tes pour les participants.<\/span><\/span><\/p>\n<h2><span style=\"vertical-align: inherit;\"><span style=\"vertical-align: inherit;\"><span style=\"vertical-align: inherit;\"><span style=\"vertical-align: inherit;\"><span style=\"vertical-align: inherit;\"><span style=\"vertical-align: inherit;\">Les obligations du b\u00e9n\u00e9ficiaire<\/span><\/span><\/span><\/span><\/span><\/span><\/h2>\n<p><span style=\"vertical-align: inherit;\"><span style=\"vertical-align: inherit;\">Le fonctionnement du Contrat d&rsquo;Engagement Jeune repose essentiellement sur une condition essentielle : la motivation sans faille du b\u00e9n\u00e9ficiaire et son enti\u00e8re adh\u00e9sion aux formations, \u00e9tapes et opportunit\u00e9s d&#8217;emploi qui lui seront propos\u00e9es dans le cadre du programme. <\/span><span style=\"vertical-align: inherit;\">La pleine acceptation de ces engagements constitue un imp\u00e9ratif majeur pour assurer le succ\u00e8s du programme. <\/span><span style=\"vertical-align: inherit;\">Il est essentiel de souligner que le dispositif peut \u00eatre <strong>temporairement suspendu<\/strong> dans le cas o\u00f9 le b\u00e9n\u00e9ficiaire refuse ou n\u00e9glige de respecter les engagements pris lors de son adh\u00e9sion, mettant ainsi en exergue l&rsquo;importance cruciale du respect des termes contractuels. <\/span><span style=\"vertical-align: inherit;\">Cette exigence est cruciale pour maintenir une continuit\u00e9 harmonieuse du programme, mettant en lumi\u00e8re le lien indissociable entre l&rsquo;engagement individuel et le bon d\u00e9roulement de cette initiative d&rsquo;accompagnement vers l&#8217;emploi.<\/span><\/span><\/p>\n<h2><span style=\"vertical-align: inherit;\"><span style=\"vertical-align: inherit;\"><span style=\"vertical-align: inherit;\"><span style=\"vertical-align: inherit;\"><span style=\"vertical-align: inherit;\"><span style=\"vertical-align: inherit;\">Les droits du b\u00e9n\u00e9ficiaire<\/span><\/span><\/span><\/span><\/span><\/span><\/h2>\n<p><span style=\"vertical-align: inherit;\"><span style=\"vertical-align: inherit;\">Ce programme se distingue par son engagement \u00e0 fournir un accompagnement intensif, englobant l&rsquo;ensemble du parcours professionnel, depuis la recherche d&#8217;emploi jusqu&rsquo;\u00e0 la concr\u00e9tisation d&rsquo;un Contrat \u00e0 Dur\u00e9e Ind\u00e9termin\u00e9e (CDI), d&rsquo;un Contrat \u00e0 Dur\u00e9e D\u00e9termin\u00e9e (CDD), d&rsquo;un contrat d&rsquo;apprentissage, de formations adapt\u00e9es, ou encore d&rsquo;un parcours d&rsquo;insertion. <\/span><span style=\"vertical-align: inherit;\">Cet accompagnement vise \u00e0 offrir aux participants une assistance compl\u00e8te pour r\u00e9ussir leur insertion professionnelle. <\/span><span style=\"vertical-align: inherit;\">En outre, chaque individu participant \u00e0 ce programme b\u00e9n\u00e9ficie d&rsquo;un <strong>soutien financier mensuel<\/strong>, consolidant ainsi l&rsquo;aspect pratique et tangible de cette initiative. <\/span><span style=\"vertical-align: inherit;\">Cette allocation mensuelle constitue un appui financier suppl\u00e9mentaire, d\u00e9montrant l&rsquo;engagement continu du programme \u00e0 soutenir les participants dans la r\u00e9alisation de leurs objectifs professionnels tout en leur procurant une stabilit\u00e9 financi\u00e8re.<\/span><\/span><\/p>\n<div class='cta-block'><div class='text'>Simulez votre \u00e9ligibilit\u00e9 au CEJ en 2 min. Gratuit.<\/div><a href='https:\/\/www.mes-allocs.fr\/ab-app?origin=guides\/wp-json\/wp\/v2\/posts\/73599' class='app-button fit'>Simulation gratuite<\/a><\/div>\n<h1><span style=\"vertical-align: inherit;\"><span style=\"vertical-align: inherit;\"><span style=\"vertical-align: inherit;\"><span style=\"vertical-align: inherit;\"><span style=\"vertical-align: inherit;\"><span style=\"vertical-align: inherit;\"><span style=\"vertical-align: inherit;\"><span style=\"vertical-align: inherit;\"><span style=\"vertical-align: inherit;\"><span style=\"vertical-align: inherit;\"><span style=\"vertical-align: inherit;\"><span style=\"vertical-align: inherit;\"><span style=\"vertical-align: inherit;\"><span style=\"vertical-align: inherit;\"><span style=\"vertical-align: inherit;\"><span style=\"vertical-align: inherit;\"><span style=\"vertical-align: inherit;\"><span style=\"vertical-align: inherit;\"><span style=\"vertical-align: inherit;\"><span style=\"vertical-align: inherit;\"><span style=\"vertical-align: inherit;\"><span style=\"vertical-align: inherit;\"><span style=\"vertical-align: inherit;\"><span style=\"vertical-align: inherit;\">Est-il possible de cumuler l&rsquo;allocation du Contrat d&rsquo;Engagement Jeune avec d&rsquo;autres ressources\u00a0 ?<\/span><\/span><\/span><\/span><\/span><\/span><\/span><\/span><\/span><\/span><\/span><\/span><\/span><\/span><\/span><\/span><\/span><\/span><\/span><\/span><\/span><\/span><\/span><\/span><\/h1>\n<h2><span style=\"vertical-align: inherit;\"><span style=\"vertical-align: inherit;\"><span style=\"vertical-align: inherit;\"><span style=\"vertical-align: inherit;\"><span style=\"vertical-align: inherit;\"><span style=\"vertical-align: inherit;\">Ressources cumulables avec l&rsquo;allocation CEJ<\/span><\/span><\/span><\/span><\/span><\/span><\/h2>\n<p><span style=\"vertical-align: inherit;\"><span style=\"vertical-align: inherit;\"><span style=\"vertical-align: inherit;\"><span style=\"vertical-align: inherit;\"><span style=\"vertical-align: inherit;\"><span style=\"vertical-align: inherit;\">Toutes les allocations et aides ci-dessous sont <a href=\"https:\/\/www.mes-allocs.fr\/guides\/contrat-engagement-jeune\/contrat-engagement-jeune-cumulable\/\">cumulables avec l&rsquo;allocation CEJ<\/a> :<\/span><\/span><\/span><\/span><\/span><\/span><\/p>\n<ul>\n<li><span style=\"vertical-align: inherit;\"><span style=\"vertical-align: inherit;\"><span style=\"vertical-align: inherit;\"><span style=\"vertical-align: inherit;\"><span style=\"vertical-align: inherit;\"><span style=\"vertical-align: inherit;\">Allocation aux Adultes Handicap\u00e9s (AAH)<\/span><\/span><\/span><\/span><\/span><\/span><\/li>\n<li><span style=\"vertical-align: inherit;\"><span style=\"vertical-align: inherit;\"><span style=\"vertical-align: inherit;\"><span style=\"vertical-align: inherit;\"><span style=\"vertical-align: inherit;\"><span style=\"vertical-align: inherit;\">Allocation d&rsquo;Aide au Retour \u00e0 l&rsquo;Emploi (ARE)<\/span><\/span><\/span><\/span><\/span><\/span><\/li>\n<li><span style=\"vertical-align: inherit;\"><span style=\"vertical-align: inherit;\"><span style=\"vertical-align: inherit;\"><span style=\"vertical-align: inherit;\"><span style=\"vertical-align: inherit;\"><span style=\"vertical-align: inherit;\">Allocation de Solidarit\u00e9 Sp\u00e9cifique (ASS)<\/span><\/span><\/span><\/span><\/span><\/span><\/li>\n<li><span style=\"vertical-align: inherit;\"><span style=\"vertical-align: inherit;\"><span style=\"vertical-align: inherit;\"><span style=\"vertical-align: inherit;\"><span style=\"vertical-align: inherit;\"><span style=\"vertical-align: inherit;\">Allocation des Travailleurs Ind\u00e9pendants (ATI)<\/span><\/span><\/span><\/span><\/span><\/span><\/li>\n<li><span style=\"vertical-align: inherit;\"><span style=\"vertical-align: inherit;\"><span style=\"vertical-align: inherit;\"><span style=\"vertical-align: inherit;\"><span style=\"vertical-align: inherit;\"><span style=\"vertical-align: inherit;\">Allocation de Fin de Droits (AFD)<\/span><\/span><\/span><\/span><\/span><\/span><\/li>\n<li><span style=\"vertical-align: inherit;\"><span style=\"vertical-align: inherit;\"><span style=\"vertical-align: inherit;\"><span style=\"vertical-align: inherit;\"><span style=\"vertical-align: inherit;\"><span style=\"vertical-align: inherit;\">Allocation de Professionnalisation et de Solidarit\u00e9 (APS)<\/span><\/span><\/span><\/span><\/span><\/span><\/li>\n<li><span style=\"vertical-align: inherit;\"><span style=\"vertical-align: inherit;\"><span style=\"vertical-align: inherit;\"><span style=\"vertical-align: inherit;\"><span style=\"vertical-align: inherit;\"><span style=\"vertical-align: inherit;\">Allocation jeune Intermittent<\/span><\/span><\/span><\/span><\/span><\/span><\/li>\n<li><span style=\"vertical-align: inherit;\"><span style=\"vertical-align: inherit;\"><span style=\"vertical-align: inherit;\"><span style=\"vertical-align: inherit;\"><span style=\"vertical-align: inherit;\"><span style=\"vertical-align: inherit;\">R\u00e9mun\u00e9ration des Formations P\u00f4le Emploi (RFPE)<\/span><\/span><\/span><\/span><\/span><\/span><\/li>\n<li><span style=\"vertical-align: inherit;\"><span style=\"vertical-align: inherit;\"><span style=\"vertical-align: inherit;\"><span style=\"vertical-align: inherit;\"><span style=\"vertical-align: inherit;\"><span style=\"vertical-align: inherit;\">R\u00e9mun\u00e9ration de Fin de Formation (RFF)<\/span><\/span><\/span><\/span><\/span><\/span><\/li>\n<li><span style=\"vertical-align: inherit;\"><span style=\"vertical-align: inherit;\"><span style=\"vertical-align: inherit;\"><span style=\"vertical-align: inherit;\"><span style=\"vertical-align: inherit;\"><span style=\"vertical-align: inherit;\">R\u00e9mun\u00e9ration des stagiaires de la formation professionnelle (RSFP)<\/span><\/span><\/span><\/span><\/span><\/span><\/li>\n<li><span style=\"vertical-align: inherit;\"><span style=\"vertical-align: inherit;\"><span style=\"vertical-align: inherit;\"><span style=\"vertical-align: inherit;\"><span style=\"vertical-align: inherit;\"><span style=\"vertical-align: inherit;\">R\u00e9mun\u00e9ration obtenue dans le cadre d&rsquo;un parcours de formation dispens\u00e9 par les \u00c9coles de la Deuxi\u00e8me Chance.<\/span><\/span><\/span><\/span><\/span><\/span><\/li>\n<\/ul>\n<h2><span style=\"vertical-align: inherit;\"><span style=\"vertical-align: inherit;\"><span style=\"vertical-align: inherit;\"><span style=\"vertical-align: inherit;\"><span style=\"vertical-align: inherit;\"><span style=\"vertical-align: inherit;\">Ressources partiellement d\u00e9duites du CEJ<\/span><\/span><\/span><\/span><\/span><\/span><\/h2>\n<p><span style=\"vertical-align: inherit;\"><span style=\"vertical-align: inherit;\"><span style=\"vertical-align: inherit;\"><span style=\"vertical-align: inherit;\"><span style=\"vertical-align: inherit;\"><span style=\"vertical-align: inherit;\">Certaines cat\u00e9gories de ressources sont partiellement d\u00e9duites du <a href=\"https:\/\/www.mes-allocs.fr\/guides\/contrat-engagement-jeune\/montant-cej\/\">montant de l&rsquo;Allocation CEJ<\/a>, englobant notamment :<\/span><\/span><\/span><\/span><\/span><\/span><\/p>\n<ul>\n<li><span style=\"vertical-align: inherit;\"><span style=\"vertical-align: inherit;\"><span style=\"vertical-align: inherit;\"><span style=\"vertical-align: inherit;\"><span style=\"vertical-align: inherit;\"><span style=\"vertical-align: inherit;\">Les revenus provenant d&rsquo;une activit\u00e9, qu&rsquo;elle soit salari\u00e9e ou non salari\u00e9e.<\/span><\/span><\/span><\/span><\/span><\/span><\/li>\n<li><span style=\"vertical-align: inherit;\"><span style=\"vertical-align: inherit;\"><span style=\"vertical-align: inherit;\"><span style=\"vertical-align: inherit;\"><span style=\"vertical-align: inherit;\"><span style=\"vertical-align: inherit;\">Les aides l\u00e9gales ou conventionnelles destin\u00e9es aux salari\u00e9s en situation d&rsquo;activit\u00e9 partielle.<\/span><\/span><\/span><\/span><\/span><\/span><\/li>\n<li><span style=\"vertical-align: inherit;\"><span style=\"vertical-align: inherit;\"><span style=\"vertical-align: inherit;\"><span style=\"vertical-align: inherit;\"><span style=\"vertical-align: inherit;\"><span style=\"vertical-align: inherit;\">Les indemnit\u00e9s re\u00e7ues lors des cong\u00e9s l\u00e9gaux de maternit\u00e9, paternit\u00e9 ou d&rsquo;adoption.<\/span><\/span><\/span><\/span><\/span><\/span><\/li>\n<li><span style=\"vertical-align: inherit;\"><span style=\"vertical-align: inherit;\"><span style=\"vertical-align: inherit;\"><span style=\"vertical-align: inherit;\"><span style=\"vertical-align: inherit;\"><span style=\"vertical-align: inherit;\">Les indemnit\u00e9s journali\u00e8res de S\u00e9curit\u00e9 sociale, tant de base que compl\u00e9mentaires, re\u00e7ues en cas d&rsquo;incapacit\u00e9 physique m\u00e9dicalement constat\u00e9e, d&rsquo;accident du travail ou de maladie professionnelle.<\/span><\/span><\/span><\/span><\/span><\/span><\/li>\n<li><span style=\"vertical-align: inherit;\"><span style=\"vertical-align: inherit;\"><span style=\"vertical-align: inherit;\"><span style=\"vertical-align: inherit;\"><span style=\"vertical-align: inherit;\"><span style=\"vertical-align: inherit;\">La r\u00e9mun\u00e9ration garantie per\u00e7ue par les travailleurs handicap\u00e9s admis dans un \u00c9tablissement ou un Service d&rsquo;Aide par le Travail.<\/span><\/span><\/span><\/span><\/span><\/span><\/li>\n<li><span style=\"vertical-align: inherit;\"><span style=\"vertical-align: inherit;\"><span style=\"vertical-align: inherit;\"><span style=\"vertical-align: inherit;\"><span style=\"vertical-align: inherit;\"><span style=\"vertical-align: inherit;\"><span style=\"vertical-align: inherit;\"><span style=\"vertical-align: inherit;\">La r\u00e9mun\u00e9ration obtenue dans le cadre d&rsquo;une action visant \u00e0 faciliter l&rsquo;adaptation \u00e0 la vie active.<\/span><\/span><\/span><\/span><\/span><\/span><\/span><\/span><\/li>\n<li><span style=\"vertical-align: inherit;\"><span style=\"vertical-align: inherit;\"><span style=\"vertical-align: inherit;\"><span style=\"vertical-align: inherit;\"><span style=\"vertical-align: inherit;\"><span style=\"vertical-align: inherit;\"><span style=\"vertical-align: inherit;\"><span style=\"vertical-align: inherit;\">Les sont per\u00e7ues en contrepartie de leur participation \u00e0 un travail favorisant leur insertion sociale, par les individus accueillis au sein d&rsquo;organismes communautaires et dans des initiatives solidaires (comme la r\u00e9mun\u00e9ration dans le cadre d&rsquo;Emma\u00fcs, par exemple).<\/span><\/span><\/span><\/span><\/span><\/span><\/span><\/span><\/li>\n<\/ul>\n<h2><span style=\"vertical-align: inherit;\"><span style=\"vertical-align: inherit;\"><span style=\"vertical-align: inherit;\"><span style=\"vertical-align: inherit;\"><span style=\"vertical-align: inherit;\"><span style=\"vertical-align: inherit;\"><span style=\"vertical-align: inherit;\"><span style=\"vertical-align: inherit;\">Ressources ne pouvant pas se cumuler avec l&rsquo;allocation CEJ<\/span><\/span><\/span><\/span><\/span><\/span><\/span><\/span><\/h2>\n<p><span style=\"vertical-align: inherit;\"><span style=\"vertical-align: inherit;\"><span style=\"vertical-align: inherit;\"><span style=\"vertical-align: inherit;\"><span style=\"vertical-align: inherit;\"><span style=\"vertical-align: inherit;\"><span style=\"vertical-align: inherit;\"><span style=\"vertical-align: inherit;\">Les ressources suivantes ne peuvent pas \u00eatre cumul\u00e9es avec l&rsquo;allocation CEJ :<\/span><\/span><\/span><\/span><\/span><\/span><\/span><\/span><\/p>\n<ul>\n<li><span style=\"vertical-align: inherit;\"><span style=\"vertical-align: inherit;\"><span style=\"vertical-align: inherit;\"><span style=\"vertical-align: inherit;\"><span style=\"vertical-align: inherit;\"><span style=\"vertical-align: inherit;\"><span style=\"vertical-align: inherit;\"><span style=\"vertical-align: inherit;\">Le Revenu de Solidarit\u00e9 Active, que ce soit per\u00e7u au nom de l&rsquo;individu ou de son conjoint.<\/span><\/span><\/span><\/span><\/span><\/span><\/span><\/span><\/li>\n<li><span style=\"vertical-align: inherit;\"><span style=\"vertical-align: inherit;\"><span style=\"vertical-align: inherit;\"><span style=\"vertical-align: inherit;\"><span style=\"vertical-align: inherit;\"><span style=\"vertical-align: inherit;\"><span style=\"vertical-align: inherit;\"><span style=\"vertical-align: inherit;\">La prime d&rsquo;activit\u00e9, si elle est attribu\u00e9e pour une activit\u00e9 reprise pendant la dur\u00e9e du Contrat d&rsquo;Engagement Jeune.<\/span><\/span><\/span><\/span><\/span><\/span><\/span><\/span><\/li>\n<li><span style=\"vertical-align: inherit;\"><span style=\"vertical-align: inherit;\"><span style=\"vertical-align: inherit;\"><span style=\"vertical-align: inherit;\"><span style=\"vertical-align: inherit;\"><span style=\"vertical-align: inherit;\"><span style=\"vertical-align: inherit;\"><span style=\"vertical-align: inherit;\">La r\u00e9mun\u00e9ration obtenue dans le cadre du Service Militaire Adapt\u00e9 (SMA).<\/span><\/span><\/span><\/span><\/span><\/span><\/span><\/span><\/li>\n<li><span style=\"vertical-align: inherit;\"><span style=\"vertical-align: inherit;\"><span style=\"vertical-align: inherit;\"><span style=\"vertical-align: inherit;\"><span style=\"vertical-align: inherit;\"><span style=\"vertical-align: inherit;\"><span style=\"vertical-align: inherit;\"><span style=\"vertical-align: inherit;\">La r\u00e9mun\u00e9ration per\u00e7ue au cours du Service Militaire Volontaire (SMV).<\/span><\/span><\/span><\/span><\/span><\/span><\/span><\/span><\/li>\n<li><span style=\"vertical-align: inherit;\"><span style=\"vertical-align: inherit;\"><span style=\"vertical-align: inherit;\"><span style=\"vertical-align: inherit;\"><span style=\"vertical-align: inherit;\"><span style=\"vertical-align: inherit;\"><span style=\"vertical-align: inherit;\"><span style=\"vertical-align: inherit;\">La r\u00e9mun\u00e9ration entra\u00eene du volontariat dans les arm\u00e9es.<\/span><\/span><\/span><\/span><\/span><\/span><\/span><\/span><\/li>\n<li><span style=\"vertical-align: inherit;\"><span style=\"vertical-align: inherit;\"><span style=\"vertical-align: inherit;\"><span style=\"vertical-align: inherit;\"><span style=\"vertical-align: inherit;\"><span style=\"vertical-align: inherit;\"><span style=\"vertical-align: inherit;\"><span style=\"vertical-align: inherit;\">L&rsquo;indemnit\u00e9 obtenue \u00e0 travers le service civique.<\/span><\/span><\/span><\/span><\/span><\/span><\/span><\/span><\/li>\n<li><span style=\"vertical-align: inherit;\"><span style=\"vertical-align: inherit;\"><span style=\"vertical-align: inherit;\"><span style=\"vertical-align: inherit;\"><span style=\"vertical-align: inherit;\"><span style=\"vertical-align: inherit;\"><span style=\"vertical-align: inherit;\"><span style=\"vertical-align: inherit;\">L&rsquo;allocation et\/ou prime de contribution aux volontaires pour l&rsquo;insertion, ainsi qu&rsquo;aux volontaires pour un contrat de service au sein d&rsquo;un \u00e9tablissement public d&rsquo;insertion de la d\u00e9fense (comme l&rsquo;\u00c9tablissement Pour l&rsquo;Insertion Dans l &lsquo;Emploi &#8211; EPIDE).<\/span><\/span><\/span><\/span><\/span><\/span><\/span><\/span><\/li>\n<li><span style=\"vertical-align: inherit;\"><span style=\"vertical-align: inherit;\"><span style=\"vertical-align: inherit;\"><span style=\"vertical-align: inherit;\"><span style=\"vertical-align: inherit;\"><span style=\"vertical-align: inherit;\"><span style=\"vertical-align: inherit;\"><span style=\"vertical-align: inherit;\">La r\u00e9mun\u00e9ration acquise dans le cadre de l&rsquo;insertion, que ce soit \u00e0 travers un Contrat \u00e0 Dur\u00e9e D\u00e9termin\u00e9e d&rsquo;Insertion (CDDI), un contrat de mission conclu avec une Entreprise de Travail Temporaire d&rsquo;Insertion (ETTI), ou encore un Contrat Unique d&rsquo;Insertion (CUI).<\/span><\/span><\/span><\/span><\/span><\/span><\/span><\/span><\/li>\n<\/ul>\n<p>Vous souhaitez b\u00e9n\u00e9ficier de l&rsquo;ACEJ (allocation contrat engagement jeune) ? D\u00e9couvrez toutes les <a href=\"https:\/\/www.mes-allocs.fr\/guides\/contrat-engagement-jeune\/demarches-cej\/\">d\u00e9marches<\/a> \u00e0 effectuer.<\/p>\n<div class='cta-block'><div class='text'>Simulez votre \u00e9ligibilit\u00e9 au CEJ en 2 min. Gratuit.<\/div><a href='https:\/\/www.mes-allocs.fr\/ab-app?origin=guides\/wp-json\/wp\/v2\/posts\/73599' class='app-button fit'>Simulation gratuite<\/a><\/div>\n","protected":false},"excerpt":{"rendered":"<p>Le CEJ, destin\u00e9 aux jeunes de 16 \u00e0 25 ans en situation pr\u00e9caire, propose un accompagnement intensif de 15 \u00e0 20 heures par semaine vers un emploi ou un contrat d&rsquo;apprentissage, accompagn\u00e9 d&rsquo;une allocation variable en fonction des ressources.\u00a0D\u00e9couvrons ensemble les conditions d\u2019\u00e9ligibilit\u00e9 \u00e0 l&rsquo;allocation du contrat d&rsquo;engagement jeune. Quelles conditions personnelles pour percevoir l&rsquo;allocation [&hellip;]<\/p>\n","protected":false},"author":28,"featured_media":46707,"comment_status":"open","ping_status":"open","sticky":false,"template":"","format":"standard","meta":{"amp_status":"","footnotes":""},"categories":[30057],"tags":[],"class_list":["post-73599","post","type-post","status-publish","format-standard","has-post-thumbnail","hentry","category-contrat-engagement-jeune"],"yoast_head":"<!-- This site is optimized with the Yoast SEO plugin v14.9 - https:\/\/yoast.com\/wordpress\/plugins\/seo\/ -->\n<title>Les conditions pour b\u00e9n\u00e9ficier du Contrat Engagement Jeune en 2025<\/title>\n<meta name=\"description\" content=\"Les conditions d&#039;attribution de l&#039;allocation CEJ (contrat engagement jeune) sont li\u00e9es \u00e0 votre revenu fiscal et \u00e0 votre \u00e2ge.\" \/>\n<meta name=\"robots\" content=\"index, follow, max-snippet:-1, max-image-preview:large, max-video-preview:-1\" \/>\n<link rel=\"canonical\" href=\"https:\/\/www.mes-allocs.fr\/guides\/contrat-engagement-jeune\/contrat-engagement-jeune-conditions\/\" \/>\n<meta property=\"og:locale\" content=\"fr_FR\" \/>\n<meta property=\"og:type\" content=\"article\" \/>\n<meta property=\"og:title\" content=\"Les conditions pour b\u00e9n\u00e9ficier du Contrat Engagement Jeune en 2025\" \/>\n<meta property=\"og:description\" content=\"Les conditions d&#039;attribution de l&#039;allocation CEJ (contrat engagement jeune) sont li\u00e9es \u00e0 votre revenu fiscal et \u00e0 votre \u00e2ge.\" \/>\n<meta property=\"og:url\" content=\"https:\/\/www.mes-allocs.fr\/guides\/contrat-engagement-jeune\/contrat-engagement-jeune-conditions\/\" \/>\n<meta property=\"og:site_name\" content=\"Mes-Allocs.fr\" \/>\n<meta property=\"article:published_time\" content=\"2024-02-14T07:39:40+00:00\" \/>\n<meta property=\"article:modified_time\" content=\"2026-04-22T09:55:14+00:00\" \/>\n<meta property=\"og:image\" content=\"https:\/\/www.mes-allocs.fr\/guides\/wp-content\/uploads\/2022\/03\/helena-lopes-UZe35tk5UoA-unsplash-1-scaled.jpg?wsr\" \/>\n\t<meta property=\"og:image:width\" content=\"2560\" \/>\n\t<meta property=\"og:image:height\" content=\"1707\" \/>\n<meta name=\"twitter:card\" content=\"summary_large_image\" \/>\n<script type=\"application\/ld+json\" class=\"yoast-schema-graph\">{\"@context\":\"https:\/\/schema.org\",\"@graph\":[{\"@type\":\"WebSite\",\"@id\":\"https:\/\/www.mes-allocs.fr\/guides\/#website\",\"url\":\"https:\/\/www.mes-allocs.fr\/guides\/\",\"name\":\"Mes-Allocs.fr\",\"description\":\"\",\"potentialAction\":[{\"@type\":\"SearchAction\",\"target\":\"https:\/\/www.mes-allocs.fr\/guides\/?s={search_term_string}\",\"query-input\":\"required name=search_term_string\"}],\"inLanguage\":\"fr-FR\"},{\"@type\":\"ImageObject\",\"@id\":\"https:\/\/www.mes-allocs.fr\/guides\/contrat-engagement-jeune\/contrat-engagement-jeune-conditions\/#primaryimage\",\"inLanguage\":\"fr-FR\",\"url\":\"https:\/\/www.mes-allocs.fr\/guides\/wp-content\/uploads\/2022\/03\/helena-lopes-UZe35tk5UoA-unsplash-1-scaled.jpg?wsr\",\"width\":2560,\"height\":1707,\"caption\":\"contrat engagement jeune conditions\"},{\"@type\":\"WebPage\",\"@id\":\"https:\/\/www.mes-allocs.fr\/guides\/contrat-engagement-jeune\/contrat-engagement-jeune-conditions\/#webpage\",\"url\":\"https:\/\/www.mes-allocs.fr\/guides\/contrat-engagement-jeune\/contrat-engagement-jeune-conditions\/\",\"name\":\"Les conditions pour b\\u00e9n\\u00e9ficier du Contrat Engagement Jeune en 2025\",\"isPartOf\":{\"@id\":\"https:\/\/www.mes-allocs.fr\/guides\/#website\"},\"primaryImageOfPage\":{\"@id\":\"https:\/\/www.mes-allocs.fr\/guides\/contrat-engagement-jeune\/contrat-engagement-jeune-conditions\/#primaryimage\"},\"datePublished\":\"2024-02-14T07:39:40+00:00\",\"dateModified\":\"2026-04-22T09:55:14+00:00\",\"author\":{\"@id\":\"https:\/\/www.mes-allocs.fr\/guides\/#\/schema\/person\/e506e10a355aa02ef75c736bcb442d65\"},\"description\":\"Les conditions d'attribution de l'allocation CEJ (contrat engagement jeune) sont li\\u00e9es \\u00e0 votre revenu fiscal et \\u00e0 votre \\u00e2ge.\",\"inLanguage\":\"fr-FR\"},{\"@type\":\"Person\",\"@id\":\"https:\/\/www.mes-allocs.fr\/guides\/#\/schema\/person\/e506e10a355aa02ef75c736bcb442d65\",\"name\":\"Janelle Legros\",\"image\":{\"@type\":\"ImageObject\",\"@id\":\"https:\/\/www.mes-allocs.fr\/guides\/#personlogo\",\"inLanguage\":\"fr-FR\",\"url\":\"https:\/\/www.mes-allocs.fr\/guides\/wp-content\/uploads\/2024\/01\/c7a29860-f8e7-4078-8a51-6cd71447d7e9.jpeg\",\"caption\":\"Janelle Legros\"},\"description\":\"Janelle est r\\u00e9dactrice web et charg\\u00e9e de communication pour Mes Allocs. Sp\\u00e9cialiste des d\\u00e9marches administratives, elle rejoint l'\\u00e9quipe Mes Allocs apr\\u00e8s une premi\\u00e8re exp\\u00e9rience en journalisme.\",\"sameAs\":[\"https:\/\/www.linkedin.com\/in\/janelle-legros\/\"]}]}<\/script>\n<!-- \/ Yoast SEO plugin. -->","amp_validity":null,"acf":{"faq":{"1":{"question":"Faut-il d\u00e9clarer le Contrat d'Engagement Jeune (CEJ) \u00e0 la CAF ?","answer":"La d\u00e9claration du CEJ \u00e0 la CAF n'est pas n\u00e9cessaire, car le CEJ est non-imposable."},"2":{"question":"Qui verse l'allocation du CEJ ?","answer":"Lorsque l'accompagnement est pris en charge par une mission locale, c'est l'ASP qui assure le versement mensuel de l'allocation au jeune. Sino, c'est France Travail (anciennement P\u00f4le emploi)."},"3":{"question":"Quelle est la date de r\u00e9ception du paiement de l'Allocation CEJ ?","answer":"Le paiement de l'Allocation CEJ intervient g\u00e9n\u00e9ralement aux alentours du 15 du mois."},"4":{"question":"Comment faire la demande d'Allocation CEJ ?","answer":"Vous pouvez faire votre demande d'Allocation CEJ aupr\u00e8s de votre conseiller France Travail \/ de la Mission Locale ou faire appel \u00e0 un expert Mes Allocs."},"5":{"question":"Qu'est-ce que le contrat d'engagement ?","answer":"Le Contrat d'Engagement Jeune, qui remplace la Garantie Jeunes, est destin\u00e9 aux jeunes de 16 \u00e0 25 ans. Il s'agit de jeunes qui ne sont pas \u00e9tudiants, ne suivent pas de formations qualifiantes et pr\u00e9sentent des difficult\u00e9s d\u2019acc\u00e8s \u00e0 l\u2019emploi durable. Il peut s'agir de jeunes qui per\u00e7oivent l'allocation ch\u00f4mage."},"6":{"question":"Quels sont les d\u00e9lais pour faire une demande de CEJ ?","answer":"Vous pouvez faire votre demande de Contrat d'Engagement Jeune \u00e0 tout moment de l'ann\u00e9e."},"7":{"question":"","answer":""},"8":{"question":"","answer":""},"9":{"question":"","answer":""},"10":{"question":"","answer":""},"11":{"question":"","answer":""},"12":{"question":"","answer":""},"13":{"question":"","answer":""},"14":{"question":"","answer":""},"15":{"question":"","answer":""},"16":{"question":"","answer":""}}},"_links":{"self":[{"href":"https:\/\/www.mes-allocs.fr\/guides\/wp-json\/wp\/v2\/posts\/73599","targetHints":{"allow":["GET"]}}],"collection":[{"href":"https:\/\/www.mes-allocs.fr\/guides\/wp-json\/wp\/v2\/posts"}],"about":[{"href":"https:\/\/www.mes-allocs.fr\/guides\/wp-json\/wp\/v2\/types\/post"}],"author":[{"embeddable":true,"href":"https:\/\/www.mes-allocs.fr\/guides\/wp-json\/wp\/v2\/users\/28"}],"replies":[{"embeddable":true,"href":"https:\/\/www.mes-allocs.fr\/guides\/wp-json\/wp\/v2\/comments?post=73599"}],"version-history":[{"count":18,"href":"https:\/\/www.mes-allocs.fr\/guides\/wp-json\/wp\/v2\/posts\/73599\/revisions"}],"predecessor-version":[{"id":88261,"href":"https:\/\/www.mes-allocs.fr\/guides\/wp-json\/wp\/v2\/posts\/73599\/revisions\/88261"}],"wp:featuredmedia":[{"embeddable":true,"href":"https:\/\/www.mes-allocs.fr\/guides\/wp-json\/wp\/v2\/media\/46707"}],"wp:attachment":[{"href":"https:\/\/www.mes-allocs.fr\/guides\/wp-json\/wp\/v2\/media?parent=73599"}],"wp:term":[{"taxonomy":"category","embeddable":true,"href":"https:\/\/www.mes-allocs.fr\/guides\/wp-json\/wp\/v2\/categories?post=73599"},{"taxonomy":"post_tag","embeddable":true,"href":"https:\/\/www.mes-allocs.fr\/guides\/wp-json\/wp\/v2\/tags?post=73599"}],"curies":[{"name":"wp","href":"https:\/\/api.w.org\/{rel}","templated":true}]}}