{"id":73482,"date":"2024-02-14T09:34:13","date_gmt":"2024-02-14T07:34:13","guid":{"rendered":"https:\/\/www.mes-allocs.fr\/guides\/?p=73482"},"modified":"2026-04-22T10:55:15","modified_gmt":"2026-04-22T09:55:15","slug":"montant-cej","status":"publish","type":"post","link":"https:\/\/www.mes-allocs.fr\/guides\/contrat-engagement-jeune\/montant-cej\/","title":{"rendered":"Quel est le montant de l&rsquo;allocation CEJ en 2025 ?"},"content":{"rendered":"<p><img loading=\"lazy\" decoding=\"async\" class=\"alignnone wp-image-74589 size-full\" title=\"calcul montant CEJ\" src=\"https:\/\/www.mes-allocs.fr\/guides\/wp-content\/uploads\/2024\/02\/calcul-montant-CEJ.png\" alt=\"calcul montant CEJ\" width=\"1011\" height=\"270\" srcset=\"https:\/\/www.mes-allocs.fr\/guides\/wp-content\/uploads\/2024\/02\/calcul-montant-CEJ.png 1011w, https:\/\/www.mes-allocs.fr\/guides\/wp-content\/uploads\/2024\/02\/calcul-montant-CEJ-300x80.png 300w, https:\/\/www.mes-allocs.fr\/guides\/wp-content\/uploads\/2024\/02\/calcul-montant-CEJ-768x205.png 768w, https:\/\/www.mes-allocs.fr\/guides\/wp-content\/uploads\/2024\/02\/calcul-montant-CEJ-600x160.png 600w\" sizes=\"auto, (max-width: 1011px) 100vw, 1011px\" \/><\/p>\n<p><strong><span style=\"vertical-align: inherit;\"><span style=\"vertical-align: inherit;\"><span style=\"vertical-align: inherit;\"><span style=\"vertical-align: inherit;\"><span style=\"vertical-align: inherit;\"><span style=\"vertical-align: inherit;\"><span style=\"vertical-align: inherit;\"><span style=\"vertical-align: inherit;\"><span style=\"vertical-align: inherit;\"><span style=\"vertical-align: inherit;\"><span style=\"vertical-align: inherit;\"><span style=\"vertical-align: inherit;\"><span style=\"vertical-align: inherit;\"><span style=\"vertical-align: inherit;\"><span style=\"vertical-align: inherit;\"><span style=\"vertical-align: inherit;\"><span style=\"vertical-align: inherit;\"><span style=\"vertical-align: inherit;\">Le <a href=\"https:\/\/www.mes-allocs.fr\/guides\/contrat-engagement-jeune\/\">contrat d&rsquo;engagement jeune<\/a><\/span><\/span><\/span><\/span><\/span><\/span><\/span><\/span><\/span><\/span><\/span><\/span><\/span><\/span><\/span><\/span><\/span><\/span><span style=\"vertical-align: inherit;\"><span style=\"vertical-align: inherit;\"><span style=\"vertical-align: inherit;\"><span style=\"vertical-align: inherit;\"><span style=\"vertical-align: inherit;\"><span style=\"vertical-align: inherit;\"><span style=\"vertical-align: inherit;\"><span style=\"vertical-align: inherit;\"><span style=\"vertical-align: inherit;\"><span style=\"vertical-align: inherit;\"><span style=\"vertical-align: inherit;\"><span style=\"vertical-align: inherit;\"><span style=\"vertical-align: inherit;\"><span style=\"vertical-align: inherit;\"><span style=\"vertical-align: inherit;\"><span style=\"vertical-align: inherit;\"><span style=\"vertical-align: inherit;\"><span style=\"vertical-align: inherit;\"> est un programme intensif pour aider les jeunes de 16 \u00e0 25 ans en situation de pr\u00e9carit\u00e9, \u00e0 trouver un emploi durable. <\/span><\/span><\/span><\/span><\/span><\/span><\/span><\/span><\/span><\/span><\/span><\/span><\/span><\/span><\/span><\/span><\/span><span style=\"vertical-align: inherit;\"><span style=\"vertical-align: inherit;\"><span style=\"vertical-align: inherit;\"><span style=\"vertical-align: inherit;\"><span style=\"vertical-align: inherit;\"><span style=\"vertical-align: inherit;\"><span style=\"vertical-align: inherit;\"><span style=\"vertical-align: inherit;\"><span style=\"vertical-align: inherit;\"><span style=\"vertical-align: inherit;\"><span style=\"vertical-align: inherit;\"><span style=\"vertical-align: inherit;\"><span style=\"vertical-align: inherit;\"><span style=\"vertical-align: inherit;\"><span style=\"vertical-align: inherit;\"><span style=\"vertical-align: inherit;\"><span style=\"vertical-align: inherit;\">C&rsquo;est un accompagnement de 15 \u00e0 20 heures par semaine vers un emploi ou un contrat d&rsquo;apprentissage. <\/span><\/span><\/span><\/span><\/span><\/span><\/span><\/span><\/span><\/span><\/span><\/span><\/span><\/span><\/span><\/span><\/span><span style=\"vertical-align: inherit;\"><span style=\"vertical-align: inherit;\"><span style=\"vertical-align: inherit;\"><span style=\"vertical-align: inherit;\"><span style=\"vertical-align: inherit;\"><span style=\"vertical-align: inherit;\"><span style=\"vertical-align: inherit;\"><span style=\"vertical-align: inherit;\"><span style=\"vertical-align: inherit;\"><span style=\"vertical-align: inherit;\"><span style=\"vertical-align: inherit;\"><span style=\"vertical-align: inherit;\"><span style=\"vertical-align: inherit;\"><span style=\"vertical-align: inherit;\"><span style=\"vertical-align: inherit;\"><span style=\"vertical-align: inherit;\"><span style=\"vertical-align: inherit;\">Ce programme peut \u00eatre accompagn\u00e9 d&rsquo;une allocation CEJ dont le montant varie en fonction de certains facteurs.\u00a0<\/span><\/span><\/span><\/span><\/span><\/span><\/span><\/span><\/span><\/span><\/span><\/span><\/span><\/span><\/span><\/span><\/span><\/span><\/strong><\/p>\n<div class='cta-block'><div class='text'>Simulez votre \u00e9ligibilit\u00e9 au CEJ en 2 min. Gratuit.<\/div><a href='https:\/\/www.mes-allocs.fr\/ab-app?origin=guides\/wp-json\/wp\/v2\/posts\/73482' class='app-button fit'>Simulation gratuite<\/a><\/div>\n<h1><span style=\"vertical-align: inherit;\"><span style=\"vertical-align: inherit;\"><span style=\"vertical-align: inherit;\"><span style=\"vertical-align: inherit;\"><span style=\"vertical-align: inherit;\"><span style=\"vertical-align: inherit;\"><span style=\"vertical-align: inherit;\"><span style=\"vertical-align: inherit;\"><span style=\"vertical-align: inherit;\"><span style=\"vertical-align: inherit;\"><span style=\"vertical-align: inherit;\"><span style=\"vertical-align: inherit;\"><span style=\"vertical-align: inherit;\"><span style=\"vertical-align: inherit;\"><span style=\"vertical-align: inherit;\"><span style=\"vertical-align: inherit;\"><span style=\"vertical-align: inherit;\"><span style=\"vertical-align: inherit;\">Quel est le montant de l\u2019allocation CEJ en 2025 ?<\/span><\/span><\/span><\/span><\/span><\/span><\/span><\/span><\/span><\/span><\/span><\/span><\/span><\/span><\/span><\/span><\/span><\/span><\/h1>\n<p><span style=\"vertical-align: inherit;\"><span style=\"vertical-align: inherit;\"><span style=\"vertical-align: inherit;\"><span style=\"vertical-align: inherit;\"><span style=\"vertical-align: inherit;\"><span style=\"vertical-align: inherit;\"><span style=\"vertical-align: inherit;\"><span style=\"vertical-align: inherit;\"><span style=\"vertical-align: inherit;\"><span style=\"vertical-align: inherit;\"><span style=\"vertical-align: inherit;\"><span style=\"vertical-align: inherit;\"><span style=\"vertical-align: inherit;\"><span style=\"vertical-align: inherit;\"><span style=\"vertical-align: inherit;\"><span style=\"vertical-align: inherit;\">Le <strong>montant forfaitaire de l&rsquo;<a href=\"https:\/\/www.mes-allocs.fr\/guides\/contrat-engagement-jeune\/allocation-cej\/\">allocation du contrat engagement jeune<\/a><\/strong> (CEJ) varie en fonction de votre \u00e2ge, votre situation fiscale et votre lieu de r\u00e9sidence.<\/span><\/span><\/span><\/span><\/span><\/span><\/span><\/span><\/span><\/span><\/span><\/span><\/span><\/span><\/span><\/span><\/p>\n<h2>Le montant de l&rsquo;allocation CEJ en France m\u00e9tropolitaine<\/h2>\n<ul>\n<li><span style=\"vertical-align: inherit;\"><span style=\"vertical-align: inherit;\"><span style=\"vertical-align: inherit;\"><span style=\"vertical-align: inherit;\"><span style=\"vertical-align: inherit;\"><span style=\"vertical-align: inherit;\"><span style=\"vertical-align: inherit;\"><span style=\"vertical-align: inherit;\"><span style=\"vertical-align: inherit;\"><span style=\"vertical-align: inherit;\"><span style=\"vertical-align: inherit;\"><span style=\"vertical-align: inherit;\"><span style=\"vertical-align: inherit;\"><span style=\"vertical-align: inherit;\"><span style=\"vertical-align: inherit;\"><span style=\"vertical-align: inherit;\"><strong>Entre 16 et 18 ans r\u00e9volus<\/strong>, le montant mensuel est de <strong>220,92<\/strong>\u202f<\/span><\/span><\/span><\/span><\/span><\/span><\/span><\/span><\/span><\/span><\/span><\/span><strong><span style=\"vertical-align: inherit;\"><span style=\"vertical-align: inherit;\"><span style=\"vertical-align: inherit;\"><span style=\"vertical-align: inherit;\"><span style=\"vertical-align: inherit;\"><span style=\"vertical-align: inherit;\"><span style=\"vertical-align: inherit;\"><span style=\"vertical-align: inherit;\"><span style=\"vertical-align: inherit;\"><span style=\"vertical-align: inherit;\"><span style=\"vertical-align: inherit;\"><span style=\"vertical-align: inherit;\">\u20ac<\/span><\/span><\/span><\/span><\/span><\/span><\/span><\/span><\/span><\/span><\/span><\/span><\/strong><span style=\"vertical-align: inherit;\"><span style=\"vertical-align: inherit;\"><span style=\"vertical-align: inherit;\"><span style=\"vertical-align: inherit;\"><span style=\"vertical-align: inherit;\"><span style=\"vertical-align: inherit;\"><span style=\"vertical-align: inherit;\"><span style=\"vertical-align: inherit;\"><span style=\"vertical-align: inherit;\"><span style=\"vertical-align: inherit;\"><span style=\"vertical-align: inherit;\"><span style=\"vertical-align: inherit;\"> si vous \u00eates dans l&rsquo;une des situations suivantes : <\/span><\/span><\/span><\/span><\/span><\/span><\/span><\/span><\/span><\/span><\/span><\/span><\/span><\/span><\/span><\/span>\n<ul>\n<li><span style=\"vertical-align: inherit;\"><span style=\"vertical-align: inherit;\"><span style=\"vertical-align: inherit;\"><span style=\"vertical-align: inherit;\"><span style=\"vertical-align: inherit;\"><span style=\"vertical-align: inherit;\"><span style=\"vertical-align: inherit;\"><span style=\"vertical-align: inherit;\"><span style=\"vertical-align: inherit;\"><span style=\"vertical-align: inherit;\"><span style=\"vertical-align: inherit;\"><span style=\"vertical-align: inherit;\"><span style=\"vertical-align: inherit;\"><span style=\"vertical-align: inherit;\"><span style=\"vertical-align: inherit;\"><span style=\"vertical-align: inherit;\">Vous \u00eates fiscalement autonome (c&rsquo;est-\u00e0-dire que vous ne figurez plus sur l&rsquo;avis d&rsquo;imposition de vos parents) ;<\/span><\/span><\/span><\/span><\/span><\/span><\/span><\/span><\/span><\/span><\/span><\/span><\/span><\/span><\/span><\/span><\/li>\n<li>Vous \u00eates fiscalement \u00e0 la charge de vos parents et ces derniers sont :\n<ul>\n<li>non imposables \u00e0 l&rsquo;imp\u00f4t sur le revenu,<\/li>\n<li>ou imposables <span style=\"vertical-align: inherit;\">dans la tranche 1 d&rsquo;imposition.<\/span><\/li>\n<\/ul>\n<\/li>\n<\/ul>\n<\/li>\n<li><span style=\"vertical-align: inherit;\"><span style=\"vertical-align: inherit;\"><span style=\"vertical-align: inherit;\"><span style=\"vertical-align: inherit;\"><span style=\"vertical-align: inherit;\"><span style=\"vertical-align: inherit;\"><span style=\"vertical-align: inherit;\"><span style=\"vertical-align: inherit;\"><span style=\"vertical-align: inherit;\"><span style=\"vertical-align: inherit;\"><span style=\"vertical-align: inherit;\"><span style=\"vertical-align: inherit;\"><span style=\"vertical-align: inherit;\"><span style=\"vertical-align: inherit;\"><span style=\"vertical-align: inherit;\"><span style=\"vertical-align: inherit;\"><strong>Entre 18 ans et 25 ans r\u00e9volus<\/strong> <strong>(29 ans r\u00e9volus en cas de handicap)<\/strong>, le montant mensuel est de <\/span><\/span><\/span><\/span><\/span><\/span><\/span><\/span><\/span><\/span><\/span><\/span><strong><span style=\"vertical-align: inherit;\"><span style=\"vertical-align: inherit;\"><span style=\"vertical-align: inherit;\"><span style=\"vertical-align: inherit;\"><span style=\"vertical-align: inherit;\"><span style=\"vertical-align: inherit;\"><span style=\"vertical-align: inherit;\"><span style=\"vertical-align: inherit;\"><span style=\"vertical-align: inherit;\"><span style=\"vertical-align: inherit;\"><span style=\"vertical-align: inherit;\"><span style=\"vertical-align: inherit;\">552\u20ac<\/span><\/span><\/span><\/span><\/span><\/span><\/span><\/span><\/span><\/span><\/span><\/span><\/strong><span style=\"vertical-align: inherit;\"><span style=\"vertical-align: inherit;\"><span style=\"vertical-align: inherit;\"><span style=\"vertical-align: inherit;\"><span style=\"vertical-align: inherit;\"><span style=\"vertical-align: inherit;\"><span style=\"vertical-align: inherit;\"><span style=\"vertical-align: inherit;\"><span style=\"vertical-align: inherit;\"><span style=\"vertical-align: inherit;\"><span style=\"vertical-align: inherit;\"><span style=\"vertical-align: inherit;\"> si vous (ou votre foyer fiscal) \u00eates non imposable c&rsquo;est-\u00e0-dire que vous ne payez pas d&rsquo;imp\u00f4t sur le revenu.<\/span><\/span><\/span><\/span><\/span><\/span><\/span><\/span><\/span><\/span><\/span><\/span><\/span><\/span><\/span><\/span><\/li>\n<li><span style=\"vertical-align: inherit;\"><span style=\"vertical-align: inherit;\"><span style=\"vertical-align: inherit;\"><span style=\"vertical-align: inherit;\"><span style=\"vertical-align: inherit;\"><span style=\"vertical-align: inherit;\"><span style=\"vertical-align: inherit;\"><span style=\"vertical-align: inherit;\"><span style=\"vertical-align: inherit;\"><span style=\"vertical-align: inherit;\"><span style=\"vertical-align: inherit;\"><span style=\"vertical-align: inherit;\"><span style=\"vertical-align: inherit;\"><span style=\"vertical-align: inherit;\"><span style=\"vertical-align: inherit;\"><span style=\"vertical-align: inherit;\"><strong>Entre 18 ans et 25 ans r\u00e9volus (29 ans r\u00e9volus en cas de handicap)<\/strong>, le montant mensuel est de <strong>331,17<\/strong>\u202f<\/span><\/span><\/span><\/span><\/span><\/span><\/span><\/span><\/span><\/span><\/span><\/span><strong><span style=\"vertical-align: inherit;\"><span style=\"vertical-align: inherit;\"><span style=\"vertical-align: inherit;\"><span style=\"vertical-align: inherit;\"><span style=\"vertical-align: inherit;\"><span style=\"vertical-align: inherit;\"><span style=\"vertical-align: inherit;\"><span style=\"vertical-align: inherit;\"><span style=\"vertical-align: inherit;\"><span style=\"vertical-align: inherit;\"><span style=\"vertical-align: inherit;\"><span style=\"vertical-align: inherit;\">\u20ac<\/span><\/span><\/span><\/span><\/span><\/span><\/span><\/span><\/span><\/span><\/span><\/span><\/strong><span style=\"vertical-align: inherit;\"><span style=\"vertical-align: inherit;\"><span style=\"vertical-align: inherit;\"><span style=\"vertical-align: inherit;\"><span style=\"vertical-align: inherit;\"><span style=\"vertical-align: inherit;\"><span style=\"vertical-align: inherit;\"><span style=\"vertical-align: inherit;\"><span style=\"vertical-align: inherit;\"><span style=\"vertical-align: inherit;\"><span style=\"vertical-align: inherit;\"><span style=\"vertical-align: inherit;\"> si vous (ou votre foyer fiscal) \u00eates imposable dans la tranche 1 d&rsquo;imposition.\u00a0<\/span><\/span><\/span><\/span><\/span><\/span><\/span><\/span><\/span><\/span><\/span><\/span><\/span><\/span><\/span><\/span><\/li>\n<\/ul>\n<p><em>Exemple : Clara \u00e0 22 ans, elle vit encore chez ses parents en France et est rattach\u00e9e fiscalement \u00e0 eux. Ses parents sont imposables dans la tranche 1 d&rsquo;imposition car ils gagnent 25 000\u20ac par an. Elle pourra donc percevoir 331,17\u202f\u20ac par mois dans le cadre de son contrat engagement jeune.<\/em><\/p>\n<p><span style=\"vertical-align: inherit;\">Il est important de noter que chaque mois, les ressources per\u00e7ues le mois pr\u00e9c\u00e9dent peuvent \u00eatre d\u00e9duites de ce forfait.<\/span><\/p>\n<h2>Le montant de l&rsquo;allocation CEJ \u00e0 Mayotte<\/h2>\n<ul>\n<li><span style=\"vertical-align: inherit;\">Entre 16 et 18 ans r\u00e9volus, le montant mensuel est de 125,92\u20ac \u00e0 Mayotte si vous \u00eates dans l&rsquo;une des situations suivantes :\u00a0<\/span>\n<ul>\n<li><span style=\"vertical-align: inherit;\"><span style=\"vertical-align: inherit;\"><span style=\"vertical-align: inherit;\"><span style=\"vertical-align: inherit;\"><span style=\"vertical-align: inherit;\"><span style=\"vertical-align: inherit;\"><span style=\"vertical-align: inherit;\"><span style=\"vertical-align: inherit;\"><span style=\"vertical-align: inherit;\"><span style=\"vertical-align: inherit;\"><span style=\"vertical-align: inherit;\"><span style=\"vertical-align: inherit;\"><span style=\"vertical-align: inherit;\"><span style=\"vertical-align: inherit;\"><span style=\"vertical-align: inherit;\"><span style=\"vertical-align: inherit;\">Vous \u00eates fiscalement autonome ;<\/span><\/span><\/span><\/span><\/span><\/span><\/span><\/span><\/span><\/span><\/span><\/span><\/span><\/span><\/span><\/span><\/li>\n<li>Vous \u00eates fiscalement \u00e0 la charge de vos parents et ces derniers sont :\n<ul>\n<li>non imposables \u00e0 l&rsquo;imp\u00f4t sur le revenu,<\/li>\n<li>ou imposables <span style=\"vertical-align: inherit;\">dans la tranche 1 d&rsquo;imposition.<\/span><\/li>\n<\/ul>\n<\/li>\n<\/ul>\n<\/li>\n<li><span style=\"vertical-align: inherit;\">Entre 18 ans et 25 ans r\u00e9volus (29 ans r\u00e9volus en cas de handicap), le montant mensuel est de 314,80\u202f\u20ac \u00e0 Mayotte si vous (ou votre foyer fiscal) \u00eates non imposable.<\/span><\/li>\n<li><span style=\"vertical-align: inherit;\">Entre 18 ans et 25 ans r\u00e9volus (29 ans r\u00e9volus en cas de handicap) le montant mensuel est de 188,89\u202f\u20ac \u00e0 Mayotte si vous (ou votre foyer fiscal) \u00eates imposable dans la tranche 1 d&rsquo;imposition.\u00a0<\/span><\/li>\n<\/ul>\n<p><span style=\"vertical-align: inherit;\"><span style=\"vertical-align: inherit;\"><span style=\"vertical-align: inherit;\"><span style=\"vertical-align: inherit;\"><span style=\"vertical-align: inherit;\"><span style=\"vertical-align: inherit;\"><span style=\"vertical-align: inherit;\"><span style=\"vertical-align: inherit;\"><span style=\"vertical-align: inherit;\"><span style=\"vertical-align: inherit;\"><span style=\"vertical-align: inherit;\"><span style=\"vertical-align: inherit;\"><span style=\"vertical-align: inherit;\"><span style=\"vertical-align: inherit;\"><span style=\"vertical-align: inherit;\"><span style=\"vertical-align: inherit;\">\n<div class=\"wpdt-c row wpDataTableContainerSimpleTable wpDataTables wpDataTablesWrapper\n\"\n    >\n    <table id=\"wpdtSimpleTable-498\"\n           class=\"wpdtSimpleTable wpDataTable\"\n           data-column=\"4\"\n           data-rows=\"4\"\n           data-wpID=\"498\"\n           data-responsive=\"0\"\n           data-has-header=\"1\">\n\n                    <thead>        <tr class=\"wpdt-cell-row \" >\n                            <th class=\"wpdt-cell wpdt-bc-E8E8E8\"\n                                    data-cell-id=\"A1\"\n                data-col-index=\"0\"\n                data-row-index=\"0\"\n                style=\" width:24.056603773585%;                padding:10px;\"\n                >\n                                \u00c2ge                <\/th>\n                                            <th class=\"wpdt-cell wpdt-bc-E8E8E8\"\n                                    data-cell-id=\"B1\"\n                data-col-index=\"1\"\n                data-row-index=\"0\"\n                style=\" width:44.496855345912%;                padding:10px;\"\n                >\n                                Situation fiscale                <\/th>\n                                            <th class=\"wpdt-cell wpdt-bc-E8E8E8\"\n                                    data-cell-id=\"C1\"\n                data-col-index=\"2\"\n                data-row-index=\"0\"\n                style=\" width:15.723270440252%;                padding:10px;\"\n                >\n                                Montant mensuel                <\/th>\n                                            <th class=\"wpdt-cell wpdt-bc-E8E8E8\"\n                                    data-cell-id=\"D1\"\n                data-col-index=\"3\"\n                data-row-index=\"0\"\n                style=\" width:15.723270440252%;                padding:10px;\"\n                >\n                                Mayotte                <\/th>\n                                        <\/tr>\n                    <tbody>        <tr class=\"wpdt-cell-row \" >\n                            <td class=\"wpdt-cell wpdt-wrap-text\"\n                                    data-cell-id=\"A2\"\n                data-col-index=\"0\"\n                data-row-index=\"1\"\n                style=\"                padding:10px;\"\n                >\n                                Entre 16 et 18 ans                <\/td>\n                                            <td class=\"wpdt-cell wpdt-wrap-text\"\n                                    data-cell-id=\"B2\"\n                data-col-index=\"1\"\n                data-row-index=\"1\"\n                style=\"                padding:10px;\"\n                >\n                                Vous ou votre foyer fiscal \u00eates non-imposable, ou imposable au titre de la tranche 1 d\u2019imposition                <\/td>\n                                            <td class=\"wpdt-cell \"\n                                    data-cell-id=\"C2\"\n                data-col-index=\"2\"\n                data-row-index=\"1\"\n                style=\"                padding:10px;\"\n                >\n                                220,92\u202f\u20ac                <\/td>\n                                            <td class=\"wpdt-cell wpdt-bc-E8E8E8\"\n                                    data-cell-id=\"D2\"\n                data-col-index=\"3\"\n                data-row-index=\"1\"\n                style=\"                padding:10px;\"\n                >\n                                125,92                <\/td>\n                                        <\/tr>\n                            <tr class=\"wpdt-cell-row \" >\n                            <td class=\"wpdt-cell wpdt-wrap-text\"\n                                    data-cell-id=\"A3\"\n                data-col-index=\"0\"\n                data-row-index=\"2\"\n                style=\"                padding:10px;\"\n                >\n                                Entre 18 et 25 ans r\u00e9volus (29 ans r\u00e9volus en situation de handicap)                <\/td>\n                                            <td class=\"wpdt-cell wpdt-wrap-text\"\n                                    data-cell-id=\"B3\"\n                data-col-index=\"1\"\n                data-row-index=\"2\"\n                style=\"                padding:10px;\"\n                >\n                                Vous ou votre foyer fiscal \u00eates non-imposable                <\/td>\n                                            <td class=\"wpdt-cell \"\n                                    data-cell-id=\"C3\"\n                data-col-index=\"2\"\n                data-row-index=\"2\"\n                style=\"                padding:10px;\"\n                >\n                                552,29\u202f\u20ac                <\/td>\n                                            <td class=\"wpdt-cell wpdt-bc-E8E8E8\"\n                                    data-cell-id=\"D3\"\n                data-col-index=\"3\"\n                data-row-index=\"2\"\n                style=\"                padding:10px;\"\n                >\n                                314,80\u202f\u20ac                <\/td>\n                                        <\/tr>\n                            <tr class=\"wpdt-cell-row \" >\n                            <td class=\"wpdt-cell wpdt-bc-E8E8E8\"\n                                    data-cell-id=\"A4\"\n                data-col-index=\"0\"\n                data-row-index=\"3\"\n                style=\"                padding:10px;\"\n                >\n                                Entre 18 et 25 ans r\u00e9volus (29 ans r\u00e9volus en situation de handicap)                <\/td>\n                                            <td class=\"wpdt-cell wpdt-bc-E8E8E8\"\n                                    data-cell-id=\"B4\"\n                data-col-index=\"1\"\n                data-row-index=\"3\"\n                style=\"                padding:10px;\"\n                >\n                                Vous ou votre foyer fiscal \u00eates imposable au titre de la tranche 1 d'imposition                <\/td>\n                                            <td class=\"wpdt-cell wpdt-bc-E8E8E8\"\n                                    data-cell-id=\"C4\"\n                data-col-index=\"2\"\n                data-row-index=\"3\"\n                style=\"                padding:10px;\"\n                >\n                                331,17\u202f\u20ac                <\/td>\n                                            <td class=\"wpdt-cell wpdt-bc-E8E8E8\"\n                                    data-cell-id=\"D4\"\n                data-col-index=\"3\"\n                data-row-index=\"3\"\n                style=\"                padding:10px;\"\n                >\n                                188,89\u202f\u20ac                <\/td>\n                                        <\/tr>\n                    <\/table>\n<\/div><style id='wpdt-custom-style-498'>\ntable#wpdtSimpleTable-498{ table-layout: fixed !important; }\n.wpdt-bc-E8E8E8 { background-color: #E8E8E8 !important;}\n<\/style>\n<\/span><\/span><\/span><\/span><\/span><\/span><\/span><\/span><\/span><\/span><\/span><\/span><\/span><\/span><\/span><\/span><\/p>\n<p>Mes Allocs vous propose de r\u00e9aliser une <a href=\"https:\/\/www.mes-allocs.fr\/guides\/contrat-engagement-jeune\/simulation-cej\/\">simulation en ligne<\/a> pour estimer le montant de votre allocation.<\/p>\n<p><iframe loading=\"lazy\" title=\"Le Contrat d&#039;Engagement Jeune (CEJ)\" width=\"500\" height=\"375\" src=\"https:\/\/www.youtube.com\/embed\/f_Hf5LBMHeQ?feature=oembed\" frameborder=\"0\" allow=\"accelerometer; autoplay; clipboard-write; encrypted-media; gyroscope; picture-in-picture; web-share\" referrerpolicy=\"strict-origin-when-cross-origin\" allowfullscreen><\/iframe><\/p>\n<h1><span style=\"vertical-align: inherit;\"><span style=\"vertical-align: inherit;\"><span style=\"vertical-align: inherit;\"><span style=\"vertical-align: inherit;\"><span style=\"vertical-align: inherit;\"><span style=\"vertical-align: inherit;\"><span style=\"vertical-align: inherit;\"><span style=\"vertical-align: inherit;\"><span style=\"vertical-align: inherit;\"><span style=\"vertical-align: inherit;\"><span style=\"vertical-align: inherit;\"><span style=\"vertical-align: inherit;\"><span style=\"vertical-align: inherit;\"><span style=\"vertical-align: inherit;\"><span style=\"vertical-align: inherit;\"><span style=\"vertical-align: inherit;\"><span style=\"vertical-align: inherit;\"><span style=\"vertical-align: inherit;\">Quelle est la dur\u00e9e de l&rsquo;allocation CEJ ?<\/span><\/span><\/span><\/span><\/span><\/span><\/span><\/span><\/span><\/span><\/span><\/span><\/span><\/span><\/span><\/span><\/span><\/span><\/h1>\n<p><span style=\"vertical-align: inherit;\"><span style=\"vertical-align: inherit;\"><span style=\"vertical-align: inherit;\"><span style=\"vertical-align: inherit;\"><span style=\"vertical-align: inherit;\"><span style=\"vertical-align: inherit;\">L&rsquo;allocation CEJ (ACEJ) est attribu\u00e9e pour la p\u00e9riode durant laquelle vous b\u00e9n\u00e9ficiez d&rsquo;un accompagnement et ce jusqu&rsquo;\u00e0 votre r\u00e9int\u00e9gration durable dans l&#8217;emploi ou jusqu&rsquo;\u00e0 votre demande volontaire de mettre fin au CEJ. <\/span><\/span><\/span><\/span><\/span><span style=\"vertical-align: inherit;\"><span style=\"vertical-align: inherit;\"><span style=\"vertical-align: inherit;\"><span style=\"vertical-align: inherit;\"><span style=\"vertical-align: inherit;\">La dur\u00e9e du CEJ ne peut, en aucun cas, d\u00e9passer la limite d&rsquo;\u00e2ge \u00e9ligible, soit 26 ans ou 30 ans pour les travailleurs en situation de handicap. <\/span><\/span><\/span><\/span><\/span><span style=\"vertical-align: inherit;\"><span style=\"vertical-align: inherit;\"><span style=\"vertical-align: inherit;\"><span style=\"vertical-align: inherit;\"><span style=\"vertical-align: inherit;\">La <\/span><\/span><\/span><\/span><\/span><\/span><strong><span style=\"vertical-align: inherit;\"><span style=\"vertical-align: inherit;\"><span style=\"vertical-align: inherit;\"><span style=\"vertical-align: inherit;\"><span style=\"vertical-align: inherit;\"><span style=\"vertical-align: inherit;\">dur\u00e9e maximale de ce contrat est d&rsquo;un an<\/span><\/span><\/span><\/span><\/span><\/span><\/strong><span style=\"vertical-align: inherit;\"><span style=\"vertical-align: inherit;\"><span style=\"vertical-align: inherit;\"><span style=\"vertical-align: inherit;\"><span style=\"vertical-align: inherit;\"><span style=\"vertical-align: inherit;\">.<\/span><\/span><\/span><\/span><\/span><\/span><\/p>\n<p><span style=\"vertical-align: inherit;\"><span style=\"vertical-align: inherit;\"><span style=\"vertical-align: inherit;\"><span style=\"vertical-align: inherit;\"><span style=\"vertical-align: inherit;\"><span style=\"vertical-align: inherit;\">\u00c0 l&rsquo;issue de cette p\u00e9riode de 12 mois, France Travail ou la mission locale peut choisir de prolonger le contrat pour une dur\u00e9e suppl\u00e9mentaire de <strong>6 mois.<\/strong><\/span><\/span><\/span><\/span><\/span><\/span><\/p>\n<p><span style=\"vertical-align: inherit;\"><span style=\"vertical-align: inherit;\"><span style=\"vertical-align: inherit;\"><span style=\"vertical-align: inherit;\"><span style=\"vertical-align: inherit;\"><span style=\"vertical-align: inherit;\">Dans le cas o\u00f9, avant la fin de ce contrat, le b\u00e9n\u00e9ficiaire s&rsquo;engage dans un parcours ou signe un contrat avec d&rsquo;autres organismes d&rsquo;insertion ou de formation, le CEJ peut \u00eatre prolong\u00e9 jusqu&rsquo;au dernier jour du deuxi\u00e8me mois suivant <\/span><\/span><\/span><span style=\"vertical-align: inherit;\"><span style=\"vertical-align: inherit;\"><span style=\"vertical-align: inherit;\">la fin du parcours ou du contrat en question.<\/span><\/span><\/span><\/span><\/span><\/span><\/p>\n<p><span style=\"vertical-align: inherit;\"><span style=\"vertical-align: inherit;\"><span style=\"vertical-align: inherit;\"><span style=\"vertical-align: inherit;\"><span style=\"vertical-align: inherit;\"><span style=\"vertical-align: inherit;\">Il est important de noter que la conclusion d&rsquo;un nouveau CEJ ne peut intervenir qu&rsquo;apr\u00e8s un d\u00e9lai de 6 mois suivant la fin du contrat pr\u00e9c\u00e9dent, sauf si le jeune a respect\u00e9 ses engagements lors de son premier CEJ ou a rencontr\u00e9 des difficult\u00e9s sp\u00e9cifiques&#8230;<\/span><\/span><\/span><\/span><\/span><\/span><\/p>\n<p><strong><span style=\"vertical-align: inherit;\"><span style=\"vertical-align: inherit;\"><span style=\"vertical-align: inherit;\"><span style=\"vertical-align: inherit;\"><span style=\"vertical-align: inherit;\"><span style=\"vertical-align: inherit;\">Exemple 1 :<\/span><\/span><\/span><\/span><\/span><\/span><\/strong><\/p>\n<p><span style=\"vertical-align: inherit;\"><span style=\"vertical-align: inherit;\"><span style=\"vertical-align: inherit;\"><span style=\"vertical-align: inherit;\"><span style=\"vertical-align: inherit;\"><span style=\"vertical-align: inherit;\">Alex, \u00e2g\u00e9 de 24 ans, b\u00e9n\u00e9ficie de l&rsquo;allocation CEJ et est accompagn\u00e9 par une mission locale. <\/span><\/span><\/span><\/span><\/span><span style=\"vertical-align: inherit;\"><span style=\"vertical-align: inherit;\"><span style=\"vertical-align: inherit;\"><span style=\"vertical-align: inherit;\"><span style=\"vertical-align: inherit;\">Son contrat initial est fix\u00e9 pour une dur\u00e9e de 12 mois. <\/span><\/span><\/span><\/span><\/span><span style=\"vertical-align: inherit;\"><span style=\"vertical-align: inherit;\"><span style=\"vertical-align: inherit;\"><span style=\"vertical-align: inherit;\"><span style=\"vertical-align: inherit;\">Cependant, \u00e0 l&rsquo;approche de la fin de cette p\u00e9riode, il \u00e9prouve des difficult\u00e9s \u00e0 trouver un emploi stable. <\/span><\/span><\/span><\/span><\/span><span style=\"vertical-align: inherit;\"><span style=\"vertical-align: inherit;\"><span style=\"vertical-align: inherit;\"><span style=\"vertical-align: inherit;\"><span style=\"vertical-align: inherit;\">La mission locale d\u00e9cide alors de prolonger son contrat CEJ pour une dur\u00e9e additionnelle de 6 mois, permettant \u00e0 Alex de continuer \u00e0 b\u00e9n\u00e9ficier de l&rsquo;accompagnement et de l&rsquo;allocation.<\/span><\/span><\/span><\/span><\/span><\/span><\/p>\n<p><span style=\"vertical-align: inherit;\"><span style=\"vertical-align: inherit;\"><span style=\"vertical-align: inherit;\"><span style=\"vertical-align: inherit;\"><span style=\"vertical-align: inherit;\"><span style=\"vertical-align: inherit;\">Au cours de cette prolongation, Alex d\u00e9cide de suivre une formation propos\u00e9e par un organisme d&rsquo;insertion. <\/span><\/span><\/span><\/span><\/span><span style=\"vertical-align: inherit;\"><span style=\"vertical-align: inherit;\"><span style=\"vertical-align: inherit;\"><span style=\"vertical-align: inherit;\"><span style=\"vertical-align: inherit;\">Cette nouvelle orientation lui offre des opportunit\u00e9s professionnelles et la prolongation de son CEJ s&rsquo;\u00e9tend jusqu&rsquo;au dernier jour du deuxi\u00e8me mois suivant la fin de sa formation.<\/span><\/span><\/span><\/span><\/span><\/span><\/p>\n<p><strong><span style=\"vertical-align: inherit;\"><span style=\"vertical-align: inherit;\"><span style=\"vertical-align: inherit;\"><span style=\"vertical-align: inherit;\"><span style=\"vertical-align: inherit;\"><span style=\"vertical-align: inherit;\">Exemple 2 :<\/span><\/span><\/span><\/span><\/span><\/span><\/strong><\/p>\n<p><span style=\"vertical-align: inherit;\"><span style=\"vertical-align: inherit;\"><span style=\"vertical-align: inherit;\"><span style=\"vertical-align: inherit;\"><span style=\"vertical-align: inherit;\"><span style=\"vertical-align: inherit;\">Sophie, \u00e2g\u00e9e de 28 ans en situation de handicap, a sign\u00e9 un contrat CEJ d&rsquo;une dur\u00e9e initiale d&rsquo;un an. <\/span><\/span><\/span><\/span><\/span><span style=\"vertical-align: inherit;\"><span style=\"vertical-align: inherit;\"><span style=\"vertical-align: inherit;\"><span style=\"vertical-align: inherit;\"><span style=\"vertical-align: inherit;\">\u00c0 la fin de cette p\u00e9riode, elle n&rsquo;a pas encore trouv\u00e9 un emploi adapt\u00e9 \u00e0 ses besoins sp\u00e9cifiques. <\/span><\/span><\/span><\/span><\/span><span style=\"vertical-align: inherit;\"><span style=\"vertical-align: inherit;\"><span style=\"vertical-align: inherit;\"><span style=\"vertical-align: inherit;\"><span style=\"vertical-align: inherit;\">France Travail d\u00e9cide de prolonger son contrat pour une dur\u00e9e suppl\u00e9mentaire de 6 mois, tenant compte de sa situation particuli\u00e8re.<\/span><\/span><\/span><\/span><\/span><\/span><\/p>\n<p><span style=\"vertical-align: inherit;\"><span style=\"vertical-align: inherit;\"><span style=\"vertical-align: inherit;\"><span style=\"vertical-align: inherit;\"><span style=\"vertical-align: inherit;\"><span style=\"vertical-align: inherit;\">Avant la fin de cette prolongation, Sophie d\u00e9cide de s&rsquo;inscrire \u00e0 un programme de r\u00e9adaptation professionnelle propos\u00e9 par un organisme sp\u00e9cialis\u00e9. <\/span><\/span><\/span><\/span><\/span><span style=\"vertical-align: inherit;\"><span style=\"vertical-align: inherit;\"><span style=\"vertical-align: inherit;\"><span style=\"vertical-align: inherit;\"><span style=\"vertical-align: inherit;\">Le CEJ s&rsquo;\u00e9tend jusqu&rsquo;au dernier jour du deuxi\u00e8me mois suivant la fin de son programme de r\u00e9adaptation, lui offrant ainsi le temps n\u00e9cessaire pour int\u00e9grer les comp\u00e9tences acquises dans le cadre de son nouveau parcours professionnel.<\/span><\/span><\/span><\/span><\/span><\/span><\/p>\n<div class='cta-block'><div class='text'>Simulez votre \u00e9ligibilit\u00e9 au CEJ en 2 min. Gratuit.<\/div><a href='https:\/\/www.mes-allocs.fr\/ab-app?origin=guides\/wp-json\/wp\/v2\/posts\/73482' class='app-button fit'>Simulation gratuite<\/a><\/div>\n<h1><span style=\"vertical-align: inherit;\"><span style=\"vertical-align: inherit;\"><span style=\"vertical-align: inherit;\"><span style=\"vertical-align: inherit;\"><span style=\"vertical-align: inherit;\"><span style=\"vertical-align: inherit;\"><span style=\"vertical-align: inherit;\"><span style=\"vertical-align: inherit;\"><span style=\"vertical-align: inherit;\"><span style=\"vertical-align: inherit;\"><span style=\"vertical-align: inherit;\"><span style=\"vertical-align: inherit;\"><span style=\"vertical-align: inherit;\"><span style=\"vertical-align: inherit;\"><span style=\"vertical-align: inherit;\"><span style=\"vertical-align: inherit;\"><span style=\"vertical-align: inherit;\"><span style=\"vertical-align: inherit;\">Quelles sont les conditions pour recevoir l&rsquo;allocation CEJ en 2025 ?<\/span><\/span><\/span><\/span><\/span><\/span><\/span><\/span><\/span><\/span><\/span><\/span><\/span><\/span><\/span><\/span><\/span><\/span><\/h1>\n<h2><span style=\"vertical-align: inherit;\"><span style=\"vertical-align: inherit;\"><span style=\"vertical-align: inherit;\"><span style=\"vertical-align: inherit;\"><span style=\"vertical-align: inherit;\"><span style=\"vertical-align: inherit;\"><span style=\"vertical-align: inherit;\"><span style=\"vertical-align: inherit;\"><span style=\"vertical-align: inherit;\"><span style=\"vertical-align: inherit;\"><span style=\"vertical-align: inherit;\"><span style=\"vertical-align: inherit;\"><span style=\"vertical-align: inherit;\"><span style=\"vertical-align: inherit;\"><span style=\"vertical-align: inherit;\"><span style=\"vertical-align: inherit;\"><span style=\"vertical-align: inherit;\"><span style=\"vertical-align: inherit;\">Les conditions li\u00e9es au demandeur<\/span><\/span><\/span><\/span><\/span><\/span><\/span><\/span><\/span><\/span><\/span><\/span><\/span><\/span><\/span><\/span><\/span><\/span><\/h2>\n<p><span style=\"vertical-align: inherit;\"><span style=\"vertical-align: inherit;\">Les <a href=\"https:\/\/www.mes-allocs.fr\/guides\/contrat-engagement-jeune\/conditions-cej\/\">conditions<\/a> suivantes sont \u00e0 respecter afin de pouvoir pr\u00e9tendre \u00e0 l&rsquo;attribution de l&rsquo;allocation CEJ :<\/span><\/span><\/p>\n<ul>\n<li><span style=\"vertical-align: inherit;\"><span style=\"vertical-align: inherit;\"><span style=\"vertical-align: inherit;\"><span style=\"vertical-align: inherit;\"><span style=\"vertical-align: inherit;\"><span style=\"vertical-align: inherit;\"><span style=\"vertical-align: inherit;\"><span style=\"vertical-align: inherit;\">\u00catre \u00e2g\u00e9 de 16 \u00e0 25 ans r\u00e9volus (jusqu&rsquo;\u00e0 la veille des 26 ans) ou de 16 \u00e0 29 ans r\u00e9volus (jusqu&rsquo;\u00e0 la veille des 30 ans) en situation de handicap ;<\/span><\/span><\/span><\/span><\/span><\/span><\/span><\/span><\/li>\n<li><span style=\"vertical-align: inherit;\"><span style=\"vertical-align: inherit;\"><span style=\"vertical-align: inherit;\"><span style=\"vertical-align: inherit;\"><span style=\"vertical-align: inherit;\"><span style=\"vertical-align: inherit;\"><span style=\"vertical-align: inherit;\"><span style=\"vertical-align: inherit;\">Ne pas \u00eatre engag\u00e9(e) dans des \u00e9tudes ou une formation ;<\/span><\/span><\/span><\/span><\/span><\/span><\/span><\/span><\/li>\n<li><span style=\"vertical-align: inherit;\"><span style=\"vertical-align: inherit;\"><span style=\"vertical-align: inherit;\"><span style=\"vertical-align: inherit;\"><span style=\"vertical-align: inherit;\"><span style=\"vertical-align: inherit;\"><span style=\"vertical-align: inherit;\"><span style=\"vertical-align: inherit;\">\u00catre demandeur d&#8217;emploi inscrit \u00e0 France Travail ;<\/span><\/span><\/span><\/span><\/span><\/span><\/span><\/span><\/li>\n<li><span style=\"vertical-align: inherit;\"><span style=\"vertical-align: inherit;\"><span style=\"vertical-align: inherit;\"><span style=\"vertical-align: inherit;\"><span style=\"vertical-align: inherit;\"><span style=\"vertical-align: inherit;\"><span style=\"vertical-align: inherit;\"><span style=\"vertical-align: inherit;\">\u00catre sans emploi ou dans un emploi pr\u00e9caire.<\/span><\/span><\/span><\/span><\/span><\/span><\/span><\/span><\/li>\n<\/ul>\n<h2><span style=\"vertical-align: inherit;\"><span style=\"vertical-align: inherit;\"><span style=\"vertical-align: inherit;\"><span style=\"vertical-align: inherit;\"><span style=\"vertical-align: inherit;\"><span style=\"vertical-align: inherit;\"><span style=\"vertical-align: inherit;\"><span style=\"vertical-align: inherit;\"><span style=\"vertical-align: inherit;\"><span style=\"vertical-align: inherit;\"><span style=\"vertical-align: inherit;\"><span style=\"vertical-align: inherit;\"><span style=\"vertical-align: inherit;\"><span style=\"vertical-align: inherit;\"><span style=\"vertical-align: inherit;\"><span style=\"vertical-align: inherit;\"><span style=\"vertical-align: inherit;\"><span style=\"vertical-align: inherit;\">Les conditions de revenus<\/span><\/span><\/span><\/span><\/span><\/span><\/span><\/span><\/span><\/span><\/span><\/span><\/span><\/span><\/span><\/span><\/span><\/span><\/h2>\n<p><span style=\"vertical-align: inherit;\"><span style=\"vertical-align: inherit;\">Afin d&rsquo;\u00eatre \u00e9ligible \u00e0 l&rsquo;allocation CEJ en 2025, vous devez a<\/span><\/span><span style=\"vertical-align: inherit;\"><span style=\"vertical-align: inherit;\"><span style=\"vertical-align: inherit;\"><span style=\"vertical-align: inherit;\"><span style=\"vertical-align: inherit;\"><span style=\"vertical-align: inherit;\"><span style=\"vertical-align: inherit;\"><span style=\"vertical-align: inherit;\">voir un quotient familial inf\u00e9rieur \u00e0 la premi\u00e8re tranche d&rsquo;imposition (fix\u00e9e \u00e0 28\u00a0797 <\/span><\/span><\/span><\/span><\/span><\/span><\/span><\/span><strong><span style=\"vertical-align: inherit;\"><span style=\"vertical-align: inherit;\"><span style=\"vertical-align: inherit;\"><span style=\"vertical-align: inherit;\"><span style=\"vertical-align: inherit;\"><span style=\"vertical-align: inherit;\"><span style=\"vertical-align: inherit;\"><span style=\"vertical-align: inherit;\">\u20ac<\/span><\/span><\/span><\/span><\/span><\/span><\/span><\/span><\/strong><span style=\"vertical-align: inherit;\"><span style=\"vertical-align: inherit;\"><span style=\"vertical-align: inherit;\"><span style=\"vertical-align: inherit;\"><span style=\"vertical-align: inherit;\"><span style=\"vertical-align: inherit;\"><span style=\"vertical-align: inherit;\"><span style=\"vertical-align: inherit;\"> en 2025).<\/span><\/span><\/span><\/span><\/span><\/span><\/span><\/span><\/p>\n<h1><span style=\"vertical-align: inherit;\"><span style=\"vertical-align: inherit;\"><span style=\"vertical-align: inherit;\"><span style=\"vertical-align: inherit;\"><span style=\"vertical-align: inherit;\"><span style=\"vertical-align: inherit;\"><span style=\"vertical-align: inherit;\"><span style=\"vertical-align: inherit;\"><span style=\"vertical-align: inherit;\"><span style=\"vertical-align: inherit;\"><span style=\"vertical-align: inherit;\"><span style=\"vertical-align: inherit;\"><span style=\"vertical-align: inherit;\"><span style=\"vertical-align: inherit;\"><span style=\"vertical-align: inherit;\"><span style=\"vertical-align: inherit;\"><span style=\"vertical-align: inherit;\"><span style=\"vertical-align: inherit;\">Est-il possible de cumuler l&rsquo;allocation CEJ avec d&rsquo;autres aides ?<\/span><\/span><\/span><\/span><\/span><\/span><\/span><\/span><\/span><\/span><\/span><\/span><\/span><\/span><\/span><\/span><\/span><\/span><\/h1>\n<h2><span style=\"vertical-align: inherit;\"><span style=\"vertical-align: inherit;\"><span style=\"vertical-align: inherit;\"><span style=\"vertical-align: inherit;\"><span style=\"vertical-align: inherit;\"><span style=\"vertical-align: inherit;\"><span style=\"vertical-align: inherit;\"><span style=\"vertical-align: inherit;\"><span style=\"vertical-align: inherit;\"><span style=\"vertical-align: inherit;\"><span style=\"vertical-align: inherit;\"><span style=\"vertical-align: inherit;\"><span style=\"vertical-align: inherit;\"><span style=\"vertical-align: inherit;\"><span style=\"vertical-align: inherit;\"><span style=\"vertical-align: inherit;\"><span style=\"vertical-align: inherit;\"><span style=\"vertical-align: inherit;\">RSA et allocation CEJ : cumul possible ?<\/span><\/span><\/span><\/span><\/span><\/span><\/span><\/span><\/span><\/span><\/span><\/span><\/span><\/span><\/span><\/span><\/span><\/span><\/h2>\n<p><span style=\"vertical-align: inherit;\"><span style=\"vertical-align: inherit;\"><span style=\"vertical-align: inherit;\"><span style=\"vertical-align: inherit;\"><span style=\"vertical-align: inherit;\"><span style=\"vertical-align: inherit;\"><span style=\"vertical-align: inherit;\"><span style=\"vertical-align: inherit;\">Le Revenu de Solidarit\u00e9 Active (RSA) vise \u00e0 garantir un niveau de revenu minimum aux individus d\u00e9pourvus de ressources, avec des montants variant en fonction de la composition du foyer. Les conditions d&rsquo;\u00e9ligibilit\u00e9 au\u00a0<\/span><\/span><\/span><\/span><\/span><\/span><\/span><\/span><span style=\"vertical-align: inherit;\"><span style=\"vertical-align: inherit;\"><span style=\"vertical-align: inherit;\"><span style=\"vertical-align: inherit;\">RSA<\/span><\/span><\/span><\/span> s&rsquo;appliquent aux personnes \u00e2g\u00e9es d&rsquo;au moins 25 ans, et aux jeunes actifs de 18 \u00e0 24 ans s&rsquo;ils sont parents isol\u00e9s ou s&rsquo;ils justifient d&rsquo;une certaine dur\u00e9e d&rsquo;activit\u00e9 professionnelle.<\/p>\n<p>L&rsquo;<strong>allocation CEJ et le RSA ne peuvent coexister dans votre foyer<\/strong>. Si une personne de votre foyer re\u00e7oit le RSA, vous ne pourrez pas b\u00e9n\u00e9ficier de l&rsquo;allocation CEJ. C&rsquo;est une r\u00e8gle stricte qui s&rsquo;applique aussi bien \u00e0 vous qu&rsquo;\u00e0 votre conjoint(e), partenaire ou concubin(e).<\/p>\n<h2><span style=\"vertical-align: inherit;\"><span style=\"vertical-align: inherit;\"><span style=\"vertical-align: inherit;\"><span style=\"vertical-align: inherit;\"><span style=\"vertical-align: inherit;\"><span style=\"vertical-align: inherit;\"><span style=\"vertical-align: inherit;\"><span style=\"vertical-align: inherit;\"><span style=\"vertical-align: inherit;\"><span style=\"vertical-align: inherit;\"><span style=\"vertical-align: inherit;\"><span style=\"vertical-align: inherit;\"><span style=\"vertical-align: inherit;\"><span style=\"vertical-align: inherit;\"><span style=\"vertical-align: inherit;\"><span style=\"vertical-align: inherit;\"><span style=\"vertical-align: inherit;\"><span style=\"vertical-align: inherit;\">Prime d&rsquo;activit\u00e9 et allocation CEJ : cumul possible ?<\/span><\/span><\/span><\/span><\/span><\/span><\/span><\/span><\/span><\/span><\/span><\/span><\/span><\/span><\/span><\/span><\/span><\/span><\/h2>\n<p>La\u00a0<span style=\"vertical-align: inherit;\"><span style=\"vertical-align: inherit;\"><span style=\"vertical-align: inherit;\"><span style=\"vertical-align: inherit;\">prime d&rsquo;activit\u00e9<\/span><\/span><\/span><\/span> constitue une aide financi\u00e8re soumise \u00e0 certaines conditions de ressources, destin\u00e9e \u00e0 soutenir les individus exer\u00e7ant une activit\u00e9 professionnelle, que ce soit en tant que salari\u00e9 ou travailleur ind\u00e9pendant. Elle est \u00e9galement accessible \u00e0 ceux qui b\u00e9n\u00e9ficient d&rsquo;une indemnisation au titre du ch\u00f4mage partiel ou technique, pourvu que leurs revenus demeurent modestes. Pour \u00eatre \u00e9ligible, il est imp\u00e9ratif d&rsquo;\u00eatre \u00e2g\u00e9 de plus de 18 ans, de r\u00e9sider de mani\u00e8re stable en France, et de justifier d&rsquo;une activit\u00e9 professionnelle ou d&rsquo;une indemnisation au titre du ch\u00f4mage partiel ou technique. La nationalit\u00e9 peut \u00e9galement jouer un r\u00f4le, exigeant la qualit\u00e9 de citoyen fran\u00e7ais, europ\u00e9en, suisse, ou titulaire d&rsquo;un titre de s\u00e9jour valide depuis au moins 5 ans.<\/p>\n<p>Le montant de la prime d&rsquo;activit\u00e9 est d\u00e9termin\u00e9 de mani\u00e8re automatis\u00e9e et personnalis\u00e9e en fonction des ressources du foyer, de sa composition familiale, ainsi que d&rsquo;autres crit\u00e8res sp\u00e9cifiques.<\/p>\n<p>Il est tout \u00e0 fait envisageable de <strong>cumuler l&rsquo;enveloppe de l&rsquo;allocation CEJ avec la prime d&rsquo;activit\u00e9<\/strong>, pourvu que cette derni\u00e8re ne soit pas affili\u00e9e \u00e0 une activit\u00e9 en cours au moment de la signature du contrat engagement jeune (CEJ).<\/p>\n<h2><span style=\"vertical-align: inherit;\"><span style=\"vertical-align: inherit;\"><span style=\"vertical-align: inherit;\"><span style=\"vertical-align: inherit;\"><span style=\"vertical-align: inherit;\"><span style=\"vertical-align: inherit;\"><span style=\"vertical-align: inherit;\"><span style=\"vertical-align: inherit;\"><span style=\"vertical-align: inherit;\"><span style=\"vertical-align: inherit;\"><span style=\"vertical-align: inherit;\"><span style=\"vertical-align: inherit;\"><span style=\"vertical-align: inherit;\"><span style=\"vertical-align: inherit;\"><span style=\"vertical-align: inherit;\"><span style=\"vertical-align: inherit;\"><span style=\"vertical-align: inherit;\"><span style=\"vertical-align: inherit;\">Aides au logement et allocation CEJ : cumul possible ?<\/span><\/span><\/span><\/span><\/span><\/span><\/span><\/span><\/span><\/span><\/span><\/span><\/span><\/span><\/span><\/span><\/span><\/span><\/h2>\n<p><span style=\"vertical-align: inherit;\"><span style=\"vertical-align: inherit;\"><span style=\"vertical-align: inherit;\"><span style=\"vertical-align: inherit;\"><span style=\"vertical-align: inherit;\"><span style=\"vertical-align: inherit;\"><span style=\"vertical-align: inherit;\"><span style=\"vertical-align: inherit;\">L&rsquo;Aide Personnalis\u00e9e au Logement (APL) repr\u00e9sente une assistance financi\u00e8re visant \u00e0 all\u00e9ger la charge financi\u00e8re li\u00e9e au loyer, mensualit\u00e9 d&#8217;emprunt, ou redevance en cas de r\u00e9sidence en foyer. Son attribution est bas\u00e9e sur les caract\u00e9ristiques du logement et cette aide s&rsquo;applique ind\u00e9pendamment de la situation familiale ; c\u00e9libataire, mari\u00e9, avec ou sans personne \u00e0 charge. Les conditions pour b\u00e9n\u00e9ficier de l&rsquo;<\/span><\/span><\/span><\/span><\/span><\/span><\/span><\/span><span style=\"vertical-align: inherit;\"><span style=\"vertical-align: inherit;\"><span style=\"vertical-align: inherit;\"><span style=\"vertical-align: inherit;\">APL<\/span><\/span><\/span><\/span> varient en fonction du statut r\u00e9sidentiel ; locataire, acc\u00e9dant \u00e0 la propri\u00e9t\u00e9, ou r\u00e9sidant en foyer. Cette diversit\u00e9 de situations permet \u00e0 l&rsquo;APL de s&rsquo;adapter aux besoins sp\u00e9cifiques de chaque individu, offrant ainsi une assistance financi\u00e8re flexible et cibl\u00e9e pour all\u00e9ger les charges li\u00e9es au logement.<\/p>\n<p><strong>Vous pouvez combiner l&rsquo;allocation du CEJ avec les Aides Personnalis\u00e9es au Logement (APL)<\/strong>. Cette d\u00e9marche permet aux b\u00e9n\u00e9ficiaires d&rsquo;optimiser leurs ressources en tirant parti des deux formes de soutien financier.<\/p>\n<div class='cta-block'><div class='text'>Simulez votre \u00e9ligibilit\u00e9 au CEJ en 2 min. Gratuit.<\/div><a href='https:\/\/www.mes-allocs.fr\/ab-app?origin=guides\/wp-json\/wp\/v2\/posts\/73482' class='app-button fit'>Simulation gratuite<\/a><\/div>\n","protected":false},"excerpt":{"rendered":"<p>Le contrat d&rsquo;engagement jeune est un programme intensif pour aider les jeunes de 16 \u00e0 25 ans en situation de pr\u00e9carit\u00e9, \u00e0 trouver un emploi durable. C&rsquo;est un accompagnement de 15 \u00e0 20 heures par semaine vers un emploi ou un contrat d&rsquo;apprentissage. Ce programme peut \u00eatre accompagn\u00e9 d&rsquo;une allocation CEJ dont le montant varie [&hellip;]<\/p>\n","protected":false},"author":29,"featured_media":74565,"comment_status":"open","ping_status":"open","sticky":false,"template":"","format":"standard","meta":{"amp_status":"","footnotes":""},"categories":[30057],"tags":[],"class_list":["post-73482","post","type-post","status-publish","format-standard","has-post-thumbnail","hentry","category-contrat-engagement-jeune"],"yoast_head":"<!-- This site is optimized with the Yoast SEO plugin v14.9 - https:\/\/yoast.com\/wordpress\/plugins\/seo\/ -->\n<title>Quel est le montant de l&#039;allocation CEJ en 2025 ? | Mes-Allocs.fr<\/title>\n<meta name=\"description\" content=\"Le montant de l&#039;allocation CEJ varie en fonction de votre \u00e2ge, votre lieu de r\u00e9sidence et votre situation fiscale. Mes Allocs vous informe.\" \/>\n<meta name=\"robots\" content=\"index, follow, max-snippet:-1, max-image-preview:large, max-video-preview:-1\" \/>\n<link rel=\"canonical\" href=\"https:\/\/www.mes-allocs.fr\/guides\/contrat-engagement-jeune\/montant-cej\/\" \/>\n<meta property=\"og:locale\" content=\"fr_FR\" \/>\n<meta property=\"og:type\" content=\"article\" \/>\n<meta property=\"og:title\" content=\"Quel est le montant de l&#039;allocation CEJ en 2025 ? | Mes-Allocs.fr\" \/>\n<meta property=\"og:description\" content=\"Le montant de l&#039;allocation CEJ varie en fonction de votre \u00e2ge, votre lieu de r\u00e9sidence et votre situation fiscale. Mes Allocs vous informe.\" \/>\n<meta property=\"og:url\" content=\"https:\/\/www.mes-allocs.fr\/guides\/contrat-engagement-jeune\/montant-cej\/\" \/>\n<meta property=\"og:site_name\" content=\"Mes-Allocs.fr\" \/>\n<meta property=\"article:published_time\" content=\"2024-02-14T07:34:13+00:00\" \/>\n<meta property=\"article:modified_time\" content=\"2026-04-22T09:55:15+00:00\" \/>\n<meta property=\"og:image\" content=\"https:\/\/www.mes-allocs.fr\/guides\/wp-content\/uploads\/2024\/02\/montant-allocation-CEJ.png?wsr\" \/>\n\t<meta property=\"og:image:width\" content=\"311\" \/>\n\t<meta property=\"og:image:height\" content=\"211\" \/>\n<meta name=\"twitter:card\" content=\"summary_large_image\" \/>\n<script type=\"application\/ld+json\" class=\"yoast-schema-graph\">{\"@context\":\"https:\/\/schema.org\",\"@graph\":[{\"@type\":\"WebSite\",\"@id\":\"https:\/\/www.mes-allocs.fr\/guides\/#website\",\"url\":\"https:\/\/www.mes-allocs.fr\/guides\/\",\"name\":\"Mes-Allocs.fr\",\"description\":\"\",\"potentialAction\":[{\"@type\":\"SearchAction\",\"target\":\"https:\/\/www.mes-allocs.fr\/guides\/?s={search_term_string}\",\"query-input\":\"required name=search_term_string\"}],\"inLanguage\":\"fr-FR\"},{\"@type\":\"ImageObject\",\"@id\":\"https:\/\/www.mes-allocs.fr\/guides\/contrat-engagement-jeune\/montant-cej\/#primaryimage\",\"inLanguage\":\"fr-FR\",\"url\":\"https:\/\/www.mes-allocs.fr\/guides\/wp-content\/uploads\/2024\/02\/montant-allocation-CEJ.png?wsr\",\"width\":311,\"height\":211,\"caption\":\"montant allocation CEJ\"},{\"@type\":\"WebPage\",\"@id\":\"https:\/\/www.mes-allocs.fr\/guides\/contrat-engagement-jeune\/montant-cej\/#webpage\",\"url\":\"https:\/\/www.mes-allocs.fr\/guides\/contrat-engagement-jeune\/montant-cej\/\",\"name\":\"Quel est le montant de l'allocation CEJ en 2025 ? | Mes-Allocs.fr\",\"isPartOf\":{\"@id\":\"https:\/\/www.mes-allocs.fr\/guides\/#website\"},\"primaryImageOfPage\":{\"@id\":\"https:\/\/www.mes-allocs.fr\/guides\/contrat-engagement-jeune\/montant-cej\/#primaryimage\"},\"datePublished\":\"2024-02-14T07:34:13+00:00\",\"dateModified\":\"2026-04-22T09:55:15+00:00\",\"author\":{\"@id\":\"https:\/\/www.mes-allocs.fr\/guides\/#\/schema\/person\/4e41463521c6aa39e7147c10ad0cb360\"},\"description\":\"Le montant de l'allocation CEJ varie en fonction de votre \\u00e2ge, votre lieu de r\\u00e9sidence et votre situation fiscale. Mes Allocs vous informe.\",\"inLanguage\":\"fr-FR\"},{\"@type\":\"Person\",\"@id\":\"https:\/\/www.mes-allocs.fr\/guides\/#\/schema\/person\/4e41463521c6aa39e7147c10ad0cb360\",\"name\":\"Camille Jouanne\",\"image\":{\"@type\":\"ImageObject\",\"@id\":\"https:\/\/www.mes-allocs.fr\/guides\/#personlogo\",\"inLanguage\":\"fr-FR\",\"url\":\"https:\/\/www.mes-allocs.fr\/guides\/wp-content\/uploads\/2025\/08\/camille-jouanne-e1756398287761-150x150.png\",\"caption\":\"Camille Jouanne\"},\"description\":\"Responsable \\u00e9ditoriale chez Mes Allocs, je rejoins l'\\u00e9quipe en f\\u00e9vrier 2024 apr\\u00e8s une exp\\u00e9rience en agence web. Je suis sp\\u00e9cialis\\u00e9e sur les sujets li\\u00e9s aux aides sociales, aux imp\\u00f4ts, \\u00e0 la S\\u00e9curit\\u00e9 Sociale et \\u00e0 la retraite. Mon r\\u00f4le est de garantir la qualit\\u00e9, la pertinence et la coh\\u00e9rence des contenus publi\\u00e9s. J'accompagne les r\\u00e9dacteurs et r\\u00e9dactrices de l\\u2019id\\u00e9e \\u00e0 la publication, avec le souci du d\\u00e9tail. Ma priorit\\u00e9 : proposer des contenus fiables, engageants et pens\\u00e9s pour les lecteurs.\",\"sameAs\":[\"https:\/\/www.linkedin.com\/in\/camille-jouanne-2394881a5\"]}]}<\/script>\n<!-- \/ Yoast SEO plugin. -->","amp_validity":null,"acf":{"faq":{"1":{"question":"Faut-il d\u00e9clarer le Contrat d'Engagement Jeune (CEJ) \u00e0 la CAF ?","answer":"La d\u00e9claration du CEJ \u00e0 la CAF n'est pas n\u00e9cessaire, car le CEJ est non-imposable."},"2":{"question":"Qui verse l'allocation du CEJ ?","answer":"Lorsque l'accompagnement est pris en charge par une mission locale, c'est l'ASP (Agence de services et de paiement) qui assure le versement mensuel de l'allocation au jeune. Sinon, c'est France Travail (anciennement P\u00f4le Emploi)."},"3":{"question":"Quelle est la date de r\u00e9ception du paiement de l'Allocation CEJ ?","answer":"Le paiement de l'Allocation CEJ intervient g\u00e9n\u00e9ralement aux alentours du 15 du mois."},"4":{"question":"Comment faire la demande d'Allocation CEJ ?","answer":"Vous pouvez faire votre demande d'Allocation CEJ aupr\u00e8s de votre conseiller France Travail \/ de la Mission Locale ou faire appel \u00e0 un expert Mes Allocs."},"5":{"question":"Quels sont les objectifs du CEJ ? ","answer":"Les objectifs du CEJ sont de d\u00e9finir et construire un projet professionnel durable, de mettre en avant vos talents et comp\u00e9tences, de d\u00e9couvrir le monde professionnel avec une compr\u00e9hension de ses fonctionnements et codes, ainsi que de construire un r\u00e9seau facilitant une recherche d'emploi plus efficace et rapide."},"6":{"question":"Quels sont les d\u00e9lais pour faire une demande de CEJ ?","answer":"Vous pouvez faire votre demande de Contrat Engagement Jeune \u00e0 tout moment de l'ann\u00e9e."},"7":{"question":"","answer":""},"8":{"question":"","answer":""},"9":{"question":"","answer":""},"10":{"question":"","answer":""},"11":{"question":"","answer":""},"12":{"question":"","answer":""},"13":{"question":"","answer":""},"14":{"question":"","answer":""},"15":{"question":"","answer":""},"16":{"question":"","answer":""}}},"_links":{"self":[{"href":"https:\/\/www.mes-allocs.fr\/guides\/wp-json\/wp\/v2\/posts\/73482","targetHints":{"allow":["GET"]}}],"collection":[{"href":"https:\/\/www.mes-allocs.fr\/guides\/wp-json\/wp\/v2\/posts"}],"about":[{"href":"https:\/\/www.mes-allocs.fr\/guides\/wp-json\/wp\/v2\/types\/post"}],"author":[{"embeddable":true,"href":"https:\/\/www.mes-allocs.fr\/guides\/wp-json\/wp\/v2\/users\/29"}],"replies":[{"embeddable":true,"href":"https:\/\/www.mes-allocs.fr\/guides\/wp-json\/wp\/v2\/comments?post=73482"}],"version-history":[{"count":24,"href":"https:\/\/www.mes-allocs.fr\/guides\/wp-json\/wp\/v2\/posts\/73482\/revisions"}],"predecessor-version":[{"id":88260,"href":"https:\/\/www.mes-allocs.fr\/guides\/wp-json\/wp\/v2\/posts\/73482\/revisions\/88260"}],"wp:featuredmedia":[{"embeddable":true,"href":"https:\/\/www.mes-allocs.fr\/guides\/wp-json\/wp\/v2\/media\/74565"}],"wp:attachment":[{"href":"https:\/\/www.mes-allocs.fr\/guides\/wp-json\/wp\/v2\/media?parent=73482"}],"wp:term":[{"taxonomy":"category","embeddable":true,"href":"https:\/\/www.mes-allocs.fr\/guides\/wp-json\/wp\/v2\/categories?post=73482"},{"taxonomy":"post_tag","embeddable":true,"href":"https:\/\/www.mes-allocs.fr\/guides\/wp-json\/wp\/v2\/tags?post=73482"}],"curies":[{"name":"wp","href":"https:\/\/api.w.org\/{rel}","templated":true}]}}