{"id":7326,"date":"2020-06-09T09:13:33","date_gmt":"2020-06-09T09:13:33","guid":{"rendered":"https:\/\/www.mes-allocs.fr\/guides\/?p=7326"},"modified":"2026-04-10T16:05:03","modified_gmt":"2026-04-10T15:05:03","slug":"aide-alzheimer","status":"publish","type":"post","link":"https:\/\/www.mes-allocs.fr\/guides\/aides-sociales\/aide-alzheimer\/","title":{"rendered":"Les aides financi\u00e8res pour les placements de personnes atteintes d&rsquo;alzheimer"},"content":{"rendered":"<p style=\"text-align: justify;\"><strong><a href=\"https:\/\/www.mes-allocs.fr\/guides\/wp-content\/uploads\/2020\/06\/Les-aides-financi\u00e8res-pour-les-placements-de-personnes-atteintes-dalzheimerr.jpg\"><img loading=\"lazy\" decoding=\"async\" class=\"aligncenter wp-image-7960 size-full\" src=\"https:\/\/www.mes-allocs.fr\/guides\/wp-content\/uploads\/2020\/06\/Les-aides-financie\u0300res-pour-les-placements-de-personnes-atteintes-dalzheimerr-e1591612489650.jpg\" alt=\"Les aides financi\u00e8res pour les placements de personnes atteintes d'alzheimerr\" width=\"1280\" height=\"352\" srcset=\"https:\/\/www.mes-allocs.fr\/guides\/wp-content\/uploads\/2020\/06\/Les-aides-financie\u0300res-pour-les-placements-de-personnes-atteintes-dalzheimerr-e1591612489650.jpg 1280w, https:\/\/www.mes-allocs.fr\/guides\/wp-content\/uploads\/2020\/06\/Les-aides-financie\u0300res-pour-les-placements-de-personnes-atteintes-dalzheimerr-e1591612489650-300x83.jpg 300w, https:\/\/www.mes-allocs.fr\/guides\/wp-content\/uploads\/2020\/06\/Les-aides-financie\u0300res-pour-les-placements-de-personnes-atteintes-dalzheimerr-e1591612489650-1024x282.jpg 1024w, https:\/\/www.mes-allocs.fr\/guides\/wp-content\/uploads\/2020\/06\/Les-aides-financie\u0300res-pour-les-placements-de-personnes-atteintes-dalzheimerr-e1591612489650-768x211.jpg 768w, https:\/\/www.mes-allocs.fr\/guides\/wp-content\/uploads\/2020\/06\/Les-aides-financie\u0300res-pour-les-placements-de-personnes-atteintes-dalzheimerr-e1591612489650-600x165.jpg 600w\" sizes=\"auto, (max-width: 1280px) 100vw, 1280px\" \/><\/a><\/strong>[Mis \u00e0 jour le 10\/04\/2026]\u00a0<strong> En France, 900 000 personnes souffrent de la maladie d Alzheimer. Elle peut constituer une r\u00e9elle charge \u00e9motionnelle et financi\u00e8re pour les proches. Si vous souhaitez obtenir des informations concernant les <a href=\"https:\/\/www.mes-allocs.fr\/guides\/aides-sociales\/\" target=\"_blank\" rel=\"noopener noreferrer\">aides financi\u00e8res<\/a> pour les placements de personnes atteintes d&rsquo;Alzheimer, lisez cet article.<br \/>\n<\/strong><\/p>\n<div class='cta-block'><div class='text'>Simulez toutes vos aides en 2 min. Gratuit.<\/div><a href='https:\/\/www.mes-allocs.fr\/ab-app?origin=guides\/wp-json\/wp\/v2\/posts\/7326' class='app-button fit'>Simulation gratuite<\/a><\/div>\n<h1 class=\"nVcaUb\">Qu&rsquo;est-ce que la maladie d&rsquo;Alzheimer ?<\/h1>\n<h2>Qu&rsquo;est-ce que la maladie d&rsquo;alzheimer<\/h2>\n<p style=\"text-align: justify;\">L&rsquo;Alzheimer est principalement connue comme \u00e9tant la maladie li\u00e9e \u00e0 la perte de m\u00e9moire. Or, \u00e0 partir de <strong>50 ans<\/strong>, les capacit\u00e9s m\u00e9morielles sont modifi\u00e9es. L&rsquo;Alzheimer <strong>ne concerne pas un simple oubli<\/strong>, comme :<\/p>\n<ul style=\"text-align: justify;\">\n<li>l&rsquo;oubli d&rsquo;un rendez-vous,<\/li>\n<li>ou d&rsquo;un num\u00e9ro de t\u00e9l\u00e9phone.<\/li>\n<\/ul>\n<p style=\"text-align: justify;\">En effet, cette maladie correspond \u00e0 des oublis li\u00e9s \u00e0 l&rsquo;autobiographie. Oublier ses enfants, par exemple, est un signe d&rsquo;Alzheimer.<\/p>\n<p style=\"text-align: justify;\">\u00c0 cela s&rsquo;ajoute (et c&rsquo;est l\u00e0 le signe distinctif) des oublis correspondant \u00e0 des \u00e9v\u00e8nements r\u00e9cents. En outre, il faut faire attention \u00e0 une <strong>multiplicit\u00e9 de signes<\/strong> et ne pas s&rsquo;affoler au moindre d\u00e9tail anodin.<\/p>\n<h2>Quels sont les signes li\u00e9s \u00e0 la maladie\u00a0 ?<\/h2>\n<ul>\n<li>Pertes de m\u00e9moire perturbant la vie quotidienne.<\/li>\n<li>Difficult\u00e9 pour r\u00e9soudre des probl\u00e8mes ou pour exercer des <strong>t\u00e2ches quotidiennes<\/strong>.<\/li>\n<li><strong>Perte de notion du temps et du lieu<\/strong>. S&rsquo;accompagne de difficult\u00e9 \u00e0 retracer un parcours.<\/li>\n<li>Difficult\u00e9 \u00e0 percevoir les images (distances, couleurs et contrastes).<\/li>\n<li><strong>Probl\u00e8mes d&rsquo;expression orale ou \u00e9crite.<\/strong><\/li>\n<li>Tendance grandissante \u00e0 \u00e9garer des objets.<\/li>\n<li>Perte de la capacit\u00e9 de jugement, discernement.<\/li>\n<li><strong>Changements d&rsquo;humeur et\/ou de personnalit\u00e9<\/strong>.<\/li>\n<li>Prise de distance vis-\u00e0-vis de de son ou votre activit\u00e9 professionnelle et sociale.<\/li>\n<\/ul>\n<h2>Alzheimer : opter pour le placement d&rsquo;office ?<\/h2>\n<p>Le placement d&rsquo;office n&rsquo;est pas recommand\u00e9. En effet, c&rsquo;est plut\u00f4t le maintien \u00e0 domicile qui est encourag\u00e9. Et ce, bien entendu dans la mesure du possible. Dans ce cas, il faut suivre quelques conseils afin que cela se d\u00e9roule au mieux.<\/p>\n<ul>\n<li dir=\"ltr\">\n<p dir=\"ltr\"><strong>\u00c9viter de faire les choses \u00e0 sa place. Et ce, particuli\u00e8rement si votre proche est au premier stade la maladie. <\/strong>Guidez-le vers des gestes simples \u00e0 effectuer.<\/p>\n<\/li>\n<li dir=\"ltr\">\n<p dir=\"ltr\">Veillez \u00e0 sa s\u00e9curit\u00e9. En effet, \u00e0 cause de sa perte de rep\u00e8res spatiales, le risque de chute est accru.<\/p>\n<\/li>\n<li dir=\"ltr\">\n<p dir=\"ltr\"><strong>\u00c9vitez<\/strong> <strong>de le contrarier.<\/strong><\/p>\n<\/li>\n<li dir=\"ltr\">\n<p dir=\"ltr\"><strong>Conservez ses rep\u00e8res et ses habitudes. <\/strong><\/p>\n<\/li>\n<li dir=\"ltr\">\n<p dir=\"ltr\"><strong>\u00c9vitez les situations inconnues ou le stress.<\/strong><\/p>\n<\/li>\n<li dir=\"ltr\">Aidez-le \u00e0 se nourrir s&rsquo;il n&rsquo;arrive plus \u00e0 le faire (stade critique de la maladie).<\/li>\n<\/ul>\n<h1>Quelles sont les aides financi\u00e8res pour les placements des personnes atteintes d&rsquo;Alzheimer ?<\/h1>\n<div class=\"para-desc\">\n<h2 class=\"entry-title primary\">Qu&rsquo;est-ce que l&rsquo;allocation affection longue dur\u00e9e (ALD) ?<\/h2>\n<\/div>\n<p><a href=\"https:\/\/www.mes-allocs.fr\/guides\/aides-sociales\/aide-financiere-pour-maladie-longue-duree\/\" target=\"_blank\" rel=\"noopener noreferrer\">L\u2019allocation d\u2019affection longue dur\u00e9e<\/a> s&rsquo;adresse <strong>aux personnes souffrant de maladie chronique. <\/strong>Elle se traduit par une prise en charge <strong>totale<\/strong> par \u00a0<strong>l\u2019Assurance maladie<\/strong> des soins que n\u00e9cessitent la maladie chronique. Les autres soins ne sont pas pris en charge \u00e0 100%.<\/p>\n<h3>Quelles sont les maladies chroniques prises en charge ?<\/h3>\n<ul>\n<li>maladies de <strong>Parkinson<\/strong>, d\u2019<strong>Alzheimer,<\/strong><\/li>\n<li>diff\u00e9rents diab\u00e8tes,<\/li>\n<li>scoliose,<\/li>\n<li>tuberculose,<\/li>\n<li>etc.<\/li>\n<\/ul>\n<h3>Quelles sont les conditions d&rsquo;obtention ?<\/h3>\n<ul>\n<li>\u00catre concern\u00e9 par l&rsquo;une des maladies (notamment ci-dessus), reconnues comme faisant partie de la liste d&rsquo;ALD par le m\u00e9decin.<\/li>\n<\/ul>\n<p>Par cons\u00e9quent, l&rsquo;ALD est une aide financiere possible pour vous ou votre proche atteint d&rsquo;Alzheimer.<\/p>\n<header id=\"headerPage\">\n<h2 data-test=\"titre-page\">Qu&rsquo;est-ce que l&rsquo;allocation personnalis\u00e9e d&rsquo;autonomie (APA) ?<\/h2>\n<p class=\"date\" data-test=\"date-maj\">Cette<a href=\"https:\/\/www.mes-allocs.fr\/guides\/aides-sociales\/aide-financiere-handicape\/\" target=\"_blank\" rel=\"noopener noreferrer\"> allocation personnalis\u00e9e d autonomie<\/a> est une aide vous permettant de payer (en partie ou en totalit\u00e9) :<\/p>\n<ul>\n<li data-test=\"date-maj\"><strong>les frais n\u00e9cessaires<\/strong> \u00e0 votre maintien \u00e0 domicile.<\/li>\n<li data-test=\"date-maj\"><strong>une partie de votre h\u00e9bergement dans un \u00e9tablissement m\u00e9dico-social<\/strong> (notamment un Ehpad).<\/li>\n<\/ul>\n<\/header>\n<article class=\"article\"><\/article>\n<h3 class=\"video\">Quelles sont les conditions d&rsquo;attribution ?<\/h3>\n<div class=\"fiche-item\">\n<div id=\"fiche-item-2situation1\" class=\"fiche-item-content collapse in\" aria-hidden=\"false\">\n<ul>\n<li class=\"fiche-title-1\">\u00catre \u00e2g\u00e9 d&rsquo;au moins 60 ans.<\/li>\n<li class=\"fiche-title-1\">Subir une perte d autonomie vous emp\u00eachant d&rsquo;accomplir les gestes de la vie quotidienne.<\/li>\n<li>R\u00e9sider en France de mani\u00e8re stable et r\u00e9guli\u00e8re.<\/li>\n<\/ul>\n<p>\u00c0 noter que l&rsquo;autonomie est mesur\u00e9e par la grille Aggir. Elle fixe plusieurs degr\u00e9s de perte d&rsquo;autonomie allant de 1 \u00e0 6. 1 correspondant \u00e0 la perte d&rsquo;autonomie la plus forte. Et le 6, \u00e0 la perte d&rsquo;autonomie la plus faible.<\/p>\n<div class=\"bloc-edito bloc-aNoter\">\u00a0<strong>Par ailleurs, vous pouvez b\u00e9n\u00e9ficier de l&rsquo;APA uniquement si vous \u00eates class\u00e9 aux niveaux 1, 2, 3 ou 4.<\/strong><\/div>\n<h3 class=\"video\">Quelles sont les aides non cumulables avec l&rsquo;APA ?<\/h3>\n<ul>\n<li>Aide \u00e0 domicile.<\/li>\n<li>Prestation de compensation du handicap (PCH).<\/li>\n<li>Majoration pour aide constante d&rsquo;une tierce personne.<\/li>\n<li>Prestation compl\u00e9mentaire pour recours \u00e0 tierce personne (PCRTP).<\/li>\n<\/ul>\n<\/div>\n<\/div>\n<div class=\"fiche-item\">\n<div id=\"fiche-item-3situation1\" class=\"fiche-item-content collapse in\" aria-hidden=\"false\">\n<ul id=\"ui-tab-zmhsjk4ksdllgtnmxtizo\" class=\"nav nav-tabs\" data-test=\"bloc-cas\"><\/ul>\n<div class=\"tab-content\">\n<div id=\"tab5669611179969627763-cas1\" class=\"tab-pane active\">\n<h3 class=\"video\">Quelles sont les d\u00e9marches \u00e0 effectuer pour cette aide financi\u00e8re ?<\/h3>\n<p>Vous pouvez vous tourner vers les \u00e9tablissements suivants afin de retirer le dossier.<\/p>\n<ul>\n<li>services du d\u00e9partement,<\/li>\n<li>mairie (CCAS).<\/li>\n<\/ul>\n<\/div>\n<\/div>\n<\/div>\n<\/div>\n<div class=\"fiche-item\">\n<div id=\"fiche-item-5situation1\" class=\"fiche-item-content collapse in\" aria-hidden=\"false\">\n<h3 class=\"video\">Quel est le montant de l&rsquo;APA ?<\/h3>\n<p>Le montant de l&rsquo;APA \u00e0 domicile est \u00e9gal au montant de la fraction du plan d&rsquo;aide que vous utilisez. \u00c0 ce montant est soustrait une certaine somme, qui reste \u00e0 votre charge. Il s&rsquo;agit de <strong>votre <span class=\"expression\">participation financi\u00e8re<\/span><\/strong>. Son montant ne peut pas exc\u00e9der un certain plafond.<\/p>\n<p style=\"text-align: justify;\"><strong><u>Plafond du montant mensuel maximum en\u00a0<\/u><\/strong><b><u>fonction du taux d&rsquo;incapacit\u00e9 :<\/u><\/b><\/p>\n\n<div class=\"wpdt-c row wpDataTableContainerSimpleTable wpDataTables wpDataTablesWrapper\n\"\n    >\n    <table id=\"wpdtSimpleTable-440\"\n           class=\"wpdtSimpleTable wpDataTable\"\n           data-column=\"2\"\n           data-rows=\"5\"\n           data-wpID=\"440\"\n           data-responsive=\"0\"\n           data-has-header=\"1\">\n\n                    <thead>        <tr class=\"wpdt-cell-row \" >\n                            <th class=\"wpdt-cell wpdt-bc-F3F9FE wpdt-bold\"\n                                    data-cell-id=\"A1\"\n                data-col-index=\"0\"\n                data-row-index=\"0\"\n                style=\" width:48.571428571429%;                padding:10px;\"\n                >\n                                GIR (groupe iso-ressources)\n                <\/th>\n                                            <th class=\"wpdt-cell wpdt-bc-F3F9FE wpdt-bold\"\n                                    data-cell-id=\"B1\"\n                data-col-index=\"1\"\n                data-row-index=\"0\"\n                style=\" width:51.428571428571%;                padding:10px;\"\n                >\n                                Montant mensuel maximum                <\/th>\n                                        <\/tr>\n                    <tbody>        <tr class=\"wpdt-cell-row \" >\n                            <td class=\"wpdt-cell \"\n                                    data-cell-id=\"A2\"\n                data-col-index=\"0\"\n                data-row-index=\"1\"\n                style=\"                padding:10px;\"\n                >\n                                1                <\/td>\n                                            <td class=\"wpdt-cell \"\n                                    data-cell-id=\"B2\"\n                data-col-index=\"1\"\n                data-row-index=\"1\"\n                style=\"                padding:10px;\"\n                >\n                                1\u00a0807,89\u00a0\u20ac                <\/td>\n                                        <\/tr>\n                            <tr class=\"wpdt-cell-row \" >\n                            <td class=\"wpdt-cell \"\n                                    data-cell-id=\"A3\"\n                data-col-index=\"0\"\n                data-row-index=\"2\"\n                style=\"                padding:10px;\"\n                >\n                                2                <\/td>\n                                            <td class=\"wpdt-cell \"\n                                    data-cell-id=\"B3\"\n                data-col-index=\"1\"\n                data-row-index=\"2\"\n                style=\"                padding:10px;\"\n                >\n                                1\u00a0462,08\u00a0\u20ac                <\/td>\n                                        <\/tr>\n                            <tr class=\"wpdt-cell-row \" >\n                            <td class=\"wpdt-cell \"\n                                    data-cell-id=\"A4\"\n                data-col-index=\"0\"\n                data-row-index=\"3\"\n                style=\"                padding:10px;\"\n                >\n                                3                <\/td>\n                                            <td class=\"wpdt-cell \"\n                                    data-cell-id=\"B4\"\n                data-col-index=\"1\"\n                data-row-index=\"3\"\n                style=\"                padding:10px;\"\n                >\n                                \u00a01\u00a0056,57\u00a0\u20ac                <\/td>\n                                        <\/tr>\n                            <tr class=\"wpdt-cell-row \" >\n                            <td class=\"wpdt-cell \"\n                                    data-cell-id=\"A5\"\n                data-col-index=\"0\"\n                data-row-index=\"4\"\n                style=\"                padding:10px;\"\n                >\n                                4\u00a0                <\/td>\n                                            <td class=\"wpdt-cell \"\n                                    data-cell-id=\"B5\"\n                data-col-index=\"1\"\n                data-row-index=\"4\"\n                style=\"                padding:10px;\"\n                >\n                                705,13\u00a0\u20ac                <\/td>\n                                        <\/tr>\n                    <\/table>\n<\/div><style id='wpdt-custom-style-440'>\ntable#wpdtSimpleTable-440{ table-layout: fixed !important; }\n.wpdt-bc-F3F9FE { background-color: #F3F9FE !important;}\n<\/style>\n\n<div class=\"bloc-edito bloc-aSavoir\">\n<p class=\"bloc-edito-title\"><strong>\u00c0 noter que <\/strong>si l&rsquo;APA est inf\u00e9rieure \u00e0 32,55\u00a0\u20ac, elle n&rsquo;est pas attribu\u00e9e.<\/p>\n<\/div>\n<\/div>\n<\/div>\n<div id=\"fiche-item-6situation1\" class=\"fiche-item-content collapse in\" aria-hidden=\"false\">\n<h3 class=\"fiche-title-1\">L&rsquo;APA est-elle r\u00e9cup\u00e9rable sur la succession ?<\/h3>\n<p>Si le b\u00e9n\u00e9ficiaire d\u00e9c\u00e8de, il est impossible de r\u00e9cup\u00e9rer l&rsquo;APA sur la successsion, qu&rsquo;il s&rsquo;agisse :<\/p>\n<ul>\n<li>du l\u00e9gataire,<\/li>\n<li>donataire,<\/li>\n<li>ou b\u00e9n\u00e9ficiaire d&rsquo;assurance-vie.<\/li>\n<\/ul>\n<\/div>\n<p><span id=\"Les_aides_pour_le_logement_etudiant\" class=\"ez-toc-section\"><div class='cta-block'><div class='text'>Simulez toutes vos Aides Sociales en 2 min. Gratuit.<\/div><a href='https:\/\/www.mes-allocs.fr\/ab-app?origin=guides\/wp-json\/wp\/v2\/posts\/7326' class='app-button fit'>Simulation gratuite<\/a><\/div><\/span><\/p>\n<h1>Quelles aides financi\u00e8res pour le placement en maison de retraite ?<\/h1>\n<h2>Comment fonctionne l&rsquo;aide de la maison de retraite CAF ?<\/h2>\n<p>Il existe une aide financiere placement <strong>alzheimer<\/strong> qui consiste en <strong>une aide au logement<\/strong>. C&rsquo;est une <strong>aide pour maison de retraite<\/strong> de la <a href=\"https:\/\/www.mes-allocs.fr\/guides\/aides-sociales\/aide-sociale-caf\/\" target=\"_blank\" rel=\"noopener noreferrer\">CAF (caisse d&rsquo;allocations familiales)<\/a>.<\/p>\n<h3>Quelles sont les conditions d&rsquo;attribution pour le demandeur ?<\/h3>\n<p>Vous devez r\u00e9sider dans l&rsquo;un des \u00e9tablissements suivants :<\/p>\n<ul>\n<li>\u00e9tablissement d&rsquo;h\u00e9bergement pour personnes \u00e2g\u00e9es d\u00e9pendantes.<\/li>\n<li>maison de retraite,<\/li>\n<li>unit\u00e9 de soins de longue dur\u00e9e<\/li>\n<li>logement-foyer.<\/li>\n<\/ul>\n<h3>Quelles sont les conditions d&rsquo;attribution pour le logement ?<\/h3>\n<ul>\n<li>zone g\u00e9ographique du logement,<\/li>\n<li>vos ressources,<\/li>\n<li>signature d\u2019une convention entre le gestionnaire de l\u2019\u00e9tablissement et l\u2019\u00c9tat.<\/li>\n<li>le montant de votre loyer.<\/li>\n<li><strong>ou<\/strong> tarif h\u00e9bergement en Ehpad.<\/li>\n<\/ul>\n<p style=\"text-align: justify;\"><span style=\"text-decoration: underline;\"><strong>C<\/strong><strong>onditions de superficie de la chambre pour les personnes log\u00e9es en Ehpad :<\/strong><\/span><\/p>\n\n<div class=\"wpdt-c row wpDataTableContainerSimpleTable wpDataTables wpDataTablesWrapper\n\"\n    >\n    <table id=\"wpdtSimpleTable-441\"\n           class=\"wpdtSimpleTable wpDataTable\"\n           data-column=\"2\"\n           data-rows=\"2\"\n           data-wpID=\"441\"\n           data-responsive=\"0\"\n           data-has-header=\"1\">\n\n                    <thead>        <tr class=\"wpdt-cell-row \" >\n                            <th class=\"wpdt-cell wpdt-bc-F3F9FE wpdt-bold\"\n                                    data-cell-id=\"A1\"\n                data-col-index=\"0\"\n                data-row-index=\"0\"\n                style=\" width:48.571428571429%;                padding:10px;\"\n                >\n                                Personne seule                <\/th>\n                                            <th class=\"wpdt-cell wpdt-bc-F3F9FE wpdt-bold\"\n                                    data-cell-id=\"B1\"\n                data-col-index=\"1\"\n                data-row-index=\"0\"\n                style=\" width:51.428571428571%;                padding:10px;\"\n                >\n                                Deux personnes                <\/th>\n                                        <\/tr>\n                    <tbody>        <tr class=\"wpdt-cell-row \" >\n                            <td class=\"wpdt-cell \"\n                                    data-cell-id=\"A2\"\n                data-col-index=\"0\"\n                data-row-index=\"1\"\n                style=\"                padding:10px;\"\n                >\n                                9 m\u00b2 minimum                <\/td>\n                                            <td class=\"wpdt-cell \"\n                                    data-cell-id=\"B2\"\n                data-col-index=\"1\"\n                data-row-index=\"1\"\n                style=\"                padding:10px;\"\n                >\n                                16 m\u00b2                <\/td>\n                                        <\/tr>\n                    <\/table>\n<\/div><style id='wpdt-custom-style-441'>\ntable#wpdtSimpleTable-441{ table-layout: fixed !important; }\n.wpdt-bc-F3F9FE { background-color: #F3F9FE !important;}\n<\/style>\n\n<p><span style=\"text-decoration: underline;\"><strong>Attention :<\/strong><\/span> dans les Ehpad, impossible pour plus de deux personnes de <strong>partager une m\u00eame chambre*.<\/strong> Si c&rsquo;est le cas, vous pouvez alors pr\u00e9tendre \u00e0 :<\/p>\n<ul>\n<li>l\u2019aide personnalis\u00e9e au logement (APL).<\/li>\n<li>l\u2019allocation de logement \u00e0 caract\u00e8re social (ALS).<\/li>\n<\/ul>\n<p><strong>\u00c0 noter que ces aides ne sont pas cumulables.<\/strong><\/p>\n<p><iframe loading=\"lazy\" title=\"Tout Savoir sur les Aides au Logement !\" width=\"500\" height=\"281\" src=\"https:\/\/www.youtube.com\/embed\/0uY2aOVSWZA?feature=oembed\" frameborder=\"0\" allow=\"accelerometer; autoplay; clipboard-write; encrypted-media; gyroscope; picture-in-picture; web-share\" referrerpolicy=\"strict-origin-when-cross-origin\" allowfullscreen><\/iframe><\/p>\n<h2>Comment fonctionne l&rsquo;aide de la maison de retraite du Conseil G\u00e9n\u00e9ral ?<\/h2>\n<p>Le Conseil G\u00e9n\u00e9ral (appellation d\u00e9signant le Conseil d\u00e9partemental) verse entre autres, deux aides pour le <strong>placement des personnes atteintes d&rsquo;Alzheimer.<\/strong><\/p>\n<ul>\n<li><a href=\"https:\/\/www.mes-allocs.fr\/guides\/aides-sociales\/mdph-aide-financiere\/\" target=\"_blank\" rel=\"noopener noreferrer\">La PCH<\/a> (Prestation de Compensation du Handicap),<\/li>\n<li><a href=\"https:\/\/www.mes-allocs.fr\/guides\/aides-sociales\/aide-sociale-a-l-hebergement-et-obligation-alimentaire\/\" target=\"_blank\" rel=\"noopener noreferrer\">l&rsquo;ASH<\/a> (Aide sociale \u00e0 l&rsquo;h\u00e9bergement).<\/li>\n<\/ul>\n<p>Elles constituent une<strong> aide de la maison de retraite du Conseil G\u00e9n\u00e9ral.<\/strong><\/p>\n<h1 id=\"la-prestation-de-compensation-du-handicap-pch\">Qu&rsquo;est-ce que la prestation de compensation du handicap (PCH) ?<\/h1>\n<p>La prestation de compensation du handicap (PCH) s&rsquo;adresse aux personnes handicap\u00e9es qui vivent :<\/p>\n<ul>\n<li>\u00e0 domicile,<\/li>\n<li>ou chez un aidant familial.<\/li>\n<\/ul>\n<p>Elle est vers\u00e9e par le d\u00e9partement et attribu\u00e9e par le CDAPH, \u00e0 vie sur l&rsquo;\u00e9tat du b\u00e9n\u00e9ficiaire ne s&rsquo;am\u00e9liore pas. La PCH regroupe en r\u00e9alit\u00e9 6 prestations, <strong>dont une aide humaine.<\/strong><\/p>\n<p>Vous pouvez employer cette derni\u00e8re en tant qu&rsquo;aide financi\u00e8re pour vous occuper du proche atteint d&rsquo;Alzheimer.<\/p>\n<h3 data-test=\"titre-page\">Qu&rsquo;est-ce que l&rsquo;aide sociale \u00e0 l&rsquo;h\u00e9bergement (ASH) ?<\/h3>\n<p>L&rsquo;aide sociale aux personnes \u00e2g\u00e9es inclut un remboursement pour l&rsquo;ASH.<\/p>\n<p class=\"date\" data-test=\"date-maj\">L&rsquo;aide sociale \u00e0 l&rsquo;h\u00e9bergement (ASH) correspond \u00e0 la prise en charge d&rsquo;une partie des frais (ou de leur totalit\u00e9) d&rsquo;h\u00e9bergement d&rsquo;une personne \u00e2g\u00e9e. Elle peut \u00eatre plac\u00e9e :<\/p>\n<ul>\n<li class=\"date\" data-test=\"date-maj\">en \u00e9tablissement<\/li>\n<\/ul>\n<p><strong>ou<\/strong><\/p>\n<ul>\n<li class=\"date\" data-test=\"date-maj\">chez un accueillant familial.<\/li>\n<\/ul>\n<p>L&rsquo;aide sociale \u00e0 l&rsquo;h\u00e9bergement inclut une obligation alimentaire. Elle est vers\u00e9e par le d\u00e9partement.<\/p>\n<h2>Alzheimer : quelle assistance peut-on solliciter ?<\/h2>\n<p>Si vous ou votre proche avez besoin d&rsquo;\u00eatre <strong>suivi pour l&rsquo;Alzheimer<\/strong> chez vous, vous pouvez faire appel \u00e0 des infirmiers \u00e0 domicile. Et ce, d&rsquo;autant plus si vous avez besoin de soins li\u00e9s \u00e0 la maladie.<\/p>\n<p>\u00c0 noter que vous devez avoir une prescription m\u00e9dicale pour b\u00e9n\u00e9ficier des soins infirmiers. Par ailleurs, vous pouvez aussi faire appel \u00e0 :<\/p>\n<ul>\n<li>un garde malade<\/li>\n<li>une auxiliaire de vie<\/li>\n<li>etc.<\/li>\n<\/ul>\n<h1>Comment faire appel \u00e0 une aide \u00e0 domicile pour les personnes atteintes d&rsquo;Alzheimer ?<\/h1>\n<h2>Comment b\u00e9n\u00e9ficier d&rsquo;une aide \u00e0 domicile en Belgique ?<\/h2>\n<p>Il existe une aide alzheimer \u00e0 domicile en Belgique. Il faut, pour en b\u00e9n\u00e9ficier, vous adresser aux r\u00e9seaux d&rsquo;aide :<\/p>\n<ul>\n<li>locaux<\/li>\n<li><strong>et<\/strong> r\u00e9gionaux.<\/li>\n<\/ul>\n<p>Plus largement, vous pouvez vous tourner vers :<\/p>\n<ul>\n<li>votre mutuelle, qui rembourse une grande partie des frais li\u00e9s \u00e0 ce service.<\/li>\n<li>les CPAS (<span class=\"st\">centre publique d&rsquo;action sociale).<\/span><\/li>\n<li>les organisations du secteur priv\u00e9.<\/li>\n<\/ul>\n<div>\n<div>\n<div>\n<div>\n<h2>Comment b\u00e9n\u00e9ficier d&rsquo;une aide \u00e0 domicile en France ?<\/h2>\n<\/div>\n<\/div>\n<\/div>\n<\/div>\n<p>En France, les personnes atteintes d&rsquo;Alzheimer peuvent \u00eatre prises en charge par une <a href=\"https:\/\/www.mes-allocs.fr\/guides\/aides-sociales\/plafond-aide-sociale-aide-menagere\/\" target=\"_blank\" rel=\"noopener noreferrer\">aide-m\u00e9nag\u00e8re \u00e0 domicile<\/a>. Plus pr\u00e9cis\u00e9ment, les personnes dont la maladie est \u00e0 un <strong>stage l\u00e9ger.<\/strong><\/p>\n<div class=\"content-fiche\">\n<div class=\"tab-content\">\n<div id=\"situation1\" class=\"tab-pane active\">\n<div class=\"fiche-bloc bloc-principal\" data-toggle-scope=\"\">\n<div class=\"fiche-item\">\n<div class=\"fiche-item\">\n<div class=\"fiche-item\">\n<div class=\"fiche-item\">\n<div id=\"fiche-item-6situation1\" class=\"fiche-item-content collapse in\" aria-hidden=\"false\">\n<div class=\"fiche-item\">\n<div id=\"toc_container\" class=\"toc_white no_bullets contracted\">\n<h3 id=\"anchor1\">Quelles sont les conditions pour b\u00e9n\u00e9ficier d&rsquo;une aide m\u00e9nag\u00e8re \u00e0 domicile ?<\/h3>\n<ul>\n<li><strong>\u00catre \u00e2g\u00e9 d&rsquo;au moins 65 ans<\/strong> (ou 60 ans pour les personnes reconnues inaptes au travail).<\/li>\n<li><strong>Avoir des difficult\u00e9s pour effectuer les principales t\u00e2ches m\u00e9nag\u00e8res.<br \/>\n<\/strong><\/li>\n<li><strong>Ne pas b\u00e9n\u00e9ficier de <\/strong>l&rsquo;APA (allocation personnalis\u00e9e d&rsquo;autonomie) <strong>et<\/strong> ne pas y \u00eatre \u00e9ligible.<\/li>\n<li><strong>Disposer de ressources mensuelles inf\u00e9rieures \u00e0 1 043,59 \u20ac <\/strong>pour une personne seule<strong> et \u00e0 1 620,18\u20ac <\/strong>pour un couple.<\/li>\n<\/ul>\n<h3 id=\"anchor2\">Quel est le montant de l\u2019aide ?<\/h3>\n<p>Il est estim\u00e9 en fonction des revenus du b\u00e9n\u00e9ficiaire, \u00e0 qui il peut \u00eatre demand\u00e9 de participer financi\u00e8rement au montant de cette aide.<\/p>\n<\/div>\n<div class=\"toc_white no_bullets contracted\">\n<p>C&rsquo;est le conseil d\u00e9partemental qui <a href=\"https:\/\/www.pour-les-personnes-agees.gouv.fr\/vivre-domicile\/etre-aide-domicile\/les-services-daide-domicile\" target=\"_blank\" rel=\"noopener nofollow noreferrer\">verse ce financement<\/a>.<\/p>\n<h3 id=\"anchor3\">Quelles sont les d\u00e9marches \u00e0 effectuer ?<\/h3>\n<p>Il vous faut vous tourner vers le CCAS (centre communal d\u2019action sociale) ou votre mairie.<\/p>\n<p><span id=\"Les_aides_pour_le_logement_etudiant\" class=\"ez-toc-section\"><div class='cta-block'><div class='text'>Simulez toutes vos Aides Sociales en 2 min. Gratuit.<\/div><a href='https:\/\/www.mes-allocs.fr\/ab-app?origin=guides\/wp-json\/wp\/v2\/posts\/7326' class='app-button fit'>Simulation gratuite<\/a><\/div><\/span><\/p>\n<\/div>\n<\/div>\n<\/div>\n<\/div>\n<\/div>\n<\/div>\n<\/div>\n<\/div>\n<\/div>\n<\/div>\n<\/div>\n","protected":false},"excerpt":{"rendered":"<p>[Mis \u00e0 jour le 10\/04\/2026]\u00a0 En France, 900 000 personnes souffrent de la maladie d Alzheimer. Elle peut constituer une r\u00e9elle charge \u00e9motionnelle et financi\u00e8re pour les proches. Si vous souhaitez obtenir des informations concernant les aides financi\u00e8res pour les placements de personnes atteintes d&rsquo;Alzheimer, lisez cet article. Qu&rsquo;est-ce que la maladie d&rsquo;Alzheimer ? Qu&rsquo;est-ce [&hellip;]<\/p>\n","protected":false},"author":9,"featured_media":7960,"comment_status":"open","ping_status":"open","sticky":false,"template":"","format":"standard","meta":{"amp_status":"","footnotes":""},"categories":[1411],"tags":[],"class_list":["post-7326","post","type-post","status-publish","format-standard","has-post-thumbnail","hentry","category-aides-sociales"],"yoast_head":"<!-- This site is optimized with the Yoast SEO plugin v14.9 - https:\/\/yoast.com\/wordpress\/plugins\/seo\/ -->\n<title>Les aides financi\u00e8res pour les personnes alzheimer | Mes-Allocs.fr<\/title>\n<meta name=\"description\" content=\"En France, 900 000 personnes souffrent de la maladie d&#039;Alzheimer. Elle peut constituer une r\u00e9elle charge financi\u00e8re pour les proches.\" \/>\n<meta name=\"robots\" content=\"index, follow, max-snippet:-1, max-image-preview:large, max-video-preview:-1\" \/>\n<link rel=\"canonical\" href=\"https:\/\/www.mes-allocs.fr\/guides\/aides-sociales\/aide-alzheimer\/\" \/>\n<meta property=\"og:locale\" content=\"fr_FR\" \/>\n<meta property=\"og:type\" content=\"article\" \/>\n<meta property=\"og:title\" content=\"Les aides financi\u00e8res pour les personnes alzheimer | Mes-Allocs.fr\" \/>\n<meta property=\"og:description\" content=\"En France, 900 000 personnes souffrent de la maladie d&#039;Alzheimer. Elle peut constituer une r\u00e9elle charge financi\u00e8re pour les proches.\" \/>\n<meta property=\"og:url\" content=\"https:\/\/www.mes-allocs.fr\/guides\/aides-sociales\/aide-alzheimer\/\" \/>\n<meta property=\"og:site_name\" content=\"Mes-Allocs.fr\" \/>\n<meta property=\"article:published_time\" content=\"2020-06-09T09:13:33+00:00\" \/>\n<meta property=\"article:modified_time\" content=\"2026-04-10T15:05:03+00:00\" \/>\n<meta property=\"og:image\" content=\"https:\/\/www.mes-allocs.fr\/guides\/wp-content\/uploads\/2020\/06\/Les-aides-financie\u0300res-pour-les-placements-de-personnes-atteintes-dalzheimerr-e1591612489650.jpg?wsr\" \/>\n\t<meta property=\"og:image:width\" content=\"1280\" \/>\n\t<meta property=\"og:image:height\" content=\"352\" \/>\n<meta name=\"twitter:card\" content=\"summary_large_image\" \/>\n<script type=\"application\/ld+json\" class=\"yoast-schema-graph\">{\"@context\":\"https:\/\/schema.org\",\"@graph\":[{\"@type\":\"WebSite\",\"@id\":\"https:\/\/www.mes-allocs.fr\/guides\/#website\",\"url\":\"https:\/\/www.mes-allocs.fr\/guides\/\",\"name\":\"Mes-Allocs.fr\",\"description\":\"\",\"potentialAction\":[{\"@type\":\"SearchAction\",\"target\":\"https:\/\/www.mes-allocs.fr\/guides\/?s={search_term_string}\",\"query-input\":\"required name=search_term_string\"}],\"inLanguage\":\"fr-FR\"},{\"@type\":\"ImageObject\",\"@id\":\"https:\/\/www.mes-allocs.fr\/guides\/aides-sociales\/aide-alzheimer\/#primaryimage\",\"inLanguage\":\"fr-FR\",\"url\":\"https:\/\/www.mes-allocs.fr\/guides\/wp-content\/uploads\/2020\/06\/Les-aides-financie\\u0300res-pour-les-placements-de-personnes-atteintes-dalzheimerr-e1591612489650.jpg?wsr\",\"width\":1280,\"height\":352,\"caption\":\"Les aides financie\\u0300res pour les placements de personnes atteintes dalzheimerr e1591612489650\"},{\"@type\":\"WebPage\",\"@id\":\"https:\/\/www.mes-allocs.fr\/guides\/aides-sociales\/aide-alzheimer\/#webpage\",\"url\":\"https:\/\/www.mes-allocs.fr\/guides\/aides-sociales\/aide-alzheimer\/\",\"name\":\"Les aides financi\\u00e8res pour les personnes alzheimer | Mes-Allocs.fr\",\"isPartOf\":{\"@id\":\"https:\/\/www.mes-allocs.fr\/guides\/#website\"},\"primaryImageOfPage\":{\"@id\":\"https:\/\/www.mes-allocs.fr\/guides\/aides-sociales\/aide-alzheimer\/#primaryimage\"},\"datePublished\":\"2020-06-09T09:13:33+00:00\",\"dateModified\":\"2026-04-10T15:05:03+00:00\",\"author\":{\"@id\":\"https:\/\/www.mes-allocs.fr\/guides\/#\/schema\/person\/e4e762c89158b34a332446d26f02fd56\"},\"description\":\"En France, 900 000 personnes souffrent de la maladie d'Alzheimer. Elle peut constituer une r\\u00e9elle charge financi\\u00e8re pour les proches.\",\"inLanguage\":\"fr-FR\"},{\"@type\":\"Person\",\"@id\":\"https:\/\/www.mes-allocs.fr\/guides\/#\/schema\/person\/e4e762c89158b34a332446d26f02fd56\",\"name\":\"Marylou\",\"image\":{\"@type\":\"ImageObject\",\"@id\":\"https:\/\/www.mes-allocs.fr\/guides\/#personlogo\",\"inLanguage\":\"fr-FR\",\"url\":\"https:\/\/www.mes-allocs.fr\/guides\/wp-content\/uploads\/2021\/06\/marylou-150x150.png\",\"caption\":\"Marylou\"},\"description\":\"Marylou est r\\u00e9dactrice au sein de l'\\u00e9quipe Mes Allocs, sp\\u00e9cialiste des sujets de soci\\u00e9t\\u00e9 en g\\u00e9n\\u00e9ral. Dipl\\u00f4m\\u00e9e de l'Institut Sup\\u00e9rieur de Formation au Journalisme, elle rejoint Mes Allocs apr\\u00e8s cr\\u00e9\\u00e9 son premier blog personnel.\",\"sameAs\":[\"https:\/\/www.linkedin.com\/in\/marylou-pr\\u00e9vost\"]}]}<\/script>\n<!-- \/ Yoast SEO plugin. -->","amp_validity":null,"acf":{"faq":{"1":{"question":"Quelles aides pour financer Maison retraite ?","answer":"Le placement en maison de retraite peut \u00eatre financ\u00e9 par l'aide sociale \u00e0 l'h\u00e9bergement (ASH) ou l'aide de la CAF, qui se traduit par une aide au logement."},"2":{"question":"Comment est calcul\u00e9 le montant de l'APA ?","answer":"Le montant de l'APA \u00e0 domicile est \u00e9gal au montant de la fraction du plan d'aide que vous utilisez. \u00c0 ce montant est soustrait une certaine somme, qui reste \u00e0 votre charge.\r\n\r\nIl s'agit de votre participation financi\u00e8re. Il faut voir plus haut les plafonds de ressources mensuelles correspondant \u00e0 l'Aggir."},"3":{"question":"Comment placer une personne atteinte d'Alzheimer ?","answer":"Il faut tout d'abord \u00e9viter de recourir au placement. En effet, ce changement d'environnement peut ajouter de la confusion \u00e0 celle que suscite d\u00e9j\u00e0 la maladie.\r\n\r\nSi vous voulez vraiment placer votre proche atteint d'Alzheimer, vous pouvez opter pour"},"4":{"question":"Quel est le montant de l'APA en maison de retraite ?","answer":"En maison de retraite, le montant de l'APA est \u00e9gal au tarif d\u00e9pendance mensuel correspondant au Gir du b\u00e9n\u00e9ficiaire. De cette somme est soustrait sa participation, fix\u00e9e en fonction de ses revenus."},"5":{"question":"Quel GIR pour l'APA ?","answer":"Pour toucher l'APA, il faut que votre perte d'autonomie corresponde au Gir 1,2,3 et 4. "},"6":{"question":"Comment fonctionne l'APA en maison de retraite ?","answer":"L'APA en maison de retraite, sert \u00e0 couvrir les frais d'h\u00e9bergement (une partie du tarif d\u00e9pendance en Ehpad). "},"7":{"question":"Qu'est-ce que le GIR ?","answer":"Le GIR (groupe iso-ressources) est la traduction du niveau de perte d\u2019autonomie d\u2019une personne \u00e2g\u00e9e. "},"8":{"question":"Comment est vers\u00e9e l'APA ?","answer":"L'APA est vers\u00e9e par le d\u00e9partement, chaque mois, aux b\u00e9n\u00e9ficiaires ou aux professionnels qui ont la charge du plan d'aide. "},"9":{"question":"","answer":""},"10":{"question":"","answer":""},"11":{"question":"","answer":""},"12":{"question":"","answer":""},"13":{"question":"","answer":""},"14":{"question":"","answer":""},"15":{"question":"","answer":""},"16":{"question":"","answer":""}}},"_links":{"self":[{"href":"https:\/\/www.mes-allocs.fr\/guides\/wp-json\/wp\/v2\/posts\/7326","targetHints":{"allow":["GET"]}}],"collection":[{"href":"https:\/\/www.mes-allocs.fr\/guides\/wp-json\/wp\/v2\/posts"}],"about":[{"href":"https:\/\/www.mes-allocs.fr\/guides\/wp-json\/wp\/v2\/types\/post"}],"author":[{"embeddable":true,"href":"https:\/\/www.mes-allocs.fr\/guides\/wp-json\/wp\/v2\/users\/9"}],"replies":[{"embeddable":true,"href":"https:\/\/www.mes-allocs.fr\/guides\/wp-json\/wp\/v2\/comments?post=7326"}],"version-history":[{"count":43,"href":"https:\/\/www.mes-allocs.fr\/guides\/wp-json\/wp\/v2\/posts\/7326\/revisions"}],"predecessor-version":[{"id":112035,"href":"https:\/\/www.mes-allocs.fr\/guides\/wp-json\/wp\/v2\/posts\/7326\/revisions\/112035"}],"wp:featuredmedia":[{"embeddable":true,"href":"https:\/\/www.mes-allocs.fr\/guides\/wp-json\/wp\/v2\/media\/7960"}],"wp:attachment":[{"href":"https:\/\/www.mes-allocs.fr\/guides\/wp-json\/wp\/v2\/media?parent=7326"}],"wp:term":[{"taxonomy":"category","embeddable":true,"href":"https:\/\/www.mes-allocs.fr\/guides\/wp-json\/wp\/v2\/categories?post=7326"},{"taxonomy":"post_tag","embeddable":true,"href":"https:\/\/www.mes-allocs.fr\/guides\/wp-json\/wp\/v2\/tags?post=7326"}],"curies":[{"name":"wp","href":"https:\/\/api.w.org\/{rel}","templated":true}]}}