{"id":73222,"date":"2024-01-22T23:56:28","date_gmt":"2024-01-22T21:56:28","guid":{"rendered":"https:\/\/www.mes-allocs.fr\/guides\/?p=73222"},"modified":"2026-04-02T11:11:04","modified_gmt":"2026-04-02T10:11:04","slug":"prime-activite-retroactive","status":"publish","type":"post","link":"https:\/\/www.mes-allocs.fr\/guides\/prime-d-activite\/demande-prime-activite\/prime-activite-retroactive\/","title":{"rendered":"La prime d&rsquo;activit\u00e9 est-elle r\u00e9troactive en 2026 ?"},"content":{"rendered":"<p><img loading=\"lazy\" decoding=\"async\" class=\"alignnone wp-image-73226 size-full\" title=\"prime dactivite retroactive\" src=\"https:\/\/www.mes-allocs.fr\/guides\/wp-content\/uploads\/2024\/01\/prime-dactivite-retroactive-2-e1705960329562.jpg\" alt=\"prime dactivite retroactive\" width=\"1280\" height=\"406\" srcset=\"https:\/\/www.mes-allocs.fr\/guides\/wp-content\/uploads\/2024\/01\/prime-dactivite-retroactive-2-e1705960329562.jpg 1280w, https:\/\/www.mes-allocs.fr\/guides\/wp-content\/uploads\/2024\/01\/prime-dactivite-retroactive-2-e1705960329562-300x95.jpg 300w, https:\/\/www.mes-allocs.fr\/guides\/wp-content\/uploads\/2024\/01\/prime-dactivite-retroactive-2-e1705960329562-1024x325.jpg 1024w, https:\/\/www.mes-allocs.fr\/guides\/wp-content\/uploads\/2024\/01\/prime-dactivite-retroactive-2-e1705960329562-768x244.jpg 768w, https:\/\/www.mes-allocs.fr\/guides\/wp-content\/uploads\/2024\/01\/prime-dactivite-retroactive-2-e1705960329562-600x190.jpg 600w\" sizes=\"auto, (max-width: 1280px) 100vw, 1280px\" \/><\/p>\n<p><span style=\"font-weight: 400;\">[Mis \u00e0 jour le 02\/04\/2026] <\/span>La <a href=\"https:\/\/www.mes-allocs.fr\/guides\/prime-d-activite\">prime d&rsquo;activit\u00e9<\/a>, dispositif instaur\u00e9 en France pour soutenir financi\u00e8rement les travailleurs aux revenus modestes, suscite des questionnements quant \u00e0 sa r\u00e9troactivit\u00e9. Nombreux sont ceux qui se demandent si cette aide peut \u00eatre accord\u00e9e de mani\u00e8re r\u00e9troactive, couvrant ainsi une p\u00e9riode ant\u00e9rieure \u00e0 la demande. Mes Allocs vous explique si vous pouvez y avoir droit en 2026.<\/p>\n<div class='cta-block'><div class='text'>Simulez votre prime d&rsquo;activit\u00e9 en 2 min. <\/div><a href='https:\/\/www.mes-allocs.fr\/ab-app?origin=guides\/wp-json\/wp\/v2\/posts\/73222' class='app-button fit'>Simulation gratuite<\/a><\/div>\n<div class=\"flex-1 overflow-hidden\">\n<div class=\"react-scroll-to-bottom--css-pqhew-79elbk h-full\">\n<div class=\"react-scroll-to-bottom--css-pqhew-1n7m0yu\">\n<div class=\"flex flex-col pb-9 text-sm\">\n<div class=\"w-full text-token-text-primary\" data-testid=\"conversation-turn-17\">\n<div class=\"px-4 py-2 justify-center text-base md:gap-6 m-auto\">\n<div class=\"flex flex-1 text-base mx-auto gap-3 md:px-5 lg:px-1 xl:px-5 md:max-w-3xl lg:max-w-[40rem] xl:max-w-[48rem] group final-completion\">\n<div class=\"relative flex w-full flex-col lg:w-[calc(100%-115px)] agent-turn\">\n<div class=\"flex-col gap-1 md:gap-3\">\n<div class=\"flex flex-grow flex-col max-w-full\">\n<div class=\"min-h-[20px] text-message flex flex-col items-start gap-3 whitespace-pre-wrap break-words [.text-message+&amp;]:mt-5 overflow-x-auto\" data-message-author-role=\"assistant\" data-message-id=\"876c4824-0498-486d-a00e-0b2c48adfd9c\">\n<div class=\"markdown prose w-full break-words dark:prose-invert dark\">\n<h1><strong>La r\u00e9troactivit\u00e9 de la prime d&rsquo;activit\u00e9 : un droit souvent ignor\u00e9<\/strong><\/h1>\n<h2>Le droit \u00e0 la r\u00e9troactivit\u00e9 de la prime d&rsquo;activit\u00e9<\/h2>\n<p>Bien que m\u00e9connu, le droit \u00e0 la r\u00e9troactivit\u00e9 de la prime d&rsquo;activit\u00e9 offre la possibilit\u00e9 de percevoir les montants qui n&rsquo;ont pas \u00e9t\u00e9 vers\u00e9s au cours des mois pr\u00e9c\u00e9dant l&rsquo;ouverture du droit \u00e0 cette prestation. Cette option autorise une r\u00e9troactivit\u00e9 sur une p\u00e9riode maximale de 12 mois avant la date de la demande. Ainsi, si les conditions d&rsquo;\u00e9ligibilit\u00e9 \u00e9taient remplies depuis plusieurs mois sans que cela soit connu ou que les d\u00e9marches n\u00e9cessaires n&rsquo;aient pas \u00e9t\u00e9 effectu\u00e9es, une r\u00e9gularisation est envisageable.<\/p>\n<p>Cependant, ce droit demeure largement ignor\u00e9 et sous-utilis\u00e9. Une \u00e9tude de 2019 r\u00e9alis\u00e9e par l&rsquo;Institut national de la statistique et des \u00e9tudes \u00e9conomiques (INSEE) r\u00e9v\u00e8le que pr\u00e8s de 30% des personnes \u00e9ligibles \u00e0 la prime d&rsquo;activit\u00e9 ne la r\u00e9clament pas. Plusieurs facteurs peuvent expliquer ce ph\u00e9nom\u00e8ne :<\/p>\n<ol>\n<li><strong>Manque d&rsquo;information et de communication :<\/strong> une diffusion insuffisante d&rsquo;informations sur le dispositif peut conduire \u00e0 une m\u00e9connaissance des droits potentiels.<\/li>\n<li><strong>Complexit\u00e9 administrative :<\/strong> la complexit\u00e9 des d\u00e9marches administratives peut d\u00e9courager certains b\u00e9n\u00e9ficiaires potentiels, les dissuadant de faire valoir leurs droits.<\/li>\n<li><strong>Sentiment de stigmatisation :<\/strong> une perception n\u00e9gative ou stigmatisante li\u00e9e \u00e0 la r\u00e9ception d&rsquo;aides sociales peut \u00e9galement dissuader les personnes \u00e9ligibles de faire une demande, m\u00eame r\u00e9troactive, par crainte du jugement social.<\/li>\n<\/ol>\n<p>La sensibilisation et la simplification des proc\u00e9dures administratives pourraient contribuer \u00e0 une utilisation plus r\u00e9pandue de ce droit m\u00e9connu, garantissant ainsi une meilleure distribution des aides sociales aupr\u00e8s de ceux qui en ont besoin.<\/p>\n<h2><strong>Comment demander la prime d\u2019activit\u00e9 r\u00e9troactive ?<\/strong><\/h2>\n<p>Pour solliciter la prime d\u2019activit\u00e9 de mani\u00e8re r\u00e9troactive, suivez les \u00e9tapes suivantes :<\/p>\n<ol>\n<li><strong>V\u00e9rification de l&rsquo;\u00e9ligibilit\u00e9 :<\/strong> utilisez le simulateur en ligne propos\u00e9 par la CAF ou la MSA pour \u00e9valuer votre \u00e9ligibilit\u00e9 \u00e0 la prime d\u2019activit\u00e9. Ce calcul, anonyme et sans engagement, permet d&rsquo;obtenir une estimation de vos droits.<\/li>\n<li><strong>D\u00e9p\u00f4t de la demande en ligne :<\/strong> acc\u00e9dez au site Internet de la CAF ou de la MSA et d\u00e9posez une demande de prime d\u2019activit\u00e9. Si vous n&rsquo;avez pas de compte personnel, cr\u00e9ez-en un. Compl\u00e9tez les informations relatives \u00e0 votre situation familiale, professionnelle et financi\u00e8re, ainsi que celles de votre conjoint(e) si applicable.<\/li>\n<li><strong>Demande explicite de r\u00e9troactivit\u00e9 :<\/strong> pr\u00e9cisez explicitement dans votre demande que vous sollicitez la r\u00e9troactivit\u00e9 de la prime d\u2019activit\u00e9. Indiquez la date \u00e0 partir de laquelle vous estimez \u00eatre \u00e9ligible, en vous basant sur les r\u00e9sultats du simulateur.<\/li>\n<li><strong>Fourniture de justificatifs :<\/strong> joignez les justificatifs n\u00e9cessaires attestant de vos revenus et de ceux de votre foyer, tels que les bulletins de salaire, les d\u00e9clarations d&rsquo;imp\u00f4ts, etc.<\/li>\n<li><strong>Traitement de la demande :<\/strong> une fois la demande d\u00e9pos\u00e9e, la CAF ou la MSA dispose d&rsquo;un d\u00e9lai de deux mois pour l&rsquo;examiner et vous notifier sa d\u00e9cision. En cas d&rsquo;approbation, le versement r\u00e9troactif des sommes dues sera effectu\u00e9.<\/li>\n<\/ol>\n<h2><strong>Les enjeux de la prime d\u2019activit\u00e9 r\u00e9troactive\u00a0<\/strong><\/h2>\n<p>B\u00e9n\u00e9ficier de la prime d\u2019activit\u00e9 r\u00e9troactive peut repr\u00e9senter un soutien financier significatif pour les travailleurs modestes, contribuant ainsi \u00e0 la gestion des difficult\u00e9s budg\u00e9taires mensuelles. Cette mesure s&rsquo;inscrit dans la lutte contre la pr\u00e9carit\u00e9 tout en encourageant le maintien ou la reprise d&rsquo;une activit\u00e9 professionnelle.<\/p>\n<p>Cependant, pour maximiser l&rsquo;efficacit\u00e9 de la prime d\u2019activit\u00e9 r\u00e9troactive, il est imp\u00e9ratif d&rsquo;am\u00e9liorer l&rsquo;information et l&rsquo;accompagnement des b\u00e9n\u00e9ficiaires potentiels. Cela implique une simplification des proc\u00e9dures administratives et une communication renforc\u00e9e sur les droits et dispositifs disponibles, garantissant ainsi une meilleure accessibilit\u00e9 aux aides sociales.<\/p>\n<div class='cta-block'><div class='text'>Simulez votre prime d&rsquo;activit\u00e9 en 2 min. <\/div><a href='https:\/\/www.mes-allocs.fr\/ab-app?origin=guides\/wp-json\/wp\/v2\/posts\/73222' class='app-button fit'>Simulation gratuite<\/a><\/div>\n<\/div>\n<\/div>\n<\/div>\n<\/div>\n<\/div>\n<\/div>\n<\/div>\n<\/div>\n<\/div>\n<\/div>\n<\/div>\n<\/div>\n<h1><strong> Fonctionnement de la prime d&rsquo;activit\u00e9\u00a0<\/strong><\/h1>\n<h2>Qu\u2019est-ce que la prime d\u2019activit\u00e9 ?<\/h2>\n<p>La prime d&rsquo;activit\u00e9, octroy\u00e9e par la Caisse d&rsquo;allocations familiales (CAF) ou la Mutualit\u00e9 sociale agricole (MSA), repr\u00e9sente une prestation sociale visant \u00e0 apporter un compl\u00e9ment de revenu aux travailleurs aux ressources limit\u00e9es, qu&rsquo;ils exercent une activit\u00e9 salari\u00e9e ou ind\u00e9pendante.<\/p>\n<p>Son calcul repose sur plusieurs crit\u00e8res, incluant la situation familiale et professionnelle du b\u00e9n\u00e9ficiaire, ainsi que ses revenus. L&rsquo;objectif fondamental de la prime d&rsquo;activit\u00e9 est de soutenir financi\u00e8rement ceux dont les revenus sont modestes, afin de contribuer \u00e0 une am\u00e9lioration de leur niveau de vie.<\/p>\n<p><iframe loading=\"lazy\" title=\"La prime d&#039;activit\u00e9\" width=\"500\" height=\"281\" src=\"https:\/\/www.youtube.com\/embed\/uavbovK5ZXc?feature=oembed\" frameborder=\"0\" allow=\"accelerometer; autoplay; clipboard-write; encrypted-media; gyroscope; picture-in-picture; web-share\" referrerpolicy=\"strict-origin-when-cross-origin\" allowfullscreen><\/iframe><\/p>\n<h2>\u00c0 qui s\u2019adresse la prime d\u2019activit\u00e9 ?<\/h2>\n<p>Pour pouvoir b\u00e9n\u00e9ficier de la prime d&rsquo;activit\u00e9, plusieurs crit\u00e8res d&rsquo;\u00e9ligibilit\u00e9 doivent \u00eatre remplis, parmi lesquels :<\/p>\n<ol>\n<li><strong>\u00c2ge minimum :<\/strong> \u00eatre \u00e2g\u00e9 d&rsquo;au moins 18 ans.<\/li>\n<li><strong>R\u00e9sidence en France :<\/strong> avoir une r\u00e9sidence stable et effective en France.<\/li>\n<li><strong>Exercice d&rsquo;une activit\u00e9 professionnelle :<\/strong> \u00catre engag\u00e9 dans une activit\u00e9 professionnelle g\u00e9n\u00e9rant des revenus d\u00e9passant un seuil pr\u00e9d\u00e9fini.<\/li>\n<li><strong>Plafond de ressources :<\/strong> ne pas d\u00e9passer un plafond de ressources sp\u00e9cifique \u00e0 chaque situation familiale. Par exemple, pour un c\u00e9libataire sans enfant, le plafond de ressources est d&rsquo;environ 1 800 euros nets par mois.<\/li>\n<\/ol>\n<p>Le respect de ces crit\u00e8res est essentiel pour l&rsquo;obtention de la prime d&rsquo;activit\u00e9, laquelle vise \u00e0 soutenir les travailleurs aux revenus modestes en fonction de leur situation familiale, professionnelle, et financi\u00e8re. Ces conditions sont \u00e9tablies pour garantir une attribution \u00e9quitable de l&rsquo;aide sociale, en ciblant ceux qui en ont le plus besoin.<\/p>\n<p data-start=\"0\" data-end=\"164\">Depuis le 1\u1d49\u02b3 mars 2025, la d\u00e9claration trimestrielle de l<strong>a prime d\u2019activit\u00e9 devient pr\u00e9-remplie<\/strong>, ce qui simplifie le processus. La CAF reprend automatiquement certaines informations \u00e0 partir des revenus d\u00e9clar\u00e9s auparavant, r\u00e9duisant ainsi les erreurs et acc\u00e9l\u00e9rant le traitement de votre demande. Toutefois, il reste important de v\u00e9rifier et de valider les informations pour \u00e9viter toute erreur qui pourrait affecter le montant de l\u2019aide.<\/p>\n<p data-start=\"0\" data-end=\"164\">Depuis mars 2025, la p\u00e9riode \u00e0 d\u00e9clarer correspond aux tr<strong>ois mois pr\u00e9c\u00e9dant la demande : par exemple, en mars, vous devez d\u00e9clarer vos revenus des mois de novembre, d\u00e9cembre et janvier (et non plus d\u00e9cembre, janvier, f\u00e9vrier)<\/strong>. Cette nouvelle organisation facilite la gestion de votre dossier et rend la d\u00e9claration plus pr\u00e9cise.<\/p>\n<div class='cta-block'><div class='text'>Simulez votre prime d&rsquo;activit\u00e9 en 2 min. <\/div><a href='https:\/\/www.mes-allocs.fr\/ab-app?origin=guides\/wp-json\/wp\/v2\/posts\/73222' class='app-button fit'>Simulation gratuite<\/a><\/div>\n<p>&nbsp;<\/p>\n","protected":false},"excerpt":{"rendered":"<p>[Mis \u00e0 jour le 02\/04\/2026] La prime d&rsquo;activit\u00e9, dispositif instaur\u00e9 en France pour soutenir financi\u00e8rement les travailleurs aux revenus modestes, suscite des questionnements quant \u00e0 sa r\u00e9troactivit\u00e9. Nombreux sont ceux qui se demandent si cette aide peut \u00eatre accord\u00e9e de mani\u00e8re r\u00e9troactive, couvrant ainsi une p\u00e9riode ant\u00e9rieure \u00e0 la demande. Mes Allocs vous explique si [&hellip;]<\/p>\n","protected":false},"author":26,"featured_media":73225,"comment_status":"closed","ping_status":"open","sticky":false,"template":"","format":"standard","meta":{"amp_status":"","footnotes":""},"categories":[15583,20],"tags":[],"class_list":["post-73222","post","type-post","status-publish","format-standard","has-post-thumbnail","hentry","category-demande-prime-activite","category-prime-d-activite"],"yoast_head":"<!-- This site is optimized with the Yoast SEO plugin v14.9 - https:\/\/yoast.com\/wordpress\/plugins\/seo\/ -->\n<title>La prime d&#039;activit\u00e9 est-elle r\u00e9troactive en 2026 ? | Mes-Allocs.fr<\/title>\n<meta name=\"description\" content=\"La prime d&#039;activit\u00e9 suscite des questionnements sur sa r\u00e9troactivit\u00e9. Mes Allocs vous explique explique si vous y avez droit.\" \/>\n<meta name=\"robots\" content=\"index, follow, max-snippet:-1, max-image-preview:large, max-video-preview:-1\" \/>\n<link rel=\"canonical\" href=\"https:\/\/www.mes-allocs.fr\/guides\/prime-d-activite\/demande-prime-activite\/prime-activite-retroactive\/\" \/>\n<meta property=\"og:locale\" content=\"fr_FR\" \/>\n<meta property=\"og:type\" content=\"article\" \/>\n<meta property=\"og:title\" content=\"La prime d&#039;activit\u00e9 est-elle r\u00e9troactive en 2026 ? | Mes-Allocs.fr\" \/>\n<meta property=\"og:description\" content=\"La prime d&#039;activit\u00e9 suscite des questionnements sur sa r\u00e9troactivit\u00e9. Mes Allocs vous explique explique si vous y avez droit.\" \/>\n<meta property=\"og:url\" content=\"https:\/\/www.mes-allocs.fr\/guides\/prime-d-activite\/demande-prime-activite\/prime-activite-retroactive\/\" \/>\n<meta property=\"og:site_name\" content=\"Mes-Allocs.fr\" \/>\n<meta property=\"article:published_time\" content=\"2024-01-22T21:56:28+00:00\" \/>\n<meta property=\"article:modified_time\" content=\"2026-04-02T10:11:04+00:00\" \/>\n<meta property=\"og:image\" content=\"https:\/\/www.mes-allocs.fr\/guides\/wp-content\/uploads\/2024\/01\/prime-dactivite-retroactivee-.jpg?wsr\" \/>\n\t<meta property=\"og:image:width\" content=\"706\" \/>\n\t<meta property=\"og:image:height\" content=\"702\" \/>\n<meta name=\"twitter:card\" content=\"summary_large_image\" \/>\n<script type=\"application\/ld+json\" class=\"yoast-schema-graph\">{\"@context\":\"https:\/\/schema.org\",\"@graph\":[{\"@type\":\"WebSite\",\"@id\":\"https:\/\/www.mes-allocs.fr\/guides\/#website\",\"url\":\"https:\/\/www.mes-allocs.fr\/guides\/\",\"name\":\"Mes-Allocs.fr\",\"description\":\"\",\"potentialAction\":[{\"@type\":\"SearchAction\",\"target\":\"https:\/\/www.mes-allocs.fr\/guides\/?s={search_term_string}\",\"query-input\":\"required name=search_term_string\"}],\"inLanguage\":\"fr-FR\"},{\"@type\":\"ImageObject\",\"@id\":\"https:\/\/www.mes-allocs.fr\/guides\/prime-d-activite\/demande-prime-activite\/prime-activite-retroactive\/#primaryimage\",\"inLanguage\":\"fr-FR\",\"url\":\"https:\/\/www.mes-allocs.fr\/guides\/wp-content\/uploads\/2024\/01\/prime-dactivite-retroactivee-.jpg?wsr\",\"width\":706,\"height\":702,\"caption\":\"prime dactivite retroactivee\"},{\"@type\":\"WebPage\",\"@id\":\"https:\/\/www.mes-allocs.fr\/guides\/prime-d-activite\/demande-prime-activite\/prime-activite-retroactive\/#webpage\",\"url\":\"https:\/\/www.mes-allocs.fr\/guides\/prime-d-activite\/demande-prime-activite\/prime-activite-retroactive\/\",\"name\":\"La prime d'activit\\u00e9 est-elle r\\u00e9troactive en 2026 ? | Mes-Allocs.fr\",\"isPartOf\":{\"@id\":\"https:\/\/www.mes-allocs.fr\/guides\/#website\"},\"primaryImageOfPage\":{\"@id\":\"https:\/\/www.mes-allocs.fr\/guides\/prime-d-activite\/demande-prime-activite\/prime-activite-retroactive\/#primaryimage\"},\"datePublished\":\"2024-01-22T21:56:28+00:00\",\"dateModified\":\"2026-04-02T10:11:04+00:00\",\"author\":{\"@id\":\"https:\/\/www.mes-allocs.fr\/guides\/#\/schema\/person\/9c38f3be41a0ddcd1e3fde5a3df713bf\"},\"description\":\"La prime d'activit\\u00e9 suscite des questionnements sur sa r\\u00e9troactivit\\u00e9. Mes Allocs vous explique explique si vous y avez droit.\",\"inLanguage\":\"fr-FR\"},{\"@type\":\"Person\",\"@id\":\"https:\/\/www.mes-allocs.fr\/guides\/#\/schema\/person\/9c38f3be41a0ddcd1e3fde5a3df713bf\",\"name\":\"Sessime Ananou\",\"image\":{\"@type\":\"ImageObject\",\"@id\":\"https:\/\/www.mes-allocs.fr\/guides\/#personlogo\",\"inLanguage\":\"fr-FR\",\"url\":\"https:\/\/www.mes-allocs.fr\/guides\/wp-content\/uploads\/2023\/08\/IMG_8173-150x150.jpg\",\"caption\":\"Sessime Ananou\"},\"description\":\"Sessime est r\\u00e9dactrice chez Mes Allocs, sp\\u00e9cialis\\u00e9e sur le pouvoir d'achat. Elle rejoint l'\\u00e9quipe Mes Allocs en ao\\u00fbt 2023 afin de simplifier l'acc\\u00e8s \\u00e0 l'information sur les aides en g\\u00e9n\\u00e9ral.\"}]}<\/script>\n<!-- \/ Yoast SEO plugin. -->","amp_validity":null,"acf":{"faq":{"1":{"question":"Est-ce que le versement de la prime d'activit\u00e9 est r\u00e9troactif ?","answer":"Les versements de la prime d'activit\u00e9 ne sont pas r\u00e9troactifs."},"2":{"question":"Quel est le d\u00e9lai pour d\u00e9clarer la prime d'activit\u00e9 ?","answer":"Vous avez jusqu'au 25 du mois en cours pour faire votre d\u00e9claration."},"3":{"question":"Qu'est ce que la prime d'activit\u00e9 ? ","answer":"La prime d\u2019activit\u00e9 est une aide qui vous est d\u00e9livr\u00e9e par votre Caisse d\u2019Allocations Familiales (CAF). Si vos revenus sont sup\u00e9rieurs \u00e0 2 000 \u20ac nets mensuels (pour une personne seule), 3 450 \u20ac nets mensuels (pour un couple avec 2 enfants dont un seul membre travaille) vous ne pouvez pas avoir la prime d'activit\u00e9."},"4":{"question":"Est-ce que les ch\u00f4meurs ont droit \u00e0 la prime d'activit\u00e9 ?","answer":"La prime d\u2019activit\u00e9 est destin\u00e9e aux travailleurs. Elle ne vous serait donc pas vers\u00e9e si vous \u00e9tiez au ch\u00f4mage. Cependant, si vous percevez l\u2019Aide de Retour \u00e0 l\u2019Emploi (ARE), vous pouvez b\u00e9n\u00e9ficier de la prime d\u2019activit\u00e9, \u00e0 conditions de respecter toutes les autres conditions pour une \u00e9ligibilit\u00e9 \u00e0 cette derni\u00e8re, et que le montant mensuel d\u2019allocations ch\u00f4mage n\u2019exc\u00e8de pas le montant forfaitaire de prime d\u2019activit\u00e9 auquel vous \u00eates \u00e9ligible."},"5":{"question":"Est-ce que la CAF est r\u00e9troactive ?","answer":"Cette r\u00e9troactivit\u00e9 est possible si elles sont dues lorsque les conditions d'ouverture du droit sont r\u00e9unies."},"6":{"question":"Comment savoir si la Caf a accept\u00e9 la prime d'activit\u00e9 ?","answer":"Il vous suffit de vous rendre dans l'Espace Mon Compte, vous visualiserez le traitement de votre dossier \u00e0 travers ces trois statuts : \u00ab en attente d'information \u00bb, \u00ab en cours \u00bb et \u00ab trait\u00e9 \u00bb."},"7":{"question":"","answer":""},"8":{"question":"","answer":""},"9":{"question":"","answer":""},"10":{"question":"","answer":""},"11":{"question":"","answer":""},"12":{"question":"","answer":""},"13":{"question":"","answer":""},"14":{"question":"","answer":""},"15":{"question":"","answer":""},"16":{"question":"","answer":""}}},"_links":{"self":[{"href":"https:\/\/www.mes-allocs.fr\/guides\/wp-json\/wp\/v2\/posts\/73222","targetHints":{"allow":["GET"]}}],"collection":[{"href":"https:\/\/www.mes-allocs.fr\/guides\/wp-json\/wp\/v2\/posts"}],"about":[{"href":"https:\/\/www.mes-allocs.fr\/guides\/wp-json\/wp\/v2\/types\/post"}],"author":[{"embeddable":true,"href":"https:\/\/www.mes-allocs.fr\/guides\/wp-json\/wp\/v2\/users\/26"}],"replies":[{"embeddable":true,"href":"https:\/\/www.mes-allocs.fr\/guides\/wp-json\/wp\/v2\/comments?post=73222"}],"version-history":[{"count":16,"href":"https:\/\/www.mes-allocs.fr\/guides\/wp-json\/wp\/v2\/posts\/73222\/revisions"}],"predecessor-version":[{"id":111346,"href":"https:\/\/www.mes-allocs.fr\/guides\/wp-json\/wp\/v2\/posts\/73222\/revisions\/111346"}],"wp:featuredmedia":[{"embeddable":true,"href":"https:\/\/www.mes-allocs.fr\/guides\/wp-json\/wp\/v2\/media\/73225"}],"wp:attachment":[{"href":"https:\/\/www.mes-allocs.fr\/guides\/wp-json\/wp\/v2\/media?parent=73222"}],"wp:term":[{"taxonomy":"category","embeddable":true,"href":"https:\/\/www.mes-allocs.fr\/guides\/wp-json\/wp\/v2\/categories?post=73222"},{"taxonomy":"post_tag","embeddable":true,"href":"https:\/\/www.mes-allocs.fr\/guides\/wp-json\/wp\/v2\/tags?post=73222"}],"curies":[{"name":"wp","href":"https:\/\/api.w.org\/{rel}","templated":true}]}}