{"id":73216,"date":"2024-01-22T22:49:38","date_gmt":"2024-01-22T20:49:38","guid":{"rendered":"https:\/\/www.mes-allocs.fr\/guides\/?p=73216"},"modified":"2026-04-03T15:46:07","modified_gmt":"2026-04-03T14:46:07","slug":"rsa-retraite","status":"publish","type":"post","link":"https:\/\/www.mes-allocs.fr\/guides\/rsa\/cumul-rsa\/rsa-retraite\/","title":{"rendered":"RSA et retraite : peut-on les cumuler en 2026 ?"},"content":{"rendered":"<p><img loading=\"lazy\" decoding=\"async\" class=\"alignnone wp-image-376 size-full\" title=\"rsa cs5 e1563555874698\" src=\"https:\/\/www.mes-allocs.fr\/guides\/wp-content\/uploads\/2019\/07\/rsa-cs5-e1705953289672.jpg\" alt=\"rsa cs5 e1563555874698\" width=\"1455\" height=\"538\" srcset=\"https:\/\/www.mes-allocs.fr\/guides\/wp-content\/uploads\/2019\/07\/rsa-cs5-e1705953289672.jpg 1455w, https:\/\/www.mes-allocs.fr\/guides\/wp-content\/uploads\/2019\/07\/rsa-cs5-e1705953289672-300x111.jpg 300w, https:\/\/www.mes-allocs.fr\/guides\/wp-content\/uploads\/2019\/07\/rsa-cs5-e1705953289672-768x284.jpg 768w, https:\/\/www.mes-allocs.fr\/guides\/wp-content\/uploads\/2019\/07\/rsa-cs5-e1705953289672-1024x379.jpg 1024w, https:\/\/www.mes-allocs.fr\/guides\/wp-content\/uploads\/2019\/07\/rsa-cs5-e1705953289672-600x222.jpg 600w\" sizes=\"auto, (max-width: 1455px) 100vw, 1455px\" \/><\/p>\n<p>[Mis \u00e0 jour le 03\/04\/2026] Le cumul du <a href=\"https:\/\/www.mes-allocs.fr\/guides\/rsa\">RSA<\/a> (Revenu de Solidarit\u00e9 Active) et de la retraite suscite des interrogations importantes au sein de la soci\u00e9t\u00e9, notamment chez les personnes en situation financi\u00e8re pr\u00e9caire ou en recherche d&rsquo;une compl\u00e9mentarit\u00e9 de revenus. Pour mieux comprendre cette probl\u00e9matique, Mes Allocs vous explique tout dans cet article.<\/p>\n<div class='cta-block'><div class='text'>Simulez vos aides en 2 min.<\/div><a href='https:\/\/www.mes-allocs.fr\/ab-app?origin=guides\/wp-json\/wp\/v2\/posts\/73216' class='app-button fit'>Simulation gratuite<\/a><\/div>\n<h1><strong>Quel est le cadre l\u00e9gal du cumul RSA et retraite ?<\/strong><\/h1>\n<h2>D\u00e9finition et objectifs du RSA<\/h2>\n<p>Le Revenu de Solidarit\u00e9 Active (RSA) constitue une prestation sociale en France visant \u00e0 garantir un revenu minimum aux personnes en situation de pr\u00e9carit\u00e9 financi\u00e8re. Instaur\u00e9 en 2009, le RSA a pour objectif de lutter contre la pauvret\u00e9 en assurant un compl\u00e9ment de revenu aux foyers aux ressources limit\u00e9es.<\/p>\n<h2>Quelles sont les conditions d&rsquo;\u00e9ligibilit\u00e9 au RSA ?<\/h2>\n<p>Pour b\u00e9n\u00e9ficier du RSA, plusieurs crit\u00e8res sont pris en compte, tels que les<strong> ressources du foyer<\/strong>, la <strong>composition familiale<\/strong>, et la <strong>situation professionnelle<\/strong>.<\/p>\n<p>Les personnes actives doivent notamment \u00eatre engag\u00e9es dans une d\u00e9marche d&rsquo;insertion sociale et professionnelle. Les crit\u00e8res d&rsquo;\u00e9ligibilit\u00e9 varient en fonction de la situation familiale et des ressources disponibles.<\/p>\n<p><strong>\u00c0 noter : <\/strong>chaque personne percevant le RSA est automatiquement inscrite \u00e0 France Travail et doit signer un contrat d&rsquo;engagement comportant un plan d&rsquo;actions pr\u00e9cisant ses objectifs d&rsquo;insertion sociale et professionnelle. De plus, il est d\u00e9sormais requis d&rsquo;effectuer entre <strong>15 et 20 heures d&rsquo;activit\u00e9s par semaine<\/strong>\u00a0pour continuer \u00e0 percevoir l&rsquo;allocation.<\/p>\n<h2>Quel est le montant du RSA?<\/h2>\n<p class=\"amp-wp-7d27179\" style=\"text-align: justify;\" data-amp-original-style=\"text-align: justify;\"><span class=\"amp-wp-fe3f5cc\" data-amp-original-style=\"font-weight: 400;\">Le montant du RSA est variable d&rsquo;une personne \u00e0 une autre. Il est calcul\u00e9 selon vos ressources. Il suffit de faire <\/span>la diff\u00e9rence entre le montant maximum du RSA et vos revenus moyens des trois derniers mois pr\u00e9c\u00e9dant votre demande.\u00a0<span class=\"amp-wp-fe3f5cc\" data-amp-original-style=\"font-weight: 400;\">L\u2019aide ne sera pas per\u00e7ue si elle se r\u00e9v\u00e8le \u00eatre inf\u00e9rieure \u00e0 6\u00ad \u20ac par mois. <\/span><\/p>\n<p class=\"amp-wp-7d27179\" style=\"text-align: justify;\" data-amp-original-style=\"text-align: justify;\"><span class=\"amp-wp-fe3f5cc\" data-amp-original-style=\"font-weight: 400;\">Dans le d\u00e9tail, voici le montant du RSA forfaitaire selon les situations. Les montants suivants sont appliqu\u00e9s <strong>jusqu&rsquo;au 31 mars 2027<\/strong> et seront revaloris\u00e9s le 1er avril 2027.<\/span><\/p>\n<p style=\"text-align: justify;\"><span style=\"font-weight: 400;\">Le RSA <strong>pour une personne seule<\/strong> (montant mensuel) :<\/span><\/p>\n\n<div class=\"wpdt-c row wpDataTableContainerSimpleTable wpDataTables wpDataTablesWrapper\n\"\n    >\n    <table id=\"wpdtSimpleTable-3\"\n           class=\"wpdtSimpleTable wpDataTable\"\n           data-column=\"2\"\n           data-rows=\"5\"\n           data-wpID=\"3\"\n           data-responsive=\"0\"\n           data-has-header=\"1\">\n\n                    <thead>        <tr class=\"wpdt-cell-row \" >\n                            <th class=\"wpdt-cell wpdt-bc-F3F9FE wpdt-bold\"\n                                    data-cell-id=\"A1\"\n                data-col-index=\"0\"\n                data-row-index=\"0\"\n                style=\" width:48.571428571429%;                padding:10px;\"\n                >\n                                Situation familiale                <\/th>\n                                            <th class=\"wpdt-cell wpdt-bc-F3F9FE wpdt-bold\"\n                                    data-cell-id=\"B1\"\n                data-col-index=\"1\"\n                data-row-index=\"0\"\n                style=\" width:51.428571428571%;                padding:10px;\"\n                >\n                                Montant pour une personne seule avant d\u00e9duction du forfait logement                <\/th>\n                                        <\/tr>\n                    <tbody>        <tr class=\"wpdt-cell-row \" >\n                            <td class=\"wpdt-cell \"\n                                    data-cell-id=\"A2\"\n                data-col-index=\"0\"\n                data-row-index=\"1\"\n                style=\"                padding:10px;\"\n                >\n                                Personne seule sans enfant                <\/td>\n                                            <td class=\"wpdt-cell \"\n                                    data-cell-id=\"B2\"\n                data-col-index=\"1\"\n                data-row-index=\"1\"\n                style=\"                padding:10px;\"\n                >\n                                651,69 \u20ac                <\/td>\n                                        <\/tr>\n                            <tr class=\"wpdt-cell-row \" >\n                            <td class=\"wpdt-cell \"\n                                    data-cell-id=\"A3\"\n                data-col-index=\"0\"\n                data-row-index=\"2\"\n                style=\"                padding:10px;\"\n                >\n                                Personne seule avec 1 enfant                <\/td>\n                                            <td class=\"wpdt-cell \"\n                                    data-cell-id=\"B3\"\n                data-col-index=\"1\"\n                data-row-index=\"2\"\n                style=\"                padding:10px;\"\n                >\n                                977,54 \u20ac                <\/td>\n                                        <\/tr>\n                            <tr class=\"wpdt-cell-row \" >\n                            <td class=\"wpdt-cell \"\n                                    data-cell-id=\"A4\"\n                data-col-index=\"0\"\n                data-row-index=\"3\"\n                style=\"                padding:10px;\"\n                >\n                                Personne seule avec 2 enfants                <\/td>\n                                            <td class=\"wpdt-cell \"\n                                    data-cell-id=\"B4\"\n                data-col-index=\"1\"\n                data-row-index=\"3\"\n                style=\"                padding:10px;\"\n                >\n                                1 173,05 \u20ac                <\/td>\n                                        <\/tr>\n                            <tr class=\"wpdt-cell-row \" >\n                            <td class=\"wpdt-cell \"\n                                    data-cell-id=\"A5\"\n                data-col-index=\"0\"\n                data-row-index=\"4\"\n                style=\"                padding:10px;\"\n                >\n                                Par enfant suppl\u00e9mentaire                <\/td>\n                                            <td class=\"wpdt-cell \"\n                                    data-cell-id=\"B5\"\n                data-col-index=\"1\"\n                data-row-index=\"4\"\n                style=\"                padding:10px;\"\n                >\n                                + 260,68 \u20ac                <\/td>\n                                        <\/tr>\n                    <\/table>\n<\/div><style id='wpdt-custom-style-3'>\ntable#wpdtSimpleTable-3{ table-layout: fixed !important; }\n.wpdt-bc-F3F9FE { background-color: #F3F9FE !important;}\n<\/style>\n\n<p style=\"text-align: justify;\"><span style=\"font-weight: 400;\">Le RSA <strong>pour un couple<\/strong> (montant mensuel) :<\/span><\/p>\n\n<div class=\"wpdt-c row wpDataTableContainerSimpleTable wpDataTables wpDataTablesWrapper\n\"\n    >\n    <table id=\"wpdtSimpleTable-4\"\n           class=\"wpdtSimpleTable wpDataTable\"\n           data-column=\"2\"\n           data-rows=\"5\"\n           data-wpID=\"4\"\n           data-responsive=\"0\"\n           data-has-header=\"1\">\n\n                    <thead>        <tr class=\"wpdt-cell-row \" >\n                            <th class=\"wpdt-cell wpdt-bc-F3F9FE wpdt-bold\"\n                                    data-cell-id=\"A1\"\n                data-col-index=\"0\"\n                data-row-index=\"0\"\n                style=\" width:48.571428571429%;                padding:10px;\"\n                >\n                                Situation familiale                <\/th>\n                                            <th class=\"wpdt-cell wpdt-bc-F3F9FE wpdt-bold\"\n                                    data-cell-id=\"B1\"\n                data-col-index=\"1\"\n                data-row-index=\"0\"\n                style=\" width:51.428571428571%;                padding:10px;\"\n                >\n                                Montant pour un couple avant d\u00e9duction du forfait logement                <\/th>\n                                        <\/tr>\n                    <tbody>        <tr class=\"wpdt-cell-row \" >\n                            <td class=\"wpdt-cell \"\n                                    data-cell-id=\"A2\"\n                data-col-index=\"0\"\n                data-row-index=\"1\"\n                style=\"                padding:10px;\"\n                >\n                                Couple sans enfant                <\/td>\n                                            <td class=\"wpdt-cell \"\n                                    data-cell-id=\"B2\"\n                data-col-index=\"1\"\n                data-row-index=\"1\"\n                style=\"                padding:10px;\"\n                >\n                                977,54 \u20ac                <\/td>\n                                        <\/tr>\n                            <tr class=\"wpdt-cell-row \" >\n                            <td class=\"wpdt-cell \"\n                                    data-cell-id=\"A3\"\n                data-col-index=\"0\"\n                data-row-index=\"2\"\n                style=\"                padding:10px;\"\n                >\n                                Couple avec 1 enfant                <\/td>\n                                            <td class=\"wpdt-cell \"\n                                    data-cell-id=\"B3\"\n                data-col-index=\"1\"\n                data-row-index=\"2\"\n                style=\"                padding:10px;\"\n                >\n                                1 173,05 \u20ac                <\/td>\n                                        <\/tr>\n                            <tr class=\"wpdt-cell-row \" >\n                            <td class=\"wpdt-cell \"\n                                    data-cell-id=\"A4\"\n                data-col-index=\"0\"\n                data-row-index=\"3\"\n                style=\"                padding:10px;\"\n                >\n                                Couple avec 2 enfants                <\/td>\n                                            <td class=\"wpdt-cell \"\n                                    data-cell-id=\"B4\"\n                data-col-index=\"1\"\n                data-row-index=\"3\"\n                style=\"                padding:10px;\"\n                >\n                                1 368,56 \u20ac                <\/td>\n                                        <\/tr>\n                            <tr class=\"wpdt-cell-row \" >\n                            <td class=\"wpdt-cell \"\n                                    data-cell-id=\"A5\"\n                data-col-index=\"0\"\n                data-row-index=\"4\"\n                style=\"                padding:10px;\"\n                >\n                                Par enfant suppl\u00e9mentaire                <\/td>\n                                            <td class=\"wpdt-cell \"\n                                    data-cell-id=\"B5\"\n                data-col-index=\"1\"\n                data-row-index=\"4\"\n                style=\"                padding:10px;\"\n                >\n                                + 260,68 \u20ac                <\/td>\n                                        <\/tr>\n                    <\/table>\n<\/div><style id='wpdt-custom-style-4'>\ntable#wpdtSimpleTable-4{ table-layout: fixed !important; }\ntable#wpdtSimpleTable-4 td, table.wpdtSimpleTable4 th { white-space: normal !important; }\n.wpdt-bc-F3F9FE { background-color: #F3F9FE !important;}\n<\/style>\n\n<p data-amp-original-style=\"text-align: justify;\">Depuis <strong data-start=\"7\" data-end=\"26\">mars 2025<\/strong>, la <strong data-start=\"277\" data-end=\"321\">d\u00e9claration trimestrielle est simplifi\u00e9e<\/strong> gr\u00e2ce \u00e0 un <strong data-start=\"333\" data-end=\"358\">formulaire pr\u00e9-rempli<\/strong>, int\u00e9grant automatiquement certains revenus avec la possibilit\u00e9 de corrections. Par ailleurs, les <strong data-start=\"457\" data-end=\"495\">p\u00e9riodes de d\u00e9claration ont chang\u00e9<\/strong>: depuis mars, il faut d\u00e9clarer les revenus de <strong data-start=\"543\" data-end=\"576\">novembre, d\u00e9cembre et janvier<\/strong>, au lieu de <strong data-start=\"589\" data-end=\"621\">d\u00e9cembre, janvier et f\u00e9vrier <\/strong>auparavant. Cette modification vise \u00e0 <strong data-start=\"660\" data-end=\"723\">r\u00e9duire les erreurs et acc\u00e9l\u00e9rer le traitement des dossiers <\/strong>pour un versement plus fluide.<\/p>\n<p><iframe loading=\"lazy\" title=\"Tout savoir sur le RSA !\" width=\"500\" height=\"281\" src=\"https:\/\/www.youtube.com\/embed\/JkfjfSBf7VE?feature=oembed\" frameborder=\"0\" allow=\"accelerometer; autoplay; clipboard-write; encrypted-media; gyroscope; picture-in-picture; web-share\" referrerpolicy=\"strict-origin-when-cross-origin\" allowfullscreen><\/iframe><\/p>\n<h1 class=\"amp-wp-7d27179\" data-amp-original-style=\"text-align: justify;\"><span id=\"Est-il_possible_de_cumuler_RSA_et_retraite\">Est-il possible de cumuler RSA et retraite ?<\/span><\/h1>\n<p class=\"amp-wp-7d27179\" data-amp-original-style=\"text-align: justify;\"><b>Il est tout \u00e0 fait possible d\u2019\u00eatre\u00a0retrait\u00e9\u00a0et de b\u00e9n\u00e9ficier du RSA en compl\u00e9ment de pension.<\/b>\u00a0En effet, il n\u2019y a pas d\u2019\u00e2ge maximum pour percevoir le Revenu de Solidarit\u00e9 Active. N\u00e9anmoins, un retrait\u00e9 qui b\u00e9n\u00e9ficie du RSA est un cas rare, car le montant de la pension de retraite est souvent sup\u00e9rieur aux plafonds de ressources demand\u00e9s pour l\u2019attribution du RSA.<\/p>\n<h1 class=\"amp-wp-7d27179\" data-amp-original-style=\"text-align: justify;\"><span id=\"Quelles_sont_les_conditions_pour_cumuler_RSA_et_retraite\">Quelles sont les conditions pour cumuler RSA et retraite ?<\/span><\/h1>\n<p class=\"amp-wp-7d27179\" data-amp-original-style=\"text-align: justify;\"><b>Pour b\u00e9n\u00e9ficier du\u00a0Revenu de Solidarit\u00e9 Active\u00a0en tant que retrait\u00e9, vous devez respecter les conditions suivantes :<\/b><\/p>\n<ul>\n<li class=\"amp-wp-7d27179 amp-wp-7d27179\" data-amp-original-style=\"text-align: justify;\"><b>Toucher une retraite inf\u00e9rieure aux plafonds de ressources du RSA\u00a0<\/b>: les pensions de retraite font en effet partie des revenus pris en compte pour le calcul du RSA<\/li>\n<li class=\"amp-wp-7d27179 amp-wp-7d27179\" data-amp-original-style=\"text-align: justify;\"><b>Toucher un montant \u00e9gal au montant maximal du RSA<\/b>\u00a0: par exemple, pour une personne\u00a0c\u00e9libataire sans enfant ne touchant pas l\u2019aide au logement, la somme de votre retraite et de votre RSA ne pourra exc\u00e9der\u00a0<span class=\"amp-wp-cc68ddc\" data-amp-original-style=\"color: #ff0000;\">646,52 euros par mois en tout<\/span><\/li>\n<\/ul>\n<p class=\"amp-wp-7d27179\" data-amp-original-style=\"text-align: justify;\"><b>Le montant maximal du cumul des deux revenus doit \u00eatre \u00e9gal au montant maximal du RSA correspondant \u00e0 votre situation personnelle<\/b>. Ainsi, le cumul de votre retraite et du RSA ne pourra \u00eatre que partiel.<\/p>\n<div class='cta-block'><div class='text'>Simulez toutes vos aides en 2 min.<\/div><a href='https:\/\/www.mes-allocs.fr\/ab-app?origin=guides\/wp-json\/wp\/v2\/posts\/73216' class='app-button fit'>Simulation gratuite<\/a><\/div>\n<h1><strong>Les enjeux financiers et sociaux du cumul RSA et retraite\u00a0<\/strong><\/h1>\n<p>Comme pr\u00e9cis\u00e9, il est tout \u00e0 fait possible de cumuler votre pension de retraite avec le RSA, \u00e0 condition que le montant de votre pension reste en de\u00e7\u00e0 des plafonds de ressources \u00e9tablis pour le RSA. Ces plafonds s&rsquo;\u00e9tablissent \u00e0 651,69 \u20ac pour une personne seule et 977,54 \u20ac pour un couple, avec des ajustements en cas de charge(s) d&rsquo;enfant(s). Il est important de noter que ce cumul, bien que autoris\u00e9, demeure g\u00e9n\u00e9ralement partiel et relativement rare, \u00e9tant soumis aux limites fix\u00e9es par les plafonds de ressources du RSA.<\/p>\n<h2><strong>L&rsquo;impact sur le niveau de vie des b\u00e9n\u00e9ficiaires <\/strong><\/h2>\n<p>Le cumul du RSA et de la retraite peut avoir un impact significatif sur le niveau de vie des b\u00e9n\u00e9ficiaires, en particulier pour ceux qui se trouvent dans des situations de pr\u00e9carit\u00e9 financi\u00e8re.<\/p>\n<p>En combinant ces deux sources de revenus, les individus peuvent acc\u00e9der \u00e0 un niveau de vie plus d\u00e9cent, couvrant davantage leurs besoins essentiels tels que le logement, la sant\u00e9, l&rsquo;alimentation, et d&rsquo;autres d\u00e9penses courantes. Cependant, l&rsquo;efficacit\u00e9 de ce cumul d\u00e9pend du montant de la retraite per\u00e7ue et des r\u00e8gles sp\u00e9cifiques r\u00e9gissant le cumul des revenus.<\/p>\n<h2><strong>La lutte contre la pr\u00e9carit\u00e9 des retrait\u00e9s <\/strong><\/h2>\n<p>Le cumul du RSA et de la retraite s&rsquo;av\u00e8re \u00eatre un instrument essentiel dans la lutte contre la pr\u00e9carit\u00e9 des retrait\u00e9s. Certains retrait\u00e9s, notamment ceux ayant connu des carri\u00e8res marqu\u00e9es par des p\u00e9riodes d&rsquo;inactivit\u00e9, des emplois pr\u00e9caires ou des salaires modestes, peuvent se retrouver en difficult\u00e9 financi\u00e8re \u00e0 la retraite.<\/p>\n<p>La possibilit\u00e9 de cumuler le RSA avec la pension de retraite offre un filet de s\u00e9curit\u00e9 suppl\u00e9mentaire, contribuant ainsi \u00e0 att\u00e9nuer la vuln\u00e9rabilit\u00e9 \u00e9conomique de cette population.<\/p>\n<h2><strong>La r\u00e9partition des ressources publiques et soutien aux populations vuln\u00e9rables <\/strong><\/h2>\n<p>Le cumul du RSA et de la retraite pose \u00e9galement la question de la r\u00e9partition des ressources publiques et de la solidarit\u00e9 nationale. En permettant aux personnes en situation de pr\u00e9carit\u00e9, y compris les retrait\u00e9s, de b\u00e9n\u00e9ficier de ces aides, la soci\u00e9t\u00e9 vise \u00e0 r\u00e9duire les in\u00e9galit\u00e9s et \u00e0 assurer un soutien ad\u00e9quat aux populations vuln\u00e9rables. Cependant, il est crucial d&rsquo;\u00e9valuer l&rsquo;\u00e9quilibre entre la n\u00e9cessit\u00e9 d&rsquo;apporter un soutien financier et la garantie d&rsquo;une utilisation efficace des ressources publiques, afin de maintenir un syst\u00e8me de protection sociale durable et \u00e9quitable.<\/p>\n<p>En consid\u00e9rant ces enjeux financiers et sociaux, il appara\u00eet clairement que le cumul du RSA et de la retraite peut jouer un r\u00f4le crucial dans la construction d&rsquo;un filet de s\u00e9curit\u00e9 robuste pour les individus confront\u00e9s \u00e0 des d\u00e9fis \u00e9conomiques. N\u00e9anmoins, des ajustements continus et des r\u00e9flexions sur la politique sociale sont n\u00e9cessaires pour garantir une r\u00e9ponse adapt\u00e9e aux besoins \u00e9volutifs de la soci\u00e9t\u00e9.<\/p>\n<h1 class=\"amp-wp-7d27179\" data-amp-original-style=\"text-align: justify;\"><span id=\"Le_RSA_compte-t-il_dans_le_calcul_de_la_retraite\">Le RSA, compte-t-il dans le calcul de la retraite\u2009?<\/span><\/h1>\n<p class=\"amp-wp-7d27179\" data-amp-original-style=\"text-align: justify;\">Pour b\u00e9n\u00e9ficier d\u2019une retraite \u00e0 taux plein, il faut avoir un nombre pr\u00e9cis de trimestres d\u2019assurance retraite, soit partir en retraite \u00e0 67 ans. Le nombre de trimestres retraite\u00a0obligatoire pour avoir droit \u00e0 une retraite \u00e0 taux plein varie selon votre ann\u00e9e de naissance.\u00a0<b>Cependant, pour les b\u00e9n\u00e9ficiaires du\u00a0RSA, ce dernier ne compte pas pour la\u00a0<a href=\"https:\/\/www.mes-allocs.fr\/guides\/aide-pour-demenagement\/aide-au-demenagement-caisse-de-retraite\/\">retraite<\/a>. En effet, ce revenu\u00a0n\u2019est pas soumis \u00e0 cotisation et n\u2019est pas en\u00a0compte pour :<\/b><\/p>\n<ul>\n<li class=\"amp-wp-7d27179\" data-amp-original-style=\"text-align: justify;\">Le calcul des\u00a0<strong>trimestres<\/strong>\u00a0comptant pour la retraite<\/li>\n<li class=\"amp-wp-7d27179\" data-amp-original-style=\"text-align: justify;\">Le calcul du\u00a0<strong>montant<\/strong>\u00a0de votre future pension<\/li>\n<\/ul>\n<p class=\"amp-wp-7d27179\" data-amp-original-style=\"text-align: justify;\"><b>N\u00e9anmoins, vous pouvez vous rapprocher de votre caisse de retraite si vous \u00eates dans une de ces cat\u00e9gories :<\/b><\/p>\n<ul>\n<li class=\"amp-wp-7d27179 amp-wp-7d27179\" data-amp-original-style=\"text-align: justify;\">Vous avez per\u00e7u ou percevez le RSA en compl\u00e9ment d\u2019un faible revenu<\/li>\n<li class=\"amp-wp-7d27179 amp-wp-7d27179\" data-amp-original-style=\"text-align: justify;\">Vous avez per\u00e7u ou percevez le RSA en compl\u00e9ment d\u2019indemnit\u00e9s ch\u00f4mage<\/li>\n<li class=\"amp-wp-7d27179 amp-wp-7d27179\" data-amp-original-style=\"text-align: justify;\">Vous avez per\u00e7u ou percevez le RSA en compl\u00e9ment de certaines prestations familiales, au titre de l\u2019AVPF (Assurance vieillesse des parents au foyer)<\/li>\n<\/ul>\n<p class=\"amp-wp-7d27179\" data-amp-original-style=\"text-align: justify;\"><b>Ainsi, dans ces cas, les trimestres concern\u00e9s peuvent alors \u00eatre pris en compte pour votre retraite.<\/b>\u00a0Pour rappel, la demande de retraite se fait en ligne sur lassuranceretraite.fr. en vous connectant sur votre espace personnel. Vous pouvez partir \u00e0 l\u2019\u00e2ge l\u00e9gal de 62 ans au 1er juillet de l\u2019ann\u00e9e en cours.<\/p>\n<div class='cta-block'><div class='text'>Simulez toutes vos aides en 2 min.<\/div><a href='https:\/\/www.mes-allocs.fr\/ab-app?origin=guides\/wp-json\/wp\/v2\/posts\/73216' class='app-button fit'>Simulation gratuite<\/a><\/div>\n","protected":false},"excerpt":{"rendered":"<p>[Mis \u00e0 jour le 03\/04\/2026] Le cumul du RSA (Revenu de Solidarit\u00e9 Active) et de la retraite suscite des interrogations importantes au sein de la soci\u00e9t\u00e9, notamment chez les personnes en situation financi\u00e8re pr\u00e9caire ou en recherche d&rsquo;une compl\u00e9mentarit\u00e9 de revenus. Pour mieux comprendre cette probl\u00e9matique, Mes Allocs vous explique tout dans cet article. Quel [&hellip;]<\/p>\n","protected":false},"author":26,"featured_media":73217,"comment_status":"closed","ping_status":"open","sticky":false,"template":"","format":"standard","meta":{"amp_status":"","footnotes":""},"categories":[13283,14],"tags":[],"class_list":["post-73216","post","type-post","status-publish","format-standard","has-post-thumbnail","hentry","category-cumul-rsa","category-rsa"],"yoast_head":"<!-- This site is optimized with the Yoast SEO plugin v14.9 - https:\/\/yoast.com\/wordpress\/plugins\/seo\/ -->\n<title>RSA et retraite : peut-on les cumuler en 2026 ? | Mes-Allocs.fr<\/title>\n<meta name=\"description\" content=\"Pouvez-vous cumuler RSA et retraite en 2026 ? Mes Allocs vous explique comment en b\u00e9n\u00e9ficier le faire et quels sont les crit\u00e8res \u00e0 remplir.\" \/>\n<meta name=\"robots\" content=\"index, follow, max-snippet:-1, max-image-preview:large, max-video-preview:-1\" \/>\n<link rel=\"canonical\" href=\"https:\/\/www.mes-allocs.fr\/guides\/rsa\/cumul-rsa\/rsa-retraite\/\" \/>\n<meta property=\"og:locale\" content=\"fr_FR\" \/>\n<meta property=\"og:type\" content=\"article\" \/>\n<meta property=\"og:title\" content=\"RSA et retraite : peut-on les cumuler en 2026 ? | Mes-Allocs.fr\" \/>\n<meta property=\"og:description\" content=\"Pouvez-vous cumuler RSA et retraite en 2026 ? Mes Allocs vous explique comment en b\u00e9n\u00e9ficier le faire et quels sont les crit\u00e8res \u00e0 remplir.\" \/>\n<meta property=\"og:url\" content=\"https:\/\/www.mes-allocs.fr\/guides\/rsa\/cumul-rsa\/rsa-retraite\/\" \/>\n<meta property=\"og:site_name\" content=\"Mes-Allocs.fr\" \/>\n<meta property=\"article:published_time\" content=\"2024-01-22T20:49:38+00:00\" \/>\n<meta property=\"article:modified_time\" content=\"2026-04-03T14:46:07+00:00\" \/>\n<meta property=\"og:image\" content=\"https:\/\/www.mes-allocs.fr\/guides\/wp-content\/uploads\/2024\/01\/RSA-et-retraite-cumul-.jpg?wsr\" \/>\n\t<meta property=\"og:image:width\" content=\"819\" \/>\n\t<meta property=\"og:image:height\" content=\"840\" \/>\n<meta name=\"twitter:card\" content=\"summary_large_image\" \/>\n<script type=\"application\/ld+json\" class=\"yoast-schema-graph\">{\"@context\":\"https:\/\/schema.org\",\"@graph\":[{\"@type\":\"WebSite\",\"@id\":\"https:\/\/www.mes-allocs.fr\/guides\/#website\",\"url\":\"https:\/\/www.mes-allocs.fr\/guides\/\",\"name\":\"Mes-Allocs.fr\",\"description\":\"\",\"potentialAction\":[{\"@type\":\"SearchAction\",\"target\":\"https:\/\/www.mes-allocs.fr\/guides\/?s={search_term_string}\",\"query-input\":\"required name=search_term_string\"}],\"inLanguage\":\"fr-FR\"},{\"@type\":\"ImageObject\",\"@id\":\"https:\/\/www.mes-allocs.fr\/guides\/rsa\/cumul-rsa\/rsa-retraite\/#primaryimage\",\"inLanguage\":\"fr-FR\",\"url\":\"https:\/\/www.mes-allocs.fr\/guides\/wp-content\/uploads\/2024\/01\/RSA-et-retraite-cumul-.jpg?wsr\",\"width\":819,\"height\":840,\"caption\":\"RSA et retraite cumul\"},{\"@type\":\"WebPage\",\"@id\":\"https:\/\/www.mes-allocs.fr\/guides\/rsa\/cumul-rsa\/rsa-retraite\/#webpage\",\"url\":\"https:\/\/www.mes-allocs.fr\/guides\/rsa\/cumul-rsa\/rsa-retraite\/\",\"name\":\"RSA et retraite : peut-on les cumuler en 2026 ? | Mes-Allocs.fr\",\"isPartOf\":{\"@id\":\"https:\/\/www.mes-allocs.fr\/guides\/#website\"},\"primaryImageOfPage\":{\"@id\":\"https:\/\/www.mes-allocs.fr\/guides\/rsa\/cumul-rsa\/rsa-retraite\/#primaryimage\"},\"datePublished\":\"2024-01-22T20:49:38+00:00\",\"dateModified\":\"2026-04-03T14:46:07+00:00\",\"author\":{\"@id\":\"https:\/\/www.mes-allocs.fr\/guides\/#\/schema\/person\/9c38f3be41a0ddcd1e3fde5a3df713bf\"},\"description\":\"Pouvez-vous cumuler RSA et retraite en 2026 ? Mes Allocs vous explique comment en b\\u00e9n\\u00e9ficier le faire et quels sont les crit\\u00e8res \\u00e0 remplir.\",\"inLanguage\":\"fr-FR\"},{\"@type\":\"Person\",\"@id\":\"https:\/\/www.mes-allocs.fr\/guides\/#\/schema\/person\/9c38f3be41a0ddcd1e3fde5a3df713bf\",\"name\":\"Sessime Ananou\",\"image\":{\"@type\":\"ImageObject\",\"@id\":\"https:\/\/www.mes-allocs.fr\/guides\/#personlogo\",\"inLanguage\":\"fr-FR\",\"url\":\"https:\/\/www.mes-allocs.fr\/guides\/wp-content\/uploads\/2023\/08\/IMG_8173-150x150.jpg\",\"caption\":\"Sessime Ananou\"},\"description\":\"Sessime est r\\u00e9dactrice chez Mes Allocs, sp\\u00e9cialis\\u00e9e sur le pouvoir d'achat. Elle rejoint l'\\u00e9quipe Mes Allocs en ao\\u00fbt 2023 afin de simplifier l'acc\\u00e8s \\u00e0 l'information sur les aides en g\\u00e9n\\u00e9ral.\"}]}<\/script>\n<!-- \/ Yoast SEO plugin. -->","amp_validity":null,"acf":{"faq":{"1":{"question":"Quand prendre sa retraite quand on est au RSA ?","answer":"Le Rsa continue d'\u00eatre vers\u00e9 jusqu'\u00e0 la perception de votre retraite."},"2":{"question":"O\u00f9 faire ma d\u00e9claration trimestrielle ? ","answer":"Pour faire votre d\u00e9claration trimestrielle, il faut vous rendre sur le site de la CAF. "},"3":{"question":"Le montant du RSA peut-il \u00e9voluer ? ","answer":"Oui, le montant du RSA \u00e9volue en fonction de votre situation. "},"4":{"question":"Quel est le d\u00e9lai pour informer la CAF d'un changement ?","answer":"Il n'y a pas de r\u00e9el d\u00e9lai pour informer la CAF. Vous devez le faire le plus rapidement possible. "},"5":{"question":"Qui contacter s'il y a un changement de situation ?","answer":"S'il y a un changement de situation, vous devez rapidement contacter la CAF."},"6":{"question":"Que faire en cas de fraude ? ","answer":"En cas de fraude , il vous faudra rembourser la somme per\u00e7ue en trop. Des poursuites judiciaires peuvent \u00eatre engag\u00e9s \u00e0 votre encontre. "},"7":{"question":"","answer":""},"8":{"question":"","answer":""},"9":{"question":"","answer":""},"10":{"question":"","answer":""},"11":{"question":"","answer":""},"12":{"question":"","answer":""},"13":{"question":"","answer":""},"14":{"question":"","answer":""},"15":{"question":"","answer":""},"16":{"question":"","answer":""}}},"_links":{"self":[{"href":"https:\/\/www.mes-allocs.fr\/guides\/wp-json\/wp\/v2\/posts\/73216","targetHints":{"allow":["GET"]}}],"collection":[{"href":"https:\/\/www.mes-allocs.fr\/guides\/wp-json\/wp\/v2\/posts"}],"about":[{"href":"https:\/\/www.mes-allocs.fr\/guides\/wp-json\/wp\/v2\/types\/post"}],"author":[{"embeddable":true,"href":"https:\/\/www.mes-allocs.fr\/guides\/wp-json\/wp\/v2\/users\/26"}],"replies":[{"embeddable":true,"href":"https:\/\/www.mes-allocs.fr\/guides\/wp-json\/wp\/v2\/comments?post=73216"}],"version-history":[{"count":14,"href":"https:\/\/www.mes-allocs.fr\/guides\/wp-json\/wp\/v2\/posts\/73216\/revisions"}],"predecessor-version":[{"id":111612,"href":"https:\/\/www.mes-allocs.fr\/guides\/wp-json\/wp\/v2\/posts\/73216\/revisions\/111612"}],"wp:featuredmedia":[{"embeddable":true,"href":"https:\/\/www.mes-allocs.fr\/guides\/wp-json\/wp\/v2\/media\/73217"}],"wp:attachment":[{"href":"https:\/\/www.mes-allocs.fr\/guides\/wp-json\/wp\/v2\/media?parent=73216"}],"wp:term":[{"taxonomy":"category","embeddable":true,"href":"https:\/\/www.mes-allocs.fr\/guides\/wp-json\/wp\/v2\/categories?post=73216"},{"taxonomy":"post_tag","embeddable":true,"href":"https:\/\/www.mes-allocs.fr\/guides\/wp-json\/wp\/v2\/tags?post=73216"}],"curies":[{"name":"wp","href":"https:\/\/api.w.org\/{rel}","templated":true}]}}