{"id":7320,"date":"2020-06-08T12:39:01","date_gmt":"2020-06-08T12:39:01","guid":{"rendered":"https:\/\/www.mes-allocs.fr\/guides\/?p=7320"},"modified":"2026-04-10T16:02:50","modified_gmt":"2026-04-10T15:02:50","slug":"aide-lyceen","status":"publish","type":"post","link":"https:\/\/www.mes-allocs.fr\/guides\/aides-sociales\/aide-lyceen\/","title":{"rendered":"Les aides financi\u00e8res pour les lyc\u00e9ens"},"content":{"rendered":"<p style=\"text-align: justify;\"><strong><a href=\"https:\/\/www.mes-allocs.fr\/guides\/wp-content\/uploads\/2020\/06\/Lles-aides-financie\u0300res-pour-les-lyce\u0301es.jpg\"><img loading=\"lazy\" decoding=\"async\" class=\"aligncenter wp-image-7928 size-full\" src=\"https:\/\/www.mes-allocs.fr\/guides\/wp-content\/uploads\/2020\/06\/Lles-aides-financie\u0300res-pour-les-lyce\u0301es-e1591437674786.jpg\" alt=\"Lles aides financie\u0300res pour les lyce\u0301es\" width=\"1280\" height=\"272\" srcset=\"https:\/\/www.mes-allocs.fr\/guides\/wp-content\/uploads\/2020\/06\/Lles-aides-financie\u0300res-pour-les-lyce\u0301es-e1591437674786.jpg 1280w, https:\/\/www.mes-allocs.fr\/guides\/wp-content\/uploads\/2020\/06\/Lles-aides-financie\u0300res-pour-les-lyce\u0301es-e1591437674786-300x64.jpg 300w, https:\/\/www.mes-allocs.fr\/guides\/wp-content\/uploads\/2020\/06\/Lles-aides-financie\u0300res-pour-les-lyce\u0301es-e1591437674786-1024x218.jpg 1024w, https:\/\/www.mes-allocs.fr\/guides\/wp-content\/uploads\/2020\/06\/Lles-aides-financie\u0300res-pour-les-lyce\u0301es-e1591437674786-768x163.jpg 768w, https:\/\/www.mes-allocs.fr\/guides\/wp-content\/uploads\/2020\/06\/Lles-aides-financie\u0300res-pour-les-lyce\u0301es-e1591437674786-600x128.jpg 600w\" sizes=\"auto, (max-width: 1280px) 100vw, 1280px\" \/><\/a><\/strong>[Mis \u00e0 jour le 10\/04\/2026]<strong> Votre enfant va \u00eatre scolaris\u00e9 au lyc\u00e9e ? Sachez qu&rsquo;il existe des aides financi\u00e8res afin de l&rsquo;accompagner tout au long de son parcours. Les d\u00e9partements, l&rsquo;\u00c9tat et la CAF vous permettent de solliciter des <a href=\"https:\/\/www.mes-allocs.fr\/guides\/aides-sociales\/\" target=\"_blank\" rel=\"noopener noreferrer\">aides sociales<\/a> afin de favoriser la r\u00e9ussite de votre enfant. Mes Allocs vous explique.<br \/>\n<\/strong><\/p>\n<div class='cta-block'><div class='text'>Simulez toutes vos aides en 2 min. Gratuit.<\/div><a href='https:\/\/www.mes-allocs.fr\/ab-app?origin=guides\/wp-json\/wp\/v2\/posts\/7320' class='app-button fit'>Simulation gratuite<\/a><\/div>\n<h1>Quelles sont les aides du Conseil G\u00e9n\u00e9ral ?<\/h1>\n<p>En fonction de votre lieu de r\u00e9sidence, vous pouvez b\u00e9n\u00e9ficier d&rsquo;aides sp\u00e9cifiques allou\u00e9es par le <strong>Conseil G\u00e9n\u00e9ral<\/strong> de votre <a href=\"https:\/\/www.mes-allocs.fr\/guides\/aides-sociales\/aide-sociale-departementale\/\">d\u00e9partement<\/a>. Ces aides varient selon les r\u00e9gions et visent \u00e0 aider les familles qui rencontrent des difficult\u00e9s financi\u00e8res.<\/p>\n<h2 class=\"clear\">L&rsquo;aide financi\u00e8re du lyc\u00e9e des Hauts de France<\/h2>\n<p style=\"text-align: justify;\">Les Hauts de France allouent <strong>1 million d&rsquo;euros d&rsquo;aides compl\u00e9mentaires<\/strong> \u00e0 la scolarit\u00e9. Votre foyer peut b\u00e9n\u00e9ficier de ces aides si vous rencontrez des difficult\u00e9s financi\u00e8res.<\/p>\n<h3>Qui peut en b\u00e9n\u00e9ficier ?<\/h3>\n<ul>\n<li><strong>lyc\u00e9ens,<\/strong><\/li>\n<li><strong>apprentis.<\/strong><\/li>\n<\/ul>\n<h3>De quoi s&rsquo;agit-il ?<\/h3>\n<p>Ce fonds d&rsquo;aide sert \u00e0 payer les frais li\u00e9s \u00e0 :<\/p>\n<ul>\n<li>la restauration.<\/li>\n<li>l\u2019h\u00e9bergement.<\/li>\n<li>l\u2019acquisition des manuels scolaires.<\/li>\n<li>l\u2019\u00e9quipement professionnel.<\/li>\n<\/ul>\n<p><strong>Elle peut aussi vous aider \u00e0 faire face \u00e0 une situation in\u00e9dite (par l&rsquo;attribution d&rsquo;une aide exceptionnelle)<\/strong>. En outre, ce fonds se traduit \u00e9galement par une carte d&rsquo;achat. C&rsquo;est la <strong>carte g\u00e9n\u00e9ration HDF.<\/strong><\/p>\n<p>Elle est destin\u00e9e aux jeunes ayant entre 15 et 25 ans. Elle couvre l&rsquo;achat :<\/p>\n<ul>\n<li>de manuels scolaires,<\/li>\n<li>et de mat\u00e9riel professionnel, pour les apprentis.<\/li>\n<\/ul>\n<p>\u00c0 cela s&rsquo;ajoute les \u00ab\u00a0Bons plans g\u00e9n\u00e9ration Hauts-de-France\u00a0\u00bb. C&rsquo;est un dispositif (ouvert aux m\u00eame public) qui permet de b\u00e9n\u00e9ficier de r\u00e9ductions ou de places gratuites. Et ce, pour :<\/p>\n<ul>\n<li>le sport,<\/li>\n<li>la culture,<\/li>\n<li>le tourisme,<\/li>\n<li>les transports.<\/li>\n<\/ul>\n<div class=\"col-md-8 col-xs-9 col-md-offset-1 col-xs-offset-1 article_content\">\n<div class=\"contentWrapper\">\n<h2>Quelles sont les d\u00e9marches \u00e0 effectuer ?<\/h2>\n<p style=\"text-align: justify;\">C&rsquo;est g\u00e9n\u00e9ralement la commission interne de l\u2019\u00e9tablissement (dont le chef d&rsquo;\u00e9tablissement) qui traite le dossier de demande d&rsquo;aide. D\u00e9sormais, si l&rsquo;\u00c9tat ne peut pas r\u00e9pondre favorablement aux demandes (pour cause de fonds insuffisants), elles sont transmises \u00e0 la R\u00e9gion.<\/p>\n<p style=\"text-align: justify;\">Par cons\u00e9quent, c&rsquo;est elle qui statue sur votre demande, ainsi que sur le montant de l&rsquo;aide. En cas d&rsquo;attribution, elle est vers\u00e9e directement sur la carte G\u00e9n\u00e9ration #HDF du lyc\u00e9en.<\/p>\n<p><iframe loading=\"lazy\" src=\"\/\/www.youtube.com\/embed\/pDAq1hv_k-4?t=64s\" width=\"560\" height=\"314\" allowfullscreen=\"allowfullscreen\"><\/iframe><\/p>\n<\/div>\n<\/div>\n<div class=\"col-md-3 col-xs-2\">\n<div id=\"articles_lies_wrapper\" class=\"cd-panel from-right\">\n<div class=\"cd-panel-container\">\n<div class=\"cd-panel-content\">\n<h1>Est-il possible de b\u00e9n\u00e9ficier d&rsquo;une bourse au lyc\u00e9e ?<\/h1>\n<\/div>\n<\/div>\n<\/div>\n<\/div>\n<p>En effet, votre enfant peut b\u00e9n\u00e9ficier d&rsquo;une bourse. C&rsquo;est un dispositif de l&rsquo;\u00c9tat (bourse nationale). Vous pouvez y pr\u00e9tendre si votre enfant est scolaris\u00e9 au :<\/p>\n<ul>\n<li>Lyc\u00e9e d&rsquo;enseignement publique.<\/li>\n<li>Lyc\u00e9e priv\u00e9 sous contrat ou habilit\u00e9 \u00e0 recevoir des boursiers nationaux.<\/li>\n<li>\u00c9tablissement r\u00e9gional d&rsquo;enseignement adapt\u00e9 (EREA).<\/li>\n<\/ul>\n<h2>Quelles sont les conditions d&rsquo;attribution ?<\/h2>\n<p>Les conditions d\u00e9pendent :<\/p>\n<ul>\n<li>du nombre d&rsquo;enfants \u00e0 charge,<\/li>\n<li>et des ressources de la ou des personnes assumant la charge effective et permanente de l&rsquo;\u00e9l\u00e8ve.<\/li>\n<\/ul>\n<h4>En outre, la bourse est vers\u00e9e pendant toute la scolarit\u00e9 en lyc\u00e9e. En cas de redoublement ou de r\u00e9orientation, vos ressources sont r\u00e9-examin\u00e9es.<\/h4>\n<h2>Quel est le montant de la bourse ?<\/h2>\n<p>La bourse de lyc\u00e9e est r\u00e9partie sur <strong>6 \u00e9chelons<\/strong>, chacun correspondant \u00e0 un montant diff\u00e9rent. Pour l\u2019ann\u00e9e scolaire 2025\/2026.<\/p>\n<p>Elle est vers\u00e9e en trois trimestres, \u00e0 la fin de chaque p\u00e9riode scolaire.<\/p>\n<h4>D\u00e9marches pour faire une demande de bourse de lyc\u00e9e<\/h4>\n<p>Les demandes de bourse peuvent \u00eatre effectu\u00e9es en ligne via le <strong>Portail Scolarit\u00e9 Services<\/strong>, ou en remplissant un formulaire papier disponible au secr\u00e9tariat du lyc\u00e9e. Les dates limites pour la demande sont entre le <strong>1 septembre 2025<\/strong>\u00a0et le <strong>31 octobre 2025<\/strong>.<\/p>\n<p>Si vous souhaitez obtenir une estimation <span class=\"st\">personnalis\u00e9e de son montant,<\/span> vous pouvez opter pour un simulateur de bourse. Pour cela, <strong>contactez un conseiller Mes Allocs au <a class=\"phone\" data-v-2a9ecaf6=\"\"><span class=\"callback-phone-formatted\" data-v-2a9ecaf6=\"\">01 84 80 37 31<\/span><\/a>.<\/strong><\/p>\n<p><span id=\"Les_aides_pour_le_logement_etudiant\" class=\"ez-toc-section\"><div class='cta-block'><div class='text'>Simulez toutes vos Aides Sociales en 2 min. Gratuit.<\/div><a href='https:\/\/www.mes-allocs.fr\/ab-app?origin=guides\/wp-json\/wp\/v2\/posts\/7320' class='app-button fit'>Simulation gratuite<\/a><\/div><\/span><\/p>\n<h1 id=\"Aide_cantine_coll\u00e8ge_et_lyc\u00e9e_:_Le_fond_social_des_\u00e9tablissements\">Quelles sont les aides financi\u00e8res du fonds social ?<\/h1>\n<h2>Comment fonctionne-t-il ?<\/h2>\n<p>Un fonds social est pr\u00e9sent dans les \u00e9tablissements comme les :<\/p>\n<ul>\n<li>coll\u00e8ges<\/li>\n<li>lyc\u00e9es.<\/li>\n<\/ul>\n<p>Il est notamment dot\u00e9 d&rsquo;un fonds social pour les cantines. Cette aide est propre \u00e0 chaque \u00e9tablissement, elle est fix\u00e9e en fonction :<\/p>\n<ul>\n<li>des ressources<\/li>\n<li>et de la composition familiale.<\/li>\n<\/ul>\n<div class=\"divider\">\n<h2>Quelles sont les d\u00e9marches \u00e0 effectuer ?<\/h2>\n<p>Adressez-vous au secr\u00e9tariat de l&rsquo;\u00e9tablissement concern\u00e9. Vous pouvez aussi vous tourner vers l\u2019assistante sociale rattach\u00e9e \u00e0 l\u2019\u00e9tablissement.<\/p>\n<p>En cas d&rsquo;acceptation de votre demande, c&rsquo;est le principal de l&rsquo;\u00e9tablissement qui fixe le prix de l&rsquo;aide. Il peut arriver que la somme couvre l&rsquo;ensemble des frais.<\/p>\n<p>Si vous faites face \u00e0 des<strong> difficult\u00e9s financi\u00e8res passag\u00e8res, la CAF peut vous offrir un pr\u00eat pr\u00e9ventif.<\/strong><\/p>\n<div class=\"divider\">\n<h1>L&rsquo;allocation de rentr\u00e9e scolaire (CAF) est-elle vers\u00e9e aux lyc\u00e9ens ?<\/h1>\n<\/div>\n<div class=\"fiche-item\">\n<p>Cette allocation de rentr\u00e9e scolaire (ARS) de la <a href=\"https:\/\/www.mes-allocs.fr\/guides\/aides-sociales\/aide-sociale-caf\/\" target=\"_blank\" rel=\"noopener noreferrer\">CAF<\/a> (caisse d&rsquo;allocations familiales) vient en aide aux <a href=\"https:\/\/www.mes-allocs.fr\/guides\/aides-sociales\/assistance-sociale-aide-familiale\/\" target=\"_blank\" rel=\"noopener noreferrer\">familles modestes<\/a>. <strong>Elle est vers\u00e9e par la MSA (mutualit\u00e9 sociale agricole), si c&rsquo;est le r\u00e9gime auquel vous appartenez.<\/strong><\/p>\n<p>En tout, cette aide accompagne environ 3 millions de familles. Il s&rsquo;agit d&rsquo;une <strong>aide vers\u00e9e pour la rentr\u00e9e scolaire.<\/strong><\/p>\n<div class=\"flex max-w-full flex-col flex-grow\">\n<div class=\"min-h-8 text-message flex w-full flex-col items-end gap-2 whitespace-normal break-words [.text-message+&amp;]:mt-5\" dir=\"auto\" data-message-author-role=\"assistant\" data-message-id=\"da3996b9-d4ca-4e8c-a9f7-0bd0d4fc170f\">\n<div class=\"flex w-full flex-col gap-1 empty:hidden first:pt-[3px]\">\n<div class=\"markdown prose w-full break-words dark:prose-invert dark\">\n<p>L\u2019<strong>Allocation de Rentr\u00e9e Scolaire (ARS)<\/strong> est une aide financi\u00e8re vers\u00e9e par la <strong>CAF<\/strong> ou la <strong>MSA<\/strong> (Mutualit\u00e9 Sociale Agricole) aux familles pour les aider \u00e0 faire face aux d\u00e9penses li\u00e9es \u00e0 la rentr\u00e9e scolaire de leurs enfants.<\/p>\n<h2>Enfants concern\u00e9s<\/h2>\n<p>Pour l&rsquo;ann\u00e9e 2026, cette aide est destin\u00e9e aux parents d&rsquo;enfants <strong>n\u00e9s entre le 16 septembre 2006 et le 31 d\u00e9cembre 2018 inclus<\/strong>. L&rsquo;\u00e2ge pris en compte pour le calcul de l\u2019ARS est celui de l\u2019enfant au <strong>31 d\u00e9cembre<\/strong> de l\u2019ann\u00e9e de versement de l&rsquo;allocation.<\/p>\n<p><strong>Exemple<\/strong> :Le montant de l&rsquo;ARS est attribu\u00e9s selon les tranches En 2026, le montant de l&rsquo;ARS pour les <strong>6 \u00e0 10 ans : <b>426,87\u20ac, <\/b>\u00a0<\/strong><strong>11 \u00e0 14 ans : <b>450,41 \u20ac<\/b><\/strong>, et<\/p>\n<p><strong>15 \u00e0 18 ans : <b>466,02 \u20ac.<\/b><\/strong><\/p>\n<p>&nbsp;<\/p>\n<h4>Montants de l&rsquo;ARS pour 2026<\/h4>\n<p>Les montants de l&rsquo;ARS pour la rentr\u00e9e scolaire 2026 varient en fonction de l&rsquo;\u00e2ge de l&rsquo;enfant :<\/p>\n<ul>\n<li><b>426,87\u20ac <\/b> pour les enfants de <strong>6 \u00e0 10 ans<\/strong>,<\/li>\n<li><b>450,41 \u20ac <\/b> pour les enfants de <strong>11 \u00e0 14 ans<\/strong>,<\/li>\n<li><b>466,02 \u20ac <\/b> pour les enfants de <strong>15 \u00e0 18 ans<\/strong>.<\/li>\n<\/ul>\n<h2>Scolarisation<\/h2>\n<p>Pour b\u00e9n\u00e9ficier de l&rsquo;ARS, l\u2019enfant doit \u00eatre inscrit dans un \u00e9tablissement scolaire reconnu par l&rsquo;\u00c9tat :<\/p>\n<ul>\n<li><strong>\u00c9tablissement public<\/strong> ou <strong>priv\u00e9 sous contrat<\/strong>,<\/li>\n<li><strong>\u00c9cole priv\u00e9e hors contrat<\/strong> sous certaines conditions,<\/li>\n<li><strong>\u00c9tablissement d&rsquo;enseignement \u00e0 distance<\/strong>, comme le <strong>CNED<\/strong>.<\/li>\n<\/ul>\n<p>L\u2019ARS ne peut pas \u00eatre attribu\u00e9e si l&rsquo;enfant suit un enseignement \u00e0 domicile, sauf si l&rsquo;enfant pr\u00e9sente un handicap ou s&rsquo;il est inscrit au <strong>CNED<\/strong> sous certaines conditions.<\/p>\n<h2>Ressources \u00e0 ne pas d\u00e9passer<\/h2>\n<p>Les revenus du foyer doivent respecter les plafonds de ressources fix\u00e9s pour l\u2019ann\u00e9e <strong>2026<\/strong>\u00a0:<\/p>\n\n<div class=\"wpdt-c row wpDataTableContainerSimpleTable wpDataTables wpDataTablesWrapper\n\"\n    >\n    <table id=\"wpdtSimpleTable-71\"\n           class=\"wpdtSimpleTable wpDataTable\"\n           data-column=\"2\"\n           data-rows=\"6\"\n           data-wpID=\"71\"\n           data-responsive=\"0\"\n           data-has-header=\"1\">\n\n                    <thead>        <tr class=\"wpdt-cell-row \" >\n                            <th class=\"wpdt-cell wpdt-bc-F3F9FE wpdt-bold\"\n                                    data-cell-id=\"A1\"\n                data-col-index=\"0\"\n                data-row-index=\"0\"\n                style=\" width:49.100257069409%;                padding:10px;\"\n                >\n                                Nombre d'enfants \u00e0 charge\n                <\/th>\n                                            <th class=\"wpdt-cell wpdt-bc-F3F9FE wpdt-bold\"\n                                    data-cell-id=\"B1\"\n                data-col-index=\"1\"\n                data-row-index=\"0\"\n                style=\" width:50.899742930591%;                padding:10px;\"\n                >\n                                Salaire d'activit\u00e9                <\/th>\n                                        <\/tr>\n                    <tbody>        <tr class=\"wpdt-cell-row \" >\n                            <td class=\"wpdt-cell \"\n                                    data-cell-id=\"A2\"\n                data-col-index=\"0\"\n                data-row-index=\"1\"\n                style=\"                padding:10px;\"\n                >\n                                1\n                <\/td>\n                                            <td class=\"wpdt-cell \"\n                                    data-cell-id=\"B2\"\n                data-col-index=\"1\"\n                data-row-index=\"1\"\n                style=\"                padding:10px;\"\n                >\n                                28 956 \u20ac                <\/td>\n                                        <\/tr>\n                            <tr class=\"wpdt-cell-row \" >\n                            <td class=\"wpdt-cell \"\n                                    data-cell-id=\"A3\"\n                data-col-index=\"0\"\n                data-row-index=\"2\"\n                style=\"                padding:10px;\"\n                >\n                                2                <\/td>\n                                            <td class=\"wpdt-cell \"\n                                    data-cell-id=\"B3\"\n                data-col-index=\"1\"\n                data-row-index=\"2\"\n                style=\"                padding:10px;\"\n                >\n                                35 638 \u20ac                <\/td>\n                                        <\/tr>\n                            <tr class=\"wpdt-cell-row \" >\n                            <td class=\"wpdt-cell \"\n                                    data-cell-id=\"A4\"\n                data-col-index=\"0\"\n                data-row-index=\"3\"\n                style=\"                padding:10px;\"\n                >\n                                3                <\/td>\n                                            <td class=\"wpdt-cell \"\n                                    data-cell-id=\"B4\"\n                data-col-index=\"1\"\n                data-row-index=\"3\"\n                style=\"                padding:10px;\"\n                >\n                                42 320 \u20ac                <\/td>\n                                        <\/tr>\n                            <tr class=\"wpdt-cell-row \" >\n                            <td class=\"wpdt-cell \"\n                                    data-cell-id=\"A5\"\n                data-col-index=\"0\"\n                data-row-index=\"4\"\n                style=\"                padding:10px;\"\n                >\n                                4                <\/td>\n                                            <td class=\"wpdt-cell \"\n                                    data-cell-id=\"B5\"\n                data-col-index=\"1\"\n                data-row-index=\"4\"\n                style=\"                padding:10px;\"\n                >\n                                49 002 \u20ac                <\/td>\n                                        <\/tr>\n                            <tr class=\"wpdt-cell-row \" >\n                            <td class=\"wpdt-cell \"\n                                    data-cell-id=\"A6\"\n                data-col-index=\"0\"\n                data-row-index=\"5\"\n                style=\"                padding:10px;\"\n                >\n                                Par enfant suppl\u00e9mentaire                <\/td>\n                                            <td class=\"wpdt-cell \"\n                                    data-cell-id=\"B6\"\n                data-col-index=\"1\"\n                data-row-index=\"5\"\n                style=\"                padding:10px;\"\n                >\n                                + 6 682 \u20ac                <\/td>\n                                        <\/tr>\n                    <\/table>\n<\/div><style id='wpdt-custom-style-71'>\ntable#wpdtSimpleTable-71{ table-layout: fixed !important; }\n.wpdt-bc-F3F9FE { background-color: #F3F9FE !important;}\n<\/style>\n\n<p>L\u2019ARS est g\u00e9n\u00e9ralement vers\u00e9e <strong>automatiquement<\/strong> par la <strong>CAF<\/strong> ou la <strong>MSA<\/strong> aux familles remplissant les crit\u00e8res. Toutefois, si votre enfant a entre <strong>16 et 18 ans<\/strong>, vous devez confirmer sa scolarisation directement aupr\u00e8s de la CAF pour recevoir l\u2019aide.<\/p>\n<p>Si vous avez d&rsquo;autres questions sur l&rsquo;ARS ou souhaitez faire une simulation de vos droits, vous pouvez utiliser le simulateur de la CAF en ligne ou contacter un conseiller.<\/p>\n<\/div>\n<\/div>\n<\/div>\n<\/div>\n<div class=\"custom\">\n<div class=\"inner-padding\">\n<h2>Quelles sont les situations in\u00e9ligibles \u00e0 cette aide ?<\/h2>\n<\/div>\n<\/div>\n<p><strong>\u00c0 noter que vous ne pouvez pas pr\u00e9tendre \u00e0 cette aide si votre enfant est en maternelle. <\/strong><strong>Sauf, si :<\/strong><\/p>\n<ul>\n<li><strong>il est en situation de handicap.<\/strong><\/li>\n<li><strong>il est n\u00e9 apr\u00e8s le 31 d\u00e9cembre 2014 mais qu&rsquo;il est d\u00e9j\u00e0 en CP (Cours Pr\u00e9paratoire).<\/strong><\/li>\n<\/ul>\n<p><strong>Il doit alors :<\/strong><\/p>\n<ul>\n<li><strong>\u00eatre scolaris\u00e9 le plus longtemps possible,<\/strong><\/li>\n<li><strong>avoir 6 ans.<\/strong><\/li>\n<\/ul>\n<h1>Les bourses au m\u00e9rite sont-elles vers\u00e9es aux \u00e9l\u00e8ves du lyc\u00e9e ?<\/h1>\n<h2>Quelles sont les conditions d&rsquo;attribution ?<\/h2>\n<p>La bourse au m\u00e9rite au lyc\u00e9e compl\u00e8te la bourse des \u00e9l\u00e8ves boursiers m\u00e9ritants. Par ailleurs, elle est vers\u00e9e pendant toute la scolarit\u00e9, jusqu&rsquo;au baccalaur\u00e9at. Pour en b\u00e9n\u00e9ficier, il faut donc :<\/p>\n<ul>\n<li>\u00catre \u00e9l\u00e8ve boursier au lyc\u00e9e,<\/li>\n<li>Avoir obtenu une mention <b>bien ou tr\u00e8s bien au DNB <\/b>(dipl\u00f4me national du brevet).<\/li>\n<\/ul>\n<h2>Quelles sont les d\u00e9marches \u00e0 effectuer ?<\/h2>\n<p><strong>Pas de d\u00e9marche sp\u00e9cifique \u00e0 faire<\/strong>. Cette aide financiere lycee est attribu\u00e9e automatiquement. Toutefois, vous devez vous engager par \u00e9crit \u00e0 obtenir de bons r\u00e9sultats. Vous devez \u00e9galement \u00eatre assidu jusqu\u2019au bac.<\/p>\n<h1>Les lyc\u00e9ens peuvent-ils solliciter la prime pour les 16-18 ans de reprise d&rsquo;\u00e9tudes ?<\/h1>\n<h2>Quelles sont les conditions d&rsquo;attribution ?<\/h2>\n<p>En effet, vous pouvez pr\u00e9tendre \u00e0 une aide financi\u00e8re pour reprendre vos \u00e9tudes, si vous les avez abandonn\u00e9es auparavant. Cette aide est adress\u00e9e :<\/p>\n<ul>\n<li><strong>aux jeunes de 16 \u00e0 18 ans qui ont abandonn\u00e9 leur formation;<\/strong><\/li>\n<li><strong>qui reprennent leurs \u00e9tudes apr\u00e8s une interruption de scolarit\u00e9 d&rsquo;au moins 5 mois.<\/strong><\/li>\n<li><strong>Et qui ont droit \u00e0 une bourse de lyc\u00e9e lors de leur reprise d&rsquo;\u00e9tudes.<\/strong><\/li>\n<\/ul>\n<h2>Quelles sont les d\u00e9marches \u00e0 effectuer ?<\/h2>\n<ul>\n<li>Inscrivez-vous dans un lyc\u00e9e pour reprendre une formation.<\/li>\n<li>Renseignez-vous sur votre \u00e9ligibilit\u00e9 \u00e0 la bourse. Pour cela, allez vers le secr\u00e9tariat de l&rsquo;\u00e9tablissement d&rsquo;accueil.<\/li>\n<li>Faites votre demande de bourse. Elle est compl\u00e9t\u00e9e par une fiche remplie par l&rsquo;\u00e9tablissement.<\/li>\n<\/ul>\n<h1>La bourse de lyc\u00e9e : versement et transfert<\/h1>\n<h2>Quand la bourse de lyc\u00e9e est-elle vers\u00e9e ?<\/h2>\n<p>Son versement a lieu au terme de <span class=\"ILfuVd\"><span class=\"e24Kjd\">chaque<\/span><\/span> trimestre, donc en 3 fois. Par exemple, p<span class=\"ILfuVd\"><span class=\"e24Kjd\">our l&rsquo;ann\u00e9e scolaire 2024-2025,<\/span><\/span> son versement est intervenu \u00e0 la fin du mois de :<\/p>\n<ol>\n<li><strong><span class=\"ILfuVd\"><span class=\"e24Kjd\">novembre<\/span><\/span><\/strong><\/li>\n<li><strong><span class=\"ILfuVd\"><span class=\"e24Kjd\">mars<\/span><\/span><\/strong><\/li>\n<li><strong>juin.<\/strong><\/li>\n<\/ol>\n<\/div>\n<h2>Comment fonctionne le transfert de bourse au lyc\u00e9e ?<\/h2>\n<p>Les \u00e9l\u00e8ves scolaris\u00e9s qui changent d&rsquo;\u00e9tablissement voient leur bourse transf\u00e9r\u00e9e automatiquement. Il est pris en compte d\u00e8s la date \u00e0 laquelle l&rsquo;\u00e9l\u00e8ve change d&rsquo;\u00e9tablissement.<\/p>\n<p><span id=\"Les_aides_pour_le_logement_etudiant\" class=\"ez-toc-section\"><div class='cta-block'><div class='text'>Simulez toutes vos Aides Sociales en 2 min. Gratuit.<\/div><a href='https:\/\/www.mes-allocs.fr\/ab-app?origin=guides\/wp-json\/wp\/v2\/posts\/7320' class='app-button fit'>Simulation gratuite<\/a><\/div><\/span><\/p>\n<\/div>\n","protected":false},"excerpt":{"rendered":"<p>[Mis \u00e0 jour le 10\/04\/2026] Votre enfant va \u00eatre scolaris\u00e9 au lyc\u00e9e ? Sachez qu&rsquo;il existe des aides financi\u00e8res afin de l&rsquo;accompagner tout au long de son parcours. Les d\u00e9partements, l&rsquo;\u00c9tat et la CAF vous permettent de solliciter des aides sociales afin de favoriser la r\u00e9ussite de votre enfant. Mes Allocs vous explique. Quelles sont [&hellip;]<\/p>\n","protected":false},"author":9,"featured_media":7927,"comment_status":"open","ping_status":"open","sticky":false,"template":"","format":"standard","meta":{"amp_status":"","footnotes":""},"categories":[1411],"tags":[],"class_list":["post-7320","post","type-post","status-publish","format-standard","has-post-thumbnail","hentry","category-aides-sociales"],"yoast_head":"<!-- This site is optimized with the Yoast SEO plugin v14.9 - https:\/\/yoast.com\/wordpress\/plugins\/seo\/ -->\n<title>Les aides financi\u00e8res pour les lyc\u00e9ens | Mes-Allocs.fr<\/title>\n<meta name=\"description\" content=\"Votre enfant va \u00eatre scolaris\u00e9 au lyc\u00e9e ? Sachez qu&#039;il existe des aides financi\u00e8res afin de l&#039;accompagner tout au long de son parcours.\" \/>\n<meta name=\"robots\" content=\"index, follow, max-snippet:-1, max-image-preview:large, max-video-preview:-1\" \/>\n<link rel=\"canonical\" href=\"https:\/\/www.mes-allocs.fr\/guides\/aides-sociales\/aide-lyceen\/\" \/>\n<meta property=\"og:locale\" content=\"fr_FR\" \/>\n<meta property=\"og:type\" content=\"article\" \/>\n<meta property=\"og:title\" content=\"Les aides financi\u00e8res pour les lyc\u00e9ens | Mes-Allocs.fr\" \/>\n<meta property=\"og:description\" content=\"Votre enfant va \u00eatre scolaris\u00e9 au lyc\u00e9e ? Sachez qu&#039;il existe des aides financi\u00e8res afin de l&#039;accompagner tout au long de son parcours.\" \/>\n<meta property=\"og:url\" content=\"https:\/\/www.mes-allocs.fr\/guides\/aides-sociales\/aide-lyceen\/\" \/>\n<meta property=\"og:site_name\" content=\"Mes-Allocs.fr\" \/>\n<meta property=\"article:published_time\" content=\"2020-06-08T12:39:01+00:00\" \/>\n<meta property=\"article:modified_time\" content=\"2026-04-10T15:02:50+00:00\" \/>\n<meta property=\"og:image\" content=\"https:\/\/www.mes-allocs.fr\/guides\/wp-content\/uploads\/2020\/06\/Les-aides-financie\u0300res-pour-les-lyce\u0301es.jpg?wsr\" \/>\n\t<meta property=\"og:image:width\" content=\"1280\" \/>\n\t<meta property=\"og:image:height\" content=\"853\" \/>\n<meta name=\"twitter:card\" content=\"summary_large_image\" \/>\n<script type=\"application\/ld+json\" class=\"yoast-schema-graph\">{\"@context\":\"https:\/\/schema.org\",\"@graph\":[{\"@type\":\"WebSite\",\"@id\":\"https:\/\/www.mes-allocs.fr\/guides\/#website\",\"url\":\"https:\/\/www.mes-allocs.fr\/guides\/\",\"name\":\"Mes-Allocs.fr\",\"description\":\"\",\"potentialAction\":[{\"@type\":\"SearchAction\",\"target\":\"https:\/\/www.mes-allocs.fr\/guides\/?s={search_term_string}\",\"query-input\":\"required name=search_term_string\"}],\"inLanguage\":\"fr-FR\"},{\"@type\":\"ImageObject\",\"@id\":\"https:\/\/www.mes-allocs.fr\/guides\/aides-sociales\/aide-lyceen\/#primaryimage\",\"inLanguage\":\"fr-FR\",\"url\":\"https:\/\/www.mes-allocs.fr\/guides\/wp-content\/uploads\/2020\/06\/Les-aides-financie\\u0300res-pour-les-lyce\\u0301es.jpg?wsr\",\"width\":1280,\"height\":853,\"caption\":\"Les aides financie\\u0300res pour les lyce\\u0301es\"},{\"@type\":\"WebPage\",\"@id\":\"https:\/\/www.mes-allocs.fr\/guides\/aides-sociales\/aide-lyceen\/#webpage\",\"url\":\"https:\/\/www.mes-allocs.fr\/guides\/aides-sociales\/aide-lyceen\/\",\"name\":\"Les aides financi\\u00e8res pour les lyc\\u00e9ens | Mes-Allocs.fr\",\"isPartOf\":{\"@id\":\"https:\/\/www.mes-allocs.fr\/guides\/#website\"},\"primaryImageOfPage\":{\"@id\":\"https:\/\/www.mes-allocs.fr\/guides\/aides-sociales\/aide-lyceen\/#primaryimage\"},\"datePublished\":\"2020-06-08T12:39:01+00:00\",\"dateModified\":\"2026-04-10T15:02:50+00:00\",\"author\":{\"@id\":\"https:\/\/www.mes-allocs.fr\/guides\/#\/schema\/person\/e4e762c89158b34a332446d26f02fd56\"},\"description\":\"Votre enfant va \\u00eatre scolaris\\u00e9 au lyc\\u00e9e ? Sachez qu'il existe des aides financi\\u00e8res afin de l'accompagner tout au long de son parcours.\",\"inLanguage\":\"fr-FR\"},{\"@type\":\"Person\",\"@id\":\"https:\/\/www.mes-allocs.fr\/guides\/#\/schema\/person\/e4e762c89158b34a332446d26f02fd56\",\"name\":\"Marylou\",\"image\":{\"@type\":\"ImageObject\",\"@id\":\"https:\/\/www.mes-allocs.fr\/guides\/#personlogo\",\"inLanguage\":\"fr-FR\",\"url\":\"https:\/\/www.mes-allocs.fr\/guides\/wp-content\/uploads\/2021\/06\/marylou-150x150.png\",\"caption\":\"Marylou\"},\"description\":\"Marylou est r\\u00e9dactrice au sein de l'\\u00e9quipe Mes Allocs, sp\\u00e9cialiste des sujets de soci\\u00e9t\\u00e9 en g\\u00e9n\\u00e9ral. Dipl\\u00f4m\\u00e9e de l'Institut Sup\\u00e9rieur de Formation au Journalisme, elle rejoint Mes Allocs apr\\u00e8s cr\\u00e9\\u00e9 son premier blog personnel.\",\"sameAs\":[\"https:\/\/www.linkedin.com\/in\/marylou-pr\\u00e9vost\"]}]}<\/script>\n<!-- \/ Yoast SEO plugin. -->","amp_validity":null,"acf":{"faq":{"1":{"question":"Quel aide pour les lyc\u00e9ens ?","answer":"Les lyc\u00e9es peuvent pr\u00e9tendre \u00e0 des aides comme la bourse nationale, le fonds social (qui vient en aide aux familles modestes pour la cantine) ou l'aide au m\u00e9rite."},"2":{"question":"Qui paye les bourses de lyc\u00e9e ?","answer":"C'est l'\u00c9tat qui est en charge du paiement des bourses de lyc\u00e9e."},"3":{"question":"Quelles aides pour payer l'internat ?","answer":"Vous pouvez faire appel \u00e0 la prime \u00e0 l'internat, d\u00e9livr\u00e9e par l'\u00c9tat ou encore, l'aide exceptionnelle des fonds sociaux coll\u00e9gien ou lyc\u00e9e. Les d\u00e9partements peuvent aussi vous aider.\r\n\r\n"},"4":{"question":"Comment obtenir attestation de bourse lyc\u00e9e ?","answer":"Vous pouvez obtenir l'attestation de bourse de lyc\u00e9e sur internet. Mes Allocs vous guide."},"5":{"question":"Quelles aides pour les lyc\u00e9ens non boursiers ?","answer":"Vous souhaitez savoir si votre foyer a droit \u00e0 des aides pour votre enfant scolaris\u00e9 au lyc\u00e9e ? Sachez que m\u00eame s'il est non boursier, il peut pr\u00e9tendre "},"6":{"question":"Comment est vers\u00e9 la bourse des lyc\u00e9es ?","answer":"Elle est vers\u00e9e en 3 fois, \u00e0 la fin de chaque trimestre."},"7":{"question":"Quel est le prix d'un internat ?","answer":"Dans les \u00e9tablissements publiques, le co\u00fbt varie entre 1.000 \u00e0 2.000 \u20ac par an, payables par trimestre. "},"8":{"question":"O\u00f9 trouver l'avis d'attribution de bourse ?","answer":"Vous pouvez obtenir l'attestation de bourse de lyc\u00e9e sur internet. Mes Allocs vous guide \u00e0 travers cette d\u00e9marche."},"9":{"question":"","answer":""},"10":{"question":"","answer":""},"11":{"question":"","answer":""},"12":{"question":"","answer":""},"13":{"question":"","answer":""},"14":{"question":"","answer":""},"15":{"question":"","answer":""},"16":{"question":"","answer":""}}},"_links":{"self":[{"href":"https:\/\/www.mes-allocs.fr\/guides\/wp-json\/wp\/v2\/posts\/7320","targetHints":{"allow":["GET"]}}],"collection":[{"href":"https:\/\/www.mes-allocs.fr\/guides\/wp-json\/wp\/v2\/posts"}],"about":[{"href":"https:\/\/www.mes-allocs.fr\/guides\/wp-json\/wp\/v2\/types\/post"}],"author":[{"embeddable":true,"href":"https:\/\/www.mes-allocs.fr\/guides\/wp-json\/wp\/v2\/users\/9"}],"replies":[{"embeddable":true,"href":"https:\/\/www.mes-allocs.fr\/guides\/wp-json\/wp\/v2\/comments?post=7320"}],"version-history":[{"count":37,"href":"https:\/\/www.mes-allocs.fr\/guides\/wp-json\/wp\/v2\/posts\/7320\/revisions"}],"predecessor-version":[{"id":112032,"href":"https:\/\/www.mes-allocs.fr\/guides\/wp-json\/wp\/v2\/posts\/7320\/revisions\/112032"}],"wp:featuredmedia":[{"embeddable":true,"href":"https:\/\/www.mes-allocs.fr\/guides\/wp-json\/wp\/v2\/media\/7927"}],"wp:attachment":[{"href":"https:\/\/www.mes-allocs.fr\/guides\/wp-json\/wp\/v2\/media?parent=7320"}],"wp:term":[{"taxonomy":"category","embeddable":true,"href":"https:\/\/www.mes-allocs.fr\/guides\/wp-json\/wp\/v2\/categories?post=7320"},{"taxonomy":"post_tag","embeddable":true,"href":"https:\/\/www.mes-allocs.fr\/guides\/wp-json\/wp\/v2\/tags?post=7320"}],"curies":[{"name":"wp","href":"https:\/\/api.w.org\/{rel}","templated":true}]}}