{"id":7311,"date":"2020-06-10T12:33:38","date_gmt":"2020-06-10T12:33:38","guid":{"rendered":"https:\/\/www.mes-allocs.fr\/guides\/?p=7311"},"modified":"2026-04-10T15:09:02","modified_gmt":"2026-04-10T14:09:02","slug":"remboursement-aide-sociale","status":"publish","type":"post","link":"https:\/\/www.mes-allocs.fr\/guides\/aides-sociales\/remboursement-aide-sociale\/","title":{"rendered":"Doit-on rembourser les aides sociales ?"},"content":{"rendered":"<p><strong><a href=\"https:\/\/www.mes-allocs.fr\/guides\/wp-content\/uploads\/2020\/06\/Doit-on-rembourser-les-aides-sociales-d-e1591738910470.jpg\"><img loading=\"lazy\" decoding=\"async\" class=\"aligncenter size-full wp-image-8051\" src=\"https:\/\/www.mes-allocs.fr\/guides\/wp-content\/uploads\/2020\/06\/Doit-on-rembourser-les-aides-sociales-d-e1591738910470.jpg\" alt=\"Doit-on rembourser les aides sociales ?d\" width=\"1280\" height=\"332\" srcset=\"https:\/\/www.mes-allocs.fr\/guides\/wp-content\/uploads\/2020\/06\/Doit-on-rembourser-les-aides-sociales-d-e1591738910470.jpg 1280w, https:\/\/www.mes-allocs.fr\/guides\/wp-content\/uploads\/2020\/06\/Doit-on-rembourser-les-aides-sociales-d-e1591738910470-300x78.jpg 300w, https:\/\/www.mes-allocs.fr\/guides\/wp-content\/uploads\/2020\/06\/Doit-on-rembourser-les-aides-sociales-d-e1591738910470-1024x266.jpg 1024w, https:\/\/www.mes-allocs.fr\/guides\/wp-content\/uploads\/2020\/06\/Doit-on-rembourser-les-aides-sociales-d-e1591738910470-768x199.jpg 768w, https:\/\/www.mes-allocs.fr\/guides\/wp-content\/uploads\/2020\/06\/Doit-on-rembourser-les-aides-sociales-d-e1591738910470-600x156.jpg 600w\" sizes=\"auto, (max-width: 1280px) 100vw, 1280px\" \/><\/a><\/strong><\/p>\n<p style=\"text-align: justify;\">[Mis \u00e0 jour le 10\/04\/2026]<strong> En 2018, le montant total <span class=\"ILfuVd\"><span class=\"e24Kjd\">des <a href=\"https:\/\/www.mes-allocs.fr\/guides\/aides-sociales\/\" target=\"_blank\" rel=\"noopener noreferrer\">prestations d&rsquo;aide sociale<\/a> \u00e9tait\u00a0<\/span><\/span>de <span class=\"ILfuVd\"><span class=\"e24Kjd\">741 milliards d&rsquo;euro. Cela repr\u00e9sente 31,5 % du produit int\u00e9rieur brut (PIB)<\/span><\/span>. Familles, \u00e9tudiants, jeunes, personnes \u00e2g\u00e9es et handicap\u00e9es en profitent principalement. Mais doit on rembourser les aides sociales ?<br \/>\n<\/strong><\/p>\n<div class='cta-block'><div class='text'>Simulez toutes vos aides sociales en 2 min. Gratuit.<\/div><a href='https:\/\/www.mes-allocs.fr\/ab-app?origin=guides\/wp-json\/wp\/v2\/posts\/7311' class='app-button fit'>Simulation gratuite<\/a><\/div>\n<h1>Qu&rsquo;est-ce que l&rsquo;aide sociale ?<\/h1>\n<h2>D\u00e9finition aide sociale<\/h2>\n<p>La <a href=\"https:\/\/www.mes-allocs.fr\/guides\/aides-sociales\/dossier-aide-sociale\/\" target=\"_blank\" rel=\"noopener noreferrer\">protection sociale<\/a> en France est impuls\u00e9e par :<\/p>\n<ul>\n<li>les collectivit\u00e9s locales<\/li>\n<li>et le conseil d\u00e9partemental.<\/li>\n<\/ul>\n<h2>Les diff\u00e9rents types d&rsquo;aides<\/h2>\n<p style=\"text-align: justify;\"><strong><span style=\"text-decoration: underline;\">Les deux types d&rsquo;aide sociale<\/span> :<\/strong><\/p>\n\n<div class=\"wpdt-c row wpDataTableContainerSimpleTable wpDataTables wpDataTablesWrapper\n\"\n    >\n    <table id=\"wpdtSimpleTable-405\"\n           class=\"wpdtSimpleTable wpDataTable\"\n           data-column=\"2\"\n           data-rows=\"3\"\n           data-wpID=\"405\"\n           data-responsive=\"0\"\n           data-has-header=\"1\">\n\n                    <thead>        <tr class=\"wpdt-cell-row \" >\n                            <th class=\"wpdt-cell wpdt-bc-F3F9FE wpdt-bold\"\n                                    data-cell-id=\"A1\"\n                data-col-index=\"0\"\n                data-row-index=\"0\"\n                style=\" width:48.988764044944%;                padding:10px;\"\n                >\n                                Aide sociale l\u00e9gale                <\/th>\n                                            <th class=\"wpdt-cell wpdt-bc-F3F9FE wpdt-bold\"\n                                    data-cell-id=\"B1\"\n                data-col-index=\"1\"\n                data-row-index=\"0\"\n                style=\" width:51.011235955056%;                padding:10px;\"\n                >\n                                Aide sociale extra-l\u00e9gale                <\/th>\n                                        <\/tr>\n                    <tbody>        <tr class=\"wpdt-cell-row \" >\n                            <td class=\"wpdt-cell \"\n                                    data-cell-id=\"A2\"\n                data-col-index=\"0\"\n                data-row-index=\"1\"\n                style=\"                padding:10px;\"\n                >\n                                Fix\u00e9e par la loi, elle regroupe trois acteurs publics :\u00a0le d\u00e9partement,\u00a0l\u2019\u00c9tat et\u00a0la commune\u00a0                <\/td>\n                                            <td class=\"wpdt-cell \"\n                                    data-cell-id=\"B2\"\n                data-col-index=\"1\"\n                data-row-index=\"1\"\n                style=\"                padding:10px;\"\n                >\n                                Attribue des prestations cr\u00e9\u00e9es par le d\u00e9partement et fixe les dispositifs pr\u00e9vus par la\u00a0\u00a0r\u00e9glementation                <\/td>\n                                        <\/tr>\n                            <tr class=\"wpdt-cell-row \" >\n                            <td class=\"wpdt-cell \"\n                                    data-cell-id=\"A3\"\n                data-col-index=\"0\"\n                data-row-index=\"2\"\n                style=\"                padding:10px;\"\n                >\n                                Accorde des prestations \u00e0 destination des personnes\u00a0\u00e2g\u00e9es, handicap\u00e9es et des enfants                <\/td>\n                                            <td class=\"wpdt-cell \"\n                                    data-cell-id=\"B3\"\n                data-col-index=\"1\"\n                data-row-index=\"2\"\n                style=\"                padding:10px;\"\n                >\n                                Accorde des prestations \u00e0 destination des personnes\u00a0\u00e2g\u00e9es et handicap\u00e9es des enfants                <\/td>\n                                        <\/tr>\n                    <\/table>\n<\/div><style id='wpdt-custom-style-405'>\ntable#wpdtSimpleTable-405{ table-layout: fixed !important; }\n.wpdt-bc-F3F9FE { background-color: #F3F9FE !important;}\n<\/style>\n\n<h2>Quel est le d\u00e9lai de prescription de r\u00e9cup\u00e9ration pour l&rsquo;aide sociale ?<\/h2>\n<p>Le d\u00e9lai de prescription est de<strong> 5 ans<\/strong>, \u00e0 compter du d\u00e9c\u00e8s, pour en demander le remboursement. Il est <strong>fix\u00e9 par la loi (art. 2224 du code civil).<\/strong><\/p>\n<h1>Qu&rsquo;est-ce que l&rsquo;allocation de solidarit\u00e9 aux personnes \u00e2g\u00e9es (ASPA) ?<\/h1>\n<h2>D\u00e9finition de l&rsquo;ASPA<\/h2>\n<p>Depuis fin 2005, cette aide remplace le minimum vieillesse. Elle vous permet de percevoir un montant minimal de pension de vieillesse. Il est \u00e9gal \u00e0 :<\/p>\n<ul>\n<li><strong><b>1 043,59 \u20ac <\/b> pour une personne seule,<\/strong><\/li>\n<li><strong><b>1 620,18 \u20ac<\/b>pour un couple.<\/strong><\/li>\n<\/ul>\n<h2>Quel est le montant de l&rsquo;ASPA ?<\/h2>\n<p>Plus exactement, le montant de l\u2019aide est donc \u00e9gal \u00e0 la diff\u00e9rence entre ce plafond et le montant des revenus de son b\u00e9n\u00e9ficiaire.<\/p>\n<p>Pour en b\u00e9n\u00e9ficier, il faut :<\/p>\n<ul>\n<li><strong>\u00catre \u00e2g\u00e9e de plus de 65 ans,<\/strong><\/li>\n<li><strong>Disposer de faibles ressources.<\/strong><\/li>\n<\/ul>\n<h2>Comment fonctionne le remboursement de l&rsquo;aide ?<\/h2>\n<p>Pour l&rsquo;ASPA le remboursement intervient apr\u00e8s le d\u00e9c\u00e8s. Et ce, si c&rsquo;est le conjoint survivant qui h\u00e9rite. <strong>La r\u00e9cup\u00e9ration de l&rsquo;aide a lieu sur la partie de l\u2019actif successoral sup\u00e9rieur \u00e0 39.000\u20ac<\/strong>.<\/p>\n<p><span style=\"text-decoration: underline;\"><strong>Exemple :<\/strong><\/span><\/p>\n<ul>\n<li>vous \u00eates c\u00e9libataire,<\/li>\n<li>sans enfants,<\/li>\n<li>r\u00e9sidez en HLM<\/li>\n<li>et percevez l\u2019ASPA.<\/li>\n<\/ul>\n<p>Vous h\u00e9ritez d&rsquo;une maison estim\u00e9e \u00e0 400.000\u20ac de votre soeur, qui n&rsquo;avait pas d&rsquo;enfant.<\/p>\n<p>Vous d\u00e9c\u00e9dez quelques mois apr\u00e8s, en 2019, apr\u00e8s avoir l\u00e9gu\u00e9 vos biens \u00e0 la Fondation de France. Ainsi, votre actif successoral s&rsquo;\u00e9l\u00e8ve \u00e0 405 500\u20ac, soit :<\/p>\n<ul>\n<li>la maison h\u00e9rit\u00e9 de votre soeur (400.000\u20ac),<\/li>\n<li><strong>et<\/strong> 5.500\u20ac sur un compte bancaire<\/li>\n<\/ul>\n<p>Apr\u00e8s d\u00e9duction des droits de succession que vous devez sur l&rsquo;\u2019h\u00e9ritage de votre fr\u00e8re, il vous reste 170.529\u20ac. Votre actif net successoral est donc de 234.971\u20ac.<\/p>\n<p>Jusqu&rsquo;\u00e0 votre d\u00e9c\u00e8s, vous aurez per\u00e7u 80.000\u20ac au titre de l\u2019ASPA. Puisque ce montant est r\u00e9cup\u00e9rable sur la part de l\u2019actif successoral exc\u00e9dant 39.000\u20ac, la Fondation de France r\u00e9cup\u00e9rera 154.971\u20ac net.<\/p>\n<p><iframe loading=\"lazy\" src=\"\/\/www.youtube.com\/embed\/kojbMo1597o\" width=\"560\" height=\"314\" allowfullscreen=\"allowfullscreen\"><\/iframe><\/p>\n<header id=\"headerPage\">\n<h1 data-test=\"titre-page\">Qu&rsquo;est-ce que l&rsquo;aide sociale \u00e0 l&rsquo;h\u00e9bergement (ASH) ?<\/h1>\n<h2>Qu&rsquo;est-ce que l&rsquo;aide sociale \u00e0 l&rsquo;h\u00e9bergement ?<\/h2>\n<p>L&rsquo;aide sociale aux personnes \u00e2g\u00e9es inclut un remboursement pour l&rsquo;ASH.<\/p>\n<p class=\"date\" data-test=\"date-maj\"><a href=\"https:\/\/www.mes-allocs.fr\/guides\/aides-sociales\/aide-sociale-hebergement\/\" target=\"_blank\" rel=\"noopener noreferrer\">L&rsquo;aide sociale \u00e0 l&rsquo;h\u00e9bergement (ASH)<\/a> correspond \u00e0 la prise en charge d&rsquo;une partie des frais (ou de leur totalit\u00e9) d&rsquo;h\u00e9bergement d&rsquo;une personne \u00e2g\u00e9e. Elle peut \u00eatre plac\u00e9e :<\/p>\n<ul>\n<li class=\"date\" data-test=\"date-maj\">en \u00e9tablissement<\/li>\n<\/ul>\n<p><strong>ou<\/strong><\/p>\n<ul>\n<li class=\"date\" data-test=\"date-maj\">chez un accueillant familial.<\/li>\n<\/ul>\n<p>L&rsquo;aide sociale \u00e0 l&rsquo;h\u00e9bergement inclut une <a href=\"https:\/\/www.mes-allocs.fr\/guides\/aides-sociales\/aide-sociale-a-l-hebergement-et-obligation-alimentaire\/\" target=\"_blank\" rel=\"noopener noreferrer\">obligation alimentaire<\/a>. Elle est vers\u00e9e par le d\u00e9partement.<\/p>\n<\/header>\n<div class=\"content-fiche\">\n<div class=\"tab-content\">\n<div id=\"situation1\" class=\"tab-pane active\">\n<div class=\"fiche-bloc bloc-principal\" data-toggle-scope=\"\">\n<div class=\"fiche-item\">\n<div id=\"fiche-item-2situation1\" class=\"fiche-item-content collapse in\" aria-hidden=\"false\">\n<div class=\"fiche-bloc bloc-principal\" data-toggle-scope=\"\">\n<div class=\"fiche-item\">\n<div id=\"fiche-item-1situation1\" class=\"fiche-item-content collapse in\" aria-hidden=\"false\">\n<div id=\"fiche-item-5situation1\" class=\"fiche-item-content collapse in\" aria-hidden=\"false\">\n<div id=\"ou-s-adresser-bloc-776644290669270370\" class=\"perso-geo\" data-ou-s-adresser=\"\">\n<h2 id=\"Remboursement_de_l\u2019aide_sociale_maison_de_retraite\">L&rsquo;aide sociale \u00e0 l&rsquo;h\u00e9bergement peut-elle \u00eatre rembours\u00e9e ?<\/h2>\n<p>Le d\u00e9partement est en mesure de r\u00e9cup\u00e9rer les sommes vers\u00e9es du vivant et au d\u00e9c\u00e8s de la personne \u00e2g\u00e9e. Et ce, dans les cas suivants :<\/p>\n<\/div>\n<\/div>\n<div class=\"fiche-item\">\n<div id=\"fiche-item-6situation1\" class=\"fiche-item-content collapse in\" aria-hidden=\"false\">\n<ul>\n<li>sur la succession de la personne \u00e2g\u00e9e (sur le patrimoine transmis par la personne \u00e2g\u00e9e \u00e0 ses h\u00e9ritiers),<\/li>\n<li>si la situation financi\u00e8re de la personne \u00e2g\u00e9e s&rsquo;am\u00e9liore (en cas d&rsquo;h\u00e9ritage, par exemple),<\/li>\n<li>sur donation, faite par la personne \u00e2g\u00e9e, dans les 10 ans pr\u00e9c\u00e9dant la demande d&rsquo;ASH ou apr\u00e8s celle-ci.<\/li>\n<\/ul>\n<div class=\"intro\">\n<p>Pour \u00e9viter un maintien \u00e0 domicile contraint par des raisons financi\u00e8res, l\u2019ASH peut \u00eatre demand\u00e9e aupr\u00e8s du conseil g\u00e9n\u00e9ral par les personnes \u00e2g\u00e9es h\u00e9berg\u00e9es en \u00e9tablissement.<\/p>\n<\/div>\n<div>\n<p>Le conseil d\u00e9partemental paie la diff\u00e9rence entre le montant de la facture et la contribution de la personne, voire de ses oblig\u00e9s alimentaires.<\/p>\n<\/div>\n<p><span style=\"text-decoration: underline;\"><strong>Exemple :<\/strong> <\/span><\/p>\n<ul>\n<li><strong>vous \u00eates c\u00e9libataire,<\/strong><\/li>\n<li><strong>sans enfant<\/strong><\/li>\n<li>et vous avez travaill\u00e9 toute votre vie dans une entreprise que vous avez fond\u00e9e avec votre soeur.<\/li>\n<\/ul>\n<p>Lorsque vous prenez votre retraite, vous donnez \u00e0 votre soeur sa part de l\u2019entreprise.<\/p>\n<p>Elle d\u00e9c\u00e8de 7 ans plus tard, apr\u00e8s avoir \u00e9t\u00e9 h\u00e9berg\u00e9e pendant 4 ans dans une maison de retraite, au titre de l&rsquo;aide sociale. Vous devrez alors payer <strong>1.200\u20ac par mois de frais de s\u00e9jour<\/strong>.<\/p>\n<p>Puisque votre pension est insuffisante, vous b\u00e9n\u00e9ficiez d&rsquo;une aide \u00e0 l\u2019h\u00e9bergement de <strong>700\u20ac par mois<\/strong>, <strong>soit 33.600\u20ac<\/strong> au total :<strong> 700 x 12 x 4. <\/strong>Au d\u00e9c\u00e8s de votre soeur, le d\u00e9partement peut vous demander le remboursement de l&rsquo;aide accord\u00e9e.<\/p>\n<div class='cta-block'><div class='text'>Simulez toutes vos aides sociales en 2 min. Gratuit.<\/div><a href='https:\/\/www.mes-allocs.fr\/ab-app?origin=guides\/wp-json\/wp\/v2\/posts\/7311' class='app-button fit'>Simulation gratuite<\/a><\/div>\n<\/div>\n<\/div>\n<h1>Comment se d\u00e9roule la r\u00e9cup\u00e9ration de l&rsquo;aide sociale pour les personnes handicap\u00e9es ?<\/h1>\n<h2>Envers qui s&rsquo;excerse l&rsquo;aide sociale ?<\/h2>\n<p>L&rsquo;ASH met en \u00e9vidence les limites des aides sociales concernant leur r\u00e9cup\u00e9ration. En effet, pour cette aide, la r\u00e9cup\u00e9ration est limit\u00e9e par l\u2019article L. 344-5 du code de l\u2019action sociale et des familles (CASF). Elle ne peut donc pas s&rsquo;exercer envers les personnes suivantes :<\/p>\n<ul>\n<li>b\u00e9n\u00e9ficiaire de l&rsquo;aide sociale, m\u00eame si sa sant\u00e9 financi\u00e8re s&rsquo;est am\u00e9lior\u00e9e.<\/li>\n<li>donataire,<\/li>\n<li>l\u00e9gataire,<\/li>\n<li>succession du b\u00e9n\u00e9ficiaire.<\/li>\n<\/ul>\n<h2>Faut-il continuer \u00e0 payer la maison de retraite apr\u00e8s le d\u00e9c\u00e8s ?<\/h2>\n<p>Inutile de continuer au paiement de la maison de retraite apr\u00e8s le d\u00e9c\u00e8s. C&rsquo;est le cas depuis la <strong>loi Hamon du 17 mars 2014.<\/strong> En effet, cette pratique \u00e9tait r\u00e9pandue parmi les \u00e9tablissements souhaitez augmenter leurs gains.<\/p>\n<p><strong>Si le b\u00e9n\u00e9ficiaire est d\u00e9c\u00e9d\u00e9, la maison de retraite ne peut plus vous facturer le mois entier<\/strong>. Par cons\u00e9quent, si vous avez pay\u00e9 \u00e0 l&rsquo;avance, vous devez \u00eatre <strong>rembours\u00e9<\/strong>. Et ce, dans les <strong>30 jours\u00a0 suivant la date du d\u00e9c\u00e8s du b\u00e9n\u00e9ficiaire.<\/strong><\/p>\n<h1>L&rsquo;hypoth\u00e8que et la r\u00e9cup\u00e9ration sur la succession<\/h1>\n<h2>Comment fonctionne l&rsquo;hypoth\u00e8que pour l&rsquo;aide sociale ?<\/h2>\n<p>Il s&rsquo;agit d&rsquo;une <strong>garantie de recours en r\u00e9cup\u00e9ration<\/strong>. Elle est fix\u00e9e par la loi (<a class=\" external_link\" href=\"http:\/\/www.legifrance.gouv.fr\/affichCodeArticle.do;jsessionid=7CB35A3B91FB45C0AA0E2E4DB4EE48AE.tpdjo09v_1?idArticle=LEGIARTI000006796597&amp;cidTexte=LEGITEXT000006074069&amp;dateTexte=20120215\" target=\"_self\" rel=\"noopener nofollow noreferrer\">L.132-9 <\/a> CASF et <a class=\" external_link\" href=\"http:\/\/www.legifrance.gouv.fr\/affichCodeArticle.do;jsessionid=7CB35A3B91FB45C0AA0E2E4DB4EE48AE.tpdjo09v_1?idArticle=LEGIARTI000006449766&amp;cidTexte=LEGITEXT000006070721&amp;dateTexte=20120215\" target=\"_self\" rel=\"noopener nofollow noreferrer\"> 2428 <\/a> du Code Civil).<\/p>\n<p><strong>L&rsquo;hypoth\u00e8que l\u00e9gale<\/strong> est demand\u00e9e par le d\u00e9partement sur le ou les biens immobiliers du b\u00e9n\u00e9ficiaire. Elle lui permet de se faire rembourser lors de la vente du bien.<\/p>\n<p>Elle est inscrite en tant qu&rsquo;hypoth\u00e8que si la valeur de votre patrimoine est :<\/p>\n<ul>\n<li><strong>\u00e9gale<\/strong>,<\/li>\n<li>ou<strong> sup\u00e9rieure \u00e0 1.500\u20ac.<\/strong><\/li>\n<\/ul>\n<\/div>\n<\/div>\n<\/div>\n<\/div>\n<\/div>\n<\/div>\n<\/div>\n<\/div>\n<\/div>\n<div class=\"fiche-item\">\n<div id=\"fiche-item-6situation1\" class=\"fiche-item-content collapse in\" aria-hidden=\"false\">\n<div>\n<h2>Comment fonctionne la r\u00e9cup\u00e9ration sur la succession ?<\/h2>\n<p>La r\u00e9cup\u00e9ration des aides sociales s&rsquo;appliquent \u00e0 certaines prestations. Les conditions de r\u00e9cup\u00e9ration varient en fonction :<\/p>\n<ul>\n<li>des aides,<\/li>\n<li>et des d\u00e9partements.<\/li>\n<\/ul>\n<p style=\"text-align: justify;\"><span style=\"text-decoration: underline;\"><strong>R\u00e9cup\u00e9ration en fonction des d\u00e9partements de la Gironde et de L&rsquo;Oise :\u00a0<\/strong><\/span><\/p>\n\n<div class=\"wpdt-c row wpDataTableContainerSimpleTable wpDataTables wpDataTablesWrapper\n\"\n    >\n    <table id=\"wpdtSimpleTable-432\"\n           class=\"wpdtSimpleTable wpDataTable\"\n           data-column=\"2\"\n           data-rows=\"2\"\n           data-wpID=\"432\"\n           data-responsive=\"0\"\n           data-has-header=\"1\">\n\n                    <thead>        <tr class=\"wpdt-cell-row \" >\n                            <th class=\"wpdt-cell wpdt-bc-F3F9FE wpdt-bold\"\n                                    data-cell-id=\"A1\"\n                data-col-index=\"0\"\n                data-row-index=\"0\"\n                style=\" width:48.956661316212%;                padding:10px;\"\n                >\n                                Aide sociale \u00e0 l'h\u00e9bergement en Gironde                <\/th>\n                                            <th class=\"wpdt-cell wpdt-bc-F3F9FE wpdt-bold\"\n                                    data-cell-id=\"B1\"\n                data-col-index=\"1\"\n                data-row-index=\"0\"\n                style=\" width:51.043338683788%;                padding:10px;\"\n                >\n                                Aide sociale \u00e0 l'h\u00e9bergement dans l'Oise                <\/th>\n                                        <\/tr>\n                    <tbody>        <tr class=\"wpdt-cell-row \" >\n                            <td class=\"wpdt-cell \"\n                                    data-cell-id=\"A2\"\n                data-col-index=\"0\"\n                data-row-index=\"1\"\n                style=\"                padding:10px;\"\n                >\n                                Avant 2009, la Gironde r\u00e9clamait la restitution des aides \u00e0 domicile uniquement sur la part de l\u2019actif net de la succession du b\u00e9n\u00e9ficiaire d\u00e9passant 92 000\u20ac, soit le double du seuil l\u00e9gal.Aujourd'hui ce seuil l\u00e9gal est de 46 000\u20ac.                <\/td>\n                                            <td class=\"wpdt-cell \"\n                                    data-cell-id=\"B2\"\n                data-col-index=\"1\"\n                data-row-index=\"1\"\n                style=\"                padding:10px;\"\n                >\n                                L\u2019Oise opte pour la renonciation\u00a0du\u00a0remboursement sur la succession pour l'aide sociale pour les prestations d\u2019aide \u00e0 domicile vers\u00e9es apr\u00e8s le 1er janvier 2002                <\/td>\n                                        <\/tr>\n                    <\/table>\n<\/div><style id='wpdt-custom-style-432'>\ntable#wpdtSimpleTable-432{ table-layout: fixed !important; }\n.wpdt-bc-F3F9FE { background-color: #F3F9FE !important;}\n<\/style>\n\n<\/div>\n<h1><b>Qui peut b\u00e9n\u00e9ficier de l&rsquo;aide<\/b> sociale ?<\/h1>\n<h2>Quelles sont les conditions pour b\u00e9n\u00e9ficier de l&rsquo;aide sociale ?<\/h2>\n<p>Vous pouvez b\u00e9n\u00e9ficier de l&rsquo;aide sociale si vous avez besoin d&rsquo;un accompagnement pour accomplir les gestes de la vie quotidienne et si vous vous trouvez dans les cas suivants :<\/p>\n<ul>\n<li>\u00catre \u00e2g\u00e9 de plus de 60 ans,<\/li>\n<li>Disposer de faibles ressources,<\/li>\n<li>\u00catre concern\u00e9 par une perte d&rsquo;autonomie estim\u00e9e \u00e0 5 et 6 dans la grille Aggir (autonomie, g\u00e9rontologie, groupes Iso-ressources).<\/li>\n<\/ul>\n<h2>Comment fonctionne son remboursement ?<\/h2>\n<p>Le conseil d\u00e9partemental r\u00e9cup\u00e8re les sommes vers\u00e9es sur la part de l\u2019actif net successoral sup\u00e9rieure \u00e0 46.000\u20ac, apr\u00e8s un abattement de 760\u20ac.<\/p>\n<p>Ainsi, si l&rsquo;on vous a vers\u00e9 50.000\u20ac, le d\u00e9partement exigera 49.240\u20ac : <strong>50 000 &#8211; 760.<\/strong><\/p>\n<p>Il peut aussi r\u00e9cup\u00e9rer l&rsquo;aide si le b\u00e9n\u00e9ficiaire ou les donataires et les l\u00e9gataires particuliers voient leur situation financi\u00e8re s&rsquo;am\u00e9liorer. Et ceci, d\u00e8s le premier euro.<\/p>\n<h1>Quelles sont les aides sociales non-r\u00e9cup\u00e9rables pour les personnes \u00e2g\u00e9es handicap\u00e9es ?<\/h1>\n<h2>La liste des aides<\/h2>\n<\/div>\n<p>Il est impossible de mener des actions en r\u00e9cup\u00e9ration pour les aides suivantes :<\/p>\n<div id=\"fiche-item-6situation1\" class=\"fiche-item-content collapse in\" aria-hidden=\"false\">\n<ul>\n<li><a href=\"https:\/\/www.mes-allocs.fr\/guides\/aides-sociales\/aide-financiere-handicape\/\" target=\"_blank\" rel=\"noopener noreferrer\">La prestation de compensation pour les personnes handicap\u00e9es<\/a> (PCH),<\/li>\n<li>Le revenu de solidarit\u00e9 active (RSA),<\/li>\n<li>L\u2019allocation personnalis\u00e9e d\u2019autonomie (APA).<\/li>\n<\/ul>\n<h2>L\u2019ancienne PSD peut-elle \u00eatre rembours\u00e9e ?<\/h2>\n<p>La prestation sp\u00e9cifique d\u00e9pendance (PSD) \u00e9tait accord\u00e9e :<\/p>\n<ul>\n<li>\u00e0 domicile<\/li>\n<li>en \u00e9tablissement.<\/li>\n<\/ul>\n<p>Or, elle n&rsquo;existe plus depuis fin 2001. En effet, elle a \u00e9t\u00e9 remplac\u00e9e par l\u2019APA, aide non r\u00e9cup\u00e9rable sur la succession. \u00c0 l&rsquo;inverse, si vous avez per\u00e7u les sommes vers\u00e9es (sup\u00e9rieures \u00e0 760\u20ac) au titre de la PSD, alors celles-ci peuvent \u00eatre r\u00e9cup\u00e9r\u00e9es sur la part de l\u2019actif successoral sup\u00e9rieure \u00e0 46.000\u20ac.<\/p>\n<p>En outre, le d\u00e9partement peut r\u00e9clamer le remboursement de l&rsquo;aide \u00e0 vos enfants, si :<\/p>\n<ul>\n<li>vous avez b\u00e9n\u00e9fici\u00e9 de l&rsquo;allocation sp\u00e9cifique d\u00e9pendance de 2001 \u00e0 2003,<\/li>\n<li>votre l\u2019actif net successoral d\u00e9passe 46 000\u20ac.<\/li>\n<\/ul>\n<div>\n<h1><strong>Comment fonctionne l&rsquo;aide-m\u00e9nag\u00e8re \u00e0 domicile ?<\/strong><\/h1>\n<h2 id=\"anchor3\">Quelles sont les conditions \u00e0 remplir ?<\/h2>\n<\/div>\n<ul>\n<li>\u00catre \u00e2g\u00e9 d\u2019au moins 20 ans,<\/li>\n<li>Ne pas b\u00e9n\u00e9ficier d&rsquo;une aide d&rsquo;un proche,<\/li>\n<li>Avoir besoin d&rsquo;une aide mat\u00e9rielle pour rester \u00e0 domicile. Votre \u00e9tat de sant\u00e9, niveau d\u2019autonomie et votre environnement social seront \u00e9valu\u00e9s pour attester de ce besoin.<\/li>\n<li>Disposer de ressources inf\u00e9rieures ou \u00e9gales au montant de l\u2019AAH (Allocation pour Adulte Handicap\u00e9) ou de l\u2019ASPA (Allocation de Solidarit\u00e9 aux Personnes \u00c2g\u00e9es).<\/li>\n<\/ul>\n<h2>Cette aide est-elle r\u00e9cup\u00e9rable ?<\/h2>\n<p>Il est possible de r\u00e9cup\u00e9rer les sommes vers\u00e9es au titre de cette aide m\u00e9nag\u00e8re, sur d\u00e9cision du Pr\u00e9sident du Conseil d\u00e9partemental. Et ce, dans la limite des sommes vers\u00e9es sur l\u2019actif net successoral du b\u00e9n\u00e9ficiaire exc\u00e9dant 46.000 \u20ac et pour les d\u00e9penses sup\u00e9rieures \u00e0 760 \u20ac.<\/p>\n<p>En revanche, l&rsquo;aide ne peut \u00eatre r\u00e9cup\u00e9r\u00e9e si les h\u00e9ritiers sont :<\/p>\n<ul>\n<li>les parents,<\/li>\n<li>les enfants,<\/li>\n<li>le conjoint,<\/li>\n<li><strong>ou<\/strong> la personne ayant assum\u00e9 la charge effective et constante de la personne handicap\u00e9e.<\/li>\n<\/ul>\n<div class='cta-block'><div class='text'>Simulez toutes vos aides sociales en 2 min. Gratuit.<\/div><a href='https:\/\/www.mes-allocs.fr\/ab-app?origin=guides\/wp-json\/wp\/v2\/posts\/7311' class='app-button fit'>Simulation gratuite<\/a><\/div>\n<\/div>\n<\/div>\n","protected":false},"excerpt":{"rendered":"<p>[Mis \u00e0 jour le 10\/04\/2026] En 2018, le montant total des prestations d&rsquo;aide sociale \u00e9tait\u00a0de 741 milliards d&rsquo;euro. Cela repr\u00e9sente 31,5 % du produit int\u00e9rieur brut (PIB). Familles, \u00e9tudiants, jeunes, personnes \u00e2g\u00e9es et handicap\u00e9es en profitent principalement. Mais doit on rembourser les aides sociales ? Qu&rsquo;est-ce que l&rsquo;aide sociale ? D\u00e9finition aide sociale La protection [&hellip;]<\/p>\n","protected":false},"author":9,"featured_media":8050,"comment_status":"open","ping_status":"open","sticky":false,"template":"","format":"standard","meta":{"amp_status":"","footnotes":""},"categories":[1411],"tags":[],"class_list":["post-7311","post","type-post","status-publish","format-standard","has-post-thumbnail","hentry","category-aides-sociales"],"yoast_head":"<!-- This site is optimized with the Yoast SEO plugin v14.9 - https:\/\/yoast.com\/wordpress\/plugins\/seo\/ -->\n<title>Doit-on rembourser les aides sociales ?| Mes-Allocs.fr<\/title>\n<meta name=\"description\" content=\"Les aides sociales sont attribuees principalement aux plus vulnerables : personnes agees, familles et enfants. Mais doit-on les rembourser ?\" \/>\n<meta name=\"robots\" content=\"index, follow, max-snippet:-1, max-image-preview:large, max-video-preview:-1\" \/>\n<link rel=\"canonical\" href=\"https:\/\/www.mes-allocs.fr\/guides\/aides-sociales\/remboursement-aide-sociale\/\" \/>\n<meta property=\"og:locale\" content=\"fr_FR\" \/>\n<meta property=\"og:type\" content=\"article\" \/>\n<meta property=\"og:title\" content=\"Doit-on rembourser les aides sociales ?| Mes-Allocs.fr\" \/>\n<meta property=\"og:description\" content=\"Les aides sociales sont attribuees principalement aux plus vulnerables : personnes agees, familles et enfants. Mais doit-on les rembourser ?\" \/>\n<meta property=\"og:url\" content=\"https:\/\/www.mes-allocs.fr\/guides\/aides-sociales\/remboursement-aide-sociale\/\" \/>\n<meta property=\"og:site_name\" content=\"Mes-Allocs.fr\" \/>\n<meta property=\"article:published_time\" content=\"2020-06-10T12:33:38+00:00\" \/>\n<meta property=\"article:modified_time\" content=\"2026-04-10T14:09:02+00:00\" \/>\n<meta property=\"og:image\" content=\"https:\/\/www.mes-allocs.fr\/guides\/wp-content\/uploads\/2020\/06\/Doit-on-rembourser-les-aides-sociales-.jpg?wsr\" \/>\n\t<meta property=\"og:image:width\" content=\"1280\" \/>\n\t<meta property=\"og:image:height\" content=\"853\" \/>\n<meta name=\"twitter:card\" content=\"summary_large_image\" \/>\n<script type=\"application\/ld+json\" class=\"yoast-schema-graph\">{\"@context\":\"https:\/\/schema.org\",\"@graph\":[{\"@type\":\"WebSite\",\"@id\":\"https:\/\/www.mes-allocs.fr\/guides\/#website\",\"url\":\"https:\/\/www.mes-allocs.fr\/guides\/\",\"name\":\"Mes-Allocs.fr\",\"description\":\"\",\"potentialAction\":[{\"@type\":\"SearchAction\",\"target\":\"https:\/\/www.mes-allocs.fr\/guides\/?s={search_term_string}\",\"query-input\":\"required name=search_term_string\"}],\"inLanguage\":\"fr-FR\"},{\"@type\":\"ImageObject\",\"@id\":\"https:\/\/www.mes-allocs.fr\/guides\/aides-sociales\/remboursement-aide-sociale\/#primaryimage\",\"inLanguage\":\"fr-FR\",\"url\":\"https:\/\/www.mes-allocs.fr\/guides\/wp-content\/uploads\/2020\/06\/Doit-on-rembourser-les-aides-sociales-.jpg?wsr\",\"width\":1280,\"height\":853,\"caption\":\"Doit on rembourser les aides sociales\"},{\"@type\":\"WebPage\",\"@id\":\"https:\/\/www.mes-allocs.fr\/guides\/aides-sociales\/remboursement-aide-sociale\/#webpage\",\"url\":\"https:\/\/www.mes-allocs.fr\/guides\/aides-sociales\/remboursement-aide-sociale\/\",\"name\":\"Doit-on rembourser les aides sociales ?| Mes-Allocs.fr\",\"isPartOf\":{\"@id\":\"https:\/\/www.mes-allocs.fr\/guides\/#website\"},\"primaryImageOfPage\":{\"@id\":\"https:\/\/www.mes-allocs.fr\/guides\/aides-sociales\/remboursement-aide-sociale\/#primaryimage\"},\"datePublished\":\"2020-06-10T12:33:38+00:00\",\"dateModified\":\"2026-04-10T14:09:02+00:00\",\"author\":{\"@id\":\"https:\/\/www.mes-allocs.fr\/guides\/#\/schema\/person\/e4e762c89158b34a332446d26f02fd56\"},\"description\":\"Les aides sociales sont attribuees principalement aux plus vulnerables : personnes agees, familles et enfants. Mais doit-on les rembourser ?\",\"inLanguage\":\"fr-FR\"},{\"@type\":\"Person\",\"@id\":\"https:\/\/www.mes-allocs.fr\/guides\/#\/schema\/person\/e4e762c89158b34a332446d26f02fd56\",\"name\":\"Marylou\",\"image\":{\"@type\":\"ImageObject\",\"@id\":\"https:\/\/www.mes-allocs.fr\/guides\/#personlogo\",\"inLanguage\":\"fr-FR\",\"url\":\"https:\/\/www.mes-allocs.fr\/guides\/wp-content\/uploads\/2021\/06\/marylou-150x150.png\",\"caption\":\"Marylou\"},\"description\":\"Marylou est r\\u00e9dactrice au sein de l'\\u00e9quipe Mes Allocs, sp\\u00e9cialiste des sujets de soci\\u00e9t\\u00e9 en g\\u00e9n\\u00e9ral. Dipl\\u00f4m\\u00e9e de l'Institut Sup\\u00e9rieur de Formation au Journalisme, elle rejoint Mes Allocs apr\\u00e8s cr\\u00e9\\u00e9 son premier blog personnel.\",\"sameAs\":[\"https:\/\/www.linkedin.com\/in\/marylou-pr\\u00e9vost\"]}]}<\/script>\n<!-- \/ Yoast SEO plugin. -->","amp_validity":null,"acf":{"faq":{"1":{"question":"Quelles sont les aides sociales remboursables ?","answer":"L'aide sociale \u00e0 l'h\u00e9bergement (ASH) et l'allocation de solidarit\u00e9 aux personnes \u00e2g\u00e9es (ASPA) sont remboursables."},"2":{"question":"Quelles sont les aides r\u00e9cup\u00e9rables succession ?","answer":"L'ASH et l'aide \u00e0 domicile sont des aides r\u00e9cup\u00e9rables sur la succession.\r\n\r\nPar exemple, pour l'aide \u00e0 domicile, la Gironde r\u00e9clamait la restitution uniquement sur la part de l\u2019actif net de la succession du b\u00e9n\u00e9ficiaire d\u00e9passant 46 000\u20ac."},"3":{"question":"Quand doit-on rembourser l'aide sociale ?","answer":"Cela d\u00e9pend des aides. Pour l'ASPA, le remboursement intervient apr\u00e8s le d\u00e9c\u00e8s du b\u00e9n\u00e9ficiaire. M\u00eame chose pour l'ASH, sauf qu'elle peut aussi \u00eatre r\u00e9cup\u00e9r\u00e9e du vivant du b\u00e9n\u00e9ficiaire."},"4":{"question":"Est-ce que le minimum vieillesse est remboursable ?","answer":"Le minimum vieillesse (appel\u00e9 ASPA) est remboursable. Le remboursement intervient apr\u00e8s le d\u00e9c\u00e8s. Et ce, si c'est le conjoint survivant qui h\u00e9rite. La r\u00e9cup\u00e9ration de l'aide a lieu sur la partie de l\u2019actif successoral sup\u00e9rieur \u00e0 107 616 \u20ac."},"5":{"question":" Qui doit rembourser l'ASPA ?","answer":"Pour l'ASPA le remboursement intervient apr\u00e8s le d\u00e9c\u00e8s. Et ce, si c'est le conjoint survivant qui h\u00e9rite. La r\u00e9cup\u00e9ration de l'aide a lieu sur la partie de l\u2019actif successoral sup\u00e9rieur \u00e0 107 616 \u20ac."},"6":{"question":"Quelles sont les aides sociales non remboursables ?","answer":"Ces aides sont non remboursables :\r\n\r\n-La prestation de compensation pour les personnes handicap\u00e9es (PCH),\r\n-Le revenu de solidarit\u00e9 active (RSA),\r\n-L\u2019allocation personnalis\u00e9e d\u2019autonomie (APA)."},"7":{"question":"Est-ce que l'APA est remboursable ?","answer":"Non, l'APA n'est pas remboursable. "},"8":{"question":"Quelles sont les aides pour les personnes \u00e2g\u00e9es ?","answer":"Les personnes \u00e2g\u00e9es peuvent pr\u00e9tendre \u00e0 l'ASH, aux aides de la MDPH si elles sot en situation de handicap. \u00c0 cela s'ajoute des aides des caisses de maison de retraite et l'APA."},"9":{"question":"","answer":""},"10":{"question":"","answer":""},"11":{"question":"","answer":""},"12":{"question":"","answer":""},"13":{"question":"","answer":""},"14":{"question":"","answer":""},"15":{"question":"","answer":""},"16":{"question":"","answer":""}}},"_links":{"self":[{"href":"https:\/\/www.mes-allocs.fr\/guides\/wp-json\/wp\/v2\/posts\/7311","targetHints":{"allow":["GET"]}}],"collection":[{"href":"https:\/\/www.mes-allocs.fr\/guides\/wp-json\/wp\/v2\/posts"}],"about":[{"href":"https:\/\/www.mes-allocs.fr\/guides\/wp-json\/wp\/v2\/types\/post"}],"author":[{"embeddable":true,"href":"https:\/\/www.mes-allocs.fr\/guides\/wp-json\/wp\/v2\/users\/9"}],"replies":[{"embeddable":true,"href":"https:\/\/www.mes-allocs.fr\/guides\/wp-json\/wp\/v2\/comments?post=7311"}],"version-history":[{"count":32,"href":"https:\/\/www.mes-allocs.fr\/guides\/wp-json\/wp\/v2\/posts\/7311\/revisions"}],"predecessor-version":[{"id":111993,"href":"https:\/\/www.mes-allocs.fr\/guides\/wp-json\/wp\/v2\/posts\/7311\/revisions\/111993"}],"wp:featuredmedia":[{"embeddable":true,"href":"https:\/\/www.mes-allocs.fr\/guides\/wp-json\/wp\/v2\/media\/8050"}],"wp:attachment":[{"href":"https:\/\/www.mes-allocs.fr\/guides\/wp-json\/wp\/v2\/media?parent=7311"}],"wp:term":[{"taxonomy":"category","embeddable":true,"href":"https:\/\/www.mes-allocs.fr\/guides\/wp-json\/wp\/v2\/categories?post=7311"},{"taxonomy":"post_tag","embeddable":true,"href":"https:\/\/www.mes-allocs.fr\/guides\/wp-json\/wp\/v2\/tags?post=7311"}],"curies":[{"name":"wp","href":"https:\/\/api.w.org\/{rel}","templated":true}]}}