{"id":7304,"date":"2020-09-21T12:16:27","date_gmt":"2020-09-21T12:16:27","guid":{"rendered":"https:\/\/www.mes-allocs.fr\/guides\/?p=7304"},"modified":"2026-04-02T15:32:19","modified_gmt":"2026-04-02T14:32:19","slug":"declaration-prime-activite","status":"publish","type":"post","link":"https:\/\/www.mes-allocs.fr\/guides\/prime-d-activite\/declaration-prime-activite\/","title":{"rendered":"Comment faire sa d\u00e9claration pour la prime d&rsquo;activit\u00e9 2026 ?"},"content":{"rendered":"<p style=\"text-align: justify;\"><img loading=\"lazy\" decoding=\"async\" class=\"alignnone wp-image-7309 size-full\" src=\"https:\/\/www.mes-allocs.fr\/guides\/wp-content\/uploads\/2020\/05\/sharon-mccutcheon-8a5eJ1-mmQ-unsplash-1-scaled-e1685443918546.jpg\" alt=\"d\u00e9claration prime d'activit\u00e9\" width=\"1191\" height=\"234\" srcset=\"https:\/\/www.mes-allocs.fr\/guides\/wp-content\/uploads\/2020\/05\/sharon-mccutcheon-8a5eJ1-mmQ-unsplash-1-scaled-e1685443918546.jpg 1191w, https:\/\/www.mes-allocs.fr\/guides\/wp-content\/uploads\/2020\/05\/sharon-mccutcheon-8a5eJ1-mmQ-unsplash-1-scaled-e1685443918546-300x59.jpg 300w, https:\/\/www.mes-allocs.fr\/guides\/wp-content\/uploads\/2020\/05\/sharon-mccutcheon-8a5eJ1-mmQ-unsplash-1-scaled-e1685443918546-1024x201.jpg 1024w, https:\/\/www.mes-allocs.fr\/guides\/wp-content\/uploads\/2020\/05\/sharon-mccutcheon-8a5eJ1-mmQ-unsplash-1-scaled-e1685443918546-768x151.jpg 768w, https:\/\/www.mes-allocs.fr\/guides\/wp-content\/uploads\/2020\/05\/sharon-mccutcheon-8a5eJ1-mmQ-unsplash-1-scaled-e1685443918546-600x118.jpg 600w\" sizes=\"auto, (max-width: 1191px) 100vw, 1191px\" \/><\/p>\n<p data-start=\"90\" data-end=\"1001\">[Mis \u00e0 jour le 02\/04\/2026] La <a href=\"https:\/\/www.mes-allocs.fr\/guides\/prime-d-activite\/\">Prime d\u2019Activit\u00e9<\/a> est une aide financi\u00e8re vers\u00e9e par la CAF ou la MSA pour compl\u00e9ter les revenus des travailleurs aux ressources modestes. Pour continuer \u00e0 percevoir cette aide, il est obligatoire d\u2019effectuer une d\u00e9claration trimestrielle de ses revenus. Depuis mars 2025, cette d\u00e9claration a \u00e9t\u00e9 simplifi\u00e9e et pr\u00e9-remplie afin de limiter les erreurs et d\u2019acc\u00e9l\u00e9rer le traitement des dossiers. D\u00e9couvrez dans cet article tout ce qu\u2019il faut savoir pour bien remplir votre <strong data-start=\"955\" data-end=\"990\">d\u00e9claration de Prime d\u2019Activit\u00e9<\/strong> en 2026.<\/p>\n<div class='cta-block'><div class='text'>Simulez votre prime d&rsquo;activit\u00e9 en 2 min. <\/div><a href='https:\/\/www.mes-allocs.fr\/ab-app?origin=guides\/wp-json\/wp\/v2\/posts\/7304' class='app-button fit'>Simulation gratuite<\/a><\/div>\n<h1 data-start=\"0\" data-end=\"88\"><strong data-start=\"4\" data-end=\"88\">La d\u00e9claration trimestrielle de la prime d\u2019activit\u00e9 : ce qui a chang\u00e9 en 2025<\/strong><\/h1>\n<p data-start=\"90\" data-end=\"420\">Depuis le<strong> 1er mars 2025, la d\u00e9claration trimestrielle de ressources pour la prime d&rsquo;activit\u00e9 a \u00e9t\u00e9 simplifi\u00e9e gr\u00e2ce \u00e0 l&rsquo;introduction de formulaires pr\u00e9-remplis<\/strong>. Cette \u00e9volution vise \u00e0 faciliter les d\u00e9marches des allocataires et \u00e0 assurer une plus grande fiabilit\u00e9 des informations transmises.<\/p>\n<h2 data-start=\"422\" data-end=\"495\"><strong data-start=\"427\" data-end=\"495\">Pourquoi faut-il d\u00e9clarer ses revenus tous les trois mois ?<\/strong><\/h2>\n<p data-start=\"497\" data-end=\"783\">La d\u00e9claration trimestrielle permet \u00e0 la CAF de calculer pr\u00e9cis\u00e9ment vos droits \u00e0 la prime d&rsquo;activit\u00e9 en fonction de l&rsquo;\u00e9volution de vos ressources. Elle garantit que le montant vers\u00e9 correspond \u00e0 votre situation actuelle, \u00e9vitant ainsi les trop-per\u00e7us ou les insuffisances de versement.<\/p>\n<h2 data-start=\"785\" data-end=\"867\"><strong data-start=\"790\" data-end=\"867\">Quels sont les changements avec la d\u00e9claration pr\u00e9-remplie depuis 2025 ?<\/strong><\/h2>\n<p data-start=\"869\" data-end=\"1307\">Avec la mise en place de la d\u00e9claration pr\u00e9-remplie, certaines informations, telles que vos salaires, revenus de remplacement (allocations ch\u00f4mage, pensions, etc.), sont d\u00e9sormais automatiquement renseign\u00e9es dans votre espace personnel. Vous n&rsquo;avez plus qu&rsquo;\u00e0 v\u00e9rifier ces donn\u00e9es, les valider ou les corriger si n\u00e9cessaire, et ajouter les ressources non pr\u00e9-remplies, comme les pensions alimentaires.<\/p>\n<h2 data-start=\"1309\" data-end=\"1397\"><strong data-start=\"1314\" data-end=\"1397\">Quelle est la p\u00e9riode prise en compte pour la d\u00e9claration des ressources ?<\/strong><\/h2>\n<p data-start=\"1399\" data-end=\"1811\">Les p\u00e9riodes de ressources \u00e0 d\u00e9clarer ont \u00e9t\u00e9 modifi\u00e9es. En janvier 2026, vous avez d\u00e9clar\u00e9 les ressources per\u00e7ues les 3 derniers mois. Cette modification vise \u00e0 aligner les p\u00e9riodes d\u00e9clar\u00e9es sur les versements effectifs des ressources.<\/p>\n<div><\/div>\n<p style=\"text-align: center;\"><iframe loading=\"lazy\" src=\"\/\/www.youtube.com\/embed\/uavbovK5ZXc\" width=\"560\" height=\"314\" allowfullscreen=\"allowfullscreen\"><\/iframe><\/p>\n<p>&nbsp;<\/p>\n<div><\/div>\n<h1 data-start=\"1818\" data-end=\"1911\"><strong data-start=\"1822\" data-end=\"1911\">Comment acc\u00e9der et v\u00e9rifier sa d\u00e9claration trimestrielle sur le site de la CAF ?<\/strong><\/h1>\n<h2 data-start=\"2087\" data-end=\"2162\"><strong data-start=\"2092\" data-end=\"2162\">O\u00f9 trouver la d\u00e9claration trimestrielle dans son compte CAF ?<\/strong><\/h2>\n<p data-start=\"2164\" data-end=\"2401\">Connectez-vous \u00e0 votre espace personnel sur le site de la CAF. Une fois connect\u00e9, rendez-vous dans la rubrique \u00ab\u00a0<strong>Mon Compte\u00a0\u00bb, puis s\u00e9lectionnez \u00ab\u00a0Mes d\u00e9marches\u00a0\u00bb ou \u00ab\u00a0D\u00e9claration trimestrielle\u00a0\u00bb<\/strong>. Vous y trouverez votre d\u00e9claration en attente.<\/p>\n<h2 data-start=\"2403\" data-end=\"2493\"><strong data-start=\"2408\" data-end=\"2493\">Quelles sont les ressources pr\u00e9-remplies dans la d\u00e9claration trimestrielle ?<\/strong><\/h2>\n<p data-start=\"2495\" data-end=\"2533\">Les ressources pr\u00e9-remplies incluent :<\/p>\n<ul data-start=\"2535\" data-end=\"2669\">\n<li data-start=\"2535\" data-end=\"2563\">Les salaires nets sociaux.<\/li>\n<li data-start=\"2564\" data-end=\"2590\">Les allocations ch\u00f4mage.<\/li>\n<li data-start=\"2591\" data-end=\"2618\">Les pensions de retraite.<\/li>\n<li data-start=\"2619\" data-end=\"2669\">Les indemnit\u00e9s journali\u00e8res de s\u00e9curit\u00e9 sociale.<\/li>\n<\/ul>\n<p data-start=\"2671\" data-end=\"2831\">Ces informations sont automatiquement int\u00e9gr\u00e9es gr\u00e2ce aux donn\u00e9es transmises par les employeurs et les organismes sociaux.<\/p>\n<h2 data-start=\"2833\" data-end=\"2966\"><strong data-start=\"2838\" data-end=\"2966\">Comment modifier les informations pr\u00e9-remplies en cas d\u2019erreur dans les ressources d\u00e9clar\u00e9es pour la prime d\u2019activit\u00e9 ?<\/strong><\/h2>\n<p data-start=\"2968\" data-end=\"3221\">Si vous constatez une erreur dans les informations pr\u00e9-remplies, vous pouvez les corriger directement dans votre d\u00e9claration en ligne avant de la valider. En cas de doute ou de difficult\u00e9, il est recommand\u00e9 de contacter votre CAF pour obtenir de l&rsquo;aide.<\/p>\n<p data-start=\"2968\" data-end=\"3221\"><div class='cta-block'><div class='text'>Simulez votre prime d&rsquo;activit\u00e9 en 2 min. <\/div><a href='https:\/\/www.mes-allocs.fr\/ab-app?origin=guides\/wp-json\/wp\/v2\/posts\/7304' class='app-button fit'>Simulation gratuite<\/a><\/div><\/p>\n<h1 data-start=\"3228\" data-end=\"3294\"><strong data-start=\"3232\" data-end=\"3294\">Cas particuliers : revenus fluctuants et ind\u00e9pendants<\/strong><\/h1>\n<p data-start=\"3296\" data-end=\"3412\">Les situations professionnelles vari\u00e9es n\u00e9cessitent une attention particuli\u00e8re lors de la d\u00e9claration trimestrielle.<\/p>\n<h2 data-start=\"3414\" data-end=\"3479\"><strong data-start=\"3419\" data-end=\"3479\">Comment d\u00e9clarer quand on a des revenus variables ?<\/strong><\/h2>\n<p data-start=\"3481\" data-end=\"3677\">Si vos revenus varient d&rsquo;un mois \u00e0 l&rsquo;autre, il est important de d\u00e9clarer pr\u00e9cis\u00e9ment les montants per\u00e7us chaque mois, en vous basant sur le montant net social indiqu\u00e9 sur vos bulletins de salaire.<\/p>\n<h2 data-start=\"3679\" data-end=\"3759\"><strong data-start=\"3684\" data-end=\"3759\">D\u00e9clarer ses revenus quand on est ind\u00e9pendant ou auto-entrepreneur<\/strong><\/h2>\n<p data-start=\"3761\" data-end=\"4039\">Les travailleurs ind\u00e9pendants ou auto-entrepreneurs doivent d\u00e9clarer leur chiffre d&rsquo;affaires ou leurs revenus professionnels nets per\u00e7us sur la p\u00e9riode concern\u00e9e. Il est essentiel de se r\u00e9f\u00e9rer aux documents comptables ou fiscaux pour assurer l&rsquo;exactitude des montants d\u00e9clar\u00e9s.<\/p>\n<h1 data-start=\"4046\" data-end=\"4119\"><strong data-start=\"4050\" data-end=\"4119\">Validation et suivi de la d\u00e9claration de la prime d\u2019activit\u00e9<\/strong><\/h1>\n<p data-start=\"4121\" data-end=\"4218\">Une fois votre d\u00e9claration effectu\u00e9e, certaines \u00e9tapes permettent de garantir son bon traitement.<\/p>\n<h2 data-start=\"4220\" data-end=\"4297\"><strong data-start=\"4225\" data-end=\"4297\">Comment s\u2019assurer que la d\u00e9claration est bien prise en compte ?<\/strong><\/h2>\n<p data-start=\"4299\" data-end=\"4528\">Apr\u00e8s validation de votre d\u00e9claration en ligne, un <strong>accus\u00e9 de r\u00e9ception<\/strong> ou une confirmation s&rsquo;affiche sur votre espace personnel. Vous pouvez \u00e9galement consulter l&rsquo;historique de vos d\u00e9clarations pour v\u00e9rifier leur prise en compte.<\/p>\n<h2 data-start=\"4530\" data-end=\"4608\"><strong data-start=\"4535\" data-end=\"4608\">Quand la prime d&rsquo;activit\u00e9 est-elle vers\u00e9e apr\u00e8s la d\u00e9claration ?<\/strong><\/h2>\n<p data-start=\"4610\" data-end=\"4813\">La prime d&rsquo;activit\u00e9 est g\u00e9n\u00e9ralement vers\u00e9e le 5 du mois suivant la validation de votre d\u00e9claration trimestrielle. <strong>Par exemple, pour une d\u00e9claration valid\u00e9e en mars, le versement interviendra le 5 avril.<\/strong><\/p>\n<h1 data-start=\"4820\" data-end=\"4891\"><strong data-start=\"4824\" data-end=\"4891\">Corriger une erreur ou signaler un changement de situation<\/strong><\/h1>\n<p data-start=\"4893\" data-end=\"4981\">Il est crucial de maintenir \u00e0 jour votre dossier pour \u00e9viter tout impact sur vos droits.<\/p>\n<h2 data-start=\"4983\" data-end=\"5049\"><strong data-start=\"4988\" data-end=\"5049\">Comment rectifier une d\u00e9claration apr\u00e8s validation ?<\/strong><\/h2>\n<p data-start=\"5051\" data-end=\"5234\">Si vous avez commis une erreur apr\u00e8s avoir valid\u00e9 votre d\u00e9claration, contactez rapidement votre CAF via votre espace personnel ou par t\u00e9l\u00e9phone pour signaler la correction \u00e0 apporter.<\/p>\n<h2 data-start=\"5236\" data-end=\"5319\"><strong data-start=\"5241\" data-end=\"5319\">Changement de situation : faut-il attendre la prochaine d\u00e9claration ?<\/strong><\/h2>\n<p data-start=\"5321\" data-end=\"5617\">Non, il est<strong> imp\u00e9ratif de signaler imm\u00e9diatement tout changement de situation<\/strong> (changement d&#8217;emploi, de situation familiale, etc.) \u00e0 la CAF, sans attendre la prochaine d\u00e9claration trimestrielle. Cela permet d&rsquo;ajuster vos droits en temps r\u00e9el et d&rsquo;\u00e9viter les indus ou les interruptions de versement.<\/p>\n<h1 data-start=\"5624\" data-end=\"5740\"><strong data-start=\"5628\" data-end=\"5740\">D\u00e9claration trimestrielle pr\u00e9-remplie : quelles cons\u00e9quences sur le montant de votre prime d&rsquo;activit\u00e9 ?<\/strong><\/h1>\n<p data-start=\"5742\" data-end=\"6073\">La d\u00e9claration pr\u00e9-remplie vise \u00e0 am\u00e9liorer l&rsquo;<strong>exactitude des informations transmises<\/strong>, r\u00e9duisant ainsi les risques d&rsquo;erreurs et d&rsquo;ajustements ult\u00e9rieurs. En validant des donn\u00e9es pr\u00e9cises, vous assurez un calcul juste de votre prime d&rsquo;activit\u00e9, correspondant fid\u00e8lement \u00e0 votre situation r\u00e9elle.<\/p>\n<h1>Foire aux questions<\/h1>\n<ol data-start=\"6106\" data-end=\"7063\">\n<li data-start=\"6106\" data-end=\"6397\">\n<h2 data-start=\"6109\" data-end=\"6167\"><strong data-start=\"6109\" data-end=\"6167\">Qu&rsquo;est-ce que le montant net social et o\u00f9 le trouver ?<\/strong><\/h2>\n<p data-start=\"6172\" data-end=\"6397\">Le montant net social est la somme \u00e0 d\u00e9clarer pour le calcul de vos droits au RSA et \u00e0 la prime d&rsquo;activit\u00e9. Il est indiqu\u00e9 sur vos bulletins de salaire ou relev\u00e9s de prestations sociales.<\/p>\n<\/li>\n<li data-start=\"6399\" data-end=\"6632\">\n<h2 data-start=\"6402\" data-end=\"6470\"><strong data-start=\"6402\" data-end=\"6470\">Puis-je modifier ma d\u00e9claration apr\u00e8s l&rsquo;avoir valid\u00e9e en ligne ?<\/strong><\/h2>\n<p data-start=\"6475\" data-end=\"6632\">Non, une fois valid\u00e9e, la d\u00e9claration ne peut \u00eatre modifi\u00e9e en ligne. En cas d&rsquo;erreur, contactez rapidement votre CAF pour signaler la correction n\u00e9cessaire.<\/p>\n<\/li>\n<li data-start=\"6634\" data-end=\"6847\">\n<h2 data-start=\"6637\" data-end=\"6709\"><strong data-start=\"6637\" data-end=\"6709\">Que se passe-t-il si je ne valide pas ma d\u00e9claration trimestrielle ?<\/strong><\/h2>\n<p data-start=\"6714\" data-end=\"6847\">Sans validation de votre d\u00e9claration trimestrielle, le versement de votre prime d&rsquo;activit\u00e9 peut \u00eatre suspendu jusqu&rsquo;\u00e0 r\u00e9gularisation.<\/p>\n<\/li>\n<li data-start=\"6849\" data-end=\"7063\">\n<h2 data-start=\"6852\" data-end=\"6922\"><strong data-start=\"6852\" data-end=\"6922\">Comment d\u00e9clarer des revenus exceptionnels per\u00e7us sur la p\u00e9riode ?<\/strong><\/h2>\n<p data-start=\"6927\" data-end=\"7063\">Les revenus exceptionnels doivent \u00eatre mentionn\u00e9s dans la rubrique appropri\u00e9e de votre d\u00e9claration trimestrielle, m\u00eame s&rsquo;ils ne sont pas pris en compte de la m\u00eame mani\u00e8re que les revenus habituels. Ils peuvent concerner, par exemple, des primes exceptionnelles, des indemnit\u00e9s ou des revenus ponctuels. Si ces revenus exceptionnels ne sont pas pr\u00e9-remplis, vous devez les ajouter manuellement dans votre espace personnel sur le site de la CAF. En cas de doute, vous pouvez contacter votre CAF pour savoir comment ils seront pris en compte dans le calcul de votre prime d\u2019activit\u00e9.<\/p>\n<\/li>\n<\/ol>\n<div class='cta-block'><div class='text'>Simulez votre prime d&rsquo;activit\u00e9 en 2 min. <\/div><a href='https:\/\/www.mes-allocs.fr\/ab-app?origin=guides\/wp-json\/wp\/v2\/posts\/7304' class='app-button fit'>Simulation gratuite<\/a><\/div>\n","protected":false},"excerpt":{"rendered":"<p>[Mis \u00e0 jour le 02\/04\/2026] La Prime d\u2019Activit\u00e9 est une aide financi\u00e8re vers\u00e9e par la CAF ou la MSA pour compl\u00e9ter les revenus des travailleurs aux ressources modestes. Pour continuer \u00e0 percevoir cette aide, il est obligatoire d\u2019effectuer une d\u00e9claration trimestrielle de ses revenus. Depuis mars 2025, cette d\u00e9claration a \u00e9t\u00e9 simplifi\u00e9e et pr\u00e9-remplie afin [&hellip;]<\/p>\n","protected":false},"author":7,"featured_media":105582,"comment_status":"open","ping_status":"open","sticky":false,"template":"","format":"standard","meta":{"amp_status":"","footnotes":""},"categories":[20],"tags":[],"class_list":["post-7304","post","type-post","status-publish","format-standard","has-post-thumbnail","hentry","category-prime-d-activite"],"yoast_head":"<!-- This site is optimized with the Yoast SEO plugin v14.9 - https:\/\/yoast.com\/wordpress\/plugins\/seo\/ -->\n<title>Comment faire sa d\u00e9claration pour la prime d&#039;activit\u00e9 2026 ? | Mes-Allocs.fr<\/title>\n<meta name=\"description\" content=\"La prime d&#039;activit\u00e9 est vers\u00e9 par la CAF. Mes Allocs vous explique comment faire votre d\u00e9claration trimestrielle en 2026.\" \/>\n<meta name=\"robots\" content=\"index, follow, max-snippet:-1, max-image-preview:large, max-video-preview:-1\" \/>\n<link rel=\"canonical\" href=\"https:\/\/www.mes-allocs.fr\/guides\/prime-d-activite\/declaration-prime-activite\/\" \/>\n<meta property=\"og:locale\" content=\"fr_FR\" \/>\n<meta property=\"og:type\" content=\"article\" \/>\n<meta property=\"og:title\" content=\"Comment faire sa d\u00e9claration pour la prime d&#039;activit\u00e9 2026 ? | Mes-Allocs.fr\" \/>\n<meta property=\"og:description\" content=\"La prime d&#039;activit\u00e9 est vers\u00e9 par la CAF. Mes Allocs vous explique comment faire votre d\u00e9claration trimestrielle en 2026.\" \/>\n<meta property=\"og:url\" content=\"https:\/\/www.mes-allocs.fr\/guides\/prime-d-activite\/declaration-prime-activite\/\" \/>\n<meta property=\"og:site_name\" content=\"Mes-Allocs.fr\" \/>\n<meta property=\"article:published_time\" content=\"2020-09-21T12:16:27+00:00\" \/>\n<meta property=\"article:modified_time\" content=\"2026-04-02T14:32:19+00:00\" \/>\n<meta property=\"og:image\" content=\"https:\/\/www.mes-allocs.fr\/guides\/wp-content\/uploads\/2020\/09\/prime-activite.jpg?wsr\" \/>\n\t<meta property=\"og:image:width\" content=\"1024\" \/>\n\t<meta property=\"og:image:height\" content=\"683\" \/>\n<meta name=\"twitter:card\" content=\"summary_large_image\" \/>\n<script type=\"application\/ld+json\" class=\"yoast-schema-graph\">{\"@context\":\"https:\/\/schema.org\",\"@graph\":[{\"@type\":\"WebSite\",\"@id\":\"https:\/\/www.mes-allocs.fr\/guides\/#website\",\"url\":\"https:\/\/www.mes-allocs.fr\/guides\/\",\"name\":\"Mes-Allocs.fr\",\"description\":\"\",\"potentialAction\":[{\"@type\":\"SearchAction\",\"target\":\"https:\/\/www.mes-allocs.fr\/guides\/?s={search_term_string}\",\"query-input\":\"required name=search_term_string\"}],\"inLanguage\":\"fr-FR\"},{\"@type\":\"ImageObject\",\"@id\":\"https:\/\/www.mes-allocs.fr\/guides\/prime-d-activite\/declaration-prime-activite\/#primaryimage\",\"inLanguage\":\"fr-FR\",\"url\":\"https:\/\/www.mes-allocs.fr\/guides\/wp-content\/uploads\/2020\/09\/prime-activite.jpg?wsr\",\"width\":1024,\"height\":683,\"caption\":\"prime activite\"},{\"@type\":\"WebPage\",\"@id\":\"https:\/\/www.mes-allocs.fr\/guides\/prime-d-activite\/declaration-prime-activite\/#webpage\",\"url\":\"https:\/\/www.mes-allocs.fr\/guides\/prime-d-activite\/declaration-prime-activite\/\",\"name\":\"Comment faire sa d\\u00e9claration pour la prime d'activit\\u00e9 2026 ? | Mes-Allocs.fr\",\"isPartOf\":{\"@id\":\"https:\/\/www.mes-allocs.fr\/guides\/#website\"},\"primaryImageOfPage\":{\"@id\":\"https:\/\/www.mes-allocs.fr\/guides\/prime-d-activite\/declaration-prime-activite\/#primaryimage\"},\"datePublished\":\"2020-09-21T12:16:27+00:00\",\"dateModified\":\"2026-04-02T14:32:19+00:00\",\"author\":{\"@id\":\"https:\/\/www.mes-allocs.fr\/guides\/#\/schema\/person\/1c4837d5703727cb02ce84583b5a44aa\"},\"description\":\"La prime d'activit\\u00e9 est vers\\u00e9 par la CAF. Mes Allocs vous explique comment faire votre d\\u00e9claration trimestrielle en 2026.\",\"inLanguage\":\"fr-FR\"},{\"@type\":\"Person\",\"@id\":\"https:\/\/www.mes-allocs.fr\/guides\/#\/schema\/person\/1c4837d5703727cb02ce84583b5a44aa\",\"name\":\"Fabiola\",\"image\":{\"@type\":\"ImageObject\",\"@id\":\"https:\/\/www.mes-allocs.fr\/guides\/#personlogo\",\"inLanguage\":\"fr-FR\",\"url\":\"https:\/\/www.mes-allocs.fr\/guides\/wp-content\/uploads\/2021\/06\/fabiola-150x150.png\",\"caption\":\"Fabiola\"},\"description\":\"Fabiola est r\\u00e9dactrice au sein de l'\\u00e9quipe Mes Allocs, sp\\u00e9cialis\\u00e9e en sciences politiques et affaires publiques. Dipl\\u00f4m\\u00e9e de l'HEIP, elle rejoint Mes Allocs apr\\u00e8s une premi\\u00e8re exp\\u00e9rience \\u00e0 l'Assembl\\u00e9e Nationale.\",\"sameAs\":[\"https:\/\/www.linkedin.com\/in\/cecilia-philippe-b-8a8085195\"]}]}<\/script>\n<!-- \/ Yoast SEO plugin. -->","amp_validity":null,"acf":{"faq":{"1":{"question":"Pourquoi la d\u00e9claration trimestrielle de la Prime d\u2019Activit\u00e9 est-elle obligatoire ?","answer":"La d\u00e9claration trimestrielle permet \u00e0 la CAF ou \u00e0 la MSA d\u2019actualiser vos droits en fonction de l\u2019\u00e9volution de vos ressources. Sans cette d\u00e9claration, le versement de votre Prime d\u2019Activit\u00e9 peut \u00eatre suspendu."},"2":{"question":" Quels sont les revenus pris en compte dans la d\u00e9claration ?","answer":"La d\u00e9claration doit inclure vos revenus d\u2019activit\u00e9 (salaires, primes, revenus des ind\u00e9pendants), ainsi que certains autres revenus (allocations ch\u00f4mage, pensions, prestations sociales soumises \u00e0 d\u00e9claration, etc.)."},"3":{"question":"Comment fonctionne la d\u00e9claration pr\u00e9-remplie ?","answer":"Depuis 2025, une grande partie de vos revenus est d\u00e9j\u00e0 renseign\u00e9e dans votre d\u00e9claration trimestrielle en ligne. Vous devez v\u00e9rifier les montants, signaler une erreur si besoin et compl\u00e9ter avec d\u2019autres ressources \u00e9ventuelles avant de valider."},"4":{"question":"Quelles sont les nouvelles p\u00e9riodes de revenus \u00e0 d\u00e9clarer ?","answer":"D\u00e9sormais, les p\u00e9riodes d\u00e9clar\u00e9es \u00e9voluent :\r\nEn mars, vous devez d\u00e9clarer les revenus de novembre, d\u00e9cembre et janvier (au lieu de d\u00e9cembre, janvier, f\u00e9vrier auparavant). En juin, ce seront ceux de f\u00e9vrier, mars et avril. En septembre, ceux de mai, juin et juillet. En d\u00e9cembre, ceux de ao\u00fbt, septembre et octobre.\r\n"},"5":{"question":"Comment faire sa d\u00e9claration de Prime d\u2019Activit\u00e9 en ligne ?","answer":"Rendez-vous sur caf.fr ou sur l\u2019application mobile de la CAF, connectez-vous \u00e0 votre compte, acc\u00e9dez \u00e0 la rubrique \"D\u00e9claration trimestrielle\", v\u00e9rifiez les informations pr\u00e9-remplies, ajoutez les revenus manquants si n\u00e9cessaire, puis validez."},"6":{"question":"Que faire en cas d\u2019erreur dans ma d\u00e9claration ?","answer":"Si vous constatez une erreur apr\u00e8s validation, vous devez contacter rapidement votre CAF ou MSA via votre espace personnel ou par t\u00e9l\u00e9phone. Une rectification peut \u00eatre effectu\u00e9e pour \u00e9viter une suspension ou un trop-per\u00e7u.\r\n\r\n"},"7":{"question":"","answer":""},"8":{"question":"","answer":""},"9":{"question":"","answer":""},"10":{"question":"","answer":""},"11":{"question":"","answer":""},"12":{"question":"","answer":""},"13":{"question":"","answer":""},"14":{"question":"","answer":""},"15":{"question":"","answer":""},"16":{"question":"","answer":""}}},"_links":{"self":[{"href":"https:\/\/www.mes-allocs.fr\/guides\/wp-json\/wp\/v2\/posts\/7304","targetHints":{"allow":["GET"]}}],"collection":[{"href":"https:\/\/www.mes-allocs.fr\/guides\/wp-json\/wp\/v2\/posts"}],"about":[{"href":"https:\/\/www.mes-allocs.fr\/guides\/wp-json\/wp\/v2\/types\/post"}],"author":[{"embeddable":true,"href":"https:\/\/www.mes-allocs.fr\/guides\/wp-json\/wp\/v2\/users\/7"}],"replies":[{"embeddable":true,"href":"https:\/\/www.mes-allocs.fr\/guides\/wp-json\/wp\/v2\/comments?post=7304"}],"version-history":[{"count":66,"href":"https:\/\/www.mes-allocs.fr\/guides\/wp-json\/wp\/v2\/posts\/7304\/revisions"}],"predecessor-version":[{"id":111430,"href":"https:\/\/www.mes-allocs.fr\/guides\/wp-json\/wp\/v2\/posts\/7304\/revisions\/111430"}],"wp:featuredmedia":[{"embeddable":true,"href":"https:\/\/www.mes-allocs.fr\/guides\/wp-json\/wp\/v2\/media\/105582"}],"wp:attachment":[{"href":"https:\/\/www.mes-allocs.fr\/guides\/wp-json\/wp\/v2\/media?parent=7304"}],"wp:term":[{"taxonomy":"category","embeddable":true,"href":"https:\/\/www.mes-allocs.fr\/guides\/wp-json\/wp\/v2\/categories?post=7304"},{"taxonomy":"post_tag","embeddable":true,"href":"https:\/\/www.mes-allocs.fr\/guides\/wp-json\/wp\/v2\/tags?post=7304"}],"curies":[{"name":"wp","href":"https:\/\/api.w.org\/{rel}","templated":true}]}}