{"id":72753,"date":"2024-01-18T11:12:55","date_gmt":"2024-01-18T09:12:55","guid":{"rendered":"https:\/\/www.mes-allocs.fr\/guides\/?p=72753"},"modified":"2025-03-31T15:59:00","modified_gmt":"2025-03-31T13:59:00","slug":"comment-beneficier-de-lacre","status":"publish","type":"post","link":"https:\/\/www.mes-allocs.fr\/guides\/acre\/comment-beneficier-de-lacre\/","title":{"rendered":"Comment b\u00e9n\u00e9ficier de l&rsquo;ACRE ?"},"content":{"rendered":"<p><img loading=\"lazy\" decoding=\"async\" class=\"alignnone wp-image-72759 size-full\" title=\"Comment b\u00e9n\u00e9ficier de l'acre ?\" src=\"https:\/\/www.mes-allocs.fr\/guides\/wp-content\/uploads\/2024\/01\/office-620817_1280-e1705492048475.jpg\" alt=\"Comment b\u00e9n\u00e9ficier de l'acre ?\" width=\"1280\" height=\"432\" srcset=\"https:\/\/www.mes-allocs.fr\/guides\/wp-content\/uploads\/2024\/01\/office-620817_1280-e1705492048475.jpg 1280w, https:\/\/www.mes-allocs.fr\/guides\/wp-content\/uploads\/2024\/01\/office-620817_1280-e1705492048475-300x101.jpg 300w, https:\/\/www.mes-allocs.fr\/guides\/wp-content\/uploads\/2024\/01\/office-620817_1280-e1705492048475-1024x346.jpg 1024w, https:\/\/www.mes-allocs.fr\/guides\/wp-content\/uploads\/2024\/01\/office-620817_1280-e1705492048475-768x259.jpg 768w, https:\/\/www.mes-allocs.fr\/guides\/wp-content\/uploads\/2024\/01\/office-620817_1280-e1705492048475-600x203.jpg 600w\" sizes=\"auto, (max-width: 1280px) 100vw, 1280px\" \/><\/p>\n<p><b>Pour assurer un bon lancement de votre entreprise, l&rsquo;<a href=\"https:\/\/www.mes-allocs.fr\/guides\/acre\/\">assistance destin\u00e9e aux cr\u00e9ateurs et repreneurs d&rsquo;entreprise<\/a> offre la possibilit\u00e9 d&rsquo;\u00eatre dispens\u00e9, sous certaines conditions, du paiement des cotisations sociales au d\u00e9but de votre activit\u00e9.<\/b><\/p>\n<div class='cta-block'><div class='text'>Simulez toutes vos Aides en 2 min.<\/div><a href='https:\/\/www.mes-allocs.fr\/ab-app?origin=guides\/wp-json\/wp\/v2\/posts\/72753' class='app-button fit'>Simulation gratuite<\/a><\/div>\n<h1><strong>D\u00e9finition et b\u00e9n\u00e9ficiaire de l&rsquo;ACRE\u00a0<\/strong><\/h1>\n<h2><strong>Qu\u2019est ce que c\u2019est que l\u2019ACRE ?\u00a0<\/strong><\/h2>\n<p><span style=\"font-weight: 400;\"><a href=\"https:\/\/www.mes-allocs.fr\/guides\/accre\/comment-demander-acre\/\">L\u2019ACRE, aide \u00e0 la cr\u00e9ation ou \u00e0 la reprise d\u2019entreprise<\/a>, a remplac\u00e9 l\u2019ACCRE depuis le 1er janvier 2020.<\/span><span style=\"font-weight: 400;\">Cette assistance se mat\u00e9rialise sous la forme d\u2019une exon\u00e9ration totale ou partielle des cotisations sociales et vise les cr\u00e9ateurs ainsi que les repreneurs d\u2019entreprises, qu\u2019il s\u2019agisse d\u2019une soci\u00e9t\u00e9, d\u2019une entreprise individuelle ou d\u2019une micro-entreprise. Elle inclut \u00e9galement un accompagnement de P\u00f4le Emploi au cours des premi\u00e8res ann\u00e9es d\u2019activit\u00e9.<\/span><\/p>\n<p><b>L\u2019exon\u00e9ration ACRE concerne sp\u00e9cifiquement les charges sociales<\/b><span style=\"font-weight: 400;\">, \u00e0 savoir les cotisations maladie, maternit\u00e9, invalidit\u00e9, d\u00e9c\u00e8s, les cotisations vieillesse et veuvage, ainsi que les allocations familiales. Cependant, il est important de noter que les contributions \u00e0 la CSG-CRDS ne sont pas concern\u00e9es par l\u2019ACRE, et aucune exon\u00e9ration n\u2019est pr\u00e9vue pour ces types de cotisations. Il en va de m\u00eame pour les contributions li\u00e9es \u00e0 la couverture des risques d\u2019accident du travail, la retraite compl\u00e9mentaire, la contribution au fonds national de l\u2019aide au logement, ainsi que pour la formation professionnelle.<\/span><\/p>\n<p><span style=\"font-weight: 400;\">Il est essentiel de souligner que <\/span><b>l\u2019exon\u00e9ration prend effet au d\u00e9but de l\u2019activit\u00e9 de l\u2019entreprise pour les salari\u00e9s, ou \u00e0 la date d\u2019effet de l\u2019affiliation pour les non-salari\u00e9s.<\/b><\/p>\n<p><span style=\"font-weight: 400;\">Pour les personnes \u00e9ligibles \u00e0 l\u2019ACRE, l\u2019exon\u00e9ration des charges sociales s\u2019applique sur une p\u00e9riode de 12 mois.<\/span><\/p>\n<h2><strong>Qui peut b\u00e9n\u00e9ficier de l\u2019ACRE ?\u00a0<\/strong><\/h2>\n<p><span style=\"font-weight: 400;\">Depuis le 1er janvier 2020, afin de b\u00e9n\u00e9ficier de l&rsquo;Accre, il est n\u00e9cessaire de remplir l&rsquo;une <\/span><span style=\"font-weight: 400;\">des conditions suivantes :<\/span><\/p>\n<ul>\n<li><strong>Reprendre ou cr\u00e9er une entreprise<\/strong>, que ce soit une activit\u00e9 \u00e9conomique industrielle, commerciale, artisanale, agricole, ou lib\u00e9rale, sous forme d&rsquo;entreprise individuelle ou de soci\u00e9t\u00e9, en exer\u00e7ant le contr\u00f4le de celle-ci. Cela s&rsquo;applique \u00e9galement \u00e0 ceux entreprenant l&rsquo;exercice d&rsquo;une autre profession non salari\u00e9e, y compris les micro-entrepreneurs.<\/li>\n<\/ul>\n<p><span style=\"font-weight: 400;\">Et \u00eatre dans l&rsquo;une des situations suivantes :<\/span><\/p>\n<ul>\n<li style=\"font-weight: 400;\" aria-level=\"1\"><span style=\"font-weight: 400;\">\u00catre demandeur d&#8217;emploi indemnis\u00e9.<\/span><\/li>\n<li style=\"font-weight: 400;\" aria-level=\"1\"><span style=\"font-weight: 400;\">\u00catre demandeur d&#8217;emploi non indemnis\u00e9 et inscrit \u00e0 P\u00f4le emploi depuis plus de six mois au cours des 18 derniers mois.<\/span><\/li>\n<li style=\"font-weight: 400;\" aria-level=\"1\"><span style=\"font-weight: 400;\">\u00catre b\u00e9n\u00e9ficiaire de l&rsquo;allocation de solidarit\u00e9 sp\u00e9cifique (ASS) ou du revenu de solidarit\u00e9 active (RSA).<\/span><\/li>\n<li style=\"font-weight: 400;\" aria-level=\"1\"><span style=\"font-weight: 400;\">Avoir entre 18 ans et moins de 26 ans.<\/span><\/li>\n<li style=\"font-weight: 400;\" aria-level=\"1\"><span style=\"font-weight: 400;\">Avoir moins de 30 ans et \u00eatre reconnu handicap\u00e9.<\/span><\/li>\n<li style=\"font-weight: 400;\" aria-level=\"1\"><span style=\"font-weight: 400;\">Avoir moins de 30 ans et ne pas \u00eatre indemnis\u00e9 en raison de ne pas remplir les conditions de dur\u00e9e d&rsquo;activit\u00e9 suffisante pour ouvrir ses droits \u00e0 l&rsquo;allocation ch\u00f4mage.<\/span><\/li>\n<li style=\"font-weight: 400;\" aria-level=\"1\"><span style=\"font-weight: 400;\">\u00catre une personne salari\u00e9e ou une personne licenci\u00e9e d&rsquo;une entreprise soumise \u00e0 l&rsquo;une des proc\u00e9dures de sauvegarde, de redressement ou de liquidation judiciaires reprenant tout ou partie d&rsquo;une entreprise.<\/span><\/li>\n<li style=\"font-weight: 400;\" aria-level=\"1\"><span style=\"font-weight: 400;\">Avoir conclu un contrat d&rsquo;appui au projet d&rsquo;entreprise (CAPE).<\/span><\/li>\n<li style=\"font-weight: 400;\" aria-level=\"1\"><span style=\"font-weight: 400;\">Cr\u00e9er ou reprendre une entreprise implant\u00e9e au sein d&rsquo;un quartier prioritaire de la ville (QPV).<\/span><\/li>\n<li style=\"font-weight: 400;\" aria-level=\"1\"><span style=\"font-weight: 400;\">B\u00e9n\u00e9ficier de la prestation partag\u00e9e d&rsquo;\u00e9ducation de l&rsquo;enfant (PreParE).<\/span><\/li>\n<li style=\"font-weight: 400;\" aria-level=\"1\"><span style=\"font-weight: 400;\">\u00catre travailleur ind\u00e9pendant ne relevant pas du r\u00e9gime micro-social.<\/span><\/li>\n<\/ul>\n<h2><strong>Comment b\u00e9n\u00e9ficier de l\u2019ACRE ?\u00a0<\/strong><\/h2>\n<p><span style=\"font-weight: 400;\">Pour les travailleurs ind\u00e9pendants relevant du r\u00e9gime de la micro-entreprise et entreprenant la cr\u00e9ation ou la reprise d&rsquo;une entreprise \u00e0 partir du 1er janvier 2020, <strong>il est imp\u00e9ratif de soumettre une demande \u00e0 l&rsquo;Urssaf en utilisant le formulaire d\u00e9di\u00e9 lors du d\u00e9p\u00f4t du dossier de cr\u00e9ation ou de reprise.<\/strong><\/span><\/p>\n<p><span style=\"font-weight: 400;\">En revanche, pour les travailleurs ind\u00e9pendants n&rsquo;appartenant pas au r\u00e9gime de la micro-entreprise, aucune d\u00e9marche n&rsquo;est n\u00e9cessaire pour b\u00e9n\u00e9ficier de l&rsquo;Accre, l&rsquo;exon\u00e9ration \u00e9tant automatique. Des v\u00e9rifications peuvent \u00e9ventuellement \u00eatre r\u00e9alis\u00e9es a posteriori si besoin.<\/span><\/p>\n<h2><b>Quel est l\u2019int\u00e9r\u00eat de faire une demande d\u2019ACRE ?\u00a0<\/b><\/h2>\n<p><span style=\"font-weight: 400;\">Faire une demande d\u2019ACRE pr\u00e9sente des avantages significatifs pour les personnes \u00e9ligibles, qu\u2019elles optent pour la cr\u00e9ation ou la reprise d\u2019une soci\u00e9t\u00e9 ou d\u2019une micro-entreprise.<\/span><\/p>\n<p><b>En premier lieu, l\u2019ACRE offre la possibilit\u00e9 de b\u00e9n\u00e9ficier d\u2019une exon\u00e9ration totale ou partielle des cotisations sociales sur le revenu d\u2019activit\u00e9.<\/b><\/p>\n<p><span style=\"font-weight: 400;\">En ce qui concerne les entrepreneurs individuels ayant choisi le statut de micro-entreprise, le taux de cotisation sociale est r\u00e9duit jusqu\u2019\u00e0 la fin du troisi\u00e8me trimestre suivant la demande. Ainsi, la demande d\u2019ACRE pour un auto-entrepreneur entra\u00eene l\u2019application des taux suivants :<\/span><\/p>\n<ul>\n<li style=\"font-weight: 400;\" aria-level=\"1\"><span style=\"font-weight: 400;\">6,2 % pour une activit\u00e9 d\u2019achat-revente (au lieu de 12,30 %) ;<\/span><\/li>\n<li style=\"font-weight: 400;\" aria-level=\"1\"><span style=\"font-weight: 400;\">11 % pour les prestations de services et les professions lib\u00e9rales (au lieu de 21,20 %).<\/span><\/li>\n<\/ul>\n<p><b>Pour les autres types d\u2019entreprises (soci\u00e9t\u00e9 ou entreprise individuelle classique), l\u2019exon\u00e9ration des cotisations sociales par le biais de l\u2019ACRE d\u00e9pend du niveau de revenus d\u2019activit\u00e9 de l\u2019entrepreneur :<\/b><\/p>\n<ul>\n<li style=\"font-weight: 400;\" aria-level=\"1\"><span style=\"font-weight: 400;\">Revenus d\u2019activit\u00e9 inf\u00e9rieurs \u00e0 35\u00a0325\u00a0\u20ac : exon\u00e9ration totale des cotisations sociales ;<\/span><\/li>\n<li style=\"font-weight: 400;\" aria-level=\"1\"><span style=\"font-weight: 400;\">Revenus d\u2019activit\u00e9 compris entre 35\u00a0325\u00a0\u20ac et 47 100 \u20ac : application d\u2019un taux d\u00e9gressif, calcul\u00e9 selon la formule : (Cotisations dues pour 35\u00a0325\u00a0\u20ac \/ 10 998 \u20ac) x (47\u00a0100\u00a0\u20ac \u2013 revenu ou r\u00e9mun\u00e9ration) ;<\/span><\/li>\n<li style=\"font-weight: 400;\" aria-level=\"1\"><span style=\"font-weight: 400;\">Revenus d\u2019activit\u00e9 sup\u00e9rieurs \u00e0 47\u00a0100\u00a0\u20ac : pas d\u2019exon\u00e9ration de cotisations sociales.<\/span><\/li>\n<\/ul>\n<p><span style=\"font-weight: 400;\">Un autre avantage de la demande d\u2019ACRE \u00e0 l\u2019Urssaf est le cumul possible avec l\u2019accompagnement Nacre propos\u00e9 par P\u00f4le Emploi, un soutien pr\u00e9cieux pour le lancement de votre entreprise et l\u2019acquisition de comp\u00e9tences en gestion financi\u00e8re au d\u00e9marrage.<\/span><\/p>\n<p><span style=\"font-weight: 400;\">De plus, l\u2019ACRE <\/span><b>est cumulable avec l\u2019ARE (allocation de retour \u00e0 l\u2019emploi), sous certaines conditions, ainsi qu\u2019avec l\u2019allocation de solidarit\u00e9 sp\u00e9cifique (ASS).<\/b><\/p>\n<p><span style=\"font-weight: 400;\">Il est \u00e9galement important de noter que b\u00e9n\u00e9ficier de l\u2019ACRE n\u2019entrave pas le maintien des revenus sociaux, sous r\u00e9serve du respect de certaines conditions. Ainsi, il est possible de continuer \u00e0 percevoir le RSA, l\u2019ATA ou encore une allocation veuvage.<\/span><\/p>\n<p><iframe loading=\"lazy\" title=\"L&#039;ACRE\" width=\"500\" height=\"281\" src=\"https:\/\/www.youtube.com\/embed\/8bcid53zd-0?feature=oembed\" frameborder=\"0\" allow=\"accelerometer; autoplay; clipboard-write; encrypted-media; gyroscope; picture-in-picture; web-share\" referrerpolicy=\"strict-origin-when-cross-origin\" allowfullscreen><\/iframe><\/p>\n<h1><b>Quels sont les montants des exon\u00e9rations pr\u00e9vues par l\u2019Acre ?<\/b><\/h1>\n<h2><b>Pour les travailleurs ind\u00e9pendants relevant du r\u00e9gime micro-social<\/b><\/h2>\n<p><span style=\"font-weight: 400;\">Depuis le 1er janvier 2020, l&rsquo;Accre est octroy\u00e9e pour la premi\u00e8re ann\u00e9e d&rsquo;activit\u00e9. Durant cette p\u00e9riode, le taux des cotisations sociales est r\u00e9duit jusqu&rsquo;\u00e0 la fin du 3e trimestre de ladite premi\u00e8re ann\u00e9e.<\/span><\/p>\n<p><span style=\"font-weight: 400;\">Le calcul du montant des cotisations sociales \u00e0 r\u00e9gler repose sur l&rsquo;application d&rsquo;un taux d\u00e9pendant du secteur d&rsquo;activit\u00e9, permettant ainsi d&rsquo;anticiper les obligations financi\u00e8res :<\/span><\/p>\n<ul>\n<li style=\"font-weight: 400;\" aria-level=\"1\"><strong>Vente de marchandises (BIC) : 6,2 %<\/strong><\/li>\n<li style=\"font-weight: 400;\" aria-level=\"1\"><strong>Prestations de services artisanales ou commerciales : 11 %<\/strong><\/li>\n<li style=\"font-weight: 400;\" aria-level=\"1\"><strong>Activit\u00e9 lib\u00e9rale : 11 %<\/strong><\/li>\n<\/ul>\n<h2><b>Pour les travailleurs ind\u00e9pendants ne relevant pas du r\u00e9gime micro-social<\/b><\/h2>\n<p><span style=\"font-weight: 400;\">Depuis le 1er janvier 2020, la p\u00e9riode d&rsquo;exon\u00e9ration s&rsquo;\u00e9tend sur 12 mois. <strong>L&rsquo;\u00e9tendue de l&rsquo;exon\u00e9ration varie en fonction du montant de votre revenu :<\/strong><\/span><\/p>\n<ul>\n<li style=\"font-weight: 400;\" aria-level=\"1\"><span style=\"font-weight: 400;\">Une exon\u00e9ration totale est appliqu\u00e9e si le revenu professionnel est inf\u00e9rieur \u00e0 35 325 \u20ac<\/span><\/li>\n<li style=\"font-weight: 400;\" aria-level=\"1\"><span style=\"font-weight: 400;\">Une exon\u00e9ration d\u00e9gressive s&rsquo;applique lorsque le revenu professionnel est sup\u00e9rieur \u00e0 35 325 \u20ac mais, inf\u00e9rieur \u00e0 47\u00a0100\u00a0\u20ac<\/span><\/li>\n<li style=\"font-weight: 400;\" aria-level=\"1\"><span style=\"font-weight: 400;\">Aucune exon\u00e9ration n&rsquo;est accord\u00e9e lorsque le revenu professionnel d\u00e9passe 47\u00a0100\u00a0\u20ac<\/span><\/li>\n<\/ul>\n<h2><b>Pouvez-vous cumuler l&rsquo;Acre avec d&rsquo;autres aides et\/ou minimas sociaux ?<\/b><\/h2>\n<p><span style=\"font-weight: 400;\"><strong>L&rsquo;Accre peut \u00eatre cumul\u00e9e avec le Nouvel Accompagnement pour la Cr\u00e9ation ou la Reprise d&rsquo;Entreprise (Nacre).<\/strong> Si vous recevez l&rsquo;allocation de retour \u00e0 l&#8217;emploi, vous avez la possibilit\u00e9 de solliciter l&rsquo;Aide \u00e0 la Reprise ou \u00e0 la Cr\u00e9ation d&rsquo;Entreprise (Arce).<\/span><\/p>\n<p><span style=\"font-weight: 400;\">Par ailleurs, l&rsquo;Accre peut \u00e9galement \u00eatre cumul\u00e9e, pour une p\u00e9riode d\u00e9termin\u00e9e, avec certains minima sociaux :<\/span><\/p>\n<ul>\n<li style=\"font-weight: 400;\" aria-level=\"1\"><span style=\"font-weight: 400;\">Avec le RSA, vos revenus d&rsquo;activit\u00e9 ne sont pas pris en compte dans le calcul du RSA pendant les trois premiers mois d&rsquo;activit\u00e9. Apr\u00e8s le premier trimestre, vos revenus d&rsquo;activit\u00e9 entrent dans le calcul du RSA.<\/span><\/li>\n<li style=\"font-weight: 400;\" aria-level=\"1\"><span style=\"font-weight: 400;\">Avec l&rsquo;Allocation de Solidarit\u00e9 Sp\u00e9cifique (ASS) pendant les 12 premiers mois de votre activit\u00e9.<\/span><\/li>\n<li style=\"font-weight: 400;\" aria-level=\"1\"><span style=\"font-weight: 400;\">Avec l&rsquo;Allocation Temporaire d&rsquo;Attente (ATA). L&rsquo;aide est maintenue durant le premier semestre d&rsquo;activit\u00e9.<\/span><\/li>\n<li style=\"font-weight: 400;\" aria-level=\"1\"><span style=\"font-weight: 400;\">Avec une allocation de veuvage, durant la premi\u00e8re ann\u00e9e d&rsquo;activit\u00e9 de l&rsquo;entreprise.<\/span><\/li>\n<\/ul>\n<h2><b>Comment demander l\u2019ACRE et o\u00f9 l\u2019envoyer\u00a0 ?\u00a0<\/b><\/h2>\n<p><span style=\"font-weight: 400;\">La demande d\u2019ACRE s\u2019effectue au moment de la cr\u00e9ation d\u2019une entreprise pour les micro-entrepreneurs. Il est important de noter que, depuis le 1er janvier 2023, la cr\u00e9ation d\u2019une micro-entreprise doit obligatoirement \u00eatre r\u00e9alis\u00e9e en ligne sur le site du Guichet unique.<\/span><\/p>\n<p><span style=\"font-weight: 400;\">Pour les cr\u00e9ateurs ou repreneurs de soci\u00e9t\u00e9s, la demande est automatiquement transmise \u00e0 l\u2019Urssaf lors du d\u00e9p\u00f4t du dossier de cr\u00e9ation d\u2019entreprise sur le Guichet unique.<\/span><\/p>\n<p><b>La proc\u00e9dure en ligne pour la demande d\u2019ACRE est sp\u00e9cifique aux auto-entrepreneurs. Dans ce cas, la demande doit \u00eatre effectu\u00e9e juste apr\u00e8s la demande d\u2019immatriculation sur le Guichet unique.<\/b><span style=\"font-weight: 400;\"> Il est n\u00e9cessaire de compl\u00e9ter le Cerfa n\u00b0 13584-02. Si une demande d\u2019ACRE a d\u00e9j\u00e0 \u00e9t\u00e9 faite, la case \u201cOui\u201d doit \u00eatre coch\u00e9e lors du remplissage du formulaire d\u2019inscription sur le site du Guichet unique.<\/span><\/p>\n<p><span style=\"font-weight: 400;\">Concernant l\u2019envoi de la demande d\u2019ACRE, <\/span><b>il doit \u00eatre r\u00e9alis\u00e9 \u00e0 l\u2019Urssaf par courrier avec les pi\u00e8ces justificatives ou via la messagerie du compte<\/b> <b>Urssaf<\/b><span style=\"font-weight: 400;\">. Le traitement de la demande par l\u2019Urssaf prend environ un mois, et en cas d\u2019acceptation, une attestation est d\u00e9livr\u00e9e. Il est important de noter que le silence de l\u2019administration vaut rejet.<\/span><\/p>\n<p><span style=\"font-weight: 400;\">L&rsquo;envoi de la demande d\u2019ACRE concerne uniquement les micro-entrepreneurs.<\/span><\/p>\n<div class='cta-block'><div class='text'>Simulez toutes vos Aides en 2 min.<\/div><a href='https:\/\/www.mes-allocs.fr\/ab-app?origin=guides\/wp-json\/wp\/v2\/posts\/72753' class='app-button fit'>Simulation gratuite<\/a><\/div>\n","protected":false},"excerpt":{"rendered":"<p>Pour assurer un bon lancement de votre entreprise, l&rsquo;assistance destin\u00e9e aux cr\u00e9ateurs et repreneurs d&rsquo;entreprise offre la possibilit\u00e9 d&rsquo;\u00eatre dispens\u00e9, sous certaines conditions, du paiement des cotisations sociales au d\u00e9but de votre activit\u00e9. D\u00e9finition et b\u00e9n\u00e9ficiaire de l&rsquo;ACRE\u00a0 Qu\u2019est ce que c\u2019est que l\u2019ACRE ?\u00a0 L\u2019ACRE, aide \u00e0 la cr\u00e9ation ou \u00e0 la reprise d\u2019entreprise, [&hellip;]<\/p>\n","protected":false},"author":27,"featured_media":72760,"comment_status":"closed","ping_status":"open","sticky":false,"template":"","format":"standard","meta":{"amp_status":"","footnotes":""},"categories":[34,12874],"tags":[],"class_list":["post-72753","post","type-post","status-publish","format-standard","has-post-thumbnail","hentry","category-acre","category-beneficier-de-laccre"],"yoast_head":"<!-- This site is optimized with the Yoast SEO plugin v14.9 - https:\/\/yoast.com\/wordpress\/plugins\/seo\/ -->\n<title>Comment b\u00e9n\u00e9ficier de l&#039;ACRE ? | Mes-Allocs.fr<\/title>\n<meta name=\"description\" content=\"L&#039;ACRE offre la possibilit\u00e9 d&#039;\u00eatre dispens\u00e9, sous certaines conditions, du paiement des cotisations sociales au d\u00e9but de votre activit\u00e9.\" \/>\n<meta name=\"robots\" content=\"index, follow, max-snippet:-1, max-image-preview:large, max-video-preview:-1\" \/>\n<link rel=\"canonical\" href=\"https:\/\/www.mes-allocs.fr\/guides\/acre\/comment-beneficier-de-lacre\/\" \/>\n<meta property=\"og:locale\" content=\"fr_FR\" \/>\n<meta property=\"og:type\" content=\"article\" \/>\n<meta property=\"og:title\" content=\"Comment b\u00e9n\u00e9ficier de l&#039;ACRE ? | Mes-Allocs.fr\" \/>\n<meta property=\"og:description\" content=\"L&#039;ACRE offre la possibilit\u00e9 d&#039;\u00eatre dispens\u00e9, sous certaines conditions, du paiement des cotisations sociales au d\u00e9but de votre activit\u00e9.\" \/>\n<meta property=\"og:url\" content=\"https:\/\/www.mes-allocs.fr\/guides\/acre\/comment-beneficier-de-lacre\/\" \/>\n<meta property=\"og:site_name\" content=\"Mes-Allocs.fr\" \/>\n<meta property=\"article:published_time\" content=\"2024-01-18T09:12:55+00:00\" \/>\n<meta property=\"article:modified_time\" content=\"2025-03-31T13:59:00+00:00\" \/>\n<meta property=\"og:image\" content=\"https:\/\/www.mes-allocs.fr\/guides\/wp-content\/uploads\/2024\/01\/computer-1185626_1280.jpg?wsr\" \/>\n\t<meta property=\"og:image:width\" content=\"1280\" \/>\n\t<meta property=\"og:image:height\" content=\"853\" \/>\n<meta name=\"twitter:card\" content=\"summary_large_image\" \/>\n<script type=\"application\/ld+json\" class=\"yoast-schema-graph\">{\"@context\":\"https:\/\/schema.org\",\"@graph\":[{\"@type\":\"WebSite\",\"@id\":\"https:\/\/www.mes-allocs.fr\/guides\/#website\",\"url\":\"https:\/\/www.mes-allocs.fr\/guides\/\",\"name\":\"Mes-Allocs.fr\",\"description\":\"\",\"potentialAction\":[{\"@type\":\"SearchAction\",\"target\":\"https:\/\/www.mes-allocs.fr\/guides\/?s={search_term_string}\",\"query-input\":\"required name=search_term_string\"}],\"inLanguage\":\"fr-FR\"},{\"@type\":\"ImageObject\",\"@id\":\"https:\/\/www.mes-allocs.fr\/guides\/acre\/comment-beneficier-de-lacre\/#primaryimage\",\"inLanguage\":\"fr-FR\",\"url\":\"https:\/\/www.mes-allocs.fr\/guides\/wp-content\/uploads\/2024\/01\/computer-1185626_1280.jpg?wsr\",\"width\":1280,\"height\":853,\"caption\":\"Comment b\\u00e9n\\u00e9ficier de l'acre ?\"},{\"@type\":\"WebPage\",\"@id\":\"https:\/\/www.mes-allocs.fr\/guides\/acre\/comment-beneficier-de-lacre\/#webpage\",\"url\":\"https:\/\/www.mes-allocs.fr\/guides\/acre\/comment-beneficier-de-lacre\/\",\"name\":\"Comment b\\u00e9n\\u00e9ficier de l'ACRE ? | Mes-Allocs.fr\",\"isPartOf\":{\"@id\":\"https:\/\/www.mes-allocs.fr\/guides\/#website\"},\"primaryImageOfPage\":{\"@id\":\"https:\/\/www.mes-allocs.fr\/guides\/acre\/comment-beneficier-de-lacre\/#primaryimage\"},\"datePublished\":\"2024-01-18T09:12:55+00:00\",\"dateModified\":\"2025-03-31T13:59:00+00:00\",\"author\":{\"@id\":\"https:\/\/www.mes-allocs.fr\/guides\/#\/schema\/person\/7a9b61e7b715d477066a9f941c0440c7\"},\"description\":\"L'ACRE offre la possibilit\\u00e9 d'\\u00eatre dispens\\u00e9, sous certaines conditions, du paiement des cotisations sociales au d\\u00e9but de votre activit\\u00e9.\",\"inLanguage\":\"fr-FR\"},{\"@type\":\"Person\",\"@id\":\"https:\/\/www.mes-allocs.fr\/guides\/#\/schema\/person\/7a9b61e7b715d477066a9f941c0440c7\",\"name\":\"L\\u00e9o Martin\",\"image\":{\"@type\":\"ImageObject\",\"@id\":\"https:\/\/www.mes-allocs.fr\/guides\/#personlogo\",\"inLanguage\":\"fr-FR\",\"url\":\"https:\/\/www.mes-allocs.fr\/guides\/wp-content\/uploads\/2023\/12\/1635317753781-e1701432075572-150x150.jpg\",\"caption\":\"L\\u00e9o Martin\"},\"description\":\"L\\u00e9o est r\\u00e9dacteur au sein de l'\\u00e9quipe Mes Allocs, sp\\u00e9cialis\\u00e9 sur les th\\u00e9matiques pouvoir d'achat et aides. Il rejoint Mes Allocs apr\\u00e8s une premi\\u00e8re exp\\u00e9rience en tant que journaliste chez La Gazette Cagnoise et Nice Presse.\",\"sameAs\":[\"https:\/\/www.linkedin.com\/in\/lo-martin-3429bb224\"]}]}<\/script>\n<!-- \/ Yoast SEO plugin. -->","amp_validity":null,"acf":{"faq":{"1":{"question":"Qu\u2019est-ce que c\u2019est l\u2019ACRE ?","answer":"L'ACRE offre aux micro-entrepreneurs la possibilit\u00e9 de b\u00e9n\u00e9ficier d'une r\u00e9duction de leurs cotisations sociales au cours de leur premi\u00e8re ann\u00e9e d'exercice.\r\n\r\n"},"2":{"question":"Quelles sont les conditions pour avoir l\u2019ACRE ?","answer":"Pour b\u00e9n\u00e9ficier de l'ACRE, il y a plusieurs conditions \u00e0 respecter comme : Avoir entre 18 ans et 26 ans, avoir conclu un contrat d'appui au projet d'entreprise (CAPE), cr\u00e9er ou reprendre une entreprise implant\u00e9e au sein d'un quartier prioritaire de la ville (QPV), etc.\r\n\r\n"},"3":{"question":"Quel est l\u2019int\u00e9r\u00eat de faire une demande d\u2019ACRE ? ","answer":"Faire une demande d'ACRE pr\u00e9sente des avantages significatifs pour les personnes \u00e9ligibles, qu'elles optent pour la cr\u00e9ation ou la reprise d'une soci\u00e9t\u00e9 ou d'une micro-entreprise. L'ACRE offre la possibilit\u00e9 de b\u00e9n\u00e9ficier d'une exon\u00e9ration totale ou partielle des cotisations sociales sur le revenu d'activit\u00e9.\r\n\r\n"},"4":{"question":"Comment obtenir l\u2019ACRE en micro-entreprise ?","answer":"Pour obtenir l'ACRE en tant qu'auto-entrepreneur, il est n\u00e9cessaire de faire une demande explicite. Cette demande doit \u00eatre adress\u00e9e \u00e0 l'Urssaf au moment du d\u00e9p\u00f4t du dossier de cr\u00e9ation ou de reprise.\r\n\r\n"},"5":{"question":"Comment obtenir l\u2019ACRE en soci\u00e9t\u00e9 ?","answer":"En ce qui concerne l'ACRE, la demande pour la cr\u00e9ation ou la reprise d'une soci\u00e9t\u00e9 n\u00e9cessite que vous exerciez r\u00e9ellement le contr\u00f4le de la soci\u00e9t\u00e9.\r\n\r\n"},"6":{"question":"","answer":""},"7":{"question":"","answer":""},"8":{"question":"","answer":""},"9":{"question":"","answer":""},"10":{"question":"","answer":""},"11":{"question":"","answer":""},"12":{"question":"","answer":""},"13":{"question":"","answer":""},"14":{"question":"","answer":""},"15":{"question":"","answer":""},"16":{"question":"","answer":""}}},"_links":{"self":[{"href":"https:\/\/www.mes-allocs.fr\/guides\/wp-json\/wp\/v2\/posts\/72753","targetHints":{"allow":["GET"]}}],"collection":[{"href":"https:\/\/www.mes-allocs.fr\/guides\/wp-json\/wp\/v2\/posts"}],"about":[{"href":"https:\/\/www.mes-allocs.fr\/guides\/wp-json\/wp\/v2\/types\/post"}],"author":[{"embeddable":true,"href":"https:\/\/www.mes-allocs.fr\/guides\/wp-json\/wp\/v2\/users\/27"}],"replies":[{"embeddable":true,"href":"https:\/\/www.mes-allocs.fr\/guides\/wp-json\/wp\/v2\/comments?post=72753"}],"version-history":[{"count":5,"href":"https:\/\/www.mes-allocs.fr\/guides\/wp-json\/wp\/v2\/posts\/72753\/revisions"}],"predecessor-version":[{"id":97304,"href":"https:\/\/www.mes-allocs.fr\/guides\/wp-json\/wp\/v2\/posts\/72753\/revisions\/97304"}],"wp:featuredmedia":[{"embeddable":true,"href":"https:\/\/www.mes-allocs.fr\/guides\/wp-json\/wp\/v2\/media\/72760"}],"wp:attachment":[{"href":"https:\/\/www.mes-allocs.fr\/guides\/wp-json\/wp\/v2\/media?parent=72753"}],"wp:term":[{"taxonomy":"category","embeddable":true,"href":"https:\/\/www.mes-allocs.fr\/guides\/wp-json\/wp\/v2\/categories?post=72753"},{"taxonomy":"post_tag","embeddable":true,"href":"https:\/\/www.mes-allocs.fr\/guides\/wp-json\/wp\/v2\/tags?post=72753"}],"curies":[{"name":"wp","href":"https:\/\/api.w.org\/{rel}","templated":true}]}}