{"id":72514,"date":"2024-01-15T15:24:15","date_gmt":"2024-01-15T13:24:15","guid":{"rendered":"https:\/\/www.mes-allocs.fr\/guides\/?p=72514"},"modified":"2025-03-31T15:58:48","modified_gmt":"2025-03-31T13:58:48","slug":"comment-demander-acre","status":"publish","type":"post","link":"https:\/\/www.mes-allocs.fr\/guides\/acre\/comment-demander-acre\/","title":{"rendered":"Comment demander l\u2019ACRE ?"},"content":{"rendered":"<p><img loading=\"lazy\" decoding=\"async\" class=\"alignnone wp-image-72516 size-full\" title=\"Comment demander l\u2019ACRE ?\" src=\"https:\/\/www.mes-allocs.fr\/guides\/wp-content\/uploads\/2024\/01\/student-849825_1280-e1705324499437.jpg\" alt=\"Comment demander l\u2019ACRE ? \" width=\"1280\" height=\"403\" srcset=\"https:\/\/www.mes-allocs.fr\/guides\/wp-content\/uploads\/2024\/01\/student-849825_1280-e1705324499437.jpg 1280w, https:\/\/www.mes-allocs.fr\/guides\/wp-content\/uploads\/2024\/01\/student-849825_1280-e1705324499437-300x94.jpg 300w, https:\/\/www.mes-allocs.fr\/guides\/wp-content\/uploads\/2024\/01\/student-849825_1280-e1705324499437-1024x322.jpg 1024w, https:\/\/www.mes-allocs.fr\/guides\/wp-content\/uploads\/2024\/01\/student-849825_1280-e1705324499437-768x242.jpg 768w, https:\/\/www.mes-allocs.fr\/guides\/wp-content\/uploads\/2024\/01\/student-849825_1280-e1705324499437-600x189.jpg 600w\" sizes=\"auto, (max-width: 1280px) 100vw, 1280px\" \/><\/p>\n<p><strong>L&rsquo;<a href=\"https:\/\/www.mes-allocs.fr\/guides\/acre\/\">Aide \u00e0 la Cr\u00e9ation et \u00e0 la Reprise d&rsquo;une Entreprise<\/a> (ACRE), \u00e9galement appel\u00e9e exon\u00e9ration de d\u00e9but d&rsquo;activit\u00e9, offre aux micro-entrepreneurs la possibilit\u00e9 de b\u00e9n\u00e9ficier d&rsquo;une r\u00e9duction de leurs cotisations sociales au cours de leur premi\u00e8re ann\u00e9e d&rsquo;exercice.<\/strong><\/p>\n<div class='cta-block'><div class='text'>Simulez toutes vos Aides en 2 min.<\/div><a href='https:\/\/www.mes-allocs.fr\/ab-app?origin=guides\/wp-json\/wp\/v2\/posts\/72514' class='app-button fit'>Simulation gratuite<\/a><\/div>\n<h1><b>D\u00e9finition et utilit\u00e9 de l\u2019ACRE\u00a0<\/b><\/h1>\n<h2><b>Qu\u2019est-ce que c\u2019est l\u2019ACRE ?\u00a0<\/b><\/h2>\n<p><span style=\"font-weight: 400;\">L&rsquo;ACRE, aide \u00e0 la cr\u00e9ation ou \u00e0 la reprise d&rsquo;entreprise, a remplac\u00e9 l&rsquo;ACCRE depuis le 1er janvier 2020.<\/span><\/p>\n<p><span style=\"font-weight: 400;\">Cette assistance se mat\u00e9rialise sous la forme d&rsquo;une exon\u00e9ration totale ou partielle des cotisations sociales et vise les cr\u00e9ateurs ainsi que les repreneurs d&rsquo;entreprises, qu&rsquo;il s&rsquo;agisse d&rsquo;une soci\u00e9t\u00e9, d&rsquo;une entreprise individuelle ou d&rsquo;une micro-entreprise. Elle inclut \u00e9galement un accompagnement de P\u00f4le Emploi au cours des premi\u00e8res ann\u00e9es d&rsquo;activit\u00e9.<\/span><\/p>\n<p><span style=\"font-weight: 400;\"><strong>L&rsquo;exon\u00e9ration ACRE concerne sp\u00e9cifiquement les charges sociales<\/strong>, \u00e0 savoir les cotisations maladie, maternit\u00e9, invalidit\u00e9, d\u00e9c\u00e8s, les cotisations vieillesse et veuvage, ainsi que les allocations familiales. Cependant, il est important de noter que les contributions \u00e0 la CSG-CRDS ne sont pas concern\u00e9es par l&rsquo;ACRE, et aucune exon\u00e9ration n&rsquo;est pr\u00e9vue pour ces types de cotisations. Il en va de m\u00eame pour les contributions li\u00e9es \u00e0 la couverture des risques d&rsquo;accident du travail, la retraite compl\u00e9mentaire, la contribution au fonds national de l&rsquo;aide au logement, ainsi que pour la formation professionnelle.<\/span><\/p>\n<p><span style=\"font-weight: 400;\">Il est essentiel de souligner que <strong>l&rsquo;exon\u00e9ration prend effet au d\u00e9but de l&rsquo;activit\u00e9 de l&rsquo;entreprise pour les salari\u00e9s, ou \u00e0 la date d&rsquo;effet de l&rsquo;affiliation pour les non-salari\u00e9s.<\/strong><\/span><\/p>\n<p><span style=\"font-weight: 400;\">Pour les personnes \u00e9ligibles \u00e0 l&rsquo;ACRE, l&rsquo;exon\u00e9ration des charges sociales s&rsquo;applique sur une p\u00e9riode de 12 mois.<\/span><\/p>\n<h2><b>Quel est l&rsquo;int\u00e9r\u00eat de faire une demande d\u2019ACRE ?\u00a0<\/b><\/h2>\n<p><span style=\"font-weight: 400;\">Faire une demande d&rsquo;ACRE pr\u00e9sente des avantages significatifs pour les personnes \u00e9ligibles, qu&rsquo;elles optent pour la cr\u00e9ation ou la reprise d&rsquo;une soci\u00e9t\u00e9 ou d&rsquo;une micro-entreprise.<\/span><\/p>\n<p><strong>En premier lieu, l&rsquo;ACRE offre la possibilit\u00e9 de b\u00e9n\u00e9ficier d&rsquo;une exon\u00e9ration totale ou partielle des cotisations sociales sur le revenu d&rsquo;activit\u00e9.<\/strong><\/p>\n<p><span style=\"font-weight: 400;\">En ce qui concerne les entrepreneurs individuels ayant choisi le statut de micro-entreprise, le taux de cotisation sociale est r\u00e9duit jusqu&rsquo;\u00e0 la fin du troisi\u00e8me trimestre suivant la demande. Ainsi, la demande d&rsquo;ACRE pour un auto-entrepreneur <\/span><span style=\"font-weight: 400;\">entra\u00eene l&rsquo;application des taux suivants :<\/span><\/p>\n<ul>\n<li style=\"font-weight: 400;\" aria-level=\"1\"><span style=\"font-weight: 400;\">6,2 % pour une activit\u00e9 d&rsquo;achat-revente (au lieu de 12,30 %) ;<\/span><\/li>\n<li style=\"font-weight: 400;\" aria-level=\"1\"><span style=\"font-weight: 400;\">11 % pour les prestations de services et les professions lib\u00e9rales (au lieu de 21,20 %).<\/span><\/li>\n<\/ul>\n<p><strong>Pour les autres types d&rsquo;entreprises (soci\u00e9t\u00e9 ou entreprise individuelle classique), l&rsquo;exon\u00e9ration des cotisations sociales par le biais de l&rsquo;ACRE d\u00e9pend du niveau de revenus d&rsquo;activit\u00e9 de l&rsquo;entrepreneur :<\/strong><\/p>\n<ul>\n<li style=\"font-weight: 400;\" aria-level=\"1\"><span style=\"font-weight: 400;\">Revenus d&rsquo;activit\u00e9 inf\u00e9rieurs \u00e0 35\u00a0325\u00a0\u20ac : exon\u00e9ration totale des cotisations sociales ;<\/span><\/li>\n<li style=\"font-weight: 400;\" aria-level=\"1\"><span style=\"font-weight: 400;\">Revenus d&rsquo;activit\u00e9 compris entre 35 325 \u20ac et 47\u00a0100\u00a0\u20ac : application d&rsquo;un taux d\u00e9gressif, calcul\u00e9 selon la formule : (Cotisations dues pour 35 325 \u20ac \/ 10 998 \u20ac) x (47\u00a0100\u00a0\u20ac &#8211; revenu ou r\u00e9mun\u00e9ration) ;<\/span><\/li>\n<li style=\"font-weight: 400;\" aria-level=\"1\"><span style=\"font-weight: 400;\">Revenus d&rsquo;activit\u00e9 sup\u00e9rieurs \u00e0 47\u00a0100\u00a0\u20ac : pas d&rsquo;exon\u00e9ration de cotisations sociales.<\/span><\/li>\n<\/ul>\n<p><span style=\"font-weight: 400;\">Un autre avantage de la demande d&rsquo;ACRE \u00e0 l&rsquo;Urssaf est le cumul possible avec l&rsquo;accompagnement Nacre propos\u00e9 par P\u00f4le Emploi, un soutien pr\u00e9cieux pour le lancement de votre entreprise et l&rsquo;acquisition de comp\u00e9tences en gestion financi\u00e8re au d\u00e9marrage.<\/span><\/p>\n<p><span style=\"font-weight: 400;\">De plus, l&rsquo;ACRE <strong>est cumulable avec l&rsquo;ARE (allocation de retour \u00e0 l&#8217;emploi), sous certaines conditions, ainsi qu&rsquo;avec l&rsquo;allocation de solidarit\u00e9 sp\u00e9cifique (ASS).<\/strong><\/span><\/p>\n<p><span style=\"font-weight: 400;\">Il est \u00e9galement important de noter que b\u00e9n\u00e9ficier de l&rsquo;ACRE n&rsquo;entrave pas le maintien des revenus sociaux, sous r\u00e9serve du respect de certaines conditions. Ainsi, il est possible de continuer \u00e0 percevoir le RSA, l&rsquo;ATA ou encore une allocation veuvage.<\/span><\/p>\n<h2><b>Quelles sont les conditions pour avoir l\u2019ACRE ?\u00a0<\/b><\/h2>\n<p><span style=\"font-weight: 400;\">La demande d&rsquo;ACRE en 2025 n&rsquo;est pas obligatoire, mais elle est soumise \u00e0 certaines conditions d&rsquo;\u00e9ligibilit\u00e9, partag\u00e9es entre les soci\u00e9t\u00e9s et les micro-entreprises.<\/span><\/p>\n<p><strong>Les conditions pour pr\u00e9tendre \u00e0 l&rsquo;ACRE sont les suivantes :<\/strong><\/p>\n<ul>\n<li style=\"font-weight: 400;\" aria-level=\"1\"><span style=\"font-weight: 400;\">\u00catre un demandeur d&#8217;emploi indemnis\u00e9 ;<\/span><\/li>\n<li style=\"font-weight: 400;\" aria-level=\"1\"><span style=\"font-weight: 400;\">\u00catre un demandeur d&#8217;emploi non indemnis\u00e9 inscrit \u00e0 P\u00f4le emploi depuis plus de 6 mois au cours des 18 derniers mois ;<\/span><\/li>\n<li style=\"font-weight: 400;\" aria-level=\"1\"><span style=\"font-weight: 400;\">\u00catre b\u00e9n\u00e9ficiaire de l&rsquo;allocation de solidarit\u00e9 sp\u00e9cifique (ASS) ou du revenu de solidarit\u00e9 active (RSA) ;<\/span><\/li>\n<li style=\"font-weight: 400;\" aria-level=\"1\"><span style=\"font-weight: 400;\">Avoir entre 18 ans et moins de 26 ans ;<\/span><\/li>\n<li style=\"font-weight: 400;\" aria-level=\"1\"><span style=\"font-weight: 400;\">Avoir moins de 30 ans et \u00eatre reconnu handicap\u00e9 ;<\/span><\/li>\n<li style=\"font-weight: 400;\" aria-level=\"1\"><span style=\"font-weight: 400;\">Avoir conclu un contrat d&rsquo;appui au projet d&rsquo;entreprise (CAPE) ;<\/span><\/li>\n<li style=\"font-weight: 400;\" aria-level=\"1\"><span style=\"font-weight: 400;\">Cr\u00e9er ou reprendre une entreprise implant\u00e9e au sein d&rsquo;un quartier prioritaire de la ville (QPV) ;<\/span><\/li>\n<li style=\"font-weight: 400;\" aria-level=\"1\"><span style=\"font-weight: 400;\">B\u00e9n\u00e9ficier de la prestation partag\u00e9e d&rsquo;\u00e9ducation de l&rsquo;enfant (PreParE) ;<\/span><\/li>\n<li style=\"font-weight: 400;\" aria-level=\"1\"><span style=\"font-weight: 400;\">\u00catre travailleur ind\u00e9pendant relevant du r\u00e9gime micro-social ou ne relevant pas de ce dispositif.<\/span><\/li>\n<\/ul>\n<p><span style=\"font-weight: 400;\">De plus, il est imp\u00e9ratif de ne pas avoir b\u00e9n\u00e9fici\u00e9 du dispositif ACRE au cours des trois derni\u00e8res ann\u00e9es. En outre, certaines conditions d&rsquo;obtention de l&rsquo;ACRE varient en fonction de la cr\u00e9ation ou de la reprise d&rsquo;une soci\u00e9t\u00e9 ou d&rsquo;une micro-entreprise.<\/span><\/p>\n<div class='cta-block'><div class='text'>Simulez toutes vos Aides en 2 min.<\/div><a href='https:\/\/www.mes-allocs.fr\/ab-app?origin=guides\/wp-json\/wp\/v2\/posts\/72514' class='app-button fit'>Simulation gratuite<\/a><\/div>\n<p><iframe loading=\"lazy\" title=\"L&#039;ACRE\" width=\"500\" height=\"281\" src=\"https:\/\/www.youtube.com\/embed\/8bcid53zd-0?feature=oembed\" frameborder=\"0\" allow=\"accelerometer; autoplay; clipboard-write; encrypted-media; gyroscope; picture-in-picture; web-share\" referrerpolicy=\"strict-origin-when-cross-origin\" allowfullscreen><\/iframe><\/p>\n<h1><b>Quelles sont les d\u00e9marches pour b\u00e9n\u00e9ficier de l\u2019ACRE ?\u00a0<\/b><\/h1>\n<h2><strong>Comment obtenir l\u2019ACRE en soci\u00e9t\u00e9 ?\u00a0<\/strong><\/h2>\n<p><span style=\"font-weight: 400;\">En ce qui concerne l&rsquo;ACRE, la demande pour la cr\u00e9ation ou la reprise d&rsquo;une soci\u00e9t\u00e9 n\u00e9cessite que vous exerciez r\u00e9ellement le contr\u00f4le de la soci\u00e9t\u00e9. Cela s&rsquo;applique si vous vous trouvez dans l&rsquo;une des deux situations suivantes :<\/span><\/p>\n<ul>\n<li style=\"font-weight: 400;\" aria-level=\"1\"><strong>Vous d\u00e9tenez (individuellement ou avec votre conjoint, partenaire pacs\u00e9, concubin, ascendants et descendants) plus de 50 % du capital, dont au moins 35 % \u00e0 titre personnel.<\/strong><\/li>\n<li style=\"font-weight: 400;\" aria-level=\"1\"><strong>Vous avez la qualit\u00e9 de dirigeant de la soci\u00e9t\u00e9 et vous d\u00e9tenez (individuellement ou avec votre conjoint, partenaire pacs\u00e9, concubin, ascendants et descendants) au moins 1\/3 du capital, dont au moins 25 % \u00e0 titre personnel, sous r\u00e9serve qu&rsquo;un autre actionnaire ne d\u00e9tienne pas plus de 50 % du capital social.<\/strong><\/li>\n<\/ul>\n<p><span style=\"font-weight: 400;\">Il est possible d&rsquo;obtenir l&rsquo;ACRE \u00e0 plusieurs pour un seul et m\u00eame projet si vous d\u00e9tenez collectivement plus de 50 % du capital de la soci\u00e9t\u00e9, que l&rsquo;un ou plusieurs d&rsquo;entre vous ont la qualit\u00e9 de dirigeant de la soci\u00e9t\u00e9, et que chacun de vous d\u00e9tient au moins 1\/10\u00e8me de la fraction du capital d\u00e9tenue par le principal associ\u00e9. Par exemple, si l&rsquo;associ\u00e9 principal d\u00e9tient 50 % des parts sociales, chaque b\u00e9n\u00e9ficiaire doit d\u00e9tenir au moins 5 % des parts. Ces conditions doivent \u00e9galement \u00eatre remplies pendant au moins deux ans.<\/span><\/p>\n<h2><strong>Comment obtenir l\u2019ACRE en micro-entreprise ?\u00a0<\/strong><\/h2>\n<p><span style=\"font-weight: 400;\">En ce qui concerne la demande d&rsquo;ACRE pour un auto-entrepreneur, d\u00e8s qu&rsquo;il remplit les conditions d&rsquo;\u00e9ligibilit\u00e9, il peut b\u00e9n\u00e9ficier de l&rsquo;aide \u00e0 la cr\u00e9ation et \u00e0 la reprise d&rsquo;entreprise. Cette possibilit\u00e9 s&rsquo;applique, que la micro-entreprise soit cr\u00e9\u00e9e par une personne exer\u00e7ant une profession salari\u00e9e en parall\u00e8le ou non.<\/span><\/p>\n<p><span style=\"font-weight: 400;\">Cependant, pour obtenir l&rsquo;ACRE en tant qu&rsquo;auto-entrepreneur, il est n\u00e9cessaire de faire une demande explicite. Cette demande doit \u00eatre adress\u00e9e \u00e0 l&rsquo;Urssaf au moment du d\u00e9p\u00f4t du dossier de cr\u00e9ation ou de reprise.<\/span><\/p>\n<h2><strong>Comment demander l\u2019ACRE et o\u00f9 l\u2019envoyer\u00a0 ?\u00a0<\/strong><\/h2>\n<p><span style=\"font-weight: 400;\">La demande d&rsquo;ACRE s&rsquo;effectue au moment de la cr\u00e9ation d&rsquo;une entreprise pour les micro-entrepreneurs. Il est important de noter que, depuis le 1er janvier 2023, la cr\u00e9ation d&rsquo;une micro-entreprise doit obligatoirement \u00eatre r\u00e9alis\u00e9e en ligne sur le site du Guichet unique.<\/span><\/p>\n<p><span style=\"font-weight: 400;\">Pour les cr\u00e9ateurs ou repreneurs de soci\u00e9t\u00e9s, la demande est automatiquement transmise \u00e0 l&rsquo;Urssaf lors du d\u00e9p\u00f4t du dossier de cr\u00e9ation d&rsquo;entreprise sur le Guichet unique.<\/span><\/p>\n<p><span style=\"font-weight: 400;\"><strong>La proc\u00e9dure en ligne pour la demande d&rsquo;ACRE est sp\u00e9cifique aux auto-entrepreneurs. Dans ce cas, la demande doit \u00eatre effectu\u00e9e juste apr\u00e8s la demande d&rsquo;immatriculation sur le Guichet unique.<\/strong> Il est n\u00e9cessaire de compl\u00e9ter le Cerfa n\u00b0 13584-02. Si une demande d&rsquo;ACRE a d\u00e9j\u00e0 \u00e9t\u00e9 faite, la case \u00ab\u00a0Oui\u00a0\u00bb doit \u00eatre coch\u00e9e lors du remplissage du formulaire d&rsquo;inscription sur le site du Guichet unique.<\/span><\/p>\n<p><span style=\"font-weight: 400;\">Concernant l&rsquo;envoi de la demande d&rsquo;ACRE, <strong>il doit \u00eatre r\u00e9alis\u00e9 \u00e0 l&rsquo;Urssaf par courrier avec les pi\u00e8ces justificatives ou via la messagerie du compte<\/strong> <strong>Urssaf<\/strong>. Le traitement de la demande par l&rsquo;Urssaf prend environ un mois, et en cas d&rsquo;acceptation, une attestation est d\u00e9livr\u00e9e. Il est important de noter que le silence de l&rsquo;administration vaut rejet.<\/span><\/p>\n<p><span style=\"font-weight: 400;\">Il est \u00e0 noter que l&rsquo;envoi de la demande d&rsquo;ACRE concerne uniquement les micro-entrepreneurs.<\/span><\/p>\n<div class='cta-block'><div class='text'>Simulez toutes vos Aides en 2 min.<\/div><a href='https:\/\/www.mes-allocs.fr\/ab-app?origin=guides\/wp-json\/wp\/v2\/posts\/72514' class='app-button fit'>Simulation gratuite<\/a><\/div>\n","protected":false},"excerpt":{"rendered":"<p>L&rsquo;Aide \u00e0 la Cr\u00e9ation et \u00e0 la Reprise d&rsquo;une Entreprise (ACRE), \u00e9galement appel\u00e9e exon\u00e9ration de d\u00e9but d&rsquo;activit\u00e9, offre aux micro-entrepreneurs la possibilit\u00e9 de b\u00e9n\u00e9ficier d&rsquo;une r\u00e9duction de leurs cotisations sociales au cours de leur premi\u00e8re ann\u00e9e d&rsquo;exercice. D\u00e9finition et utilit\u00e9 de l\u2019ACRE\u00a0 Qu\u2019est-ce que c\u2019est l\u2019ACRE ?\u00a0 L&rsquo;ACRE, aide \u00e0 la cr\u00e9ation ou \u00e0 la [&hellip;]<\/p>\n","protected":false},"author":27,"featured_media":72515,"comment_status":"closed","ping_status":"open","sticky":false,"template":"","format":"standard","meta":{"amp_status":"","footnotes":""},"categories":[34,12874],"tags":[],"class_list":["post-72514","post","type-post","status-publish","format-standard","has-post-thumbnail","hentry","category-acre","category-beneficier-de-laccre"],"yoast_head":"<!-- This site is optimized with the Yoast SEO plugin v14.9 - https:\/\/yoast.com\/wordpress\/plugins\/seo\/ -->\n<title>Comment demander l\u2019ACRE ? | Mes-Allocs.fr<\/title>\n<meta name=\"description\" content=\"L&#039;ACRE offre aux micro-entrepreneurs la possibilit\u00e9 de b\u00e9n\u00e9ficier d&#039;une r\u00e9duction de leurs cotisations sociales pendant un an.\" \/>\n<meta name=\"robots\" content=\"index, follow, max-snippet:-1, max-image-preview:large, max-video-preview:-1\" \/>\n<link rel=\"canonical\" href=\"https:\/\/www.mes-allocs.fr\/guides\/acre\/comment-demander-acre\/\" \/>\n<meta property=\"og:locale\" content=\"fr_FR\" \/>\n<meta property=\"og:type\" content=\"article\" \/>\n<meta property=\"og:title\" content=\"Comment demander l\u2019ACRE ? | Mes-Allocs.fr\" \/>\n<meta property=\"og:description\" content=\"L&#039;ACRE offre aux micro-entrepreneurs la possibilit\u00e9 de b\u00e9n\u00e9ficier d&#039;une r\u00e9duction de leurs cotisations sociales pendant un an.\" \/>\n<meta property=\"og:url\" content=\"https:\/\/www.mes-allocs.fr\/guides\/acre\/comment-demander-acre\/\" \/>\n<meta property=\"og:site_name\" content=\"Mes-Allocs.fr\" \/>\n<meta property=\"article:published_time\" content=\"2024-01-15T13:24:15+00:00\" \/>\n<meta property=\"article:modified_time\" content=\"2025-03-31T13:58:48+00:00\" \/>\n<meta property=\"og:image\" content=\"https:\/\/www.mes-allocs.fr\/guides\/wp-content\/uploads\/2024\/01\/student-849822_1280.jpg?wsr\" \/>\n\t<meta property=\"og:image:width\" content=\"1280\" \/>\n\t<meta property=\"og:image:height\" content=\"853\" \/>\n<meta name=\"twitter:card\" content=\"summary_large_image\" \/>\n<script type=\"application\/ld+json\" class=\"yoast-schema-graph\">{\"@context\":\"https:\/\/schema.org\",\"@graph\":[{\"@type\":\"WebSite\",\"@id\":\"https:\/\/www.mes-allocs.fr\/guides\/#website\",\"url\":\"https:\/\/www.mes-allocs.fr\/guides\/\",\"name\":\"Mes-Allocs.fr\",\"description\":\"\",\"potentialAction\":[{\"@type\":\"SearchAction\",\"target\":\"https:\/\/www.mes-allocs.fr\/guides\/?s={search_term_string}\",\"query-input\":\"required name=search_term_string\"}],\"inLanguage\":\"fr-FR\"},{\"@type\":\"ImageObject\",\"@id\":\"https:\/\/www.mes-allocs.fr\/guides\/acre\/comment-demander-acre\/#primaryimage\",\"inLanguage\":\"fr-FR\",\"url\":\"https:\/\/www.mes-allocs.fr\/guides\/wp-content\/uploads\/2024\/01\/student-849822_1280.jpg?wsr\",\"width\":1280,\"height\":853,\"caption\":\"demande aide au temps libre caf\"},{\"@type\":\"WebPage\",\"@id\":\"https:\/\/www.mes-allocs.fr\/guides\/acre\/comment-demander-acre\/#webpage\",\"url\":\"https:\/\/www.mes-allocs.fr\/guides\/acre\/comment-demander-acre\/\",\"name\":\"Comment demander l\\u2019ACRE ? | Mes-Allocs.fr\",\"isPartOf\":{\"@id\":\"https:\/\/www.mes-allocs.fr\/guides\/#website\"},\"primaryImageOfPage\":{\"@id\":\"https:\/\/www.mes-allocs.fr\/guides\/acre\/comment-demander-acre\/#primaryimage\"},\"datePublished\":\"2024-01-15T13:24:15+00:00\",\"dateModified\":\"2025-03-31T13:58:48+00:00\",\"author\":{\"@id\":\"https:\/\/www.mes-allocs.fr\/guides\/#\/schema\/person\/7a9b61e7b715d477066a9f941c0440c7\"},\"description\":\"L'ACRE offre aux micro-entrepreneurs la possibilit\\u00e9 de b\\u00e9n\\u00e9ficier d'une r\\u00e9duction de leurs cotisations sociales pendant un an.\",\"inLanguage\":\"fr-FR\"},{\"@type\":\"Person\",\"@id\":\"https:\/\/www.mes-allocs.fr\/guides\/#\/schema\/person\/7a9b61e7b715d477066a9f941c0440c7\",\"name\":\"L\\u00e9o Martin\",\"image\":{\"@type\":\"ImageObject\",\"@id\":\"https:\/\/www.mes-allocs.fr\/guides\/#personlogo\",\"inLanguage\":\"fr-FR\",\"url\":\"https:\/\/www.mes-allocs.fr\/guides\/wp-content\/uploads\/2023\/12\/1635317753781-e1701432075572-150x150.jpg\",\"caption\":\"L\\u00e9o Martin\"},\"description\":\"L\\u00e9o est r\\u00e9dacteur au sein de l'\\u00e9quipe Mes Allocs, sp\\u00e9cialis\\u00e9 sur les th\\u00e9matiques pouvoir d'achat et aides. Il rejoint Mes Allocs apr\\u00e8s une premi\\u00e8re exp\\u00e9rience en tant que journaliste chez La Gazette Cagnoise et Nice Presse.\",\"sameAs\":[\"https:\/\/www.linkedin.com\/in\/lo-martin-3429bb224\"]}]}<\/script>\n<!-- \/ Yoast SEO plugin. -->","amp_validity":null,"acf":{"faq":{"1":{"question":"Qu\u2019est-ce que c\u2019est l\u2019ACRE ? ","answer":"L'ACRE offre aux micro-entrepreneurs la possibilit\u00e9 de b\u00e9n\u00e9ficier d'une r\u00e9duction de leurs cotisations sociales au cours de leur premi\u00e8re ann\u00e9e d'exercice.\r\n"},"2":{"question":"Quel est l'int\u00e9r\u00eat de faire une demande d\u2019ACRE ? ","answer":"Faire une demande d'ACRE pr\u00e9sente des avantages significatifs pour les personnes \u00e9ligibles, qu'elles optent pour la cr\u00e9ation ou la reprise d'une soci\u00e9t\u00e9 ou d'une micro-entreprise. L'ACRE offre la possibilit\u00e9 de b\u00e9n\u00e9ficier d'une exon\u00e9ration totale ou partielle des cotisations sociales sur le revenu d'activit\u00e9. \r\n"},"3":{"question":"Quelles sont les conditions pour avoir l\u2019ACRE ? ","answer":"Pour b\u00e9n\u00e9ficier de l'ACRE, il y a plusieurs conditions \u00e0 respecter comme : Avoir entre 18 ans et 26 ans, avoir conclu un contrat d'appui au projet d'entreprise (CAPE), cr\u00e9er ou reprendre une entreprise implant\u00e9e au sein d'un quartier prioritaire de la ville (QPV), etc. \r\n"},"4":{"question":"Comment obtenir l\u2019ACRE en soci\u00e9t\u00e9 ? ","answer":"En ce qui concerne l'ACRE, la demande pour la cr\u00e9ation ou la reprise d'une soci\u00e9t\u00e9 n\u00e9cessite que vous exerciez r\u00e9ellement le contr\u00f4le de la soci\u00e9t\u00e9. "},"5":{"question":"Comment obtenir l\u2019ACRE en micro-entreprise ? ","answer":"Pour obtenir l'ACRE en tant qu'auto-entrepreneur, il est n\u00e9cessaire de faire une demande explicite. Cette demande doit \u00eatre adress\u00e9e \u00e0 l'Urssaf au moment du d\u00e9p\u00f4t du dossier de cr\u00e9ation ou de reprise.\r\n"},"6":{"question":"","answer":""},"7":{"question":"","answer":""},"8":{"question":"","answer":""},"9":{"question":"","answer":""},"10":{"question":"","answer":""},"11":{"question":"","answer":""},"12":{"question":"","answer":""},"13":{"question":"","answer":""},"14":{"question":"","answer":""},"15":{"question":"","answer":""},"16":{"question":"","answer":""}}},"_links":{"self":[{"href":"https:\/\/www.mes-allocs.fr\/guides\/wp-json\/wp\/v2\/posts\/72514","targetHints":{"allow":["GET"]}}],"collection":[{"href":"https:\/\/www.mes-allocs.fr\/guides\/wp-json\/wp\/v2\/posts"}],"about":[{"href":"https:\/\/www.mes-allocs.fr\/guides\/wp-json\/wp\/v2\/types\/post"}],"author":[{"embeddable":true,"href":"https:\/\/www.mes-allocs.fr\/guides\/wp-json\/wp\/v2\/users\/27"}],"replies":[{"embeddable":true,"href":"https:\/\/www.mes-allocs.fr\/guides\/wp-json\/wp\/v2\/comments?post=72514"}],"version-history":[{"count":5,"href":"https:\/\/www.mes-allocs.fr\/guides\/wp-json\/wp\/v2\/posts\/72514\/revisions"}],"predecessor-version":[{"id":97303,"href":"https:\/\/www.mes-allocs.fr\/guides\/wp-json\/wp\/v2\/posts\/72514\/revisions\/97303"}],"wp:featuredmedia":[{"embeddable":true,"href":"https:\/\/www.mes-allocs.fr\/guides\/wp-json\/wp\/v2\/media\/72515"}],"wp:attachment":[{"href":"https:\/\/www.mes-allocs.fr\/guides\/wp-json\/wp\/v2\/media?parent=72514"}],"wp:term":[{"taxonomy":"category","embeddable":true,"href":"https:\/\/www.mes-allocs.fr\/guides\/wp-json\/wp\/v2\/categories?post=72514"},{"taxonomy":"post_tag","embeddable":true,"href":"https:\/\/www.mes-allocs.fr\/guides\/wp-json\/wp\/v2\/tags?post=72514"}],"curies":[{"name":"wp","href":"https:\/\/api.w.org\/{rel}","templated":true}]}}