{"id":72242,"date":"2024-01-10T17:01:10","date_gmt":"2024-01-10T15:01:10","guid":{"rendered":"https:\/\/www.mes-allocs.fr\/guides\/?p=72242"},"modified":"2025-01-09T10:59:56","modified_gmt":"2025-01-09T08:59:56","slug":"france-travail-remplace-pole-emploi","status":"publish","type":"post","link":"https:\/\/www.mes-allocs.fr\/guides\/chomage\/france-travail-remplace-pole-emploi\/","title":{"rendered":"France Travail : la nouvelle plateforme en remplacement de P\u00f4le Emploi"},"content":{"rendered":"<p><img loading=\"lazy\" decoding=\"async\" class=\"alignnone wp-image-72246 size-full\" title=\"France travail\" src=\"https:\/\/www.mes-allocs.fr\/guides\/wp-content\/uploads\/2024\/01\/office-624749_1280-e1704897945359.jpg\" alt=\"France travail \" width=\"1280\" height=\"342\" srcset=\"https:\/\/www.mes-allocs.fr\/guides\/wp-content\/uploads\/2024\/01\/office-624749_1280-e1704897945359.jpg 1280w, https:\/\/www.mes-allocs.fr\/guides\/wp-content\/uploads\/2024\/01\/office-624749_1280-e1704897945359-300x80.jpg 300w, https:\/\/www.mes-allocs.fr\/guides\/wp-content\/uploads\/2024\/01\/office-624749_1280-e1704897945359-1024x274.jpg 1024w, https:\/\/www.mes-allocs.fr\/guides\/wp-content\/uploads\/2024\/01\/office-624749_1280-e1704897945359-768x205.jpg 768w, https:\/\/www.mes-allocs.fr\/guides\/wp-content\/uploads\/2024\/01\/office-624749_1280-e1704897945359-600x160.jpg 600w\" sizes=\"auto, (max-width: 1280px) 100vw, 1280px\" \/><\/p>\n<p><b>Depuis le 1er janvier 2024, <a href=\"https:\/\/www.mes-allocs.fr\/guides\/chomage\">P\u00f4le Emploi<\/a> est devenu France Travail. Cette r\u00e9forme vise \u00e0 simplifier la recherche d&#8217;emploi et l\u2019insertion de toutes les personnes sans emploi.\u00a0<\/b><\/p>\n<div class='cta-block'><div class='text'>Simulez toutes vos Aides en 2 min.<\/div><a href='https:\/\/www.mes-allocs.fr\/ab-app?origin=guides\/wp-json\/wp\/v2\/posts\/72242' class='app-button fit'>Simulation gratuite<\/a><\/div>\n<h1><b>France Travail : D\u00e9finition et transformation<\/b><\/h1>\n<h2><b>Qu\u2019est-ce que France Travail ?\u00a0<\/b><\/h2>\n<p>Depuis le 1er janvier 2024, P\u00f4le Emploi a \u00e9t\u00e9 rebaptis\u00e9 France Travail. Au-del\u00e0 de ce simple changement de nom, le gouvernement entreprend une restructuration compl\u00e8te des institutions d\u00e9di\u00e9es \u00e0 la recherche d&#8217;emploi et aux demandeurs d&#8217;emploi.<\/p>\n<p>L&rsquo;objectif de France Travail est d&rsquo;\u0153uvrer \u00e0 <strong>l&rsquo;am\u00e9lioration du plein emploi en France.<\/strong> En mai 2022, le taux de ch\u00f4mage avait atteint son niveau le plus bas, et le gouvernement ambitionne de maintenir cette tendance \u00e0 la baisse du nombre de demandeurs d&#8217;emploi.<\/p>\n<p>Cependant, malgr\u00e9 la diminution du ch\u00f4mage, de nombreuses personnes sans emploi rencontrent des difficult\u00e9s \u00e0 retrouver du travail, tandis que certaines entreprises font face \u00e0 des obstacles dans leurs processus de recrutement.<\/p>\n<h2><b>Pourquoi transformer P\u00f4le Emploi ?\u00a0<\/b><\/h2>\n<p>La mise en place du r\u00e9seau France Travail a pour dessein d&rsquo;<strong>am\u00e9liorer le syst\u00e8me actuel d&rsquo;assistance \u00e0 l&rsquo;insertion professionnelle et au retour \u00e0 l&#8217;emploi.<\/strong><\/p>\n<p>Le r\u00e9seau France Travail ambitionne d&rsquo;\u00e9largir les comp\u00e9tences de P\u00f4le Emploi <strong>en r\u00e9unissant divers intervenants du secteur de l&#8217;emploi, tels que l&rsquo;\u00c9tat, les collectivit\u00e9s territoriales et les partenaires sociaux.<\/strong> L&rsquo;objectif est de fournir un suivi collaboratif afin d&rsquo;am\u00e9liorer l&rsquo;accompagnement des demandeurs d&#8217;emploi, en mettant particuli\u00e8rement l&rsquo;accent sur les personnes les plus \u00e9loign\u00e9es du march\u00e9 du travail.<\/p>\n<h2><b>Un nouvel op\u00e9rateur pour les personnes en recherche d\u2019emploi\u00a0<\/b><\/h2>\n<p>Si vous vous trouvez au ch\u00f4mage ou si vous \u00eates en qu\u00eate d&rsquo;un nouvel emploi,<strong> France Travail a pour mission de vous apporter son soutien. Son objectif est de simplifier et d&rsquo;acc\u00e9l\u00e9rer le processus d&rsquo;inscription pour les demandeurs d&#8217;emploi et les personnes en qu\u00eate d&rsquo;une nouvelle orientation professionnelle.<\/strong><\/p>\n<p>Une premi\u00e8re \u00e9tape consistera \u00e0 r\u00e9aliser un diagnostic de la situation professionnelle de chaque individu, afin d&rsquo;\u00e9valuer son parcours professionnel, ses formations, ses aspirations, ses motivations, etc.<\/p>\n<h1><b>Les contrats d\u2019engagements\u00a0<\/b><\/h1>\n<h2><b>Un contrat d\u2019engagement pour les demandeurs d\u2019emploi\u00a0<\/b><\/h2>\n<p>Avec France Travail, <strong>les individus b\u00e9n\u00e9ficiant d&rsquo;aides financi\u00e8res telles que l&rsquo;allocation ch\u00f4mage et de services d&rsquo;accompagnement seront soumis \u00e0 un contrat d&rsquo;engagements<\/strong> r\u00e9ciproques unique, adapt\u00e9 \u00e0 leur parcours, et sign\u00e9 au moment de l&rsquo;inscription.<\/p>\n<p><strong>En cas de non-respect de ce contrat ou de refus de le signer, des sanctions seront appliqu\u00e9es, incluant une suspension temporaire des droits aux indemnit\u00e9s ch\u00f4mage<\/strong> dans deux situations :<\/p>\n<ul>\n<li>Absence injustifi\u00e9e \u00e0 deux rendez-vous de diagnostic.<\/li>\n<li>Non-respect des engagements pris.<\/li>\n<\/ul>\n<p><strong>Avant toute radiation, le conseiller France Travail peut suspendre le versement du RSA.<\/strong><\/p>\n<p>Pour les demandeurs d&#8217;emploi b\u00e9n\u00e9ficiant de l&rsquo;allocation ch\u00f4mage, ce contrat peut inclure un plan d&rsquo;action d\u00e9taillant les objectifs d&rsquo;insertion professionnelle, prenant en consid\u00e9ration les comp\u00e9tences, la situation personnelle, les formations et les qualifications de chacun.<\/p>\n<p>Le contrat d&rsquo;engagement pr\u00e9cisera \u00e9galement les offres d&#8217;emploi raisonnablement propos\u00e9es par le conseiller. Apr\u00e8s deux refus non justifi\u00e9s, une radiation est envisageable. Enfin, la dur\u00e9e de ce contrat ne pourra pas exc\u00e9der deux ans \u00e0 compter du 1er janvier 2025.<\/p>\n<h2><b>Un contrat d\u2019engagement pour les personnes au RSA\u00a0<\/b><\/h2>\n<p><strong>Les individus b\u00e9n\u00e9ficiaires du Revenu de Solidarit\u00e9 Active (RSA) sont \u00e9galement touch\u00e9s par les \u00e9volutions de France Travail<\/strong>, avec une inscription automatique pr\u00e9vue au plus tard le 1er janvier 2025.<\/p>\n<p>Le r\u00e9seau propose des activit\u00e9s obligatoires int\u00e9gr\u00e9es dans le contrat d&rsquo;engagement, d&rsquo;une dur\u00e9e de 15 \u00e0 20 heures par semaine,<strong> visant \u00e0 faciliter l&rsquo;insertion sur le march\u00e9 du travail<\/strong>. Ces activit\u00e9s peuvent comprendre :<\/p>\n<ul>\n<li>Des p\u00e9riodes d&rsquo;immersion en entreprise.<\/li>\n<li>Des ateliers.<\/li>\n<li>Des sessions de formation.<\/li>\n<li>Des remises \u00e0 niveau.<\/li>\n<li>L&rsquo;\u00e9laboration du CV et de la lettre de motivation, entre autres.<\/li>\n<\/ul>\n<p>France Travail a \u00e9galement pour mission de d\u00e9velopper des formations afin de pr\u00e9parer et de favoriser l&#8217;embauche. Les aides financi\u00e8res \u00e0 la formation, telles que le POEI et l&rsquo;AFPR (Action de Formation Pr\u00e9alable au Recrutement, une aide \u00e0 l&#8217;embauche visant \u00e0 acqu\u00e9rir de nouvelles comp\u00e9tences en r\u00e9ponse \u00e0 une offre d&#8217;emploi), pourraient fusionner.<\/p>\n<h2><b>Il y aura-t-il plus de contr\u00f4le ?\u00a0<\/b><\/h2>\n<p>Le ministre du Travail, Olivier Dussopt, exprime le souhait d&rsquo;accro\u00eetre de mani\u00e8re significative le nombre de contr\u00f4les avec France Travail. Le ministre pr\u00e9cise son intention de renforcer les v\u00e9rifications concernant les individus ayant suivi une formation qualifiante et n&rsquo;ayant pas accept\u00e9 d&#8217;emploi correspondant \u00e0 leur formation.<\/p>\n<div class='cta-block'><div class='text'>Simulez toutes vos Aides en 2 min.<\/div><a href='https:\/\/www.mes-allocs.fr\/ab-app?origin=guides\/wp-json\/wp\/v2\/posts\/72242' class='app-button fit'>Simulation gratuite<\/a><\/div>\n<h1><b>Les changements\u00a0<\/b><\/h1>\n<h2><b>Qu\u2019est-ce qui ne change pas ?\u00a0<\/b><\/h2>\n<p>\u00c0 partir du 1er janvier 2024, vous aurez toujours la possibilit\u00e9 de :<\/p>\n<ul>\n<li><strong>\u00catre re\u00e7u par votre conseiller P\u00f4le Emploi<\/strong> selon les modalit\u00e9s habituelles.<\/li>\n<li><strong>Recevoir votre allocation ch\u00f4mage dans les m\u00eames conditions.<\/strong><\/li>\n<li><strong>Poursuivre votre actualisation mensuelle via votre Espace Personnel<\/strong>, qui sera disponible sur le site France Travail \u00e0 partir de f\u00e9vrier 2024.<\/li>\n<li><strong>Rechercher des offres d&#8217;emploi sur le site de P\u00f4le Emploi<\/strong> jusqu&rsquo;\u00e0 l&rsquo;ouverture du site France Travail en f\u00e9vrier 2024.<\/li>\n<li>Utiliser l&rsquo;ensemble des services num\u00e9riques habituels.<\/li>\n<\/ul>\n<h2><strong>Qu\u2019est-ce qui change progressivement ?\u00a0<\/strong><\/h2>\n<p>\u00c0 partir du 1er janvier 2024, voici les modifications pour les demandeurs d&#8217;emploi :<\/p>\n<ul>\n<li>Toutes les personnes sans emploi, y compris les b\u00e9n\u00e9ficiaires du RSA, seront <strong>automatiquement inscrites \u00e0 France Travail.<\/strong><\/li>\n<li>Toutes les personnes inscrites<strong> b\u00e9n\u00e9ficieront d&rsquo;un accompagnement adapt\u00e9 \u00e0 leurs besoins.<\/strong><\/li>\n<li>Chaque demandeur d&#8217;emploi aura droit \u00e0 <strong>un diagnostic approfondi sur ses besoins.<\/strong><\/li>\n<li>Chaque personne devra<strong> signer un contrat d&rsquo;engagement.<\/strong><\/li>\n<li>Chaque demandeur d&#8217;emploi aura <strong>acc\u00e8s \u00e0 des droits et des devoirs.<\/strong><\/li>\n<\/ul>\n<p>P\u00f4le Emploi est actuellement d\u00e9di\u00e9 exclusivement aux demandeurs d&#8217;emploi. Avec France Travail, le gouvernement vise \u00e0 \u00e9largir la prise en charge \u00e0 toutes les personnes sans emploi, assurant ainsi \u00e0 chacune le meilleur accompagnement possible.<\/p>\n<p>Par ailleurs, <strong>plusieurs noms seront modifi\u00e9s dans ce cadre.<\/strong> Les missions locales seront rebaptis\u00e9es \u00ab\u00a0France Travail Jeunes\u00a0\u00bb, tandis que Cap Emploi pourrait \u00eatre d\u00e9sign\u00e9 comme l&rsquo;op\u00e9rateur \u00ab\u00a0France Travail Handicap\u00a0\u00bb.<\/p>\n<h2><b>Qu\u2019est-ce qui ne change pas au premier janvier 2024 pour les entreprises ?\u00a0<\/b><\/h2>\n<p>\u00c0 partir du 1er janvier 2024, les entreprises auront toujours la possibilit\u00e9 de :<\/p>\n<ul>\n<li>Vous pouvez toujours <strong>les contacter via le 39 95.<\/strong><\/li>\n<li><strong>La publication de vos offres d&#8217;emploi se fera selon les m\u00eames modalit\u00e9s qu&rsquo;actuellement,<\/strong> et l&rsquo;information sur le positionnement de votre offre sur le march\u00e9 du travail local (salaire, exp\u00e9rience, etc.) reste disponible.<\/li>\n<li><strong>Les modalit\u00e9s de contact avec votre conseiller entreprises demeurent inchang\u00e9es.<\/strong><\/li>\n<li>Votre compte entreprise reste identique et permet toujours d&rsquo;acc\u00e9der \u00e0 l&rsquo;ensemble des services en ligne disponibles, notamment \u00e0 la banque de profils.<\/li>\n<li>Les services que vous utilisez, tels que l&rsquo;Immersion facilit\u00e9e et Mes Aides \u00e0 l&#8217;embauche, restent \u00e9galement accessibles.<\/li>\n<\/ul>\n<h2><b>Qu\u2019est-ce qui change progressivement au premier janvier 2024 pour les entreprises ?\u00a0<\/b><\/h2>\n<p>Gr\u00e2ce \u00e0 une coordination am\u00e9lior\u00e9e entre tous les acteurs de l&#8217;emploi, France <strong>Travail ambitionne de fournir un accompagnement personnalis\u00e9 et local aux entreprises pour leurs recrutements, en mettant particuli\u00e8rement l&rsquo;accent sur les TPE\/PME :<\/strong><\/p>\n<ul>\n<li>Les conseillers entreprises de France Travail et de ses partenaires de l&#8217;emploi dans les territoires intensifieront leurs efforts pour rencontrer les entreprises, identifier leurs besoins en recrutement et leur proposer un accompagnement adapt\u00e9.<\/li>\n<li>Les entreprises auront la possibilit\u00e9 de faire part de leurs besoins de recrutement sur une plateforme unique de d\u00e9p\u00f4t des offres, permettant ainsi \u00e0 tous les acteurs du service public de l&#8217;emploi d&rsquo;en prendre connaissance.<\/li>\n<li><strong>Les entreprises b\u00e9n\u00e9ficieront d&rsquo;un accompagnement pour faire conna\u00eetre leurs m\u00e9tiers localement<\/strong>, contribuant ainsi \u00e0 d\u00e9velopper leur attractivit\u00e9.<\/li>\n<li>Enfin, le soutien aux entreprises qui s&rsquo;engagent \u00e0 adopter une approche inclusive dans leurs recrutements sera renforc\u00e9, favorisant ainsi l&rsquo;ouverture \u00e0 tous les profils.<\/li>\n<\/ul>\n<h1><b>Quel est le r\u00f4le de France travail ?\u00a0<\/b><\/h1>\n<h2><b>Qui est concern\u00e9 par France Travail ?\u00a0<\/b><\/h2>\n<p>France Travail<strong> vise \u00e0 recenser toutes les personnes sans emploi en France,<\/strong> parmi lesquelles se trouvent :<\/p>\n<ul>\n<li><strong>Les demandeurs d&#8217;emploi inscrits \u00e0 P\u00f4le Emploi.<\/strong><\/li>\n<li><strong>Les allocataires du RSA.<\/strong><\/li>\n<li><strong>Les jeunes.<\/strong><\/li>\n<li><strong>Les personnes les plus \u00e9loign\u00e9es de l&#8217;emploi.<\/strong><\/li>\n<\/ul>\n<p>L&rsquo;inscription se r\u00e9alise en ligne sur le portail commun. Il est \u00e9galement possible de se rendre aux guichets de France Travail, anciennement P\u00f4le Emploi, pour s&rsquo;inscrire avec l&rsquo;aide des conseillers.<\/p>\n<h2><b>Un premier entretien\u00a0<\/b><\/h2>\n<p>France Travail envisage d&rsquo;effectuer <strong>un premier diagnostic de votre situation professionnelle au cours d&rsquo;un entretien.<\/strong> Celui-ci vise \u00e0 \u00e9valuer vos comp\u00e9tences ainsi que vos besoins sociaux et professionnels.<\/p>\n<p>\u00c0 la suite de cette premi\u00e8re interaction, les op\u00e9rateurs auront la possibilit\u00e9 <strong>d&rsquo;ajuster le dispositif d&rsquo;accompagnement au retour \u00e0 l&#8217;emploi afin de renforcer votre attractivit\u00e9<\/strong> aupr\u00e8s des recruteurs et des employeurs.<\/p>\n<p>France Travail aspire \u00e0 offrir un suivi personnalis\u00e9 aux personnes licenci\u00e9es, notamment pour inaptitude, sans attendre la fin du pr\u00e9avis de leur contrat de travail.<\/p>\n<h2><b>Un meilleur dialogue avec les entreprises\u00a0<\/b><\/h2>\n<p><strong>Les mesures d&rsquo;accompagnement visent \u00e9galement \u00e0 renforcer la connexion avec les entreprises en phase de recrutement.<\/strong> France Travail mobilisera des \u00e9quipes d\u00e9di\u00e9es au recrutement des entreprises pour collaborer avec les partenaires tels que l&rsquo;Apec, Cap Emploi, etc.<\/p>\n<p>L&rsquo;objectif de France Travail est de<strong> mieux coordonner les actions de recrutement<\/strong> afin d&rsquo;\u00e9viter que les entreprises ne soient sollicit\u00e9es de mani\u00e8re r\u00e9p\u00e9t\u00e9e par plusieurs professionnels de l&#8217;emploi.<\/p>\n<p>Le rapport souligne l&rsquo;int\u00e9r\u00eat de cr\u00e9er une plateforme de services num\u00e9riques personnalis\u00e9s r\u00e9unissant tous les acteurs du r\u00e9seau, notamment les Opco, les chambres consulaires, les services des collectivit\u00e9s, etc.<\/p>\n<div class='cta-block'><div class='text'>Simulez toutes vos Aides en 2 min.<\/div><a href='https:\/\/www.mes-allocs.fr\/ab-app?origin=guides\/wp-json\/wp\/v2\/posts\/72242' class='app-button fit'>Simulation gratuite<\/a><\/div>\n","protected":false},"excerpt":{"rendered":"<p>Depuis le 1er janvier 2024, P\u00f4le Emploi est devenu France Travail. Cette r\u00e9forme vise \u00e0 simplifier la recherche d&#8217;emploi et l\u2019insertion de toutes les personnes sans emploi.\u00a0 France Travail : D\u00e9finition et transformation Qu\u2019est-ce que France Travail ?\u00a0 Depuis le 1er janvier 2024, P\u00f4le Emploi a \u00e9t\u00e9 rebaptis\u00e9 France Travail. Au-del\u00e0 de ce simple changement [&hellip;]<\/p>\n","protected":false},"author":27,"featured_media":72245,"comment_status":"closed","ping_status":"open","sticky":false,"template":"","format":"standard","meta":{"amp_status":"","footnotes":""},"categories":[2989],"tags":[],"class_list":["post-72242","post","type-post","status-publish","format-standard","has-post-thumbnail","hentry","category-chomage"],"yoast_head":"<!-- This site is optimized with the Yoast SEO plugin v14.9 - https:\/\/yoast.com\/wordpress\/plugins\/seo\/ -->\n<title>France Travail : la nouvelle plateforme en remplacement de P\u00f4le Emploi<\/title>\n<meta name=\"description\" content=\"Depuis le premier janvier 2024, P\u00f4le Emploi est devenu France Travail. Voici ce qui change et ce qui ne change pas.\" \/>\n<meta name=\"robots\" content=\"index, follow, max-snippet:-1, max-image-preview:large, max-video-preview:-1\" \/>\n<link rel=\"canonical\" href=\"https:\/\/www.mes-allocs.fr\/guides\/chomage\/france-travail-remplace-pole-emploi\/\" \/>\n<meta property=\"og:locale\" content=\"fr_FR\" \/>\n<meta property=\"og:type\" content=\"article\" \/>\n<meta property=\"og:title\" content=\"France Travail : la nouvelle plateforme en remplacement de P\u00f4le Emploi\" \/>\n<meta property=\"og:description\" content=\"Depuis le premier janvier 2024, P\u00f4le Emploi est devenu France Travail. Voici ce qui change et ce qui ne change pas.\" \/>\n<meta property=\"og:url\" content=\"https:\/\/www.mes-allocs.fr\/guides\/chomage\/france-travail-remplace-pole-emploi\/\" \/>\n<meta property=\"og:site_name\" content=\"Mes-Allocs.fr\" \/>\n<meta property=\"article:published_time\" content=\"2024-01-10T15:01:10+00:00\" \/>\n<meta property=\"article:modified_time\" content=\"2025-01-09T08:59:56+00:00\" \/>\n<meta property=\"og:image\" content=\"https:\/\/www.mes-allocs.fr\/guides\/wp-content\/uploads\/2024\/01\/secretary-338561_1280.jpg?wsr\" \/>\n\t<meta property=\"og:image:width\" content=\"1280\" \/>\n\t<meta property=\"og:image:height\" content=\"850\" \/>\n<meta name=\"twitter:card\" content=\"summary_large_image\" \/>\n<script type=\"application\/ld+json\" class=\"yoast-schema-graph\">{\"@context\":\"https:\/\/schema.org\",\"@graph\":[{\"@type\":\"WebSite\",\"@id\":\"https:\/\/www.mes-allocs.fr\/guides\/#website\",\"url\":\"https:\/\/www.mes-allocs.fr\/guides\/\",\"name\":\"Mes-Allocs.fr\",\"description\":\"\",\"potentialAction\":[{\"@type\":\"SearchAction\",\"target\":\"https:\/\/www.mes-allocs.fr\/guides\/?s={search_term_string}\",\"query-input\":\"required name=search_term_string\"}],\"inLanguage\":\"fr-FR\"},{\"@type\":\"ImageObject\",\"@id\":\"https:\/\/www.mes-allocs.fr\/guides\/chomage\/france-travail-remplace-pole-emploi\/#primaryimage\",\"inLanguage\":\"fr-FR\",\"url\":\"https:\/\/www.mes-allocs.fr\/guides\/wp-content\/uploads\/2024\/01\/secretary-338561_1280.jpg?wsr\",\"width\":1280,\"height\":850,\"caption\":\"France travail\"},{\"@type\":\"WebPage\",\"@id\":\"https:\/\/www.mes-allocs.fr\/guides\/chomage\/france-travail-remplace-pole-emploi\/#webpage\",\"url\":\"https:\/\/www.mes-allocs.fr\/guides\/chomage\/france-travail-remplace-pole-emploi\/\",\"name\":\"France Travail : la nouvelle plateforme en remplacement de P\\u00f4le Emploi\",\"isPartOf\":{\"@id\":\"https:\/\/www.mes-allocs.fr\/guides\/#website\"},\"primaryImageOfPage\":{\"@id\":\"https:\/\/www.mes-allocs.fr\/guides\/chomage\/france-travail-remplace-pole-emploi\/#primaryimage\"},\"datePublished\":\"2024-01-10T15:01:10+00:00\",\"dateModified\":\"2025-01-09T08:59:56+00:00\",\"author\":{\"@id\":\"https:\/\/www.mes-allocs.fr\/guides\/#\/schema\/person\/7a9b61e7b715d477066a9f941c0440c7\"},\"description\":\"Depuis le premier janvier 2024, P\\u00f4le Emploi est devenu France Travail. Voici ce qui change et ce qui ne change pas.\",\"inLanguage\":\"fr-FR\"},{\"@type\":\"Person\",\"@id\":\"https:\/\/www.mes-allocs.fr\/guides\/#\/schema\/person\/7a9b61e7b715d477066a9f941c0440c7\",\"name\":\"L\\u00e9o Martin\",\"image\":{\"@type\":\"ImageObject\",\"@id\":\"https:\/\/www.mes-allocs.fr\/guides\/#personlogo\",\"inLanguage\":\"fr-FR\",\"url\":\"https:\/\/www.mes-allocs.fr\/guides\/wp-content\/uploads\/2023\/12\/1635317753781-e1701432075572-150x150.jpg\",\"caption\":\"L\\u00e9o Martin\"},\"description\":\"L\\u00e9o est r\\u00e9dacteur au sein de l'\\u00e9quipe Mes Allocs, sp\\u00e9cialis\\u00e9 sur les th\\u00e9matiques pouvoir d'achat et aides. Il rejoint Mes Allocs apr\\u00e8s une premi\\u00e8re exp\\u00e9rience en tant que journaliste chez La Gazette Cagnoise et Nice Presse.\",\"sameAs\":[\"https:\/\/www.linkedin.com\/in\/lo-martin-3429bb224\"]}]}<\/script>\n<!-- \/ Yoast SEO plugin. -->","amp_validity":null,"acf":{"faq":{"1":{"question":"Qu\u2019est-ce que France Travail ? ","answer":"Depuis le premier janvier 2024, P\u00f4le Emploi est devenu France Travail. Cette r\u00e9forme vise \u00e0 simplifier la recherche d'emploi et l\u2019insertion de toutes les personnes sans emploi. \r\n"},"2":{"question":"Qu\u2019est-ce qui ne change pas ? ","answer":"\u00c0 partir du 1er janvier 2024, vous aurez toujours la possibilit\u00e9 d'\u00eatre re\u00e7u par votre conseiller P\u00f4le Emploi selon les modalit\u00e9s habituelles, recevoir votre allocation ch\u00f4mage dans les m\u00eames conditions, poursuivre votre actualisation mensuelle via votre Espace Personnel, qui sera disponible sur le site France Travail \u00e0 partir de f\u00e9vrier 2024, etc. \r\n"},"3":{"question":"Qui est concern\u00e9 par France Travail ? ","answer":"France Travail vise \u00e0 recenser toutes les personnes sans emploi en France, parmi lesquelles se trouvent les demandeurs d'emploi inscrits \u00e0 P\u00f4le Emploi, les allocataires du RSA, les jeunes, les personnes les plus \u00e9loign\u00e9es de l'emploi.\r\n"},"4":{"question":"Il y aura t-il un premier entretien ? ","answer":"France Travail envisage d'effectuer un premier diagnostic de votre situation professionnelle au cours d'un entretien. Celui-ci vise \u00e0 \u00e9valuer vos comp\u00e9tences ainsi que vos besoins sociaux et professionnels.\r\n"},"5":{"question":"Comment \u00e7a va se passer avec les entreprises ? ","answer":"L'objectif de France Travail est de mieux coordonner les actions de recrutement afin d'\u00e9viter que les entreprises ne soient sollicit\u00e9es de mani\u00e8re r\u00e9p\u00e9t\u00e9e par plusieurs professionnels de l'emploi.\r\n"},"6":{"question":"Qu\u2019est-ce qui ne change pas au premier janvier 2024 pour les entreprises ? ","answer":"\u00c0 partir du 1er janvier 2024, les entreprises auront toujours la possibilit\u00e9 de les contacter via le 39 95, la publication de vos offres d'emploi se fera selon les m\u00eames modalit\u00e9s qu'actuellement, et l'information sur le positionnement de votre offre sur le march\u00e9 du travail local, les modalit\u00e9s de contact avec votre conseiller entreprises demeurent inchang\u00e9es.\r\n"},"7":{"question":"","answer":""},"8":{"question":"","answer":""},"9":{"question":"","answer":""},"10":{"question":"","answer":""},"11":{"question":"","answer":""},"12":{"question":"","answer":""},"13":{"question":"","answer":""},"14":{"question":"","answer":""},"15":{"question":"","answer":""},"16":{"question":"","answer":""}}},"_links":{"self":[{"href":"https:\/\/www.mes-allocs.fr\/guides\/wp-json\/wp\/v2\/posts\/72242","targetHints":{"allow":["GET"]}}],"collection":[{"href":"https:\/\/www.mes-allocs.fr\/guides\/wp-json\/wp\/v2\/posts"}],"about":[{"href":"https:\/\/www.mes-allocs.fr\/guides\/wp-json\/wp\/v2\/types\/post"}],"author":[{"embeddable":true,"href":"https:\/\/www.mes-allocs.fr\/guides\/wp-json\/wp\/v2\/users\/27"}],"replies":[{"embeddable":true,"href":"https:\/\/www.mes-allocs.fr\/guides\/wp-json\/wp\/v2\/comments?post=72242"}],"version-history":[{"count":5,"href":"https:\/\/www.mes-allocs.fr\/guides\/wp-json\/wp\/v2\/posts\/72242\/revisions"}],"predecessor-version":[{"id":89060,"href":"https:\/\/www.mes-allocs.fr\/guides\/wp-json\/wp\/v2\/posts\/72242\/revisions\/89060"}],"wp:featuredmedia":[{"embeddable":true,"href":"https:\/\/www.mes-allocs.fr\/guides\/wp-json\/wp\/v2\/media\/72245"}],"wp:attachment":[{"href":"https:\/\/www.mes-allocs.fr\/guides\/wp-json\/wp\/v2\/media?parent=72242"}],"wp:term":[{"taxonomy":"category","embeddable":true,"href":"https:\/\/www.mes-allocs.fr\/guides\/wp-json\/wp\/v2\/categories?post=72242"},{"taxonomy":"post_tag","embeddable":true,"href":"https:\/\/www.mes-allocs.fr\/guides\/wp-json\/wp\/v2\/tags?post=72242"}],"curies":[{"name":"wp","href":"https:\/\/api.w.org\/{rel}","templated":true}]}}