{"id":72178,"date":"2024-01-09T16:00:12","date_gmt":"2024-01-09T14:00:12","guid":{"rendered":"https:\/\/www.mes-allocs.fr\/guides\/?p=72178"},"modified":"2026-04-03T13:51:10","modified_gmt":"2026-04-03T12:51:10","slug":"rsa-sans-travailler","status":"publish","type":"post","link":"https:\/\/www.mes-allocs.fr\/guides\/rsa\/rsa-conditions\/rsa-sans-travailler\/","title":{"rendered":"Est-il possible d&rsquo;avoir le RSA sans avoir travaill\u00e9 ?"},"content":{"rendered":"<p><img loading=\"lazy\" decoding=\"async\" class=\"alignnone wp-image-72181 size-full\" title=\"comment toucher le rsa sans avoir travaille\" src=\"https:\/\/www.mes-allocs.fr\/guides\/wp-content\/uploads\/2024\/01\/comment-toucher-le-rsa-sans-avoir-travaille-e1704792232897.jpg\" alt=\"comment toucher le rsa sans avoir travaille\" width=\"1280\" height=\"246\" srcset=\"https:\/\/www.mes-allocs.fr\/guides\/wp-content\/uploads\/2024\/01\/comment-toucher-le-rsa-sans-avoir-travaille-e1704792232897.jpg 1280w, https:\/\/www.mes-allocs.fr\/guides\/wp-content\/uploads\/2024\/01\/comment-toucher-le-rsa-sans-avoir-travaille-e1704792232897-300x58.jpg 300w, https:\/\/www.mes-allocs.fr\/guides\/wp-content\/uploads\/2024\/01\/comment-toucher-le-rsa-sans-avoir-travaille-e1704792232897-1024x197.jpg 1024w, https:\/\/www.mes-allocs.fr\/guides\/wp-content\/uploads\/2024\/01\/comment-toucher-le-rsa-sans-avoir-travaille-e1704792232897-768x148.jpg 768w, https:\/\/www.mes-allocs.fr\/guides\/wp-content\/uploads\/2024\/01\/comment-toucher-le-rsa-sans-avoir-travaille-e1704792232897-600x115.jpg 600w\" sizes=\"auto, (max-width: 1280px) 100vw, 1280px\" \/><\/p>\n<p>[Mis \u00e0 jour le 03\/04\/2026] Le Revenu de Solidarit\u00e9 Active (RSA) constitue un soutien financier crucial pour de nombreuses personnes aux ressources limit\u00e9es en France. Cependant, une interrogation persiste quant \u00e0 la possibilit\u00e9 d&rsquo;obtenir le <strong>RSA sans avoir travaill\u00e9<\/strong>. Mes Allocs vous dit tout sur les enjeux majeurs concernant les <a href=\"https:\/\/www.mes-allocs.fr\/guides\/rsa\/rsa-conditions\/\">crit\u00e8res d&rsquo;\u00e9ligibilit\u00e9 au RSA<\/a> et son accessibilit\u00e9 pour les individus n&rsquo;ayant pas eu d&rsquo;activit\u00e9 professionnelle.<\/p>\n<div class='cta-block'><div class='text'>Simulez vos aides en 2 min.<\/div><a href='https:\/\/www.mes-allocs.fr\/ab-app?origin=guides\/wp-json\/wp\/v2\/posts\/72178' class='app-button fit'>Simulation gratuite<\/a><\/div>\n<h1><strong>Quelles sont les conditions pour b\u00e9n\u00e9ficier du RSA sans avoir travaill\u00e9 ?<\/strong><\/h1>\n<h2>Les s<strong>ituations o\u00f9 l&rsquo;absence de travail n&rsquo;impacte pas l&rsquo;\u00e9ligibilit\u00e9 au RSA <\/strong><\/h2>\n<p>Certaines situations sp\u00e9cifiques permettent l&rsquo;acc\u00e8s au RSA sans avoir eu une activit\u00e9 professionnelle pr\u00e9alable. Parmi elles :<\/p>\n<ul>\n<li><strong>\u00c9tudiants sans ressources suffisantes :<\/strong> les \u00e9tudiants peuvent \u00eatre \u00e9ligibles au RSA s&rsquo;ils ne disposent pas de ressources suffisantes pour subvenir \u00e0 leurs besoins.<\/li>\n<li><strong>Personnes en situation de handicap ou invalidit\u00e9 :<\/strong> l&rsquo;absence de travail n&rsquo;est pas un crit\u00e8re excluant pour les personnes en situation de handicap ou d&rsquo;invalidit\u00e9.<\/li>\n<li><strong>Allocataires de certains minima sociaux :<\/strong> certaines situations permettent d&rsquo;acc\u00e9der directement au RSA sans avoir travaill\u00e9, notamment pour les b\u00e9n\u00e9ficiaires de certaines prestations comme l&rsquo;AAH (Allocation aux Adultes Handicap\u00e9s) ou l&rsquo;ASI (Allocation Suppl\u00e9mentaire d&rsquo;Invalidit\u00e9).<\/li>\n<\/ul>\n<h2>Les d<strong>ispositions sp\u00e9cifiques pour les personnes n&rsquo;ayant pas eu d&rsquo;activit\u00e9 professionnelle\u00a0<\/strong><\/h2>\n<p>Pour les individus n&rsquo;ayant pas eu d&rsquo;activit\u00e9 professionnelle, des dispositifs sp\u00e9cifiques peuvent \u00eatre mis en place pour \u00e9valuer leur \u00e9ligibilit\u00e9 au RSA, en prenant en compte d&rsquo;autres crit\u00e8res tels que la composition du foyer, les ressources, et les situations particuli\u00e8res qui peuvent influencer la d\u00e9cision d&rsquo;attribution du RSA.<\/p>\n<h1>Qu&rsquo;est-ce que le Revenu de Solidarit\u00e9 Active (RSA) ?<\/h1>\n<h2>Les objectifs et fonctionnement du RSA<\/h2>\n<p>Le RSA, instaur\u00e9 en France, vise \u00e0 garantir un revenu minimum aux foyers ou individus disposant de ressources limit\u00e9es. Il a pour objectif principal de l<strong>utter contre la pauvret\u00e9 en assurant un niveau de revenu minimal pour les personnes sans emploi ou disposant de revenus modestes, encourageant ainsi l&rsquo;insertion sociale et professionnelle<\/strong>.<\/p>\n<h2>Quels sont les crit\u00e8res d&rsquo;\u00e9ligibilit\u00e9 g\u00e9n\u00e9raux au RSA ?<\/h2>\n<ul>\n<li><strong>R\u00e9sidence stable en France :<\/strong> il est n\u00e9cessaire de r\u00e9sider de mani\u00e8re stable et effective en France pour pr\u00e9tendre au RSA.<\/li>\n<li><strong>Conditions d&rsquo;\u00e2ge : <\/strong>les crit\u00e8res d&rsquo;\u00e2ge incluent, par exemple, \u00eatre \u00e2g\u00e9 de plus de 25 ans, sauf dans le cas des jeunes actifs qui peuvent \u00eatre \u00e9ligibles.<\/li>\n<li><strong>Ressources et revenus :<\/strong> le RSA est accord\u00e9 aux foyers ou individus dont les revenus sont inf\u00e9rieurs \u00e0 un plafond d\u00e9termin\u00e9, variant selon la composition du foyer et d&rsquo;autres facteurs.<\/li>\n<li><strong>Nationalit\u00e9 et situation de s\u00e9jour :<\/strong> les crit\u00e8res de nationalit\u00e9 et de situation de s\u00e9jour en France doivent \u00e9galement \u00eatre respect\u00e9s selon la l\u00e9gislation en vigueur.<\/li>\n<\/ul>\n<p>Ces crit\u00e8res g\u00e9n\u00e9raux constituent les bases de l&rsquo;\u00e9ligibilit\u00e9 au RSA, mais d&rsquo;autres conditions sp\u00e9cifiques peuvent s&rsquo;appliquer en fonction des situations individuelles.<\/p>\n<p><span style=\"font-weight: 400;\"><div class='cta-block'><div class='text'>Simulez votre RSA en 2 min. Gratuit.<\/div><a href='https:\/\/www.mes-allocs.fr\/ab-app?origin=guides\/wp-json\/wp\/v2\/posts\/72178' class='app-button fit'>Simulation gratuite<\/a><\/div><\/span><\/p>\n<p><iframe loading=\"lazy\" src=\"\/\/www.youtube.com\/embed\/2aMlunSI1-U\" width=\"560\" height=\"314\" allowfullscreen=\"allowfullscreen\"><\/iframe><\/p>\n<h1><strong>Quelles sont les alternatives ou compl\u00e9ments au RSA pour les non-travailleurs ?<\/strong><\/h1>\n<h2>Les p<strong>restations sociales compl\u00e9mentaires accessibles sans emploi\u00a0<\/strong><\/h2>\n<p>Certains dispositifs de soutien sont accessibles aux non-travailleurs en dehors du RSA :<\/p>\n<ul>\n<li><strong>Allocations familiales :<\/strong> les familles, m\u00eame sans emploi, peuvent b\u00e9n\u00e9ficier d&rsquo;allocations familiales pour soutenir les d\u00e9penses li\u00e9es aux enfants.<\/li>\n<li><strong>Aides au logement :<\/strong> des aides au logement, telles que l&rsquo;APL (Aide Personnalis\u00e9e au Logement) peuvent \u00eatre octroy\u00e9es ind\u00e9pendamment du statut professionnel.<\/li>\n<\/ul>\n<h2>Les d<strong>ispositifs d&rsquo;aide pour les personnes sans exp\u00e9rience professionnelle\u00a0<\/strong><\/h2>\n<p>Pour les individus sans exp\u00e9rience professionnelle, des programmes sp\u00e9cifiques visent \u00e0 les accompagner vers l&#8217;emploi ou \u00e0 les soutenir dans leur insertion sociale :<\/p>\n<ul>\n<li><strong>Accompagnement \u00e0 l&#8217;emploi :<\/strong> des services de formation, d&rsquo;orientation professionnelle et de recherche d&#8217;emploi sont disponibles pour favoriser l&rsquo;insertion sur le march\u00e9 du travail.<\/li>\n<li><strong>Programmes d&rsquo;insertion sociale :<\/strong> des initiatives locales ou nationales offrent un accompagnement social, \u00e9ducatif ou professionnel aux personnes sans exp\u00e9rience professionnelle pour faciliter leur int\u00e9gration dans la soci\u00e9t\u00e9.<\/li>\n<\/ul>\n<p>Ces alternatives au RSA pour les non-travailleurs visent \u00e0 assurer un soutien financier et une aide \u00e0 l&rsquo;insertion sociale et professionnelle pour ceux qui ne sont pas \u00e9ligibles au RSA ou qui cherchent des compl\u00e9ments \u00e0 cette prestation.<\/p>\n<h1><strong>Les d\u00e9bats et enjeux autour de l&rsquo;attribution du RSA sans emploi pr\u00e9alable<\/strong><\/h1>\n<h2>Les r<strong>\u00e9flexions sur l&rsquo;acc\u00e8s \u00e9quitable au RSA pour tous <\/strong><\/h2>\n<p>L&rsquo;\u00e9ligibilit\u00e9 au RSA sans emploi pr\u00e9alable soul\u00e8ve des questions d&rsquo;\u00e9quit\u00e9. Certaines r\u00e9flexions portent sur :<\/p>\n<ul>\n<li><strong>L&rsquo;acc\u00e8s universel vs. les crit\u00e8res restrictifs :<\/strong> d\u00e9bats autour de l&rsquo;universalit\u00e9 de l&rsquo;acc\u00e8s au RSA versus l&rsquo;\u00e9tablissement de crit\u00e8res restrictifs bas\u00e9s sur l&rsquo;exp\u00e9rience professionnelle.<\/li>\n<li><strong>Justice sociale :<\/strong> discussions sur la justice sociale et l&rsquo;acc\u00e8s \u00e9quitable aux aides financi\u00e8res pour tous, ind\u00e9pendamment du parcours professionnel ant\u00e9rieur.<\/li>\n<\/ul>\n<h2>Les c<strong>onsid\u00e9rations sociales et \u00e9conomiques concernant les non-travailleurs et le RSA\u00a0<\/strong><\/h2>\n<ul>\n<li><strong>Stigmatisation et perception sociale :<\/strong> les non-travailleurs peuvent faire face \u00e0 une stigmatisation sociale. L&rsquo;acc\u00e8s au RSA sans exp\u00e9rience professionnelle peut impacter cette perception et encourager une vision plus inclusive.<\/li>\n<li><strong>Dynamiques \u00e9conomiques :<\/strong> des d\u00e9bats sur l&rsquo;impact \u00e9conomique des allocations sans exp\u00e9rience professionnelle et leur r\u00f4le dans la lutte contre la pauvret\u00e9 et l&rsquo;exclusion sociale.<\/li>\n<\/ul>\n<p>Ces enjeux entourant l&rsquo;attribution du RSA sans emploi ant\u00e9rieur soul\u00e8vent des d\u00e9bats autour de l&rsquo;\u00e9quit\u00e9 sociale, des perceptions soci\u00e9tales et des impacts \u00e9conomiques li\u00e9s \u00e0 l&rsquo;acc\u00e8s \u00e0 cette prestation sans exp\u00e9rience professionnelle.<\/p>\n<h1 style=\"text-align: justify;\"><b>Quelles sont les conditions de ressources en 2026 ?\u00a0<\/b><\/h1>\n<h2 style=\"text-align: justify;\"><b>Plafond de ressources \u00e0 ne pas d\u00e9passer si vous \u00eates seul<\/b><\/h2>\n<p>Le RSA vise \u00e0 garantir un niveau minimum de revenus en prenant en compte vos ressources. S&rsquo;il est constat\u00e9 que vos ressources sont inf\u00e9rieures au montant maximal d\u00e9termin\u00e9 selon votre situation, le RSA compl\u00e8te ces ressources pour atteindre ce plafond maximum, \u00e9quivalent \u00e0 ce que vous percevriez si vous n&rsquo;aviez aucune autre source de revenus.<\/p>\n<p>En 2026, le montant du RSA varie selon la situation. Par exemple, pour une personne seule sans personne \u00e0 charge, le montant forfaitaire du RSA est de 651,69 \u20ac par mois. Il est crucial que vos ressources demeurent en dessous de ce seuil pour \u00eatre \u00e9ligible au RSA. Ce montant est appliqu\u00e9 <strong>jusqu&rsquo;au 31 mars 2027<\/strong> et sera revaloris\u00e9 le 1er avril.<\/p>\n<h2 style=\"text-align: justify;\"><b>Plafonds de ressources pour une famille monoparentale<\/b><\/h2>\n<p style=\"text-align: justify;\"><span style=\"font-weight: 400;\">Les plafonds de ressources pour une famille monoparentale \u00e9voluent selon le nombre d\u2019enfant(s) ou de personne(s) \u00e0 charge.<\/span><\/p>\n<p style=\"text-align: justify;\"><span style=\"font-weight: 400;\">Le RSA <strong>pour une personne seule<\/strong> (montant mensuel) :<\/span><\/p>\n\n<div class=\"wpdt-c row wpDataTableContainerSimpleTable wpDataTables wpDataTablesWrapper\n\"\n    >\n    <table id=\"wpdtSimpleTable-3\"\n           class=\"wpdtSimpleTable wpDataTable\"\n           data-column=\"2\"\n           data-rows=\"5\"\n           data-wpID=\"3\"\n           data-responsive=\"0\"\n           data-has-header=\"1\">\n\n                    <thead>        <tr class=\"wpdt-cell-row \" >\n                            <th class=\"wpdt-cell wpdt-bc-F3F9FE wpdt-bold\"\n                                    data-cell-id=\"A1\"\n                data-col-index=\"0\"\n                data-row-index=\"0\"\n                style=\" width:48.571428571429%;                padding:10px;\"\n                >\n                                Situation familiale                <\/th>\n                                            <th class=\"wpdt-cell wpdt-bc-F3F9FE wpdt-bold\"\n                                    data-cell-id=\"B1\"\n                data-col-index=\"1\"\n                data-row-index=\"0\"\n                style=\" width:51.428571428571%;                padding:10px;\"\n                >\n                                Montant pour une personne seule avant d\u00e9duction du forfait logement                <\/th>\n                                        <\/tr>\n                    <tbody>        <tr class=\"wpdt-cell-row \" >\n                            <td class=\"wpdt-cell \"\n                                    data-cell-id=\"A2\"\n                data-col-index=\"0\"\n                data-row-index=\"1\"\n                style=\"                padding:10px;\"\n                >\n                                Personne seule sans enfant                <\/td>\n                                            <td class=\"wpdt-cell \"\n                                    data-cell-id=\"B2\"\n                data-col-index=\"1\"\n                data-row-index=\"1\"\n                style=\"                padding:10px;\"\n                >\n                                651,69 \u20ac                <\/td>\n                                        <\/tr>\n                            <tr class=\"wpdt-cell-row \" >\n                            <td class=\"wpdt-cell \"\n                                    data-cell-id=\"A3\"\n                data-col-index=\"0\"\n                data-row-index=\"2\"\n                style=\"                padding:10px;\"\n                >\n                                Personne seule avec 1 enfant                <\/td>\n                                            <td class=\"wpdt-cell \"\n                                    data-cell-id=\"B3\"\n                data-col-index=\"1\"\n                data-row-index=\"2\"\n                style=\"                padding:10px;\"\n                >\n                                977,54 \u20ac                <\/td>\n                                        <\/tr>\n                            <tr class=\"wpdt-cell-row \" >\n                            <td class=\"wpdt-cell \"\n                                    data-cell-id=\"A4\"\n                data-col-index=\"0\"\n                data-row-index=\"3\"\n                style=\"                padding:10px;\"\n                >\n                                Personne seule avec 2 enfants                <\/td>\n                                            <td class=\"wpdt-cell \"\n                                    data-cell-id=\"B4\"\n                data-col-index=\"1\"\n                data-row-index=\"3\"\n                style=\"                padding:10px;\"\n                >\n                                1 173,05 \u20ac                <\/td>\n                                        <\/tr>\n                            <tr class=\"wpdt-cell-row \" >\n                            <td class=\"wpdt-cell \"\n                                    data-cell-id=\"A5\"\n                data-col-index=\"0\"\n                data-row-index=\"4\"\n                style=\"                padding:10px;\"\n                >\n                                Par enfant suppl\u00e9mentaire                <\/td>\n                                            <td class=\"wpdt-cell \"\n                                    data-cell-id=\"B5\"\n                data-col-index=\"1\"\n                data-row-index=\"4\"\n                style=\"                padding:10px;\"\n                >\n                                + 260,68 \u20ac                <\/td>\n                                        <\/tr>\n                    <\/table>\n<\/div><style id='wpdt-custom-style-3'>\ntable#wpdtSimpleTable-3{ table-layout: fixed !important; }\n.wpdt-bc-F3F9FE { background-color: #F3F9FE !important;}\n<\/style>\n\n<p style=\"text-align: justify;\"><span style=\"font-weight: 400;\">Le RSA <strong>pour un parent isol\u00e9<\/strong>\u00a0(montant mensuel) :<\/span><\/p>\n\n<div class=\"wpdt-c row wpDataTableContainerSimpleTable wpDataTables wpDataTablesWrapper\n\"\n    >\n    <table id=\"wpdtSimpleTable-63\"\n           class=\"wpdtSimpleTable wpDataTable\"\n           data-column=\"3\"\n           data-rows=\"5\"\n           data-wpID=\"63\"\n           data-responsive=\"0\"\n           data-has-header=\"1\">\n\n                    <thead>        <tr class=\"wpdt-cell-row \" >\n                            <th class=\"wpdt-cell wpdt-bc-F3F9FE\"\n                                    data-cell-id=\"A1\"\n                data-col-index=\"0\"\n                data-row-index=\"0\"\n                style=\" width:35.78231292517%;                padding:10px;\"\n                >\n                                Nombre de personne\/ enfant \u00e0 charge                <\/th>\n                                            <th class=\"wpdt-cell wpdt-bc-F3F9FE\"\n                                    data-cell-id=\"B1\"\n                data-col-index=\"1\"\n                data-row-index=\"0\"\n                style=\" width:32.108843537415%;                padding:10px;\"\n                >\n                                Personne seule                <\/th>\n                                            <th class=\"wpdt-cell wpdt-bc-F3F9FE\"\n                                    data-cell-id=\"C1\"\n                data-col-index=\"2\"\n                data-row-index=\"0\"\n                style=\" width:32.108843537415%;                padding:10px;\"\n                >\n                                Parent isol\u00e9                <\/th>\n                                        <\/tr>\n                    <tbody>        <tr class=\"wpdt-cell-row \" >\n                            <td class=\"wpdt-cell \"\n                                    data-cell-id=\"A2\"\n                data-col-index=\"0\"\n                data-row-index=\"1\"\n                style=\"                padding:10px;\"\n                >\n                                0 (femme enceinte)                <\/td>\n                                            <td class=\"wpdt-cell \"\n                                    data-cell-id=\"B2\"\n                data-col-index=\"1\"\n                data-row-index=\"1\"\n                style=\"                padding:10px;\"\n                >\n                                -                <\/td>\n                                            <td class=\"wpdt-cell \"\n                                    data-cell-id=\"C2\"\n                data-col-index=\"2\"\n                data-row-index=\"1\"\n                style=\"                padding:10px;\"\n                >\n                                836,85 \u20ac                <\/td>\n                                        <\/tr>\n                            <tr class=\"wpdt-cell-row \" >\n                            <td class=\"wpdt-cell \"\n                                    data-cell-id=\"A3\"\n                data-col-index=\"0\"\n                data-row-index=\"2\"\n                style=\"                padding:10px;\"\n                >\n                                1                <\/td>\n                                            <td class=\"wpdt-cell \"\n                                    data-cell-id=\"B3\"\n                data-col-index=\"1\"\n                data-row-index=\"2\"\n                style=\"                padding:10px;\"\n                >\n                                977,54 \u20ac                <\/td>\n                                            <td class=\"wpdt-cell \"\n                                    data-cell-id=\"C3\"\n                data-col-index=\"2\"\n                data-row-index=\"2\"\n                style=\"                padding:10px;\"\n                >\n                                1 115,8 \u20ac                <\/td>\n                                        <\/tr>\n                            <tr class=\"wpdt-cell-row \" >\n                            <td class=\"wpdt-cell \"\n                                    data-cell-id=\"A4\"\n                data-col-index=\"0\"\n                data-row-index=\"3\"\n                style=\"                padding:10px;\"\n                >\n                                2                <\/td>\n                                            <td class=\"wpdt-cell \"\n                                    data-cell-id=\"B4\"\n                data-col-index=\"1\"\n                data-row-index=\"3\"\n                style=\"                padding:10px;\"\n                >\n                                1 163,74 \u20ac                <\/td>\n                                            <td class=\"wpdt-cell \"\n                                    data-cell-id=\"C4\"\n                data-col-index=\"2\"\n                data-row-index=\"3\"\n                style=\"                padding:10px;\"\n                >\n                                1 394,75 \u20ac                <\/td>\n                                        <\/tr>\n                            <tr class=\"wpdt-cell-row \" >\n                            <td class=\"wpdt-cell \"\n                                    data-cell-id=\"A5\"\n                data-col-index=\"0\"\n                data-row-index=\"4\"\n                style=\"                padding:10px;\"\n                >\n                                Par personne ou enfant suppl\u00e9mentaire\u00a0                <\/td>\n                                            <td class=\"wpdt-cell \"\n                                    data-cell-id=\"B5\"\n                data-col-index=\"1\"\n                data-row-index=\"4\"\n                style=\"                padding:10px;\"\n                >\n                                260,68 \u20ac                <\/td>\n                                            <td class=\"wpdt-cell \"\n                                    data-cell-id=\"C5\"\n                data-col-index=\"2\"\n                data-row-index=\"4\"\n                style=\"                padding:10px;\"\n                >\n                                278,95 \u20ac                <\/td>\n                                        <\/tr>\n                    <\/table>\n<\/div><style id='wpdt-custom-style-63'>\ntable#wpdtSimpleTable-63{ table-layout: fixed !important; }\n.wpdt-bc-F3F9FE { background-color: #F3F9FE !important;}\n<\/style>\n\n<p>Si vous remplissez l&rsquo;un des crit\u00e8res suivants, vous \u00eates consid\u00e9r\u00e9(e) comme parent isol\u00e9 et pouvez b\u00e9n\u00e9ficier d&rsquo;une majoration de votre RSA :<\/p>\n<ul>\n<li>\u00catre une femme enceinte ;<\/li>\n<li>\u00catre seul(e) avec au moins un enfant ou une personne \u00e0 charge suite \u00e0 un \u00e9v\u00e9nement de vie, comme un d\u00e9c\u00e8s ou une s\u00e9paration, par exemple.<\/li>\n<\/ul>\n<p>Cette majoration varie en fonction de la date de l&rsquo;\u00e9v\u00e9nement :<\/p>\n<ul>\n<li>Si l&rsquo;\u00e9v\u00e9nement survient apr\u00e8s les 3 ans de l&rsquo;enfant \u00e0 charge, la majoration est de 12 mois et doit \u00eatre vers\u00e9e dans les 18 mois suivant l&rsquo;\u00e9v\u00e9nement. Il est important de signaler cet \u00e9v\u00e9nement \u00e0 la CAF dans les 6 mois suivant sa survenue.<\/li>\n<li>Si l&rsquo;\u00e9v\u00e9nement survient avant les 3 ans de l&rsquo;enfant \u00e0 charge, la majoration est accord\u00e9e jusqu&rsquo;aux 3 ans de l&rsquo;enfant.<\/li>\n<\/ul>\n<p>La <strong data-start=\"277\" data-end=\"321\">d\u00e9claration trimestrielle est simplifi\u00e9e<\/strong> gr\u00e2ce \u00e0 un <strong data-start=\"333\" data-end=\"358\">formulaire pr\u00e9-rempli<\/strong>, int\u00e9grant automatiquement certains revenus avec la possibilit\u00e9 de corrections. Par ailleurs, les <strong data-start=\"457\" data-end=\"495\">p\u00e9riodes de d\u00e9claration ont chang\u00e9<\/strong>: depuis mars, il faut d\u00e9clarer les revenus de <strong data-start=\"543\" data-end=\"576\">novembre, d\u00e9cembre et janvier<\/strong>, au lieu de <strong data-start=\"589\" data-end=\"621\">d\u00e9cembre, janvier et f\u00e9vrier <\/strong>auparavant. Cette modification vise \u00e0 <strong data-start=\"660\" data-end=\"723\">r\u00e9duire les erreurs et acc\u00e9l\u00e9rer le traitement des dossiers <\/strong>pour un versement plus fluide.<\/p>\n<p><span style=\"font-weight: 400;\"><div class='cta-block'><div class='text'>Simulez votre RSA en 2 min. Gratuit.<\/div><a href='https:\/\/www.mes-allocs.fr\/ab-app?origin=guides\/wp-json\/wp\/v2\/posts\/72178' class='app-button fit'>Simulation gratuite<\/a><\/div><\/span><\/p>\n","protected":false},"excerpt":{"rendered":"<p>[Mis \u00e0 jour le 03\/04\/2026] Le Revenu de Solidarit\u00e9 Active (RSA) constitue un soutien financier crucial pour de nombreuses personnes aux ressources limit\u00e9es en France. Cependant, une interrogation persiste quant \u00e0 la possibilit\u00e9 d&rsquo;obtenir le RSA sans avoir travaill\u00e9. Mes Allocs vous dit tout sur les enjeux majeurs concernant les crit\u00e8res d&rsquo;\u00e9ligibilit\u00e9 au RSA et [&hellip;]<\/p>\n","protected":false},"author":26,"featured_media":72182,"comment_status":"closed","ping_status":"open","sticky":false,"template":"","format":"standard","meta":{"amp_status":"","footnotes":""},"categories":[18,14],"tags":[],"class_list":["post-72178","post","type-post","status-publish","format-standard","has-post-thumbnail","hentry","category-rsa-conditions","category-rsa"],"yoast_head":"<!-- This site is optimized with the Yoast SEO plugin v14.9 - https:\/\/yoast.com\/wordpress\/plugins\/seo\/ -->\n<title>RSA sans avoir travaill\u00e9 : est-ce possible ? | Mes-Allocs.fr<\/title>\n<meta name=\"description\" content=\"Pouvez-vous avoir droit au RSA sans avoir travaill\u00e9 ? Mes Allocs vous explique les conditions pour obtenir le RSA en 2026.\" \/>\n<meta name=\"robots\" content=\"index, follow, max-snippet:-1, max-image-preview:large, max-video-preview:-1\" \/>\n<link rel=\"canonical\" href=\"https:\/\/www.mes-allocs.fr\/guides\/rsa\/rsa-conditions\/rsa-sans-travailler\/\" \/>\n<meta property=\"og:locale\" content=\"fr_FR\" \/>\n<meta property=\"og:type\" content=\"article\" \/>\n<meta property=\"og:title\" content=\"RSA sans avoir travaill\u00e9 : est-ce possible ? | Mes-Allocs.fr\" \/>\n<meta property=\"og:description\" content=\"Pouvez-vous avoir droit au RSA sans avoir travaill\u00e9 ? Mes Allocs vous explique les conditions pour obtenir le RSA en 2026.\" \/>\n<meta property=\"og:url\" content=\"https:\/\/www.mes-allocs.fr\/guides\/rsa\/rsa-conditions\/rsa-sans-travailler\/\" \/>\n<meta property=\"og:site_name\" content=\"Mes-Allocs.fr\" \/>\n<meta property=\"article:published_time\" content=\"2024-01-09T14:00:12+00:00\" \/>\n<meta property=\"article:modified_time\" content=\"2026-04-03T12:51:10+00:00\" \/>\n<meta property=\"og:image\" content=\"https:\/\/www.mes-allocs.fr\/guides\/wp-content\/uploads\/2024\/01\/comment-toucher-le-rsa-sans-avoir-travaille-e.jpg?wsr\" \/>\n\t<meta property=\"og:image:width\" content=\"723\" \/>\n\t<meta property=\"og:image:height\" content=\"590\" \/>\n<meta name=\"twitter:card\" content=\"summary_large_image\" \/>\n<script type=\"application\/ld+json\" class=\"yoast-schema-graph\">{\"@context\":\"https:\/\/schema.org\",\"@graph\":[{\"@type\":\"WebSite\",\"@id\":\"https:\/\/www.mes-allocs.fr\/guides\/#website\",\"url\":\"https:\/\/www.mes-allocs.fr\/guides\/\",\"name\":\"Mes-Allocs.fr\",\"description\":\"\",\"potentialAction\":[{\"@type\":\"SearchAction\",\"target\":\"https:\/\/www.mes-allocs.fr\/guides\/?s={search_term_string}\",\"query-input\":\"required name=search_term_string\"}],\"inLanguage\":\"fr-FR\"},{\"@type\":\"ImageObject\",\"@id\":\"https:\/\/www.mes-allocs.fr\/guides\/rsa\/rsa-conditions\/rsa-sans-travailler\/#primaryimage\",\"inLanguage\":\"fr-FR\",\"url\":\"https:\/\/www.mes-allocs.fr\/guides\/wp-content\/uploads\/2024\/01\/comment-toucher-le-rsa-sans-avoir-travaille-e.jpg?wsr\",\"width\":723,\"height\":590,\"caption\":\"cej et rsa\"},{\"@type\":\"WebPage\",\"@id\":\"https:\/\/www.mes-allocs.fr\/guides\/rsa\/rsa-conditions\/rsa-sans-travailler\/#webpage\",\"url\":\"https:\/\/www.mes-allocs.fr\/guides\/rsa\/rsa-conditions\/rsa-sans-travailler\/\",\"name\":\"RSA sans avoir travaill\\u00e9 : est-ce possible ? | Mes-Allocs.fr\",\"isPartOf\":{\"@id\":\"https:\/\/www.mes-allocs.fr\/guides\/#website\"},\"primaryImageOfPage\":{\"@id\":\"https:\/\/www.mes-allocs.fr\/guides\/rsa\/rsa-conditions\/rsa-sans-travailler\/#primaryimage\"},\"datePublished\":\"2024-01-09T14:00:12+00:00\",\"dateModified\":\"2026-04-03T12:51:10+00:00\",\"author\":{\"@id\":\"https:\/\/www.mes-allocs.fr\/guides\/#\/schema\/person\/9c38f3be41a0ddcd1e3fde5a3df713bf\"},\"description\":\"Pouvez-vous avoir droit au RSA sans avoir travaill\\u00e9 ? Mes Allocs vous explique les conditions pour obtenir le RSA en 2026.\",\"inLanguage\":\"fr-FR\"},{\"@type\":\"Person\",\"@id\":\"https:\/\/www.mes-allocs.fr\/guides\/#\/schema\/person\/9c38f3be41a0ddcd1e3fde5a3df713bf\",\"name\":\"Sessime Ananou\",\"image\":{\"@type\":\"ImageObject\",\"@id\":\"https:\/\/www.mes-allocs.fr\/guides\/#personlogo\",\"inLanguage\":\"fr-FR\",\"url\":\"https:\/\/www.mes-allocs.fr\/guides\/wp-content\/uploads\/2023\/08\/IMG_8173-150x150.jpg\",\"caption\":\"Sessime Ananou\"},\"description\":\"Sessime est r\\u00e9dactrice chez Mes Allocs, sp\\u00e9cialis\\u00e9e sur le pouvoir d'achat. Elle rejoint l'\\u00e9quipe Mes Allocs en ao\\u00fbt 2023 afin de simplifier l'acc\\u00e8s \\u00e0 l'information sur les aides en g\\u00e9n\\u00e9ral.\"}]}<\/script>\n<!-- \/ Yoast SEO plugin. -->","amp_validity":null,"acf":{"faq":{"1":{"question":" Est-ce que les retrait\u00e9s ont droit au RSA ?","answer":"Non. Le Revenu de solidarit\u00e9 active (RSA) n'est pas une indemnit\u00e9 ch\u00f4mage. Il n'est pas soumis \u00e0 cotisations et ne donne pas droit \u00e0 des trimestres de retraite."},"2":{"question":"Quelles aides si j'arr\u00eate de travailler ?","answer":"Vous pouvez solliciter le revenu de solidarit\u00e9 active."},"3":{"question":"Qui sont les b\u00e9n\u00e9ficiaires du RSA ?","answer":"Vous pouvez demander le RSA si vous \u00eates \u00e2g\u00e9 d'au moins 25 ans et que vous r\u00e9sidez en France de mani\u00e8re stable et effective. Il n'y a pas d'\u00e2ge plafond pour b\u00e9n\u00e9ficier du RSA."},"4":{"question":"Comment d\u00e9missionner et toucher le RSA ?","answer":"D\u00e9missionner peut impacter l'\u00e9ligibilit\u00e9 au RSA, mais sous certaines conditions sp\u00e9cifiques et justifiables, une personne peut tout de m\u00eame pr\u00e9tendre \u00e0 cette prestation en se conformant aux crit\u00e8res d\u00e9finis par les autorit\u00e9s comp\u00e9tentes."},"5":{"question":"Est-il obligatoire de travailler pour toucher le RSA ?","answer":"Non, il n\u2019est pas obligatoire d\u2019avoir un emploi pour toucher le RSA. Ce qui compte surtout, ce sont vos ressources, votre \u00e2ge et votre r\u00e9sidence en France.\r\n\r\n"},"6":{"question":"Comment arr\u00eater de travailler 3 ans avant la retraite ?","answer":"Vous ne pouvez pr\u00e9tendre \u00e0 percevoir une pension avant d'avoir atteint ce cap."},"7":{"question":"","answer":""},"8":{"question":"","answer":""},"9":{"question":"","answer":""},"10":{"question":"","answer":""},"11":{"question":"","answer":""},"12":{"question":"","answer":""},"13":{"question":"","answer":""},"14":{"question":"","answer":""},"15":{"question":"","answer":""},"16":{"question":"","answer":""}}},"_links":{"self":[{"href":"https:\/\/www.mes-allocs.fr\/guides\/wp-json\/wp\/v2\/posts\/72178","targetHints":{"allow":["GET"]}}],"collection":[{"href":"https:\/\/www.mes-allocs.fr\/guides\/wp-json\/wp\/v2\/posts"}],"about":[{"href":"https:\/\/www.mes-allocs.fr\/guides\/wp-json\/wp\/v2\/types\/post"}],"author":[{"embeddable":true,"href":"https:\/\/www.mes-allocs.fr\/guides\/wp-json\/wp\/v2\/users\/26"}],"replies":[{"embeddable":true,"href":"https:\/\/www.mes-allocs.fr\/guides\/wp-json\/wp\/v2\/comments?post=72178"}],"version-history":[{"count":18,"href":"https:\/\/www.mes-allocs.fr\/guides\/wp-json\/wp\/v2\/posts\/72178\/revisions"}],"predecessor-version":[{"id":111516,"href":"https:\/\/www.mes-allocs.fr\/guides\/wp-json\/wp\/v2\/posts\/72178\/revisions\/111516"}],"wp:featuredmedia":[{"embeddable":true,"href":"https:\/\/www.mes-allocs.fr\/guides\/wp-json\/wp\/v2\/media\/72182"}],"wp:attachment":[{"href":"https:\/\/www.mes-allocs.fr\/guides\/wp-json\/wp\/v2\/media?parent=72178"}],"wp:term":[{"taxonomy":"category","embeddable":true,"href":"https:\/\/www.mes-allocs.fr\/guides\/wp-json\/wp\/v2\/categories?post=72178"},{"taxonomy":"post_tag","embeddable":true,"href":"https:\/\/www.mes-allocs.fr\/guides\/wp-json\/wp\/v2\/tags?post=72178"}],"curies":[{"name":"wp","href":"https:\/\/api.w.org\/{rel}","templated":true}]}}