{"id":71938,"date":"2023-12-22T15:46:02","date_gmt":"2023-12-22T13:46:02","guid":{"rendered":"https:\/\/www.mes-allocs.fr\/guides\/?p=71938"},"modified":"2026-04-03T15:37:10","modified_gmt":"2026-04-03T14:37:10","slug":"rsa-travail","status":"publish","type":"post","link":"https:\/\/www.mes-allocs.fr\/guides\/rsa\/cumul-rsa\/rsa-travail\/","title":{"rendered":"Peut-on cumuler une activit\u00e9 professionnelle et le RSA en 2026 ?"},"content":{"rendered":"<p><img loading=\"lazy\" decoding=\"async\" class=\"alignnone wp-image-71939 size-full\" title=\"RSA et salaire\" src=\"https:\/\/www.mes-allocs.fr\/guides\/wp-content\/uploads\/2023\/12\/RSA-et-salaire-e1703251633454.jpg\" alt=\"RSA et salaire\" width=\"1280\" height=\"348\" srcset=\"https:\/\/www.mes-allocs.fr\/guides\/wp-content\/uploads\/2023\/12\/RSA-et-salaire-e1703251633454.jpg 1280w, https:\/\/www.mes-allocs.fr\/guides\/wp-content\/uploads\/2023\/12\/RSA-et-salaire-e1703251633454-300x82.jpg 300w, https:\/\/www.mes-allocs.fr\/guides\/wp-content\/uploads\/2023\/12\/RSA-et-salaire-e1703251633454-1024x278.jpg 1024w, https:\/\/www.mes-allocs.fr\/guides\/wp-content\/uploads\/2023\/12\/RSA-et-salaire-e1703251633454-768x209.jpg 768w, https:\/\/www.mes-allocs.fr\/guides\/wp-content\/uploads\/2023\/12\/RSA-et-salaire-e1703251633454-600x163.jpg 600w\" sizes=\"auto, (max-width: 1280px) 100vw, 1280px\" \/><\/p>\n<p>[Mis \u00e0 jour le 03\/04\/2026] Cumuler un salaire avec le <a href=\"https:\/\/www.mes-allocs.fr\/guides\/rsa\">RSA<\/a> (Revenu de Solidarit\u00e9 Active) est envisageable dans certaines situations, mais cela d\u00e9pend de divers crit\u00e8res et peut avoir des implications sur le montant du RSA. Cette question suscite souvent des interrogations, et un \u00e9claircissement sur les conditions de cumul est n\u00e9cessaire pour mieux comprendre les implications et les limites de cette combinaison. D\u00e9couvrez donc comment cumuler travail et RSA en 2026.<\/p>\n<div class='cta-block'><div class='text'>Simulez le montant de votre RSA selon votre salaire<\/div><a href='https:\/\/www.mes-allocs.fr\/ab-app?origin=guides\/wp-json\/wp\/v2\/posts\/71938' class='app-button fit'>Simulation gratuite<\/a><\/div>\n<h1>Cumul travail et RSA : conditions et limites<\/h1>\n<h2>Une possibilit\u00e9 de Cumul<\/h2>\n<p>Le cumul entre un salaire et le RSA est envisageable dans certaines conditions. Le RSA est compl\u00e9mentaire aux revenus d&rsquo;activit\u00e9 pour garantir un revenu minimum \u00e0 ceux dont les ressources sont limit\u00e9es. Cependant, le montant du RSA varie en fonction des revenus d&rsquo;activit\u00e9 per\u00e7us.<\/p>\n<h2>Les effets sur le montant du RSA<\/h2>\n<p>Le RSA est calcul\u00e9 en tenant compte des revenus d&rsquo;activit\u00e9. Plus le salaire est \u00e9lev\u00e9, moins le montant du RSA sera important. Il s&rsquo;agit d&rsquo;une sorte de compl\u00e9ment qui diminue progressivement lorsque les revenus d&rsquo;activit\u00e9 augmentent. Les plafonds et revenus maximum autoris\u00e9s. Il existe des plafonds de revenus au-del\u00e0 desquels il n&rsquo;est plus possible de percevoir le RSA. Ces plafonds varient selon la situation familiale et le nombre de personnes dans le foyer. En d\u00e9passant ces seuils, l&rsquo;allocation peut \u00eatre r\u00e9duite voire supprim\u00e9e. Les organismes sociaux peuvent fournir des informations pr\u00e9cises sur ces limites en fonction de chaque cas individuel.<\/p>\n<h2 style=\"text-align: justify;\"><b>Quelles conditions pour percevoir le RSA ?<\/b><\/h2>\n<p>Pour b\u00e9n\u00e9ficier du Revenu de Solidarit\u00e9 Active (RSA) en France, certaines conditions doivent \u00eatre remplies :<\/p>\n<ul>\n<li><strong>La r\u00e9sidence sur le territoire fran\u00e7ais<\/strong> : le demandeur doit \u00eatre r\u00e9sident fran\u00e7ais ou avoir un titre de s\u00e9jour en cours de validit\u00e9.<\/li>\n<li><strong>L&rsquo;\u00e2ge et situation<\/strong> : le RSA est accessible aux personnes \u00e2g\u00e9es d&rsquo;au moins 25 ans. Cependant, sous certaines conditions, il peut \u00eatre accord\u00e9 aux jeunes actifs d\u00e8s 18 ans.<\/li>\n<li><strong>La situation professionnelle<\/strong> : le demandeur doit \u00eatre soit sans emploi, soit en emploi avec des revenus inf\u00e9rieurs au montant du RSA qui lui est applicable. Les ressources prises en compte incluent les revenus professionnels, les allocations ch\u00f4mage, et autres ressources du foyer.<\/li>\n<li><strong>Le montant des ressources<\/strong> : Le revenu mensuel moyen des trois derniers mois ne doit pas d\u00e9passer un plafond d\u00e9termin\u00e9 en fonction de la composition du foyer. Ce plafond varie en fonction du nombre de personnes \u00e0 charge.<\/li>\n<li><strong>Les d\u00e9marches administratives<\/strong> : la demande de RSA se fait aupr\u00e8s de la Caisse d&rsquo;Allocations Familiales (CAF) ou de la Mutualit\u00e9 Sociale Agricole (MSA) selon la situation du demandeur. Il est n\u00e9cessaire de fournir des pi\u00e8ces justificatives pour \u00e9valuer l&rsquo;\u00e9ligibilit\u00e9.<\/li>\n<\/ul>\n<p>Ces conditions peuvent varier en fonction de la situation personnelle du demandeur.<\/p>\n<p><strong>\u00c0 noter :<\/strong>\u00a0chaque personne percevant le RSA est automatiquement inscrite \u00e0 France Travail et doit signer un contrat d&rsquo;engagement comportant un plan d&rsquo;actions pr\u00e9cisant ses objectifs d&rsquo;insertion sociale et professionnelle. De plus, il est d\u00e9sormais requis d&rsquo;effectuer entre <strong>15 et 20 heures d&rsquo;activit\u00e9s par semaine<\/strong>\u00a0pour continuer \u00e0 percevoir l&rsquo;allocation.<\/p>\n<p><iframe loading=\"lazy\" title=\"Tout savoir sur le RSA !\" width=\"500\" height=\"281\" src=\"https:\/\/www.youtube.com\/embed\/JkfjfSBf7VE?feature=oembed\" frameborder=\"0\" allow=\"accelerometer; autoplay; clipboard-write; encrypted-media; gyroscope; picture-in-picture; web-share\" referrerpolicy=\"strict-origin-when-cross-origin\" allowfullscreen><\/iframe><\/p>\n<h1>Le RSA : pr\u00e9sentation et principes<\/h1>\n<h2>D\u00e9finition et Objectifs<\/h2>\n<p>Le Revenu de Solidarit\u00e9 Active (RSA) repr\u00e9sente une prestation sociale destin\u00e9e \u00e0 soutenir financi\u00e8rement les foyers \u00e0 faibles revenus, dans le but de garantir un niveau de ressources minimum pour vivre d\u00e9cemment. Ses objectifs incluent la lutte contre la pr\u00e9carit\u00e9 et l&rsquo;accompagnement vers l&#8217;emploi.<\/p>\n<h2>Les crit\u00e8res d&rsquo;\u00e9ligibilit\u00e9 et modalit\u00e9s d&rsquo;attribution<\/h2>\n<p>Les crit\u00e8res pour b\u00e9n\u00e9ficier du RSA et les modalit\u00e9s d&rsquo;attribution sont d\u00e9finis par plusieurs conditions :<\/p>\n<ol>\n<li><strong>Ressources du foyer :<\/strong> le RSA est octroy\u00e9 aux personnes ou familles dont les revenus sont inf\u00e9rieurs \u00e0 un certain plafond.<\/li>\n<li><strong>Situation familiale :<\/strong> il existe des conditions sp\u00e9cifiques pour les personnes seules, les couples, les familles avec ou sans enfants.<\/li>\n<li><strong>\u00c2ge :<\/strong> le demandeur doit avoir au moins 25 ans, sauf en cas de situation particuli\u00e8re (parent isol\u00e9, handicap, etc.).<\/li>\n<li><strong>Revenus d&rsquo;activit\u00e9 :<\/strong> les ressources provenant du travail sont prises en compte pour calculer le montant du RSA. Si vous travaillez, vos revenus peuvent impacter le montant de l&rsquo;allocation.<\/li>\n<li><strong>D\u00e9marches administratives :<\/strong> pour obtenir le RSA, il est n\u00e9cessaire de faire une demande aupr\u00e8s de la Caisse d&rsquo;Allocations Familiales (CAF) ou de la Mutualit\u00e9 Sociale Agricole (MSA) selon le statut professionnel.<\/li>\n<\/ol>\n<p>Ces crit\u00e8res peuvent varier selon la situation individuelle et les ressources du foyer. Les d\u00e9tails pr\u00e9cis peuvent \u00eatre obtenus aupr\u00e8s des organismes sociaux comp\u00e9tents ou sur leurs sites internet officiels.<\/p>\n<h2>Quels sont les ressources prises en compte dans le cas du RSA ?<\/h2>\n<p>Les ressources prises en compte pour calculer le RSA incluent un montant forfaitaire bas\u00e9 sur la composition de votre foyer et le nombre d&rsquo;enfants \u00e0 charge, ainsi que les revenus de votre foyer sur une moyenne mensuelle des trois mois pr\u00e9c\u00e9dant votre demande.<\/p>\n<p>Ces ressources incluent :<\/p>\n<ul>\n<li>Revenus d&rsquo;activit\u00e9 professionnelle (salari\u00e9e et non salari\u00e9e)<\/li>\n<li>Indemnit\u00e9s diverses (ch\u00f4mage partiel, volontariat)<\/li>\n<li>Allocations diverses (logement, familiales)<\/li>\n<li>Retraites, pensions, rentes<\/li>\n<li>Ressources exceptionnelles (h\u00e9ritages, gains, ventes immobili\u00e8res)<\/li>\n<li>Prestations pour personnes en situation de handicap<\/li>\n<li>Capitaux, placements financiers<\/li>\n<li>Loyers et avantages li\u00e9s au logement<\/li>\n<li>Allocation d&rsquo;entretien de l&rsquo;aide sociale \u00e0 l&rsquo;enfance<\/li>\n<\/ul>\n<p>Si vous b\u00e9n\u00e9ficiez d&rsquo;une aide au logement ou \u00eates h\u00e9berg\u00e9 gratuitement, un forfait logement est \u00e9galement pris en compte, variant en fonction de la taille de votre foyer.<\/p>\n<div class='cta-block'><div class='text'>Simulez le montant de votre RSA selon votre salaire<\/div><a href='https:\/\/www.mes-allocs.fr\/ab-app?origin=guides\/wp-json\/wp\/v2\/posts\/71938' class='app-button fit'>Simulation gratuite<\/a><\/div>\n<h1 style=\"text-align: justify;\"><b>Quelles sont les conditions de ressources en 2026 ?<\/b><\/h1>\n<h2 style=\"text-align: justify;\"><b>Plafond de ressources \u00e0 ne pas d\u00e9passer si vous \u00eates seul<\/b><\/h2>\n<p>En 2026, le RSA varie selon votre situation. Pour une personne seule sans personne \u00e0 charge, le montant fixe du RSA atteint 651,69 \u20ac par mois, conditionn\u00e9 par un plafond de ressources \u00e0 ne pas d\u00e9passer. Ce montant est appliqu\u00e9 <strong>jusqu&rsquo;au 31 mars 2027<\/strong> et sera revaloris\u00e9 le 1er avril 2027.<\/p>\n<h2 style=\"text-align: justify;\"><b>Plafonds de ressources pour une famille monoparentale\u00a0<\/b><\/h2>\n<p>Pour une famille monoparentale, les plafonds de ressources varient en fonction du nombre d&rsquo;enfants ou de personnes \u00e0 charge. <span class=\"amp-wp-fe3f5cc\" data-amp-original-style=\"font-weight: 400;\">Ces montants sont appliqu\u00e9s <strong>jusqu&rsquo;au 31 mars 2027<\/strong> et seront revaloris\u00e9s le 1er avril 2027.<\/span><\/p>\n<p style=\"text-align: justify;\"><span style=\"font-weight: 400;\">Le RSA <strong>pour une personne seule<\/strong> (montant mensuel) :<\/span><\/p>\n\n<div class=\"wpdt-c row wpDataTableContainerSimpleTable wpDataTables wpDataTablesWrapper\n\"\n    >\n    <table id=\"wpdtSimpleTable-3\"\n           class=\"wpdtSimpleTable wpDataTable\"\n           data-column=\"2\"\n           data-rows=\"5\"\n           data-wpID=\"3\"\n           data-responsive=\"0\"\n           data-has-header=\"1\">\n\n                    <thead>        <tr class=\"wpdt-cell-row \" >\n                            <th class=\"wpdt-cell wpdt-bc-F3F9FE wpdt-bold\"\n                                    data-cell-id=\"A1\"\n                data-col-index=\"0\"\n                data-row-index=\"0\"\n                style=\" width:48.571428571429%;                padding:10px;\"\n                >\n                                Situation familiale                <\/th>\n                                            <th class=\"wpdt-cell wpdt-bc-F3F9FE wpdt-bold\"\n                                    data-cell-id=\"B1\"\n                data-col-index=\"1\"\n                data-row-index=\"0\"\n                style=\" width:51.428571428571%;                padding:10px;\"\n                >\n                                Montant pour une personne seule avant d\u00e9duction du forfait logement                <\/th>\n                                        <\/tr>\n                    <tbody>        <tr class=\"wpdt-cell-row \" >\n                            <td class=\"wpdt-cell \"\n                                    data-cell-id=\"A2\"\n                data-col-index=\"0\"\n                data-row-index=\"1\"\n                style=\"                padding:10px;\"\n                >\n                                Personne seule sans enfant                <\/td>\n                                            <td class=\"wpdt-cell \"\n                                    data-cell-id=\"B2\"\n                data-col-index=\"1\"\n                data-row-index=\"1\"\n                style=\"                padding:10px;\"\n                >\n                                651,69 \u20ac                <\/td>\n                                        <\/tr>\n                            <tr class=\"wpdt-cell-row \" >\n                            <td class=\"wpdt-cell \"\n                                    data-cell-id=\"A3\"\n                data-col-index=\"0\"\n                data-row-index=\"2\"\n                style=\"                padding:10px;\"\n                >\n                                Personne seule avec 1 enfant                <\/td>\n                                            <td class=\"wpdt-cell \"\n                                    data-cell-id=\"B3\"\n                data-col-index=\"1\"\n                data-row-index=\"2\"\n                style=\"                padding:10px;\"\n                >\n                                977,54 \u20ac                <\/td>\n                                        <\/tr>\n                            <tr class=\"wpdt-cell-row \" >\n                            <td class=\"wpdt-cell \"\n                                    data-cell-id=\"A4\"\n                data-col-index=\"0\"\n                data-row-index=\"3\"\n                style=\"                padding:10px;\"\n                >\n                                Personne seule avec 2 enfants                <\/td>\n                                            <td class=\"wpdt-cell \"\n                                    data-cell-id=\"B4\"\n                data-col-index=\"1\"\n                data-row-index=\"3\"\n                style=\"                padding:10px;\"\n                >\n                                1 173,05 \u20ac                <\/td>\n                                        <\/tr>\n                            <tr class=\"wpdt-cell-row \" >\n                            <td class=\"wpdt-cell \"\n                                    data-cell-id=\"A5\"\n                data-col-index=\"0\"\n                data-row-index=\"4\"\n                style=\"                padding:10px;\"\n                >\n                                Par enfant suppl\u00e9mentaire                <\/td>\n                                            <td class=\"wpdt-cell \"\n                                    data-cell-id=\"B5\"\n                data-col-index=\"1\"\n                data-row-index=\"4\"\n                style=\"                padding:10px;\"\n                >\n                                + 260,68 \u20ac                <\/td>\n                                        <\/tr>\n                    <\/table>\n<\/div><style id='wpdt-custom-style-3'>\ntable#wpdtSimpleTable-3{ table-layout: fixed !important; }\n.wpdt-bc-F3F9FE { background-color: #F3F9FE !important;}\n<\/style>\n\n<p style=\"text-align: justify;\"><span style=\"font-weight: 400;\">Le RSA <strong>pour un parent isol\u00e9<\/strong>\u00a0(montant mensuel) :<\/span><\/p>\n\n<div class=\"wpdt-c row wpDataTableContainerSimpleTable wpDataTables wpDataTablesWrapper\n\"\n    >\n    <table id=\"wpdtSimpleTable-63\"\n           class=\"wpdtSimpleTable wpDataTable\"\n           data-column=\"3\"\n           data-rows=\"5\"\n           data-wpID=\"63\"\n           data-responsive=\"0\"\n           data-has-header=\"1\">\n\n                    <thead>        <tr class=\"wpdt-cell-row \" >\n                            <th class=\"wpdt-cell wpdt-bc-F3F9FE\"\n                                    data-cell-id=\"A1\"\n                data-col-index=\"0\"\n                data-row-index=\"0\"\n                style=\" width:35.78231292517%;                padding:10px;\"\n                >\n                                Nombre de personne\/ enfant \u00e0 charge                <\/th>\n                                            <th class=\"wpdt-cell wpdt-bc-F3F9FE\"\n                                    data-cell-id=\"B1\"\n                data-col-index=\"1\"\n                data-row-index=\"0\"\n                style=\" width:32.108843537415%;                padding:10px;\"\n                >\n                                Personne seule                <\/th>\n                                            <th class=\"wpdt-cell wpdt-bc-F3F9FE\"\n                                    data-cell-id=\"C1\"\n                data-col-index=\"2\"\n                data-row-index=\"0\"\n                style=\" width:32.108843537415%;                padding:10px;\"\n                >\n                                Parent isol\u00e9                <\/th>\n                                        <\/tr>\n                    <tbody>        <tr class=\"wpdt-cell-row \" >\n                            <td class=\"wpdt-cell \"\n                                    data-cell-id=\"A2\"\n                data-col-index=\"0\"\n                data-row-index=\"1\"\n                style=\"                padding:10px;\"\n                >\n                                0 (femme enceinte)                <\/td>\n                                            <td class=\"wpdt-cell \"\n                                    data-cell-id=\"B2\"\n                data-col-index=\"1\"\n                data-row-index=\"1\"\n                style=\"                padding:10px;\"\n                >\n                                -                <\/td>\n                                            <td class=\"wpdt-cell \"\n                                    data-cell-id=\"C2\"\n                data-col-index=\"2\"\n                data-row-index=\"1\"\n                style=\"                padding:10px;\"\n                >\n                                836,85 \u20ac                <\/td>\n                                        <\/tr>\n                            <tr class=\"wpdt-cell-row \" >\n                            <td class=\"wpdt-cell \"\n                                    data-cell-id=\"A3\"\n                data-col-index=\"0\"\n                data-row-index=\"2\"\n                style=\"                padding:10px;\"\n                >\n                                1                <\/td>\n                                            <td class=\"wpdt-cell \"\n                                    data-cell-id=\"B3\"\n                data-col-index=\"1\"\n                data-row-index=\"2\"\n                style=\"                padding:10px;\"\n                >\n                                977,54 \u20ac                <\/td>\n                                            <td class=\"wpdt-cell \"\n                                    data-cell-id=\"C3\"\n                data-col-index=\"2\"\n                data-row-index=\"2\"\n                style=\"                padding:10px;\"\n                >\n                                1 115,8 \u20ac                <\/td>\n                                        <\/tr>\n                            <tr class=\"wpdt-cell-row \" >\n                            <td class=\"wpdt-cell \"\n                                    data-cell-id=\"A4\"\n                data-col-index=\"0\"\n                data-row-index=\"3\"\n                style=\"                padding:10px;\"\n                >\n                                2                <\/td>\n                                            <td class=\"wpdt-cell \"\n                                    data-cell-id=\"B4\"\n                data-col-index=\"1\"\n                data-row-index=\"3\"\n                style=\"                padding:10px;\"\n                >\n                                1 163,74 \u20ac                <\/td>\n                                            <td class=\"wpdt-cell \"\n                                    data-cell-id=\"C4\"\n                data-col-index=\"2\"\n                data-row-index=\"3\"\n                style=\"                padding:10px;\"\n                >\n                                1 394,75 \u20ac                <\/td>\n                                        <\/tr>\n                            <tr class=\"wpdt-cell-row \" >\n                            <td class=\"wpdt-cell \"\n                                    data-cell-id=\"A5\"\n                data-col-index=\"0\"\n                data-row-index=\"4\"\n                style=\"                padding:10px;\"\n                >\n                                Par personne ou enfant suppl\u00e9mentaire\u00a0                <\/td>\n                                            <td class=\"wpdt-cell \"\n                                    data-cell-id=\"B5\"\n                data-col-index=\"1\"\n                data-row-index=\"4\"\n                style=\"                padding:10px;\"\n                >\n                                260,68 \u20ac                <\/td>\n                                            <td class=\"wpdt-cell \"\n                                    data-cell-id=\"C5\"\n                data-col-index=\"2\"\n                data-row-index=\"4\"\n                style=\"                padding:10px;\"\n                >\n                                278,95 \u20ac                <\/td>\n                                        <\/tr>\n                    <\/table>\n<\/div><style id='wpdt-custom-style-63'>\ntable#wpdtSimpleTable-63{ table-layout: fixed !important; }\n.wpdt-bc-F3F9FE { background-color: #F3F9FE !important;}\n<\/style>\n\n<p>Si vous \u00eates un parent isol\u00e9, cela signifie que vous remplissez l&rsquo;un des crit\u00e8res suivants :<\/p>\n<ul>\n<li>Vous \u00eates une femme enceinte.<\/li>\n<li>Vous \u00eates seul(e) avec au moins un enfant ou une personne \u00e0 charge, suite \u00e0 un \u00e9v\u00e9nement de vie tel qu&rsquo;un d\u00e9c\u00e8s ou une s\u00e9paration.<\/li>\n<\/ul>\n<p>Cette situation donne droit \u00e0 une majoration du montant du RSA, dont la dur\u00e9e d\u00e9pend de la date de l&rsquo;\u00e9v\u00e9nement :<\/p>\n<ul>\n<li>Si l&rsquo;\u00e9v\u00e9nement survient apr\u00e8s les 3 ans de l&rsquo;enfant \u00e0 charge, la majoration dure 12 mois, payable dans les 18 mois suivant cet \u00e9v\u00e9nement. Il est important de d\u00e9clarer cet \u00e9v\u00e9nement \u00e0 la CAF dans les 6 mois qui suivent.<\/li>\n<li>Si l&rsquo;\u00e9v\u00e9nement survient avant les 3 ans de l&rsquo;enfant \u00e0 charge, la majoration est valide jusqu&rsquo;\u00e0 ses 3 ans.<\/li>\n<\/ul>\n<h2 style=\"text-align: justify;\"><b>Plafonds de ressources pour un couple<\/b><\/h2>\n<p style=\"text-align: justify;\">Si vous \u00eates en couple, les plafonds de ressources que vous devez respecter d\u00e9pendent de votre situation familiale, notamment du nombre d&rsquo;enfants ou de personnes \u00e0 charge dans votre foyer. <span class=\"amp-wp-fe3f5cc\" data-amp-original-style=\"font-weight: 400;\">Ces montants sont appliqu\u00e9s <strong>jusqu&rsquo;au 31 mars 2027<\/strong>\u00a0et seront revaloris\u00e9s le 1er avril 2027.<\/span><\/p>\n<p style=\"text-align: justify;\"><span style=\"font-weight: 400;\">Le RSA <strong>pour un couple<\/strong> (montant mensuel) :<\/span><\/p>\n\n<div class=\"wpdt-c row wpDataTableContainerSimpleTable wpDataTables wpDataTablesWrapper\n\"\n    >\n    <table id=\"wpdtSimpleTable-4\"\n           class=\"wpdtSimpleTable wpDataTable\"\n           data-column=\"2\"\n           data-rows=\"5\"\n           data-wpID=\"4\"\n           data-responsive=\"0\"\n           data-has-header=\"1\">\n\n                    <thead>        <tr class=\"wpdt-cell-row \" >\n                            <th class=\"wpdt-cell wpdt-bc-F3F9FE wpdt-bold\"\n                                    data-cell-id=\"A1\"\n                data-col-index=\"0\"\n                data-row-index=\"0\"\n                style=\" width:48.571428571429%;                padding:10px;\"\n                >\n                                Situation familiale                <\/th>\n                                            <th class=\"wpdt-cell wpdt-bc-F3F9FE wpdt-bold\"\n                                    data-cell-id=\"B1\"\n                data-col-index=\"1\"\n                data-row-index=\"0\"\n                style=\" width:51.428571428571%;                padding:10px;\"\n                >\n                                Montant pour un couple avant d\u00e9duction du forfait logement                <\/th>\n                                        <\/tr>\n                    <tbody>        <tr class=\"wpdt-cell-row \" >\n                            <td class=\"wpdt-cell \"\n                                    data-cell-id=\"A2\"\n                data-col-index=\"0\"\n                data-row-index=\"1\"\n                style=\"                padding:10px;\"\n                >\n                                Couple sans enfant                <\/td>\n                                            <td class=\"wpdt-cell \"\n                                    data-cell-id=\"B2\"\n                data-col-index=\"1\"\n                data-row-index=\"1\"\n                style=\"                padding:10px;\"\n                >\n                                977,54 \u20ac                <\/td>\n                                        <\/tr>\n                            <tr class=\"wpdt-cell-row \" >\n                            <td class=\"wpdt-cell \"\n                                    data-cell-id=\"A3\"\n                data-col-index=\"0\"\n                data-row-index=\"2\"\n                style=\"                padding:10px;\"\n                >\n                                Couple avec 1 enfant                <\/td>\n                                            <td class=\"wpdt-cell \"\n                                    data-cell-id=\"B3\"\n                data-col-index=\"1\"\n                data-row-index=\"2\"\n                style=\"                padding:10px;\"\n                >\n                                1 173,05 \u20ac                <\/td>\n                                        <\/tr>\n                            <tr class=\"wpdt-cell-row \" >\n                            <td class=\"wpdt-cell \"\n                                    data-cell-id=\"A4\"\n                data-col-index=\"0\"\n                data-row-index=\"3\"\n                style=\"                padding:10px;\"\n                >\n                                Couple avec 2 enfants                <\/td>\n                                            <td class=\"wpdt-cell \"\n                                    data-cell-id=\"B4\"\n                data-col-index=\"1\"\n                data-row-index=\"3\"\n                style=\"                padding:10px;\"\n                >\n                                1 368,56 \u20ac                <\/td>\n                                        <\/tr>\n                            <tr class=\"wpdt-cell-row \" >\n                            <td class=\"wpdt-cell \"\n                                    data-cell-id=\"A5\"\n                data-col-index=\"0\"\n                data-row-index=\"4\"\n                style=\"                padding:10px;\"\n                >\n                                Par enfant suppl\u00e9mentaire                <\/td>\n                                            <td class=\"wpdt-cell \"\n                                    data-cell-id=\"B5\"\n                data-col-index=\"1\"\n                data-row-index=\"4\"\n                style=\"                padding:10px;\"\n                >\n                                + 260,68 \u20ac                <\/td>\n                                        <\/tr>\n                    <\/table>\n<\/div><style id='wpdt-custom-style-4'>\ntable#wpdtSimpleTable-4{ table-layout: fixed !important; }\ntable#wpdtSimpleTable-4 td, table.wpdtSimpleTable4 th { white-space: normal !important; }\n.wpdt-bc-F3F9FE { background-color: #F3F9FE !important;}\n<\/style>\n\n<p>Depuis <strong data-start=\"7\" data-end=\"26\">mars 2025<\/strong>, la <strong data-start=\"277\" data-end=\"321\">d\u00e9claration trimestrielle est simplifi\u00e9e<\/strong> gr\u00e2ce \u00e0 un <strong data-start=\"333\" data-end=\"358\">formulaire pr\u00e9-rempli<\/strong>, int\u00e9grant automatiquement certains revenus avec la possibilit\u00e9 de corrections. Par ailleurs, les <strong data-start=\"457\" data-end=\"495\">p\u00e9riodes de d\u00e9claration ont chang\u00e9<\/strong>: depuis mars, il faut d\u00e9clarer les revenus de <strong data-start=\"543\" data-end=\"576\">novembre, d\u00e9cembre et janvier<\/strong>, au lieu de <strong data-start=\"589\" data-end=\"621\">d\u00e9cembre, janvier et f\u00e9vrier <\/strong>auparavant. Cette modification vise \u00e0 <strong data-start=\"660\" data-end=\"723\">r\u00e9duire les erreurs et acc\u00e9l\u00e9rer le traitement des dossiers <\/strong>pour un versement plus fluide.<\/p>\n<div class='cta-block'><div class='text'>Simulez le montant de votre RSA selon votre salaire<\/div><a href='https:\/\/www.mes-allocs.fr\/ab-app?origin=guides\/wp-json\/wp\/v2\/posts\/71938' class='app-button fit'>Simulation gratuite<\/a><\/div>\n","protected":false},"excerpt":{"rendered":"<p>[Mis \u00e0 jour le 03\/04\/2026] Cumuler un salaire avec le RSA (Revenu de Solidarit\u00e9 Active) est envisageable dans certaines situations, mais cela d\u00e9pend de divers crit\u00e8res et peut avoir des implications sur le montant du RSA. Cette question suscite souvent des interrogations, et un \u00e9claircissement sur les conditions de cumul est n\u00e9cessaire pour mieux comprendre [&hellip;]<\/p>\n","protected":false},"author":26,"featured_media":376,"comment_status":"closed","ping_status":"open","sticky":false,"template":"","format":"standard","meta":{"amp_status":"","footnotes":""},"categories":[13283,14],"tags":[],"class_list":["post-71938","post","type-post","status-publish","format-standard","has-post-thumbnail","hentry","category-cumul-rsa","category-rsa"],"yoast_head":"<!-- This site is optimized with the Yoast SEO plugin v14.9 - https:\/\/yoast.com\/wordpress\/plugins\/seo\/ -->\n<title>RSA et travail : peut-on cumuler les deux en 2026 ? | Mes-Allocs.fr<\/title>\n<meta name=\"description\" content=\"Cumuler un travail avec le RSA d\u00e9pend de plusieurs crit\u00e8res. Mes Allocs vous explique comment en b\u00e9n\u00e9ficier en 2026.\" \/>\n<meta name=\"robots\" content=\"index, follow, max-snippet:-1, max-image-preview:large, max-video-preview:-1\" \/>\n<link rel=\"canonical\" href=\"https:\/\/www.mes-allocs.fr\/guides\/rsa\/cumul-rsa\/rsa-travail\/\" \/>\n<meta property=\"og:locale\" content=\"fr_FR\" \/>\n<meta property=\"og:type\" content=\"article\" \/>\n<meta property=\"og:title\" content=\"RSA et travail : peut-on cumuler les deux en 2026 ? | Mes-Allocs.fr\" \/>\n<meta property=\"og:description\" content=\"Cumuler un travail avec le RSA d\u00e9pend de plusieurs crit\u00e8res. Mes Allocs vous explique comment en b\u00e9n\u00e9ficier en 2026.\" \/>\n<meta property=\"og:url\" content=\"https:\/\/www.mes-allocs.fr\/guides\/rsa\/cumul-rsa\/rsa-travail\/\" \/>\n<meta property=\"og:site_name\" content=\"Mes-Allocs.fr\" \/>\n<meta property=\"article:published_time\" content=\"2023-12-22T13:46:02+00:00\" \/>\n<meta property=\"article:modified_time\" content=\"2026-04-03T14:37:10+00:00\" \/>\n<meta property=\"og:image\" content=\"https:\/\/www.mes-allocs.fr\/guides\/wp-content\/uploads\/2019\/07\/rsa-cs5-e1705953289672.jpg?wsr\" \/>\n\t<meta property=\"og:image:width\" content=\"1455\" \/>\n\t<meta property=\"og:image:height\" content=\"538\" \/>\n<meta name=\"twitter:card\" content=\"summary_large_image\" \/>\n<script type=\"application\/ld+json\" class=\"yoast-schema-graph\">{\"@context\":\"https:\/\/schema.org\",\"@graph\":[{\"@type\":\"WebSite\",\"@id\":\"https:\/\/www.mes-allocs.fr\/guides\/#website\",\"url\":\"https:\/\/www.mes-allocs.fr\/guides\/\",\"name\":\"Mes-Allocs.fr\",\"description\":\"\",\"potentialAction\":[{\"@type\":\"SearchAction\",\"target\":\"https:\/\/www.mes-allocs.fr\/guides\/?s={search_term_string}\",\"query-input\":\"required name=search_term_string\"}],\"inLanguage\":\"fr-FR\"},{\"@type\":\"ImageObject\",\"@id\":\"https:\/\/www.mes-allocs.fr\/guides\/rsa\/cumul-rsa\/rsa-travail\/#primaryimage\",\"inLanguage\":\"fr-FR\",\"url\":\"https:\/\/www.mes-allocs.fr\/guides\/wp-content\/uploads\/2019\/07\/rsa-cs5-e1705953289672.jpg?wsr\",\"width\":1455,\"height\":538,\"caption\":\"rsa cs5 e1563555874698\"},{\"@type\":\"WebPage\",\"@id\":\"https:\/\/www.mes-allocs.fr\/guides\/rsa\/cumul-rsa\/rsa-travail\/#webpage\",\"url\":\"https:\/\/www.mes-allocs.fr\/guides\/rsa\/cumul-rsa\/rsa-travail\/\",\"name\":\"RSA et travail : peut-on cumuler les deux en 2026 ? | Mes-Allocs.fr\",\"isPartOf\":{\"@id\":\"https:\/\/www.mes-allocs.fr\/guides\/#website\"},\"primaryImageOfPage\":{\"@id\":\"https:\/\/www.mes-allocs.fr\/guides\/rsa\/cumul-rsa\/rsa-travail\/#primaryimage\"},\"datePublished\":\"2023-12-22T13:46:02+00:00\",\"dateModified\":\"2026-04-03T14:37:10+00:00\",\"author\":{\"@id\":\"https:\/\/www.mes-allocs.fr\/guides\/#\/schema\/person\/9c38f3be41a0ddcd1e3fde5a3df713bf\"},\"description\":\"Cumuler un travail avec le RSA d\\u00e9pend de plusieurs crit\\u00e8res. Mes Allocs vous explique comment en b\\u00e9n\\u00e9ficier en 2026.\",\"inLanguage\":\"fr-FR\"},{\"@type\":\"Person\",\"@id\":\"https:\/\/www.mes-allocs.fr\/guides\/#\/schema\/person\/9c38f3be41a0ddcd1e3fde5a3df713bf\",\"name\":\"Sessime Ananou\",\"image\":{\"@type\":\"ImageObject\",\"@id\":\"https:\/\/www.mes-allocs.fr\/guides\/#personlogo\",\"inLanguage\":\"fr-FR\",\"url\":\"https:\/\/www.mes-allocs.fr\/guides\/wp-content\/uploads\/2023\/08\/IMG_8173-150x150.jpg\",\"caption\":\"Sessime Ananou\"},\"description\":\"Sessime est r\\u00e9dactrice chez Mes Allocs, sp\\u00e9cialis\\u00e9e sur le pouvoir d'achat. Elle rejoint l'\\u00e9quipe Mes Allocs en ao\\u00fbt 2023 afin de simplifier l'acc\\u00e8s \\u00e0 l'information sur les aides en g\\u00e9n\\u00e9ral.\"}]}<\/script>\n<!-- \/ Yoast SEO plugin. -->","amp_validity":null,"acf":{"faq":{"1":{"question":"Quel revenu minimum pour toucher le RSA ?","answer":"Il n'y a pas de revenu minimum pour toucher le RSA, mais vos ressources ne doivent pas d\u00e9passer un certain plafond, qui varie selon votre situation familiale. En 2026, le montant du RSA pour une personne seule sans revenus est de 651,69 \u20ac par mois. Si vous percevez d'autres revenus (comme un salaire \u00e0 temps partiel ou des aides sociales), ceux-ci seront pris en compte dans le calcul et pourront r\u00e9duire le montant du RSA vers\u00e9."},"2":{"question":" Est-ce que les retrait\u00e9s ont droit au RSA ?","answer":"Non. Le Revenu de solidarit\u00e9 active (RSA) n'est pas une indemnit\u00e9 ch\u00f4mage. Il n'est pas soumis \u00e0 cotisations et ne donne pas droit \u00e0 des trimestres de retraite."},"3":{"question":"Qui sont les b\u00e9n\u00e9ficiaires du RSA ?","answer":"Vous pouvez demander le RSA si vous \u00eates \u00e2g\u00e9 d'au moins 25 ans et que vous r\u00e9sidez en France de mani\u00e8re stable et effective. Il n'y a pas d'\u00e2ge plafond pour b\u00e9n\u00e9ficier du RSA."},"4":{"question":"Est-ce que je peux travailler et toucher le RSA en m\u00eame temps ?","answer":"Oui, il est possible de cumuler un travail r\u00e9mun\u00e9r\u00e9 avec le RSA dans la mesure o\u00f9 vos revenus ne d\u00e9passent pas certains plafonds d\u00e9termin\u00e9s par les r\u00e8gles d'attribution du RSA."},"5":{"question":"Comment calculer RSA et salaire ?","answer":"Le calcul du RSA se base sur les ressources et les revenus per\u00e7us par le foyer. Lorsque vous avez un salaire, celui-ci est pris en compte pour d\u00e9terminer le montant du RSA. Le calcul tient compte de certains \u00e9l\u00e9ments comme les revenus d'activit\u00e9, les autres ressources, la composition du foyer, et les \u00e9ventuels abattements appliqu\u00e9s sur les revenus professionnels."},"6":{"question":"Quel est le montant du RSA ?","answer":"Depuis le 1er avril 2026 et jusqu'au 31 mars 2027, le montant forfaitaire du RSA est de 651,69 \u20ac."},"7":{"question":"","answer":""},"8":{"question":"","answer":""},"9":{"question":"","answer":""},"10":{"question":"","answer":""},"11":{"question":"","answer":""},"12":{"question":"","answer":""},"13":{"question":"","answer":""},"14":{"question":"","answer":""},"15":{"question":"","answer":""},"16":{"question":"","answer":""}}},"_links":{"self":[{"href":"https:\/\/www.mes-allocs.fr\/guides\/wp-json\/wp\/v2\/posts\/71938","targetHints":{"allow":["GET"]}}],"collection":[{"href":"https:\/\/www.mes-allocs.fr\/guides\/wp-json\/wp\/v2\/posts"}],"about":[{"href":"https:\/\/www.mes-allocs.fr\/guides\/wp-json\/wp\/v2\/types\/post"}],"author":[{"embeddable":true,"href":"https:\/\/www.mes-allocs.fr\/guides\/wp-json\/wp\/v2\/users\/26"}],"replies":[{"embeddable":true,"href":"https:\/\/www.mes-allocs.fr\/guides\/wp-json\/wp\/v2\/comments?post=71938"}],"version-history":[{"count":19,"href":"https:\/\/www.mes-allocs.fr\/guides\/wp-json\/wp\/v2\/posts\/71938\/revisions"}],"predecessor-version":[{"id":111602,"href":"https:\/\/www.mes-allocs.fr\/guides\/wp-json\/wp\/v2\/posts\/71938\/revisions\/111602"}],"wp:featuredmedia":[{"embeddable":true,"href":"https:\/\/www.mes-allocs.fr\/guides\/wp-json\/wp\/v2\/media\/376"}],"wp:attachment":[{"href":"https:\/\/www.mes-allocs.fr\/guides\/wp-json\/wp\/v2\/media?parent=71938"}],"wp:term":[{"taxonomy":"category","embeddable":true,"href":"https:\/\/www.mes-allocs.fr\/guides\/wp-json\/wp\/v2\/categories?post=71938"},{"taxonomy":"post_tag","embeddable":true,"href":"https:\/\/www.mes-allocs.fr\/guides\/wp-json\/wp\/v2\/tags?post=71938"}],"curies":[{"name":"wp","href":"https:\/\/api.w.org\/{rel}","templated":true}]}}