{"id":71932,"date":"2023-12-22T14:49:36","date_gmt":"2023-12-22T12:49:36","guid":{"rendered":"https:\/\/www.mes-allocs.fr\/guides\/?p=71932"},"modified":"2026-01-15T18:03:48","modified_gmt":"2026-01-15T17:03:48","slug":"fjt","status":"publish","type":"post","link":"https:\/\/www.mes-allocs.fr\/guides\/aide-logement\/fjt\/","title":{"rendered":"Foyer de jeunes travailleurs (FJT) 2026 : aides, conditions, montants"},"content":{"rendered":"<p><img loading=\"lazy\" decoding=\"async\" class=\"alignnone wp-image-71935 size-full\" title=\"Foyer de jeunes travailleurs\" src=\"https:\/\/www.mes-allocs.fr\/guides\/wp-content\/uploads\/2023\/12\/Foyer-de-jeunes-travailleurs-e1703246340200.jpg\" alt=\"Foyer de jeunes travailleurs\" width=\"1280\" height=\"336\" srcset=\"https:\/\/www.mes-allocs.fr\/guides\/wp-content\/uploads\/2023\/12\/Foyer-de-jeunes-travailleurs-e1703246340200.jpg 1280w, https:\/\/www.mes-allocs.fr\/guides\/wp-content\/uploads\/2023\/12\/Foyer-de-jeunes-travailleurs-e1703246340200-300x79.jpg 300w, https:\/\/www.mes-allocs.fr\/guides\/wp-content\/uploads\/2023\/12\/Foyer-de-jeunes-travailleurs-e1703246340200-1024x269.jpg 1024w, https:\/\/www.mes-allocs.fr\/guides\/wp-content\/uploads\/2023\/12\/Foyer-de-jeunes-travailleurs-e1703246340200-768x202.jpg 768w, https:\/\/www.mes-allocs.fr\/guides\/wp-content\/uploads\/2023\/12\/Foyer-de-jeunes-travailleurs-e1703246340200-600x158.jpg 600w\" sizes=\"auto, (max-width: 1280px) 100vw, 1280px\" \/><\/p>\n<p>[Mis \u00e0 jour le 15\/01\/2026] Les Foyers de Jeunes Travailleurs (FJT) sont des structures d\u00e9di\u00e9es \u00e0 l&rsquo;accueil des jeunes actifs, offrant un cadre de vie adapt\u00e9 et des services sp\u00e9cifiques. Ces lieux visent \u00e0 favoriser l&rsquo;autonomie et l&rsquo;insertion professionnelle des jeunes travailleurs en leur proposant des solutions d&rsquo;h\u00e9bergement temporaires : il s&rsquo;agit d&rsquo;une v\u00e9ritable <a href=\"https:\/\/www.mes-allocs.fr\/guides\/aide-logement\">aide au logement<\/a>. Explorons les conditions d&rsquo;acc\u00e8s, les avantages financiers et les droits disponibles pour ces r\u00e9sidents.<\/p>\n<div class='cta-block'><div class='text'>Simulez toutes vos aides en 2 min.<\/div><a href='https:\/\/www.mes-allocs.fr\/ab-app?origin=guides\/wp-json\/wp\/v2\/posts\/71932' class='app-button fit'>Simulation gratuite<\/a><\/div>\n<h1>Quelles sont les conditions d&rsquo;acc\u00e8s au FJT ?<\/h1>\n<h2>Qu&rsquo;est-ce que le FJT ?<\/h2>\n<p>Le Foyer de Jeunes Travailleurs (FJT) est une structure d&rsquo;h\u00e9bergement destin\u00e9e \u00e0 accueillir des jeunes de 16 \u00e0 25 ans engag\u00e9s dans des parcours d&rsquo;insertion sociale et professionnelle. Il vise \u00e0 offrir un cadre de vie et d&rsquo;accompagnement favorisant l&rsquo;autonomie et l&rsquo;int\u00e9gration des jeunes.<\/p>\n<h2>Les crit\u00e8res d&rsquo;\u00e9ligibilit\u00e9 pour r\u00e9sider dans un FJT<\/h2>\n<p>Les Foyers de Jeunes Travailleurs (FJT) doivent respecter des crit\u00e8res pr\u00e9cis pour accueillir certains profils de jeunes et r\u00e9pondre \u00e0 des objectifs socio\u00e9ducatifs. Les crit\u00e8res incluent l&rsquo;accueil d&rsquo;un public de jeunes \u00e2g\u00e9s de 16 \u00e0 25 ans en insertion sociale et professionnelle, avec au moins 65 % de jeunes actifs exer\u00e7ant une activit\u00e9 salari\u00e9e, en formation, en recherche d&#8217;emploi, ou en apprentissage.<\/p>\n<p>Les FJT doivent \u00e9quilibrer les profils des jeunes accueillis et accorder une attention particuli\u00e8re aux jeunes vuln\u00e9rables, tels que les sortants de l&rsquo;aide sociale \u00e0 l&rsquo;enfance, les familles monoparentales, les jeunes en situation de handicap et les jeunes r\u00e9fugi\u00e9s, \u00e9tablissant des partenariats avec les Services int\u00e9gr\u00e9s d&rsquo;accueil et d&rsquo;orientation (SIAO) pour faciliter leur accompagnement vers le logement.<\/p>\n<p>Ces crit\u00e8res sont d\u00e9crits dans le projet socio\u00e9ducatif des FJT et visent \u00e0 anticiper les sorties de l&rsquo;aide sociale \u00e0 l&rsquo;enfance et \u00e0 renforcer les partenariats avec les Conseils D\u00e9partementaux.<\/p>\n<h2>Le profil et situation professionnelle des jeunes travailleurs concern\u00e9s<\/h2>\n<p>Les Foyers de Jeunes Travailleurs accueillent des jeunes de 16 \u00e0 25 ans impliqu\u00e9s dans des parcours d&rsquo;insertion sociale et professionnelle. Les crit\u00e8res d&rsquo;admission englobent les jeunes actifs exer\u00e7ant une activit\u00e9 salari\u00e9e (CDD, CDI, int\u00e9rim), en formation ou en apprentissage, ceux recherchant un emploi et ceux suivant des stages professionnels.<\/p>\n<p>Ils visent \u00e0 \u00e9quilibrer la diversit\u00e9 des profils accueillis, offrant une attention sp\u00e9ciale aux apprentis et alternants tout en prenant en charge les publics les plus vuln\u00e9rables, tels que les sortants de l&rsquo;aide sociale \u00e0 l&rsquo;enfance, les familles monoparentales, les jeunes en situation de handicap ou les jeunes r\u00e9fugi\u00e9s.<\/p>\n<div class='cta-block'><div class='text'>Simulez toutes vos aides en 2 min.<\/div><a href='https:\/\/www.mes-allocs.fr\/ab-app?origin=guides\/wp-json\/wp\/v2\/posts\/71932' class='app-button fit'>Simulation gratuite<\/a><\/div>\n<h1>Quels sont les montants et types d&rsquo;aides disponibles<\/h1>\n<h2>Les aides financi\u00e8res pour le logement<\/h2>\n<p>Les aides financi\u00e8res pour le logement disponibles dans les Foyers de Jeunes Travailleurs peuvent comprendre des allocations directes visant \u00e0 aider les r\u00e9sidents \u00e0 couvrir une partie du loyer ou des charges. Ces aides sont souvent bas\u00e9es sur les ressources du r\u00e9sident et peuvent \u00eatre soumises \u00e0 des crit\u00e8res sp\u00e9cifiques li\u00e9s \u00e0 la situation personnelle ou professionnelle. Parfois, des dispositifs compl\u00e9mentaires comme les Aides Personnalis\u00e9es au Logement (APL) peuvent \u00e9galement \u00eatre accessibles pour les r\u00e9sidents en fonction de leur situation.<\/p>\n<h2>L&rsquo;accompagnement social et professionnel propos\u00e9<\/h2>\n<p>Les Foyers de Jeunes Travailleurs offrent un accompagnement social et professionnel vari\u00e9, adapt\u00e9 aux besoins des r\u00e9sidents. Cela peut inclure des services de soutien pour l&rsquo;insertion sociale et professionnelle tels que des ateliers d&rsquo;orientation professionnelle, des conseils pour la recherche d&#8217;emploi, des formations, des aides \u00e0 la r\u00e9daction de CV et \u00e0 la pr\u00e9paration d&rsquo;entretiens. Sur le plan social, ces lieux proposent souvent des activit\u00e9s collectives, des temps d&rsquo;\u00e9change et de partage, des rencontres avec des professionnels du secteur social et des services d&rsquo;\u00e9coute et de soutien psychologique.<\/p>\n<h2>Les autres avantages et services offerts<\/h2>\n<p>Les Foyers de Jeunes Travailleurs offrent g\u00e9n\u00e9ralement divers services compl\u00e9mentaires pour faciliter la vie quotidienne des r\u00e9sidents. Parmi ces avantages figurent souvent l&rsquo;acc\u00e8s \u00e0 des espaces communs \u00e9quip\u00e9s (cuisine, salles de d\u00e9tente), des activit\u00e9s culturelles ou sportives organis\u00e9es au sein du foyer, des services de laverie, parfois des acc\u00e8s Internet ou des dispositifs de t\u00e9l\u00e9phonie, et parfois des partenariats avec des organismes locaux pour des r\u00e9ductions ou des avantages sp\u00e9cifiques.<\/p>\n<p>Certains FJT proposent \u00e9galement des aides ponctuelles pour des d\u00e9marches administratives ou des soutiens financiers d&rsquo;urgence.<\/p>\n<div class=\"page\" title=\"Page 2\">\n<div class=\"section\">\n<div class=\"layoutArea\">\n<div class=\"column\">\n<h1>Les droits et d\u00e9marches pour les r\u00e9sidents<\/h1>\n<h2>Comment avoir une place en FJT ?<\/h2>\n<p>Pour int\u00e9grer un Foyer de Jeunes Travailleurs, il vous suffit de prendre contact avec la r\u00e9sidence qui vous int\u00e9resse. Les coordonn\u00e9es des diff\u00e9rentes structures sont g\u00e9n\u00e9ralement disponibles en mairie, au Centre Communal d&rsquo;Action Sociale (CCAS), sur le site de l\u2019Union Nationale de l\u2019Habitat des Jeunes (UNHAJ) ou encore sur celui de l\u2019Association pour le Logement des Jeunes Travailleurs (ALJT).<\/p>\n<h2>Combien co\u00fbte\u2009une place en foyer jeune travailleur ?<\/h2>\n<p>Lors de votre inscription, divers frais seront \u00e0 r\u00e9gler, notamment des frais de dossier (environ 50 \u20ac) et des frais pour la cr\u00e9ation de votre carte magn\u00e9tique <strong>(environ 15 \u20ac)<\/strong>, ainsi qu&rsquo;un d\u00e9p\u00f4t de garantie \u00e9quivalent \u00e0 un mois de redevance, remboursable \u00e0 la fin de votre s\u00e9jour. Chaque mois, votre redevance couvrira le loyer, l\u2019eau, l\u2019\u00e9lectricit\u00e9, le chauffage, la maintenance, l\u2019assurance responsabilit\u00e9 civile, ainsi que des prestations h\u00f4teli\u00e8res (petits-d\u00e9jeuners, blanchisserie, acc\u00e8s \u00e0 Internet, etc.). Ce montant oscille entre<strong> 250 \u20ac et 500 \u20ac<\/strong> par mois selon les Foyers de Jeunes Travailleurs. Si vous b\u00e9n\u00e9ficiez d\u2019aides au logement comme l\u2019APL ou l\u2019ALS, elles seront d\u00e9duites de votre redevance et vers\u00e9es directement au gestionnaire du foyer.<\/p>\n<h2>Quelles sont les aides pour payer votre redevance\u2009FJT ?<\/h2>\n<p>En fonction de vos ressources et de la dur\u00e9e de votre s\u00e9jour, divers dispositifs peuvent vous aider \u00e0 couvrir votre redevance mensuelle :<\/p>\n<ul>\n<li>L\u2019Aide Personnalis\u00e9e au Logement (APL) : une aide de la Caisse d\u2019Allocations Familiales (CAF) bas\u00e9e sur votre situation familiale et vos revenus.<\/li>\n<li>L\u2019Allocation de Logement \u00e0 Caract\u00e8re Social (ALS) : disponible si vous n&rsquo;\u00eates pas \u00e9ligible \u00e0 d&rsquo;autres aides telles que l\u2019APL.<\/li>\n<li>L\u2019aide Mobili-Jeune : sp\u00e9cifique aux jeunes apprentis du secteur priv\u00e9 non agricole.<\/li>\n<li>L\u2019aide du Fonds de Solidarit\u00e9 pour le Logement (FSL) : destin\u00e9e aux personnes aux ressources modestes, peut couvrir le d\u00e9p\u00f4t de garantie ou la redevance mensuelle.<\/li>\n<li>L\u2019avance Loca-Pass : permet de r\u00e9gler le d\u00e9p\u00f4t de garantie \u00e0 votre arriv\u00e9e. Il s&rsquo;agit d&rsquo;un pr\u00eat sans int\u00e9r\u00eat \u00e0 rembourser sur une dur\u00e9e maximale de 25 mois.<\/li>\n<\/ul>\n<p><strong>\u00c0 noter<\/strong> : pour accomplir ces d\u00e9marches, vous pouvez toujours solliciter un membre de l\u2019\u00e9quipe pluridisciplinaire du foyer jeune travailleur. Ils sont l\u00e0 pour vous aider dans ces proc\u00e9dures !<\/p>\n<h1>Peut-on quitter un foyer jeune travailleur\u2009?<\/h1>\n<h2>La r\u00e9siliation du contrat d\u2019h\u00e9bergement par le r\u00e9sident<\/h2>\n<p>En tant que r\u00e9sident, vous pouvez librement r\u00e9silier votre location dans la r\u00e9sidence jeune travailleur en envoyant une lettre de r\u00e9siliation par courrier recommand\u00e9 avec avis de r\u00e9ception. Un pr\u00e9avis de 8 jours doit \u00eatre respect\u00e9 \u00e0 partir de la r\u00e9ception de l&rsquo;accus\u00e9 de r\u00e9ception par le gestionnaire, durant lequel vous devrez continuer \u00e0 payer la redevance.<\/p>\n<h2>La r\u00e9siliation du contrat d\u2019h\u00e9bergement par le gestionnaire du foyer jeune travailleur<\/h2>\n<p>Le gestionnaire du foyer peut mettre fin au contrat d&rsquo;occupation dans certaines conditions sp\u00e9cifiques :<\/p>\n<ul>\n<li>Non-respect des obligations (non-paiement de la redevance, non-respect du r\u00e8glement int\u00e9rieur, etc.) : un pr\u00e9avis d&rsquo;un mois est g\u00e9n\u00e9ralement accord\u00e9.<\/li>\n<li>Non-conformit\u00e9 aux crit\u00e8res d&rsquo;admission (\u00e2ge, ressources, etc.) : un pr\u00e9avis de trois mois est appliqu\u00e9.<\/li>\n<li>Fermeture de la r\u00e9sidence : un pr\u00e9avis de trois mois est donn\u00e9. Dans tous les cas, la notification se fait par lettre recommand\u00e9e avec accus\u00e9 de r\u00e9ception, \u00e0 partir de laquelle le pr\u00e9avis commence \u00e0 courir.<\/li>\n<\/ul>\n<\/div>\n<\/div>\n<\/div>\n<\/div>\n<div class='cta-block'><div class='text'>Simulez toutes vos aides en 2 min.<\/div><a href='https:\/\/www.mes-allocs.fr\/ab-app?origin=guides\/wp-json\/wp\/v2\/posts\/71932' class='app-button fit'>Simulation gratuite<\/a><\/div>\n","protected":false},"excerpt":{"rendered":"<p>[Mis \u00e0 jour le 15\/01\/2026] Les Foyers de Jeunes Travailleurs (FJT) sont des structures d\u00e9di\u00e9es \u00e0 l&rsquo;accueil des jeunes actifs, offrant un cadre de vie adapt\u00e9 et des services sp\u00e9cifiques. Ces lieux visent \u00e0 favoriser l&rsquo;autonomie et l&rsquo;insertion professionnelle des jeunes travailleurs en leur proposant des solutions d&rsquo;h\u00e9bergement temporaires : il s&rsquo;agit d&rsquo;une v\u00e9ritable aide [&hellip;]<\/p>\n","protected":false},"author":26,"featured_media":105155,"comment_status":"closed","ping_status":"open","sticky":false,"template":"","format":"standard","meta":{"amp_status":"","footnotes":""},"categories":[1],"tags":[],"class_list":["post-71932","post","type-post","status-publish","format-standard","has-post-thumbnail","hentry","category-aide-logement"],"yoast_head":"<!-- This site is optimized with the Yoast SEO plugin v14.9 - https:\/\/yoast.com\/wordpress\/plugins\/seo\/ -->\n<title>Foyer de jeunes travailleurs (FJT) 2026 : aides, conditions, montants<\/title>\n<meta name=\"description\" content=\"Les Foyers de Jeunes Travailleurs (FJT) sont des structures d\u00e9di\u00e9es \u00e0 l&#039;accueil des jeunes actifs, offrant un cadre de vie adapt\u00e9.\" \/>\n<meta name=\"robots\" content=\"index, follow, max-snippet:-1, max-image-preview:large, max-video-preview:-1\" \/>\n<link rel=\"canonical\" href=\"https:\/\/www.mes-allocs.fr\/guides\/aide-logement\/fjt\/\" \/>\n<meta property=\"og:locale\" content=\"fr_FR\" \/>\n<meta property=\"og:type\" content=\"article\" \/>\n<meta property=\"og:title\" content=\"Foyer de jeunes travailleurs (FJT) 2026 : aides, conditions, montants\" \/>\n<meta property=\"og:description\" content=\"Les Foyers de Jeunes Travailleurs (FJT) sont des structures d\u00e9di\u00e9es \u00e0 l&#039;accueil des jeunes actifs, offrant un cadre de vie adapt\u00e9.\" \/>\n<meta property=\"og:url\" content=\"https:\/\/www.mes-allocs.fr\/guides\/aide-logement\/fjt\/\" \/>\n<meta property=\"og:site_name\" content=\"Mes-Allocs.fr\" \/>\n<meta property=\"article:published_time\" content=\"2023-12-22T12:49:36+00:00\" \/>\n<meta property=\"article:modified_time\" content=\"2026-01-15T17:03:48+00:00\" \/>\n<meta property=\"og:image\" content=\"https:\/\/www.mes-allocs.fr\/guides\/wp-content\/uploads\/2023\/12\/foyer-jeunes-travailleurs.jpg?wsr\" \/>\n\t<meta property=\"og:image:width\" content=\"1279\" \/>\n\t<meta property=\"og:image:height\" content=\"869\" \/>\n<meta name=\"twitter:card\" content=\"summary_large_image\" \/>\n<script type=\"application\/ld+json\" class=\"yoast-schema-graph\">{\"@context\":\"https:\/\/schema.org\",\"@graph\":[{\"@type\":\"WebSite\",\"@id\":\"https:\/\/www.mes-allocs.fr\/guides\/#website\",\"url\":\"https:\/\/www.mes-allocs.fr\/guides\/\",\"name\":\"Mes-Allocs.fr\",\"description\":\"\",\"potentialAction\":[{\"@type\":\"SearchAction\",\"target\":\"https:\/\/www.mes-allocs.fr\/guides\/?s={search_term_string}\",\"query-input\":\"required name=search_term_string\"}],\"inLanguage\":\"fr-FR\"},{\"@type\":\"ImageObject\",\"@id\":\"https:\/\/www.mes-allocs.fr\/guides\/aide-logement\/fjt\/#primaryimage\",\"inLanguage\":\"fr-FR\",\"url\":\"https:\/\/www.mes-allocs.fr\/guides\/wp-content\/uploads\/2023\/12\/foyer-jeunes-travailleurs.jpg?wsr\",\"width\":1279,\"height\":869,\"caption\":\"foyer jeunes travailleurs\"},{\"@type\":\"WebPage\",\"@id\":\"https:\/\/www.mes-allocs.fr\/guides\/aide-logement\/fjt\/#webpage\",\"url\":\"https:\/\/www.mes-allocs.fr\/guides\/aide-logement\/fjt\/\",\"name\":\"Foyer de jeunes travailleurs (FJT) 2026 : aides, conditions, montants\",\"isPartOf\":{\"@id\":\"https:\/\/www.mes-allocs.fr\/guides\/#website\"},\"primaryImageOfPage\":{\"@id\":\"https:\/\/www.mes-allocs.fr\/guides\/aide-logement\/fjt\/#primaryimage\"},\"datePublished\":\"2023-12-22T12:49:36+00:00\",\"dateModified\":\"2026-01-15T17:03:48+00:00\",\"author\":{\"@id\":\"https:\/\/www.mes-allocs.fr\/guides\/#\/schema\/person\/9c38f3be41a0ddcd1e3fde5a3df713bf\"},\"description\":\"Les Foyers de Jeunes Travailleurs (FJT) sont des structures d\\u00e9di\\u00e9es \\u00e0 l'accueil des jeunes actifs, offrant un cadre de vie adapt\\u00e9.\",\"inLanguage\":\"fr-FR\"},{\"@type\":\"Person\",\"@id\":\"https:\/\/www.mes-allocs.fr\/guides\/#\/schema\/person\/9c38f3be41a0ddcd1e3fde5a3df713bf\",\"name\":\"Sessime Ananou\",\"image\":{\"@type\":\"ImageObject\",\"@id\":\"https:\/\/www.mes-allocs.fr\/guides\/#personlogo\",\"inLanguage\":\"fr-FR\",\"url\":\"https:\/\/www.mes-allocs.fr\/guides\/wp-content\/uploads\/2023\/08\/IMG_8173-150x150.jpg\",\"caption\":\"Sessime Ananou\"},\"description\":\"Sessime est r\\u00e9dactrice chez Mes Allocs, sp\\u00e9cialis\\u00e9e sur le pouvoir d'achat. Elle rejoint l'\\u00e9quipe Mes Allocs en ao\\u00fbt 2023 afin de simplifier l'acc\\u00e8s \\u00e0 l'information sur les aides en g\\u00e9n\\u00e9ral.\"}]}<\/script>\n<!-- \/ Yoast SEO plugin. -->","amp_validity":null,"acf":{"faq":{"1":{"question":"Qui a le droit au foyer jeune travailleur ?","answer":"Si vous \u00eates \u00e2g\u00e9 de 16 \u00e0 30 ans et avez des difficult\u00e9s pour trouver un logement."},"2":{"question":"Comment fonctionne un foyer de jeunes travailleurs ?","answer":"Les foyers de jeunes travailleurs fonctionnent en offrant un h\u00e9bergement temporaire, un accompagnement social et professionnel pour favoriser l'autonomie et l'insertion des jeunes actifs."},"3":{"question":"Qui a le droit au foyer ?","answer":"\u00catre \u00e2g\u00e9 de 16 \u00e0 25 ans, voire 30 ans pour certains foyers."},"4":{"question":"Comment on peut obtenir une place dans le foyer jeune travailleur ?","answer":"Pour obtenir une place dans un foyer de jeunes travailleurs, il est g\u00e9n\u00e9ralement n\u00e9cessaire de contacter directement le foyer pour entamer le processus de candidature et de demande d'h\u00e9bergement."},"5":{"question":"Quelles aides pour jeune salari\u00e9 ?","answer":"Le montant du RSA jeune actif est identique au RSA socle soit 646,52 \u20ac."},"6":{"question":"\u00c0 quelle aide ai-je droit en tant que jeune ?","answer":"En tant que jeune, vous pouvez pr\u00e9tendre \u00e0 des aides comme le RSA jeune actif, les aides au logement (APL, ALS), la prime d'activit\u00e9, le Contrat d'engagement jeune (CEJ avec allocation), l'aide \u00e0 l'autonomie des jeunes (jusqu'\u00e0 2 000 \u20ac), l'aide Mobili-Jeune pour apprentis, ou encore des fonds d'aide aux jeunes (FAJ)."},"7":{"question":"","answer":""},"8":{"question":"","answer":""},"9":{"question":"","answer":""},"10":{"question":"","answer":""},"11":{"question":"","answer":""},"12":{"question":"","answer":""},"13":{"question":"","answer":""},"14":{"question":"","answer":""},"15":{"question":"","answer":""},"16":{"question":"","answer":""}}},"_links":{"self":[{"href":"https:\/\/www.mes-allocs.fr\/guides\/wp-json\/wp\/v2\/posts\/71932","targetHints":{"allow":["GET"]}}],"collection":[{"href":"https:\/\/www.mes-allocs.fr\/guides\/wp-json\/wp\/v2\/posts"}],"about":[{"href":"https:\/\/www.mes-allocs.fr\/guides\/wp-json\/wp\/v2\/types\/post"}],"author":[{"embeddable":true,"href":"https:\/\/www.mes-allocs.fr\/guides\/wp-json\/wp\/v2\/users\/26"}],"replies":[{"embeddable":true,"href":"https:\/\/www.mes-allocs.fr\/guides\/wp-json\/wp\/v2\/comments?post=71932"}],"version-history":[{"count":13,"href":"https:\/\/www.mes-allocs.fr\/guides\/wp-json\/wp\/v2\/posts\/71932\/revisions"}],"predecessor-version":[{"id":107859,"href":"https:\/\/www.mes-allocs.fr\/guides\/wp-json\/wp\/v2\/posts\/71932\/revisions\/107859"}],"wp:featuredmedia":[{"embeddable":true,"href":"https:\/\/www.mes-allocs.fr\/guides\/wp-json\/wp\/v2\/media\/105155"}],"wp:attachment":[{"href":"https:\/\/www.mes-allocs.fr\/guides\/wp-json\/wp\/v2\/media?parent=71932"}],"wp:term":[{"taxonomy":"category","embeddable":true,"href":"https:\/\/www.mes-allocs.fr\/guides\/wp-json\/wp\/v2\/categories?post=71932"},{"taxonomy":"post_tag","embeddable":true,"href":"https:\/\/www.mes-allocs.fr\/guides\/wp-json\/wp\/v2\/tags?post=71932"}],"curies":[{"name":"wp","href":"https:\/\/api.w.org\/{rel}","templated":true}]}}