{"id":71831,"date":"2023-12-19T16:43:12","date_gmt":"2023-12-19T14:43:12","guid":{"rendered":"https:\/\/www.mes-allocs.fr\/guides\/?p=71831"},"modified":"2026-03-13T09:06:34","modified_gmt":"2026-03-13T08:06:34","slug":"conge-pathologique-prenatal","status":"publish","type":"post","link":"https:\/\/www.mes-allocs.fr\/guides\/assurance-maladie\/conge-pathologique\/conge-pathologique-prenatal\/","title":{"rendered":"Cong\u00e9 pathologique pr\u00e9natal : dur\u00e9e, calcul, indemnit\u00e9s"},"content":{"rendered":"<p><img loading=\"lazy\" decoding=\"async\" class=\"alignnone wp-image-71834 size-full\" title=\"conge pathologique prenatal l\" src=\"https:\/\/www.mes-allocs.fr\/guides\/wp-content\/uploads\/2023\/12\/conge-pathologique-prenatal-l-e1702996673708.jpg\" alt=\"conge pathologique prenatal l\" width=\"1280\" height=\"316\" srcset=\"https:\/\/www.mes-allocs.fr\/guides\/wp-content\/uploads\/2023\/12\/conge-pathologique-prenatal-l-e1702996673708.jpg 1280w, https:\/\/www.mes-allocs.fr\/guides\/wp-content\/uploads\/2023\/12\/conge-pathologique-prenatal-l-e1702996673708-300x74.jpg 300w, https:\/\/www.mes-allocs.fr\/guides\/wp-content\/uploads\/2023\/12\/conge-pathologique-prenatal-l-e1702996673708-1024x253.jpg 1024w, https:\/\/www.mes-allocs.fr\/guides\/wp-content\/uploads\/2023\/12\/conge-pathologique-prenatal-l-e1702996673708-768x190.jpg 768w, https:\/\/www.mes-allocs.fr\/guides\/wp-content\/uploads\/2023\/12\/conge-pathologique-prenatal-l-e1702996673708-600x148.jpg 600w\" sizes=\"auto, (max-width: 1280px) 100vw, 1280px\" \/><\/p>\n<p><strong>Le cong\u00e9 pathologique pr\u00e9natal est une p\u00e9riode de repos accord\u00e9e \u00e0 une future maman confront\u00e9e \u00e0 des complications m\u00e9dicales durant sa grossesse. C&rsquo;est une disposition qui vise \u00e0 prot\u00e9ger la sant\u00e9 de la m\u00e8re et du f\u0153tus lorsque des complications m\u00e9dicales surviennent pendant la grossesse. Dans cet article, on explorera la dur\u00e9e et le calcul des indemnit\u00e9s de cet cong\u00e9. \u00a0Tout savoir sur les <a href=\"https:\/\/www.mes-allocs.fr\/guides\/allocations-familiales\">allocations familiales<\/a>.<\/strong><\/p>\n<div class='cta-block'><div class='text'>Simulez toutes vos aides en 2 min.<\/div><a href='https:\/\/www.mes-allocs.fr\/ab-app?origin=guides\/wp-json\/wp\/v2\/posts\/71831' class='app-button fit'>Simulation gratuite<\/a><\/div>\n<h1>Qu&rsquo;est-ce que le cong\u00e9 pathologique parental ?<\/h1>\n<h2>Le cong\u00e9 pathologique pr\u00e9natal : qui peut en b\u00e9n\u00e9ficier ?<\/h2>\n<p>Le cong\u00e9 pathologique pr\u00e9natal concerne les femmes enceintes pour qui la poursuite de l&rsquo;activit\u00e9 professionnelle pourrait mettre en danger la sant\u00e9 du f\u0153tus.<\/p>\n<p>Des motifs tels que :<\/p>\n<ul>\n<li><strong>Le risque d&rsquo;accouchement pr\u00e9matur\u00e9<\/strong><\/li>\n<li><strong>Le diab\u00e8te gestationnel<\/strong><\/li>\n<li><strong>L&rsquo;hypertension ou <\/strong><\/li>\n<li><strong>Une fatigue excessive li\u00e9e \u00e0 la grossesse <\/strong><\/li>\n<\/ul>\n<p>peuvent justifier la prescription d&rsquo;un cong\u00e9 pathologique par un m\u00e9decin.<\/p>\n<p>Il ne s&rsquo;agit en aucun cas d&rsquo;un cong\u00e9 de complaisance et peut \u00eatre recommand\u00e9 d\u00e8s les premiers mois de la grossesse, avant m\u00eame le d\u00e9but du cong\u00e9 maternit\u00e9 habituel (6 semaines avant l&rsquo;accouchement en g\u00e9n\u00e9ral). De plus, si n\u00e9cessaire, un cong\u00e9 postnatal peut \u00eatre envisag\u00e9 apr\u00e8s la fin du cong\u00e9 maternit\u00e9.<\/p>\n<h2>Quelle est la dur\u00e9e du cong\u00e9 pathologique pr\u00e9natal ?<\/h2>\n<p>La dur\u00e9e du cong\u00e9 pathologique pr\u00e9natal varie en fonction de l&rsquo;\u00e9tat de sant\u00e9 de la future maman. En r\u00e8gle g\u00e9n\u00e9rale, il peut \u00eatre prescrit pour une p\u00e9riode allant de quelques jours \u00e0 plusieurs semaines, selon les recommandations m\u00e9dicales. Cette p\u00e9riode vise \u00e0 assurer le bien-\u00eatre de la femme enceinte et la bonne sant\u00e9 du f\u0153tus, en lui permettant de se reposer et d&rsquo;\u00e9viter les risques potentiels identifi\u00e9s par son m\u00e9decin.<\/p>\n<div class='cta-block'><div class='text'>Simulez toutes vos aides en 2 min.<\/div><a href='https:\/\/www.mes-allocs.fr\/ab-app?origin=guides\/wp-json\/wp\/v2\/posts\/71831' class='app-button fit'>Simulation gratuite<\/a><\/div>\n<h1>Comment calculer les indemnit\u00e9s pendant le cong\u00e9 pathologique pr\u00e9natal ?<\/h1>\n<h2>Les modalit\u00e9s de calcul des indemnit\u00e9s journali\u00e8res<\/h2>\n<p>Le cong\u00e9 pathologique pr\u00e9natal peut \u00eatre recommand\u00e9 d\u00e8s le d\u00e9but de la grossesse si cela est jug\u00e9 n\u00e9cessaire par le m\u00e9decin. Cependant, il ne peut \u00eatre pris apr\u00e8s l&rsquo;accouchement, contrairement au cong\u00e9 maternit\u00e9 qui d\u00e9bute quelques semaines avant la date pr\u00e9vue de l&rsquo;accouchement (g\u00e9n\u00e9ralement 6 semaines). <strong>Le cong\u00e9 pathologique doit commencer avant le cong\u00e9 maternit\u00e9.<\/strong><\/p>\n<p>Sa dur\u00e9e maximale est de 14 jours, qui peuvent \u00eatre pris de mani\u00e8re continue ou fractionn\u00e9e. Par exemple, le m\u00e9decin peut prescrire 7 jours de cong\u00e9 pathologique au 5\u00e8me mois de grossesse, puis \u00e0 nouveau 7 jours le mois suivant. En cas de fatigue excessive en fin de grossesse, le m\u00e9decin peut \u00e9galement prescrire j<strong>usqu&rsquo;\u00e0 14 jours de cong\u00e9 pathologique juste avant le d\u00e9but du cong\u00e9 maternit\u00e9, permettant ainsi un repos avant l&rsquo;accouchement<\/strong>.<\/p>\n<h2>La comparaison avec d&rsquo;autres cong\u00e9s pr\u00e9natals ou postnatals<\/h2>\n<p>Il est crucial de noter que le cong\u00e9 pathologique pr\u00e9natal diff\u00e8re des autres cong\u00e9s pr\u00e9natals ou postnatals en termes de finalit\u00e9 et de dur\u00e9e. Contrairement au cong\u00e9 pathologique, le cong\u00e9 maternit\u00e9 d\u00e9bute g\u00e9n\u00e9ralement quelques semaines avant l&rsquo;accouchement, dure plus longtemps et est destin\u00e9 \u00e0 accueillir et prendre soin du nouveau-n\u00e9 apr\u00e8s la naissance. De plus, le cong\u00e9 paternit\u00e9, accord\u00e9 au p\u00e8re \u00e0 la naissance de l&rsquo;enfant, est davantage orient\u00e9 vers le soutien familial.<\/p>\n<p>Quant au cong\u00e9 pathologique, il est sp\u00e9cifiquement attribu\u00e9 pour des raisons de sant\u00e9 li\u00e9es \u00e0 la grossesse, telles que l&rsquo;hypertension, le diab\u00e8te gestationnel ou d&rsquo;autres conditions m\u00e9dicales mettant en danger la sant\u00e9 de la m\u00e8re ou de l&rsquo;enfant \u00e0 na\u00eetre. Sa dur\u00e9e limit\u00e9e, jusqu&rsquo;\u00e0 un maximum de 14 jours, vise \u00e0 garantir le repos et le bien-\u00eatre de la future m\u00e8re avant l&rsquo;accouchement.<\/p>\n<h1>L\u2019indemnisation du cong\u00e9 pathologique<\/h1>\n<h2>Quelle est l\u2019indemnisation du cong\u00e9 pathologique ?<\/h2>\n<p>Lorsque vous \u00eates en cong\u00e9 pathologique pendant la grossesse, vos indemnit\u00e9s sont calcul\u00e9es de mani\u00e8re similaire \u00e0 celles du cong\u00e9 maternit\u00e9, malgr\u00e9 la ressemblance avec un arr\u00eat maladie. Ces indemnit\u00e9s, moins importantes que celles d&rsquo;un arr\u00eat maladie, sont calcul\u00e9es en fonction de vos revenus des 3 derniers mois (ou 12 mois pour les travailleurs saisonniers ou intermittents). Un taux forfaitaire de 21% est ensuite d\u00e9duit, repr\u00e9sentant la part salariale des cotisations et contributions obligatoires.<\/p>\n<p>Au 1er janvier 2025, le montant maximal des indemnit\u00e9s journali\u00e8res pour le cong\u00e9 pathologique est \u00e9tabli \u00e0 101,94\u20ac.<\/p>\n<p>Dans certains cas, les conventions collectives peuvent pr\u00e9voir une compensation afin d&rsquo;\u00e9viter une diminution de salaire pour les salari\u00e9s en cong\u00e9 pathologique. Il est pr\u00e9f\u00e9rable de se renseigner directement aupr\u00e8s du service des ressources humaines pour conna\u00eetre les d\u00e9tails sp\u00e9cifiques \u00e0 votre situation.<\/p>\n<h2>Comment pr\u00e9venir l\u2019employeur du cong\u00e9 pathologique ?<\/h2>\n<p>Une fois que votre m\u00e9decin vous prescrit un cong\u00e9 pathologique pour garantir le bon d\u00e9roulement de votre grossesse, il vous d\u00e9livre un arr\u00eat maladie en trois volets. Vous devez remettre l&rsquo;un de ces volets \u00e0 votre employeur dans un d\u00e9lai de 48 heures pour l&rsquo;informer de votre absence.<\/p>\n<p>Les deux autres volets doivent \u00eatre transmis \u00e0 votre caisse d&rsquo;assurance maladie dans le m\u00eame d\u00e9lai de 48 heures afin de b\u00e9n\u00e9ficier des indemnit\u00e9s pendant votre cong\u00e9 pathologique.<\/p>\n<h2>Le cong\u00e9 pathologique postnatal est un cong\u00e9 maladie<\/h2>\n<p>Le cong\u00e9 pathologique est \u00e0 prendre avant l\u2019accouchement. Il existe cependant <strong>un cong\u00e9 postnatal qui est commun\u00e9ment appel\u00e9 \u201ccong\u00e9 pathologique postnatal\u201d. <\/strong>Attention, <strong>ce sont deux formes de cong\u00e9s diff\u00e9rents<\/strong> qui ne suivent pas les m\u00eames r\u00e8gles, notamment pour ce qui est de l\u2019indemnisation.<\/p>\n<p>En effet, <strong>le cong\u00e9 postnatal est un arr\u00eat maladie<\/strong> prescrit par un m\u00e9decin : vous ne toucherez donc que 50% de votre salaire durant l\u2019ensemble de sa dur\u00e9e.<\/p>\n<p><strong>Le cong\u00e9 pathologique postnatal doit obligatoirement suivre le cong\u00e9 maternit\u00e9<\/strong>(10 semaines apr\u00e8s l\u2019accouchement dans le cas g\u00e9n\u00e9ral) et ne peut exc\u00e9der les 4 semaines cons\u00e9cutives. Votre m\u00e9decin peut vous le prescrire si vous n\u2019avez pas eu suffisamment de temps apr\u00e8s votre accouchement pour r\u00e9cup\u00e9rer compl\u00e8tement et que vous n\u2019\u00eates pas en \u00e9tat de reprendre le travail.<\/p>\n<p><iframe loading=\"lazy\" title=\"Le cong\u00e9 maternit\u00e9\" width=\"500\" height=\"281\" src=\"https:\/\/www.youtube.com\/embed\/6e67ojUjl0Q?feature=oembed\" frameborder=\"0\" allow=\"accelerometer; autoplay; clipboard-write; encrypted-media; gyroscope; picture-in-picture; web-share\" referrerpolicy=\"strict-origin-when-cross-origin\" allowfullscreen><\/iframe><\/p>\n<h1>Quels sont les avantages et limitations du cong\u00e9 pathologique pr\u00e9natal ?<\/h1>\n<h2>Les avantages pour la sant\u00e9 maternelle et f\u0153tale<\/h2>\n<ul>\n<li>Am\u00e9lioration de la sant\u00e9 de la future m\u00e8re : le repos pendant le cong\u00e9 pathologique peut r\u00e9duire le stress physique et \u00e9motionnel chez la femme enceinte, contribuant ainsi \u00e0 sa sant\u00e9 globale pendant la grossesse.<\/li>\n<li>Protection de la sant\u00e9 f\u0153tale : le repos pr\u00e9natal peut \u00eatre crucial pour la sant\u00e9 du f\u0153tus, surtout en cas de complications telles que l&rsquo;hypertension, le diab\u00e8te gestationnel ou d&rsquo;autres conditions qui pourraient mettre en danger la grossesse.<\/li>\n<\/ul>\n<h2>Les limitations ou critiques \u00e9ventuelles du cong\u00e9 pathologique pr\u00e9natal<\/h2>\n<ul>\n<li>Impact sur les revenus : bien que les indemnit\u00e9s soient fournies pendant le cong\u00e9, celles-ci peuvent \u00eatre inf\u00e9rieures au salaire habituel, ce qui pourrait affecter financi\u00e8rement la future m\u00e8re.<\/li>\n<li>Organisation du travail : pour l&#8217;employeur, la planification des ressources humaines peut \u00eatre compliqu\u00e9e par l&rsquo;absence temporaire d&rsquo;une employ\u00e9e pendant le cong\u00e9 pathologique.<\/li>\n<li>Perception sociale : dans certains milieux professionnels, prendre un cong\u00e9 pr\u00e9natal pour des raisons de sant\u00e9 peut \u00eatre mal per\u00e7u ou \u00eatre source de pression sociale pour les femmes enceintes.<\/li>\n<\/ul>\n<p>Cependant, malgr\u00e9 ces limitations, le cong\u00e9 pathologique pr\u00e9natal est souvent per\u00e7u comme une mesure positive qui contribue \u00e0 la sant\u00e9 et au bien-\u00eatre de la future m\u00e8re et de l&rsquo;enfant \u00e0 na\u00eetre.<\/p>\n<div class='cta-block'><div class='text'>Simulez toutes vos aides en 2 min.<\/div><a href='https:\/\/www.mes-allocs.fr\/ab-app?origin=guides\/wp-json\/wp\/v2\/posts\/71831' class='app-button fit'>Simulation gratuite<\/a><\/div>\n","protected":false},"excerpt":{"rendered":"<p>Le cong\u00e9 pathologique pr\u00e9natal est une p\u00e9riode de repos accord\u00e9e \u00e0 une future maman confront\u00e9e \u00e0 des complications m\u00e9dicales durant sa grossesse. C&rsquo;est une disposition qui vise \u00e0 prot\u00e9ger la sant\u00e9 de la m\u00e8re et du f\u0153tus lorsque des complications m\u00e9dicales surviennent pendant la grossesse. Dans cet article, on explorera la dur\u00e9e et le calcul [&hellip;]<\/p>\n","protected":false},"author":26,"featured_media":71833,"comment_status":"closed","ping_status":"open","sticky":false,"template":"","format":"standard","meta":{"amp_status":"","footnotes":""},"categories":[21657,30339],"tags":[],"class_list":["post-71831","post","type-post","status-publish","format-standard","has-post-thumbnail","hentry","category-assurance-maladie","category-conge-pathologique"],"yoast_head":"<!-- This site is optimized with the Yoast SEO plugin v14.9 - https:\/\/yoast.com\/wordpress\/plugins\/seo\/ -->\n<title>Cong\u00e9 pathologique pr\u00e9natal : dur\u00e9e, calcul, indemnit\u00e9s | Mes-Allocs.fr<\/title>\n<meta name=\"description\" content=\"Le cong\u00e9 pathologique pr\u00e9natal est une p\u00e9riode de repos accord\u00e9e \u00e0 une future maman confront\u00e9e \u00e0 des complications durant sa grossesse.\" \/>\n<meta name=\"robots\" content=\"index, follow, max-snippet:-1, max-image-preview:large, max-video-preview:-1\" \/>\n<link rel=\"canonical\" href=\"https:\/\/www.mes-allocs.fr\/guides\/assurance-maladie\/conge-pathologique\/conge-pathologique-prenatal\/\" \/>\n<meta property=\"og:locale\" content=\"fr_FR\" \/>\n<meta property=\"og:type\" content=\"article\" \/>\n<meta property=\"og:title\" content=\"Cong\u00e9 pathologique pr\u00e9natal : dur\u00e9e, calcul, indemnit\u00e9s | Mes-Allocs.fr\" \/>\n<meta property=\"og:description\" content=\"Le cong\u00e9 pathologique pr\u00e9natal est une p\u00e9riode de repos accord\u00e9e \u00e0 une future maman confront\u00e9e \u00e0 des complications durant sa grossesse.\" \/>\n<meta property=\"og:url\" content=\"https:\/\/www.mes-allocs.fr\/guides\/assurance-maladie\/conge-pathologique\/conge-pathologique-prenatal\/\" \/>\n<meta property=\"og:site_name\" content=\"Mes-Allocs.fr\" \/>\n<meta property=\"article:published_time\" content=\"2023-12-19T14:43:12+00:00\" \/>\n<meta property=\"article:modified_time\" content=\"2026-03-13T08:06:34+00:00\" \/>\n<meta property=\"og:image\" content=\"https:\/\/www.mes-allocs.fr\/guides\/wp-content\/uploads\/2023\/12\/conge-pathologique-prenatal.jpg?wsr\" \/>\n\t<meta property=\"og:image:width\" content=\"699\" \/>\n\t<meta property=\"og:image:height\" content=\"642\" \/>\n<meta name=\"twitter:card\" content=\"summary_large_image\" \/>\n<script type=\"application\/ld+json\" class=\"yoast-schema-graph\">{\"@context\":\"https:\/\/schema.org\",\"@graph\":[{\"@type\":\"WebSite\",\"@id\":\"https:\/\/www.mes-allocs.fr\/guides\/#website\",\"url\":\"https:\/\/www.mes-allocs.fr\/guides\/\",\"name\":\"Mes-Allocs.fr\",\"description\":\"\",\"potentialAction\":[{\"@type\":\"SearchAction\",\"target\":\"https:\/\/www.mes-allocs.fr\/guides\/?s={search_term_string}\",\"query-input\":\"required name=search_term_string\"}],\"inLanguage\":\"fr-FR\"},{\"@type\":\"ImageObject\",\"@id\":\"https:\/\/www.mes-allocs.fr\/guides\/assurance-maladie\/conge-pathologique\/conge-pathologique-prenatal\/#primaryimage\",\"inLanguage\":\"fr-FR\",\"url\":\"https:\/\/www.mes-allocs.fr\/guides\/wp-content\/uploads\/2023\/12\/conge-pathologique-prenatal.jpg?wsr\",\"width\":699,\"height\":642,\"caption\":\"conge pathologique prenatal\"},{\"@type\":\"WebPage\",\"@id\":\"https:\/\/www.mes-allocs.fr\/guides\/assurance-maladie\/conge-pathologique\/conge-pathologique-prenatal\/#webpage\",\"url\":\"https:\/\/www.mes-allocs.fr\/guides\/assurance-maladie\/conge-pathologique\/conge-pathologique-prenatal\/\",\"name\":\"Cong\\u00e9 pathologique pr\\u00e9natal : dur\\u00e9e, calcul, indemnit\\u00e9s | Mes-Allocs.fr\",\"isPartOf\":{\"@id\":\"https:\/\/www.mes-allocs.fr\/guides\/#website\"},\"primaryImageOfPage\":{\"@id\":\"https:\/\/www.mes-allocs.fr\/guides\/assurance-maladie\/conge-pathologique\/conge-pathologique-prenatal\/#primaryimage\"},\"datePublished\":\"2023-12-19T14:43:12+00:00\",\"dateModified\":\"2026-03-13T08:06:34+00:00\",\"author\":{\"@id\":\"https:\/\/www.mes-allocs.fr\/guides\/#\/schema\/person\/9c38f3be41a0ddcd1e3fde5a3df713bf\"},\"description\":\"Le cong\\u00e9 pathologique pr\\u00e9natal est une p\\u00e9riode de repos accord\\u00e9e \\u00e0 une future maman confront\\u00e9e \\u00e0 des complications durant sa grossesse.\",\"inLanguage\":\"fr-FR\"},{\"@type\":\"Person\",\"@id\":\"https:\/\/www.mes-allocs.fr\/guides\/#\/schema\/person\/9c38f3be41a0ddcd1e3fde5a3df713bf\",\"name\":\"Sessime Ananou\",\"image\":{\"@type\":\"ImageObject\",\"@id\":\"https:\/\/www.mes-allocs.fr\/guides\/#personlogo\",\"inLanguage\":\"fr-FR\",\"url\":\"https:\/\/www.mes-allocs.fr\/guides\/wp-content\/uploads\/2023\/08\/IMG_8173-150x150.jpg\",\"caption\":\"Sessime Ananou\"},\"description\":\"Sessime est r\\u00e9dactrice chez Mes Allocs, sp\\u00e9cialis\\u00e9e sur le pouvoir d'achat. Elle rejoint l'\\u00e9quipe Mes Allocs en ao\\u00fbt 2023 afin de simplifier l'acc\\u00e8s \\u00e0 l'information sur les aides en g\\u00e9n\\u00e9ral.\"}]}<\/script>\n<!-- \/ Yoast SEO plugin. -->","amp_validity":null,"acf":{"faq":{"1":{"question":"Comment est indemnis\u00e9 le cong\u00e9 pathologique ?","answer":"\u00c0 un versement \u00e9gal \u00e0 50 % de son salaire de base calcul\u00e9 sur la moyenne des salaires des trois mois qui pr\u00e9c\u00e8dent le cong\u00e9 pathologique."},"2":{"question":"Comment est r\u00e9mun\u00e9r\u00e9 le cong\u00e9 pathologique pr\u00e9natal ?","answer":"L'indemnit\u00e9 journali\u00e8re en cong\u00e9 pathologique est identique \u00e0 celle en maternit\u00e9, c'est \u00e0 dire votre salaires soumis \u00e0 cotisation diminu\u00e9s de 21 %."},"3":{"question":"Qui paye les 14 jours pathologiques ?","answer":"La caisse de S\u00e9curit\u00e9 sociale de l'assur\u00e9e."},"4":{"question":"Comment calculer 90% de son salaire ?","answer":"En additionnant les trois derniers salaires bruts per\u00e7us avant l'arr\u00eat de travail, et en divisant la somme obtenue par 91,25."},"5":{"question":"Quand la CPAM vers\u00e9 les indemnit\u00e9s journali\u00e8res maternit\u00e9 ?","answer":"La r\u00e9mun\u00e9ration est divis\u00e9e en deux : une moiti\u00e9 est vers\u00e9e au d\u00e9but du cong\u00e9, et l'autre moiti\u00e9 \u00e0 la fin de la p\u00e9riode obligatoire de cessation d'activit\u00e9, fix\u00e9e \u00e0 8 semaines. Si l'accouchement survient avant la fin du 7e mois de grossesse, le montant total de l'allocation est vers\u00e9 apr\u00e8s l'accouchement."},"6":{"question":"Comment calculer 80% de son salaire ?","answer":"Un salari\u00e9 travaillant \u00e0 temps partiel 28 heures par semaine (soit \u00e0 80 %) est r\u00e9mun\u00e9r\u00e9 28 heures x 52 semaines \/ 12 mois soit 121,33 heures par mois."},"7":{"question":"","answer":""},"8":{"question":"","answer":""},"9":{"question":"","answer":""},"10":{"question":"","answer":""},"11":{"question":"","answer":""},"12":{"question":"","answer":""},"13":{"question":"","answer":""},"14":{"question":"","answer":""},"15":{"question":"","answer":""},"16":{"question":"","answer":""}}},"_links":{"self":[{"href":"https:\/\/www.mes-allocs.fr\/guides\/wp-json\/wp\/v2\/posts\/71831","targetHints":{"allow":["GET"]}}],"collection":[{"href":"https:\/\/www.mes-allocs.fr\/guides\/wp-json\/wp\/v2\/posts"}],"about":[{"href":"https:\/\/www.mes-allocs.fr\/guides\/wp-json\/wp\/v2\/types\/post"}],"author":[{"embeddable":true,"href":"https:\/\/www.mes-allocs.fr\/guides\/wp-json\/wp\/v2\/users\/26"}],"replies":[{"embeddable":true,"href":"https:\/\/www.mes-allocs.fr\/guides\/wp-json\/wp\/v2\/comments?post=71831"}],"version-history":[{"count":5,"href":"https:\/\/www.mes-allocs.fr\/guides\/wp-json\/wp\/v2\/posts\/71831\/revisions"}],"predecessor-version":[{"id":95953,"href":"https:\/\/www.mes-allocs.fr\/guides\/wp-json\/wp\/v2\/posts\/71831\/revisions\/95953"}],"wp:featuredmedia":[{"embeddable":true,"href":"https:\/\/www.mes-allocs.fr\/guides\/wp-json\/wp\/v2\/media\/71833"}],"wp:attachment":[{"href":"https:\/\/www.mes-allocs.fr\/guides\/wp-json\/wp\/v2\/media?parent=71831"}],"wp:term":[{"taxonomy":"category","embeddable":true,"href":"https:\/\/www.mes-allocs.fr\/guides\/wp-json\/wp\/v2\/categories?post=71831"},{"taxonomy":"post_tag","embeddable":true,"href":"https:\/\/www.mes-allocs.fr\/guides\/wp-json\/wp\/v2\/tags?post=71831"}],"curies":[{"name":"wp","href":"https:\/\/api.w.org\/{rel}","templated":true}]}}