{"id":71576,"date":"2023-12-08T17:53:47","date_gmt":"2023-12-08T15:53:47","guid":{"rendered":"https:\/\/www.mes-allocs.fr\/guides\/?p=71576"},"modified":"2025-07-11T11:04:34","modified_gmt":"2025-07-11T09:04:34","slug":"prime-de-retour-emploi","status":"publish","type":"post","link":"https:\/\/www.mes-allocs.fr\/guides\/chomage\/prime-de-retour-emploi\/","title":{"rendered":"Prime de retour \u00e0 l&#8217;emploi : conditions, montants, d\u00e9marches"},"content":{"rendered":"<p><img loading=\"lazy\" decoding=\"async\" class=\"alignnone wp-image-71577 \" title=\"Prime de retour \u00e0 l'emploi : conditions, montants, d\u00e9marches\" src=\"https:\/\/www.mes-allocs.fr\/guides\/wp-content\/uploads\/2023\/12\/man-593333_1280-e1702049341989.jpg\" alt=\"Prime de retour \u00e0 l'emploi : conditions, montants, d\u00e9marches\" width=\"1425\" height=\"473\" srcset=\"https:\/\/www.mes-allocs.fr\/guides\/wp-content\/uploads\/2023\/12\/man-593333_1280-e1702049341989.jpg 1280w, https:\/\/www.mes-allocs.fr\/guides\/wp-content\/uploads\/2023\/12\/man-593333_1280-e1702049341989-300x100.jpg 300w, https:\/\/www.mes-allocs.fr\/guides\/wp-content\/uploads\/2023\/12\/man-593333_1280-e1702049341989-1024x340.jpg 1024w, https:\/\/www.mes-allocs.fr\/guides\/wp-content\/uploads\/2023\/12\/man-593333_1280-e1702049341989-768x255.jpg 768w, https:\/\/www.mes-allocs.fr\/guides\/wp-content\/uploads\/2023\/12\/man-593333_1280-e1702049341989-600x199.jpg 600w\" sizes=\"auto, (max-width: 1425px) 100vw, 1425px\" \/><\/p>\n<p>Plusieurs aides ont \u00e9t\u00e9 mises en place au fil des ann\u00e9es pour votre passage d\u2019une p\u00e9riode de <a href=\"https:\/\/www.mes-allocs.fr\/guides\/chomage\/\">ch\u00f4mage<\/a> \u00e0 une reprise d\u2019activit\u00e9 professionnelle. C\u2019est le cas de la <strong>prime de retour \u00e0 l\u2019emploi<\/strong> vers\u00e9e par France Travail jusqu\u2019en 2017. Dans cet article d\u00e9couvrez, les conditions qui \u00e9taient associ\u00e9es \u00e0 la prime de retour \u00e0 l\u2019emploi, son fonctionnement et son remplacement par d\u2019autres dispositifs d\u2019aide.<\/p>\n<div class='cta-block'><div class='text'>Simulez toutes vos Aides en 2 min.<\/div><a href='https:\/\/www.mes-allocs.fr\/ab-app?origin=guides\/wp-json\/wp\/v2\/posts\/71576' class='app-button fit'>Simulation gratuite<\/a><\/div>\n<h1>Prime de retour \u00e0 l&#8217;emploi : pouvez-vous encore en b\u00e9n\u00e9ficier en 2025 ?<\/h1>\n<h2>Qu\u2019est-ce que la prime de retour \u00e0 l\u2019emploi ?<\/h2>\n<p>La prime de retour \u00e0 l\u2019emploi a \u00e9t\u00e9 con\u00e7ue pour inciter les personnes en recherche d\u2019emploi \u00e0 <b>retrouver une activit\u00e9<\/b>, salari\u00e9e ou non. Cette prime permettait aux personnes avec des revenus modestes de commencer leur nouveau travail gr\u00e2ce \u00e0 un financement des frais de transport, de repas et m\u00eame d\u2019h\u00e9bergement li\u00e9 \u00e0 l\u2019exercice de leur nouvelle activit\u00e9. Cette aide \u00e9tait d\u00e9bloqu\u00e9e rapidement par France Travail (anciennement P\u00f4le Emploi) lors du d\u00e9but du nouvel emploi, afin d\u2019entamer de la meilleure des mani\u00e8res leur nouvelle activit\u00e9 professionnelle.<\/p>\n<p><iframe loading=\"lazy\" title=\"La prime de retour \u00e0 l&#039;emploi\" width=\"500\" height=\"281\" src=\"https:\/\/www.youtube.com\/embed\/kCc-MFitUEI?feature=oembed\" frameborder=\"0\" allow=\"accelerometer; autoplay; clipboard-write; encrypted-media; gyroscope; picture-in-picture; web-share\" referrerpolicy=\"strict-origin-when-cross-origin\" allowfullscreen><\/iframe><\/p>\n<h2>Pouvez-vous encore b\u00e9n\u00e9ficier de la prime de retour \u00e0 l\u2019emploi en 2025 ?<\/h2>\n<p><strong>Non<\/strong>, la prime de retour \u00e0 l\u2019emploi<b> n\u2019est plus attribu\u00e9e depuis le 1er septembre 2017<\/b>. Depuis cette date, ce dispositif a \u00e9t\u00e9 supprim\u00e9 et remplac\u00e9 par la prime d\u2019activit\u00e9. Vous ne pourrez donc plus b\u00e9n\u00e9ficier de la prime de retour \u00e0 l\u2019emploi en 2025 telle qu\u2019elle existait avant 2017. Seule la prime d\u2019activit\u00e9 peut aujourd&rsquo;hui compl\u00e9ter vos revenus si vous trouvez un emploi et que vous remplissez les conditions d\u2019\u00e9ligibilit\u00e9.<\/p>\n<h2>Quelles \u00e9taient les conditions d\u2019\u00e9ligibilit\u00e9 \u00e0 la prime de retour \u00e0 l\u2019emploi ?<\/h2>\n<p>Pour b\u00e9n\u00e9ficier de la prime de retour \u00e0 l\u2019emploi avant sa suppression au 1er septembre 201, il fallait remplir les conditions suivantes :<\/p>\n<ul>\n<li aria-level=\"1\">Seuls les demandeurs d\u2019emploi ayant \u00e9puis\u00e9 leurs droits \u00e0 l\u2019ARE et qui percevaient <b>l\u2019ASS<\/b> pouvaient y pr\u00e9tendre.<\/li>\n<li aria-level=\"1\">Il fallait reprendre une activit\u00e9 professionnelle, salari\u00e9e d\u2019au moins <b>78 h <\/b>par mois ou non salari\u00e9e.<\/li>\n<\/ul>\n<h2>Quel \u00e9tait le montant de la prime de retour \u00e0 l\u2019emploi ?<\/h2>\n<p>Pour tous les b\u00e9n\u00e9ficiaires, la prime de retour \u00e0 l\u2019emploi \u00e9tait de <b>150 \u20ac <\/b>par mois. Elle permettait en outre de faire face aux frais li\u00e9s \u00e0 la reprise d\u2019une activit\u00e9 et d\u2019inciter les personnes en recherche d\u2019emploi \u00e0 retrouver un travail.<\/p>\n<p>Si vous aviez sign\u00e9 un premier CDI ou un CDD de 6 mois, vous n\u2019aviez pas besoin d\u2019attendre votre 4\u00e8me mois en entreprise pour r\u00e9aliser une demande anticip\u00e9e de ce versement. Celle-ci \u00e9tait vers\u00e9e une fois par p\u00e9riode de 18 mois. Il \u00e9tait possible de cumuler cette prime avec l\u2019ASS et la prime forfaitaire mensuelle.<\/p>\n<h2>Comment fonctionnait le versement de la prime de retour \u00e0 l\u2019emploi ?<\/h2>\n<p>Afin de percevoir la prime de retour \u00e0 l\u2019emploi, il n\u2019y avait pas <b>de conditions de revenus <\/b>particuli\u00e8res. Vous n\u2019aviez <b>pas \u00e0 justifier d\u2019un salaire minimum<\/b>, de plus aucun plafond n\u2019est soumis \u00e0 celui-ci. Lorsque vous correspondiez aux crit\u00e8res, vous pouviez donc b\u00e9n\u00e9ficier du versement de cette aide financi\u00e8re.<\/p>\n<p>Par la m\u00eame occasion, gr\u00e2ce \u00e0 cette aide, vous pouviez peut-\u00eatre b\u00e9n\u00e9ficier d\u2019une exon\u00e9ration de la taxe d\u2019habitation. Vous pouviez \u00e9galement faire une demande de prime d\u2019activit\u00e9 en parall\u00e8le.<\/p>\n<p>Le versement de la prime de retour \u00e0 l\u2019emploi fonctionnait de la mani\u00e8re suivante :<\/p>\n<ul>\n<li aria-level=\"1\">La prime \u00e9tait vers\u00e9e pendant une dur\u00e9e maximale de <b>12 mois<\/b> \u00e0 compter de la reprise d&rsquo;activit\u00e9 ou jusqu\u2019\u00e0 ce que vous ayez fait<b> 750 h de travail r\u00e9mun\u00e9r\u00e9<\/b>, toutes activit\u00e9s confondues.<\/li>\n<li aria-level=\"1\">Durant les trois premiers mois, en compl\u00e9ment de l&rsquo;ASS, dont le montant pouvait \u00eatre ajust\u00e9 en fonction des revenus tir\u00e9s de la nouvelle activit\u00e9.<\/li>\n<\/ul>\n<p>Pour obtenir le versement de la prime de retour \u00e0 l\u2019emploi, vous deviez fournir les justificatifs de votre activit\u00e9 chaque mois :<\/p>\n<ul>\n<li aria-level=\"1\">Vos <b>bulletins de salaires<\/b> en tant que salari\u00e9.<\/li>\n<li aria-level=\"1\">Des<b> documents comptables<\/b> pour une activit\u00e9 non salari\u00e9.<\/li>\n<\/ul>\n<p>Assur\u00e9e par France Travail, la prime de retour \u00e0 l\u2019emploi n\u2019\u00e9tait pas imposable.<\/p>\n<div class='cta-block'><div class='text'>Simulez toutes vos Aides en 2 min.<\/div><a href='https:\/\/www.mes-allocs.fr\/ab-app?origin=guides\/wp-json\/wp\/v2\/posts\/71576' class='app-button fit'>Simulation gratuite<\/a><\/div>\n<h1>L&rsquo;ARE : une aide mensuelle pour vous aider \u00e0 la suite d&rsquo;une perte d&#8217;emploi<\/h1>\n<p>L\u2019ARE vous permet de b\u00e9n\u00e9ficier d\u2019un revenu de remplacement de la part de France Travail pendant votre recherche d\u2019emploi si vous avez perdu votre emploi de fa\u00e7on involontaire. Pour en b\u00e9n\u00e9ficier, vous devez justifier d\u2019<b>au moins 6 mois de travail au cours des 24 derniers mois<\/b>, ou <b>35 mois si vous avez 53 ans ou plus<\/b>, \u00e0 la date de fin de votre dernier contrat de travail. Le montant de l\u2019ARE est calcul\u00e9 <b>en fonction de votre salaire de r\u00e9f\u00e9rence <\/b>et vous est vers\u00e9 chaque mois.<\/p>\n<p>Vous pouvez percevoir l\u2019allocation ch\u00f4mage tant que vous respectez les obligations li\u00e9es \u00e0 votre recherche d\u2019emploi, jusqu\u2019\u00e0 ce que vous retrouviez un emploi stable ou que vos droits soient \u00e9puis\u00e9s.<\/p>\n<h1>Quelles sont les autres primes disponibles lors d\u2019une reprise d\u2019emploi ?<\/h1>\n<p>M\u00eame si la prime de retour \u00e0 l\u2019emploi n\u2019existe plus depuis 2017, d\u2019autres primes sont disponibles pour vous accompagner lors d\u2019une reprise d\u2019emploi :<\/p>\n<ul>\n<li aria-level=\"1\"><b>La prime d\u2019activit\u00e9<\/b> : d\u2019un montant forfaitaire mensuel de 633,21 \u20ac pour une personne seule sans enfant, elle vise \u00e0 compl\u00e9ter vos revenus et elle est major\u00e9e selon la composition de votre foyer. Cette prime est vers\u00e9e tous les mois par la CAF ou la MSA.<\/li>\n<li aria-level=\"1\"><b>La prime de reclassement <\/b>: aussi appel\u00e9e prime CSP, elle est destin\u00e9e aux salari\u00e9s licenci\u00e9s \u00e9conomiquement ayant au moins 1 an d\u2019anciennet\u00e9 et b\u00e9n\u00e9ficiant du Contrat de S\u00e9curisation Professionnelle (CSP). Si vous trouvez un emploi stable avant la fin du 10e mois du CSP, la prime correspond \u00e0 50 % des droits restants \u00e0 l\u2019Allocation de S\u00e9curisation Professionnelle (ASP).<\/li>\n<\/ul>\n<div class='shortcode summary'><div class='title'>En r\u00e9sum\u00e9 :<\/div><div class='content'><ul><li>Depuis le 1er septembre 2017, <strong>la prime de retour \u00e0 l\u2019emploi n\u2019est plus disponible<\/strong> et a \u00e9t\u00e9 remplac\u00e9e par la prime d\u2019activit\u00e9. Vous ne pourrez donc plus en b\u00e9n\u00e9ficier en 2025. <\/li><li> La prime vous \u00e9tait vers\u00e9e si vous aviez \u00e9puis\u00e9 vos droits \u00e0 l&rsquo;ARE et que vous perceviez l\u2019ASS. Son montant \u00e9tait de <strong>150 \u20ac par mois<\/strong>, avec un versement possible jusqu&rsquo;\u00e0 12 mois ou 750 h de travail.<\/li><li>M\u00eame si la prime de retour \u00e0 l\u2019emploi d\u2019existe plus, vous pouvez maintenant b\u00e9n\u00e9ficier d\u2019autres aides comme la prime d\u2019activit\u00e9 ou la prime de reclassement pour compl\u00e9ter vos revenus.<\/li><\/ul><\/div><\/div>\n<div class='cta-block'><div class='text'>Simulez toutes vos Aides en 2 min.<\/div><a href='https:\/\/www.mes-allocs.fr\/ab-app?origin=guides\/wp-json\/wp\/v2\/posts\/71576' class='app-button fit'>Simulation gratuite<\/a><\/div>\n","protected":false},"excerpt":{"rendered":"<p>Plusieurs aides ont \u00e9t\u00e9 mises en place au fil des ann\u00e9es pour votre passage d\u2019une p\u00e9riode de ch\u00f4mage \u00e0 une reprise d\u2019activit\u00e9 professionnelle. C\u2019est le cas de la prime de retour \u00e0 l\u2019emploi vers\u00e9e par France Travail jusqu\u2019en 2017. Dans cet article d\u00e9couvrez, les conditions qui \u00e9taient associ\u00e9es \u00e0 la prime de retour \u00e0 l\u2019emploi, [&hellip;]<\/p>\n","protected":false},"author":27,"featured_media":71578,"comment_status":"closed","ping_status":"open","sticky":false,"template":"","format":"standard","meta":{"amp_status":"","footnotes":""},"categories":[2989],"tags":[],"class_list":["post-71576","post","type-post","status-publish","format-standard","has-post-thumbnail","hentry","category-chomage"],"yoast_head":"<!-- This site is optimized with the Yoast SEO plugin v14.9 - https:\/\/yoast.com\/wordpress\/plugins\/seo\/ -->\n<title>Prime de retour \u00e0 l&#039;emploi : conditions, montants, d\u00e9marches<\/title>\n<meta name=\"description\" content=\"Vous souhaitez b\u00e9n\u00e9ficier de la prime de retour \u00e0 l&#039;emploi ? Mes Allocs vous explique si l&#039;aide est encore disponible en 2025.\" \/>\n<meta name=\"robots\" content=\"index, follow, max-snippet:-1, max-image-preview:large, max-video-preview:-1\" \/>\n<link rel=\"canonical\" href=\"https:\/\/www.mes-allocs.fr\/guides\/chomage\/prime-de-retour-emploi\/\" \/>\n<meta property=\"og:locale\" content=\"fr_FR\" \/>\n<meta property=\"og:type\" content=\"article\" \/>\n<meta property=\"og:title\" content=\"Prime de retour \u00e0 l&#039;emploi : conditions, montants, d\u00e9marches\" \/>\n<meta property=\"og:description\" content=\"Vous souhaitez b\u00e9n\u00e9ficier de la prime de retour \u00e0 l&#039;emploi ? Mes Allocs vous explique si l&#039;aide est encore disponible en 2025.\" \/>\n<meta property=\"og:url\" content=\"https:\/\/www.mes-allocs.fr\/guides\/chomage\/prime-de-retour-emploi\/\" \/>\n<meta property=\"og:site_name\" content=\"Mes-Allocs.fr\" \/>\n<meta property=\"article:published_time\" content=\"2023-12-08T15:53:47+00:00\" \/>\n<meta property=\"article:modified_time\" content=\"2025-07-11T09:04:34+00:00\" \/>\n<meta property=\"og:image\" content=\"https:\/\/www.mes-allocs.fr\/guides\/wp-content\/uploads\/2023\/12\/office-620817_1280.jpg?wsr\" \/>\n\t<meta property=\"og:image:width\" content=\"1280\" \/>\n\t<meta property=\"og:image:height\" content=\"850\" \/>\n<meta name=\"twitter:card\" content=\"summary_large_image\" \/>\n<script type=\"application\/ld+json\" class=\"yoast-schema-graph\">{\"@context\":\"https:\/\/schema.org\",\"@graph\":[{\"@type\":\"WebSite\",\"@id\":\"https:\/\/www.mes-allocs.fr\/guides\/#website\",\"url\":\"https:\/\/www.mes-allocs.fr\/guides\/\",\"name\":\"Mes-Allocs.fr\",\"description\":\"\",\"potentialAction\":[{\"@type\":\"SearchAction\",\"target\":\"https:\/\/www.mes-allocs.fr\/guides\/?s={search_term_string}\",\"query-input\":\"required name=search_term_string\"}],\"inLanguage\":\"fr-FR\"},{\"@type\":\"ImageObject\",\"@id\":\"https:\/\/www.mes-allocs.fr\/guides\/chomage\/prime-de-retour-emploi\/#primaryimage\",\"inLanguage\":\"fr-FR\",\"url\":\"https:\/\/www.mes-allocs.fr\/guides\/wp-content\/uploads\/2023\/12\/office-620817_1280.jpg?wsr\",\"width\":1280,\"height\":850,\"caption\":\"Prime de retour \\u00e0 l'emploi\"},{\"@type\":\"WebPage\",\"@id\":\"https:\/\/www.mes-allocs.fr\/guides\/chomage\/prime-de-retour-emploi\/#webpage\",\"url\":\"https:\/\/www.mes-allocs.fr\/guides\/chomage\/prime-de-retour-emploi\/\",\"name\":\"Prime de retour \\u00e0 l'emploi : conditions, montants, d\\u00e9marches\",\"isPartOf\":{\"@id\":\"https:\/\/www.mes-allocs.fr\/guides\/#website\"},\"primaryImageOfPage\":{\"@id\":\"https:\/\/www.mes-allocs.fr\/guides\/chomage\/prime-de-retour-emploi\/#primaryimage\"},\"datePublished\":\"2023-12-08T15:53:47+00:00\",\"dateModified\":\"2025-07-11T09:04:34+00:00\",\"author\":{\"@id\":\"https:\/\/www.mes-allocs.fr\/guides\/#\/schema\/person\/7a9b61e7b715d477066a9f941c0440c7\"},\"description\":\"Vous souhaitez b\\u00e9n\\u00e9ficier de la prime de retour \\u00e0 l'emploi ? Mes Allocs vous explique si l'aide est encore disponible en 2025.\",\"inLanguage\":\"fr-FR\"},{\"@type\":\"Person\",\"@id\":\"https:\/\/www.mes-allocs.fr\/guides\/#\/schema\/person\/7a9b61e7b715d477066a9f941c0440c7\",\"name\":\"L\\u00e9o Martin\",\"image\":{\"@type\":\"ImageObject\",\"@id\":\"https:\/\/www.mes-allocs.fr\/guides\/#personlogo\",\"inLanguage\":\"fr-FR\",\"url\":\"https:\/\/www.mes-allocs.fr\/guides\/wp-content\/uploads\/2023\/12\/1635317753781-e1701432075572-150x150.jpg\",\"caption\":\"L\\u00e9o Martin\"},\"description\":\"L\\u00e9o est r\\u00e9dacteur au sein de l'\\u00e9quipe Mes Allocs, sp\\u00e9cialis\\u00e9 sur les th\\u00e9matiques pouvoir d'achat et aides. Il rejoint Mes Allocs apr\\u00e8s une premi\\u00e8re exp\\u00e9rience en tant que journaliste chez La Gazette Cagnoise et Nice Presse.\",\"sameAs\":[\"https:\/\/www.linkedin.com\/in\/lo-martin-3429bb224\"]}]}<\/script>\n<!-- \/ Yoast SEO plugin. -->","amp_validity":null,"acf":{"faq":{"1":{"question":"Qu\u2019est ce que c\u2019est la prime de retour \u00e0 l\u2019emploi ? ","answer":"La prime de retour \u00e0 l\u2019emploi \u00e9tait con\u00e7ue pour inciter les personnes en recherche d\u2019emploi \u00e0 retrouver une activit\u00e9, salari\u00e9e ou non. Cette prime permettait aux personnes avec des revenus modestes de commencer leur nouveau travail gr\u00e2ce \u00e0 un financement des frais de transport par exemple. "},"2":{"question":"Qui pouvait b\u00e9n\u00e9ficier de l\u2019aide de retour \u00e0 l\u2019emploi ? ","answer":"Vous pouviez en b\u00e9n\u00e9ficier lorsque vous \u00eates demandeur d\u2019emploi et vous perceviez l\u2019allocation sp\u00e9cifique de solidarit\u00e9 (ASS), vous \u00e9tiez allocataire de l\u2019allocation parent isol\u00e9 (API), vous avez per\u00e7u le RSA.\r\n"},"3":{"question":"Quels \u00e9taient les conditions d'attribution de l'aide de retour \u00e0 l\u2019emploi  ?","answer":"Pour \u00eatre \u00e9ligible \u00e0 cette aide vous deviez avoir repris une activit\u00e9 depuis au moins 4 mois, \u00eatre salari\u00e9e au sein de votre nouvelle entreprise, votre contrat de travail devait comporter au minimum 78 heures de pr\u00e9sence par mois.\r\n"},"4":{"question":"Quel \u00e9tait le montant de l\u2019aide de retour \u00e0 l\u2019emploi ? ","answer":"Pour tous les b\u00e9n\u00e9ficiaires, la prime de retour \u00e0 l'emploi \u00e9tait de 150 \u20ac par mois."},"5":{"question":"Cette aide \u00e9tait-elle soumise \u00e0 l'imp\u00f4t sur le revenu ? ","answer":"Non, cette prime de retour \u00e0 l\u2019emploi n\u2019\u00e9tait pas soumise \u00e0 l'imp\u00f4t sur le revenu. \r\n"},"6":{"question":"Peut-on b\u00e9n\u00e9ficier de cette prime en 2025 ? ","answer":"Non, elle a \u00e9t\u00e9 supprim\u00e9e en 2017."},"7":{"question":"","answer":""},"8":{"question":"","answer":""},"9":{"question":"","answer":""},"10":{"question":"","answer":""},"11":{"question":"","answer":""},"12":{"question":"","answer":""},"13":{"question":"","answer":""},"14":{"question":"","answer":""},"15":{"question":"","answer":""},"16":{"question":"","answer":""}}},"_links":{"self":[{"href":"https:\/\/www.mes-allocs.fr\/guides\/wp-json\/wp\/v2\/posts\/71576","targetHints":{"allow":["GET"]}}],"collection":[{"href":"https:\/\/www.mes-allocs.fr\/guides\/wp-json\/wp\/v2\/posts"}],"about":[{"href":"https:\/\/www.mes-allocs.fr\/guides\/wp-json\/wp\/v2\/types\/post"}],"author":[{"embeddable":true,"href":"https:\/\/www.mes-allocs.fr\/guides\/wp-json\/wp\/v2\/users\/27"}],"replies":[{"embeddable":true,"href":"https:\/\/www.mes-allocs.fr\/guides\/wp-json\/wp\/v2\/comments?post=71576"}],"version-history":[{"count":11,"href":"https:\/\/www.mes-allocs.fr\/guides\/wp-json\/wp\/v2\/posts\/71576\/revisions"}],"predecessor-version":[{"id":102000,"href":"https:\/\/www.mes-allocs.fr\/guides\/wp-json\/wp\/v2\/posts\/71576\/revisions\/102000"}],"wp:featuredmedia":[{"embeddable":true,"href":"https:\/\/www.mes-allocs.fr\/guides\/wp-json\/wp\/v2\/media\/71578"}],"wp:attachment":[{"href":"https:\/\/www.mes-allocs.fr\/guides\/wp-json\/wp\/v2\/media?parent=71576"}],"wp:term":[{"taxonomy":"category","embeddable":true,"href":"https:\/\/www.mes-allocs.fr\/guides\/wp-json\/wp\/v2\/categories?post=71576"},{"taxonomy":"post_tag","embeddable":true,"href":"https:\/\/www.mes-allocs.fr\/guides\/wp-json\/wp\/v2\/tags?post=71576"}],"curies":[{"name":"wp","href":"https:\/\/api.w.org\/{rel}","templated":true}]}}