{"id":71567,"date":"2023-12-07T18:53:35","date_gmt":"2023-12-07T16:53:35","guid":{"rendered":"https:\/\/www.mes-allocs.fr\/guides\/?p=71567"},"modified":"2026-03-25T14:13:58","modified_gmt":"2026-03-25T13:13:58","slug":"ma-prime-adapt","status":"publish","type":"post","link":"https:\/\/www.mes-allocs.fr\/guides\/aide-renovation\/ma-prime-adapt\/","title":{"rendered":"Ma Prime Adapt\u2019 2026 : conditions, montants, d\u00e9marches"},"content":{"rendered":"<p><img loading=\"lazy\" decoding=\"async\" class=\"alignnone wp-image-71568 size-full\" title=\"ma prime adapt\" src=\"https:\/\/www.mes-allocs.fr\/guides\/wp-content\/uploads\/2023\/12\/no-person-3205352_1280-e1774443401720.jpg\" alt=\"ma prime adapt\" width=\"1280\" height=\"300\" srcset=\"https:\/\/www.mes-allocs.fr\/guides\/wp-content\/uploads\/2023\/12\/no-person-3205352_1280-e1774443401720.jpg 1280w, https:\/\/www.mes-allocs.fr\/guides\/wp-content\/uploads\/2023\/12\/no-person-3205352_1280-e1774443401720-300x70.jpg 300w, https:\/\/www.mes-allocs.fr\/guides\/wp-content\/uploads\/2023\/12\/no-person-3205352_1280-e1774443401720-1024x240.jpg 1024w, https:\/\/www.mes-allocs.fr\/guides\/wp-content\/uploads\/2023\/12\/no-person-3205352_1280-e1774443401720-768x180.jpg 768w, https:\/\/www.mes-allocs.fr\/guides\/wp-content\/uploads\/2023\/12\/no-person-3205352_1280-e1774443401720-600x141.jpg 600w\" sizes=\"auto, (max-width: 1280px) 100vw, 1280px\" \/><\/p>\n<p>[Mis \u00e0 jour le 25\/03\/2026] Vous subissez une perte d\u2019autonomie ou des difficult\u00e9s li\u00e9es \u00e0 votre \u00e2ge et vous souhaitez am\u00e9liorer votre maison ou votre appartement ? Vous pouvez avoir recours \u00e0 <b>Ma<\/b><b>Prime Adapt\u2019<\/b> en2026. Cette <a href=\"https:\/\/www.mes-allocs.fr\/guides\/aide-renovation\/\">aide \u00e0 la r\u00e9novation <\/a>est une aide de l&rsquo;\u00c9tat con\u00e7ue pour financer vos travaux d&rsquo;autonomie. Mes Allocs vous explique comment en b\u00e9n\u00e9ficier et le montant que vous pouvez voir en 2026.<\/p>\n<div class='cta-block'><div class='text'>Simuler mon \u00e9ligibilit\u00e9<\/div><a href='https:\/\/www.mes-allocs.fr\/ab-app?origin=guides\/wp-json\/wp\/v2\/posts\/71567' class='app-button fit'>Simulation gratuite<\/a><\/div>\n<h1>Ma Prime Adapt\u2019 2026 : ce qui change en 2026<\/h1>\n<p>Le dispositif Ma Prime Adapt, une aide permettant de financer <b>les travaux d\u2019adaptation du logement<\/b> pour les <b>seniors et personnes en situation de handicap<\/b>, conna\u00eet quelques changements en 2026. La plateforme de demande d\u2019aide MaPrime Adapt\u2019 a rouvert <b>depuis le lundi 23 f\u00e9vrier 2026<\/b>. La remise en service de MaPrime Adapt\u2019 permet de reprendre le traitement des dossiers d\u00e9pos\u00e9s en 2025. Les <b>montants de prise en charge<\/b> restent index\u00e9s sur vos revenus, permettant de couvrir jusqu&rsquo;\u00e0 70 % de vos d\u00e9penses de travaux. Mais les plafonds de ressources, eux, sont revaloris\u00e9s pour 2026.<\/p>\n<div class='shortcode important'><div class='title'>Important<\/div><div class='content'>En 2026, l&rsquo;accompagnement par un Assistant \u00e0 Ma\u00eetrise d&rsquo;Ouvrage (AMO) reste obligatoire pour garantir la conformit\u00e9 de votre projet et s\u00e9curiser le versement de votre aide.<\/div><\/div>\n<h1>Qu\u2019est-ce que Ma Prime Adapt\u2019 de l\u2019ANAH ?<\/h1>\n<h2>A quoi sert Ma Prime Adapt\u2019 en 2026 ?<\/h2>\n<p>Ma Prime Adapt\u2019 est une aide du Gouvernement, pilot\u00e9e par<b> l&rsquo;Agence Nationale de l&rsquo;Habitat (ANAH)<\/b>. Il s\u2019agit d\u2019une aide financi\u00e8re mise en place pour vous aider \u00e0 financer des travaux dans le but d\u2019<b>adapter votre logement<\/b> \u00e0 votre perte d\u2019autonomie ou \u00e0 toutes autres difficult\u00e9s li\u00e9es \u00e0 votre \u00e2ge ou handicap.<\/p>\n<p>L\u2019aide peut financer <b>diff\u00e9rents am\u00e9nagements <\/b>: installation d\u2019une douche adapt\u00e9e, de rampes d\u2019acc\u00e8s ou d\u2019un monte-escalier. Ma Prime Adapt\u2019 est ouverte aux propri\u00e9taires occupant un logement et aux locataires du parc priv\u00e9.<\/p>\n<h2>Quels sont les travaux \u00e9ligibles ?<\/h2>\n<p>Si vous souhaitez financer vos travaux avec Ma Prime Adapt\u2019, ils doivent imp\u00e9rativement vous aider \u00e0 am\u00e9liorer l\u2019accessibilit\u00e9 de votre logement. Avec Ma Prime Adapt\u2019 vous pouvez :<\/p>\n<ul>\n<li aria-level=\"1\">Installer une porte motoris\u00e9e,<\/li>\n<li aria-level=\"1\">Installer des rampes d\u2019acc\u00e8s,<\/li>\n<li aria-level=\"1\">Installer un monte-escalier \u00e9lectrique,<\/li>\n<li aria-level=\"1\">Installer une douche facile d\u2019acc\u00e8s et antid\u00e9rapante,<\/li>\n<li aria-level=\"1\">\u00c9largir les passages de portes,<\/li>\n<li aria-level=\"1\">Adapter les rev\u00eatements de sol,<\/li>\n<li aria-level=\"1\">Adapter des WC \u00e0 votre hauteur.<\/li>\n<\/ul>\n<div class='shortcode check'><div class='content'>Pensez aussi aux petits \u00e9quipements comme la pose de barres d&rsquo;appui, de volets roulants motoris\u00e9s ou d&rsquo;un \u00e9clairage \u00e0 d\u00e9tection de mouvement.<\/div><\/div>\n<p><iframe loading=\"lazy\" src=\"\/\/www.youtube.com\/embed\/3Uf0lFAyLIQ\" width=\"560\" height=\"314\" allowfullscreen=\"allowfullscreen\"><\/iframe><\/p>\n<h1>Ma Prime Adapt\u2019 2026 : quels sont les crit\u00e8res pour en b\u00e9n\u00e9ficier ?<\/h1>\n<h2>Qui peut b\u00e9n\u00e9ficier de Ma Prime Adapt\u2019 en 2026 ?<\/h2>\n<p>Vous pouvez b\u00e9n\u00e9ficier de Ma Prime Adapt\u2019 si vous ou un membre de votre foyer :<\/p>\n<ul>\n<li aria-level=\"1\">Est \u00e2g\u00e9 de 70 ans ou plus,<\/li>\n<li aria-level=\"1\">Est \u00e2g\u00e9 de 60 \u00e0 69 ans justifiant d&rsquo;une perte d&rsquo;autonomie pr\u00e9coce (GIR 1 \u00e0 6),<\/li>\n<li aria-level=\"1\">A un taux d&rsquo;incapacit\u00e9 sup\u00e9rieur ou \u00e9gal \u00e0 50%<\/li>\n<li aria-level=\"1\">B\u00e9n\u00e9fice de la prestation de compensation du handicap (PCH),<\/li>\n<\/ul>\n<p>Si vous avez des revenus modestes ou tr\u00e8s modestes, <b>l\u2019ensemble des revenus fiscaux <\/b>des membres du foyer sont pris en compte.<\/p>\n<h2>Quelles sont les conditions pour en b\u00e9n\u00e9ficier ?<\/h2>\n<p>Au-del\u00e0 des crit\u00e8res d\u2019\u00e2ge et de handicap, vous devez respecter les autres <a href=\"https:\/\/www.mes-allocs.fr\/guides\/aide-renovation\/ma-prime-adapt\/ma-prime-adapt-conditions\/\">conditions de Ma Prime Adapt<\/a>, qui sont li\u00e9es \u00e0 votre logement et vos ressources. Vous devez \u00eatre <b>propri\u00e9taire occupant<\/b> (ou locataire dans le parc priv\u00e9 sous conditions) et le logement doit \u00eatre votre r\u00e9sidence principale. Vos revenus ne doivent pas d\u00e9passer les <b>plafonds de ressources \u00ab\u00a0modestes\u00a0\u00bb ou \u00ab\u00a0tr\u00e8s modestes\u00a0\u00bb<\/b> fix\u00e9s par l&rsquo;ANAH.<\/p>\n<h1>Ma Prime Adapt simulation : comment savoir si vous \u00eates \u00e9ligible ?<\/h1>\n<p>Pour savoir si vous pouvez b\u00e9n\u00e9ficier de Ma Prime Adapt\u2019, vous pouvez faire une <a href=\"https:\/\/www.mes-allocs.fr\/guides\/aide-renovation\/ma-prime-adapt\/simulation-ma-prime-adapt\/\">simulation Ma Prime Adapt<\/a> sur Mes Allocs. Notre simulateur est rapide et 100% gratuit. Il vous permet en quelques minutes de conna\u00eetre votre \u00e9ligibilit\u00e9 \u00e0 Ma Prime Adapt\u2019 et le montant de votre aide.<\/p>\n<p>L\u2019outil vous indique aussi toutes les autres aides que vous pouvez obtenir, pour financer des travaux dans votre logement.<\/p>\n<div class='cta-block'><div class='text'>Simuler Ma Prime Adapt\u2019<\/div><a href='https:\/\/www.mes-allocs.fr\/ab-app?origin=guides\/wp-json\/wp\/v2\/posts\/71567' class='app-button fit'>Simulation gratuite<\/a><\/div>\n<h1>Ma Prime Adapt\u2019 2026 : combien pouvez-vous obtenir pour vos travaux ?<\/h1>\n<h2>Quel est le montant de l\u2019aide Ma Prime Adapt\u2019 ?<\/h2>\n<p>Le <a href=\"https:\/\/www.mes-allocs.fr\/guides\/aide-renovation\/ma-prime-adapt\/ma-prime-adapt-montant\/\">montant de l&rsquo;aide Ma Prime Adapt&rsquo;<\/a> est un pourcentage appliqu\u00e9 sur le montant HT de vos travaux, dans la limite d&rsquo;un plafond de d\u00e9penses de <b>22 000 \u20ac<\/b> :<\/p>\n<ul>\n<li aria-level=\"1\"><b>70 % du montant des travaux<\/b> pour les foyers aux revenus \u00ab\u00a0tr\u00e8s modestes\u00a0\u00bb,<\/li>\n<li aria-level=\"1\"><b>50 % du montant des travaux<\/b> pour les foyers aux revenus \u00ab\u00a0modestes\u00a0\u00bb.<\/li>\n<\/ul>\n<h2>Ma Prime Adapt\u2019 2026 : bar\u00e8mes et plafonds de ressources<\/h2>\n<p>Les plafonds de ressources sont r\u00e9\u00e9valu\u00e9s chaque ann\u00e9e. Ils diff\u00e8rent selon votre lieu de r\u00e9sidence, si vous habitez en \u00cele-de-France ou dans un autre territoire ou dans les outre-mers.<\/p>\n<p>Voici les plafonds de ressources de Ma Prime Adapt&rsquo; si vous habitez en \u00cele-de-France :<\/p>\n\n<div class=\"wpdt-c row wpDataTableContainerSimpleTable wpDataTables wpDataTablesWrapper\n\"\n    >\n    <table id=\"wpdtSimpleTable-526\"\n           class=\"wpdtSimpleTable wpDataTable\"\n           data-column=\"3\"\n           data-rows=\"7\"\n           data-wpID=\"526\"\n           data-responsive=\"0\"\n           data-has-header=\"1\">\n\n                    <thead>        <tr class=\"wpdt-cell-row \" >\n                            <th class=\"wpdt-cell wpdt-bold wpdt-bc-F3F9FE\"\n                                    data-cell-id=\"A1\"\n                data-col-index=\"0\"\n                data-row-index=\"0\"\n                style=\" width:33.333333333333%;                padding:10px;\"\n                >\n                                Nombre de personnes composant le m\u00e9nage                <\/th>\n                                            <th class=\"wpdt-cell wpdt-bold wpdt-bc-F3F9FE\"\n                                    data-cell-id=\"B1\"\n                data-col-index=\"1\"\n                data-row-index=\"0\"\n                style=\" width:33.333333333333%;                padding:10px;\"\n                >\n                                Plafonds de ressources pour les m\u00e9nages aux revenus tr\u00e8s modestes                <\/th>\n                                            <th class=\"wpdt-cell wpdt-bold wpdt-bc-F3F9FE\"\n                                    data-cell-id=\"C1\"\n                data-col-index=\"2\"\n                data-row-index=\"0\"\n                style=\" width:33.333333333333%;                padding:10px;\"\n                >\n                                Plafonds de ressources pour les m\u00e9nages aux revenus modestes                <\/th>\n                                        <\/tr>\n                    <tbody>        <tr class=\"wpdt-cell-row \" >\n                            <td class=\"wpdt-cell \"\n                                    data-cell-id=\"A2\"\n                data-col-index=\"0\"\n                data-row-index=\"1\"\n                style=\"                padding:10px;\"\n                >\n                                1                <\/td>\n                                            <td class=\"wpdt-cell \"\n                                    data-cell-id=\"B2\"\n                data-col-index=\"1\"\n                data-row-index=\"1\"\n                style=\"                padding:10px;\"\n                >\n                                24\u2009031 \u20ac                <\/td>\n                                            <td class=\"wpdt-cell \"\n                                    data-cell-id=\"C2\"\n                data-col-index=\"2\"\n                data-row-index=\"1\"\n                style=\"                padding:10px;\"\n                >\n                                29\u2009253 \u20ac                <\/td>\n                                        <\/tr>\n                            <tr class=\"wpdt-cell-row \" >\n                            <td class=\"wpdt-cell \"\n                                    data-cell-id=\"A3\"\n                data-col-index=\"0\"\n                data-row-index=\"2\"\n                style=\"                padding:10px;\"\n                >\n                                2                <\/td>\n                                            <td class=\"wpdt-cell \"\n                                    data-cell-id=\"B3\"\n                data-col-index=\"1\"\n                data-row-index=\"2\"\n                style=\"                padding:10px;\"\n                >\n                                 35\u2009270 \u20ac                <\/td>\n                                            <td class=\"wpdt-cell \"\n                                    data-cell-id=\"C3\"\n                data-col-index=\"2\"\n                data-row-index=\"2\"\n                style=\"                padding:10px;\"\n                >\n                                42\u2009933 \u20ac                <\/td>\n                                        <\/tr>\n                            <tr class=\"wpdt-cell-row \" >\n                            <td class=\"wpdt-cell \"\n                                    data-cell-id=\"A4\"\n                data-col-index=\"0\"\n                data-row-index=\"3\"\n                style=\"                padding:10px;\"\n                >\n                                3                <\/td>\n                                            <td class=\"wpdt-cell \"\n                                    data-cell-id=\"B4\"\n                data-col-index=\"1\"\n                data-row-index=\"3\"\n                style=\"                padding:10px;\"\n                >\n                                 42\u2009357 \u20ac                <\/td>\n                                            <td class=\"wpdt-cell \"\n                                    data-cell-id=\"C4\"\n                data-col-index=\"2\"\n                data-row-index=\"3\"\n                style=\"                padding:10px;\"\n                >\n                                51\u2009564 \u20ac                <\/td>\n                                        <\/tr>\n                            <tr class=\"wpdt-cell-row \" >\n                            <td class=\"wpdt-cell \"\n                                    data-cell-id=\"A5\"\n                data-col-index=\"0\"\n                data-row-index=\"4\"\n                style=\"                padding:10px;\"\n                >\n                                4                <\/td>\n                                            <td class=\"wpdt-cell \"\n                                    data-cell-id=\"B5\"\n                data-col-index=\"1\"\n                data-row-index=\"4\"\n                style=\"                padding:10px;\"\n                >\n                                49\u2009455 \u20ac                <\/td>\n                                            <td class=\"wpdt-cell \"\n                                    data-cell-id=\"C5\"\n                data-col-index=\"2\"\n                data-row-index=\"4\"\n                style=\"                padding:10px;\"\n                >\n                                60\u2009208 \u20ac                <\/td>\n                                        <\/tr>\n                            <tr class=\"wpdt-cell-row \" >\n                            <td class=\"wpdt-cell \"\n                                    data-cell-id=\"A6\"\n                data-col-index=\"0\"\n                data-row-index=\"5\"\n                style=\"                padding:10px;\"\n                >\n                                5                <\/td>\n                                            <td class=\"wpdt-cell \"\n                                    data-cell-id=\"B6\"\n                data-col-index=\"1\"\n                data-row-index=\"5\"\n                style=\"                padding:10px;\"\n                >\n                                56\u2009580 \u20ac                <\/td>\n                                            <td class=\"wpdt-cell \"\n                                    data-cell-id=\"C6\"\n                data-col-index=\"2\"\n                data-row-index=\"5\"\n                style=\"                padding:10px;\"\n                >\n                                68\u2009877 \u20ac                <\/td>\n                                        <\/tr>\n                            <tr class=\"wpdt-cell-row \" >\n                            <td class=\"wpdt-cell \"\n                                    data-cell-id=\"A7\"\n                data-col-index=\"0\"\n                data-row-index=\"6\"\n                style=\"                padding:10px;\"\n                >\n                                par personne suppl\u00e9mentaire                <\/td>\n                                            <td class=\"wpdt-cell \"\n                                    data-cell-id=\"B7\"\n                data-col-index=\"1\"\n                data-row-index=\"6\"\n                style=\"                padding:10px;\"\n                >\n                                +\u20097\u2009116 \u20ac                <\/td>\n                                            <td class=\"wpdt-cell \"\n                                    data-cell-id=\"C7\"\n                data-col-index=\"2\"\n                data-row-index=\"6\"\n                style=\"                padding:10px;\"\n                >\n                                +\u20098\u2009663 \u20ac                <\/td>\n                                        <\/tr>\n                    <\/table>\n<\/div><style id='wpdt-custom-style-526'>\ntable#wpdtSimpleTable-526{ table-layout: fixed !important; }\n.wpdt-bc-F3F9FE { background-color: #F3F9FE !important;}\n<\/style>\n\n<p>Voici les plafonds de ressources de Ma Prime Adapt&rsquo; si vous habitez en-dehors de l&rsquo;\u00cele-de-France ou dans un territoire ultramarin :<\/p>\n\n<div class=\"wpdt-c row wpDataTableContainerSimpleTable wpDataTables wpDataTablesWrapper\n\"\n    >\n    <table id=\"wpdtSimpleTable-541\"\n           class=\"wpdtSimpleTable wpDataTable\"\n           data-column=\"3\"\n           data-rows=\"7\"\n           data-wpID=\"541\"\n           data-responsive=\"0\"\n           data-has-header=\"1\">\n\n                    <thead>        <tr class=\"wpdt-cell-row \" >\n                            <th class=\"wpdt-cell wpdt-bc-F3F9FE wpdt-tc-000000 wpdt-bold\"\n                                    data-cell-id=\"A1\"\n                data-col-index=\"0\"\n                data-row-index=\"0\"\n                style=\" width:32.692307692308%;                padding:10px;\"\n                >\n                                Nombre de personnes composant le m\u00e9nage                <\/th>\n                                            <th class=\"wpdt-cell wpdt-bc-F3F9FE wpdt-tc-000000 wpdt-bold\"\n                                    data-cell-id=\"B1\"\n                data-col-index=\"1\"\n                data-row-index=\"0\"\n                style=\" width:34.615384615385%;                padding:10px;\"\n                >\n                                M\u00e9nages aux revenus tr\u00e8s modestes                <\/th>\n                                            <th class=\"wpdt-cell wpdt-tc-000000 wpdt-bc-F3F9FE wpdt-bold\"\n                                    data-cell-id=\"C1\"\n                data-col-index=\"2\"\n                data-row-index=\"0\"\n                style=\" width:32.692307692308%;                padding:10px;\"\n                >\n                                M\u00e9nages aux revenus modestes                <\/th>\n                                        <\/tr>\n                    <tbody>        <tr class=\"wpdt-cell-row \" >\n                            <td class=\"wpdt-cell \"\n                                    data-cell-id=\"A2\"\n                data-col-index=\"0\"\n                data-row-index=\"1\"\n                style=\"                padding:10px;\"\n                >\n                                1                <\/td>\n                                            <td class=\"wpdt-cell \"\n                                    data-cell-id=\"B2\"\n                data-col-index=\"1\"\n                data-row-index=\"1\"\n                style=\"                padding:10px;\"\n                >\n                                17\u2009363 \u20ac                <\/td>\n                                            <td class=\"wpdt-cell \"\n                                    data-cell-id=\"C2\"\n                data-col-index=\"2\"\n                data-row-index=\"1\"\n                style=\"                padding:10px;\"\n                >\n                                22\u2009259 \u20ac                <\/td>\n                                        <\/tr>\n                            <tr class=\"wpdt-cell-row \" >\n                            <td class=\"wpdt-cell \"\n                                    data-cell-id=\"A3\"\n                data-col-index=\"0\"\n                data-row-index=\"2\"\n                style=\"                padding:10px;\"\n                >\n                                2                <\/td>\n                                            <td class=\"wpdt-cell \"\n                                    data-cell-id=\"B3\"\n                data-col-index=\"1\"\n                data-row-index=\"2\"\n                style=\"                padding:10px;\"\n                >\n                                25\u2009393 \u20ac                <\/td>\n                                            <td class=\"wpdt-cell \"\n                                    data-cell-id=\"C3\"\n                data-col-index=\"2\"\n                data-row-index=\"2\"\n                style=\"                padding:10px;\"\n                >\n                                32\u2009553 \u20ac                <\/td>\n                                        <\/tr>\n                            <tr class=\"wpdt-cell-row \" >\n                            <td class=\"wpdt-cell \"\n                                    data-cell-id=\"A4\"\n                data-col-index=\"0\"\n                data-row-index=\"3\"\n                style=\"                padding:10px;\"\n                >\n                                3                <\/td>\n                                            <td class=\"wpdt-cell \"\n                                    data-cell-id=\"B4\"\n                data-col-index=\"1\"\n                data-row-index=\"3\"\n                style=\"                padding:10px;\"\n                >\n                                30\u2009540 \u20ac                <\/td>\n                                            <td class=\"wpdt-cell \"\n                                    data-cell-id=\"C4\"\n                data-col-index=\"2\"\n                data-row-index=\"3\"\n                style=\"                padding:10px;\"\n                >\n                                39\u2009148 \u20ac                <\/td>\n                                        <\/tr>\n                            <tr class=\"wpdt-cell-row \" >\n                            <td class=\"wpdt-cell \"\n                                    data-cell-id=\"A5\"\n                data-col-index=\"0\"\n                data-row-index=\"4\"\n                style=\"                padding:10px;\"\n                >\n                                4                <\/td>\n                                            <td class=\"wpdt-cell \"\n                                    data-cell-id=\"B5\"\n                data-col-index=\"1\"\n                data-row-index=\"4\"\n                style=\"                padding:10px;\"\n                >\n                                35\u2009676 \u20ac                <\/td>\n                                            <td class=\"wpdt-cell \"\n                                    data-cell-id=\"C5\"\n                data-col-index=\"2\"\n                data-row-index=\"4\"\n                style=\"                padding:10px;\"\n                >\n                                45\u2009735 \u20ac                <\/td>\n                                        <\/tr>\n                            <tr class=\"wpdt-cell-row \" >\n                            <td class=\"wpdt-cell \"\n                                    data-cell-id=\"A6\"\n                data-col-index=\"0\"\n                data-row-index=\"5\"\n                style=\"                padding:10px;\"\n                >\n                                5                <\/td>\n                                            <td class=\"wpdt-cell \"\n                                    data-cell-id=\"B6\"\n                data-col-index=\"1\"\n                data-row-index=\"5\"\n                style=\"                padding:10px;\"\n                >\n                                40\u2009835 \u20ac                <\/td>\n                                            <td class=\"wpdt-cell \"\n                                    data-cell-id=\"C6\"\n                data-col-index=\"2\"\n                data-row-index=\"5\"\n                style=\"                padding:10px;\"\n                >\n                                52\u2009348 \u20ac                <\/td>\n                                        <\/tr>\n                            <tr class=\"wpdt-cell-row \" >\n                            <td class=\"wpdt-cell \"\n                                    data-cell-id=\"A7\"\n                data-col-index=\"0\"\n                data-row-index=\"6\"\n                style=\"                padding:10px;\"\n                >\n                                par personne suppl\u00e9mentaire                <\/td>\n                                            <td class=\"wpdt-cell \"\n                                    data-cell-id=\"B7\"\n                data-col-index=\"1\"\n                data-row-index=\"6\"\n                style=\"                padding:10px;\"\n                >\n                                +\u20095\u2009151 \u20ac                <\/td>\n                                            <td class=\"wpdt-cell \"\n                                    data-cell-id=\"C7\"\n                data-col-index=\"2\"\n                data-row-index=\"6\"\n                style=\"                padding:10px;\"\n                >\n                                +\u20096\u2009598 \u20ac                <\/td>\n                                        <\/tr>\n                    <\/table>\n<\/div><style id='wpdt-custom-style-541'>\ntable#wpdtSimpleTable-541{ table-layout: fixed !important; }\n.wpdt-bc-F3F9FE { background-color: #F3F9FE !important;}\n.wpdt-tc-000000 { color: #000000 !important;}\n<\/style>\n\n<div class='shortcode tips'><div class='title'>Exemple<\/div><div class='content'><b>Madame Martin<\/b>, 75 ans, vit seule en province avec une retraite de 1 200 \u20ac par mois (cat\u00e9gorie \u00ab\u00a0tr\u00e8s modeste\u00a0\u00bb). Elle souhaite installer une douche s\u00e9curis\u00e9e et un monte-escalier pour un total de 15 000 \u20ac HT. <b>Ma Prime Adapt\u2019 2026<\/b> prend en charge 70 % de la facture, soit <b>10 500 \u20ac<\/b> d&rsquo;aide directe.<\/div><\/div>\n<h2>Quel reste \u00e0 charge apr\u00e8s Ma Prime Adapt\u2019 2026 ?<\/h2>\n<p>Le dispositif Ma Prime Adapt\u2019 vous aide \u00e0 financer une part importante des travaux, mais il est possible que vous ayez \u00e0 payer <b>un reste \u00e0 charge<\/b>. Le montant de votre reste \u00e0 charge d\u00e9pend de trois \u00e9l\u00e9ments : <b>le co\u00fbt global<\/b> des travaux, <b>votre cat\u00e9gorie de ressources<\/b> (modestes ou tr\u00e8s modestes) et <b>la nature des travaux<\/b> retenus dans le diagnostic logement autonomie.<\/p>\n<p>Pour r\u00e9duire le plus possible votre reste \u00e0 charge, vous pouvez cumuler Ma Prime Adapt\u2019 avec <b>l\u2019APA <\/b>(Allocation personnalis\u00e9e d\u2019autonomie)ou <b>la PCH <\/b>(Prestation de compensation du handicap). Vous pouvez \u00e9galement demander une aide financi\u00e8re ponctuelle \u00e0 votre <b>caisse de retraite<\/b> ou vous pouvez demander <b>une r\u00e9duction de TVA<\/b> sur les travaux \u00e9ligibles.<\/p>\n<h2>Comment l\u2019aide est-elle vers\u00e9e ?<\/h2>\n<p>L&rsquo;aide n&rsquo;est jamais vers\u00e9e par avance pour d\u00e9buter le chantier. Elle est <b>vers\u00e9e par virement bancaire<\/b> apr\u00e8s la fin des travaux, sur pr\u00e9sentation des factures d\u00e9finitives certifi\u00e9es par votre accompagnateur AMO. Dans certains cas sp\u00e9cifiques, une avance de 30% peut \u00eatre accord\u00e9e aux foyers les plus pr\u00e9caires pour r\u00e9gler l&rsquo;acompte de l&rsquo;artisan.<\/p>\n<h1>Demande Ma Prime Adapt\u2019 2026 : comment faire ?<\/h1>\n<h2>Quels documents fournir ?<\/h2>\n<p>Pour constituer votre dossier, pr\u00e9parez les pi\u00e8ces suivantes :<\/p>\n<ul>\n<li aria-level=\"1\">Votre <b>dernier avis d&rsquo;imposition<\/b>,<\/li>\n<li aria-level=\"1\">Un justificatif de propri\u00e9t\u00e9 (taxe fonci\u00e8re),<\/li>\n<li aria-level=\"1\">Votre pi\u00e8ce d&rsquo;identit\u00e9,<\/li>\n<li aria-level=\"1\">Les devis des professionnels certifi\u00e9s RGE ou sp\u00e9cialis\u00e9s en accessibilit\u00e9.<\/li>\n<\/ul>\n<h2>Quelles sont les \u00e9tapes pour obtenir l\u2019aide ?<\/h2>\n<h3>Etape 1 : Contacter un conseiller France R\u00e9nov\u2019<\/h3>\n<p>Faites appel \u00e0 un conseiller France R\u00e9nov pour pr\u00e9senter votre projet. Prenez rendez-vous sur le service public <b>France R\u00e9nov\u2019<\/b>. Votre conseiller effectue une premi\u00e8re v\u00e9rification de votre \u00e9ligibilit\u00e9.<\/p>\n<h3>Etape 2 : \u00catre accompagn\u00e9 par un AMO<\/h3>\n<p>Votre conseiller France R\u00e9nov\u2019 vous propose une liste d\u2019Assistants \u00e0 la Ma\u00eetrise d\u2019Ouvrage (AMO). L\u2019AMO effectue un diagnostic de votre logement pour d\u00e9terminer si vos travaux et votre plan de financement sont coh\u00e9rents. Il vous aide \u00e0 lister les travaux n\u00e9cessaires en plus de vous livrer un <b>diagnostic logement autonomie<\/b>.<\/p>\n<h3>Etape 3 : D\u00e9poser votre demande<\/h3>\n<p>D\u00e9posez votre <a href=\"https:\/\/www.mes-allocs.fr\/guides\/aide-renovation\/ma-prime-adapt\/ma-prime-adapt-demande\/\">demande de subvention Ma Prime Adapt<\/a> en ligne ou envoyez-la en format papier \u00e0 <b>l&rsquo;ANAH<\/b>. Ne signez aucun devis avant cette \u00e9tape.<\/p>\n<h3>Etape 4 : Attendre l\u2019accord avant de commencer les travaux<\/h3>\n<p>Ne commencez pas les travaux avant d\u2019avoir re\u00e7u l\u2019accord de l\u2019ANAH. Vous devez imp\u00e9rativement recevoir la <b>notification d&rsquo;accord de subvention<\/b> avant de lancer le chantier.<\/p>\n<h3>Etape 5 : Faire r\u00e9aliser les travaux par un professionnel<\/h3>\n<p>Les travaux que vous souhaitez effectuer doivent \u00eatre conformes aux pr\u00e9conisations de l&rsquo;AMO et r\u00e9alis\u00e9s par des entreprises qualifi\u00e9es.<\/p>\n<h3>Etape 6 : Transmettre les factures pour d\u00e9clencher le versement<\/h3>\n<p>Une fois le chantier termin\u00e9, envoyez toutes vos factures via votre espace personnel Agence nationale de l&rsquo;habitat (ANAH) pour recevoir votre subvention Ma Prime Adapt\u2019.<\/p>\n<h1>Vos questions sur Ma Prime Adapt\u2019 2026<\/h1>\n<h2>Pouvez-vous demander Ma Prime Adapt\u2019 si vous \u00eates locataire ?<\/h2>\n<p><b>Oui<\/b>, vous pouvez demander Ma Prime Adapt\u2019 si vous \u00eates locataire. Le dispositif est accessible aux <b>locataires du parc priv\u00e9<\/b> si les travaux pr\u00e9vus sont effectu\u00e9s dans votre r\u00e9sidence principale et qu\u2019ils visent <b>\u00e0 am\u00e9liorer l\u2019accessibilit\u00e9 de votre logement<\/b>.<\/p>\n<h2>Pouvez-vous faire vous-m\u00eame les travaux avec Ma Prime Adapt\u2019 ?<\/h2>\n<p><b>Non<\/b>, Ma Prime Adapt\u2019 finance les travaux r\u00e9alis\u00e9s par <b>des professionnels qualifi\u00e9s<\/b>. Si vous souhaitez faire vous-m\u00eame ces travaux, vous ne pourrez pas obtenir Ma Prime Adapt\u2019. Ce dispositif ne couvre pas l&rsquo;auto-r\u00e9habilitation afin de garantir <b>la s\u00e9curit\u00e9<\/b> et<b> la conformit\u00e9 <\/b>des installations d&rsquo;accessibilit\u00e9.<\/p>\n<h2>Pouvez-vous cumuler Ma Prime Adapt\u2019 avec Ma Prime R\u00e9nov ?<\/h2>\n<p><b>Oui, <\/b>vous pouvez compl\u00e9ter votre subvention Ma Prime Adapt\u2019 avec Ma Prime R\u00e9nov\u2019. Le cumul de ces deux aides est possible lorsque les travaux sont <b>distincts<\/b>. Vous pouvez aussi cumuler Ma Prime Adapt\u2019 avec l\u2019Allocation personnalis\u00e9e d\u2019autonomie (APA) et la Prestation de compensation du handicap (PCH) \u00e0 condition que ces aides ne financent pas les m\u00eames travaux.<\/p>\n<div class='shortcode summary'><div class='title'>En r\u00e9sum\u00e9 :<\/div><div class='content'><ul><li>Ma Prime Adapt\u2019 2026 finance jusqu\u2019\u00e0 <b>70 % de vos travaux<\/b> d&rsquo;autonomie.<\/li><li>L&rsquo;aide est accessible d\u00e8s <b>70 ans<\/b> ou d\u00e8s 60 ans en cas de perte d&rsquo;autonomie.<\/li><li>L&rsquo;accompagnement par un <b>AMO est obligatoire<\/b> pour monter votre dossier.<\/li><li>Le plafond de travaux subventionnable s&rsquo;\u00e9l\u00e8ve \u00e0 <b>22 000 \u20ac HT.<\/b><\/li><li>Ne commencez jamais les travaux avant d&rsquo;avoir re\u00e7u l&rsquo;<b>accord officiel<\/b> de l&rsquo;ANAH.<\/li><\/ul><\/div><\/div>\n<div class='cta-block'><div class='text'>Simuler toutes mes aides pour les travaux<\/div><a href='https:\/\/www.mes-allocs.fr\/ab-app?origin=guides\/wp-json\/wp\/v2\/posts\/71567' class='app-button fit'>Simulation gratuite<\/a><\/div>\n","protected":false},"excerpt":{"rendered":"<p>[Mis \u00e0 jour le 25\/03\/2026] Vous subissez une perte d\u2019autonomie ou des difficult\u00e9s li\u00e9es \u00e0 votre \u00e2ge et vous souhaitez am\u00e9liorer votre maison ou votre appartement ? Vous pouvez avoir recours \u00e0 MaPrime Adapt\u2019 en2026. Cette aide \u00e0 la r\u00e9novation est une aide de l&rsquo;\u00c9tat con\u00e7ue pour financer vos travaux d&rsquo;autonomie. Mes Allocs vous explique [&hellip;]<\/p>\n","protected":false},"author":27,"featured_media":71569,"comment_status":"closed","ping_status":"open","sticky":false,"template":"","format":"standard","meta":{"amp_status":"","footnotes":""},"categories":[8154],"tags":[],"class_list":["post-71567","post","type-post","status-publish","format-standard","has-post-thumbnail","hentry","category-aide-renovation"],"yoast_head":"<!-- This site is optimized with the Yoast SEO plugin v14.9 - https:\/\/yoast.com\/wordpress\/plugins\/seo\/ -->\n<title>Ma Prime Adapt\u2019 2026 : conditions, montants, d\u00e9marches | Mes-Allocs.fr<\/title>\n<meta name=\"description\" content=\"Ma Prime Adapt est une aide destin\u00e9e aux travaux d&#039;adaptation du logement pour les personnes ag\u00e9es ou handicap\u00e9es. Explication.\" \/>\n<meta name=\"robots\" content=\"index, follow, max-snippet:-1, max-image-preview:large, max-video-preview:-1\" \/>\n<link rel=\"canonical\" href=\"https:\/\/www.mes-allocs.fr\/guides\/aide-renovation\/ma-prime-adapt\/\" \/>\n<meta property=\"og:locale\" content=\"fr_FR\" \/>\n<meta property=\"og:type\" content=\"article\" \/>\n<meta property=\"og:title\" content=\"Ma Prime Adapt\u2019 2026 : conditions, montants, d\u00e9marches | Mes-Allocs.fr\" \/>\n<meta property=\"og:description\" content=\"Ma Prime Adapt est une aide destin\u00e9e aux travaux d&#039;adaptation du logement pour les personnes ag\u00e9es ou handicap\u00e9es. Explication.\" \/>\n<meta property=\"og:url\" content=\"https:\/\/www.mes-allocs.fr\/guides\/aide-renovation\/ma-prime-adapt\/\" \/>\n<meta property=\"og:site_name\" content=\"Mes-Allocs.fr\" \/>\n<meta property=\"article:published_time\" content=\"2023-12-07T16:53:35+00:00\" \/>\n<meta property=\"article:modified_time\" content=\"2026-03-25T13:13:58+00:00\" \/>\n<meta property=\"og:image\" content=\"https:\/\/www.mes-allocs.fr\/guides\/wp-content\/uploads\/2023\/12\/woman-593456_1280.jpg?wsr\" \/>\n\t<meta property=\"og:image:width\" content=\"1280\" \/>\n\t<meta property=\"og:image:height\" content=\"853\" \/>\n<meta name=\"twitter:card\" content=\"summary_large_image\" \/>\n<script type=\"application\/ld+json\" class=\"yoast-schema-graph\">{\"@context\":\"https:\/\/schema.org\",\"@graph\":[{\"@type\":\"WebSite\",\"@id\":\"https:\/\/www.mes-allocs.fr\/guides\/#website\",\"url\":\"https:\/\/www.mes-allocs.fr\/guides\/\",\"name\":\"Mes-Allocs.fr\",\"description\":\"\",\"potentialAction\":[{\"@type\":\"SearchAction\",\"target\":\"https:\/\/www.mes-allocs.fr\/guides\/?s={search_term_string}\",\"query-input\":\"required name=search_term_string\"}],\"inLanguage\":\"fr-FR\"},{\"@type\":\"ImageObject\",\"@id\":\"https:\/\/www.mes-allocs.fr\/guides\/aide-renovation\/ma-prime-adapt\/#primaryimage\",\"inLanguage\":\"fr-FR\",\"url\":\"https:\/\/www.mes-allocs.fr\/guides\/wp-content\/uploads\/2023\/12\/woman-593456_1280.jpg?wsr\",\"width\":1280,\"height\":853,\"caption\":\"Ma Prime Adapt\"},{\"@type\":\"WebPage\",\"@id\":\"https:\/\/www.mes-allocs.fr\/guides\/aide-renovation\/ma-prime-adapt\/#webpage\",\"url\":\"https:\/\/www.mes-allocs.fr\/guides\/aide-renovation\/ma-prime-adapt\/\",\"name\":\"Ma Prime Adapt\\u2019 2026 : conditions, montants, d\\u00e9marches | Mes-Allocs.fr\",\"isPartOf\":{\"@id\":\"https:\/\/www.mes-allocs.fr\/guides\/#website\"},\"primaryImageOfPage\":{\"@id\":\"https:\/\/www.mes-allocs.fr\/guides\/aide-renovation\/ma-prime-adapt\/#primaryimage\"},\"datePublished\":\"2023-12-07T16:53:35+00:00\",\"dateModified\":\"2026-03-25T13:13:58+00:00\",\"author\":{\"@id\":\"https:\/\/www.mes-allocs.fr\/guides\/#\/schema\/person\/7a9b61e7b715d477066a9f941c0440c7\"},\"description\":\"Ma Prime Adapt est une aide destin\\u00e9e aux travaux d'adaptation du logement pour les personnes ag\\u00e9es ou handicap\\u00e9es. Explication.\",\"inLanguage\":\"fr-FR\"},{\"@type\":\"Person\",\"@id\":\"https:\/\/www.mes-allocs.fr\/guides\/#\/schema\/person\/7a9b61e7b715d477066a9f941c0440c7\",\"name\":\"L\\u00e9o Martin\",\"image\":{\"@type\":\"ImageObject\",\"@id\":\"https:\/\/www.mes-allocs.fr\/guides\/#personlogo\",\"inLanguage\":\"fr-FR\",\"url\":\"https:\/\/www.mes-allocs.fr\/guides\/wp-content\/uploads\/2023\/12\/1635317753781-e1701432075572-150x150.jpg\",\"caption\":\"L\\u00e9o Martin\"},\"description\":\"L\\u00e9o est r\\u00e9dacteur au sein de l'\\u00e9quipe Mes Allocs, sp\\u00e9cialis\\u00e9 sur les th\\u00e9matiques pouvoir d'achat et aides. Il rejoint Mes Allocs apr\\u00e8s une premi\\u00e8re exp\\u00e9rience en tant que journaliste chez La Gazette Cagnoise et Nice Presse.\",\"sameAs\":[\"https:\/\/www.linkedin.com\/in\/lo-martin-3429bb224\"]}]}<\/script>\n<!-- \/ Yoast SEO plugin. -->","amp_validity":null,"acf":{"faq":{"1":{"question":"A quoi sert Ma Prime Adapt ? ","answer":"Ma Prime Adapt est une aide destin\u00e9e aux seniors et aux personnes \u00e2g\u00e9es en situation de handicap. Cette aide vise \u00e0 financer des travaux d'adaptation du logement afin de permettre au grand nombre de vivre \u00e0 domicile le plus longtemps possible gr\u00e2ce aux am\u00e9nagements."},"2":{"question":"Quels sont les travaux possibles avec Ma Prime Adapt ?  ","answer":"Les travaux d'adaptation concernent plusieurs \u00e9l\u00e9ments de la maison. Il est possible d\u2019avoir par exemple, le remplacement de la baignoire par une douche de plain-pied. L\u2019installation d\u2019un monte-escalier \u00e9lectrique ou encore la pose de mains courantes. etc.\r\n"},"3":{"question":"Quel est le montant de cette aide ? ","answer":"Ma Prime Adapt peut financer 50 % ou 70 % de vos travaux en fonction de vos ressources. Par ailleurs, ces aides sont cumulables avec les aides locales et les aides \u00e0 la r\u00e9novation \u00e9nerg\u00e9tique. \r\n"},"4":{"question":"Qui peut b\u00e9n\u00e9ficier de cette aide ? ","answer":"Vous devez r\u00e9pondre \u00e0 plusieurs crit\u00e8res comme \u00eatre \u00e2g\u00e9 de 70, \u00eatre propri\u00e9taire, avoir des revenus modestes etc..."},"5":{"question":"Comment faire la demande ? ","answer":"Pour b\u00e9n\u00e9ficier de Ma Prime Adapt, vous devez appeler un conseiller France Renov\u2019 pour pr\u00e9ciser mon projet. Ensuite, France Renov\u2019 vous met en relation avec un artisan, qui fera un diagnostic des projets. \r\nUne fois le diagnostic r\u00e9alis\u00e9 vous devez d\u00e9poser votre demande de subvention en ligne ou par papier. Une fois les travaux r\u00e9alis\u00e9s, vous toucherez la subvention. \r\n"},"6":{"question":"","answer":""},"7":{"question":"","answer":""},"8":{"question":"","answer":""},"9":{"question":"","answer":""},"10":{"question":"","answer":""},"11":{"question":"","answer":""},"12":{"question":"","answer":""},"13":{"question":"","answer":""},"14":{"question":"","answer":""},"15":{"question":"","answer":""},"16":{"question":"","answer":""}}},"_links":{"self":[{"href":"https:\/\/www.mes-allocs.fr\/guides\/wp-json\/wp\/v2\/posts\/71567","targetHints":{"allow":["GET"]}}],"collection":[{"href":"https:\/\/www.mes-allocs.fr\/guides\/wp-json\/wp\/v2\/posts"}],"about":[{"href":"https:\/\/www.mes-allocs.fr\/guides\/wp-json\/wp\/v2\/types\/post"}],"author":[{"embeddable":true,"href":"https:\/\/www.mes-allocs.fr\/guides\/wp-json\/wp\/v2\/users\/27"}],"replies":[{"embeddable":true,"href":"https:\/\/www.mes-allocs.fr\/guides\/wp-json\/wp\/v2\/comments?post=71567"}],"version-history":[{"count":14,"href":"https:\/\/www.mes-allocs.fr\/guides\/wp-json\/wp\/v2\/posts\/71567\/revisions"}],"predecessor-version":[{"id":110987,"href":"https:\/\/www.mes-allocs.fr\/guides\/wp-json\/wp\/v2\/posts\/71567\/revisions\/110987"}],"wp:featuredmedia":[{"embeddable":true,"href":"https:\/\/www.mes-allocs.fr\/guides\/wp-json\/wp\/v2\/media\/71569"}],"wp:attachment":[{"href":"https:\/\/www.mes-allocs.fr\/guides\/wp-json\/wp\/v2\/media?parent=71567"}],"wp:term":[{"taxonomy":"category","embeddable":true,"href":"https:\/\/www.mes-allocs.fr\/guides\/wp-json\/wp\/v2\/categories?post=71567"},{"taxonomy":"post_tag","embeddable":true,"href":"https:\/\/www.mes-allocs.fr\/guides\/wp-json\/wp\/v2\/tags?post=71567"}],"curies":[{"name":"wp","href":"https:\/\/api.w.org\/{rel}","templated":true}]}}