{"id":71331,"date":"2023-12-01T13:54:58","date_gmt":"2023-12-01T11:54:58","guid":{"rendered":"https:\/\/www.mes-allocs.fr\/guides\/?p=71331"},"modified":"2026-04-10T16:10:48","modified_gmt":"2026-04-10T15:10:48","slug":"travail-au-noir","status":"publish","type":"post","link":"https:\/\/www.mes-allocs.fr\/guides\/aides-sociales\/travail-au-noir\/","title":{"rendered":"Qu&rsquo;est ce que le travail au noir et quels sont les risques ?"},"content":{"rendered":"<p><img loading=\"lazy\" decoding=\"async\" class=\"alignnone wp-image-71334 size-full\" title=\"travail au noir\" src=\"https:\/\/www.mes-allocs.fr\/guides\/wp-content\/uploads\/2023\/11\/travail-au-noir-1-e1701192095518.jpg\" alt=\"travail au noir\" width=\"1280\" height=\"252\" srcset=\"https:\/\/www.mes-allocs.fr\/guides\/wp-content\/uploads\/2023\/11\/travail-au-noir-1-e1701192095518.jpg 1280w, https:\/\/www.mes-allocs.fr\/guides\/wp-content\/uploads\/2023\/11\/travail-au-noir-1-e1701192095518-300x59.jpg 300w, https:\/\/www.mes-allocs.fr\/guides\/wp-content\/uploads\/2023\/11\/travail-au-noir-1-e1701192095518-1024x202.jpg 1024w, https:\/\/www.mes-allocs.fr\/guides\/wp-content\/uploads\/2023\/11\/travail-au-noir-1-e1701192095518-768x151.jpg 768w, https:\/\/www.mes-allocs.fr\/guides\/wp-content\/uploads\/2023\/11\/travail-au-noir-1-e1701192095518-600x118.jpg 600w\" sizes=\"auto, (max-width: 1280px) 100vw, 1280px\" \/><\/p>\n<p>[Mis \u00e0 jour le 10\/04\/2026]<strong> Le travail au noir, aussi appel\u00e9 travail clandestin ou travail non d\u00e9clar\u00e9, d\u00e9signe une pratique ill\u00e9gale o\u00f9 des activit\u00e9s professionnelles sont r\u00e9alis\u00e9es sans d\u00e9claration aux autorit\u00e9s fiscales et sociales. Cette pratique concerne des emplois r\u00e9mun\u00e9r\u00e9s effectu\u00e9s en marge du cadre juridique l\u00e9gal, privant ainsi les travailleurs de protections sociales (de certaines <a href=\"https:\/\/www.mes-allocs.fr\/guides\/aides-sociales\/\">aides sociales<\/a> aussi) et les \u00c9tats de ressources fiscales importantes. Cette pratique pose d&rsquo;importants risques tant pour les travailleurs que pour l&rsquo;\u00e9conomie en g\u00e9n\u00e9ral. Dans cet article, on explorera les tenants et aboutissants du travail au noir ainsi que les risques associ\u00e9s \u00e0 cette pratique.<\/strong><\/p>\n<div class='cta-block'><div class='text'>Simulez toutes vos Aides en 2 min. Gratuit.<\/div><a href='https:\/\/www.mes-allocs.fr\/ab-app?origin=guides\/wp-json\/wp\/v2\/posts\/71331' class='app-button fit'>Simulation gratuite<\/a><\/div>\n<h1>Tout savoir sur le travail au Noir<\/h1>\n<h2><strong>Explication du travail au noir : Qu&rsquo;est-ce que c&rsquo;est exactement ?<\/strong><\/h2>\n<p>Le travail au noir <strong>d\u00e9signe l&rsquo;exercice d&rsquo;une activit\u00e9 professionnelle r\u00e9mun\u00e9r\u00e9e qui \u00e9chappe \u00e0 toute d\u00e9claration l\u00e9gale vis-\u00e0-vis des autorit\u00e9s fiscales et sociales<\/strong>. Il se caract\u00e9rise par le non-paiement des imp\u00f4ts, des cotisations sociales et par l&rsquo;absence de d\u00e9claration d&rsquo;activit\u00e9, pla\u00e7ant ainsi le travailleur et l&#8217;employeur en marge des obligations l\u00e9gales et fiscales.<\/p>\n<h2><strong>Types de travail non d\u00e9clar\u00e9 : diff\u00e9rentes formes de pratiques clandestines<\/strong><\/h2>\n<p>Le travail non d\u00e9clar\u00e9 rev\u00eat diverses formes telles que le travail dissimul\u00e9, o\u00f9 l&#8217;employeur ne d\u00e9clare pas le salari\u00e9 aux organismes sociaux, la non-d\u00e9claration d&rsquo;activit\u00e9, quand un individu exerce une activit\u00e9 lucrative sans s&rsquo;inscrire officiellement en tant qu&rsquo;entreprise, ou encore l&#8217;emploi au noir, o\u00f9 des transactions financi\u00e8res ne sont pas d\u00e9clar\u00e9es aux autorit\u00e9s fiscales.<\/p>\n<h1><strong>Les motivations et le contexte<\/strong><\/h1>\n<h2><strong>Quelles sont les raisons pour lesquelles certains travailleurs ou employeurs optent pour cette pratique ill\u00e9gale ?\u00a0<\/strong><\/h2>\n<p>Plusieurs motivations peuvent pousser \u00e0 recourir au travail au noir. Pour les travailleurs, cela peut \u00eatre motiv\u00e9 par le besoin<\/p>\n<ul>\n<li><strong>d&rsquo; arrondir des fins de mois difficiles<\/strong>,<\/li>\n<li>d&rsquo;<strong>\u00e9viter des contraintes administratives ou fiscales<\/strong>,<\/li>\n<li>ou encore de <strong>trouver un emploi rapidement sans se conformer aux r\u00e9glementations<\/strong>.<\/li>\n<\/ul>\n<p>Pour les employeurs, cela peut d\u00e9couler de la <strong>volont\u00e9 de minimiser les co\u00fbts<\/strong>, d&rsquo;<strong>\u00e9viter les charges sociales<\/strong> <strong>ou fiscales, ou de contourner les obligations l\u00e9gales li\u00e9es \u00e0 l&#8217;embauche.<\/strong><\/p>\n<h2><strong>Quels sont les facteurs socio-\u00e9conomiques et pressions qui contribuent au d\u00e9veloppement du travail au noir ?<\/strong><\/h2>\n<p>Des facteurs socio-\u00e9conomiques comme le ch\u00f4mage, la pr\u00e9carit\u00e9, la recherche de flexibilit\u00e9 ou encore des difficult\u00e9s \u00e9conomiques peuvent pousser les individus \u00e0 se tourner vers des activit\u00e9s non d\u00e9clar\u00e9es. Les pressions \u00e9conomiques sur les entreprises, notamment les PME, peuvent \u00e9galement les inciter \u00e0 opter pour des pratiques clandestines pour survivre dans un environnement concurrentiel.<\/p>\n<p>Le contexte \u00e9conomique, les difficult\u00e9s d&rsquo;acc\u00e8s \u00e0 l&#8217;emploi formel, les r\u00e9glementations contraignantes ou encore les besoins financiers pressants sont autant de facteurs qui alimentent le d\u00e9veloppement du travail au noir.<\/p>\n<p><iframe loading=\"lazy\" src=\"\/\/www.youtube.com\/embed\/jtK96lpSlN0\" width=\"560\" height=\"314\" allowfullscreen=\"allowfullscreen\"><\/iframe><\/p>\n<h1><strong>Quels sont les risques pour les travailleurs ?<\/strong><\/h1>\n<h2><strong>L&rsquo;absence de protection sociale<\/strong><\/h2>\n<p><em>L&rsquo;absence d&rsquo;acc\u00e8s aux avantages sociaux : Assurance maladie, retraite, ch\u00f4mage, etc.<\/em><\/p>\n<p>Lorsque des activit\u00e9s sont exerc\u00e9es au noir, les travailleurs sont exclus des syst\u00e8mes de protection sociale. Ils ne b\u00e9n\u00e9ficient pas des couvertures habituelles telles que l&rsquo;assurance maladie, ce qui rend difficile l&rsquo;acc\u00e8s aux soins de sant\u00e9 en cas de besoin. De m\u00eame, ils ne cotisent pas pour leur retraite ni pour le ch\u00f4mage, compromettant ainsi leur s\u00e9curit\u00e9 financi\u00e8re future en cas de perte d&#8217;emploi.<\/p>\n<p><em>Vuln\u00e9rabilit\u00e9 accrue en cas de probl\u00e8mes de sant\u00e9 ou de perte d&#8217;emploi<\/em><\/p>\n<p>Cette absence de protection sociale rend les travailleurs au noir particuli\u00e8rement vuln\u00e9rables. En cas de maladie ou d&rsquo;accident, ils risquent de supporter seuls les co\u00fbts des soins m\u00e9dicaux, ce qui peut peser lourdement sur leurs finances. De plus, en cas de perte d&#8217;emploi, ils ne b\u00e9n\u00e9ficient pas des filets de s\u00e9curit\u00e9 comme l&rsquo;assurance ch\u00f4mage, les plongeant dans une situation de pr\u00e9carit\u00e9 financi\u00e8re.<\/p>\n<h2><strong>La pr\u00e9carit\u00e9 et exploitation<\/strong><\/h2>\n<p><em>Conditions de travail pr\u00e9caires : Salaires bas, horaires excessifs, absence de droits du travail<\/em><\/p>\n<p>Les travailleurs au noir sont souvent soumis \u00e0 des conditions de travail difficiles. Les salaires sont g\u00e9n\u00e9ralement bas, les horaires peuvent \u00eatre excessifs sans b\u00e9n\u00e9ficier des droits du travail tels que les heures suppl\u00e9mentaires ou les cong\u00e9s pay\u00e9s. Cette pr\u00e9carit\u00e9 rend difficile la stabilit\u00e9 financi\u00e8re et personnelle des travailleurs.<\/p>\n<p><em>Risque accru d&rsquo;exploitation par les employeurs peu scrupuleux<\/em><\/p>\n<p>En l&rsquo;absence de contr\u00f4le l\u00e9gal et de garanties offertes par le cadre du travail d\u00e9clar\u00e9, les travailleurs au noir sont plus susceptibles d&rsquo;\u00eatre exploit\u00e9s par des employeurs peu respectueux des droits du travail. Cette situation peut inclure des abus tels que des conditions de travail dangereuses, un non-respect des normes de s\u00e9curit\u00e9, ou encore des situations d&rsquo;exploitation financi\u00e8re par des salaires non conformes aux lois en vigueur.<\/p>\n<p>L&rsquo;absence de protection sociale et les conditions pr\u00e9caires de travail font des travailleurs au noir des acteurs particuli\u00e8rement vuln\u00e9rables dans le march\u00e9 du travail, expos\u00e9s \u00e0 l&rsquo;exploitation et aux risques financiers et sanitaires majeurs.<\/p>\n<div class='cta-block'><div class='text'>Simulez toutes vos Aides en 2 min. Gratuit.<\/div><a href='https:\/\/www.mes-allocs.fr\/ab-app?origin=guides\/wp-json\/wp\/v2\/posts\/71331' class='app-button fit'>Simulation gratuite<\/a><\/div>\n<h1><strong>Quelles sont les risques pour l&rsquo;\u00e9conomie et la soci\u00e9t\u00e9 ?\u00a0<\/strong><\/h1>\n<h2><strong>La perte de revenus fiscaux<\/strong><\/h2>\n<p><em>L&rsquo;impact sur les recettes fiscales : Manque \u00e0 gagner pour l&rsquo;\u00c9tat en termes d&rsquo;imp\u00f4ts et de cotisations sociales non per\u00e7ues<\/em><\/p>\n<p>Le travail au noir prive l&rsquo;\u00c9tat de ressources fiscales cruciales. En ne d\u00e9clarant pas leurs revenus, les travailleurs et les employeurs \u00e9chappent au paiement des imp\u00f4ts sur le revenu et des cotisations sociales. Cela se traduit par un manque \u00e0 gagner important pour les caisses de l&rsquo;\u00c9tat et des organismes de s\u00e9curit\u00e9 sociale, r\u00e9duisant ainsi les fonds disponibles pour financer les services publics, les programmes sociaux et les infrastructures.<\/p>\n<h2><strong>La distorsion de la concurrence<\/strong><\/h2>\n<p><em>D\u00e9s\u00e9quilibre concurrentiel entre entreprises respectant les r\u00e8gles et celles pratiquant le travail au noir<\/em><\/p>\n<p>Le travail au noir cr\u00e9e une concurrence d\u00e9loyale entre les entreprises. Celles qui respectent les r\u00e8gles, paient les taxes et les cotisations sociales, se retrouvent d\u00e9savantag\u00e9es par rapport \u00e0 celles qui pratiquent le travail non d\u00e9clar\u00e9. Les entreprises op\u00e9rant dans la clandestinit\u00e9 peuvent proposer des tarifs plus bas, attirant ainsi une client\u00e8le au d\u00e9triment de celles respectant les r\u00e9glementations, ce qui perturbe l&rsquo;\u00e9quit\u00e9 \u00e9conomique.<\/p>\n<h2><strong>Les cons\u00e9quences sur l&rsquo;\u00e9conomie locale et nationale<\/strong><\/h2>\n<p>La pratique du travail au noir a des r\u00e9percussions \u00e9conomiques \u00e0 diff\u00e9rents niveaux. Au niveau local, elle peut affecter le tissu \u00e9conomique en cr\u00e9ant des distorsions dans les march\u00e9s, impactant la viabilit\u00e9 des petites entreprises l\u00e9gitimes. \u00c0 l&rsquo;\u00e9chelle nationale, cela peut compromettre la croissance \u00e9conomique en r\u00e9duisant les recettes fiscales n\u00e9cessaires pour investir dans des secteurs cl\u00e9s tels que la sant\u00e9, l&rsquo;\u00e9ducation ou l&rsquo;infrastructure. De plus, cela peut engendrer une d\u00e9gradation des conditions de travail g\u00e9n\u00e9rales et affaiblir le respect des normes sociales et environnementales.<\/p>\n<p>En somme, le travail au noir entra\u00eene une perte significative de revenus pour l&rsquo;\u00c9tat, favorise une concurrence d\u00e9loyale entre les entreprises et peut avoir des cons\u00e9quences dommageables sur l&rsquo;\u00e9conomie \u00e0 diff\u00e9rents niveaux, localement et nationalement.<\/p>\n<div class='cta-block'><div class='text'>Simulez toutes vos Aides en 2 min. Gratuit.<\/div><a href='https:\/\/www.mes-allocs.fr\/ab-app?origin=guides\/wp-json\/wp\/v2\/posts\/71331' class='app-button fit'>Simulation gratuite<\/a><\/div>\n<p>&nbsp;<\/p>\n","protected":false},"excerpt":{"rendered":"<p>[Mis \u00e0 jour le 10\/04\/2026] Le travail au noir, aussi appel\u00e9 travail clandestin ou travail non d\u00e9clar\u00e9, d\u00e9signe une pratique ill\u00e9gale o\u00f9 des activit\u00e9s professionnelles sont r\u00e9alis\u00e9es sans d\u00e9claration aux autorit\u00e9s fiscales et sociales. Cette pratique concerne des emplois r\u00e9mun\u00e9r\u00e9s effectu\u00e9s en marge du cadre juridique l\u00e9gal, privant ainsi les travailleurs de protections sociales (de [&hellip;]<\/p>\n","protected":false},"author":26,"featured_media":71333,"comment_status":"closed","ping_status":"open","sticky":false,"template":"","format":"standard","meta":{"amp_status":"","footnotes":""},"categories":[1411],"tags":[],"class_list":["post-71331","post","type-post","status-publish","format-standard","has-post-thumbnail","hentry","category-aides-sociales"],"yoast_head":"<!-- This site is optimized with the Yoast SEO plugin v14.9 - https:\/\/yoast.com\/wordpress\/plugins\/seo\/ -->\n<title>Qu&#039;est ce que le travail au noir et quels sont les risques ? | Mes-Allocs.fr<\/title>\n<meta name=\"description\" content=\"Le travail au noir d\u00e9signe une pratique ill\u00e9gale o\u00f9 des activit\u00e9s professionnelles sont r\u00e9alis\u00e9es sans d\u00e9claration.\" \/>\n<meta name=\"robots\" content=\"index, follow, max-snippet:-1, max-image-preview:large, max-video-preview:-1\" \/>\n<link rel=\"canonical\" href=\"https:\/\/www.mes-allocs.fr\/guides\/aides-sociales\/travail-au-noir\/\" \/>\n<meta property=\"og:locale\" content=\"fr_FR\" \/>\n<meta property=\"og:type\" content=\"article\" \/>\n<meta property=\"og:title\" content=\"Qu&#039;est ce que le travail au noir et quels sont les risques ? | Mes-Allocs.fr\" \/>\n<meta property=\"og:description\" content=\"Le travail au noir d\u00e9signe une pratique ill\u00e9gale o\u00f9 des activit\u00e9s professionnelles sont r\u00e9alis\u00e9es sans d\u00e9claration.\" \/>\n<meta property=\"og:url\" content=\"https:\/\/www.mes-allocs.fr\/guides\/aides-sociales\/travail-au-noir\/\" \/>\n<meta property=\"og:site_name\" content=\"Mes-Allocs.fr\" \/>\n<meta property=\"article:published_time\" content=\"2023-12-01T11:54:58+00:00\" \/>\n<meta property=\"article:modified_time\" content=\"2026-04-10T15:10:48+00:00\" \/>\n<meta property=\"og:image\" content=\"https:\/\/www.mes-allocs.fr\/guides\/wp-content\/uploads\/2023\/11\/travail-au-noir.jpg?wsr\" \/>\n\t<meta property=\"og:image:width\" content=\"789\" \/>\n\t<meta property=\"og:image:height\" content=\"778\" \/>\n<meta name=\"twitter:card\" content=\"summary_large_image\" \/>\n<script type=\"application\/ld+json\" class=\"yoast-schema-graph\">{\"@context\":\"https:\/\/schema.org\",\"@graph\":[{\"@type\":\"WebSite\",\"@id\":\"https:\/\/www.mes-allocs.fr\/guides\/#website\",\"url\":\"https:\/\/www.mes-allocs.fr\/guides\/\",\"name\":\"Mes-Allocs.fr\",\"description\":\"\",\"potentialAction\":[{\"@type\":\"SearchAction\",\"target\":\"https:\/\/www.mes-allocs.fr\/guides\/?s={search_term_string}\",\"query-input\":\"required name=search_term_string\"}],\"inLanguage\":\"fr-FR\"},{\"@type\":\"ImageObject\",\"@id\":\"https:\/\/www.mes-allocs.fr\/guides\/aides-sociales\/travail-au-noir\/#primaryimage\",\"inLanguage\":\"fr-FR\",\"url\":\"https:\/\/www.mes-allocs.fr\/guides\/wp-content\/uploads\/2023\/11\/travail-au-noir.jpg?wsr\",\"width\":789,\"height\":778,\"caption\":\"travail au noir\"},{\"@type\":\"WebPage\",\"@id\":\"https:\/\/www.mes-allocs.fr\/guides\/aides-sociales\/travail-au-noir\/#webpage\",\"url\":\"https:\/\/www.mes-allocs.fr\/guides\/aides-sociales\/travail-au-noir\/\",\"name\":\"Qu'est ce que le travail au noir et quels sont les risques ? | Mes-Allocs.fr\",\"isPartOf\":{\"@id\":\"https:\/\/www.mes-allocs.fr\/guides\/#website\"},\"primaryImageOfPage\":{\"@id\":\"https:\/\/www.mes-allocs.fr\/guides\/aides-sociales\/travail-au-noir\/#primaryimage\"},\"datePublished\":\"2023-12-01T11:54:58+00:00\",\"dateModified\":\"2026-04-10T15:10:48+00:00\",\"author\":{\"@id\":\"https:\/\/www.mes-allocs.fr\/guides\/#\/schema\/person\/9c38f3be41a0ddcd1e3fde5a3df713bf\"},\"description\":\"Le travail au noir d\\u00e9signe une pratique ill\\u00e9gale o\\u00f9 des activit\\u00e9s professionnelles sont r\\u00e9alis\\u00e9es sans d\\u00e9claration.\",\"inLanguage\":\"fr-FR\"},{\"@type\":\"Person\",\"@id\":\"https:\/\/www.mes-allocs.fr\/guides\/#\/schema\/person\/9c38f3be41a0ddcd1e3fde5a3df713bf\",\"name\":\"Sessime Ananou\",\"image\":{\"@type\":\"ImageObject\",\"@id\":\"https:\/\/www.mes-allocs.fr\/guides\/#personlogo\",\"inLanguage\":\"fr-FR\",\"url\":\"https:\/\/www.mes-allocs.fr\/guides\/wp-content\/uploads\/2023\/08\/IMG_8173-150x150.jpg\",\"caption\":\"Sessime Ananou\"},\"description\":\"Sessime est r\\u00e9dactrice chez Mes Allocs, sp\\u00e9cialis\\u00e9e sur le pouvoir d'achat. Elle rejoint l'\\u00e9quipe Mes Allocs en ao\\u00fbt 2023 afin de simplifier l'acc\\u00e8s \\u00e0 l'information sur les aides en g\\u00e9n\\u00e9ral.\"}]}<\/script>\n<!-- \/ Yoast SEO plugin. -->","amp_validity":null,"acf":{"faq":{"1":{"question":"Quels sont les risques du travail au noir ?","answer":"Vous risquez jusqu'\u00e0 3 ans d'emprisonnement et 45 000 \u20ac d'amende."},"2":{"question":"Quels sont les risques du travail dissimul\u00e9 ?","answer":"Nos m\u00e9canismes de solidarit\u00e9 nationale et trouble l'\u00e9quit\u00e9 de notre syst\u00e8me de pr\u00e9l\u00e8vements et de prestations."},"3":{"question":"Qui est responsable en cas de travail au black ?","answer":"Votre responsabilit\u00e9 sera autant engag\u00e9e que celle du patron qui se trouve dans l'ill\u00e9galit\u00e9."},"4":{"question":"Quel est le prix de l'heure au black ?","answer":"Le tarif horaire au black d\u00e9bute autour de 10 \u20ac, mais peut atteindre plus selon les corps de m\u00e9tier. "},"5":{"question":"Quel est le d\u00e9lai de prescription en cas de travail ill\u00e9gal ?","answer":"Six ans."},"6":{"question":"Comment on est pay\u00e9 au black ?","answer":"Le salaire est per\u00e7u int\u00e9gralement au black et donc souvent en esp\u00e8ce."},"7":{"question":"","answer":""},"8":{"question":"","answer":""},"9":{"question":"","answer":""},"10":{"question":"","answer":""},"11":{"question":"","answer":""},"12":{"question":"","answer":""},"13":{"question":"","answer":""},"14":{"question":"","answer":""},"15":{"question":"","answer":""},"16":{"question":"","answer":""}}},"_links":{"self":[{"href":"https:\/\/www.mes-allocs.fr\/guides\/wp-json\/wp\/v2\/posts\/71331","targetHints":{"allow":["GET"]}}],"collection":[{"href":"https:\/\/www.mes-allocs.fr\/guides\/wp-json\/wp\/v2\/posts"}],"about":[{"href":"https:\/\/www.mes-allocs.fr\/guides\/wp-json\/wp\/v2\/types\/post"}],"author":[{"embeddable":true,"href":"https:\/\/www.mes-allocs.fr\/guides\/wp-json\/wp\/v2\/users\/26"}],"replies":[{"embeddable":true,"href":"https:\/\/www.mes-allocs.fr\/guides\/wp-json\/wp\/v2\/comments?post=71331"}],"version-history":[{"count":9,"href":"https:\/\/www.mes-allocs.fr\/guides\/wp-json\/wp\/v2\/posts\/71331\/revisions"}],"predecessor-version":[{"id":112044,"href":"https:\/\/www.mes-allocs.fr\/guides\/wp-json\/wp\/v2\/posts\/71331\/revisions\/112044"}],"wp:featuredmedia":[{"embeddable":true,"href":"https:\/\/www.mes-allocs.fr\/guides\/wp-json\/wp\/v2\/media\/71333"}],"wp:attachment":[{"href":"https:\/\/www.mes-allocs.fr\/guides\/wp-json\/wp\/v2\/media?parent=71331"}],"wp:term":[{"taxonomy":"category","embeddable":true,"href":"https:\/\/www.mes-allocs.fr\/guides\/wp-json\/wp\/v2\/categories?post=71331"},{"taxonomy":"post_tag","embeddable":true,"href":"https:\/\/www.mes-allocs.fr\/guides\/wp-json\/wp\/v2\/tags?post=71331"}],"curies":[{"name":"wp","href":"https:\/\/api.w.org\/{rel}","templated":true}]}}