{"id":71314,"date":"2023-12-01T13:35:53","date_gmt":"2023-12-01T11:35:53","guid":{"rendered":"https:\/\/www.mes-allocs.fr\/guides\/?p=71314"},"modified":"2025-01-07T11:53:00","modified_gmt":"2025-01-07T09:53:00","slug":"allocation-cej","status":"publish","type":"post","link":"https:\/\/www.mes-allocs.fr\/guides\/contrat-engagement-jeune\/allocation-cej\/","title":{"rendered":"Allocation CEJ 2025 : conditions, montant, d\u00e9marches"},"content":{"rendered":"<p>&nbsp;<\/p>\n<p><strong><a href=\"https:\/\/www.mes-allocs.fr\/guides\/contrat-engagement-jeune\/\"><img loading=\"lazy\" decoding=\"async\" class=\"alignnone wp-image-44985 size-full\" title=\"allocation CJE\" src=\"https:\/\/www.mes-allocs.fr\/guides\/wp-content\/uploads\/2022\/02\/jeunes-1-e1644586934884.jpeg\" alt=\"allocation CJE\" width=\"1125\" height=\"317\" srcset=\"https:\/\/www.mes-allocs.fr\/guides\/wp-content\/uploads\/2022\/02\/jeunes-1-e1644586934884.jpeg 1125w, https:\/\/www.mes-allocs.fr\/guides\/wp-content\/uploads\/2022\/02\/jeunes-1-e1644586934884-300x85.jpeg 300w, https:\/\/www.mes-allocs.fr\/guides\/wp-content\/uploads\/2022\/02\/jeunes-1-e1644586934884-1024x289.jpeg 1024w, https:\/\/www.mes-allocs.fr\/guides\/wp-content\/uploads\/2022\/02\/jeunes-1-e1644586934884-768x216.jpeg 768w, https:\/\/www.mes-allocs.fr\/guides\/wp-content\/uploads\/2022\/02\/jeunes-1-e1644586934884-600x169.jpeg 600w\" sizes=\"auto, (max-width: 1125px) 100vw, 1125px\" \/><\/a><\/strong><\/p>\n<p><strong>Le<\/strong> <strong><a href=\"https:\/\/www.mes-allocs.fr\/guides\/contrat-engagement-jeune\/\">contrat d\u2019engagement jeune<\/a> (CEJ) est un dispositif pour aider les jeunes de 16 \u00e0 25 ans en situation de pr\u00e9carit\u00e9. C\u2019est un accompagnement intensif vers un emploi ou un contrat d\u2019apprentissage, avec une aide financi\u00e8re octroy\u00e9e. D\u00e9couvrez tout sur l&rsquo;allocation CEJ.<\/strong><\/p>\n<div class='cta-block'><div class='text'>Simulez votre \u00e9ligibilit\u00e9 au CEJ en 2 min. Gratuit.<\/div><a href='https:\/\/www.mes-allocs.fr\/ab-app?origin=guides\/wp-json\/wp\/v2\/posts\/71314' class='app-button fit'>Simulation gratuite<\/a><\/div>\n<h1><b>Le contrat d\u2019engagement jeune, c&rsquo;est quoi ?<\/b><\/h1>\n<p><span style=\"font-weight: 400;\">Il s\u2019agit d\u2019un accompagnement intensif dans la recherche d\u2019un emploi, jusqu\u2019\u00e0 la signature d\u2019un CDI, d\u2019un CDD ou d&rsquo;un contrat d\u2019apprentissage, en passant par des formations ou un parcours d\u2019insertion. Le contrat dure de<strong> 6 \u00e0 12 mois,<\/strong> et peut \u00eatre prolong\u00e9 au maximum jusqu\u2019\u00e0 <strong>18 mois<\/strong>, mais seulement \u00e0 titre exceptionnel. Les missions sont propos\u00e9es par France Travail (anciennement P\u00f4le emploi), les missions locales ou encore des associations. De plus, chaque jeune qui s&rsquo;engage re\u00e7oit une aide financi\u00e8re mensuelle : l&rsquo;<strong>allocation CEJ.<\/strong><\/span><\/p>\n<h2><b>Quel est le programme du CEJ ?\u00a0<\/b><\/h2>\n<p><span style=\"font-weight: 400;\">Les jeunes suivent un parcours de <strong>15 \u00e0 20h par semaine<\/strong>. Dans cet accompagnement sp\u00e9cialis\u00e9, plusieurs activit\u00e9s sont possibles :\u00a0<\/span><\/p>\n<ul>\n<li style=\"font-weight: 400;\" aria-level=\"1\"><span style=\"font-weight: 400;\">De la pr\u00e9paration \u00e0 l&rsquo;entr\u00e9e en apprentissage ;<\/span><\/li>\n<li style=\"font-weight: 400;\" aria-level=\"1\"><span style=\"font-weight: 400;\">Des formations qualifiantes ou pr\u00e9-qualifiantes dans des fili\u00e8res telles que la transition \u00e9cologique, le num\u00e9rique ou encore la sant\u00e9 ;<\/span><\/li>\n<li style=\"font-weight: 400;\" aria-level=\"1\"><span style=\"font-weight: 400;\">Des missions d&rsquo;int\u00e9r\u00eats g\u00e9n\u00e9rales avec le service civique ;<\/span><\/li>\n<li style=\"font-weight: 400;\" aria-level=\"1\"><span style=\"font-weight: 400;\">Des stages ou des immersions en entreprise.<\/span><\/li>\n<\/ul>\n<p><span style=\"font-weight: 400;\">Le but de ce programme est d&rsquo;accompagner les jeunes le plus possible pour leur entr\u00e9e dans le monde professionnel, en les <strong>formant<\/strong> ou en les <strong>aidant \u00e0 trouver un emploi<\/strong>.<\/span><\/p>\n<p><span style=\"font-weight: 400;\">Dans ce programme, plusieurs solutions sont propos\u00e9es :\u00a0<\/span><\/p>\n<ul>\n<li><strong>Construction du projet professionnel<\/strong> : immersions professionnelles en entreprise ou stages ;<\/li>\n<li><strong>D\u00e9veloppement des comp\u00e9tences<\/strong> : construction d\u2019un parcours de formation, remise \u00e0 niveau, travail sur les savoir-\u00eatre ou exp\u00e9riences professionnelles ;<\/li>\n<li><strong>Pr\u00e9paration d\u2019une candidature<\/strong> : notamment pr\u00e9paration de CV et lettre de motivation ;<\/li>\n<li><strong>Recherche de solutions d\u2019emploi<\/strong> : par exemple pr\u00e9paration d\u2019une r\u00e9ponse \u00e0 une offre d\u2019emploi ou \u00e0 un entretien d\u2019embauche ;<\/li>\n<li><strong>Cr\u00e9ation d\u2019entreprise<\/strong> : sensibilisation \u00e0 la cr\u00e9ation d\u2019entreprise, pr\u00e9paration d\u2019un projet, accompagnement dans les d\u00e9marches administratives ;<\/li>\n<li><strong>Prise de confiance et remobilisation<\/strong> : par exemple image de soi, engagement, mentorat ;<\/li>\n<li>Activit\u00e9s visant par exemple \u00e0 r\u00e9pondre \u00e0 un besoin en mati\u00e8re de sant\u00e9, mobilit\u00e9, logement, gestion du budget.<\/li>\n<\/ul>\n<p><em>Exemple : Vous avez suivi un parcours de formation dans le marketing, mais aujourd&rsquo;hui, vous n&rsquo;\u00eates plus certain de vouloir poursuivre dans cette branche et vous \u00e9prouvez des difficult\u00e9s \u00e0 retrouver un emploi. Des professionnels vont alors vous aider \u00e0 faire le point sur vos comp\u00e9tences et vos envies pour construire votre projet professionnel. Afin de consolider votre choix professionnel, ils vous proposeront de r\u00e9aliser des immersions dans des entreprises qui correspondent au domaine d&rsquo;activit\u00e9 vers lequel vous souhaitez vous diriger. Si votre choix se confirme, vous serez accompagn\u00e9 dans votre recherche d&#8217;emploi pour mettre toutes les chances de votre c\u00f4t\u00e9. Cet accompagnement est personnalis\u00e9 en fonction de votre situation, et vous percevez pendant toute la dur\u00e9e de l&rsquo;engagement l&rsquo;allocation CEJ.<\/em><\/p>\n<p><iframe loading=\"lazy\" title=\"Le Contrat d&#039;Engagement Jeune (CEJ)\" width=\"500\" height=\"375\" src=\"https:\/\/www.youtube.com\/embed\/f_Hf5LBMHeQ?feature=oembed\" frameborder=\"0\" allow=\"accelerometer; autoplay; clipboard-write; encrypted-media; gyroscope; picture-in-picture; web-share\" referrerpolicy=\"strict-origin-when-cross-origin\" allowfullscreen><\/iframe><\/p>\n<h2><b>Comment sont accompagn\u00e9s les jeunes ?\u00a0<\/b><\/h2>\n<p><span style=\"font-weight: 400;\">Tout au long de leur parcours, les jeunes sont accompagn\u00e9s et suivis par un<strong> conseiller r\u00e9f\u00e9rent<\/strong>. Les modalit\u00e9s du parcours sont adapt\u00e9es par le r\u00e9f\u00e9rent en fonction du jeune. Chaque situation est diff\u00e9rente. Tout d\u2019abord, il faut passer une \u00e9valuation de la situation, des comp\u00e9tences, et des besoins du jeune. Ensuite, en fonction des besoins du b\u00e9n\u00e9ficiaire, plusieurs activit\u00e9s structurantes peuvent \u00eatre propos\u00e9es :\u00a0<\/span><\/p>\n<ul>\n<li style=\"font-weight: 400;\" aria-level=\"1\"><span style=\"font-weight: 400;\">Accompagnement individuel ou collectif ;<\/span><\/li>\n<li style=\"font-weight: 400;\" aria-level=\"1\"><span style=\"font-weight: 400;\">Int\u00e9gration d\u2019une \u00e9cole de la deuxi\u00e8me chance, int\u00e9gration du service militaire ou service militaire volontaire ;<\/span><\/li>\n<li style=\"font-weight: 400;\" aria-level=\"1\"><span style=\"font-weight: 400;\">Formation ou dispositif pr\u00e9paratoire comme une formation pr\u00e9-qualifiante ou qualifiante, dipl\u00f4mante, ou encore un pr\u00e9pa-apprentissage<\/span><\/li>\n<li style=\"font-weight: 400;\" aria-level=\"1\"><span style=\"font-weight: 400;\">Service civique ou phase d&rsquo;engagement dans le service national universel\u00a0<\/span><\/li>\n<li>Une p\u00e9riode d\u2019emploi aid\u00e9, par exemple une\u00a0insertion par l\u2019activit\u00e9 \u00e9conomique, contrats aid\u00e9s (PEC ou CIE), CDD tremplin<\/li>\n<\/ul>\n<p><span style=\"font-weight: 400;\">Des <strong>\u00e9changes r\u00e9guliers<\/strong> et un <strong>suivi mensuel<\/strong> sont organis\u00e9s, afin de faire des ajustements si n\u00e9cessaire. Cela permet, \u00e9galement, de s&rsquo;assurer que le jeune suit la bonne voie dans le cursus qu\u2019il a choisi et qu\u2019il s\u2019y plait.<\/span><\/p>\n<h1><b>Les conditions pour b\u00e9n\u00e9ficier du CEJ<\/b><\/h1>\n<p><span style=\"font-weight: 400;\">Pour b\u00e9n\u00e9ficier du contrat engagement jeune, il faut remplir certaines <a href=\"https:\/\/www.mes-allocs.fr\/guides\/contrat-engagement-jeune\/conditions-cej\/\">conditions<\/a> :\u00a0<\/span><\/p>\n<ul>\n<li style=\"font-weight: 400;\" aria-level=\"1\"><span style=\"font-weight: 400;\">\u00catre \u00e2g\u00e9 de<strong> 16 \u00e0 moins de 26 ans <\/strong>(25 ans r\u00e9volus), ou jusqu\u2019\u00e0 30 ans pour les personnes reconnues travailleurs handicap\u00e9s,<\/span><\/li>\n<li style=\"font-weight: 400;\" aria-level=\"1\"><span style=\"font-weight: 400;\">Ne pas \u00eatre \u00e9tudiant ni en formation,<\/span><\/li>\n<li style=\"font-weight: 400;\" aria-level=\"1\"><span style=\"font-weight: 400;\">\u00catre sans emploi ou en difficult\u00e9 d\u2019acc\u00e8s \u00e0 un emploi durable,<\/span><\/li>\n<li style=\"font-weight: 400;\" aria-level=\"1\"><span style=\"font-weight: 400;\">Ne pas avoir de ressources financi\u00e8res suffisantes.<\/span><\/li>\n<\/ul>\n<h1><b>Le montant de l&rsquo;allocation CEJ<\/b><\/h1>\n<p><span style=\"font-weight: 400;\">Le CEJ est sign\u00e9 entre le jeune et le r\u00e9f\u00e9rent. Le jeune doit se tenir \u00e0 ses engagements qu\u2019il a au pr\u00e9alable d\u00e9finis avec son r\u00e9f\u00e9rent. Le but est de construire un <strong>projet professionnel durable<\/strong> et d\u2019atteindre ses objectifs. Mais ce n&rsquo;est pas tout, le contrat pr\u00e9voit aussi le versement de l&rsquo;allocation CEJ.<\/span><\/p>\n<p><span style=\"font-weight: 400;\">En effet, le jeune per\u00e7oit une <strong>allocation mensuelle allant jusqu\u2019\u00e0 552 \u20ac<\/strong>. Le <a href=\"https:\/\/www.mes-allocs.fr\/guides\/contrat-engagement-jeune\/montant-cej\/\">montant de l&rsquo;ACEJ<\/a> est calcul\u00e9 en fonction de sa situation fiscale, son \u00e2ge et son lieu de r\u00e9sidence.\u00a0<\/span><\/p>\n\n<div class=\"wpdt-c row wpDataTableContainerSimpleTable wpDataTables wpDataTablesWrapper\n\"\n    >\n    <table id=\"wpdtSimpleTable-498\"\n           class=\"wpdtSimpleTable wpDataTable\"\n           data-column=\"4\"\n           data-rows=\"4\"\n           data-wpID=\"498\"\n           data-responsive=\"0\"\n           data-has-header=\"1\">\n\n                    <thead>        <tr class=\"wpdt-cell-row \" >\n                            <th class=\"wpdt-cell wpdt-bc-E8E8E8\"\n                                    data-cell-id=\"A1\"\n                data-col-index=\"0\"\n                data-row-index=\"0\"\n                style=\" width:24.056603773585%;                padding:10px;\"\n                >\n                                \u00c2ge                <\/th>\n                                            <th class=\"wpdt-cell wpdt-bc-E8E8E8\"\n                                    data-cell-id=\"B1\"\n                data-col-index=\"1\"\n                data-row-index=\"0\"\n                style=\" width:44.496855345912%;                padding:10px;\"\n                >\n                                Situation fiscale                <\/th>\n                                            <th class=\"wpdt-cell wpdt-bc-E8E8E8\"\n                                    data-cell-id=\"C1\"\n                data-col-index=\"2\"\n                data-row-index=\"0\"\n                style=\" width:15.723270440252%;                padding:10px;\"\n                >\n                                Montant mensuel                <\/th>\n                                            <th class=\"wpdt-cell wpdt-bc-E8E8E8\"\n                                    data-cell-id=\"D1\"\n                data-col-index=\"3\"\n                data-row-index=\"0\"\n                style=\" width:15.723270440252%;                padding:10px;\"\n                >\n                                Mayotte                <\/th>\n                                        <\/tr>\n                    <tbody>        <tr class=\"wpdt-cell-row \" >\n                            <td class=\"wpdt-cell wpdt-wrap-text\"\n                                    data-cell-id=\"A2\"\n                data-col-index=\"0\"\n                data-row-index=\"1\"\n                style=\"                padding:10px;\"\n                >\n                                Entre 16 et 18 ans                <\/td>\n                                            <td class=\"wpdt-cell wpdt-wrap-text\"\n                                    data-cell-id=\"B2\"\n                data-col-index=\"1\"\n                data-row-index=\"1\"\n                style=\"                padding:10px;\"\n                >\n                                Vous ou votre foyer fiscal \u00eates non-imposable, ou imposable au titre de la tranche 1 d\u2019imposition                <\/td>\n                                            <td class=\"wpdt-cell \"\n                                    data-cell-id=\"C2\"\n                data-col-index=\"2\"\n                data-row-index=\"1\"\n                style=\"                padding:10px;\"\n                >\n                                220,92\u202f\u20ac                <\/td>\n                                            <td class=\"wpdt-cell wpdt-bc-E8E8E8\"\n                                    data-cell-id=\"D2\"\n                data-col-index=\"3\"\n                data-row-index=\"1\"\n                style=\"                padding:10px;\"\n                >\n                                125,92                <\/td>\n                                        <\/tr>\n                            <tr class=\"wpdt-cell-row \" >\n                            <td class=\"wpdt-cell wpdt-wrap-text\"\n                                    data-cell-id=\"A3\"\n                data-col-index=\"0\"\n                data-row-index=\"2\"\n                style=\"                padding:10px;\"\n                >\n                                Entre 18 et 25 ans r\u00e9volus (29 ans r\u00e9volus en situation de handicap)                <\/td>\n                                            <td class=\"wpdt-cell wpdt-wrap-text\"\n                                    data-cell-id=\"B3\"\n                data-col-index=\"1\"\n                data-row-index=\"2\"\n                style=\"                padding:10px;\"\n                >\n                                Vous ou votre foyer fiscal \u00eates non-imposable                <\/td>\n                                            <td class=\"wpdt-cell \"\n                                    data-cell-id=\"C3\"\n                data-col-index=\"2\"\n                data-row-index=\"2\"\n                style=\"                padding:10px;\"\n                >\n                                552,29\u202f\u20ac                <\/td>\n                                            <td class=\"wpdt-cell wpdt-bc-E8E8E8\"\n                                    data-cell-id=\"D3\"\n                data-col-index=\"3\"\n                data-row-index=\"2\"\n                style=\"                padding:10px;\"\n                >\n                                314,80\u202f\u20ac                <\/td>\n                                        <\/tr>\n                            <tr class=\"wpdt-cell-row \" >\n                            <td class=\"wpdt-cell wpdt-bc-E8E8E8\"\n                                    data-cell-id=\"A4\"\n                data-col-index=\"0\"\n                data-row-index=\"3\"\n                style=\"                padding:10px;\"\n                >\n                                Entre 18 et 25 ans r\u00e9volus (29 ans r\u00e9volus en situation de handicap)                <\/td>\n                                            <td class=\"wpdt-cell wpdt-bc-E8E8E8\"\n                                    data-cell-id=\"B4\"\n                data-col-index=\"1\"\n                data-row-index=\"3\"\n                style=\"                padding:10px;\"\n                >\n                                Vous ou votre foyer fiscal \u00eates imposable au titre de la tranche 1 d'imposition                <\/td>\n                                            <td class=\"wpdt-cell wpdt-bc-E8E8E8\"\n                                    data-cell-id=\"C4\"\n                data-col-index=\"2\"\n                data-row-index=\"3\"\n                style=\"                padding:10px;\"\n                >\n                                331,17\u202f\u20ac                <\/td>\n                                            <td class=\"wpdt-cell wpdt-bc-E8E8E8\"\n                                    data-cell-id=\"D4\"\n                data-col-index=\"3\"\n                data-row-index=\"3\"\n                style=\"                padding:10px;\"\n                >\n                                188,89\u202f\u20ac                <\/td>\n                                        <\/tr>\n                    <\/table>\n<\/div><style id='wpdt-custom-style-498'>\ntable#wpdtSimpleTable-498{ table-layout: fixed !important; }\n.wpdt-bc-E8E8E8 { background-color: #E8E8E8 !important;}\n<\/style>\n\n<p>Attention,<span style=\"font-weight: 400;\">\u00a0l&rsquo;allocation <\/span><span style=\"font-weight: 400;\">peut varier et m\u00eame diminuer si vous n&rsquo;\u00eates pas assidus, que vous ne participez pas aux ateliers, ni m\u00eame aux activit\u00e9s propos\u00e9es. En cas d&rsquo;absence ou de non-respect des engagements sign\u00e9s, l\u2019allocation peut \u00eatre suspendue. Le contrat peut m\u00eame \u00eatre rompu.<\/span><\/p>\n<p><span style=\"font-weight: 400;\"><strong>Bon \u00e0 savoir<\/strong> : L&rsquo;allocation n\u2019est <a href=\"https:\/\/www.mes-allocs.fr\/guides\/contrat-engagement-jeune\/contrat-engagement-jeune-cej-imposable\/\">pas soumise \u00e0 l&rsquo;imp\u00f4t sur le revenu<\/a>. Les sommes ne sont pas imposables, le b\u00e9n\u00e9ficiaire n&rsquo;est donc pas tenu de les reporter dans sa d\u00e9claration de revenus ni celle de ses parents. De plus, elle n&rsquo;est pas prise en compte dans le calcul des aides au logement.\u00a0<\/span><\/p>\n<p>L&rsquo;\u00e9quipe Mes Allocs vous accompagne pour proc\u00e9der au calcul de votre allocation CEJ avec une <a href=\"https:\/\/www.mes-allocs.fr\/guides\/contrat-engagement-jeune\/simulation-cej\/\">simulation gratuite<\/a>.<\/p>\n<div class='cta-block'><div class='text'>Simulez votre \u00e9ligibilit\u00e9 au CEJ en 2 min. Gratuit.<\/div><a href='https:\/\/www.mes-allocs.fr\/ab-app?origin=guides\/wp-json\/wp\/v2\/posts\/71314' class='app-button fit'>Simulation gratuite<\/a><\/div>\n<h1><b>Peut-on cumuler l&rsquo;allocation CEJ avec d&rsquo;autres ressources ?\u00a0<\/b><\/h1>\n<p><span style=\"font-weight: 400;\">L&rsquo;allocation CEJ se cumule avec l\u2019<strong>AAH<\/strong> (Allocation aux adultes handicap\u00e9s). Elle se cumule aussi avec d\u2019autres ressources, mais qui sont d\u00e9ductibles. L&rsquo;ACEJ (Allocation contrat engagement jeune) est toutefois non cumulable avec certaines ressources.<\/span><\/p>\n<h2><b>Ressources partiellement d\u00e9duites de l&rsquo;allocation CEJ<\/b><\/h2>\n<p><span style=\"font-weight: 400;\">Plusieurs ressources sont partiellement d\u00e9duites de l\u2019allocation comme :\u00a0<\/span><\/p>\n<ul>\n<li style=\"font-weight: 400;\" aria-level=\"1\"><span style=\"font-weight: 400;\">Les revenus d&rsquo;une activit\u00e9 salari\u00e9e ou non salari\u00e9e ;<\/span><\/li>\n<li style=\"font-weight: 400;\" aria-level=\"1\"><span style=\"font-weight: 400;\">Les aides l\u00e9gales ou conventionnelles aux salari\u00e9s en activit\u00e9 partielle ;<\/span><\/li>\n<li style=\"font-weight: 400;\" aria-level=\"1\"><span style=\"font-weight: 400;\">Les indemnit\u00e9s per\u00e7ues lors des cong\u00e9s l\u00e9gaux de maternit\u00e9, de paternit\u00e9 ou d&rsquo;adoption ;<\/span><\/li>\n<li style=\"font-weight: 400;\" aria-level=\"1\"><span style=\"font-weight: 400;\">Les indemnit\u00e9s journali\u00e8res de s\u00e9curit\u00e9 sociale de base et compl\u00e9mentaires, per\u00e7ues en cas d&rsquo;incapacit\u00e9 physique m\u00e9dicalement constat\u00e9e de continuer ou de reprendre le travail, d&rsquo;accident du travail ou de maladie professionnelle.<\/span><\/li>\n<\/ul>\n<p><span style=\"font-weight: 400;\">En revanche, l\u2019AAH (Allocation aux adultes handicap\u00e9s) et l\u2019ACEJ (Allocation contrat engagement jeune) sont cumulables.\u00a0<\/span><\/p>\n<h2><b>Ressources d\u00e9duites de l&rsquo;allocation CEJ\u00a0<\/b><\/h2>\n<p><span style=\"font-weight: 400;\">3 ressources sont d\u00e9duites du CEJ :\u00a0<\/span><\/p>\n<ul>\n<li style=\"font-weight: 400;\" aria-level=\"1\"><span style=\"font-weight: 400;\">Indemnit\u00e9s ch\u00f4mage ;<\/span><\/li>\n<li style=\"font-weight: 400;\" aria-level=\"1\"><span style=\"font-weight: 400;\">R\u00e9mun\u00e9ration des stagiaires de la formation professionnelle ;<\/span><\/li>\n<li style=\"font-weight: 400;\" aria-level=\"1\"><span style=\"font-weight: 400;\">R\u00e9mun\u00e9ration per\u00e7ue dans le cadre d&rsquo;un parcours de formation dispens\u00e9 par les \u00e9coles de la deuxi\u00e8me chance ;<\/span><\/li>\n<li aria-level=\"1\">R\u00e9mun\u00e9ration d&rsquo;un travail d&rsquo;insertion sociale dans un organisme communautaire.<\/li>\n<\/ul>\n<h2><b>Ressources ne pouvant pas se cumuler avec l&rsquo;allocation CEJ<\/b><\/h2>\n<p><span style=\"font-weight: 400;\">Enfin, des ressources ne peuvent pas se cumuler avec l&rsquo;allocation CEJ :\u00a0<\/span><\/p>\n<ul>\n<li style=\"font-weight: 400;\" aria-level=\"1\"><span style=\"font-weight: 400;\">Le RSA, sauf si vous \u00eates enfant \u00e0 charge d&rsquo;un foyer allocataire du RSA ;<\/span><\/li>\n<li style=\"font-weight: 400;\" aria-level=\"1\"><span style=\"font-weight: 400;\">La r\u00e9mun\u00e9ration au titre du service militaire volontaire, service militaire adapt\u00e9, ou r\u00e9mun\u00e9ration du volontariat des arm\u00e9es ;<\/span><\/li>\n<li aria-level=\"1\"><span style=\"font-weight: 400;\">La r\u00e9mun\u00e9ration provenant du contrat unique d&rsquo;insertion, ou mission avec une entreprise de travail temporaire d&rsquo;insertion, ou un contrat a dur\u00e9 d\u00e9termin\u00e9 d&rsquo;insertion ;<\/span><\/li>\n<li aria-level=\"1\">L&rsquo;indemnit\u00e9 de service civique.<\/li>\n<\/ul>\n<h1>Les d\u00e9marches pour b\u00e9n\u00e9ficier de l&rsquo;allocation CEJ<\/h1>\n<h2>Comment b\u00e9n\u00e9ficier du CEJ et de l&rsquo;allocation ?<\/h2>\n<p>Pour faire une <a href=\"https:\/\/www.mes-allocs.fr\/guides\/contrat-engagement-jeune\/demarches-cej\/\"><strong>demande de contrat d&rsquo;engagement jeune<\/strong><\/a> et donc de l&rsquo;allocation CEJ, vous devez vous rendre au sein d\u2019une mission locale ou au France Travail (P\u00f4le emploi) le plus proche de chez vous. Vous pouvez \u00e9galement vous rendre sur le site 1Jeune1Solution, et compl\u00e9ter le formulaire en ligne. Une fois la demande envoy\u00e9e, un conseiller vous contactera<\/p>\n<p>Un <strong>entretien<\/strong> avec un conseiller sera r\u00e9alis\u00e9 en amont de tout accompagnement, afin d&rsquo;\u00e9valuer si le CEJ vous correspond. Cet entretien pourra se faire sur place ou \u00e0 distance.<\/p>\n<h2>Allocation CEJ : date du versement<\/h2>\n<p>Vous vous demandez quelle sera la <a href=\"https:\/\/www.mes-allocs.fr\/guides\/contrat-engagement-jeune\/demarches-cej\/cej-date-de-versement\/\">date de versement<\/a> de votre allocation ? Si votre dossier est complet, le point de d\u00e9part de votre premier versement correspond \u00e0 la date de signature de votre contrat. Ensuite, vous recevez votre allocation chaque mois, aux alentours du 15.<\/p>\n<h2>Quelle est la dur\u00e9e du contrat ?<\/h2>\n<p>Le contrat dure de 6 \u00e0 12 mois, et peut \u00eatre <a href=\"https:\/\/www.mes-allocs.fr\/guides\/contrat-engagement-jeune\/cej-renouvelable\/\">renouvel\u00e9<\/a> de mani\u00e8re exceptionnelle jusqu\u2019\u00e0 18 mois en fonction des besoins du jeune. L&rsquo;allocation financi\u00e8re est alors reconduite, selon les m\u00eames conditions d&rsquo;attribution. En revanche, la raison de ces prolongations doit apparaitre dans le bilan r\u00e9alis\u00e9 par le conseiller apr\u00e8s la p\u00e9riode d&rsquo;accompagnement.<\/p>\n<p>D\u00e8s lors que le contrat prend fin, l&rsquo;accompagnement par le r\u00e9f\u00e9rent se poursuit jusqu&rsquo;\u00e0 l&rsquo;entr\u00e9e dans un emploi durable.<\/p>\n<h2>Un contrat d\u2019engagement jeune peut-il \u00eatre rompu ?<\/h2>\n<p>Si le jeune montre trop d&rsquo;absences r\u00e9p\u00e9t\u00e9es \u00e0 une action programm\u00e9e, ou s\u2019il n\u2019a pas accompli les actions qu\u2019il devait effectuer dans le cadre des temps en autonomie, il peut en effet \u00eatre sanctionn\u00e9.<\/p>\n<p>Selon l\u2019<em>article R. 5131-18<\/em>, au troisi\u00e8me manquement constat\u00e9 sans motif l\u00e9gitime, le contrat est rompu. De la m\u00eame fa\u00e7on, s\u2019il y a une fausse d\u00e9claration dans le but de percevoir l\u2019allocation, cela entra\u00eene automatiquement la rupture du contrat. Ces d\u00e9cisions sont effectives le premier jour du mois suivant leur notification.<\/p>\n<div class='cta-block'><div class='text'>Simulez votre \u00e9ligibilit\u00e9 au CEJ en 2 min. Gratuit.<\/div><a href='https:\/\/www.mes-allocs.fr\/ab-app?origin=guides\/wp-json\/wp\/v2\/posts\/71314' class='app-button fit'>Simulation gratuite<\/a><\/div>\n","protected":false},"excerpt":{"rendered":"<p>&nbsp; Le contrat d\u2019engagement jeune (CEJ) est un dispositif pour aider les jeunes de 16 \u00e0 25 ans en situation de pr\u00e9carit\u00e9. C\u2019est un accompagnement intensif vers un emploi ou un contrat d\u2019apprentissage, avec une aide financi\u00e8re octroy\u00e9e. D\u00e9couvrez tout sur l&rsquo;allocation CEJ. Le contrat d\u2019engagement jeune, c&rsquo;est quoi ? Il s\u2019agit d\u2019un accompagnement intensif [&hellip;]<\/p>\n","protected":false},"author":27,"featured_media":74555,"comment_status":"closed","ping_status":"open","sticky":false,"template":"","format":"standard","meta":{"amp_status":"","footnotes":""},"categories":[30057],"tags":[],"class_list":["post-71314","post","type-post","status-publish","format-standard","has-post-thumbnail","hentry","category-contrat-engagement-jeune"],"yoast_head":"<!-- This site is optimized with the Yoast SEO plugin v14.9 - https:\/\/yoast.com\/wordpress\/plugins\/seo\/ -->\n<title>Allocation CEJ 2025 : conditions, montant, d\u00e9marches | Mes-Allocs.fr<\/title>\n<meta name=\"description\" content=\"Le contrat d\u2019engagement jeune aide les jeunes de 16 \u00e0 25 ans en situation de pr\u00e9carit\u00e9. D\u00e9couvrez si vous \u00eates \u00e9ligible \u00e0 l&#039;allocation CEJ.\" \/>\n<meta name=\"robots\" content=\"index, follow, max-snippet:-1, max-image-preview:large, max-video-preview:-1\" \/>\n<link rel=\"canonical\" href=\"https:\/\/www.mes-allocs.fr\/guides\/contrat-engagement-jeune\/allocation-cej\/\" \/>\n<meta property=\"og:locale\" content=\"fr_FR\" \/>\n<meta property=\"og:type\" content=\"article\" \/>\n<meta property=\"og:title\" content=\"Allocation CEJ 2025 : conditions, montant, d\u00e9marches | Mes-Allocs.fr\" \/>\n<meta property=\"og:description\" content=\"Le contrat d\u2019engagement jeune aide les jeunes de 16 \u00e0 25 ans en situation de pr\u00e9carit\u00e9. D\u00e9couvrez si vous \u00eates \u00e9ligible \u00e0 l&#039;allocation CEJ.\" \/>\n<meta property=\"og:url\" content=\"https:\/\/www.mes-allocs.fr\/guides\/contrat-engagement-jeune\/allocation-cej\/\" \/>\n<meta property=\"og:site_name\" content=\"Mes-Allocs.fr\" \/>\n<meta property=\"article:published_time\" content=\"2023-12-01T11:35:53+00:00\" \/>\n<meta property=\"article:modified_time\" content=\"2025-01-07T09:53:00+00:00\" \/>\n<meta property=\"og:image\" content=\"https:\/\/www.mes-allocs.fr\/guides\/wp-content\/uploads\/2023\/12\/allocation-CEJ.png?wsr\" \/>\n\t<meta property=\"og:image:width\" content=\"311\" \/>\n\t<meta property=\"og:image:height\" content=\"211\" \/>\n<meta name=\"twitter:card\" content=\"summary_large_image\" \/>\n<script type=\"application\/ld+json\" class=\"yoast-schema-graph\">{\"@context\":\"https:\/\/schema.org\",\"@graph\":[{\"@type\":\"WebSite\",\"@id\":\"https:\/\/www.mes-allocs.fr\/guides\/#website\",\"url\":\"https:\/\/www.mes-allocs.fr\/guides\/\",\"name\":\"Mes-Allocs.fr\",\"description\":\"\",\"potentialAction\":[{\"@type\":\"SearchAction\",\"target\":\"https:\/\/www.mes-allocs.fr\/guides\/?s={search_term_string}\",\"query-input\":\"required name=search_term_string\"}],\"inLanguage\":\"fr-FR\"},{\"@type\":\"ImageObject\",\"@id\":\"https:\/\/www.mes-allocs.fr\/guides\/contrat-engagement-jeune\/allocation-cej\/#primaryimage\",\"inLanguage\":\"fr-FR\",\"url\":\"https:\/\/www.mes-allocs.fr\/guides\/wp-content\/uploads\/2023\/12\/allocation-CEJ.png?wsr\",\"width\":311,\"height\":211,\"caption\":\"allocation CEJ\"},{\"@type\":\"WebPage\",\"@id\":\"https:\/\/www.mes-allocs.fr\/guides\/contrat-engagement-jeune\/allocation-cej\/#webpage\",\"url\":\"https:\/\/www.mes-allocs.fr\/guides\/contrat-engagement-jeune\/allocation-cej\/\",\"name\":\"Allocation CEJ 2025 : conditions, montant, d\\u00e9marches | Mes-Allocs.fr\",\"isPartOf\":{\"@id\":\"https:\/\/www.mes-allocs.fr\/guides\/#website\"},\"primaryImageOfPage\":{\"@id\":\"https:\/\/www.mes-allocs.fr\/guides\/contrat-engagement-jeune\/allocation-cej\/#primaryimage\"},\"datePublished\":\"2023-12-01T11:35:53+00:00\",\"dateModified\":\"2025-01-07T09:53:00+00:00\",\"author\":{\"@id\":\"https:\/\/www.mes-allocs.fr\/guides\/#\/schema\/person\/7a9b61e7b715d477066a9f941c0440c7\"},\"description\":\"Le contrat d\\u2019engagement jeune aide les jeunes de 16 \\u00e0 25 ans en situation de pr\\u00e9carit\\u00e9. D\\u00e9couvrez si vous \\u00eates \\u00e9ligible \\u00e0 l'allocation CEJ.\",\"inLanguage\":\"fr-FR\"},{\"@type\":\"Person\",\"@id\":\"https:\/\/www.mes-allocs.fr\/guides\/#\/schema\/person\/7a9b61e7b715d477066a9f941c0440c7\",\"name\":\"L\\u00e9o Martin\",\"image\":{\"@type\":\"ImageObject\",\"@id\":\"https:\/\/www.mes-allocs.fr\/guides\/#personlogo\",\"inLanguage\":\"fr-FR\",\"url\":\"https:\/\/www.mes-allocs.fr\/guides\/wp-content\/uploads\/2023\/12\/1635317753781-e1701432075572-150x150.jpg\",\"caption\":\"L\\u00e9o Martin\"},\"description\":\"L\\u00e9o est r\\u00e9dacteur au sein de l'\\u00e9quipe Mes Allocs, sp\\u00e9cialis\\u00e9 sur les th\\u00e9matiques pouvoir d'achat et aides. Il rejoint Mes Allocs apr\\u00e8s une premi\\u00e8re exp\\u00e9rience en tant que journaliste chez La Gazette Cagnoise et Nice Presse.\",\"sameAs\":[\"https:\/\/www.linkedin.com\/in\/lo-martin-3429bb224\"]}]}<\/script>\n<!-- \/ Yoast SEO plugin. -->","amp_validity":null,"acf":{"faq":{"1":{"question":"Qu'est-ce que le contrat d'engagement jeune ?","answer":"Le Contrat d'Engagement Jeune, qui remplace la Garantie Jeunes, est destin\u00e9 aux jeunes de 16 \u00e0 25 ans. Il est destin\u00e9 aux jeunes qui ne sont pas \u00e9tudiants, ne suivent pas de formations qualifiantes et pr\u00e9sentent des difficult\u00e9s d\u2019acc\u00e8s \u00e0 l\u2019emploi durable.\r\n\r\n"},"2":{"question":"Le CEJ est-il cumulable avec d'autres revenus ? ","answer":"Le CEJ est cumulable avec l'AAH. Certains revenus seront r\u00e9duits ou partiellement r\u00e9duits de l'allocation. En revanche, le RSA n'est pas cumulable. "},"3":{"question":"Est-ce que le CEJ donne de l'argent ? ","answer":"Oui le CEJ r\u00e9mun\u00e8re les jeunes li\u00e9s \u00e0 un contrat d'engagement. Au maximum 552\u20ac par mois. Mais cela d\u00e9pend de l'\u00e2ge, de la situation familiale et \u00e9galement du lieu de r\u00e9sidence."},"4":{"question":"Qui est \u00e9ligible ? ","answer":"Les jeunes de 16 \u00e0 25 ans, jusqu'\u00e0 30 ans pour une personne en situation de handicap. "},"5":{"question":"Quels sont les crit\u00e8res ?  ","answer":"Il ne faut pas \u00eatre en \u00e9tude, ni avoir d\u2019emploi ou de formation. Il faut \u00eatre en difficult\u00e9 d\u2019acc\u00e8s \u00e0 un emploi durable\u00a0comme un CDI, et ne pas avoir de ressources financi\u00e8res suffisantes."},"6":{"question":"Le CEJ doit-il \u00eatre d\u00e9clar\u00e9 \u00e0 la CAF ","answer":"Le CEJ est non-imposable, il n'est donc pas obligatoire de le d\u00e9clarer."},"7":{"question":"Quelle est la diff\u00e9rence entre la Garantie Jeunes et le CEJ ?","answer":"Depuis le 1er mars 2022, la Garantie Jeunes a \u00e9t\u00e9 remplac\u00e9e par le CEJ."},"8":{"question":"Quand est vers\u00e9e l'allocation CEJ ?","answer":"L'allocation CEJ est vers\u00e9e aux alentours du 15 du mois. "},"9":{"question":"","answer":""},"10":{"question":"","answer":""},"11":{"question":"","answer":""},"12":{"question":"","answer":""},"13":{"question":"","answer":""},"14":{"question":"","answer":""},"15":{"question":"","answer":""},"16":{"question":"","answer":""}}},"_links":{"self":[{"href":"https:\/\/www.mes-allocs.fr\/guides\/wp-json\/wp\/v2\/posts\/71314","targetHints":{"allow":["GET"]}}],"collection":[{"href":"https:\/\/www.mes-allocs.fr\/guides\/wp-json\/wp\/v2\/posts"}],"about":[{"href":"https:\/\/www.mes-allocs.fr\/guides\/wp-json\/wp\/v2\/types\/post"}],"author":[{"embeddable":true,"href":"https:\/\/www.mes-allocs.fr\/guides\/wp-json\/wp\/v2\/users\/27"}],"replies":[{"embeddable":true,"href":"https:\/\/www.mes-allocs.fr\/guides\/wp-json\/wp\/v2\/comments?post=71314"}],"version-history":[{"count":26,"href":"https:\/\/www.mes-allocs.fr\/guides\/wp-json\/wp\/v2\/posts\/71314\/revisions"}],"predecessor-version":[{"id":88234,"href":"https:\/\/www.mes-allocs.fr\/guides\/wp-json\/wp\/v2\/posts\/71314\/revisions\/88234"}],"wp:featuredmedia":[{"embeddable":true,"href":"https:\/\/www.mes-allocs.fr\/guides\/wp-json\/wp\/v2\/media\/74555"}],"wp:attachment":[{"href":"https:\/\/www.mes-allocs.fr\/guides\/wp-json\/wp\/v2\/media?parent=71314"}],"wp:term":[{"taxonomy":"category","embeddable":true,"href":"https:\/\/www.mes-allocs.fr\/guides\/wp-json\/wp\/v2\/categories?post=71314"},{"taxonomy":"post_tag","embeddable":true,"href":"https:\/\/www.mes-allocs.fr\/guides\/wp-json\/wp\/v2\/tags?post=71314"}],"curies":[{"name":"wp","href":"https:\/\/api.w.org\/{rel}","templated":true}]}}