{"id":71287,"date":"2023-11-29T22:06:40","date_gmt":"2023-11-29T20:06:40","guid":{"rendered":"https:\/\/www.mes-allocs.fr\/guides\/?p=71287"},"modified":"2024-07-11T14:41:18","modified_gmt":"2024-07-11T12:41:18","slug":"qui-paie-quoi-garde-alternee","status":"publish","type":"post","link":"https:\/\/www.mes-allocs.fr\/guides\/aides-sociales\/qui-paie-quoi-garde-alternee\/","title":{"rendered":"Qui paie quoi lors d&rsquo;une garde altern\u00e9e ?"},"content":{"rendered":"<p><img loading=\"lazy\" decoding=\"async\" class=\"aligncenter wp-image-45199 size-full\" title=\"maman enfants\" src=\"https:\/\/www.mes-allocs.fr\/guides\/wp-content\/uploads\/2022\/02\/maman-enfants--e1645017071195.jpeg\" alt=\"Garde altern\u00e9e qui paie quoi ? \" width=\"1125\" height=\"360\" srcset=\"https:\/\/www.mes-allocs.fr\/guides\/wp-content\/uploads\/2022\/02\/maman-enfants--e1645017071195.jpeg 1125w, https:\/\/www.mes-allocs.fr\/guides\/wp-content\/uploads\/2022\/02\/maman-enfants--e1645017071195-300x96.jpeg 300w, https:\/\/www.mes-allocs.fr\/guides\/wp-content\/uploads\/2022\/02\/maman-enfants--e1645017071195-1024x328.jpeg 1024w, https:\/\/www.mes-allocs.fr\/guides\/wp-content\/uploads\/2022\/02\/maman-enfants--e1645017071195-768x246.jpeg 768w, https:\/\/www.mes-allocs.fr\/guides\/wp-content\/uploads\/2022\/02\/maman-enfants--e1645017071195-600x192.jpeg 600w\" sizes=\"auto, (max-width: 1125px) 100vw, 1125px\" \/><\/p>\n<p><span style=\"font-weight: 400;\">Les parents conviennent g\u00e9n\u00e9ralement un partage des charges li\u00e9s \u00e0 leurs enfants \u00e0 50\/50. Cependant en fonction du revenu des deux parents cela peut varier. Les d\u00e9penses de l\u2019enfant comprennent, la nourriture, les fournitures scolaires, les v\u00eatements. Sachez que pour vous aider, des <a href=\"https:\/\/www.mes-allocs.fr\/guides\/aides-sociales\/\">aides financi\u00e8res de l&rsquo;\u00c9tat<\/a> sont mises en place.\u00a0<\/span><\/p>\n<div class='cta-block'><div class='text'>Simulez toutes vos Aides en 2 min.<\/div><a href='https:\/\/www.mes-allocs.fr\/ab-app?origin=guides\/wp-json\/wp\/v2\/posts\/71287' class='app-button fit'>Simulation gratuite<\/a><\/div>\n<h1><b>Les d\u00e9penses li\u00e9es \u00e0 la garde altern\u00e9e\u00a0<\/b><\/h1>\n<p><span style=\"font-weight: 400;\">Lors d&rsquo;une garde altern\u00e9e, plusieurs d\u00e9penses sont \u00e0 pr\u00e9voir pour l\u2019enfant. Mais il est important de prendre en compte certains crit\u00e8res avant le d\u00e9but de la garde altern\u00e9e.<\/span><\/p>\n<h2>La contribution financi\u00e8re<\/h2>\n<p><span style=\"font-weight: 400;\">La contribution financi\u00e8re des parents d\u00e9pendent du temps de garde de l&rsquo;enfant. Les d\u00e9penses sont uniquement li\u00e9es aux besoins de l\u2019enfant, et non pour quelqu&rsquo;un d\u2019autre.\u00a0 Le revenu de chaque parent est essentiel \u00e0 prendre en compte. Si un parent a une r\u00e9mun\u00e9ration plus importante, il peut participer davantage aux frais. Le versement d\u2019une pension alimentaire peut entrer en compte. <\/span><span style=\"font-weight: 400;\">Puis, il serait \u00e9galement plus int\u00e9ressant d\u2019\u00e9tablir une liste de qui paie quoi lors de cette garde altern\u00e9e. Afin que les d\u00e9penses soient plus ou moins similaires.\u00a0<\/span><\/p>\n<h2><b>Les d\u00e9penses li\u00e9es \u00e0 l&rsquo;enfant<\/b><\/h2>\n<p><span style=\"font-weight: 400;\">Comme vu pr\u00e9c\u00e9demment il y a plusieurs types de d\u00e9penses. Pour un enfant cela prend en compte uniquement les besoins de l&rsquo;enfant.\u00a0<\/span><\/p>\n<ul>\n<li style=\"font-weight: 400;\" aria-level=\"1\"><span style=\"font-weight: 400;\">Les d\u00e9penses li\u00e9es \u00e0 l\u2019alimentation de l&rsquo;enfant. Cela comprend les repas \u00e0 domicile ou ailleurs.\u00a0<\/span><\/li>\n<li style=\"font-weight: 400;\" aria-level=\"1\"><span style=\"font-weight: 400;\">Les frais d&rsquo;h\u00e9bergement en dehors du foyer. Cela pourrait correspondre \u00e0 des d\u00e9penses concernant les colonies de vacances ou encore un voyage avec des amis.\u00a0<\/span><\/li>\n<li style=\"font-weight: 400;\" aria-level=\"1\"><span style=\"font-weight: 400;\">Les d\u00e9penses li\u00e9es \u00e0 la scolarit\u00e9, telles que les fournitures scolaires, la cantine ou encore la garderie.<\/span><\/li>\n<li style=\"font-weight: 400;\" aria-level=\"1\"><span style=\"font-weight: 400;\">Les frais de sant\u00e9 sont pris en compte, tels que l\u2019orthophonie ou bien tout les frais li\u00e9s aux frais m\u00e9dicaux.\u00a0<\/span><\/li>\n<li style=\"font-weight: 400;\" aria-level=\"1\"><span style=\"font-weight: 400;\">Les d\u00e9penses pour les loisirs de l\u2019enfant, comme le cin\u00e9ma, les parcs d&rsquo;attractions et les jeux vid\u00e9o. Les activit\u00e9s extra scolaires entrent \u00e9galement en compte.\u00a0<\/span><\/li>\n<\/ul>\n<p><span style=\"font-weight: 400;\">Les besoins de l&rsquo;enfant sont nombreux, alors vous pouvez toujours faire des d\u00e9marches concernant les aides qui pourront vous aider.<\/span><\/p>\n<h1>Qui re\u00e7oit les aides en garde altern\u00e9e\u00a0?<\/h1>\n<p><span style=\"font-weight: 400;\">Les diff\u00e9rents organismes de l&rsquo;\u00c9tat, vous permettent de toucher vos droits lors de la garde de l\u2019enfant. Des aides au logement, le RSA, ou encore les allocations familiales proposent une aide. Seul le montant des allocations familiales peut \u00eatre partag\u00e9 \u00e0 part \u00e9gale entre les deux parents. <\/span><\/p>\n<p><span style=\"font-weight: 400;\">Chaque parent peut \u00e9galement b\u00e9n\u00e9ficier des APL ainsi qu\u2019une majoration du RSA. Cependant, toutes les autres prestations de la CAF ne seront attribu\u00e9es qu\u2019\u00e0 un seul parent.\u00a0<\/span><\/p>\n<h2><b>Les aides de la CAF en garde altern\u00e9e<\/b><\/h2>\n<p><span style=\"font-weight: 400;\">Plusieurs aides financi\u00e8res sont mises en place par la CAF :\u00a0<\/span><\/p>\n\n<div class=\"wpdt-c row wpDataTableContainerSimpleTable wpDataTables wpDataTablesWrapper\n\"\n    >\n    <table id=\"wpdtSimpleTable-497\"\n           class=\"wpdtSimpleTable wpDataTable\"\n           data-column=\"2\"\n           data-rows=\"9\"\n           data-wpID=\"497\"\n           data-responsive=\"0\"\n           data-has-header=\"1\">\n\n                    <thead>        <tr class=\"wpdt-cell-row \" >\n                            <th class=\"wpdt-cell \"\n                                    data-cell-id=\"A1\"\n                data-col-index=\"0\"\n                data-row-index=\"0\"\n                style=\" width:42.739726027397%;                padding:10px;\"\n                >\n                                Aides                <\/th>\n                                            <th class=\"wpdt-cell \"\n                                    data-cell-id=\"B1\"\n                data-col-index=\"1\"\n                data-row-index=\"0\"\n                style=\" width:57.260273972603%;                padding:10px;\"\n                >\n                                Versement partag\u00e9 ou non                <\/th>\n                                        <\/tr>\n                    <tbody>        <tr class=\"wpdt-cell-row \" >\n                            <td class=\"wpdt-cell \"\n                                    data-cell-id=\"A2\"\n                data-col-index=\"0\"\n                data-row-index=\"1\"\n                style=\"                padding:10px;\"\n                >\n                                Allocations familiales                <\/td>\n                                            <td class=\"wpdt-cell \"\n                                    data-cell-id=\"B2\"\n                data-col-index=\"1\"\n                data-row-index=\"1\"\n                style=\"                padding:10px;\"\n                >\n                                Partag\u00e9 \u00e0 part \u00e9gale entre les deux parents                <\/td>\n                                        <\/tr>\n                            <tr class=\"wpdt-cell-row \" >\n                            <td class=\"wpdt-cell \"\n                                    data-cell-id=\"A3\"\n                data-col-index=\"0\"\n                data-row-index=\"2\"\n                style=\"                padding:10px;\"\n                >\n                                Compl\u00e9ment familial                <\/td>\n                                            <td class=\"wpdt-cell \"\n                                    data-cell-id=\"B3\"\n                data-col-index=\"1\"\n                data-row-index=\"2\"\n                style=\"                padding:10px;\"\n                >\n                                Vers\u00e9 uniquement \u00e0 l'allocataire principal                <\/td>\n                                        <\/tr>\n                            <tr class=\"wpdt-cell-row \" >\n                            <td class=\"wpdt-cell \"\n                                    data-cell-id=\"A4\"\n                data-col-index=\"0\"\n                data-row-index=\"3\"\n                style=\"                padding:10px;\"\n                >\n                                Allocation de rentr\u00e9e scolaire                <\/td>\n                                            <td class=\"wpdt-cell \"\n                                    data-cell-id=\"B4\"\n                data-col-index=\"1\"\n                data-row-index=\"3\"\n                style=\"                padding:10px;\"\n                >\n                                Vers\u00e9 uniquement \u00e0 l'allocataire principal                <\/td>\n                                        <\/tr>\n                            <tr class=\"wpdt-cell-row \" >\n                            <td class=\"wpdt-cell \"\n                                    data-cell-id=\"A5\"\n                data-col-index=\"0\"\n                data-row-index=\"4\"\n                style=\"                padding:10px;\"\n                >\n                                RSA                <\/td>\n                                            <td class=\"wpdt-cell \"\n                                    data-cell-id=\"B5\"\n                data-col-index=\"1\"\n                data-row-index=\"4\"\n                style=\"                padding:10px;\"\n                >\n                                Si les deux parents peuvent pr\u00e9tendre au RSA, alors il y a une majoration pour enfant \u00e0 charge                <\/td>\n                                        <\/tr>\n                            <tr class=\"wpdt-cell-row \" >\n                            <td class=\"wpdt-cell \"\n                                    data-cell-id=\"A6\"\n                data-col-index=\"0\"\n                data-row-index=\"5\"\n                style=\"                padding:10px;\"\n                >\n                                Allocation de base                <\/td>\n                                            <td class=\"wpdt-cell \"\n                                    data-cell-id=\"B6\"\n                data-col-index=\"1\"\n                data-row-index=\"5\"\n                style=\"                padding:10px;\"\n                >\n                                Vers\u00e9 uniquement \u00e0 l'allocataire principal                <\/td>\n                                        <\/tr>\n                            <tr class=\"wpdt-cell-row \" >\n                            <td class=\"wpdt-cell \"\n                                    data-cell-id=\"A7\"\n                data-col-index=\"0\"\n                data-row-index=\"6\"\n                style=\"                padding:10px;\"\n                >\n                                Aides au logement                <\/td>\n                                            <td class=\"wpdt-cell wpdt-wrap-text\"\n                                    data-cell-id=\"B7\"\n                data-col-index=\"1\"\n                data-row-index=\"6\"\n                style=\"                padding:10px;\"\n                >\n                                Accessible aux deux parents mais pas de partage. Les enfants                                                                                                                   peuvent \u00eatre pris en compte sur le dossier d'allocataire                                                                                                                                           en fonction de leur pr\u00e9sence au sein du foyer                <\/td>\n                                        <\/tr>\n                            <tr class=\"wpdt-cell-row \" >\n                            <td class=\"wpdt-cell \"\n                                    data-cell-id=\"A8\"\n                data-col-index=\"0\"\n                data-row-index=\"7\"\n                style=\"                padding:10px;\"\n                >\n                                Prime de d\u00e9m\u00e9nagement                <\/td>\n                                            <td class=\"wpdt-cell \"\n                                    data-cell-id=\"B8\"\n                data-col-index=\"1\"\n                data-row-index=\"7\"\n                style=\"                padding:10px;\"\n                >\n                                Vers\u00e9 uniquement \u00e0 l'allocataire principal                <\/td>\n                                        <\/tr>\n                            <tr class=\"wpdt-cell-row \" >\n                            <td class=\"wpdt-cell \"\n                                    data-cell-id=\"A9\"\n                data-col-index=\"0\"\n                data-row-index=\"8\"\n                style=\"                padding:10px;\"\n                >\n                                Prime d\u2019activit\u00e9                <\/td>\n                                            <td class=\"wpdt-cell \"\n                                    data-cell-id=\"B9\"\n                data-col-index=\"1\"\n                data-row-index=\"8\"\n                style=\"                padding:10px;\"\n                >\n                                Majoration uniquement pour l'allocataire principal                <\/td>\n                                        <\/tr>\n                    <\/table>\n<\/div><style id='wpdt-custom-style-497'>\ntable#wpdtSimpleTable-497{ table-layout: fixed !important; }\n<\/style>\n\n<h2><b>Comment faire valoir vos droits en garde altern\u00e9e ?\u00a0<\/b><\/h2>\n<p><span style=\"font-weight: 400;\">Lors d\u2019une garde altern\u00e9e, il faut distinguer les allocations familiales attribu\u00e9es aux familles qui ont au moins deux enfants \u00e0 charge, sans condition de ressources, ni prestations familiales. Ces derni\u00e8res d\u00e9signent toutes les autres aides vers\u00e9es par la CAF ou la MSA. Celles-ci permettent de prendre en charge qu&rsquo;une partie des frais de l\u2019enfant par l\u2019autre parent.\u00a0<\/span><\/p>\n<p><span style=\"font-weight: 400;\">Tout changement de situation comme le d\u00e9but d\u2019une garde altern\u00e9e doit \u00eatre signal\u00e9 rapidement aupr\u00e8s de la CAF. Il est n\u00e9cessaire de faire cette modification car vos droits et vos aides financi\u00e8res vont \u00eatre revus. Les revenus de l\u2019autre parent ne seront plus pris en compte. Les enfants seront d\u00e9sign\u00e9s aupr\u00e8s de la CAF uniquement \u00e0 la charge d\u2019un seul parent. Alors faites vos d\u00e9marches rapidement afin d&rsquo;\u00e9viter de rembourser des trop per\u00e7us par la suite.\u00a0<\/span><\/p>\n<h2><strong>Comment faire votre d\u00e9claration de garde altern\u00e9e ?\u00a0<\/strong><\/h2>\n<p><span style=\"font-weight: 400;\">Vous devez vous rendre sur le site de la CAF et en faire la demande. Chaque parent doit \u00e9galement compl\u00e9ter une d\u00e9claration de situation, et la joindre en compl\u00e9ment des documents demand\u00e9s.\u00a0<\/span><\/p>\n<p>Vous pouvez \u00e9galement vous faire accompagner par un expert de nos \u00e9quipes mes-allocs si vous n&rsquo;avez pas le temps ou pas l&rsquo;envie.<\/p>\n<div class='cta-block'><div class='text'>Simulez toutes vos Aides en 2 min.<\/div><a href='https:\/\/www.mes-allocs.fr\/ab-app?origin=guides\/wp-json\/wp\/v2\/posts\/71287' class='app-button fit'>Simulation gratuite<\/a><\/div>\n<h1><b>Les autres aides financi\u00e8res pour la garde altern\u00e9e\u00a0<\/b><\/h1>\n<p>Plusieurs aides financi\u00e8res sont mises en place pour vous aider \u00e0 subvenir aux besoins de votre enfant.<\/p>\n<h2><b>Majoration RSA en garde altern\u00e9e<\/b><\/h2>\n<p><span style=\"font-weight: 400;\">Vous pouvez percevoir une majoration RSA lorsque vous percevez le RSA et \u00e9levez seul(e) un ou plusieurs enfants. Cette majoration pour parent isol\u00e9 est automatique entre la naissance de l\u2019enfant et l\u2019\u00e2ge de 3 ans. Vous la touchez sans d\u00e9marche particuli\u00e8re. Il faut en revanche demander le RSA major\u00e9 au moment de la grossesse et apr\u00e8s l\u2019\u00e2ge de 3 ans. Dans ce cas, il est attribu\u00e9 pour une p\u00e9riode de 12 mois et peut \u00eatre renouvel\u00e9 chaque ann\u00e9e.\u00a0<\/span><\/p>\n<p>Le montant de la majoration du RSA :<\/p>\n<ul>\n<li>1\u00a0040,56 \u20ac pour un parent isol\u00e9 avec un enfant \u00e0 charge\u00a0;<\/li>\n<li>1 300,70 \u20ac pour un parent isol\u00e9 avec deux enfants \u00e0 charge\u00a0;<\/li>\n<li>chaque enfant \u00e0 charge suppl\u00e9mentaire donne droit \u00e0 260,14 \u20ac.<\/li>\n<\/ul>\n<p>Si le parent isol\u00e9 dispose d&rsquo;autres ressources comme les allocations familiales, aide au logement, le montant du RSA vers\u00e9 est \u00e9gal \u00e0 la diff\u00e9rence entre le montant forfaitaire maximal du RSA et ses ressources.<\/p>\n<h2><b>Versement des allocations familiales en garde altern\u00e9e<\/b><\/h2>\n<p><span style=\"font-weight: 400;\">En d\u00e9clarant la garde partag\u00e9e des enfants, plusieurs solutions seront possibles :<\/span><\/p>\n<ul>\n<li style=\"font-weight: 400;\" aria-level=\"1\"><span style=\"font-weight: 400;\">Les 2 parents sont d\u2019accord pour d\u00e9signer un des parents comme allocataire unique, et percevra la totalit\u00e9 des allocations familiales et des autres prestations.<\/span><\/li>\n<li style=\"font-weight: 400;\" aria-level=\"1\"><span style=\"font-weight: 400;\">Si les 2 parents ne trouvent pas d\u2019accord commun, alors les allocations familiales seront partag\u00e9es entre les 2 parents automatiquement par la CAF ou la MSA.<\/span><\/li>\n<\/ul>\n<p><span style=\"font-weight: 400;\">Ce choix est valable pour une dur\u00e9e de un an minimum. Il est donc possible de d\u00e9signer un des parents en tant qu&rsquo;allocataires des aides durant cette p\u00e9riode, et de d\u00e9signer l\u2019autre parent l\u2019ann\u00e9e suivante. Cependant il est important que les deux parents se mettent d&rsquo;accord. Un nouveau formulaire de d\u00e9claration du choix des parents devra \u00eatre compl\u00e9t\u00e9.\u00a0<\/span><\/p>\n<h2><b>Le partage des allocations CAF en garde altern\u00e9e<\/b><\/h2>\n<p><span style=\"font-weight: 400;\">Il est possible que les allocations CAF soient partag\u00e9es.<\/span><\/p>\n<p><span style=\"font-weight: 400;\">\u00a0<\/span><span style=\"font-weight: 400;\">Par exemple : Si vous avez 4 enfants \u00e0 charge. L\u2019un des deux parents d\u00e9tient la garde effective de 2 enfants, et les deux autres vivent 50% du temps au domicile des deux parents. L\u2019un des parents d\u00e9tient 3 parts contre 1.\u00a0<\/span><\/p>\n<p><span style=\"font-weight: 400;\">Le calcul sera donc le suivant : 498,15 \u20ac d\u2019AF x3 \/ 4 = 373.61 \u20ac<\/span><\/p>\n<p><span style=\"font-weight: 400;\">Ainsi le parent qui a la garde des deux enfants et la garde altern\u00e9e des deux autres, obtient 373,61 \u20ac d\u2019allocations familiales. Tandis que l\u2019autre parent per\u00e7oit 69,91 \u20ac par enfant, soit 139,83 \u20ac.\u00a0<\/span><\/p>\n<h1 data-amp-original-style=\"text-align: justify;\"><span id=\"Les_autres_prestations_sociales_pour_les_parents_isoles\">Les prestations sociales pour les parents isol\u00e9s<\/span><\/h1>\n<h2 data-amp-original-style=\"text-align: justify;\"><span id=\"Agence_de_Recouvrement_des_Impayes_de_Pension_Alimentaire\"><span class=\"amp-wp-7f68440\" data-amp-original-style=\"font-size: 18pt;\"><span class=\"amp-wp-e98f482\" data-amp-original-style=\"color: #c43b3b;\">Agence de Recouvrement des Impay\u00e9s de Pension Alimentaire<\/span><\/span><\/span><\/h2>\n<p>En tant que parent c\u00e9libataire, si vous rencontrez des probl\u00e8mes \u00e0 percevoir la pension alimentaire due par l&rsquo;autre parent, vous pouvez faire appel \u00e0 l&rsquo;ARIPA. Cet organisme de la CAF ou de la MSA est autoris\u00e9 \u00e0 d\u00e9clencher des proc\u00e9dures de saisie, sur le salaire ou encore les allocations, si les n\u00e9gociations n&rsquo;aboutissent pas.<\/p>\n<p>La CAF r\u00e9cup\u00e8re alors en votre nom le montant des pensions alimentaires non pay\u00e9es et vous les donnent. Cette proc\u00e9dure permet d&rsquo;\u00e9viter de faire appel \u00e0 un huissier de justice, ce qui simplifie les d\u00e9marches.<\/p>\n<h2><span id=\"Laide_a_la_garde_denfants\"><span class=\"amp-wp-e98f482 amp-wp-7f68440\" data-amp-original-style=\"font-size: 18pt;\">L\u2019aide \u00e0 la garde d\u2019enfants pour parent isol\u00e9<\/span><\/span><\/h2>\n<p class=\"amp-wp-7d27179\" data-amp-original-style=\"text-align: justify;\">Les parents isol\u00e9s qui retrouvent une activit\u00e9 professionnelle, ou rentrent en formation, peuvent b\u00e9n\u00e9ficier d\u2019une aide financi\u00e8re de la part de P\u00f4le Emploi pour la garde de leurs enfants. AGEPI est\u00a0r\u00e9serv\u00e9e aux parents qui \u00e9l\u00e8vent seuls 1 ou plusieurs enfants \u00e2g\u00e9s de moins de 10 ans. Elle\u00a0<span class=\"amp-wp-f6bf23d\" data-amp-original-style=\"text-decoration: underline;\">est attribu\u00e9e sous la forme d\u2019un versement unique durant un an.\u00a0<\/span><\/p>\n<h2 id=\"Coup_de_pouce_fiscal___Aide_parent_isol\u00e9\" class=\"amp-wp-102b7f8\" data-amp-original-style=\"text-align: left;\"><span id=\"Coup_de_pouce_fiscal\"><span class=\"amp-wp-7f68440\" data-amp-original-style=\"font-size: 18pt;\">Le coup de pouce fiscal pour parent isol\u00e9<\/span><\/span><\/h2>\n<p class=\"amp-wp-7d27179 amp-wp-7d27179\" data-amp-original-style=\"text-align: justify;\">Lorsque vous \u00e9levez seul(e) un enfant, vous pouvez b\u00e9n\u00e9ficier d\u2019une demi-part suppl\u00e9mentaire pour le calcul de votre imp\u00f4t sur le revenu. Attention, vous n\u2019\u00eates pas consid\u00e9r\u00e9 comme vivant seul(e) si vous \u00eates en situation de concubinage. Pour obtenir ce coup de pouce fiscal, il suffit de cocher simplement la case T (parent isol\u00e9) sur votre d\u00e9claration de revenus qui suit l\u2019ann\u00e9e de votre s\u00e9paration, divorce ou rupture de Pacs.<\/p>\n<div class='cta-block'><div class='text'>Simulez toutes vos Aides en 2 min.<\/div><a href='https:\/\/www.mes-allocs.fr\/ab-app?origin=guides\/wp-json\/wp\/v2\/posts\/71287' class='app-button fit'>Simulation gratuite<\/a><\/div>\n","protected":false},"excerpt":{"rendered":"<p>Les parents conviennent g\u00e9n\u00e9ralement un partage des charges li\u00e9s \u00e0 leurs enfants \u00e0 50\/50. Cependant en fonction du revenu des deux parents cela peut varier. Les d\u00e9penses de l\u2019enfant comprennent, la nourriture, les fournitures scolaires, les v\u00eatements. Sachez que pour vous aider, des aides financi\u00e8res de l&rsquo;\u00c9tat sont mises en place.\u00a0 Les d\u00e9penses li\u00e9es \u00e0 [&hellip;]<\/p>\n","protected":false},"author":27,"featured_media":63064,"comment_status":"closed","ping_status":"open","sticky":false,"template":"","format":"standard","meta":{"amp_status":"","footnotes":""},"categories":[1411],"tags":[],"class_list":["post-71287","post","type-post","status-publish","format-standard","has-post-thumbnail","hentry","category-aides-sociales"],"yoast_head":"<!-- This site is optimized with the Yoast SEO plugin v14.9 - https:\/\/yoast.com\/wordpress\/plugins\/seo\/ -->\n<title>Qui paie quoi lors d&#039;une garde altern\u00e9e ? | Mes-Allocs.fr<\/title>\n<meta name=\"description\" content=\"Lors d&#039;une garde altern\u00e9e, les aides et les devoirs sont partag\u00e9s entre les deux parents. Qui paie quoi ? Explications.\" \/>\n<meta name=\"robots\" content=\"index, follow, max-snippet:-1, max-image-preview:large, max-video-preview:-1\" \/>\n<link rel=\"canonical\" href=\"https:\/\/www.mes-allocs.fr\/guides\/aides-sociales\/qui-paie-quoi-garde-alternee\/\" \/>\n<meta property=\"og:locale\" content=\"fr_FR\" \/>\n<meta property=\"og:type\" content=\"article\" \/>\n<meta property=\"og:title\" content=\"Qui paie quoi lors d&#039;une garde altern\u00e9e ? | Mes-Allocs.fr\" \/>\n<meta property=\"og:description\" content=\"Lors d&#039;une garde altern\u00e9e, les aides et les devoirs sont partag\u00e9s entre les deux parents. Qui paie quoi ? Explications.\" \/>\n<meta property=\"og:url\" content=\"https:\/\/www.mes-allocs.fr\/guides\/aides-sociales\/qui-paie-quoi-garde-alternee\/\" \/>\n<meta property=\"og:site_name\" content=\"Mes-Allocs.fr\" \/>\n<meta property=\"article:published_time\" content=\"2023-11-29T20:06:40+00:00\" \/>\n<meta property=\"article:modified_time\" content=\"2024-07-11T12:41:18+00:00\" \/>\n<meta property=\"og:image\" content=\"https:\/\/www.mes-allocs.fr\/guides\/wp-content\/uploads\/2023\/05\/aides-garde-enfant.jpg?wsr\" \/>\n\t<meta property=\"og:image:width\" content=\"1280\" \/>\n\t<meta property=\"og:image:height\" content=\"853\" \/>\n<meta name=\"twitter:card\" content=\"summary_large_image\" \/>\n<script type=\"application\/ld+json\" class=\"yoast-schema-graph\">{\"@context\":\"https:\/\/schema.org\",\"@graph\":[{\"@type\":\"WebSite\",\"@id\":\"https:\/\/www.mes-allocs.fr\/guides\/#website\",\"url\":\"https:\/\/www.mes-allocs.fr\/guides\/\",\"name\":\"Mes-Allocs.fr\",\"description\":\"\",\"potentialAction\":[{\"@type\":\"SearchAction\",\"target\":\"https:\/\/www.mes-allocs.fr\/guides\/?s={search_term_string}\",\"query-input\":\"required name=search_term_string\"}],\"inLanguage\":\"fr-FR\"},{\"@type\":\"ImageObject\",\"@id\":\"https:\/\/www.mes-allocs.fr\/guides\/aides-sociales\/qui-paie-quoi-garde-alternee\/#primaryimage\",\"inLanguage\":\"fr-FR\",\"url\":\"https:\/\/www.mes-allocs.fr\/guides\/wp-content\/uploads\/2023\/05\/aides-garde-enfant.jpg?wsr\",\"width\":1280,\"height\":853,\"caption\":\"Garde altern\\u00e9e qui paie quoi\"},{\"@type\":\"WebPage\",\"@id\":\"https:\/\/www.mes-allocs.fr\/guides\/aides-sociales\/qui-paie-quoi-garde-alternee\/#webpage\",\"url\":\"https:\/\/www.mes-allocs.fr\/guides\/aides-sociales\/qui-paie-quoi-garde-alternee\/\",\"name\":\"Qui paie quoi lors d'une garde altern\\u00e9e ? | Mes-Allocs.fr\",\"isPartOf\":{\"@id\":\"https:\/\/www.mes-allocs.fr\/guides\/#website\"},\"primaryImageOfPage\":{\"@id\":\"https:\/\/www.mes-allocs.fr\/guides\/aides-sociales\/qui-paie-quoi-garde-alternee\/#primaryimage\"},\"datePublished\":\"2023-11-29T20:06:40+00:00\",\"dateModified\":\"2024-07-11T12:41:18+00:00\",\"author\":{\"@id\":\"https:\/\/www.mes-allocs.fr\/guides\/#\/schema\/person\/7a9b61e7b715d477066a9f941c0440c7\"},\"description\":\"Lors d'une garde altern\\u00e9e, les aides et les devoirs sont partag\\u00e9s entre les deux parents. Qui paie quoi ? Explications.\",\"inLanguage\":\"fr-FR\"},{\"@type\":\"Person\",\"@id\":\"https:\/\/www.mes-allocs.fr\/guides\/#\/schema\/person\/7a9b61e7b715d477066a9f941c0440c7\",\"name\":\"L\\u00e9o Martin\",\"image\":{\"@type\":\"ImageObject\",\"@id\":\"https:\/\/www.mes-allocs.fr\/guides\/#personlogo\",\"inLanguage\":\"fr-FR\",\"url\":\"https:\/\/www.mes-allocs.fr\/guides\/wp-content\/uploads\/2023\/12\/1635317753781-e1701432075572-150x150.jpg\",\"caption\":\"L\\u00e9o Martin\"},\"description\":\"L\\u00e9o est r\\u00e9dacteur au sein de l'\\u00e9quipe Mes Allocs, sp\\u00e9cialis\\u00e9 sur les th\\u00e9matiques pouvoir d'achat et aides. Il rejoint Mes Allocs apr\\u00e8s une premi\\u00e8re exp\\u00e9rience en tant que journaliste chez La Gazette Cagnoise et Nice Presse.\",\"sameAs\":[\"https:\/\/www.linkedin.com\/in\/lo-martin-3429bb224\"]}]}<\/script>\n<!-- \/ Yoast SEO plugin. -->","amp_validity":null,"acf":{"faq":{"1":{"question":"Quels sont les aides financi\u00e8res lors d'une garde altern\u00e9e ?  ","answer":"Plusieurs aides sont possible, les allocations familiales, une majoration du RSA si vous le touchez. Des aides au d\u00e9m\u00e9nagement etc..."},"2":{"question":"Est-ce que les deux parents peuvent toucher les allocations familiales ? ","answer":"Oui mais pour cela il faut trouver un accord afin que le versement soit partag\u00e9 \u00e0 part \u00e9gal. "},"3":{"question":"Comment faire une d\u00e9claration de garde altern\u00e9e ? ","answer":"Vous devez vous rendre sur le site de la CAF et en faire la demande. Chaque parent doit \u00e9galement compl\u00e9ter une d\u00e9claration de situation, et la joindre en compl\u00e9ment des documents demand\u00e9s.\u00a0"},"4":{"question":"Quel est le montant de la majoration du RSA pour deux enfants \u00e0 charge ? ","answer":"Pour un parent isol\u00e9 avec deux enfants \u00e0 charge vous b\u00e9n\u00e9ficierez de 1 300,70 \u20ac. Chaque enfant \u00e0 charge suppl\u00e9mentaire donne droit \u00e0 260,14 \u20ac.\r\n"},"5":{"question":"Il y a t-il un coup de pouce fiscal ? ","answer":"Lorsque vous \u00e9levez seul(e) un enfant vous pouvez b\u00e9n\u00e9ficier d'une demi part suppl\u00e9mentaires pour le calcul de votre imp\u00f4t sur le revenu. Pour obtenir ce coup de pouce fiscal, il suffit de cocher simplement la case T (parent isol\u00e9) sur votre d\u00e9claration de revenus . "},"6":{"question":"Je ne re\u00e7ois pas la totalit\u00e9 de la pension alimentaire comment faire ? ","answer":"Vous pouvez faire appel \u00e0 l'ARIPA. Cet organisme de la CAF ou de la MSA est autoris\u00e9 \u00e0 d\u00e9clencher des proc\u00e9dures de saisie, sur le salaire ou encore les allocations, si les n\u00e9gociations n'aboutissent pas. La CAF r\u00e9cup\u00e8re alors en votre nom le montant des pensions alimentaires non pay\u00e9es et vous les restitues. "},"7":{"question":"","answer":""},"8":{"question":"","answer":""},"9":{"question":"","answer":""},"10":{"question":"","answer":""},"11":{"question":"","answer":""},"12":{"question":"","answer":""},"13":{"question":"","answer":""},"14":{"question":"","answer":""},"15":{"question":"","answer":""},"16":{"question":"","answer":""}}},"_links":{"self":[{"href":"https:\/\/www.mes-allocs.fr\/guides\/wp-json\/wp\/v2\/posts\/71287","targetHints":{"allow":["GET"]}}],"collection":[{"href":"https:\/\/www.mes-allocs.fr\/guides\/wp-json\/wp\/v2\/posts"}],"about":[{"href":"https:\/\/www.mes-allocs.fr\/guides\/wp-json\/wp\/v2\/types\/post"}],"author":[{"embeddable":true,"href":"https:\/\/www.mes-allocs.fr\/guides\/wp-json\/wp\/v2\/users\/27"}],"replies":[{"embeddable":true,"href":"https:\/\/www.mes-allocs.fr\/guides\/wp-json\/wp\/v2\/comments?post=71287"}],"version-history":[{"count":15,"href":"https:\/\/www.mes-allocs.fr\/guides\/wp-json\/wp\/v2\/posts\/71287\/revisions"}],"predecessor-version":[{"id":80824,"href":"https:\/\/www.mes-allocs.fr\/guides\/wp-json\/wp\/v2\/posts\/71287\/revisions\/80824"}],"wp:featuredmedia":[{"embeddable":true,"href":"https:\/\/www.mes-allocs.fr\/guides\/wp-json\/wp\/v2\/media\/63064"}],"wp:attachment":[{"href":"https:\/\/www.mes-allocs.fr\/guides\/wp-json\/wp\/v2\/media?parent=71287"}],"wp:term":[{"taxonomy":"category","embeddable":true,"href":"https:\/\/www.mes-allocs.fr\/guides\/wp-json\/wp\/v2\/categories?post=71287"},{"taxonomy":"post_tag","embeddable":true,"href":"https:\/\/www.mes-allocs.fr\/guides\/wp-json\/wp\/v2\/tags?post=71287"}],"curies":[{"name":"wp","href":"https:\/\/api.w.org\/{rel}","templated":true}]}}