{"id":71232,"date":"2023-11-29T22:01:23","date_gmt":"2023-11-29T20:01:23","guid":{"rendered":"https:\/\/www.mes-allocs.fr\/guides\/?p=71232"},"modified":"2025-03-27T17:35:11","modified_gmt":"2025-03-27T15:35:11","slug":"mobilipass","status":"publish","type":"post","link":"https:\/\/www.mes-allocs.fr\/guides\/aide-mobilite\/mobilipass\/","title":{"rendered":"Aide Mobilipass 2025 : conditions, montants, d\u00e9marches"},"content":{"rendered":"<p><img loading=\"lazy\" decoding=\"async\" class=\"alignnone wp-image-51101 size-full\" title=\"Comment obtenir une aide pour demenagement a la retraite\" src=\"https:\/\/www.mes-allocs.fr\/guides\/wp-content\/uploads\/2022\/05\/Comment-obtenir-une-aide-pour-demenagement-a-la-retraite--scaled-e1653922271740.jpg\" alt=\"Comment obtenir une aide pour demenagement a la retraite\" width=\"2560\" height=\"518\" srcset=\"https:\/\/www.mes-allocs.fr\/guides\/wp-content\/uploads\/2022\/05\/Comment-obtenir-une-aide-pour-demenagement-a-la-retraite--scaled-e1653922271740.jpg 2560w, https:\/\/www.mes-allocs.fr\/guides\/wp-content\/uploads\/2022\/05\/Comment-obtenir-une-aide-pour-demenagement-a-la-retraite--scaled-e1653922271740-300x61.jpg 300w, https:\/\/www.mes-allocs.fr\/guides\/wp-content\/uploads\/2022\/05\/Comment-obtenir-une-aide-pour-demenagement-a-la-retraite--scaled-e1653922271740-1024x207.jpg 1024w, https:\/\/www.mes-allocs.fr\/guides\/wp-content\/uploads\/2022\/05\/Comment-obtenir-une-aide-pour-demenagement-a-la-retraite--scaled-e1653922271740-768x155.jpg 768w, https:\/\/www.mes-allocs.fr\/guides\/wp-content\/uploads\/2022\/05\/Comment-obtenir-une-aide-pour-demenagement-a-la-retraite--scaled-e1653922271740-1536x311.jpg 1536w, https:\/\/www.mes-allocs.fr\/guides\/wp-content\/uploads\/2022\/05\/Comment-obtenir-une-aide-pour-demenagement-a-la-retraite--scaled-e1653922271740-2048x414.jpg 2048w, https:\/\/www.mes-allocs.fr\/guides\/wp-content\/uploads\/2022\/05\/Comment-obtenir-une-aide-pour-demenagement-a-la-retraite--scaled-e1653922271740-600x121.jpg 600w\" sizes=\"auto, (max-width: 2560px) 100vw, 2560px\" \/><\/p>\n<p><span style=\"font-weight: 400;\">L\u2019aide Mobilipass \u00e9tait une aide financi\u00e8re qui prenait en charge les frais d\u2019un logement locatif. Il s&rsquo;agissait d&rsquo;une <a href=\"https:\/\/www.mes-allocs.fr\/guides\/aide-mobilite\/\">aide \u00e0 la mobilit\u00e9<\/a> que vous pouviez recevoir sous forme de pr\u00eat avec un taux r\u00e9duit, ou de subventions.\u00a0\u00a0<\/span><\/p>\n<p><strong>D\u00e9sormais, l&rsquo;aide Mobili Pass n&rsquo;est plus disponible. Vous ne pouvez plus d\u00e9poser de demande. Toutefois, vous \u00eates peut-\u00eatre \u00e9ligible \u00e0 l&rsquo;aide Mobili Jeune !<\/strong><\/p>\n<div class='cta-block'><div class='text'>Simulez toutes vos Aides en 2 min.<\/div><a href='https:\/\/www.mes-allocs.fr\/ab-app?origin=guides\/wp-json\/wp\/v2\/posts\/71232' class='app-button fit'>Simulation gratuite<\/a><\/div>\n<h1><b>Quelles \u00e9taient les conditions pour b\u00e9n\u00e9ficier de Mobilipass ?<\/b><\/h1>\n<p><span style=\"font-weight: 400;\">Pour b\u00e9n\u00e9ficier de cette aide, plusieurs conditions \u00e9taient requises. La situation professionnelle et financi\u00e8re du demandeur, ainsi que les caract\u00e9ristiques du logement \u00e9taient pris en compte. <strong>Mais aujourd&rsquo;hui, l&rsquo;aide n&rsquo;est plus disponible<\/strong>.<\/span><\/p>\n<h2><b>Les conditions professionnelles\u00a0<\/b><\/h2>\n<p><span style=\"font-weight: 400;\">Pour avoir acc\u00e8s \u00e0 l\u2019aide Mobili Pass vous deviez \u00eatre salari\u00e9 d\u2019une entreprise de plus de 10 employ\u00e9s du secteur priv\u00e9, (hors agricole). Peu importait le contrat de travail.\u00a0<\/span><\/p>\n<p><span style=\"font-weight: 400;\">Vous \u00e9tiez concern\u00e9s si vous \u00e9tiez dans une des situations suivantes :\u00a0<\/span><\/p>\n<ul>\n<li><span style=\"font-weight: 400;\">Embauche\u00a0<\/span><\/li>\n<li><span style=\"font-weight: 400;\">Mutation<\/span><\/li>\n<li><span style=\"font-weight: 400;\">Formation dans le cadre d\u2019un plan de sauvegarde de l\u2019emploi\u00a0<\/span><\/li>\n<li><span style=\"font-weight: 400;\">D\u00e9m\u00e9nagement de l\u2019entreprise<\/span><\/li>\n<\/ul>\n<p><span style=\"font-weight: 400;\">De ce fait, les personnes qui changeaient d\u2019emploi spontan\u00e9ment ne pouvaient pas b\u00e9n\u00e9ficier de cette aide. M\u00eame si vous d\u00e9m\u00e9nagiez dans une autre r\u00e9gion et vous trouviez un nouveau travail, vous n&rsquo;\u00e9tiez pas \u00e9ligible.\u00a0<\/span><\/p>\n<h2><b>Les conditions li\u00e9es au logement<\/b><\/h2>\n<p><span style=\"font-weight: 400;\">L\u2019aide MobiliPass s\u2019appliquait uniquement dans le cadre d\u2019un changement de r\u00e9sidence principale, ou s\u2019il \u00e9tait n\u00e9cessaire d\u2019avoir un deuxi\u00e8me logement pour votre travail. Cette aide concernait uniquement certains types de logements :\u00a0<\/span><\/p>\n<ul>\n<li style=\"font-weight: 400;\" aria-level=\"1\"><span style=\"font-weight: 400;\">Logement situ\u00e9 \u00e0 au moins 70 km du dernier lieu de r\u00e9sidence (sauf en cas de d\u00e9m\u00e9nagement de l\u2019entreprise ou de proc\u00e9dure collective.)<\/span><\/li>\n<li style=\"font-weight: 400;\" aria-level=\"1\"><span style=\"font-weight: 400;\">Logement qui engendrait un temps de trajet de 1h15 minimum\u00a0<\/span><\/li>\n<li style=\"font-weight: 400;\" aria-level=\"1\"><span style=\"font-weight: 400;\">Le bail devait d\u00e9j\u00e0 \u00eatre sign\u00e9 avant de faire la demande<\/span><\/li>\n<li aria-level=\"1\">Le logement devait se situer sur le territoire fran\u00e7ais ou en Outre-mer<\/li>\n<\/ul>\n<p><span style=\"font-weight: 400;\">Mobilipass ne prenait pas en compte tous les frais pour une colocation.\u00a0<\/span><\/p>\n<p><iframe loading=\"lazy\" title=\"Tout Savoir sur les Aides \u00e0 la Mobilit\u00e9 !\" width=\"500\" height=\"281\" src=\"https:\/\/www.youtube.com\/embed\/OJcNB_copwo?feature=oembed\" frameborder=\"0\" allow=\"accelerometer; autoplay; clipboard-write; encrypted-media; gyroscope; picture-in-picture; web-share\" referrerpolicy=\"strict-origin-when-cross-origin\" allowfullscreen><\/iframe><\/p>\n<div class='cta-block'><div class='text'>Simulez toutes vos Aides en 2 min.<\/div><a href='https:\/\/www.mes-allocs.fr\/ab-app?origin=guides\/wp-json\/wp\/v2\/posts\/71232' class='app-button fit'>Simulation gratuite<\/a><\/div>\n<h1><b>Quel \u00e9tait le montant de l&rsquo;aide Mobilipass ?\u00a0<\/b><\/h1>\n<p><span style=\"font-weight: 400;\">Si vous \u00e9tiez \u00e9ligible \u00e0 l\u2019aide Mobilipass, cette aide pouvait se pr\u00e9senter sous la forme d\u2019un <strong>pr\u00eat<\/strong> avec avec des int\u00e9r\u00eats r\u00e9duits, cela d\u00e9pendait des frais \u00e0 prendre en charge. Ou bien, sous la forme d\u2019une <strong>subvention<\/strong>, donc une aide non remboursable.\u00a0<\/span><\/p>\n<h2><b>Les frais pris en charge par Mobilipass\u00a0<\/b><\/h2>\n<p><span style=\"font-weight: 400;\">L\u2019aide Mobilipass permettait de prendre en charge certains frais, tel que les <strong>frais d\u2019agences<\/strong>. D\u2019autres d\u00e9penses \u00e9taient prises en compte,\u00a0 comme la recherche de logement, un accompagnement administratif, ou encore l\u2019assistance \u00e0 l\u2019installation.\u00a0<\/span><\/p>\n<p><span style=\"font-weight: 400;\">Les montants des plafonds variaient en fonction de la zone g\u00e9ographique du nouvel habitat.\u00a0<\/span><\/p>\n<ul>\n<li>Pour les zones A, A Bis et B1, 3.500 \u20ac maximum au total, dont 2.200 \u20ac sous forme de subvention et 1.300\u20ac euros maximum sous forme de pr\u00eat.<\/li>\n<li>Pour les zones B2, C et les DOM-TOM, 3.000 \u20ac maximum au total dont 1.900 \u20ac sous forme de subvention et 1.100 \u20ac maximum sous forme de pr\u00eat.<\/li>\n<\/ul>\n<h2><b>Les plafonds de revenus \u00e0 ne pas d\u00e9passer pour Mobilipass\u00a0<\/b><\/h2>\n<p><span style=\"font-weight: 400;\">Les plafonds de ressources ainsi que la composition du foyer \u00e9taient pris en compte pour d\u00e9terminer votre \u00e9ligibilit\u00e9 \u00e0 Mobilipass. La zone g\u00e9ographique du nouveau lieu de r\u00e9sidence rentrait \u00e9galement dans l&rsquo;\u00e9quation.\u00a0<\/span><\/p>\n<p><span style=\"font-weight: 400;\">Les plafonds \u00e9taient calcul\u00e9s \u00e0 N-2.\u00a0<\/span><\/p>\n<h2><b>Le Pr\u00eat Mobilipass pour les premiers loyers\u00a0<\/b><\/h2>\n<p><span style=\"font-weight: 400;\">Cette aide financi\u00e8re pouvait aussi prendre la forme d\u2019un pr\u00eat qui pouvait permettre de prendre en charge les <strong>frais li\u00e9s \u00e0 l\u2019ancien et au nouveau logement<\/strong>. Le pr\u00eat a diff\u00e9rentes caract\u00e9ristiques :\u00a0<\/span><\/p>\n<ul>\n<li style=\"font-weight: 400;\" aria-level=\"1\">pr\u00eat remboursable en 36 mois maximum<\/li>\n<li style=\"font-weight: 400;\" aria-level=\"1\">taux d\u2019int\u00e9r\u00eat nominal annuel : 1%<\/li>\n<\/ul>\n<p>Voici les frais concern\u00e9s par le pr\u00eat Mobilipass :<\/p>\n<ul>\n<li style=\"font-weight: 400;\" aria-level=\"1\">en cas de double r\u00e9sidence : financement possible de 4 mois de loyers et charges, redevances en foyer, r\u00e9sidence sociale, ou frais d\u2019h\u00f4tels<\/li>\n<li style=\"font-weight: 400;\" aria-level=\"1\">d\u00e9penses li\u00e9es \u00e0 l\u2019ancienne r\u00e9sidence : frais de notaire, d\u00e9penses li\u00e9es \u00e0 la mise en location ou \u00e0 la vente du logement<\/li>\n<li style=\"font-weight: 400;\" aria-level=\"1\">d\u00e9penses li\u00e9es \u00e0 la nouvelle r\u00e9sidence : indemnit\u00e9s de remboursement anticip\u00e9 de pr\u00eats cons\u00e9cutives \u00e0 la vente du logement, int\u00e9r\u00eats intercalaires de pr\u00eats relais<\/li>\n<\/ul>\n<h1><b>Quelles \u00e9taient les d\u00e9marches pour demander l&rsquo;aide Mobilipass ?\u00a0<\/b><\/h1>\n<p><span style=\"font-weight: 400;\">La demande de Mobilipass se faisait aupr\u00e8s de l&rsquo;organisme Action Logement. <\/span><span style=\"font-weight: 400;\">Elle devait se faire dans les 6 mois suivant l\u2019embauche, la mutation ou l\u2019envoi en formation du salari\u00e9. <\/span><\/p>\n<p><span style=\"font-weight: 400;\">Vous pouviez obtenir cette aide seulement une fois tous les 2 ans. Une seule personne au sein du foyer pouvait y avoir acc\u00e8s. Par exemple si votre conjoint(e) avait eu recours \u00e0 cette aide il y a un an, il aurait fallu attendre encore 1 an afin que vous puissiez en faire la demande.\u00a0<\/span><\/p>\n<p><span style=\"font-weight: 400;\">Dans les neufs mois suivant la signature de la convention Mobilipass, vous deviez justifier toutes vos factures, comme les quittances de loyers ou bien des factures diverses.\u00a0<\/span><\/p>\n<p><span style=\"font-weight: 400;\">Le versement de l&rsquo;aide avait lieu apr\u00e8s la pr\u00e9sentation des justificatifs. Le virement pouvait \u00eatre effectu\u00e9 au prestataire de mobilit\u00e9 directement si vous le choisissiez.\u00a0<\/span><\/p>\n<p>D\u00e9sormais, profitez de l&rsquo;aide Mobili Jeune !<\/p>\n<div class='cta-block'><div class='text'>Simulez toutes vos Aides en 2 min.<\/div><a href='https:\/\/www.mes-allocs.fr\/ab-app?origin=guides\/wp-json\/wp\/v2\/posts\/71232' class='app-button fit'>Simulation gratuite<\/a><\/div>\n","protected":false},"excerpt":{"rendered":"<p>L\u2019aide Mobilipass \u00e9tait une aide financi\u00e8re qui prenait en charge les frais d\u2019un logement locatif. Il s&rsquo;agissait d&rsquo;une aide \u00e0 la mobilit\u00e9 que vous pouviez recevoir sous forme de pr\u00eat avec un taux r\u00e9duit, ou de subventions.\u00a0\u00a0 D\u00e9sormais, l&rsquo;aide Mobili Pass n&rsquo;est plus disponible. Vous ne pouvez plus d\u00e9poser de demande. Toutefois, vous \u00eates peut-\u00eatre [&hellip;]<\/p>\n","protected":false},"author":27,"featured_media":51105,"comment_status":"closed","ping_status":"open","sticky":false,"template":"","format":"standard","meta":{"amp_status":"","footnotes":""},"categories":[29],"tags":[],"class_list":["post-71232","post","type-post","status-publish","format-standard","has-post-thumbnail","hentry","category-aide-mobilite"],"yoast_head":"<!-- This site is optimized with the Yoast SEO plugin v14.9 - https:\/\/yoast.com\/wordpress\/plugins\/seo\/ -->\n<title>Aide Mobilipass 2025 : conditions, montants, d\u00e9marches | Mes-Allocs.fr<\/title>\n<meta name=\"description\" content=\"L\u2019aide Mobilipass \u00e9tait une aide financi\u00e8re qui prenait en charge les frais d\u2019un logement locatif en cas de mobilit\u00e9 professionnelle.\" \/>\n<meta name=\"robots\" content=\"index, follow, max-snippet:-1, max-image-preview:large, max-video-preview:-1\" \/>\n<link rel=\"canonical\" href=\"https:\/\/www.mes-allocs.fr\/guides\/aide-mobilite\/mobilipass\/\" \/>\n<meta property=\"og:locale\" content=\"fr_FR\" \/>\n<meta property=\"og:type\" content=\"article\" \/>\n<meta property=\"og:title\" content=\"Aide Mobilipass 2025 : conditions, montants, d\u00e9marches | Mes-Allocs.fr\" \/>\n<meta property=\"og:description\" content=\"L\u2019aide Mobilipass \u00e9tait une aide financi\u00e8re qui prenait en charge les frais d\u2019un logement locatif en cas de mobilit\u00e9 professionnelle.\" \/>\n<meta property=\"og:url\" content=\"https:\/\/www.mes-allocs.fr\/guides\/aide-mobilite\/mobilipass\/\" \/>\n<meta property=\"og:site_name\" content=\"Mes-Allocs.fr\" \/>\n<meta property=\"article:published_time\" content=\"2023-11-29T20:01:23+00:00\" \/>\n<meta property=\"article:modified_time\" content=\"2025-03-27T15:35:11+00:00\" \/>\n<meta property=\"og:image\" content=\"https:\/\/www.mes-allocs.fr\/guides\/wp-content\/uploads\/2022\/05\/Aide-au-demenagement-pour-un-premier-emploi2.jpg?wsr\" \/>\n\t<meta property=\"og:image:width\" content=\"612\" \/>\n\t<meta property=\"og:image:height\" content=\"408\" \/>\n<meta name=\"twitter:card\" content=\"summary_large_image\" \/>\n<script type=\"application\/ld+json\" class=\"yoast-schema-graph\">{\"@context\":\"https:\/\/schema.org\",\"@graph\":[{\"@type\":\"WebSite\",\"@id\":\"https:\/\/www.mes-allocs.fr\/guides\/#website\",\"url\":\"https:\/\/www.mes-allocs.fr\/guides\/\",\"name\":\"Mes-Allocs.fr\",\"description\":\"\",\"potentialAction\":[{\"@type\":\"SearchAction\",\"target\":\"https:\/\/www.mes-allocs.fr\/guides\/?s={search_term_string}\",\"query-input\":\"required name=search_term_string\"}],\"inLanguage\":\"fr-FR\"},{\"@type\":\"ImageObject\",\"@id\":\"https:\/\/www.mes-allocs.fr\/guides\/aide-mobilite\/mobilipass\/#primaryimage\",\"inLanguage\":\"fr-FR\",\"url\":\"https:\/\/www.mes-allocs.fr\/guides\/wp-content\/uploads\/2022\/05\/Aide-au-demenagement-pour-un-premier-emploi2.jpg?wsr\",\"width\":612,\"height\":408,\"caption\":\"aide mobilipass\"},{\"@type\":\"WebPage\",\"@id\":\"https:\/\/www.mes-allocs.fr\/guides\/aide-mobilite\/mobilipass\/#webpage\",\"url\":\"https:\/\/www.mes-allocs.fr\/guides\/aide-mobilite\/mobilipass\/\",\"name\":\"Aide Mobilipass 2025 : conditions, montants, d\\u00e9marches | Mes-Allocs.fr\",\"isPartOf\":{\"@id\":\"https:\/\/www.mes-allocs.fr\/guides\/#website\"},\"primaryImageOfPage\":{\"@id\":\"https:\/\/www.mes-allocs.fr\/guides\/aide-mobilite\/mobilipass\/#primaryimage\"},\"datePublished\":\"2023-11-29T20:01:23+00:00\",\"dateModified\":\"2025-03-27T15:35:11+00:00\",\"author\":{\"@id\":\"https:\/\/www.mes-allocs.fr\/guides\/#\/schema\/person\/7a9b61e7b715d477066a9f941c0440c7\"},\"description\":\"L\\u2019aide Mobilipass \\u00e9tait une aide financi\\u00e8re qui prenait en charge les frais d\\u2019un logement locatif en cas de mobilit\\u00e9 professionnelle.\",\"inLanguage\":\"fr-FR\"},{\"@type\":\"Person\",\"@id\":\"https:\/\/www.mes-allocs.fr\/guides\/#\/schema\/person\/7a9b61e7b715d477066a9f941c0440c7\",\"name\":\"L\\u00e9o Martin\",\"image\":{\"@type\":\"ImageObject\",\"@id\":\"https:\/\/www.mes-allocs.fr\/guides\/#personlogo\",\"inLanguage\":\"fr-FR\",\"url\":\"https:\/\/www.mes-allocs.fr\/guides\/wp-content\/uploads\/2023\/12\/1635317753781-e1701432075572-150x150.jpg\",\"caption\":\"L\\u00e9o Martin\"},\"description\":\"L\\u00e9o est r\\u00e9dacteur au sein de l'\\u00e9quipe Mes Allocs, sp\\u00e9cialis\\u00e9 sur les th\\u00e9matiques pouvoir d'achat et aides. Il rejoint Mes Allocs apr\\u00e8s une premi\\u00e8re exp\\u00e9rience en tant que journaliste chez La Gazette Cagnoise et Nice Presse.\",\"sameAs\":[\"https:\/\/www.linkedin.com\/in\/lo-martin-3429bb224\"]}]}<\/script>\n<!-- \/ Yoast SEO plugin. -->","amp_validity":null,"acf":{"faq":{"1":{"question":"Quelles sont les conditions pour b\u00e9neficier du dispositif Mobilipass ?","answer":"Pour b\u00e9n\u00e9ficier de Mobilipass il faut \u00eatre embaucher, \u00eatre mut\u00e9, envoy\u00e9 en formation ou alors l'entreprise \u00e0 d\u00e9m\u00e9nag\u00e9. Le logement doit \u00eatre situ\u00e9 \u00e0 plus de 70 km de l'ancienne r\u00e9sidence, sauf si d\u00e9m\u00e9nagement de l'entreprise. Ou alors plus de 1h15 de trajet. \r\n"},"2":{"question":"Comment faire la demande Mobilipass ?","answer":"Il faut se rendre sur le site d'action logement afin de faire les d\u00e9marches. Dans les 6 mois suivant l\u2019embauche, la mutation ou l\u2019envoi en formation du salari\u00e9."},"3":{"question":"Quels sont les aides de Mobilipass ? ","answer":"Cette aide peut se pr\u00e9senter sous la forme d\u2019un pr\u00eat avec avec des int\u00e9r\u00eats r\u00e9duits, cela d\u00e9pend des frais \u00e0 prendre en charge. Ou bien, sous la forme d\u2019une subvention, donc une aide non remboursable.\u00a0"},"4":{"question":"Quels sont les frais pris en charge par Mobilipass ? ","answer":"L\u2019aide Mobilipass permet de prendre en charge certains frais, tel que les frais d\u2019agence ou d\u2019autres d\u00e9penses comme la recherche de logement, un accompagnement administratif, ou encore l\u2019assistance \u00e0 l\u2019installation.\u00a0"},"5":{"question":"Quel est le montant des aides Mobilipass ? ","answer":"Le montant peut varier entre 2 200 \u20ac et 3 500 \u20ac pour les zone A, A bis et B1. Pour les zone B2 et C, le montant est entre 1 900\u20ac et 3 500 \u20ac"},"6":{"question":"","answer":""},"7":{"question":"","answer":""},"8":{"question":"","answer":""},"9":{"question":"","answer":""},"10":{"question":"","answer":""},"11":{"question":"","answer":""},"12":{"question":"","answer":""},"13":{"question":"","answer":""},"14":{"question":"","answer":""},"15":{"question":"","answer":""},"16":{"question":"","answer":""}}},"_links":{"self":[{"href":"https:\/\/www.mes-allocs.fr\/guides\/wp-json\/wp\/v2\/posts\/71232","targetHints":{"allow":["GET"]}}],"collection":[{"href":"https:\/\/www.mes-allocs.fr\/guides\/wp-json\/wp\/v2\/posts"}],"about":[{"href":"https:\/\/www.mes-allocs.fr\/guides\/wp-json\/wp\/v2\/types\/post"}],"author":[{"embeddable":true,"href":"https:\/\/www.mes-allocs.fr\/guides\/wp-json\/wp\/v2\/users\/27"}],"replies":[{"embeddable":true,"href":"https:\/\/www.mes-allocs.fr\/guides\/wp-json\/wp\/v2\/comments?post=71232"}],"version-history":[{"count":34,"href":"https:\/\/www.mes-allocs.fr\/guides\/wp-json\/wp\/v2\/posts\/71232\/revisions"}],"predecessor-version":[{"id":97072,"href":"https:\/\/www.mes-allocs.fr\/guides\/wp-json\/wp\/v2\/posts\/71232\/revisions\/97072"}],"wp:featuredmedia":[{"embeddable":true,"href":"https:\/\/www.mes-allocs.fr\/guides\/wp-json\/wp\/v2\/media\/51105"}],"wp:attachment":[{"href":"https:\/\/www.mes-allocs.fr\/guides\/wp-json\/wp\/v2\/media?parent=71232"}],"wp:term":[{"taxonomy":"category","embeddable":true,"href":"https:\/\/www.mes-allocs.fr\/guides\/wp-json\/wp\/v2\/categories?post=71232"},{"taxonomy":"post_tag","embeddable":true,"href":"https:\/\/www.mes-allocs.fr\/guides\/wp-json\/wp\/v2\/tags?post=71232"}],"curies":[{"name":"wp","href":"https:\/\/api.w.org\/{rel}","templated":true}]}}