{"id":71201,"date":"2023-11-24T15:26:40","date_gmt":"2023-11-24T13:26:40","guid":{"rendered":"https:\/\/www.mes-allocs.fr\/guides\/?p=71201"},"modified":"2026-03-03T16:27:38","modified_gmt":"2026-03-03T15:27:38","slug":"accompagnement-reconversion-professionnelle","status":"publish","type":"post","link":"https:\/\/www.mes-allocs.fr\/guides\/reconversion-professionnelle\/accompagnement-reconversion-professionnelle\/","title":{"rendered":"Les avantages d&rsquo;un accompagnement pour votre reconversion professionnelle"},"content":{"rendered":"<p><img loading=\"lazy\" decoding=\"async\" class=\"alignnone wp-image-71205 size-full\" title=\"accompagnement reconversion professionnelle\" src=\"https:\/\/www.mes-allocs.fr\/guides\/wp-content\/uploads\/2023\/11\/avantages-accompagnement-reconversion-1-e1700829018998.png\" alt=\"accompagnement reconversion professionnelle\" width=\"1280\" height=\"268\" srcset=\"https:\/\/www.mes-allocs.fr\/guides\/wp-content\/uploads\/2023\/11\/avantages-accompagnement-reconversion-1-e1700829018998.png 1280w, https:\/\/www.mes-allocs.fr\/guides\/wp-content\/uploads\/2023\/11\/avantages-accompagnement-reconversion-1-e1700829018998-300x63.png 300w, https:\/\/www.mes-allocs.fr\/guides\/wp-content\/uploads\/2023\/11\/avantages-accompagnement-reconversion-1-e1700829018998-1024x214.png 1024w, https:\/\/www.mes-allocs.fr\/guides\/wp-content\/uploads\/2023\/11\/avantages-accompagnement-reconversion-1-e1700829018998-768x161.png 768w, https:\/\/www.mes-allocs.fr\/guides\/wp-content\/uploads\/2023\/11\/avantages-accompagnement-reconversion-1-e1700829018998-600x126.png 600w\" sizes=\"auto, (max-width: 1280px) 100vw, 1280px\" \/><\/p>\n<p>[Mis \u00e0 jour le 03\/03\/2026] Dans un monde professionnel en constante \u00e9volution, la <a href=\"https:\/\/www.mes-allocs.fr\/guides\/reconversion-professionnelle\/\">reconversion professionnelle<\/a> devient un choix courant pour de nombreux individus. Pour r\u00e9ussir cette transition majeure, \u00eatre accompagn\u00e9(e) dans ce processus peut repr\u00e9senter un atout ind\u00e9niable. Les professionnels de l&rsquo;accompagnement offrent un soutien pr\u00e9cieux tout au long de cette transformation, offrant des avantages consid\u00e9rables pour ceux qui cherchent \u00e0 se r\u00e9inventer. Voici les principaux avantages d&rsquo;un <strong>accompagnement pour une reconversion professionnelle<\/strong>.<\/p>\n<div class='cta-block'><div class='text'>Profitez de notre bilan de comp\u00e9tences financ\u00e9 par vos droits formation.<\/div><a href='https:\/\/www.formademia.fr\/coaching' class='app-button fit'>En savoir plus<\/a><\/div>\n<div data-hveid=\"CAIQAQ\">\n<div class=\"dnXCYb\" tabindex=\"0\" role=\"button\" aria-controls=\"_sZhgZdTsB87skdUPjvWTsAQ_5\" aria-expanded=\"true\">\n<div class=\"aj35ze\">\n<h1><strong>La guidance personnalis\u00e9e et l&rsquo;expertise professionnelle<\/strong><\/h1>\n<h2>L&rsquo;a<strong>cc\u00e8s \u00e0 un accompagnement sur mesure<\/strong><\/h2>\n<p>Dans une reconversion professionnelle, chaque individu a des besoins sp\u00e9cifiques et des objectifs uniques. L&rsquo;accompagnement personnalis\u00e9 offre une r\u00e9ponse adapt\u00e9e \u00e0 chaque situation. Les professionnels de l&rsquo;accompagnement prennent le temps de comprendre les aspirations, les comp\u00e9tences et les int\u00e9r\u00eats de chaque individu. Cela se traduit par une assistance sur mesure, \u00e9labor\u00e9e pour r\u00e9pondre pr\u00e9cis\u00e9ment aux besoins de la personne en reconversion.<\/p>\n<p>Qu&rsquo;il s&rsquo;agisse de la d\u00e9finition d&rsquo;objectifs professionnels clairs, de l&rsquo;identification des comp\u00e9tences transf\u00e9rables, de l&rsquo;orientation vers des formations pertinentes ou encore de la construction d&rsquo;un plan d&rsquo;action r\u00e9aliste, cette guidance personnalis\u00e9e offre un accompagnement adapt\u00e9 \u00e0 chaque \u00e9tape du processus de reconversion.<\/p>\n<h2>Le b<strong>\u00e9n\u00e9fice de l&rsquo;expertise et des conseils professionnels<\/strong><\/h2>\n<p>Les experts de la reconversion poss\u00e8dent une connaissance approfondie des dynamiques du march\u00e9 du travail, des secteurs \u00e9mergents et des comp\u00e9tences recherch\u00e9es. Leur expertise permet de guider efficacement les personnes en reconversion vers des secteurs porteurs, align\u00e9s avec leurs comp\u00e9tences et aspirations.<\/p>\n<p>Ces professionnels apportent des conseils avis\u00e9s sur la fa\u00e7on de valoriser son parcours professionnel ant\u00e9rieur, d&rsquo;identifier les opportunit\u00e9s d&#8217;emploi, de pr\u00e9parer des entretiens, voire m\u00eame de d\u00e9velopper des r\u00e9seaux professionnels. Leurs conseils \u00e9clair\u00e9s constituent une v\u00e9ritable boussole dans le processus de transition professionnelle, facilitant ainsi une <a href=\"https:\/\/www.mes-allocs.fr\/guides\/reconversion-professionnelle\/reussir-sa-reconversion-professionnelle\/\">reconversion r\u00e9ussie<\/a> et \u00e9panouissante.<\/p>\n<p><iframe loading=\"lazy\" title=\"La reconversion professionnelle\" width=\"500\" height=\"281\" src=\"https:\/\/www.youtube.com\/embed\/EiVUthswxl0?feature=oembed\" frameborder=\"0\" allow=\"accelerometer; autoplay; clipboard-write; encrypted-media; gyroscope; picture-in-picture; web-share\" referrerpolicy=\"strict-origin-when-cross-origin\" allowfullscreen><\/iframe><\/p>\n<\/div>\n<h1>Le d\u00e9veloppement de vos comp\u00e9tences et la confiance en vous<\/h1>\n<h2>L&rsquo;acquisition de nouvelles comp\u00e9tences et connaissances<\/h2>\n<p>Dans le cadre de votre reconversion, vous avez l&rsquo;opportunit\u00e9 d&rsquo;explorer de nouveaux domaines, d&rsquo;apprendre des comp\u00e9tences sp\u00e9cifiques et d&rsquo;acqu\u00e9rir des connaissances approfondies. Cette acquisition enrichit votre bagage professionnel, vous permettant ainsi de vous adapter aux nouvelles exigences du march\u00e9 du travail.<\/p>\n<h2>Le renforcement de votre confiance et de l&rsquo;estime de vous<\/h2>\n<p>Ce processus de transition professionnelle est \u00e9galement une p\u00e9riode propice pour renforcer votre confiance en vous. En franchissant des \u00e9tapes vers un nouveau m\u00e9tier ou une nouvelle carri\u00e8re, vous gagnez en assurance et en estime de vous-m\u00eame. Cette \u00e9volution personnelle est une ressource pr\u00e9cieuse pour affronter les d\u00e9fis de votre nouvel environnement professionnel.<\/p>\n<\/div>\n<h1>Le r\u00e9seau et les opportunit\u00e9s<\/h1>\n<h2>L&rsquo;\u00e9largissement de votre r\u00e9seau professionnel<\/h2>\n<p>En vous engageant dans une reconversion, vous avez la possibilit\u00e9 d&rsquo;\u00e9tendre votre cercle professionnel. Ce changement vous offre la chance de rencontrer de nouvelles personnes, d&rsquo;interagir avec des experts du secteur vis\u00e9 et de cr\u00e9er des liens pr\u00e9cieux au sein de cette communaut\u00e9.<\/p>\n<h2>L&rsquo;acc\u00e8s \u00e0 des opportunit\u00e9s professionnelles potentielles<\/h2>\n<p>La reconversion vous ouvre les portes vers de nouvelles opportunit\u00e9s. En explorant un domaine diff\u00e9rent, vous augmentez vos chances de d\u00e9couvrir des d\u00e9bouch\u00e9s professionnels in\u00e9dits et d&rsquo;acc\u00e9der \u00e0 des postes ou des missions align\u00e9s avec vos aspirations et vos comp\u00e9tences nouvellement acquises.<\/p>\n<div class='cta-block'><div class='text'>Profitez de notre bilan de comp\u00e9tences financ\u00e9 par vos droits formation.<\/div><a href='https:\/\/www.formademia.fr\/coaching' class='app-button fit'>En savoir plus<\/a><\/div>\n<h1>Quelles sont les aides pour la reconversion professionnelle d&rsquo;un salari\u00e9 ?<\/h1>\n<p>Les <a href=\"https:\/\/www.mes-allocs.fr\/guides\/reconversion-professionnelle\/aide-reconversion-professionnelle\/\">soutiens pour une reconversion professionnelle<\/a> sont vari\u00e9s, qu&rsquo;on soit employ\u00e9 ou demandeur d&#8217;emploi. Voici une vue d&rsquo;ensemble des aides disponibles :<\/p>\n<h2>Bilan de comp\u00e9tences et Plan de D\u00e9veloppement des Comp\u00e9tences (PDC)<\/h2>\n<ul>\n<li><a href=\"https:\/\/www.mes-allocs.fr\/guides\/reconversion-professionnelle\/bilan-de-competences\/\"><strong>Bilan de comp\u00e9tences<\/strong><\/a> : un bilan exhaustif sur votre parcours, comp\u00e9tences et motivations, r\u00e9alisable en dehors ou pendant le travail, offrant une \u00e9valuation globale de votre trajectoire professionnelle.<\/li>\n<li><strong>Plan de D\u00e9veloppement des Comp\u00e9tences (PDC)<\/strong> : pr\u00e9c\u00e9demment nomm\u00e9 Plan de Formation, ce plan est initi\u00e9 par l&#8217;employeur pour favoriser l&rsquo;acquisition de nouvelles comp\u00e9tences ou le d\u00e9veloppement au sein de l&rsquo;entreprise actuelle. Il maintient la r\u00e9mun\u00e9ration pendant la formation, avec des frais suppl\u00e9mentaires pris en charge par l\u2019employeur.<\/li>\n<\/ul>\n<h2>Le Compte Personnel de Formation et le Projet de transition professionnelle (PTP)<\/h2>\n<ul>\n<li><strong>Compte Personnel de Formation (CPF)<\/strong> : une r\u00e9serve financi\u00e8re cumul\u00e9e chaque ann\u00e9e pour des formations. Ce cr\u00e9dit permet d&rsquo;acc\u00e9der \u00e0 des formations choisies et maintient la r\u00e9mun\u00e9ration pendant la p\u00e9riode de formation. Des abondements sont possibles si le solde est insuffisant.<\/li>\n<li><strong>Projet de transition professionnelle (PTP)<\/strong> : autrefois connu sous le nom de Cong\u00e9 Individuel de Formation (CIF), ce dispositif permet aux salari\u00e9s de suivre une formation pour une reconversion, tout en maintenant leur r\u00e9mun\u00e9ration pendant la dur\u00e9e de la formation.<\/li>\n<li><strong>P\u00e9riode de reconversion<\/strong> : destin\u00e9 \u00e0 permettre aux salari\u00e9s de tous statuts de changer de m\u00e9tier via une formation certifiante (150-450h, extensible \u00e0 2100h). Financ\u00e9e par l&rsquo;OPCO avec compl\u00e9ment CPF possible, elle suspend le contrat pour mobilit\u00e9 externe ou le maintient pour reconversion interne, avec salaire garanti pendant la formation.<\/li>\n<\/ul>\n<p>Prenez <a href=\"https:\/\/www.formademia.fr\/formulaire\/coaching\">rendez-vous avec un conseiller Mes Allocs<\/a> pour r\u00e9aliser votre reconversion professionnelle et connaitre toutes les aides disponibles !<\/p>\n<div class=\"flex-shrink-0 flex flex-col relative items-end\">\n<div>\n<div class=\"pt-0.5\">\n<div class=\"gizmo-shadow-stroke flex h-6 w-6 items-center justify-center overflow-hidden rounded-full\">\n<h1 class=\"relative p-1 rounded-sm h-9 w-9 text-white flex items-center justify-center\">Tout savoir sur la reconversion professionnelle<\/h1>\n<h2>D\u00e9finition de la reconversion professionnelle<\/h2>\n<div class=\"relative p-1 rounded-sm h-9 w-9 text-white flex items-center justify-center\">La reconversion professionnelle est un parcours complexe pour tout individu souhaitant changer de m\u00e9tier. Cela n\u00e9cessite une r\u00e9flexion approfondie, abordant \u00e0 la fois les d\u00e9fis rencontr\u00e9s et les aspirations dans le domaine professionnel \u00e0 venir.<\/div>\n<h2>Les raisons qui poussent \u00e0 une r\u00e9orientation professionnelle<\/h2>\n<\/div>\n<\/div>\n<\/div>\n<\/div>\n<div class=\"relative flex w-[calc(100%-50px)] flex-col gizmo:w-full lg:w-[calc(100%-115px)] agent-turn\">\n<div class=\"flex-col gap-1 md:gap-3\">\n<div class=\"flex flex-grow flex-col max-w-full gap-3 gizmo:gap-0\">\n<div class=\"min-h-[20px] text-message flex flex-col items-start gap-3 whitespace-pre-wrap break-words [.text-message+&amp;]:mt-5 overflow-x-auto\" data-message-author-role=\"assistant\" data-message-id=\"3fdafd2b-f4ef-4bea-8f92-7836d95193bd\">\n<div class=\"markdown prose w-full break-words dark:prose-invert dark\">\n<p>Identifier un m\u00e9tier correspondant \u00e0 ses aspirations profondes est l&rsquo;objectif principal de cette transition. Cette d\u00e9marche exige une concentration importante et peut \u00eatre accompagn\u00e9e par des professionnels tels que des coachs ou des bilans de comp\u00e9tences. Cette \u00e9tape comprend \u00e9galement la mise \u00e0 jour du CV et la r\u00e9daction d&rsquo;une lettre de motivation percutante.<\/p>\n<p>Les motivations pour une reconversion sont vari\u00e9es et touchent tous les niveaux de carri\u00e8re. Elles peuvent r\u00e9sulter d&rsquo;une insatisfaction dans le poste actuel, d&rsquo;un choix initial menant \u00e0 une instabilit\u00e9 professionnelle, d&rsquo;une mauvaise ambiance de travail prolong\u00e9e, voire d&rsquo;une incapacit\u00e9 physique li\u00e9e \u00e0 un accident. Parfois, c&rsquo;est simplement une envie pressante de r\u00e9aliser un r\u00eave professionnel plus \u00e9panouissant qui motive cette transition.<\/p>\n<div class='cta-block'><div class='text'>Profitez de notre bilan de comp\u00e9tences financ\u00e9 par vos droits formation.<\/div><a href='https:\/\/www.formademia.fr\/coaching' class='app-button fit'>En savoir plus<\/a><\/div>\n<\/div>\n<\/div>\n<\/div>\n<\/div>\n<\/div>\n<\/div>\n","protected":false},"excerpt":{"rendered":"<p>[Mis \u00e0 jour le 03\/03\/2026] Dans un monde professionnel en constante \u00e9volution, la reconversion professionnelle devient un choix courant pour de nombreux individus. Pour r\u00e9ussir cette transition majeure, \u00eatre accompagn\u00e9(e) dans ce processus peut repr\u00e9senter un atout ind\u00e9niable. Les professionnels de l&rsquo;accompagnement offrent un soutien pr\u00e9cieux tout au long de cette transformation, offrant des avantages [&hellip;]<\/p>\n","protected":false},"author":26,"featured_media":71204,"comment_status":"closed","ping_status":"open","sticky":false,"template":"","format":"standard","meta":{"amp_status":"","footnotes":""},"categories":[5081],"tags":[],"class_list":["post-71201","post","type-post","status-publish","format-standard","has-post-thumbnail","hentry","category-reconversion-professionnelle"],"yoast_head":"<!-- This site is optimized with the Yoast SEO plugin v14.9 - https:\/\/yoast.com\/wordpress\/plugins\/seo\/ -->\n<title>Accompagnement reconversion professionnelle : quels avantages ?<\/title>\n<meta name=\"description\" content=\"Vous envisagez une reconversion professionnelle ? D\u00e9couvrez les avantages d&#039;un accompagnement avec des professionnels.\" \/>\n<meta name=\"robots\" content=\"index, follow, max-snippet:-1, max-image-preview:large, max-video-preview:-1\" \/>\n<link rel=\"canonical\" href=\"https:\/\/www.mes-allocs.fr\/guides\/reconversion-professionnelle\/accompagnement-reconversion-professionnelle\/\" \/>\n<meta property=\"og:locale\" content=\"fr_FR\" \/>\n<meta property=\"og:type\" content=\"article\" \/>\n<meta property=\"og:title\" content=\"Accompagnement reconversion professionnelle : quels avantages ?\" \/>\n<meta property=\"og:description\" content=\"Vous envisagez une reconversion professionnelle ? D\u00e9couvrez les avantages d&#039;un accompagnement avec des professionnels.\" \/>\n<meta property=\"og:url\" content=\"https:\/\/www.mes-allocs.fr\/guides\/reconversion-professionnelle\/accompagnement-reconversion-professionnelle\/\" \/>\n<meta property=\"og:site_name\" content=\"Mes-Allocs.fr\" \/>\n<meta property=\"article:published_time\" content=\"2023-11-24T13:26:40+00:00\" \/>\n<meta property=\"article:modified_time\" content=\"2026-03-03T15:27:38+00:00\" \/>\n<meta property=\"og:image\" content=\"https:\/\/www.mes-allocs.fr\/guides\/wp-content\/uploads\/2023\/11\/avantages-accompagnement-reconversion.png?wsr\" \/>\n\t<meta property=\"og:image:width\" content=\"1280\" \/>\n\t<meta property=\"og:image:height\" content=\"1280\" \/>\n<meta name=\"twitter:card\" content=\"summary_large_image\" \/>\n<script type=\"application\/ld+json\" class=\"yoast-schema-graph\">{\"@context\":\"https:\/\/schema.org\",\"@graph\":[{\"@type\":\"WebSite\",\"@id\":\"https:\/\/www.mes-allocs.fr\/guides\/#website\",\"url\":\"https:\/\/www.mes-allocs.fr\/guides\/\",\"name\":\"Mes-Allocs.fr\",\"description\":\"\",\"potentialAction\":[{\"@type\":\"SearchAction\",\"target\":\"https:\/\/www.mes-allocs.fr\/guides\/?s={search_term_string}\",\"query-input\":\"required name=search_term_string\"}],\"inLanguage\":\"fr-FR\"},{\"@type\":\"ImageObject\",\"@id\":\"https:\/\/www.mes-allocs.fr\/guides\/reconversion-professionnelle\/accompagnement-reconversion-professionnelle\/#primaryimage\",\"inLanguage\":\"fr-FR\",\"url\":\"https:\/\/www.mes-allocs.fr\/guides\/wp-content\/uploads\/2023\/11\/avantages-accompagnement-reconversion.png?wsr\",\"width\":1280,\"height\":1280,\"caption\":\"accompagnement reconversion professionnelle\"},{\"@type\":\"WebPage\",\"@id\":\"https:\/\/www.mes-allocs.fr\/guides\/reconversion-professionnelle\/accompagnement-reconversion-professionnelle\/#webpage\",\"url\":\"https:\/\/www.mes-allocs.fr\/guides\/reconversion-professionnelle\/accompagnement-reconversion-professionnelle\/\",\"name\":\"Accompagnement reconversion professionnelle : quels avantages ?\",\"isPartOf\":{\"@id\":\"https:\/\/www.mes-allocs.fr\/guides\/#website\"},\"primaryImageOfPage\":{\"@id\":\"https:\/\/www.mes-allocs.fr\/guides\/reconversion-professionnelle\/accompagnement-reconversion-professionnelle\/#primaryimage\"},\"datePublished\":\"2023-11-24T13:26:40+00:00\",\"dateModified\":\"2026-03-03T15:27:38+00:00\",\"author\":{\"@id\":\"https:\/\/www.mes-allocs.fr\/guides\/#\/schema\/person\/9c38f3be41a0ddcd1e3fde5a3df713bf\"},\"description\":\"Vous envisagez une reconversion professionnelle ? D\\u00e9couvrez les avantages d'un accompagnement avec des professionnels.\",\"inLanguage\":\"fr-FR\"},{\"@type\":\"Person\",\"@id\":\"https:\/\/www.mes-allocs.fr\/guides\/#\/schema\/person\/9c38f3be41a0ddcd1e3fde5a3df713bf\",\"name\":\"Sessime Ananou\",\"image\":{\"@type\":\"ImageObject\",\"@id\":\"https:\/\/www.mes-allocs.fr\/guides\/#personlogo\",\"inLanguage\":\"fr-FR\",\"url\":\"https:\/\/www.mes-allocs.fr\/guides\/wp-content\/uploads\/2023\/08\/IMG_8173-150x150.jpg\",\"caption\":\"Sessime Ananou\"},\"description\":\"Sessime est r\\u00e9dactrice chez Mes Allocs, sp\\u00e9cialis\\u00e9e sur le pouvoir d'achat. Elle rejoint l'\\u00e9quipe Mes Allocs en ao\\u00fbt 2023 afin de simplifier l'acc\\u00e8s \\u00e0 l'information sur les aides en g\\u00e9n\\u00e9ral.\"}]}<\/script>\n<!-- \/ Yoast SEO plugin. -->","amp_validity":null,"acf":{"faq":{"1":{"question":"Comment appelle-t-on un changement de m\u00e9tier ?","answer":"La reconversion professionnelle."},"2":{"question":"Comment expliquer une reconversion professionnelle ?","answer":"En optant pour cette reconversion, vous pourrez embrasser un m\u00e9tier qui correspondra pleinement \u00e0 vos aspirations et \u00e0 vos besoins."},"3":{"question":"Comment bien vivre sa reconversion professionnelle ?","answer":"Assurez-vous de faire le bon choix.\r\nAcceptez d'\u00eatre accompagn\u00e9.\r\nFaites-vous confiance.\r\nV\u00e9rifiez que vous ne p\u00e9n\u00e9trez pas dans une voie sans issue.\r\nInspirez-vous et testez si possible."},"4":{"question":"Comment expliquer qu'on veut changer de travail ?","answer":"Je cherche de nouveaux d\u00e9fis professionnels pour \u00e9largir mes comp\u00e9tences et explorer de nouvelles opportunit\u00e9s."},"5":{"question":"Quelle est la meilleure reconversion professionnelle ?","answer":"Le secteur de l'automobile, de l'a\u00e9ronautique, du spatial, de la p\u00e9trochimie ou encore du BTP font partie des principaux recruteurs."},"6":{"question":"Quelles sont les \u00e9tapes d'une reconversion professionnelle ?","answer":"Comprendre ses motivations.\r\nFaire un bilan.\r\nD\u00e9couvrir l'environnement et le m\u00e9tier.\r\nSe former.\r\nS'organiser.\r\nObtenir des aides."},"7":{"question":"","answer":""},"8":{"question":"","answer":""},"9":{"question":"","answer":""},"10":{"question":"","answer":""},"11":{"question":"","answer":""},"12":{"question":"","answer":""},"13":{"question":"","answer":""},"14":{"question":"","answer":""},"15":{"question":"","answer":""},"16":{"question":"","answer":""}}},"_links":{"self":[{"href":"https:\/\/www.mes-allocs.fr\/guides\/wp-json\/wp\/v2\/posts\/71201","targetHints":{"allow":["GET"]}}],"collection":[{"href":"https:\/\/www.mes-allocs.fr\/guides\/wp-json\/wp\/v2\/posts"}],"about":[{"href":"https:\/\/www.mes-allocs.fr\/guides\/wp-json\/wp\/v2\/types\/post"}],"author":[{"embeddable":true,"href":"https:\/\/www.mes-allocs.fr\/guides\/wp-json\/wp\/v2\/users\/26"}],"replies":[{"embeddable":true,"href":"https:\/\/www.mes-allocs.fr\/guides\/wp-json\/wp\/v2\/comments?post=71201"}],"version-history":[{"count":9,"href":"https:\/\/www.mes-allocs.fr\/guides\/wp-json\/wp\/v2\/posts\/71201\/revisions"}],"predecessor-version":[{"id":109993,"href":"https:\/\/www.mes-allocs.fr\/guides\/wp-json\/wp\/v2\/posts\/71201\/revisions\/109993"}],"wp:featuredmedia":[{"embeddable":true,"href":"https:\/\/www.mes-allocs.fr\/guides\/wp-json\/wp\/v2\/media\/71204"}],"wp:attachment":[{"href":"https:\/\/www.mes-allocs.fr\/guides\/wp-json\/wp\/v2\/media?parent=71201"}],"wp:term":[{"taxonomy":"category","embeddable":true,"href":"https:\/\/www.mes-allocs.fr\/guides\/wp-json\/wp\/v2\/categories?post=71201"},{"taxonomy":"post_tag","embeddable":true,"href":"https:\/\/www.mes-allocs.fr\/guides\/wp-json\/wp\/v2\/tags?post=71201"}],"curies":[{"name":"wp","href":"https:\/\/api.w.org\/{rel}","templated":true}]}}