{"id":71192,"date":"2023-11-23T18:53:20","date_gmt":"2023-11-23T16:53:20","guid":{"rendered":"https:\/\/www.mes-allocs.fr\/guides\/?p=71192"},"modified":"2026-03-03T16:21:09","modified_gmt":"2026-03-03T15:21:09","slug":"erreurs-reconversion-professionnelle","status":"publish","type":"post","link":"https:\/\/www.mes-allocs.fr\/guides\/reconversion-professionnelle\/erreurs-reconversion-professionnelle\/","title":{"rendered":"Quatre erreurs \u00e0 \u00e9viter dans une reconversion professionnelle"},"content":{"rendered":"<p><img loading=\"lazy\" decoding=\"async\" class=\"alignnone wp-image-71196 size-full\" title=\"erreurs reconversion professionnelle\" src=\"https:\/\/www.mes-allocs.fr\/guides\/wp-content\/uploads\/2023\/11\/erreurs-reconversion-professionnelle--e1700757739635.png\" alt=\"erreurs reconversion professionnelle\" width=\"1280\" height=\"297\" srcset=\"https:\/\/www.mes-allocs.fr\/guides\/wp-content\/uploads\/2023\/11\/erreurs-reconversion-professionnelle--e1700757739635.png 1280w, https:\/\/www.mes-allocs.fr\/guides\/wp-content\/uploads\/2023\/11\/erreurs-reconversion-professionnelle--e1700757739635-300x70.png 300w, https:\/\/www.mes-allocs.fr\/guides\/wp-content\/uploads\/2023\/11\/erreurs-reconversion-professionnelle--e1700757739635-1024x238.png 1024w, https:\/\/www.mes-allocs.fr\/guides\/wp-content\/uploads\/2023\/11\/erreurs-reconversion-professionnelle--e1700757739635-768x178.png 768w, https:\/\/www.mes-allocs.fr\/guides\/wp-content\/uploads\/2023\/11\/erreurs-reconversion-professionnelle--e1700757739635-600x139.png 600w\" sizes=\"auto, (max-width: 1280px) 100vw, 1280px\" \/><\/p>\n<p>[Mis \u00e0 jour le 03\/03\/2026] La <a href=\"https:\/\/www.mes-allocs.fr\/guides\/reconversion-professionnelle\/\">reconversion professionnelle<\/a> repr\u00e9sente souvent une \u00e9tape cruciale pour de nombreux individus cherchant \u00e0 \u00e9voluer dans leur carri\u00e8re ou \u00e0 trouver une nouvelle voie. Cependant, cette transition n&rsquo;est pas sans d\u00e9fis. Voici un aper\u00e7u des erreurs courantes \u00e0 \u00e9viter lors d&rsquo;une reconversion professionnelle pour maximiser vos chances de succ\u00e8s.<\/p>\n<div class='cta-block'><div class='text'>Profitez de notre bilan de comp\u00e9tences financ\u00e9 par vos droits formation.<\/div><a href='https:\/\/www.formademia.fr\/coaching' class='app-button fit'>En savoir plus<\/a><\/div>\n<h1>Sous-estimer la phase de pr\u00e9paration<\/h1>\n<h2>Le manque de planification<\/h2>\n<p>La transition professionnelle n\u00e9cessite une planification minutieuse. N\u00e9gliger cette \u00e9tape conduit souvent \u00e0 des d\u00e9cisions impulsives ou peu r\u00e9fl\u00e9chies. La planification devrait inclure une<strong> \u00e9valuation des objectifs<\/strong>, <strong>des comp\u00e9tences \u00e0 acqu\u00e9rir et des \u00e9tapes n\u00e9cessaires pour la reconversion.<\/strong><\/p>\n<h2>Ignorer la recherche d&rsquo;informations sur le nouveau domaine<\/h2>\n<p>Une connaissance approfondie du domaine vis\u00e9 est essentielle. Ignorer cette recherche peut entra\u00eener des lacunes dans la compr\u00e9hension du march\u00e9, des comp\u00e9tences requises et des opportunit\u00e9s disponibles. Une analyse approfondie est n\u00e9cessaire pour anticiper les d\u00e9fis et les exigences de ce nouvel univers professionnel.<\/p>\n<p><iframe loading=\"lazy\" title=\"La reconversion professionnelle\" width=\"500\" height=\"281\" src=\"https:\/\/www.youtube.com\/embed\/EiVUthswxl0?feature=oembed\" frameborder=\"0\" allow=\"accelerometer; autoplay; clipboard-write; encrypted-media; gyroscope; picture-in-picture; web-share\" referrerpolicy=\"strict-origin-when-cross-origin\" allowfullscreen><\/iframe><\/p>\n<h1>Se focaliser uniquement sur votre passion en ignorant la r\u00e9alit\u00e9 du march\u00e9<\/h1>\n<h2>Choisir une reconversion uniquement par int\u00e9r\u00eat personnel<\/h2>\n<p>La passion pour un domaine sp\u00e9cifique peut influencer la d\u00e9cision de reconversion. Cependant, se baser uniquement sur les int\u00e9r\u00eats personnels sans consid\u00e9rer la viabilit\u00e9 \u00e9conomique et les opportunit\u00e9s du march\u00e9 peut conduire \u00e0 des difficult\u00e9s financi\u00e8res ou \u00e0 un manque de stabilit\u00e9 professionnelle.<\/p>\n<h2>N\u00e9gliger l&rsquo;\u00e9tude du march\u00e9 et ses besoins<\/h2>\n<p>Une <strong>analyse approfondie<\/strong> du march\u00e9, de ses tendances et de ses besoins est cruciale. N\u00e9gliger cette \u00e9tape peut aboutir \u00e0 une reconversion dans un domaine satur\u00e9 ou peu porteur. Il est essentiel de comprendre les demandes et les opportunit\u00e9s du march\u00e9 pour une reconversion r\u00e9ussie.<\/p>\n<h1>Oublier la valeur de vos comp\u00e9tences actuelles<\/h1>\n<h2>Ignorer les transferts de comp\u00e9tences possibles<\/h2>\n<p>Certaines comp\u00e9tences acquises dans le domaine actuel peuvent \u00eatre transf\u00e9rables dans le nouveau secteur vis\u00e9. Ignorer cette possibilit\u00e9 limite les opportunit\u00e9s de reconversion. Identifier les comp\u00e9tences transposables peut ouvrir de nouvelles voies et renforcer votre position sur le march\u00e9 du travail. N&rsquo;h\u00e9sitez pas \u00e0 r\u00e9aliser un <a href=\"https:\/\/www.mes-allocs.fr\/guides\/reconversion-professionnelle\/bilan-de-competences\/\">bilan de comp\u00e9tences<\/a> !<\/p>\n<h2>Ne pas valoriser votre exp\u00e9rience et vos acquis<\/h2>\n<p>Sous-estimer l&rsquo;exp\u00e9rience accumul\u00e9e dans le domaine initial est une erreur. Les comp\u00e9tences, les connaissances et les r\u00e9alisations obtenues dans votre carri\u00e8re pr\u00e9c\u00e9dente peuvent apporter une valeur significative \u00e0 votre nouvelle orientation. Il est crucial de valoriser ces acquis pour faciliter la transition vers le nouveau domaine.<\/p>\n<div class='cta-block'><div class='text'>Profitez de notre bilan de comp\u00e9tences financ\u00e9 par vos droits formation.<\/div><a href='https:\/\/www.formademia.fr\/coaching' class='app-button fit'>En savoir plus<\/a><\/div>\n<h1>Ne pas prendre en compte les \u00e9tapes successives<\/h1>\n<h2>N\u00e9gliger la formation ou l&rsquo;apprentissage n\u00e9cessaire<\/h2>\n<p>N\u00e9gliger la formation ou l&rsquo;apprentissage requis peut constituer une erreur majeure dans une reconversion professionnelle. Voici pourquoi :<\/p>\n<p><strong>La perte d&rsquo;opportunit\u00e9s<\/strong> : en n&rsquo;investissant pas dans l&rsquo;acquisition de nouvelles comp\u00e9tences ou connaissances, vous risquez de vous fermer des portes dans votre nouveau domaine.<\/p>\n<p><strong>L&rsquo;inadaptation aux exigences du march\u00e9<\/strong> : un manque de formation peut vous rendre inadapt\u00e9 aux exigences du march\u00e9 actuel, r\u00e9duisant ainsi vos chances d&rsquo;int\u00e9grer ce nouveau secteur.<\/p>\n<p><strong>La faiblesse concurrentielle<\/strong> : face \u00e0 des candidats plus qualifi\u00e9s, votre profil pourrait appara\u00eetre moins comp\u00e9titif, limitant ainsi vos opportunit\u00e9s professionnelles.<\/p>\n<p><strong>L&rsquo;\u00e9volution limit\u00e9e<\/strong> : sans apprentissage continu, il peut \u00eatre difficile de progresser dans ce nouveau domaine, restreignant vos perspectives d&rsquo;\u00e9volution.<\/p>\n<p><strong>L&rsquo;ad\u00e9quation aux postes<\/strong> : les postes disponibles pourraient exiger des comp\u00e9tences sp\u00e9cifiques. Ignorer cela pourrait rendre votre candidature moins attrayante.<\/p>\n<p>Pour \u00e9viter cette erreur, investissez dans des formations pertinentes et cibl\u00e9es pour acqu\u00e9rir les comp\u00e9tences n\u00e9cessaires et restez ouvert \u00e0 l&rsquo;apprentissage continu pour prosp\u00e9rer dans votre nouvelle voie professionnelle.<\/p>\n<h2>Ignorer l&rsquo;adaptation progressive au changement<\/h2>\n<div class=\"relative flex w-[calc(100%-50px)] flex-col gizmo:w-full lg:w-[calc(100%-115px)] agent-turn\">\n<div class=\"flex-col gap-1 md:gap-3\">\n<div class=\"flex flex-grow flex-col max-w-full gap-3 gizmo:gap-0\">\n<div class=\"min-h-[20px] text-message flex flex-col items-start gap-3 whitespace-pre-wrap break-words [.text-message+&amp;]:mt-5 overflow-x-auto\" data-message-author-role=\"assistant\" data-message-id=\"113b6b8f-2314-4944-92b5-ef7f02526339\">\n<div class=\"markdown prose w-full break-words dark:prose-invert dark\">\n<p>N\u00e9gliger l&rsquo;adaptation graduelle lors d&rsquo;une reconversion professionnelle peut induire des difficult\u00e9s d&rsquo;int\u00e9gration, un choc culturel et un stress inutile, impactant la qualit\u00e9 du travail et la confiance en soi. Une transition progressive permet une meilleure compr\u00e9hension du nouvel environnement, favorisant ainsi l&rsquo;adaptation et la r\u00e9ussite dans le nouveau r\u00f4le.<\/p>\n<\/div>\n<\/div>\n<\/div>\n<\/div>\n<\/div>\n<h1>Qu&rsquo;est-ce que la reconversion professionnelle ?<\/h1>\n<h2>D\u00e9finition de la reconversion professionnelle<\/h2>\n<p>La reconversion professionnelle se r\u00e9f\u00e8re au processus o\u00f9 un individu <a href=\"https:\/\/www.mes-allocs.fr\/guides\/reconversion-professionnelle\/changer-de-carriere-professionnelle\/\">change de carri\u00e8re<\/a>, souvent en quittant son domaine d&rsquo;activit\u00e9 actuel pour s&rsquo;orienter vers un secteur professionnel diff\u00e9rent. Cela peut impliquer un changement de m\u00e9tier, de secteur d&rsquo;activit\u00e9 ou m\u00eame de statut professionnel.<\/p>\n<p>La reconversion vise g\u00e9n\u00e9ralement \u00e0<strong> :<\/strong><\/p>\n<ul>\n<li><strong>acqu\u00e9rir de nouvelles comp\u00e9tences<\/strong><\/li>\n<li><strong>\u00e0 suivre une formation\u00a0<\/strong><\/li>\n<li><strong> \u00e0 exploiter des aptitudes distinctes pour s&rsquo;adapter \u00e0 un nouvel environnement professionnel. <\/strong><\/li>\n<\/ul>\n<p>Elle peut \u00eatre motiv\u00e9e par divers facteurs tels que l&rsquo;\u00e9panouissement personnel, l&rsquo;\u00e9volution du march\u00e9 du travail, des opportunit\u00e9s professionnelles ou des aspirations individuelles.<\/p>\n<p>Prenez <a href=\"https:\/\/www.formademia.fr\/formulaire\/coaching\">rendez-vous avec un conseiller Mes Allocs<\/a> commencer votre reconversion professionnelle !<\/p>\n<h2>Pourquoi tout recommencer ?<\/h2>\n<p>La volont\u00e9 de se reconvertir professionnellement s&rsquo;accro\u00eet et touche d\u00e9sormais toutes les tranches d&rsquo;\u00e2ge, des d\u00e9butants aux professionnels exp\u00e9riment\u00e9s. Les motivations sont diverses :<\/p>\n<ol>\n<li>Une prise de conscience apr\u00e8s plusieurs ann\u00e9es que le poste actuel ne correspond plus \u00e0 vos attentes.<\/li>\n<li>Le choix d&rsquo;une voie professionnelle qui ne garantit pas la stabilit\u00e9 de l&#8217;emploi.<\/li>\n<li>Un licenciement survenu et vous cherchez \u00e0 vous r\u00e9orienter.<\/li>\n<li>Une atmosph\u00e8re de travail devenue difficile \u00e0 supporter sur la dur\u00e9e.<\/li>\n<li>Un mal-\u00eatre dans votre r\u00f4le actuel, pour diverses raisons.<\/li>\n<li>Un accident du travail vous emp\u00eachant de continuer dans votre fonction.<\/li>\n<li>Simplement, une envie forte de changement, de r\u00e9aliser un r\u00eave ou d&#8217;embrasser un m\u00e9tier plus gratifiant et en phase avec vos aspirations.<\/li>\n<\/ol>\n<div class='cta-block'><div class='text'>Profitez de notre bilan de comp\u00e9tences financ\u00e9 par vos droits formation.<\/div><a href='https:\/\/www.formademia.fr\/coaching' class='app-button fit'>En savoir plus<\/a><\/div>\n","protected":false},"excerpt":{"rendered":"<p>[Mis \u00e0 jour le 03\/03\/2026] La reconversion professionnelle repr\u00e9sente souvent une \u00e9tape cruciale pour de nombreux individus cherchant \u00e0 \u00e9voluer dans leur carri\u00e8re ou \u00e0 trouver une nouvelle voie. Cependant, cette transition n&rsquo;est pas sans d\u00e9fis. Voici un aper\u00e7u des erreurs courantes \u00e0 \u00e9viter lors d&rsquo;une reconversion professionnelle pour maximiser vos chances de succ\u00e8s. Sous-estimer [&hellip;]<\/p>\n","protected":false},"author":26,"featured_media":71195,"comment_status":"closed","ping_status":"open","sticky":false,"template":"","format":"standard","meta":{"amp_status":"","footnotes":""},"categories":[5081],"tags":[],"class_list":["post-71192","post","type-post","status-publish","format-standard","has-post-thumbnail","hentry","category-reconversion-professionnelle"],"yoast_head":"<!-- This site is optimized with the Yoast SEO plugin v14.9 - https:\/\/yoast.com\/wordpress\/plugins\/seo\/ -->\n<title>4 erreurs \u00e0 \u00e9viter dans une reconversion professionnelle | Mes-Allocs.fr<\/title>\n<meta name=\"description\" content=\"La reconversion professionnelle n&#039;est pas sans d\u00e9fis. Voici un aper\u00e7u des erreurs courantes \u00e0 \u00e9viter lors d&#039;une reconversion professionnelle.\" \/>\n<meta name=\"robots\" content=\"index, follow, max-snippet:-1, max-image-preview:large, max-video-preview:-1\" \/>\n<link rel=\"canonical\" href=\"https:\/\/www.mes-allocs.fr\/guides\/reconversion-professionnelle\/erreurs-reconversion-professionnelle\/\" \/>\n<meta property=\"og:locale\" content=\"fr_FR\" \/>\n<meta property=\"og:type\" content=\"article\" \/>\n<meta property=\"og:title\" content=\"4 erreurs \u00e0 \u00e9viter dans une reconversion professionnelle | Mes-Allocs.fr\" \/>\n<meta property=\"og:description\" content=\"La reconversion professionnelle n&#039;est pas sans d\u00e9fis. Voici un aper\u00e7u des erreurs courantes \u00e0 \u00e9viter lors d&#039;une reconversion professionnelle.\" \/>\n<meta property=\"og:url\" content=\"https:\/\/www.mes-allocs.fr\/guides\/reconversion-professionnelle\/erreurs-reconversion-professionnelle\/\" \/>\n<meta property=\"og:site_name\" content=\"Mes-Allocs.fr\" \/>\n<meta property=\"article:published_time\" content=\"2023-11-23T16:53:20+00:00\" \/>\n<meta property=\"article:modified_time\" content=\"2026-03-03T15:21:09+00:00\" \/>\n<meta property=\"og:image\" content=\"https:\/\/www.mes-allocs.fr\/guides\/wp-content\/uploads\/2023\/11\/erreurs-reconversion-professionnelle.png?wsr\" \/>\n\t<meta property=\"og:image:width\" content=\"1280\" \/>\n\t<meta property=\"og:image:height\" content=\"1212\" \/>\n<meta name=\"twitter:card\" content=\"summary_large_image\" \/>\n<script type=\"application\/ld+json\" class=\"yoast-schema-graph\">{\"@context\":\"https:\/\/schema.org\",\"@graph\":[{\"@type\":\"WebSite\",\"@id\":\"https:\/\/www.mes-allocs.fr\/guides\/#website\",\"url\":\"https:\/\/www.mes-allocs.fr\/guides\/\",\"name\":\"Mes-Allocs.fr\",\"description\":\"\",\"potentialAction\":[{\"@type\":\"SearchAction\",\"target\":\"https:\/\/www.mes-allocs.fr\/guides\/?s={search_term_string}\",\"query-input\":\"required name=search_term_string\"}],\"inLanguage\":\"fr-FR\"},{\"@type\":\"ImageObject\",\"@id\":\"https:\/\/www.mes-allocs.fr\/guides\/reconversion-professionnelle\/erreurs-reconversion-professionnelle\/#primaryimage\",\"inLanguage\":\"fr-FR\",\"url\":\"https:\/\/www.mes-allocs.fr\/guides\/wp-content\/uploads\/2023\/11\/erreurs-reconversion-professionnelle.png?wsr\",\"width\":1280,\"height\":1212,\"caption\":\"erreurs reconversion professionnelle\"},{\"@type\":\"WebPage\",\"@id\":\"https:\/\/www.mes-allocs.fr\/guides\/reconversion-professionnelle\/erreurs-reconversion-professionnelle\/#webpage\",\"url\":\"https:\/\/www.mes-allocs.fr\/guides\/reconversion-professionnelle\/erreurs-reconversion-professionnelle\/\",\"name\":\"4 erreurs \\u00e0 \\u00e9viter dans une reconversion professionnelle | Mes-Allocs.fr\",\"isPartOf\":{\"@id\":\"https:\/\/www.mes-allocs.fr\/guides\/#website\"},\"primaryImageOfPage\":{\"@id\":\"https:\/\/www.mes-allocs.fr\/guides\/reconversion-professionnelle\/erreurs-reconversion-professionnelle\/#primaryimage\"},\"datePublished\":\"2023-11-23T16:53:20+00:00\",\"dateModified\":\"2026-03-03T15:21:09+00:00\",\"author\":{\"@id\":\"https:\/\/www.mes-allocs.fr\/guides\/#\/schema\/person\/9c38f3be41a0ddcd1e3fde5a3df713bf\"},\"description\":\"La reconversion professionnelle n'est pas sans d\\u00e9fis. Voici un aper\\u00e7u des erreurs courantes \\u00e0 \\u00e9viter lors d'une reconversion professionnelle.\",\"inLanguage\":\"fr-FR\"},{\"@type\":\"Person\",\"@id\":\"https:\/\/www.mes-allocs.fr\/guides\/#\/schema\/person\/9c38f3be41a0ddcd1e3fde5a3df713bf\",\"name\":\"Sessime Ananou\",\"image\":{\"@type\":\"ImageObject\",\"@id\":\"https:\/\/www.mes-allocs.fr\/guides\/#personlogo\",\"inLanguage\":\"fr-FR\",\"url\":\"https:\/\/www.mes-allocs.fr\/guides\/wp-content\/uploads\/2023\/08\/IMG_8173-150x150.jpg\",\"caption\":\"Sessime Ananou\"},\"description\":\"Sessime est r\\u00e9dactrice chez Mes Allocs, sp\\u00e9cialis\\u00e9e sur le pouvoir d'achat. Elle rejoint l'\\u00e9quipe Mes Allocs en ao\\u00fbt 2023 afin de simplifier l'acc\\u00e8s \\u00e0 l'information sur les aides en g\\u00e9n\\u00e9ral.\"}]}<\/script>\n<!-- \/ Yoast SEO plugin. -->","amp_validity":null,"acf":{"faq":{"1":{"question":"Quelles questions se poser pour une reconversion professionnelle ?","answer":"-Qu'est-ce que j'aime faire ? \r\n-Est-ce une envie passag\u00e8re ou un projet s\u00e9rieux ? \r\n-Mon projet est-il r\u00e9aliste ? \r\n-Quelles concessions suis-je pr\u00eat(e) \u00e0 faire ? "},"2":{"question":"Quels sont les dipl\u00f4mes les plus demand\u00e9s sur le march\u00e9 du travail ? ","answer":"STS (sciences, technologie, sant\u00e9), SHS (Sciences humaines et sociales), DEG (droit, \u00e9conomie, gestion) et LLA (lettres, langues, arts)."},"3":{"question":"Quelles sont les formation r\u00e9mun\u00e9r\u00e9es ?","answer":"La cuisine,\r\nLa formation r\u00e9mun\u00e9r\u00e9e de coiffure,\r\nLa formation r\u00e9mun\u00e9r\u00e9e d'esth\u00e9tique,\r\nLa formation r\u00e9mun\u00e9r\u00e9e en informatique,\r\nLa formation r\u00e9mun\u00e9r\u00e9e d'assistance m\u00e9dicale,\r\nLes formations E-learning dipl\u00f4mantes."},"4":{"question":"Quelle est la meilleure reconversion professionnelle ?","answer":"Le secteur de l'automobile, de l'a\u00e9ronautique, du spatial, de la p\u00e9trochimie ou encore du BTP font partie des principaux recruteurs. "},"5":{"question":"\u00c0 quel \u00e2ge envisager une reconversion professionnelle ?","answer":"M\u00eame \u00e0 55 ou 60 ans, vous pouvez envisager une reconversion et un changement de vie professionnelle."},"6":{"question":"","answer":""},"7":{"question":"","answer":""},"8":{"question":"","answer":""},"9":{"question":"","answer":""},"10":{"question":"","answer":""},"11":{"question":"","answer":""},"12":{"question":"","answer":""},"13":{"question":"","answer":""},"14":{"question":"","answer":""},"15":{"question":"","answer":""},"16":{"question":"","answer":""}}},"_links":{"self":[{"href":"https:\/\/www.mes-allocs.fr\/guides\/wp-json\/wp\/v2\/posts\/71192","targetHints":{"allow":["GET"]}}],"collection":[{"href":"https:\/\/www.mes-allocs.fr\/guides\/wp-json\/wp\/v2\/posts"}],"about":[{"href":"https:\/\/www.mes-allocs.fr\/guides\/wp-json\/wp\/v2\/types\/post"}],"author":[{"embeddable":true,"href":"https:\/\/www.mes-allocs.fr\/guides\/wp-json\/wp\/v2\/users\/26"}],"replies":[{"embeddable":true,"href":"https:\/\/www.mes-allocs.fr\/guides\/wp-json\/wp\/v2\/comments?post=71192"}],"version-history":[{"count":15,"href":"https:\/\/www.mes-allocs.fr\/guides\/wp-json\/wp\/v2\/posts\/71192\/revisions"}],"predecessor-version":[{"id":109991,"href":"https:\/\/www.mes-allocs.fr\/guides\/wp-json\/wp\/v2\/posts\/71192\/revisions\/109991"}],"wp:featuredmedia":[{"embeddable":true,"href":"https:\/\/www.mes-allocs.fr\/guides\/wp-json\/wp\/v2\/media\/71195"}],"wp:attachment":[{"href":"https:\/\/www.mes-allocs.fr\/guides\/wp-json\/wp\/v2\/media?parent=71192"}],"wp:term":[{"taxonomy":"category","embeddable":true,"href":"https:\/\/www.mes-allocs.fr\/guides\/wp-json\/wp\/v2\/categories?post=71192"},{"taxonomy":"post_tag","embeddable":true,"href":"https:\/\/www.mes-allocs.fr\/guides\/wp-json\/wp\/v2\/tags?post=71192"}],"curies":[{"name":"wp","href":"https:\/\/api.w.org\/{rel}","templated":true}]}}