{"id":71168,"date":"2023-11-23T15:35:17","date_gmt":"2023-11-23T13:35:17","guid":{"rendered":"https:\/\/www.mes-allocs.fr\/guides\/?p=71168"},"modified":"2025-08-29T11:28:31","modified_gmt":"2025-08-29T09:28:31","slug":"prime-gipa","status":"publish","type":"post","link":"https:\/\/www.mes-allocs.fr\/guides\/aide-par-situation\/aide-fonctionnaire\/prime-gipa\/","title":{"rendered":"Indemnit\u00e9 GIPA : pouvez-vous encore la recevoir en 2025 ?"},"content":{"rendered":"<p><img loading=\"lazy\" decoding=\"async\" class=\"alignnone wp-image-71177 size-full\" title=\"indemnite gipa\" src=\"https:\/\/www.mes-allocs.fr\/guides\/wp-content\/uploads\/2023\/11\/indemnite-gipa-1--e1700747045375.jpg\" alt=\"indemnite gipa\" width=\"1280\" height=\"233\" srcset=\"https:\/\/www.mes-allocs.fr\/guides\/wp-content\/uploads\/2023\/11\/indemnite-gipa-1--e1700747045375.jpg 1280w, https:\/\/www.mes-allocs.fr\/guides\/wp-content\/uploads\/2023\/11\/indemnite-gipa-1--e1700747045375-300x55.jpg 300w, https:\/\/www.mes-allocs.fr\/guides\/wp-content\/uploads\/2023\/11\/indemnite-gipa-1--e1700747045375-1024x186.jpg 1024w, https:\/\/www.mes-allocs.fr\/guides\/wp-content\/uploads\/2023\/11\/indemnite-gipa-1--e1700747045375-768x140.jpg 768w, https:\/\/www.mes-allocs.fr\/guides\/wp-content\/uploads\/2023\/11\/indemnite-gipa-1--e1700747045375-600x109.jpg 600w\" sizes=\"auto, (max-width: 1280px) 100vw, 1280px\" \/><\/p>\n<p>L&rsquo;Indemnit\u00e9 de Garantie Individuelle du Pouvoir d&rsquo;Achat (GIPA) constitue un dispositif visant \u00e0 compenser la perte de pouvoir d&rsquo;achat des fonctionnaires sur une p\u00e9riode de quatre ann\u00e9es cons\u00e9cutives o\u00f9 l&rsquo;\u00e9volution de leur traitement est inf\u00e9rieure \u00e0 celle de l&rsquo;inflation. Cette <a href=\"https:\/\/www.mes-allocs.fr\/guides\/aide-par-situation\/aide-fonctionnaire\/\">aide pour les fonctionnaires<\/a> vise \u00e0 pr\u00e9server le pouvoir d&rsquo;achat des agents publics, offrant ainsi une protection financi\u00e8re en cas de d\u00e9calage entre l&rsquo;\u00e9volution salariale et l&rsquo;inflation. Mais est-elle vers\u00e9e en 2025 ? On vous explique.<\/p>\n<div class='cta-block'><div class='text'>Simulez toutes vos aides en 2 min.<\/div><a href='https:\/\/www.mes-allocs.fr\/ab-app?origin=guides\/wp-json\/wp\/v2\/posts\/71168' class='app-button fit'>Simulation gratuite<\/a><\/div>\n<h1>Prime GIPA : une indemnit\u00e9 non-reconduite en 2025<\/h1>\n<p>C&rsquo;est officiel, le ministre de la Fonction publique, Laurent Marcangeli, a indiqu\u00e9 le 5 ao\u00fbt 2025 que la prime GIPA ne serait pas reconduite en 2025. Cette aide, destin\u00e9e \u00e0 compenser l\u2019inflation pour certains fonctionnaires, n&rsquo;avait d\u00e9j\u00e0 pas \u00e9t\u00e9 reconduite l&rsquo;ann\u00e9e derni\u00e8re en 2024.<\/p>\n<p data-test=\"contenu-texte\">La garantie individuelle du pouvoir d&rsquo;achat (Gipa) avait pour but de <strong>compenser votre perte de pouvoir d&rsquo;achat<\/strong> si votre r\u00e9mun\u00e9ration avait <strong>peu augment\u00e9 au cours des 4\u00a0derni\u00e8res ann\u00e9es<\/strong>. Vous pouviez en b\u00e9n\u00e9ficier si l&rsquo;\u00e9volution de votre <a href=\"https:\/\/www.service-public.fr\/particuliers\/vosdroits\/F461\">traitement indiciaire<\/a> \u00e9tait inf\u00e9rieure, sur une p\u00e9riode de r\u00e9f\u00e9rence de 4 ans, \u00e0 celle de l&rsquo;indice des prix \u00e0 la consommation. Mais en 2025, ce n&rsquo;est plus possible.<\/p>\n<h1><strong>Quelles \u00e9taient les conditions pour b\u00e9n\u00e9ficier de l&rsquo;Indemnit\u00e9 GIPA ?<\/strong><\/h1>\n<h2>Qui pouvait b\u00e9n\u00e9ficier du GIPA ?<\/h2>\n<p>La GIPA (Garantie Individuelle du Pouvoir d&rsquo;Achat) pouvait \u00eatre attribu\u00e9e aux fonctionnaires ou aux contractuels en CDI ou CDD travaillant pour un employeur public. Si vous \u00e9tiez contractuel, vous deviez avoir \u00e9t\u00e9 employ\u00e9 de mani\u00e8re continue par le m\u00eame employeur public pendant la p\u00e9riode de r\u00e9f\u00e9rence de 4 ans, et votre r\u00e9mun\u00e9ration devait \u00eatre bas\u00e9e sur un indice.<\/p>\n<p>Peu importait votre cat\u00e9gorie hi\u00e9rarchique (A, B, ou C), vous deviez remplir ces conditions pour b\u00e9n\u00e9ficier de la GIPA :<\/p>\n<ul>\n<li>Avoir \u00e9t\u00e9 r\u00e9mun\u00e9r\u00e9 pendant au moins 3 ans sur la p\u00e9riode de 4 ans.<\/li>\n<li>Ne pas avoir occup\u00e9 un emploi fonctionnel de haute fonction publique ou de direction au cours des 2 ann\u00e9es qui encadrent la p\u00e9riode de r\u00e9f\u00e9rence, sauf si cet emploi fonctionnel \u00e9tait accessible aux agents de cat\u00e9gories B et C.<\/li>\n<li>Si vous \u00e9tiez fonctionnaire, ne pas \u00eatre titulaire d&rsquo;un grade dont l&rsquo;indice du dernier \u00e9chelon est sup\u00e9rieur \u00e0 1 067 (ou si vous \u00eatiez contractuel, ne pas \u00eatre r\u00e9mun\u00e9r\u00e9 sur la base d&rsquo;un indice sup\u00e9rieur \u00e0 1 067).<\/li>\n<li>Ne pas \u00eatre en poste \u00e0 l&rsquo;\u00e9tranger au 31 d\u00e9cembre de l&rsquo;ann\u00e9e qui termine la p\u00e9riode de r\u00e9f\u00e9rence de 4 ans.<\/li>\n<li>Ne pas avoir subi, au cours de la p\u00e9riode de 4 ans, une sanction disciplinaire entra\u00eenant une baisse de votre traitement indiciaire.<\/li>\n<\/ul>\n<h2>Les crit\u00e8res d&rsquo;\u00e9ligibilit\u00e9 des fonctionnaires<\/h2>\n<div class=\"relative flex w-[calc(100%-50px)] flex-col gizmo:w-full lg:w-[calc(100%-115px)] agent-turn\">\n<div class=\"flex-col gap-1 md:gap-3\">\n<div class=\"flex flex-grow flex-col max-w-full gap-3 gizmo:gap-0\">\n<div class=\"min-h-[20px] text-message flex flex-col items-start gap-3 whitespace-pre-wrap break-words [.text-message+&amp;]:mt-5 overflow-x-auto\" data-message-author-role=\"assistant\" data-message-id=\"fe9e454e-91a9-4c9d-9865-07118c149add\">\n<div class=\"markdown prose w-full break-words dark:prose-invert dark\">\n<p>Les crit\u00e8res pour \u00eatre \u00e9ligible \u00e0 l&rsquo;Indemnit\u00e9 GIPA variaient selon les administrations et les statuts des fonctionnaires. En g\u00e9n\u00e9ral, les crit\u00e8res suivants \u00e9taient souvent requis :<\/p>\n<ul>\n<li><strong>Statut :<\/strong> \u00eatre fonctionnaire titulaire ou contractuel de la fonction publique d&rsquo;\u00c9tat, territoriale ou hospitali\u00e8re.<\/li>\n<li><strong>P\u00e9riode de R\u00e9f\u00e9rence :<\/strong> avoir \u00e9t\u00e9 en poste durant la p\u00e9riode de r\u00e9f\u00e9rence d\u00e9finie pour le calcul de l&rsquo;indemnit\u00e9, souvent sur une p\u00e9riode de quatre ann\u00e9es cons\u00e9cutives.<\/li>\n<li><strong>Absence de Promotion :<\/strong> n&rsquo;avoir b\u00e9n\u00e9fici\u00e9 d&rsquo;aucune promotion durant la p\u00e9riode de r\u00e9f\u00e9rence qui aurait pu entra\u00eener une augmentation de r\u00e9mun\u00e9ration plus importante que l&rsquo;inflation.<\/li>\n<li><strong>\u00c9valuation de la R\u00e9mun\u00e9ration :<\/strong> l&rsquo;indemnit\u00e9 \u00e9tait accord\u00e9e si, sur la p\u00e9riode de r\u00e9f\u00e9rence, le traitement indiciaire brut de l&rsquo;agent avait \u00e9volu\u00e9 moins vite que l&rsquo;inflation.<\/li>\n<li><strong>Absence de Changement de Corps ou de Grade :<\/strong> ne pas avoir chang\u00e9 de corps ou de grade au cours de la p\u00e9riode de r\u00e9f\u00e9rence, sauf exceptions pr\u00e9vues par les textes r\u00e9glementaires.<\/li>\n<\/ul>\n<p>Ces crit\u00e8res pouvaient \u00eatre sujets \u00e0 des sp\u00e9cificit\u00e9s propres \u00e0 chaque administration. Il \u00e9tait essentiel de se r\u00e9f\u00e9rer aux textes officiels et aux instructions propres \u00e0 chaque fonction publique pour des d\u00e9tails pr\u00e9cis.<\/p>\n<p>Voici un tableau synth\u00e9tisant les \u00e9l\u00e9ments cl\u00e9s concernant l&rsquo;Indemnit\u00e9 GIPA :<\/p>\n\n<div class=\"wpdt-c row wpDataTableContainerSimpleTable wpDataTables wpDataTablesWrapper\n\"\n    >\n    <table id=\"wpdtSimpleTable-489table_view=regular\"\n           class=\"wpdtSimpleTable wpDataTable\"\n           data-column=\"2\"\n           data-rows=\"8\"\n           data-wpID=\"489table_view=regular\"\n           data-responsive=\"0\"\n           data-has-header=\"1\">\n\n                    <thead>        <tr class=\"wpdt-cell-row \" >\n                            <th class=\"wpdt-cell wpdt-bc-F3F9FE wpdt-bold\"\n                                    data-cell-id=\"A1\"\n                data-col-index=\"0\"\n                data-row-index=\"0\"\n                style=\" width:45.155393053016%;                padding:10px;\"\n                >\n                                Crit\u00e8res                <\/th>\n                                            <th class=\"wpdt-cell wpdt-bc-F3F9FE wpdt-bold\"\n                                    data-cell-id=\"B1\"\n                data-col-index=\"1\"\n                data-row-index=\"0\"\n                style=\" width:54.844606946984%;                padding:10px;\"\n                >\n                                Description                <\/th>\n                                        <\/tr>\n                    <tbody>        <tr class=\"wpdt-cell-row \" >\n                            <td class=\"wpdt-cell \"\n                                    data-cell-id=\"A2\"\n                data-col-index=\"0\"\n                data-row-index=\"1\"\n                style=\"                padding:10px;\"\n                >\n                                B\u00e9n\u00e9ficiaires \u00e9ligibles                <\/td>\n                                            <td class=\"wpdt-cell \"\n                                    data-cell-id=\"B2\"\n                data-col-index=\"1\"\n                data-row-index=\"1\"\n                style=\"                padding:10px;\"\n                >\n                                Fonctionnaires ou contractuels en CDI ou CDD                <\/td>\n                                        <\/tr>\n                            <tr class=\"wpdt-cell-row \" >\n                            <td class=\"wpdt-cell \"\n                                    data-cell-id=\"A3\"\n                data-col-index=\"0\"\n                data-row-index=\"2\"\n                style=\"                padding:10px;\"\n                >\n                                P\u00e9riode de r\u00e9f\u00e9rence                <\/td>\n                                            <td class=\"wpdt-cell \"\n                                    data-cell-id=\"B3\"\n                data-col-index=\"1\"\n                data-row-index=\"2\"\n                style=\"                padding:10px;\"\n                >\n                                G\u00e9n\u00e9ralement sur 4 ans (par exemple, du 31 d\u00e9cembre 2018 au 31 d\u00e9cembre 2022)                <\/td>\n                                        <\/tr>\n                            <tr class=\"wpdt-cell-row \" >\n                            <td class=\"wpdt-cell \"\n                                    data-cell-id=\"A4\"\n                data-col-index=\"0\"\n                data-row-index=\"3\"\n                style=\"                padding:10px;\"\n                >\n                                Crit\u00e8res d'\u00e9ligibilit\u00e9                <\/td>\n                                            <td class=\"wpdt-cell \"\n                                    data-cell-id=\"B4\"\n                data-col-index=\"1\"\n                data-row-index=\"3\"\n                style=\"                padding:10px;\"\n                >\n                                - Pas d'occupation d'un emploi fonctionnel - R\u00e9mun\u00e9ration calcul\u00e9e sur base d'indice                <\/td>\n                                        <\/tr>\n                            <tr class=\"wpdt-cell-row \" >\n                            <td class=\"wpdt-cell \"\n                                    data-cell-id=\"A5\"\n                data-col-index=\"0\"\n                data-row-index=\"4\"\n                style=\"                padding:10px;\"\n                >\n                                Montant de l'indemnit\u00e9                <\/td>\n                                            <td class=\"wpdt-cell \"\n                                    data-cell-id=\"B5\"\n                data-col-index=\"1\"\n                data-row-index=\"4\"\n                style=\"                padding:10px;\"\n                >\n                                Calcul\u00e9e selon la formule de GIPA prenant en compte l'\u00e9volution de l'indice et de l'inflation                <\/td>\n                                        <\/tr>\n                            <tr class=\"wpdt-cell-row \" >\n                            <td class=\"wpdt-cell \"\n                                    data-cell-id=\"A6\"\n                data-col-index=\"0\"\n                data-row-index=\"5\"\n                style=\"                padding:10px;\"\n                >\n                                Modalit\u00e9s de demande                <\/td>\n                                            <td class=\"wpdt-cell \"\n                                    data-cell-id=\"B6\"\n                data-col-index=\"1\"\n                data-row-index=\"5\"\n                style=\"                padding:10px;\"\n                >\n                                Soumission d'une demande aupr\u00e8s du service administratif comp\u00e9tent                <\/td>\n                                        <\/tr>\n                            <tr class=\"wpdt-cell-row \" >\n                            <td class=\"wpdt-cell \"\n                                    data-cell-id=\"A7\"\n                data-col-index=\"0\"\n                data-row-index=\"6\"\n                style=\"                padding:10px;\"\n                >\n                                Proc\u00e9dures administratives requises                <\/td>\n                                            <td class=\"wpdt-cell \"\n                                    data-cell-id=\"B7\"\n                data-col-index=\"1\"\n                data-row-index=\"6\"\n                style=\"                padding:10px;\"\n                >\n                                V\u00e9rification des crit\u00e8res, calculs effectu\u00e9s sur les traitements indiciaires                <\/td>\n                                        <\/tr>\n                            <tr class=\"wpdt-cell-row \" >\n                            <td class=\"wpdt-cell \"\n                                    data-cell-id=\"A8\"\n                data-col-index=\"0\"\n                data-row-index=\"7\"\n                style=\"                padding:10px;\"\n                >\n                                Versement de l'indemnit\u00e9                <\/td>\n                                            <td class=\"wpdt-cell \"\n                                    data-cell-id=\"B8\"\n                data-col-index=\"1\"\n                data-row-index=\"7\"\n                style=\"                padding:10px;\"\n                >\n                                Apr\u00e8s validation des crit\u00e8res d'\u00e9ligibilit\u00e9 et des calculs, vers\u00e9e avec la paie                <\/td>\n                                        <\/tr>\n                    <\/table>\n<\/div><style id='wpdt-custom-style-489table_view=regular'>\ntable#wpdtSimpleTable-489table_view=regular{ table-layout: fixed !important; }\n.wpdt-bc-F3F9FE { background-color: #F3F9FE !important;}\n<\/style>\n\n<div class='cta-block'><div class='text'>Simulez toutes vos aides en 2 min.<\/div><a href='https:\/\/www.mes-allocs.fr\/ab-app?origin=guides\/wp-json\/wp\/v2\/posts\/71168' class='app-button fit'>Simulation gratuite<\/a><\/div>\n<p><iframe loading=\"lazy\" src=\"\/\/www.youtube.com\/embed\/weTPOvJJ3bs\" width=\"560\" height=\"314\" allowfullscreen=\"allowfullscreen\"><\/iframe><\/p>\n<h1>Quelles \u00e9taient les modalit\u00e9s de calcul de la GIPA ?<\/h1>\n<h2>Calcul de la GIPA<\/h2>\n<p>L&rsquo;Indemnit\u00e9 de Garantie Individuelle du Pouvoir d&rsquo;Achat (GIPA) se calculait en fonction des Traitements Bruts Indiciaires Annuels (TBA) en utilisant la formule suivante :<\/p>\n<p>G = TBA de l&rsquo;ann\u00e9e de d\u00e9but de la p\u00e9riode de r\u00e9f\u00e9rence x (1 + inflation sur la p\u00e9riode de r\u00e9f\u00e9rence) &#8211; TBA de l&rsquo;ann\u00e9e de fin de la p\u00e9riode de r\u00e9f\u00e9rence.<\/p>\n<p>Les Traitements Bruts Indiciaires Annuels (TBA) sont calcul\u00e9s ainsi :<\/p>\n<p>TBA = Indice Major\u00e9 (IM) d\u00e9tenu au 31 d\u00e9cembre de l&rsquo;ann\u00e9e de d\u00e9but et de l&rsquo;ann\u00e9e de fin de la p\u00e9riode de r\u00e9f\u00e9rence x Valeur annuelle du point d&rsquo;indice pour chaque ann\u00e9e.<\/p>\n<p>Si vous aviez travaill\u00e9 \u00e0 temps partiel ou avec un emploi \u00e0 temps non complet ou incomplet durant ces 4 ans, votre indemnit\u00e9 de GIPA \u00e9tait ajust\u00e9e en fonction de votre temps de travail au 31 d\u00e9cembre de l&rsquo;ann\u00e9e de fin de la p\u00e9riode de r\u00e9f\u00e9rence :<\/p>\n<p>G = TBA de l&rsquo;ann\u00e9e de d\u00e9but de la p\u00e9riode de r\u00e9f\u00e9rence x (1 + inflation sur la p\u00e9riode de r\u00e9f\u00e9rence) &#8211; TBA de l&rsquo;ann\u00e9e de fin de la p\u00e9riode de r\u00e9f\u00e9rence x taux de travail au 31 d\u00e9cembre de l&rsquo;ann\u00e9e de fin de la p\u00e9riode de r\u00e9f\u00e9rence.<\/p>\n<h2>Les \u00e9l\u00e9ments de calcul<\/h2>\n<p>La p\u00e9riode de r\u00e9f\u00e9rence s&rsquo;\u00e9tendait du 31 d\u00e9cembre 2018 au 31 d\u00e9cembre 2022 pour l&rsquo;application de l&rsquo;indemnit\u00e9 en 2023, derni\u00e8re ann\u00e9e o\u00f9 l&rsquo;aide a \u00e9t\u00e9 vers\u00e9e. La valeur annuelle du point d&rsquo;indice \u00e9tait de 56,2323 \u20ac en 2018 et de 57,2164 \u20ac en 2022. L&rsquo;inflation retenue pour le calcul est de 8,19 %.<\/p>\n<p><em>Exemple : pour un agent travaillant \u00e0 temps plein et d\u00e9tenteur d&rsquo;un indice major\u00e9 de 514 au 31 d\u00e9cembre 2018 et au 31 d\u00e9cembre 2022, le montant de la GIPA pour l&rsquo;ann\u00e9e 2023 s&rsquo;\u00e9levait \u00e0 1 861,36 \u20ac. Ce calcul s&rsquo;effectue comme suit :<\/em><\/p>\n<p><em>Traitement Brut Annuel (TBA) en 2018 = 514 x 56,2323 = 28 903,40 \u20ac Traitement Brut Annuel (TBA) en 2022 = 514 x 57,2164 = 29 409,23 \u20ac GIPA 2023 = 28 903,40 x (1 + 8,19%) \u2013 29 409,23 = 1 861,36 \u20ac.<\/em><\/p>\n<p><strong>\u00c0 noter<\/strong> : si vous \u00eatiez titulaire d&rsquo;un traitement indiciaire ant\u00e9rieur, notamment \u00e0 la suite d&rsquo;une titularisation avant la p\u00e9riode de 4 ans et que votre r\u00e9mun\u00e9ration se basait sur un indice diff\u00e9rent de celui que vous d\u00e9teniez, le calcul de la GIPA se faisait en fonction de l&rsquo;indice utilis\u00e9 pour le calcul de votre r\u00e9mun\u00e9ration actuelle.<\/p>\n<h1>Quelles \u00e9taient les d<strong>\u00e9marches pour l&rsquo;obtention de l&rsquo;Indemnit\u00e9 GIPA ?<\/strong><\/h1>\n<p>Les modalit\u00e9s de demande de la Garantie Individuelle du Pouvoir d&rsquo;Achat (GIPA) pouvaient varier d&rsquo;une administration \u00e0 une autre. Cependant, voici g\u00e9n\u00e9ralement les \u00e9tapes qui \u00e9taient \u00e0 suivre pour demander la GIPA :<\/p>\n<ol>\n<li>Informations : se renseigner aupr\u00e8s du service des ressources humaines ou de l&rsquo;administration pour conna\u00eetre les conditions et les modalit\u00e9s sp\u00e9cifiques \u00e0 sa situation.<\/li>\n<li>Formulaire de demande : un formulaire sp\u00e9cifique \u00e9tait \u00e0 remplir pour formaliser votre demande. Ce formulaire \u00e9tait souvent disponible aupr\u00e8s du service des ressources humaines de votre administration.<\/li>\n<li>Pi\u00e8ces justificatives : vous deviez fournir des documents attestant de votre r\u00e9mun\u00e9ration sur la p\u00e9riode de r\u00e9f\u00e9rence concern\u00e9e. Il pouvait s&rsquo;agir, par exemple, des relev\u00e9s de traitement ou de tout document officiel qui prouvait votre r\u00e9mun\u00e9ration sur la p\u00e9riode consid\u00e9r\u00e9e.<\/li>\n<li>Respect des d\u00e9lais : vous deviez vous assurer de respecter les d\u00e9lais impartis pour effectuer votre demande. Il \u00e9tait crucial de soumettre votre demande dans les temps afin qu&rsquo;elle soit prise en compte.<\/li>\n<li>Suivi de la demande : apr\u00e8s avoir soumis votre demande, vous deviez vous assurer de bien suivre l&rsquo;\u00e9volution de celle-ci. En cas de besoin, il ne fallait pas h\u00e9siter pas \u00e0 contacter votre administration pour obtenir des informations sur l&rsquo;\u00e9tat d&rsquo;avancement de votre demande de GIPA.<\/li>\n<\/ol>\n<p>Il \u00e9tait recommand\u00e9 de se renseigner directement aupr\u00e8s de son service des ressources humaines ou de son administration pour obtenir des instructions sp\u00e9cifiques et les documents n\u00e9cessaires \u00e0 sa demande de GIPA.<\/p>\n<div class=\"flex-shrink-0 flex flex-col relative items-end\">\n<div class=\"pt-0.5\">\n<div class=\"gizmo-shadow-stroke flex h-6 w-6 items-center justify-center overflow-hidden rounded-full\">\n<div class='cta-block'><div class='text'>Simulez toutes vos aides en 2 min.<\/div><a href='https:\/\/www.mes-allocs.fr\/ab-app?origin=guides\/wp-json\/wp\/v2\/posts\/71168' class='app-button fit'>Simulation gratuite<\/a><\/div>\n<\/div>\n<\/div>\n<\/div>\n<\/div>\n<\/div>\n<\/div>\n<\/div>\n<\/div>\n","protected":false},"excerpt":{"rendered":"<p>L&rsquo;Indemnit\u00e9 de Garantie Individuelle du Pouvoir d&rsquo;Achat (GIPA) constitue un dispositif visant \u00e0 compenser la perte de pouvoir d&rsquo;achat des fonctionnaires sur une p\u00e9riode de quatre ann\u00e9es cons\u00e9cutives o\u00f9 l&rsquo;\u00e9volution de leur traitement est inf\u00e9rieure \u00e0 celle de l&rsquo;inflation. Cette aide pour les fonctionnaires vise \u00e0 pr\u00e9server le pouvoir d&rsquo;achat des agents publics, offrant ainsi [&hellip;]<\/p>\n","protected":false},"author":26,"featured_media":71176,"comment_status":"closed","ping_status":"open","sticky":false,"template":"","format":"standard","meta":{"amp_status":"","footnotes":""},"categories":[19154,14320],"tags":[],"class_list":["post-71168","post","type-post","status-publish","format-standard","has-post-thumbnail","hentry","category-aide-fonctionnaire","category-aide-par-situation"],"yoast_head":"<!-- This site is optimized with the Yoast SEO plugin v14.9 - https:\/\/yoast.com\/wordpress\/plugins\/seo\/ -->\n<title>Indemnit\u00e9 GIPA : pouvez-vous encore la recevoir en 2025 ? | Mes-Allocs.fr<\/title>\n<meta name=\"description\" content=\"La GIPA est un dispositif visant \u00e0 compenser la perte de pouvoir d&#039;achat des fonctionnaires sur une p\u00e9riode de 4 ann\u00e9es cons\u00e9cutives.\" \/>\n<meta name=\"robots\" content=\"index, follow, max-snippet:-1, max-image-preview:large, max-video-preview:-1\" \/>\n<link rel=\"canonical\" href=\"https:\/\/www.mes-allocs.fr\/guides\/aide-par-situation\/aide-fonctionnaire\/prime-gipa\/\" \/>\n<meta property=\"og:locale\" content=\"fr_FR\" \/>\n<meta property=\"og:type\" content=\"article\" \/>\n<meta property=\"og:title\" content=\"Indemnit\u00e9 GIPA : pouvez-vous encore la recevoir en 2025 ? | Mes-Allocs.fr\" \/>\n<meta property=\"og:description\" content=\"La GIPA est un dispositif visant \u00e0 compenser la perte de pouvoir d&#039;achat des fonctionnaires sur une p\u00e9riode de 4 ann\u00e9es cons\u00e9cutives.\" \/>\n<meta property=\"og:url\" content=\"https:\/\/www.mes-allocs.fr\/guides\/aide-par-situation\/aide-fonctionnaire\/prime-gipa\/\" \/>\n<meta property=\"og:site_name\" content=\"Mes-Allocs.fr\" \/>\n<meta property=\"article:published_time\" content=\"2023-11-23T13:35:17+00:00\" \/>\n<meta property=\"article:modified_time\" content=\"2025-08-29T09:28:31+00:00\" \/>\n<meta property=\"og:image\" content=\"https:\/\/www.mes-allocs.fr\/guides\/wp-content\/uploads\/2023\/11\/indemnite-gipa.png?wsr\" \/>\n\t<meta property=\"og:image:width\" content=\"1273\" \/>\n\t<meta property=\"og:image:height\" content=\"1280\" \/>\n<meta name=\"twitter:card\" content=\"summary_large_image\" \/>\n<script type=\"application\/ld+json\" class=\"yoast-schema-graph\">{\"@context\":\"https:\/\/schema.org\",\"@graph\":[{\"@type\":\"WebSite\",\"@id\":\"https:\/\/www.mes-allocs.fr\/guides\/#website\",\"url\":\"https:\/\/www.mes-allocs.fr\/guides\/\",\"name\":\"Mes-Allocs.fr\",\"description\":\"\",\"potentialAction\":[{\"@type\":\"SearchAction\",\"target\":\"https:\/\/www.mes-allocs.fr\/guides\/?s={search_term_string}\",\"query-input\":\"required name=search_term_string\"}],\"inLanguage\":\"fr-FR\"},{\"@type\":\"ImageObject\",\"@id\":\"https:\/\/www.mes-allocs.fr\/guides\/aide-par-situation\/aide-fonctionnaire\/prime-gipa\/#primaryimage\",\"inLanguage\":\"fr-FR\",\"url\":\"https:\/\/www.mes-allocs.fr\/guides\/wp-content\/uploads\/2023\/11\/indemnite-gipa.png?wsr\",\"width\":1273,\"height\":1280,\"caption\":\"indemnite gipa\"},{\"@type\":\"WebPage\",\"@id\":\"https:\/\/www.mes-allocs.fr\/guides\/aide-par-situation\/aide-fonctionnaire\/prime-gipa\/#webpage\",\"url\":\"https:\/\/www.mes-allocs.fr\/guides\/aide-par-situation\/aide-fonctionnaire\/prime-gipa\/\",\"name\":\"Indemnit\\u00e9 GIPA : pouvez-vous encore la recevoir en 2025 ? | Mes-Allocs.fr\",\"isPartOf\":{\"@id\":\"https:\/\/www.mes-allocs.fr\/guides\/#website\"},\"primaryImageOfPage\":{\"@id\":\"https:\/\/www.mes-allocs.fr\/guides\/aide-par-situation\/aide-fonctionnaire\/prime-gipa\/#primaryimage\"},\"datePublished\":\"2023-11-23T13:35:17+00:00\",\"dateModified\":\"2025-08-29T09:28:31+00:00\",\"author\":{\"@id\":\"https:\/\/www.mes-allocs.fr\/guides\/#\/schema\/person\/9c38f3be41a0ddcd1e3fde5a3df713bf\"},\"description\":\"La GIPA est un dispositif visant \\u00e0 compenser la perte de pouvoir d'achat des fonctionnaires sur une p\\u00e9riode de 4 ann\\u00e9es cons\\u00e9cutives.\",\"inLanguage\":\"fr-FR\"},{\"@type\":\"Person\",\"@id\":\"https:\/\/www.mes-allocs.fr\/guides\/#\/schema\/person\/9c38f3be41a0ddcd1e3fde5a3df713bf\",\"name\":\"Sessime Ananou\",\"image\":{\"@type\":\"ImageObject\",\"@id\":\"https:\/\/www.mes-allocs.fr\/guides\/#personlogo\",\"inLanguage\":\"fr-FR\",\"url\":\"https:\/\/www.mes-allocs.fr\/guides\/wp-content\/uploads\/2023\/08\/IMG_8173-150x150.jpg\",\"caption\":\"Sessime Ananou\"},\"description\":\"Sessime est r\\u00e9dactrice chez Mes Allocs, sp\\u00e9cialis\\u00e9e sur le pouvoir d'achat. Elle rejoint l'\\u00e9quipe Mes Allocs en ao\\u00fbt 2023 afin de simplifier l'acc\\u00e8s \\u00e0 l'information sur les aides en g\\u00e9n\\u00e9ral.\"}]}<\/script>\n<!-- \/ Yoast SEO plugin. -->","amp_validity":null,"acf":{"faq":{"1":{"question":"Pourquoi je ne touche pas la GIPA ?","answer":"Un contractuel de droit public devenu fonctionnaire, par exemple, ne sera pas \u00e9ligible \u00e0 la GIPA."},"2":{"question":"Comment faire la demande de la GIPA ?","answer":"L'indemnit\u00e9 GIPA n'est pas vers\u00e9e en 2025."},"3":{"question":"Comment savoir si j'ai droit \u00e0 la GIPA ?","answer":"Le service-Public.fr vous propose un simulateur qui permet de d\u00e9terminer si vous avez droit \u00e0 la Gipa. N\u00e9anmoins l'aide n'est pas vers\u00e9e en 2025, selon les d\u00e9clarations du 5 ao\u00fbt 2025 du ministre de la Fonction publique, Laurent Marcangeli. "},"4":{"question":"Est-ce que la GIPA est imposable ?","answer":"Oui, la GIPA est imposable."},"5":{"question":"C'est quoi prime GIPA ?","answer":"La garantie individuelle du pouvoir d'achat (Gipa), est une indemnit\u00e9 qui doit vous \u00eatre vers\u00e9e si votre r\u00e9mun\u00e9ration a peu ou pas augment\u00e9 sur les quatre derni\u00e8res ann\u00e9es afin de compenser, en partie, l'inflation et la baisse de pouvoir d'achat qui en r\u00e9sulte."},"6":{"question":"","answer":""},"7":{"question":"","answer":""},"8":{"question":"","answer":""},"9":{"question":"","answer":""},"10":{"question":"","answer":""},"11":{"question":"","answer":""},"12":{"question":"","answer":""},"13":{"question":"","answer":""},"14":{"question":"","answer":""},"15":{"question":"","answer":""},"16":{"question":"","answer":""}}},"_links":{"self":[{"href":"https:\/\/www.mes-allocs.fr\/guides\/wp-json\/wp\/v2\/posts\/71168","targetHints":{"allow":["GET"]}}],"collection":[{"href":"https:\/\/www.mes-allocs.fr\/guides\/wp-json\/wp\/v2\/posts"}],"about":[{"href":"https:\/\/www.mes-allocs.fr\/guides\/wp-json\/wp\/v2\/types\/post"}],"author":[{"embeddable":true,"href":"https:\/\/www.mes-allocs.fr\/guides\/wp-json\/wp\/v2\/users\/26"}],"replies":[{"embeddable":true,"href":"https:\/\/www.mes-allocs.fr\/guides\/wp-json\/wp\/v2\/comments?post=71168"}],"version-history":[{"count":13,"href":"https:\/\/www.mes-allocs.fr\/guides\/wp-json\/wp\/v2\/posts\/71168\/revisions"}],"predecessor-version":[{"id":103544,"href":"https:\/\/www.mes-allocs.fr\/guides\/wp-json\/wp\/v2\/posts\/71168\/revisions\/103544"}],"wp:featuredmedia":[{"embeddable":true,"href":"https:\/\/www.mes-allocs.fr\/guides\/wp-json\/wp\/v2\/media\/71176"}],"wp:attachment":[{"href":"https:\/\/www.mes-allocs.fr\/guides\/wp-json\/wp\/v2\/media?parent=71168"}],"wp:term":[{"taxonomy":"category","embeddable":true,"href":"https:\/\/www.mes-allocs.fr\/guides\/wp-json\/wp\/v2\/categories?post=71168"},{"taxonomy":"post_tag","embeddable":true,"href":"https:\/\/www.mes-allocs.fr\/guides\/wp-json\/wp\/v2\/tags?post=71168"}],"curies":[{"name":"wp","href":"https:\/\/api.w.org\/{rel}","templated":true}]}}