{"id":71159,"date":"2023-11-22T21:12:07","date_gmt":"2023-11-22T19:12:07","guid":{"rendered":"https:\/\/www.mes-allocs.fr\/guides\/?p=71159"},"modified":"2026-04-09T15:40:02","modified_gmt":"2026-04-09T14:40:02","slug":"prime-fonctionnaire","status":"publish","type":"post","link":"https:\/\/www.mes-allocs.fr\/guides\/aides-sociales\/prime-fonctionnaire\/","title":{"rendered":"Prime fonctionnaire : est-elle vers\u00e9e en 2026 ?"},"content":{"rendered":"<p><img loading=\"lazy\" decoding=\"async\" class=\"alignnone wp-image-71166 size-full\" title=\"prime fonctionnaire\" src=\"https:\/\/www.mes-allocs.fr\/guides\/wp-content\/uploads\/2023\/11\/prime-fonctionnaire-2-e1700677386191.jpg\" alt=\"prime fonctionnaire\" width=\"1280\" height=\"320\" srcset=\"https:\/\/www.mes-allocs.fr\/guides\/wp-content\/uploads\/2023\/11\/prime-fonctionnaire-2-e1700677386191.jpg 1280w, https:\/\/www.mes-allocs.fr\/guides\/wp-content\/uploads\/2023\/11\/prime-fonctionnaire-2-e1700677386191-300x75.jpg 300w, https:\/\/www.mes-allocs.fr\/guides\/wp-content\/uploads\/2023\/11\/prime-fonctionnaire-2-e1700677386191-1024x256.jpg 1024w, https:\/\/www.mes-allocs.fr\/guides\/wp-content\/uploads\/2023\/11\/prime-fonctionnaire-2-e1700677386191-768x192.jpg 768w, https:\/\/www.mes-allocs.fr\/guides\/wp-content\/uploads\/2023\/11\/prime-fonctionnaire-2-e1700677386191-600x150.jpg 600w\" sizes=\"auto, (max-width: 1280px) 100vw, 1280px\" \/><\/p>\n<p>[Mis \u00e0 jour le 09\/04\/2026] Quand on parle aujourd\u2019hui de <b>prime des fonctionnaires<\/b>, on pense surtout \u00e0 la prime de pouvoir d\u2019achat exceptionnelle. Cette prime, vers\u00e9e en 2023, n&rsquo;est pas une <a href=\"https:\/\/www.mes-allocs.fr\/guides\/aides-sociales\/\">aide sociale<\/a> mais elle avait \u00e9t\u00e9 mise en place par le gouvernement pour aider les agents publics face \u00e0 l\u2019inflation. Mais qu\u2019en est-il en 2026 ? Est-elle reconduite ? On vous explique.<\/p>\n<div class='cta-block'><div class='text'>Simulez vos aides de fonctionnaire<\/div><a href='https:\/\/www.mes-allocs.fr\/ab-app?origin=guides\/wp-json\/wp\/v2\/posts\/71159' class='app-button fit'>Simulation gratuite<\/a><\/div>\n<h1>Qu\u2019est-ce que la prime des fonctionnaires ?<\/h1>\n<p>La prime de pouvoir d\u2019achat exceptionnelle n\u2019\u00e9tait pas une prime annuelle, mais un <b>coup de pouce ponctuel<\/b>, vers\u00e9 une seule fois aux agents les moins bien pay\u00e9s.<\/p>\n<p>Cette prime concernait les agents de la fonction publique de l\u2019\u00c9tat, de la fonction publique hospitali\u00e8re, les militaires, et aussi certains agents territoriaux lorsque leur collectivit\u00e9 avait d\u00e9cid\u00e9 de l\u2019appliquer. Elle venait s\u2019ajouter au salaire et, \u00e9ventuellement, aux autres primes dont vous pouviez d\u00e9j\u00e0 b\u00e9n\u00e9ficier.<\/p>\n<h1>Existe-t-il encore une prime pour les fonctionnaires en 2026 ?<\/h1>\n<p>C\u2019est la mauvaise nouvelle : <b>aucune nouvelle prime de pouvoir d\u2019achat exceptionnelle n\u2019a \u00e9t\u00e9 reconduite pour 2025<\/b> pour les fonctionnaires. Le dispositif visait uniquement la p\u00e9riode 2022\u20132023 et un versement ponctuel en 2023.<\/p>\n<p>Dans le m\u00eame temps, une autre prime connue des agents publics, la <b>GIPA<\/b> (garantie individuelle du pouvoir d\u2019achat), a \u00e9t\u00e9 supprim\u00e9e. Elle n\u2019est pas vers\u00e9e en 2025 non plus. L\u2019\u00c9tat privil\u00e9gie d\u00e9sormais d\u2019autres outils (revalorisation de certaines grilles, mesures cibl\u00e9es sur certains m\u00e9tiers ou secteurs \u2026) mais pas une nouvelle prime g\u00e9n\u00e9rale de 300 \u00e0 800 \u20ac pour tous les agents concern\u00e9s.<\/p>\n<h1>Retour sur la prime de pouvoir d\u2019achat exceptionnelle<\/h1>\n<h2>Qui pouvait toucher cette prime et sous quelles conditions ?<\/h2>\n<p>La logique de la prime \u00e9tait simple : <b>aider en priorit\u00e9 les agents dont la r\u00e9mun\u00e9ration \u00e9tait la plus faible<\/b>. Pour y avoir droit, il fallait travailler pour un employeur public sur la p\u00e9riode de r\u00e9f\u00e9rence et avoir per\u00e7u en moyenne <b>au plus 3 250 \u20ac bruts par mois<\/b> entre le 1\u1d49\u02b3 juillet 2022 et le 30 juin 2023.<\/p>\n<p>Ce sont donc principalement les fonctionnaires et contractuels de cat\u00e9gorie B et surtout C, les personnels hospitaliers les moins r\u00e9mun\u00e9r\u00e9s, ainsi que des agents territoriaux, qui ont \u00e9t\u00e9 concern\u00e9s. Certaines collectivit\u00e9s locales ont fait le choix de verser cette prime, d\u2019autres non : tout d\u00e9pend des d\u00e9cisions locales et des moyens de la collectivit\u00e9.<\/p>\n<p>Autre point important : la prime \u00e9tait <b>exceptionnelle<\/b>. Elle ne d\u00e9pendait pas d\u2019une \u00e9valuation individuelle, d\u2019un \u201cbon\u201d ou \u201cmauvais\u201d dossier, mais d\u2019un ensemble de crit\u00e8res objectifs : votre employeur, votre pr\u00e9sence sur la p\u00e9riode, votre niveau de r\u00e9mun\u00e9ration.<\/p>\n<h2>Combien pouvait-on toucher ?<\/h2>\n<p>Le montant de la prime variait <b>entre 300 \u20ac et 800 \u20ac bruts<\/b>. Plus votre r\u00e9mun\u00e9ration \u00e9tait faible sur la p\u00e9riode de r\u00e9f\u00e9rence, plus vous vous rapprochiez des 800 \u20ac. \u00c0 l\u2019inverse, si vous \u00e9tiez proche du plafond de 3 250 \u20ac bruts par mois, le montant se situait autour de 300 \u20ac.<\/p>\n<p>Lorsque vous \u00e9tiez \u00e0 temps partiel ou seulement en poste une partie de l\u2019ann\u00e9e, la prime pouvait \u00eatre <b>r\u00e9duite au prorata<\/b>. C\u2019est ce qui explique que deux agents au m\u00eame grade aient parfois re\u00e7u des montants diff\u00e9rents.<\/p>\n<p>Pour les agents de l\u2019\u00c9tat et de la fonction publique hospitali\u00e8re, la prime a \u00e9t\u00e9 vers\u00e9e <b>en une fois<\/b>, \u00e0 l\u2019automne 2023 (souvent sur la paie d\u2019octobre ou de novembre). Dans la fonction publique territoriale, les collectivit\u00e9s avaient la main sur le calendrier, avec une limite fix\u00e9e au <b>30 juin 2024<\/b>.<\/p>\n<div class='cta-block'><div class='text'>Simulez vos aides de fonctionnaire<\/div><a href='https:\/\/www.mes-allocs.fr\/ab-app?origin=guides\/wp-json\/wp\/v2\/posts\/71159' class='app-button fit'>Simulation gratuite<\/a><\/div>\n<h1>Quelles primes peuvent compl\u00e9ter votre r\u00e9mun\u00e9ration en 2026 ?<\/h1>\n<p>M\u00eame si la prime de pouvoir d\u2019achat \u00e9tait ponctuelle, il existe d\u2019autres compl\u00e9ments possibles \u00e0 votre salaire de fonctionnaire : primes li\u00e9es aux fonctions exerc\u00e9es, indemnit\u00e9s pour contraintes particuli\u00e8res (horaires d\u00e9cal\u00e9s, travail de nuit, environnement difficile), revalorisations sectorielles dans la sant\u00e9, l\u2019\u00e9ducation, etc.<\/p>\n<p>Ces dispositifs varient \u00e9norm\u00e9ment d\u2019un versant de la fonction publique \u00e0 l\u2019autre (\u00c9tat, hospitali\u00e8re, territoriale) et parfois m\u00eame d\u2019un employeur \u00e0 l\u2019autre.<\/p>\n<h2>R\u00e9gime indemnitaire<\/h2>\n<p>Dans la plupart des administrations, la principale \u201cprime\u201d au sens large est le r\u00e9gime indemnitaire, souvent organis\u00e9 autour du <b>RIFSEEP<\/b> (quand il est en place).<\/p>\n<p>Concr\u00e8tement, il repose sur deux briques :<\/p>\n<ul>\n<li aria-level=\"1\">Une indemnit\u00e9 de fonctions, de suj\u00e9tions et d\u2019expertise (IFSE) : vers\u00e9e chaque mois, elle d\u00e9pend du poste que vous occupez, de vos responsabilit\u00e9s et de votre exp\u00e9rience.<\/li>\n<li aria-level=\"1\">Un compl\u00e9ment indemnitaire annuel (CIA) : vers\u00e9 une fois par an, non automatique, il vient reconna\u00eetre l\u2019engagement professionnel et la mani\u00e8re de servir.<\/li>\n<\/ul>\n<p>Chaque employeur (minist\u00e8re, h\u00f4pital, collectivit\u00e9) fixe ses propres r\u00e8gles dans le cadre national, ce qui explique que deux agents au m\u00eame grade, mais dans deux structures diff\u00e9rentes, puissent percevoir des montants diff\u00e9rents.<\/p>\n<h2>Indemnit\u00e9s horaires pour travaux suppl\u00e9mentaires (IHTS)<\/h2>\n<p>Si vous \u00eates <b>agent de cat\u00e9gorie B ou C<\/b> (ou contractuel de niveau \u00e9quivalent) et que vous faites des heures suppl\u00e9mentaires, celles-ci peuvent \u00eatre r\u00e9mun\u00e9r\u00e9es par des indemnit\u00e9s horaires pour travaux suppl\u00e9mentaires (IHTS).<\/p>\n<p>Les IHTS compensent les heures effectu\u00e9es au-del\u00e0 de votre cycle de travail, \u00e0 la demande de votre hi\u00e9rarchie. Le montant horaire est calcul\u00e9 \u00e0 partir de votre traitement indiciaire (et, selon les cas, de l\u2019indemnit\u00e9 de r\u00e9sidence et de la NBI), puis <b>major\u00e9<\/b> pour les premi\u00e8res heures suppl\u00e9mentaires.<\/p>\n<p>Elles restent facultatives : leur mise en place d\u00e9pend de textes ou d\u00e9lib\u00e9rations (surtout en territoriale) et du choix de l\u2019employeur.<\/p>\n<h2>Indemnit\u00e9 de r\u00e9sidence<\/h2>\n<p>Elle d\u00e9pend de la commune o\u00f9 vous travaillez et repr\u00e9sente 0 %, 1 % ou 3 % de votre traitement indiciaire brut selon la zone. Elle vise \u00e0 compenser les diff\u00e9rences de co\u00fbt de la vie.<\/p>\n<h2>Suppl\u00e9ment familial de traitement<\/h2>\n<p>Le suppl\u00e9ment familial de traitement (SFT) est est vers\u00e9 \u00e0 tout agent public (fonctionnaire ou contractuel) ayant au moins 1 enfant de moins de 20 ans \u00e0 charge. Son montant varie selon le nombre d\u2019enfants et comporte une part fixe et une part proportionnelle au traitement.<\/p>\n<h1>Comment savoir si vous \u00eates \u00e9ligible ?<\/h1>\n<p>Pour savoir si vous \u00eates \u00e9ligible \u00e0 une prime en tant que fonctionnaire, utilisez le <b>simulateur Mes Allocs<\/b>.<\/p>\n<p>En r\u00e9pondant \u00e0 quelques questions (statut, fonction publique, salaire, composition du foyer), le simulateur vous permet d\u2019identifier rapidement les aides et compl\u00e9ments mobilisables en tant que fonctionnaire, au-del\u00e0 de votre simple traitement indiciaire.<\/p>\n<div class='cta-block'><div class='text'>Simulez vos aides de fonctionnaire<\/div><a href='https:\/\/www.mes-allocs.fr\/ab-app?origin=guides\/wp-json\/wp\/v2\/posts\/71159' class='app-button fit'>Simulation gratuite<\/a><\/div>\n<h1>Vos questions sur les primes<\/h1>\n<h2>Prime fonction publique territoriale cat\u00e9gorie A : est-elle vers\u00e9e en 2026 ?<\/h2>\n<p><b>Il n\u2019existe pas de prime pour la cat\u00e9gorie dans la fonction publique territoriale<\/b>. La prime de pouvoir d\u2019achat exceptionnelle territoriale d\u00e9coulant du d\u00e9cret n\u00b0 2023-1006 ne pouvait \u00eatre vers\u00e9e que jusqu\u2019au 30 juin 2024. Elle n\u2019est donc plus attribu\u00e9e depuis cette date.<\/p>\n<p>En 2026, si vous \u00eates cadre A territorial, vos compl\u00e9ments de r\u00e9mun\u00e9ration viennent principalement :<\/p>\n<ul>\n<li aria-level=\"1\">De votre r\u00e9gime indemnitaire (RIFSEEP ou autre)<\/li>\n<li aria-level=\"1\">D\u2019\u00e9ventuelles primes sp\u00e9cifiques vot\u00e9es par votre collectivit\u00e9 (astreintes, encadrement, p\u00e9nibilit\u00e9\u2026)<\/li>\n<\/ul>\n<h2>Prime fonction publique territoriale cat\u00e9gorie B : est-elle vers\u00e9e en 2026 ?<\/h2>\n<p><b>Il n\u2019y a pas non plus de prime de pouvoir d\u2019achat exceptionnelle en 2026 sp\u00e9cifique aux cat\u00e9gories B<\/b>. En 2026, en tant qu\u2019agent de cat\u00e9gorie B territorial, vos primes d\u00e9pendent :<\/p>\n<ul>\n<li aria-level=\"1\">Du r\u00e9gime indemnitaire appliqu\u00e9 par votre collectivit\u00e9<\/li>\n<li aria-level=\"1\">Des IHTS si vous faites des heures suppl\u00e9mentaires<\/li>\n<li aria-level=\"1\">D\u2019\u00e9ventuels dispositifs locaux (primes de fin d\u2019ann\u00e9e, prime informatique, etc.)<\/li>\n<\/ul>\n<h2>Prime fonction publique territoriale cat\u00e9gorie C : est-elle vers\u00e9e en 2026 ?<\/h2>\n<p><b>Non<\/b>, elle n\u2019a pas \u00e9t\u00e9 reconduite depuis 2025. En 2026, vos compl\u00e9ments de r\u00e9mun\u00e9ration proviennent surtout :<\/p>\n<ul>\n<li aria-level=\"1\">De votre r\u00e9gime indemnitaire<\/li>\n<li aria-level=\"1\">Des IHTS si vous r\u00e9alisez des heures suppl\u00e9mentaires<\/li>\n<li aria-level=\"1\">Du SFT si vous avez des enfants<\/li>\n<li aria-level=\"1\">De l\u2019indemnit\u00e9 de r\u00e9sidence selon la zone o\u00f9 vous travaillez<\/li>\n<\/ul>\n<h2>NBI fonction publique : qu\u2019est-ce que c\u2019est ?<\/h2>\n<p>La <b>Nouvelle bonification indiciaire (NBI) <\/b>est un compl\u00e9ment de r\u00e9mun\u00e9ration en points d\u2019indice accord\u00e9 aux fonctionnaires qui occupent certains emplois comportant une responsabilit\u00e9 ou une technicit\u00e9 particuli\u00e8re (par exemple, direction de service, encadrement, travail dans un quartier prioritaire, fonctions tr\u00e8s sp\u00e9cialis\u00e9es\u2026).<\/p>\n<p>Concr\u00e8tement :<\/p>\n<ul>\n<li aria-level=\"1\">Elle se traduit par l\u2019attribution de points d\u2019indice major\u00e9 suppl\u00e9mentaires<\/li>\n<li aria-level=\"1\">Elle est vers\u00e9e chaque mois<\/li>\n<li aria-level=\"1\">Elle est prise en compte pour le calcul de la retraite<\/li>\n<\/ul>\n<p>Les emplois ouvrant droit \u00e0 la NBI sont list\u00e9s par d\u00e9crets ou arr\u00eat\u00e9s dans chaque fonction publique. Ce n\u2019est donc pas une prime que l\u2019on \u201cdemande\u201d librement :<b> c\u2019est li\u00e9 au poste occup\u00e9<\/b>.<\/p>\n<div class='shortcode summary'><div class='title'>En r\u00e9sum\u00e9 :<\/div><div class='content'><ul><li>La prime de pouvoir d\u2019achat exceptionnelle des fonctionnaires a \u00e9t\u00e9 vers\u00e9e en 2023 uniquement, sur la base des revenus 2022-2023, et n\u2019est plus attribu\u00e9e en 2026.<\/li><li>La GIPA n\u2019est plus vers\u00e9e depuis 2024 et ne sera pas vers\u00e9e en 2026.<\/li><li>En 2026, vos compl\u00e9ments de r\u00e9mun\u00e9ration de fonctionnaire proviennent surtout du r\u00e9gime indemnitaire (IFSE, CIA), des IHTS, du suppl\u00e9ment familial de traitement et de l\u2019indemnit\u00e9 de r\u00e9sidence.<\/li><li>Dans la fonction publique territoriale, il n\u2019existe pas de nouvelle prime g\u00e9n\u00e9rale depuis 2025 pour les cat\u00e9gories A, B ou C : les primes d\u00e9pendent des d\u00e9cisions de chaque collectivit\u00e9.<\/li><\/ul><\/div><\/div>\n","protected":false},"excerpt":{"rendered":"<p>[Mis \u00e0 jour le 09\/04\/2026] Quand on parle aujourd\u2019hui de prime des fonctionnaires, on pense surtout \u00e0 la prime de pouvoir d\u2019achat exceptionnelle. Cette prime, vers\u00e9e en 2023, n&rsquo;est pas une aide sociale mais elle avait \u00e9t\u00e9 mise en place par le gouvernement pour aider les agents publics face \u00e0 l\u2019inflation. Mais qu\u2019en est-il en [&hellip;]<\/p>\n","protected":false},"author":26,"featured_media":71165,"comment_status":"closed","ping_status":"open","sticky":false,"template":"","format":"standard","meta":{"amp_status":"","footnotes":""},"categories":[1411],"tags":[],"class_list":["post-71159","post","type-post","status-publish","format-standard","has-post-thumbnail","hentry","category-aides-sociales"],"yoast_head":"<!-- This site is optimized with the Yoast SEO plugin v14.9 - https:\/\/yoast.com\/wordpress\/plugins\/seo\/ -->\n<title>Prime fonctionnaire : est-elle vers\u00e9e en 2026 ? | Mes-Allocs.fr<\/title>\n<meta name=\"description\" content=\"La prime des fonctionnaires peut atteindre 800\u20ac bruts. Mais est-elle reconduite en 2026 ? On vous explique.\" \/>\n<meta name=\"robots\" content=\"index, follow, max-snippet:-1, max-image-preview:large, max-video-preview:-1\" \/>\n<link rel=\"canonical\" href=\"https:\/\/www.mes-allocs.fr\/guides\/aides-sociales\/prime-fonctionnaire\/\" \/>\n<meta property=\"og:locale\" content=\"fr_FR\" \/>\n<meta property=\"og:type\" content=\"article\" \/>\n<meta property=\"og:title\" content=\"Prime fonctionnaire : est-elle vers\u00e9e en 2026 ? | Mes-Allocs.fr\" \/>\n<meta property=\"og:description\" content=\"La prime des fonctionnaires peut atteindre 800\u20ac bruts. Mais est-elle reconduite en 2026 ? On vous explique.\" \/>\n<meta property=\"og:url\" content=\"https:\/\/www.mes-allocs.fr\/guides\/aides-sociales\/prime-fonctionnaire\/\" \/>\n<meta property=\"og:site_name\" content=\"Mes-Allocs.fr\" \/>\n<meta property=\"article:published_time\" content=\"2023-11-22T19:12:07+00:00\" \/>\n<meta property=\"article:modified_time\" content=\"2026-04-09T14:40:02+00:00\" \/>\n<meta property=\"og:image\" content=\"https:\/\/www.mes-allocs.fr\/guides\/wp-content\/uploads\/2023\/11\/prime-fonctionnaire.jpg?wsr\" \/>\n\t<meta property=\"og:image:width\" content=\"337\" \/>\n\t<meta property=\"og:image:height\" content=\"356\" \/>\n<meta name=\"twitter:card\" content=\"summary_large_image\" \/>\n<script type=\"application\/ld+json\" class=\"yoast-schema-graph\">{\"@context\":\"https:\/\/schema.org\",\"@graph\":[{\"@type\":\"WebSite\",\"@id\":\"https:\/\/www.mes-allocs.fr\/guides\/#website\",\"url\":\"https:\/\/www.mes-allocs.fr\/guides\/\",\"name\":\"Mes-Allocs.fr\",\"description\":\"\",\"potentialAction\":[{\"@type\":\"SearchAction\",\"target\":\"https:\/\/www.mes-allocs.fr\/guides\/?s={search_term_string}\",\"query-input\":\"required name=search_term_string\"}],\"inLanguage\":\"fr-FR\"},{\"@type\":\"ImageObject\",\"@id\":\"https:\/\/www.mes-allocs.fr\/guides\/aides-sociales\/prime-fonctionnaire\/#primaryimage\",\"inLanguage\":\"fr-FR\",\"url\":\"https:\/\/www.mes-allocs.fr\/guides\/wp-content\/uploads\/2023\/11\/prime-fonctionnaire.jpg?wsr\",\"width\":337,\"height\":356,\"caption\":\"qui verse la pension d'invalidit\\u00e9 d'un fonctionnaire\"},{\"@type\":\"WebPage\",\"@id\":\"https:\/\/www.mes-allocs.fr\/guides\/aides-sociales\/prime-fonctionnaire\/#webpage\",\"url\":\"https:\/\/www.mes-allocs.fr\/guides\/aides-sociales\/prime-fonctionnaire\/\",\"name\":\"Prime fonctionnaire : est-elle vers\\u00e9e en 2026 ? | Mes-Allocs.fr\",\"isPartOf\":{\"@id\":\"https:\/\/www.mes-allocs.fr\/guides\/#website\"},\"primaryImageOfPage\":{\"@id\":\"https:\/\/www.mes-allocs.fr\/guides\/aides-sociales\/prime-fonctionnaire\/#primaryimage\"},\"datePublished\":\"2023-11-22T19:12:07+00:00\",\"dateModified\":\"2026-04-09T14:40:02+00:00\",\"author\":{\"@id\":\"https:\/\/www.mes-allocs.fr\/guides\/#\/schema\/person\/9c38f3be41a0ddcd1e3fde5a3df713bf\"},\"description\":\"La prime des fonctionnaires peut atteindre 800\\u20ac bruts. Mais est-elle reconduite en 2026 ? On vous explique.\",\"inLanguage\":\"fr-FR\"},{\"@type\":\"Person\",\"@id\":\"https:\/\/www.mes-allocs.fr\/guides\/#\/schema\/person\/9c38f3be41a0ddcd1e3fde5a3df713bf\",\"name\":\"Sessime Ananou\",\"image\":{\"@type\":\"ImageObject\",\"@id\":\"https:\/\/www.mes-allocs.fr\/guides\/#personlogo\",\"inLanguage\":\"fr-FR\",\"url\":\"https:\/\/www.mes-allocs.fr\/guides\/wp-content\/uploads\/2023\/08\/IMG_8173-150x150.jpg\",\"caption\":\"Sessime Ananou\"},\"description\":\"Sessime est r\\u00e9dactrice chez Mes Allocs, sp\\u00e9cialis\\u00e9e sur le pouvoir d'achat. Elle rejoint l'\\u00e9quipe Mes Allocs en ao\\u00fbt 2023 afin de simplifier l'acc\\u00e8s \\u00e0 l'information sur les aides en g\\u00e9n\\u00e9ral.\"}]}<\/script>\n<!-- \/ Yoast SEO plugin. -->","amp_validity":null,"acf":{"faq":{"1":{"question":"Quand sera vers\u00e9e la prime des fonctionnaires ?","answer":"En 2026, la prime de pouvoir d'achat exceptionnelle ne sera pas vers\u00e9e. Elle n'a pas \u00e9t\u00e9 reconduite. "},"2":{"question":"Qui va toucher la prime de 800 \u20ac pour les fonctionnaires ?","answer":"En 2026, plus personne ne peut toucher la prime de 800\u20ac vers\u00e9e aux fonctionnaires entre 2023 et 2024."},"3":{"question":"Quelle prime en 2026 pour les fonctionnaires ?","answer":"En 2026, il n\u2019y a aucune prime nationale exceptionnelle (ni prime de pouvoir d\u2019achat, ni GIPA) pour les fonctionnaires ; seuls restent les primes habituelles (r\u00e9gime indemnitaire, IHTS, etc.) et d\u2019\u00e9ventuelles primes locales d\u00e9cid\u00e9es par chaque employeur."},"4":{"question":"Quelle est la date de versement de la prime d'inflation en 2026 ?","answer":"En 2026, il n\u2019existe pas de nouvelle prime d\u2019inflation nationale, donc aucune date de versement n\u2019est pr\u00e9vue."},"5":{"question":"Quelle est la prime exceptionnelle de fin d'ann\u00e9e pour les agents de la fonction publique ?","answer":"Il n\u2019existe pas de prime exceptionnelle de fin d\u2019ann\u00e9e nationale pour tous les agents publics ; certaines administrations ou collectivit\u00e9s peuvent toutefois accorder une prime de fin d\u2019ann\u00e9e ou un \u201c13\u1d49 mois\u201d par d\u00e9cision locale."},"6":{"question":"Quand la prime exceptionnelle de la CAF sera-t-elle vers\u00e9e en 2026?","answer":"La prime exceptionnelle de fin d\u2019ann\u00e9e (prime de No\u00ebl) est vers\u00e9e \u00e0 partir du 16 d\u00e9cembre 2026, et \u00e0 partir de janvier 2026 pour ceux dont le droit RSA\/ASS\/AER ne s\u2019ouvre qu\u2019en d\u00e9cembre 2026."},"7":{"question":"","answer":""},"8":{"question":"","answer":""},"9":{"question":"","answer":""},"10":{"question":"","answer":""},"11":{"question":"","answer":""},"12":{"question":"","answer":""},"13":{"question":"","answer":""},"14":{"question":"","answer":""},"15":{"question":"","answer":""},"16":{"question":"","answer":""}}},"_links":{"self":[{"href":"https:\/\/www.mes-allocs.fr\/guides\/wp-json\/wp\/v2\/posts\/71159","targetHints":{"allow":["GET"]}}],"collection":[{"href":"https:\/\/www.mes-allocs.fr\/guides\/wp-json\/wp\/v2\/posts"}],"about":[{"href":"https:\/\/www.mes-allocs.fr\/guides\/wp-json\/wp\/v2\/types\/post"}],"author":[{"embeddable":true,"href":"https:\/\/www.mes-allocs.fr\/guides\/wp-json\/wp\/v2\/users\/26"}],"replies":[{"embeddable":true,"href":"https:\/\/www.mes-allocs.fr\/guides\/wp-json\/wp\/v2\/comments?post=71159"}],"version-history":[{"count":14,"href":"https:\/\/www.mes-allocs.fr\/guides\/wp-json\/wp\/v2\/posts\/71159\/revisions"}],"predecessor-version":[{"id":111854,"href":"https:\/\/www.mes-allocs.fr\/guides\/wp-json\/wp\/v2\/posts\/71159\/revisions\/111854"}],"wp:featuredmedia":[{"embeddable":true,"href":"https:\/\/www.mes-allocs.fr\/guides\/wp-json\/wp\/v2\/media\/71165"}],"wp:attachment":[{"href":"https:\/\/www.mes-allocs.fr\/guides\/wp-json\/wp\/v2\/media?parent=71159"}],"wp:term":[{"taxonomy":"category","embeddable":true,"href":"https:\/\/www.mes-allocs.fr\/guides\/wp-json\/wp\/v2\/categories?post=71159"},{"taxonomy":"post_tag","embeddable":true,"href":"https:\/\/www.mes-allocs.fr\/guides\/wp-json\/wp\/v2\/tags?post=71159"}],"curies":[{"name":"wp","href":"https:\/\/api.w.org\/{rel}","templated":true}]}}