{"id":71152,"date":"2023-11-22T20:08:03","date_gmt":"2023-11-22T18:08:03","guid":{"rendered":"https:\/\/www.mes-allocs.fr\/guides\/?p=71152"},"modified":"2026-01-08T17:28:09","modified_gmt":"2026-01-08T16:28:09","slug":"prime-segur","status":"publish","type":"post","link":"https:\/\/www.mes-allocs.fr\/guides\/aides-sociales\/prime-segur\/","title":{"rendered":"Prime S\u00e9gur 2026 : conditions, montant, d\u00e9marches"},"content":{"rendered":"<p><img loading=\"lazy\" decoding=\"async\" class=\"alignnone wp-image-71157 size-full\" title=\"prime segur\" src=\"https:\/\/www.mes-allocs.fr\/guides\/wp-content\/uploads\/2023\/11\/prime-segur-1-1-e1700674310268.jpg\" alt=\"prime segur\" width=\"1280\" height=\"387\" srcset=\"https:\/\/www.mes-allocs.fr\/guides\/wp-content\/uploads\/2023\/11\/prime-segur-1-1-e1700674310268.jpg 1280w, https:\/\/www.mes-allocs.fr\/guides\/wp-content\/uploads\/2023\/11\/prime-segur-1-1-e1700674310268-300x91.jpg 300w, https:\/\/www.mes-allocs.fr\/guides\/wp-content\/uploads\/2023\/11\/prime-segur-1-1-e1700674310268-1024x310.jpg 1024w, https:\/\/www.mes-allocs.fr\/guides\/wp-content\/uploads\/2023\/11\/prime-segur-1-1-e1700674310268-768x232.jpg 768w, https:\/\/www.mes-allocs.fr\/guides\/wp-content\/uploads\/2023\/11\/prime-segur-1-1-e1700674310268-600x181.jpg 600w\" sizes=\"auto, (max-width: 1280px) 100vw, 1280px\" \/><\/p>\n<p>Lanc\u00e9e pour valoriser l&rsquo;engagement sans faille des professionnels de la sant\u00e9, la <strong>Prime S\u00e9gur<\/strong>, depuis son instauration, s&rsquo;est av\u00e9r\u00e9e \u00eatre une <a href=\"https:\/\/www.mes-allocs.fr\/guides\/aides-sociales\/\">aide sociale<\/a> importante dans la reconnaissance de leurs efforts. En constante \u00e9volution pour s&rsquo;adapter aux besoins changeants du secteur de la sant\u00e9, la Prime S\u00e9gur 2026 repr\u00e9sente une nouvelle \u00e9tape dans cette d\u00e9marche. Cette aide vise \u00e0 continuer \u00e0 honorer l&rsquo;investissement et le d\u00e9vouement des acteurs cl\u00e9s du domaine m\u00e9dical. Dans cet article, d\u00e9couvrez qui peut b\u00e9n\u00e9ficier de la Prime S\u00e9gur, son montant et les modalit\u00e9s de versement de cette prime.<\/p>\n<div class='cta-block'><div class='text'>Simulez toutes vos aides en 2 min.<\/div><a href='https:\/\/www.mes-allocs.fr\/ab-app?origin=guides\/wp-json\/wp\/v2\/posts\/71152' class='app-button fit'>Simulation gratuite<\/a><\/div>\n<h1>Qu&rsquo;est-ce que la Prime S\u00e9gur en 2026 ?<\/h1>\n<div class=\"relative flex w-[calc(100%-50px)] flex-col gizmo:w-full lg:w-[calc(100%-115px)] agent-turn\">\n<div class=\"flex-col gap-1 md:gap-3\">\n<div class=\"flex flex-grow flex-col max-w-full gap-3 gizmo:gap-0\">\n<div class=\"min-h-[20px] text-message flex flex-col items-start gap-3 whitespace-pre-wrap break-words [.text-message+&amp;]:mt-5 overflow-x-auto\" data-message-author-role=\"assistant\" data-message-id=\"03887172-0fff-4d82-ab51-eee5c8b2fa8c\">\n<div class=\"markdown prose w-full break-words dark:prose-invert dark\">\n<p>La Prime S\u00e9gur pour les soignants et professionnels de la sant\u00e9 a \u00e9t\u00e9 mise en place dans le cadre de l&rsquo;effort national pour reconna\u00eetre et valoriser le travail essentiel des personnels exer\u00e7ant dans le secteur de la sant\u00e9. Son objectif principal est de r\u00e9compenser et d&rsquo;encourager leur engagement quotidien, en particulier durant des p\u00e9riodes de crise sanitaire, en leur accordant une prime salariale sp\u00e9cifique. Cette prime vise \u00e0 reconna\u00eetre <strong>leur d\u00e9vouement, \u00e0 renforcer leur motivation et \u00e0 favoriser l&rsquo;attractivit\u00e9 des m\u00e9tiers du domaine m\u00e9dical et param\u00e9dical<\/strong>.<\/p>\n<\/div>\n<\/div>\n<\/div>\n<\/div>\n<\/div>\n<h1>Qui peut b\u00e9n\u00e9ficier de la Prime S\u00e9gur en 2026 ?<\/h1>\n<h2>La Prime S\u00e9gur pour les agents de la fonction publique hospitali\u00e8re<\/h2>\n<p>Dans la fonction publique hospitali\u00e8re, la Prime S\u00e9gur est attribu\u00e9e aux agents titulaires et contractuels exer\u00e7ant des fonctions socio-\u00e9ducatives au sein d&rsquo;\u00e9tablissements ou de services d\u00e9finis par l&rsquo;article L. 312-1 du code de l&rsquo;action sociale et des familles. Vous devez occuper ces missions \u00e0 titre principal, repr\u00e9sentant au moins 50 % de votre temps de travail.<\/p>\n<h2>La Prime S\u00e9gur pour les agents de la fonction publique d&rsquo;Etat<\/h2>\n<p>Dans la fonction publique d\u2019\u00c9tat, cette prime concerne des agents titulaires et contractuels remplissant des fonctions socio-\u00e9ducatives dans des services et \u00e9tablissements sp\u00e9cifiques, tels que ceux mentionn\u00e9s dans le code de l&rsquo;action sociale et des familles, les \u00e9quipes mobiles travaillant avec les sans-abri ou encore les services de la protection judiciaire de la jeunesse.<\/p>\n<h2>La Prime S\u00e9gur pour les agents de la fonction publique territoriale<\/h2>\n<p>Quant \u00e0 la fonction publique territoriale, cette prime est accord\u00e9 \u00e0 des professionnels exer\u00e7ant des fonctions d&rsquo;accompagnement socio-\u00e9ducatif, tels que les conseillers territoriaux socio-\u00e9ducatifs ou les \u00e9ducateurs territoriaux de jeunes enfants. Les b\u00e9n\u00e9ficiaires potentiels sont list\u00e9s par d\u00e9cret :<\/p>\n<ul>\n<li>Les \u00e9ducateurs territoriaux de jeunes enfants<\/li>\n<li>Les psychologues territoriaux socio-\u00e9ducatifs<\/li>\n<li>Les agents sociaux territoriaux<\/li>\n<li>Les aides \u00e0 domicile<\/li>\n<\/ul>\n<h2>La Prime S\u00e9gur pour les autres publics<\/h2>\n<p>En outre, les aides \u00e0 domicile des services d&rsquo;aide et d&rsquo;accompagnement \u00e0 domicile territoriaux et les personnels param\u00e9dicaux travaillant dans divers contextes sociaux et m\u00e9dicaux, tels que les \u00e9tablissements et services sp\u00e9cifi\u00e9s, pourront \u00e9galement b\u00e9n\u00e9ficier de cette prime. Ces crit\u00e8res pr\u00e9cisent l&rsquo;attribution de la Prime S\u00e9gur \u00e0 diff\u00e9rents secteurs des trois fonctions publiques.<\/p>\n<p>Enfin, la prime concerne \u00e9galement les salari\u00e9s du secteur priv\u00e9 non lucratif (BASS) n&rsquo;ayant pas encore b\u00e9n\u00e9fici\u00e9 des pr\u00e9c\u00e9dentes revalorisation S\u00e9gur, sous r\u00e9serve que vous exerciez dans des structures relevant du champ sanitaire, social ou m\u00e9dico-social.<\/p>\n<p><iframe loading=\"lazy\" src=\"\/\/www.youtube.com\/embed\/weTPOvJJ3bs\" width=\"560\" height=\"314\" allowfullscreen=\"allowfullscreen\"><\/iframe><\/p>\n<div class=\"relative flex w-[calc(100%-50px)] flex-col gizmo:w-full lg:w-[calc(100%-115px)] agent-turn\">\n<div class=\"flex-col gap-1 md:gap-3\">\n<div class=\"flex flex-grow flex-col max-w-full gap-3 gizmo:gap-0\">\n<div class=\"min-h-[20px] text-message flex flex-col items-start gap-3 whitespace-pre-wrap break-words [.text-message+&amp;]:mt-5 overflow-x-auto\" data-message-author-role=\"assistant\" data-message-id=\"03887172-0fff-4d82-ab51-eee5c8b2fa8c\">\n<div class=\"markdown prose w-full break-words dark:prose-invert dark\">\n<h1>Montant et versement de la prime S\u00e9gur<\/h1>\n<h2>Quel est le montant de la prime S\u00e9gur en 2026 ?<\/h2>\n<p>Le montant de la prime S\u00e9gur varie selon les corps de m\u00e9tier et les fonctions exerc\u00e9es. Il est \u00e9tabli diff\u00e9remment pour chaque groupe professionnel. Cette prime peut osciller <strong>entre 183 euros nets mensuels et 1 500 euros<\/strong>, voire plus, selon les secteurs et les \u00e9chelons concern\u00e9s.<\/p>\n<h2 class=\"mt-[38px] font-border flex items-center mb-6\">Quelles sont les modalit\u00e9s de versement de la prime S\u00e9gur ?<\/h2>\n<p>La prime est vers\u00e9e directement avec les salaires.\u00a0 Cependant, il est important de noter que si le versement de cette prime est automatique dans les fonctions publiques d&rsquo;\u00c9tat et hospitali\u00e8re, ce n&rsquo;est pas le cas dans la fonction publique territoriale, o\u00f9 son attribution reste facultative. Dans ce dernier cas, chaque collectivit\u00e9 est responsable de d\u00e9terminer la liste des b\u00e9n\u00e9ficiaires en fonction des crit\u00e8res qu&rsquo;elle aura fix\u00e9s.<\/p>\n<p>Le minist\u00e8re de la Sant\u00e9 a \u00e9galement pr\u00e9cis\u00e9 que ces primes sont destin\u00e9es \u00e0 \u00eatre transform\u00e9es en compl\u00e9ment de traitement indiciaire lors des prochaines lois financi\u00e8res, permettant ainsi de les prendre en compte dans le calcul des retraites, avec un effet r\u00e9troactif..<\/p>\n<p><div class='shortcode read-more'><div class='title'>En savoir plus<\/div><div class='content'>Il existe deux types de versement de la prime S\u00e9gur :<\/p>\n<ul>\n<li><strong>Versement apr\u00e8s demande :<\/strong> il est possible que vous deviez adresser votre demande formelle aupr\u00e8s du service RH de votre entreprise, de l&rsquo;administration territoriale ou d&rsquo;autres entit\u00e9s gouvernementales concern\u00e9es.<\/li>\n<li><strong>Versement automatique :<\/strong> comme mentionn\u00e9 pr\u00e9c\u00e9demment, dans la fonciton publique territoriale, le versement de la prime S\u00e9gur se fait automatiquement sur le bulletin de paie.<\/div><\/div><\/li>\n<\/ul>\n<div class=\"list-style block-heading-wrapper p-r\">\n<h2 class=\"mt-[38px] font-border flex items-center mb-6\">Comment est pris en charge le co\u00fbt de ces revalorisations salariales ?<\/h2>\n<p>Les revalorisations salariales seront financ\u00e9es \u00e0 hauteur de 70 % par l&rsquo;\u00c9tat et la S\u00e9curit\u00e9 sociale, et \u00e0 30 % par les d\u00e9partements. De plus, l&rsquo;\u00c9tat prendra en charge 30 % du co\u00fbt relatif \u00e0 la revalorisation des professionnels de la protection maternelle infantile, incluant les m\u00e9decins qui y exercent, comme pr\u00e9cis\u00e9 par le minist\u00e8re de la Sant\u00e9.<\/p>\n<p>Voici un tableau pr\u00e9sentant un aper\u00e7u des b\u00e9n\u00e9ficiaires \u00e9ligibles, du montant de la prime et des conditions d&rsquo;attribution de la Prime S\u00e9gur 2026 selon les diff\u00e9rentes fonctions publiques et cat\u00e9gories professionnelles :<\/p>\n\n<div class=\"wpdt-c row wpDataTableContainerSimpleTable wpDataTables wpDataTablesWrapper\n\"\n    >\n    <table id=\"wpdtSimpleTable-487\"\n           class=\"wpdtSimpleTable wpDataTable\"\n           data-column=\"6\"\n           data-rows=\"4\"\n           data-wpID=\"487\"\n           data-responsive=\"0\"\n           data-has-header=\"1\">\n\n                    <thead>        <tr class=\"wpdt-cell-row \" >\n                            <th class=\"wpdt-cell wpdt-bc-F3F9FE wpdt-bold\"\n                                    data-cell-id=\"A1\"\n                data-col-index=\"0\"\n                data-row-index=\"0\"\n                style=\" width:16.504854368932%;                padding:10px;\"\n                >\n                                Cat\u00e9gorie professionnelle                <\/th>\n                                            <th class=\"wpdt-cell wpdt-bc-F3F9FE wpdt-bold\"\n                                    data-cell-id=\"B1\"\n                data-col-index=\"1\"\n                data-row-index=\"0\"\n                style=\" width:17.47572815534%;                padding:10px;\"\n                >\n                                Fonction Publique Hospitali\u00e8re                <\/th>\n                                            <th class=\"wpdt-cell wpdt-tc-000000 wpdt-bc-F3F9FE wpdt-bold\"\n                                    data-cell-id=\"C1\"\n                data-col-index=\"2\"\n                data-row-index=\"0\"\n                style=\" width:16.504854368932%;                padding:10px;\"\n                >\n                                Fonction Publique d'\u00c9tat                <\/th>\n                                            <th class=\"wpdt-cell wpdt-tc-000000 wpdt-bc-F3F9FE wpdt-bold\"\n                                    data-cell-id=\"D1\"\n                data-col-index=\"3\"\n                data-row-index=\"0\"\n                style=\" width:16.504854368932%;                padding:10px;\"\n                >\n                                Fonction Publique Territoriale                <\/th>\n                                            <th class=\"wpdt-cell wpdt-tc-000000 wpdt-bc-F3F9FE wpdt-bold\"\n                                    data-cell-id=\"E1\"\n                data-col-index=\"4\"\n                data-row-index=\"0\"\n                style=\" width:16.504854368932%;                padding:10px;\"\n                >\n                                Montant de la Prime                <\/th>\n                                            <th class=\"wpdt-cell wpdt-tc-000000 wpdt-bc-F3F9FE wpdt-bold\"\n                                    data-cell-id=\"F1\"\n                data-col-index=\"5\"\n                data-row-index=\"0\"\n                style=\" width:16.504854368932%;                padding:10px;\"\n                >\n                                Conditions d'Attribution                <\/th>\n                                        <\/tr>\n                    <tbody>        <tr class=\"wpdt-cell-row \" >\n                            <td class=\"wpdt-cell \"\n                                    data-cell-id=\"A2\"\n                data-col-index=\"0\"\n                data-row-index=\"1\"\n                style=\"                padding:10px;\"\n                >\n                                Agents socio-\u00e9ducatifs                <\/td>\n                                            <td class=\"wpdt-cell \"\n                                    data-cell-id=\"B2\"\n                data-col-index=\"1\"\n                data-row-index=\"1\"\n                style=\"                padding:10px;\"\n                >\n                                Oui                <\/td>\n                                            <td class=\"wpdt-cell \"\n                                    data-cell-id=\"C2\"\n                data-col-index=\"2\"\n                data-row-index=\"1\"\n                style=\"                padding:10px;\"\n                >\n                                Oui                <\/td>\n                                            <td class=\"wpdt-cell \"\n                                    data-cell-id=\"D2\"\n                data-col-index=\"3\"\n                data-row-index=\"1\"\n                style=\"                padding:10px;\"\n                >\n                                Oui                <\/td>\n                                            <td class=\"wpdt-cell \"\n                                    data-cell-id=\"E2\"\n                data-col-index=\"4\"\n                data-row-index=\"1\"\n                style=\"                padding:10px;\"\n                >\n                                183 \u20ac net par mois                <\/td>\n                                            <td class=\"wpdt-cell \"\n                                    data-cell-id=\"F2\"\n                data-col-index=\"5\"\n                data-row-index=\"1\"\n                style=\"                padding:10px;\"\n                >\n                                Exercice principal (\u226550\u202f%) de fonctions socio-\u00e9ducatives                <\/td>\n                                        <\/tr>\n                            <tr class=\"wpdt-cell-row \" >\n                            <td class=\"wpdt-cell \"\n                                    data-cell-id=\"A3\"\n                data-col-index=\"0\"\n                data-row-index=\"2\"\n                style=\"                padding:10px;\"\n                >\n                                Professeurs techniques                <\/td>\n                                            <td class=\"wpdt-cell \"\n                                    data-cell-id=\"B3\"\n                data-col-index=\"1\"\n                data-row-index=\"2\"\n                style=\"                padding:10px;\"\n                >\n                                Oui                <\/td>\n                                            <td class=\"wpdt-cell \"\n                                    data-cell-id=\"C3\"\n                data-col-index=\"2\"\n                data-row-index=\"2\"\n                style=\"                padding:10px;\"\n                >\n                                Oui                <\/td>\n                                            <td class=\"wpdt-cell \"\n                                    data-cell-id=\"D3\"\n                data-col-index=\"3\"\n                data-row-index=\"2\"\n                style=\"                padding:10px;\"\n                >\n                                Non                <\/td>\n                                            <td class=\"wpdt-cell \"\n                                    data-cell-id=\"E3\"\n                data-col-index=\"4\"\n                data-row-index=\"2\"\n                style=\"                padding:10px;\"\n                >\n                                183 \u20ac net par mois                <\/td>\n                                            <td class=\"wpdt-cell \"\n                                    data-cell-id=\"F3\"\n                data-col-index=\"5\"\n                data-row-index=\"2\"\n                style=\"                padding:10px;\"\n                >\n                                Exercice dans \u00e9tablissements\/services \u00e9ligibles                <\/td>\n                                        <\/tr>\n                            <tr class=\"wpdt-cell-row \" >\n                            <td class=\"wpdt-cell \"\n                                    data-cell-id=\"A4\"\n                data-col-index=\"0\"\n                data-row-index=\"3\"\n                style=\"                padding:10px;\"\n                >\n                                Aides \u00e0 domicile                <\/td>\n                                            <td class=\"wpdt-cell \"\n                                    data-cell-id=\"B4\"\n                data-col-index=\"1\"\n                data-row-index=\"3\"\n                style=\"                padding:10px;\"\n                >\n                                Oui                <\/td>\n                                            <td class=\"wpdt-cell \"\n                                    data-cell-id=\"C4\"\n                data-col-index=\"2\"\n                data-row-index=\"3\"\n                style=\"                padding:10px;\"\n                >\n                                Oui                <\/td>\n                                            <td class=\"wpdt-cell \"\n                                    data-cell-id=\"D4\"\n                data-col-index=\"3\"\n                data-row-index=\"3\"\n                style=\"                padding:10px;\"\n                >\n                                Oui                <\/td>\n                                            <td class=\"wpdt-cell \"\n                                    data-cell-id=\"E4\"\n                data-col-index=\"4\"\n                data-row-index=\"3\"\n                style=\"                padding:10px;\"\n                >\n                                183 \u20ac net par mois                <\/td>\n                                            <td class=\"wpdt-cell \"\n                                    data-cell-id=\"F4\"\n                data-col-index=\"5\"\n                data-row-index=\"3\"\n                style=\"                padding:10px;\"\n                >\n                                Exercice dans \u00e9tablissements\/services \u00e9ligibles                <\/td>\n                                        <\/tr>\n                    <\/table>\n<\/div><style id='wpdt-custom-style-487'>\ntable#wpdtSimpleTable-487{ table-layout: fixed !important; }\n.wpdt-bc-F3F9FE { background-color: #F3F9FE !important;}\n.wpdt-tc-000000 { color: #000000 !important;}\n<\/style>\n\n<h1>Quelles sont les d\u00e9marches pour b\u00e9n\u00e9ficier de la Prime S\u00e9gur en 2026 ?<\/h1>\n<div class=\"relative flex w-[calc(100%-50px)] flex-col gizmo:w-full lg:w-[calc(100%-115px)] agent-turn\">\n<div class=\"flex-col gap-1 md:gap-3\">\n<div class=\"flex flex-grow flex-col max-w-full gap-3 gizmo:gap-0\">\n<div class=\"min-h-[20px] text-message flex flex-col items-start gap-3 whitespace-pre-wrap break-words [.text-message+&amp;]:mt-5 overflow-x-auto\" data-message-author-role=\"assistant\" data-message-id=\"2c2d10c6-6244-4d3e-aa7c-451aa00ad89f\">\n<div class=\"markdown prose w-full break-words dark:prose-invert dark\">\n<p>Pour b\u00e9n\u00e9ficier de la Prime S\u00e9gur 2026, les d\u00e9marches peuvent varier selon la fonction publique (hospitali\u00e8re, d&rsquo;\u00c9tat, territoriale) et la cat\u00e9gorie professionnelle. Toutefois, dans la majorit\u00e9 des cas, le versement de la prime est automatique pour les agents \u00e9ligibles de la fonction publique hospitali\u00e8re et d&rsquo;\u00c9tat, ainsi que pour les salari\u00e9s du secteur priv\u00e9 non lucratif concern\u00e9. Dans la fonction publique territoriale, la proc\u00e9dure peut d\u00e9pendre de la collectivit\u00e9 qui vous emploi. Cas ce cas, certaines collectivit\u00e9s versent la prime automatiquement tandis que d&rsquo;autres peuvent demander une d\u00e9marche de votre part.<\/p>\n<div class='shortcode important'><div class='title'>Important<\/div><div class='content'>Il est important de consulter les communications internes de votre organisation, de contacter votre service des ressources humaines ou de v\u00e9rifier les sites officiels des minist\u00e8res comp\u00e9tents pour obtenir des instructions pr\u00e9cises sur les d\u00e9marches \u00e0 suivre pour b\u00e9n\u00e9ficier de la Prime S\u00e9gur 2026.<\/div><\/div>\n<p>Les d\u00e9marches pour b\u00e9n\u00e9ficier de la Prime S\u00e9gur en 2026 sont :<\/p>\n<ol>\n<li><strong>V\u00e9rification des crit\u00e8res d&rsquo;\u00e9ligibilit\u00e9 :<\/strong> s&rsquo;assurer que vous remplissez les conditions requises pour \u00eatre b\u00e9n\u00e9ficiaire de la Prime S\u00e9gur selon votre statut professionnel et le secteur d&rsquo;activit\u00e9.<\/li>\n<li><strong>Contact avec le service RH ou administration :<\/strong> informez-vous aupr\u00e8s de votre service des ressources humaines, ou de l&rsquo;administration comp\u00e9tente, pour obtenir des d\u00e9tails sur la prime, ses conditions et les documents requis.<\/li>\n<li><strong>Soumission des documents :<\/strong> vous pourriez \u00eatre invit\u00e9 \u00e0 remplir un formulaire de demande ou \u00e0 fournir des documents justificatifs prouvant votre \u00e9ligibilit\u00e9.<\/li>\n<li><strong>Suivi des d\u00e9lais et des proc\u00e9dures :<\/strong> si une d\u00e9marche est n\u00e9cessaire, veillez \u00e0 respecter les \u00e9ch\u00e9ances fix\u00e9es par votre employeur ou votre collectivit\u00e9.<\/li>\n<\/ol>\n<div class='shortcode summary'><div class='title'>En r\u00e9sum\u00e9 :<\/div><div class='content'><ul><li>La Prime S\u00e9gur a pour objectif de <strong>valoriser le travail des professionnels de sant\u00e9<\/strong> et renforcer l\u2019attractivit\u00e9 des m\u00e9tiers du soin.<\/li><li>\nElle s&rsquo;adresse aux <strong>professionnels engag\u00e9s dans le secteur sanitaire, social et m\u00e9dico-social<\/strong>.<\/li><li>\nLe montant de la Prime S\u00e9gur varie de <strong>183 \u20ac nets mensuels<\/strong> \u00e0 parfois 1 500 \u20ac, en fonction du m\u00e9tier ou secteur, du statut et de l&rsquo;\u00e9chelon.<\/li><li>\nDas certains cas, le versement de la prime est <strong>automatique<\/strong>. Mais dans d&rsquo;autres, il n\u00e9cessite de se rapprocher du service RH pour en faire la demande.<\/li><\/ul><\/div><\/div>\n<p><!-- --> <!-- notionvc: c4981dce-9e1a-44de-ad45-5a3ed165f7b0 --><\/p>\n<div class='cta-block'><div class='text'>Simulez toutes vos aides en 2 min.<\/div><a href='https:\/\/www.mes-allocs.fr\/ab-app?origin=guides\/wp-json\/wp\/v2\/posts\/71152' class='app-button fit'>Simulation gratuite<\/a><\/div>\n<\/div>\n<\/div>\n<\/div>\n<\/div>\n<\/div>\n<\/div>\n<\/div>\n<\/div>\n<\/div>\n<\/div>\n<\/div>\n","protected":false},"excerpt":{"rendered":"<p>Lanc\u00e9e pour valoriser l&rsquo;engagement sans faille des professionnels de la sant\u00e9, la Prime S\u00e9gur, depuis son instauration, s&rsquo;est av\u00e9r\u00e9e \u00eatre une aide sociale importante dans la reconnaissance de leurs efforts. En constante \u00e9volution pour s&rsquo;adapter aux besoins changeants du secteur de la sant\u00e9, la Prime S\u00e9gur 2026 repr\u00e9sente une nouvelle \u00e9tape dans cette d\u00e9marche. Cette [&hellip;]<\/p>\n","protected":false},"author":26,"featured_media":71156,"comment_status":"closed","ping_status":"open","sticky":false,"template":"","format":"standard","meta":{"amp_status":"","footnotes":""},"categories":[1411],"tags":[],"class_list":["post-71152","post","type-post","status-publish","format-standard","has-post-thumbnail","hentry","category-aides-sociales"],"yoast_head":"<!-- This site is optimized with the Yoast SEO plugin v14.9 - https:\/\/yoast.com\/wordpress\/plugins\/seo\/ -->\n<title>Prime S\u00e9gur 2026 : conditions, montant, d\u00e9marches | Mes-Allocs.fr<\/title>\n<meta name=\"description\" content=\"La Prime S\u00e9gur peut atteindre 1 500 euros nets par mois. Mais qui peut en b\u00e9n\u00e9ficier ? Et quelles sont les d\u00e9marches \u00e0 effectuer ?\" \/>\n<meta name=\"robots\" content=\"index, follow, max-snippet:-1, max-image-preview:large, max-video-preview:-1\" \/>\n<link rel=\"canonical\" href=\"https:\/\/www.mes-allocs.fr\/guides\/aides-sociales\/prime-segur\/\" \/>\n<meta property=\"og:locale\" content=\"fr_FR\" \/>\n<meta property=\"og:type\" content=\"article\" \/>\n<meta property=\"og:title\" content=\"Prime S\u00e9gur 2026 : conditions, montant, d\u00e9marches | Mes-Allocs.fr\" \/>\n<meta property=\"og:description\" content=\"La Prime S\u00e9gur peut atteindre 1 500 euros nets par mois. Mais qui peut en b\u00e9n\u00e9ficier ? Et quelles sont les d\u00e9marches \u00e0 effectuer ?\" \/>\n<meta property=\"og:url\" content=\"https:\/\/www.mes-allocs.fr\/guides\/aides-sociales\/prime-segur\/\" \/>\n<meta property=\"og:site_name\" content=\"Mes-Allocs.fr\" \/>\n<meta property=\"article:published_time\" content=\"2023-11-22T18:08:03+00:00\" \/>\n<meta property=\"article:modified_time\" content=\"2026-01-08T16:28:09+00:00\" \/>\n<meta property=\"og:image\" content=\"https:\/\/www.mes-allocs.fr\/guides\/wp-content\/uploads\/2023\/11\/prime-segur--e1720617721262.jpg?wsr\" \/>\n\t<meta property=\"og:image:width\" content=\"725\" \/>\n\t<meta property=\"og:image:height\" content=\"240\" \/>\n<meta name=\"twitter:card\" content=\"summary_large_image\" \/>\n<script type=\"application\/ld+json\" class=\"yoast-schema-graph\">{\"@context\":\"https:\/\/schema.org\",\"@graph\":[{\"@type\":\"WebSite\",\"@id\":\"https:\/\/www.mes-allocs.fr\/guides\/#website\",\"url\":\"https:\/\/www.mes-allocs.fr\/guides\/\",\"name\":\"Mes-Allocs.fr\",\"description\":\"\",\"potentialAction\":[{\"@type\":\"SearchAction\",\"target\":\"https:\/\/www.mes-allocs.fr\/guides\/?s={search_term_string}\",\"query-input\":\"required name=search_term_string\"}],\"inLanguage\":\"fr-FR\"},{\"@type\":\"ImageObject\",\"@id\":\"https:\/\/www.mes-allocs.fr\/guides\/aides-sociales\/prime-segur\/#primaryimage\",\"inLanguage\":\"fr-FR\",\"url\":\"https:\/\/www.mes-allocs.fr\/guides\/wp-content\/uploads\/2023\/11\/prime-segur--e1720617721262.jpg?wsr\",\"width\":725,\"height\":240,\"caption\":\"insuffisance r\\u00e9nale pension invalidit\\u00e9\"},{\"@type\":\"WebPage\",\"@id\":\"https:\/\/www.mes-allocs.fr\/guides\/aides-sociales\/prime-segur\/#webpage\",\"url\":\"https:\/\/www.mes-allocs.fr\/guides\/aides-sociales\/prime-segur\/\",\"name\":\"Prime S\\u00e9gur 2026 : conditions, montant, d\\u00e9marches | Mes-Allocs.fr\",\"isPartOf\":{\"@id\":\"https:\/\/www.mes-allocs.fr\/guides\/#website\"},\"primaryImageOfPage\":{\"@id\":\"https:\/\/www.mes-allocs.fr\/guides\/aides-sociales\/prime-segur\/#primaryimage\"},\"datePublished\":\"2023-11-22T18:08:03+00:00\",\"dateModified\":\"2026-01-08T16:28:09+00:00\",\"author\":{\"@id\":\"https:\/\/www.mes-allocs.fr\/guides\/#\/schema\/person\/9c38f3be41a0ddcd1e3fde5a3df713bf\"},\"description\":\"La Prime S\\u00e9gur peut atteindre 1 500 euros nets par mois. Mais qui peut en b\\u00e9n\\u00e9ficier ? Et quelles sont les d\\u00e9marches \\u00e0 effectuer ?\",\"inLanguage\":\"fr-FR\"},{\"@type\":\"Person\",\"@id\":\"https:\/\/www.mes-allocs.fr\/guides\/#\/schema\/person\/9c38f3be41a0ddcd1e3fde5a3df713bf\",\"name\":\"Sessime Ananou\",\"image\":{\"@type\":\"ImageObject\",\"@id\":\"https:\/\/www.mes-allocs.fr\/guides\/#personlogo\",\"inLanguage\":\"fr-FR\",\"url\":\"https:\/\/www.mes-allocs.fr\/guides\/wp-content\/uploads\/2023\/08\/IMG_8173-150x150.jpg\",\"caption\":\"Sessime Ananou\"},\"description\":\"Sessime est r\\u00e9dactrice chez Mes Allocs, sp\\u00e9cialis\\u00e9e sur le pouvoir d'achat. Elle rejoint l'\\u00e9quipe Mes Allocs en ao\\u00fbt 2023 afin de simplifier l'acc\\u00e8s \\u00e0 l'information sur les aides en g\\u00e9n\\u00e9ral.\"}]}<\/script>\n<!-- \/ Yoast SEO plugin. -->","amp_validity":null,"acf":{"faq":{"1":{"question":"Comment faire la demande de la prime S\u00e9gur ?","answer":"La prime S\u00e9gur vous est vers\u00e9e automatiquement si vous \u00eates \u00e9ligible. "},"2":{"question":"Comment savoir si j'ai le droit \u00e0 la prime S\u00e9gur ?","answer":"Pour savoir si vous avez droit \u00e0 la prime S\u00e9gur, v\u00e9rifiez si vous exercez des fonctions socio-\u00e9ducatives ou param\u00e9dicales au moins 50\u202f% de votre temps dans un \u00e9tablissement ou service \u00e9ligible\u202f."},"3":{"question":"Qui n'a pas droit \u00e0 la prime S\u00e9gur ?","answer":"Les personnes qui n'ont pas le droit \u00e0 la prime S\u00e9gur sont les agents administratifs, techniques, ouvriers et agents de services hospitaliers qualifi\u00e9s (ASHQ), ainsi que les personnels d\u00e9j\u00e0 b\u00e9n\u00e9ficiaires d'une revalorisation similaire ou d'une prime sp\u00e9cifique aux m\u00e9decins."},"4":{"question":"Qui prend en charge la prime S\u00e9gur ?","answer":"L'\u00c9tat et la S\u00e9curit\u00e9 sociale avec un soutien de la Caisse nationale de solidarit\u00e9 pour l'autonomie (CNSA). "},"5":{"question":"Comment d\u00e9clarer prime S\u00e9gur \u00e0 la CAF ?","answer":"Elles ne sont pas \u00e0 d\u00e9clarer \u00e0 la CAF dans le cadre de la d\u00e9claration trimestrielle de ressources. "},"6":{"question":"Est-ce que la prime S\u00e9gur se d\u00e9clarer \u00e0 la CAF ?","answer":"Cette prime n'est pas prise en compte dans le calcul de la Prime d'activit\u00e9. Elle n'est donc pas \u00e0 d\u00e9clarer. "},"7":{"question":"","answer":""},"8":{"question":"","answer":""},"9":{"question":"","answer":""},"10":{"question":"","answer":""},"11":{"question":"","answer":""},"12":{"question":"","answer":""},"13":{"question":"","answer":""},"14":{"question":"","answer":""},"15":{"question":"","answer":""},"16":{"question":"","answer":""}}},"_links":{"self":[{"href":"https:\/\/www.mes-allocs.fr\/guides\/wp-json\/wp\/v2\/posts\/71152","targetHints":{"allow":["GET"]}}],"collection":[{"href":"https:\/\/www.mes-allocs.fr\/guides\/wp-json\/wp\/v2\/posts"}],"about":[{"href":"https:\/\/www.mes-allocs.fr\/guides\/wp-json\/wp\/v2\/types\/post"}],"author":[{"embeddable":true,"href":"https:\/\/www.mes-allocs.fr\/guides\/wp-json\/wp\/v2\/users\/26"}],"replies":[{"embeddable":true,"href":"https:\/\/www.mes-allocs.fr\/guides\/wp-json\/wp\/v2\/comments?post=71152"}],"version-history":[{"count":23,"href":"https:\/\/www.mes-allocs.fr\/guides\/wp-json\/wp\/v2\/posts\/71152\/revisions"}],"predecessor-version":[{"id":107227,"href":"https:\/\/www.mes-allocs.fr\/guides\/wp-json\/wp\/v2\/posts\/71152\/revisions\/107227"}],"wp:featuredmedia":[{"embeddable":true,"href":"https:\/\/www.mes-allocs.fr\/guides\/wp-json\/wp\/v2\/media\/71156"}],"wp:attachment":[{"href":"https:\/\/www.mes-allocs.fr\/guides\/wp-json\/wp\/v2\/media?parent=71152"}],"wp:term":[{"taxonomy":"category","embeddable":true,"href":"https:\/\/www.mes-allocs.fr\/guides\/wp-json\/wp\/v2\/categories?post=71152"},{"taxonomy":"post_tag","embeddable":true,"href":"https:\/\/www.mes-allocs.fr\/guides\/wp-json\/wp\/v2\/tags?post=71152"}],"curies":[{"name":"wp","href":"https:\/\/api.w.org\/{rel}","templated":true}]}}