{"id":71138,"date":"2023-11-22T16:25:02","date_gmt":"2023-11-22T14:25:02","guid":{"rendered":"https:\/\/www.mes-allocs.fr\/guides\/?p=71138"},"modified":"2026-03-31T16:21:34","modified_gmt":"2026-03-31T15:21:34","slug":"prime-grenelle","status":"publish","type":"post","link":"https:\/\/www.mes-allocs.fr\/guides\/aides-sociales\/prime-grenelle\/","title":{"rendered":"Prime Grenelle (prime d&rsquo;attractivit\u00e9) 2026 : conditions, montant, d\u00e9marches"},"content":{"rendered":"<p><img loading=\"lazy\" decoding=\"async\" class=\"alignnone wp-image-71140 size-full\" title=\"Prime grenelle\" src=\"https:\/\/www.mes-allocs.fr\/guides\/wp-content\/uploads\/2023\/11\/Prime-grenelle-1--e1700656794618.png\" alt=\"Prime grenelle\" width=\"1280\" height=\"342\" srcset=\"https:\/\/www.mes-allocs.fr\/guides\/wp-content\/uploads\/2023\/11\/Prime-grenelle-1--e1700656794618.png 1280w, https:\/\/www.mes-allocs.fr\/guides\/wp-content\/uploads\/2023\/11\/Prime-grenelle-1--e1700656794618-300x80.png 300w, https:\/\/www.mes-allocs.fr\/guides\/wp-content\/uploads\/2023\/11\/Prime-grenelle-1--e1700656794618-1024x274.png 1024w, https:\/\/www.mes-allocs.fr\/guides\/wp-content\/uploads\/2023\/11\/Prime-grenelle-1--e1700656794618-768x205.png 768w, https:\/\/www.mes-allocs.fr\/guides\/wp-content\/uploads\/2023\/11\/Prime-grenelle-1--e1700656794618-600x160.png 600w\" sizes=\"auto, (max-width: 1280px) 100vw, 1280px\" \/><\/p>\n<div class=\"flex-shrink-0 flex flex-col relative items-end\">\n<div class=\"pt-0.5\">\n<div class=\"gizmo-shadow-stroke flex h-6 w-6 items-center justify-center overflow-hidden rounded-full\">[Mis \u00e0 jour le 31\/03\/2026] La <strong>prime Grenelle<\/strong>, ou prime d&rsquo;attractivit\u00e9, fruit du Grenelle de l&rsquo;\u00c9ducation, s&rsquo;inscrit comme un levier de revalorisation des r\u00e9mun\u00e9rations dans le secteur de l&rsquo;enseignement. Destin\u00e9e aux enseignants des \u00e9chelons 1 \u00e0 9 de la classe normale ainsi qu&rsquo;aux personnels non-titulaires tels que les CPE et les psychologues de l&rsquo;\u00c9ducation nationale, il ne s&rsquo;agit pas d&rsquo;une <a href=\"https:\/\/www.mes-allocs.fr\/guides\/aides-sociales\/\">aide sociale<\/a> mais d&rsquo;un coup de pouce financier qui\u00a0suscite un int\u00e9r\u00eat certain. D\u00e9couvrez dans cet article ses conditions d&rsquo;attribution, les montants accord\u00e9s et les d\u00e9marches n\u00e9cessaires pour en b\u00e9n\u00e9ficier.<\/div>\n<div><\/div>\n<div><div class='cta-block'><div class='text'>Simulez toutes vos aides en 2 min.<\/div><a href='https:\/\/www.mes-allocs.fr\/ab-app?origin=guides\/wp-json\/wp\/v2\/posts\/71138' class='app-button fit'>Simulation gratuite<\/a><\/div><\/div>\n<\/div>\n<\/div>\n<h1>Qu&rsquo;est-ce que la Prime Grenelle ?<\/h1>\n<h2>Pr\u00e9sentation de la Prime Grenelle<\/h2>\n<div class=\"flex-shrink-0 flex flex-col relative items-end\">\n<div class=\"pt-0.5\">\n<div class=\"gizmo-shadow-stroke flex h-6 w-6 items-center justify-center overflow-hidden rounded-full\">\n<div class=\"relative p-1 rounded-sm h-9 w-9 text-white flex items-center justify-center\">\n<p data-start=\"39\" data-end=\"720\">La <strong data-start=\"42\" data-end=\"66\">prime d&rsquo;attractivit\u00e9<\/strong>, commun\u00e9ment appel\u00e9e la <strong data-start=\"91\" data-end=\"109\">prime Grenelle<\/strong>, a \u00e9t\u00e9 instaur\u00e9e dans le cadre du Grenelle de l\u2019\u00e9ducation afin de revaloriser les r\u00e9mun\u00e9rations des enseignants et d&rsquo;autres professionnels de l&rsquo;\u00c9ducation nationale, notamment les psychologues de l\u2019\u00c9ducation nationale (psyEN) et les conseillers principaux d&rsquo;\u00e9ducation (CPE). Cette prime vise \u00e0 soutenir les d\u00e9buts de carri\u00e8re des personnels \u00e9ducatifs, notamment ceux nouvellement recrut\u00e9s ou en d\u00e9but de parcours professionnel. Elle a pour objectif de rendre les m\u00e9tiers de l&rsquo;enseignement plus attractifs et de favoriser les recrutements, en particulier face \u00e0 des enjeux de renouvellement du corps enseignant.<\/p>\n<p data-start=\"722\" data-end=\"1236\">La prime Grenelle concerne les enseignants titulaires et stagiaires des \u00e9chelons 1 \u00e0 9 de la classe normale, ainsi que les autres personnels \u00e9ducatifs non-titulaires, incluant les CPE et les psyEN. Elle a \u00e9t\u00e9 con\u00e7ue pour augmenter la r\u00e9mun\u00e9ration des enseignants dans leurs premi\u00e8res ann\u00e9es d\u2019exercice. En outre, cette prime fait partie des mesures du Grenelle de l\u2019\u00e9ducation, une initiative lanc\u00e9e pour am\u00e9liorer les conditions de travail des enseignants et pour rendre les m\u00e9tiers de l&rsquo;\u00e9ducation plus attractifs.<\/p>\n<\/div>\n<div>\n<h2>Pr\u00e9sentation du Grenelle de l\u2019\u00e9ducation<\/h2>\n<div class=\"flex max-w-full flex-col flex-grow\">\n<div class=\"min-h-8 text-message flex w-full flex-col items-end gap-2 whitespace-normal break-words text-start [.text-message+&amp;]:mt-5\" dir=\"auto\" data-message-author-role=\"assistant\" data-message-id=\"91111c46-2213-4a7c-a863-e9939a21f69d\" data-message-model-slug=\"gpt-4o-mini\">\n<div class=\"flex w-full flex-col gap-1 empty:hidden first:pt-[3px]\">\n<div class=\"markdown prose w-full break-words dark:prose-invert dark\">\n<p data-start=\"1283\" data-end=\"1868\">Le <strong data-start=\"1286\" data-end=\"1313\">Grenelle de l\u2019\u00e9ducation<\/strong> a \u00e9t\u00e9 lanc\u00e9 en octobre 2020, dans un contexte de crise sanitaire et de remise en question du syst\u00e8me \u00e9ducatif, accentu\u00e9e par l\u2019assassinat de l&rsquo;enseignant Samuel Paty. Cette initiative a permis d\u2019entamer une s\u00e9rie de concertations avec diff\u00e9rents acteurs de l&rsquo;\u00e9ducation : enseignants, syndicats, associations, mais aussi parents et \u00e9l\u00e8ves. Le Grenelle de l\u2019\u00c9ducation a abouti \u00e0 12 engagements pour renforcer l&rsquo;attractivit\u00e9 du m\u00e9tier et am\u00e9liorer le syst\u00e8me \u00e9ducatif, avec une attention particuli\u00e8re port\u00e9e \u00e0 la revalorisation des salaires des enseignants.<\/p>\n<p data-start=\"1870\" data-end=\"2040\">Le premier engagement majeur a concern\u00e9 la <strong data-start=\"1913\" data-end=\"1942\">revalorisation financi\u00e8re<\/strong> des enseignants, pour un budget total de 1,1 milliard d\u2019euros sur deux ans, r\u00e9partis comme suit :<\/p>\n<ul data-start=\"2041\" data-end=\"2114\">\n<li data-start=\"2041\" data-end=\"2077\"><strong data-start=\"2043\" data-end=\"2077\">400 millions d\u2019euros pour 2021<\/strong><\/li>\n<li data-start=\"2078\" data-end=\"2114\"><strong data-start=\"2080\" data-end=\"2114\">700 millions d\u2019euros pour 2022<\/strong><\/li>\n<\/ul>\n<p data-start=\"2116\" data-end=\"2178\">Cette enveloppe a permis de financer plusieurs mesures, dont :<\/p>\n<ul data-start=\"2179\" data-end=\"2702\">\n<li data-start=\"2179\" data-end=\"2316\"><strong data-start=\"2181\" data-end=\"2225\">La prime d\u2019attractivit\u00e9 (Prime Grenelle)<\/strong>, visant sp\u00e9cifiquement \u00e0 soutenir les enseignants dans leurs premi\u00e8res ann\u00e9es de carri\u00e8re.<\/li>\n<li data-start=\"2317\" data-end=\"2443\">Une <strong data-start=\"2323\" data-end=\"2354\">prime annuelle de 150 euros<\/strong> pour l\u2019\u00e9quipement informatique des enseignants et psychologues de l\u2019\u00c9ducation nationale.<\/li>\n<li data-start=\"2444\" data-end=\"2527\">Une <strong data-start=\"2450\" data-end=\"2487\">prime exceptionnelle de 450 euros<\/strong> pour les directeurs d\u2019\u00e9coles primaires.<\/li>\n<li data-start=\"2528\" data-end=\"2625\">Une <strong data-start=\"2534\" data-end=\"2574\">revalorisation annuelle de 236 euros<\/strong> pour les Conseillers principaux d\u2019\u00c9ducation (CPE).<\/li>\n<li data-start=\"2626\" data-end=\"2702\">Une <strong data-start=\"2632\" data-end=\"2664\">hausse annuelle de 233 euros<\/strong> pour les professeurs documentalistes.<\/li>\n<\/ul>\n<p data-start=\"2704\" data-end=\"2865\">Ces mesures font partie d&rsquo;une volont\u00e9 globale de rendre l&rsquo;enseignement plus attractif, en am\u00e9liorant les conditions de travail des professionnels de l&rsquo;\u00e9ducation.<\/p>\n<\/div>\n<\/div>\n<\/div>\n<\/div>\n<\/div>\n<div>\n<h1><strong>Qui peut b\u00e9n\u00e9ficier de la Prime Grenelle (prime d\u2019attractivit\u00e9) ?<\/strong><\/h1>\n<p data-start=\"2938\" data-end=\"3268\">La prime Grenelle concerne principalement les personnels enseignants, \u00e9ducatifs et psychologues de l\u2019\u00c9ducation nationale, qu&rsquo;ils soient titulaires ou contractuels. Elle vise \u00e0 revaloriser les revenus des personnels enseignants dans les premi\u00e8res \u00e9tapes de leur carri\u00e8re. Voici un r\u00e9sum\u00e9 des cat\u00e9gories concern\u00e9es par cette prime :<\/p>\n<ul data-start=\"3270\" data-end=\"3530\">\n<li data-start=\"3270\" data-end=\"3353\"><strong data-start=\"3272\" data-end=\"3312\">Enseignants titulaires et stagiaires<\/strong> des \u00e9chelons 1 \u00e0 9 de la classe normale.<\/li>\n<li data-start=\"3354\" data-end=\"3432\"><strong data-start=\"3356\" data-end=\"3400\">Conseillers Principaux d\u2019\u00c9ducation (CPE)<\/strong> au premier grade de leur corps.<\/li>\n<li data-start=\"3433\" data-end=\"3527\"><strong data-start=\"3435\" data-end=\"3484\">Psychologues de l\u2019\u00c9ducation nationale (PsyEN)<\/strong>, qu\u2019ils soient titulaires ou contractuels.<\/li>\n<\/ul>\n<p data-start=\"3531\" data-end=\"3600\">Cependant, certains enseignants ne sont pas \u00e9ligibles \u00e0 cette prime :<\/p>\n<ul data-start=\"3601\" data-end=\"3952\">\n<li data-start=\"3601\" data-end=\"3775\">Ceux travaillant exclusivement dans <strong data-start=\"3639\" data-end=\"3667\">l\u2019enseignement sup\u00e9rieur<\/strong>, ou relevant de <strong data-start=\"3684\" data-end=\"3726\">corps accessibles par liste d&rsquo;aptitude<\/strong>, ne peuvent pas b\u00e9n\u00e9ficier de la prime Grenelle.<\/li>\n<li data-start=\"3776\" data-end=\"3952\">Selon les donn\u00e9es r\u00e9centes, environ <strong data-start=\"3814\" data-end=\"3849\">60 % des enseignants titulaires<\/strong> b\u00e9n\u00e9ficient de cette prime, ce qui refl\u00e8te son objectif de revalorisation pour les d\u00e9buts de carri\u00e8re.<\/li>\n<\/ul>\n<div class=\"flex-shrink-0 flex flex-col relative items-end\">\n<div class=\"pt-0.5\">\n<div class=\"gizmo-shadow-stroke flex h-6 w-6 items-center justify-center overflow-hidden rounded-full\">\n<h2>Les conditions de la prime Grenelle pour les stagiaires<\/h2>\n<p data-start=\"3994\" data-end=\"4526\">Les <strong data-start=\"3998\" data-end=\"4012\">stagiaires<\/strong> b\u00e9n\u00e9ficient de la prime Grenelle sous certaines conditions. Pour les fonctionnaires, cette prime est accord\u00e9e <strong data-start=\"4123\" data-end=\"4156\">\u00e0 partir de la titularisation<\/strong>, c&rsquo;est-\u00e0-dire apr\u00e8s la fin de leur ann\u00e9e de stage, lorsque le professeur devient titulaire \u00e0 la suite de sa r\u00e9ussite au concours. Ainsi, les <strong data-start=\"4298\" data-end=\"4338\">enseignants, CPE et psyEN stagiaires<\/strong> ne sont pas \u00e9ligibles \u00e0 la prime pendant leur stage. Ils devront attendre leur titularisation pour commencer \u00e0 percevoir cette prime, soit \u00e0 partir de leur <strong data-start=\"4495\" data-end=\"4513\">deuxi\u00e8me ann\u00e9e<\/strong> de service.<\/p>\n<p data-start=\"4528\" data-end=\"4749\">En revanche, <strong data-start=\"4541\" data-end=\"4568\">les agents contractuels<\/strong> n&rsquo;ont pas de p\u00e9riode de stage. Par cons\u00e9quent, ils peuvent b\u00e9n\u00e9ficier de la prime d&rsquo;attractivit\u00e9 d\u00e8s leur <strong data-start=\"4675\" data-end=\"4693\">premi\u00e8re ann\u00e9e<\/strong> d&rsquo;exercice en tant qu&rsquo;enseignants, CPE ou psychologues.<\/p>\n<h2>Les conditions de la prime Grenelle pour les enseignants du priv\u00e9<\/h2>\n<div class=\"relative flex w-[calc(100%-50px)] flex-col gizmo:w-full lg:w-[calc(100%-115px)] agent-turn\">\n<div class=\"flex-col gap-1 md:gap-3\">\n<div class=\"flex flex-grow flex-col max-w-full gap-3 gizmo:gap-0\">\n<div class=\"min-h-[20px] text-message flex flex-col items-start gap-3 whitespace-pre-wrap break-words [.text-message+&amp;]:mt-5 overflow-x-auto\" data-message-author-role=\"assistant\" data-message-id=\"a5ca3ae0-f1c7-4895-bf8a-cd6d758d8d19\">\n<div class=\"markdown prose w-full break-words dark:prose-invert dark\">\n<p data-start=\"4801\" data-end=\"5188\">Les <strong data-start=\"4805\" data-end=\"4883\">enseignants et personnels \u00e9ducatifs des \u00e9tablissements priv\u00e9s sous contrat<\/strong> sont affili\u00e9s \u00e0 l&rsquo;\u00c9ducation nationale et b\u00e9n\u00e9ficient de la prime Grenelle dans les m\u00eames conditions que leurs homologues du secteur public. Ces \u00e9tablissements priv\u00e9s sous contrat ont des liens avec l&rsquo;\u00c9tat, ce qui leur permet de b\u00e9n\u00e9ficier de certaines aides et primes financ\u00e9es par l&rsquo;\u00c9ducation nationale.<\/p>\n<p data-start=\"5190\" data-end=\"5655\">Cependant, <strong data-start=\"5201\" data-end=\"5276\">les enseignants travaillant dans les \u00e9tablissements priv\u00e9s hors contrat<\/strong>, c&rsquo;est-\u00e0-dire dans des \u00e9tablissements priv\u00e9s qui ne sont pas rattach\u00e9s \u00e0 l\u2019\u00c9ducation nationale et qui ne respectent pas les conventions d&rsquo;enseignement, ne sont <strong data-start=\"5437\" data-end=\"5454\">pas \u00e9ligibles<\/strong> \u00e0 la prime Grenelle. Ces \u00e9tablissements, \u00e9tant totalement ind\u00e9pendants de l&rsquo;\u00c9tat, ne b\u00e9n\u00e9ficient pas des aides attribu\u00e9es par les r\u00e9formes de l\u2019\u00c9ducation nationale, y compris la prime d\u2019attractivit\u00e9.<\/p>\n<p data-start=\"5657\" data-end=\"5992\" data-is-last-node=\"\" data-is-only-node=\"\">En r\u00e9sum\u00e9, la prime Grenelle vise \u00e0 revaloriser les salaires des enseignants dans le cadre de la politique de l&rsquo;attractivit\u00e9 du m\u00e9tier. Elle concerne principalement les enseignants du secteur public, mais aussi ceux des \u00e9tablissements priv\u00e9s sous contrat, avec des conditions sp\u00e9cifiques pour les stagiaires et les agents contractuels.<\/p>\n<\/div>\n<\/div>\n<\/div>\n<\/div>\n<\/div>\n<p><div class='cta-block'><div class='text'>Simulez toutes vos aides en 2 min.<\/div><a href='https:\/\/www.mes-allocs.fr\/ab-app?origin=guides\/wp-json\/wp\/v2\/posts\/71138' class='app-button fit'>Simulation gratuite<\/a><\/div><iframe loading=\"lazy\" src=\"\/\/www.youtube.com\/embed\/djWBjy-Kn84\" width=\"560\" height=\"314\" allowfullscreen=\"allowfullscreen\"><\/iframe><\/p>\n<p>&nbsp;<\/p>\n<\/div>\n<\/div>\n<\/div>\n<h1>Montants et versement de la prime d&rsquo;attractivit\u00e9<\/h1>\n<h2>L&rsquo;\u00e9chelonnement des montants de la prime grenelle selon les cat\u00e9gories<\/h2>\n<p data-start=\"76\" data-end=\"443\">La prime Grenelle, destin\u00e9e \u00e0 revaloriser les salaires des enseignants et des personnels \u00e9ducatifs, varie en fonction de plusieurs crit\u00e8res, notamment l&rsquo;\u00e9chelon occup\u00e9 pour les fonctionnaires et l&rsquo;indice de r\u00e9mun\u00e9ration des contractuels. En 2026, cette prime vise \u00e0 augmenter progressivement la r\u00e9mun\u00e9ration des enseignants dans les premi\u00e8res ann\u00e9es de leur carri\u00e8re.<\/p>\n<h3 data-start=\"445\" data-end=\"475\">Montant de la prime grenelle pour les fonctionnaires<\/h3>\n<p data-start=\"476\" data-end=\"763\">Les augmentations salariales li\u00e9es \u00e0 la prime Grenelle se calculent en fonction des \u00e9chelons de la classe normale. Plus l&rsquo;\u00e9chelon est bas, plus la prime est \u00e9lev\u00e9e, dans l&rsquo;objectif de soutenir les enseignants en d\u00e9but de carri\u00e8re. Voici l\u2019\u00e9chelonnement des montants de la prime grenelle en 2026 pour les fonctionnaires :<\/p>\n<\/div>\n<p data-start=\"476\" data-end=\"763\">\n<div class=\"wpdt-c row wpDataTableContainerSimpleTable wpDataTables wpDataTablesWrapper\n\"\n    >\n    <table id=\"wpdtSimpleTable-620\"\n           class=\"wpdtSimpleTable wpDataTable\"\n           data-column=\"2\"\n           data-rows=\"10\"\n           data-wpID=\"620\"\n           data-responsive=\"0\"\n           data-has-header=\"1\">\n\n                    <thead>        <tr class=\"wpdt-cell-row \" >\n                            <th class=\"wpdt-cell wpdt-bc-F3F9FE wpdt-bold\"\n                                    data-cell-id=\"A1\"\n                data-col-index=\"0\"\n                data-row-index=\"0\"\n                style=\" width:48.571428571429%;                padding:10px;\"\n                >\n                                \u00c9chelon                <\/th>\n                                            <th class=\"wpdt-cell wpdt-bc-F3F9FE wpdt-bold\"\n                                    data-cell-id=\"B1\"\n                data-col-index=\"1\"\n                data-row-index=\"0\"\n                style=\" width:51.428571428571%;                padding:10px;\"\n                >\n                                Montant net de la prime d'attractivit\u00e9 par mois                <\/th>\n                                        <\/tr>\n                    <tbody>        <tr class=\"wpdt-cell-row \" >\n                            <td class=\"wpdt-cell \"\n                                    data-cell-id=\"A2\"\n                data-col-index=\"0\"\n                data-row-index=\"1\"\n                style=\"                padding:10px;\"\n                >\n                                1\u1d49 \u00e9chelon                <\/td>\n                                            <td class=\"wpdt-cell \"\n                                    data-cell-id=\"B2\"\n                data-col-index=\"1\"\n                data-row-index=\"1\"\n                style=\"                padding:10px;\"\n                >\n                                151,67\u20ac                <\/td>\n                                        <\/tr>\n                            <tr class=\"wpdt-cell-row \" >\n                            <td class=\"wpdt-cell \"\n                                    data-cell-id=\"A3\"\n                data-col-index=\"0\"\n                data-row-index=\"2\"\n                style=\"                padding:10px;\"\n                >\n                                2\u1d49 \u00e9chelon                <\/td>\n                                            <td class=\"wpdt-cell \"\n                                    data-cell-id=\"B3\"\n                data-col-index=\"1\"\n                data-row-index=\"2\"\n                style=\"                padding:10px;\"\n                >\n                                212,20\u20ac                <\/td>\n                                        <\/tr>\n                            <tr class=\"wpdt-cell-row \" >\n                            <td class=\"wpdt-cell \"\n                                    data-cell-id=\"A4\"\n                data-col-index=\"0\"\n                data-row-index=\"3\"\n                style=\"                padding:10px;\"\n                >\n                                3\u1d49 \u00e9chelon                <\/td>\n                                            <td class=\"wpdt-cell \"\n                                    data-cell-id=\"B4\"\n                data-col-index=\"1\"\n                data-row-index=\"3\"\n                style=\"                padding:10px;\"\n                >\n                                239,97\u20ac                <\/td>\n                                        <\/tr>\n                            <tr class=\"wpdt-cell-row \" >\n                            <td class=\"wpdt-cell \"\n                                    data-cell-id=\"A5\"\n                data-col-index=\"0\"\n                data-row-index=\"4\"\n                style=\"                padding:10px;\"\n                >\n                                4\u1d49 \u00e9chelon                <\/td>\n                                            <td class=\"wpdt-cell \"\n                                    data-cell-id=\"B5\"\n                data-col-index=\"1\"\n                data-row-index=\"4\"\n                style=\"                padding:10px;\"\n                >\n                                226,44\u20ac                <\/td>\n                                        <\/tr>\n                            <tr class=\"wpdt-cell-row \" >\n                            <td class=\"wpdt-cell \"\n                                    data-cell-id=\"A6\"\n                data-col-index=\"0\"\n                data-row-index=\"5\"\n                style=\"                padding:10px;\"\n                >\n                                5\u1d49 \u00e9chelon                <\/td>\n                                            <td class=\"wpdt-cell \"\n                                    data-cell-id=\"B6\"\n                data-col-index=\"1\"\n                data-row-index=\"5\"\n                style=\"                padding:10px;\"\n                >\n                                205,08\u20ac                <\/td>\n                                        <\/tr>\n                            <tr class=\"wpdt-cell-row \" >\n                            <td class=\"wpdt-cell \"\n                                    data-cell-id=\"A7\"\n                data-col-index=\"0\"\n                data-row-index=\"6\"\n                style=\"                padding:10px;\"\n                >\n                                6\u1d49 \u00e9chelon                <\/td>\n                                            <td class=\"wpdt-cell \"\n                                    data-cell-id=\"B7\"\n                data-col-index=\"1\"\n                data-row-index=\"6\"\n                style=\"                padding:10px;\"\n                >\n                                178,02\u20ac                <\/td>\n                                        <\/tr>\n                            <tr class=\"wpdt-cell-row \" >\n                            <td class=\"wpdt-cell \"\n                                    data-cell-id=\"A8\"\n                data-col-index=\"0\"\n                data-row-index=\"7\"\n                style=\"                padding:10px;\"\n                >\n                                7\u1d49 \u00e9chelon                <\/td>\n                                            <td class=\"wpdt-cell \"\n                                    data-cell-id=\"B8\"\n                data-col-index=\"1\"\n                data-row-index=\"7\"\n                style=\"                padding:10px;\"\n                >\n                                106,81\u20ac                <\/td>\n                                        <\/tr>\n                            <tr class=\"wpdt-cell-row \" >\n                            <td class=\"wpdt-cell \"\n                                    data-cell-id=\"A9\"\n                data-col-index=\"0\"\n                data-row-index=\"8\"\n                style=\"                padding:10px;\"\n                >\n                                8\u1d49 \u00e9chelon                <\/td>\n                                            <td class=\"wpdt-cell \"\n                                    data-cell-id=\"B9\"\n                data-col-index=\"1\"\n                data-row-index=\"8\"\n                style=\"                padding:10px;\"\n                >\n                                28,48\u20ac                <\/td>\n                                        <\/tr>\n                            <tr class=\"wpdt-cell-row \" >\n                            <td class=\"wpdt-cell \"\n                                    data-cell-id=\"A10\"\n                data-col-index=\"0\"\n                data-row-index=\"9\"\n                style=\"                padding:10px;\"\n                >\n                                9\u1d49 \u00e9chelon                <\/td>\n                                            <td class=\"wpdt-cell \"\n                                    data-cell-id=\"B10\"\n                data-col-index=\"1\"\n                data-row-index=\"9\"\n                style=\"                padding:10px;\"\n                >\n                                28,48\u20ac                <\/td>\n                                        <\/tr>\n                    <\/table>\n<\/div><style id='wpdt-custom-style-620'>\ntable#wpdtSimpleTable-620{ table-layout: fixed !important; }\n.wpdt-bc-F3F9FE { background-color: #F3F9FE !important;}\n<\/style>\n<\/p>\n<div>\n<h3 data-start=\"1043\" data-end=\"1096\">Montant de la prime grenelle pour les contractuels de l&rsquo;\u00c9ducation nationale<\/h3>\n<p data-start=\"1097\" data-end=\"1322\">Les contractuels, qu&rsquo;ils soient de droit public ou priv\u00e9, b\u00e9n\u00e9ficient \u00e9galement d&rsquo;une revalorisation salariale, qui varie en fonction de leur statut et de leur anciennet\u00e9. Les montants mensuels de la prime d&rsquo;attractivit\u00e9 pour les contractuels de l&rsquo;Education nationale sont les suivants :<\/p>\n<p data-start=\"1097\" data-end=\"1322\">\n<div class=\"wpdt-c row wpDataTableContainerSimpleTable wpDataTables wpDataTablesWrapper\n\"\n    >\n    <table id=\"wpdtSimpleTable-621\"\n           class=\"wpdtSimpleTable wpDataTable\"\n           data-column=\"2\"\n           data-rows=\"17\"\n           data-wpID=\"621\"\n           data-responsive=\"0\"\n           data-has-header=\"1\">\n\n                    <thead>        <tr class=\"wpdt-cell-row \" >\n                            <th class=\"wpdt-cell wpdt-bc-F3F9FE wpdt-bold\"\n                                    data-cell-id=\"A1\"\n                data-col-index=\"0\"\n                data-row-index=\"0\"\n                style=\" width:48.571428571429%;                padding:10px;\"\n                >\n                                Indice major\u00e9                <\/th>\n                                            <th class=\"wpdt-cell wpdt-bc-F3F9FE wpdt-bold\"\n                                    data-cell-id=\"B1\"\n                data-col-index=\"1\"\n                data-row-index=\"0\"\n                style=\" width:51.428571428571%;                padding:10px;\"\n                >\n                                Montant net de la prime d'attractivit\u00e9 par mois                <\/th>\n                                        <\/tr>\n                    <tbody>        <tr class=\"wpdt-cell-row \" >\n                            <td class=\"wpdt-cell \"\n                                    data-cell-id=\"A2\"\n                data-col-index=\"0\"\n                data-row-index=\"1\"\n                style=\"                padding:10px;\"\n                >\n                                \u2264 412                <\/td>\n                                            <td class=\"wpdt-cell \"\n                                    data-cell-id=\"B2\"\n                data-col-index=\"1\"\n                data-row-index=\"1\"\n                style=\"                padding:10px;\"\n                >\n                                106,81\u20ac                <\/td>\n                                        <\/tr>\n                            <tr class=\"wpdt-cell-row \" >\n                            <td class=\"wpdt-cell \"\n                                    data-cell-id=\"A3\"\n                data-col-index=\"0\"\n                data-row-index=\"2\"\n                style=\"                padding:10px;\"\n                >\n                                Entre 413 et 441                <\/td>\n                                            <td class=\"wpdt-cell \"\n                                    data-cell-id=\"B3\"\n                data-col-index=\"1\"\n                data-row-index=\"2\"\n                style=\"                padding:10px;\"\n                >\n                                99,69\u20ac                <\/td>\n                                        <\/tr>\n                            <tr class=\"wpdt-cell-row \" >\n                            <td class=\"wpdt-cell \"\n                                    data-cell-id=\"A4\"\n                data-col-index=\"0\"\n                data-row-index=\"3\"\n                style=\"                padding:10px;\"\n                >\n                                442                <\/td>\n                                            <td class=\"wpdt-cell \"\n                                    data-cell-id=\"B4\"\n                data-col-index=\"1\"\n                data-row-index=\"3\"\n                style=\"                padding:10px;\"\n                >\n                                96,13\u20ac                <\/td>\n                                        <\/tr>\n                            <tr class=\"wpdt-cell-row \" >\n                            <td class=\"wpdt-cell \"\n                                    data-cell-id=\"A5\"\n                data-col-index=\"0\"\n                data-row-index=\"4\"\n                style=\"                padding:10px;\"\n                >\n                                Entre 443 et 469                <\/td>\n                                            <td class=\"wpdt-cell \"\n                                    data-cell-id=\"B5\"\n                data-col-index=\"1\"\n                data-row-index=\"4\"\n                style=\"                padding:10px;\"\n                >\n                                92,57\u20ac                <\/td>\n                                        <\/tr>\n                            <tr class=\"wpdt-cell-row \" >\n                            <td class=\"wpdt-cell \"\n                                    data-cell-id=\"A6\"\n                data-col-index=\"0\"\n                data-row-index=\"5\"\n                style=\"                padding:10px;\"\n                >\n                                Entre 470 et 471                <\/td>\n                                            <td class=\"wpdt-cell \"\n                                    data-cell-id=\"B6\"\n                data-col-index=\"1\"\n                data-row-index=\"5\"\n                style=\"                padding:10px;\"\n                >\n                                89,01\u20ac                <\/td>\n                                        <\/tr>\n                            <tr class=\"wpdt-cell-row \" >\n                            <td class=\"wpdt-cell \"\n                                    data-cell-id=\"A7\"\n                data-col-index=\"0\"\n                data-row-index=\"6\"\n                style=\"                padding:10px;\"\n                >\n                                Entre 472 et 500                <\/td>\n                                            <td class=\"wpdt-cell \"\n                                    data-cell-id=\"B7\"\n                data-col-index=\"1\"\n                data-row-index=\"6\"\n                style=\"                padding:10px;\"\n                >\n                                85,45\u20ac                <\/td>\n                                        <\/tr>\n                            <tr class=\"wpdt-cell-row \" >\n                            <td class=\"wpdt-cell \"\n                                    data-cell-id=\"A8\"\n                data-col-index=\"0\"\n                data-row-index=\"7\"\n                style=\"                padding:10px;\"\n                >\n                                501                <\/td>\n                                            <td class=\"wpdt-cell \"\n                                    data-cell-id=\"B8\"\n                data-col-index=\"1\"\n                data-row-index=\"7\"\n                style=\"                padding:10px;\"\n                >\n                                81,89\u20ac                <\/td>\n                                        <\/tr>\n                            <tr class=\"wpdt-cell-row \" >\n                            <td class=\"wpdt-cell \"\n                                    data-cell-id=\"A9\"\n                data-col-index=\"0\"\n                data-row-index=\"8\"\n                style=\"                padding:10px;\"\n                >\n                                Entre 502 et 591                <\/td>\n                                            <td class=\"wpdt-cell \"\n                                    data-cell-id=\"B9\"\n                data-col-index=\"1\"\n                data-row-index=\"8\"\n                style=\"                padding:10px;\"\n                >\n                                78,33\u20ac                <\/td>\n                                        <\/tr>\n                            <tr class=\"wpdt-cell-row \" >\n                            <td class=\"wpdt-cell \"\n                                    data-cell-id=\"A10\"\n                data-col-index=\"0\"\n                data-row-index=\"9\"\n                style=\"                padding:10px;\"\n                >\n                                592                <\/td>\n                                            <td class=\"wpdt-cell \"\n                                    data-cell-id=\"B10\"\n                data-col-index=\"1\"\n                data-row-index=\"9\"\n                style=\"                padding:10px;\"\n                >\n                                74,77\u20ac                <\/td>\n                                        <\/tr>\n                            <tr class=\"wpdt-cell-row \" >\n                            <td class=\"wpdt-cell \"\n                                    data-cell-id=\"A11\"\n                data-col-index=\"0\"\n                data-row-index=\"10\"\n                style=\"                padding:10px;\"\n                >\n                                593                <\/td>\n                                            <td class=\"wpdt-cell \"\n                                    data-cell-id=\"B11\"\n                data-col-index=\"1\"\n                data-row-index=\"10\"\n                style=\"                padding:10px;\"\n                >\n                                71,21\u20ac                <\/td>\n                                        <\/tr>\n                            <tr class=\"wpdt-cell-row \" >\n                            <td class=\"wpdt-cell \"\n                                    data-cell-id=\"A12\"\n                data-col-index=\"0\"\n                data-row-index=\"11\"\n                style=\"                padding:10px;\"\n                >\n                                Entre 594 et 595                <\/td>\n                                            <td class=\"wpdt-cell \"\n                                    data-cell-id=\"B12\"\n                data-col-index=\"1\"\n                data-row-index=\"11\"\n                style=\"                padding:10px;\"\n                >\n                                67,95\u20ac                <\/td>\n                                        <\/tr>\n                            <tr class=\"wpdt-cell-row \" >\n                            <td class=\"wpdt-cell \"\n                                    data-cell-id=\"A13\"\n                data-col-index=\"0\"\n                data-row-index=\"12\"\n                style=\"                padding:10px;\"\n                >\n                                596                <\/td>\n                                            <td class=\"wpdt-cell \"\n                                    data-cell-id=\"B13\"\n                data-col-index=\"1\"\n                data-row-index=\"12\"\n                style=\"                padding:10px;\"\n                >\n                                64,09\u20ac                <\/td>\n                                        <\/tr>\n                            <tr class=\"wpdt-cell-row \" >\n                            <td class=\"wpdt-cell \"\n                                    data-cell-id=\"A14\"\n                data-col-index=\"0\"\n                data-row-index=\"13\"\n                style=\"                padding:10px;\"\n                >\n                                597                <\/td>\n                                            <td class=\"wpdt-cell \"\n                                    data-cell-id=\"B14\"\n                data-col-index=\"1\"\n                data-row-index=\"13\"\n                style=\"                padding:10px;\"\n                >\n                                60,53\u20ac                <\/td>\n                                        <\/tr>\n                            <tr class=\"wpdt-cell-row \" >\n                            <td class=\"wpdt-cell \"\n                                    data-cell-id=\"A15\"\n                data-col-index=\"0\"\n                data-row-index=\"14\"\n                style=\"                padding:10px;\"\n                >\n                                Entre 598 et 599                <\/td>\n                                            <td class=\"wpdt-cell \"\n                                    data-cell-id=\"B15\"\n                data-col-index=\"1\"\n                data-row-index=\"14\"\n                style=\"                padding:10px;\"\n                >\n                                56,97\u20ac                <\/td>\n                                        <\/tr>\n                            <tr class=\"wpdt-cell-row \" >\n                            <td class=\"wpdt-cell \"\n                                    data-cell-id=\"A16\"\n                data-col-index=\"0\"\n                data-row-index=\"15\"\n                style=\"                padding:10px;\"\n                >\n                                600                <\/td>\n                                            <td class=\"wpdt-cell \"\n                                    data-cell-id=\"B16\"\n                data-col-index=\"1\"\n                data-row-index=\"15\"\n                style=\"                padding:10px;\"\n                >\n                                53,41\u20ac                <\/td>\n                                        <\/tr>\n                            <tr class=\"wpdt-cell-row \" >\n                            <td class=\"wpdt-cell \"\n                                    data-cell-id=\"A17\"\n                data-col-index=\"0\"\n                data-row-index=\"16\"\n                style=\"                padding:10px;\"\n                >\n                                \u2265 601                <\/td>\n                                            <td class=\"wpdt-cell \"\n                                    data-cell-id=\"B17\"\n                data-col-index=\"1\"\n                data-row-index=\"16\"\n                style=\"                padding:10px;\"\n                >\n                                49,85\u20ac                <\/td>\n                                        <\/tr>\n                    <\/table>\n<\/div><style id='wpdt-custom-style-621'>\ntable#wpdtSimpleTable-621{ table-layout: fixed !important; }\n.wpdt-bc-F3F9FE { background-color: #F3F9FE !important;}\n<\/style>\n<\/p>\n<p data-start=\"1097\" data-end=\"1322\"><div class='shortcode important'><div class='title'>Important<\/div><div class='content'>Si vous \u00eates \u00e0 temps plein, reportez-vous \u00e0 votre fiche de paie pour connaitre votre indice major\u00e9.<\/div><\/div> <!-- --> <!-- notionvc: 40e9d406-5aa8-4272-adbc-866c8c7ea639 --><\/p>\n<h2>Comment se passe le versement de la prime Grenelle ?<\/h2>\n<p data-start=\"1560\" data-end=\"1861\">Le versement de la <strong data-start=\"1579\" data-end=\"1597\">prime Grenelle<\/strong> est effectu\u00e9 de mani\u00e8re <strong data-start=\"1622\" data-end=\"1635\">mensuelle<\/strong>. Elle est <strong data-start=\"1646\" data-end=\"1668\">pay\u00e9e \u00e0 terme \u00e9chu<\/strong>, c&rsquo;est-\u00e0-dire \u00e0 la fin de chaque mois travaill\u00e9. Le montant de la prime est r\u00e9\u00e9valu\u00e9 si des promotions ou des changements d\u2019\u00e9chelon ou d&rsquo;indice de r\u00e9mun\u00e9ration surviennent au cours de l\u2019ann\u00e9e.<\/p>\n<p data-start=\"1863\" data-end=\"2300\">Le versement de cette prime est g\u00e9r\u00e9 directement par les services comp\u00e9tents de l&rsquo;\u00c9ducation nationale. Il n&rsquo;est pas n\u00e9cessaire pour l&rsquo;enseignant ou le personnel \u00e9ducatif de faire une demande sp\u00e9cifique, car le versement et l&rsquo;ajustement de la prime sont <strong data-start=\"2116\" data-end=\"2132\">automatiques<\/strong>. Ainsi, la prime Grenelle sera ajust\u00e9e en fonction de l\u2019\u00e9volution de la carri\u00e8re de l\u2019enseignant, par exemple apr\u00e8s une promotion d&rsquo;\u00e9chelon ou un changement de statut.<\/p>\n<p data-start=\"2302\" data-end=\"2536\">En cas de travail <strong data-start=\"2320\" data-end=\"2339\">\u00e0 temps partiel<\/strong>, la prime est calcul\u00e9e de mani\u00e8re <strong data-start=\"2374\" data-end=\"2393\">proportionnelle<\/strong>. Cela signifie que si l&rsquo;enseignant travaille \u00e0 mi-temps, il percevra la moiti\u00e9 de la prime d\u2019attractivit\u00e9 qui correspondrait \u00e0 un temps plein.<\/p>\n<h1>Quelles d\u00e9marches effectuer pour obtenir la prime Grenelle ?<\/h1>\n<h2 data-start=\"0\" data-end=\"60\">Les d\u00e9marches \u00e0 effectuer pour obtenir la prime Grenelle<\/h2>\n<p data-start=\"62\" data-end=\"401\">La prime d\u2019attractivit\u00e9, \u00e9galement connue sous le nom de <strong data-start=\"119\" data-end=\"137\">prime Grenelle<\/strong>, est attribu\u00e9e automatiquement aux enseignants et aux autres personnels \u00e9ducatifs concern\u00e9s, qu\u2019ils soient <strong data-start=\"245\" data-end=\"263\">fonctionnaires<\/strong> ou <strong data-start=\"267\" data-end=\"283\" data-is-only-node=\"\">contractuels<\/strong>. Contrairement \u00e0 certaines aides, il n\u2019est pas n\u00e9cessaire de faire une demande sp\u00e9cifique pour percevoir cette prime.<\/p>\n<h2 data-start=\"403\" data-end=\"441\">Versement et r\u00e9vision automatiques<\/h2>\n<p data-start=\"443\" data-end=\"834\">Le versement de la prime Grenelle se fait <strong data-start=\"485\" data-end=\"504\">automatiquement<\/strong>, en fonction de l\u2019\u00e9volution de la carri\u00e8re de l&rsquo;enseignant. Cela signifie que d\u00e8s qu\u2019un fonctionnaire ou un contractuel remplit les conditions d\u2019\u00e9ligibilit\u00e9, la prime est attribu\u00e9e sans formalit\u00e9. Elle est ajust\u00e9e en fonction des <strong data-start=\"735\" data-end=\"747\">\u00e9chelons<\/strong> (pour les fonctionnaires) ou des <strong data-start=\"781\" data-end=\"808\" data-is-only-node=\"\">indices de r\u00e9mun\u00e9ration<\/strong> (pour les contractuels).<\/p>\n<p data-start=\"836\" data-end=\"1260\">De plus, si un enseignant \u00e9volue dans sa carri\u00e8re, par exemple en changeant d\u2019\u00e9chelon, le montant de la prime sera r\u00e9\u00e9valu\u00e9 automatiquement. Cela permet d&rsquo;assurer que chaque b\u00e9n\u00e9ficiaire per\u00e7oive le montant correspondant \u00e0 son nouveau statut, sans qu\u2019il soit n\u00e9cessaire de soumettre une nouvelle demande. En cas de <strong data-start=\"1151\" data-end=\"1168\">temps partiel<\/strong>, le montant de la prime est ajust\u00e9 proportionnellement \u00e0 l\u2019emploi du temps de l\u2019enseignant.<\/p>\n<p data-start=\"1262\" data-end=\"1445\" data-is-last-node=\"\" data-is-only-node=\"\">Ainsi, la gestion de cette prime est simplifi\u00e9e pour les b\u00e9n\u00e9ficiaires, qui peuvent se concentrer sur leur travail sans se soucier des d\u00e9marches administratives li\u00e9es \u00e0 son versement.<\/p>\n<div class=\"relative flex w-[calc(100%-50px)] flex-col gizmo:w-full lg:w-[calc(100%-115px)] agent-turn\">\n<div class=\"flex-col gap-1 md:gap-3\">\n<div class=\"flex flex-grow flex-col max-w-full gap-3 gizmo:gap-0\">\n<div class=\"min-h-[20px] text-message flex flex-col items-start gap-3 whitespace-pre-wrap break-words [.text-message+&amp;]:mt-5 overflow-x-auto\" data-message-author-role=\"assistant\" data-message-id=\"a5ca3ae0-f1c7-4895-bf8a-cd6d758d8d19\">\n<div class=\"markdown prose w-full break-words dark:prose-invert dark\">\n<div class='cta-block'><div class='text'>Simulez toutes vos aides en 2 min.<\/div><a href='https:\/\/www.mes-allocs.fr\/ab-app?origin=guides\/wp-json\/wp\/v2\/posts\/71138' class='app-button fit'>Simulation gratuite<\/a><\/div>\n<\/div>\n<\/div>\n<\/div>\n<\/div>\n<\/div>\n<\/div>\n<\/div>\n<\/div>\n<\/div>\n","protected":false},"excerpt":{"rendered":"<p>[Mis \u00e0 jour le 31\/03\/2026] La prime Grenelle, ou prime d&rsquo;attractivit\u00e9, fruit du Grenelle de l&rsquo;\u00c9ducation, s&rsquo;inscrit comme un levier de revalorisation des r\u00e9mun\u00e9rations dans le secteur de l&rsquo;enseignement. Destin\u00e9e aux enseignants des \u00e9chelons 1 \u00e0 9 de la classe normale ainsi qu&rsquo;aux personnels non-titulaires tels que les CPE et les psychologues de l&rsquo;\u00c9ducation nationale, [&hellip;]<\/p>\n","protected":false},"author":26,"featured_media":71139,"comment_status":"closed","ping_status":"open","sticky":false,"template":"","format":"standard","meta":{"amp_status":"","footnotes":""},"categories":[1411],"tags":[],"class_list":["post-71138","post","type-post","status-publish","format-standard","has-post-thumbnail","hentry","category-aides-sociales"],"yoast_head":"<!-- This site is optimized with the Yoast SEO plugin v14.9 - https:\/\/yoast.com\/wordpress\/plugins\/seo\/ -->\n<title>Prime Grenelle (prime d&#039;attractivit\u00e9) 2026 : conditions, montant, d\u00e9marches<\/title>\n<meta name=\"description\" content=\"La Prime Grenelle s&#039;inscrit comme un levier de revalorisation des r\u00e9mun\u00e9rations dans le secteur de l&#039;enseignement.\" \/>\n<meta name=\"robots\" content=\"index, follow, max-snippet:-1, max-image-preview:large, max-video-preview:-1\" \/>\n<link rel=\"canonical\" href=\"https:\/\/www.mes-allocs.fr\/guides\/aides-sociales\/prime-grenelle\/\" \/>\n<meta property=\"og:locale\" content=\"fr_FR\" \/>\n<meta property=\"og:type\" content=\"article\" \/>\n<meta property=\"og:title\" content=\"Prime Grenelle (prime d&#039;attractivit\u00e9) 2026 : conditions, montant, d\u00e9marches\" \/>\n<meta property=\"og:description\" content=\"La Prime Grenelle s&#039;inscrit comme un levier de revalorisation des r\u00e9mun\u00e9rations dans le secteur de l&#039;enseignement.\" \/>\n<meta property=\"og:url\" content=\"https:\/\/www.mes-allocs.fr\/guides\/aides-sociales\/prime-grenelle\/\" \/>\n<meta property=\"og:site_name\" content=\"Mes-Allocs.fr\" \/>\n<meta property=\"article:published_time\" content=\"2023-11-22T14:25:02+00:00\" \/>\n<meta property=\"article:modified_time\" content=\"2026-03-31T15:21:34+00:00\" \/>\n<meta property=\"og:image\" content=\"https:\/\/www.mes-allocs.fr\/guides\/wp-content\/uploads\/2023\/11\/Prime-grenelle.png?wsr\" \/>\n\t<meta property=\"og:image:width\" content=\"654\" \/>\n\t<meta property=\"og:image:height\" content=\"617\" \/>\n<meta name=\"twitter:card\" content=\"summary_large_image\" \/>\n<script type=\"application\/ld+json\" class=\"yoast-schema-graph\">{\"@context\":\"https:\/\/schema.org\",\"@graph\":[{\"@type\":\"WebSite\",\"@id\":\"https:\/\/www.mes-allocs.fr\/guides\/#website\",\"url\":\"https:\/\/www.mes-allocs.fr\/guides\/\",\"name\":\"Mes-Allocs.fr\",\"description\":\"\",\"potentialAction\":[{\"@type\":\"SearchAction\",\"target\":\"https:\/\/www.mes-allocs.fr\/guides\/?s={search_term_string}\",\"query-input\":\"required name=search_term_string\"}],\"inLanguage\":\"fr-FR\"},{\"@type\":\"ImageObject\",\"@id\":\"https:\/\/www.mes-allocs.fr\/guides\/aides-sociales\/prime-grenelle\/#primaryimage\",\"inLanguage\":\"fr-FR\",\"url\":\"https:\/\/www.mes-allocs.fr\/guides\/wp-content\/uploads\/2023\/11\/Prime-grenelle.png?wsr\",\"width\":654,\"height\":617,\"caption\":\"Prime grenelle\"},{\"@type\":\"WebPage\",\"@id\":\"https:\/\/www.mes-allocs.fr\/guides\/aides-sociales\/prime-grenelle\/#webpage\",\"url\":\"https:\/\/www.mes-allocs.fr\/guides\/aides-sociales\/prime-grenelle\/\",\"name\":\"Prime Grenelle (prime d'attractivit\\u00e9) 2026 : conditions, montant, d\\u00e9marches\",\"isPartOf\":{\"@id\":\"https:\/\/www.mes-allocs.fr\/guides\/#website\"},\"primaryImageOfPage\":{\"@id\":\"https:\/\/www.mes-allocs.fr\/guides\/aides-sociales\/prime-grenelle\/#primaryimage\"},\"datePublished\":\"2023-11-22T14:25:02+00:00\",\"dateModified\":\"2026-03-31T15:21:34+00:00\",\"author\":{\"@id\":\"https:\/\/www.mes-allocs.fr\/guides\/#\/schema\/person\/9c38f3be41a0ddcd1e3fde5a3df713bf\"},\"description\":\"La Prime Grenelle s'inscrit comme un levier de revalorisation des r\\u00e9mun\\u00e9rations dans le secteur de l'enseignement.\",\"inLanguage\":\"fr-FR\"},{\"@type\":\"Person\",\"@id\":\"https:\/\/www.mes-allocs.fr\/guides\/#\/schema\/person\/9c38f3be41a0ddcd1e3fde5a3df713bf\",\"name\":\"Sessime Ananou\",\"image\":{\"@type\":\"ImageObject\",\"@id\":\"https:\/\/www.mes-allocs.fr\/guides\/#personlogo\",\"inLanguage\":\"fr-FR\",\"url\":\"https:\/\/www.mes-allocs.fr\/guides\/wp-content\/uploads\/2023\/08\/IMG_8173-150x150.jpg\",\"caption\":\"Sessime Ananou\"},\"description\":\"Sessime est r\\u00e9dactrice chez Mes Allocs, sp\\u00e9cialis\\u00e9e sur le pouvoir d'achat. Elle rejoint l'\\u00e9quipe Mes Allocs en ao\\u00fbt 2023 afin de simplifier l'acc\\u00e8s \\u00e0 l'information sur les aides en g\\u00e9n\\u00e9ral.\"}]}<\/script>\n<!-- \/ Yoast SEO plugin. -->","amp_validity":null,"acf":{"faq":{"1":{"question":"Qui ne touche pas la prime Grenelle ?","answer":"Les personnels enseignants qui exercent l'int\u00e9gralit\u00e9 de leurs fonctions dans un \u00e9tablissement d'enseignement sup\u00e9rieur. Les personnels enseignants qui appartiennent \u00e0 un corps accessible uniquement par liste d'aptitude."},"2":{"question":"Quand touche ton la prime Grenelle ?","answer":"La prime Grenelle est vers\u00e9e apr\u00e8s la r\u00e9alisation et la validation des travaux \u00e9ligibles, conform\u00e9ment aux conditions d\u00e9finies par le dispositif."},"3":{"question":"Comment se calcule la prime Grenelle ?","answer":"La prime Grenelle est calcul\u00e9e en fonction des travaux de r\u00e9novation \u00e9nerg\u00e9tique r\u00e9alis\u00e9s et valid\u00e9s, suivant un bar\u00e8me d\u00e9fini pour chaque type de travaux \u00e9ligibles."},"4":{"question":"Pourquoi je n'ai pas touch\u00e9 la prime ?","answer":"Le versement n'est pas automatique pour tous les enfants \u00e2g\u00e9s de 16 ans ou plus, qui ont donc d\u00e9pass\u00e9 l'\u00e2ge d'obligatoire scolaire. "},"5":{"question":"Quels enseignants auront la prime ?","answer":"Environ 500.000 enseignants auront en moyenne 380 euros\" et \"230.000 autres personnels\", notamment les accompagnants d'\u00e9l\u00e8ves en situation de handicap (AESH), percevront en moyenne 500 euros. "},"6":{"question":"Qui a droit \u00e0 la prime inflation 200 \u20ac ?","answer":"Les personnes dont les revenus d'activit\u00e9 ou de remplacement sont inf\u00e9rieurs \u00e0 2 000 \u20ac nets par mois."},"7":{"question":"","answer":""},"8":{"question":"","answer":""},"9":{"question":"","answer":""},"10":{"question":"","answer":""},"11":{"question":"","answer":""},"12":{"question":"","answer":""},"13":{"question":"","answer":""},"14":{"question":"","answer":""},"15":{"question":"","answer":""},"16":{"question":"","answer":""}}},"_links":{"self":[{"href":"https:\/\/www.mes-allocs.fr\/guides\/wp-json\/wp\/v2\/posts\/71138","targetHints":{"allow":["GET"]}}],"collection":[{"href":"https:\/\/www.mes-allocs.fr\/guides\/wp-json\/wp\/v2\/posts"}],"about":[{"href":"https:\/\/www.mes-allocs.fr\/guides\/wp-json\/wp\/v2\/types\/post"}],"author":[{"embeddable":true,"href":"https:\/\/www.mes-allocs.fr\/guides\/wp-json\/wp\/v2\/users\/26"}],"replies":[{"embeddable":true,"href":"https:\/\/www.mes-allocs.fr\/guides\/wp-json\/wp\/v2\/comments?post=71138"}],"version-history":[{"count":21,"href":"https:\/\/www.mes-allocs.fr\/guides\/wp-json\/wp\/v2\/posts\/71138\/revisions"}],"predecessor-version":[{"id":111201,"href":"https:\/\/www.mes-allocs.fr\/guides\/wp-json\/wp\/v2\/posts\/71138\/revisions\/111201"}],"wp:featuredmedia":[{"embeddable":true,"href":"https:\/\/www.mes-allocs.fr\/guides\/wp-json\/wp\/v2\/media\/71139"}],"wp:attachment":[{"href":"https:\/\/www.mes-allocs.fr\/guides\/wp-json\/wp\/v2\/media?parent=71138"}],"wp:term":[{"taxonomy":"category","embeddable":true,"href":"https:\/\/www.mes-allocs.fr\/guides\/wp-json\/wp\/v2\/categories?post=71138"},{"taxonomy":"post_tag","embeddable":true,"href":"https:\/\/www.mes-allocs.fr\/guides\/wp-json\/wp\/v2\/tags?post=71138"}],"curies":[{"name":"wp","href":"https:\/\/api.w.org\/{rel}","templated":true}]}}