{"id":71109,"date":"2023-11-21T15:35:36","date_gmt":"2023-11-21T13:35:36","guid":{"rendered":"https:\/\/www.mes-allocs.fr\/guides\/?p=71109"},"modified":"2026-04-09T15:41:34","modified_gmt":"2026-04-09T14:41:34","slug":"invalidite-categorie-2","status":"publish","type":"post","link":"https:\/\/www.mes-allocs.fr\/guides\/pension-invalidite\/categorie-pension-invalidite\/invalidite-categorie-2\/","title":{"rendered":"Invalidit\u00e9 cat\u00e9gorie 2 : conditions, montant, d\u00e9marches en 2026"},"content":{"rendered":"<p><img loading=\"lazy\" decoding=\"async\" class=\"alignnone wp-image-71112 \" title=\"pension invalidite categorie\" src=\"https:\/\/www.mes-allocs.fr\/guides\/wp-content\/uploads\/2023\/11\/pension-invalidite-categorie-2-.2-e1700571412842.jpg\" alt=\"pension invalidite categorie\" width=\"1370\" height=\"349\" srcset=\"https:\/\/www.mes-allocs.fr\/guides\/wp-content\/uploads\/2023\/11\/pension-invalidite-categorie-2-.2-e1700571412842.jpg 1280w, https:\/\/www.mes-allocs.fr\/guides\/wp-content\/uploads\/2023\/11\/pension-invalidite-categorie-2-.2-e1700571412842-300x76.jpg 300w, https:\/\/www.mes-allocs.fr\/guides\/wp-content\/uploads\/2023\/11\/pension-invalidite-categorie-2-.2-e1700571412842-1024x261.jpg 1024w, https:\/\/www.mes-allocs.fr\/guides\/wp-content\/uploads\/2023\/11\/pension-invalidite-categorie-2-.2-e1700571412842-768x196.jpg 768w, https:\/\/www.mes-allocs.fr\/guides\/wp-content\/uploads\/2023\/11\/pension-invalidite-categorie-2-.2-e1700571412842-600x153.jpg 600w\" sizes=\"auto, (max-width: 1370px) 100vw, 1370px\" \/><\/p>\n<p>[Mis \u00e0 jour le 09\/04\/2026] Il existe plusieurs <a href=\"https:\/\/www.mes-allocs.fr\/guides\/pension-invalidite\/categorie-pension-invalidite\/\">cat\u00e9gories de pension d\u2019invalidit\u00e9<\/a> pour soutenir financi\u00e8rement les individus pr\u00e9sentant des incapacit\u00e9s fonctionnelles importantes, r\u00e9partis selon la gravit\u00e9 de leur handicap. Cette aide est octroy\u00e9e sous certaines conditions m\u00e9dicales et administratives sp\u00e9cifiques. D\u00e9couvrez quelles sont les conditions et les d\u00e9marches pour percevoir <b>la pension d\u2019invalidit\u00e9 de cat\u00e9gorie 2<\/b>.<\/p>\n<div class='cta-block'><div class='text'>Simulez toutes vos aides en 2 min.<\/div><a href='https:\/\/www.mes-allocs.fr\/ab-app?origin=guides\/wp-json\/wp\/v2\/posts\/71109' class='app-button fit'>Simulation gratuite<\/a><\/div>\n<h1>Qu\u2019est-ce que l\u2019invalidit\u00e9 de cat\u00e9gorie 2 ?<\/h1>\n<h2>Pr\u00e9sentation de l\u2019invalidit\u00e9 de cat\u00e9gorie 2<\/h2>\n<p>En France, l\u2019invalidit\u00e9 de cat\u00e9gorie 2 est un statut reconnu par la S\u00e9curit\u00e9 sociale pour les personnes dont la capacit\u00e9 de travail ou de gain est <b>r\u00e9duite d\u2019au moins deux tiers, soit 66 %<\/b> \u00e0 la suite d\u2019une maladie ou d\u2019un accident d\u2019origine non professionnelle. Cette cat\u00e9gorie de pension d\u2019invalidit\u00e9 correspond \u00e0 une situation o\u00f9 vous \u00eates consid\u00e9r\u00e9 comme absolument incapable d\u2019exercer une quelconque activit\u00e9 professionnelle, mais vous pouvez encore accomplir les actes ordinaires de la vie quotidienne sans avoir besoin d\u2019une aide permanente.<\/p>\n<h2>Peut-on travailler en invalidit\u00e9 cat\u00e9gorie 2 ?<\/h2>\n<p><b>Oui et non<\/b> : par d\u00e9finition, vous n\u2019\u00eates pas en capacit\u00e9 de travailler si vous \u00eates en invalidit\u00e9 de cat\u00e9gorie 2. Mais ce n\u2019est pas une interdiction de travailler. <b>Seul le m\u00e9decin du travail peut se prononcer sur votre inaptitude au travail<\/b> et non le m\u00e9decin conseil de la CPAM qui affirme votre invalidit\u00e9. Si votre condition le permet, vous pouvez reprendre le travail dans votre entreprise mais <b>\u00e0 temps r\u00e9duit<\/b>.<\/p>\n<h2>Quelles sont les maladies reconnues en invalidit\u00e9 cat\u00e9gorie 2 ?<\/h2>\n<p>Les maladies reconnues en invalidit\u00e9 cat\u00e9gorie 2 regroupent entre autres le diab\u00e8te, les maladies cardiovasculaires, le cancer, le VIH\/sida et l\u2019insuffisance r\u00e9nale. Ainsi, il n\u2019est pas question uniquement de handicaps ou de maladies moteur quand on parle d\u2019invalidit\u00e9. Les maladies chroniques sont \u00e9galement \u00e0 prendre en compte.<\/p>\n<h1>Quelles diff\u00e9rences avec l\u2019invalidit\u00e9 1 et 3 ?<\/h1>\n<p>L\u2019invalidit\u00e9 de cat\u00e9gorie 2 se distingue des autres cat\u00e9gories d\u2019invalidit\u00e9 principalement par le degr\u00e9 de perte de capacit\u00e9 de travail et le besoin d\u2019assistance :<\/p>\n<ul>\n<li aria-level=\"1\"><b>Cat\u00e9gorie 1 :\u00a0<\/b><a href=\"https:\/\/www.mes-allocs.fr\/guides\/pension-invalidite\/categorie-pension-invalidite\/invalidite-categorie-1\/\">l\u2019invalidit\u00e9 de cat\u00e9gorie 1<\/a> concerne les personnes qui ont perdu une partie significative de leur capacit\u00e9 de travail (au moins deux tiers), mais qui sont capables d\u2019accomplir seules les actes essentiels de la vie quotidienne. Ces personnes peuvent exercer une activit\u00e9 professionnelle adapt\u00e9e \u00e0 leurs capacit\u00e9s restantes, m\u00eame si leur revenu a diminu\u00e9.<\/li>\n<li aria-level=\"1\"><b>Cat\u00e9gorie 3 :\u00a0<\/b><a href=\"https:\/\/www.mes-allocs.fr\/guides\/pension-invalidite\/categorie-pension-invalidite\/invalidite-categorie-3\/\">l\u2019invalidit\u00e9 de cat\u00e9gorie 3<\/a> est g\u00e9n\u00e9ralement r\u00e9serv\u00e9e aux personnes dont l\u2019\u00e9tat de sant\u00e9 est encore plus grave, souvent au point qu\u2019elles n\u00e9cessitent une assistance permanente pour accomplir toutes les t\u00e2ches quotidiennes. Les personnes dans cette cat\u00e9gorie peuvent avoir besoin d\u2019une aide constante et d\u2019une surveillance m\u00e9dicale continue.<\/li>\n<\/ul>\n<h1>Quelles sont les conditions pour \u00eatre en invalidit\u00e9 de cat\u00e9gorie 2 ?<\/h1>\n<h2>Les conditions pour \u00eatre reconnu invalide de cat\u00e9gorie 2<\/h2>\n<p>Votre capacit\u00e9 de travail doit \u00eatre r\u00e9duite d\u2019au moins \u2154 minimum pour \u00eatre reconnu invalide de cat\u00e9gorie 2. De plus, un m\u00e9decin de la CPAM doit <b>reconna\u00eetre votre invalidit\u00e9<\/b>.<\/p>\n<h2>Les conditions \u00e0 remplir pour percevoir une pension d&rsquo;invalidit\u00e9<\/h2>\n<p>Pour percevoir la pension d\u2019invalidit\u00e9, vous devez donc avoir \u00e9t\u00e9 reconnu comme \u00e9tant invalide (condition valable pour toutes les cat\u00e9gories) et <b>\u00eatre affili\u00e9 \u00e0 la S\u00e9curit\u00e9 sociale depuis au moins 12 mois<\/b> avant votre demande de reconnaissance.<\/p>\n<p>En plus, sur ces 12 mois pr\u00e9c\u00e9dents, vous devez justifier soit de 600 heures de travail salari\u00e9, soit des cotisations sur un salaire \u00e9quivalent \u00e0 2 030 fois le SMIC horaire (soit 12,02 \u20ac en 2026).<\/p>\n<p>Pour b\u00e9n\u00e9ficier de la pension d\u2019invalidit\u00e9, vous devez \u00e9galement<b> avoir moins de 62 ans<\/b> (correspondant \u00e0 l\u2019\u00e2ge de la retraite).<\/p>\n<div class='cta-block'><div class='text'>Simulez toutes vos aides en 2 min.<\/div><a href='https:\/\/www.mes-allocs.fr\/ab-app?origin=guides\/wp-json\/wp\/v2\/posts\/71109' class='app-button fit'>Simulation gratuite<\/a><\/div>\n<h1>Invalidit\u00e9 de cat\u00e9gorie 2 : quel est le montant de la pension ?<\/h1>\n<h2>Comment est calcul\u00e9 le montant de la pension ?<\/h2>\n<p>Si vous \u00eates en invalidit\u00e9 de cat\u00e9gorie 2, vous pouvez b\u00e9n\u00e9ficier d\u2019une pension d\u2019invalidit\u00e9 de <b>335,29 \u20ac minimum et de 1 962,50 \u20ac maximum<\/b>. Le montant de la pension d\u2019invalidit\u00e9 est calcul\u00e9 par la CPAM \u00e0 partir du <b>salaire annuel moyen (SAM) de vos 10 meilleures ann\u00e9es de travail<\/b>, dans la limite du plafond de la S\u00e9curit\u00e9 sociale. Le SAM est ensuite divis\u00e9 par 12 pour pour le mensualiser. Votre pension d\u2019invalidit\u00e9 par mois \u00e9quivaut \u00e0 <b>50% de votre revenu annuel moyen<\/b>.<\/p>\n<div class='shortcode tips'><div class='title'>Exemple<\/div><div class='content'>L\u00e9o est reconnu en invalidit\u00e9 de cat\u00e9gorie 2 et voit sa pension calcul\u00e9e par la CPAM \u00e0 partir de son salaire annuel moyen (SAM), \u00e9tabli sur ses 10 meilleures ann\u00e9es de travail ; son SAM s\u2019\u00e9l\u00e8ve \u00e0 <b>36 000 \u20ac par an<\/b>, soit <b>3 000 \u20ac par mois<\/b>. Sa pension d\u2019invalidit\u00e9 correspond \u00e0 50 % de ce revenu annuel moyen, soit 18 000 \u20ac par an, ce qui repr\u00e9sente une<b> pension mensuelle de 1 500 \u20ac<\/b>.<\/div><\/div>\n<h2>Quelle diff\u00e9rence avec le montant en cat\u00e9gorie 1 et 3 ?<\/h2>\n\n<div class=\"wpdt-c row wpDataTableContainerSimpleTable wpDataTables wpDataTablesWrapper\n\"\n    >\n    <table id=\"wpdtSimpleTable-481\"\n           class=\"wpdtSimpleTable wpDataTable\"\n           data-column=\"3\"\n           data-rows=\"4\"\n           data-wpID=\"481\"\n           data-responsive=\"0\"\n           data-has-header=\"1\">\n\n                    <thead>        <tr class=\"wpdt-cell-row \" >\n                            <th class=\"wpdt-cell wpdt-bc-F3F9FE wpdt-bold\"\n                                    data-cell-id=\"A1\"\n                data-col-index=\"0\"\n                data-row-index=\"0\"\n                style=\" width:33.062880324544%;                padding:10px;\"\n                >\n                                Cat\u00e9gorie d'invalidit\u00e9                <\/th>\n                                            <th class=\"wpdt-cell wpdt-bc-F3F9FE wpdt-bold\"\n                                    data-cell-id=\"B1\"\n                data-col-index=\"1\"\n                data-row-index=\"0\"\n                style=\" width:36.511156186613%;                padding:10px;\"\n                >\n                                % du salaire annuel moyen                <\/th>\n                                            <th class=\"wpdt-cell wpdt-bc-F3F9FE wpdt-bold\"\n                                    data-cell-id=\"C1\"\n                data-col-index=\"2\"\n                data-row-index=\"0\"\n                style=\" width:30.425963488844%;                padding:10px;\"\n                >\n                                Montant mensuel minimum et maximum                <\/th>\n                                        <\/tr>\n                    <tbody>        <tr class=\"wpdt-cell-row \" >\n                            <td class=\"wpdt-cell \"\n                                    data-cell-id=\"A2\"\n                data-col-index=\"0\"\n                data-row-index=\"1\"\n                style=\"                padding:10px;\"\n                >\n                                1                <\/td>\n                                            <td class=\"wpdt-cell \"\n                                    data-cell-id=\"B2\"\n                data-col-index=\"1\"\n                data-row-index=\"1\"\n                style=\"                padding:10px;\"\n                >\n                                30 %                <\/td>\n                                            <td class=\"wpdt-cell \"\n                                    data-cell-id=\"C2\"\n                data-col-index=\"2\"\n                data-row-index=\"1\"\n                style=\"                padding:10px;\"\n                >\n                                De 335,29 \u20ac \u00e0 1 177,50 \u20ac                <\/td>\n                                        <\/tr>\n                            <tr class=\"wpdt-cell-row \" >\n                            <td class=\"wpdt-cell \"\n                                    data-cell-id=\"A3\"\n                data-col-index=\"0\"\n                data-row-index=\"2\"\n                style=\"                padding:10px;\"\n                >\n                                2                <\/td>\n                                            <td class=\"wpdt-cell \"\n                                    data-cell-id=\"B3\"\n                data-col-index=\"1\"\n                data-row-index=\"2\"\n                style=\"                padding:10px;\"\n                >\n                                50 %                <\/td>\n                                            <td class=\"wpdt-cell \"\n                                    data-cell-id=\"C3\"\n                data-col-index=\"2\"\n                data-row-index=\"2\"\n                style=\"                padding:10px;\"\n                >\n                                De 335,29 \u20ac \u00e0 1 962,50 \u20ac                <\/td>\n                                        <\/tr>\n                            <tr class=\"wpdt-cell-row \" >\n                            <td class=\"wpdt-cell \"\n                                    data-cell-id=\"A4\"\n                data-col-index=\"0\"\n                data-row-index=\"3\"\n                style=\"                padding:10px;\"\n                >\n                                3                <\/td>\n                                            <td class=\"wpdt-cell \"\n                                    data-cell-id=\"B4\"\n                data-col-index=\"1\"\n                data-row-index=\"3\"\n                style=\"                padding:10px;\"\n                >\n                                50 % + la majoration pour tierce personne                <\/td>\n                                            <td class=\"wpdt-cell \"\n                                    data-cell-id=\"C4\"\n                data-col-index=\"2\"\n                data-row-index=\"3\"\n                style=\"                padding:10px;\"\n                >\n                                De 1 623,42 \u20ac \u00e0 3 250,63 \u20ac                <\/td>\n                                        <\/tr>\n                    <\/table>\n<\/div><style id='wpdt-custom-style-481'>\ntable#wpdtSimpleTable-481{ table-layout: fixed !important; }\ntable#wpdtSimpleTable-481 td, table.wpdtSimpleTable481 th { white-space: normal !important; }\n.wpdt-bc-F3F9FE { background-color: #F3F9FE !important;}\n<\/style>\n\n<h1>Quelles sont les d\u00e9marches pour obtenir une pension d\u2019invalidit\u00e9 de cat\u00e9gorie 2 ?<\/h1>\n<h2>Etape 1 : Constituer votre dossier m\u00e9dical<\/h2>\n<p>Pour constituer un dossier m\u00e9dical en vue d\u2019obtenir une pension d\u2019invalidit\u00e9 de cat\u00e9gorie 2, vous aurez besoin du <b>certificat m\u00e9dicale Cerfa n\u00b015695*0<\/b> qui atteste de votre condition, de tous comptes-rendus m\u00e9dicaux r\u00e9cents (hospitalisations, consultations sp\u00e9cialis\u00e9es, examens) et des rapports param\u00e9dicaux pertinents prouvant votre autonomie pour les t\u00e2ches essentielles (vous nourrir et vous laver).<\/p>\n<h2>Etape 2 : Constituer votre dossier administratif<\/h2>\n<p>Du c\u00f4t\u00e9 administratif, vous devrez remplir le <b>formulaire Cerfa n\u00b011174*05<\/b> pour faire la demande de pension d\u2019invalidit\u00e9. Il vous faudra renseigner toutes les informations demand\u00e9es. Voici les pi\u00e8ces justificatives \u00e0 joindre avec votre demande :<\/p>\n<ul>\n<li aria-level=\"1\">Un <b>justificatif d&rsquo;identit\u00e9<\/b> (carte d\u2019identit\u00e9, passeport ou titre de s\u00e9jour si n\u00e9cessaire)<\/li>\n<li aria-level=\"1\">Votre <b>dernier avis d\u2019imposition<\/b> sur le revenu ou l\u2019avis de situation d\u00e9clarative<\/li>\n<li aria-level=\"1\">La <b>notification de rente<\/b> si vous touchez une rente li\u00e9e \u00e0 un accident du travail ou \u00e0 une maladie professionnelle<\/li>\n<\/ul>\n<p>Vous devrez alors envoyer le dossier complet par courrier recommand\u00e9 ou via espace Ameli \u00e0 votre CPAM. Le d\u00e9lai peut \u00eatre de <b>2 mois<\/b> pour recevoir la d\u00e9cision de la CPAM.<\/p>\n<h1>Combien de temps dure une invalidit\u00e9 de seconde cat\u00e9gorie ?<\/h1>\n<p>Une invalidit\u00e9 de seconde cat\u00e9gorie n\u2019a <b>pas de dur\u00e9e fixe<\/b>. Elle peut \u00eatre temporaire comme d\u00e9finitive en fonction de l\u2019\u00e9volution de votre \u00e9tat de sant\u00e9. Votre invalidit\u00e9 est reconnue tant que vous restez dans l\u2019\u00e9tat qui justifie votre classification dans cette cat\u00e9gorie. Il en va de m\u00eame pour votre pension d\u2019invalidit\u00e9 qui vous sera vers\u00e9e tant que votre situation n\u2019\u00e9volue pas (elle ne s\u2019arr\u00eatera qu\u2019\u00e0 votre d\u00e9part \u00e0 la retraite).<\/p>\n<h1>Pension d\u2019invalidit\u00e9 de cat\u00e9gorie 2 : quelles sont les aides cumulables ?<\/h1>\n<h2>Les aides de la CAF<\/h2>\n<p>Vous pouvez cumuler votre pension d\u2019invalidit\u00e9 de cat\u00e9gorie 2 avec de nombreuses aides comme <b>celles de la CAF<\/b> :<\/p>\n<ul>\n<li aria-level=\"1\">L\u2019Allocation aux adultes handicap\u00e9s (AAH)<\/li>\n<li aria-level=\"1\">Le Revenu de solidarit\u00e9 active (RSA)<\/li>\n<li aria-level=\"1\">Les aides aux logement<\/li>\n<li aria-level=\"1\">La prime d\u2019activit\u00e9 (\u00e0 condition de pouvoir travailler)<\/li>\n<\/ul>\n<p>Ces aides sont cumulables tant que vos ressources combin\u00e9es avec la pensions d\u2019invalidit\u00e9 restent <b>en dessous des plafonds fix\u00e9s par chaque aide<\/b>.<\/p>\n<h2>Les autres aides<\/h2>\n<p>En dehors des aides de la CAF, il y a \u00e9galement :<\/p>\n<ul>\n<li aria-level=\"1\">L&rsquo;Allocation suppl\u00e9mentaire d&rsquo;invalidit\u00e9 (ASI)<\/li>\n<li aria-level=\"1\">La prestation de compensation du handicap (PCH)<\/li>\n<li aria-level=\"1\">La reconnaissance de la qualit\u00e9 de travailleur handicap\u00e9 (RQTH)<\/li>\n<\/ul>\n<div class='shortcode summary'><div class='title'>En r\u00e9sum\u00e9 :<\/div><div class='content'><ul><li>L\u2019invalidit\u00e9 de cat\u00e9gorie 2 concerne ceux dont la capacit\u00e9 de travail est <b>r\u00e9duite d\u2019au moins deux tiers<\/b>, tout en restant autonome pour les gestes du quotidien.<\/li><li>La pension, calcul\u00e9e sur 50\u202f% du salaire moyen des 10 meilleures ann\u00e9es, varie <b>de 335,29 \u20ac \u00e0 1\u202f962,50 \u20ac par mois<\/b>.<\/li><li>Pour en b\u00e9n\u00e9ficier, il faut \u00eatre affili\u00e9 \u00e0 la S\u00e9curit\u00e9 sociale, justifier d\u2019une activit\u00e9 ou cotisations suffisantes, et avoir moins de 62 ans.<\/li><li>Elle peut \u00eatre <b>cumul\u00e9e avec certaines aides sociales<\/b> et dure selon l\u2019\u00e9volution de l\u2019\u00e9tat de sant\u00e9.<\/li><\/ul><\/div><\/div>\n<div class='cta-block'><div class='text'>Simulez toutes vos aides en 2 min.<\/div><a href='https:\/\/www.mes-allocs.fr\/ab-app?origin=guides\/wp-json\/wp\/v2\/posts\/71109' class='app-button fit'>Simulation gratuite<\/a><\/div>\n","protected":false},"excerpt":{"rendered":"<p>[Mis \u00e0 jour le 09\/04\/2026] Il existe plusieurs cat\u00e9gories de pension d\u2019invalidit\u00e9 pour soutenir financi\u00e8rement les individus pr\u00e9sentant des incapacit\u00e9s fonctionnelles importantes, r\u00e9partis selon la gravit\u00e9 de leur handicap. Cette aide est octroy\u00e9e sous certaines conditions m\u00e9dicales et administratives sp\u00e9cifiques. D\u00e9couvrez quelles sont les conditions et les d\u00e9marches pour percevoir la pension d\u2019invalidit\u00e9 de cat\u00e9gorie [&hellip;]<\/p>\n","protected":false},"author":26,"featured_media":71111,"comment_status":"closed","ping_status":"open","sticky":false,"template":"","format":"standard","meta":{"amp_status":"","footnotes":""},"categories":[35897,35633],"tags":[],"class_list":["post-71109","post","type-post","status-publish","format-standard","has-post-thumbnail","hentry","category-categorie-pension-invalidite","category-pension-invalidite"],"yoast_head":"<!-- This site is optimized with the Yoast SEO plugin v14.9 - https:\/\/yoast.com\/wordpress\/plugins\/seo\/ -->\n<title>Invalidit\u00e9 cat\u00e9gorie 2 : conditions, montant, d\u00e9marches en 2026<\/title>\n<meta name=\"description\" content=\"En invalidit\u00e9 de cat\u00e9gorie 2, vous pouvez percevoir une pension. Mais sous quelles conditions ? Et combien chaque mois ? Explications.\" \/>\n<meta name=\"robots\" content=\"index, follow, max-snippet:-1, max-image-preview:large, max-video-preview:-1\" \/>\n<link rel=\"canonical\" href=\"https:\/\/www.mes-allocs.fr\/guides\/pension-invalidite\/categorie-pension-invalidite\/invalidite-categorie-2\/\" \/>\n<meta property=\"og:locale\" content=\"fr_FR\" \/>\n<meta property=\"og:type\" content=\"article\" \/>\n<meta property=\"og:title\" content=\"Invalidit\u00e9 cat\u00e9gorie 2 : conditions, montant, d\u00e9marches en 2026\" \/>\n<meta property=\"og:description\" content=\"En invalidit\u00e9 de cat\u00e9gorie 2, vous pouvez percevoir une pension. Mais sous quelles conditions ? Et combien chaque mois ? Explications.\" \/>\n<meta property=\"og:url\" content=\"https:\/\/www.mes-allocs.fr\/guides\/pension-invalidite\/categorie-pension-invalidite\/invalidite-categorie-2\/\" \/>\n<meta property=\"og:site_name\" content=\"Mes-Allocs.fr\" \/>\n<meta property=\"article:published_time\" content=\"2023-11-21T13:35:36+00:00\" \/>\n<meta property=\"article:modified_time\" content=\"2026-04-09T14:41:34+00:00\" \/>\n<meta property=\"og:image\" content=\"https:\/\/www.mes-allocs.fr\/guides\/wp-content\/uploads\/2023\/11\/pension-invalidite-categorie-2.jpg?wsr\" \/>\n\t<meta property=\"og:image:width\" content=\"1280\" \/>\n\t<meta property=\"og:image:height\" content=\"1280\" \/>\n<meta name=\"twitter:card\" content=\"summary_large_image\" \/>\n<script type=\"application\/ld+json\" class=\"yoast-schema-graph\">{\"@context\":\"https:\/\/schema.org\",\"@graph\":[{\"@type\":\"WebSite\",\"@id\":\"https:\/\/www.mes-allocs.fr\/guides\/#website\",\"url\":\"https:\/\/www.mes-allocs.fr\/guides\/\",\"name\":\"Mes-Allocs.fr\",\"description\":\"\",\"potentialAction\":[{\"@type\":\"SearchAction\",\"target\":\"https:\/\/www.mes-allocs.fr\/guides\/?s={search_term_string}\",\"query-input\":\"required name=search_term_string\"}],\"inLanguage\":\"fr-FR\"},{\"@type\":\"ImageObject\",\"@id\":\"https:\/\/www.mes-allocs.fr\/guides\/pension-invalidite\/categorie-pension-invalidite\/invalidite-categorie-2\/#primaryimage\",\"inLanguage\":\"fr-FR\",\"url\":\"https:\/\/www.mes-allocs.fr\/guides\/wp-content\/uploads\/2023\/11\/pension-invalidite-categorie-2.jpg?wsr\",\"width\":1280,\"height\":1280,\"caption\":\"pension invalidite categorie\"},{\"@type\":\"WebPage\",\"@id\":\"https:\/\/www.mes-allocs.fr\/guides\/pension-invalidite\/categorie-pension-invalidite\/invalidite-categorie-2\/#webpage\",\"url\":\"https:\/\/www.mes-allocs.fr\/guides\/pension-invalidite\/categorie-pension-invalidite\/invalidite-categorie-2\/\",\"name\":\"Invalidit\\u00e9 cat\\u00e9gorie 2 : conditions, montant, d\\u00e9marches en 2026\",\"isPartOf\":{\"@id\":\"https:\/\/www.mes-allocs.fr\/guides\/#website\"},\"primaryImageOfPage\":{\"@id\":\"https:\/\/www.mes-allocs.fr\/guides\/pension-invalidite\/categorie-pension-invalidite\/invalidite-categorie-2\/#primaryimage\"},\"datePublished\":\"2023-11-21T13:35:36+00:00\",\"dateModified\":\"2026-04-09T14:41:34+00:00\",\"author\":{\"@id\":\"https:\/\/www.mes-allocs.fr\/guides\/#\/schema\/person\/9c38f3be41a0ddcd1e3fde5a3df713bf\"},\"description\":\"En invalidit\\u00e9 de cat\\u00e9gorie 2, vous pouvez percevoir une pension. Mais sous quelles conditions ? Et combien chaque mois ? Explications.\",\"inLanguage\":\"fr-FR\"},{\"@type\":\"Person\",\"@id\":\"https:\/\/www.mes-allocs.fr\/guides\/#\/schema\/person\/9c38f3be41a0ddcd1e3fde5a3df713bf\",\"name\":\"Sessime Ananou\",\"image\":{\"@type\":\"ImageObject\",\"@id\":\"https:\/\/www.mes-allocs.fr\/guides\/#personlogo\",\"inLanguage\":\"fr-FR\",\"url\":\"https:\/\/www.mes-allocs.fr\/guides\/wp-content\/uploads\/2023\/08\/IMG_8173-150x150.jpg\",\"caption\":\"Sessime Ananou\"},\"description\":\"Sessime est r\\u00e9dactrice chez Mes Allocs, sp\\u00e9cialis\\u00e9e sur le pouvoir d'achat. Elle rejoint l'\\u00e9quipe Mes Allocs en ao\\u00fbt 2023 afin de simplifier l'acc\\u00e8s \\u00e0 l'information sur les aides en g\\u00e9n\\u00e9ral.\"}]}<\/script>\n<!-- \/ Yoast SEO plugin. -->","amp_validity":null,"acf":{"faq":{"1":{"question":"Quels sont les revenus pris en compte pour une pension d'invalidit\u00e9 ?","answer":"Les revenus prises en compte pour la pension d'invalidit\u00e9 sont les revenus non salari\u00e9s que vous avez d\u00e9clar\u00e9s dans l'avis d'imp\u00f4t de l'ann\u00e9e pr\u00e9c\u00e9dente."},"2":{"question":"Qui peut demander une invalidit\u00e9 cat\u00e9gorie 2 ?","answer":"Une invalidit\u00e9 de cat\u00e9gorie 2 peut \u00eatre demand\u00e9e par une personne dont la capacit\u00e9 de travail est r\u00e9duite d\u2019au moins deux tiers \u00e0 cause d\u2019une maladie ou d\u2019un accident non professionnel. Elle doit \u00eatre reconnue invalide par la S\u00e9curit\u00e9 sociale et avoir moins de 62 ans."},"3":{"question":"Est-il obligatoire de s'inscrire \u00e0 France Travail en invalidit\u00e9 2 ?","answer":"Non, la pension d'invalidit\u00e9 est vers\u00e9e ind\u00e9pendamment de l'inscription \u00e0 France Travail. Vous pouvez donc la percevoir m\u00eame si vous \u00eates demandeur d'emploi. "},"4":{"question":"Quelles sont les maladies reconnues en invalidit\u00e9 cat\u00e9gorie 2 ?","answer":"Les maladies reconnues en invalidit\u00e9 cat\u00e9gorie 2 incluent entre autres le diab\u00e8te, les maladies cardiovasculaires, le cancer, le VIH\/sida et l\u2019insuffisance r\u00e9nale. L\u2019invalidit\u00e9 peut concerner aussi bien des maladies chroniques que des handicaps moteurs."},"5":{"question":"Comment savoir si j'ai le droit \u00e0 une pension d'invalidit\u00e9 ?","answer":"Pour avoir droit \u00e0 une pension d\u2019invalidit\u00e9, vous devez \u00eatre reconnu invalide par un m\u00e9decin de la CPAM, \u00eatre affili\u00e9 \u00e0 la S\u00e9curit\u00e9 sociale depuis au moins 12 mois, justifier sur cette p\u00e9riode de 600 heures de travail salari\u00e9 ou de cotisations sur un salaire \u00e9quivalent \u00e0 2 030 fois le SMIC horaire, et avoir moins de 62 ans."},"6":{"question":"Quelle est la diff\u00e9rence entre une rente d'invalidit\u00e9 et une pension d'invalidit\u00e9 ?","answer":"Il n'y a pas de diff\u00e9rence entre une rente d'invalidit\u00e9 ou une pension d'invalidit\u00e9. Elles peuvent toutes les deux vous \u00eatre vers\u00e9e pour compenser une perte de revenus apr\u00e8s un accident ou une maladie d'origine non professionnelle. "},"7":{"question":"","answer":""},"8":{"question":"","answer":""},"9":{"question":"","answer":""},"10":{"question":"","answer":""},"11":{"question":"","answer":""},"12":{"question":"","answer":""},"13":{"question":"","answer":""},"14":{"question":"","answer":""},"15":{"question":"","answer":""},"16":{"question":"","answer":""}}},"_links":{"self":[{"href":"https:\/\/www.mes-allocs.fr\/guides\/wp-json\/wp\/v2\/posts\/71109","targetHints":{"allow":["GET"]}}],"collection":[{"href":"https:\/\/www.mes-allocs.fr\/guides\/wp-json\/wp\/v2\/posts"}],"about":[{"href":"https:\/\/www.mes-allocs.fr\/guides\/wp-json\/wp\/v2\/types\/post"}],"author":[{"embeddable":true,"href":"https:\/\/www.mes-allocs.fr\/guides\/wp-json\/wp\/v2\/users\/26"}],"replies":[{"embeddable":true,"href":"https:\/\/www.mes-allocs.fr\/guides\/wp-json\/wp\/v2\/comments?post=71109"}],"version-history":[{"count":22,"href":"https:\/\/www.mes-allocs.fr\/guides\/wp-json\/wp\/v2\/posts\/71109\/revisions"}],"predecessor-version":[{"id":111856,"href":"https:\/\/www.mes-allocs.fr\/guides\/wp-json\/wp\/v2\/posts\/71109\/revisions\/111856"}],"wp:featuredmedia":[{"embeddable":true,"href":"https:\/\/www.mes-allocs.fr\/guides\/wp-json\/wp\/v2\/media\/71111"}],"wp:attachment":[{"href":"https:\/\/www.mes-allocs.fr\/guides\/wp-json\/wp\/v2\/media?parent=71109"}],"wp:term":[{"taxonomy":"category","embeddable":true,"href":"https:\/\/www.mes-allocs.fr\/guides\/wp-json\/wp\/v2\/categories?post=71109"},{"taxonomy":"post_tag","embeddable":true,"href":"https:\/\/www.mes-allocs.fr\/guides\/wp-json\/wp\/v2\/tags?post=71109"}],"curies":[{"name":"wp","href":"https:\/\/api.w.org\/{rel}","templated":true}]}}